{"id":64944,"date":"2026-09-03T01:00:00","date_gmt":"2026-09-02T23:00:00","guid":{"rendered":"https:\/\/www.rassegnastampa-totustuus.it\/cattolica\/?p=64944"},"modified":"2026-09-01T14:44:33","modified_gmt":"2026-09-01T12:44:33","slug":"la-tratta-degli-schiavi-fu-anche-arabo-musulmana","status":"publish","type":"post","link":"https:\/\/www.rassegnastampa-totustuus.it\/cattolica\/la-tratta-degli-schiavi-fu-anche-arabo-musulmana\/","title":{"rendered":"La tratta degli schiavi fu anche arabo-musulmana"},"content":{"rendered":"\n<p class=\"has-text-align-center\"><a href=\"https:\/\/www.ilgiornale.it\/\"><strong>Il Giornale<\/strong> <\/a>31 Agosto 2026<\/p>\n\n\n\n<p><em>Le vittime dei mercanti islamici furono tra i 15 e i 17 milioni solo nell\u2019Africa subsahariana. I traffici di carne umana iniziarono prima e finirono dopo quelli occidentali. Ma pochi lo sanno<\/em><\/p>\n\n\n\n<p class=\"has-text-align-center\"><strong><a href=\"https:\/\/www.ilgiornale.it\/autore\/giorgio-ballario\/\">Giorgio Ballario<\/a><\/strong><\/p>\n\n\n<div class=\"wp-block-image\">\n<figure class=\"aligncenter size-full is-resized\"><a href=\"https:\/\/www.rassegnastampa-totustuus.it\/cattolica\/wp-content\/uploads\/2009\/03\/schiavi-1.jpg\"><img loading=\"lazy\" decoding=\"async\" width=\"331\" height=\"152\" src=\"https:\/\/www.rassegnastampa-totustuus.it\/cattolica\/wp-content\/uploads\/2009\/03\/schiavi-1.jpg\" alt=\"\" class=\"wp-image-41177\" style=\"width:470px;height:auto\" srcset=\"https:\/\/www.rassegnastampa-totustuus.it\/cattolica\/wp-content\/uploads\/2009\/03\/schiavi-1.jpg 331w, https:\/\/www.rassegnastampa-totustuus.it\/cattolica\/wp-content\/uploads\/2009\/03\/schiavi-1-300x138.jpg 300w\" sizes=\"auto, (max-width: 331px) 100vw, 331px\" \/><\/a><\/figure><\/div>\n\n\n<!--more-->\n\n\n\n<p>In un mondo parallelo <em>La capanna dello zio Tom<\/em>, anzich\u00e9 svolgersi nel Kentucky di met\u00e0 Ottocento, avrebbe potuto benissimo essere ambientata in Turchia, in Oman o in Egitto. Anche l\u00ec, infatti, sono stati deportati milioni di schiavi africani, vittime di una tratta di esseri umani che ancor oggi \u00e8 poco conosciuta. E ancor meno condannata. Eppure la tratta schiavista del mondo arabo \u00e8 stata assai pi\u00f9 duratura e crudele di quella atlantica, che pure ha portato milioni di giovani africani a diventare merce e a solcare l\u2019oceano in direzione del Nuovo Mondo colonizzato dagli anglosassoni, dai francesi, dagli spagnoli e dai portoghesi. I numeri parlano chiaro: la tratta atlantica dur\u00f2 quattro secoli (dal XVI al XIX) e provoc\u00f2 la deportazione di circa 10-12 milioni di persone, delle quali il 20 per cento mor\u00ec durante la navigazione.<\/p>\n\n\n\n<p>I negrieri arabi, invece, cominciarono a depredare i villaggi dell\u2019Africa Nera gi\u00e0 nel VII secolo dopo Cristo e continuarono il loro turpe commercio sino alla fine dell\u2019Ottocento, bench\u00e9 poi in certi Paesi lo schiavismo sia proseguito anche nel secolo successivo. Si pensi che in Etiopia a proibirlo fu il generale De Bono, nel 1935, dopo la conquista italiana dell\u2019Abissinia. E che l\u2019ultima nazione al mondo ad abolire per legge il possesso di schiavi \u00e8 stata la Mauritania nel 1980.<\/p>\n\n\n\n<p>Il bilancio di questo lunghissimo periodo conta fra 15 e 17 milioni di vittime soltanto nell\u2019Africa subsahariana, senza contare gli uomini e le donne presi prigionieri in Europa, nel Caucaso e sulle coste asiatiche dalle scorrerie dei pirati barbareschi. La cifra inoltre sarebbe sottostimata perch\u00e9 si riferisce soltanto agli schiavi effettivamente costretti a lavorare nei Paesi arabi, tralasciando quelli morti durante il trasporto attraverso il deserto.<\/p>\n\n\n\n<p>Eppure, come detto, la tratta schiavistica araba \u00e8 ancor oggi un fenomeno sconosciuto. A colmare questa lacuna ha provveduto l\u2019editore viterbese Massari, che nelle scorse settimane ha tradotto e pubblicato il saggio di uno studioso franco-senegalese, Tidiane N\u2019Diaye, dal titolo <em>La tratta arabo-musulmana<\/em>. <em>Tredici secoli di razzismo e stermini<\/em>. N\u2019Diaye, antropologo ed economista morto nel 2025, ha dedicato la sua esistenza a studiare la storia delle civilt\u00e0 africane nere e le conseguenze della loro diaspora nelle versioni afroamericana e afrocaraibica.<\/p>\n\n\n\n<p>Il titolo originale dell\u2019opera, uscita nel 2008 per Gallimard, era <em>Le G\u00e9nocide voil\u00e9<\/em> (Il genocidio velato), perch\u00e9 secondo l\u2019autore nel caso dello schiavismo arabo vennero utilizzati strumenti specifici per impedire la riproduzione degli africani deportati nel Magreb e nel Medio Oriente, come ad esempio la castrazione degli uomini e l\u2019aborto sistematico per le donne rimaste incinte. Quindi per cancellare le tracce di un popolo.<\/p>\n\n\n\n<p>La predazione di uomini da parte dei mercanti arabi era simile a quella degli europei, ma se possibile ancor pi\u00f9 violenta e crudele. Oltre ad appoggiarsi a sovrani e capotrib\u00f9 locali, che vendevano i propri sudditi in cambio di merci (per farsi un\u2019idea pu\u00f2 servire leggere il bel romanzo di Bruce Chatwin <em>Il vicer\u00e8 di Ouidah<\/em>), in altri casi i predoni calati dal Magreb circondavano di notte i villaggi, eliminavano le sentinelle, massacravano gli anziani e imprigionavano i pi\u00f9 giovani, sia maschi che femmine.<\/p>\n\n\n\n<p>Una di queste scorribande \u00e8 stata descritta a fine Ottocento dall\u2019esploratore tedesco Gustav Nachtigal: visitando il lago Tanganica si era imbattuto in una distesa di cadaveri insepolti, dei quali chiese conto a uno dei mercanti arabi della zona. La risposta fu agghiacciante: \u00abUn tempo eravamo abituati a gettare qui i cadaveri dei nostri schiavi morti e ogni notte le iene venivano a portarli via: ma quest\u2019anno, il numero dei morti \u00e8 stato cos\u00ec grande che gli animali non bastano pi\u00f9 a divorarli. Si sono disgustati della carne umana\u00bb.<\/p>\n\n\n\n<p>I racconti dei viaggiatori occidentali come Nachtigal, Livingstone e Stanley servirono se non altro a fare pressione su governi dei Paesi arabi che poco alla volta, obtorto collo, cominciarono a proibire la schiavit\u00f9: in Egitto il Chedivato abol\u00ec la tratta nel 1877 ma il fenomeno scomparve solo agli inizi del Novecento, cos\u00ec come in Turchia, con l\u2019avvento della repubblica di Kemal Ataturk; mentre in Marocco la schiavit\u00f9 fu gradualmente sradicata durante il periodo del protettorato francese e spagnolo, con la chiusura dei mercati degli schiavi nei primi anni Venti e leggi specifiche introdotte nel 1925.<\/p>\n\n\n\n<p>Nel suo libro N\u2019Diaye mette direttamente in relazione la tratta con l\u2019avanzata dell\u2019islam, dato che il Corano ammette la schiavit\u00f9 di persone non musulmane pur indicando tra i doveri del buon fedele la liberazione degli schiavi. L\u2019autore condanna anche senza mezzi termini il silenzio degli intellettuali arabi su questo fenomeno storico, una posizione che gli ha procurato critiche e accuse di islamofobia e razzismo anti-musulmano.<\/p>\n\n\n\n<p><strong>Leggi anche<\/strong>:<\/p>\n\n\n\n<p><a href=\"https:\/\/www.rassegnastampa-totustuus.it\/cattolica\/lislam-e-la-tratta-degli-schiavi-neri\/\">L\u2019islam e la tratta degli schiavi neri<\/a><\/p>\n\n\n\n<p><a href=\"https:\/\/www.rassegnastampa-totustuus.it\/cattolica\/lnel-mondo-ci-sono-ancora-50-milioni-di-schiavi\/\">Nel mondo ci sono ancora 50 milioni di schiavi<\/a><\/p>\n","protected":false},"excerpt":{"rendered":"<p>Il Giornale 31 Agosto 2026 Le vittime dei mercanti islamici furono tra i 15 e i 17 milioni solo nell\u2019Africa subsahariana. I traffici di carne umana iniziarono prima e finirono dopo quelli occidentali. Ma pochi lo sanno Giorgio Ballario<\/p><p><a class=\"more-link btn\" href=\"https:\/\/www.rassegnastampa-totustuus.it\/cattolica\/la-tratta-degli-schiavi-fu-anche-arabo-musulmana\/\">Continua a leggere<\/a><\/p>\n","protected":false},"author":6,"featured_media":41177,"comment_status":"closed","ping_status":"closed","sticky":false,"template":"","format":"standard","meta":{"footnotes":""},"categories":[39,16],"tags":[944,1403],"class_list":["post-64944","post","type-post","status-publish","format-standard","has-post-thumbnail","hentry","category-africa","category-islam","tag-schiavismo","tag-schiavitu","item-wrap"],"yoast_head":"<!-- This site is optimized with the Yoast SEO plugin v28.2 - https:\/\/yoast.com\/product\/yoast-seo-wordpress\/ -->\n<title>La tratta degli schiavi fu anche arabo-musulmana - Rassegna Stampa Cattolica<\/title>\n<meta name=\"description\" content=\"La tratta degli schiavi fu anche arabo-musulmana. I traffici di iniziarono prima e finirono dopo quelli occidentali. Ma pochi lo sanno\" \/>\n<meta name=\"robots\" content=\"index, follow, max-snippet:-1, max-image-preview:large, max-video-preview:-1\" \/>\n<link rel=\"canonical\" href=\"https:\/\/www.rassegnastampa-totustuus.it\/cattolica\/la-tratta-degli-schiavi-fu-anche-arabo-musulmana\/\" \/>\n<meta property=\"og:locale\" content=\"it_IT\" \/>\n<meta property=\"og:type\" content=\"article\" \/>\n<meta property=\"og:title\" content=\"La tratta degli schiavi fu anche arabo-musulmana - Rassegna Stampa Cattolica\" \/>\n<meta property=\"og:description\" content=\"La tratta degli schiavi fu anche arabo-musulmana. I traffici di iniziarono prima e finirono dopo quelli occidentali. Ma pochi lo sanno\" \/>\n<meta property=\"og:url\" content=\"https:\/\/www.rassegnastampa-totustuus.it\/cattolica\/la-tratta-degli-schiavi-fu-anche-arabo-musulmana\/\" \/>\n<meta property=\"og:site_name\" content=\"Rassegna Stampa Cattolica\" \/>\n<meta property=\"article:publisher\" content=\"https:\/\/www.facebook.com\/rassegnastampacattolica\" \/>\n<meta property=\"article:published_time\" content=\"2026-09-02T23:00:00+00:00\" \/>\n<meta property=\"og:image\" content=\"https:\/\/www.rassegnastampa-totustuus.it\/cattolica\/wp-content\/uploads\/2009\/03\/schiavi-1.jpg\" \/>\n\t<meta property=\"og:image:width\" content=\"331\" \/>\n\t<meta property=\"og:image:height\" content=\"152\" \/>\n\t<meta property=\"og:image:type\" content=\"image\/jpeg\" \/>\n<meta name=\"author\" content=\"Redazione\" \/>\n<meta name=\"twitter:card\" content=\"summary_large_image\" \/>\n<meta name=\"twitter:creator\" content=\"@rassegnastampa9\" \/>\n<meta name=\"twitter:site\" content=\"@rassegnastampa9\" \/>\n<meta name=\"twitter:label1\" content=\"Scritto da\" \/>\n\t<meta name=\"twitter:data1\" content=\"Redazione\" \/>\n\t<meta name=\"twitter:label2\" content=\"Tempo di lettura stimato\" \/>\n\t<meta name=\"twitter:data2\" content=\"5 minuti\" \/>\n<script type=\"application\/ld+json\" class=\"yoast-schema-graph\">{\"@context\":\"https:\\\/\\\/schema.org\",\"@graph\":[{\"@type\":\"Article\",\"@id\":\"https:\\\/\\\/www.rassegnastampa-totustuus.it\\\/cattolica\\\/la-tratta-degli-schiavi-fu-anche-arabo-musulmana\\\/#article\",\"isPartOf\":{\"@id\":\"https:\\\/\\\/www.rassegnastampa-totustuus.it\\\/cattolica\\\/la-tratta-degli-schiavi-fu-anche-arabo-musulmana\\\/\"},\"author\":{\"name\":\"Redazione\",\"@id\":\"https:\\\/\\\/www.rassegnastampa-totustuus.it\\\/cattolica\\\/#\\\/schema\\\/person\\\/08f319d2bd1a0904ad9e2bfb7b15e5c3\"},\"headline\":\"La tratta degli schiavi fu anche arabo-musulmana\",\"datePublished\":\"2026-09-02T23:00:00+00:00\",\"mainEntityOfPage\":{\"@id\":\"https:\\\/\\\/www.rassegnastampa-totustuus.it\\\/cattolica\\\/la-tratta-degli-schiavi-fu-anche-arabo-musulmana\\\/\"},\"wordCount\":824,\"publisher\":{\"@id\":\"https:\\\/\\\/www.rassegnastampa-totustuus.it\\\/cattolica\\\/#organization\"},\"image\":{\"@id\":\"https:\\\/\\\/www.rassegnastampa-totustuus.it\\\/cattolica\\\/la-tratta-degli-schiavi-fu-anche-arabo-musulmana\\\/#primaryimage\"},\"thumbnailUrl\":\"https:\\\/\\\/www.rassegnastampa-totustuus.it\\\/cattolica\\\/wp-content\\\/uploads\\\/2009\\\/03\\\/schiavi-1.jpg\",\"keywords\":[\"schiavismo\",\"schiavit\u00f9\"],\"articleSection\":[\"Africa\",\"Islam\"],\"inLanguage\":\"it-IT\"},{\"@type\":\"WebPage\",\"@id\":\"https:\\\/\\\/www.rassegnastampa-totustuus.it\\\/cattolica\\\/la-tratta-degli-schiavi-fu-anche-arabo-musulmana\\\/\",\"url\":\"https:\\\/\\\/www.rassegnastampa-totustuus.it\\\/cattolica\\\/la-tratta-degli-schiavi-fu-anche-arabo-musulmana\\\/\",\"name\":\"La tratta degli schiavi fu anche arabo-musulmana - Rassegna Stampa Cattolica\",\"isPartOf\":{\"@id\":\"https:\\\/\\\/www.rassegnastampa-totustuus.it\\\/cattolica\\\/#website\"},\"primaryImageOfPage\":{\"@id\":\"https:\\\/\\\/www.rassegnastampa-totustuus.it\\\/cattolica\\\/la-tratta-degli-schiavi-fu-anche-arabo-musulmana\\\/#primaryimage\"},\"image\":{\"@id\":\"https:\\\/\\\/www.rassegnastampa-totustuus.it\\\/cattolica\\\/la-tratta-degli-schiavi-fu-anche-arabo-musulmana\\\/#primaryimage\"},\"thumbnailUrl\":\"https:\\\/\\\/www.rassegnastampa-totustuus.it\\\/cattolica\\\/wp-content\\\/uploads\\\/2009\\\/03\\\/schiavi-1.jpg\",\"datePublished\":\"2026-09-02T23:00:00+00:00\",\"description\":\"La tratta degli schiavi fu anche arabo-musulmana. I traffici di iniziarono prima e finirono dopo quelli occidentali. Ma pochi lo sanno\",\"breadcrumb\":{\"@id\":\"https:\\\/\\\/www.rassegnastampa-totustuus.it\\\/cattolica\\\/la-tratta-degli-schiavi-fu-anche-arabo-musulmana\\\/#breadcrumb\"},\"inLanguage\":\"it-IT\",\"potentialAction\":[{\"@type\":\"ReadAction\",\"target\":[\"https:\\\/\\\/www.rassegnastampa-totustuus.it\\\/cattolica\\\/la-tratta-degli-schiavi-fu-anche-arabo-musulmana\\\/\"]}]},{\"@type\":\"ImageObject\",\"inLanguage\":\"it-IT\",\"@id\":\"https:\\\/\\\/www.rassegnastampa-totustuus.it\\\/cattolica\\\/la-tratta-degli-schiavi-fu-anche-arabo-musulmana\\\/#primaryimage\",\"url\":\"https:\\\/\\\/www.rassegnastampa-totustuus.it\\\/cattolica\\\/wp-content\\\/uploads\\\/2009\\\/03\\\/schiavi-1.jpg\",\"contentUrl\":\"https:\\\/\\\/www.rassegnastampa-totustuus.it\\\/cattolica\\\/wp-content\\\/uploads\\\/2009\\\/03\\\/schiavi-1.jpg\",\"width\":331,\"height\":152},{\"@type\":\"BreadcrumbList\",\"@id\":\"https:\\\/\\\/www.rassegnastampa-totustuus.it\\\/cattolica\\\/la-tratta-degli-schiavi-fu-anche-arabo-musulmana\\\/#breadcrumb\",\"itemListElement\":[{\"@type\":\"ListItem\",\"position\":1,\"name\":\"Home\",\"item\":\"https:\\\/\\\/www.rassegnastampa-totustuus.it\\\/cattolica\\\/\"},{\"@type\":\"ListItem\",\"position\":2,\"name\":\"La tratta degli schiavi fu anche arabo-musulmana\"}]},{\"@type\":\"WebSite\",\"@id\":\"https:\\\/\\\/www.rassegnastampa-totustuus.it\\\/cattolica\\\/#website\",\"url\":\"https:\\\/\\\/www.rassegnastampa-totustuus.it\\\/cattolica\\\/\",\"name\":\"Rassegna Stampa Cattolica\",\"description\":\"Per una cultura che nasce dalla Rivelazione cristiana in conformit\u00e0 alla tradizione e al Magistero della Chiesa in opposizione ad ogni relativismo e totalitarismo\",\"publisher\":{\"@id\":\"https:\\\/\\\/www.rassegnastampa-totustuus.it\\\/cattolica\\\/#organization\"},\"alternateName\":\"Rass. Cattolica\",\"potentialAction\":[{\"@type\":\"SearchAction\",\"target\":{\"@type\":\"EntryPoint\",\"urlTemplate\":\"https:\\\/\\\/www.rassegnastampa-totustuus.it\\\/cattolica\\\/?s={search_term_string}\"},\"query-input\":{\"@type\":\"PropertyValueSpecification\",\"valueRequired\":true,\"valueName\":\"search_term_string\"}}],\"inLanguage\":\"it-IT\"},{\"@type\":\"Organization\",\"@id\":\"https:\\\/\\\/www.rassegnastampa-totustuus.it\\\/cattolica\\\/#organization\",\"name\":\"Rassegna Stampa Cattolica\",\"url\":\"https:\\\/\\\/www.rassegnastampa-totustuus.it\\\/cattolica\\\/\",\"logo\":{\"@type\":\"ImageObject\",\"inLanguage\":\"it-IT\",\"@id\":\"https:\\\/\\\/www.rassegnastampa-totustuus.it\\\/cattolica\\\/#\\\/schema\\\/logo\\\/image\\\/\",\"url\":\"https:\\\/\\\/www.rassegnastampa-totustuus.it\\\/cattolica\\\/wp-content\\\/uploads\\\/2014\\\/04\\\/logo-rassegna1.gif\",\"contentUrl\":\"https:\\\/\\\/www.rassegnastampa-totustuus.it\\\/cattolica\\\/wp-content\\\/uploads\\\/2014\\\/04\\\/logo-rassegna1.gif\",\"width\":600,\"height\":163,\"caption\":\"Rassegna Stampa Cattolica\"},\"image\":{\"@id\":\"https:\\\/\\\/www.rassegnastampa-totustuus.it\\\/cattolica\\\/#\\\/schema\\\/logo\\\/image\\\/\"},\"sameAs\":[\"https:\\\/\\\/www.facebook.com\\\/rassegnastampacattolica\",\"https:\\\/\\\/x.com\\\/rassegnastampa9\"]},{\"@type\":\"Person\",\"@id\":\"https:\\\/\\\/www.rassegnastampa-totustuus.it\\\/cattolica\\\/#\\\/schema\\\/person\\\/08f319d2bd1a0904ad9e2bfb7b15e5c3\",\"name\":\"Redazione\",\"image\":{\"@type\":\"ImageObject\",\"inLanguage\":\"it-IT\",\"@id\":\"https:\\\/\\\/secure.gravatar.com\\\/avatar\\\/2fcdf27c78ea025fbdb44e914cc63c72249ffec9dc8aafd5c82b26240ef3f346?s=96&d=mm&r=g\",\"url\":\"https:\\\/\\\/secure.gravatar.com\\\/avatar\\\/2fcdf27c78ea025fbdb44e914cc63c72249ffec9dc8aafd5c82b26240ef3f346?s=96&d=mm&r=g\",\"contentUrl\":\"https:\\\/\\\/secure.gravatar.com\\\/avatar\\\/2fcdf27c78ea025fbdb44e914cc63c72249ffec9dc8aafd5c82b26240ef3f346?s=96&d=mm&r=g\",\"caption\":\"Redazione\"},\"url\":\"https:\\\/\\\/www.rassegnastampa-totustuus.it\\\/cattolica\\\/author\\\/pietroelle\\\/\"}]}<\/script>\n<!-- \/ Yoast SEO plugin. -->","yoast_head_json":{"title":"La tratta degli schiavi fu anche arabo-musulmana - Rassegna Stampa Cattolica","description":"La tratta degli schiavi fu anche arabo-musulmana. I traffici di iniziarono prima e finirono dopo quelli occidentali. Ma pochi lo sanno","robots":{"index":"index","follow":"follow","max-snippet":"max-snippet:-1","max-image-preview":"max-image-preview:large","max-video-preview":"max-video-preview:-1"},"canonical":"https:\/\/www.rassegnastampa-totustuus.it\/cattolica\/la-tratta-degli-schiavi-fu-anche-arabo-musulmana\/","og_locale":"it_IT","og_type":"article","og_title":"La tratta degli schiavi fu anche arabo-musulmana - Rassegna Stampa Cattolica","og_description":"La tratta degli schiavi fu anche arabo-musulmana. I traffici di iniziarono prima e finirono dopo quelli occidentali. Ma pochi lo sanno","og_url":"https:\/\/www.rassegnastampa-totustuus.it\/cattolica\/la-tratta-degli-schiavi-fu-anche-arabo-musulmana\/","og_site_name":"Rassegna Stampa Cattolica","article_publisher":"https:\/\/www.facebook.com\/rassegnastampacattolica","article_published_time":"2026-09-02T23:00:00+00:00","og_image":[{"width":331,"height":152,"url":"https:\/\/www.rassegnastampa-totustuus.it\/cattolica\/wp-content\/uploads\/2009\/03\/schiavi-1.jpg","type":"image\/jpeg"}],"author":"Redazione","twitter_card":"summary_large_image","twitter_creator":"@rassegnastampa9","twitter_site":"@rassegnastampa9","twitter_misc":{"Scritto da":"Redazione","Tempo di lettura stimato":"5 minuti"},"schema":{"@context":"https:\/\/schema.org","@graph":[{"@type":"Article","@id":"https:\/\/www.rassegnastampa-totustuus.it\/cattolica\/la-tratta-degli-schiavi-fu-anche-arabo-musulmana\/#article","isPartOf":{"@id":"https:\/\/www.rassegnastampa-totustuus.it\/cattolica\/la-tratta-degli-schiavi-fu-anche-arabo-musulmana\/"},"author":{"name":"Redazione","@id":"https:\/\/www.rassegnastampa-totustuus.it\/cattolica\/#\/schema\/person\/08f319d2bd1a0904ad9e2bfb7b15e5c3"},"headline":"La tratta degli schiavi fu anche arabo-musulmana","datePublished":"2026-09-02T23:00:00+00:00","mainEntityOfPage":{"@id":"https:\/\/www.rassegnastampa-totustuus.it\/cattolica\/la-tratta-degli-schiavi-fu-anche-arabo-musulmana\/"},"wordCount":824,"publisher":{"@id":"https:\/\/www.rassegnastampa-totustuus.it\/cattolica\/#organization"},"image":{"@id":"https:\/\/www.rassegnastampa-totustuus.it\/cattolica\/la-tratta-degli-schiavi-fu-anche-arabo-musulmana\/#primaryimage"},"thumbnailUrl":"https:\/\/www.rassegnastampa-totustuus.it\/cattolica\/wp-content\/uploads\/2009\/03\/schiavi-1.jpg","keywords":["schiavismo","schiavit\u00f9"],"articleSection":["Africa","Islam"],"inLanguage":"it-IT"},{"@type":"WebPage","@id":"https:\/\/www.rassegnastampa-totustuus.it\/cattolica\/la-tratta-degli-schiavi-fu-anche-arabo-musulmana\/","url":"https:\/\/www.rassegnastampa-totustuus.it\/cattolica\/la-tratta-degli-schiavi-fu-anche-arabo-musulmana\/","name":"La tratta degli schiavi fu anche arabo-musulmana - Rassegna Stampa Cattolica","isPartOf":{"@id":"https:\/\/www.rassegnastampa-totustuus.it\/cattolica\/#website"},"primaryImageOfPage":{"@id":"https:\/\/www.rassegnastampa-totustuus.it\/cattolica\/la-tratta-degli-schiavi-fu-anche-arabo-musulmana\/#primaryimage"},"image":{"@id":"https:\/\/www.rassegnastampa-totustuus.it\/cattolica\/la-tratta-degli-schiavi-fu-anche-arabo-musulmana\/#primaryimage"},"thumbnailUrl":"https:\/\/www.rassegnastampa-totustuus.it\/cattolica\/wp-content\/uploads\/2009\/03\/schiavi-1.jpg","datePublished":"2026-09-02T23:00:00+00:00","description":"La tratta degli schiavi fu anche arabo-musulmana. I traffici di iniziarono prima e finirono dopo quelli occidentali. Ma pochi lo sanno","breadcrumb":{"@id":"https:\/\/www.rassegnastampa-totustuus.it\/cattolica\/la-tratta-degli-schiavi-fu-anche-arabo-musulmana\/#breadcrumb"},"inLanguage":"it-IT","potentialAction":[{"@type":"ReadAction","target":["https:\/\/www.rassegnastampa-totustuus.it\/cattolica\/la-tratta-degli-schiavi-fu-anche-arabo-musulmana\/"]}]},{"@type":"ImageObject","inLanguage":"it-IT","@id":"https:\/\/www.rassegnastampa-totustuus.it\/cattolica\/la-tratta-degli-schiavi-fu-anche-arabo-musulmana\/#primaryimage","url":"https:\/\/www.rassegnastampa-totustuus.it\/cattolica\/wp-content\/uploads\/2009\/03\/schiavi-1.jpg","contentUrl":"https:\/\/www.rassegnastampa-totustuus.it\/cattolica\/wp-content\/uploads\/2009\/03\/schiavi-1.jpg","width":331,"height":152},{"@type":"BreadcrumbList","@id":"https:\/\/www.rassegnastampa-totustuus.it\/cattolica\/la-tratta-degli-schiavi-fu-anche-arabo-musulmana\/#breadcrumb","itemListElement":[{"@type":"ListItem","position":1,"name":"Home","item":"https:\/\/www.rassegnastampa-totustuus.it\/cattolica\/"},{"@type":"ListItem","position":2,"name":"La tratta degli schiavi fu anche arabo-musulmana"}]},{"@type":"WebSite","@id":"https:\/\/www.rassegnastampa-totustuus.it\/cattolica\/#website","url":"https:\/\/www.rassegnastampa-totustuus.it\/cattolica\/","name":"Rassegna Stampa Cattolica","description":"Per una cultura che nasce dalla Rivelazione cristiana in conformit\u00e0 alla tradizione e al Magistero della Chiesa in opposizione ad ogni relativismo e totalitarismo","publisher":{"@id":"https:\/\/www.rassegnastampa-totustuus.it\/cattolica\/#organization"},"alternateName":"Rass. Cattolica","potentialAction":[{"@type":"SearchAction","target":{"@type":"EntryPoint","urlTemplate":"https:\/\/www.rassegnastampa-totustuus.it\/cattolica\/?s={search_term_string}"},"query-input":{"@type":"PropertyValueSpecification","valueRequired":true,"valueName":"search_term_string"}}],"inLanguage":"it-IT"},{"@type":"Organization","@id":"https:\/\/www.rassegnastampa-totustuus.it\/cattolica\/#organization","name":"Rassegna Stampa Cattolica","url":"https:\/\/www.rassegnastampa-totustuus.it\/cattolica\/","logo":{"@type":"ImageObject","inLanguage":"it-IT","@id":"https:\/\/www.rassegnastampa-totustuus.it\/cattolica\/#\/schema\/logo\/image\/","url":"https:\/\/www.rassegnastampa-totustuus.it\/cattolica\/wp-content\/uploads\/2014\/04\/logo-rassegna1.gif","contentUrl":"https:\/\/www.rassegnastampa-totustuus.it\/cattolica\/wp-content\/uploads\/2014\/04\/logo-rassegna1.gif","width":600,"height":163,"caption":"Rassegna Stampa Cattolica"},"image":{"@id":"https:\/\/www.rassegnastampa-totustuus.it\/cattolica\/#\/schema\/logo\/image\/"},"sameAs":["https:\/\/www.facebook.com\/rassegnastampacattolica","https:\/\/x.com\/rassegnastampa9"]},{"@type":"Person","@id":"https:\/\/www.rassegnastampa-totustuus.it\/cattolica\/#\/schema\/person\/08f319d2bd1a0904ad9e2bfb7b15e5c3","name":"Redazione","image":{"@type":"ImageObject","inLanguage":"it-IT","@id":"https:\/\/secure.gravatar.com\/avatar\/2fcdf27c78ea025fbdb44e914cc63c72249ffec9dc8aafd5c82b26240ef3f346?s=96&d=mm&r=g","url":"https:\/\/secure.gravatar.com\/avatar\/2fcdf27c78ea025fbdb44e914cc63c72249ffec9dc8aafd5c82b26240ef3f346?s=96&d=mm&r=g","contentUrl":"https:\/\/secure.gravatar.com\/avatar\/2fcdf27c78ea025fbdb44e914cc63c72249ffec9dc8aafd5c82b26240ef3f346?s=96&d=mm&r=g","caption":"Redazione"},"url":"https:\/\/www.rassegnastampa-totustuus.it\/cattolica\/author\/pietroelle\/"}]}},"_links":{"self":[{"href":"https:\/\/www.rassegnastampa-totustuus.it\/cattolica\/wp-json\/wp\/v2\/posts\/64944","targetHints":{"allow":["GET"]}}],"collection":[{"href":"https:\/\/www.rassegnastampa-totustuus.it\/cattolica\/wp-json\/wp\/v2\/posts"}],"about":[{"href":"https:\/\/www.rassegnastampa-totustuus.it\/cattolica\/wp-json\/wp\/v2\/types\/post"}],"author":[{"embeddable":true,"href":"https:\/\/www.rassegnastampa-totustuus.it\/cattolica\/wp-json\/wp\/v2\/users\/6"}],"replies":[{"embeddable":true,"href":"https:\/\/www.rassegnastampa-totustuus.it\/cattolica\/wp-json\/wp\/v2\/comments?post=64944"}],"version-history":[{"count":1,"href":"https:\/\/www.rassegnastampa-totustuus.it\/cattolica\/wp-json\/wp\/v2\/posts\/64944\/revisions"}],"predecessor-version":[{"id":64945,"href":"https:\/\/www.rassegnastampa-totustuus.it\/cattolica\/wp-json\/wp\/v2\/posts\/64944\/revisions\/64945"}],"wp:featuredmedia":[{"embeddable":true,"href":"https:\/\/www.rassegnastampa-totustuus.it\/cattolica\/wp-json\/wp\/v2\/media\/41177"}],"wp:attachment":[{"href":"https:\/\/www.rassegnastampa-totustuus.it\/cattolica\/wp-json\/wp\/v2\/media?parent=64944"}],"wp:term":[{"taxonomy":"category","embeddable":true,"href":"https:\/\/www.rassegnastampa-totustuus.it\/cattolica\/wp-json\/wp\/v2\/categories?post=64944"},{"taxonomy":"post_tag","embeddable":true,"href":"https:\/\/www.rassegnastampa-totustuus.it\/cattolica\/wp-json\/wp\/v2\/tags?post=64944"}],"curies":[{"name":"wp","href":"https:\/\/api.w.org\/{rel}","templated":true}]}}