{"id":64565,"date":"2026-04-30T01:00:00","date_gmt":"2026-04-29T23:00:00","guid":{"rendered":"https:\/\/www.rassegnastampa-totustuus.it\/cattolica\/?p=64565"},"modified":"2026-04-28T16:45:59","modified_gmt":"2026-04-28T14:45:59","slug":"antonino-zichichi-1929-2026-il-fisico-che-uni-scienza-e-fede","status":"publish","type":"post","link":"https:\/\/www.rassegnastampa-totustuus.it\/cattolica\/antonino-zichichi-1929-2026-il-fisico-che-uni-scienza-e-fede\/","title":{"rendered":"Antonino Zichichi (1929-2026), il fisico che un\u00ec scienza e fede"},"content":{"rendered":"\n<p class=\"has-text-align-center\"><strong><a href=\"https:\/\/www.radicicristiane.it\/\" target=\"_blank\" rel=\"noreferrer noopener\">Radici Cristiane<\/a><\/strong> n. 193 marzo-aprile 2026<\/p>\n\n\n\n<p><em>Protagonista della fisica delle particelle e divulgatore instancabile Antonino Zichichi ha segnato la cultura scientifica contemporanea. Difensore del metodo galileiano e critico dello scientismo dominante, ha scritto i suoi ultimi articoli, nel 2024, per \u201c<\/em>Radici Cristiane<em>\u201d<\/em><\/p>\n\n\n\n<p class=\"has-text-align-center\">di <strong>Giuseppe Brienza<\/strong><\/p>\n\n\n<div class=\"wp-block-image\">\n<figure class=\"aligncenter size-full is-resized\"><a href=\"https:\/\/www.rassegnastampa-totustuus.it\/cattolica\/wp-content\/uploads\/2019\/10\/Zichichi.jpg\"><img loading=\"lazy\" decoding=\"async\" width=\"275\" height=\"183\" src=\"https:\/\/www.rassegnastampa-totustuus.it\/cattolica\/wp-content\/uploads\/2019\/10\/Zichichi.jpg\" alt=\"\" class=\"wp-image-44919\" style=\"width:375px;height:auto\"\/><\/a><\/figure><\/div>\n\n\n<!--more-->\n\n\n\n<p>\u00c8 morto il 9 febbraio 2026<a>, all\u2019et\u00e0 di 96 anni, <\/a>il fisico di fama internazionale Antonino Zichichi, protagonista della ricerca italiana nel campo delle particelle elementari, straordinario divulgatore e fra i maggiori artefici del dialogo tra scienza e fede.<\/p>\n\n\n\n<p>Nella sua attivit\u00e0 culturale e scientifica Zichichi ha sempre cercato di dimostrare le implicazioni ideologiche (<em>scientismo<\/em>) di alcune tesi, su tutte l\u2019evoluzionismo e il carattere <em>antropico<\/em> (cio\u00e8 dipendente dall\u2019uomo) dei cambiamenti climatici, che vanno per la maggiore nella pubblicistica contemporanea. L\u2019ha fatto ricorrendo ad una logica rigorosa (matematica) ed esigendo dai sostenitori delle tesi da lui contestate la riproducibilit\u00e0 delle accampate \u201cscoperte sperimentali\u201d. Nel far ci\u00f2 \u00e8 ricorso a quelli che sono, come noto, i due pilastri fondamentali del metodo scientifico: il rigore logico nella costruzione degli apparati sperimentali e la riproducibilit\u00e0 degli esperimenti.<\/p>\n\n\n\n<p>\u00ab<em>Ancora oggi<\/em> &#8211; ha ripetuto in tanti scritti e conferenze &#8211; <em>nei nostri laboratori \u00e8 questo il significato di un esperimento: porre una domanda a Colui che ha fatto il mondo e trarne le conseguenze dalla elaborazione matematica dei risultati sperimentali<\/em>\u00bb.<\/p>\n\n\n\n<p>I funerali del prof. Zichichi, come deciso dalla premier Giorgia Meloni e comunicato in apertura del Consiglio dei ministri dell\u201911 febbraio, si sono tenuti in forma solenne il 13 febbraio a Roma nella Basilica di Santa Maria degli Angeli e dei Martiri, alla presenza di autorit\u00e0 politiche e di rappresentanti di Istituzioni scientifiche nazionali e internazionali. Del resto il fisico siciliano ha ricevuto durante la sua lunga carriera riconoscimenti e lauree <em>honoris causa<\/em> in molti Paesi del mondo tra i quali Cina, Germania, Polonia, Stati Uniti, Argentina, Romania, Georgia e Ucraina.<\/p>\n\n\n\n<p>Meno apprezzato, invece, \u00e8 stato dagli scienziati (o sedicenti tali) legati alla \u00e9lite europeo-occidentale e laicista sia per la sua esplicita fede cattolica (dal 2000 \u00e8 stato membro attivo della <em>Pontificia Accademia delle Scienze<\/em>) sia per l\u2019anti-evoluzionismo sempre professato e scientificamente argomentato.<\/p>\n\n\n\n<h4 class=\"wp-block-heading has-text-align-center\"><strong>L\u2019ANTI-EVOLUZIONISMO<\/strong><\/h4>\n\n\n\n<p>Da quest\u2019ultimo punto di vista non gli \u00e8 stata mai perdonata la confutazione della base scientifica del darwinismo che ha connotato in particolare l\u2019ultima parte della sua carriera. Secondo Zichichi, infatti, sebbene l\u2019evoluzionismo biologico pretenda di essere considerato una scienza, dovremmo tutti chiederci:\u00ab<em>quali sono le prove concrete che lo sostengono? Nei laboratori di tutto il mondo, alcuni addirittura segreti, si cerca di rispondere a domande fondamentali come il passaggio dalla materia inerte alla materia vivente, ma le risposte definitive ancora non esistono. L\u2019evoluzionismo ci racconta di processi che richiedono milioni di anni, ma senza una base matematica rigorosa o esperimenti riproducibili, non possiamo considerarlo una scienza galileiana. Il vero rigore scientifico richiede prove tangibili, non solo parole. \u00c8 fondamentale per il progresso umano distinguere tra ci\u00f2 che \u00e8 scienza e ci\u00f2 che \u00e8 teoria non dimostrata<\/em>\u00bb.<\/p>\n\n\n\n<p>Un altro argomento \u201cforte\u201d contestato agli evoluzionisti \u00e8 stato quello delle innumerevoli caratteristiche comuni fra uomo e animale e, contestualmente, quello delle accampate analoghe caratteristiche che sarebbero rinvenibili in tutte le specie animali. \u00ab<em>Gli evoluzionisti <\/em>&#8211; ha scritto in proposito Zichichi in un articolo per <em>Radici Cristiane<\/em> &#8211; <em>affermano di sapere che l\u2019uomo \u00e8 certamente un animale come tanti altri. Cos\u00ec non \u00e8. La specie animale cui noi apparteniamo \u00e8 dotata di un privilegio unico: la Ragione. \u00c8 grazie a questo privilegio che siamo riusciti a inventare la memoria collettiva (scrittura), a scoprire la logica rigorosa (matematica), e a scoprire che non siamo figli del caos ma di una struttura logica formidabile<\/em>\u00bb (cfr. <em>L\u2019evoluzionismo non \u00e8 una scienza<\/em>, <em>Radici Cristiane<\/em>, anno XIX, n. 184, aprile-giugno 2024, pp. 8 e ss.).<\/p>\n\n\n\n<h4 class=\"wp-block-heading has-text-align-center\"><strong>SCIENZA E FEDE<\/strong><\/h4>\n\n\n\n<p>Promotore dei Laboratori Nazionali del Gran Sasso, avviati nel 1980, a Erice, in Sicilia, Zichichi ha fondato anche il Centro di Cultura Scientifica \u201cEttore Majorana\u201d, concepito come luogo di confronto internazionale tra scienziati, punto di riferimento per generazioni di ricercatori.<\/p>\n\n\n\n<p>Considerando scienza e fede come due dimensioni non in conflitto ma chiamate a illuminarsi reciprocamente, il fisico siciliano ha intrattenuto rapporti di stima e collaborazione con diversi Pontefici, in particolare con&nbsp;Giovanni Paolo II&nbsp;e&nbsp;Benedetto XVI, sostenendo con convinzione la necessit\u00e0 di superare antiche contrapposizioni, a partire dal caso Galileo Galilei. In effetti il fondatore della scienza sperimentale soleva ripetere: \u00ab<em>Colui che ha fatto il mondo \u00e8 pi\u00f9 intelligente di tutti, filosofi, matematici e fisici messi insieme. E l&#8217;unico modo per sapere come ha fatto a crearlo \u00e8 porgli delle domande<\/em>\u00bb.<\/p>\n\n\n\n<p>La scienza, ha scritto Zichichi, \u00ab<em>\u00e8 fonte di valori universali e immutabili. Valori che sono in comunione, non in contrasto, con quelli che l\u2019uomo apprende dalla Verit\u00e0 Rivelata. Fede e Ragione sono i due pilastri sui quali costruire un mondo in cui tutti gli uomini possano veramente sentirsi fratelli, qualunque sia il colore della loro pelle e la geografia dei luoghi in cui sono nati. La Scienza ha una sola colpa: quella di avere fatto tanta Scienza ma pochissima cultura<\/em>\u00bb (<em>Ragione e Fede non sono in antitesi<\/em>,<em> Radici Cristiane<\/em>, anno XIX, n. 185, luglio-settembre 2024, p. 4).<\/p>\n\n\n\n<p>Memorabile in questo senso per la vita e l\u2019impegno profuso dallo scienziato \u00e8 stata la visita di Papa Wojtyla al Centro \u201cEttore Majorana\u201d di Erice l&#8217;8 maggio del 1993, segno concreto di un\u2019alleanza possibile tra ricerca scientifica e riflessione spirituale. Si tratta di concetti che il fisico ha ripetuto in tutti i suoi ultimi interventi e scritti. Ad esempio nella <em>Prefazione<\/em> al saggio del religioso (e medico) padre Giacobbe Elia \u201c<em>L\u2019Atteso e l\u2019Anticristo<\/em>\u201d (Armando Curcio Editore, Roma 2017), nella quale ha inciso un insegnamento fondamentale sulla relativit\u00e0 e sulle prime leggi che reggono il creato: \u00ab<em>il creatore poteva trovare il caos e invece scopr\u00ec le prime Leggi Fondamentali che reggono il mondo&#8230; Non esiste alcuna scoperta scientifica che possa essere usata al fine di mettere in dubbio o di negare l&#8217;esistenza di Dio<\/em>\u00bb.<\/p>\n","protected":false},"excerpt":{"rendered":"<p>Radici Cristiane n. 193 marzo-aprile 2026 Protagonista della fisica delle particelle e divulgatore instancabile Antonino Zichichi ha segnato la cultura scientifica contemporanea. Difensore del metodo galileiano e critico dello scientismo dominante, ha scritto i suoi ultimi articoli, nel 2024, per \u201cRadici Cristiane\u201d di Giuseppe Brienza<\/p><p><a class=\"more-link btn\" href=\"https:\/\/www.rassegnastampa-totustuus.it\/cattolica\/antonino-zichichi-1929-2026-il-fisico-che-uni-scienza-e-fede\/\">Continua a leggere<\/a><\/p>\n","protected":false},"author":6,"featured_media":44919,"comment_status":"closed","ping_status":"closed","sticky":false,"template":"","format":"standard","meta":{"footnotes":""},"categories":[18,22],"tags":[3270],"class_list":["post-64565","post","type-post","status-publish","format-standard","has-post-thumbnail","hentry","category-personaggi","category-scienza","tag-antonino-zichichi","item-wrap"],"yoast_head":"<!-- This site is optimized with the Yoast SEO plugin v27.5 - https:\/\/yoast.com\/product\/yoast-seo-wordpress\/ -->\n<title>Antonino Zichichi (1929-2026), il fisico che un\u00ec scienza e fede - Rassegna Stampa Cattolica<\/title>\n<meta name=\"description\" content=\"Antonino Zichichi (1929-2026), il fisico che un\u00ec scienza e fede. Protagonista della fisica delle particelle e divulgatore instancabile\" \/>\n<meta name=\"robots\" content=\"index, follow, max-snippet:-1, max-image-preview:large, max-video-preview:-1\" \/>\n<link rel=\"canonical\" href=\"https:\/\/www.rassegnastampa-totustuus.it\/cattolica\/antonino-zichichi-1929-2026-il-fisico-che-uni-scienza-e-fede\/\" \/>\n<meta property=\"og:locale\" content=\"it_IT\" \/>\n<meta property=\"og:type\" content=\"article\" \/>\n<meta property=\"og:title\" content=\"Antonino Zichichi (1929-2026), il fisico che un\u00ec scienza e fede - Rassegna Stampa Cattolica\" \/>\n<meta property=\"og:description\" content=\"Antonino Zichichi (1929-2026), il fisico che un\u00ec scienza e fede. Protagonista della fisica delle particelle e divulgatore instancabile\" \/>\n<meta property=\"og:url\" content=\"https:\/\/www.rassegnastampa-totustuus.it\/cattolica\/antonino-zichichi-1929-2026-il-fisico-che-uni-scienza-e-fede\/\" \/>\n<meta property=\"og:site_name\" content=\"Rassegna Stampa Cattolica\" \/>\n<meta property=\"article:publisher\" content=\"https:\/\/www.facebook.com\/rassegnastampacattolica\" \/>\n<meta property=\"article:published_time\" content=\"2026-04-29T23:00:00+00:00\" \/>\n<meta property=\"og:image\" content=\"https:\/\/www.rassegnastampa-totustuus.it\/cattolica\/wp-content\/uploads\/2019\/10\/Zichichi.jpg\" \/>\n\t<meta property=\"og:image:width\" content=\"275\" \/>\n\t<meta property=\"og:image:height\" content=\"183\" \/>\n\t<meta property=\"og:image:type\" content=\"image\/jpeg\" \/>\n<meta name=\"author\" content=\"Redazione\" \/>\n<meta name=\"twitter:card\" content=\"summary_large_image\" \/>\n<meta name=\"twitter:creator\" content=\"@rassegnastampa9\" \/>\n<meta name=\"twitter:site\" content=\"@rassegnastampa9\" \/>\n<meta name=\"twitter:label1\" content=\"Scritto da\" \/>\n\t<meta name=\"twitter:data1\" content=\"Redazione\" \/>\n\t<meta name=\"twitter:label2\" content=\"Tempo di lettura stimato\" \/>\n\t<meta name=\"twitter:data2\" content=\"6 minuti\" \/>\n<script type=\"application\/ld+json\" class=\"yoast-schema-graph\">{\"@context\":\"https:\\\/\\\/schema.org\",\"@graph\":[{\"@type\":\"Article\",\"@id\":\"https:\\\/\\\/www.rassegnastampa-totustuus.it\\\/cattolica\\\/antonino-zichichi-1929-2026-il-fisico-che-uni-scienza-e-fede\\\/#article\",\"isPartOf\":{\"@id\":\"https:\\\/\\\/www.rassegnastampa-totustuus.it\\\/cattolica\\\/antonino-zichichi-1929-2026-il-fisico-che-uni-scienza-e-fede\\\/\"},\"author\":{\"name\":\"Redazione\",\"@id\":\"https:\\\/\\\/www.rassegnastampa-totustuus.it\\\/cattolica\\\/#\\\/schema\\\/person\\\/08f319d2bd1a0904ad9e2bfb7b15e5c3\"},\"headline\":\"Antonino Zichichi (1929-2026), il fisico che un\u00ec scienza e fede\",\"datePublished\":\"2026-04-29T23:00:00+00:00\",\"mainEntityOfPage\":{\"@id\":\"https:\\\/\\\/www.rassegnastampa-totustuus.it\\\/cattolica\\\/antonino-zichichi-1929-2026-il-fisico-che-uni-scienza-e-fede\\\/\"},\"wordCount\":981,\"publisher\":{\"@id\":\"https:\\\/\\\/www.rassegnastampa-totustuus.it\\\/cattolica\\\/#organization\"},\"image\":{\"@id\":\"https:\\\/\\\/www.rassegnastampa-totustuus.it\\\/cattolica\\\/antonino-zichichi-1929-2026-il-fisico-che-uni-scienza-e-fede\\\/#primaryimage\"},\"thumbnailUrl\":\"https:\\\/\\\/www.rassegnastampa-totustuus.it\\\/cattolica\\\/wp-content\\\/uploads\\\/2019\\\/10\\\/Zichichi.jpg\",\"keywords\":[\"Antonino Zichichi\"],\"articleSection\":[\"Personaggi\",\"Scienza\"],\"inLanguage\":\"it-IT\"},{\"@type\":\"WebPage\",\"@id\":\"https:\\\/\\\/www.rassegnastampa-totustuus.it\\\/cattolica\\\/antonino-zichichi-1929-2026-il-fisico-che-uni-scienza-e-fede\\\/\",\"url\":\"https:\\\/\\\/www.rassegnastampa-totustuus.it\\\/cattolica\\\/antonino-zichichi-1929-2026-il-fisico-che-uni-scienza-e-fede\\\/\",\"name\":\"Antonino Zichichi (1929-2026), il fisico che un\u00ec scienza e fede - Rassegna Stampa Cattolica\",\"isPartOf\":{\"@id\":\"https:\\\/\\\/www.rassegnastampa-totustuus.it\\\/cattolica\\\/#website\"},\"primaryImageOfPage\":{\"@id\":\"https:\\\/\\\/www.rassegnastampa-totustuus.it\\\/cattolica\\\/antonino-zichichi-1929-2026-il-fisico-che-uni-scienza-e-fede\\\/#primaryimage\"},\"image\":{\"@id\":\"https:\\\/\\\/www.rassegnastampa-totustuus.it\\\/cattolica\\\/antonino-zichichi-1929-2026-il-fisico-che-uni-scienza-e-fede\\\/#primaryimage\"},\"thumbnailUrl\":\"https:\\\/\\\/www.rassegnastampa-totustuus.it\\\/cattolica\\\/wp-content\\\/uploads\\\/2019\\\/10\\\/Zichichi.jpg\",\"datePublished\":\"2026-04-29T23:00:00+00:00\",\"description\":\"Antonino Zichichi (1929-2026), il fisico che un\u00ec scienza e fede. Protagonista della fisica delle particelle e divulgatore instancabile\",\"breadcrumb\":{\"@id\":\"https:\\\/\\\/www.rassegnastampa-totustuus.it\\\/cattolica\\\/antonino-zichichi-1929-2026-il-fisico-che-uni-scienza-e-fede\\\/#breadcrumb\"},\"inLanguage\":\"it-IT\",\"potentialAction\":[{\"@type\":\"ReadAction\",\"target\":[\"https:\\\/\\\/www.rassegnastampa-totustuus.it\\\/cattolica\\\/antonino-zichichi-1929-2026-il-fisico-che-uni-scienza-e-fede\\\/\"]}]},{\"@type\":\"ImageObject\",\"inLanguage\":\"it-IT\",\"@id\":\"https:\\\/\\\/www.rassegnastampa-totustuus.it\\\/cattolica\\\/antonino-zichichi-1929-2026-il-fisico-che-uni-scienza-e-fede\\\/#primaryimage\",\"url\":\"https:\\\/\\\/www.rassegnastampa-totustuus.it\\\/cattolica\\\/wp-content\\\/uploads\\\/2019\\\/10\\\/Zichichi.jpg\",\"contentUrl\":\"https:\\\/\\\/www.rassegnastampa-totustuus.it\\\/cattolica\\\/wp-content\\\/uploads\\\/2019\\\/10\\\/Zichichi.jpg\",\"width\":275,\"height\":183},{\"@type\":\"BreadcrumbList\",\"@id\":\"https:\\\/\\\/www.rassegnastampa-totustuus.it\\\/cattolica\\\/antonino-zichichi-1929-2026-il-fisico-che-uni-scienza-e-fede\\\/#breadcrumb\",\"itemListElement\":[{\"@type\":\"ListItem\",\"position\":1,\"name\":\"Home\",\"item\":\"https:\\\/\\\/www.rassegnastampa-totustuus.it\\\/cattolica\\\/\"},{\"@type\":\"ListItem\",\"position\":2,\"name\":\"Antonino Zichichi (1929-2026), il fisico che un\u00ec scienza e fede\"}]},{\"@type\":\"WebSite\",\"@id\":\"https:\\\/\\\/www.rassegnastampa-totustuus.it\\\/cattolica\\\/#website\",\"url\":\"https:\\\/\\\/www.rassegnastampa-totustuus.it\\\/cattolica\\\/\",\"name\":\"Rassegna Stampa Cattolica\",\"description\":\"Per una cultura che nasce dalla Rivelazione cristiana in conformit\u00e0 alla tradizione e al Magistero della Chiesa in opposizione ad ogni relativismo e totalitarismo\",\"publisher\":{\"@id\":\"https:\\\/\\\/www.rassegnastampa-totustuus.it\\\/cattolica\\\/#organization\"},\"alternateName\":\"Rass. Cattolica\",\"potentialAction\":[{\"@type\":\"SearchAction\",\"target\":{\"@type\":\"EntryPoint\",\"urlTemplate\":\"https:\\\/\\\/www.rassegnastampa-totustuus.it\\\/cattolica\\\/?s={search_term_string}\"},\"query-input\":{\"@type\":\"PropertyValueSpecification\",\"valueRequired\":true,\"valueName\":\"search_term_string\"}}],\"inLanguage\":\"it-IT\"},{\"@type\":\"Organization\",\"@id\":\"https:\\\/\\\/www.rassegnastampa-totustuus.it\\\/cattolica\\\/#organization\",\"name\":\"Rassegna Stampa Cattolica\",\"url\":\"https:\\\/\\\/www.rassegnastampa-totustuus.it\\\/cattolica\\\/\",\"logo\":{\"@type\":\"ImageObject\",\"inLanguage\":\"it-IT\",\"@id\":\"https:\\\/\\\/www.rassegnastampa-totustuus.it\\\/cattolica\\\/#\\\/schema\\\/logo\\\/image\\\/\",\"url\":\"https:\\\/\\\/www.rassegnastampa-totustuus.it\\\/cattolica\\\/wp-content\\\/uploads\\\/2014\\\/04\\\/logo-rassegna1.gif\",\"contentUrl\":\"https:\\\/\\\/www.rassegnastampa-totustuus.it\\\/cattolica\\\/wp-content\\\/uploads\\\/2014\\\/04\\\/logo-rassegna1.gif\",\"width\":600,\"height\":163,\"caption\":\"Rassegna Stampa Cattolica\"},\"image\":{\"@id\":\"https:\\\/\\\/www.rassegnastampa-totustuus.it\\\/cattolica\\\/#\\\/schema\\\/logo\\\/image\\\/\"},\"sameAs\":[\"https:\\\/\\\/www.facebook.com\\\/rassegnastampacattolica\",\"https:\\\/\\\/x.com\\\/rassegnastampa9\"]},{\"@type\":\"Person\",\"@id\":\"https:\\\/\\\/www.rassegnastampa-totustuus.it\\\/cattolica\\\/#\\\/schema\\\/person\\\/08f319d2bd1a0904ad9e2bfb7b15e5c3\",\"name\":\"Redazione\",\"image\":{\"@type\":\"ImageObject\",\"inLanguage\":\"it-IT\",\"@id\":\"https:\\\/\\\/secure.gravatar.com\\\/avatar\\\/2fcdf27c78ea025fbdb44e914cc63c72249ffec9dc8aafd5c82b26240ef3f346?s=96&d=mm&r=g\",\"url\":\"https:\\\/\\\/secure.gravatar.com\\\/avatar\\\/2fcdf27c78ea025fbdb44e914cc63c72249ffec9dc8aafd5c82b26240ef3f346?s=96&d=mm&r=g\",\"contentUrl\":\"https:\\\/\\\/secure.gravatar.com\\\/avatar\\\/2fcdf27c78ea025fbdb44e914cc63c72249ffec9dc8aafd5c82b26240ef3f346?s=96&d=mm&r=g\",\"caption\":\"Redazione\"},\"url\":\"https:\\\/\\\/www.rassegnastampa-totustuus.it\\\/cattolica\\\/author\\\/pietroelle\\\/\"}]}<\/script>\n<!-- \/ Yoast SEO plugin. -->","yoast_head_json":{"title":"Antonino Zichichi (1929-2026), il fisico che un\u00ec scienza e fede - Rassegna Stampa Cattolica","description":"Antonino Zichichi (1929-2026), il fisico che un\u00ec scienza e fede. Protagonista della fisica delle particelle e divulgatore instancabile","robots":{"index":"index","follow":"follow","max-snippet":"max-snippet:-1","max-image-preview":"max-image-preview:large","max-video-preview":"max-video-preview:-1"},"canonical":"https:\/\/www.rassegnastampa-totustuus.it\/cattolica\/antonino-zichichi-1929-2026-il-fisico-che-uni-scienza-e-fede\/","og_locale":"it_IT","og_type":"article","og_title":"Antonino Zichichi (1929-2026), il fisico che un\u00ec scienza e fede - Rassegna Stampa Cattolica","og_description":"Antonino Zichichi (1929-2026), il fisico che un\u00ec scienza e fede. Protagonista della fisica delle particelle e divulgatore instancabile","og_url":"https:\/\/www.rassegnastampa-totustuus.it\/cattolica\/antonino-zichichi-1929-2026-il-fisico-che-uni-scienza-e-fede\/","og_site_name":"Rassegna Stampa Cattolica","article_publisher":"https:\/\/www.facebook.com\/rassegnastampacattolica","article_published_time":"2026-04-29T23:00:00+00:00","og_image":[{"width":275,"height":183,"url":"https:\/\/www.rassegnastampa-totustuus.it\/cattolica\/wp-content\/uploads\/2019\/10\/Zichichi.jpg","type":"image\/jpeg"}],"author":"Redazione","twitter_card":"summary_large_image","twitter_creator":"@rassegnastampa9","twitter_site":"@rassegnastampa9","twitter_misc":{"Scritto da":"Redazione","Tempo di lettura stimato":"6 minuti"},"schema":{"@context":"https:\/\/schema.org","@graph":[{"@type":"Article","@id":"https:\/\/www.rassegnastampa-totustuus.it\/cattolica\/antonino-zichichi-1929-2026-il-fisico-che-uni-scienza-e-fede\/#article","isPartOf":{"@id":"https:\/\/www.rassegnastampa-totustuus.it\/cattolica\/antonino-zichichi-1929-2026-il-fisico-che-uni-scienza-e-fede\/"},"author":{"name":"Redazione","@id":"https:\/\/www.rassegnastampa-totustuus.it\/cattolica\/#\/schema\/person\/08f319d2bd1a0904ad9e2bfb7b15e5c3"},"headline":"Antonino Zichichi (1929-2026), il fisico che un\u00ec scienza e fede","datePublished":"2026-04-29T23:00:00+00:00","mainEntityOfPage":{"@id":"https:\/\/www.rassegnastampa-totustuus.it\/cattolica\/antonino-zichichi-1929-2026-il-fisico-che-uni-scienza-e-fede\/"},"wordCount":981,"publisher":{"@id":"https:\/\/www.rassegnastampa-totustuus.it\/cattolica\/#organization"},"image":{"@id":"https:\/\/www.rassegnastampa-totustuus.it\/cattolica\/antonino-zichichi-1929-2026-il-fisico-che-uni-scienza-e-fede\/#primaryimage"},"thumbnailUrl":"https:\/\/www.rassegnastampa-totustuus.it\/cattolica\/wp-content\/uploads\/2019\/10\/Zichichi.jpg","keywords":["Antonino Zichichi"],"articleSection":["Personaggi","Scienza"],"inLanguage":"it-IT"},{"@type":"WebPage","@id":"https:\/\/www.rassegnastampa-totustuus.it\/cattolica\/antonino-zichichi-1929-2026-il-fisico-che-uni-scienza-e-fede\/","url":"https:\/\/www.rassegnastampa-totustuus.it\/cattolica\/antonino-zichichi-1929-2026-il-fisico-che-uni-scienza-e-fede\/","name":"Antonino Zichichi (1929-2026), il fisico che un\u00ec scienza e fede - Rassegna Stampa Cattolica","isPartOf":{"@id":"https:\/\/www.rassegnastampa-totustuus.it\/cattolica\/#website"},"primaryImageOfPage":{"@id":"https:\/\/www.rassegnastampa-totustuus.it\/cattolica\/antonino-zichichi-1929-2026-il-fisico-che-uni-scienza-e-fede\/#primaryimage"},"image":{"@id":"https:\/\/www.rassegnastampa-totustuus.it\/cattolica\/antonino-zichichi-1929-2026-il-fisico-che-uni-scienza-e-fede\/#primaryimage"},"thumbnailUrl":"https:\/\/www.rassegnastampa-totustuus.it\/cattolica\/wp-content\/uploads\/2019\/10\/Zichichi.jpg","datePublished":"2026-04-29T23:00:00+00:00","description":"Antonino Zichichi (1929-2026), il fisico che un\u00ec scienza e fede. Protagonista della fisica delle particelle e divulgatore instancabile","breadcrumb":{"@id":"https:\/\/www.rassegnastampa-totustuus.it\/cattolica\/antonino-zichichi-1929-2026-il-fisico-che-uni-scienza-e-fede\/#breadcrumb"},"inLanguage":"it-IT","potentialAction":[{"@type":"ReadAction","target":["https:\/\/www.rassegnastampa-totustuus.it\/cattolica\/antonino-zichichi-1929-2026-il-fisico-che-uni-scienza-e-fede\/"]}]},{"@type":"ImageObject","inLanguage":"it-IT","@id":"https:\/\/www.rassegnastampa-totustuus.it\/cattolica\/antonino-zichichi-1929-2026-il-fisico-che-uni-scienza-e-fede\/#primaryimage","url":"https:\/\/www.rassegnastampa-totustuus.it\/cattolica\/wp-content\/uploads\/2019\/10\/Zichichi.jpg","contentUrl":"https:\/\/www.rassegnastampa-totustuus.it\/cattolica\/wp-content\/uploads\/2019\/10\/Zichichi.jpg","width":275,"height":183},{"@type":"BreadcrumbList","@id":"https:\/\/www.rassegnastampa-totustuus.it\/cattolica\/antonino-zichichi-1929-2026-il-fisico-che-uni-scienza-e-fede\/#breadcrumb","itemListElement":[{"@type":"ListItem","position":1,"name":"Home","item":"https:\/\/www.rassegnastampa-totustuus.it\/cattolica\/"},{"@type":"ListItem","position":2,"name":"Antonino Zichichi (1929-2026), il fisico che un\u00ec scienza e fede"}]},{"@type":"WebSite","@id":"https:\/\/www.rassegnastampa-totustuus.it\/cattolica\/#website","url":"https:\/\/www.rassegnastampa-totustuus.it\/cattolica\/","name":"Rassegna Stampa Cattolica","description":"Per una cultura che nasce dalla Rivelazione cristiana in conformit\u00e0 alla tradizione e al Magistero della Chiesa in opposizione ad ogni relativismo e totalitarismo","publisher":{"@id":"https:\/\/www.rassegnastampa-totustuus.it\/cattolica\/#organization"},"alternateName":"Rass. Cattolica","potentialAction":[{"@type":"SearchAction","target":{"@type":"EntryPoint","urlTemplate":"https:\/\/www.rassegnastampa-totustuus.it\/cattolica\/?s={search_term_string}"},"query-input":{"@type":"PropertyValueSpecification","valueRequired":true,"valueName":"search_term_string"}}],"inLanguage":"it-IT"},{"@type":"Organization","@id":"https:\/\/www.rassegnastampa-totustuus.it\/cattolica\/#organization","name":"Rassegna Stampa Cattolica","url":"https:\/\/www.rassegnastampa-totustuus.it\/cattolica\/","logo":{"@type":"ImageObject","inLanguage":"it-IT","@id":"https:\/\/www.rassegnastampa-totustuus.it\/cattolica\/#\/schema\/logo\/image\/","url":"https:\/\/www.rassegnastampa-totustuus.it\/cattolica\/wp-content\/uploads\/2014\/04\/logo-rassegna1.gif","contentUrl":"https:\/\/www.rassegnastampa-totustuus.it\/cattolica\/wp-content\/uploads\/2014\/04\/logo-rassegna1.gif","width":600,"height":163,"caption":"Rassegna Stampa Cattolica"},"image":{"@id":"https:\/\/www.rassegnastampa-totustuus.it\/cattolica\/#\/schema\/logo\/image\/"},"sameAs":["https:\/\/www.facebook.com\/rassegnastampacattolica","https:\/\/x.com\/rassegnastampa9"]},{"@type":"Person","@id":"https:\/\/www.rassegnastampa-totustuus.it\/cattolica\/#\/schema\/person\/08f319d2bd1a0904ad9e2bfb7b15e5c3","name":"Redazione","image":{"@type":"ImageObject","inLanguage":"it-IT","@id":"https:\/\/secure.gravatar.com\/avatar\/2fcdf27c78ea025fbdb44e914cc63c72249ffec9dc8aafd5c82b26240ef3f346?s=96&d=mm&r=g","url":"https:\/\/secure.gravatar.com\/avatar\/2fcdf27c78ea025fbdb44e914cc63c72249ffec9dc8aafd5c82b26240ef3f346?s=96&d=mm&r=g","contentUrl":"https:\/\/secure.gravatar.com\/avatar\/2fcdf27c78ea025fbdb44e914cc63c72249ffec9dc8aafd5c82b26240ef3f346?s=96&d=mm&r=g","caption":"Redazione"},"url":"https:\/\/www.rassegnastampa-totustuus.it\/cattolica\/author\/pietroelle\/"}]}},"_links":{"self":[{"href":"https:\/\/www.rassegnastampa-totustuus.it\/cattolica\/wp-json\/wp\/v2\/posts\/64565","targetHints":{"allow":["GET"]}}],"collection":[{"href":"https:\/\/www.rassegnastampa-totustuus.it\/cattolica\/wp-json\/wp\/v2\/posts"}],"about":[{"href":"https:\/\/www.rassegnastampa-totustuus.it\/cattolica\/wp-json\/wp\/v2\/types\/post"}],"author":[{"embeddable":true,"href":"https:\/\/www.rassegnastampa-totustuus.it\/cattolica\/wp-json\/wp\/v2\/users\/6"}],"replies":[{"embeddable":true,"href":"https:\/\/www.rassegnastampa-totustuus.it\/cattolica\/wp-json\/wp\/v2\/comments?post=64565"}],"version-history":[{"count":1,"href":"https:\/\/www.rassegnastampa-totustuus.it\/cattolica\/wp-json\/wp\/v2\/posts\/64565\/revisions"}],"predecessor-version":[{"id":64566,"href":"https:\/\/www.rassegnastampa-totustuus.it\/cattolica\/wp-json\/wp\/v2\/posts\/64565\/revisions\/64566"}],"wp:featuredmedia":[{"embeddable":true,"href":"https:\/\/www.rassegnastampa-totustuus.it\/cattolica\/wp-json\/wp\/v2\/media\/44919"}],"wp:attachment":[{"href":"https:\/\/www.rassegnastampa-totustuus.it\/cattolica\/wp-json\/wp\/v2\/media?parent=64565"}],"wp:term":[{"taxonomy":"category","embeddable":true,"href":"https:\/\/www.rassegnastampa-totustuus.it\/cattolica\/wp-json\/wp\/v2\/categories?post=64565"},{"taxonomy":"post_tag","embeddable":true,"href":"https:\/\/www.rassegnastampa-totustuus.it\/cattolica\/wp-json\/wp\/v2\/tags?post=64565"}],"curies":[{"name":"wp","href":"https:\/\/api.w.org\/{rel}","templated":true}]}}