{"id":64561,"date":"2026-04-30T01:00:00","date_gmt":"2026-04-29T23:00:00","guid":{"rendered":"https:\/\/www.rassegnastampa-totustuus.it\/cattolica\/?p=64561"},"modified":"2026-04-28T08:42:17","modified_gmt":"2026-04-28T06:42:17","slug":"i-gladstone-e-la-loro-vera-natura","status":"publish","type":"post","link":"https:\/\/www.rassegnastampa-totustuus.it\/cattolica\/i-gladstone-e-la-loro-vera-natura\/","title":{"rendered":"I Gladstone e la loro vera natura"},"content":{"rendered":"\n<p class=\"has-text-align-center\"><strong><a href=\"https:\/\/www.altaterradilavoro.com\/\" target=\"_blank\" rel=\"noreferrer noopener\">Alta Terra di lavoro<\/a> <\/strong>23 Aprile 2026<\/p>\n\n\n\n<p><em>I Gladstone, possessori di 2058 schiavi sottoposti alle pi\u00f9 brutali punizioni, furono la vera negazione di Dio, altro che il Regno delle Due Sicilie<\/em><\/p>\n\n\n\n<p class=\"has-text-align-center\"><strong>Annamaria Pisapia<\/strong><\/p>\n\n\n\n<p>Nel 1851, William Gladstone, membro del Parlamento inglese, dopo una visita a Napoli fece affermazioni gravissime contro il governo dei Borbone accusato di essere \u201cla negazione di Dio eretta a sistema di Governo\u201d. In seguito si sapr\u00e0 che Gladstone non aveva mai visitato nessun carcere e che era stata un\u2019azione ricattatoria messa in piedi da un altro membro del Parlamento inglese, Lord Aberdeen e dai \u201cpatrioti\u201d napoletani (Aberdeen aveva inviato una lettera ricattatoria al ministro degli esteri Giustino Fortunato, in cui minacciava di diffondere l\u2019affermazione di Gladstone se il Governo borbonico non avesse liberato Carlo Poerio).<\/p>\n\n\n<div class=\"wp-block-image\">\n<figure class=\"aligncenter size-full is-resized\"><a href=\"https:\/\/www.rassegnastampa-totustuus.it\/cattolica\/wp-content\/uploads\/2026\/04\/william_gladstone.jpg\"><img loading=\"lazy\" decoding=\"async\" width=\"250\" height=\"340\" src=\"https:\/\/www.rassegnastampa-totustuus.it\/cattolica\/wp-content\/uploads\/2026\/04\/william_gladstone.jpg\" alt=\"\" class=\"wp-image-64563\" style=\"width:210px;height:auto\" srcset=\"https:\/\/www.rassegnastampa-totustuus.it\/cattolica\/wp-content\/uploads\/2026\/04\/william_gladstone.jpg 250w, https:\/\/www.rassegnastampa-totustuus.it\/cattolica\/wp-content\/uploads\/2026\/04\/william_gladstone-221x300.jpg 221w\" sizes=\"auto, (max-width: 250px) 100vw, 250px\" \/><\/a><\/figure><\/div>\n\n\n<!--more-->\n\n\n\n<p>Ovviamente il Governo borbonico non si pieg\u00f2 al volere della perfida Albione e gli inglesi provvidero a diffondere l\u2019affermazione mendace del Gladstone, su cui si sono sprecati fiumi d\u2019inchiostro, con lo scopo di ledere l\u2019immagine dei Borbone e fornire materiale per costruire l\u2019abominevole progetto della finta unit\u00e0.<\/p>\n\n\n\n<p>Eppure, nessuno mai accus\u00f2 l\u2019Inghilterra di essere stata patria dello schiavismo e di aver annoverato tra i pi\u00f9 grandi proprietari di schiavi proprio i Gladstone. Ma andiamo con ordine: l\u2019Inghilterra fu, insieme all\u2019America, uno dei pi\u00f9 grandi paesi colonialisti, importando con la forza milioni di schiavi dall\u2019Africa, che vedeva tra i maggiori proprietari di schiavi, ben 2058, proprio John Gladstone, padre di William(va ricordato che il Regno delle Due Sicilie non vide mai una simile aberrazione: il mercato degli schiavi fu sempre aborrito e vide proprio nella figura di Ferdinando II il pi\u00f9 strenuo oppositore contro i Paesi che lo praticavano).<\/p>\n\n\n\n<p>Le condizioni a cui erano sottoposti gli schiavi delle piantagioni di zucchero di propriet\u00e0 dei Gladstone erano inumane, come denunciato al parlamento inglese da Lord Howick. Accuse che trovarono rimostranze da parte di Gladstone. Evidentemente, William Gladstone aveva dimenticato quanto accaduto nel 1823 nelle piantagioni di Demerara, nota per le brutali condizioni a cui erano sottoposti gli schiavi, comprese quelle della sua famiglia, dove le aberranti condizioni cui venivano sottoposti diedero luogo a una delle pi\u00f9 grandi rivolte messe in piedi dagli schiavi.<\/p>\n\n\n\n<p>A capeggiarla fu Quamina, che decenni prima era stato prelevato con la forza dal Ghana e sottoposto a schiavit\u00f9, e suo figlio Jack Gladstone (agli schiavi era uso assegnare il cognome del proprietario, che spesso era il vero padre, frutto di stupri)<\/p>\n\n\n\n<p>La rivolta fin\u00ec nel peggiore dei modi, una vera e propria carneficina: gli schiavi catturati furono torturati, decapitati e le teste mozzate poste sui pali, quale monito per altri schiavi. Quamina fu crivellato di colpi e il suo corpo incatenato e appeso su un palo all\u2019ingresso di una piantagione dei Gladstone.<\/p>\n\n\n\n<p>Si potrebbe dire che le colpe del padre non debbano mai ricadere sul figlio, ma si d\u00e0 il caso che nel 1833 durante la discussione avvenuta al Parlamento inglese sull\u2019abolizione della schiavit\u00f9 in Inghilterra, William Gladstone sostenne che appoggiava con riserva la liberazione degli schiavi, perch\u00e8 non li riteneva in grado di gestire la loro emancipazione. In ogni caso, riteneva che i proprietari degli schiavi fossero lautamente risarciti della loro perdita (il Governo inglese stanzi\u00f2 la stratosferica cifra di 20 milioni di sterline, pari a 16 miliardi di sterline attuali).<\/p>\n\n\n<div class=\"wp-block-image\">\n<figure class=\"aligncenter size-full is-resized\"><a href=\"https:\/\/www.rassegnastampa-totustuus.it\/cattolica\/wp-content\/uploads\/2013\/03\/schiavi.jpg\"><img loading=\"lazy\" decoding=\"async\" width=\"240\" height=\"180\" src=\"https:\/\/www.rassegnastampa-totustuus.it\/cattolica\/wp-content\/uploads\/2013\/03\/schiavi.jpg\" alt=\"\" class=\"wp-image-25185\" style=\"width:314px;height:auto\"\/><\/a><\/figure><\/div>\n\n\n<p>William Gladstone riusc\u00ec a far ottenere al padre una delle pi\u00f9 grosse somme di risarcimento, calcolata sulla perdita di 2058 schiavi, di 106.000 sterline, equivalente all\u2019abnorme cifra di 160 milioni di sterline odierne. Nel 2023, i pronipoti dei Gladstone hanno presentato formali scuse alla Guyana, di cui da tempo fa parte l\u2019ex colonia britannica Demerara, donando 100.000 sterline all\u2019Universit\u00e0 per l\u2019istituzione di una borsa di studio.<\/p>\n\n\n\n<p>Uno dei pronipoti Charles, riguardo al suo avo John ha dichiarato: \u201dEra un uomo vile. Era avido e prepotente. Non abbiamo scuse per lui. Ma per me \u00e8 abbastanza chiaro che, comunque lo si affronti, gran parte dei privilegi della mia famiglia derivano da John Gladstone\u201d.<\/p>\n\n\n\n<p>Tuttavia, i guyanesi pur apprezzando il gesto, non hanno mancato di far sentire il loro forte disprezzo attraverso urla e proteste all\u2019indirizzo dei Gladstone definiti \u201cassassini\u201d. Come dargli torto. Quel che \u00e8 certo \u00e8 che William Gladstone, pot\u00e8 godere di agi, istruzione nei migliori atenei e fulgida carriera politica grazie al sacrificio di 2058 schiavi africani che suo padre possedeva in Giamaica e in Guyana, senza provare un moto di ribrezzo.<\/p>\n\n\n\n<p>Allo stesso modo L\u2019Inghilterra che dal 1834, data dell\u2019approvazione della abolizione della schiavit\u00f9, sia pur sulla carta, non ha mai chiesto scusa per le pi\u00f9 turpi nefandezze di cui si \u00e8 macchiata, tra torture, fustigazioni, decapitazioni\u2026che infliggeva agli schiavi, cos\u00ec come non intendono farlo molti discendenti di quei proprietari che hanno costruito le loro ricchezze, di cui godono tuttora, sulla pelle di altri esseri umani. L\u2019Inghilterra \u00e8 stata davvero la negazione di Dio.<\/p>\n\n\n\n<h4 class=\"wp-block-heading has-text-align-center\"><strong>Appendice<\/strong><\/h4>\n\n\n\n<p>Gladstone accus\u00f2 i Borbone di essere \u201cla negazione di Dio\u201d, ma alla luce dei fatti storici, quella definizione si adatta molto di pi\u00f9 all\u2019Inghilterra.<\/p>\n\n\n\n<p>Ma chi era William Ewart Gladstone? Dotato di un\u2019oratoria brillante, entr\u00f2 nel 1832 alla Camera dei deputati. Oggi, il suo esordio sul prestigioso proscenio della maggiore potenza imperialista dell\u2019epoca scatenerebbe un vero vespaio tra i sostenitori del \u201cpoliticamente corretto\u201d. Infatti, il neo deputato si lasci\u00f2 andare ad un bel discorsetto a favore della\u2026 schiavit\u00f9.<\/p>\n\n\n\n<p>Non ci si meravigli troppo per quello che pu\u00f2 apparire uno scivolone tanto grossolano. In verit\u00e0, difendeva solo gli interessi della famiglia. E la sua famiglia era notoriamente una sfruttatrice di stuoli di schiavi nelle piantagioni della Guinea. Per inciso, diciamo che il tanto vituperato re Ferdinando II ader\u00ec alla Convenzione del 14 febbraio 1838 contro la tratta di esseri umani. E, nonostante ci\u00f2, fu proprio lui a diventare poi la \u201cnegazione di Dio\u201d agli occhi dello schiavista britannico!<\/p>\n\n\n\n<p>I Gladstone erano possessori di 2058 schiavi che venivano sottoposti alle pi\u00f9 brutali punizioni! A quale \u201cDio\u201d si riferiva in effetti Gladstone? Il Borbone \u2013 come \u00e8 noto \u2013 era devotissimo (forse anche troppo) al Dio cattolico. Sorge dunque il legittimo sospetto che, nella mente del \u201cfratello di loggia\u201d Gladstone, il Dio negato da Ferdinando fosse in realt\u00e0 il G.A.D.U. massonico, e non quello del Vangelo. Naturalmente, poich\u00e9 l\u2019equivoco non era chiaro alla mente dei pi\u00f9, l\u2019invettiva era ideale per generare sdegno e riprovazione verso il re bollato come irreligioso.<\/p>\n","protected":false},"excerpt":{"rendered":"<p>Alta Terra di lavoro 23 Aprile 2026 I Gladstone, possessori di 2058 schiavi sottoposti alle pi\u00f9 brutali punizioni, furono la vera negazione di Dio, altro che il Regno delle Due Sicilie Annamaria Pisapia Nel 1851, William Gladstone, membro del Parlamento inglese, dopo una visita a Napoli fece affermazioni gravissime contro il governo dei Borbone accusato &hellip; <\/p>\n<p><a class=\"more-link btn\" href=\"https:\/\/www.rassegnastampa-totustuus.it\/cattolica\/i-gladstone-e-la-loro-vera-natura\/\">Continua a leggere<\/a><\/p>\n","protected":false},"author":6,"featured_media":64563,"comment_status":"closed","ping_status":"closed","sticky":false,"template":"","format":"standard","meta":{"footnotes":""},"categories":[18],"tags":[1769,1029,2406,3290],"class_list":["post-64561","post","type-post","status-publish","format-standard","has-post-thumbnail","hentry","category-personaggi","tag-inghilterra","tag-regno-delle-due-sicilie","tag-risorgimento","tag-william-gladstone","item-wrap"],"yoast_head":"<!-- This site is optimized with the Yoast SEO plugin v27.5 - https:\/\/yoast.com\/product\/yoast-seo-wordpress\/ -->\n<title>I Gladstone e la loro vera natura - Rassegna Stampa Cattolica<\/title>\n<meta name=\"description\" content=\"I Gladstone e la loro vera natura: schiavisti, spietati, osarono infangare il nome di Ferdinando II Borbone\" \/>\n<meta name=\"robots\" content=\"index, follow, max-snippet:-1, max-image-preview:large, max-video-preview:-1\" \/>\n<link rel=\"canonical\" href=\"https:\/\/www.rassegnastampa-totustuus.it\/cattolica\/i-gladstone-e-la-loro-vera-natura\/\" \/>\n<meta property=\"og:locale\" content=\"it_IT\" \/>\n<meta property=\"og:type\" content=\"article\" \/>\n<meta property=\"og:title\" content=\"I Gladstone e la loro vera natura - Rassegna Stampa Cattolica\" \/>\n<meta property=\"og:description\" content=\"I Gladstone e la loro vera natura: schiavisti, spietati, osarono infangare il nome di Ferdinando II Borbone\" \/>\n<meta property=\"og:url\" content=\"https:\/\/www.rassegnastampa-totustuus.it\/cattolica\/i-gladstone-e-la-loro-vera-natura\/\" \/>\n<meta property=\"og:site_name\" content=\"Rassegna Stampa Cattolica\" \/>\n<meta property=\"article:publisher\" content=\"https:\/\/www.facebook.com\/rassegnastampacattolica\" \/>\n<meta property=\"article:published_time\" content=\"2026-04-29T23:00:00+00:00\" \/>\n<meta property=\"og:image\" content=\"https:\/\/www.rassegnastampa-totustuus.it\/cattolica\/wp-content\/uploads\/2026\/04\/william_gladstone.jpg\" \/>\n\t<meta property=\"og:image:width\" content=\"250\" \/>\n\t<meta property=\"og:image:height\" content=\"340\" \/>\n\t<meta property=\"og:image:type\" content=\"image\/jpeg\" \/>\n<meta name=\"author\" content=\"Redazione\" \/>\n<meta name=\"twitter:card\" content=\"summary_large_image\" \/>\n<meta name=\"twitter:creator\" content=\"@rassegnastampa9\" \/>\n<meta name=\"twitter:site\" content=\"@rassegnastampa9\" \/>\n<meta name=\"twitter:label1\" content=\"Scritto da\" \/>\n\t<meta name=\"twitter:data1\" content=\"Redazione\" \/>\n\t<meta name=\"twitter:label2\" content=\"Tempo di lettura stimato\" \/>\n\t<meta name=\"twitter:data2\" content=\"7 minuti\" \/>\n<script type=\"application\/ld+json\" class=\"yoast-schema-graph\">{\"@context\":\"https:\\\/\\\/schema.org\",\"@graph\":[{\"@type\":\"Article\",\"@id\":\"https:\\\/\\\/www.rassegnastampa-totustuus.it\\\/cattolica\\\/i-gladstone-e-la-loro-vera-natura\\\/#article\",\"isPartOf\":{\"@id\":\"https:\\\/\\\/www.rassegnastampa-totustuus.it\\\/cattolica\\\/i-gladstone-e-la-loro-vera-natura\\\/\"},\"author\":{\"name\":\"Redazione\",\"@id\":\"https:\\\/\\\/www.rassegnastampa-totustuus.it\\\/cattolica\\\/#\\\/schema\\\/person\\\/08f319d2bd1a0904ad9e2bfb7b15e5c3\"},\"headline\":\"I Gladstone e la loro vera natura\",\"datePublished\":\"2026-04-29T23:00:00+00:00\",\"mainEntityOfPage\":{\"@id\":\"https:\\\/\\\/www.rassegnastampa-totustuus.it\\\/cattolica\\\/i-gladstone-e-la-loro-vera-natura\\\/\"},\"wordCount\":1056,\"publisher\":{\"@id\":\"https:\\\/\\\/www.rassegnastampa-totustuus.it\\\/cattolica\\\/#organization\"},\"image\":{\"@id\":\"https:\\\/\\\/www.rassegnastampa-totustuus.it\\\/cattolica\\\/i-gladstone-e-la-loro-vera-natura\\\/#primaryimage\"},\"thumbnailUrl\":\"https:\\\/\\\/www.rassegnastampa-totustuus.it\\\/cattolica\\\/wp-content\\\/uploads\\\/2026\\\/04\\\/william_gladstone.jpg\",\"keywords\":[\"Inghilterra\",\"Regno delle Due Sicilie\",\"Risorgimento\",\"William Gladstone\"],\"articleSection\":[\"Personaggi\"],\"inLanguage\":\"it-IT\"},{\"@type\":\"WebPage\",\"@id\":\"https:\\\/\\\/www.rassegnastampa-totustuus.it\\\/cattolica\\\/i-gladstone-e-la-loro-vera-natura\\\/\",\"url\":\"https:\\\/\\\/www.rassegnastampa-totustuus.it\\\/cattolica\\\/i-gladstone-e-la-loro-vera-natura\\\/\",\"name\":\"I Gladstone e la loro vera natura - Rassegna Stampa Cattolica\",\"isPartOf\":{\"@id\":\"https:\\\/\\\/www.rassegnastampa-totustuus.it\\\/cattolica\\\/#website\"},\"primaryImageOfPage\":{\"@id\":\"https:\\\/\\\/www.rassegnastampa-totustuus.it\\\/cattolica\\\/i-gladstone-e-la-loro-vera-natura\\\/#primaryimage\"},\"image\":{\"@id\":\"https:\\\/\\\/www.rassegnastampa-totustuus.it\\\/cattolica\\\/i-gladstone-e-la-loro-vera-natura\\\/#primaryimage\"},\"thumbnailUrl\":\"https:\\\/\\\/www.rassegnastampa-totustuus.it\\\/cattolica\\\/wp-content\\\/uploads\\\/2026\\\/04\\\/william_gladstone.jpg\",\"datePublished\":\"2026-04-29T23:00:00+00:00\",\"description\":\"I Gladstone e la loro vera natura: schiavisti, spietati, osarono infangare il nome di Ferdinando II Borbone\",\"breadcrumb\":{\"@id\":\"https:\\\/\\\/www.rassegnastampa-totustuus.it\\\/cattolica\\\/i-gladstone-e-la-loro-vera-natura\\\/#breadcrumb\"},\"inLanguage\":\"it-IT\",\"potentialAction\":[{\"@type\":\"ReadAction\",\"target\":[\"https:\\\/\\\/www.rassegnastampa-totustuus.it\\\/cattolica\\\/i-gladstone-e-la-loro-vera-natura\\\/\"]}]},{\"@type\":\"ImageObject\",\"inLanguage\":\"it-IT\",\"@id\":\"https:\\\/\\\/www.rassegnastampa-totustuus.it\\\/cattolica\\\/i-gladstone-e-la-loro-vera-natura\\\/#primaryimage\",\"url\":\"https:\\\/\\\/www.rassegnastampa-totustuus.it\\\/cattolica\\\/wp-content\\\/uploads\\\/2026\\\/04\\\/william_gladstone.jpg\",\"contentUrl\":\"https:\\\/\\\/www.rassegnastampa-totustuus.it\\\/cattolica\\\/wp-content\\\/uploads\\\/2026\\\/04\\\/william_gladstone.jpg\",\"width\":250,\"height\":340},{\"@type\":\"BreadcrumbList\",\"@id\":\"https:\\\/\\\/www.rassegnastampa-totustuus.it\\\/cattolica\\\/i-gladstone-e-la-loro-vera-natura\\\/#breadcrumb\",\"itemListElement\":[{\"@type\":\"ListItem\",\"position\":1,\"name\":\"Home\",\"item\":\"https:\\\/\\\/www.rassegnastampa-totustuus.it\\\/cattolica\\\/\"},{\"@type\":\"ListItem\",\"position\":2,\"name\":\"I Gladstone e la loro vera natura\"}]},{\"@type\":\"WebSite\",\"@id\":\"https:\\\/\\\/www.rassegnastampa-totustuus.it\\\/cattolica\\\/#website\",\"url\":\"https:\\\/\\\/www.rassegnastampa-totustuus.it\\\/cattolica\\\/\",\"name\":\"Rassegna Stampa Cattolica\",\"description\":\"Per una cultura che nasce dalla Rivelazione cristiana in conformit\u00e0 alla tradizione e al Magistero della Chiesa in opposizione ad ogni relativismo e totalitarismo\",\"publisher\":{\"@id\":\"https:\\\/\\\/www.rassegnastampa-totustuus.it\\\/cattolica\\\/#organization\"},\"alternateName\":\"Rass. Cattolica\",\"potentialAction\":[{\"@type\":\"SearchAction\",\"target\":{\"@type\":\"EntryPoint\",\"urlTemplate\":\"https:\\\/\\\/www.rassegnastampa-totustuus.it\\\/cattolica\\\/?s={search_term_string}\"},\"query-input\":{\"@type\":\"PropertyValueSpecification\",\"valueRequired\":true,\"valueName\":\"search_term_string\"}}],\"inLanguage\":\"it-IT\"},{\"@type\":\"Organization\",\"@id\":\"https:\\\/\\\/www.rassegnastampa-totustuus.it\\\/cattolica\\\/#organization\",\"name\":\"Rassegna Stampa Cattolica\",\"url\":\"https:\\\/\\\/www.rassegnastampa-totustuus.it\\\/cattolica\\\/\",\"logo\":{\"@type\":\"ImageObject\",\"inLanguage\":\"it-IT\",\"@id\":\"https:\\\/\\\/www.rassegnastampa-totustuus.it\\\/cattolica\\\/#\\\/schema\\\/logo\\\/image\\\/\",\"url\":\"https:\\\/\\\/www.rassegnastampa-totustuus.it\\\/cattolica\\\/wp-content\\\/uploads\\\/2014\\\/04\\\/logo-rassegna1.gif\",\"contentUrl\":\"https:\\\/\\\/www.rassegnastampa-totustuus.it\\\/cattolica\\\/wp-content\\\/uploads\\\/2014\\\/04\\\/logo-rassegna1.gif\",\"width\":600,\"height\":163,\"caption\":\"Rassegna Stampa Cattolica\"},\"image\":{\"@id\":\"https:\\\/\\\/www.rassegnastampa-totustuus.it\\\/cattolica\\\/#\\\/schema\\\/logo\\\/image\\\/\"},\"sameAs\":[\"https:\\\/\\\/www.facebook.com\\\/rassegnastampacattolica\",\"https:\\\/\\\/x.com\\\/rassegnastampa9\"]},{\"@type\":\"Person\",\"@id\":\"https:\\\/\\\/www.rassegnastampa-totustuus.it\\\/cattolica\\\/#\\\/schema\\\/person\\\/08f319d2bd1a0904ad9e2bfb7b15e5c3\",\"name\":\"Redazione\",\"image\":{\"@type\":\"ImageObject\",\"inLanguage\":\"it-IT\",\"@id\":\"https:\\\/\\\/secure.gravatar.com\\\/avatar\\\/2fcdf27c78ea025fbdb44e914cc63c72249ffec9dc8aafd5c82b26240ef3f346?s=96&d=mm&r=g\",\"url\":\"https:\\\/\\\/secure.gravatar.com\\\/avatar\\\/2fcdf27c78ea025fbdb44e914cc63c72249ffec9dc8aafd5c82b26240ef3f346?s=96&d=mm&r=g\",\"contentUrl\":\"https:\\\/\\\/secure.gravatar.com\\\/avatar\\\/2fcdf27c78ea025fbdb44e914cc63c72249ffec9dc8aafd5c82b26240ef3f346?s=96&d=mm&r=g\",\"caption\":\"Redazione\"},\"url\":\"https:\\\/\\\/www.rassegnastampa-totustuus.it\\\/cattolica\\\/author\\\/pietroelle\\\/\"}]}<\/script>\n<!-- \/ Yoast SEO plugin. -->","yoast_head_json":{"title":"I Gladstone e la loro vera natura - Rassegna Stampa Cattolica","description":"I Gladstone e la loro vera natura: schiavisti, spietati, osarono infangare il nome di Ferdinando II Borbone","robots":{"index":"index","follow":"follow","max-snippet":"max-snippet:-1","max-image-preview":"max-image-preview:large","max-video-preview":"max-video-preview:-1"},"canonical":"https:\/\/www.rassegnastampa-totustuus.it\/cattolica\/i-gladstone-e-la-loro-vera-natura\/","og_locale":"it_IT","og_type":"article","og_title":"I Gladstone e la loro vera natura - Rassegna Stampa Cattolica","og_description":"I Gladstone e la loro vera natura: schiavisti, spietati, osarono infangare il nome di Ferdinando II Borbone","og_url":"https:\/\/www.rassegnastampa-totustuus.it\/cattolica\/i-gladstone-e-la-loro-vera-natura\/","og_site_name":"Rassegna Stampa Cattolica","article_publisher":"https:\/\/www.facebook.com\/rassegnastampacattolica","article_published_time":"2026-04-29T23:00:00+00:00","og_image":[{"width":250,"height":340,"url":"https:\/\/www.rassegnastampa-totustuus.it\/cattolica\/wp-content\/uploads\/2026\/04\/william_gladstone.jpg","type":"image\/jpeg"}],"author":"Redazione","twitter_card":"summary_large_image","twitter_creator":"@rassegnastampa9","twitter_site":"@rassegnastampa9","twitter_misc":{"Scritto da":"Redazione","Tempo di lettura stimato":"7 minuti"},"schema":{"@context":"https:\/\/schema.org","@graph":[{"@type":"Article","@id":"https:\/\/www.rassegnastampa-totustuus.it\/cattolica\/i-gladstone-e-la-loro-vera-natura\/#article","isPartOf":{"@id":"https:\/\/www.rassegnastampa-totustuus.it\/cattolica\/i-gladstone-e-la-loro-vera-natura\/"},"author":{"name":"Redazione","@id":"https:\/\/www.rassegnastampa-totustuus.it\/cattolica\/#\/schema\/person\/08f319d2bd1a0904ad9e2bfb7b15e5c3"},"headline":"I Gladstone e la loro vera natura","datePublished":"2026-04-29T23:00:00+00:00","mainEntityOfPage":{"@id":"https:\/\/www.rassegnastampa-totustuus.it\/cattolica\/i-gladstone-e-la-loro-vera-natura\/"},"wordCount":1056,"publisher":{"@id":"https:\/\/www.rassegnastampa-totustuus.it\/cattolica\/#organization"},"image":{"@id":"https:\/\/www.rassegnastampa-totustuus.it\/cattolica\/i-gladstone-e-la-loro-vera-natura\/#primaryimage"},"thumbnailUrl":"https:\/\/www.rassegnastampa-totustuus.it\/cattolica\/wp-content\/uploads\/2026\/04\/william_gladstone.jpg","keywords":["Inghilterra","Regno delle Due Sicilie","Risorgimento","William Gladstone"],"articleSection":["Personaggi"],"inLanguage":"it-IT"},{"@type":"WebPage","@id":"https:\/\/www.rassegnastampa-totustuus.it\/cattolica\/i-gladstone-e-la-loro-vera-natura\/","url":"https:\/\/www.rassegnastampa-totustuus.it\/cattolica\/i-gladstone-e-la-loro-vera-natura\/","name":"I Gladstone e la loro vera natura - Rassegna Stampa Cattolica","isPartOf":{"@id":"https:\/\/www.rassegnastampa-totustuus.it\/cattolica\/#website"},"primaryImageOfPage":{"@id":"https:\/\/www.rassegnastampa-totustuus.it\/cattolica\/i-gladstone-e-la-loro-vera-natura\/#primaryimage"},"image":{"@id":"https:\/\/www.rassegnastampa-totustuus.it\/cattolica\/i-gladstone-e-la-loro-vera-natura\/#primaryimage"},"thumbnailUrl":"https:\/\/www.rassegnastampa-totustuus.it\/cattolica\/wp-content\/uploads\/2026\/04\/william_gladstone.jpg","datePublished":"2026-04-29T23:00:00+00:00","description":"I Gladstone e la loro vera natura: schiavisti, spietati, osarono infangare il nome di Ferdinando II Borbone","breadcrumb":{"@id":"https:\/\/www.rassegnastampa-totustuus.it\/cattolica\/i-gladstone-e-la-loro-vera-natura\/#breadcrumb"},"inLanguage":"it-IT","potentialAction":[{"@type":"ReadAction","target":["https:\/\/www.rassegnastampa-totustuus.it\/cattolica\/i-gladstone-e-la-loro-vera-natura\/"]}]},{"@type":"ImageObject","inLanguage":"it-IT","@id":"https:\/\/www.rassegnastampa-totustuus.it\/cattolica\/i-gladstone-e-la-loro-vera-natura\/#primaryimage","url":"https:\/\/www.rassegnastampa-totustuus.it\/cattolica\/wp-content\/uploads\/2026\/04\/william_gladstone.jpg","contentUrl":"https:\/\/www.rassegnastampa-totustuus.it\/cattolica\/wp-content\/uploads\/2026\/04\/william_gladstone.jpg","width":250,"height":340},{"@type":"BreadcrumbList","@id":"https:\/\/www.rassegnastampa-totustuus.it\/cattolica\/i-gladstone-e-la-loro-vera-natura\/#breadcrumb","itemListElement":[{"@type":"ListItem","position":1,"name":"Home","item":"https:\/\/www.rassegnastampa-totustuus.it\/cattolica\/"},{"@type":"ListItem","position":2,"name":"I Gladstone e la loro vera natura"}]},{"@type":"WebSite","@id":"https:\/\/www.rassegnastampa-totustuus.it\/cattolica\/#website","url":"https:\/\/www.rassegnastampa-totustuus.it\/cattolica\/","name":"Rassegna Stampa Cattolica","description":"Per una cultura che nasce dalla Rivelazione cristiana in conformit\u00e0 alla tradizione e al Magistero della Chiesa in opposizione ad ogni relativismo e totalitarismo","publisher":{"@id":"https:\/\/www.rassegnastampa-totustuus.it\/cattolica\/#organization"},"alternateName":"Rass. Cattolica","potentialAction":[{"@type":"SearchAction","target":{"@type":"EntryPoint","urlTemplate":"https:\/\/www.rassegnastampa-totustuus.it\/cattolica\/?s={search_term_string}"},"query-input":{"@type":"PropertyValueSpecification","valueRequired":true,"valueName":"search_term_string"}}],"inLanguage":"it-IT"},{"@type":"Organization","@id":"https:\/\/www.rassegnastampa-totustuus.it\/cattolica\/#organization","name":"Rassegna Stampa Cattolica","url":"https:\/\/www.rassegnastampa-totustuus.it\/cattolica\/","logo":{"@type":"ImageObject","inLanguage":"it-IT","@id":"https:\/\/www.rassegnastampa-totustuus.it\/cattolica\/#\/schema\/logo\/image\/","url":"https:\/\/www.rassegnastampa-totustuus.it\/cattolica\/wp-content\/uploads\/2014\/04\/logo-rassegna1.gif","contentUrl":"https:\/\/www.rassegnastampa-totustuus.it\/cattolica\/wp-content\/uploads\/2014\/04\/logo-rassegna1.gif","width":600,"height":163,"caption":"Rassegna Stampa Cattolica"},"image":{"@id":"https:\/\/www.rassegnastampa-totustuus.it\/cattolica\/#\/schema\/logo\/image\/"},"sameAs":["https:\/\/www.facebook.com\/rassegnastampacattolica","https:\/\/x.com\/rassegnastampa9"]},{"@type":"Person","@id":"https:\/\/www.rassegnastampa-totustuus.it\/cattolica\/#\/schema\/person\/08f319d2bd1a0904ad9e2bfb7b15e5c3","name":"Redazione","image":{"@type":"ImageObject","inLanguage":"it-IT","@id":"https:\/\/secure.gravatar.com\/avatar\/2fcdf27c78ea025fbdb44e914cc63c72249ffec9dc8aafd5c82b26240ef3f346?s=96&d=mm&r=g","url":"https:\/\/secure.gravatar.com\/avatar\/2fcdf27c78ea025fbdb44e914cc63c72249ffec9dc8aafd5c82b26240ef3f346?s=96&d=mm&r=g","contentUrl":"https:\/\/secure.gravatar.com\/avatar\/2fcdf27c78ea025fbdb44e914cc63c72249ffec9dc8aafd5c82b26240ef3f346?s=96&d=mm&r=g","caption":"Redazione"},"url":"https:\/\/www.rassegnastampa-totustuus.it\/cattolica\/author\/pietroelle\/"}]}},"_links":{"self":[{"href":"https:\/\/www.rassegnastampa-totustuus.it\/cattolica\/wp-json\/wp\/v2\/posts\/64561","targetHints":{"allow":["GET"]}}],"collection":[{"href":"https:\/\/www.rassegnastampa-totustuus.it\/cattolica\/wp-json\/wp\/v2\/posts"}],"about":[{"href":"https:\/\/www.rassegnastampa-totustuus.it\/cattolica\/wp-json\/wp\/v2\/types\/post"}],"author":[{"embeddable":true,"href":"https:\/\/www.rassegnastampa-totustuus.it\/cattolica\/wp-json\/wp\/v2\/users\/6"}],"replies":[{"embeddable":true,"href":"https:\/\/www.rassegnastampa-totustuus.it\/cattolica\/wp-json\/wp\/v2\/comments?post=64561"}],"version-history":[{"count":1,"href":"https:\/\/www.rassegnastampa-totustuus.it\/cattolica\/wp-json\/wp\/v2\/posts\/64561\/revisions"}],"predecessor-version":[{"id":64564,"href":"https:\/\/www.rassegnastampa-totustuus.it\/cattolica\/wp-json\/wp\/v2\/posts\/64561\/revisions\/64564"}],"wp:featuredmedia":[{"embeddable":true,"href":"https:\/\/www.rassegnastampa-totustuus.it\/cattolica\/wp-json\/wp\/v2\/media\/64563"}],"wp:attachment":[{"href":"https:\/\/www.rassegnastampa-totustuus.it\/cattolica\/wp-json\/wp\/v2\/media?parent=64561"}],"wp:term":[{"taxonomy":"category","embeddable":true,"href":"https:\/\/www.rassegnastampa-totustuus.it\/cattolica\/wp-json\/wp\/v2\/categories?post=64561"},{"taxonomy":"post_tag","embeddable":true,"href":"https:\/\/www.rassegnastampa-totustuus.it\/cattolica\/wp-json\/wp\/v2\/tags?post=64561"}],"curies":[{"name":"wp","href":"https:\/\/api.w.org\/{rel}","templated":true}]}}