{"id":64559,"date":"2026-04-30T01:10:00","date_gmt":"2026-04-29T23:10:00","guid":{"rendered":"https:\/\/www.rassegnastampa-totustuus.it\/cattolica\/?p=64559"},"modified":"2026-04-24T11:02:26","modified_gmt":"2026-04-24T09:02:26","slug":"perche-tanti-temono-la-rinascita-cattolica","status":"publish","type":"post","link":"https:\/\/www.rassegnastampa-totustuus.it\/cattolica\/perche-tanti-temono-la-rinascita-cattolica\/","title":{"rendered":"Perch\u00e9 tanti temono la rinascita cattolica?\u00a0"},"content":{"rendered":"\n<p class=\"has-text-align-center\"><strong><a href=\"https:\/\/www.atfp.it\" target=\"_blank\" rel=\"noreferrer noopener\">Tradizione Famiglia Propriet\u00e0<\/a> <\/strong>newletter 23 Aprile 2026<\/p>\n\n\n\n<p class=\"has-text-align-center\">di <strong>John Horvat<\/strong><\/p>\n\n\n\n<p>Mentre cresce il numero dei battesimi di adulti, molti cattolici gioiscono alla prospettiva di quello che viene definito un silenzioso risveglio. \u00c8 motivo di grande speranza vedere cos\u00ec tanti giovani desiderosi di approfondire la fede.<\/p>\n\n\n<div class=\"wp-block-image\">\n<figure class=\"aligncenter size-full is-resized\"><a href=\"https:\/\/www.rassegnastampa-totustuus.it\/cattolica\/wp-content\/uploads\/2021\/10\/chiesa_cattolici_messa.jpg\"><img loading=\"lazy\" decoding=\"async\" width=\"275\" height=\"183\" src=\"https:\/\/www.rassegnastampa-totustuus.it\/cattolica\/wp-content\/uploads\/2021\/10\/chiesa_cattolici_messa.jpg\" alt=\"\" class=\"wp-image-52779\" style=\"width:421px;height:auto\"\/><\/a><\/figure><\/div>\n\n\n<!--more-->\n\n\n\n<p>\u00c8 anche motivo di grande mistero. Molti vescovi si sono dichiarati stupiti e perplessi &nbsp;dall\u2019ondata di nuovi convertiti che hanno affollato le loro chiese questa Pasqua. Ci\u00f2 non rientrava in nessun programma di nuova evangelizzazione. Nessuno sembra avere una spiegazione del perch\u00e9 il cattolicesimo, in particolare il cattolicesimo tradizionale, sia improvvisamente diventato popolare tra la Generazione Z.<\/p>\n\n\n\n<p>Tuttavia, vi sono coloro che potrebbero essere definiti \u00abscettici del risveglio\u00bb. Sono turbati da ci\u00f2 che sta accadendo. Questi critici minimizzano la tendenza, definendola interessante ma non significativa. Alcuni adottano un atteggiamento attendista per evitare di apparire esagerati. Altri mettono in guardia dal pericolo di politicizzare la tradizione cattolica, mettendo cos\u00ec in dubbio che lo Spirito sia davvero all\u2019opera.<\/p>\n\n\n\n<p>Pi\u00f9 gli scettici sono progressisti, pi\u00f9 si percepisce in loro la paura. Temono che questo risveglio possa sfuggire di mano. Intanto, cercano di sminuire il risveglio e di ridurne l&#8217;importanza.<\/p>\n\n\n\n<h4 class=\"wp-block-heading has-text-align-center\"><strong>IL GIOCO DEI NUMERI<\/strong><\/h4>\n\n\n\n<p>La critica pi\u00f9 comune mossa al risveglio spirituale \u00e8 una questione di numeri. Sebbene le diocesi segnalino un numero record di conversioni, gli scettici sottolineano che per ogni nuovo cattolico entusiasta che entra a far parte della Chiesa, molti fedeli tiepidi abbandonano la fede. Per loro, nella battaglia dei numeri, alla fine vinceranno coloro che si sono allontanati dalla fede e la Chiesa inevitabilmente si ridurr\u00e0. Il risveglio non \u00e8 certo un punto di svolta. Il problema della confutazione basata sui numeri \u00e8 che presuppone che tutte le conversioni siano uguali. Non tiene conto di chi si sta convertendo e perch\u00e9.<\/p>\n\n\n\n<h4 class=\"wp-block-heading has-text-align-center\"><strong>LE PERSONE SORPRENDENTI CHE SI CONVERTONO<\/strong><\/h4>\n\n\n\n<p>In effetti, il fatto che cattolici tiepidi e spesso moralmente dissoluti, privi di una formazione catechistica, stiano abbandonando la Chiesa in massa non \u00e8 una sorpresa: si tratta di una tendenza in atto fin dal Concilio Vaticano II. Questi cattolici costituiscono il gruppo demografico pi\u00f9 incline ad abbandonare la Chiesa \u2014 e lo stanno facendo.<\/p>\n\n\n\n<p>Ci\u00f2 che rende straordinari i numeri delle conversioni \u00e8 che i gruppi demografici meno propensi ad essere attratti dalla Chiesa stanno entrando in Chiesa, cosa che contraddice la narrativa progressista.<\/p>\n\n\n\n<p>Entrano con un entusiasmo e un&#8217;energia contagiosi, desiderosi di imparare. Vi si trovano musulmani, non cristiani, pagani, atei, persone di sinistra, ragazzi giovani, adulti giovani, libertini, celebrit\u00e0, \u00e9lite, scienziati, filosofi e intellettuali. Anche figure protestanti si stanno convertendo, scuotendo le fondamenta di molte comunit\u00e0. Coloro che avrebbero tutto da guadagnare rimanendo nell&#8217;establishment ora vogliono uscirne. Vogliono raccontare le loro storie ed evangelizzare il mondo.<\/p>\n\n\n\n<p>Insomma, i numeri non sono il fattore pi\u00f9 importante nel risveglio.<\/p>\n\n\n\n<h4 class=\"wp-block-heading has-text-align-center\"><strong>CONVERSIONE PER I BENEFICI?<\/strong><\/h4>\n\n\n\n<p>Un secondo modo in cui gli scettici confutano l&#8217;idea di un risveglio \u00e8 di natura sociologica. Questo metodo consiste nell&#8217;attribuire le conversioni a fattori economici o sociali. Per loro, la conversione \u00e8 quasi una scelta di consumo guidata dai benefici che ne ricaveranno. Un rapporto del Pew Research , ad esempio, conclude che \u00absempre pi\u00f9 persone iniziano a vedere l&#8217;efficacia e i benefici della fede e della pratica religiosa\u00bb.<\/p>\n\n\n\n<p>Pertanto, alcuni osservatori non molto attenti hanno etichettato il processo di conversione come un \u201csegno distintivo dell\u2019\u00e9lite\u201d e persino uno status symbol. Cercano di rendere comprensibili le conversioni affermando che le persone troveranno stabilit\u00e0, mitigazione dei rischi e comunit\u00e0 nella Chiesa, il che a sua volta contribuisce alla loro prosperit\u00e0 e alla conservazione del loro status di \u00e9lite.<\/p>\n\n\n<div class=\"wp-block-image\">\n<figure class=\"aligncenter size-full is-resized\"><a href=\"https:\/\/www.rassegnastampa-totustuus.it\/cattolica\/wp-content\/uploads\/2025\/01\/giovani_suore_chiesa.jpg\"><img loading=\"lazy\" decoding=\"async\" width=\"367\" height=\"284\" src=\"https:\/\/www.rassegnastampa-totustuus.it\/cattolica\/wp-content\/uploads\/2025\/01\/giovani_suore_chiesa.jpg\" alt=\"\" class=\"wp-image-61913\" style=\"width:421px;height:auto\"\/><\/a><\/figure><\/div>\n\n\n<p>Anche le persone povere possono essere attratte dalla Chiesa perch\u00e9 la parrocchia \u00e8 un luogo in cui \u00abentrare in contatto con persone ricche\u00bb, il che aumenta le loro possibilit\u00e0 di uscire dalla povert\u00e0. Dunque, secondo questi commentatori, la conversione apre la strada al successo.<\/p>\n\n\n\n<p>Ross Douthat, opinionista del &nbsp;<em>&nbsp;New York Times<\/em> , afferma che &#8220;andare in chiesa \u00e8 sempre pi\u00f9 associato a livelli di istruzione pi\u00f9 elevati, all&#8217;ambizione e alla mobilit\u00e0 sociale ascendente&#8221;. Egli ritiene che le persone guarderanno a questi tempi come a un &#8220;periodo di rinascita dell&#8217;\u00e9lite&#8221; nella religione, non necessariamente come a un periodo di fervore.<\/p>\n\n\n\n<p>Padre Thomas Reese, progressista radicale, &nbsp;interpreta invece queste conversioni come un ritorno alla tradizione: \u00abI giovani di oggi dicono di essere interessati alla spiritualit\u00e0 e di desiderare ardentemente una comunit\u00e0\u2026 La Chiesa cattolica ha una ricca tradizione di spiritualit\u00e0, ma deve fare di pi\u00f9 che limitarsi a riproporre vecchi prodotti. La spiritualit\u00e0 contemporanea deve tenere conto degli sviluppi della psicologia, della scienza e della cultura\u00bb.<\/p>\n\n\n\n<h4 class=\"wp-block-heading has-text-align-center\"><strong>DIMENTICARE DIO<\/strong><\/h4>\n\n\n\n<p>Gli scettici stanno dimenticando un personaggio fondamentale nel processo di conversione: Dio. Si comportano come se Egli non esistesse. Dio \u00e8 sempre l\u2019agente principale in ogni autentica conversione. La Sua grazia opera nell\u2019anima di coloro che Egli chiama. Quando il convertito corrisponde a questa grazia, l\u2019anima desidera Dio con grande fervore ed \u00e8 disposta a fare qualsiasi cosa per ottenere l\u2019unione con Dio, persino a perdere tutti i vantaggi materiali e a recidere legami preziosi con gli amici.<\/p>\n\n\n<div class=\"wp-block-image\">\n<figure class=\"aligncenter size-full is-resized\"><a href=\"https:\/\/www.rassegnastampa-totustuus.it\/cattolica\/wp-content\/uploads\/2007\/03\/stranieri_battesimo.jpg\"><img loading=\"lazy\" decoding=\"async\" width=\"275\" height=\"183\" src=\"https:\/\/www.rassegnastampa-totustuus.it\/cattolica\/wp-content\/uploads\/2007\/03\/stranieri_battesimo.jpg\" alt=\"\" class=\"wp-image-35627\" style=\"width:409px;height:auto\"\/><\/a><\/figure><\/div>\n\n\n<p>L\u2019anima convertita diventa capace di superare gli ostacoli, cambiare abitudini radicate e compiere grandi cose perch\u00e9 la grazia soprannaturale opera al suo interno. Ci\u00f2 che rende cos\u00ec spettacolare l&#8217;attuale ondata di conversioni \u00e8 che ribalta ogni presupposto, demolisce i miti <em>liberal<\/em> e riscrive narrazioni a lungo considerate intoccabili.<\/p>\n\n\n\n<p>C&#8217;\u00e8 qualcosa di straordinario all&#8217;opera, che turba molte persone. Un qualcosa che potrebbe persino terrorizzare coloro che hanno relegato la religione nell&#8217;irrilevanza. Spaventa gli scettici che non vogliono che le loro vite compiacenti siano interrotte da questo \u00abqualcosa\u00bb che non riescono a definire.<\/p>\n\n\n\n<h4 class=\"wp-block-heading has-text-align-center\"><strong>IL TOCCO DIVINO<\/strong><\/h4>\n\n\n\n<p>Tutto indica che Dio sta agendo nella storia, toccando direttamente le anime pi\u00f9 improbabili nelle circostanze pi\u00f9 secolarizzate, chiamandole a rifiutare le filosofie moderne e postmoderne che un tempo avevano abbracciato con tutto il cuore.<\/p>\n\n\n\n<p>Nel suo libro autobiografico-romanzesco <em>En Route<\/em>, l\u2019autore ottocentesco J.-K. Huysmans presenta la scena in cui il protagonista, Durtal, uno scrittore liberale e promiscuo, sfoga la sua pesante coscienza a un saggio vecchio prete. Durtal racconta come sia giunto alla Chiesa da solo, senza una guida, dopo aver contemplato la sua sublime bellezza mentre visitava le chiese. Il prete \u00e8 stupito.<\/p>\n\n\n\n<p>\u00abIl modo in cui \u00e8 avvenuta la tua conversione non mi lascia alcun dubbio. C\u2019\u00e8 stato ci\u00f2 che il misticismo chiama il tocco divino, solo che \u2013 nota bene \u2013 Dio ha fatto a meno dell\u2019intervento umano, persino dell\u2019interferenza di un sacerdote, per riportarti sulla strada che avevi abbandonato da pi\u00f9 di vent\u2019anni\u00bb.<\/p>\n\n\n\n<p>Forse \u00e8 questo che temono gli scettici del risveglio: questo tocco divino, che opera indipendentemente dall\u2019azione umana, e che cambia tutto. La prospettiva di questo \u00abqualcosa\u00bb divino potrebbe benissimo intimorire coloro che si sono abbandonati al peccato e alla passione sfrenata, sebbene si trovino di fronte a un Dio amorevole che desidera solo il loro bene.<\/p>\n\n\n\n<p>In un mondo liberale organizzato come se Dio non esistesse, questo tocco divino non c&#8217;entra. Non pu\u00f2 essere spiegato. Non dovrebbe esistere e non deve esistere. Tuttavia, come hanno scoperto gli antichi romani scettici, pu\u00f2 cambiare il mondo.<\/p>\n\n\n\n<p class=\"has-text-align-center\"><strong>Fonte<\/strong>: <a href=\"https:\/\/www.tfp.org\/why-are-so-many-afraid-of-the-catholic-revival\/\" target=\"_blank\" rel=\"noreferrer noopener\">Tfp.org<\/a>, 20 aprile 2026. &nbsp;<em>Traduzione a cura di Tradizione Famiglia Propriet\u00e0 \u2013 Italia.<\/em><\/p>\n\n\n\n<p><\/p>\n","protected":false},"excerpt":{"rendered":"<p>Tradizione Famiglia Propriet\u00e0 newletter 23 Aprile 2026 di John Horvat Mentre cresce il numero dei battesimi di adulti, molti cattolici gioiscono alla prospettiva di quello che viene definito un silenzioso risveglio. \u00c8 motivo di grande speranza vedere cos\u00ec tanti giovani desiderosi di approfondire la fede.<\/p><p><a class=\"more-link btn\" href=\"https:\/\/www.rassegnastampa-totustuus.it\/cattolica\/perche-tanti-temono-la-rinascita-cattolica\/\">Continua a leggere<\/a><\/p>\n","protected":false},"author":6,"featured_media":35627,"comment_status":"closed","ping_status":"closed","sticky":false,"template":"","format":"standard","meta":{"footnotes":""},"categories":[5],"tags":[259],"class_list":["post-64559","post","type-post","status-publish","format-standard","has-post-thumbnail","hentry","category-chiesa","tag-conversioni","item-wrap"],"yoast_head":"<!-- This site is optimized with the Yoast SEO plugin v27.5 - https:\/\/yoast.com\/product\/yoast-seo-wordpress\/ -->\n<title>Perch\u00e9 tanti temono la rinascita cattolica?\u00a0 - Rassegna Stampa Cattolica<\/title>\n<meta name=\"description\" content=\"Perch\u00e9 tanti temono la rinascita cattolica?\u00a0cresce il numero dei battesimi di adulti, ma i progressisti sono scettici\" \/>\n<meta name=\"robots\" content=\"index, follow, max-snippet:-1, max-image-preview:large, max-video-preview:-1\" \/>\n<link rel=\"canonical\" href=\"https:\/\/www.rassegnastampa-totustuus.it\/cattolica\/perche-tanti-temono-la-rinascita-cattolica\/\" \/>\n<meta property=\"og:locale\" content=\"it_IT\" \/>\n<meta property=\"og:type\" content=\"article\" \/>\n<meta property=\"og:title\" content=\"Perch\u00e9 tanti temono la rinascita cattolica?\u00a0 - Rassegna Stampa Cattolica\" \/>\n<meta property=\"og:description\" content=\"Perch\u00e9 tanti temono la rinascita cattolica?\u00a0cresce il numero dei battesimi di adulti, ma i progressisti sono scettici\" \/>\n<meta property=\"og:url\" content=\"https:\/\/www.rassegnastampa-totustuus.it\/cattolica\/perche-tanti-temono-la-rinascita-cattolica\/\" \/>\n<meta property=\"og:site_name\" content=\"Rassegna Stampa Cattolica\" \/>\n<meta property=\"article:publisher\" content=\"https:\/\/www.facebook.com\/rassegnastampacattolica\" \/>\n<meta property=\"article:published_time\" content=\"2026-04-29T23:10:00+00:00\" \/>\n<meta property=\"og:image\" content=\"https:\/\/www.rassegnastampa-totustuus.it\/cattolica\/wp-content\/uploads\/2007\/03\/stranieri_battesimo.jpg\" \/>\n\t<meta property=\"og:image:width\" content=\"275\" \/>\n\t<meta property=\"og:image:height\" content=\"183\" \/>\n\t<meta property=\"og:image:type\" content=\"image\/jpeg\" \/>\n<meta name=\"author\" content=\"Redazione\" \/>\n<meta name=\"twitter:card\" content=\"summary_large_image\" \/>\n<meta name=\"twitter:creator\" content=\"@rassegnastampa9\" \/>\n<meta name=\"twitter:site\" content=\"@rassegnastampa9\" \/>\n<meta name=\"twitter:label1\" content=\"Scritto da\" \/>\n\t<meta name=\"twitter:data1\" content=\"Redazione\" \/>\n\t<meta name=\"twitter:label2\" content=\"Tempo di lettura stimato\" \/>\n\t<meta name=\"twitter:data2\" content=\"8 minuti\" \/>\n<script type=\"application\/ld+json\" class=\"yoast-schema-graph\">{\"@context\":\"https:\\\/\\\/schema.org\",\"@graph\":[{\"@type\":\"Article\",\"@id\":\"https:\\\/\\\/www.rassegnastampa-totustuus.it\\\/cattolica\\\/perche-tanti-temono-la-rinascita-cattolica\\\/#article\",\"isPartOf\":{\"@id\":\"https:\\\/\\\/www.rassegnastampa-totustuus.it\\\/cattolica\\\/perche-tanti-temono-la-rinascita-cattolica\\\/\"},\"author\":{\"name\":\"Redazione\",\"@id\":\"https:\\\/\\\/www.rassegnastampa-totustuus.it\\\/cattolica\\\/#\\\/schema\\\/person\\\/08f319d2bd1a0904ad9e2bfb7b15e5c3\"},\"headline\":\"Perch\u00e9 tanti temono la rinascita cattolica?\u00a0\",\"datePublished\":\"2026-04-29T23:10:00+00:00\",\"mainEntityOfPage\":{\"@id\":\"https:\\\/\\\/www.rassegnastampa-totustuus.it\\\/cattolica\\\/perche-tanti-temono-la-rinascita-cattolica\\\/\"},\"wordCount\":1198,\"publisher\":{\"@id\":\"https:\\\/\\\/www.rassegnastampa-totustuus.it\\\/cattolica\\\/#organization\"},\"image\":{\"@id\":\"https:\\\/\\\/www.rassegnastampa-totustuus.it\\\/cattolica\\\/perche-tanti-temono-la-rinascita-cattolica\\\/#primaryimage\"},\"thumbnailUrl\":\"https:\\\/\\\/www.rassegnastampa-totustuus.it\\\/cattolica\\\/wp-content\\\/uploads\\\/2007\\\/03\\\/stranieri_battesimo.jpg\",\"keywords\":[\"conversioni\"],\"articleSection\":[\"Chiesa\"],\"inLanguage\":\"it-IT\"},{\"@type\":\"WebPage\",\"@id\":\"https:\\\/\\\/www.rassegnastampa-totustuus.it\\\/cattolica\\\/perche-tanti-temono-la-rinascita-cattolica\\\/\",\"url\":\"https:\\\/\\\/www.rassegnastampa-totustuus.it\\\/cattolica\\\/perche-tanti-temono-la-rinascita-cattolica\\\/\",\"name\":\"Perch\u00e9 tanti temono la rinascita cattolica?\u00a0 - Rassegna Stampa Cattolica\",\"isPartOf\":{\"@id\":\"https:\\\/\\\/www.rassegnastampa-totustuus.it\\\/cattolica\\\/#website\"},\"primaryImageOfPage\":{\"@id\":\"https:\\\/\\\/www.rassegnastampa-totustuus.it\\\/cattolica\\\/perche-tanti-temono-la-rinascita-cattolica\\\/#primaryimage\"},\"image\":{\"@id\":\"https:\\\/\\\/www.rassegnastampa-totustuus.it\\\/cattolica\\\/perche-tanti-temono-la-rinascita-cattolica\\\/#primaryimage\"},\"thumbnailUrl\":\"https:\\\/\\\/www.rassegnastampa-totustuus.it\\\/cattolica\\\/wp-content\\\/uploads\\\/2007\\\/03\\\/stranieri_battesimo.jpg\",\"datePublished\":\"2026-04-29T23:10:00+00:00\",\"description\":\"Perch\u00e9 tanti temono la rinascita cattolica?\u00a0cresce il numero dei battesimi di adulti, ma i progressisti sono scettici\",\"breadcrumb\":{\"@id\":\"https:\\\/\\\/www.rassegnastampa-totustuus.it\\\/cattolica\\\/perche-tanti-temono-la-rinascita-cattolica\\\/#breadcrumb\"},\"inLanguage\":\"it-IT\",\"potentialAction\":[{\"@type\":\"ReadAction\",\"target\":[\"https:\\\/\\\/www.rassegnastampa-totustuus.it\\\/cattolica\\\/perche-tanti-temono-la-rinascita-cattolica\\\/\"]}]},{\"@type\":\"ImageObject\",\"inLanguage\":\"it-IT\",\"@id\":\"https:\\\/\\\/www.rassegnastampa-totustuus.it\\\/cattolica\\\/perche-tanti-temono-la-rinascita-cattolica\\\/#primaryimage\",\"url\":\"https:\\\/\\\/www.rassegnastampa-totustuus.it\\\/cattolica\\\/wp-content\\\/uploads\\\/2007\\\/03\\\/stranieri_battesimo.jpg\",\"contentUrl\":\"https:\\\/\\\/www.rassegnastampa-totustuus.it\\\/cattolica\\\/wp-content\\\/uploads\\\/2007\\\/03\\\/stranieri_battesimo.jpg\",\"width\":275,\"height\":183},{\"@type\":\"BreadcrumbList\",\"@id\":\"https:\\\/\\\/www.rassegnastampa-totustuus.it\\\/cattolica\\\/perche-tanti-temono-la-rinascita-cattolica\\\/#breadcrumb\",\"itemListElement\":[{\"@type\":\"ListItem\",\"position\":1,\"name\":\"Home\",\"item\":\"https:\\\/\\\/www.rassegnastampa-totustuus.it\\\/cattolica\\\/\"},{\"@type\":\"ListItem\",\"position\":2,\"name\":\"Perch\u00e9 tanti temono la rinascita cattolica?\u00a0\"}]},{\"@type\":\"WebSite\",\"@id\":\"https:\\\/\\\/www.rassegnastampa-totustuus.it\\\/cattolica\\\/#website\",\"url\":\"https:\\\/\\\/www.rassegnastampa-totustuus.it\\\/cattolica\\\/\",\"name\":\"Rassegna Stampa Cattolica\",\"description\":\"Per una cultura che nasce dalla Rivelazione cristiana in conformit\u00e0 alla tradizione e al Magistero della Chiesa in opposizione ad ogni relativismo e totalitarismo\",\"publisher\":{\"@id\":\"https:\\\/\\\/www.rassegnastampa-totustuus.it\\\/cattolica\\\/#organization\"},\"alternateName\":\"Rass. Cattolica\",\"potentialAction\":[{\"@type\":\"SearchAction\",\"target\":{\"@type\":\"EntryPoint\",\"urlTemplate\":\"https:\\\/\\\/www.rassegnastampa-totustuus.it\\\/cattolica\\\/?s={search_term_string}\"},\"query-input\":{\"@type\":\"PropertyValueSpecification\",\"valueRequired\":true,\"valueName\":\"search_term_string\"}}],\"inLanguage\":\"it-IT\"},{\"@type\":\"Organization\",\"@id\":\"https:\\\/\\\/www.rassegnastampa-totustuus.it\\\/cattolica\\\/#organization\",\"name\":\"Rassegna Stampa Cattolica\",\"url\":\"https:\\\/\\\/www.rassegnastampa-totustuus.it\\\/cattolica\\\/\",\"logo\":{\"@type\":\"ImageObject\",\"inLanguage\":\"it-IT\",\"@id\":\"https:\\\/\\\/www.rassegnastampa-totustuus.it\\\/cattolica\\\/#\\\/schema\\\/logo\\\/image\\\/\",\"url\":\"https:\\\/\\\/www.rassegnastampa-totustuus.it\\\/cattolica\\\/wp-content\\\/uploads\\\/2014\\\/04\\\/logo-rassegna1.gif\",\"contentUrl\":\"https:\\\/\\\/www.rassegnastampa-totustuus.it\\\/cattolica\\\/wp-content\\\/uploads\\\/2014\\\/04\\\/logo-rassegna1.gif\",\"width\":600,\"height\":163,\"caption\":\"Rassegna Stampa Cattolica\"},\"image\":{\"@id\":\"https:\\\/\\\/www.rassegnastampa-totustuus.it\\\/cattolica\\\/#\\\/schema\\\/logo\\\/image\\\/\"},\"sameAs\":[\"https:\\\/\\\/www.facebook.com\\\/rassegnastampacattolica\",\"https:\\\/\\\/x.com\\\/rassegnastampa9\"]},{\"@type\":\"Person\",\"@id\":\"https:\\\/\\\/www.rassegnastampa-totustuus.it\\\/cattolica\\\/#\\\/schema\\\/person\\\/08f319d2bd1a0904ad9e2bfb7b15e5c3\",\"name\":\"Redazione\",\"image\":{\"@type\":\"ImageObject\",\"inLanguage\":\"it-IT\",\"@id\":\"https:\\\/\\\/secure.gravatar.com\\\/avatar\\\/2fcdf27c78ea025fbdb44e914cc63c72249ffec9dc8aafd5c82b26240ef3f346?s=96&d=mm&r=g\",\"url\":\"https:\\\/\\\/secure.gravatar.com\\\/avatar\\\/2fcdf27c78ea025fbdb44e914cc63c72249ffec9dc8aafd5c82b26240ef3f346?s=96&d=mm&r=g\",\"contentUrl\":\"https:\\\/\\\/secure.gravatar.com\\\/avatar\\\/2fcdf27c78ea025fbdb44e914cc63c72249ffec9dc8aafd5c82b26240ef3f346?s=96&d=mm&r=g\",\"caption\":\"Redazione\"},\"url\":\"https:\\\/\\\/www.rassegnastampa-totustuus.it\\\/cattolica\\\/author\\\/pietroelle\\\/\"}]}<\/script>\n<!-- \/ Yoast SEO plugin. -->","yoast_head_json":{"title":"Perch\u00e9 tanti temono la rinascita cattolica?\u00a0 - Rassegna Stampa Cattolica","description":"Perch\u00e9 tanti temono la rinascita cattolica?\u00a0cresce il numero dei battesimi di adulti, ma i progressisti sono scettici","robots":{"index":"index","follow":"follow","max-snippet":"max-snippet:-1","max-image-preview":"max-image-preview:large","max-video-preview":"max-video-preview:-1"},"canonical":"https:\/\/www.rassegnastampa-totustuus.it\/cattolica\/perche-tanti-temono-la-rinascita-cattolica\/","og_locale":"it_IT","og_type":"article","og_title":"Perch\u00e9 tanti temono la rinascita cattolica?\u00a0 - Rassegna Stampa Cattolica","og_description":"Perch\u00e9 tanti temono la rinascita cattolica?\u00a0cresce il numero dei battesimi di adulti, ma i progressisti sono scettici","og_url":"https:\/\/www.rassegnastampa-totustuus.it\/cattolica\/perche-tanti-temono-la-rinascita-cattolica\/","og_site_name":"Rassegna Stampa Cattolica","article_publisher":"https:\/\/www.facebook.com\/rassegnastampacattolica","article_published_time":"2026-04-29T23:10:00+00:00","og_image":[{"width":275,"height":183,"url":"https:\/\/www.rassegnastampa-totustuus.it\/cattolica\/wp-content\/uploads\/2007\/03\/stranieri_battesimo.jpg","type":"image\/jpeg"}],"author":"Redazione","twitter_card":"summary_large_image","twitter_creator":"@rassegnastampa9","twitter_site":"@rassegnastampa9","twitter_misc":{"Scritto da":"Redazione","Tempo di lettura stimato":"8 minuti"},"schema":{"@context":"https:\/\/schema.org","@graph":[{"@type":"Article","@id":"https:\/\/www.rassegnastampa-totustuus.it\/cattolica\/perche-tanti-temono-la-rinascita-cattolica\/#article","isPartOf":{"@id":"https:\/\/www.rassegnastampa-totustuus.it\/cattolica\/perche-tanti-temono-la-rinascita-cattolica\/"},"author":{"name":"Redazione","@id":"https:\/\/www.rassegnastampa-totustuus.it\/cattolica\/#\/schema\/person\/08f319d2bd1a0904ad9e2bfb7b15e5c3"},"headline":"Perch\u00e9 tanti temono la rinascita cattolica?\u00a0","datePublished":"2026-04-29T23:10:00+00:00","mainEntityOfPage":{"@id":"https:\/\/www.rassegnastampa-totustuus.it\/cattolica\/perche-tanti-temono-la-rinascita-cattolica\/"},"wordCount":1198,"publisher":{"@id":"https:\/\/www.rassegnastampa-totustuus.it\/cattolica\/#organization"},"image":{"@id":"https:\/\/www.rassegnastampa-totustuus.it\/cattolica\/perche-tanti-temono-la-rinascita-cattolica\/#primaryimage"},"thumbnailUrl":"https:\/\/www.rassegnastampa-totustuus.it\/cattolica\/wp-content\/uploads\/2007\/03\/stranieri_battesimo.jpg","keywords":["conversioni"],"articleSection":["Chiesa"],"inLanguage":"it-IT"},{"@type":"WebPage","@id":"https:\/\/www.rassegnastampa-totustuus.it\/cattolica\/perche-tanti-temono-la-rinascita-cattolica\/","url":"https:\/\/www.rassegnastampa-totustuus.it\/cattolica\/perche-tanti-temono-la-rinascita-cattolica\/","name":"Perch\u00e9 tanti temono la rinascita cattolica?\u00a0 - Rassegna Stampa Cattolica","isPartOf":{"@id":"https:\/\/www.rassegnastampa-totustuus.it\/cattolica\/#website"},"primaryImageOfPage":{"@id":"https:\/\/www.rassegnastampa-totustuus.it\/cattolica\/perche-tanti-temono-la-rinascita-cattolica\/#primaryimage"},"image":{"@id":"https:\/\/www.rassegnastampa-totustuus.it\/cattolica\/perche-tanti-temono-la-rinascita-cattolica\/#primaryimage"},"thumbnailUrl":"https:\/\/www.rassegnastampa-totustuus.it\/cattolica\/wp-content\/uploads\/2007\/03\/stranieri_battesimo.jpg","datePublished":"2026-04-29T23:10:00+00:00","description":"Perch\u00e9 tanti temono la rinascita cattolica?\u00a0cresce il numero dei battesimi di adulti, ma i progressisti sono scettici","breadcrumb":{"@id":"https:\/\/www.rassegnastampa-totustuus.it\/cattolica\/perche-tanti-temono-la-rinascita-cattolica\/#breadcrumb"},"inLanguage":"it-IT","potentialAction":[{"@type":"ReadAction","target":["https:\/\/www.rassegnastampa-totustuus.it\/cattolica\/perche-tanti-temono-la-rinascita-cattolica\/"]}]},{"@type":"ImageObject","inLanguage":"it-IT","@id":"https:\/\/www.rassegnastampa-totustuus.it\/cattolica\/perche-tanti-temono-la-rinascita-cattolica\/#primaryimage","url":"https:\/\/www.rassegnastampa-totustuus.it\/cattolica\/wp-content\/uploads\/2007\/03\/stranieri_battesimo.jpg","contentUrl":"https:\/\/www.rassegnastampa-totustuus.it\/cattolica\/wp-content\/uploads\/2007\/03\/stranieri_battesimo.jpg","width":275,"height":183},{"@type":"BreadcrumbList","@id":"https:\/\/www.rassegnastampa-totustuus.it\/cattolica\/perche-tanti-temono-la-rinascita-cattolica\/#breadcrumb","itemListElement":[{"@type":"ListItem","position":1,"name":"Home","item":"https:\/\/www.rassegnastampa-totustuus.it\/cattolica\/"},{"@type":"ListItem","position":2,"name":"Perch\u00e9 tanti temono la rinascita cattolica?\u00a0"}]},{"@type":"WebSite","@id":"https:\/\/www.rassegnastampa-totustuus.it\/cattolica\/#website","url":"https:\/\/www.rassegnastampa-totustuus.it\/cattolica\/","name":"Rassegna Stampa Cattolica","description":"Per una cultura che nasce dalla Rivelazione cristiana in conformit\u00e0 alla tradizione e al Magistero della Chiesa in opposizione ad ogni relativismo e totalitarismo","publisher":{"@id":"https:\/\/www.rassegnastampa-totustuus.it\/cattolica\/#organization"},"alternateName":"Rass. Cattolica","potentialAction":[{"@type":"SearchAction","target":{"@type":"EntryPoint","urlTemplate":"https:\/\/www.rassegnastampa-totustuus.it\/cattolica\/?s={search_term_string}"},"query-input":{"@type":"PropertyValueSpecification","valueRequired":true,"valueName":"search_term_string"}}],"inLanguage":"it-IT"},{"@type":"Organization","@id":"https:\/\/www.rassegnastampa-totustuus.it\/cattolica\/#organization","name":"Rassegna Stampa Cattolica","url":"https:\/\/www.rassegnastampa-totustuus.it\/cattolica\/","logo":{"@type":"ImageObject","inLanguage":"it-IT","@id":"https:\/\/www.rassegnastampa-totustuus.it\/cattolica\/#\/schema\/logo\/image\/","url":"https:\/\/www.rassegnastampa-totustuus.it\/cattolica\/wp-content\/uploads\/2014\/04\/logo-rassegna1.gif","contentUrl":"https:\/\/www.rassegnastampa-totustuus.it\/cattolica\/wp-content\/uploads\/2014\/04\/logo-rassegna1.gif","width":600,"height":163,"caption":"Rassegna Stampa Cattolica"},"image":{"@id":"https:\/\/www.rassegnastampa-totustuus.it\/cattolica\/#\/schema\/logo\/image\/"},"sameAs":["https:\/\/www.facebook.com\/rassegnastampacattolica","https:\/\/x.com\/rassegnastampa9"]},{"@type":"Person","@id":"https:\/\/www.rassegnastampa-totustuus.it\/cattolica\/#\/schema\/person\/08f319d2bd1a0904ad9e2bfb7b15e5c3","name":"Redazione","image":{"@type":"ImageObject","inLanguage":"it-IT","@id":"https:\/\/secure.gravatar.com\/avatar\/2fcdf27c78ea025fbdb44e914cc63c72249ffec9dc8aafd5c82b26240ef3f346?s=96&d=mm&r=g","url":"https:\/\/secure.gravatar.com\/avatar\/2fcdf27c78ea025fbdb44e914cc63c72249ffec9dc8aafd5c82b26240ef3f346?s=96&d=mm&r=g","contentUrl":"https:\/\/secure.gravatar.com\/avatar\/2fcdf27c78ea025fbdb44e914cc63c72249ffec9dc8aafd5c82b26240ef3f346?s=96&d=mm&r=g","caption":"Redazione"},"url":"https:\/\/www.rassegnastampa-totustuus.it\/cattolica\/author\/pietroelle\/"}]}},"_links":{"self":[{"href":"https:\/\/www.rassegnastampa-totustuus.it\/cattolica\/wp-json\/wp\/v2\/posts\/64559","targetHints":{"allow":["GET"]}}],"collection":[{"href":"https:\/\/www.rassegnastampa-totustuus.it\/cattolica\/wp-json\/wp\/v2\/posts"}],"about":[{"href":"https:\/\/www.rassegnastampa-totustuus.it\/cattolica\/wp-json\/wp\/v2\/types\/post"}],"author":[{"embeddable":true,"href":"https:\/\/www.rassegnastampa-totustuus.it\/cattolica\/wp-json\/wp\/v2\/users\/6"}],"replies":[{"embeddable":true,"href":"https:\/\/www.rassegnastampa-totustuus.it\/cattolica\/wp-json\/wp\/v2\/comments?post=64559"}],"version-history":[{"count":1,"href":"https:\/\/www.rassegnastampa-totustuus.it\/cattolica\/wp-json\/wp\/v2\/posts\/64559\/revisions"}],"predecessor-version":[{"id":64560,"href":"https:\/\/www.rassegnastampa-totustuus.it\/cattolica\/wp-json\/wp\/v2\/posts\/64559\/revisions\/64560"}],"wp:featuredmedia":[{"embeddable":true,"href":"https:\/\/www.rassegnastampa-totustuus.it\/cattolica\/wp-json\/wp\/v2\/media\/35627"}],"wp:attachment":[{"href":"https:\/\/www.rassegnastampa-totustuus.it\/cattolica\/wp-json\/wp\/v2\/media?parent=64559"}],"wp:term":[{"taxonomy":"category","embeddable":true,"href":"https:\/\/www.rassegnastampa-totustuus.it\/cattolica\/wp-json\/wp\/v2\/categories?post=64559"},{"taxonomy":"post_tag","embeddable":true,"href":"https:\/\/www.rassegnastampa-totustuus.it\/cattolica\/wp-json\/wp\/v2\/tags?post=64559"}],"curies":[{"name":"wp","href":"https:\/\/api.w.org\/{rel}","templated":true}]}}