{"id":645,"date":"2005-06-01T17:08:49","date_gmt":"2005-06-01T15:08:49","guid":{"rendered":""},"modified":"2016-03-29T16:55:34","modified_gmt":"2016-03-29T14:55:34","slug":"duns-scoto","status":"publish","type":"post","link":"https:\/\/www.rassegnastampa-totustuus.it\/cattolica\/duns-scoto\/","title":{"rendered":"Duns Scoto"},"content":{"rendered":"<div style=\"text-align: center;\"><strong><img loading=\"lazy\" decoding=\"async\" class=\"alignleft wp-image-32377\" src=\"https:\/\/www.rassegnastampa-totustuus.it\/cattolica\/wp-content\/uploads\/2005\/06\/Duns-Scoto.jpg\" alt=\"Duns Scoto\" width=\"131\" height=\"200\" \/>La vita, le opere<\/strong><\/div>\n<div style=\"text-align: justify;\"><strong>Vita.<\/strong><\/div>\n<p style=\"text-align: justify;\">Filosofo e teologo francescano, originario della Scozia, done il soprannome &#8220;Scoto&#8221; (Duns [contea di Berwick] 1265-66 &#8211; Colonia 1308). Fece i primi studi presso i francescani di Haddington, ed entr\u00f2 nell&#8217;Ordine nel 1282 nel convento di Dumfries. Continu\u00f2 gli studi presso l&#8217;universit\u00e0 di Oxford e forse di Parigi, fu ordinato sacerdote nel 1291.<\/p>\n<p style=\"text-align: justify;\"><!--more--><\/p>\n<p style=\"text-align: justify;\">Ritornato a Parigi, vi rimase per 5 anni per condurre a termine gli studi filosofici e teologici per il baccellierato in teologia. Inizi\u00f2 il suo insegnamento poi ad Oxford con il maestro Guglielmo di Ware, e poi a Cambridge. Nel 1301 ritorn\u00f2 a Parigi dove insegnavano Goffredo di Fontaines, Enrico di Gand, Eckart ed Egidio Romano. Due anni dopo dovette lasciare Parigi per non avere acceduto alla posizione di Filippo il Bello nella lotta contro il papa Bonifacio VIII. Nel 1304 fu di nuovo a Parigi dove, nel 1305, consegu\u00ec il grado di Magister; nel 1306-1307 fu maestro reggente di quello Studio francescano, quando improvvisamente (forse per l&#8217;ostilit\u00e0 di Filippo il Bello) venne trasferito a Colonia dove mor\u00ec l&#8217;anno dopo.<\/p>\n<p style=\"text-align: justify;\">Venerato come beato nelle diocesi di Colonia e di Nola, il suo nome \u00e8 inserito nel <em>Martyrologium Franciscanum,<\/em> e la sua causa di beatificazione \u00e8 stata avviata una prima volta nel 1706, e una seconda volta nel 1905.<\/p>\n<p style=\"text-align: justify;\"><strong>Scoto nella storia della cultura cristiana.<\/strong><\/p>\n<p style=\"text-align: justify;\">Dopo Tommaso e Bonaventura \u00e8 l&#8217;altro grande maestro del periodo d&#8217;oro della Scolastica. S. (chiamato Doctor subtilis, o anche Doctor Verbi Incarnati, Doctor Marianus) fu il pi\u00f9 insigne esponente della seconda Scuola francescana, ed \u00e8 con Bonaventura di Bagnorea il maggior filosofo francescano. Intorno al suo pensiero \u00e8 stata alimentata una polemica secolare che in questi ultimi decenni sembra finalmente placarsi, col rifiorire degli studi medievali e il lavoro della Commissione per l&#8217;edizione critica delle sue opere.<\/p>\n<p style=\"text-align: justify;\"><strong>Lo spirito dello scotismo. <\/strong><\/p>\n<p style=\"text-align: justify;\">L&#8217;originalit\u00e0 di S. ha come punto di partenza una critica ai sistemi aristotelico-tomista e agostiniano-bonaventuriano che si fronteggiavano all&#8217;universit\u00e0 di Parigi, i cui vessilliferi erano da una parte Goffredo di Fontaines ed Egidio Romano, e dall&#8217;altra Enrico di Gand. Tra tali due sistemi rivali S. cerca una sintesi nuova, che salvi da un lato la centralit\u00e0 di Cristo e del soprannaturale propria della tradizione francescana accogliendo d&#8217;altro lato quanto possibile l&#8217;istanza aristotelico-tomista di valorizzazione della conoscenza sensibile e della realt\u00e0 corporea. Una caratteristica notevole del suo pensiero, che gli ha meritato l&#8217;appellativo di Subtilis (sottile), \u00e8 proprio la sua costante preoccupazione di non perdere nulla di ci\u00f2 che di positivo vi \u00e8 in impostazioni e sistemi anche opposti, ricorrendo a distinzioni, appunti, sottili.<\/p>\n<p style=\"text-align: justify;\">La ragione in effetti deve per S. riconoscere la sua l&#8217;insufficienza nell&#8217;affrontare la situazione concreta (status) dell&#8217;uomo, e accettare cos\u00ec di integrarsi alla fede: al centro di tutto per S. sta Cristo(Cristocentrismo), il Verbo incarnato la cui missione non \u00e8 semplicemente quella di riparare il peccato originale, quasi fosse da esso condizionata, ma quella di divinizzare l&#8217;uomo. Essenziale allora \u00e8 mostrare come tutto debba essere riferito a tale unitario Centro.<\/p>\n<p style=\"text-align: justify;\"><strong>Metafisica.<\/strong><\/p>\n<p style=\"text-align: justify;\">Cos\u00ec in metafisica la tesi pi\u00f9 significativa di S. \u00e8 quella dell&#8217;univocit\u00e0 dell&#8217;essere (laddove Tommaso d&#8217;Aquino (v.) aveva sostenuto la analogicit\u00e0 dell&#8217;essere): con tale tesi, che significa che il termine essere viene usato nello stesso senso in rapporto ai vari enti di cui viene detto, S. non nega certo l&#8217;infinita differenza ontologica che corre tra l&#8217;Essere Infinito e l&#8217;essere creaturale, ma intende sottolineare come tra tutto ci\u00f2 che esiste ci sia una intrinseca comunione, che ci consente di parlare imperfettamente, ma legittimamente dello stesso Infinito.<\/p>\n<p style=\"text-align: justify;\">Attraverso la nozione univoca dell&#8217;essere infatti S. si apre la via allo studio dell&#8217;Essere Infinito. Le sue prove dell&#8217;esistenza di Dio si riconducono a tre, e giungono a Dio come Causa, come Perfezione e come Fine. S. si chiede anzitutto se l&#8217;Essere Infinito sia possibile; la risposta \u00e8 affermativa in quanto non implica contraddizione. Poi, con un processo dimostrativo che si muove sul piano rigorosamente metafisico, afferma l&#8217;esistenza attuale dell&#8217;Essere Infinito.<\/p>\n<p style=\"text-align: justify;\">In primo luogo S. dimostra come debba esistere una Prima Causa efficiente di tutto, un Natura assolutamente perfetta, e un Fine Ultimo. E quindi egli argomenta come tale Causa, Perfezione e Fine deve essere infinito, cio\u00e8 sia appunto Dio. La forza della dimostrazione scotista risulta dal massimo rigore logico che riduce all&#8217;impensabilit\u00e0 (in quanto evidentemente contraddittoria) ogni possibilit\u00e0 diversa o contraria.<\/p>\n<p style=\"text-align: justify;\"><strong>Gnoseologia. <\/strong><\/p>\n<p style=\"text-align: justify;\">La mente umana in effetti non \u00e8 aperta al solo essere delle cose sensibili (come inclinava a pensare Tommaso d&#8217;Aquino), ma all&#8217;essere in quanto tale, in tutta la sua ampiezza (ens in quantum ens): l&#8217;intelletto tende verso la totalit\u00e0; \u00e8 solo in seguito al peccato originale che l&#8217;oggetto proprio dell&#8217;intelletto si \u00e8 in qualche modo, di fatto, ristretto all&#8217;intelligibile presente nel sensibile, ma per natura l&#8217;oggetto dell&#8217;intelletto \u00e8 appunto l&#8217;essere nella sua ampiezza totale.<\/p>\n<p style=\"text-align: justify;\">Altra tesi di S. \u00e8 la conoscibilit\u00e0 intellettiva del singolare, anche in questo caso in opposizione a Tommaso: l&#8217;intelletto non conosce solo aspetti universali, ma la concretezza del singolare. Per S. infatti sarebbe inconcepibile l&#8217;impossibilit\u00e0 di pensare ci\u00f2 che pi\u00f9 merita l&#8217;attenzione dell&#8217;uomo, ossia Cristo, che, Verbo incarnato nella determinatezza storica, \u00e8 un Singolare. D&#8217;accordo con Tommaso invece \u00e8 S. nel ritenere che tutta la conoscenza umana tragga origine dai sensi; ma rispetto all&#8217;Aquinate la funzione del soggetto conoscente \u00e8 da un lato pi\u00f9 attiva nei confronti dell&#8217;oggetto conosciuto e dall&#8217;altro \u00e8 in stretta relazione con la presenza illuminante di Cristo.<\/p>\n<p style=\"text-align: justify;\"><strong>Cosmologia.<\/strong><\/p>\n<p style=\"text-align: justify;\">In cosmologia S. si attenne alla teoria ilemorfica (unit\u00e0 di materia e forma) gi\u00e0 teorizzata da Aristotele; ma egli concede anche alla materia un minimo di attualit\u00e0 (quid positivum) quale termine dell&#8217;atto creativo, pena la sua vanificazione; la forma \u00e8 atto in quanto principio di determinatezza e di distinzione. Originale fu la soluzione di S. al problema, dibattuto nella Scolastica, del principium individuationis: se tutti gli individui di una certa specie hanno la medesima forma (specifica) e d&#8217;altra parte la materia \u00e8 un principio indeterminato e non differenziante, che cosa differenzier\u00e0 un individuo dagli altri della stessa specie?<\/p>\n<p style=\"text-align: justify;\">Tommaso aveva detto: la materia; certo non la materia in quanto totalmente indeterminata, ma una materia in qualche modo gi\u00e0 specificata (la materia signata quantitate). S. \u00e8 insoddisfatto di tale spiegazione, che non conferisce sufficiente valore al singolare, ed elabora cos\u00ec la sua (sottile) proposta, secondo cui non \u00e8 n\u00e9 la materia n\u00e9 la forma specifica ad individuare, ma un principio ulteriore l&#8217;haecceitas (neologismo da lui coniato= letteralmente &#8220;questit\u00e0&#8221;, ovvero &#8220;l&#8217;essere questo qui&#8221;), ultima perfezione entitativa, ultima sigillo perfezionate della forma.<\/p>\n<p style=\"text-align: justify;\"><strong>Antropologia. <\/strong><\/p>\n<p style=\"text-align: justify;\">Anche l&#8217;uomo ha una struttura ilemorfica, in quanto unit\u00e0 sostanziale di anima e corpo; da un lato il corpo ha una sua forma corporeitatis, e dall&#8217;altro l&#8217;anima, oltre che forma di vita sensitiva e vegetativa, \u00e8 in qualche modo una sostanza spirituale, principio delle facolt\u00e0 conoscitiva e volitiva che trascendono il piano dell&#8217;esperienza sensibile; dunque, nella linea della tradizione francescana e differenziandosi dall&#8217;aristotelismo di Tommaso, S. attribuisce allo spirito umano una maggior eccellenza rispetto al livello corporeo. Il primato nelle facolt\u00e0 \u00e8 concesso da S. alla volont\u00e0, in quanto intrinsecamente libera di fronte all&#8217;oggetto presentatole dall&#8217;intelletto, e perch\u00e9 esercita un certo dominio anche sullo stesso intelletto.<\/p>\n<p style=\"text-align: justify;\">Tale ne fu la sua stima da ritenere che nella stessa beatitudine eterna l&#8217;uomo rester\u00e0 libero di scegliere. Essendo spirituale, l&#8217;anima \u00e8 immortale; tuttavia, essendo creata, l&#8217;anima potrebbe, assolutamente parlando, venire annientata dal Creatore (anche se ci\u00f2 non \u00e8 niente pi\u00f9 che una ipotesi filosofica, che la fede assicura essere falsa).<\/p>\n<p style=\"text-align: justify;\"><strong>Etica.<\/strong><\/p>\n<p style=\"text-align: justify;\">In Dio S. ripone il fondamento ultimo della moralit\u00e0: Deus est rationabilissime et ordinatissime volens, onde la volont\u00e0 divina vuole solo ci\u00f2 che \u00e8 conforme a verit\u00e0 (all&#8217;essenza divina). Per il fatto che S. limita la bont\u00e0 morale di un atto nel suo riferirsi a Dio (fine ultimo), risulta che molte azioni umane possono essere moralmente indifferenti, per quanto non cattive. Il bene diventa un dovere morale solo se \u00e8 bene necessario (Dio) o se \u00e8 mezzo indispensabile per raggiungere il fine ultimo (Dio). La sfera del bene-dovere \u00e8 indicata dalla legge naturale che S. distingue in legge naturale in senso stretto (in cui entrano i doveri verso Dio) e in legge naturale in senso largo (in cui rientrano i doveri verso se stessi e il prossimo).<\/p>\n<p style=\"text-align: justify;\"><strong>Teologia.<\/strong><\/p>\n<p style=\"text-align: justify;\">Scoro concepisce la teologia come scienza fortemente connotata in senso affettivo (nel solco della tradizione agostiniano-francescana), in quanto approfondisce il mistero di Dio nel suo rivelarsi all&#8217;uomo, perch\u00e9 l&#8217;uomo possa agire in modo da fruirne la proposta salvifica. Dio si \u00e8 rivelato come mistero di amore (Deus caritas est); amore \u00e8 la creazione, amore \u00e8 la grazia, amore \u00e8 la beatitudine eterna; ma soprattutto \u00e8 amore l&#8217;incarnazione del Figlio di Dio: &#8220;Dico dunque, anzitutto, che Dio si ama; secondariamente, Dio si ama per andare ad altri, e questo amore \u00e8 ordinato; terzo, Dio vuol essere amato da qualcuno che possa amarlo di un sommo amore, ed io parlo di un amore estrinseco a lui; quarto, Dio prevede l&#8217;unione con se stesso di questo essere che deve amarlo, anche se non vi fosse tra gli esseri creati nessuno che tradisca l&#8217;amore&#8221;.<\/p>\n<p style=\"text-align: justify;\">\u00c8 questa teologia dell&#8217;amore che conduce S. a stabilire la famosa dottrina del Cristocentrismo: il Cristo, Dio-Uomo, \u00e8 per se stesso voluto da Dio, assolutamente e incondizionatamente (cio\u00e8 anche se l&#8217;uomo non avesse peccato), in quanto termine di Amore infinito e soggetto di uguale amore. Pertanto il Cristo \u00e8 principio e fine di tutta la realt\u00e0 creata, nell&#8217;ordine della natura, della grazia e della gloria. Immediata conseguenza di questa dottrina \u00e8 l&#8217;altra (definita come dogma di fede l&#8217;8 dicembre 1850) dell&#8217;Immacolata Concezione: Maria, in quanto madre predestinata del Cristo, non poteva essere esclusa dalla pienezza di amore, causa il peccato originale: S. introduce per lei il concetto di &#8220;Redenzione preventiva&#8221;, per giustificare come la Madre di Dio sia, insieme, redenta e immune dalla colpa originale.<\/p>\n<p style=\"text-align: justify;\">Particolare interesse poi hanno assunto, dopo il concilio Vaticano secondo, altre dottrine scotiste, come quella sulla Rivelazione (che \u00e8 trasmessa nelle Scritture, bench\u00e9 alcune verit\u00e0 particolari siano state trasmesse alla Chiesa attraverso la tradizione), e quella del carattere sacramentale dell&#8217;Ordine episcopale.<\/p>\n<p style=\"text-align: justify;\"><strong>Il problema delle opere di Scoto.<\/strong><\/p>\n<p style=\"text-align: justify;\">La questione sulla autenticit\u00e0 e genuinit\u00e0 degli scritti di S. ha sempre tormentato i critici; infatti l&#8217;importanza e la diffusione del pensiero scotista ha fatto s\u00ec che vari scritti di discepoli fossero inseriti tra quelli del maestro, e che varie interpolazioni fossero introdotte nel suo testo. L&#8217;odierna commissione internazionale per l&#8217;edizione critica delle opere di S. (pur essendo ben lungi dall&#8217;aver ultimato il suo lavoro) ha stabilito l&#8217;elenco delle opere autentiche.<\/p>\n<p style=\"text-align: justify;\">Tra le principali opere ricordiamo: <em>Super Universalia Porphyrii quaestiones; In librum Praedicamentorum quaestiones; Quaestiones in I e II Perihermeneias Aristotelis; In duas libros Perihermeneias, operis secundi, quod appellant, quaestiones; Quaestiones super libros Aristotelis De anima; De primo rerum omnium principio; Theoremata; Collationes Parisienses; Quaestiones super libros Metaphysicorum Aristotelis; Opus Oxoniense; Reportata Parisiensia; Quodlibet; Reportatio in IV Sent.; Lectura in I Sent.; Collationes 6 Oxonienses et Parisienses<\/em>.<\/p>\n<p style=\"text-align: justify;\"><strong>Testi<\/strong><\/p>\n<p style=\"text-align: justify;\">Nella <em>Catholic Encyclopedia on line<\/em> (in inglese, 38 kb html)<\/p>\n<p style=\"text-align: justify;\"><strong>Bibliografia essenziale<\/strong><\/p>\n<p style=\"text-align: justify;\"><strong>Gilson E<\/strong>., <em>Jean Duns Scot<\/em>, Vrin, Paris 1952.<br \/>\n<strong>Biffi Inos<\/strong>, <em>Figure medioevali della teologia: la teologia in Duns Scoto<\/em>, Teologia (ed. Glossa), Milano.<\/p>\n<div style=\"text-align: justify;\"><strong>Bonasea B.<\/strong>, <em>L&#8217;uomo e Dio nel pensiero di Duns Scoto<\/em>, Jaca Book, Milano 1991<\/div>\n","protected":false},"excerpt":{"rendered":"<p>La vita, le opere Vita. Filosofo e teologo francescano, originario della Scozia, done il soprannome &#8220;Scoto&#8221; (Duns [contea di Berwick] 1265-66 &#8211; Colonia 1308). Fece i primi studi presso i francescani di Haddington, ed entr\u00f2 nell&#8217;Ordine nel 1282 nel convento di Dumfries. Continu\u00f2 gli studi presso l&#8217;universit\u00e0 di Oxford e forse di Parigi, fu ordinato &hellip; <\/p>\n<p><a class=\"more-link btn\" href=\"https:\/\/www.rassegnastampa-totustuus.it\/cattolica\/duns-scoto\/\">Continua a leggere<\/a><\/p>\n","protected":false},"author":6,"featured_media":32377,"comment_status":"closed","ping_status":"open","sticky":false,"template":"","format":"standard","meta":{"footnotes":""},"categories":[57,18],"tags":[614,170],"class_list":["post-645","post","type-post","status-publish","format-standard","has-post-thumbnail","hentry","category-filosofia","category-personaggi","tag-duns-scoto","tag-filosofia-2","item-wrap"],"yoast_head":"<!-- This site is optimized with the Yoast SEO plugin v27.5 - https:\/\/yoast.com\/product\/yoast-seo-wordpress\/ -->\n<title>Duns Scoto - Rassegna Stampa Cattolica<\/title>\n<meta name=\"description\" content=\"Rassegna Stampa Cattolica - Per una cultura che nasce dalla Rivelazione cristiana in conformit\u00e0 alla tradizione e al Magistero della Chiesa in opposizione ad ogni relativismo e totalitarismo\" \/>\n<meta name=\"robots\" content=\"index, follow, max-snippet:-1, max-image-preview:large, max-video-preview:-1\" \/>\n<link rel=\"canonical\" href=\"https:\/\/www.rassegnastampa-totustuus.it\/cattolica\/duns-scoto\/\" \/>\n<meta property=\"og:locale\" content=\"it_IT\" \/>\n<meta property=\"og:type\" content=\"article\" \/>\n<meta property=\"og:title\" content=\"Duns Scoto - Rassegna Stampa Cattolica\" \/>\n<meta property=\"og:description\" content=\"Rassegna Stampa Cattolica - Per una cultura che nasce dalla Rivelazione cristiana in conformit\u00e0 alla tradizione e al Magistero della Chiesa in opposizione ad ogni relativismo e totalitarismo\" \/>\n<meta property=\"og:url\" content=\"https:\/\/www.rassegnastampa-totustuus.it\/cattolica\/duns-scoto\/\" \/>\n<meta property=\"og:site_name\" content=\"Rassegna Stampa Cattolica\" \/>\n<meta property=\"article:publisher\" content=\"https:\/\/www.facebook.com\/rassegnastampacattolica\" \/>\n<meta property=\"article:published_time\" content=\"2005-06-01T15:08:49+00:00\" \/>\n<meta property=\"article:modified_time\" content=\"2016-03-29T14:55:34+00:00\" \/>\n<meta property=\"og:image\" content=\"https:\/\/www.rassegnastampa-totustuus.it\/cattolica\/wp-content\/uploads\/2005\/06\/Duns-Scoto.jpg\" \/>\n\t<meta property=\"og:image:width\" content=\"180\" \/>\n\t<meta property=\"og:image:height\" content=\"274\" \/>\n\t<meta property=\"og:image:type\" content=\"image\/jpeg\" \/>\n<meta name=\"author\" content=\"Redazione\" \/>\n<meta name=\"twitter:card\" content=\"summary_large_image\" \/>\n<meta name=\"twitter:creator\" content=\"@rassegnastampa9\" \/>\n<meta name=\"twitter:site\" content=\"@rassegnastampa9\" \/>\n<meta name=\"twitter:label1\" content=\"Scritto da\" \/>\n\t<meta name=\"twitter:data1\" content=\"Redazione\" \/>\n\t<meta name=\"twitter:label2\" content=\"Tempo di lettura stimato\" \/>\n\t<meta name=\"twitter:data2\" content=\"9 minuti\" \/>\n<script type=\"application\/ld+json\" class=\"yoast-schema-graph\">{\"@context\":\"https:\\\/\\\/schema.org\",\"@graph\":[{\"@type\":\"Article\",\"@id\":\"https:\\\/\\\/www.rassegnastampa-totustuus.it\\\/cattolica\\\/duns-scoto\\\/#article\",\"isPartOf\":{\"@id\":\"https:\\\/\\\/www.rassegnastampa-totustuus.it\\\/cattolica\\\/duns-scoto\\\/\"},\"author\":{\"name\":\"Redazione\",\"@id\":\"https:\\\/\\\/www.rassegnastampa-totustuus.it\\\/cattolica\\\/#\\\/schema\\\/person\\\/08f319d2bd1a0904ad9e2bfb7b15e5c3\"},\"headline\":\"Duns Scoto\",\"datePublished\":\"2005-06-01T15:08:49+00:00\",\"dateModified\":\"2016-03-29T14:55:34+00:00\",\"mainEntityOfPage\":{\"@id\":\"https:\\\/\\\/www.rassegnastampa-totustuus.it\\\/cattolica\\\/duns-scoto\\\/\"},\"wordCount\":1882,\"publisher\":{\"@id\":\"https:\\\/\\\/www.rassegnastampa-totustuus.it\\\/cattolica\\\/#organization\"},\"image\":{\"@id\":\"https:\\\/\\\/www.rassegnastampa-totustuus.it\\\/cattolica\\\/duns-scoto\\\/#primaryimage\"},\"thumbnailUrl\":\"https:\\\/\\\/www.rassegnastampa-totustuus.it\\\/cattolica\\\/wp-content\\\/uploads\\\/2005\\\/06\\\/Duns-Scoto.jpg\",\"keywords\":[\"Duns Scoto\",\"filosofia\"],\"articleSection\":[\"Filosofia\",\"Personaggi\"],\"inLanguage\":\"it-IT\"},{\"@type\":\"WebPage\",\"@id\":\"https:\\\/\\\/www.rassegnastampa-totustuus.it\\\/cattolica\\\/duns-scoto\\\/\",\"url\":\"https:\\\/\\\/www.rassegnastampa-totustuus.it\\\/cattolica\\\/duns-scoto\\\/\",\"name\":\"Duns Scoto - Rassegna Stampa Cattolica\",\"isPartOf\":{\"@id\":\"https:\\\/\\\/www.rassegnastampa-totustuus.it\\\/cattolica\\\/#website\"},\"primaryImageOfPage\":{\"@id\":\"https:\\\/\\\/www.rassegnastampa-totustuus.it\\\/cattolica\\\/duns-scoto\\\/#primaryimage\"},\"image\":{\"@id\":\"https:\\\/\\\/www.rassegnastampa-totustuus.it\\\/cattolica\\\/duns-scoto\\\/#primaryimage\"},\"thumbnailUrl\":\"https:\\\/\\\/www.rassegnastampa-totustuus.it\\\/cattolica\\\/wp-content\\\/uploads\\\/2005\\\/06\\\/Duns-Scoto.jpg\",\"datePublished\":\"2005-06-01T15:08:49+00:00\",\"dateModified\":\"2016-03-29T14:55:34+00:00\",\"description\":\"Rassegna Stampa Cattolica - Per una cultura che nasce dalla Rivelazione cristiana in conformit\u00e0 alla tradizione e al Magistero della Chiesa in opposizione ad ogni relativismo e totalitarismo\",\"breadcrumb\":{\"@id\":\"https:\\\/\\\/www.rassegnastampa-totustuus.it\\\/cattolica\\\/duns-scoto\\\/#breadcrumb\"},\"inLanguage\":\"it-IT\",\"potentialAction\":[{\"@type\":\"ReadAction\",\"target\":[\"https:\\\/\\\/www.rassegnastampa-totustuus.it\\\/cattolica\\\/duns-scoto\\\/\"]}]},{\"@type\":\"ImageObject\",\"inLanguage\":\"it-IT\",\"@id\":\"https:\\\/\\\/www.rassegnastampa-totustuus.it\\\/cattolica\\\/duns-scoto\\\/#primaryimage\",\"url\":\"https:\\\/\\\/www.rassegnastampa-totustuus.it\\\/cattolica\\\/wp-content\\\/uploads\\\/2005\\\/06\\\/Duns-Scoto.jpg\",\"contentUrl\":\"https:\\\/\\\/www.rassegnastampa-totustuus.it\\\/cattolica\\\/wp-content\\\/uploads\\\/2005\\\/06\\\/Duns-Scoto.jpg\",\"width\":180,\"height\":274},{\"@type\":\"BreadcrumbList\",\"@id\":\"https:\\\/\\\/www.rassegnastampa-totustuus.it\\\/cattolica\\\/duns-scoto\\\/#breadcrumb\",\"itemListElement\":[{\"@type\":\"ListItem\",\"position\":1,\"name\":\"Home\",\"item\":\"https:\\\/\\\/www.rassegnastampa-totustuus.it\\\/cattolica\\\/\"},{\"@type\":\"ListItem\",\"position\":2,\"name\":\"Duns Scoto\"}]},{\"@type\":\"WebSite\",\"@id\":\"https:\\\/\\\/www.rassegnastampa-totustuus.it\\\/cattolica\\\/#website\",\"url\":\"https:\\\/\\\/www.rassegnastampa-totustuus.it\\\/cattolica\\\/\",\"name\":\"Rassegna Stampa Cattolica\",\"description\":\"Per una cultura che nasce dalla Rivelazione cristiana in conformit\u00e0 alla tradizione e al Magistero della Chiesa in opposizione ad ogni relativismo e totalitarismo\",\"publisher\":{\"@id\":\"https:\\\/\\\/www.rassegnastampa-totustuus.it\\\/cattolica\\\/#organization\"},\"alternateName\":\"Rass. Cattolica\",\"potentialAction\":[{\"@type\":\"SearchAction\",\"target\":{\"@type\":\"EntryPoint\",\"urlTemplate\":\"https:\\\/\\\/www.rassegnastampa-totustuus.it\\\/cattolica\\\/?s={search_term_string}\"},\"query-input\":{\"@type\":\"PropertyValueSpecification\",\"valueRequired\":true,\"valueName\":\"search_term_string\"}}],\"inLanguage\":\"it-IT\"},{\"@type\":\"Organization\",\"@id\":\"https:\\\/\\\/www.rassegnastampa-totustuus.it\\\/cattolica\\\/#organization\",\"name\":\"Rassegna Stampa Cattolica\",\"url\":\"https:\\\/\\\/www.rassegnastampa-totustuus.it\\\/cattolica\\\/\",\"logo\":{\"@type\":\"ImageObject\",\"inLanguage\":\"it-IT\",\"@id\":\"https:\\\/\\\/www.rassegnastampa-totustuus.it\\\/cattolica\\\/#\\\/schema\\\/logo\\\/image\\\/\",\"url\":\"https:\\\/\\\/www.rassegnastampa-totustuus.it\\\/cattolica\\\/wp-content\\\/uploads\\\/2014\\\/04\\\/logo-rassegna1.gif\",\"contentUrl\":\"https:\\\/\\\/www.rassegnastampa-totustuus.it\\\/cattolica\\\/wp-content\\\/uploads\\\/2014\\\/04\\\/logo-rassegna1.gif\",\"width\":600,\"height\":163,\"caption\":\"Rassegna Stampa Cattolica\"},\"image\":{\"@id\":\"https:\\\/\\\/www.rassegnastampa-totustuus.it\\\/cattolica\\\/#\\\/schema\\\/logo\\\/image\\\/\"},\"sameAs\":[\"https:\\\/\\\/www.facebook.com\\\/rassegnastampacattolica\",\"https:\\\/\\\/x.com\\\/rassegnastampa9\"]},{\"@type\":\"Person\",\"@id\":\"https:\\\/\\\/www.rassegnastampa-totustuus.it\\\/cattolica\\\/#\\\/schema\\\/person\\\/08f319d2bd1a0904ad9e2bfb7b15e5c3\",\"name\":\"Redazione\",\"image\":{\"@type\":\"ImageObject\",\"inLanguage\":\"it-IT\",\"@id\":\"https:\\\/\\\/secure.gravatar.com\\\/avatar\\\/2fcdf27c78ea025fbdb44e914cc63c72249ffec9dc8aafd5c82b26240ef3f346?s=96&d=mm&r=g\",\"url\":\"https:\\\/\\\/secure.gravatar.com\\\/avatar\\\/2fcdf27c78ea025fbdb44e914cc63c72249ffec9dc8aafd5c82b26240ef3f346?s=96&d=mm&r=g\",\"contentUrl\":\"https:\\\/\\\/secure.gravatar.com\\\/avatar\\\/2fcdf27c78ea025fbdb44e914cc63c72249ffec9dc8aafd5c82b26240ef3f346?s=96&d=mm&r=g\",\"caption\":\"Redazione\"},\"url\":\"https:\\\/\\\/www.rassegnastampa-totustuus.it\\\/cattolica\\\/author\\\/pietroelle\\\/\"}]}<\/script>\n<!-- \/ Yoast SEO plugin. -->","yoast_head_json":{"title":"Duns Scoto - Rassegna Stampa Cattolica","description":"Rassegna Stampa Cattolica - Per una cultura che nasce dalla Rivelazione cristiana in conformit\u00e0 alla tradizione e al Magistero della Chiesa in opposizione ad ogni relativismo e totalitarismo","robots":{"index":"index","follow":"follow","max-snippet":"max-snippet:-1","max-image-preview":"max-image-preview:large","max-video-preview":"max-video-preview:-1"},"canonical":"https:\/\/www.rassegnastampa-totustuus.it\/cattolica\/duns-scoto\/","og_locale":"it_IT","og_type":"article","og_title":"Duns Scoto - Rassegna Stampa Cattolica","og_description":"Rassegna Stampa Cattolica - Per una cultura che nasce dalla Rivelazione cristiana in conformit\u00e0 alla tradizione e al Magistero della Chiesa in opposizione ad ogni relativismo e totalitarismo","og_url":"https:\/\/www.rassegnastampa-totustuus.it\/cattolica\/duns-scoto\/","og_site_name":"Rassegna Stampa Cattolica","article_publisher":"https:\/\/www.facebook.com\/rassegnastampacattolica","article_published_time":"2005-06-01T15:08:49+00:00","article_modified_time":"2016-03-29T14:55:34+00:00","og_image":[{"width":180,"height":274,"url":"https:\/\/www.rassegnastampa-totustuus.it\/cattolica\/wp-content\/uploads\/2005\/06\/Duns-Scoto.jpg","type":"image\/jpeg"}],"author":"Redazione","twitter_card":"summary_large_image","twitter_creator":"@rassegnastampa9","twitter_site":"@rassegnastampa9","twitter_misc":{"Scritto da":"Redazione","Tempo di lettura stimato":"9 minuti"},"schema":{"@context":"https:\/\/schema.org","@graph":[{"@type":"Article","@id":"https:\/\/www.rassegnastampa-totustuus.it\/cattolica\/duns-scoto\/#article","isPartOf":{"@id":"https:\/\/www.rassegnastampa-totustuus.it\/cattolica\/duns-scoto\/"},"author":{"name":"Redazione","@id":"https:\/\/www.rassegnastampa-totustuus.it\/cattolica\/#\/schema\/person\/08f319d2bd1a0904ad9e2bfb7b15e5c3"},"headline":"Duns Scoto","datePublished":"2005-06-01T15:08:49+00:00","dateModified":"2016-03-29T14:55:34+00:00","mainEntityOfPage":{"@id":"https:\/\/www.rassegnastampa-totustuus.it\/cattolica\/duns-scoto\/"},"wordCount":1882,"publisher":{"@id":"https:\/\/www.rassegnastampa-totustuus.it\/cattolica\/#organization"},"image":{"@id":"https:\/\/www.rassegnastampa-totustuus.it\/cattolica\/duns-scoto\/#primaryimage"},"thumbnailUrl":"https:\/\/www.rassegnastampa-totustuus.it\/cattolica\/wp-content\/uploads\/2005\/06\/Duns-Scoto.jpg","keywords":["Duns Scoto","filosofia"],"articleSection":["Filosofia","Personaggi"],"inLanguage":"it-IT"},{"@type":"WebPage","@id":"https:\/\/www.rassegnastampa-totustuus.it\/cattolica\/duns-scoto\/","url":"https:\/\/www.rassegnastampa-totustuus.it\/cattolica\/duns-scoto\/","name":"Duns Scoto - Rassegna Stampa Cattolica","isPartOf":{"@id":"https:\/\/www.rassegnastampa-totustuus.it\/cattolica\/#website"},"primaryImageOfPage":{"@id":"https:\/\/www.rassegnastampa-totustuus.it\/cattolica\/duns-scoto\/#primaryimage"},"image":{"@id":"https:\/\/www.rassegnastampa-totustuus.it\/cattolica\/duns-scoto\/#primaryimage"},"thumbnailUrl":"https:\/\/www.rassegnastampa-totustuus.it\/cattolica\/wp-content\/uploads\/2005\/06\/Duns-Scoto.jpg","datePublished":"2005-06-01T15:08:49+00:00","dateModified":"2016-03-29T14:55:34+00:00","description":"Rassegna Stampa Cattolica - Per una cultura che nasce dalla Rivelazione cristiana in conformit\u00e0 alla tradizione e al Magistero della Chiesa in opposizione ad ogni relativismo e totalitarismo","breadcrumb":{"@id":"https:\/\/www.rassegnastampa-totustuus.it\/cattolica\/duns-scoto\/#breadcrumb"},"inLanguage":"it-IT","potentialAction":[{"@type":"ReadAction","target":["https:\/\/www.rassegnastampa-totustuus.it\/cattolica\/duns-scoto\/"]}]},{"@type":"ImageObject","inLanguage":"it-IT","@id":"https:\/\/www.rassegnastampa-totustuus.it\/cattolica\/duns-scoto\/#primaryimage","url":"https:\/\/www.rassegnastampa-totustuus.it\/cattolica\/wp-content\/uploads\/2005\/06\/Duns-Scoto.jpg","contentUrl":"https:\/\/www.rassegnastampa-totustuus.it\/cattolica\/wp-content\/uploads\/2005\/06\/Duns-Scoto.jpg","width":180,"height":274},{"@type":"BreadcrumbList","@id":"https:\/\/www.rassegnastampa-totustuus.it\/cattolica\/duns-scoto\/#breadcrumb","itemListElement":[{"@type":"ListItem","position":1,"name":"Home","item":"https:\/\/www.rassegnastampa-totustuus.it\/cattolica\/"},{"@type":"ListItem","position":2,"name":"Duns Scoto"}]},{"@type":"WebSite","@id":"https:\/\/www.rassegnastampa-totustuus.it\/cattolica\/#website","url":"https:\/\/www.rassegnastampa-totustuus.it\/cattolica\/","name":"Rassegna Stampa Cattolica","description":"Per una cultura che nasce dalla Rivelazione cristiana in conformit\u00e0 alla tradizione e al Magistero della Chiesa in opposizione ad ogni relativismo e totalitarismo","publisher":{"@id":"https:\/\/www.rassegnastampa-totustuus.it\/cattolica\/#organization"},"alternateName":"Rass. Cattolica","potentialAction":[{"@type":"SearchAction","target":{"@type":"EntryPoint","urlTemplate":"https:\/\/www.rassegnastampa-totustuus.it\/cattolica\/?s={search_term_string}"},"query-input":{"@type":"PropertyValueSpecification","valueRequired":true,"valueName":"search_term_string"}}],"inLanguage":"it-IT"},{"@type":"Organization","@id":"https:\/\/www.rassegnastampa-totustuus.it\/cattolica\/#organization","name":"Rassegna Stampa Cattolica","url":"https:\/\/www.rassegnastampa-totustuus.it\/cattolica\/","logo":{"@type":"ImageObject","inLanguage":"it-IT","@id":"https:\/\/www.rassegnastampa-totustuus.it\/cattolica\/#\/schema\/logo\/image\/","url":"https:\/\/www.rassegnastampa-totustuus.it\/cattolica\/wp-content\/uploads\/2014\/04\/logo-rassegna1.gif","contentUrl":"https:\/\/www.rassegnastampa-totustuus.it\/cattolica\/wp-content\/uploads\/2014\/04\/logo-rassegna1.gif","width":600,"height":163,"caption":"Rassegna Stampa Cattolica"},"image":{"@id":"https:\/\/www.rassegnastampa-totustuus.it\/cattolica\/#\/schema\/logo\/image\/"},"sameAs":["https:\/\/www.facebook.com\/rassegnastampacattolica","https:\/\/x.com\/rassegnastampa9"]},{"@type":"Person","@id":"https:\/\/www.rassegnastampa-totustuus.it\/cattolica\/#\/schema\/person\/08f319d2bd1a0904ad9e2bfb7b15e5c3","name":"Redazione","image":{"@type":"ImageObject","inLanguage":"it-IT","@id":"https:\/\/secure.gravatar.com\/avatar\/2fcdf27c78ea025fbdb44e914cc63c72249ffec9dc8aafd5c82b26240ef3f346?s=96&d=mm&r=g","url":"https:\/\/secure.gravatar.com\/avatar\/2fcdf27c78ea025fbdb44e914cc63c72249ffec9dc8aafd5c82b26240ef3f346?s=96&d=mm&r=g","contentUrl":"https:\/\/secure.gravatar.com\/avatar\/2fcdf27c78ea025fbdb44e914cc63c72249ffec9dc8aafd5c82b26240ef3f346?s=96&d=mm&r=g","caption":"Redazione"},"url":"https:\/\/www.rassegnastampa-totustuus.it\/cattolica\/author\/pietroelle\/"}]}},"_links":{"self":[{"href":"https:\/\/www.rassegnastampa-totustuus.it\/cattolica\/wp-json\/wp\/v2\/posts\/645","targetHints":{"allow":["GET"]}}],"collection":[{"href":"https:\/\/www.rassegnastampa-totustuus.it\/cattolica\/wp-json\/wp\/v2\/posts"}],"about":[{"href":"https:\/\/www.rassegnastampa-totustuus.it\/cattolica\/wp-json\/wp\/v2\/types\/post"}],"author":[{"embeddable":true,"href":"https:\/\/www.rassegnastampa-totustuus.it\/cattolica\/wp-json\/wp\/v2\/users\/6"}],"replies":[{"embeddable":true,"href":"https:\/\/www.rassegnastampa-totustuus.it\/cattolica\/wp-json\/wp\/v2\/comments?post=645"}],"version-history":[{"count":4,"href":"https:\/\/www.rassegnastampa-totustuus.it\/cattolica\/wp-json\/wp\/v2\/posts\/645\/revisions"}],"predecessor-version":[{"id":32378,"href":"https:\/\/www.rassegnastampa-totustuus.it\/cattolica\/wp-json\/wp\/v2\/posts\/645\/revisions\/32378"}],"wp:featuredmedia":[{"embeddable":true,"href":"https:\/\/www.rassegnastampa-totustuus.it\/cattolica\/wp-json\/wp\/v2\/media\/32377"}],"wp:attachment":[{"href":"https:\/\/www.rassegnastampa-totustuus.it\/cattolica\/wp-json\/wp\/v2\/media?parent=645"}],"wp:term":[{"taxonomy":"category","embeddable":true,"href":"https:\/\/www.rassegnastampa-totustuus.it\/cattolica\/wp-json\/wp\/v2\/categories?post=645"},{"taxonomy":"post_tag","embeddable":true,"href":"https:\/\/www.rassegnastampa-totustuus.it\/cattolica\/wp-json\/wp\/v2\/tags?post=645"}],"curies":[{"name":"wp","href":"https:\/\/api.w.org\/{rel}","templated":true}]}}