{"id":64370,"date":"2026-03-12T01:10:00","date_gmt":"2026-03-12T00:10:00","guid":{"rendered":"https:\/\/www.rassegnastampa-totustuus.it\/cattolica\/?p=64370"},"modified":"2026-03-10T12:55:35","modified_gmt":"2026-03-10T11:55:35","slug":"inginocchiarsi-e-professione-di-liberta","status":"publish","type":"post","link":"https:\/\/www.rassegnastampa-totustuus.it\/cattolica\/inginocchiarsi-e-professione-di-liberta\/","title":{"rendered":"Inginocchiarsi \u00e8 professione di libert\u00e0"},"content":{"rendered":"\n<p class=\"has-text-align-center\"><strong><a href=\"https:\/\/labussolamensile.it\/it\" type=\"link\" id=\"https:\/\/labussolamensile.it\/it\" target=\"_blank\" rel=\"noreferrer noopener\">La Bussola Mensile<\/a><\/strong> Maggio 2024<\/p>\n\n\n\n<p class=\"has-text-align-center\"><strong>Andrea Zambrano<\/strong><\/p>\n\n\n\n<p>Il primo segnale fu la sostituzione dei vecchi banchi con nuove panche sprovviste di inginocchiatoio. Bisognava capirlo fin da subito che l&#8217;arredamento liturgico era una spia che qualcosa stava cambiando. E fu cos\u00ec che tante chiese, dopo la riforma liturgica, si adeguarono al nuovo corso: per pregare basta stare in piedi, via con queste anticaglie preconciliari! E fu cos\u00ec che, lentamente, lo stare in ginocchio come atto di adorazione di fronte a Dio \u00e8 stato sostituito dal pi\u00f9 comodo e pratico stare in piedi. &#8220;Da risorti&#8221;, si tende a dire, perch\u00e9 questo \u00e8 l&#8217;atteggiamento che si deve tenere a Messa: semmai \u00e8 una comoda scusa.<\/p>\n\n\n<div class=\"wp-block-image\">\n<figure class=\"aligncenter size-full is-resized\"><a href=\"https:\/\/www.rassegnastampa-totustuus.it\/cattolica\/wp-content\/uploads\/2019\/05\/suore_preghiera.jpg\"><img loading=\"lazy\" decoding=\"async\" width=\"286\" height=\"176\" src=\"https:\/\/www.rassegnastampa-totustuus.it\/cattolica\/wp-content\/uploads\/2019\/05\/suore_preghiera.jpg\" alt=\"\" class=\"wp-image-43034\" style=\"width:358px;height:auto\"\/><\/a><\/figure><\/div>\n\n\n<!--more-->\n\n\n\n<p>Oggi sempre meno fedeli pregano stando in ginocchio durante i momenti salienti della Preghiera eucaristica e sempre meno, quasi nessuno, si inginocchia per ricevere la Santa Comunione. Fedeli tutti affetti da gonalgia? E che dire dei sacerdoti che non si inginocchiano durante la consacrazione? Anche per loro un improvviso dolore alle gambe, da curare stando in piedi? O forse non \u00e8 piuttosto che nel tempo si \u00e8 persa la funzione principale dell&#8217;inginocchiarsi di fronte a Dio: quella dell&#8217;adorazione, che gli antichi chiamavano &#8220;proskynesis&#8221; e che stava a simboleggiare l&#8217;atto di sottomissione di fronte a Dio e poi al sovrano. La parola deriva dal greco &#8220;proskyneo&#8221; che significa s\u00ec sottomettersi, ma anche adorare. Dunque, inginocchiarsi significa adorare. Non farlo suscita il terribile sospetto che non ci sia pi\u00f9 la consapevolezza di questa adorazione dovuta a Dio.<\/p>\n\n\n\n<p>Pigrizia? Perdita di conoscenza? O non \u00e8 forse piuttosto un atto di totale rifiuto del sacro dell&#8217;Eucarestia come presenza reale di Dio?<\/p>\n\n\n\n<p>Eppure, tanto la Scrittura quanto la vita dei santi raccomandano di stare in ginocchio quando si prega.<\/p>\n\n\n\n<h4 class=\"wp-block-heading has-text-align-center\">L&#8217;ESEMPIO DI GES\u00d9<\/h4>\n\n\n<div class=\"wp-block-image\">\n<figure class=\"aligncenter size-large is-resized\"><a href=\"https:\/\/www.rassegnastampa-totustuus.it\/cattolica\/wp-content\/uploads\/2026\/03\/Gesu_preghiera_orto_ulivi.jpg\"><img loading=\"lazy\" decoding=\"async\" width=\"1024\" height=\"646\" src=\"https:\/\/www.rassegnastampa-totustuus.it\/cattolica\/wp-content\/uploads\/2026\/03\/Gesu_preghiera_orto_ulivi-1024x646.jpg\" alt=\"\" class=\"wp-image-64371\" style=\"width:368px;height:auto\" srcset=\"https:\/\/www.rassegnastampa-totustuus.it\/cattolica\/wp-content\/uploads\/2026\/03\/Gesu_preghiera_orto_ulivi-1024x646.jpg 1024w, https:\/\/www.rassegnastampa-totustuus.it\/cattolica\/wp-content\/uploads\/2026\/03\/Gesu_preghiera_orto_ulivi-300x189.jpg 300w, https:\/\/www.rassegnastampa-totustuus.it\/cattolica\/wp-content\/uploads\/2026\/03\/Gesu_preghiera_orto_ulivi-768x484.jpg 768w, https:\/\/www.rassegnastampa-totustuus.it\/cattolica\/wp-content\/uploads\/2026\/03\/Gesu_preghiera_orto_ulivi-595x375.jpg 595w, https:\/\/www.rassegnastampa-totustuus.it\/cattolica\/wp-content\/uploads\/2026\/03\/Gesu_preghiera_orto_ulivi.jpg 1300w\" sizes=\"auto, (max-width: 1024px) 100vw, 1024px\" \/><\/a><\/figure><\/div>\n\n\n<p>A cominciare proprio da Ges\u00f9, <em>sommo exemplum<\/em> non solo con le sue parole, ma anche con i suoi gesti, che nell&#8217;Orto degli Ulivi, ossia nel momento della sua vita terrena in cui la preghiera al Padre si concretizzava nell&#8217;offerta del suo corpo e del suo sangue, pregava in ginocchio. \u00abEd egli (Ges\u00f9) si stacc\u00f2 da loro circa un tiro di sasso; e postosi in ginocchio pregava\u00bb (Lc 22,41). Il testo greco non lascia spazio ad ambiguit\u00e0. \u00abTh\u00e8is t\u00e0 g\u00f2nata\u00bb, letteralmente \u00absi poneva sulle ginocchia\u00bb.<\/p>\n\n\n\n<p>Nell&#8217;antica Grecia, soprattutto in Omero, i verbi di posizione associati agli dei e alle ginocchia esprimono il significato figurato di stare sulle ginocchia degli dei, ossia nel volere degli dei. Ne consegue che la preghiera in ginocchio non esprime soltanto il senso di adorazione, ma anche quello di mettersi sulle ginocchia di Dio, proprio come un bambino, che sulle ginocchia del babbo, \u00e8 protetto e consolato.<\/p>\n\n\n\n<p>Non che Ges\u00f9 abbia inventato alcunch\u00e9. La Scrittura \u00e8 piena zeppa di personaggi che pregano in questo modo. Elia e Daniele servono Dio pregando in ginocchio: \u00ab&#8230;Gettatosi a terra, si mise la faccia tra le ginocchia\u00bb (1 Re 18,42) e \u00ab&#8230;Daniele (&#8230;) tenendo le finestre della sua camera superiore aperte verso Gerusalemme, tre volte al giorno si metteva in ginocchi, pregava e rendeva grazie al suo Dio\u00bb (Dan 6,10). Uomini del tempo che furono, si dir\u00e0, che ancora avevano ben impresso nella memoria il comando che Dio stesso diede tramite Isaia: \u00abOgni ginocchio si piegher\u00e0 davanti a me\u00bb, da cui poi San Paolo dir\u00e0 \u00abaffinch\u00e9 nel nome di Ges\u00f9 si pieghi ogni ginocchio nei cieli, sulla terra e sotto la terra\u00bb (Fil 2,10). Infatti, quella di stare in ginocchio era una pratica che i primi cristiani adottarono subito senza grossi problemi, e con cotanti &#8220;maestri&#8221; non era difficile. A cominciare da Stefano che nel momento del martirio si mise in ginocchio (At 7,60). E come lui anche Pietro (At 9,40) e Paolo (At 20,36).<\/p>\n\n\n\n<h4 class=\"wp-block-heading has-text-align-center\">DA PAPA BENEDETTO XVI AL CARDINAL SARAH<\/h4>\n\n\n<div class=\"wp-block-image\">\n<figure class=\"aligncenter size-full is-resized\"><a href=\"https:\/\/www.rassegnastampa-totustuus.it\/cattolica\/wp-content\/uploads\/2010\/09\/comunione_lingua.jpg\"><img loading=\"lazy\" decoding=\"async\" width=\"275\" height=\"183\" src=\"https:\/\/www.rassegnastampa-totustuus.it\/cattolica\/wp-content\/uploads\/2010\/09\/comunione_lingua.jpg\" alt=\"\" class=\"wp-image-21381\" style=\"width:377px;height:auto\"\/><\/a><\/figure><\/div>\n\n\n<p>Insomma, siamo arrivati a oggi rifiutando lo stare alla presenza di Dio? Eppure, di consigli ne abbiamo avuti. Da Benedetto XVI, ad esempio, che riprese a comunicare personalmente e pubblicamente i fedeli in ginocchio durante le Messe papali a partire dalla solennit\u00e0 del Corpus Domini del 2008, quando ricord\u00f2 &#8220;quasi scandalosamente&#8221; che \u00abinginocchiarsi davanti all&#8217;Eucaristia \u00e8 professione di libert\u00e0: chi si inchina a Ges\u00f9 non pu\u00f2 e non deve prostrarsi davanti a nessun potere terreno, per quanto forte. Noi cristiani ci inginocchiamo solo davanti al Santissimo Sacramento\u00bb. Basterebbe questo. Ma se non bastasse potrebbe venire in soccorso anche il magistero.<\/p>\n\n\n\n<p>L&#8217;esortazione apostolica <em>Sacramentum Caritatis<\/em>, al numero 65, ricorda che una manifestazione di riverenza verso l&#8217;Eucaristia \u00e8 \u00abl&#8217;inginocchiarsi durante i momenti salienti della preghiera eucaristica\u00bb, mentre l&#8217;istruzione <em>Redemptionis Sacramentum<\/em> ricorda &#8211; e ribadisce, visti i tempi &#8211; che \u00abi fedeli si comunicano in ginocchio o in piedi\u00bb salvo poi che \u00abquando per\u00f2 si comunicano in piedi, si raccomanda che facciano la debita riverenza\u00bb. E, quasi precorrendo i tempi e certi plateali rifiuti che oggi umiliano molti fedeli \u00abnon \u00e8 lecito negare a un fedele la santa Comunione, per la semplice ragione che egli vuole ricevere l&#8217;Eucaristia in ginocchio\u00bb.<\/p>\n\n\n<div class=\"wp-block-image\">\n<figure class=\"aligncenter size-full\"><a href=\"https:\/\/www.rassegnastampa-totustuus.it\/cattolica\/wp-content\/uploads\/2015\/10\/card-Sarah.jpg\"><img loading=\"lazy\" decoding=\"async\" width=\"164\" height=\"224\" src=\"https:\/\/www.rassegnastampa-totustuus.it\/cattolica\/wp-content\/uploads\/2015\/10\/card-Sarah.jpg\" alt=\"\" class=\"wp-image-27044\"\/><\/a><\/figure><\/div>\n\n\n<p>Del resto, pochi cardinali come Robert Sarah hanno insistito pi\u00f9 volte nella loro predicazione pubblica proprio su questi aspetti. E lo hanno fatto ponendo come esempio grandi santi contemporanei, proprio per mostrare l&#8217;attualit\u00e0 necessaria di questa postura. \u00abL&#8217;intera vita di Karol Wojty\u0142a &#8211; dice Sarah nella prefazione al libro di don Federico Bortoli La distribuzione della Comunione sulla mano. Profili storici, giuridici e pastorali (Cantagalli, Siena 2018) &#8211; \u00e8 stata segnata da un profondo rispetto per la Santa Eucaristia. Malgrado fosse estenuato e senza forze si \u00e8 sempre imposto di inginocchiarsi davanti al Santissimo\u00bb.<\/p>\n\n\n\n<p>E che dire di Santa Madre Teresa di Calcutta? \u00abSi asteneva dal toccare il Corpo transustanziato del Cristo; piuttosto ella lo adorava e lo contemplava, rimaneva per lungo tempo in ginocchio, prostrata davanti a Ges\u00f9 Eucaristia\u00bb. E ancora: \u00abRiceveva la Comunione nella sua bocca, come un piccolo bambino che si lasciava umilmente nutrire dal suo Dio\u00bb.<\/p>\n","protected":false},"excerpt":{"rendered":"<p>La Bussola Mensile Maggio 2024 Andrea Zambrano Il primo segnale fu la sostituzione dei vecchi banchi con nuove panche sprovviste di inginocchiatoio. Bisognava capirlo fin da subito che l&#8217;arredamento liturgico era una spia che qualcosa stava cambiando. E fu cos\u00ec che tante chiese, dopo la riforma liturgica, si adeguarono al nuovo corso: per pregare basta &hellip; <\/p>\n<p><a class=\"more-link btn\" href=\"https:\/\/www.rassegnastampa-totustuus.it\/cattolica\/inginocchiarsi-e-professione-di-liberta\/\">Continua a leggere<\/a><\/p>\n","protected":false},"author":6,"featured_media":43034,"comment_status":"closed","ping_status":"closed","sticky":false,"template":"","format":"standard","meta":{"footnotes":""},"categories":[5,42],"tags":[2715,328],"class_list":["post-64370","post","type-post","status-publish","format-standard","has-post-thumbnail","hentry","category-chiesa","category-dottrina-e-morale","tag-inginocchiarsi","tag-liturgia-2","item-wrap"],"yoast_head":"<!-- This site is optimized with the Yoast SEO plugin v27.4 - https:\/\/yoast.com\/product\/yoast-seo-wordpress\/ -->\n<title>Inginocchiarsi \u00e8 professione di libert\u00e0 - Rassegna Stampa Cattolica<\/title>\n<meta name=\"description\" content=\"Inginocchiarsi \u00e8 professione di libert\u00e0 ma lo stare in ginocchio \u00e8 stato sostituito dal pi\u00f9 comodo e pratico stare in piedi\" \/>\n<meta name=\"robots\" content=\"index, follow, max-snippet:-1, max-image-preview:large, max-video-preview:-1\" \/>\n<link rel=\"canonical\" href=\"https:\/\/www.rassegnastampa-totustuus.it\/cattolica\/inginocchiarsi-e-professione-di-liberta\/\" \/>\n<meta property=\"og:locale\" content=\"it_IT\" \/>\n<meta property=\"og:type\" content=\"article\" \/>\n<meta property=\"og:title\" content=\"Inginocchiarsi \u00e8 professione di libert\u00e0 - Rassegna Stampa Cattolica\" \/>\n<meta property=\"og:description\" content=\"Inginocchiarsi \u00e8 professione di libert\u00e0 ma lo stare in ginocchio \u00e8 stato sostituito dal pi\u00f9 comodo e pratico stare in piedi\" \/>\n<meta property=\"og:url\" content=\"https:\/\/www.rassegnastampa-totustuus.it\/cattolica\/inginocchiarsi-e-professione-di-liberta\/\" \/>\n<meta property=\"og:site_name\" content=\"Rassegna Stampa Cattolica\" \/>\n<meta property=\"article:publisher\" content=\"https:\/\/www.facebook.com\/rassegnastampacattolica\" \/>\n<meta property=\"article:published_time\" content=\"2026-03-12T00:10:00+00:00\" \/>\n<meta property=\"og:image\" content=\"https:\/\/www.rassegnastampa-totustuus.it\/cattolica\/wp-content\/uploads\/2019\/05\/suore_preghiera.jpg\" \/>\n\t<meta property=\"og:image:width\" content=\"286\" \/>\n\t<meta property=\"og:image:height\" content=\"176\" \/>\n\t<meta property=\"og:image:type\" content=\"image\/jpeg\" \/>\n<meta name=\"author\" content=\"Redazione\" \/>\n<meta name=\"twitter:card\" content=\"summary_large_image\" \/>\n<meta name=\"twitter:creator\" content=\"@rassegnastampa9\" \/>\n<meta name=\"twitter:site\" content=\"@rassegnastampa9\" \/>\n<meta name=\"twitter:label1\" content=\"Scritto da\" \/>\n\t<meta name=\"twitter:data1\" content=\"Redazione\" \/>\n\t<meta name=\"twitter:label2\" content=\"Tempo di lettura stimato\" \/>\n\t<meta name=\"twitter:data2\" content=\"7 minuti\" \/>\n<script type=\"application\/ld+json\" class=\"yoast-schema-graph\">{\"@context\":\"https:\\\/\\\/schema.org\",\"@graph\":[{\"@type\":\"Article\",\"@id\":\"https:\\\/\\\/www.rassegnastampa-totustuus.it\\\/cattolica\\\/inginocchiarsi-e-professione-di-liberta\\\/#article\",\"isPartOf\":{\"@id\":\"https:\\\/\\\/www.rassegnastampa-totustuus.it\\\/cattolica\\\/inginocchiarsi-e-professione-di-liberta\\\/\"},\"author\":{\"name\":\"Redazione\",\"@id\":\"https:\\\/\\\/www.rassegnastampa-totustuus.it\\\/cattolica\\\/#\\\/schema\\\/person\\\/08f319d2bd1a0904ad9e2bfb7b15e5c3\"},\"headline\":\"Inginocchiarsi \u00e8 professione di libert\u00e0\",\"datePublished\":\"2026-03-12T00:10:00+00:00\",\"mainEntityOfPage\":{\"@id\":\"https:\\\/\\\/www.rassegnastampa-totustuus.it\\\/cattolica\\\/inginocchiarsi-e-professione-di-liberta\\\/\"},\"wordCount\":966,\"publisher\":{\"@id\":\"https:\\\/\\\/www.rassegnastampa-totustuus.it\\\/cattolica\\\/#organization\"},\"image\":{\"@id\":\"https:\\\/\\\/www.rassegnastampa-totustuus.it\\\/cattolica\\\/inginocchiarsi-e-professione-di-liberta\\\/#primaryimage\"},\"thumbnailUrl\":\"https:\\\/\\\/www.rassegnastampa-totustuus.it\\\/cattolica\\\/wp-content\\\/uploads\\\/2019\\\/05\\\/suore_preghiera.jpg\",\"keywords\":[\"inginocchiarsi\",\"liturgia\"],\"articleSection\":[\"Chiesa\",\"Dottrina e morale\"],\"inLanguage\":\"it-IT\"},{\"@type\":\"WebPage\",\"@id\":\"https:\\\/\\\/www.rassegnastampa-totustuus.it\\\/cattolica\\\/inginocchiarsi-e-professione-di-liberta\\\/\",\"url\":\"https:\\\/\\\/www.rassegnastampa-totustuus.it\\\/cattolica\\\/inginocchiarsi-e-professione-di-liberta\\\/\",\"name\":\"Inginocchiarsi \u00e8 professione di libert\u00e0 - Rassegna Stampa Cattolica\",\"isPartOf\":{\"@id\":\"https:\\\/\\\/www.rassegnastampa-totustuus.it\\\/cattolica\\\/#website\"},\"primaryImageOfPage\":{\"@id\":\"https:\\\/\\\/www.rassegnastampa-totustuus.it\\\/cattolica\\\/inginocchiarsi-e-professione-di-liberta\\\/#primaryimage\"},\"image\":{\"@id\":\"https:\\\/\\\/www.rassegnastampa-totustuus.it\\\/cattolica\\\/inginocchiarsi-e-professione-di-liberta\\\/#primaryimage\"},\"thumbnailUrl\":\"https:\\\/\\\/www.rassegnastampa-totustuus.it\\\/cattolica\\\/wp-content\\\/uploads\\\/2019\\\/05\\\/suore_preghiera.jpg\",\"datePublished\":\"2026-03-12T00:10:00+00:00\",\"description\":\"Inginocchiarsi \u00e8 professione di libert\u00e0 ma lo stare in ginocchio \u00e8 stato sostituito dal pi\u00f9 comodo e pratico stare in piedi\",\"breadcrumb\":{\"@id\":\"https:\\\/\\\/www.rassegnastampa-totustuus.it\\\/cattolica\\\/inginocchiarsi-e-professione-di-liberta\\\/#breadcrumb\"},\"inLanguage\":\"it-IT\",\"potentialAction\":[{\"@type\":\"ReadAction\",\"target\":[\"https:\\\/\\\/www.rassegnastampa-totustuus.it\\\/cattolica\\\/inginocchiarsi-e-professione-di-liberta\\\/\"]}]},{\"@type\":\"ImageObject\",\"inLanguage\":\"it-IT\",\"@id\":\"https:\\\/\\\/www.rassegnastampa-totustuus.it\\\/cattolica\\\/inginocchiarsi-e-professione-di-liberta\\\/#primaryimage\",\"url\":\"https:\\\/\\\/www.rassegnastampa-totustuus.it\\\/cattolica\\\/wp-content\\\/uploads\\\/2019\\\/05\\\/suore_preghiera.jpg\",\"contentUrl\":\"https:\\\/\\\/www.rassegnastampa-totustuus.it\\\/cattolica\\\/wp-content\\\/uploads\\\/2019\\\/05\\\/suore_preghiera.jpg\",\"width\":286,\"height\":176},{\"@type\":\"BreadcrumbList\",\"@id\":\"https:\\\/\\\/www.rassegnastampa-totustuus.it\\\/cattolica\\\/inginocchiarsi-e-professione-di-liberta\\\/#breadcrumb\",\"itemListElement\":[{\"@type\":\"ListItem\",\"position\":1,\"name\":\"Home\",\"item\":\"https:\\\/\\\/www.rassegnastampa-totustuus.it\\\/cattolica\\\/\"},{\"@type\":\"ListItem\",\"position\":2,\"name\":\"Inginocchiarsi \u00e8 professione di libert\u00e0\"}]},{\"@type\":\"WebSite\",\"@id\":\"https:\\\/\\\/www.rassegnastampa-totustuus.it\\\/cattolica\\\/#website\",\"url\":\"https:\\\/\\\/www.rassegnastampa-totustuus.it\\\/cattolica\\\/\",\"name\":\"Rassegna Stampa Cattolica\",\"description\":\"Per una cultura che nasce dalla Rivelazione cristiana in conformit\u00e0 alla tradizione e al Magistero della Chiesa in opposizione ad ogni relativismo e totalitarismo\",\"publisher\":{\"@id\":\"https:\\\/\\\/www.rassegnastampa-totustuus.it\\\/cattolica\\\/#organization\"},\"alternateName\":\"Rass. Cattolica\",\"potentialAction\":[{\"@type\":\"SearchAction\",\"target\":{\"@type\":\"EntryPoint\",\"urlTemplate\":\"https:\\\/\\\/www.rassegnastampa-totustuus.it\\\/cattolica\\\/?s={search_term_string}\"},\"query-input\":{\"@type\":\"PropertyValueSpecification\",\"valueRequired\":true,\"valueName\":\"search_term_string\"}}],\"inLanguage\":\"it-IT\"},{\"@type\":\"Organization\",\"@id\":\"https:\\\/\\\/www.rassegnastampa-totustuus.it\\\/cattolica\\\/#organization\",\"name\":\"Rassegna Stampa Cattolica\",\"url\":\"https:\\\/\\\/www.rassegnastampa-totustuus.it\\\/cattolica\\\/\",\"logo\":{\"@type\":\"ImageObject\",\"inLanguage\":\"it-IT\",\"@id\":\"https:\\\/\\\/www.rassegnastampa-totustuus.it\\\/cattolica\\\/#\\\/schema\\\/logo\\\/image\\\/\",\"url\":\"https:\\\/\\\/www.rassegnastampa-totustuus.it\\\/cattolica\\\/wp-content\\\/uploads\\\/2014\\\/04\\\/logo-rassegna1.gif\",\"contentUrl\":\"https:\\\/\\\/www.rassegnastampa-totustuus.it\\\/cattolica\\\/wp-content\\\/uploads\\\/2014\\\/04\\\/logo-rassegna1.gif\",\"width\":600,\"height\":163,\"caption\":\"Rassegna Stampa Cattolica\"},\"image\":{\"@id\":\"https:\\\/\\\/www.rassegnastampa-totustuus.it\\\/cattolica\\\/#\\\/schema\\\/logo\\\/image\\\/\"},\"sameAs\":[\"https:\\\/\\\/www.facebook.com\\\/rassegnastampacattolica\",\"https:\\\/\\\/x.com\\\/rassegnastampa9\"]},{\"@type\":\"Person\",\"@id\":\"https:\\\/\\\/www.rassegnastampa-totustuus.it\\\/cattolica\\\/#\\\/schema\\\/person\\\/08f319d2bd1a0904ad9e2bfb7b15e5c3\",\"name\":\"Redazione\",\"image\":{\"@type\":\"ImageObject\",\"inLanguage\":\"it-IT\",\"@id\":\"https:\\\/\\\/secure.gravatar.com\\\/avatar\\\/2fcdf27c78ea025fbdb44e914cc63c72249ffec9dc8aafd5c82b26240ef3f346?s=96&d=mm&r=g\",\"url\":\"https:\\\/\\\/secure.gravatar.com\\\/avatar\\\/2fcdf27c78ea025fbdb44e914cc63c72249ffec9dc8aafd5c82b26240ef3f346?s=96&d=mm&r=g\",\"contentUrl\":\"https:\\\/\\\/secure.gravatar.com\\\/avatar\\\/2fcdf27c78ea025fbdb44e914cc63c72249ffec9dc8aafd5c82b26240ef3f346?s=96&d=mm&r=g\",\"caption\":\"Redazione\"},\"url\":\"https:\\\/\\\/www.rassegnastampa-totustuus.it\\\/cattolica\\\/author\\\/pietroelle\\\/\"}]}<\/script>\n<!-- \/ Yoast SEO plugin. -->","yoast_head_json":{"title":"Inginocchiarsi \u00e8 professione di libert\u00e0 - Rassegna Stampa Cattolica","description":"Inginocchiarsi \u00e8 professione di libert\u00e0 ma lo stare in ginocchio \u00e8 stato sostituito dal pi\u00f9 comodo e pratico stare in piedi","robots":{"index":"index","follow":"follow","max-snippet":"max-snippet:-1","max-image-preview":"max-image-preview:large","max-video-preview":"max-video-preview:-1"},"canonical":"https:\/\/www.rassegnastampa-totustuus.it\/cattolica\/inginocchiarsi-e-professione-di-liberta\/","og_locale":"it_IT","og_type":"article","og_title":"Inginocchiarsi \u00e8 professione di libert\u00e0 - Rassegna Stampa Cattolica","og_description":"Inginocchiarsi \u00e8 professione di libert\u00e0 ma lo stare in ginocchio \u00e8 stato sostituito dal pi\u00f9 comodo e pratico stare in piedi","og_url":"https:\/\/www.rassegnastampa-totustuus.it\/cattolica\/inginocchiarsi-e-professione-di-liberta\/","og_site_name":"Rassegna Stampa Cattolica","article_publisher":"https:\/\/www.facebook.com\/rassegnastampacattolica","article_published_time":"2026-03-12T00:10:00+00:00","og_image":[{"width":286,"height":176,"url":"https:\/\/www.rassegnastampa-totustuus.it\/cattolica\/wp-content\/uploads\/2019\/05\/suore_preghiera.jpg","type":"image\/jpeg"}],"author":"Redazione","twitter_card":"summary_large_image","twitter_creator":"@rassegnastampa9","twitter_site":"@rassegnastampa9","twitter_misc":{"Scritto da":"Redazione","Tempo di lettura stimato":"7 minuti"},"schema":{"@context":"https:\/\/schema.org","@graph":[{"@type":"Article","@id":"https:\/\/www.rassegnastampa-totustuus.it\/cattolica\/inginocchiarsi-e-professione-di-liberta\/#article","isPartOf":{"@id":"https:\/\/www.rassegnastampa-totustuus.it\/cattolica\/inginocchiarsi-e-professione-di-liberta\/"},"author":{"name":"Redazione","@id":"https:\/\/www.rassegnastampa-totustuus.it\/cattolica\/#\/schema\/person\/08f319d2bd1a0904ad9e2bfb7b15e5c3"},"headline":"Inginocchiarsi \u00e8 professione di libert\u00e0","datePublished":"2026-03-12T00:10:00+00:00","mainEntityOfPage":{"@id":"https:\/\/www.rassegnastampa-totustuus.it\/cattolica\/inginocchiarsi-e-professione-di-liberta\/"},"wordCount":966,"publisher":{"@id":"https:\/\/www.rassegnastampa-totustuus.it\/cattolica\/#organization"},"image":{"@id":"https:\/\/www.rassegnastampa-totustuus.it\/cattolica\/inginocchiarsi-e-professione-di-liberta\/#primaryimage"},"thumbnailUrl":"https:\/\/www.rassegnastampa-totustuus.it\/cattolica\/wp-content\/uploads\/2019\/05\/suore_preghiera.jpg","keywords":["inginocchiarsi","liturgia"],"articleSection":["Chiesa","Dottrina e morale"],"inLanguage":"it-IT"},{"@type":"WebPage","@id":"https:\/\/www.rassegnastampa-totustuus.it\/cattolica\/inginocchiarsi-e-professione-di-liberta\/","url":"https:\/\/www.rassegnastampa-totustuus.it\/cattolica\/inginocchiarsi-e-professione-di-liberta\/","name":"Inginocchiarsi \u00e8 professione di libert\u00e0 - Rassegna Stampa Cattolica","isPartOf":{"@id":"https:\/\/www.rassegnastampa-totustuus.it\/cattolica\/#website"},"primaryImageOfPage":{"@id":"https:\/\/www.rassegnastampa-totustuus.it\/cattolica\/inginocchiarsi-e-professione-di-liberta\/#primaryimage"},"image":{"@id":"https:\/\/www.rassegnastampa-totustuus.it\/cattolica\/inginocchiarsi-e-professione-di-liberta\/#primaryimage"},"thumbnailUrl":"https:\/\/www.rassegnastampa-totustuus.it\/cattolica\/wp-content\/uploads\/2019\/05\/suore_preghiera.jpg","datePublished":"2026-03-12T00:10:00+00:00","description":"Inginocchiarsi \u00e8 professione di libert\u00e0 ma lo stare in ginocchio \u00e8 stato sostituito dal pi\u00f9 comodo e pratico stare in piedi","breadcrumb":{"@id":"https:\/\/www.rassegnastampa-totustuus.it\/cattolica\/inginocchiarsi-e-professione-di-liberta\/#breadcrumb"},"inLanguage":"it-IT","potentialAction":[{"@type":"ReadAction","target":["https:\/\/www.rassegnastampa-totustuus.it\/cattolica\/inginocchiarsi-e-professione-di-liberta\/"]}]},{"@type":"ImageObject","inLanguage":"it-IT","@id":"https:\/\/www.rassegnastampa-totustuus.it\/cattolica\/inginocchiarsi-e-professione-di-liberta\/#primaryimage","url":"https:\/\/www.rassegnastampa-totustuus.it\/cattolica\/wp-content\/uploads\/2019\/05\/suore_preghiera.jpg","contentUrl":"https:\/\/www.rassegnastampa-totustuus.it\/cattolica\/wp-content\/uploads\/2019\/05\/suore_preghiera.jpg","width":286,"height":176},{"@type":"BreadcrumbList","@id":"https:\/\/www.rassegnastampa-totustuus.it\/cattolica\/inginocchiarsi-e-professione-di-liberta\/#breadcrumb","itemListElement":[{"@type":"ListItem","position":1,"name":"Home","item":"https:\/\/www.rassegnastampa-totustuus.it\/cattolica\/"},{"@type":"ListItem","position":2,"name":"Inginocchiarsi \u00e8 professione di libert\u00e0"}]},{"@type":"WebSite","@id":"https:\/\/www.rassegnastampa-totustuus.it\/cattolica\/#website","url":"https:\/\/www.rassegnastampa-totustuus.it\/cattolica\/","name":"Rassegna Stampa Cattolica","description":"Per una cultura che nasce dalla Rivelazione cristiana in conformit\u00e0 alla tradizione e al Magistero della Chiesa in opposizione ad ogni relativismo e totalitarismo","publisher":{"@id":"https:\/\/www.rassegnastampa-totustuus.it\/cattolica\/#organization"},"alternateName":"Rass. Cattolica","potentialAction":[{"@type":"SearchAction","target":{"@type":"EntryPoint","urlTemplate":"https:\/\/www.rassegnastampa-totustuus.it\/cattolica\/?s={search_term_string}"},"query-input":{"@type":"PropertyValueSpecification","valueRequired":true,"valueName":"search_term_string"}}],"inLanguage":"it-IT"},{"@type":"Organization","@id":"https:\/\/www.rassegnastampa-totustuus.it\/cattolica\/#organization","name":"Rassegna Stampa Cattolica","url":"https:\/\/www.rassegnastampa-totustuus.it\/cattolica\/","logo":{"@type":"ImageObject","inLanguage":"it-IT","@id":"https:\/\/www.rassegnastampa-totustuus.it\/cattolica\/#\/schema\/logo\/image\/","url":"https:\/\/www.rassegnastampa-totustuus.it\/cattolica\/wp-content\/uploads\/2014\/04\/logo-rassegna1.gif","contentUrl":"https:\/\/www.rassegnastampa-totustuus.it\/cattolica\/wp-content\/uploads\/2014\/04\/logo-rassegna1.gif","width":600,"height":163,"caption":"Rassegna Stampa Cattolica"},"image":{"@id":"https:\/\/www.rassegnastampa-totustuus.it\/cattolica\/#\/schema\/logo\/image\/"},"sameAs":["https:\/\/www.facebook.com\/rassegnastampacattolica","https:\/\/x.com\/rassegnastampa9"]},{"@type":"Person","@id":"https:\/\/www.rassegnastampa-totustuus.it\/cattolica\/#\/schema\/person\/08f319d2bd1a0904ad9e2bfb7b15e5c3","name":"Redazione","image":{"@type":"ImageObject","inLanguage":"it-IT","@id":"https:\/\/secure.gravatar.com\/avatar\/2fcdf27c78ea025fbdb44e914cc63c72249ffec9dc8aafd5c82b26240ef3f346?s=96&d=mm&r=g","url":"https:\/\/secure.gravatar.com\/avatar\/2fcdf27c78ea025fbdb44e914cc63c72249ffec9dc8aafd5c82b26240ef3f346?s=96&d=mm&r=g","contentUrl":"https:\/\/secure.gravatar.com\/avatar\/2fcdf27c78ea025fbdb44e914cc63c72249ffec9dc8aafd5c82b26240ef3f346?s=96&d=mm&r=g","caption":"Redazione"},"url":"https:\/\/www.rassegnastampa-totustuus.it\/cattolica\/author\/pietroelle\/"}]}},"_links":{"self":[{"href":"https:\/\/www.rassegnastampa-totustuus.it\/cattolica\/wp-json\/wp\/v2\/posts\/64370","targetHints":{"allow":["GET"]}}],"collection":[{"href":"https:\/\/www.rassegnastampa-totustuus.it\/cattolica\/wp-json\/wp\/v2\/posts"}],"about":[{"href":"https:\/\/www.rassegnastampa-totustuus.it\/cattolica\/wp-json\/wp\/v2\/types\/post"}],"author":[{"embeddable":true,"href":"https:\/\/www.rassegnastampa-totustuus.it\/cattolica\/wp-json\/wp\/v2\/users\/6"}],"replies":[{"embeddable":true,"href":"https:\/\/www.rassegnastampa-totustuus.it\/cattolica\/wp-json\/wp\/v2\/comments?post=64370"}],"version-history":[{"count":1,"href":"https:\/\/www.rassegnastampa-totustuus.it\/cattolica\/wp-json\/wp\/v2\/posts\/64370\/revisions"}],"predecessor-version":[{"id":64372,"href":"https:\/\/www.rassegnastampa-totustuus.it\/cattolica\/wp-json\/wp\/v2\/posts\/64370\/revisions\/64372"}],"wp:featuredmedia":[{"embeddable":true,"href":"https:\/\/www.rassegnastampa-totustuus.it\/cattolica\/wp-json\/wp\/v2\/media\/43034"}],"wp:attachment":[{"href":"https:\/\/www.rassegnastampa-totustuus.it\/cattolica\/wp-json\/wp\/v2\/media?parent=64370"}],"wp:term":[{"taxonomy":"category","embeddable":true,"href":"https:\/\/www.rassegnastampa-totustuus.it\/cattolica\/wp-json\/wp\/v2\/categories?post=64370"},{"taxonomy":"post_tag","embeddable":true,"href":"https:\/\/www.rassegnastampa-totustuus.it\/cattolica\/wp-json\/wp\/v2\/tags?post=64370"}],"curies":[{"name":"wp","href":"https:\/\/api.w.org\/{rel}","templated":true}]}}