{"id":64368,"date":"2026-03-12T01:04:00","date_gmt":"2026-03-12T00:04:00","guid":{"rendered":"https:\/\/www.rassegnastampa-totustuus.it\/cattolica\/?p=64368"},"modified":"2026-03-10T12:01:31","modified_gmt":"2026-03-10T11:01:31","slug":"il-sessantotto-una-panoramica","status":"publish","type":"post","link":"https:\/\/www.rassegnastampa-totustuus.it\/cattolica\/il-sessantotto-una-panoramica\/","title":{"rendered":"Il Sessantotto: una panoramica"},"content":{"rendered":"\n<p class=\"has-text-align-center\">I.D.I.S. \u2013 Istituto per la Dottrina e l\u2019Informazione Sociale<\/p>\n\n\n\n<p class=\"has-text-align-center\"><strong>Voci per un dizionario del pensiero forte<\/strong><\/p>\n\n\n<div class=\"wp-block-image\">\n<figure class=\"aligncenter size-full is-resized\"><a href=\"https:\/\/www.rassegnastampa-totustuus.it\/cattolica\/wp-content\/uploads\/2005\/09\/sessantotto.jpg\"><img loading=\"lazy\" decoding=\"async\" width=\"256\" height=\"197\" src=\"https:\/\/www.rassegnastampa-totustuus.it\/cattolica\/wp-content\/uploads\/2005\/09\/sessantotto.jpg\" alt=\"\" class=\"wp-image-32076\" style=\"width:324px;height:auto\"\/><\/a><\/figure><\/div>\n\n\n<p class=\"has-text-align-center\"><a href=\"https:\/\/alleanzacattolica.org\/author\/marra-ber\/\" target=\"_blank\" rel=\"noreferrer noopener\">Maria Grazia Beltrame<\/a><\/p>\n\n\n\n<!--more-->\n\n\n\n<p>l termine \u00abSessantotto\u00bb fa riferimento non solo all\u2019anno 1968 ma a un periodo molto pi\u00f9 lungo, di almeno due decadi, dagli anni 1960 sino alla fine degli anni 1970 e, in alcuni Paesi come l\u2019Italia, sino agli inizi degli anni 1980, arrivando a includere i cosiddetti \u00abanni di piombo\u00bb, che rappresentarono il periodo pi\u00f9 violento, quello del terrorismo. Si tratt\u00f2 di una vera e propria rivoluzione, che coinvolse le giovani generazioni attratte dall\u2019utopia di trasformare radicalmente la societ\u00e0 e la politica. Si realizz\u00f2 in tempi e in modi diversi nei vari Paesi, trasformando comportamenti e mentalit\u00e0. &nbsp;Il Sessantotto \u00e8 un fenomeno politico-culturale, che parte dagli eventi della protesta studentesca, come il \u00abMaggio parigino\u00bb, ma ha profonde radici ideologiche nel mondo occidentale.<\/p>\n\n\n\n<h4 class=\"wp-block-heading has-text-align-center\"><strong>Le rivoluzioni del 1968-1969<\/strong><\/h4>\n\n\n\n<p>Secondo lo storico britannico Arthur Marwick (1936-2006) gli eventi che portarono a cambiamenti \u00abepocali\u00bb, prima nella societ\u00e0 americana e poi nel resto del mondo negli anni 1960, furono gli assassinii di John Fitzgerald Kennedy (1917-1963) e di Martin Luther King (1929-1968) e la guerra nel Vietnam (1955-1975): essi contribuirono a infervorare gli attivisti dei vari movimenti di protesta studenteschi e operai in diversi Paesi.<\/p>\n\n\n\n<p>Negli Stati Uniti, il movimento per i diritti civili guidato da King e il partito chiamato Black Panthers \u2014 fondato nel 1966 in California \u2014, dopo l\u2019assassinio del&nbsp;<em>leader<\/em>&nbsp;nero, diedero il via a centinaia di rivolte. In quell\u2019anno, per esempio a Chicago, numerose furono le proteste di studenti, intellettuali e reduci contro la guerra in Indocina. Le universit\u00e0 furono teatro di scontri, a partire da quella di Berkeley in California nel 1964 sino alla Columbia di New York nel 1968.<\/p>\n\n\n<div class=\"wp-block-image\">\n<figure class=\"aligncenter size-full is-resized\"><a href=\"https:\/\/www.rassegnastampa-totustuus.it\/cattolica\/wp-content\/uploads\/2009\/04\/sessantotto.jpg\"><img loading=\"lazy\" decoding=\"async\" width=\"274\" height=\"184\" src=\"https:\/\/www.rassegnastampa-totustuus.it\/cattolica\/wp-content\/uploads\/2009\/04\/sessantotto.jpg\" alt=\"\" class=\"wp-image-32049\" style=\"width:394px;height:auto\"\/><\/a><\/figure><\/div>\n\n\n<p>In Francia, le rivolte del maggio partirono dagli studenti della Sorbona e di Nanterre e finirono per coinvolgere anche il movimento operaio, s\u00ec che il presidente Charles De Gaulle (1890-1970) fu costretto a indire nuove elezioni.<\/p>\n\n\n\n<p>In Germania, il movimento studentesco, di ispirazione marxista, si opponeva contemporaneamente all\u2019intervento americano in Vietnam e al sistema capitalistico. Rudi Dutschke (1940-1979) fu il&nbsp;<em>leader<\/em>&nbsp;di un moto a sfondo socialista-anarchico rivoluzionario.<\/p>\n\n\n\n<p>Anche in Italia durante il cosiddetto \u00abautunno caldo\u00bb, quello del 1969, il movimento studentesco si un\u00ec a quello operaio sindacalizzato in numerose manifestazioni di piazza che portarono poi alla lotta politica violenta, che vedr\u00e0, alla fine della decade successiva, l\u2019<em>escalation<\/em> del terrorismo. La protesta non era animata solo dal pacifismo, dalla liberazione sessuale, dall\u2019apologia del consumo di droghe, portata avanti dai gruppi <em>hippy<\/em> e femministi in tutto il mondo occidentale, ma si univa all\u2019antifascismo e all\u2019antimilitarismo tipici delle sinistre: fu una lotta di classe contro la borghesia, sfociata in guerriglia violenta e assassina negli \u00abanni di piombo\u00bb.<\/p>\n\n\n\n<p>Queste ribellioni si diffusero anche \u00aboltrecortina\u00bb, nei Paesi del blocco sovietico, ma furono rapidamente represse nel sangue dai governi, come avvenne in Cecoslovacchia quando a Praga, nell\u2019agosto 1968, intervennero direttamente i carri armati del Patto di Varsavia.<\/p>\n\n\n<div class=\"wp-block-image\">\n<figure class=\"aligncenter size-full is-resized\"><a href=\"https:\/\/www.rassegnastampa-totustuus.it\/cattolica\/wp-content\/uploads\/2006\/03\/cecoslovacchia_68_comunismo.jpg\"><img loading=\"lazy\" decoding=\"async\" width=\"268\" height=\"188\" src=\"https:\/\/www.rassegnastampa-totustuus.it\/cattolica\/wp-content\/uploads\/2006\/03\/cecoslovacchia_68_comunismo.jpg\" alt=\"\" class=\"wp-image-49132\" style=\"width:374px;height:auto\"\/><\/a><\/figure><\/div>\n\n\n<p>A una prima analisi gli eventi di quegli anni sembrerebbero animati da un desiderio di maggior giustizia e libert\u00e0, avvenuti in nome della democrazia, contro l\u2019ineguaglianza, la guerra e l\u2019autoritarismo del \u00absistema\u00bb. Ma, in realt\u00e0, a questi eventi segu\u00ec una vera rivoluzione culturale, con conseguenze a lungo termine per la maggioranza della gente comune.<\/p>\n\n\n\n<h4 class=\"wp-block-heading has-text-align-center\"><strong>La Rivoluzione globale<\/strong><\/h4>\n\n\n\n<p>Infatti, i moti del Sessantotto furono una ribellione non solo contro le autorit\u00e0 istituzionali, governi e sistemi di potere, ma una rivoluzione \u00abinterna\u00bb contro lo stesso principio di autorit\u00e0. Se in superficie i manifestanti prendevano di mira le istituzioni, chiedendo maggior libert\u00e0, giustizia e democrazia, in realt\u00e0 le loro idee colpivano al cuore l\u2019autorit\u00e0 nella famiglia e nella persona stessa. Il Sessantotto rappresent\u00f2 uno stadio della Rivoluzione ulteriore a quello comunista, fu una Rivoluzione&nbsp;<em>in interiore homine<\/em>, parte di un pi\u00f9 ampio processo di sradicamento morale e sociale che rifiutava i valori naturali e tradizionali. Dopo la Rivoluzione \u00abprotestante\u00bb, quella \u00abfrancese\u00bb e quella comunista, questa nuova fase attaccava i fondamenti: il senso religioso, l\u2019autorit\u00e0 morale e quella familiare; fu in sostanza una ribellione contro l\u2019ordine naturale voluto da Dio e contro ci\u00f2 che rimaneva della civilt\u00e0 cristiana, che promuoveva invece il secolarismo e il relativismo, nonch\u00e9 uno stile di vita individualistico ed edonistico.<\/p>\n\n\n<div class=\"wp-block-image\">\n<figure class=\"aligncenter size-full is-resized\"><a href=\"https:\/\/www.rassegnastampa-totustuus.it\/cattolica\/wp-content\/uploads\/2019\/11\/68.jpg\"><img loading=\"lazy\" decoding=\"async\" width=\"300\" height=\"168\" src=\"https:\/\/www.rassegnastampa-totustuus.it\/cattolica\/wp-content\/uploads\/2019\/11\/68.jpg\" alt=\"\" class=\"wp-image-45155\" style=\"width:458px;height:auto\"\/><\/a><\/figure><\/div>\n\n\n<h4 class=\"wp-block-heading has-text-align-center\"><strong>Riepilogo: i fattori-chiave del Sessantotto<\/strong><\/h4>\n\n\n\n<p><em>I Cambiamenti economici e sociali del dopoguerra<\/em><\/p>\n\n\n\n<p>I decenni successivi alla Seconda Guerra Mondiale videro una rapida crescita economica in molte parti del mondo, specialmente in Europa occidentale, negli Stati Uniti e in Giappone; essa port\u00f2 a un miglioramento degli&nbsp;<em>standard<\/em>&nbsp;di vita, ma anche a profondi cambiamenti sociali. Con la modernizzazione delle societ\u00e0 e l\u2019estensione dell\u2019accesso all\u2019istruzione superiore, emerse una nuova classe media, specialmente nelle aree urbane. Le universit\u00e0 divennero spazi in cui gli studenti, molti dei quali erano i primi nelle loro famiglie a frequentarle, mettevano in discussione lo&nbsp;<em>status quo<\/em>&nbsp;e criticavano l\u2019autorit\u00e0.<\/p>\n\n\n\n<p><em>L\u2019opposizione all\u2019autoritarismo, sia nei Paesi comunisti che in quelli capitalisti.<\/em><\/p>\n\n\n\n<p>Nel blocco orientale, in particolare in Cecoslovacchia, in Polonia e in Iugoslavia, il malcontento crebbe per la mancanza di libert\u00e0 individuali e per il rigido controllo sociale esercitato dai governi comunisti. La \u00abPrimavera di Praga\u00bb del 1968 fu l\u2019emblema di questo desiderio di riforma. Tuttavia, l\u2019Unione Sovietica consider\u00f2 queste riforme una minaccia al suo controllo e rapidamente schiacci\u00f2 il movimento libertario con una invasione militare. Ciononostante, in Occidente, i governi democratici venivano definiti dai contestatori come autoritari.<\/p>\n\n\n\n<p><em>La guerra nel Vietnam e l\u2019anti-imperialismo<\/em><\/p>\n\n\n\n<p>La guerra nel Vietnam svolse un ruolo cruciale nel galvanizzare le proteste in tutto il mondo. Verso la fine degli anni 1960, quella guerra era diventata sempre pi\u00f9 impopolare negli Stati Uniti a causa del crescente numero di morti, della leva obbligatoria e della copertura di atrocit\u00e0 come il massacro di My Lai avvenuto il 16 marzo 1968. La guerra divent\u00f2 simbolo dell\u2019imperialismo americano, poich\u00e9 gli Stati Uniti stavano intervenendo in un Paese lontano con l\u2019intento di combattere il comunismo, ma a molti sembrava solo uno sforzo per mantenere il loro predominio geopolitico.<\/p>\n\n\n<div class=\"wp-block-image\">\n<figure class=\"aligncenter size-full is-resized\"><a href=\"https:\/\/www.rassegnastampa-totustuus.it\/cattolica\/wp-content\/uploads\/2022\/11\/Vietnam_padre_Bosco.jpg\"><img loading=\"lazy\" decoding=\"async\" width=\"300\" height=\"195\" src=\"https:\/\/www.rassegnastampa-totustuus.it\/cattolica\/wp-content\/uploads\/2022\/11\/Vietnam_padre_Bosco.jpg\" alt=\"\" class=\"wp-image-55205\" style=\"width:394px;height:auto\"\/><\/a><\/figure><\/div>\n\n\n<p><em>Il movimento globale per i diritti civili<\/em><\/p>\n\n\n\n<p>Il movimento per i diritti civili negli Stati Uniti ebbe un impatto profondo a livello globale, ispirando ovunque movimenti per la giustizia sociale e per l\u2019uguaglianza razziale, nonch\u00e9 accelerando la decolonizzazione. Mentre gli afro-americani chiedevano pari diritti, la loro lotta ebbe risonanza in altri gruppi emarginati in tutto il mondo, dalle popolazioni indigene dell\u2019America Latina ai rimanenti popoli colonizzati in Africa e in Asia.<\/p>\n\n\n\n<p><em>Cultura giovanile e divario generazionale<\/em><\/p>\n\n\n\n<p>Gli anni 1960, come detto, hanno visto l\u2019emergere di una contro-cultura giovanile che metteva in discussione le norme e le autorit\u00e0 tradizionali. Il&nbsp;<em>baby boom<\/em>&nbsp;del secondo dopoguerra port\u00f2 a una generazione pi\u00f9 benestante e pi\u00f9 istruita, ma anche pi\u00f9 critica verso le istituzioni. I giovani di allora furono influenzati da filosofie come l\u2019esistenzialismo, il marxismo e il pacifismo, che proclamavano la pace e il libero amore. Musica, arte e letteratura, allo stesso tempo, promuovevano e riflettevano questo cambiamento culturale. La musica&nbsp;<em>rock<\/em>, in particolare artisti come Bob Dylan e Jimi Hendrix (1942-1970), complessi come i Beatles formarono la cosiddetta \u00ab<em>Beat generation<\/em>\u00bb e fecero da sfondo alla protesta, mentre&nbsp;<em>film<\/em>&nbsp;e letteratura criticavano sempre di pi\u00f9 il materialismo, il conformismo e la guerra. Il divario generazionale fu un elemento-chiave: molti giovani consideravano i loro genitori, troppo conformisti e complici di un sistema sociale ritenuto ingiusto e oppressivo. \u00abVietato vietare\u00bb fu uno degli <em>slogan<\/em> del Maggio francese.<\/p>\n\n\n\n<p><em>Marxismo e Nuova Sinistra<\/em><\/p>\n\n\n\n<p>Molti dei movimenti studenteschi e operai furono fortemente influenzati dalle idee marxiste, in particolare dalla critica al capitalismo e dalla prospettiva di un cambiamento rivoluzionario. La Nuova Sinistra, <em>The New Left<\/em>, l\u2019ampio movimento emerso negli anni 1960, si distinse dai tradizionali partiti di sinistra e dai movimenti comunisti in quanto enfatizzava questioni sociali come i diritti civili, l\u2019uguaglianza di genere e l\u2019opposizione all\u2019imperialismo americano.<\/p>\n\n\n\n<p>Il nuovo punto di riferimento della Nuova Sinistra furono i filosofi della Scuola di Francoforte, fra cui Theodor Wiesegrund Adorno (1903-1969), Herbert Marcuse (1898-1979), Max Horkheimer (1895-1973) ed Erich Fromm (1900-1980). Tutti costoro volevano rinnovare il marxismo ed elaborare una nuova tattica rivoluzionaria. Il movimento degli studenti era visto come lo strumento di liberazione da una realt\u00e0 oppressiva, la famiglia, e il soggetto edificatore di una nuova societ\u00e0, fluida e in costante cambiamento secondo i desideri del momento. La nuova utopia doveva raggiungere la liberazione dell\u2019<em>eros<\/em>, per una societ\u00e0 aperta fatta di uomini autenticamente liberi.<\/p>\n\n\n\n<p><em>Femminismo e uguaglianza di genere<\/em><\/p>\n\n\n\n<p>La fine degli anni 1960 vide anche l\u2019ascesa del femminismo \u00abdi seconda generazione\u00bb. Negli Stati Uniti, il movimento acquist\u00f2 slancio con l\u2019attivista Betty Friedan (1921-2006). Le donne iniziarono a organizzarsi per rivendicare l\u2019accesso alla contraccezione e all\u2019aborto e contro la discriminazione nella societ\u00e0. Anche questa fu una ribellione che, negando le norme, i valori e i vincoli interiorizzati imposti dalla societ\u00e0, dalla cultura e dalla famiglia, colpiva l\u2019individuo stesso.<\/p>\n\n\n<div class=\"wp-block-image\">\n<figure class=\"aligncenter size-full is-resized\"><a href=\"https:\/\/www.rassegnastampa-totustuus.it\/cattolica\/wp-content\/uploads\/2021\/02\/femminismo.jpg\"><img loading=\"lazy\" decoding=\"async\" width=\"300\" height=\"168\" src=\"https:\/\/www.rassegnastampa-totustuus.it\/cattolica\/wp-content\/uploads\/2021\/02\/femminismo.jpg\" alt=\"\" class=\"wp-image-49996\" style=\"width:404px;height:auto\"\/><\/a><\/figure><\/div>\n\n\n<h4 class=\"wp-block-heading has-text-align-center\"><strong>Conseguenze odierne<\/strong><\/h4>\n\n\n\n<p>Uno dei lasciti pi\u00f9 significativi delle rivoluzioni del 1968-1969 \u00e8 l\u2019affermazione dell\u2019individualismo, in particolare l\u2019enfasi sulla spontaneit\u00e0 espressiva e sull\u2019auto-determinazione.<\/p>\n\n\n\n<p>La rivoluzione sessuale ha cambiato radicalmente il modo in cui la societ\u00e0 vede la sessualit\u00e0 e le relazioni. La cultura di massa ha integrato le prospettive delle femministe, in particolare nei <em>media<\/em>. Il mondo del cinema, della televisione e della musica mette in primo piano personaggi e narrazioni femminili forti e indipendenti. L\u2019idea che gli individui debbano avere il controllo sulle proprie identit\u00e0 e sui comportamenti sessuali \u00e8 diventata una caratteristica distintiva della cultura di massa moderna. Questo ha portato a una maggiore accettazione dei diversi orientamenti sessuali e stili di vita. I movimenti per i diritti LGBTQ+ hanno favorito un significativo cambiamento culturale e la normalizzazione di strutture relazionali diverse da quelle consuete: matrimoni tra persone dello stesso sesso, relazioni aperte e \u00abfluidit\u00e0 di genere\u00bb.<\/p>\n\n\n<div class=\"wp-block-image\">\n<figure class=\"aligncenter size-full is-resized\"><a href=\"https:\/\/www.rassegnastampa-totustuus.it\/cattolica\/wp-content\/uploads\/2020\/12\/gay_omosessuali_gender.jpg\"><img loading=\"lazy\" decoding=\"async\" width=\"259\" height=\"194\" src=\"https:\/\/www.rassegnastampa-totustuus.it\/cattolica\/wp-content\/uploads\/2020\/12\/gay_omosessuali_gender.jpg\" alt=\"\" class=\"wp-image-49523\" style=\"width:325px;height:auto\"\/><\/a><\/figure><\/div>\n\n\n<p>L\u2019attivismo politico rimane centrale nei movimenti di protesta moderni, da Black Lives Matter \u2014 movimento internazionale, attivo dal 2013, che combatte la discriminazione razziale \u2014 all\u2019attivismo ambientalistico. Una delle eredit\u00e0 culturali-chiave delle rivolte del 1968 \u00e8 considerare la contestazione anche violenta come mezzo legittimo di impegno politico.<\/p>\n\n\n\n<p>Il sentimento di crescente sfiducia verso le istituzioni tradizionali e le autorit\u00e0 dal Sessantotto in poi si \u00e8 profondamente radicato nella cultura di massa ed \u00e8 soprattutto visibile nel declino della religione istituzionale in molte parti del mondo. Nelle societ\u00e0 occidentali, la frequenza alle chiese e l\u2019affiliazione religiosa sono diminuite significativamente, anche grazie ai cambiamenti culturali iniziati negli anni 1960.<\/p>\n\n\n\n<p><strong>Per approfondire<\/strong><\/p>\n\n\n\n<p>Enzo Peserico, <em>Gli anni del desiderio e del piombo. Sessantotto, terrorismo e Rivoluzione<\/em>, Sugarco Edizioni, Milano 2008.<\/p>\n\n\n\n<p>Marco Invernizzi e Paolo Martinucci (a cura di), <em>Dal Centrismo al Sessantotto<\/em>, Ares, Milano 2007.<\/p>\n\n\n\n<p>Alfredo Mantovano<em>, I Rolling Stones da \u201cdemoni\u201d ad \u201cangeli\u201d della rivoluzione<\/em>, in <em>Cristianit\u00e0<\/em>, anno X, n. 88-89, agosto-settembre 1982, pp. 11-15.<\/p>\n\n\n\n<p>Salvatore Calasso, <em>Alle origini del Sessantotto. La <\/em>Beat Generation, in <em>Cristianit\u00e0<\/em>, anno XLVI, n. 391, maggio-giugno 2018, pp. 37-64.<\/p>\n","protected":false},"excerpt":{"rendered":"<p>I.D.I.S. \u2013 Istituto per la Dottrina e l\u2019Informazione Sociale Voci per un dizionario del pensiero forte Maria Grazia Beltrame<\/p><p><a class=\"more-link btn\" href=\"https:\/\/www.rassegnastampa-totustuus.it\/cattolica\/il-sessantotto-una-panoramica\/\">Continua a leggere<\/a><\/p>\n","protected":false},"author":6,"featured_media":32076,"comment_status":"closed","ping_status":"closed","sticky":false,"template":"","format":"standard","meta":{"footnotes":""},"categories":[98,24,96],"tags":[386,744,1231,2261],"class_list":["post-64368","post","type-post","status-publish","format-standard","has-post-thumbnail","hentry","category-il-68","category-storia","category-storia-italiana","tag-rivoluzione","tag-rivoluzione-sessuale","tag-sinistre","tag-societa","item-wrap"],"yoast_head":"<!-- This site is optimized with the Yoast SEO plugin v27.4 - https:\/\/yoast.com\/product\/yoast-seo-wordpress\/ -->\n<title>Il Sessantotto: una panoramica - Rassegna Stampa Cattolica<\/title>\n<meta name=\"description\" content=\"Il Sessantotto: una panoramica di un periodo molto pi\u00f9 lungo, di almeno due decadi; in l\u2019Italia, sino agli inizi degli anni 1980,\" \/>\n<meta name=\"robots\" content=\"index, follow, max-snippet:-1, max-image-preview:large, max-video-preview:-1\" \/>\n<link rel=\"canonical\" href=\"https:\/\/www.rassegnastampa-totustuus.it\/cattolica\/il-sessantotto-una-panoramica\/\" \/>\n<meta property=\"og:locale\" content=\"it_IT\" \/>\n<meta property=\"og:type\" content=\"article\" \/>\n<meta property=\"og:title\" content=\"Il Sessantotto: una panoramica - Rassegna Stampa Cattolica\" \/>\n<meta property=\"og:description\" content=\"Il Sessantotto: una panoramica di un periodo molto pi\u00f9 lungo, di almeno due decadi; in l\u2019Italia, sino agli inizi degli anni 1980,\" \/>\n<meta property=\"og:url\" content=\"https:\/\/www.rassegnastampa-totustuus.it\/cattolica\/il-sessantotto-una-panoramica\/\" \/>\n<meta property=\"og:site_name\" content=\"Rassegna Stampa Cattolica\" \/>\n<meta property=\"article:publisher\" content=\"https:\/\/www.facebook.com\/rassegnastampacattolica\" \/>\n<meta property=\"article:published_time\" content=\"2026-03-12T00:04:00+00:00\" \/>\n<meta property=\"og:image\" content=\"https:\/\/www.rassegnastampa-totustuus.it\/cattolica\/wp-content\/uploads\/2005\/09\/sessantotto.jpg\" \/>\n\t<meta property=\"og:image:width\" content=\"256\" \/>\n\t<meta property=\"og:image:height\" content=\"197\" \/>\n\t<meta property=\"og:image:type\" content=\"image\/jpeg\" \/>\n<meta name=\"author\" content=\"Redazione\" \/>\n<meta name=\"twitter:card\" content=\"summary_large_image\" \/>\n<meta name=\"twitter:creator\" content=\"@rassegnastampa9\" \/>\n<meta name=\"twitter:site\" content=\"@rassegnastampa9\" \/>\n<meta name=\"twitter:label1\" content=\"Scritto da\" \/>\n\t<meta name=\"twitter:data1\" content=\"Redazione\" \/>\n\t<meta name=\"twitter:label2\" content=\"Tempo di lettura stimato\" \/>\n\t<meta name=\"twitter:data2\" content=\"12 minuti\" \/>\n<script type=\"application\/ld+json\" class=\"yoast-schema-graph\">{\"@context\":\"https:\\\/\\\/schema.org\",\"@graph\":[{\"@type\":\"Article\",\"@id\":\"https:\\\/\\\/www.rassegnastampa-totustuus.it\\\/cattolica\\\/il-sessantotto-una-panoramica\\\/#article\",\"isPartOf\":{\"@id\":\"https:\\\/\\\/www.rassegnastampa-totustuus.it\\\/cattolica\\\/il-sessantotto-una-panoramica\\\/\"},\"author\":{\"name\":\"Redazione\",\"@id\":\"https:\\\/\\\/www.rassegnastampa-totustuus.it\\\/cattolica\\\/#\\\/schema\\\/person\\\/08f319d2bd1a0904ad9e2bfb7b15e5c3\"},\"headline\":\"Il Sessantotto: una panoramica\",\"datePublished\":\"2026-03-12T00:04:00+00:00\",\"mainEntityOfPage\":{\"@id\":\"https:\\\/\\\/www.rassegnastampa-totustuus.it\\\/cattolica\\\/il-sessantotto-una-panoramica\\\/\"},\"wordCount\":1822,\"publisher\":{\"@id\":\"https:\\\/\\\/www.rassegnastampa-totustuus.it\\\/cattolica\\\/#organization\"},\"image\":{\"@id\":\"https:\\\/\\\/www.rassegnastampa-totustuus.it\\\/cattolica\\\/il-sessantotto-una-panoramica\\\/#primaryimage\"},\"thumbnailUrl\":\"https:\\\/\\\/www.rassegnastampa-totustuus.it\\\/cattolica\\\/wp-content\\\/uploads\\\/2005\\\/09\\\/sessantotto.jpg\",\"keywords\":[\"Rivoluzione\",\"rivoluzione sessuale\",\"sinistre\",\"societ\u00e0\"],\"articleSection\":[\"Il 68\",\"Storia\",\"Storia italiana\"],\"inLanguage\":\"it-IT\"},{\"@type\":\"WebPage\",\"@id\":\"https:\\\/\\\/www.rassegnastampa-totustuus.it\\\/cattolica\\\/il-sessantotto-una-panoramica\\\/\",\"url\":\"https:\\\/\\\/www.rassegnastampa-totustuus.it\\\/cattolica\\\/il-sessantotto-una-panoramica\\\/\",\"name\":\"Il Sessantotto: una panoramica - Rassegna Stampa Cattolica\",\"isPartOf\":{\"@id\":\"https:\\\/\\\/www.rassegnastampa-totustuus.it\\\/cattolica\\\/#website\"},\"primaryImageOfPage\":{\"@id\":\"https:\\\/\\\/www.rassegnastampa-totustuus.it\\\/cattolica\\\/il-sessantotto-una-panoramica\\\/#primaryimage\"},\"image\":{\"@id\":\"https:\\\/\\\/www.rassegnastampa-totustuus.it\\\/cattolica\\\/il-sessantotto-una-panoramica\\\/#primaryimage\"},\"thumbnailUrl\":\"https:\\\/\\\/www.rassegnastampa-totustuus.it\\\/cattolica\\\/wp-content\\\/uploads\\\/2005\\\/09\\\/sessantotto.jpg\",\"datePublished\":\"2026-03-12T00:04:00+00:00\",\"description\":\"Il Sessantotto: una panoramica di un periodo molto pi\u00f9 lungo, di almeno due decadi; in l\u2019Italia, sino agli inizi degli anni 1980,\",\"breadcrumb\":{\"@id\":\"https:\\\/\\\/www.rassegnastampa-totustuus.it\\\/cattolica\\\/il-sessantotto-una-panoramica\\\/#breadcrumb\"},\"inLanguage\":\"it-IT\",\"potentialAction\":[{\"@type\":\"ReadAction\",\"target\":[\"https:\\\/\\\/www.rassegnastampa-totustuus.it\\\/cattolica\\\/il-sessantotto-una-panoramica\\\/\"]}]},{\"@type\":\"ImageObject\",\"inLanguage\":\"it-IT\",\"@id\":\"https:\\\/\\\/www.rassegnastampa-totustuus.it\\\/cattolica\\\/il-sessantotto-una-panoramica\\\/#primaryimage\",\"url\":\"https:\\\/\\\/www.rassegnastampa-totustuus.it\\\/cattolica\\\/wp-content\\\/uploads\\\/2005\\\/09\\\/sessantotto.jpg\",\"contentUrl\":\"https:\\\/\\\/www.rassegnastampa-totustuus.it\\\/cattolica\\\/wp-content\\\/uploads\\\/2005\\\/09\\\/sessantotto.jpg\",\"width\":256,\"height\":197},{\"@type\":\"BreadcrumbList\",\"@id\":\"https:\\\/\\\/www.rassegnastampa-totustuus.it\\\/cattolica\\\/il-sessantotto-una-panoramica\\\/#breadcrumb\",\"itemListElement\":[{\"@type\":\"ListItem\",\"position\":1,\"name\":\"Home\",\"item\":\"https:\\\/\\\/www.rassegnastampa-totustuus.it\\\/cattolica\\\/\"},{\"@type\":\"ListItem\",\"position\":2,\"name\":\"Il Sessantotto: una panoramica\"}]},{\"@type\":\"WebSite\",\"@id\":\"https:\\\/\\\/www.rassegnastampa-totustuus.it\\\/cattolica\\\/#website\",\"url\":\"https:\\\/\\\/www.rassegnastampa-totustuus.it\\\/cattolica\\\/\",\"name\":\"Rassegna Stampa Cattolica\",\"description\":\"Per una cultura che nasce dalla Rivelazione cristiana in conformit\u00e0 alla tradizione e al Magistero della Chiesa in opposizione ad ogni relativismo e totalitarismo\",\"publisher\":{\"@id\":\"https:\\\/\\\/www.rassegnastampa-totustuus.it\\\/cattolica\\\/#organization\"},\"alternateName\":\"Rass. Cattolica\",\"potentialAction\":[{\"@type\":\"SearchAction\",\"target\":{\"@type\":\"EntryPoint\",\"urlTemplate\":\"https:\\\/\\\/www.rassegnastampa-totustuus.it\\\/cattolica\\\/?s={search_term_string}\"},\"query-input\":{\"@type\":\"PropertyValueSpecification\",\"valueRequired\":true,\"valueName\":\"search_term_string\"}}],\"inLanguage\":\"it-IT\"},{\"@type\":\"Organization\",\"@id\":\"https:\\\/\\\/www.rassegnastampa-totustuus.it\\\/cattolica\\\/#organization\",\"name\":\"Rassegna Stampa Cattolica\",\"url\":\"https:\\\/\\\/www.rassegnastampa-totustuus.it\\\/cattolica\\\/\",\"logo\":{\"@type\":\"ImageObject\",\"inLanguage\":\"it-IT\",\"@id\":\"https:\\\/\\\/www.rassegnastampa-totustuus.it\\\/cattolica\\\/#\\\/schema\\\/logo\\\/image\\\/\",\"url\":\"https:\\\/\\\/www.rassegnastampa-totustuus.it\\\/cattolica\\\/wp-content\\\/uploads\\\/2014\\\/04\\\/logo-rassegna1.gif\",\"contentUrl\":\"https:\\\/\\\/www.rassegnastampa-totustuus.it\\\/cattolica\\\/wp-content\\\/uploads\\\/2014\\\/04\\\/logo-rassegna1.gif\",\"width\":600,\"height\":163,\"caption\":\"Rassegna Stampa Cattolica\"},\"image\":{\"@id\":\"https:\\\/\\\/www.rassegnastampa-totustuus.it\\\/cattolica\\\/#\\\/schema\\\/logo\\\/image\\\/\"},\"sameAs\":[\"https:\\\/\\\/www.facebook.com\\\/rassegnastampacattolica\",\"https:\\\/\\\/x.com\\\/rassegnastampa9\"]},{\"@type\":\"Person\",\"@id\":\"https:\\\/\\\/www.rassegnastampa-totustuus.it\\\/cattolica\\\/#\\\/schema\\\/person\\\/08f319d2bd1a0904ad9e2bfb7b15e5c3\",\"name\":\"Redazione\",\"image\":{\"@type\":\"ImageObject\",\"inLanguage\":\"it-IT\",\"@id\":\"https:\\\/\\\/secure.gravatar.com\\\/avatar\\\/2fcdf27c78ea025fbdb44e914cc63c72249ffec9dc8aafd5c82b26240ef3f346?s=96&d=mm&r=g\",\"url\":\"https:\\\/\\\/secure.gravatar.com\\\/avatar\\\/2fcdf27c78ea025fbdb44e914cc63c72249ffec9dc8aafd5c82b26240ef3f346?s=96&d=mm&r=g\",\"contentUrl\":\"https:\\\/\\\/secure.gravatar.com\\\/avatar\\\/2fcdf27c78ea025fbdb44e914cc63c72249ffec9dc8aafd5c82b26240ef3f346?s=96&d=mm&r=g\",\"caption\":\"Redazione\"},\"url\":\"https:\\\/\\\/www.rassegnastampa-totustuus.it\\\/cattolica\\\/author\\\/pietroelle\\\/\"}]}<\/script>\n<!-- \/ Yoast SEO plugin. -->","yoast_head_json":{"title":"Il Sessantotto: una panoramica - Rassegna Stampa Cattolica","description":"Il Sessantotto: una panoramica di un periodo molto pi\u00f9 lungo, di almeno due decadi; in l\u2019Italia, sino agli inizi degli anni 1980,","robots":{"index":"index","follow":"follow","max-snippet":"max-snippet:-1","max-image-preview":"max-image-preview:large","max-video-preview":"max-video-preview:-1"},"canonical":"https:\/\/www.rassegnastampa-totustuus.it\/cattolica\/il-sessantotto-una-panoramica\/","og_locale":"it_IT","og_type":"article","og_title":"Il Sessantotto: una panoramica - Rassegna Stampa Cattolica","og_description":"Il Sessantotto: una panoramica di un periodo molto pi\u00f9 lungo, di almeno due decadi; in l\u2019Italia, sino agli inizi degli anni 1980,","og_url":"https:\/\/www.rassegnastampa-totustuus.it\/cattolica\/il-sessantotto-una-panoramica\/","og_site_name":"Rassegna Stampa Cattolica","article_publisher":"https:\/\/www.facebook.com\/rassegnastampacattolica","article_published_time":"2026-03-12T00:04:00+00:00","og_image":[{"width":256,"height":197,"url":"https:\/\/www.rassegnastampa-totustuus.it\/cattolica\/wp-content\/uploads\/2005\/09\/sessantotto.jpg","type":"image\/jpeg"}],"author":"Redazione","twitter_card":"summary_large_image","twitter_creator":"@rassegnastampa9","twitter_site":"@rassegnastampa9","twitter_misc":{"Scritto da":"Redazione","Tempo di lettura stimato":"12 minuti"},"schema":{"@context":"https:\/\/schema.org","@graph":[{"@type":"Article","@id":"https:\/\/www.rassegnastampa-totustuus.it\/cattolica\/il-sessantotto-una-panoramica\/#article","isPartOf":{"@id":"https:\/\/www.rassegnastampa-totustuus.it\/cattolica\/il-sessantotto-una-panoramica\/"},"author":{"name":"Redazione","@id":"https:\/\/www.rassegnastampa-totustuus.it\/cattolica\/#\/schema\/person\/08f319d2bd1a0904ad9e2bfb7b15e5c3"},"headline":"Il Sessantotto: una panoramica","datePublished":"2026-03-12T00:04:00+00:00","mainEntityOfPage":{"@id":"https:\/\/www.rassegnastampa-totustuus.it\/cattolica\/il-sessantotto-una-panoramica\/"},"wordCount":1822,"publisher":{"@id":"https:\/\/www.rassegnastampa-totustuus.it\/cattolica\/#organization"},"image":{"@id":"https:\/\/www.rassegnastampa-totustuus.it\/cattolica\/il-sessantotto-una-panoramica\/#primaryimage"},"thumbnailUrl":"https:\/\/www.rassegnastampa-totustuus.it\/cattolica\/wp-content\/uploads\/2005\/09\/sessantotto.jpg","keywords":["Rivoluzione","rivoluzione sessuale","sinistre","societ\u00e0"],"articleSection":["Il 68","Storia","Storia italiana"],"inLanguage":"it-IT"},{"@type":"WebPage","@id":"https:\/\/www.rassegnastampa-totustuus.it\/cattolica\/il-sessantotto-una-panoramica\/","url":"https:\/\/www.rassegnastampa-totustuus.it\/cattolica\/il-sessantotto-una-panoramica\/","name":"Il Sessantotto: una panoramica - Rassegna Stampa Cattolica","isPartOf":{"@id":"https:\/\/www.rassegnastampa-totustuus.it\/cattolica\/#website"},"primaryImageOfPage":{"@id":"https:\/\/www.rassegnastampa-totustuus.it\/cattolica\/il-sessantotto-una-panoramica\/#primaryimage"},"image":{"@id":"https:\/\/www.rassegnastampa-totustuus.it\/cattolica\/il-sessantotto-una-panoramica\/#primaryimage"},"thumbnailUrl":"https:\/\/www.rassegnastampa-totustuus.it\/cattolica\/wp-content\/uploads\/2005\/09\/sessantotto.jpg","datePublished":"2026-03-12T00:04:00+00:00","description":"Il Sessantotto: una panoramica di un periodo molto pi\u00f9 lungo, di almeno due decadi; in l\u2019Italia, sino agli inizi degli anni 1980,","breadcrumb":{"@id":"https:\/\/www.rassegnastampa-totustuus.it\/cattolica\/il-sessantotto-una-panoramica\/#breadcrumb"},"inLanguage":"it-IT","potentialAction":[{"@type":"ReadAction","target":["https:\/\/www.rassegnastampa-totustuus.it\/cattolica\/il-sessantotto-una-panoramica\/"]}]},{"@type":"ImageObject","inLanguage":"it-IT","@id":"https:\/\/www.rassegnastampa-totustuus.it\/cattolica\/il-sessantotto-una-panoramica\/#primaryimage","url":"https:\/\/www.rassegnastampa-totustuus.it\/cattolica\/wp-content\/uploads\/2005\/09\/sessantotto.jpg","contentUrl":"https:\/\/www.rassegnastampa-totustuus.it\/cattolica\/wp-content\/uploads\/2005\/09\/sessantotto.jpg","width":256,"height":197},{"@type":"BreadcrumbList","@id":"https:\/\/www.rassegnastampa-totustuus.it\/cattolica\/il-sessantotto-una-panoramica\/#breadcrumb","itemListElement":[{"@type":"ListItem","position":1,"name":"Home","item":"https:\/\/www.rassegnastampa-totustuus.it\/cattolica\/"},{"@type":"ListItem","position":2,"name":"Il Sessantotto: una panoramica"}]},{"@type":"WebSite","@id":"https:\/\/www.rassegnastampa-totustuus.it\/cattolica\/#website","url":"https:\/\/www.rassegnastampa-totustuus.it\/cattolica\/","name":"Rassegna Stampa Cattolica","description":"Per una cultura che nasce dalla Rivelazione cristiana in conformit\u00e0 alla tradizione e al Magistero della Chiesa in opposizione ad ogni relativismo e totalitarismo","publisher":{"@id":"https:\/\/www.rassegnastampa-totustuus.it\/cattolica\/#organization"},"alternateName":"Rass. Cattolica","potentialAction":[{"@type":"SearchAction","target":{"@type":"EntryPoint","urlTemplate":"https:\/\/www.rassegnastampa-totustuus.it\/cattolica\/?s={search_term_string}"},"query-input":{"@type":"PropertyValueSpecification","valueRequired":true,"valueName":"search_term_string"}}],"inLanguage":"it-IT"},{"@type":"Organization","@id":"https:\/\/www.rassegnastampa-totustuus.it\/cattolica\/#organization","name":"Rassegna Stampa Cattolica","url":"https:\/\/www.rassegnastampa-totustuus.it\/cattolica\/","logo":{"@type":"ImageObject","inLanguage":"it-IT","@id":"https:\/\/www.rassegnastampa-totustuus.it\/cattolica\/#\/schema\/logo\/image\/","url":"https:\/\/www.rassegnastampa-totustuus.it\/cattolica\/wp-content\/uploads\/2014\/04\/logo-rassegna1.gif","contentUrl":"https:\/\/www.rassegnastampa-totustuus.it\/cattolica\/wp-content\/uploads\/2014\/04\/logo-rassegna1.gif","width":600,"height":163,"caption":"Rassegna Stampa Cattolica"},"image":{"@id":"https:\/\/www.rassegnastampa-totustuus.it\/cattolica\/#\/schema\/logo\/image\/"},"sameAs":["https:\/\/www.facebook.com\/rassegnastampacattolica","https:\/\/x.com\/rassegnastampa9"]},{"@type":"Person","@id":"https:\/\/www.rassegnastampa-totustuus.it\/cattolica\/#\/schema\/person\/08f319d2bd1a0904ad9e2bfb7b15e5c3","name":"Redazione","image":{"@type":"ImageObject","inLanguage":"it-IT","@id":"https:\/\/secure.gravatar.com\/avatar\/2fcdf27c78ea025fbdb44e914cc63c72249ffec9dc8aafd5c82b26240ef3f346?s=96&d=mm&r=g","url":"https:\/\/secure.gravatar.com\/avatar\/2fcdf27c78ea025fbdb44e914cc63c72249ffec9dc8aafd5c82b26240ef3f346?s=96&d=mm&r=g","contentUrl":"https:\/\/secure.gravatar.com\/avatar\/2fcdf27c78ea025fbdb44e914cc63c72249ffec9dc8aafd5c82b26240ef3f346?s=96&d=mm&r=g","caption":"Redazione"},"url":"https:\/\/www.rassegnastampa-totustuus.it\/cattolica\/author\/pietroelle\/"}]}},"_links":{"self":[{"href":"https:\/\/www.rassegnastampa-totustuus.it\/cattolica\/wp-json\/wp\/v2\/posts\/64368","targetHints":{"allow":["GET"]}}],"collection":[{"href":"https:\/\/www.rassegnastampa-totustuus.it\/cattolica\/wp-json\/wp\/v2\/posts"}],"about":[{"href":"https:\/\/www.rassegnastampa-totustuus.it\/cattolica\/wp-json\/wp\/v2\/types\/post"}],"author":[{"embeddable":true,"href":"https:\/\/www.rassegnastampa-totustuus.it\/cattolica\/wp-json\/wp\/v2\/users\/6"}],"replies":[{"embeddable":true,"href":"https:\/\/www.rassegnastampa-totustuus.it\/cattolica\/wp-json\/wp\/v2\/comments?post=64368"}],"version-history":[{"count":1,"href":"https:\/\/www.rassegnastampa-totustuus.it\/cattolica\/wp-json\/wp\/v2\/posts\/64368\/revisions"}],"predecessor-version":[{"id":64369,"href":"https:\/\/www.rassegnastampa-totustuus.it\/cattolica\/wp-json\/wp\/v2\/posts\/64368\/revisions\/64369"}],"wp:featuredmedia":[{"embeddable":true,"href":"https:\/\/www.rassegnastampa-totustuus.it\/cattolica\/wp-json\/wp\/v2\/media\/32076"}],"wp:attachment":[{"href":"https:\/\/www.rassegnastampa-totustuus.it\/cattolica\/wp-json\/wp\/v2\/media?parent=64368"}],"wp:term":[{"taxonomy":"category","embeddable":true,"href":"https:\/\/www.rassegnastampa-totustuus.it\/cattolica\/wp-json\/wp\/v2\/categories?post=64368"},{"taxonomy":"post_tag","embeddable":true,"href":"https:\/\/www.rassegnastampa-totustuus.it\/cattolica\/wp-json\/wp\/v2\/tags?post=64368"}],"curies":[{"name":"wp","href":"https:\/\/api.w.org\/{rel}","templated":true}]}}