{"id":64365,"date":"2026-03-12T01:04:00","date_gmt":"2026-03-12T00:04:00","guid":{"rendered":"https:\/\/www.rassegnastampa-totustuus.it\/cattolica\/?p=64365"},"modified":"2026-03-10T11:03:59","modified_gmt":"2026-03-10T10:03:59","slug":"cosa-si-nasconde-dietro-liceberg-degli-scandali-di-epstein","status":"publish","type":"post","link":"https:\/\/www.rassegnastampa-totustuus.it\/cattolica\/cosa-si-nasconde-dietro-liceberg-degli-scandali-di-epstein\/","title":{"rendered":"Cosa si nasconde dietro l\u2019iceberg degli scandali di Epstein"},"content":{"rendered":"\n<p class=\"has-text-align-center\"><strong><a href=\"https:\/\/www.atfp.it\/\" type=\"link\" id=\"https:\/\/www.atfp.it\/\" target=\"_blank\" rel=\"noreferrer noopener\">Tradizione Famiglia Propriet\u00e0<\/a><\/strong> newsletter 5 Marzo 2026<\/p>\n\n\n\n<p class=\"has-text-align-center\">di <strong>John Horvat<\/strong><\/p>\n\n\n\n<p>Con la pubblicazione di milioni di pagine dei fascicoli Epstein, molti sono rimasti scioccati dal loro volume e dalla vasta rete gestita dal famigerato predatore sessuale. Molti personaggi di spicco dell&#8217;\u00e9lite hanno avuto almeno qualche contatto con lui. Questi leader della societ\u00e0 stanno ora cadendo in disgrazia a causa di questi legami. Gli scandali non risparmiano nessuno di loro.<\/p>\n\n\n<div class=\"wp-block-image\">\n<figure class=\"aligncenter size-full is-resized\"><a href=\"https:\/\/www.rassegnastampa-totustuus.it\/cattolica\/wp-content\/uploads\/2026\/03\/Epstein.jpg\"><img loading=\"lazy\" decoding=\"async\" width=\"660\" height=\"330\" src=\"https:\/\/www.rassegnastampa-totustuus.it\/cattolica\/wp-content\/uploads\/2026\/03\/Epstein.jpg\" alt=\"\" class=\"wp-image-64366\" style=\"width:468px;height:auto\" srcset=\"https:\/\/www.rassegnastampa-totustuus.it\/cattolica\/wp-content\/uploads\/2026\/03\/Epstein.jpg 660w, https:\/\/www.rassegnastampa-totustuus.it\/cattolica\/wp-content\/uploads\/2026\/03\/Epstein-300x150.jpg 300w, https:\/\/www.rassegnastampa-totustuus.it\/cattolica\/wp-content\/uploads\/2026\/03\/Epstein-595x298.jpg 595w\" sizes=\"auto, (max-width: 660px) 100vw, 660px\" \/><\/a><\/figure><\/div>\n\n\n<!--more-->\n\n\n\n<p>Per quanto orribili possano essere questi fascicoli, la loro esistenza implica che qualcosa di ancora peggiore si nasconde nell&#8217;ombra. Reti di questo tipo non nascono dall&#8217;oggi al domani. La natura dinamica di questi mali suggerisce che i fascicoli divulgati siano solo la punta di un vasto iceberg.<\/p>\n\n\n\n<p>Lo scandalo Epstein \u00e8 possibile solo perch\u00e9 una corrotta cultura liberale fa di sostegno a gran parte della depravazione che si trova nei file. \u00c8 una cultura <em>mainstream<\/em> che permea molti settori. I film e i media ritraggono e celebrano ovunque le relazioni immorali. La moda e la cultura pop descrivono e addirittura celebrano i comportamenti pi\u00f9 depravati. I<em> meme <\/em>e i social media superano i limiti della decenza con contenuti scioccanti che infrangono tutte le regole. Il grande pubblico mostra un appetito per i dettagli pi\u00f9 pruriginosi di questi scandali che suggeriscono una complicit\u00e0 implicita con tale oscenit\u00e0.<\/p>\n\n\n\n<p>Quando l&#8217;iceberg Epstein \u00e8 apparso all&#8217;orizzonte, il campo era gi\u00e0 stato aperto. Le persone sono facilmente attratte da rivelazioni che promuovono tutto ci\u00f2 che \u00e8 irrazionale, corrotto e impuro. La punta di un iceberg presuppone una vasta massa di ghiaccio sotto la superficie ghiacciata. Allo stesso modo, la dissolutezza di alto profilo che riempie i titoli dei giornali presuppone un sinistro mondo sotterraneo che attinge da tutti i livelli della societ\u00e0, corrompendo la societ\u00e0 nel suo complesso.<\/p>\n\n\n<div class=\"wp-block-image\">\n<figure class=\"aligncenter size-full is-resized\"><a href=\"https:\/\/www.rassegnastampa-totustuus.it\/cattolica\/wp-content\/uploads\/2018\/06\/68_internaz.jpg\"><img loading=\"lazy\" decoding=\"async\" width=\"299\" height=\"169\" src=\"https:\/\/www.rassegnastampa-totustuus.it\/cattolica\/wp-content\/uploads\/2018\/06\/68_internaz.jpg\" alt=\"\" class=\"wp-image-40524\" style=\"width:465px;height:auto\"\/><\/a><\/figure><\/div>\n\n\n<p>Parallelamente a quelle di Epstein devono esistere anche reti locali d\u2019iniquit\u00e0. Queste reti devono avere figure simili a Epstein che facilitano la diffusione del vizio e della lascivia. Hanno i loro oscuri segreti. L&#8217;unica differenza \u00e8 che i loro protagonisti rimangono nascosti.<\/p>\n\n\n\n<p>In effetti, molti hanno cercato di inquadrare il dibattito su Epstein come una lotta di classe tra \u00e9lite corrotte e gente comune incorrotta. Tuttavia, la verit\u00e0 \u00e8 che l&#8217;intera societ\u00e0 \u00e8 marcia e coinvolta nella decadenza generale. Qualsiasi ritorno all&#8217;ordine deve comportare una rigenerazione morale generale.<\/p>\n\n\n\n<h4 class=\"wp-block-heading has-text-align-center\"><strong>LO STATO DELLA MORALE PUBBLICA<\/strong><\/h4>\n\n\n\n<p>La prova della degenerazione di tutta la societ\u00e0 \u00e8 evidente dallo stato terrificante della morale pubblica, che ha subito un drastico declino dopo la rivoluzione sessuale degli anni Sessanta.<\/p>\n\n\n\n<p>Ci\u00f2 \u00e8 particolarmente evidente nel declino della famiglia. Dove la famiglia \u00e8 assente, ci si pu\u00f2 aspettare di trovare le relazioni pi\u00f9 degradanti, la morale pi\u00f9 dissoluta e i focolari pi\u00f9 disgregati. La devastazione morale causata dal divorzio e dalle convivenze prepara il terreno per i peggiori scandali alla Epstein.<\/p>\n\n\n<div class=\"wp-block-image\">\n<figure class=\"aligncenter size-large is-resized\"><a href=\"https:\/\/www.rassegnastampa-totustuus.it\/cattolica\/wp-content\/uploads\/2020\/07\/travestiti_omosessuali_gender.png\"><img loading=\"lazy\" decoding=\"async\" width=\"1024\" height=\"664\" src=\"https:\/\/www.rassegnastampa-totustuus.it\/cattolica\/wp-content\/uploads\/2020\/07\/travestiti_omosessuali_gender-1024x664.png\" alt=\"\" class=\"wp-image-47736\" style=\"width:440px;height:auto\" srcset=\"https:\/\/www.rassegnastampa-totustuus.it\/cattolica\/wp-content\/uploads\/2020\/07\/travestiti_omosessuali_gender-1024x664.png 1024w, https:\/\/www.rassegnastampa-totustuus.it\/cattolica\/wp-content\/uploads\/2020\/07\/travestiti_omosessuali_gender-300x195.png 300w, https:\/\/www.rassegnastampa-totustuus.it\/cattolica\/wp-content\/uploads\/2020\/07\/travestiti_omosessuali_gender-768x498.png 768w, https:\/\/www.rassegnastampa-totustuus.it\/cattolica\/wp-content\/uploads\/2020\/07\/travestiti_omosessuali_gender.png 1958w\" sizes=\"auto, (max-width: 1024px) 100vw, 1024px\" \/><\/a><\/figure><\/div>\n\n\n<p>Un secondo indicatore \u00e8 la diffusione delle influenze corruttrici che erodono la morale e che si trovano nelle reti che riguardano la droga, la criminalit\u00e0 e il traffico illegale. Queste sono influenze che ormai invadono le scuole pubbliche, i quartieri e l&#8217;industria, distruggendo il tessuto sociale che tiene insieme la societ\u00e0.<\/p>\n\n\n\n<p>Merita una nota a parte un terzo elemento di distruzione sociale. Un vasto mondo sotterraneo di agenti deve essere coinvolto nell&#8217;immensa proliferazione di produttori e consumatori di pornografia. Questo malvagio corruttore \u00e8 universalmente accessibile con un clic del mouse nella privacy di ogni piccolo schermo. Le persone possono produrre tali contenuti con le fotocamere dei loro telefoni e ora anche con programmi d\u2019intelligenza artificiale.<\/p>\n\n\n\n<p>Tutti questi fattori hanno contribuito a trasformare il mondo in un pozzo nero di vizi in continua crescita, oggi nascosto, ma in attesa del momento giusto per essere rivelato.<\/p>\n\n\n\n<h4 class=\"wp-block-heading has-text-align-center\"><strong>IL DEGRADO DELLA NAZIONE<\/strong><\/h4>\n\n\n\n<p>Il caso Epstein non riguarda solo le rivelazioni sulle persone coinvolte. Tutti loro dovrebbero essere perseguiti per eventuali reati commessi in un tribunale e non in processi mediatici.<\/p>\n\n\n\n<p>Tuttavia, la parte peggiore della questione \u00e8 che l&#8217;inondazione di sporcizia ha contaminato tutto ci\u00f2 che ruota attorno a queste figure di spicco. L&#8217;intera nazione \u00e8 macchiata e i media sono diventati un gigantesco tabloid che vomita i segreti pi\u00f9 vili.<\/p>\n\n\n\n<p>Lo scandalo \u00e8 un catalizzatore che rende parte importante del dibattito nazionale questi temi raccapriccianti, con lo scopo di distruggere la fiducia sociale e la leadership.<\/p>\n\n\n\n<p>Infatti, le persone sono naturalmente inclini a seguire quelle \u00e9lite che danno il tono alla societ\u00e0. Se questi leader percorrono fedelmente la via della virt\u00f9, tutta la societ\u00e0 migliora. Quando invece si smarriscono moralmente, svolgono il ruolo opposto, precipitando insieme ai loro ammiratori nel baratro della perdizione, sia in questa vita che nella prossima.<\/p>\n\n\n\n<p class=\"has-text-align-center\"><strong>Fonte<\/strong>:&nbsp;<a href=\"https:\/\/www.returntoorder.org\/2026\/02\/what-lies-beneath-the-epstein-scandals\/\" target=\"_blank\" rel=\"noreferrer noopener\">Return to Order<\/a>, 20 febbraio 2026.&nbsp;<em>Traduzione a cura di Tradizione Famiglia Propriet\u00e0 \u2013 Italia.<\/em><\/p>\n","protected":false},"excerpt":{"rendered":"<p>Tradizione Famiglia Propriet\u00e0 newsletter 5 Marzo 2026 di John Horvat Con la pubblicazione di milioni di pagine dei fascicoli Epstein, molti sono rimasti scioccati dal loro volume e dalla vasta rete gestita dal famigerato predatore sessuale. Molti personaggi di spicco dell&#8217;\u00e9lite hanno avuto almeno qualche contatto con lui. Questi leader della societ\u00e0 stanno ora cadendo &hellip; <\/p>\n<p><a class=\"more-link btn\" href=\"https:\/\/www.rassegnastampa-totustuus.it\/cattolica\/cosa-si-nasconde-dietro-liceberg-degli-scandali-di-epstein\/\">Continua a leggere<\/a><\/p>\n","protected":false},"author":6,"featured_media":64366,"comment_status":"closed","ping_status":"closed","sticky":false,"template":"","format":"standard","meta":{"footnotes":""},"categories":[25],"tags":[3276,3165,3275,1626,173],"class_list":["post-64365","post","type-post","status-publish","format-standard","has-post-thumbnail","hentry","category-sguardo-sul-nostro-tempo","tag-corruzione-morale","tag-decadenza","tag-epstei-jaffrey","tag-pornografia","tag-sesso","item-wrap"],"yoast_head":"<!-- This site is optimized with the Yoast SEO plugin v27.4 - https:\/\/yoast.com\/product\/yoast-seo-wordpress\/ -->\n<title>Cosa si nasconde dietro l\u2019iceberg degli scandali di Epstein - Rassegna Stampa Cattolica<\/title>\n<meta name=\"description\" content=\"Cosa si nasconde dietro l\u2019iceberg degli scandali di Epstein. La corruzione morale di tutta la societ\u00e0 provocata dalla cultura liberale\" \/>\n<meta name=\"robots\" content=\"index, follow, max-snippet:-1, max-image-preview:large, max-video-preview:-1\" \/>\n<link rel=\"canonical\" href=\"https:\/\/www.rassegnastampa-totustuus.it\/cattolica\/cosa-si-nasconde-dietro-liceberg-degli-scandali-di-epstein\/\" \/>\n<meta property=\"og:locale\" content=\"it_IT\" \/>\n<meta property=\"og:type\" content=\"article\" \/>\n<meta property=\"og:title\" content=\"Cosa si nasconde dietro l\u2019iceberg degli scandali di Epstein - Rassegna Stampa Cattolica\" \/>\n<meta property=\"og:description\" content=\"Cosa si nasconde dietro l\u2019iceberg degli scandali di Epstein. La corruzione morale di tutta la societ\u00e0 provocata dalla cultura liberale\" \/>\n<meta property=\"og:url\" content=\"https:\/\/www.rassegnastampa-totustuus.it\/cattolica\/cosa-si-nasconde-dietro-liceberg-degli-scandali-di-epstein\/\" \/>\n<meta property=\"og:site_name\" content=\"Rassegna Stampa Cattolica\" \/>\n<meta property=\"article:publisher\" content=\"https:\/\/www.facebook.com\/rassegnastampacattolica\" \/>\n<meta property=\"article:published_time\" content=\"2026-03-12T00:04:00+00:00\" \/>\n<meta property=\"og:image\" content=\"https:\/\/www.rassegnastampa-totustuus.it\/cattolica\/wp-content\/uploads\/2026\/03\/Epstein.jpg\" \/>\n\t<meta property=\"og:image:width\" content=\"660\" \/>\n\t<meta property=\"og:image:height\" content=\"330\" \/>\n\t<meta property=\"og:image:type\" content=\"image\/jpeg\" \/>\n<meta name=\"author\" content=\"Redazione\" \/>\n<meta name=\"twitter:card\" content=\"summary_large_image\" \/>\n<meta name=\"twitter:creator\" content=\"@rassegnastampa9\" \/>\n<meta name=\"twitter:site\" content=\"@rassegnastampa9\" \/>\n<meta name=\"twitter:label1\" content=\"Scritto da\" \/>\n\t<meta name=\"twitter:data1\" content=\"Redazione\" \/>\n\t<meta name=\"twitter:label2\" content=\"Tempo di lettura stimato\" \/>\n\t<meta name=\"twitter:data2\" content=\"5 minuti\" \/>\n<script type=\"application\/ld+json\" class=\"yoast-schema-graph\">{\"@context\":\"https:\\\/\\\/schema.org\",\"@graph\":[{\"@type\":\"Article\",\"@id\":\"https:\\\/\\\/www.rassegnastampa-totustuus.it\\\/cattolica\\\/cosa-si-nasconde-dietro-liceberg-degli-scandali-di-epstein\\\/#article\",\"isPartOf\":{\"@id\":\"https:\\\/\\\/www.rassegnastampa-totustuus.it\\\/cattolica\\\/cosa-si-nasconde-dietro-liceberg-degli-scandali-di-epstein\\\/\"},\"author\":{\"name\":\"Redazione\",\"@id\":\"https:\\\/\\\/www.rassegnastampa-totustuus.it\\\/cattolica\\\/#\\\/schema\\\/person\\\/08f319d2bd1a0904ad9e2bfb7b15e5c3\"},\"headline\":\"Cosa si nasconde dietro l\u2019iceberg degli scandali di Epstein\",\"datePublished\":\"2026-03-12T00:04:00+00:00\",\"mainEntityOfPage\":{\"@id\":\"https:\\\/\\\/www.rassegnastampa-totustuus.it\\\/cattolica\\\/cosa-si-nasconde-dietro-liceberg-degli-scandali-di-epstein\\\/\"},\"wordCount\":783,\"publisher\":{\"@id\":\"https:\\\/\\\/www.rassegnastampa-totustuus.it\\\/cattolica\\\/#organization\"},\"image\":{\"@id\":\"https:\\\/\\\/www.rassegnastampa-totustuus.it\\\/cattolica\\\/cosa-si-nasconde-dietro-liceberg-degli-scandali-di-epstein\\\/#primaryimage\"},\"thumbnailUrl\":\"https:\\\/\\\/www.rassegnastampa-totustuus.it\\\/cattolica\\\/wp-content\\\/uploads\\\/2026\\\/03\\\/Epstein.jpg\",\"keywords\":[\"corruzione morale\",\"decadenza\",\"Epstei Jaffrey\",\"pornografia\",\"sesso\"],\"articleSection\":[\"Sguardo sul nostro tempo\"],\"inLanguage\":\"it-IT\"},{\"@type\":\"WebPage\",\"@id\":\"https:\\\/\\\/www.rassegnastampa-totustuus.it\\\/cattolica\\\/cosa-si-nasconde-dietro-liceberg-degli-scandali-di-epstein\\\/\",\"url\":\"https:\\\/\\\/www.rassegnastampa-totustuus.it\\\/cattolica\\\/cosa-si-nasconde-dietro-liceberg-degli-scandali-di-epstein\\\/\",\"name\":\"Cosa si nasconde dietro l\u2019iceberg degli scandali di Epstein - Rassegna Stampa Cattolica\",\"isPartOf\":{\"@id\":\"https:\\\/\\\/www.rassegnastampa-totustuus.it\\\/cattolica\\\/#website\"},\"primaryImageOfPage\":{\"@id\":\"https:\\\/\\\/www.rassegnastampa-totustuus.it\\\/cattolica\\\/cosa-si-nasconde-dietro-liceberg-degli-scandali-di-epstein\\\/#primaryimage\"},\"image\":{\"@id\":\"https:\\\/\\\/www.rassegnastampa-totustuus.it\\\/cattolica\\\/cosa-si-nasconde-dietro-liceberg-degli-scandali-di-epstein\\\/#primaryimage\"},\"thumbnailUrl\":\"https:\\\/\\\/www.rassegnastampa-totustuus.it\\\/cattolica\\\/wp-content\\\/uploads\\\/2026\\\/03\\\/Epstein.jpg\",\"datePublished\":\"2026-03-12T00:04:00+00:00\",\"description\":\"Cosa si nasconde dietro l\u2019iceberg degli scandali di Epstein. La corruzione morale di tutta la societ\u00e0 provocata dalla cultura liberale\",\"breadcrumb\":{\"@id\":\"https:\\\/\\\/www.rassegnastampa-totustuus.it\\\/cattolica\\\/cosa-si-nasconde-dietro-liceberg-degli-scandali-di-epstein\\\/#breadcrumb\"},\"inLanguage\":\"it-IT\",\"potentialAction\":[{\"@type\":\"ReadAction\",\"target\":[\"https:\\\/\\\/www.rassegnastampa-totustuus.it\\\/cattolica\\\/cosa-si-nasconde-dietro-liceberg-degli-scandali-di-epstein\\\/\"]}]},{\"@type\":\"ImageObject\",\"inLanguage\":\"it-IT\",\"@id\":\"https:\\\/\\\/www.rassegnastampa-totustuus.it\\\/cattolica\\\/cosa-si-nasconde-dietro-liceberg-degli-scandali-di-epstein\\\/#primaryimage\",\"url\":\"https:\\\/\\\/www.rassegnastampa-totustuus.it\\\/cattolica\\\/wp-content\\\/uploads\\\/2026\\\/03\\\/Epstein.jpg\",\"contentUrl\":\"https:\\\/\\\/www.rassegnastampa-totustuus.it\\\/cattolica\\\/wp-content\\\/uploads\\\/2026\\\/03\\\/Epstein.jpg\",\"width\":660,\"height\":330},{\"@type\":\"BreadcrumbList\",\"@id\":\"https:\\\/\\\/www.rassegnastampa-totustuus.it\\\/cattolica\\\/cosa-si-nasconde-dietro-liceberg-degli-scandali-di-epstein\\\/#breadcrumb\",\"itemListElement\":[{\"@type\":\"ListItem\",\"position\":1,\"name\":\"Home\",\"item\":\"https:\\\/\\\/www.rassegnastampa-totustuus.it\\\/cattolica\\\/\"},{\"@type\":\"ListItem\",\"position\":2,\"name\":\"Cosa si nasconde dietro l\u2019iceberg degli scandali di Epstein\"}]},{\"@type\":\"WebSite\",\"@id\":\"https:\\\/\\\/www.rassegnastampa-totustuus.it\\\/cattolica\\\/#website\",\"url\":\"https:\\\/\\\/www.rassegnastampa-totustuus.it\\\/cattolica\\\/\",\"name\":\"Rassegna Stampa Cattolica\",\"description\":\"Per una cultura che nasce dalla Rivelazione cristiana in conformit\u00e0 alla tradizione e al Magistero della Chiesa in opposizione ad ogni relativismo e totalitarismo\",\"publisher\":{\"@id\":\"https:\\\/\\\/www.rassegnastampa-totustuus.it\\\/cattolica\\\/#organization\"},\"alternateName\":\"Rass. Cattolica\",\"potentialAction\":[{\"@type\":\"SearchAction\",\"target\":{\"@type\":\"EntryPoint\",\"urlTemplate\":\"https:\\\/\\\/www.rassegnastampa-totustuus.it\\\/cattolica\\\/?s={search_term_string}\"},\"query-input\":{\"@type\":\"PropertyValueSpecification\",\"valueRequired\":true,\"valueName\":\"search_term_string\"}}],\"inLanguage\":\"it-IT\"},{\"@type\":\"Organization\",\"@id\":\"https:\\\/\\\/www.rassegnastampa-totustuus.it\\\/cattolica\\\/#organization\",\"name\":\"Rassegna Stampa Cattolica\",\"url\":\"https:\\\/\\\/www.rassegnastampa-totustuus.it\\\/cattolica\\\/\",\"logo\":{\"@type\":\"ImageObject\",\"inLanguage\":\"it-IT\",\"@id\":\"https:\\\/\\\/www.rassegnastampa-totustuus.it\\\/cattolica\\\/#\\\/schema\\\/logo\\\/image\\\/\",\"url\":\"https:\\\/\\\/www.rassegnastampa-totustuus.it\\\/cattolica\\\/wp-content\\\/uploads\\\/2014\\\/04\\\/logo-rassegna1.gif\",\"contentUrl\":\"https:\\\/\\\/www.rassegnastampa-totustuus.it\\\/cattolica\\\/wp-content\\\/uploads\\\/2014\\\/04\\\/logo-rassegna1.gif\",\"width\":600,\"height\":163,\"caption\":\"Rassegna Stampa Cattolica\"},\"image\":{\"@id\":\"https:\\\/\\\/www.rassegnastampa-totustuus.it\\\/cattolica\\\/#\\\/schema\\\/logo\\\/image\\\/\"},\"sameAs\":[\"https:\\\/\\\/www.facebook.com\\\/rassegnastampacattolica\",\"https:\\\/\\\/x.com\\\/rassegnastampa9\"]},{\"@type\":\"Person\",\"@id\":\"https:\\\/\\\/www.rassegnastampa-totustuus.it\\\/cattolica\\\/#\\\/schema\\\/person\\\/08f319d2bd1a0904ad9e2bfb7b15e5c3\",\"name\":\"Redazione\",\"image\":{\"@type\":\"ImageObject\",\"inLanguage\":\"it-IT\",\"@id\":\"https:\\\/\\\/secure.gravatar.com\\\/avatar\\\/2fcdf27c78ea025fbdb44e914cc63c72249ffec9dc8aafd5c82b26240ef3f346?s=96&d=mm&r=g\",\"url\":\"https:\\\/\\\/secure.gravatar.com\\\/avatar\\\/2fcdf27c78ea025fbdb44e914cc63c72249ffec9dc8aafd5c82b26240ef3f346?s=96&d=mm&r=g\",\"contentUrl\":\"https:\\\/\\\/secure.gravatar.com\\\/avatar\\\/2fcdf27c78ea025fbdb44e914cc63c72249ffec9dc8aafd5c82b26240ef3f346?s=96&d=mm&r=g\",\"caption\":\"Redazione\"},\"url\":\"https:\\\/\\\/www.rassegnastampa-totustuus.it\\\/cattolica\\\/author\\\/pietroelle\\\/\"}]}<\/script>\n<!-- \/ Yoast SEO plugin. -->","yoast_head_json":{"title":"Cosa si nasconde dietro l\u2019iceberg degli scandali di Epstein - Rassegna Stampa Cattolica","description":"Cosa si nasconde dietro l\u2019iceberg degli scandali di Epstein. La corruzione morale di tutta la societ\u00e0 provocata dalla cultura liberale","robots":{"index":"index","follow":"follow","max-snippet":"max-snippet:-1","max-image-preview":"max-image-preview:large","max-video-preview":"max-video-preview:-1"},"canonical":"https:\/\/www.rassegnastampa-totustuus.it\/cattolica\/cosa-si-nasconde-dietro-liceberg-degli-scandali-di-epstein\/","og_locale":"it_IT","og_type":"article","og_title":"Cosa si nasconde dietro l\u2019iceberg degli scandali di Epstein - Rassegna Stampa Cattolica","og_description":"Cosa si nasconde dietro l\u2019iceberg degli scandali di Epstein. La corruzione morale di tutta la societ\u00e0 provocata dalla cultura liberale","og_url":"https:\/\/www.rassegnastampa-totustuus.it\/cattolica\/cosa-si-nasconde-dietro-liceberg-degli-scandali-di-epstein\/","og_site_name":"Rassegna Stampa Cattolica","article_publisher":"https:\/\/www.facebook.com\/rassegnastampacattolica","article_published_time":"2026-03-12T00:04:00+00:00","og_image":[{"width":660,"height":330,"url":"https:\/\/www.rassegnastampa-totustuus.it\/cattolica\/wp-content\/uploads\/2026\/03\/Epstein.jpg","type":"image\/jpeg"}],"author":"Redazione","twitter_card":"summary_large_image","twitter_creator":"@rassegnastampa9","twitter_site":"@rassegnastampa9","twitter_misc":{"Scritto da":"Redazione","Tempo di lettura stimato":"5 minuti"},"schema":{"@context":"https:\/\/schema.org","@graph":[{"@type":"Article","@id":"https:\/\/www.rassegnastampa-totustuus.it\/cattolica\/cosa-si-nasconde-dietro-liceberg-degli-scandali-di-epstein\/#article","isPartOf":{"@id":"https:\/\/www.rassegnastampa-totustuus.it\/cattolica\/cosa-si-nasconde-dietro-liceberg-degli-scandali-di-epstein\/"},"author":{"name":"Redazione","@id":"https:\/\/www.rassegnastampa-totustuus.it\/cattolica\/#\/schema\/person\/08f319d2bd1a0904ad9e2bfb7b15e5c3"},"headline":"Cosa si nasconde dietro l\u2019iceberg degli scandali di Epstein","datePublished":"2026-03-12T00:04:00+00:00","mainEntityOfPage":{"@id":"https:\/\/www.rassegnastampa-totustuus.it\/cattolica\/cosa-si-nasconde-dietro-liceberg-degli-scandali-di-epstein\/"},"wordCount":783,"publisher":{"@id":"https:\/\/www.rassegnastampa-totustuus.it\/cattolica\/#organization"},"image":{"@id":"https:\/\/www.rassegnastampa-totustuus.it\/cattolica\/cosa-si-nasconde-dietro-liceberg-degli-scandali-di-epstein\/#primaryimage"},"thumbnailUrl":"https:\/\/www.rassegnastampa-totustuus.it\/cattolica\/wp-content\/uploads\/2026\/03\/Epstein.jpg","keywords":["corruzione morale","decadenza","Epstei Jaffrey","pornografia","sesso"],"articleSection":["Sguardo sul nostro tempo"],"inLanguage":"it-IT"},{"@type":"WebPage","@id":"https:\/\/www.rassegnastampa-totustuus.it\/cattolica\/cosa-si-nasconde-dietro-liceberg-degli-scandali-di-epstein\/","url":"https:\/\/www.rassegnastampa-totustuus.it\/cattolica\/cosa-si-nasconde-dietro-liceberg-degli-scandali-di-epstein\/","name":"Cosa si nasconde dietro l\u2019iceberg degli scandali di Epstein - Rassegna Stampa Cattolica","isPartOf":{"@id":"https:\/\/www.rassegnastampa-totustuus.it\/cattolica\/#website"},"primaryImageOfPage":{"@id":"https:\/\/www.rassegnastampa-totustuus.it\/cattolica\/cosa-si-nasconde-dietro-liceberg-degli-scandali-di-epstein\/#primaryimage"},"image":{"@id":"https:\/\/www.rassegnastampa-totustuus.it\/cattolica\/cosa-si-nasconde-dietro-liceberg-degli-scandali-di-epstein\/#primaryimage"},"thumbnailUrl":"https:\/\/www.rassegnastampa-totustuus.it\/cattolica\/wp-content\/uploads\/2026\/03\/Epstein.jpg","datePublished":"2026-03-12T00:04:00+00:00","description":"Cosa si nasconde dietro l\u2019iceberg degli scandali di Epstein. La corruzione morale di tutta la societ\u00e0 provocata dalla cultura liberale","breadcrumb":{"@id":"https:\/\/www.rassegnastampa-totustuus.it\/cattolica\/cosa-si-nasconde-dietro-liceberg-degli-scandali-di-epstein\/#breadcrumb"},"inLanguage":"it-IT","potentialAction":[{"@type":"ReadAction","target":["https:\/\/www.rassegnastampa-totustuus.it\/cattolica\/cosa-si-nasconde-dietro-liceberg-degli-scandali-di-epstein\/"]}]},{"@type":"ImageObject","inLanguage":"it-IT","@id":"https:\/\/www.rassegnastampa-totustuus.it\/cattolica\/cosa-si-nasconde-dietro-liceberg-degli-scandali-di-epstein\/#primaryimage","url":"https:\/\/www.rassegnastampa-totustuus.it\/cattolica\/wp-content\/uploads\/2026\/03\/Epstein.jpg","contentUrl":"https:\/\/www.rassegnastampa-totustuus.it\/cattolica\/wp-content\/uploads\/2026\/03\/Epstein.jpg","width":660,"height":330},{"@type":"BreadcrumbList","@id":"https:\/\/www.rassegnastampa-totustuus.it\/cattolica\/cosa-si-nasconde-dietro-liceberg-degli-scandali-di-epstein\/#breadcrumb","itemListElement":[{"@type":"ListItem","position":1,"name":"Home","item":"https:\/\/www.rassegnastampa-totustuus.it\/cattolica\/"},{"@type":"ListItem","position":2,"name":"Cosa si nasconde dietro l\u2019iceberg degli scandali di Epstein"}]},{"@type":"WebSite","@id":"https:\/\/www.rassegnastampa-totustuus.it\/cattolica\/#website","url":"https:\/\/www.rassegnastampa-totustuus.it\/cattolica\/","name":"Rassegna Stampa Cattolica","description":"Per una cultura che nasce dalla Rivelazione cristiana in conformit\u00e0 alla tradizione e al Magistero della Chiesa in opposizione ad ogni relativismo e totalitarismo","publisher":{"@id":"https:\/\/www.rassegnastampa-totustuus.it\/cattolica\/#organization"},"alternateName":"Rass. Cattolica","potentialAction":[{"@type":"SearchAction","target":{"@type":"EntryPoint","urlTemplate":"https:\/\/www.rassegnastampa-totustuus.it\/cattolica\/?s={search_term_string}"},"query-input":{"@type":"PropertyValueSpecification","valueRequired":true,"valueName":"search_term_string"}}],"inLanguage":"it-IT"},{"@type":"Organization","@id":"https:\/\/www.rassegnastampa-totustuus.it\/cattolica\/#organization","name":"Rassegna Stampa Cattolica","url":"https:\/\/www.rassegnastampa-totustuus.it\/cattolica\/","logo":{"@type":"ImageObject","inLanguage":"it-IT","@id":"https:\/\/www.rassegnastampa-totustuus.it\/cattolica\/#\/schema\/logo\/image\/","url":"https:\/\/www.rassegnastampa-totustuus.it\/cattolica\/wp-content\/uploads\/2014\/04\/logo-rassegna1.gif","contentUrl":"https:\/\/www.rassegnastampa-totustuus.it\/cattolica\/wp-content\/uploads\/2014\/04\/logo-rassegna1.gif","width":600,"height":163,"caption":"Rassegna Stampa Cattolica"},"image":{"@id":"https:\/\/www.rassegnastampa-totustuus.it\/cattolica\/#\/schema\/logo\/image\/"},"sameAs":["https:\/\/www.facebook.com\/rassegnastampacattolica","https:\/\/x.com\/rassegnastampa9"]},{"@type":"Person","@id":"https:\/\/www.rassegnastampa-totustuus.it\/cattolica\/#\/schema\/person\/08f319d2bd1a0904ad9e2bfb7b15e5c3","name":"Redazione","image":{"@type":"ImageObject","inLanguage":"it-IT","@id":"https:\/\/secure.gravatar.com\/avatar\/2fcdf27c78ea025fbdb44e914cc63c72249ffec9dc8aafd5c82b26240ef3f346?s=96&d=mm&r=g","url":"https:\/\/secure.gravatar.com\/avatar\/2fcdf27c78ea025fbdb44e914cc63c72249ffec9dc8aafd5c82b26240ef3f346?s=96&d=mm&r=g","contentUrl":"https:\/\/secure.gravatar.com\/avatar\/2fcdf27c78ea025fbdb44e914cc63c72249ffec9dc8aafd5c82b26240ef3f346?s=96&d=mm&r=g","caption":"Redazione"},"url":"https:\/\/www.rassegnastampa-totustuus.it\/cattolica\/author\/pietroelle\/"}]}},"_links":{"self":[{"href":"https:\/\/www.rassegnastampa-totustuus.it\/cattolica\/wp-json\/wp\/v2\/posts\/64365","targetHints":{"allow":["GET"]}}],"collection":[{"href":"https:\/\/www.rassegnastampa-totustuus.it\/cattolica\/wp-json\/wp\/v2\/posts"}],"about":[{"href":"https:\/\/www.rassegnastampa-totustuus.it\/cattolica\/wp-json\/wp\/v2\/types\/post"}],"author":[{"embeddable":true,"href":"https:\/\/www.rassegnastampa-totustuus.it\/cattolica\/wp-json\/wp\/v2\/users\/6"}],"replies":[{"embeddable":true,"href":"https:\/\/www.rassegnastampa-totustuus.it\/cattolica\/wp-json\/wp\/v2\/comments?post=64365"}],"version-history":[{"count":1,"href":"https:\/\/www.rassegnastampa-totustuus.it\/cattolica\/wp-json\/wp\/v2\/posts\/64365\/revisions"}],"predecessor-version":[{"id":64367,"href":"https:\/\/www.rassegnastampa-totustuus.it\/cattolica\/wp-json\/wp\/v2\/posts\/64365\/revisions\/64367"}],"wp:featuredmedia":[{"embeddable":true,"href":"https:\/\/www.rassegnastampa-totustuus.it\/cattolica\/wp-json\/wp\/v2\/media\/64366"}],"wp:attachment":[{"href":"https:\/\/www.rassegnastampa-totustuus.it\/cattolica\/wp-json\/wp\/v2\/media?parent=64365"}],"wp:term":[{"taxonomy":"category","embeddable":true,"href":"https:\/\/www.rassegnastampa-totustuus.it\/cattolica\/wp-json\/wp\/v2\/categories?post=64365"},{"taxonomy":"post_tag","embeddable":true,"href":"https:\/\/www.rassegnastampa-totustuus.it\/cattolica\/wp-json\/wp\/v2\/tags?post=64365"}],"curies":[{"name":"wp","href":"https:\/\/api.w.org\/{rel}","templated":true}]}}