{"id":64229,"date":"2026-01-29T01:04:00","date_gmt":"2026-01-29T00:04:00","guid":{"rendered":"https:\/\/www.rassegnastampa-totustuus.it\/cattolica\/?p=64229"},"modified":"2026-01-28T13:50:25","modified_gmt":"2026-01-28T12:50:25","slug":"i-poveri-del-libano-106","status":"publish","type":"post","link":"https:\/\/www.rassegnastampa-totustuus.it\/cattolica\/i-poveri-del-libano-106\/","title":{"rendered":"I Poveri del Libano"},"content":{"rendered":"\n<p class=\"has-text-align-center\"><strong>newsletter<\/strong> Febbraio 2026 n. 2<\/p>\n\n\n\n<p><em>Notiziario di un gruppo di volontari di \u201cOui pour la vie\u201d, un\u2019associazione di volontariato con sede a Damour in Libano, legalmente riconosciuta impegnata in favore dei pi\u00f9 poveri di ogni appartenenza religiosa e provenienza\u00a0<\/em><a href=\"https:\/\/3yk5d.r.a.d.sendibm1.com\/mk\/cl\/f\/sh\/SMK1E8tHeFuBoPTjDUAslL0jFEag\/5Wg6kGMexyFk\" target=\"_blank\" rel=\"noreferrer noopener\">www.ouipourlavielb.com<\/a>; <em>Facebook: Damiano Puccini\u00a0<\/em><\/p>\n\n\n\n<p class=\"has-text-align-center\">di padre<strong> Damiano Puccini<\/strong><\/p>\n\n\n<div class=\"wp-block-image\">\n<figure class=\"aligncenter size-full is-resized\"><a href=\"https:\/\/www.rassegnastampa-totustuus.it\/cattolica\/wp-content\/uploads\/2026\/01\/emergenza-Libano.jpg\"><img loading=\"lazy\" decoding=\"async\" width=\"768\" height=\"308\" src=\"https:\/\/www.rassegnastampa-totustuus.it\/cattolica\/wp-content\/uploads\/2026\/01\/emergenza-Libano.jpg\" alt=\"\" class=\"wp-image-64230\" style=\"width:406px;height:auto\" srcset=\"https:\/\/www.rassegnastampa-totustuus.it\/cattolica\/wp-content\/uploads\/2026\/01\/emergenza-Libano.jpg 768w, https:\/\/www.rassegnastampa-totustuus.it\/cattolica\/wp-content\/uploads\/2026\/01\/emergenza-Libano-300x120.jpg 300w, https:\/\/www.rassegnastampa-totustuus.it\/cattolica\/wp-content\/uploads\/2026\/01\/emergenza-Libano-595x239.jpg 595w\" sizes=\"auto, (max-width: 768px) 100vw, 768px\" \/><\/a><\/figure><\/div>\n\n\n<p>In Libano, all&#8217;inizio del 2026, la crisi economica rimane severa nonostante alcuni segnali di stabilizzazione monetaria. Ecco i dati principali sulla <strong>povert\u00e0<\/strong> aggiornati al periodo 2025-2026: tasso di povert\u00e0: circa <strong>il 44% della popolazione<\/strong> vive sotto la soglia di povert\u00e0 nazionale, una cifra triplicata nell&#8217;ultimo decennio. Se si considera la povert\u00e0 multidimensionale (che include accesso a <strong>elettricit\u00e0, sanit\u00e0 e istruzione<\/strong>), la percentuale sale a&nbsp;<strong>oltre il 70-73%<\/strong>.&nbsp;<\/p>\n\n\n\n<p><strong>Insicurezza alimentare<\/strong>: ad agosto 2025, <strong>un residente su cinque<\/strong> (circa 1,17 milioni di persone) soffriva di insicurezza alimentare acuta, con i costi del cibo aumentati del 21% rispetto all&#8217;anno precedente. Minori a rischio: <strong>oltre il 75% dei bambini<\/strong> \u00e8 considerato a rischio povert\u00e0, con <strong>met\u00e0 della fascia 0-14 anni<\/strong> gi\u00e0 classificata come povera.<\/p>\n\n\n\n<p>Oltre il 90% dei rifugiati siriani vive in condizioni di povert\u00e0, con tassi di disoccupazione elevati, soprattutto tra le donne. <strong>Peggiorano l\u2019accesso all\u2019acqua e ai servizi igienici.<\/strong> Questa situazione ha provocato un aumento della <strong>malnutrizione:<\/strong> tra i rifugiati siriani <strong>oltre il 60% dei bambini non ha cibo sufficiente per<\/strong> <strong>vivere.<\/strong><\/p>\n\n\n\n<p>La nostra associazione \u201cOui pour la Vie\u201d continua ancora con la \u201ccucina\u201d di Damour, l\u2019ambulatorio per i test sanitari e il riferimento per AIDS, droga e alcool, il centro di ascolto per le medicine e la scuola. Tutto sempre per bisognosi di ogni appartenenza e provenienza.<\/p>\n\n\n\n<h2 class=\"wp-block-heading has-text-align-center\"><strong>Si chiedono sempre aiuti e pubblicit\u00e0.<\/strong><\/h2>\n\n\n\n<p><em>La sera, la maggior parte degli studenti analfabeti della scuola Oui pour la Vie di Damour, offre <strong>lezioni a casa<\/strong> na familiari e amici per aiutarli a imparare a leggere e scrivere come loro. L&#8217;idea \u00e8 piaciuta alla nostra Associazione e cos\u00ec \u00e8 stato avviato un programma di educazione serale per i loro studenti e le loro famiglie, a volte utilizzando candele perch\u00e9 l&#8217;elettricit\u00e0 non \u00e8 sempre disponibile. La maggior parte degli studenti ha pi\u00f9 di 50 anni, il che dimostra che \u201cl&#8217;et\u00e0 \u00e8 solo un numero, ma la forza di volont\u00e0 trascende tutti i numeri del mondo\u201d.<\/em><\/p>\n\n\n<div class=\"wp-block-image\">\n<figure class=\"aligncenter size-full\"><a href=\"https:\/\/www.rassegnastampa-totustuus.it\/cattolica\/wp-content\/uploads\/2023\/05\/cucina_Libano_Oui_pour_la_vie.jpg\"><img loading=\"lazy\" decoding=\"async\" width=\"200\" height=\"267\" src=\"https:\/\/www.rassegnastampa-totustuus.it\/cattolica\/wp-content\/uploads\/2023\/05\/cucina_Libano_Oui_pour_la_vie.jpg\" alt=\"\" class=\"wp-image-56457\"\/><\/a><\/figure><\/div>\n\n\n<p><em>Una nostra volontaria, insegnante nella scuola pubblica, ha ricevuto <strong>in dono da un\u2019alunna musulmana, <\/strong>un crocifisso, che appositamente acquistato e consegnato con una dedica di ringraziamento e di auguri.<\/em><\/p>\n\n\n\n<p><em>Ricorre il questo mese l\u201911\u00b0 anniversario di apertura della nostra \u201ccucina\u201d di Damour, che offre pasti a centinaia di persone, in un periodo come questo nel quale il cibo non \u00e8 pi\u00f9 una certezza per tanta gente. Ringraziamo di cuore i volontari impegnati e i benefattori che con costanza ci sostengono.&nbsp;<\/em><\/p>\n\n\n\n<p><em>Abbiamo messo in opera alcune&nbsp;<strong>manutenzioni straordinarie&nbsp;<\/strong>non pi\u00f9 prorogabili&nbsp;<strong>e migliorie&nbsp;<\/strong>per la nostra cucina: pavimenti, imbiancatura, impianti. Con l\u2019aiuto gratuito di alcuni tecnici e manovali del paese, i nostri volontari sono impegnati a tempo pieno per terminare al pi\u00f9 presto&nbsp; <strong>i lavori<\/strong>, il cui&nbsp;<strong>costo&nbsp;<\/strong>va sui<strong>&nbsp;2000 $. Si chiedono a tutti aiuti e pubblicit\u00e0.<\/strong>&nbsp;La preparazione dei pasti \u00e8 stata dislocata in alcuni garage messi a disposizione dagli abitanti del paese.<\/em><\/p>\n\n\n\n<p>Per testimonianze in Italia tel 333\/5473721 <a href=\"mailto:pdamianolibano@gmail.com\">pdamianolibano@gmail.com<\/a>&nbsp;Per inviare offerte: Bonifico sul conto: Oui pour la Vie, presso Unicredit Cascina (PI). IBAN: IT94Q0200870951000105404518; (BIC-Swift: UNCRITM1G05 se richiesto). Indicate nella causale del bonifico il vostro email \/ telefono cell e avvisateci dell\u2019offerta scrivendo a <a href=\"mailto:info@ouipourlavielb.com\">info@ouipourlavielb.com<\/a>. Grazie.<\/p>\n","protected":false},"excerpt":{"rendered":"<p>newsletter Febbraio 2026 n. 2 Notiziario di un gruppo di volontari di \u201cOui pour la vie\u201d, un\u2019associazione di volontariato con sede a Damour in Libano, legalmente riconosciuta impegnata in favore dei pi\u00f9 poveri di ogni appartenenza religiosa e provenienza\u00a0www.ouipourlavielb.com; Facebook: Damiano Puccini\u00a0 di padre Damiano Puccini In Libano, all&#8217;inizio del 2026, la crisi economica rimane &hellip; <\/p>\n<p><a class=\"more-link btn\" href=\"https:\/\/www.rassegnastampa-totustuus.it\/cattolica\/i-poveri-del-libano-106\/\">Continua a leggere<\/a><\/p>\n","protected":false},"author":6,"featured_media":64230,"comment_status":"closed","ping_status":"closed","sticky":false,"template":"","format":"standard","meta":{"footnotes":""},"categories":[33,108],"tags":[373],"class_list":["post-64229","post","type-post","status-publish","format-standard","has-post-thumbnail","hentry","category-cristiani-nell-islam","category-paesi-e-continenti","tag-libano","item-wrap"],"yoast_head":"<!-- This site is optimized with the Yoast SEO plugin v27.5 - https:\/\/yoast.com\/product\/yoast-seo-wordpress\/ -->\n<title>I Poveri del Libano - Rassegna Stampa Cattolica<\/title>\n<meta name=\"description\" content=\"I Poveri del Libano. La crisi ecnomica nel Paese rimane severa nonostante alcuni segnali di stabilizzazione monetaria\" \/>\n<meta name=\"robots\" content=\"index, follow, max-snippet:-1, max-image-preview:large, max-video-preview:-1\" \/>\n<link rel=\"canonical\" href=\"https:\/\/www.rassegnastampa-totustuus.it\/cattolica\/i-poveri-del-libano-106\/\" \/>\n<meta property=\"og:locale\" content=\"it_IT\" \/>\n<meta property=\"og:type\" content=\"article\" \/>\n<meta property=\"og:title\" content=\"I Poveri del Libano - Rassegna Stampa Cattolica\" \/>\n<meta property=\"og:description\" content=\"I Poveri del Libano. La crisi ecnomica nel Paese rimane severa nonostante alcuni segnali di stabilizzazione monetaria\" \/>\n<meta property=\"og:url\" content=\"https:\/\/www.rassegnastampa-totustuus.it\/cattolica\/i-poveri-del-libano-106\/\" \/>\n<meta property=\"og:site_name\" content=\"Rassegna Stampa Cattolica\" \/>\n<meta property=\"article:publisher\" content=\"https:\/\/www.facebook.com\/rassegnastampacattolica\" \/>\n<meta property=\"article:published_time\" content=\"2026-01-29T00:04:00+00:00\" \/>\n<meta property=\"og:image\" content=\"https:\/\/www.rassegnastampa-totustuus.it\/cattolica\/wp-content\/uploads\/2026\/01\/emergenza-Libano.jpg\" \/>\n\t<meta property=\"og:image:width\" content=\"768\" \/>\n\t<meta property=\"og:image:height\" content=\"308\" \/>\n\t<meta property=\"og:image:type\" content=\"image\/jpeg\" \/>\n<meta name=\"author\" content=\"Redazione\" \/>\n<meta name=\"twitter:card\" content=\"summary_large_image\" \/>\n<meta name=\"twitter:creator\" content=\"@rassegnastampa9\" \/>\n<meta name=\"twitter:site\" content=\"@rassegnastampa9\" \/>\n<meta name=\"twitter:label1\" content=\"Scritto da\" \/>\n\t<meta name=\"twitter:data1\" content=\"Redazione\" \/>\n\t<meta name=\"twitter:label2\" content=\"Tempo di lettura stimato\" \/>\n\t<meta name=\"twitter:data2\" content=\"4 minuti\" \/>\n<script type=\"application\/ld+json\" class=\"yoast-schema-graph\">{\"@context\":\"https:\\\/\\\/schema.org\",\"@graph\":[{\"@type\":\"Article\",\"@id\":\"https:\\\/\\\/www.rassegnastampa-totustuus.it\\\/cattolica\\\/i-poveri-del-libano-106\\\/#article\",\"isPartOf\":{\"@id\":\"https:\\\/\\\/www.rassegnastampa-totustuus.it\\\/cattolica\\\/i-poveri-del-libano-106\\\/\"},\"author\":{\"name\":\"Redazione\",\"@id\":\"https:\\\/\\\/www.rassegnastampa-totustuus.it\\\/cattolica\\\/#\\\/schema\\\/person\\\/08f319d2bd1a0904ad9e2bfb7b15e5c3\"},\"headline\":\"I Poveri del Libano\",\"datePublished\":\"2026-01-29T00:04:00+00:00\",\"mainEntityOfPage\":{\"@id\":\"https:\\\/\\\/www.rassegnastampa-totustuus.it\\\/cattolica\\\/i-poveri-del-libano-106\\\/\"},\"wordCount\":583,\"publisher\":{\"@id\":\"https:\\\/\\\/www.rassegnastampa-totustuus.it\\\/cattolica\\\/#organization\"},\"image\":{\"@id\":\"https:\\\/\\\/www.rassegnastampa-totustuus.it\\\/cattolica\\\/i-poveri-del-libano-106\\\/#primaryimage\"},\"thumbnailUrl\":\"https:\\\/\\\/www.rassegnastampa-totustuus.it\\\/cattolica\\\/wp-content\\\/uploads\\\/2026\\\/01\\\/emergenza-Libano.jpg\",\"keywords\":[\"Libano\"],\"articleSection\":[\"Cristiani nell'islam\",\"Paesi e continenti\"],\"inLanguage\":\"it-IT\"},{\"@type\":\"WebPage\",\"@id\":\"https:\\\/\\\/www.rassegnastampa-totustuus.it\\\/cattolica\\\/i-poveri-del-libano-106\\\/\",\"url\":\"https:\\\/\\\/www.rassegnastampa-totustuus.it\\\/cattolica\\\/i-poveri-del-libano-106\\\/\",\"name\":\"I Poveri del Libano - Rassegna Stampa Cattolica\",\"isPartOf\":{\"@id\":\"https:\\\/\\\/www.rassegnastampa-totustuus.it\\\/cattolica\\\/#website\"},\"primaryImageOfPage\":{\"@id\":\"https:\\\/\\\/www.rassegnastampa-totustuus.it\\\/cattolica\\\/i-poveri-del-libano-106\\\/#primaryimage\"},\"image\":{\"@id\":\"https:\\\/\\\/www.rassegnastampa-totustuus.it\\\/cattolica\\\/i-poveri-del-libano-106\\\/#primaryimage\"},\"thumbnailUrl\":\"https:\\\/\\\/www.rassegnastampa-totustuus.it\\\/cattolica\\\/wp-content\\\/uploads\\\/2026\\\/01\\\/emergenza-Libano.jpg\",\"datePublished\":\"2026-01-29T00:04:00+00:00\",\"description\":\"I Poveri del Libano. La crisi ecnomica nel Paese rimane severa nonostante alcuni segnali di stabilizzazione monetaria\",\"breadcrumb\":{\"@id\":\"https:\\\/\\\/www.rassegnastampa-totustuus.it\\\/cattolica\\\/i-poveri-del-libano-106\\\/#breadcrumb\"},\"inLanguage\":\"it-IT\",\"potentialAction\":[{\"@type\":\"ReadAction\",\"target\":[\"https:\\\/\\\/www.rassegnastampa-totustuus.it\\\/cattolica\\\/i-poveri-del-libano-106\\\/\"]}]},{\"@type\":\"ImageObject\",\"inLanguage\":\"it-IT\",\"@id\":\"https:\\\/\\\/www.rassegnastampa-totustuus.it\\\/cattolica\\\/i-poveri-del-libano-106\\\/#primaryimage\",\"url\":\"https:\\\/\\\/www.rassegnastampa-totustuus.it\\\/cattolica\\\/wp-content\\\/uploads\\\/2026\\\/01\\\/emergenza-Libano.jpg\",\"contentUrl\":\"https:\\\/\\\/www.rassegnastampa-totustuus.it\\\/cattolica\\\/wp-content\\\/uploads\\\/2026\\\/01\\\/emergenza-Libano.jpg\",\"width\":768,\"height\":308},{\"@type\":\"BreadcrumbList\",\"@id\":\"https:\\\/\\\/www.rassegnastampa-totustuus.it\\\/cattolica\\\/i-poveri-del-libano-106\\\/#breadcrumb\",\"itemListElement\":[{\"@type\":\"ListItem\",\"position\":1,\"name\":\"Home\",\"item\":\"https:\\\/\\\/www.rassegnastampa-totustuus.it\\\/cattolica\\\/\"},{\"@type\":\"ListItem\",\"position\":2,\"name\":\"I Poveri del Libano\"}]},{\"@type\":\"WebSite\",\"@id\":\"https:\\\/\\\/www.rassegnastampa-totustuus.it\\\/cattolica\\\/#website\",\"url\":\"https:\\\/\\\/www.rassegnastampa-totustuus.it\\\/cattolica\\\/\",\"name\":\"Rassegna Stampa Cattolica\",\"description\":\"Per una cultura che nasce dalla Rivelazione cristiana in conformit\u00e0 alla tradizione e al Magistero della Chiesa in opposizione ad ogni relativismo e totalitarismo\",\"publisher\":{\"@id\":\"https:\\\/\\\/www.rassegnastampa-totustuus.it\\\/cattolica\\\/#organization\"},\"alternateName\":\"Rass. Cattolica\",\"potentialAction\":[{\"@type\":\"SearchAction\",\"target\":{\"@type\":\"EntryPoint\",\"urlTemplate\":\"https:\\\/\\\/www.rassegnastampa-totustuus.it\\\/cattolica\\\/?s={search_term_string}\"},\"query-input\":{\"@type\":\"PropertyValueSpecification\",\"valueRequired\":true,\"valueName\":\"search_term_string\"}}],\"inLanguage\":\"it-IT\"},{\"@type\":\"Organization\",\"@id\":\"https:\\\/\\\/www.rassegnastampa-totustuus.it\\\/cattolica\\\/#organization\",\"name\":\"Rassegna Stampa Cattolica\",\"url\":\"https:\\\/\\\/www.rassegnastampa-totustuus.it\\\/cattolica\\\/\",\"logo\":{\"@type\":\"ImageObject\",\"inLanguage\":\"it-IT\",\"@id\":\"https:\\\/\\\/www.rassegnastampa-totustuus.it\\\/cattolica\\\/#\\\/schema\\\/logo\\\/image\\\/\",\"url\":\"https:\\\/\\\/www.rassegnastampa-totustuus.it\\\/cattolica\\\/wp-content\\\/uploads\\\/2014\\\/04\\\/logo-rassegna1.gif\",\"contentUrl\":\"https:\\\/\\\/www.rassegnastampa-totustuus.it\\\/cattolica\\\/wp-content\\\/uploads\\\/2014\\\/04\\\/logo-rassegna1.gif\",\"width\":600,\"height\":163,\"caption\":\"Rassegna Stampa Cattolica\"},\"image\":{\"@id\":\"https:\\\/\\\/www.rassegnastampa-totustuus.it\\\/cattolica\\\/#\\\/schema\\\/logo\\\/image\\\/\"},\"sameAs\":[\"https:\\\/\\\/www.facebook.com\\\/rassegnastampacattolica\",\"https:\\\/\\\/x.com\\\/rassegnastampa9\"]},{\"@type\":\"Person\",\"@id\":\"https:\\\/\\\/www.rassegnastampa-totustuus.it\\\/cattolica\\\/#\\\/schema\\\/person\\\/08f319d2bd1a0904ad9e2bfb7b15e5c3\",\"name\":\"Redazione\",\"image\":{\"@type\":\"ImageObject\",\"inLanguage\":\"it-IT\",\"@id\":\"https:\\\/\\\/secure.gravatar.com\\\/avatar\\\/2fcdf27c78ea025fbdb44e914cc63c72249ffec9dc8aafd5c82b26240ef3f346?s=96&d=mm&r=g\",\"url\":\"https:\\\/\\\/secure.gravatar.com\\\/avatar\\\/2fcdf27c78ea025fbdb44e914cc63c72249ffec9dc8aafd5c82b26240ef3f346?s=96&d=mm&r=g\",\"contentUrl\":\"https:\\\/\\\/secure.gravatar.com\\\/avatar\\\/2fcdf27c78ea025fbdb44e914cc63c72249ffec9dc8aafd5c82b26240ef3f346?s=96&d=mm&r=g\",\"caption\":\"Redazione\"},\"url\":\"https:\\\/\\\/www.rassegnastampa-totustuus.it\\\/cattolica\\\/author\\\/pietroelle\\\/\"}]}<\/script>\n<!-- \/ Yoast SEO plugin. -->","yoast_head_json":{"title":"I Poveri del Libano - Rassegna Stampa Cattolica","description":"I Poveri del Libano. La crisi ecnomica nel Paese rimane severa nonostante alcuni segnali di stabilizzazione monetaria","robots":{"index":"index","follow":"follow","max-snippet":"max-snippet:-1","max-image-preview":"max-image-preview:large","max-video-preview":"max-video-preview:-1"},"canonical":"https:\/\/www.rassegnastampa-totustuus.it\/cattolica\/i-poveri-del-libano-106\/","og_locale":"it_IT","og_type":"article","og_title":"I Poveri del Libano - Rassegna Stampa Cattolica","og_description":"I Poveri del Libano. La crisi ecnomica nel Paese rimane severa nonostante alcuni segnali di stabilizzazione monetaria","og_url":"https:\/\/www.rassegnastampa-totustuus.it\/cattolica\/i-poveri-del-libano-106\/","og_site_name":"Rassegna Stampa Cattolica","article_publisher":"https:\/\/www.facebook.com\/rassegnastampacattolica","article_published_time":"2026-01-29T00:04:00+00:00","og_image":[{"width":768,"height":308,"url":"https:\/\/www.rassegnastampa-totustuus.it\/cattolica\/wp-content\/uploads\/2026\/01\/emergenza-Libano.jpg","type":"image\/jpeg"}],"author":"Redazione","twitter_card":"summary_large_image","twitter_creator":"@rassegnastampa9","twitter_site":"@rassegnastampa9","twitter_misc":{"Scritto da":"Redazione","Tempo di lettura stimato":"4 minuti"},"schema":{"@context":"https:\/\/schema.org","@graph":[{"@type":"Article","@id":"https:\/\/www.rassegnastampa-totustuus.it\/cattolica\/i-poveri-del-libano-106\/#article","isPartOf":{"@id":"https:\/\/www.rassegnastampa-totustuus.it\/cattolica\/i-poveri-del-libano-106\/"},"author":{"name":"Redazione","@id":"https:\/\/www.rassegnastampa-totustuus.it\/cattolica\/#\/schema\/person\/08f319d2bd1a0904ad9e2bfb7b15e5c3"},"headline":"I Poveri del Libano","datePublished":"2026-01-29T00:04:00+00:00","mainEntityOfPage":{"@id":"https:\/\/www.rassegnastampa-totustuus.it\/cattolica\/i-poveri-del-libano-106\/"},"wordCount":583,"publisher":{"@id":"https:\/\/www.rassegnastampa-totustuus.it\/cattolica\/#organization"},"image":{"@id":"https:\/\/www.rassegnastampa-totustuus.it\/cattolica\/i-poveri-del-libano-106\/#primaryimage"},"thumbnailUrl":"https:\/\/www.rassegnastampa-totustuus.it\/cattolica\/wp-content\/uploads\/2026\/01\/emergenza-Libano.jpg","keywords":["Libano"],"articleSection":["Cristiani nell'islam","Paesi e continenti"],"inLanguage":"it-IT"},{"@type":"WebPage","@id":"https:\/\/www.rassegnastampa-totustuus.it\/cattolica\/i-poveri-del-libano-106\/","url":"https:\/\/www.rassegnastampa-totustuus.it\/cattolica\/i-poveri-del-libano-106\/","name":"I Poveri del Libano - Rassegna Stampa Cattolica","isPartOf":{"@id":"https:\/\/www.rassegnastampa-totustuus.it\/cattolica\/#website"},"primaryImageOfPage":{"@id":"https:\/\/www.rassegnastampa-totustuus.it\/cattolica\/i-poveri-del-libano-106\/#primaryimage"},"image":{"@id":"https:\/\/www.rassegnastampa-totustuus.it\/cattolica\/i-poveri-del-libano-106\/#primaryimage"},"thumbnailUrl":"https:\/\/www.rassegnastampa-totustuus.it\/cattolica\/wp-content\/uploads\/2026\/01\/emergenza-Libano.jpg","datePublished":"2026-01-29T00:04:00+00:00","description":"I Poveri del Libano. La crisi ecnomica nel Paese rimane severa nonostante alcuni segnali di stabilizzazione monetaria","breadcrumb":{"@id":"https:\/\/www.rassegnastampa-totustuus.it\/cattolica\/i-poveri-del-libano-106\/#breadcrumb"},"inLanguage":"it-IT","potentialAction":[{"@type":"ReadAction","target":["https:\/\/www.rassegnastampa-totustuus.it\/cattolica\/i-poveri-del-libano-106\/"]}]},{"@type":"ImageObject","inLanguage":"it-IT","@id":"https:\/\/www.rassegnastampa-totustuus.it\/cattolica\/i-poveri-del-libano-106\/#primaryimage","url":"https:\/\/www.rassegnastampa-totustuus.it\/cattolica\/wp-content\/uploads\/2026\/01\/emergenza-Libano.jpg","contentUrl":"https:\/\/www.rassegnastampa-totustuus.it\/cattolica\/wp-content\/uploads\/2026\/01\/emergenza-Libano.jpg","width":768,"height":308},{"@type":"BreadcrumbList","@id":"https:\/\/www.rassegnastampa-totustuus.it\/cattolica\/i-poveri-del-libano-106\/#breadcrumb","itemListElement":[{"@type":"ListItem","position":1,"name":"Home","item":"https:\/\/www.rassegnastampa-totustuus.it\/cattolica\/"},{"@type":"ListItem","position":2,"name":"I Poveri del Libano"}]},{"@type":"WebSite","@id":"https:\/\/www.rassegnastampa-totustuus.it\/cattolica\/#website","url":"https:\/\/www.rassegnastampa-totustuus.it\/cattolica\/","name":"Rassegna Stampa Cattolica","description":"Per una cultura che nasce dalla Rivelazione cristiana in conformit\u00e0 alla tradizione e al Magistero della Chiesa in opposizione ad ogni relativismo e totalitarismo","publisher":{"@id":"https:\/\/www.rassegnastampa-totustuus.it\/cattolica\/#organization"},"alternateName":"Rass. Cattolica","potentialAction":[{"@type":"SearchAction","target":{"@type":"EntryPoint","urlTemplate":"https:\/\/www.rassegnastampa-totustuus.it\/cattolica\/?s={search_term_string}"},"query-input":{"@type":"PropertyValueSpecification","valueRequired":true,"valueName":"search_term_string"}}],"inLanguage":"it-IT"},{"@type":"Organization","@id":"https:\/\/www.rassegnastampa-totustuus.it\/cattolica\/#organization","name":"Rassegna Stampa Cattolica","url":"https:\/\/www.rassegnastampa-totustuus.it\/cattolica\/","logo":{"@type":"ImageObject","inLanguage":"it-IT","@id":"https:\/\/www.rassegnastampa-totustuus.it\/cattolica\/#\/schema\/logo\/image\/","url":"https:\/\/www.rassegnastampa-totustuus.it\/cattolica\/wp-content\/uploads\/2014\/04\/logo-rassegna1.gif","contentUrl":"https:\/\/www.rassegnastampa-totustuus.it\/cattolica\/wp-content\/uploads\/2014\/04\/logo-rassegna1.gif","width":600,"height":163,"caption":"Rassegna Stampa Cattolica"},"image":{"@id":"https:\/\/www.rassegnastampa-totustuus.it\/cattolica\/#\/schema\/logo\/image\/"},"sameAs":["https:\/\/www.facebook.com\/rassegnastampacattolica","https:\/\/x.com\/rassegnastampa9"]},{"@type":"Person","@id":"https:\/\/www.rassegnastampa-totustuus.it\/cattolica\/#\/schema\/person\/08f319d2bd1a0904ad9e2bfb7b15e5c3","name":"Redazione","image":{"@type":"ImageObject","inLanguage":"it-IT","@id":"https:\/\/secure.gravatar.com\/avatar\/2fcdf27c78ea025fbdb44e914cc63c72249ffec9dc8aafd5c82b26240ef3f346?s=96&d=mm&r=g","url":"https:\/\/secure.gravatar.com\/avatar\/2fcdf27c78ea025fbdb44e914cc63c72249ffec9dc8aafd5c82b26240ef3f346?s=96&d=mm&r=g","contentUrl":"https:\/\/secure.gravatar.com\/avatar\/2fcdf27c78ea025fbdb44e914cc63c72249ffec9dc8aafd5c82b26240ef3f346?s=96&d=mm&r=g","caption":"Redazione"},"url":"https:\/\/www.rassegnastampa-totustuus.it\/cattolica\/author\/pietroelle\/"}]}},"_links":{"self":[{"href":"https:\/\/www.rassegnastampa-totustuus.it\/cattolica\/wp-json\/wp\/v2\/posts\/64229","targetHints":{"allow":["GET"]}}],"collection":[{"href":"https:\/\/www.rassegnastampa-totustuus.it\/cattolica\/wp-json\/wp\/v2\/posts"}],"about":[{"href":"https:\/\/www.rassegnastampa-totustuus.it\/cattolica\/wp-json\/wp\/v2\/types\/post"}],"author":[{"embeddable":true,"href":"https:\/\/www.rassegnastampa-totustuus.it\/cattolica\/wp-json\/wp\/v2\/users\/6"}],"replies":[{"embeddable":true,"href":"https:\/\/www.rassegnastampa-totustuus.it\/cattolica\/wp-json\/wp\/v2\/comments?post=64229"}],"version-history":[{"count":1,"href":"https:\/\/www.rassegnastampa-totustuus.it\/cattolica\/wp-json\/wp\/v2\/posts\/64229\/revisions"}],"predecessor-version":[{"id":64231,"href":"https:\/\/www.rassegnastampa-totustuus.it\/cattolica\/wp-json\/wp\/v2\/posts\/64229\/revisions\/64231"}],"wp:featuredmedia":[{"embeddable":true,"href":"https:\/\/www.rassegnastampa-totustuus.it\/cattolica\/wp-json\/wp\/v2\/media\/64230"}],"wp:attachment":[{"href":"https:\/\/www.rassegnastampa-totustuus.it\/cattolica\/wp-json\/wp\/v2\/media?parent=64229"}],"wp:term":[{"taxonomy":"category","embeddable":true,"href":"https:\/\/www.rassegnastampa-totustuus.it\/cattolica\/wp-json\/wp\/v2\/categories?post=64229"},{"taxonomy":"post_tag","embeddable":true,"href":"https:\/\/www.rassegnastampa-totustuus.it\/cattolica\/wp-json\/wp\/v2\/tags?post=64229"}],"curies":[{"name":"wp","href":"https:\/\/api.w.org\/{rel}","templated":true}]}}