{"id":64223,"date":"2026-01-29T01:06:00","date_gmt":"2026-01-29T00:06:00","guid":{"rendered":"https:\/\/www.rassegnastampa-totustuus.it\/cattolica\/?p=64223"},"modified":"2026-01-26T09:11:06","modified_gmt":"2026-01-26T08:11:06","slug":"il-problema-dei-giovani-maschi","status":"publish","type":"post","link":"https:\/\/www.rassegnastampa-totustuus.it\/cattolica\/il-problema-dei-giovani-maschi\/","title":{"rendered":"Il problema dei giovani maschi"},"content":{"rendered":"\n<p class=\"has-text-align-center\"><a href=\"https:\/\/www.atfp.it\/.\" target=\"_blank\" rel=\"noreferrer noopener\"><strong>Tradizione Famiglia Propriet\u00e0<\/strong> n<\/a>ewsletter 15 Gennaio 2026<\/p>\n\n\n\n<p class=\"has-text-align-center\">di<strong> John Horvat<\/strong><\/p>\n\n\n\n<p>Un gruppo demografico americano che preoccupa \u00e8 quello dei giovani maschi bianchi. Sono in ritardo nell&#8217;istruzione, nell&#8217;inserimento lavorativo e nell&#8217;autostima. Secondo la leggenda, li si pu\u00f2 trovare a giocare ai videogiochi mentre vivono la loro prima et\u00e0 adulta nel seminterrato dei genitori. Una tale descrizione ovviamente distorce la realt\u00e0. Tuttavia, c&#8217;\u00e8 un fondo di verit\u00e0 in essa. Il giovane maschio bianco, come la sua controparte nera, si trova in difficolt\u00e0.<\/p>\n\n\n<div class=\"wp-block-image\">\n<figure class=\"aligncenter size-large is-resized\"><a href=\"https:\/\/www.rassegnastampa-totustuus.it\/cattolica\/wp-content\/uploads\/2026\/01\/giovani_solitudine.jpeg\"><img loading=\"lazy\" decoding=\"async\" width=\"1024\" height=\"683\" src=\"https:\/\/www.rassegnastampa-totustuus.it\/cattolica\/wp-content\/uploads\/2026\/01\/giovani_solitudine-1024x683.jpeg\" alt=\"\" class=\"wp-image-64224\" style=\"width:433px;height:auto\" srcset=\"https:\/\/www.rassegnastampa-totustuus.it\/cattolica\/wp-content\/uploads\/2026\/01\/giovani_solitudine-1024x683.jpeg 1024w, https:\/\/www.rassegnastampa-totustuus.it\/cattolica\/wp-content\/uploads\/2026\/01\/giovani_solitudine-300x200.jpeg 300w, https:\/\/www.rassegnastampa-totustuus.it\/cattolica\/wp-content\/uploads\/2026\/01\/giovani_solitudine-768x512.jpeg 768w, https:\/\/www.rassegnastampa-totustuus.it\/cattolica\/wp-content\/uploads\/2026\/01\/giovani_solitudine-595x397.jpeg 595w, https:\/\/www.rassegnastampa-totustuus.it\/cattolica\/wp-content\/uploads\/2026\/01\/giovani_solitudine.jpeg 1536w\" sizes=\"auto, (max-width: 1024px) 100vw, 1024px\" \/><\/a><\/figure><\/div>\n\n\n<!--more-->\n\n\n\n<h4 class=\"wp-block-heading has-text-align-center\"><strong>Vittimizzazione dei giovani maschi bianchi<\/strong><\/h4>\n\n\n\n<p>I <em>liberal<\/em> hanno creato una narrativa di oppressione per spiegare la difficile situazione dei giovani maschi bianchi in cui si accoglie con favore la loro triste situazione come qualcosa che si meritano.<\/p>\n\n\n\n<p>Per costoro, per generazioni questi maschi bianchi hanno beneficiato della cultura bianca e oppresso gli altri. La loro mascolinit\u00e0 tossica ha anche imposto il &#8220;patriarcato&#8221; alla societ\u00e0. Poi, per colmo, il maschio bianco \u00e8 spesso cristiano e ha imposto la sua morale alla societ\u00e0. Ora la societ\u00e0 sta cambiando ed \u00e8 giunto il momento della resa dei conti per il triplice &#8220;peccato&#8221; del razzismo, del patriarcato e della moralit\u00e0.<\/p>\n\n\n\n<p>Pertanto, il giovane maschio bianco merita la caduta in disgrazia e i <em>liberal<\/em> fanno tutto il possibile per facilitare la sua sconfitta e la sua decostruzione.<\/p>\n\n\n\n<h4 class=\"wp-block-heading has-text-align-center\"><strong>Rovesciare la lotta di classe<\/strong><\/h4>\n\n\n\n<p>I giovani maschi bianchi vedono la loro situazione in modo diverso. Non si sentono colpevoli di nulla. La maggior parte vuole solo vivere la propria vita senza controversie.<\/p>\n\n\n\n<p>Pertanto, molti giovani risolvono il problema ritirandosi nei seminterrati dove vivono il loro risentimento nell&#8217;isolamento cibernetico impigliati nell\u2019oscura ragnatela dei giochi o della pornografia.<\/p>\n\n\n<div class=\"wp-block-image\">\n<figure class=\"aligncenter size-full is-resized\"><a href=\"https:\/\/www.rassegnastampa-totustuus.it\/cattolica\/wp-content\/uploads\/2024\/04\/woke_Usa.jpeg\"><img loading=\"lazy\" decoding=\"async\" width=\"277\" height=\"180\" src=\"https:\/\/www.rassegnastampa-totustuus.it\/cattolica\/wp-content\/uploads\/2024\/04\/woke_Usa.jpeg\" alt=\"\" class=\"wp-image-60042\" style=\"width:431px;height:auto\"\/><\/a><\/figure><\/div>\n\n\n<p>Altri giovani bianchi invece seguono un&#8217;altra narrativa. Ribaltano verso destra lo schema marxista della lotta di classe, trasformandosi in una classe oppressa e quindi si sentono liberi di usare tattiche brutali e scioccanti nella loro ricerca di vendetta. Si proclamano vittime e attribuiscono la loro caduta al sistema, che sia la societ\u00e0, la cultura, il governo o l&#8217;establishment liberale. Affermano che le carte sono ora truccate a loro sfavore (e potrebbe anche essere vero). Adottano cos\u00ec una narrativa post-liberale per invocare la fine di quel sistema.<\/p>\n\n\n\n<p>Questi giovani maschi bianchi hanno lamentele reali che devono essere affrontate. Si potrebbe sostenere che siano meno attrezzati per affrontarle rispetto alle generazioni passate. La post-modernit\u00e0 ha consegnato loro una terra desolata priva di virt\u00f9 come luogo in cui risolvere i loro problemi.<\/p>\n\n\n\n<p>Purtroppo, la virt\u00f9 non entra quasi mai nella discussione in nessuna delle due narrazioni, poich\u00e9 la realt\u00e0 \u00e8 quasi sempre inquadrata in termini economici, non morali, che sono quelli che arrivano alla radice di ci\u00f2 che non va bene.<\/p>\n\n\n\n<h4 class=\"wp-block-heading has-text-align-center\"><strong>Il modello nietzscheano<\/strong><\/h4>\n\n\n\n<p>Sfortunatamente, i giovani maschi bianchi risentiti della seconda narrazione adottano una visione della mascolinit\u00e0 che non fa che peggiorare le cose. Questa mascolinit\u00e0 si esprime nell&#8217;affermazione nietzscheana dell&#8217;uomo forte ossessionato dalla &#8220;volont\u00e0 di potenza&#8221; e dal dominio. Intrisa di falso misticismo, questa visione idealizza il comportamento brutale e denigra la compassione.<\/p>\n\n\n\n<p>Pertanto, l&#8217;uomo cristiano \u00e8 visto come debole perch\u00e9 erroneamente percepito come solo caritatevole e compassionevole. \u00c8 disprezzato perch\u00e9 non adotta un atteggiamento <em>macho<\/em> che d\u00e0 libero sfogo alle sue passioni indisciplinate. Non si comporta in modo osceno e volgare, condotta vista erroneamente come una manifestazione di virilit\u00e0.<\/p>\n\n\n<div class=\"wp-block-image\">\n<figure class=\"aligncenter size-full is-resized\"><a href=\"https:\/\/www.rassegnastampa-totustuus.it\/cattolica\/wp-content\/uploads\/2004\/11\/arabi_cristiani_islam.jpg\"><img loading=\"lazy\" decoding=\"async\" width=\"254\" height=\"180\" src=\"https:\/\/www.rassegnastampa-totustuus.it\/cattolica\/wp-content\/uploads\/2004\/11\/arabi_cristiani_islam.jpg\" alt=\"\" class=\"wp-image-57708\" style=\"width:416px;height:auto\"\/><\/a><\/figure><\/div>\n\n\n<p>Questi giovani sono spesso esposti al pensiero politico di figure illiberali come Oswald Spengler, Julius Evola, Alain de Benoist, Francis Parker Yockey e Samuel Francis. Tutte queste figure, ora popolari, erano occultisti e pagani dichiarati che idealizzavano feroci modelli precristiani. Il loro messaggio anticristiano elude qualsiasi discorso sulla virt\u00f9 e propone una via d&#8217;uscita semplicistica e brutale dai loro problemi.<\/p>\n\n\n\n<p>Seguendo questo modello, il giovane maschio bianco pensa di diventare una minaccia per la sinistra che lo maltratta. Tuttavia, questo modello falso non rappresenta in realt\u00e0 un pericolo reale per la sinistra. Il giovane maschio bianco condivide con i suoi omologhi woke la stessa visione del mondo anticristiana, la stessa morale depravata e la stessa visione atea. S\u2019impegna in una lotta di classe analoga, ma inversa, che inquadra erroneamente la storia come un gioco di potere e favorisce la rivoluzione della sinistra contro ci\u00f2 che resta dell&#8217;Occidente cristiano.<\/p>\n\n\n\n<h4 class=\"wp-block-heading has-text-align-center\"><strong>Colpevole?<\/strong><\/h4>\n\n\n\n<p>La vera soluzione per il giovane maschio bianco \u00e8 dichiararsi orgogliosamente &#8220;colpevole&#8221; dei valori e delle virt\u00f9 cristiane di cui \u00e8 accusato. Deve abbracciare quella morale che attira su di lui l&#8217;ira della sinistra&#8230; e soddisfare i suoi istinti virili. Deve dire: s\u00ec, rinnego le mie passioni sfrenate e impure. S\u00ec, pratico la carit\u00e0 verso i deboli. S\u00ec, mi sforzo di essere forte e intransigente nei confronti di coloro che offendono Dio. Non c&#8217;\u00e8 crimine o peccato, ma solo onore, nell&#8217;affermare la fede che d\u00e0 naturalmente scopo e significato alla vita. Non c&#8217;\u00e8 nulla di sbagliato, ma solo onore, nel seguire la legge naturale che corrisponde alla natura umana.<\/p>\n\n\n\n<p>Vivere questa vita pu\u00f2 colmare il vuoto spirituale che corrode il cuore di tanti giovani che cercano un senso nella desolazione postmoderna. Ma soprattutto, questa causa pu\u00f2 e deve essere difesa in modo virile, con forza, coraggio cristiano e affermazione energica nella piazza pubblica.<\/p>\n\n\n\n<h4 class=\"wp-block-heading has-text-align-center\"><strong>Perch\u00e9 il modello cristiano pu\u00f2 funzionare<\/strong><\/h4>\n\n\n\n<p>Ci sono tre ragioni per cui questo modello cristiano pu\u00f2 avere successo. Il primo \u00e8 che questo tipo di programma \u00e8 generalmente attraente per i giovani uomini. Fa appello alla loro visione ampia, alla loro passione per la giustizia e al loro modo di agire. A loro piacciono le sfide e gli ideali elevati.<\/p>\n\n\n<div class=\"wp-block-image\">\n<figure class=\"aligncenter size-large is-resized\"><a href=\"https:\/\/www.rassegnastampa-totustuus.it\/cattolica\/wp-content\/uploads\/2019\/03\/messa_latino.jpg\"><img loading=\"lazy\" decoding=\"async\" width=\"1024\" height=\"682\" src=\"https:\/\/www.rassegnastampa-totustuus.it\/cattolica\/wp-content\/uploads\/2019\/03\/messa_latino-1024x682.jpg\" alt=\"\" class=\"wp-image-42340\" style=\"width:462px;height:auto\" srcset=\"https:\/\/www.rassegnastampa-totustuus.it\/cattolica\/wp-content\/uploads\/2019\/03\/messa_latino-1024x682.jpg 1024w, https:\/\/www.rassegnastampa-totustuus.it\/cattolica\/wp-content\/uploads\/2019\/03\/messa_latino-300x200.jpg 300w, https:\/\/www.rassegnastampa-totustuus.it\/cattolica\/wp-content\/uploads\/2019\/03\/messa_latino-768x512.jpg 768w, https:\/\/www.rassegnastampa-totustuus.it\/cattolica\/wp-content\/uploads\/2019\/03\/messa_latino.jpg 1600w\" sizes=\"auto, (max-width: 1024px) 100vw, 1024px\" \/><\/a><\/figure><\/div>\n\n\n<p>In secondo luogo, questo programma pu\u00f2 funzionare perch\u00e9 molti giovani maschi stanno gi\u00e0 andando in questa direzione. Sono attratti dalla disciplina strutturata dell&#8217;antica liturgia e dalla vocazione propositiva. Si stanno convertendo alla fede cattolica in numero sempre crescente, mentre cercano e trovano un ideale virile infinitamente superiore a quello di Nietzsche: la via indicata da Nostro Signore Ges\u00f9 Cristo.<\/p>\n\n\n\n<h4 class=\"wp-block-heading has-text-align-center\"><strong>La sinistra teme il vero cristiano<\/strong><\/h4>\n\n\n\n<p>Infine, l&#8217;ideale cattolico di virilit\u00e0 \u00e8 una proposta molto potente. L&#8217;uomo nietzscheano non pu\u00f2 competere, poich\u00e9 non \u00e8 realmente forte ma, come ogni bullo, si rivela incline all&#8217;insicurezza, all&#8217;ansia e alla debolezza.<\/p>\n\n\n\n<p>L&#8217;uomo cristiano rappresenta molto di pi\u00f9. In effetti, l&#8217;uomo di sinistra teme l&#8217;ideale cristiano di virilit\u00e0. Trema di fronte alla sua purezza. \u00c8 terrorizzato dal suo spirito di cavalleria. Ha paura della sua preghiera virile. Teme persino la sua compassione. Lontano dalla caricatura mite del mondo nietzscheano, con l&#8217;aiuto della grazia soprannaturale, l&#8217;uomo cristiano virtuoso pu\u00f2 fare tutte le cose in Colui che lo fortifica (cfr. Fil 4,13).<\/p>\n\n\n\n<h4 class=\"wp-block-heading has-text-align-center\"><strong>Una forte identit\u00e0 che trascende la razza<\/strong><\/h4>\n\n\n\n<p>Quando un giovane maschio persegue questa forte identit\u00e0, l&#8217;aggettivo &#8220;bianco&#8221; curiosamente scompare. Il giovane vede il quadro generale e si rende conto che la sinistra prende di mira il cristianesimo, non solo la mascolinit\u00e0.<\/p>\n\n\n\n<p>Egli \u00e8 quindi libero dal pesante fardello dell<em>&#8216;\u00dcbermensch<\/em> di Nietzsche, poco virile e irraggiungibile. Il giovane maschio pu\u00f2 quindi vivere in accordo con le qualit\u00e0 che Dio ha conferito alla mascolinit\u00e0 (indipendentemente dalla razza). Pu\u00f2 sopravvivere contrattaccando virilmente chi vuole distruggere ci\u00f2 che resta del cristianesimo. Pu\u00f2 essere veramente ci\u00f2 che \u00e8 chiamato ad essere.<\/p>\n\n\n\n<p class=\"has-text-align-center\"><strong>Fonte<\/strong>: <a href=\"https:\/\/theimaginativeconservative.org\/2026\/01\/problem-young-white-males-john-horvat.html\" target=\"_blank\" rel=\"noreferrer noopener\">The Imaginative Conservative<\/a>, 8 gennaio 2026. <em>Traduzione a cura di Tradizione Famiglia Propriet\u00e0 \u2013 Italia.<\/em><\/p>\n","protected":false},"excerpt":{"rendered":"<p>Tradizione Famiglia Propriet\u00e0 newsletter 15 Gennaio 2026 di John Horvat Un gruppo demografico americano che preoccupa \u00e8 quello dei giovani maschi bianchi. Sono in ritardo nell&#8217;istruzione, nell&#8217;inserimento lavorativo e nell&#8217;autostima. Secondo la leggenda, li si pu\u00f2 trovare a giocare ai videogiochi mentre vivono la loro prima et\u00e0 adulta nel seminterrato dei genitori. Una tale descrizione &hellip; <\/p>\n<p><a class=\"more-link btn\" href=\"https:\/\/www.rassegnastampa-totustuus.it\/cattolica\/il-problema-dei-giovani-maschi\/\">Continua a leggere<\/a><\/p>\n","protected":false},"author":6,"featured_media":64224,"comment_status":"closed","ping_status":"closed","sticky":false,"template":"","format":"standard","meta":{"footnotes":""},"categories":[54,2943],"tags":[573,2874],"class_list":["post-64223","post","type-post","status-publish","format-standard","has-post-thumbnail","hentry","category-rivoluzione-e-controrivoluzione","category-sinistre","tag-giovani","tag-woke-revolution","item-wrap"],"yoast_head":"<!-- This site is optimized with the Yoast SEO plugin v27.5 - https:\/\/yoast.com\/product\/yoast-seo-wordpress\/ -->\n<title>Il problema dei giovani maschi - Rassegna Stampa Cattolica<\/title>\n<meta name=\"description\" content=\"Il problema dei giovani maschi, in difficolt\u00e0 di fronte alla narrativa denigratoria liberal della mascolinit\u00e0 tossica, e patriarcale\" \/>\n<meta name=\"robots\" content=\"index, follow, max-snippet:-1, max-image-preview:large, max-video-preview:-1\" \/>\n<link rel=\"canonical\" href=\"https:\/\/www.rassegnastampa-totustuus.it\/cattolica\/il-problema-dei-giovani-maschi\/\" \/>\n<meta property=\"og:locale\" content=\"it_IT\" \/>\n<meta property=\"og:type\" content=\"article\" \/>\n<meta property=\"og:title\" content=\"Il problema dei giovani maschi - Rassegna Stampa Cattolica\" \/>\n<meta property=\"og:description\" content=\"Il problema dei giovani maschi, in difficolt\u00e0 di fronte alla narrativa denigratoria liberal della mascolinit\u00e0 tossica, e patriarcale\" \/>\n<meta property=\"og:url\" content=\"https:\/\/www.rassegnastampa-totustuus.it\/cattolica\/il-problema-dei-giovani-maschi\/\" \/>\n<meta property=\"og:site_name\" content=\"Rassegna Stampa Cattolica\" \/>\n<meta property=\"article:publisher\" content=\"https:\/\/www.facebook.com\/rassegnastampacattolica\" \/>\n<meta property=\"article:published_time\" content=\"2026-01-29T00:06:00+00:00\" \/>\n<meta property=\"og:image\" content=\"https:\/\/www.rassegnastampa-totustuus.it\/cattolica\/wp-content\/uploads\/2026\/01\/giovani_solitudine.jpeg\" \/>\n\t<meta property=\"og:image:width\" content=\"1536\" \/>\n\t<meta property=\"og:image:height\" content=\"1024\" \/>\n\t<meta property=\"og:image:type\" content=\"image\/jpeg\" \/>\n<meta name=\"author\" content=\"Redazione\" \/>\n<meta name=\"twitter:card\" content=\"summary_large_image\" \/>\n<meta name=\"twitter:creator\" content=\"@rassegnastampa9\" \/>\n<meta name=\"twitter:site\" content=\"@rassegnastampa9\" \/>\n<meta name=\"twitter:label1\" content=\"Scritto da\" \/>\n\t<meta name=\"twitter:data1\" content=\"Redazione\" \/>\n\t<meta name=\"twitter:label2\" content=\"Tempo di lettura stimato\" \/>\n\t<meta name=\"twitter:data2\" content=\"8 minuti\" \/>\n<script type=\"application\/ld+json\" class=\"yoast-schema-graph\">{\"@context\":\"https:\\\/\\\/schema.org\",\"@graph\":[{\"@type\":\"Article\",\"@id\":\"https:\\\/\\\/www.rassegnastampa-totustuus.it\\\/cattolica\\\/il-problema-dei-giovani-maschi\\\/#article\",\"isPartOf\":{\"@id\":\"https:\\\/\\\/www.rassegnastampa-totustuus.it\\\/cattolica\\\/il-problema-dei-giovani-maschi\\\/\"},\"author\":{\"name\":\"Redazione\",\"@id\":\"https:\\\/\\\/www.rassegnastampa-totustuus.it\\\/cattolica\\\/#\\\/schema\\\/person\\\/08f319d2bd1a0904ad9e2bfb7b15e5c3\"},\"headline\":\"Il problema dei giovani maschi\",\"datePublished\":\"2026-01-29T00:06:00+00:00\",\"mainEntityOfPage\":{\"@id\":\"https:\\\/\\\/www.rassegnastampa-totustuus.it\\\/cattolica\\\/il-problema-dei-giovani-maschi\\\/\"},\"wordCount\":1188,\"publisher\":{\"@id\":\"https:\\\/\\\/www.rassegnastampa-totustuus.it\\\/cattolica\\\/#organization\"},\"image\":{\"@id\":\"https:\\\/\\\/www.rassegnastampa-totustuus.it\\\/cattolica\\\/il-problema-dei-giovani-maschi\\\/#primaryimage\"},\"thumbnailUrl\":\"https:\\\/\\\/www.rassegnastampa-totustuus.it\\\/cattolica\\\/wp-content\\\/uploads\\\/2026\\\/01\\\/giovani_solitudine.jpeg\",\"keywords\":[\"giovani\",\"woke revolution\"],\"articleSection\":[\"Rivoluzione e controrivoluzione\",\"sinistre\"],\"inLanguage\":\"it-IT\"},{\"@type\":\"WebPage\",\"@id\":\"https:\\\/\\\/www.rassegnastampa-totustuus.it\\\/cattolica\\\/il-problema-dei-giovani-maschi\\\/\",\"url\":\"https:\\\/\\\/www.rassegnastampa-totustuus.it\\\/cattolica\\\/il-problema-dei-giovani-maschi\\\/\",\"name\":\"Il problema dei giovani maschi - Rassegna Stampa Cattolica\",\"isPartOf\":{\"@id\":\"https:\\\/\\\/www.rassegnastampa-totustuus.it\\\/cattolica\\\/#website\"},\"primaryImageOfPage\":{\"@id\":\"https:\\\/\\\/www.rassegnastampa-totustuus.it\\\/cattolica\\\/il-problema-dei-giovani-maschi\\\/#primaryimage\"},\"image\":{\"@id\":\"https:\\\/\\\/www.rassegnastampa-totustuus.it\\\/cattolica\\\/il-problema-dei-giovani-maschi\\\/#primaryimage\"},\"thumbnailUrl\":\"https:\\\/\\\/www.rassegnastampa-totustuus.it\\\/cattolica\\\/wp-content\\\/uploads\\\/2026\\\/01\\\/giovani_solitudine.jpeg\",\"datePublished\":\"2026-01-29T00:06:00+00:00\",\"description\":\"Il problema dei giovani maschi, in difficolt\u00e0 di fronte alla narrativa denigratoria liberal della mascolinit\u00e0 tossica, e patriarcale\",\"breadcrumb\":{\"@id\":\"https:\\\/\\\/www.rassegnastampa-totustuus.it\\\/cattolica\\\/il-problema-dei-giovani-maschi\\\/#breadcrumb\"},\"inLanguage\":\"it-IT\",\"potentialAction\":[{\"@type\":\"ReadAction\",\"target\":[\"https:\\\/\\\/www.rassegnastampa-totustuus.it\\\/cattolica\\\/il-problema-dei-giovani-maschi\\\/\"]}]},{\"@type\":\"ImageObject\",\"inLanguage\":\"it-IT\",\"@id\":\"https:\\\/\\\/www.rassegnastampa-totustuus.it\\\/cattolica\\\/il-problema-dei-giovani-maschi\\\/#primaryimage\",\"url\":\"https:\\\/\\\/www.rassegnastampa-totustuus.it\\\/cattolica\\\/wp-content\\\/uploads\\\/2026\\\/01\\\/giovani_solitudine.jpeg\",\"contentUrl\":\"https:\\\/\\\/www.rassegnastampa-totustuus.it\\\/cattolica\\\/wp-content\\\/uploads\\\/2026\\\/01\\\/giovani_solitudine.jpeg\",\"width\":1536,\"height\":1024},{\"@type\":\"BreadcrumbList\",\"@id\":\"https:\\\/\\\/www.rassegnastampa-totustuus.it\\\/cattolica\\\/il-problema-dei-giovani-maschi\\\/#breadcrumb\",\"itemListElement\":[{\"@type\":\"ListItem\",\"position\":1,\"name\":\"Home\",\"item\":\"https:\\\/\\\/www.rassegnastampa-totustuus.it\\\/cattolica\\\/\"},{\"@type\":\"ListItem\",\"position\":2,\"name\":\"Il problema dei giovani maschi\"}]},{\"@type\":\"WebSite\",\"@id\":\"https:\\\/\\\/www.rassegnastampa-totustuus.it\\\/cattolica\\\/#website\",\"url\":\"https:\\\/\\\/www.rassegnastampa-totustuus.it\\\/cattolica\\\/\",\"name\":\"Rassegna Stampa Cattolica\",\"description\":\"Per una cultura che nasce dalla Rivelazione cristiana in conformit\u00e0 alla tradizione e al Magistero della Chiesa in opposizione ad ogni relativismo e totalitarismo\",\"publisher\":{\"@id\":\"https:\\\/\\\/www.rassegnastampa-totustuus.it\\\/cattolica\\\/#organization\"},\"alternateName\":\"Rass. Cattolica\",\"potentialAction\":[{\"@type\":\"SearchAction\",\"target\":{\"@type\":\"EntryPoint\",\"urlTemplate\":\"https:\\\/\\\/www.rassegnastampa-totustuus.it\\\/cattolica\\\/?s={search_term_string}\"},\"query-input\":{\"@type\":\"PropertyValueSpecification\",\"valueRequired\":true,\"valueName\":\"search_term_string\"}}],\"inLanguage\":\"it-IT\"},{\"@type\":\"Organization\",\"@id\":\"https:\\\/\\\/www.rassegnastampa-totustuus.it\\\/cattolica\\\/#organization\",\"name\":\"Rassegna Stampa Cattolica\",\"url\":\"https:\\\/\\\/www.rassegnastampa-totustuus.it\\\/cattolica\\\/\",\"logo\":{\"@type\":\"ImageObject\",\"inLanguage\":\"it-IT\",\"@id\":\"https:\\\/\\\/www.rassegnastampa-totustuus.it\\\/cattolica\\\/#\\\/schema\\\/logo\\\/image\\\/\",\"url\":\"https:\\\/\\\/www.rassegnastampa-totustuus.it\\\/cattolica\\\/wp-content\\\/uploads\\\/2014\\\/04\\\/logo-rassegna1.gif\",\"contentUrl\":\"https:\\\/\\\/www.rassegnastampa-totustuus.it\\\/cattolica\\\/wp-content\\\/uploads\\\/2014\\\/04\\\/logo-rassegna1.gif\",\"width\":600,\"height\":163,\"caption\":\"Rassegna Stampa Cattolica\"},\"image\":{\"@id\":\"https:\\\/\\\/www.rassegnastampa-totustuus.it\\\/cattolica\\\/#\\\/schema\\\/logo\\\/image\\\/\"},\"sameAs\":[\"https:\\\/\\\/www.facebook.com\\\/rassegnastampacattolica\",\"https:\\\/\\\/x.com\\\/rassegnastampa9\"]},{\"@type\":\"Person\",\"@id\":\"https:\\\/\\\/www.rassegnastampa-totustuus.it\\\/cattolica\\\/#\\\/schema\\\/person\\\/08f319d2bd1a0904ad9e2bfb7b15e5c3\",\"name\":\"Redazione\",\"image\":{\"@type\":\"ImageObject\",\"inLanguage\":\"it-IT\",\"@id\":\"https:\\\/\\\/secure.gravatar.com\\\/avatar\\\/2fcdf27c78ea025fbdb44e914cc63c72249ffec9dc8aafd5c82b26240ef3f346?s=96&d=mm&r=g\",\"url\":\"https:\\\/\\\/secure.gravatar.com\\\/avatar\\\/2fcdf27c78ea025fbdb44e914cc63c72249ffec9dc8aafd5c82b26240ef3f346?s=96&d=mm&r=g\",\"contentUrl\":\"https:\\\/\\\/secure.gravatar.com\\\/avatar\\\/2fcdf27c78ea025fbdb44e914cc63c72249ffec9dc8aafd5c82b26240ef3f346?s=96&d=mm&r=g\",\"caption\":\"Redazione\"},\"url\":\"https:\\\/\\\/www.rassegnastampa-totustuus.it\\\/cattolica\\\/author\\\/pietroelle\\\/\"}]}<\/script>\n<!-- \/ Yoast SEO plugin. -->","yoast_head_json":{"title":"Il problema dei giovani maschi - Rassegna Stampa Cattolica","description":"Il problema dei giovani maschi, in difficolt\u00e0 di fronte alla narrativa denigratoria liberal della mascolinit\u00e0 tossica, e patriarcale","robots":{"index":"index","follow":"follow","max-snippet":"max-snippet:-1","max-image-preview":"max-image-preview:large","max-video-preview":"max-video-preview:-1"},"canonical":"https:\/\/www.rassegnastampa-totustuus.it\/cattolica\/il-problema-dei-giovani-maschi\/","og_locale":"it_IT","og_type":"article","og_title":"Il problema dei giovani maschi - Rassegna Stampa Cattolica","og_description":"Il problema dei giovani maschi, in difficolt\u00e0 di fronte alla narrativa denigratoria liberal della mascolinit\u00e0 tossica, e patriarcale","og_url":"https:\/\/www.rassegnastampa-totustuus.it\/cattolica\/il-problema-dei-giovani-maschi\/","og_site_name":"Rassegna Stampa Cattolica","article_publisher":"https:\/\/www.facebook.com\/rassegnastampacattolica","article_published_time":"2026-01-29T00:06:00+00:00","og_image":[{"width":1536,"height":1024,"url":"https:\/\/www.rassegnastampa-totustuus.it\/cattolica\/wp-content\/uploads\/2026\/01\/giovani_solitudine.jpeg","type":"image\/jpeg"}],"author":"Redazione","twitter_card":"summary_large_image","twitter_creator":"@rassegnastampa9","twitter_site":"@rassegnastampa9","twitter_misc":{"Scritto da":"Redazione","Tempo di lettura stimato":"8 minuti"},"schema":{"@context":"https:\/\/schema.org","@graph":[{"@type":"Article","@id":"https:\/\/www.rassegnastampa-totustuus.it\/cattolica\/il-problema-dei-giovani-maschi\/#article","isPartOf":{"@id":"https:\/\/www.rassegnastampa-totustuus.it\/cattolica\/il-problema-dei-giovani-maschi\/"},"author":{"name":"Redazione","@id":"https:\/\/www.rassegnastampa-totustuus.it\/cattolica\/#\/schema\/person\/08f319d2bd1a0904ad9e2bfb7b15e5c3"},"headline":"Il problema dei giovani maschi","datePublished":"2026-01-29T00:06:00+00:00","mainEntityOfPage":{"@id":"https:\/\/www.rassegnastampa-totustuus.it\/cattolica\/il-problema-dei-giovani-maschi\/"},"wordCount":1188,"publisher":{"@id":"https:\/\/www.rassegnastampa-totustuus.it\/cattolica\/#organization"},"image":{"@id":"https:\/\/www.rassegnastampa-totustuus.it\/cattolica\/il-problema-dei-giovani-maschi\/#primaryimage"},"thumbnailUrl":"https:\/\/www.rassegnastampa-totustuus.it\/cattolica\/wp-content\/uploads\/2026\/01\/giovani_solitudine.jpeg","keywords":["giovani","woke revolution"],"articleSection":["Rivoluzione e controrivoluzione","sinistre"],"inLanguage":"it-IT"},{"@type":"WebPage","@id":"https:\/\/www.rassegnastampa-totustuus.it\/cattolica\/il-problema-dei-giovani-maschi\/","url":"https:\/\/www.rassegnastampa-totustuus.it\/cattolica\/il-problema-dei-giovani-maschi\/","name":"Il problema dei giovani maschi - Rassegna Stampa Cattolica","isPartOf":{"@id":"https:\/\/www.rassegnastampa-totustuus.it\/cattolica\/#website"},"primaryImageOfPage":{"@id":"https:\/\/www.rassegnastampa-totustuus.it\/cattolica\/il-problema-dei-giovani-maschi\/#primaryimage"},"image":{"@id":"https:\/\/www.rassegnastampa-totustuus.it\/cattolica\/il-problema-dei-giovani-maschi\/#primaryimage"},"thumbnailUrl":"https:\/\/www.rassegnastampa-totustuus.it\/cattolica\/wp-content\/uploads\/2026\/01\/giovani_solitudine.jpeg","datePublished":"2026-01-29T00:06:00+00:00","description":"Il problema dei giovani maschi, in difficolt\u00e0 di fronte alla narrativa denigratoria liberal della mascolinit\u00e0 tossica, e patriarcale","breadcrumb":{"@id":"https:\/\/www.rassegnastampa-totustuus.it\/cattolica\/il-problema-dei-giovani-maschi\/#breadcrumb"},"inLanguage":"it-IT","potentialAction":[{"@type":"ReadAction","target":["https:\/\/www.rassegnastampa-totustuus.it\/cattolica\/il-problema-dei-giovani-maschi\/"]}]},{"@type":"ImageObject","inLanguage":"it-IT","@id":"https:\/\/www.rassegnastampa-totustuus.it\/cattolica\/il-problema-dei-giovani-maschi\/#primaryimage","url":"https:\/\/www.rassegnastampa-totustuus.it\/cattolica\/wp-content\/uploads\/2026\/01\/giovani_solitudine.jpeg","contentUrl":"https:\/\/www.rassegnastampa-totustuus.it\/cattolica\/wp-content\/uploads\/2026\/01\/giovani_solitudine.jpeg","width":1536,"height":1024},{"@type":"BreadcrumbList","@id":"https:\/\/www.rassegnastampa-totustuus.it\/cattolica\/il-problema-dei-giovani-maschi\/#breadcrumb","itemListElement":[{"@type":"ListItem","position":1,"name":"Home","item":"https:\/\/www.rassegnastampa-totustuus.it\/cattolica\/"},{"@type":"ListItem","position":2,"name":"Il problema dei giovani maschi"}]},{"@type":"WebSite","@id":"https:\/\/www.rassegnastampa-totustuus.it\/cattolica\/#website","url":"https:\/\/www.rassegnastampa-totustuus.it\/cattolica\/","name":"Rassegna Stampa Cattolica","description":"Per una cultura che nasce dalla Rivelazione cristiana in conformit\u00e0 alla tradizione e al Magistero della Chiesa in opposizione ad ogni relativismo e totalitarismo","publisher":{"@id":"https:\/\/www.rassegnastampa-totustuus.it\/cattolica\/#organization"},"alternateName":"Rass. Cattolica","potentialAction":[{"@type":"SearchAction","target":{"@type":"EntryPoint","urlTemplate":"https:\/\/www.rassegnastampa-totustuus.it\/cattolica\/?s={search_term_string}"},"query-input":{"@type":"PropertyValueSpecification","valueRequired":true,"valueName":"search_term_string"}}],"inLanguage":"it-IT"},{"@type":"Organization","@id":"https:\/\/www.rassegnastampa-totustuus.it\/cattolica\/#organization","name":"Rassegna Stampa Cattolica","url":"https:\/\/www.rassegnastampa-totustuus.it\/cattolica\/","logo":{"@type":"ImageObject","inLanguage":"it-IT","@id":"https:\/\/www.rassegnastampa-totustuus.it\/cattolica\/#\/schema\/logo\/image\/","url":"https:\/\/www.rassegnastampa-totustuus.it\/cattolica\/wp-content\/uploads\/2014\/04\/logo-rassegna1.gif","contentUrl":"https:\/\/www.rassegnastampa-totustuus.it\/cattolica\/wp-content\/uploads\/2014\/04\/logo-rassegna1.gif","width":600,"height":163,"caption":"Rassegna Stampa Cattolica"},"image":{"@id":"https:\/\/www.rassegnastampa-totustuus.it\/cattolica\/#\/schema\/logo\/image\/"},"sameAs":["https:\/\/www.facebook.com\/rassegnastampacattolica","https:\/\/x.com\/rassegnastampa9"]},{"@type":"Person","@id":"https:\/\/www.rassegnastampa-totustuus.it\/cattolica\/#\/schema\/person\/08f319d2bd1a0904ad9e2bfb7b15e5c3","name":"Redazione","image":{"@type":"ImageObject","inLanguage":"it-IT","@id":"https:\/\/secure.gravatar.com\/avatar\/2fcdf27c78ea025fbdb44e914cc63c72249ffec9dc8aafd5c82b26240ef3f346?s=96&d=mm&r=g","url":"https:\/\/secure.gravatar.com\/avatar\/2fcdf27c78ea025fbdb44e914cc63c72249ffec9dc8aafd5c82b26240ef3f346?s=96&d=mm&r=g","contentUrl":"https:\/\/secure.gravatar.com\/avatar\/2fcdf27c78ea025fbdb44e914cc63c72249ffec9dc8aafd5c82b26240ef3f346?s=96&d=mm&r=g","caption":"Redazione"},"url":"https:\/\/www.rassegnastampa-totustuus.it\/cattolica\/author\/pietroelle\/"}]}},"_links":{"self":[{"href":"https:\/\/www.rassegnastampa-totustuus.it\/cattolica\/wp-json\/wp\/v2\/posts\/64223","targetHints":{"allow":["GET"]}}],"collection":[{"href":"https:\/\/www.rassegnastampa-totustuus.it\/cattolica\/wp-json\/wp\/v2\/posts"}],"about":[{"href":"https:\/\/www.rassegnastampa-totustuus.it\/cattolica\/wp-json\/wp\/v2\/types\/post"}],"author":[{"embeddable":true,"href":"https:\/\/www.rassegnastampa-totustuus.it\/cattolica\/wp-json\/wp\/v2\/users\/6"}],"replies":[{"embeddable":true,"href":"https:\/\/www.rassegnastampa-totustuus.it\/cattolica\/wp-json\/wp\/v2\/comments?post=64223"}],"version-history":[{"count":1,"href":"https:\/\/www.rassegnastampa-totustuus.it\/cattolica\/wp-json\/wp\/v2\/posts\/64223\/revisions"}],"predecessor-version":[{"id":64225,"href":"https:\/\/www.rassegnastampa-totustuus.it\/cattolica\/wp-json\/wp\/v2\/posts\/64223\/revisions\/64225"}],"wp:featuredmedia":[{"embeddable":true,"href":"https:\/\/www.rassegnastampa-totustuus.it\/cattolica\/wp-json\/wp\/v2\/media\/64224"}],"wp:attachment":[{"href":"https:\/\/www.rassegnastampa-totustuus.it\/cattolica\/wp-json\/wp\/v2\/media?parent=64223"}],"wp:term":[{"taxonomy":"category","embeddable":true,"href":"https:\/\/www.rassegnastampa-totustuus.it\/cattolica\/wp-json\/wp\/v2\/categories?post=64223"},{"taxonomy":"post_tag","embeddable":true,"href":"https:\/\/www.rassegnastampa-totustuus.it\/cattolica\/wp-json\/wp\/v2\/tags?post=64223"}],"curies":[{"name":"wp","href":"https:\/\/api.w.org\/{rel}","templated":true}]}}