{"id":64220,"date":"2026-01-29T01:05:00","date_gmt":"2026-01-29T00:05:00","guid":{"rendered":"https:\/\/www.rassegnastampa-totustuus.it\/cattolica\/?p=64220"},"modified":"2026-01-22T15:00:05","modified_gmt":"2026-01-22T14:00:05","slug":"cristianesimo-senza-cristianita","status":"publish","type":"post","link":"https:\/\/www.rassegnastampa-totustuus.it\/cattolica\/cristianesimo-senza-cristianita\/","title":{"rendered":"Cristianesimo senza cristianit\u00e0?"},"content":{"rendered":"\n<p class=\"has-text-align-center\"><strong><a href=\"https:\/\/www.corrispondenzaromana.it\/\" target=\"_blank\" rel=\"noreferrer noopener\">Corrispondenza romana newsletter<\/a><\/strong> n. 1934 del 21 gennaio 2026<\/p>\n\n\n\n<p class=\"has-text-align-center\"><strong>Giuseppe Stevi<\/strong><\/p>\n\n\n\n<p>Nel 1809, Francois-Ren\u00e9 de Chateaubriand (1768-1848) dava alle stampe il romanzo <em>I Martiri<\/em>. Si trattava di un\u2019opera editoriale indubbiamente innovativa, atteso che lo scrittore francese si proponeva di costruire un romanzo epico che valorizzasse, anche con peculiari richiami di carattere storico, la testimonianza dei primi cristiani. La vicenda narrata, ambientata tra la Grecia e le sue isole, a Roma e nelle Gallie dei primi anni del IV secolo, intreccia la storia di amore di un cristiano, Eudoro, e di una giovane pagana, Cimodoce, che si converte al cristianesimo e poi subisce il martirio assieme all\u2019amato.<\/p>\n\n\n<div class=\"wp-block-image\">\n<figure class=\"aligncenter size-full\"><a href=\"https:\/\/www.rassegnastampa-totustuus.it\/cattolica\/wp-content\/uploads\/2026\/01\/Luigi_Gedda_movimento_cattolico.jpg\"><img loading=\"lazy\" decoding=\"async\" width=\"350\" height=\"250\" src=\"https:\/\/www.rassegnastampa-totustuus.it\/cattolica\/wp-content\/uploads\/2026\/01\/Luigi_Gedda_movimento_cattolico.jpg\" alt=\"\" class=\"wp-image-64221\" srcset=\"https:\/\/www.rassegnastampa-totustuus.it\/cattolica\/wp-content\/uploads\/2026\/01\/Luigi_Gedda_movimento_cattolico.jpg 350w, https:\/\/www.rassegnastampa-totustuus.it\/cattolica\/wp-content\/uploads\/2026\/01\/Luigi_Gedda_movimento_cattolico-300x214.jpg 300w\" sizes=\"auto, (max-width: 350px) 100vw, 350px\" \/><\/a><\/figure><\/div>\n\n\n<!--more-->\n\n\n\n<p>Nella storia compaiono imperatori e condottieri romani, angeli messaggeri e pontefici dei primi secoli, sacerdoti e sacerdotesse del paganesimo e numerosi padri della Chiesa, come san Girolamo o sant\u2019Agostino. \u00c8 una storia avvincente con la quale Chateaubriand si proponeva di rinvigorire lo spirito della civilizzazione cristiana \u2013 con i connessi aspetti di carattere culturale \u2013 del quale il cattolicesimo, specie nella Francia degli anni successivi alla barbarie rivoluzionaria e napoleonica, intendeva parlare naturalmente, nuovamente e liberamente. L\u2019opera esalta l\u2019atteggiamento del credente, ovvero di colui che assapora la bellezza della cristianit\u00e0 attraverso la certezza del messaggio cristiano e degli insegnamenti della Chiesa; questi sono il centro della testimonianza che vivifica le relazioni del discepolo di Cristo.<\/p>\n\n\n\n<p>Riprendiamo questo spunto di carattere letterario in considerazione di un recente dibattito che la stampa ha riassunto nella formula di un\u201ccristianesimo senza cristianit\u00e0\u201d.Questo concetto \u00e8 stato attribuito al presidente della Conferenza Episcopale Italiana, Matteo Zuppi, il quale, aprendo l\u2019Assemblea generale dei Vescovi italiani dello scorso novembre, ha affermato che \u00ab<em>la fine della cristianit\u00e0 non coincide con la scomparsa della fede, ma segna il passaggio a un tempo in cui la fede non \u00e8 pi\u00f9 sostenuta dal contesto sociale ed \u00e8 invece frutto di una scelta personale e consapevole di adesione al Vangelo<\/em>\u00bb<em>.<\/em><\/p>\n\n\n<div class=\"wp-block-image\">\n<figure class=\"aligncenter size-full is-resized\"><a href=\"https:\/\/www.rassegnastampa-totustuus.it\/cattolica\/wp-content\/uploads\/2016\/07\/martiri.jpg\"><img loading=\"lazy\" decoding=\"async\" width=\"221\" height=\"216\" src=\"https:\/\/www.rassegnastampa-totustuus.it\/cattolica\/wp-content\/uploads\/2016\/07\/martiri.jpg\" alt=\"\" class=\"wp-image-36097\" style=\"width:299px;height:auto\"\/><\/a><\/figure><\/div>\n\n\n<p>I concetti di cristianesimo e cristianit\u00e0 sono certamente distinti, ma \u00e8 possibile separarli? La separazione ha un senso se si identifica la cristianit\u00e0 con una determinata organizzazione terrena \u2013 sociale, culturale, politica o persino partitica. In questa prospettiva, la cristianit\u00e0 esiste solo nella misura in cui tali strutture risultano conformi al messaggio evangelico; se questa conformit\u00e0 viene meno, si parla allora di fine della cristianit\u00e0.<\/p>\n\n\n\n<p>Diverso \u00e8 l\u2019approccio se si considera il cristianesimo innanzitutto come realt\u00e0 spirituale, indipendente dalle forme storiche e istituzionali. Partendo da questa prospettiva, non solo si pu\u00f2 affermare che dove c\u2019\u00e8 cristianit\u00e0 c\u2019\u00e8 anche cristianesimo, ma soprattutto \u2013 e in modo pi\u00f9 profondo \u2013 che dove c\u2019\u00e8 autentico cristianesimo, l\u00ec nasce sempre anche una forma di cristianit\u00e0<strong>,<\/strong> intesa come tensione viva e operante verso una civilt\u00e0 ispirata al Vangelo.<\/p>\n\n\n\n<p>In definitiva, la questione si chiarisce rispondendo a una domanda decisiva: da quale punto di vista guardiamo il mondo? Se lo osserviamo prevalentemente attraverso categorie sociali, culturali o politiche, rischiamo di relegare il Vangelo in secondo piano, adattandolo alle logiche dominanti. In tal caso diventa difficile annunciare con convinzione il messaggio evangelico e la Tradizione della Chiesa, e sostenere che il cristianesimo autentico genera sempre una cristianit\u00e0.<\/p>\n\n\n\n<p>Quando manca questo impegno fiducioso e autentico, si finisce per dipendere dal riconoscimento \u2013 spesso interessato \u2013 di strutture sociali o politiche talvolta ostili al cristianesimo. Il risultato pu\u00f2 essere un cristianesimo ridotto a pratica intimistica o pietistica, privo di incisivit\u00e0 culturale e storica, e un Credo disancorato dalla realt\u00e0, piegato a societ\u00e0 e politiche erranti.<\/p>\n\n\n<div class=\"wp-block-image\">\n<figure class=\"aligncenter size-full is-resized\"><a href=\"https:\/\/www.rassegnastampa-totustuus.it\/cattolica\/wp-content\/uploads\/2004\/11\/democrazia_cristiana.jpg\"><img loading=\"lazy\" decoding=\"async\" width=\"300\" height=\"168\" src=\"https:\/\/www.rassegnastampa-totustuus.it\/cattolica\/wp-content\/uploads\/2004\/11\/democrazia_cristiana.jpg\" alt=\"\" class=\"wp-image-43302\" style=\"width:380px;height:auto\"\/><\/a><\/figure><\/div>\n\n\n<p>Al contrario, se il Vangelo e la Tradizione della Chiesa non vengono subordinati a strumenti impropri dell\u2019agire sociale e politico, si creano le condizioni per un atteggiamento cristiano autentico, che distingua, ma non separi cristianesimo e cristianit\u00e0. Non si tratta di un cristianesimo passivamente adattato al mondo, ma di un cristianesimo consapevole dell\u2019unicit\u00e0 del messaggio evangelico, che opera attivamente per l\u2019edificazione di una civilt\u00e0 cristiana. Questa azione prende forma anzitutto nella vita personale e familiare, e poi si estende alle relazioni sociali e culturali, che vengono cos\u00ec illuminate ed evangelizzate in modo libero, trasparente e autentico, resistendo anche alle derive di quegli ambiti privi di scrupoli che rischierebbero altrimenti di imporsi.<\/p>\n\n\n\n<p>In merito, risultano sempre incoraggianti gli indirizzi suggeriti da monsignor Henri Delassus (1836-1921) nel suo <em><a href=\"https:\/\/www.rassegnastampa-totustuus.it\/cattolica\/l-problema-dellora-presente-antagonismo-tra-due-civilta-guerra-alla-civilta-cristiana-vol-1-di-henri-delassus\/\" target=\"_blank\" rel=\"noreferrer noopener\">Il problema dell\u2019ora presente. Antagonismo tra due civilt\u00e0<\/a><\/em>, quando, auspicando una rinnovazione della civilt\u00e0 afferma: \u00ab<em>Perch\u00e9 si compia una rinnovazione \u00e8 necessario e basta far rientrare nello spirito umano il vero concetto della vita. Tutto il resto verr\u00e0 da s\u00e9; costumi ed istituzioni si trasformeranno quasi da s\u00e9 medesime, come si sono trasformate in bene alla predicazione del Vangelo di Ges\u00f9 Cristo, e si son trasformate in male al principiar dalla predicazione del Vangelo degli umanisti. Il vero concetto della vita pu\u00f2 essere restituito alla nostra societ\u00e0? Cominciamo a restituirlo a noi medesimi; lavoriamo poscia ad illuminare ed a guarire quelli che ci stanno d\u2019intorno, la nostra famiglia, la nostra parrocchia. In tal modo contribuiremo dal canto nostro a riformare la societ\u00e0 dalla sua base<\/em>\u00bb (Henri Delassus, <em><a href=\"https:\/\/www.rassegnastampa-totustuus.it\/cattolica\/l-problema-dellora-presente-antagonismo-tra-due-civilta-la-rinnovazione-e-le-sue-condizioni-vol-2-di-henri-delassus\/\" target=\"_blank\" rel=\"noreferrer noopener\">Il problema dell\u2019ora presente. Antagonismo tra due civilt\u00e0, Parte Seconda<\/a><\/em>, Sezione Terza, Cap. XVII, Descl\u00e9e e C., Roma 1907).<\/p>\n\n\n\n<p>La soluzione, quindi, non sta in un approccio inquinato socialmente, culturalmente o politicamente, che sembra quello proprio degli \u201c<em>umanisti<\/em>\u201d, ma nell\u2019abbeverarci alle fonti di Cristo, di Dio Padre e del Suo Vangelo irradiato attraverso le nostre relazioni sociali; se questo \u00e8 il nostro atteggiamento, anche le declinazioni culturali, sociali, politiche e partitiche saranno cristiane; faranno parte della cristianit\u00e0, in quanto libere e trasparenti conseguenze di una testimonianza autentica e non compromessa con una mondanit\u00e0 compiacente. Insomma, a che pro la testimonianza se ci <em>accontentiamo<\/em> del cristianesimo e diamo per scontato di fare a meno della cristianit\u00e0?<\/p>\n\n\n<div class=\"wp-block-image\">\n<figure class=\"aligncenter size-full is-resized\"><a href=\"https:\/\/www.rassegnastampa-totustuus.it\/cattolica\/wp-content\/uploads\/2023\/12\/cardinale_Zuppi_chiesa.jpg\"><img loading=\"lazy\" decoding=\"async\" width=\"450\" height=\"263\" src=\"https:\/\/www.rassegnastampa-totustuus.it\/cattolica\/wp-content\/uploads\/2023\/12\/cardinale_Zuppi_chiesa.jpg\" alt=\"Matteo Zuppi, presidente della Conferenza episcopale italiana\" class=\"wp-image-58119\" style=\"width:354px;height:auto\"\/><\/a><\/figure><\/div>\n\n\n<p>Separare il concetto di cristianit\u00e0 dal concetto di cristianesimo pu\u00f2 comportare il rischio di assumere atteggiamenti del tutto lontani da quelli di quei testimoni che poi furono chiamati martiri. Questo rischio sembra essere quello che sta praticando il cristianesimo di oggi nel mondo occidentale: un cristianesimo senza cristianit\u00e0 (o, si potrebbe anche dire, senza desiderio della cristianit\u00e0), un cristianesimo che non sempre \u00e8 capace di testimoniare l\u2019autentico messaggio di Cristo e che \u2013 come esemplifica lo stesso monsignor Delassus, citando Alexis De Tocqueville \u2013 non vede \u00ab<em>assolutamente nulla nella notte in cui ci troviamo<\/em>\u00bb. Si \u00e8 \u00ab<em>\u2026 senza bussola, senza vele e senza remi, su di un mare sconfinato \u2026<\/em>\u00bb dove non si scorge da nessuna parte la spiaggia; dove si \u00e8 stanchi di agitarsi invano e coricati \u00ab<em>in fondo al battello<\/em>\u00bb, si attende l\u2019avvenire (<em>Il problema dell\u2019ora presente<\/em>, cit.,Parte Seconda, Cap. XXX).<\/p>\n\n\n\n<p>In questo contesto, svincolando il concetto di cristianit\u00e0 da quello di cristianesimo, saremo di fronte a un cristianesimo incapace di fruttificare in quanto interamente ingabbiato all\u2019interno di silenziose individualit\u00e0 il cui numero, sulla terra, potr\u00e0 solamente ridursi progressivamente. Sino all\u2019estinzione. Cosa ben diversa \u00e8 quella che ha voluto ricordarci Chateaubriand ne <em>I Martiri<\/em>, quando fa dire a uno dei protagonisti: \u00ab<em>Perdonate, o principi, questa cristiana libert\u00e0: l\u2019uomo ha da compiere anche dei doveri verso il cielo<\/em>\u00bb; e parla poi di \u00ab<em>quel Dio che non autorizza l\u2019infanticidio, la prostituzione del matrimonio, l\u2019omicidio fatto spettacolo; quel Dio che mi copre delle opere della sua beneficenza; quel Dio che conserva i lumi delle lettere e delle arti e che vuole abolire sulla terra la schiavit\u00f9<\/em>\u00bb, ricordando anche che \u00ab<em>\u2026 se un giorno dovessi ancora vedere i barbari alle mie porte, solo questo Dio, io lo sento, potrebbe salvarmi e mutare la mia languente vecchiezza in una giovinezza immortale<\/em>\u00bb (Francois-Ren\u00e9 de Chateaubriand, <em>I Martiri<\/em>, Biblioteca Universale Rizzoli, Milano 1952, pp. 257-258). Ecco il cristianesimo; ecco la cristianit\u00e0: ci sono entrambi.<\/p>\n","protected":false},"excerpt":{"rendered":"<p>Corrispondenza romana newsletter n. 1934 del 21 gennaio 2026 Giuseppe Stevi Nel 1809, Francois-Ren\u00e9 de Chateaubriand (1768-1848) dava alle stampe il romanzo I Martiri. Si trattava di un\u2019opera editoriale indubbiamente innovativa, atteso che lo scrittore francese si proponeva di costruire un romanzo epico che valorizzasse, anche con peculiari richiami di carattere storico, la testimonianza dei &hellip; <\/p>\n<p><a class=\"more-link btn\" href=\"https:\/\/www.rassegnastampa-totustuus.it\/cattolica\/cristianesimo-senza-cristianita\/\">Continua a leggere<\/a><\/p>\n","protected":false},"author":6,"featured_media":64221,"comment_status":"closed","ping_status":"closed","sticky":false,"template":"","format":"standard","meta":{"footnotes":""},"categories":[5,53],"tags":[726,2090],"class_list":["post-64220","post","type-post","status-publish","format-standard","has-post-thumbnail","hentry","category-chiesa","category-politica","tag-cristianesimo","tag-martiri","item-wrap"],"yoast_head":"<!-- This site is optimized with the Yoast SEO plugin v27.5 - https:\/\/yoast.com\/product\/yoast-seo-wordpress\/ -->\n<title>Cristianesimo senza cristianit\u00e0? - Rassegna Stampa Cattolica<\/title>\n<meta name=\"description\" content=\"Cristianesimo senza cristianit\u00e0? Si tratta di due concetti distinti ma da non separare, o si dipende dal riconoscimento del mondo\" \/>\n<meta name=\"robots\" content=\"index, follow, max-snippet:-1, max-image-preview:large, max-video-preview:-1\" \/>\n<link rel=\"canonical\" href=\"https:\/\/www.rassegnastampa-totustuus.it\/cattolica\/cristianesimo-senza-cristianita\/\" \/>\n<meta property=\"og:locale\" content=\"it_IT\" \/>\n<meta property=\"og:type\" content=\"article\" \/>\n<meta property=\"og:title\" content=\"Cristianesimo senza cristianit\u00e0? - Rassegna Stampa Cattolica\" \/>\n<meta property=\"og:description\" content=\"Cristianesimo senza cristianit\u00e0? Si tratta di due concetti distinti ma da non separare, o si dipende dal riconoscimento del mondo\" \/>\n<meta property=\"og:url\" content=\"https:\/\/www.rassegnastampa-totustuus.it\/cattolica\/cristianesimo-senza-cristianita\/\" \/>\n<meta property=\"og:site_name\" content=\"Rassegna Stampa Cattolica\" \/>\n<meta property=\"article:publisher\" content=\"https:\/\/www.facebook.com\/rassegnastampacattolica\" \/>\n<meta property=\"article:published_time\" content=\"2026-01-29T00:05:00+00:00\" \/>\n<meta property=\"og:image\" content=\"https:\/\/www.rassegnastampa-totustuus.it\/cattolica\/wp-content\/uploads\/2026\/01\/Luigi_Gedda_movimento_cattolico.jpg\" \/>\n\t<meta property=\"og:image:width\" content=\"350\" \/>\n\t<meta property=\"og:image:height\" content=\"250\" \/>\n\t<meta property=\"og:image:type\" content=\"image\/jpeg\" \/>\n<meta name=\"author\" content=\"Redazione\" \/>\n<meta name=\"twitter:card\" content=\"summary_large_image\" \/>\n<meta name=\"twitter:creator\" content=\"@rassegnastampa9\" \/>\n<meta name=\"twitter:site\" content=\"@rassegnastampa9\" \/>\n<meta name=\"twitter:label1\" content=\"Scritto da\" \/>\n\t<meta name=\"twitter:data1\" content=\"Redazione\" \/>\n\t<meta name=\"twitter:label2\" content=\"Tempo di lettura stimato\" \/>\n\t<meta name=\"twitter:data2\" content=\"8 minuti\" \/>\n<script type=\"application\/ld+json\" class=\"yoast-schema-graph\">{\"@context\":\"https:\\\/\\\/schema.org\",\"@graph\":[{\"@type\":\"Article\",\"@id\":\"https:\\\/\\\/www.rassegnastampa-totustuus.it\\\/cattolica\\\/cristianesimo-senza-cristianita\\\/#article\",\"isPartOf\":{\"@id\":\"https:\\\/\\\/www.rassegnastampa-totustuus.it\\\/cattolica\\\/cristianesimo-senza-cristianita\\\/\"},\"author\":{\"name\":\"Redazione\",\"@id\":\"https:\\\/\\\/www.rassegnastampa-totustuus.it\\\/cattolica\\\/#\\\/schema\\\/person\\\/08f319d2bd1a0904ad9e2bfb7b15e5c3\"},\"headline\":\"Cristianesimo senza cristianit\u00e0?\",\"datePublished\":\"2026-01-29T00:05:00+00:00\",\"mainEntityOfPage\":{\"@id\":\"https:\\\/\\\/www.rassegnastampa-totustuus.it\\\/cattolica\\\/cristianesimo-senza-cristianita\\\/\"},\"wordCount\":1255,\"publisher\":{\"@id\":\"https:\\\/\\\/www.rassegnastampa-totustuus.it\\\/cattolica\\\/#organization\"},\"image\":{\"@id\":\"https:\\\/\\\/www.rassegnastampa-totustuus.it\\\/cattolica\\\/cristianesimo-senza-cristianita\\\/#primaryimage\"},\"thumbnailUrl\":\"https:\\\/\\\/www.rassegnastampa-totustuus.it\\\/cattolica\\\/wp-content\\\/uploads\\\/2026\\\/01\\\/Luigi_Gedda_movimento_cattolico.jpg\",\"keywords\":[\"cristianesimo\",\"martiri\"],\"articleSection\":[\"Chiesa\",\"Politica\"],\"inLanguage\":\"it-IT\"},{\"@type\":\"WebPage\",\"@id\":\"https:\\\/\\\/www.rassegnastampa-totustuus.it\\\/cattolica\\\/cristianesimo-senza-cristianita\\\/\",\"url\":\"https:\\\/\\\/www.rassegnastampa-totustuus.it\\\/cattolica\\\/cristianesimo-senza-cristianita\\\/\",\"name\":\"Cristianesimo senza cristianit\u00e0? - Rassegna Stampa Cattolica\",\"isPartOf\":{\"@id\":\"https:\\\/\\\/www.rassegnastampa-totustuus.it\\\/cattolica\\\/#website\"},\"primaryImageOfPage\":{\"@id\":\"https:\\\/\\\/www.rassegnastampa-totustuus.it\\\/cattolica\\\/cristianesimo-senza-cristianita\\\/#primaryimage\"},\"image\":{\"@id\":\"https:\\\/\\\/www.rassegnastampa-totustuus.it\\\/cattolica\\\/cristianesimo-senza-cristianita\\\/#primaryimage\"},\"thumbnailUrl\":\"https:\\\/\\\/www.rassegnastampa-totustuus.it\\\/cattolica\\\/wp-content\\\/uploads\\\/2026\\\/01\\\/Luigi_Gedda_movimento_cattolico.jpg\",\"datePublished\":\"2026-01-29T00:05:00+00:00\",\"description\":\"Cristianesimo senza cristianit\u00e0? Si tratta di due concetti distinti ma da non separare, o si dipende dal riconoscimento del mondo\",\"breadcrumb\":{\"@id\":\"https:\\\/\\\/www.rassegnastampa-totustuus.it\\\/cattolica\\\/cristianesimo-senza-cristianita\\\/#breadcrumb\"},\"inLanguage\":\"it-IT\",\"potentialAction\":[{\"@type\":\"ReadAction\",\"target\":[\"https:\\\/\\\/www.rassegnastampa-totustuus.it\\\/cattolica\\\/cristianesimo-senza-cristianita\\\/\"]}]},{\"@type\":\"ImageObject\",\"inLanguage\":\"it-IT\",\"@id\":\"https:\\\/\\\/www.rassegnastampa-totustuus.it\\\/cattolica\\\/cristianesimo-senza-cristianita\\\/#primaryimage\",\"url\":\"https:\\\/\\\/www.rassegnastampa-totustuus.it\\\/cattolica\\\/wp-content\\\/uploads\\\/2026\\\/01\\\/Luigi_Gedda_movimento_cattolico.jpg\",\"contentUrl\":\"https:\\\/\\\/www.rassegnastampa-totustuus.it\\\/cattolica\\\/wp-content\\\/uploads\\\/2026\\\/01\\\/Luigi_Gedda_movimento_cattolico.jpg\",\"width\":350,\"height\":250},{\"@type\":\"BreadcrumbList\",\"@id\":\"https:\\\/\\\/www.rassegnastampa-totustuus.it\\\/cattolica\\\/cristianesimo-senza-cristianita\\\/#breadcrumb\",\"itemListElement\":[{\"@type\":\"ListItem\",\"position\":1,\"name\":\"Home\",\"item\":\"https:\\\/\\\/www.rassegnastampa-totustuus.it\\\/cattolica\\\/\"},{\"@type\":\"ListItem\",\"position\":2,\"name\":\"Cristianesimo senza cristianit\u00e0?\"}]},{\"@type\":\"WebSite\",\"@id\":\"https:\\\/\\\/www.rassegnastampa-totustuus.it\\\/cattolica\\\/#website\",\"url\":\"https:\\\/\\\/www.rassegnastampa-totustuus.it\\\/cattolica\\\/\",\"name\":\"Rassegna Stampa Cattolica\",\"description\":\"Per una cultura che nasce dalla Rivelazione cristiana in conformit\u00e0 alla tradizione e al Magistero della Chiesa in opposizione ad ogni relativismo e totalitarismo\",\"publisher\":{\"@id\":\"https:\\\/\\\/www.rassegnastampa-totustuus.it\\\/cattolica\\\/#organization\"},\"alternateName\":\"Rass. Cattolica\",\"potentialAction\":[{\"@type\":\"SearchAction\",\"target\":{\"@type\":\"EntryPoint\",\"urlTemplate\":\"https:\\\/\\\/www.rassegnastampa-totustuus.it\\\/cattolica\\\/?s={search_term_string}\"},\"query-input\":{\"@type\":\"PropertyValueSpecification\",\"valueRequired\":true,\"valueName\":\"search_term_string\"}}],\"inLanguage\":\"it-IT\"},{\"@type\":\"Organization\",\"@id\":\"https:\\\/\\\/www.rassegnastampa-totustuus.it\\\/cattolica\\\/#organization\",\"name\":\"Rassegna Stampa Cattolica\",\"url\":\"https:\\\/\\\/www.rassegnastampa-totustuus.it\\\/cattolica\\\/\",\"logo\":{\"@type\":\"ImageObject\",\"inLanguage\":\"it-IT\",\"@id\":\"https:\\\/\\\/www.rassegnastampa-totustuus.it\\\/cattolica\\\/#\\\/schema\\\/logo\\\/image\\\/\",\"url\":\"https:\\\/\\\/www.rassegnastampa-totustuus.it\\\/cattolica\\\/wp-content\\\/uploads\\\/2014\\\/04\\\/logo-rassegna1.gif\",\"contentUrl\":\"https:\\\/\\\/www.rassegnastampa-totustuus.it\\\/cattolica\\\/wp-content\\\/uploads\\\/2014\\\/04\\\/logo-rassegna1.gif\",\"width\":600,\"height\":163,\"caption\":\"Rassegna Stampa Cattolica\"},\"image\":{\"@id\":\"https:\\\/\\\/www.rassegnastampa-totustuus.it\\\/cattolica\\\/#\\\/schema\\\/logo\\\/image\\\/\"},\"sameAs\":[\"https:\\\/\\\/www.facebook.com\\\/rassegnastampacattolica\",\"https:\\\/\\\/x.com\\\/rassegnastampa9\"]},{\"@type\":\"Person\",\"@id\":\"https:\\\/\\\/www.rassegnastampa-totustuus.it\\\/cattolica\\\/#\\\/schema\\\/person\\\/08f319d2bd1a0904ad9e2bfb7b15e5c3\",\"name\":\"Redazione\",\"image\":{\"@type\":\"ImageObject\",\"inLanguage\":\"it-IT\",\"@id\":\"https:\\\/\\\/secure.gravatar.com\\\/avatar\\\/2fcdf27c78ea025fbdb44e914cc63c72249ffec9dc8aafd5c82b26240ef3f346?s=96&d=mm&r=g\",\"url\":\"https:\\\/\\\/secure.gravatar.com\\\/avatar\\\/2fcdf27c78ea025fbdb44e914cc63c72249ffec9dc8aafd5c82b26240ef3f346?s=96&d=mm&r=g\",\"contentUrl\":\"https:\\\/\\\/secure.gravatar.com\\\/avatar\\\/2fcdf27c78ea025fbdb44e914cc63c72249ffec9dc8aafd5c82b26240ef3f346?s=96&d=mm&r=g\",\"caption\":\"Redazione\"},\"url\":\"https:\\\/\\\/www.rassegnastampa-totustuus.it\\\/cattolica\\\/author\\\/pietroelle\\\/\"}]}<\/script>\n<!-- \/ Yoast SEO plugin. -->","yoast_head_json":{"title":"Cristianesimo senza cristianit\u00e0? - Rassegna Stampa Cattolica","description":"Cristianesimo senza cristianit\u00e0? Si tratta di due concetti distinti ma da non separare, o si dipende dal riconoscimento del mondo","robots":{"index":"index","follow":"follow","max-snippet":"max-snippet:-1","max-image-preview":"max-image-preview:large","max-video-preview":"max-video-preview:-1"},"canonical":"https:\/\/www.rassegnastampa-totustuus.it\/cattolica\/cristianesimo-senza-cristianita\/","og_locale":"it_IT","og_type":"article","og_title":"Cristianesimo senza cristianit\u00e0? - Rassegna Stampa Cattolica","og_description":"Cristianesimo senza cristianit\u00e0? Si tratta di due concetti distinti ma da non separare, o si dipende dal riconoscimento del mondo","og_url":"https:\/\/www.rassegnastampa-totustuus.it\/cattolica\/cristianesimo-senza-cristianita\/","og_site_name":"Rassegna Stampa Cattolica","article_publisher":"https:\/\/www.facebook.com\/rassegnastampacattolica","article_published_time":"2026-01-29T00:05:00+00:00","og_image":[{"width":350,"height":250,"url":"https:\/\/www.rassegnastampa-totustuus.it\/cattolica\/wp-content\/uploads\/2026\/01\/Luigi_Gedda_movimento_cattolico.jpg","type":"image\/jpeg"}],"author":"Redazione","twitter_card":"summary_large_image","twitter_creator":"@rassegnastampa9","twitter_site":"@rassegnastampa9","twitter_misc":{"Scritto da":"Redazione","Tempo di lettura stimato":"8 minuti"},"schema":{"@context":"https:\/\/schema.org","@graph":[{"@type":"Article","@id":"https:\/\/www.rassegnastampa-totustuus.it\/cattolica\/cristianesimo-senza-cristianita\/#article","isPartOf":{"@id":"https:\/\/www.rassegnastampa-totustuus.it\/cattolica\/cristianesimo-senza-cristianita\/"},"author":{"name":"Redazione","@id":"https:\/\/www.rassegnastampa-totustuus.it\/cattolica\/#\/schema\/person\/08f319d2bd1a0904ad9e2bfb7b15e5c3"},"headline":"Cristianesimo senza cristianit\u00e0?","datePublished":"2026-01-29T00:05:00+00:00","mainEntityOfPage":{"@id":"https:\/\/www.rassegnastampa-totustuus.it\/cattolica\/cristianesimo-senza-cristianita\/"},"wordCount":1255,"publisher":{"@id":"https:\/\/www.rassegnastampa-totustuus.it\/cattolica\/#organization"},"image":{"@id":"https:\/\/www.rassegnastampa-totustuus.it\/cattolica\/cristianesimo-senza-cristianita\/#primaryimage"},"thumbnailUrl":"https:\/\/www.rassegnastampa-totustuus.it\/cattolica\/wp-content\/uploads\/2026\/01\/Luigi_Gedda_movimento_cattolico.jpg","keywords":["cristianesimo","martiri"],"articleSection":["Chiesa","Politica"],"inLanguage":"it-IT"},{"@type":"WebPage","@id":"https:\/\/www.rassegnastampa-totustuus.it\/cattolica\/cristianesimo-senza-cristianita\/","url":"https:\/\/www.rassegnastampa-totustuus.it\/cattolica\/cristianesimo-senza-cristianita\/","name":"Cristianesimo senza cristianit\u00e0? - Rassegna Stampa Cattolica","isPartOf":{"@id":"https:\/\/www.rassegnastampa-totustuus.it\/cattolica\/#website"},"primaryImageOfPage":{"@id":"https:\/\/www.rassegnastampa-totustuus.it\/cattolica\/cristianesimo-senza-cristianita\/#primaryimage"},"image":{"@id":"https:\/\/www.rassegnastampa-totustuus.it\/cattolica\/cristianesimo-senza-cristianita\/#primaryimage"},"thumbnailUrl":"https:\/\/www.rassegnastampa-totustuus.it\/cattolica\/wp-content\/uploads\/2026\/01\/Luigi_Gedda_movimento_cattolico.jpg","datePublished":"2026-01-29T00:05:00+00:00","description":"Cristianesimo senza cristianit\u00e0? Si tratta di due concetti distinti ma da non separare, o si dipende dal riconoscimento del mondo","breadcrumb":{"@id":"https:\/\/www.rassegnastampa-totustuus.it\/cattolica\/cristianesimo-senza-cristianita\/#breadcrumb"},"inLanguage":"it-IT","potentialAction":[{"@type":"ReadAction","target":["https:\/\/www.rassegnastampa-totustuus.it\/cattolica\/cristianesimo-senza-cristianita\/"]}]},{"@type":"ImageObject","inLanguage":"it-IT","@id":"https:\/\/www.rassegnastampa-totustuus.it\/cattolica\/cristianesimo-senza-cristianita\/#primaryimage","url":"https:\/\/www.rassegnastampa-totustuus.it\/cattolica\/wp-content\/uploads\/2026\/01\/Luigi_Gedda_movimento_cattolico.jpg","contentUrl":"https:\/\/www.rassegnastampa-totustuus.it\/cattolica\/wp-content\/uploads\/2026\/01\/Luigi_Gedda_movimento_cattolico.jpg","width":350,"height":250},{"@type":"BreadcrumbList","@id":"https:\/\/www.rassegnastampa-totustuus.it\/cattolica\/cristianesimo-senza-cristianita\/#breadcrumb","itemListElement":[{"@type":"ListItem","position":1,"name":"Home","item":"https:\/\/www.rassegnastampa-totustuus.it\/cattolica\/"},{"@type":"ListItem","position":2,"name":"Cristianesimo senza cristianit\u00e0?"}]},{"@type":"WebSite","@id":"https:\/\/www.rassegnastampa-totustuus.it\/cattolica\/#website","url":"https:\/\/www.rassegnastampa-totustuus.it\/cattolica\/","name":"Rassegna Stampa Cattolica","description":"Per una cultura che nasce dalla Rivelazione cristiana in conformit\u00e0 alla tradizione e al Magistero della Chiesa in opposizione ad ogni relativismo e totalitarismo","publisher":{"@id":"https:\/\/www.rassegnastampa-totustuus.it\/cattolica\/#organization"},"alternateName":"Rass. Cattolica","potentialAction":[{"@type":"SearchAction","target":{"@type":"EntryPoint","urlTemplate":"https:\/\/www.rassegnastampa-totustuus.it\/cattolica\/?s={search_term_string}"},"query-input":{"@type":"PropertyValueSpecification","valueRequired":true,"valueName":"search_term_string"}}],"inLanguage":"it-IT"},{"@type":"Organization","@id":"https:\/\/www.rassegnastampa-totustuus.it\/cattolica\/#organization","name":"Rassegna Stampa Cattolica","url":"https:\/\/www.rassegnastampa-totustuus.it\/cattolica\/","logo":{"@type":"ImageObject","inLanguage":"it-IT","@id":"https:\/\/www.rassegnastampa-totustuus.it\/cattolica\/#\/schema\/logo\/image\/","url":"https:\/\/www.rassegnastampa-totustuus.it\/cattolica\/wp-content\/uploads\/2014\/04\/logo-rassegna1.gif","contentUrl":"https:\/\/www.rassegnastampa-totustuus.it\/cattolica\/wp-content\/uploads\/2014\/04\/logo-rassegna1.gif","width":600,"height":163,"caption":"Rassegna Stampa Cattolica"},"image":{"@id":"https:\/\/www.rassegnastampa-totustuus.it\/cattolica\/#\/schema\/logo\/image\/"},"sameAs":["https:\/\/www.facebook.com\/rassegnastampacattolica","https:\/\/x.com\/rassegnastampa9"]},{"@type":"Person","@id":"https:\/\/www.rassegnastampa-totustuus.it\/cattolica\/#\/schema\/person\/08f319d2bd1a0904ad9e2bfb7b15e5c3","name":"Redazione","image":{"@type":"ImageObject","inLanguage":"it-IT","@id":"https:\/\/secure.gravatar.com\/avatar\/2fcdf27c78ea025fbdb44e914cc63c72249ffec9dc8aafd5c82b26240ef3f346?s=96&d=mm&r=g","url":"https:\/\/secure.gravatar.com\/avatar\/2fcdf27c78ea025fbdb44e914cc63c72249ffec9dc8aafd5c82b26240ef3f346?s=96&d=mm&r=g","contentUrl":"https:\/\/secure.gravatar.com\/avatar\/2fcdf27c78ea025fbdb44e914cc63c72249ffec9dc8aafd5c82b26240ef3f346?s=96&d=mm&r=g","caption":"Redazione"},"url":"https:\/\/www.rassegnastampa-totustuus.it\/cattolica\/author\/pietroelle\/"}]}},"_links":{"self":[{"href":"https:\/\/www.rassegnastampa-totustuus.it\/cattolica\/wp-json\/wp\/v2\/posts\/64220","targetHints":{"allow":["GET"]}}],"collection":[{"href":"https:\/\/www.rassegnastampa-totustuus.it\/cattolica\/wp-json\/wp\/v2\/posts"}],"about":[{"href":"https:\/\/www.rassegnastampa-totustuus.it\/cattolica\/wp-json\/wp\/v2\/types\/post"}],"author":[{"embeddable":true,"href":"https:\/\/www.rassegnastampa-totustuus.it\/cattolica\/wp-json\/wp\/v2\/users\/6"}],"replies":[{"embeddable":true,"href":"https:\/\/www.rassegnastampa-totustuus.it\/cattolica\/wp-json\/wp\/v2\/comments?post=64220"}],"version-history":[{"count":1,"href":"https:\/\/www.rassegnastampa-totustuus.it\/cattolica\/wp-json\/wp\/v2\/posts\/64220\/revisions"}],"predecessor-version":[{"id":64222,"href":"https:\/\/www.rassegnastampa-totustuus.it\/cattolica\/wp-json\/wp\/v2\/posts\/64220\/revisions\/64222"}],"wp:featuredmedia":[{"embeddable":true,"href":"https:\/\/www.rassegnastampa-totustuus.it\/cattolica\/wp-json\/wp\/v2\/media\/64221"}],"wp:attachment":[{"href":"https:\/\/www.rassegnastampa-totustuus.it\/cattolica\/wp-json\/wp\/v2\/media?parent=64220"}],"wp:term":[{"taxonomy":"category","embeddable":true,"href":"https:\/\/www.rassegnastampa-totustuus.it\/cattolica\/wp-json\/wp\/v2\/categories?post=64220"},{"taxonomy":"post_tag","embeddable":true,"href":"https:\/\/www.rassegnastampa-totustuus.it\/cattolica\/wp-json\/wp\/v2\/tags?post=64220"}],"curies":[{"name":"wp","href":"https:\/\/api.w.org\/{rel}","templated":true}]}}