{"id":6422,"date":"2014-03-13T08:55:49","date_gmt":"2014-03-13T07:55:49","guid":{"rendered":"http:\/\/www.rassegnastampa-totustuus.it\/cattolica\/?p=6422"},"modified":"2015-06-12T14:14:52","modified_gmt":"2015-06-12T12:14:52","slug":"la-creazione-non-e-finita","status":"publish","type":"post","link":"https:\/\/www.rassegnastampa-totustuus.it\/cattolica\/la-creazione-non-e-finita\/","title":{"rendered":"La creazione non \u00e8 finita"},"content":{"rendered":"<p style=\"text-align: center;\"><strong>Il Timone<\/strong> n.131 marzo 2014<a href=\"https:\/\/www.rassegnastampa-totustuus.it\/cattolica\/wp-content\/uploads\/2014\/03\/labora.jpg\"><img loading=\"lazy\" decoding=\"async\" class=\" wp-image-6730 alignright\" src=\"https:\/\/www.rassegnastampa-totustuus.it\/cattolica\/wp-content\/uploads\/2014\/03\/labora.jpg\" alt=\"labora\" width=\"202\" height=\"249\" \/><\/a><\/p>\n<p style=\"text-align: justify;\"><em>C&#8217;\u00e8 una crisi economica, politica, sociale e morale. Ma non perdiamoci d&#8217;animo. Si pu\u00f2 sempre lavorare per Dio e con Dio. Solo cos\u00ec, la situazione migliorer\u00e0<\/em><\/p>\n<p style=\"text-align: center;\">di <strong>Ettore Gotti Tedeschi<\/strong><\/p>\n<p>&nbsp;<\/p>\n<p style=\"text-align: justify;\">La Creazione non \u00e8 finita. Invito il lettore a riflettere. Non vi \u00e8 nulla di ineluttabile, di scontato, di irrimediabile e di predestinato. Il povero uomo debole, fragile, vulnerabile, che vive solo un istante del tempo astronomico, pu\u00f2 tuttavia &#8220;fare la storia&#8221;, cambiare il futuro, suo <i>e <\/i>di altri. Ma deve riflettere.<\/p>\n<p style=\"text-align: justify;\"><!--more--><\/p>\n<p style=\"text-align: justify;\">La Creazione non \u00e8 ancora fi\u00adnita e ogni uomo pu\u00f2 parteciparvi se sa cercare il significato della vita e dare senso alle proprie azioni, in qualsiasi circostanza, anche se sembra di vivere in prossimit\u00e0 della fine del mondo. E Dio stesso se lo aspetta. Il grande papa Benedetto XVI lo spieg\u00f2 con poche essenziali espressioni pronunciate durante un incontro con il mondo della cultura a Parigi, in una abbazia cistercense, nel College des Bernardins, il 12 settembre 2008, quando disse: <i>\u00abDio stesso \u00e8 il <\/i><i>Creatore del mondo, e la creazione non \u00e8 ancora fini<\/i><i>ta. Dio lavora, <\/i>[Pensate, Dio lavora&#8230;] <i>Cos\u00ec il lavorare <\/i><i>degli uomini doveva apparire come un&#8217;espressione particolare della loro somiglianz\u00e0 con Dio e l&#8217;uomo, <\/i><i>in questo modo, ha facolt\u00e0 e pu\u00f2 partecipare all&#8217;ope\u00adrare di Dio nella creazione del mondo\u00bb.<\/i><\/p>\n<p style=\"text-align: justify;\"><b>La perdita delle radici cristiane<\/b><\/p>\n<p style=\"text-align: justify;\">Riflettiamo con attenzione su questa considerazione che pu\u00f2 cambiare la nostra vita. Con volont\u00e0 e pre\u00adparazione adeguata possiamo sconfiggere il relativismo. Possiamo riformulare un modello culturale, sociale ed economico per l&#8217;uomo, togliendo la gestione a chi pensa che l&#8217;uomo possa esser soddisfatto solo materialmente, consumando sempre pi\u00f9 e sempre pi\u00f9 a debito. Le radici cattoliche dimenticate, perch\u00e9 non difese con coraggio e consapevolezza, han fatto dimenticare anche cosa sarebbero stati l&#8217;economia e il capitalismo conseguente, fondato sul disegno di Dio, che papa Benedetto XVI ha ricordato nella citata <i>lectio. <\/i><\/p>\n<p style=\"text-align: justify;\">Il pensiero cattolico saprebbe formulare un modello economico per l&#8217;uomo molto migliore di qualsiasi altro, soprattutto in un momento di post crisi economica globale cui nessuno sa realmente come fare fronte. Lo aveva percepito l&#8217;economista (e Capo dello Stato) Luigi Einaudi (1874-1961), che infatti consider\u00f2 la dottrina sociale della Chiesa una &#8220;terza via&#8221; che coniugava libert\u00e0 economica con sussidiariet\u00e0. Poich\u00e9 l&#8217;uomo \u00e8 creatura di Dio e ha una dignit\u00e0 superiore, poich\u00e9 la vita ha senso e le azioni umane hanno senso, cos\u00ec anche l&#8217;uso dello strumento economico avrebbe questo senso. Ma perch\u00e9 ci credano anche altri che non hanno il dono della fede, dobbiamo dimostrare di saper usare questi mezzi ora.<\/p>\n<p style=\"text-align: justify;\">E qui la storia ci aiuta. Le prime &#8220;Silicon Valley&#8221; (centri di ricerca e di produzione eccellenti) furono i monasteri benedettini, poi quelli cistercensi, dove si formavano santi, e poich\u00e9 dovevano anche lavorare, studiare, ricercare <i>e <\/i>produrre benessere, oltre a pregare, operavano in modo santo, cio\u00e8 geniale. Nel XII secolo il primo trattato di arti meccaniche \u00e8 stato scritto da un monaco benedettino. Lo spirito &#8220;ispiratore&#8221; stava nel voler seguire virt\u00f9 umane utili alla collettivit\u00e0 in un&#8217;armonia fatta di spirito e intelletto, di preghiera e di operativit\u00e0. L&#8217;uomo lavorava con Dio. Pregava, studiava e lavorava.<\/p>\n<p style=\"text-align: justify;\">Ma il &#8220;brutto&#8221; doveva ancora venire e doveva esplicitarsi nella contraddizione di tutto quanto so\u00adpra descritto. Il &#8220;nemico&#8221; di Dio doveva relativizzare il modello originario, doveva confondere i fini con i mezzi, doveva relati\u00advizzare il senso stesso della vita &#8216; e delle azioni umane.<\/p>\n<p style=\"text-align: justify;\"><b>Il processo di allontanamento da Dio<\/b><\/p>\n<p style=\"text-align: justify;\">Come ci riusc\u00ec? Inizi\u00f2 promuovendo le condizioni culturali e morali per l&#8217;eresia della Riforma che concorse a produrre un capitalismo egoistico e disinvolto, fondato su fede senza opere e sull&#8217;invito ad agire prescindendo dall&#8217;esercizio delle virt\u00f9, impraticabili in seguito alla natura corrotta. Fu questo capitalismo a produrre conseguenti fenomeni di sfruttamento dell&#8217;uomo, accentuazione delle disuguaglianze, ansie di colonialismo.<\/p>\n<p style=\"text-align: justify;\">Segu\u00ec, come successiva deformazione, il pensiero fisiocratico che affermava, al contrario, il buongoverno di una natura umana perfetta, buona, non corrotta dal peccato, n\u00e9 redenta perch\u00e9 non ne aveva bisogno. Ci\u00f2 spinse la societ\u00e0 a dare fiducia all&#8217;<i>homo<\/i> <i>economicus <\/i>e a &#8220;lasciarlo fare&#8221; nella ricerca dell&#8217;interesse privato che avrebbe prodotto vantaggi per tutti. Senza tutto questo, la rivoluzione industriale forse non sarebbe stata cos\u00ec rapida e spesso inumana.<\/p>\n<p style=\"text-align: justify;\">\u00c8 interessante e curioso rilevare che il pensiero illuminista, nello stesso tempo, dichiarava l&#8217;uomo un &#8220;animale pensante&#8221;, stabilendo cos\u00ec che l&#8217;economia doveva occuparsi di soddisfare soltanto i suoi bisogni materiali essendo gli altri (quelli spirituali) una pura illusione. E se riflettiamo bene, finalmente riusciamo I a spiegarci come a scatenare la reazione marxista non sia stato certamente il &#8220;capitalismo cattolico&#8221;, bens\u00ec questa forma di capitalismo protestante-illuministico.<\/p>\n<p style=\"text-align: justify;\">Quindi, a separare sempre pi\u00f9 la morale cattolica dall&#8217;economia, fino ad affermare la pi\u00f9 completa autonomia morale dello strumento economico, furono dottrine successivamente sviluppatesi in conseguenza del marxismo: l&#8217;utilitarismo, necessario a riequilibrare il valore-lavoro di Marx, ma anche a cancellare il valore intrinseco dei beni economici. Poi la tecnocrazia, necessaria a nominare i nuovi grandi sacerdoti della morale economica, al posto dei preti. \u00c8 con il tecnocrate che lo strumento economico prende autonomia morale e diventa fine anzich\u00e9 restare un mezzo.<\/p>\n<p style=\"text-align: justify;\">Arriviamo infine\u00a0 al keynesianesimo che assolutizza la separazione tra economia e morale, stabilendo che soltanto la scienza deve gestire i problemi dell&#8217;umanit\u00e0 <i>e <\/i>che &#8216;uomo \u00e8 un mezzo della crescita economica. Tanto da sentenziare scientificamente che le nascite sono utili (oppure no) al ciclo economico e pertanto vanno guidate. Cos\u00ec, oggi, quando ci domandiamo come sia stato possibile che lo strumento economico degenerasse cos\u00ec tanto, abbiamo una risposta: sradicandolo progressivamente dalle sue radici originali naturali e cristiane e trasformandolo in un sistema dove il <i>mezzo <\/i>diventa un fine in mano a persone senza conoscenza, sapienza e coscienza, da utilizzare per un uomo-animale intelligente, da soddisfare solo materialmente, e cos\u00ec via.<\/p>\n<p style=\"text-align: justify;\">Tutto \u00e8 stato relativizzato: dal punto di vista antropologico (chi \u00e8 l&#8217;uomo), al senso della vita, al senso delle azioni, ecc. In questo quadro, quando l&#8217;economia non funziona, si da facilmente la colpa allo strumento anzich\u00e9 all&#8217;uomo che lo usa. E si pretende, conseguentemente, di cambiare gli strumenti e le organizzazioni, anzich\u00e9 cambiare l&#8217;uomo, nell&#8217;illusione di migliorare il mondo. La morale cattolica non vuole affatto imporre norme morali per regolare il mercato, sostituendo leggi economiche, non pensa che il libero mercato sia contro l&#8217;uomo solo perch\u00e9 la domanda \u00e8 viziata dalle sue debolezze, non vede nella materia un attacco ai valori.<\/p>\n<p style=\"text-align: justify;\">Comprende tutto questo come conseguenza del progresso e ne trae l&#8217;esigenza di rafforzare spiritualmente l&#8217;uomo, affinch\u00e8 la sua crescita in sapienza e nell&#8217;uso degli strumenti sia almeno pari alla crescita nell&#8217;uso tecnologico degli strumenti sofisticati che il suo genio ha prodotto. Dio lavora. La Creazione \u00e8 ancora in corso, possiamo fare qualcosa per cooperare e lavorare con Dio? Beh, \/\/ <i>Timone \u00e8 <\/i>un esempio, concorrendo a formare l&#8217;uomo.<\/p>\n<p style=\"text-align: justify;\"><strong>Ricorda<\/strong><\/p>\n<p style=\"text-align: justify;\">\u00a0\u00ab(&#8230;) non c&#8217;\u00e8 vero bene comune se Dio \u00e8 bandito dalla pubblica piazza. Ordinare a Dio le cose temporali comporta che nelle cose temporali Dio sia presente. Ordinare a Dio le cose temporali significa costruire la societ\u00e0 secondo il progetto di Dio. Senza questa consapevolezza, la Dottrina sociale della Chiesa non ha niente a che fare con l&#8217;evangelizzazione\u00bb. (S.E. moms. Giampaolo Crepaldi, in Bollettino di Dottrina Sociale della Chiesa, n. 2, apr-giu 2013, p. 48).<\/p>\n","protected":false},"excerpt":{"rendered":"<p>Il Timone n.131 marzo 2014 C&#8217;\u00e8 una crisi economica, politica, sociale e morale. Ma non perdiamoci d&#8217;animo. Si pu\u00f2 sempre lavorare per Dio e con Dio. Solo cos\u00ec, la situazione migliorer\u00e0 di Ettore Gotti Tedeschi &nbsp; La Creazione non \u00e8 finita. Invito il lettore a riflettere. Non vi \u00e8 nulla di ineluttabile, di scontato, di &hellip; <\/p>\n<p><a class=\"more-link btn\" href=\"https:\/\/www.rassegnastampa-totustuus.it\/cattolica\/la-creazione-non-e-finita\/\">Continua a leggere<\/a><\/p>\n","protected":false},"author":6,"featured_media":6730,"comment_status":"closed","ping_status":"closed","sticky":false,"template":"","format":"standard","meta":{"footnotes":""},"categories":[11,13],"tags":[351,2389],"class_list":["post-6422","post","type-post","status-publish","format-standard","has-post-thumbnail","hentry","category-dottrina-sociale","category-economia","tag-creazione","tag-economia","item-wrap"],"yoast_head":"<!-- This site is optimized with the Yoast SEO plugin v27.5 - https:\/\/yoast.com\/product\/yoast-seo-wordpress\/ -->\n<title>La creazione non \u00e8 finita - Rassegna Stampa Cattolica<\/title>\n<meta name=\"description\" content=\"Rassegna Stampa Cattolica - Per una cultura che nasce dalla Rivelazione cristiana in conformit\u00e0 alla tradizione e al Magistero della Chiesa in opposizione ad ogni relativismo e totalitarismo\" \/>\n<meta name=\"robots\" content=\"index, follow, max-snippet:-1, max-image-preview:large, max-video-preview:-1\" \/>\n<link rel=\"canonical\" href=\"https:\/\/www.rassegnastampa-totustuus.it\/cattolica\/la-creazione-non-e-finita\/\" \/>\n<meta property=\"og:locale\" content=\"it_IT\" \/>\n<meta property=\"og:type\" content=\"article\" \/>\n<meta property=\"og:title\" content=\"La creazione non \u00e8 finita - Rassegna Stampa Cattolica\" \/>\n<meta property=\"og:description\" content=\"Rassegna Stampa Cattolica - Per una cultura che nasce dalla Rivelazione cristiana in conformit\u00e0 alla tradizione e al Magistero della Chiesa in opposizione ad ogni relativismo e totalitarismo\" \/>\n<meta property=\"og:url\" content=\"https:\/\/www.rassegnastampa-totustuus.it\/cattolica\/la-creazione-non-e-finita\/\" \/>\n<meta property=\"og:site_name\" content=\"Rassegna Stampa Cattolica\" \/>\n<meta property=\"article:publisher\" content=\"https:\/\/www.facebook.com\/rassegnastampacattolica\" \/>\n<meta property=\"article:published_time\" content=\"2014-03-13T07:55:49+00:00\" \/>\n<meta property=\"article:modified_time\" content=\"2015-06-12T12:14:52+00:00\" \/>\n<meta property=\"og:image\" content=\"https:\/\/www.rassegnastampa-totustuus.it\/cattolica\/wp-content\/uploads\/2014\/03\/labora.jpg\" \/>\n\t<meta property=\"og:image:width\" content=\"202\" \/>\n\t<meta property=\"og:image:height\" content=\"249\" \/>\n\t<meta property=\"og:image:type\" content=\"image\/jpeg\" \/>\n<meta name=\"author\" content=\"Redazione\" \/>\n<meta name=\"twitter:card\" content=\"summary_large_image\" \/>\n<meta name=\"twitter:creator\" content=\"@rassegnastampa9\" \/>\n<meta name=\"twitter:site\" content=\"@rassegnastampa9\" \/>\n<meta name=\"twitter:label1\" content=\"Scritto da\" \/>\n\t<meta name=\"twitter:data1\" content=\"Redazione\" \/>\n\t<meta name=\"twitter:label2\" content=\"Tempo di lettura stimato\" \/>\n\t<meta name=\"twitter:data2\" content=\"6 minuti\" \/>\n<script type=\"application\/ld+json\" class=\"yoast-schema-graph\">{\"@context\":\"https:\\\/\\\/schema.org\",\"@graph\":[{\"@type\":\"Article\",\"@id\":\"https:\\\/\\\/www.rassegnastampa-totustuus.it\\\/cattolica\\\/la-creazione-non-e-finita\\\/#article\",\"isPartOf\":{\"@id\":\"https:\\\/\\\/www.rassegnastampa-totustuus.it\\\/cattolica\\\/la-creazione-non-e-finita\\\/\"},\"author\":{\"name\":\"Redazione\",\"@id\":\"https:\\\/\\\/www.rassegnastampa-totustuus.it\\\/cattolica\\\/#\\\/schema\\\/person\\\/08f319d2bd1a0904ad9e2bfb7b15e5c3\"},\"headline\":\"La creazione non \u00e8 finita\",\"datePublished\":\"2014-03-13T07:55:49+00:00\",\"dateModified\":\"2015-06-12T12:14:52+00:00\",\"mainEntityOfPage\":{\"@id\":\"https:\\\/\\\/www.rassegnastampa-totustuus.it\\\/cattolica\\\/la-creazione-non-e-finita\\\/\"},\"wordCount\":1219,\"publisher\":{\"@id\":\"https:\\\/\\\/www.rassegnastampa-totustuus.it\\\/cattolica\\\/#organization\"},\"image\":{\"@id\":\"https:\\\/\\\/www.rassegnastampa-totustuus.it\\\/cattolica\\\/la-creazione-non-e-finita\\\/#primaryimage\"},\"thumbnailUrl\":\"https:\\\/\\\/www.rassegnastampa-totustuus.it\\\/cattolica\\\/wp-content\\\/uploads\\\/2014\\\/03\\\/labora.jpg\",\"keywords\":[\"creazione\",\"Economia\"],\"articleSection\":[\"Dottrina sociale\",\"Economia\"],\"inLanguage\":\"it-IT\"},{\"@type\":\"WebPage\",\"@id\":\"https:\\\/\\\/www.rassegnastampa-totustuus.it\\\/cattolica\\\/la-creazione-non-e-finita\\\/\",\"url\":\"https:\\\/\\\/www.rassegnastampa-totustuus.it\\\/cattolica\\\/la-creazione-non-e-finita\\\/\",\"name\":\"La creazione non \u00e8 finita - Rassegna Stampa Cattolica\",\"isPartOf\":{\"@id\":\"https:\\\/\\\/www.rassegnastampa-totustuus.it\\\/cattolica\\\/#website\"},\"primaryImageOfPage\":{\"@id\":\"https:\\\/\\\/www.rassegnastampa-totustuus.it\\\/cattolica\\\/la-creazione-non-e-finita\\\/#primaryimage\"},\"image\":{\"@id\":\"https:\\\/\\\/www.rassegnastampa-totustuus.it\\\/cattolica\\\/la-creazione-non-e-finita\\\/#primaryimage\"},\"thumbnailUrl\":\"https:\\\/\\\/www.rassegnastampa-totustuus.it\\\/cattolica\\\/wp-content\\\/uploads\\\/2014\\\/03\\\/labora.jpg\",\"datePublished\":\"2014-03-13T07:55:49+00:00\",\"dateModified\":\"2015-06-12T12:14:52+00:00\",\"description\":\"Rassegna Stampa Cattolica - Per una cultura che nasce dalla Rivelazione cristiana in conformit\u00e0 alla tradizione e al Magistero della Chiesa in opposizione ad ogni relativismo e totalitarismo\",\"breadcrumb\":{\"@id\":\"https:\\\/\\\/www.rassegnastampa-totustuus.it\\\/cattolica\\\/la-creazione-non-e-finita\\\/#breadcrumb\"},\"inLanguage\":\"it-IT\",\"potentialAction\":[{\"@type\":\"ReadAction\",\"target\":[\"https:\\\/\\\/www.rassegnastampa-totustuus.it\\\/cattolica\\\/la-creazione-non-e-finita\\\/\"]}]},{\"@type\":\"ImageObject\",\"inLanguage\":\"it-IT\",\"@id\":\"https:\\\/\\\/www.rassegnastampa-totustuus.it\\\/cattolica\\\/la-creazione-non-e-finita\\\/#primaryimage\",\"url\":\"https:\\\/\\\/www.rassegnastampa-totustuus.it\\\/cattolica\\\/wp-content\\\/uploads\\\/2014\\\/03\\\/labora.jpg\",\"contentUrl\":\"https:\\\/\\\/www.rassegnastampa-totustuus.it\\\/cattolica\\\/wp-content\\\/uploads\\\/2014\\\/03\\\/labora.jpg\",\"width\":202,\"height\":249},{\"@type\":\"BreadcrumbList\",\"@id\":\"https:\\\/\\\/www.rassegnastampa-totustuus.it\\\/cattolica\\\/la-creazione-non-e-finita\\\/#breadcrumb\",\"itemListElement\":[{\"@type\":\"ListItem\",\"position\":1,\"name\":\"Home\",\"item\":\"https:\\\/\\\/www.rassegnastampa-totustuus.it\\\/cattolica\\\/\"},{\"@type\":\"ListItem\",\"position\":2,\"name\":\"La creazione non \u00e8 finita\"}]},{\"@type\":\"WebSite\",\"@id\":\"https:\\\/\\\/www.rassegnastampa-totustuus.it\\\/cattolica\\\/#website\",\"url\":\"https:\\\/\\\/www.rassegnastampa-totustuus.it\\\/cattolica\\\/\",\"name\":\"Rassegna Stampa Cattolica\",\"description\":\"Per una cultura che nasce dalla Rivelazione cristiana in conformit\u00e0 alla tradizione e al Magistero della Chiesa in opposizione ad ogni relativismo e totalitarismo\",\"publisher\":{\"@id\":\"https:\\\/\\\/www.rassegnastampa-totustuus.it\\\/cattolica\\\/#organization\"},\"alternateName\":\"Rass. Cattolica\",\"potentialAction\":[{\"@type\":\"SearchAction\",\"target\":{\"@type\":\"EntryPoint\",\"urlTemplate\":\"https:\\\/\\\/www.rassegnastampa-totustuus.it\\\/cattolica\\\/?s={search_term_string}\"},\"query-input\":{\"@type\":\"PropertyValueSpecification\",\"valueRequired\":true,\"valueName\":\"search_term_string\"}}],\"inLanguage\":\"it-IT\"},{\"@type\":\"Organization\",\"@id\":\"https:\\\/\\\/www.rassegnastampa-totustuus.it\\\/cattolica\\\/#organization\",\"name\":\"Rassegna Stampa Cattolica\",\"url\":\"https:\\\/\\\/www.rassegnastampa-totustuus.it\\\/cattolica\\\/\",\"logo\":{\"@type\":\"ImageObject\",\"inLanguage\":\"it-IT\",\"@id\":\"https:\\\/\\\/www.rassegnastampa-totustuus.it\\\/cattolica\\\/#\\\/schema\\\/logo\\\/image\\\/\",\"url\":\"https:\\\/\\\/www.rassegnastampa-totustuus.it\\\/cattolica\\\/wp-content\\\/uploads\\\/2014\\\/04\\\/logo-rassegna1.gif\",\"contentUrl\":\"https:\\\/\\\/www.rassegnastampa-totustuus.it\\\/cattolica\\\/wp-content\\\/uploads\\\/2014\\\/04\\\/logo-rassegna1.gif\",\"width\":600,\"height\":163,\"caption\":\"Rassegna Stampa Cattolica\"},\"image\":{\"@id\":\"https:\\\/\\\/www.rassegnastampa-totustuus.it\\\/cattolica\\\/#\\\/schema\\\/logo\\\/image\\\/\"},\"sameAs\":[\"https:\\\/\\\/www.facebook.com\\\/rassegnastampacattolica\",\"https:\\\/\\\/x.com\\\/rassegnastampa9\"]},{\"@type\":\"Person\",\"@id\":\"https:\\\/\\\/www.rassegnastampa-totustuus.it\\\/cattolica\\\/#\\\/schema\\\/person\\\/08f319d2bd1a0904ad9e2bfb7b15e5c3\",\"name\":\"Redazione\",\"image\":{\"@type\":\"ImageObject\",\"inLanguage\":\"it-IT\",\"@id\":\"https:\\\/\\\/secure.gravatar.com\\\/avatar\\\/2fcdf27c78ea025fbdb44e914cc63c72249ffec9dc8aafd5c82b26240ef3f346?s=96&d=mm&r=g\",\"url\":\"https:\\\/\\\/secure.gravatar.com\\\/avatar\\\/2fcdf27c78ea025fbdb44e914cc63c72249ffec9dc8aafd5c82b26240ef3f346?s=96&d=mm&r=g\",\"contentUrl\":\"https:\\\/\\\/secure.gravatar.com\\\/avatar\\\/2fcdf27c78ea025fbdb44e914cc63c72249ffec9dc8aafd5c82b26240ef3f346?s=96&d=mm&r=g\",\"caption\":\"Redazione\"},\"url\":\"https:\\\/\\\/www.rassegnastampa-totustuus.it\\\/cattolica\\\/author\\\/pietroelle\\\/\"}]}<\/script>\n<!-- \/ Yoast SEO plugin. -->","yoast_head_json":{"title":"La creazione non \u00e8 finita - Rassegna Stampa Cattolica","description":"Rassegna Stampa Cattolica - Per una cultura che nasce dalla Rivelazione cristiana in conformit\u00e0 alla tradizione e al Magistero della Chiesa in opposizione ad ogni relativismo e totalitarismo","robots":{"index":"index","follow":"follow","max-snippet":"max-snippet:-1","max-image-preview":"max-image-preview:large","max-video-preview":"max-video-preview:-1"},"canonical":"https:\/\/www.rassegnastampa-totustuus.it\/cattolica\/la-creazione-non-e-finita\/","og_locale":"it_IT","og_type":"article","og_title":"La creazione non \u00e8 finita - Rassegna Stampa Cattolica","og_description":"Rassegna Stampa Cattolica - Per una cultura che nasce dalla Rivelazione cristiana in conformit\u00e0 alla tradizione e al Magistero della Chiesa in opposizione ad ogni relativismo e totalitarismo","og_url":"https:\/\/www.rassegnastampa-totustuus.it\/cattolica\/la-creazione-non-e-finita\/","og_site_name":"Rassegna Stampa Cattolica","article_publisher":"https:\/\/www.facebook.com\/rassegnastampacattolica","article_published_time":"2014-03-13T07:55:49+00:00","article_modified_time":"2015-06-12T12:14:52+00:00","og_image":[{"width":202,"height":249,"url":"https:\/\/www.rassegnastampa-totustuus.it\/cattolica\/wp-content\/uploads\/2014\/03\/labora.jpg","type":"image\/jpeg"}],"author":"Redazione","twitter_card":"summary_large_image","twitter_creator":"@rassegnastampa9","twitter_site":"@rassegnastampa9","twitter_misc":{"Scritto da":"Redazione","Tempo di lettura stimato":"6 minuti"},"schema":{"@context":"https:\/\/schema.org","@graph":[{"@type":"Article","@id":"https:\/\/www.rassegnastampa-totustuus.it\/cattolica\/la-creazione-non-e-finita\/#article","isPartOf":{"@id":"https:\/\/www.rassegnastampa-totustuus.it\/cattolica\/la-creazione-non-e-finita\/"},"author":{"name":"Redazione","@id":"https:\/\/www.rassegnastampa-totustuus.it\/cattolica\/#\/schema\/person\/08f319d2bd1a0904ad9e2bfb7b15e5c3"},"headline":"La creazione non \u00e8 finita","datePublished":"2014-03-13T07:55:49+00:00","dateModified":"2015-06-12T12:14:52+00:00","mainEntityOfPage":{"@id":"https:\/\/www.rassegnastampa-totustuus.it\/cattolica\/la-creazione-non-e-finita\/"},"wordCount":1219,"publisher":{"@id":"https:\/\/www.rassegnastampa-totustuus.it\/cattolica\/#organization"},"image":{"@id":"https:\/\/www.rassegnastampa-totustuus.it\/cattolica\/la-creazione-non-e-finita\/#primaryimage"},"thumbnailUrl":"https:\/\/www.rassegnastampa-totustuus.it\/cattolica\/wp-content\/uploads\/2014\/03\/labora.jpg","keywords":["creazione","Economia"],"articleSection":["Dottrina sociale","Economia"],"inLanguage":"it-IT"},{"@type":"WebPage","@id":"https:\/\/www.rassegnastampa-totustuus.it\/cattolica\/la-creazione-non-e-finita\/","url":"https:\/\/www.rassegnastampa-totustuus.it\/cattolica\/la-creazione-non-e-finita\/","name":"La creazione non \u00e8 finita - Rassegna Stampa Cattolica","isPartOf":{"@id":"https:\/\/www.rassegnastampa-totustuus.it\/cattolica\/#website"},"primaryImageOfPage":{"@id":"https:\/\/www.rassegnastampa-totustuus.it\/cattolica\/la-creazione-non-e-finita\/#primaryimage"},"image":{"@id":"https:\/\/www.rassegnastampa-totustuus.it\/cattolica\/la-creazione-non-e-finita\/#primaryimage"},"thumbnailUrl":"https:\/\/www.rassegnastampa-totustuus.it\/cattolica\/wp-content\/uploads\/2014\/03\/labora.jpg","datePublished":"2014-03-13T07:55:49+00:00","dateModified":"2015-06-12T12:14:52+00:00","description":"Rassegna Stampa Cattolica - Per una cultura che nasce dalla Rivelazione cristiana in conformit\u00e0 alla tradizione e al Magistero della Chiesa in opposizione ad ogni relativismo e totalitarismo","breadcrumb":{"@id":"https:\/\/www.rassegnastampa-totustuus.it\/cattolica\/la-creazione-non-e-finita\/#breadcrumb"},"inLanguage":"it-IT","potentialAction":[{"@type":"ReadAction","target":["https:\/\/www.rassegnastampa-totustuus.it\/cattolica\/la-creazione-non-e-finita\/"]}]},{"@type":"ImageObject","inLanguage":"it-IT","@id":"https:\/\/www.rassegnastampa-totustuus.it\/cattolica\/la-creazione-non-e-finita\/#primaryimage","url":"https:\/\/www.rassegnastampa-totustuus.it\/cattolica\/wp-content\/uploads\/2014\/03\/labora.jpg","contentUrl":"https:\/\/www.rassegnastampa-totustuus.it\/cattolica\/wp-content\/uploads\/2014\/03\/labora.jpg","width":202,"height":249},{"@type":"BreadcrumbList","@id":"https:\/\/www.rassegnastampa-totustuus.it\/cattolica\/la-creazione-non-e-finita\/#breadcrumb","itemListElement":[{"@type":"ListItem","position":1,"name":"Home","item":"https:\/\/www.rassegnastampa-totustuus.it\/cattolica\/"},{"@type":"ListItem","position":2,"name":"La creazione non \u00e8 finita"}]},{"@type":"WebSite","@id":"https:\/\/www.rassegnastampa-totustuus.it\/cattolica\/#website","url":"https:\/\/www.rassegnastampa-totustuus.it\/cattolica\/","name":"Rassegna Stampa Cattolica","description":"Per una cultura che nasce dalla Rivelazione cristiana in conformit\u00e0 alla tradizione e al Magistero della Chiesa in opposizione ad ogni relativismo e totalitarismo","publisher":{"@id":"https:\/\/www.rassegnastampa-totustuus.it\/cattolica\/#organization"},"alternateName":"Rass. Cattolica","potentialAction":[{"@type":"SearchAction","target":{"@type":"EntryPoint","urlTemplate":"https:\/\/www.rassegnastampa-totustuus.it\/cattolica\/?s={search_term_string}"},"query-input":{"@type":"PropertyValueSpecification","valueRequired":true,"valueName":"search_term_string"}}],"inLanguage":"it-IT"},{"@type":"Organization","@id":"https:\/\/www.rassegnastampa-totustuus.it\/cattolica\/#organization","name":"Rassegna Stampa Cattolica","url":"https:\/\/www.rassegnastampa-totustuus.it\/cattolica\/","logo":{"@type":"ImageObject","inLanguage":"it-IT","@id":"https:\/\/www.rassegnastampa-totustuus.it\/cattolica\/#\/schema\/logo\/image\/","url":"https:\/\/www.rassegnastampa-totustuus.it\/cattolica\/wp-content\/uploads\/2014\/04\/logo-rassegna1.gif","contentUrl":"https:\/\/www.rassegnastampa-totustuus.it\/cattolica\/wp-content\/uploads\/2014\/04\/logo-rassegna1.gif","width":600,"height":163,"caption":"Rassegna Stampa Cattolica"},"image":{"@id":"https:\/\/www.rassegnastampa-totustuus.it\/cattolica\/#\/schema\/logo\/image\/"},"sameAs":["https:\/\/www.facebook.com\/rassegnastampacattolica","https:\/\/x.com\/rassegnastampa9"]},{"@type":"Person","@id":"https:\/\/www.rassegnastampa-totustuus.it\/cattolica\/#\/schema\/person\/08f319d2bd1a0904ad9e2bfb7b15e5c3","name":"Redazione","image":{"@type":"ImageObject","inLanguage":"it-IT","@id":"https:\/\/secure.gravatar.com\/avatar\/2fcdf27c78ea025fbdb44e914cc63c72249ffec9dc8aafd5c82b26240ef3f346?s=96&d=mm&r=g","url":"https:\/\/secure.gravatar.com\/avatar\/2fcdf27c78ea025fbdb44e914cc63c72249ffec9dc8aafd5c82b26240ef3f346?s=96&d=mm&r=g","contentUrl":"https:\/\/secure.gravatar.com\/avatar\/2fcdf27c78ea025fbdb44e914cc63c72249ffec9dc8aafd5c82b26240ef3f346?s=96&d=mm&r=g","caption":"Redazione"},"url":"https:\/\/www.rassegnastampa-totustuus.it\/cattolica\/author\/pietroelle\/"}]}},"_links":{"self":[{"href":"https:\/\/www.rassegnastampa-totustuus.it\/cattolica\/wp-json\/wp\/v2\/posts\/6422","targetHints":{"allow":["GET"]}}],"collection":[{"href":"https:\/\/www.rassegnastampa-totustuus.it\/cattolica\/wp-json\/wp\/v2\/posts"}],"about":[{"href":"https:\/\/www.rassegnastampa-totustuus.it\/cattolica\/wp-json\/wp\/v2\/types\/post"}],"author":[{"embeddable":true,"href":"https:\/\/www.rassegnastampa-totustuus.it\/cattolica\/wp-json\/wp\/v2\/users\/6"}],"replies":[{"embeddable":true,"href":"https:\/\/www.rassegnastampa-totustuus.it\/cattolica\/wp-json\/wp\/v2\/comments?post=6422"}],"version-history":[{"count":5,"href":"https:\/\/www.rassegnastampa-totustuus.it\/cattolica\/wp-json\/wp\/v2\/posts\/6422\/revisions"}],"predecessor-version":[{"id":26223,"href":"https:\/\/www.rassegnastampa-totustuus.it\/cattolica\/wp-json\/wp\/v2\/posts\/6422\/revisions\/26223"}],"wp:featuredmedia":[{"embeddable":true,"href":"https:\/\/www.rassegnastampa-totustuus.it\/cattolica\/wp-json\/wp\/v2\/media\/6730"}],"wp:attachment":[{"href":"https:\/\/www.rassegnastampa-totustuus.it\/cattolica\/wp-json\/wp\/v2\/media?parent=6422"}],"wp:term":[{"taxonomy":"category","embeddable":true,"href":"https:\/\/www.rassegnastampa-totustuus.it\/cattolica\/wp-json\/wp\/v2\/categories?post=6422"},{"taxonomy":"post_tag","embeddable":true,"href":"https:\/\/www.rassegnastampa-totustuus.it\/cattolica\/wp-json\/wp\/v2\/tags?post=6422"}],"curies":[{"name":"wp","href":"https:\/\/api.w.org\/{rel}","templated":true}]}}