{"id":64138,"date":"2025-12-11T01:05:00","date_gmt":"2025-12-11T00:05:00","guid":{"rendered":"https:\/\/www.rassegnastampa-totustuus.it\/cattolica\/?p=64138"},"modified":"2025-12-10T16:52:27","modified_gmt":"2025-12-10T15:52:27","slug":"il-ruolo-degli-apostati-nel-dibattito-sulle-sette","status":"publish","type":"post","link":"https:\/\/www.rassegnastampa-totustuus.it\/cattolica\/il-ruolo-degli-apostati-nel-dibattito-sulle-sette\/","title":{"rendered":"Il ruolo degli apostati nel dibattito sulle \u201csette\u201d"},"content":{"rendered":"\n<p class=\"has-text-align-center\"><strong><a href=\"https:\/\/bitterwinter.org\/\" target=\"_blank\" rel=\"noreferrer noopener\">Bitter Winter<\/a> <\/strong>8 dicembre 2025<\/p>\n\n\n\n<p><em>Le proposte di leggi anti-sette si basano spesso sulle testimonianze di \u201capostati\u201d, un termine che non \u00e8 sinonimo di \u201cex membri\u201d ma ne indica una sparuta minoranza.<\/em><\/p>\n\n\n\n<p class=\"has-text-align-center\">di <a href=\"https:\/\/bitterwinter.org\/author\/rosita-soryte\/\" target=\"_blank\" rel=\"noreferrer noopener\">Rosita \u0160oryt\u0117<\/a><\/p>\n\n\n\n<p><em>Intervento al convegno \u201c<a href=\"https:\/\/www.radioradicale.it\/scheda\/776047\/questioni-di-liberta-religiosa-nellattuale-scenario-internazionale\" target=\"_blank\" rel=\"noreferrer noopener\">Rapporti Stati-Confessioni religiose. Questioni di libert\u00e0 religiosa nell\u2019attuale scenario internazionale<\/a>\u201d promosso da Fedinsieme in collaborazione con altre associazioni presso il Senato della Repubblica, su iniziativa del Senatore Lucio Malan, Roma, 5 dicembre 2025.<\/em><\/p>\n\n\n<div class=\"wp-block-image\">\n<figure class=\"aligncenter size-large is-resized\"><a href=\"https:\/\/www.rassegnastampa-totustuus.it\/cattolica\/wp-content\/uploads\/2025\/12\/Rosita_Soryte.webp\"><img loading=\"lazy\" decoding=\"async\" width=\"768\" height=\"1024\" src=\"https:\/\/www.rassegnastampa-totustuus.it\/cattolica\/wp-content\/uploads\/2025\/12\/Rosita_Soryte-768x1024.webp\" alt=\"\" class=\"wp-image-64139\" style=\"width:258px;height:auto\" srcset=\"https:\/\/www.rassegnastampa-totustuus.it\/cattolica\/wp-content\/uploads\/2025\/12\/Rosita_Soryte-768x1024.webp 768w, https:\/\/www.rassegnastampa-totustuus.it\/cattolica\/wp-content\/uploads\/2025\/12\/Rosita_Soryte-225x300.webp 225w, https:\/\/www.rassegnastampa-totustuus.it\/cattolica\/wp-content\/uploads\/2025\/12\/Rosita_Soryte-1152x1536.webp 1152w, https:\/\/www.rassegnastampa-totustuus.it\/cattolica\/wp-content\/uploads\/2025\/12\/Rosita_Soryte-595x793.webp 595w, https:\/\/www.rassegnastampa-totustuus.it\/cattolica\/wp-content\/uploads\/2025\/12\/Rosita_Soryte.webp 1512w\" sizes=\"auto, (max-width: 768px) 100vw, 768px\" \/><\/a><figcaption class=\"wp-element-caption\"><em>\u00a0Rosita \u0160oryt\u0117\u00a0<\/em><\/figcaption><\/figure><\/div>\n\n\n<!--more-->\n\n\n\n<p class=\"has-text-align-left\">\u00c8 per me un grande onore essere qui oggi per parlare di un tema che tocca il cuore della democrazia: la libert\u00e0 religiosa. In particolare, vorrei riflettere con voi su un aspetto spesso trascurato ma cruciale: il ruolo delle testimonianze dei cosiddetti apostati nei dibattiti pubblici e politici sui movimenti spirituali minoritari, comunemente etichettati dai loro avversari come \u201csette\u201d. I resoconti giornalistici e le proposte di legge sono spesso fondati su quanto riferiscono gli apostati. Si tratta dunque di un tema che vale la pena esaminare attentamente.<\/p>\n\n\n\n<p>Il termine \u201capostata\u201d non \u00e8 un\u2019offesa n\u00e9 \u00e8 sinonimo di \u201cex membro\u201d. \u00c8 tecnico, usato dai sociologi per indicare non semplicemente chi ha lasciato un gruppo religioso, ma chi lo ha abbandonato e poi si \u00e8 trasformato in un attivista che lo combatte. \u00c8 una distinzione fondamentale. La maggior parte degli ex membri lascia un movimento in silenzio, senza rancore, e prosegue la propria vita. Alcuni lo fanno con sollievo, altri con nostalgia. Ma non diventano militanti. Gli apostati, invece, si impegnano attivamente a combattere il gruppo che hanno lasciato, spesso alleandosi con movimenti antisette e con alcuni avvocati e giornalisti.<\/p>\n\n\n\n<p>E qui nasce il primo problema. I media, sempre alla ricerca di storie forti e drammatiche, dedicano spazio quasi esclusivamente agli apostati. Il loro racconto diventa il racconto dominante. Il pubblico finisce per credere che tutti gli ex membri di movimenti religiosi minoritari siano apostati e che tutti i membri attuali siano vittime inconsapevoli o complici. \u00c8 una distorsione grave. \u00c8 come giudicare il matrimonio solo ascoltando chi ha divorziato, o valutare la Chiesa cattolica solo attraverso gli occhi di chi l\u2019ha abbandonata con rabbia.<\/p>\n\n\n\n<p>Ma i dati ci dicono altro. Studi sociologici quantitativi condotti da studiosi come Trudy Solomon, George Chryssides, James Lewis e Massimo Introvigne mostrano chiaramente che gli apostati rappresentano una minoranza tra gli ex membri. La maggior parte di coloro che lasciano un movimento spirituale non prova odio, non cerca vendetta e non si unisce a campagne pubbliche contro il gruppo. Semplicemente, cambia percorso. Eppure, questa maggioranza silenziosa \u00e8 ignorata.<\/p>\n\n\n\n<p>Perch\u00e9? Perch\u00e9 non fa notizia. I media preferiscono la storia dell\u2019apostata che racconta abusi, lavaggi del cervello, fughe drammatiche. \u00c8 una narrazione che vende. Ma \u00e8 anche una narrazione parziale e spesso distorta.<\/p>\n\n\n\n<p>Non \u00e8 un fenomeno nuovo. La storia ci offre esempi inquietanti di come le testimonianze degli apostati, se accettate senza verifica, possano condurre a gravi ingiustizie.<\/p>\n\n\n\n<p>Prendiamo il caso di Rebecca Reed. Nel 1835, questa giovane donna americana pubblic\u00f2 un libro intitolato \u201cSix Months in a Convent\u201d, in cui raccontava di essere stata rinchiusa con la forza in un convento cattolico a Charlestown, nel Massachusetts. Sosteneva di essere stata sottoposta a torture psicologiche e a pressioni per diventare suora. Il libro ebbe un enorme successo e scaten\u00f2 l\u2019indignazione pubblica. Una folla inferocita assalt\u00f2 il convento e lo incendi\u00f2. Solo in seguito si scopr\u00ec che le sue affermazioni erano false.<\/p>\n\n\n\n<p>Ma la storia non finisce qui. L\u2019anno successivo, nel 1836, un\u2019altra donna, Maria Monk, ispirata da Rebecca Reed, pubblic\u00f2 \u201cAwful Disclosures of Maria Monk\u201d. In questo libro, sosteneva di essere stata costretta a diventare suora in un convento di Montreal, dove, secondo lei, i preti entravano di notte per abusare delle suore. Le religiose che rimanevano incinte, diceva, partorivano bambini che erano immediatamente uccisi e sepolti nei sotterranei. Il libro fu un bestseller internazionale. Ma anche in questo caso le indagini successive dimostrarono che Maria Monk non era mai stata suora n\u00e9 aveva mai vissuto in quel convento. In realt\u00e0, l\u2019unica istituzione da cui era fuggita era un ospedale psichiatrico.<\/p>\n\n\n\n<p>Eppure, migliaia di persone credettero alle sue parole. Le sue accuse alimentarono l\u2019odio anticattolico in Nord America per decenni. Ancora oggi, alcuni siti complottisti citano Maria Monk come fonte.<\/p>\n\n\n\n<p>Un altro caso emblematico \u00e8 quello di L\u00e9o Taxil, un avventuriero francese. Inizialmente noto per i suoi scritti anticlericali, nel 1885 annunci\u00f2 pubblicamente la sua conversione al cattolicesimo. Da quel momento inizi\u00f2 a pubblicare una serie di libri in cui denunciava una presunta setta satanica nascosta all\u2019interno della massoneria e la dirigeva. Parlava di riti oscuri, di sacerdotesse nude, di sacrifici umani. Le sue opere furono accolte con entusiasmo da molti ambienti cattolici, e se ne interess\u00f2 persino il Papa.<\/p>\n\n\n\n<p>Ma nel 1897 Taxil tenne una conferenza pubblica e confess\u00f2 tutto: era stato uno scherzo. Non si era mai convertito. Voleva solo dimostrare quanto fosse facile manipolare l\u2019opinione pubblica cattolica con storie sensazionali. E ci era riuscito.<\/p>\n\n\n\n<p>Questi esempi storici ci insegnano una lezione fondamentale: le testimonianze degli apostati, soprattutto quando sono drammatiche e accusatorie, devono essere trattate con cautela. Non vanno ignorate, ma nemmeno accettate come verit\u00e0 assolute. Devono essere verificate, contestualizzate, confrontate con altre fonti.<\/p>\n\n\n\n<p>E oggi, purtroppo, vediamo ripetersi lo stesso schema. In Giappone, dopo l\u2019assassinio dell\u2019ex primo ministro Shinzo Abe da parte di un uomo che non era mai stato membro della Chiesa dell\u2019Unificazione, ma la cui madre lo era, si \u00e8 scatenata una campagna contro quella comunit\u00e0 religiosa. L\u2019attenzione si \u00e8 concentrata sugli \u201cshukyo nisei\u201d, cio\u00e8 i figli di membri di minoranze religiose che accusano i genitori di aver reso loro la vita difficile, educandoli con un\u2019eccessiva severit\u00e0 o facendoli vivere in povert\u00e0 a causa delle donazioni alle proprie religioni.<\/p>\n\n\n\n<p>Una figura centrale \u00e8 Sayuri Ogawa, pseudonimo di una giovane donna che ha raccontato alla stampa la propria esperienza come figlia di fedeli della Chiesa dell\u2019Unificazione. I suoi racconti sono stati accolti con entusiasmo dai media e dai politici. Ma la giornalista Masumi Fukuda ha indagato con rigore, scoprendo che molte delle affermazioni di Ogawa erano false o esagerate. Ad esempio, Ogawa ha detto che sua madre aveva sottratto soldi dal suo conto bancario mentre lei era ricoverata in ospedale. Ma la madre ha negato, il padre ha chiesto prove che non sono mai arrivate e, in tribunale, Ogawa ha dovuto ammettere che si trattava di una \u201cmetafora\u201d, forse causata da farmaci o dallo stress.<\/p>\n\n\n\n<p>Nel 2025, \u00e8 stata promossa una causa collettiva contro la Chiesa dell\u2019Unificazione, invitando sui social tutti i nisei che si sentivano vittime a partecipare. Sapete quanti hanno aderito? Otto. Otto su decine di migliaia. Questo ci dice qualcosa: gli apostati sono una minoranza. E non rappresentano tutti gli ex membri, n\u00e9 tantomeno i membri attuali.<\/p>\n\n\n\n<p>Eppure, le loro storie dominano il dibattito pubblico. Sono presentate come \u201ctestimonianze di sopravvissuti\u201d, vere per definizione. Se uno studioso osa mettere in dubbio qualcosa, viene accusato di \u201crivittimizzare le vittime\u201d. Ma lo studio delle religioni, come la democrazia, si basa sul confronto, non sull\u2019unanimit\u00e0 emotiva.<\/p>\n\n\n\n<p>Ci sono anche apostati che sono stati deprogrammati, cio\u00e8 rapiti, segregati e costretti, con pressioni psicologiche o fisiche, a lasciare il movimento. In Giappone, alcuni avvocati hanno spinto ex membri deprogrammati a fare causa alla Chiesa dell\u2019Unificazione per dimostrare che la deprogrammazione era effettivamente riuscita. Se rifiutavano, erano minacciati di ulteriori confinamenti. Questa non \u00e8 libert\u00e0. \u00c8 coercizione. E la deprogrammazione, sotto qualsiasi nome, \u00e8 un crimine.<\/p>\n\n\n\n<p>Negli ultimi mesi ho pubblicato analisi critiche su due libri. Uno \u00e8 stato scritto da <a href=\"https:\/\/cesnur.net\/wp-content\/uploads\/2025\/11\/tjoc_9_6_6_soryte-.pdf\" target=\"_blank\" rel=\"noreferrer noopener\">una ragazza australiana<\/a> che ha aderito al movimento coreano Providence prima di essere deprogrammata e di diventare lei stessa assistente di un noto deprogrammatore. Il secondo \u00e8 opera di <a href=\"https:\/\/cesnur.net\/wp-content\/uploads\/2025\/07\/tjoc_9_4_2_soryte.pdf\" target=\"_blank\" rel=\"noreferrer noopener\">una giovane donna lituana<\/a> che ha scritto un libro di successo sul suo pessimo rapporto con la madre, che era Testimone di Geova, mentre lei, l\u2019autrice, non ha mai aderito a questa religione. In entrambi i casi, si tratta di donne con problemi personali e familiari, di cui a torto si incolpano movimenti religiosi. La ragazza australiana ha problemi di anoressia, ma li aveva gi\u00e0 prima di aderire al movimento Providence. L\u2019autrice del libro pubblicato in Lituania aveva evidentemente una famiglia con molti problemi, ma ammette lei stessa che altre sue amiche e parenti, che avevano anch\u2019esse genitori Testimoni di Geova, avevano invece un\u2019infanzia felice. Un errore comune degli apostati \u2013 o di chi li incita a raccontare la loro vita in un certo modo \u2013 \u00e8 attribuire a movimenti religiosi problemi personali e familiari che sono reali ma non hanno nulla a che fare con la religione.<\/p>\n\n\n\n<p>La giornata di oggi ci invita dunque a riflettere. Quando discutiamo di leggi sulle \u201csette\u201d, pensiamo a chi verr\u00e0 colpito. Non solo agli apostati, ma anche ai fedeli ancora attivi, alle famiglie e agli anziani che, per libera scelta, fanno parte di movimenti religiosi minoritari e amano le proprie comunit\u00e0. Rischiano di essere discriminati dalle campagne di stampa e da leggi fondate sulle tesi degli apostati. Pensate se \u00e8 giusto che una minoranza arrabbiata decida il destino di una maggioranza silenziosa.<\/p>\n\n\n\n<p>La libert\u00e0 religiosa \u00e8 un diritto fondamentale. Proteggerla significa proteggere tutti, anche chi crede in modo diverso da noi. E significa ascoltare tutte le voci, non solo quelle pi\u00f9 popolari sui media.<\/p>\n\n\n\n<p>Permettetemi di aggiungere un\u2019ultima riflessione. In un\u2019epoca in cui si parla tanto di inclusione, di rispetto delle diversit\u00e0, di diritti umani, non possiamo dimenticare che anche le minoranze spirituali fanno parte di questa diversit\u00e0. Anche loro meritano rispetto. Anche loro meritano protezione.<\/p>\n\n\n\n<p>Non possiamo costruire una societ\u00e0 giusta se permettiamo che pregiudizi, paure e testimonianze non verificate diventino la base delle nostre leggi. Non possiamo parlare di democrazia se ignoriamo la voce di chi vive pacificamente la propria fede, solo perch\u00e9 non fa rumore.<\/p>\n\n\n\n<p>Non possiamo accettare che la narrazione di pochi apostati diventi l\u2019unica voce ascoltata. Non perch\u00e9 le loro esperienze non contino o non debbano essere prese in esame, ma perch\u00e9 non sono le uniche. Ogni comunit\u00e0 spirituale \u00e8 fatta di tante storie, tante vite, tante esperienze diverse. Alcune sono felici, altre difficili, come in ogni famiglia, in ogni gruppo umano. Ma giudicare un intero movimento solo sulla base delle parole di chi lo ha lasciato con rancore \u00e8 ingiusto.<\/p>\n\n\n\n<p>Ai parlamentari vorrei dire: il vostro ruolo \u00e8 fondamentale. Siete voi a scrivere le leggi. Siete voi a decidere quali voci ascoltare. Vi chiedo di ascoltare tutte le voci. Di non lasciarvi guidare soltanto dalle emozioni. Di non cedere alla pressione mediatica. Di difendere la libert\u00e0 religiosa con coraggio ed equilibrio.<\/p>\n\n\n\n<p>Perch\u00e9 oggi sono prese di mira le cosiddette \u201csette\u201d. Domani potrebbero essere religioni pi\u00f9 grandi e pi\u00f9 antiche. E dopodomani, forse, qualcuno che crede negli stessi valori in cui credete voi. La libert\u00e0 religiosa non \u00e8 un privilegio per pochi. \u00c8 un diritto per tutti. Anche per chi crede in modo diverso e, naturalmente, anche per chi non crede. Anche per chi crede in qualcosa che non capiamo. Anche per chi crede in qualcosa che non condividiamo.<\/p>\n\n\n\n<p>Vi ringrazio per l\u2019attenzione, il vostro tempo e il vostro impegno. E vi auguro buon lavoro, con mente aperta, cuore giusto e spirito libero. Grazie.<\/p>\n","protected":false},"excerpt":{"rendered":"<p>Bitter Winter 8 dicembre 2025 Le proposte di leggi anti-sette si basano spesso sulle testimonianze di \u201capostati\u201d, un termine che non \u00e8 sinonimo di \u201cex membri\u201d ma ne indica una sparuta minoranza. di Rosita \u0160oryt\u0117 Intervento al convegno \u201cRapporti Stati-Confessioni religiose. Questioni di libert\u00e0 religiosa nell\u2019attuale scenario internazionale\u201d promosso da Fedinsieme in collaborazione con altre &hellip; <\/p>\n<p><a class=\"more-link btn\" href=\"https:\/\/www.rassegnastampa-totustuus.it\/cattolica\/il-ruolo-degli-apostati-nel-dibattito-sulle-sette\/\">Continua a leggere<\/a><\/p>\n","protected":false},"author":6,"featured_media":53464,"comment_status":"closed","ping_status":"closed","sticky":false,"template":"","format":"standard","meta":{"footnotes":""},"categories":[7],"tags":[164,908],"class_list":["post-64138","post","type-post","status-publish","format-standard","has-post-thumbnail","hentry","category-costume","tag-religioni","tag-sette","item-wrap"],"yoast_head":"<!-- This site is optimized with the Yoast SEO plugin v27.4 - https:\/\/yoast.com\/product\/yoast-seo-wordpress\/ -->\n<title>Il ruolo degli apostati nel dibattito sulle \u201csette\u201d - Rassegna Stampa Cattolica<\/title>\n<meta name=\"description\" content=\"Il ruolo degli apostati nel dibattito sulle \u201csette\u201d. Intervento al convegno su Stati e Confessioni religiose di Rosita \u0160oryt\u0117\" \/>\n<meta name=\"robots\" content=\"index, follow, max-snippet:-1, max-image-preview:large, max-video-preview:-1\" \/>\n<link rel=\"canonical\" href=\"https:\/\/www.rassegnastampa-totustuus.it\/cattolica\/il-ruolo-degli-apostati-nel-dibattito-sulle-sette\/\" \/>\n<meta property=\"og:locale\" content=\"it_IT\" \/>\n<meta property=\"og:type\" content=\"article\" \/>\n<meta property=\"og:title\" content=\"Il ruolo degli apostati nel dibattito sulle \u201csette\u201d - Rassegna Stampa Cattolica\" \/>\n<meta property=\"og:description\" content=\"Il ruolo degli apostati nel dibattito sulle \u201csette\u201d. Intervento al convegno su Stati e Confessioni religiose di Rosita \u0160oryt\u0117\" \/>\n<meta property=\"og:url\" content=\"https:\/\/www.rassegnastampa-totustuus.it\/cattolica\/il-ruolo-degli-apostati-nel-dibattito-sulle-sette\/\" \/>\n<meta property=\"og:site_name\" content=\"Rassegna Stampa Cattolica\" \/>\n<meta property=\"article:publisher\" content=\"https:\/\/www.facebook.com\/rassegnastampacattolica\" \/>\n<meta property=\"article:published_time\" content=\"2025-12-11T00:05:00+00:00\" \/>\n<meta property=\"og:image\" content=\"https:\/\/www.rassegnastampa-totustuus.it\/cattolica\/wp-content\/uploads\/2022\/02\/pentecostali_religione_sette.jpg\" \/>\n\t<meta property=\"og:image:width\" content=\"298\" \/>\n\t<meta property=\"og:image:height\" content=\"169\" \/>\n\t<meta property=\"og:image:type\" content=\"image\/jpeg\" \/>\n<meta name=\"author\" content=\"Redazione\" \/>\n<meta name=\"twitter:card\" content=\"summary_large_image\" \/>\n<meta name=\"twitter:creator\" content=\"@rassegnastampa9\" \/>\n<meta name=\"twitter:site\" content=\"@rassegnastampa9\" \/>\n<meta name=\"twitter:label1\" content=\"Scritto da\" \/>\n\t<meta name=\"twitter:data1\" content=\"Redazione\" \/>\n\t<meta name=\"twitter:label2\" content=\"Tempo di lettura stimato\" \/>\n\t<meta name=\"twitter:data2\" content=\"11 minuti\" \/>\n<script type=\"application\/ld+json\" class=\"yoast-schema-graph\">{\"@context\":\"https:\\\/\\\/schema.org\",\"@graph\":[{\"@type\":\"Article\",\"@id\":\"https:\\\/\\\/www.rassegnastampa-totustuus.it\\\/cattolica\\\/il-ruolo-degli-apostati-nel-dibattito-sulle-sette\\\/#article\",\"isPartOf\":{\"@id\":\"https:\\\/\\\/www.rassegnastampa-totustuus.it\\\/cattolica\\\/il-ruolo-degli-apostati-nel-dibattito-sulle-sette\\\/\"},\"author\":{\"name\":\"Redazione\",\"@id\":\"https:\\\/\\\/www.rassegnastampa-totustuus.it\\\/cattolica\\\/#\\\/schema\\\/person\\\/08f319d2bd1a0904ad9e2bfb7b15e5c3\"},\"headline\":\"Il ruolo degli apostati nel dibattito sulle \u201csette\u201d\",\"datePublished\":\"2025-12-11T00:05:00+00:00\",\"mainEntityOfPage\":{\"@id\":\"https:\\\/\\\/www.rassegnastampa-totustuus.it\\\/cattolica\\\/il-ruolo-degli-apostati-nel-dibattito-sulle-sette\\\/\"},\"wordCount\":1839,\"publisher\":{\"@id\":\"https:\\\/\\\/www.rassegnastampa-totustuus.it\\\/cattolica\\\/#organization\"},\"image\":{\"@id\":\"https:\\\/\\\/www.rassegnastampa-totustuus.it\\\/cattolica\\\/il-ruolo-degli-apostati-nel-dibattito-sulle-sette\\\/#primaryimage\"},\"thumbnailUrl\":\"https:\\\/\\\/www.rassegnastampa-totustuus.it\\\/cattolica\\\/wp-content\\\/uploads\\\/2022\\\/02\\\/pentecostali_religione_sette.jpg\",\"keywords\":[\"religioni\",\"sette\"],\"articleSection\":[\"Costume\"],\"inLanguage\":\"it-IT\"},{\"@type\":\"WebPage\",\"@id\":\"https:\\\/\\\/www.rassegnastampa-totustuus.it\\\/cattolica\\\/il-ruolo-degli-apostati-nel-dibattito-sulle-sette\\\/\",\"url\":\"https:\\\/\\\/www.rassegnastampa-totustuus.it\\\/cattolica\\\/il-ruolo-degli-apostati-nel-dibattito-sulle-sette\\\/\",\"name\":\"Il ruolo degli apostati nel dibattito sulle \u201csette\u201d - Rassegna Stampa Cattolica\",\"isPartOf\":{\"@id\":\"https:\\\/\\\/www.rassegnastampa-totustuus.it\\\/cattolica\\\/#website\"},\"primaryImageOfPage\":{\"@id\":\"https:\\\/\\\/www.rassegnastampa-totustuus.it\\\/cattolica\\\/il-ruolo-degli-apostati-nel-dibattito-sulle-sette\\\/#primaryimage\"},\"image\":{\"@id\":\"https:\\\/\\\/www.rassegnastampa-totustuus.it\\\/cattolica\\\/il-ruolo-degli-apostati-nel-dibattito-sulle-sette\\\/#primaryimage\"},\"thumbnailUrl\":\"https:\\\/\\\/www.rassegnastampa-totustuus.it\\\/cattolica\\\/wp-content\\\/uploads\\\/2022\\\/02\\\/pentecostali_religione_sette.jpg\",\"datePublished\":\"2025-12-11T00:05:00+00:00\",\"description\":\"Il ruolo degli apostati nel dibattito sulle \u201csette\u201d. Intervento al convegno su Stati e Confessioni religiose di Rosita \u0160oryt\u0117\",\"breadcrumb\":{\"@id\":\"https:\\\/\\\/www.rassegnastampa-totustuus.it\\\/cattolica\\\/il-ruolo-degli-apostati-nel-dibattito-sulle-sette\\\/#breadcrumb\"},\"inLanguage\":\"it-IT\",\"potentialAction\":[{\"@type\":\"ReadAction\",\"target\":[\"https:\\\/\\\/www.rassegnastampa-totustuus.it\\\/cattolica\\\/il-ruolo-degli-apostati-nel-dibattito-sulle-sette\\\/\"]}]},{\"@type\":\"ImageObject\",\"inLanguage\":\"it-IT\",\"@id\":\"https:\\\/\\\/www.rassegnastampa-totustuus.it\\\/cattolica\\\/il-ruolo-degli-apostati-nel-dibattito-sulle-sette\\\/#primaryimage\",\"url\":\"https:\\\/\\\/www.rassegnastampa-totustuus.it\\\/cattolica\\\/wp-content\\\/uploads\\\/2022\\\/02\\\/pentecostali_religione_sette.jpg\",\"contentUrl\":\"https:\\\/\\\/www.rassegnastampa-totustuus.it\\\/cattolica\\\/wp-content\\\/uploads\\\/2022\\\/02\\\/pentecostali_religione_sette.jpg\",\"width\":298,\"height\":169},{\"@type\":\"BreadcrumbList\",\"@id\":\"https:\\\/\\\/www.rassegnastampa-totustuus.it\\\/cattolica\\\/il-ruolo-degli-apostati-nel-dibattito-sulle-sette\\\/#breadcrumb\",\"itemListElement\":[{\"@type\":\"ListItem\",\"position\":1,\"name\":\"Home\",\"item\":\"https:\\\/\\\/www.rassegnastampa-totustuus.it\\\/cattolica\\\/\"},{\"@type\":\"ListItem\",\"position\":2,\"name\":\"Il ruolo degli apostati nel dibattito sulle \u201csette\u201d\"}]},{\"@type\":\"WebSite\",\"@id\":\"https:\\\/\\\/www.rassegnastampa-totustuus.it\\\/cattolica\\\/#website\",\"url\":\"https:\\\/\\\/www.rassegnastampa-totustuus.it\\\/cattolica\\\/\",\"name\":\"Rassegna Stampa Cattolica\",\"description\":\"Per una cultura che nasce dalla Rivelazione cristiana in conformit\u00e0 alla tradizione e al Magistero della Chiesa in opposizione ad ogni relativismo e totalitarismo\",\"publisher\":{\"@id\":\"https:\\\/\\\/www.rassegnastampa-totustuus.it\\\/cattolica\\\/#organization\"},\"alternateName\":\"Rass. Cattolica\",\"potentialAction\":[{\"@type\":\"SearchAction\",\"target\":{\"@type\":\"EntryPoint\",\"urlTemplate\":\"https:\\\/\\\/www.rassegnastampa-totustuus.it\\\/cattolica\\\/?s={search_term_string}\"},\"query-input\":{\"@type\":\"PropertyValueSpecification\",\"valueRequired\":true,\"valueName\":\"search_term_string\"}}],\"inLanguage\":\"it-IT\"},{\"@type\":\"Organization\",\"@id\":\"https:\\\/\\\/www.rassegnastampa-totustuus.it\\\/cattolica\\\/#organization\",\"name\":\"Rassegna Stampa Cattolica\",\"url\":\"https:\\\/\\\/www.rassegnastampa-totustuus.it\\\/cattolica\\\/\",\"logo\":{\"@type\":\"ImageObject\",\"inLanguage\":\"it-IT\",\"@id\":\"https:\\\/\\\/www.rassegnastampa-totustuus.it\\\/cattolica\\\/#\\\/schema\\\/logo\\\/image\\\/\",\"url\":\"https:\\\/\\\/www.rassegnastampa-totustuus.it\\\/cattolica\\\/wp-content\\\/uploads\\\/2014\\\/04\\\/logo-rassegna1.gif\",\"contentUrl\":\"https:\\\/\\\/www.rassegnastampa-totustuus.it\\\/cattolica\\\/wp-content\\\/uploads\\\/2014\\\/04\\\/logo-rassegna1.gif\",\"width\":600,\"height\":163,\"caption\":\"Rassegna Stampa Cattolica\"},\"image\":{\"@id\":\"https:\\\/\\\/www.rassegnastampa-totustuus.it\\\/cattolica\\\/#\\\/schema\\\/logo\\\/image\\\/\"},\"sameAs\":[\"https:\\\/\\\/www.facebook.com\\\/rassegnastampacattolica\",\"https:\\\/\\\/x.com\\\/rassegnastampa9\"]},{\"@type\":\"Person\",\"@id\":\"https:\\\/\\\/www.rassegnastampa-totustuus.it\\\/cattolica\\\/#\\\/schema\\\/person\\\/08f319d2bd1a0904ad9e2bfb7b15e5c3\",\"name\":\"Redazione\",\"image\":{\"@type\":\"ImageObject\",\"inLanguage\":\"it-IT\",\"@id\":\"https:\\\/\\\/secure.gravatar.com\\\/avatar\\\/2fcdf27c78ea025fbdb44e914cc63c72249ffec9dc8aafd5c82b26240ef3f346?s=96&d=mm&r=g\",\"url\":\"https:\\\/\\\/secure.gravatar.com\\\/avatar\\\/2fcdf27c78ea025fbdb44e914cc63c72249ffec9dc8aafd5c82b26240ef3f346?s=96&d=mm&r=g\",\"contentUrl\":\"https:\\\/\\\/secure.gravatar.com\\\/avatar\\\/2fcdf27c78ea025fbdb44e914cc63c72249ffec9dc8aafd5c82b26240ef3f346?s=96&d=mm&r=g\",\"caption\":\"Redazione\"},\"url\":\"https:\\\/\\\/www.rassegnastampa-totustuus.it\\\/cattolica\\\/author\\\/pietroelle\\\/\"}]}<\/script>\n<!-- \/ Yoast SEO plugin. -->","yoast_head_json":{"title":"Il ruolo degli apostati nel dibattito sulle \u201csette\u201d - Rassegna Stampa Cattolica","description":"Il ruolo degli apostati nel dibattito sulle \u201csette\u201d. Intervento al convegno su Stati e Confessioni religiose di Rosita \u0160oryt\u0117","robots":{"index":"index","follow":"follow","max-snippet":"max-snippet:-1","max-image-preview":"max-image-preview:large","max-video-preview":"max-video-preview:-1"},"canonical":"https:\/\/www.rassegnastampa-totustuus.it\/cattolica\/il-ruolo-degli-apostati-nel-dibattito-sulle-sette\/","og_locale":"it_IT","og_type":"article","og_title":"Il ruolo degli apostati nel dibattito sulle \u201csette\u201d - Rassegna Stampa Cattolica","og_description":"Il ruolo degli apostati nel dibattito sulle \u201csette\u201d. Intervento al convegno su Stati e Confessioni religiose di Rosita \u0160oryt\u0117","og_url":"https:\/\/www.rassegnastampa-totustuus.it\/cattolica\/il-ruolo-degli-apostati-nel-dibattito-sulle-sette\/","og_site_name":"Rassegna Stampa Cattolica","article_publisher":"https:\/\/www.facebook.com\/rassegnastampacattolica","article_published_time":"2025-12-11T00:05:00+00:00","og_image":[{"width":298,"height":169,"url":"https:\/\/www.rassegnastampa-totustuus.it\/cattolica\/wp-content\/uploads\/2022\/02\/pentecostali_religione_sette.jpg","type":"image\/jpeg"}],"author":"Redazione","twitter_card":"summary_large_image","twitter_creator":"@rassegnastampa9","twitter_site":"@rassegnastampa9","twitter_misc":{"Scritto da":"Redazione","Tempo di lettura stimato":"11 minuti"},"schema":{"@context":"https:\/\/schema.org","@graph":[{"@type":"Article","@id":"https:\/\/www.rassegnastampa-totustuus.it\/cattolica\/il-ruolo-degli-apostati-nel-dibattito-sulle-sette\/#article","isPartOf":{"@id":"https:\/\/www.rassegnastampa-totustuus.it\/cattolica\/il-ruolo-degli-apostati-nel-dibattito-sulle-sette\/"},"author":{"name":"Redazione","@id":"https:\/\/www.rassegnastampa-totustuus.it\/cattolica\/#\/schema\/person\/08f319d2bd1a0904ad9e2bfb7b15e5c3"},"headline":"Il ruolo degli apostati nel dibattito sulle \u201csette\u201d","datePublished":"2025-12-11T00:05:00+00:00","mainEntityOfPage":{"@id":"https:\/\/www.rassegnastampa-totustuus.it\/cattolica\/il-ruolo-degli-apostati-nel-dibattito-sulle-sette\/"},"wordCount":1839,"publisher":{"@id":"https:\/\/www.rassegnastampa-totustuus.it\/cattolica\/#organization"},"image":{"@id":"https:\/\/www.rassegnastampa-totustuus.it\/cattolica\/il-ruolo-degli-apostati-nel-dibattito-sulle-sette\/#primaryimage"},"thumbnailUrl":"https:\/\/www.rassegnastampa-totustuus.it\/cattolica\/wp-content\/uploads\/2022\/02\/pentecostali_religione_sette.jpg","keywords":["religioni","sette"],"articleSection":["Costume"],"inLanguage":"it-IT"},{"@type":"WebPage","@id":"https:\/\/www.rassegnastampa-totustuus.it\/cattolica\/il-ruolo-degli-apostati-nel-dibattito-sulle-sette\/","url":"https:\/\/www.rassegnastampa-totustuus.it\/cattolica\/il-ruolo-degli-apostati-nel-dibattito-sulle-sette\/","name":"Il ruolo degli apostati nel dibattito sulle \u201csette\u201d - Rassegna Stampa Cattolica","isPartOf":{"@id":"https:\/\/www.rassegnastampa-totustuus.it\/cattolica\/#website"},"primaryImageOfPage":{"@id":"https:\/\/www.rassegnastampa-totustuus.it\/cattolica\/il-ruolo-degli-apostati-nel-dibattito-sulle-sette\/#primaryimage"},"image":{"@id":"https:\/\/www.rassegnastampa-totustuus.it\/cattolica\/il-ruolo-degli-apostati-nel-dibattito-sulle-sette\/#primaryimage"},"thumbnailUrl":"https:\/\/www.rassegnastampa-totustuus.it\/cattolica\/wp-content\/uploads\/2022\/02\/pentecostali_religione_sette.jpg","datePublished":"2025-12-11T00:05:00+00:00","description":"Il ruolo degli apostati nel dibattito sulle \u201csette\u201d. Intervento al convegno su Stati e Confessioni religiose di Rosita \u0160oryt\u0117","breadcrumb":{"@id":"https:\/\/www.rassegnastampa-totustuus.it\/cattolica\/il-ruolo-degli-apostati-nel-dibattito-sulle-sette\/#breadcrumb"},"inLanguage":"it-IT","potentialAction":[{"@type":"ReadAction","target":["https:\/\/www.rassegnastampa-totustuus.it\/cattolica\/il-ruolo-degli-apostati-nel-dibattito-sulle-sette\/"]}]},{"@type":"ImageObject","inLanguage":"it-IT","@id":"https:\/\/www.rassegnastampa-totustuus.it\/cattolica\/il-ruolo-degli-apostati-nel-dibattito-sulle-sette\/#primaryimage","url":"https:\/\/www.rassegnastampa-totustuus.it\/cattolica\/wp-content\/uploads\/2022\/02\/pentecostali_religione_sette.jpg","contentUrl":"https:\/\/www.rassegnastampa-totustuus.it\/cattolica\/wp-content\/uploads\/2022\/02\/pentecostali_religione_sette.jpg","width":298,"height":169},{"@type":"BreadcrumbList","@id":"https:\/\/www.rassegnastampa-totustuus.it\/cattolica\/il-ruolo-degli-apostati-nel-dibattito-sulle-sette\/#breadcrumb","itemListElement":[{"@type":"ListItem","position":1,"name":"Home","item":"https:\/\/www.rassegnastampa-totustuus.it\/cattolica\/"},{"@type":"ListItem","position":2,"name":"Il ruolo degli apostati nel dibattito sulle \u201csette\u201d"}]},{"@type":"WebSite","@id":"https:\/\/www.rassegnastampa-totustuus.it\/cattolica\/#website","url":"https:\/\/www.rassegnastampa-totustuus.it\/cattolica\/","name":"Rassegna Stampa Cattolica","description":"Per una cultura che nasce dalla Rivelazione cristiana in conformit\u00e0 alla tradizione e al Magistero della Chiesa in opposizione ad ogni relativismo e totalitarismo","publisher":{"@id":"https:\/\/www.rassegnastampa-totustuus.it\/cattolica\/#organization"},"alternateName":"Rass. Cattolica","potentialAction":[{"@type":"SearchAction","target":{"@type":"EntryPoint","urlTemplate":"https:\/\/www.rassegnastampa-totustuus.it\/cattolica\/?s={search_term_string}"},"query-input":{"@type":"PropertyValueSpecification","valueRequired":true,"valueName":"search_term_string"}}],"inLanguage":"it-IT"},{"@type":"Organization","@id":"https:\/\/www.rassegnastampa-totustuus.it\/cattolica\/#organization","name":"Rassegna Stampa Cattolica","url":"https:\/\/www.rassegnastampa-totustuus.it\/cattolica\/","logo":{"@type":"ImageObject","inLanguage":"it-IT","@id":"https:\/\/www.rassegnastampa-totustuus.it\/cattolica\/#\/schema\/logo\/image\/","url":"https:\/\/www.rassegnastampa-totustuus.it\/cattolica\/wp-content\/uploads\/2014\/04\/logo-rassegna1.gif","contentUrl":"https:\/\/www.rassegnastampa-totustuus.it\/cattolica\/wp-content\/uploads\/2014\/04\/logo-rassegna1.gif","width":600,"height":163,"caption":"Rassegna Stampa Cattolica"},"image":{"@id":"https:\/\/www.rassegnastampa-totustuus.it\/cattolica\/#\/schema\/logo\/image\/"},"sameAs":["https:\/\/www.facebook.com\/rassegnastampacattolica","https:\/\/x.com\/rassegnastampa9"]},{"@type":"Person","@id":"https:\/\/www.rassegnastampa-totustuus.it\/cattolica\/#\/schema\/person\/08f319d2bd1a0904ad9e2bfb7b15e5c3","name":"Redazione","image":{"@type":"ImageObject","inLanguage":"it-IT","@id":"https:\/\/secure.gravatar.com\/avatar\/2fcdf27c78ea025fbdb44e914cc63c72249ffec9dc8aafd5c82b26240ef3f346?s=96&d=mm&r=g","url":"https:\/\/secure.gravatar.com\/avatar\/2fcdf27c78ea025fbdb44e914cc63c72249ffec9dc8aafd5c82b26240ef3f346?s=96&d=mm&r=g","contentUrl":"https:\/\/secure.gravatar.com\/avatar\/2fcdf27c78ea025fbdb44e914cc63c72249ffec9dc8aafd5c82b26240ef3f346?s=96&d=mm&r=g","caption":"Redazione"},"url":"https:\/\/www.rassegnastampa-totustuus.it\/cattolica\/author\/pietroelle\/"}]}},"_links":{"self":[{"href":"https:\/\/www.rassegnastampa-totustuus.it\/cattolica\/wp-json\/wp\/v2\/posts\/64138","targetHints":{"allow":["GET"]}}],"collection":[{"href":"https:\/\/www.rassegnastampa-totustuus.it\/cattolica\/wp-json\/wp\/v2\/posts"}],"about":[{"href":"https:\/\/www.rassegnastampa-totustuus.it\/cattolica\/wp-json\/wp\/v2\/types\/post"}],"author":[{"embeddable":true,"href":"https:\/\/www.rassegnastampa-totustuus.it\/cattolica\/wp-json\/wp\/v2\/users\/6"}],"replies":[{"embeddable":true,"href":"https:\/\/www.rassegnastampa-totustuus.it\/cattolica\/wp-json\/wp\/v2\/comments?post=64138"}],"version-history":[{"count":1,"href":"https:\/\/www.rassegnastampa-totustuus.it\/cattolica\/wp-json\/wp\/v2\/posts\/64138\/revisions"}],"predecessor-version":[{"id":64140,"href":"https:\/\/www.rassegnastampa-totustuus.it\/cattolica\/wp-json\/wp\/v2\/posts\/64138\/revisions\/64140"}],"wp:featuredmedia":[{"embeddable":true,"href":"https:\/\/www.rassegnastampa-totustuus.it\/cattolica\/wp-json\/wp\/v2\/media\/53464"}],"wp:attachment":[{"href":"https:\/\/www.rassegnastampa-totustuus.it\/cattolica\/wp-json\/wp\/v2\/media?parent=64138"}],"wp:term":[{"taxonomy":"category","embeddable":true,"href":"https:\/\/www.rassegnastampa-totustuus.it\/cattolica\/wp-json\/wp\/v2\/categories?post=64138"},{"taxonomy":"post_tag","embeddable":true,"href":"https:\/\/www.rassegnastampa-totustuus.it\/cattolica\/wp-json\/wp\/v2\/tags?post=64138"}],"curies":[{"name":"wp","href":"https:\/\/api.w.org\/{rel}","templated":true}]}}