{"id":64136,"date":"2025-12-11T01:05:00","date_gmt":"2025-12-11T00:05:00","guid":{"rendered":"https:\/\/www.rassegnastampa-totustuus.it\/cattolica\/?p=64136"},"modified":"2025-12-10T16:44:38","modified_gmt":"2025-12-10T15:44:38","slug":"gli-episcopati-europei-sul-riconoscimento-dei-matrimoni-omosessuali","status":"publish","type":"post","link":"https:\/\/www.rassegnastampa-totustuus.it\/cattolica\/gli-episcopati-europei-sul-riconoscimento-dei-matrimoni-omosessuali\/","title":{"rendered":"Gli episcopati europei sul riconoscimento dei matrimoni omosessuali"},"content":{"rendered":"\n<p class=\"has-text-align-center\"><strong><a href=\"https:\/\/www.comece.eu\/\" target=\"_blank\" rel=\"noreferrer noopener\">COMECE<\/a> The catholic Church in the European Union &#8211; <\/strong>9 Dicembre 2025<\/p>\n\n\n\n<h3 class=\"wp-block-heading has-text-align-center\">DICHIARAZIONE<\/h3>\n\n\n\n<h4 class=\"wp-block-heading\"><strong>Dichiarazione della Presidenza della COMECE sulla recente sentenza della Corte di giustizia europea relativa al riconoscimento dei matrimoni tra persone dello stesso sesso tra gli Stati membri<\/strong><\/h4>\n\n\n<div class=\"wp-block-image\">\n<figure class=\"aligncenter size-full is-resized\"><a href=\"https:\/\/www.rassegnastampa-totustuus.it\/cattolica\/wp-content\/uploads\/2015\/07\/unioni_civili.jpg\"><img loading=\"lazy\" decoding=\"async\" width=\"240\" height=\"166\" src=\"https:\/\/www.rassegnastampa-totustuus.it\/cattolica\/wp-content\/uploads\/2015\/07\/unioni_civili.jpg\" alt=\"\" class=\"wp-image-26526\" style=\"width:382px;height:auto\"\/><\/a><\/figure><\/div>\n\n\n<!--more-->\n\n\n\n<p>Il Presidium della Commissione degli Episcopati dell&#8217;Unione Europea (COMECE), riunitosi il 3 dicembre 2025, ha analizzato e discusso la recente sentenza emessa dalla Corte di Giustizia dell&#8217;Unione Europea nella causa <em>Wojewoda Mazowiecki, <\/em>C-713\/23.<\/p>\n\n\n\n<p>Le considerazioni che esprimiamo nella presente dichiarazione sono radicate nella visione antropologica della Chiesa, basata sulla legge naturale, del matrimonio come unione tra un uomo e una donna.<\/p>\n\n\n\n<p>Pur nel pieno rispetto del ruolo della magistratura dell&#8217;UE, ci sentiamo in dovere di commentare alcuni aspetti della sentenza, rilevando con preoccupazione il suo impatto su questioni che sono al centro delle competenze nazionali. Da diversi anni la Commissione Affari Legali della COMECE riflette sulla questione del diritto di famiglia con implicazioni transfrontaliere, sottolineando costantemente l&#8217;importanza di un approccio prudente e cauto e di evitare influenze indebite sui sistemi giuridici nazionali.<\/p>\n\n\n<div class=\"wp-block-image\">\n<figure class=\"aligncenter size-large is-resized\"><a href=\"https:\/\/www.rassegnastampa-totustuus.it\/cattolica\/wp-content\/uploads\/2021\/06\/giustizia_diritto.jpg\"><img loading=\"lazy\" decoding=\"async\" width=\"1024\" height=\"500\" src=\"https:\/\/www.rassegnastampa-totustuus.it\/cattolica\/wp-content\/uploads\/2021\/06\/giustizia_diritto-1024x500.jpg\" alt=\"\" class=\"wp-image-51306\" style=\"width:384px;height:auto\" srcset=\"https:\/\/www.rassegnastampa-totustuus.it\/cattolica\/wp-content\/uploads\/2021\/06\/giustizia_diritto-1024x500.jpg 1024w, https:\/\/www.rassegnastampa-totustuus.it\/cattolica\/wp-content\/uploads\/2021\/06\/giustizia_diritto-300x146.jpg 300w, https:\/\/www.rassegnastampa-totustuus.it\/cattolica\/wp-content\/uploads\/2021\/06\/giustizia_diritto-768x375.jpg 768w, https:\/\/www.rassegnastampa-totustuus.it\/cattolica\/wp-content\/uploads\/2021\/06\/giustizia_diritto.jpg 1920w\" sizes=\"auto, (max-width: 1024px) 100vw, 1024px\" \/><\/a><\/figure><\/div>\n\n\n<p class=\"has-text-align-left\">La sentenza dichiara che uno Stato membro ha l&#8217;obbligo di riconoscere un matrimonio tra due cittadini dell&#8217;Unione dello stesso sesso che \u00e8 stato legalmente contratto in un altro Stato membro, dove essi hanno esercitato la loro libert\u00e0 di circolazione e di soggiorno. La Corte dell&#8217;UE aveva gi\u00e0 compiuto progressi in questo settore, in particolare con la sentenza <em>Coman<\/em>, C-673\/16. Tuttavia, la sentenza emessa il 25 novembre 2025 sembra spingere la giurisprudenza oltre i limiti delle competenze dell&#8217;UE.<\/p>\n\n\n\n<p>L&#8217;articolo 9 della Carta dei diritti fondamentali dell&#8217;Unione europea (\u201cDiritto di sposarsi e di costituire una famiglia\u201d) stabilisce che <em>\u201cIl diritto di sposarsi e il diritto di<\/em> <em>costituire una famiglia sono garantiti secondo le leggi nazionali che ne disciplinano l\u2019esercizio\u201d<\/em>.<\/p>\n\n\n\n<p>Il matrimonio \u00e8 definito come l&#8217;unione tra un uomo e una donna negli ordinamenti giuridici di vari Stati membri dell&#8217;UE, in alcuni casi anche mediante disposizioni costituzionali.<\/p>\n\n\n\n<p>La Corte dell&#8217;UE riconosce infatti che l&#8217;obbligo affermato nella sua sentenza <em>\u201c[\u2026] non pregiudica l\u2019istituto del matrimonio nello Stato membro d\u2019origine, che \u00e8 definito dal diritto nazionale\u00bb e afferma che \u201callo stato attuale del diritto dell\u2019Unione, le norme relative al matrimonio rientrano nella competenza degli Stati membri e il diritto dell\u2019Unione non pu\u00f2 pregiudicare tale competenza. Tali Stati membri sono quindi liberi di prevedere o meno, nel loro diritto nazionale, il matrimonio per persone dello stesso sesso\u201d. Tuttavia, la Corte dell&#8217;UE restringe rigorosamente il significato di tale affermazione sottolineando che, nell&#8217;esercizio di tale competenza, ogni Stato membro deve rispettare il diritto dell&#8217;UE, in particolare le disposizioni dei trattati sulla libert\u00e0 dei cittadini dell&#8217;UE di circolare e soggiornare nel territorio degli Stati membri.<\/em><\/p>\n\n\n<div class=\"wp-block-image\">\n<figure class=\"aligncenter size-full is-resized\"><a href=\"https:\/\/www.rassegnastampa-totustuus.it\/cattolica\/wp-content\/uploads\/2016\/01\/unioni_civili.jpg\"><img loading=\"lazy\" decoding=\"async\" width=\"200\" height=\"113\" src=\"https:\/\/www.rassegnastampa-totustuus.it\/cattolica\/wp-content\/uploads\/2016\/01\/unioni_civili.jpg\" alt=\"\" class=\"wp-image-29917\" style=\"width:376px;height:auto\"\/><\/a><\/figure><\/div>\n\n\n<p><em>Notiamo con preoccupazione la tendenza ad applicare disposizioni che dovrebbero proteggere componenti sensibili dei sistemi giuridici nazionali in modo da impoverirne il significato. \u00c8 il caso, con questa sentenza, dell&#8217;articolo 9 della Carta dell&#8217;UE. Nel recente passato, la stessa preoccupante tendenza \u00e8 emersa con altre disposizioni chiave dell&#8217;UE, quali l&#8217;articolo 17, paragrafo 1, TFUE, relativo alla tutela dello status delle Chiese e delle associazioni o comunit\u00e0 religiose ai sensi del diritto degli Stati membri.<\/em><\/p>\n\n\n\n<p><em>Tenendo presente l&#8217;importanza di riconoscere la ricchezza e la diversit\u00e0 del panorama giuridico e delle tradizioni dell&#8217;UE, rileviamo anche il ruolo deludentemente limitato attribuito dalla Corte al rispetto delle \u00abidentit\u00e0 nazionali\u00bb degli Stati membri (articolo 4, paragrafo 2, TUE) e alla loro ordine pubblico. Per alcuni Stati membri, la definizione di matrimonio fa parte della loro identit\u00e0 nazionale.<\/em><\/p>\n\n\n\n<p><em>La sentenza della Corte dell&#8217;UE avr\u00e0 un impatto sui sistemi giuridici nazionali in materia di diritto di famiglia e potrebbe esercitare pressioni affinch\u00e9 questi vengano modificati. Essa richiede inoltre l&#8217;introduzione di procedure di riconoscimento e chiede persino la disapplicazione, se necessario, delle disposizioni nazionali in questione. La sentenza crea di fatto una convergenza degli effetti del diritto matrimoniale, anche se l&#8217;Unione non ha il mandato di armonizzare il diritto di famiglia. Vi \u00e8 anche un impatto sulla certezza del diritto, poich\u00e9 sempre pi\u00f9 Stati membri non saranno in grado di prevedere in modo chiaro quali parti del loro diritto di famiglia rimarranno di loro competenza.<\/em><\/p>\n\n\n<div class=\"wp-block-image\">\n<figure class=\"aligncenter size-full is-resized\"><a href=\"https:\/\/www.rassegnastampa-totustuus.it\/cattolica\/wp-content\/uploads\/2017\/12\/utero_affitto-1.jpg\"><img loading=\"lazy\" decoding=\"async\" width=\"307\" height=\"164\" src=\"https:\/\/www.rassegnastampa-totustuus.it\/cattolica\/wp-content\/uploads\/2017\/12\/utero_affitto-1.jpg\" alt=\"\" class=\"wp-image-39086\" style=\"width:403px;height:auto\" srcset=\"https:\/\/www.rassegnastampa-totustuus.it\/cattolica\/wp-content\/uploads\/2017\/12\/utero_affitto-1.jpg 307w, https:\/\/www.rassegnastampa-totustuus.it\/cattolica\/wp-content\/uploads\/2017\/12\/utero_affitto-1-300x160.jpg 300w\" sizes=\"auto, (max-width: 307px) 100vw, 307px\" \/><\/a><\/figure><\/div>\n\n\n<p><em>Inoltre, la COMECE teme che la sentenza possa portare a sviluppi negativi in altri settori sensibili del diritto di famiglia transfrontaliero, ad esempio aprendo la strada a futuri approcci giuridici simili in materia di maternit\u00e0 surrogata.<\/em><\/p>\n\n\n\n<p><em>Infine, ricordando il contesto difficile che l&#8217;Unione europea sta attualmente affrontando, anche in riferimento alla sua percezione in vari paesi, non sorprende che questo tipo di sentenze dia adito a sentimenti antieuropei negli Stati membri e possa essere facilmente strumentalizzato in tal senso.<\/em><\/p>\n","protected":false},"excerpt":{"rendered":"<p>COMECE The catholic Church in the European Union &#8211; 9 Dicembre 2025 DICHIARAZIONE Dichiarazione della Presidenza della COMECE sulla recente sentenza della Corte di giustizia europea relativa al riconoscimento dei matrimoni tra persone dello stesso sesso tra gli Stati membri<\/p><p><a class=\"more-link btn\" href=\"https:\/\/www.rassegnastampa-totustuus.it\/cattolica\/gli-episcopati-europei-sul-riconoscimento-dei-matrimoni-omosessuali\/\">Continua a leggere<\/a><\/p>\n","protected":false},"author":6,"featured_media":26526,"comment_status":"closed","ping_status":"closed","sticky":false,"template":"","format":"standard","meta":{"footnotes":""},"categories":[15,48],"tags":[197,196],"class_list":["post-64136","post","type-post","status-publish","format-standard","has-post-thumbnail","hentry","category-famiglia","category-omosessualit","tag-matrimoni-gay","tag-unioni-civili","item-wrap"],"yoast_head":"<!-- This site is optimized with the Yoast SEO plugin v27.5 - https:\/\/yoast.com\/product\/yoast-seo-wordpress\/ -->\n<title>Gli episcopati europei sul riconoscimento dei matrimoni omosessuali - Rassegna Stampa Cattolica<\/title>\n<meta name=\"description\" content=\"Gli episcopati europei sul riconoscimento dei matrimoni omosessuali: una ingerenza nelle legislazioni nazionali\" \/>\n<meta name=\"robots\" content=\"index, follow, max-snippet:-1, max-image-preview:large, max-video-preview:-1\" \/>\n<link rel=\"canonical\" href=\"https:\/\/www.rassegnastampa-totustuus.it\/cattolica\/gli-episcopati-europei-sul-riconoscimento-dei-matrimoni-omosessuali\/\" \/>\n<meta property=\"og:locale\" content=\"it_IT\" \/>\n<meta property=\"og:type\" content=\"article\" \/>\n<meta property=\"og:title\" content=\"Gli episcopati europei sul riconoscimento dei matrimoni omosessuali - Rassegna Stampa Cattolica\" \/>\n<meta property=\"og:description\" content=\"Gli episcopati europei sul riconoscimento dei matrimoni omosessuali: una ingerenza nelle legislazioni nazionali\" \/>\n<meta property=\"og:url\" content=\"https:\/\/www.rassegnastampa-totustuus.it\/cattolica\/gli-episcopati-europei-sul-riconoscimento-dei-matrimoni-omosessuali\/\" \/>\n<meta property=\"og:site_name\" content=\"Rassegna Stampa Cattolica\" \/>\n<meta property=\"article:publisher\" content=\"https:\/\/www.facebook.com\/rassegnastampacattolica\" \/>\n<meta property=\"article:published_time\" content=\"2025-12-11T00:05:00+00:00\" \/>\n<meta property=\"og:image\" content=\"https:\/\/www.rassegnastampa-totustuus.it\/cattolica\/wp-content\/uploads\/2015\/07\/unioni_civili.jpg\" \/>\n\t<meta property=\"og:image:width\" content=\"240\" \/>\n\t<meta property=\"og:image:height\" content=\"166\" \/>\n\t<meta property=\"og:image:type\" content=\"image\/jpeg\" \/>\n<meta name=\"author\" content=\"Redazione\" \/>\n<meta name=\"twitter:card\" content=\"summary_large_image\" \/>\n<meta name=\"twitter:creator\" content=\"@rassegnastampa9\" \/>\n<meta name=\"twitter:site\" content=\"@rassegnastampa9\" \/>\n<meta name=\"twitter:label1\" content=\"Scritto da\" \/>\n\t<meta name=\"twitter:data1\" content=\"Redazione\" \/>\n\t<meta name=\"twitter:label2\" content=\"Tempo di lettura stimato\" \/>\n\t<meta name=\"twitter:data2\" content=\"5 minuti\" \/>\n<script type=\"application\/ld+json\" class=\"yoast-schema-graph\">{\"@context\":\"https:\\\/\\\/schema.org\",\"@graph\":[{\"@type\":\"Article\",\"@id\":\"https:\\\/\\\/www.rassegnastampa-totustuus.it\\\/cattolica\\\/gli-episcopati-europei-sul-riconoscimento-dei-matrimoni-omosessuali\\\/#article\",\"isPartOf\":{\"@id\":\"https:\\\/\\\/www.rassegnastampa-totustuus.it\\\/cattolica\\\/gli-episcopati-europei-sul-riconoscimento-dei-matrimoni-omosessuali\\\/\"},\"author\":{\"name\":\"Redazione\",\"@id\":\"https:\\\/\\\/www.rassegnastampa-totustuus.it\\\/cattolica\\\/#\\\/schema\\\/person\\\/08f319d2bd1a0904ad9e2bfb7b15e5c3\"},\"headline\":\"Gli episcopati europei sul riconoscimento dei matrimoni omosessuali\",\"datePublished\":\"2025-12-11T00:05:00+00:00\",\"mainEntityOfPage\":{\"@id\":\"https:\\\/\\\/www.rassegnastampa-totustuus.it\\\/cattolica\\\/gli-episcopati-europei-sul-riconoscimento-dei-matrimoni-omosessuali\\\/\"},\"wordCount\":776,\"publisher\":{\"@id\":\"https:\\\/\\\/www.rassegnastampa-totustuus.it\\\/cattolica\\\/#organization\"},\"image\":{\"@id\":\"https:\\\/\\\/www.rassegnastampa-totustuus.it\\\/cattolica\\\/gli-episcopati-europei-sul-riconoscimento-dei-matrimoni-omosessuali\\\/#primaryimage\"},\"thumbnailUrl\":\"https:\\\/\\\/www.rassegnastampa-totustuus.it\\\/cattolica\\\/wp-content\\\/uploads\\\/2015\\\/07\\\/unioni_civili.jpg\",\"keywords\":[\"matrimoni gay\",\"unioni civili\"],\"articleSection\":[\"Famiglia\",\"Omosessualit&agrave;\"],\"inLanguage\":\"it-IT\"},{\"@type\":\"WebPage\",\"@id\":\"https:\\\/\\\/www.rassegnastampa-totustuus.it\\\/cattolica\\\/gli-episcopati-europei-sul-riconoscimento-dei-matrimoni-omosessuali\\\/\",\"url\":\"https:\\\/\\\/www.rassegnastampa-totustuus.it\\\/cattolica\\\/gli-episcopati-europei-sul-riconoscimento-dei-matrimoni-omosessuali\\\/\",\"name\":\"Gli episcopati europei sul riconoscimento dei matrimoni omosessuali - Rassegna Stampa Cattolica\",\"isPartOf\":{\"@id\":\"https:\\\/\\\/www.rassegnastampa-totustuus.it\\\/cattolica\\\/#website\"},\"primaryImageOfPage\":{\"@id\":\"https:\\\/\\\/www.rassegnastampa-totustuus.it\\\/cattolica\\\/gli-episcopati-europei-sul-riconoscimento-dei-matrimoni-omosessuali\\\/#primaryimage\"},\"image\":{\"@id\":\"https:\\\/\\\/www.rassegnastampa-totustuus.it\\\/cattolica\\\/gli-episcopati-europei-sul-riconoscimento-dei-matrimoni-omosessuali\\\/#primaryimage\"},\"thumbnailUrl\":\"https:\\\/\\\/www.rassegnastampa-totustuus.it\\\/cattolica\\\/wp-content\\\/uploads\\\/2015\\\/07\\\/unioni_civili.jpg\",\"datePublished\":\"2025-12-11T00:05:00+00:00\",\"description\":\"Gli episcopati europei sul riconoscimento dei matrimoni omosessuali: una ingerenza nelle legislazioni nazionali\",\"breadcrumb\":{\"@id\":\"https:\\\/\\\/www.rassegnastampa-totustuus.it\\\/cattolica\\\/gli-episcopati-europei-sul-riconoscimento-dei-matrimoni-omosessuali\\\/#breadcrumb\"},\"inLanguage\":\"it-IT\",\"potentialAction\":[{\"@type\":\"ReadAction\",\"target\":[\"https:\\\/\\\/www.rassegnastampa-totustuus.it\\\/cattolica\\\/gli-episcopati-europei-sul-riconoscimento-dei-matrimoni-omosessuali\\\/\"]}]},{\"@type\":\"ImageObject\",\"inLanguage\":\"it-IT\",\"@id\":\"https:\\\/\\\/www.rassegnastampa-totustuus.it\\\/cattolica\\\/gli-episcopati-europei-sul-riconoscimento-dei-matrimoni-omosessuali\\\/#primaryimage\",\"url\":\"https:\\\/\\\/www.rassegnastampa-totustuus.it\\\/cattolica\\\/wp-content\\\/uploads\\\/2015\\\/07\\\/unioni_civili.jpg\",\"contentUrl\":\"https:\\\/\\\/www.rassegnastampa-totustuus.it\\\/cattolica\\\/wp-content\\\/uploads\\\/2015\\\/07\\\/unioni_civili.jpg\",\"width\":240,\"height\":166},{\"@type\":\"BreadcrumbList\",\"@id\":\"https:\\\/\\\/www.rassegnastampa-totustuus.it\\\/cattolica\\\/gli-episcopati-europei-sul-riconoscimento-dei-matrimoni-omosessuali\\\/#breadcrumb\",\"itemListElement\":[{\"@type\":\"ListItem\",\"position\":1,\"name\":\"Home\",\"item\":\"https:\\\/\\\/www.rassegnastampa-totustuus.it\\\/cattolica\\\/\"},{\"@type\":\"ListItem\",\"position\":2,\"name\":\"Gli episcopati europei sul riconoscimento dei matrimoni omosessuali\"}]},{\"@type\":\"WebSite\",\"@id\":\"https:\\\/\\\/www.rassegnastampa-totustuus.it\\\/cattolica\\\/#website\",\"url\":\"https:\\\/\\\/www.rassegnastampa-totustuus.it\\\/cattolica\\\/\",\"name\":\"Rassegna Stampa Cattolica\",\"description\":\"Per una cultura che nasce dalla Rivelazione cristiana in conformit\u00e0 alla tradizione e al Magistero della Chiesa in opposizione ad ogni relativismo e totalitarismo\",\"publisher\":{\"@id\":\"https:\\\/\\\/www.rassegnastampa-totustuus.it\\\/cattolica\\\/#organization\"},\"alternateName\":\"Rass. Cattolica\",\"potentialAction\":[{\"@type\":\"SearchAction\",\"target\":{\"@type\":\"EntryPoint\",\"urlTemplate\":\"https:\\\/\\\/www.rassegnastampa-totustuus.it\\\/cattolica\\\/?s={search_term_string}\"},\"query-input\":{\"@type\":\"PropertyValueSpecification\",\"valueRequired\":true,\"valueName\":\"search_term_string\"}}],\"inLanguage\":\"it-IT\"},{\"@type\":\"Organization\",\"@id\":\"https:\\\/\\\/www.rassegnastampa-totustuus.it\\\/cattolica\\\/#organization\",\"name\":\"Rassegna Stampa Cattolica\",\"url\":\"https:\\\/\\\/www.rassegnastampa-totustuus.it\\\/cattolica\\\/\",\"logo\":{\"@type\":\"ImageObject\",\"inLanguage\":\"it-IT\",\"@id\":\"https:\\\/\\\/www.rassegnastampa-totustuus.it\\\/cattolica\\\/#\\\/schema\\\/logo\\\/image\\\/\",\"url\":\"https:\\\/\\\/www.rassegnastampa-totustuus.it\\\/cattolica\\\/wp-content\\\/uploads\\\/2014\\\/04\\\/logo-rassegna1.gif\",\"contentUrl\":\"https:\\\/\\\/www.rassegnastampa-totustuus.it\\\/cattolica\\\/wp-content\\\/uploads\\\/2014\\\/04\\\/logo-rassegna1.gif\",\"width\":600,\"height\":163,\"caption\":\"Rassegna Stampa Cattolica\"},\"image\":{\"@id\":\"https:\\\/\\\/www.rassegnastampa-totustuus.it\\\/cattolica\\\/#\\\/schema\\\/logo\\\/image\\\/\"},\"sameAs\":[\"https:\\\/\\\/www.facebook.com\\\/rassegnastampacattolica\",\"https:\\\/\\\/x.com\\\/rassegnastampa9\"]},{\"@type\":\"Person\",\"@id\":\"https:\\\/\\\/www.rassegnastampa-totustuus.it\\\/cattolica\\\/#\\\/schema\\\/person\\\/08f319d2bd1a0904ad9e2bfb7b15e5c3\",\"name\":\"Redazione\",\"image\":{\"@type\":\"ImageObject\",\"inLanguage\":\"it-IT\",\"@id\":\"https:\\\/\\\/secure.gravatar.com\\\/avatar\\\/2fcdf27c78ea025fbdb44e914cc63c72249ffec9dc8aafd5c82b26240ef3f346?s=96&d=mm&r=g\",\"url\":\"https:\\\/\\\/secure.gravatar.com\\\/avatar\\\/2fcdf27c78ea025fbdb44e914cc63c72249ffec9dc8aafd5c82b26240ef3f346?s=96&d=mm&r=g\",\"contentUrl\":\"https:\\\/\\\/secure.gravatar.com\\\/avatar\\\/2fcdf27c78ea025fbdb44e914cc63c72249ffec9dc8aafd5c82b26240ef3f346?s=96&d=mm&r=g\",\"caption\":\"Redazione\"},\"url\":\"https:\\\/\\\/www.rassegnastampa-totustuus.it\\\/cattolica\\\/author\\\/pietroelle\\\/\"}]}<\/script>\n<!-- \/ Yoast SEO plugin. -->","yoast_head_json":{"title":"Gli episcopati europei sul riconoscimento dei matrimoni omosessuali - Rassegna Stampa Cattolica","description":"Gli episcopati europei sul riconoscimento dei matrimoni omosessuali: una ingerenza nelle legislazioni nazionali","robots":{"index":"index","follow":"follow","max-snippet":"max-snippet:-1","max-image-preview":"max-image-preview:large","max-video-preview":"max-video-preview:-1"},"canonical":"https:\/\/www.rassegnastampa-totustuus.it\/cattolica\/gli-episcopati-europei-sul-riconoscimento-dei-matrimoni-omosessuali\/","og_locale":"it_IT","og_type":"article","og_title":"Gli episcopati europei sul riconoscimento dei matrimoni omosessuali - Rassegna Stampa Cattolica","og_description":"Gli episcopati europei sul riconoscimento dei matrimoni omosessuali: una ingerenza nelle legislazioni nazionali","og_url":"https:\/\/www.rassegnastampa-totustuus.it\/cattolica\/gli-episcopati-europei-sul-riconoscimento-dei-matrimoni-omosessuali\/","og_site_name":"Rassegna Stampa Cattolica","article_publisher":"https:\/\/www.facebook.com\/rassegnastampacattolica","article_published_time":"2025-12-11T00:05:00+00:00","og_image":[{"width":240,"height":166,"url":"https:\/\/www.rassegnastampa-totustuus.it\/cattolica\/wp-content\/uploads\/2015\/07\/unioni_civili.jpg","type":"image\/jpeg"}],"author":"Redazione","twitter_card":"summary_large_image","twitter_creator":"@rassegnastampa9","twitter_site":"@rassegnastampa9","twitter_misc":{"Scritto da":"Redazione","Tempo di lettura stimato":"5 minuti"},"schema":{"@context":"https:\/\/schema.org","@graph":[{"@type":"Article","@id":"https:\/\/www.rassegnastampa-totustuus.it\/cattolica\/gli-episcopati-europei-sul-riconoscimento-dei-matrimoni-omosessuali\/#article","isPartOf":{"@id":"https:\/\/www.rassegnastampa-totustuus.it\/cattolica\/gli-episcopati-europei-sul-riconoscimento-dei-matrimoni-omosessuali\/"},"author":{"name":"Redazione","@id":"https:\/\/www.rassegnastampa-totustuus.it\/cattolica\/#\/schema\/person\/08f319d2bd1a0904ad9e2bfb7b15e5c3"},"headline":"Gli episcopati europei sul riconoscimento dei matrimoni omosessuali","datePublished":"2025-12-11T00:05:00+00:00","mainEntityOfPage":{"@id":"https:\/\/www.rassegnastampa-totustuus.it\/cattolica\/gli-episcopati-europei-sul-riconoscimento-dei-matrimoni-omosessuali\/"},"wordCount":776,"publisher":{"@id":"https:\/\/www.rassegnastampa-totustuus.it\/cattolica\/#organization"},"image":{"@id":"https:\/\/www.rassegnastampa-totustuus.it\/cattolica\/gli-episcopati-europei-sul-riconoscimento-dei-matrimoni-omosessuali\/#primaryimage"},"thumbnailUrl":"https:\/\/www.rassegnastampa-totustuus.it\/cattolica\/wp-content\/uploads\/2015\/07\/unioni_civili.jpg","keywords":["matrimoni gay","unioni civili"],"articleSection":["Famiglia","Omosessualit&agrave;"],"inLanguage":"it-IT"},{"@type":"WebPage","@id":"https:\/\/www.rassegnastampa-totustuus.it\/cattolica\/gli-episcopati-europei-sul-riconoscimento-dei-matrimoni-omosessuali\/","url":"https:\/\/www.rassegnastampa-totustuus.it\/cattolica\/gli-episcopati-europei-sul-riconoscimento-dei-matrimoni-omosessuali\/","name":"Gli episcopati europei sul riconoscimento dei matrimoni omosessuali - Rassegna Stampa Cattolica","isPartOf":{"@id":"https:\/\/www.rassegnastampa-totustuus.it\/cattolica\/#website"},"primaryImageOfPage":{"@id":"https:\/\/www.rassegnastampa-totustuus.it\/cattolica\/gli-episcopati-europei-sul-riconoscimento-dei-matrimoni-omosessuali\/#primaryimage"},"image":{"@id":"https:\/\/www.rassegnastampa-totustuus.it\/cattolica\/gli-episcopati-europei-sul-riconoscimento-dei-matrimoni-omosessuali\/#primaryimage"},"thumbnailUrl":"https:\/\/www.rassegnastampa-totustuus.it\/cattolica\/wp-content\/uploads\/2015\/07\/unioni_civili.jpg","datePublished":"2025-12-11T00:05:00+00:00","description":"Gli episcopati europei sul riconoscimento dei matrimoni omosessuali: una ingerenza nelle legislazioni nazionali","breadcrumb":{"@id":"https:\/\/www.rassegnastampa-totustuus.it\/cattolica\/gli-episcopati-europei-sul-riconoscimento-dei-matrimoni-omosessuali\/#breadcrumb"},"inLanguage":"it-IT","potentialAction":[{"@type":"ReadAction","target":["https:\/\/www.rassegnastampa-totustuus.it\/cattolica\/gli-episcopati-europei-sul-riconoscimento-dei-matrimoni-omosessuali\/"]}]},{"@type":"ImageObject","inLanguage":"it-IT","@id":"https:\/\/www.rassegnastampa-totustuus.it\/cattolica\/gli-episcopati-europei-sul-riconoscimento-dei-matrimoni-omosessuali\/#primaryimage","url":"https:\/\/www.rassegnastampa-totustuus.it\/cattolica\/wp-content\/uploads\/2015\/07\/unioni_civili.jpg","contentUrl":"https:\/\/www.rassegnastampa-totustuus.it\/cattolica\/wp-content\/uploads\/2015\/07\/unioni_civili.jpg","width":240,"height":166},{"@type":"BreadcrumbList","@id":"https:\/\/www.rassegnastampa-totustuus.it\/cattolica\/gli-episcopati-europei-sul-riconoscimento-dei-matrimoni-omosessuali\/#breadcrumb","itemListElement":[{"@type":"ListItem","position":1,"name":"Home","item":"https:\/\/www.rassegnastampa-totustuus.it\/cattolica\/"},{"@type":"ListItem","position":2,"name":"Gli episcopati europei sul riconoscimento dei matrimoni omosessuali"}]},{"@type":"WebSite","@id":"https:\/\/www.rassegnastampa-totustuus.it\/cattolica\/#website","url":"https:\/\/www.rassegnastampa-totustuus.it\/cattolica\/","name":"Rassegna Stampa Cattolica","description":"Per una cultura che nasce dalla Rivelazione cristiana in conformit\u00e0 alla tradizione e al Magistero della Chiesa in opposizione ad ogni relativismo e totalitarismo","publisher":{"@id":"https:\/\/www.rassegnastampa-totustuus.it\/cattolica\/#organization"},"alternateName":"Rass. Cattolica","potentialAction":[{"@type":"SearchAction","target":{"@type":"EntryPoint","urlTemplate":"https:\/\/www.rassegnastampa-totustuus.it\/cattolica\/?s={search_term_string}"},"query-input":{"@type":"PropertyValueSpecification","valueRequired":true,"valueName":"search_term_string"}}],"inLanguage":"it-IT"},{"@type":"Organization","@id":"https:\/\/www.rassegnastampa-totustuus.it\/cattolica\/#organization","name":"Rassegna Stampa Cattolica","url":"https:\/\/www.rassegnastampa-totustuus.it\/cattolica\/","logo":{"@type":"ImageObject","inLanguage":"it-IT","@id":"https:\/\/www.rassegnastampa-totustuus.it\/cattolica\/#\/schema\/logo\/image\/","url":"https:\/\/www.rassegnastampa-totustuus.it\/cattolica\/wp-content\/uploads\/2014\/04\/logo-rassegna1.gif","contentUrl":"https:\/\/www.rassegnastampa-totustuus.it\/cattolica\/wp-content\/uploads\/2014\/04\/logo-rassegna1.gif","width":600,"height":163,"caption":"Rassegna Stampa Cattolica"},"image":{"@id":"https:\/\/www.rassegnastampa-totustuus.it\/cattolica\/#\/schema\/logo\/image\/"},"sameAs":["https:\/\/www.facebook.com\/rassegnastampacattolica","https:\/\/x.com\/rassegnastampa9"]},{"@type":"Person","@id":"https:\/\/www.rassegnastampa-totustuus.it\/cattolica\/#\/schema\/person\/08f319d2bd1a0904ad9e2bfb7b15e5c3","name":"Redazione","image":{"@type":"ImageObject","inLanguage":"it-IT","@id":"https:\/\/secure.gravatar.com\/avatar\/2fcdf27c78ea025fbdb44e914cc63c72249ffec9dc8aafd5c82b26240ef3f346?s=96&d=mm&r=g","url":"https:\/\/secure.gravatar.com\/avatar\/2fcdf27c78ea025fbdb44e914cc63c72249ffec9dc8aafd5c82b26240ef3f346?s=96&d=mm&r=g","contentUrl":"https:\/\/secure.gravatar.com\/avatar\/2fcdf27c78ea025fbdb44e914cc63c72249ffec9dc8aafd5c82b26240ef3f346?s=96&d=mm&r=g","caption":"Redazione"},"url":"https:\/\/www.rassegnastampa-totustuus.it\/cattolica\/author\/pietroelle\/"}]}},"_links":{"self":[{"href":"https:\/\/www.rassegnastampa-totustuus.it\/cattolica\/wp-json\/wp\/v2\/posts\/64136","targetHints":{"allow":["GET"]}}],"collection":[{"href":"https:\/\/www.rassegnastampa-totustuus.it\/cattolica\/wp-json\/wp\/v2\/posts"}],"about":[{"href":"https:\/\/www.rassegnastampa-totustuus.it\/cattolica\/wp-json\/wp\/v2\/types\/post"}],"author":[{"embeddable":true,"href":"https:\/\/www.rassegnastampa-totustuus.it\/cattolica\/wp-json\/wp\/v2\/users\/6"}],"replies":[{"embeddable":true,"href":"https:\/\/www.rassegnastampa-totustuus.it\/cattolica\/wp-json\/wp\/v2\/comments?post=64136"}],"version-history":[{"count":1,"href":"https:\/\/www.rassegnastampa-totustuus.it\/cattolica\/wp-json\/wp\/v2\/posts\/64136\/revisions"}],"predecessor-version":[{"id":64137,"href":"https:\/\/www.rassegnastampa-totustuus.it\/cattolica\/wp-json\/wp\/v2\/posts\/64136\/revisions\/64137"}],"wp:featuredmedia":[{"embeddable":true,"href":"https:\/\/www.rassegnastampa-totustuus.it\/cattolica\/wp-json\/wp\/v2\/media\/26526"}],"wp:attachment":[{"href":"https:\/\/www.rassegnastampa-totustuus.it\/cattolica\/wp-json\/wp\/v2\/media?parent=64136"}],"wp:term":[{"taxonomy":"category","embeddable":true,"href":"https:\/\/www.rassegnastampa-totustuus.it\/cattolica\/wp-json\/wp\/v2\/categories?post=64136"},{"taxonomy":"post_tag","embeddable":true,"href":"https:\/\/www.rassegnastampa-totustuus.it\/cattolica\/wp-json\/wp\/v2\/tags?post=64136"}],"curies":[{"name":"wp","href":"https:\/\/api.w.org\/{rel}","templated":true}]}}