{"id":64027,"date":"2025-10-31T09:00:36","date_gmt":"2025-10-31T08:00:36","guid":{"rendered":"https:\/\/www.rassegnastampa-totustuus.it\/cattolica\/?p=64027"},"modified":"2025-10-31T09:01:35","modified_gmt":"2025-10-31T08:01:35","slug":"fuggito-da-oriente-per-vivere-assassinato-in-occidente-per-credere","status":"publish","type":"post","link":"https:\/\/www.rassegnastampa-totustuus.it\/cattolica\/fuggito-da-oriente-per-vivere-assassinato-in-occidente-per-credere\/","title":{"rendered":"Fuggito da Oriente per vivere, assassinato in Occidente per credere"},"content":{"rendered":"\n<p class=\"has-text-align-center\"><strong>Newsletter di Giulio Meotti<\/strong> 30 Ottobre 2025<\/p>\n\n\n\n<p><em>&#8220;Sappiamo dove vivi, ti scuoieremo&#8221;. Scampato all&#8217;Isis, gli hanno tagliato la gola sotto casa per la sua fede cristiana. La storia incredibile che non indigna n\u00e9 illumina la nostra notte dello spirito<\/em><\/p>\n\n\n\n<p class=\"has-text-align-center\"><strong>Giulio Meotti<\/strong><\/p>\n\n\n<div class=\"wp-block-image\">\n<figure class=\"aligncenter size-full is-resized\"><a href=\"https:\/\/www.rassegnastampa-totustuus.it\/cattolica\/wp-content\/uploads\/2025\/10\/cristiani_persecuzioni.jpg\"><img loading=\"lazy\" decoding=\"async\" width=\"836\" height=\"540\" src=\"https:\/\/www.rassegnastampa-totustuus.it\/cattolica\/wp-content\/uploads\/2025\/10\/cristiani_persecuzioni.jpg\" alt=\"\" class=\"wp-image-64028\" style=\"width:468px;height:auto\" srcset=\"https:\/\/www.rassegnastampa-totustuus.it\/cattolica\/wp-content\/uploads\/2025\/10\/cristiani_persecuzioni.jpg 836w, https:\/\/www.rassegnastampa-totustuus.it\/cattolica\/wp-content\/uploads\/2025\/10\/cristiani_persecuzioni-300x194.jpg 300w, https:\/\/www.rassegnastampa-totustuus.it\/cattolica\/wp-content\/uploads\/2025\/10\/cristiani_persecuzioni-768x496.jpg 768w, https:\/\/www.rassegnastampa-totustuus.it\/cattolica\/wp-content\/uploads\/2025\/10\/cristiani_persecuzioni-595x384.jpg 595w\" sizes=\"auto, (max-width: 836px) 100vw, 836px\" \/><\/a><\/figure><\/div>\n\n\n<!--more-->\n\n\n\n<p>All\u2019Occidente piacciono sempre le storie dei rifugiati. Non tutte le storie. Non questa. Non la storia di un cristiano fuggito da Oriente per vivere e morto in Occidente per credere. La sua storia dovrebbe essere al posto dello sbadiglio di Gramellini sul <em>Corriere della Sera<\/em> e dell\u2019amaca di Serra sulla <em>Repubblica<\/em>. Invece niente. Niente neanche sui media cattolici, da <em>Avvenire<\/em> all\u2019<em>Osservatore Romano<\/em>.<\/p>\n\n\n\n<p><a href=\"https:\/\/meotti.substack.com\/p\/cristiano-sgozzato-in-francia-per\" target=\"_blank\" rel=\"noreferrer noopener\">Ne avevo scritto il 15 settembre<\/a> ed era subito stato evidente che fosse una storia incredibile e censurata. Ora stanno emergendo le peggiori conferme di chi ha capito subito la posta in gioco in quel sangue.<\/p>\n\n\n\n<p>Erano le 22:30 quando l\u2019assiro Ashur Sarnaya \u00e8 tornato nell\u2019appartamento che condivideva con la sorella a Lione, in un tranquillo quartiere dove le case popolari si affiancano a campus studenteschi, sedi aziendali e qualche negozio. Il 45enne cristiano iracheno, rifugiato della comunit\u00e0 assiro-caldea, \u00e8 disabile dalla nascita. Utilizza una sedia a rotelle. Quella sera, come di consueto, si \u00e8 dedicato a un live su TikTok per parlare della sua fede cristiana. Ashur realizza i suoi video in arabo o aramaico, iniziandoli con il segno della croce. Durante la diretta, Ashur Sarnaya \u00e8 sgozzato e giace morente sulla sedia a rotelle.<\/p>\n\n\n\n<p>Il suo unico piacere era girovagare per il quartiere, dove era benvoluto da tutti, e soprattutto, la sua occupazione principale era condividere la sua fede su TikTok. Per questo \u00e8 stato vigliaccamente martirizzato a colpi di machete. Leggeva i Vangeli e recitava i Salmi ebraici, cosa impensabile per l\u2019Islam pi\u00f9 radicale.<\/p>\n\n\n\n<p><a href=\"https:\/\/www.lefigaro.fr\/faits-divers\/assassinat-de-l-influenceur-chretien-ashur-sarnaya-a-lyon-le-suspect-sabri-b-surveillait-la-victime-via-son-live-tiktok-depuis-plusieurs-jours-20251023\" target=\"_blank\" rel=\"noreferrer noopener\">Sabri B.<\/a>, cittadino algerino indiziato dell\u2019assassinio e <a href=\"https:\/\/www.lejdd.fr\/Societe\/assassinat-dashur-sarnaya-le-suspect-algerien-lie-a-daesh-163356\" target=\"_blank\" rel=\"noreferrer noopener\">legato all\u2019Isis<\/a>, subito dopo l\u2019omicidio di Ashur disattiv\u00f2 il suo telefono e lasci\u00f2 Lione quella notte, diretto in Italia. Pass\u00f2 per Milano, Roma e da l\u00ec raggiunse la Puglia. La sua fuga si \u00e8 conclusa l\u00ec dieci giorni dopo, in una casa di Andria, dove un suo connazionale algerino lo ospitava. Del suo caso in Italia, a parte questa newsletter, ha parlato soltanto la cronaca pugliese del <em><a href=\"https:\/\/bari.corriere.it\/notizie\/cronaca\/25_ottobre_04\/in-francia-sgozzo-un-tiktoker-cristiano-terrorista-islamico-arrestato-ad-andria-su-mandato-europeo-3476627e-acc3-48bf-b763-df30a0c99xlk.shtml\" target=\"_blank\" rel=\"noreferrer noopener\">Corriere della Sera<\/a><\/em>.<\/p>\n\n\n<div class=\"wp-block-image\">\n<figure class=\"aligncenter size-full is-resized\"><a href=\"https:\/\/www.rassegnastampa-totustuus.it\/cattolica\/wp-content\/uploads\/2019\/11\/chiesa_brucia_persecuzioni.jpg\"><img loading=\"lazy\" decoding=\"async\" width=\"299\" height=\"168\" src=\"https:\/\/www.rassegnastampa-totustuus.it\/cattolica\/wp-content\/uploads\/2019\/11\/chiesa_brucia_persecuzioni.jpg\" alt=\"\" class=\"wp-image-45111\" style=\"width:431px;height:auto\"\/><\/a><\/figure><\/div>\n\n\n<p>Le <a href=\"https:\/\/www.lefigaro.fr\/actualite-france\/si-on-te-trouve-on-te-tue-quand-l-influenceur-chretien-ashur-sarnaya-assassine-a-lyon-etait-menace-par-des-islamistes-20251026\" target=\"_blank\" rel=\"noreferrer noopener\">indagini ora descrivono dettagliatamente <\/a>le minacce a cui Ashur era stato sottoposto, sia online che di persona.<\/p>\n\n\n\n<p>Sappiamo che l\u2019assassino, Sabri B., si era collegato al live del cristiano, senza intervenire, trenta minuti prima del crimine. I live di Ashur erano regolarmente guardati da individui ostili. Uno di loro ha pubblicato un estratto del Corano: \u201cColoro che non credono nei nostri versetti, li bruceremo nel fuoco. Ogni volta che la loro pelle sar\u00e0 consumata, la scambieremo con altre pelli affinch\u00e9 possano gustare il castigo\u201d. Quindi, Ashur e i suoi interlocutori sono condannati all\u2019inferno in una sera di fine estate.<\/p>\n\n\n\n<p>Descrivendosi come palestinese residente a Lione, un utente di Internet si \u00e8 regolarmente autoinvitato alle dirette, insultando e minacciando Sarnaya: \u201cArrivo, preparati\u201d. Un altro, sostenendo di essere tunisino, ha chiesto di sapere dove vivesse l\u2019influencer cristiano, dicendo che prima o poi lo avrebbe trovato. \u201cTi uccidiamo\u201d.<\/p>\n\n\n\n<p>Pur non volendo lasciarsi intimidire o impressionare, forse perch\u00e9 dopo essere fuggito dall\u2019Iraq non si aspettava il peggio in Francia, Ashur aveva raccontato ai parenti alcuni eventi preoccupanti. In estate uno gli invi\u00f2 un messaggio che recitava: \u201cSappiamo dove sei, non continuer\u00e0 cos\u00ec\u201d. Il messaggio era accompagnato da una foto di Ashur vicino casa sua.<\/p>\n\n\n\n<p>La sorella ora si sente \u201cin pericolo\u201d in Francia. Madlin Sarnaya ha dichiarato a <em><a href=\"https:\/\/www.bfmtv.com\/police-justice\/je-ne-me-sens-jamais-en-securite-ici-la-s-ur-du-refugie-chretien-d-irak-assassine-a-lyon-confie-a-bfmtv-vouloir-demenager_AN-202510300083.html\">BFMTV<\/a><\/em> che lei e il fratello erano \u201cvenuti in Francia perch\u00e9 avevamo bisogno di protezione\u201d. Erano fuggiti dall\u2019Iraq nel 2014 dopo che \u201cun islamista armato gli aveva intimato di convertirsi o di andarsene\u201d.<\/p>\n\n\n\n<p>\u201cUccidere mio fratello perch\u00e9 parla di fede cristiana, pensate che sia normale?\u201d, chiede la sorella.<\/p>\n\n\n\n<p>Molti in Occidente s\u00ec, lo pensano.<\/p>\n\n\n<div class=\"wp-block-image\">\n<figure class=\"aligncenter size-full is-resized\"><a href=\"https:\/\/www.rassegnastampa-totustuus.it\/cattolica\/wp-content\/uploads\/2009\/04\/islam_Europa.jpg\"><img loading=\"lazy\" decoding=\"async\" width=\"267\" height=\"189\" src=\"https:\/\/www.rassegnastampa-totustuus.it\/cattolica\/wp-content\/uploads\/2009\/04\/islam_Europa.jpg\" alt=\"\" class=\"wp-image-29473\" style=\"width:449px;height:auto\"\/><\/a><\/figure><\/div>\n\n\n<p>Ashur faceva parte dei \u201cresti\u201d. Li descrive <a href=\"https:\/\/www.causeur.fr\/societes-multiculturelles-vs-dar-al-islam-270283\" target=\"_blank\" rel=\"noreferrer noopener\">Pierre Vermeren<\/a>: \u201cEuropei (coloni o immigrati), ebrei autoctoni o immigrati, cristiani orientali, minoranze religiose (zoroastriani, musulmani convertiti ad altre religioni, yazidi, ecc.) o minoranze culturali (curdi, berberi, ecc.) furono cacciati, combattuti, espulsi, venduti o addirittura eliminati\u201d.<\/p>\n\n\n\n<p>Il termine \u201cdhimmitudine\u201d \u00e8 stato reso popolare trent\u2019anni fa da Gis\u00e8le Littman in un libro intitolato <em>La christianisme d\u2019Orient entre djihad et dhimmitudine<\/em>. La dhimmitudine, uno stato di rassegnazione, era una strategia di sopravvivenza per ebrei e cristiani sotto l\u2019Islam, ma avveniva al prezzo di un\u2019umiliazione interiorizzata. Il sionismo \u00e8 una rivolta contro la dhimmitudine, che oggi percuote un mondo di origine cristiana e che cerca di non vedere la guerra che gli viene condotta.<\/p>\n\n\n\n<p>Il giornalista franco-siriano <a href=\"https:\/\/www.jpost.com\/diaspora\/antisemitism\/article-871324\" target=\"_blank\" rel=\"noreferrer noopener\">Omar Youssef Souleimane<\/a> ha pubblicato un libro sui \u201ccomplici del male\u201d che ha scatenato il panico negli ambienti di sinistra, che hanno tentato, per vie legali, di procurarsene una copia prima della pubblicazione, ma senza successo. \u201cVengo dalla Siria, un paese dominato dagli islamisti\u201d, ha appena detto Souleimane alla commissione d\u2019inchiesta del Parlamento francese. \u201cQuando sono arrivato in Francia, ci\u00f2 che mi ha davvero scioccato \u00e8 stato trovare quell\u2019atmosfera da cui ero fuggito\u201d, ha continuato lo scrittore e giornalista.<\/p>\n\n\n\n<p>Decine di esuli dal mondo islamico come Ashur hanno trovato la morte o la guerra in Europa. Un esule iraniano, <a href=\"http:\/\/www.washingtonpost.com\/wp-dyn\/content\/article\/2005\/11\/10\/AR2005111002046.html\" target=\"_blank\" rel=\"noreferrer noopener\">Afshin Ellian<\/a>, lavora all\u2019Universit\u00e0 di Utrecht, in Olanda, dove \u00e8 protetto da guardie del corpo. Sembra una banca, pi\u00f9 che un dipartimento di Diritto.<\/p>\n\n\n\n<p>L\u2019esule iracheno <a href=\"https:\/\/meotti.substack.com\/p\/chi-tocca-lislam-muore?utm_source=publication-search\" target=\"_blank\" rel=\"noreferrer noopener\">Salwan Momika<\/a> \u00e8 stato assassinato durante una diretta social in Svezia: assassinato \u201c<a href=\"https:\/\/www.expressen.se\/nyheter\/sverige\/sa-hyllas-mordet-pa-salwan-momika-pa-natet\/\" target=\"_blank\" rel=\"noreferrer noopener\">urlando come un maiale<\/a>\u201d (lo riporta l\u2019<em><a href=\"https:\/\/www.expressen.se\/nyheter\/sverige\/sa-hyllas-mordet-pa-salwan-momika-pa-natet\/\" target=\"_blank\" rel=\"noreferrer noopener\">Expressen<\/a><\/em>), Momika era cresciuto come <a href=\"https:\/\/en.wikipedia.org\/wiki\/Salwan_Momika#:~:text=He%20was%20an%20ethnic%20Assyrian,the%20party's%20headquarters%20in%20Mosul.\" target=\"_blank\" rel=\"noreferrer noopener\">siriaco cattolico <\/a>nella provincia di Ninive in Iraq e ha assistito alla persecuzione dei cristiani da parte dell\u2019Isis, che ha ucciso i suoi famigliari.<\/p>\n\n\n<div class=\"wp-block-image\">\n<figure class=\"aligncenter size-full is-resized\"><a href=\"https:\/\/www.rassegnastampa-totustuus.it\/cattolica\/wp-content\/uploads\/2005\/07\/islam_europa.jpg\"><img loading=\"lazy\" decoding=\"async\" width=\"262\" height=\"192\" src=\"https:\/\/www.rassegnastampa-totustuus.it\/cattolica\/wp-content\/uploads\/2005\/07\/islam_europa.jpg\" alt=\"\" class=\"wp-image-32773\" style=\"width:420px;height:auto\"\/><\/a><\/figure><\/div>\n\n\n<p><a href=\"https:\/\/en.wikipedia.org\/wiki\/Kadra_Yusuf\" target=\"_blank\" rel=\"noreferrer noopener\">Kadra Yusuf<\/a>, giornalista somala, si \u00e8 infiltrata nelle moschee di Oslo e vive sotto protezione. Non si muove senza scorta <a href=\"https:\/\/www.dw.com\/en\/islam-cant-be-reformed-says-founder-of-ex-muslim-group\/a-2370278\" target=\"_blank\" rel=\"noreferrer noopener\">Mina Ahadi,<\/a> che in Germania ha fondato il Consiglio degli ex musulmani, che hanno abbandonato l\u2019Islam compiendo \u201capostasia\u201d, reato passibile di pena di morte in decine di paesi musulmani (compresi molti \u201calleati\u201d dell\u2019Occidente, sauditi compresi).<\/p>\n\n\n\n<p>Come <a href=\"https:\/\/www.spiegel.de\/international\/spiegel\/reading-under-police-protection-advocates-for-muslim-women-face-constant-danger-a-436820.html\" target=\"_blank\" rel=\"noreferrer noopener\">Fatma Bl\u00e4ser<\/a>, vittima di un matrimonio forzato e autrice del romanzo <em>Hennamond<\/em>, protetta dalla polizia.<\/p>\n\n\n\n<p>A Parigi sotto scorta \u00e8 <a href=\"https:\/\/www.lepoint.fr\/societe\/vivre-sous-la-menace-islamiste-01-02-2022-2463031_23.php\" target=\"_blank\" rel=\"noreferrer noopener\">Mohammed Sifaoui<\/a>, giornalista scappato dall\u2019Algeria. A Berlino, la turca <a href=\"https:\/\/meotti.substack.com\/p\/se-sei-islamista-puoi-lasciar-morire?utm_source=publication-search\" target=\"_blank\" rel=\"noreferrer noopener\">Seyran Ates<\/a> \u00e8 protetta da cinque agenti armati fino ai denti. In Olanda la scrittrice turca <a href=\"https:\/\/meotti.substack.com\/p\/mi-arrendo-non-scrivero-piu-di-islam?utm_source=publication-search\" target=\"_blank\" rel=\"noreferrer noopener\">Lale G\u00fcl<\/a> vive protetta. \u00a0<a href=\"https:\/\/www.theguardian.com\/world\/2002\/nov\/14\/islam.religion\" target=\"_blank\" rel=\"noreferrer noopener\">Ayaan Hirsi Ali<\/a> \u00e8 dovuta scappare dall\u2019Europa. Ieri in Oriente, oggi in Occidente.<\/p>\n\n\n\n<p>E ora nel silenzio torbido della nostra coscienza occidentale risuona l\u2019eco di questa tragedia inaudita: un rifugiato cristiano che aveva cercato rifugio e speranza, \u00e8 stato straziato qui, in un terreno che proclamava accoglienza ma ha mostrato la sua ferita pi\u00f9 oscura. La sua colpa? La fede, la libert\u00e0 di testimoniare un credo. La morte di questo uomo \u2014 che aveva attraversato il deserto della persecuzione per giungere alla promessa di una nuova patria europea \u2014 diventa simbolo della crisi dell\u2019Occidente: un Occidente che ha smarrito il coraggio e ha ceduto al ricatto della violenza e del silenzio. E in questo crimine si leggono le crepe profonde di una civilt\u00e0 che un tempo osava proclamare \u201cmai pi\u00f9\u201d, e ora pare dimenticare. \u00c8 come se il cuore stesso della civilt\u00e0 cristiana avesse smesso di battere, lasciando spazio a un gelo morale che corrode tutto.<\/p>\n\n\n\n<p>Il rifugiato \u00e8 caduto e il suo sangue grida sul suolo che avrebbe dovuto custodirlo: \u00e8 grido di avvertimento, monito di catastrofe imminente. \u00c8 la rivelazione tragica che la libert\u00e0 religiosa non \u00e8 un fronzolo da cartolina: \u00e8 linfa vitale di comunit\u00e0 che crollano quando l\u2019indifferenza trionfa.<\/p>\n\n\n\n<p>349 giorni: tanti ne sono passati intanto da quando un grande scrittore, Boualem Sansal, il cui unico crimine \u00e8 quello di pensare e scrivere liberamente, \u00e8 tenuto in ostaggio in Algeria. Dal suo comitato di sostegno giungono <a href=\"https:\/\/www.lefigaro.fr\/actualite-france\/vive-inquietude-sur-l-etat-de-sante-de-boualem-sansal-toujours-emprisonne-en-algerie-20251030\" target=\"_blank\" rel=\"noreferrer noopener\">notizie allarmanti<\/a>. Lo scrittore ha il cancro. Ha chiesto di essere ricoverato in ospedale. Niente: cella di isolamento. Gli ambientini culturali petalosi sono assenti. Gli artistoidi che denunciano il genocidio di Gaza non si preoccupano di Sansal pi\u00f9 di quanto non si preoccupino dei palestinesi uccisi pubblicamente da Hamas. Se Sansal fosse in una prigione israeliana, sarebbero tutti per strada. Ma poich\u00e9 il suo crimine \u00e8 denunciare l\u2019Islam politico, tanti saluti. Dall\u2019Eliseo, Macron dice che \u00e8 una sua priorit\u00e0. Contiamoci. Un continente serio avrebbe gi\u00e0 ottenuto la liberazione di Sansal. Con la diplomazia o con la forza.<\/p>\n\n\n\n<p>Ma siamo entrati nella notte dello spirito, il tramonto di un\u2019identit\u00e0 che si dissolve mentre i testimoni della fede vengono colpiti nel nome dell\u2019odio. Se neanche la voce spezzata di un cristiano in sedia a rotelle ci scuote, allora davvero il crepuscolo dell\u2019Occidente \u00e8 gi\u00e0 iniziato e nessuno potr\u00e0 pi\u00f9 dire di non averlo visto arrivare.<\/p>\n\n\n\n<p class=\"has-text-align-center\"><a href=\"https:\/\/meotti.substack.com\/subscribe?&amp;gift=true\">ABBONATI ALLA NEWSLETTER<\/a><\/p>\n\n\n\n<p><\/p>\n","protected":false},"excerpt":{"rendered":"<p>Newsletter di Giulio Meotti 30 Ottobre 2025 &#8220;Sappiamo dove vivi, ti scuoieremo&#8221;. Scampato all&#8217;Isis, gli hanno tagliato la gola sotto casa per la sua fede cristiana. La storia incredibile che non indigna n\u00e9 illumina la nostra notte dello spirito Giulio Meotti<\/p><p><a class=\"more-link btn\" href=\"https:\/\/www.rassegnastampa-totustuus.it\/cattolica\/fuggito-da-oriente-per-vivere-assassinato-in-occidente-per-credere\/\">Continua a leggere<\/a><\/p>\n","protected":false},"author":6,"featured_media":64028,"comment_status":"closed","ping_status":"closed","sticky":false,"template":"","format":"standard","meta":{"footnotes":""},"categories":[14,111],"tags":[264],"class_list":["post-64027","post","type-post","status-publish","format-standard","has-post-thumbnail","hentry","category-europa-e-ue","category-islam-in-europa","tag-persecuzioni","item-wrap"],"yoast_head":"<!-- This site is optimized with the Yoast SEO plugin v27.5 - https:\/\/yoast.com\/product\/yoast-seo-wordpress\/ -->\n<title>Fuggito da Oriente per vivere, assassinato in Occidente per credere - Rassegna Stampa Cattolica<\/title>\n<meta name=\"description\" content=\"Fuggito da Oriente per vivere, assassinato in Occidente per credere. Scampato all&#039;Isis, gli hanno tagliato la gola per la sua fede cristiana\" \/>\n<meta name=\"robots\" content=\"index, follow, max-snippet:-1, max-image-preview:large, max-video-preview:-1\" \/>\n<link rel=\"canonical\" href=\"https:\/\/www.rassegnastampa-totustuus.it\/cattolica\/fuggito-da-oriente-per-vivere-assassinato-in-occidente-per-credere\/\" \/>\n<meta property=\"og:locale\" content=\"it_IT\" \/>\n<meta property=\"og:type\" content=\"article\" \/>\n<meta property=\"og:title\" content=\"Fuggito da Oriente per vivere, assassinato in Occidente per credere - Rassegna Stampa Cattolica\" \/>\n<meta property=\"og:description\" content=\"Fuggito da Oriente per vivere, assassinato in Occidente per credere. Scampato all&#039;Isis, gli hanno tagliato la gola per la sua fede cristiana\" \/>\n<meta property=\"og:url\" content=\"https:\/\/www.rassegnastampa-totustuus.it\/cattolica\/fuggito-da-oriente-per-vivere-assassinato-in-occidente-per-credere\/\" \/>\n<meta property=\"og:site_name\" content=\"Rassegna Stampa Cattolica\" \/>\n<meta property=\"article:publisher\" content=\"https:\/\/www.facebook.com\/rassegnastampacattolica\" \/>\n<meta property=\"article:published_time\" content=\"2025-10-31T08:00:36+00:00\" \/>\n<meta property=\"article:modified_time\" content=\"2025-10-31T08:01:35+00:00\" \/>\n<meta property=\"og:image\" content=\"https:\/\/www.rassegnastampa-totustuus.it\/cattolica\/wp-content\/uploads\/2025\/10\/cristiani_persecuzioni.jpg\" \/>\n\t<meta property=\"og:image:width\" content=\"836\" \/>\n\t<meta property=\"og:image:height\" content=\"540\" \/>\n\t<meta property=\"og:image:type\" content=\"image\/jpeg\" \/>\n<meta name=\"author\" content=\"Redazione\" \/>\n<meta name=\"twitter:card\" content=\"summary_large_image\" \/>\n<meta name=\"twitter:creator\" content=\"@rassegnastampa9\" \/>\n<meta name=\"twitter:site\" content=\"@rassegnastampa9\" \/>\n<meta name=\"twitter:label1\" content=\"Scritto da\" \/>\n\t<meta name=\"twitter:data1\" content=\"Redazione\" \/>\n\t<meta name=\"twitter:label2\" content=\"Tempo di lettura stimato\" \/>\n\t<meta name=\"twitter:data2\" content=\"9 minuti\" \/>\n<script type=\"application\/ld+json\" class=\"yoast-schema-graph\">{\"@context\":\"https:\\\/\\\/schema.org\",\"@graph\":[{\"@type\":\"Article\",\"@id\":\"https:\\\/\\\/www.rassegnastampa-totustuus.it\\\/cattolica\\\/fuggito-da-oriente-per-vivere-assassinato-in-occidente-per-credere\\\/#article\",\"isPartOf\":{\"@id\":\"https:\\\/\\\/www.rassegnastampa-totustuus.it\\\/cattolica\\\/fuggito-da-oriente-per-vivere-assassinato-in-occidente-per-credere\\\/\"},\"author\":{\"name\":\"Redazione\",\"@id\":\"https:\\\/\\\/www.rassegnastampa-totustuus.it\\\/cattolica\\\/#\\\/schema\\\/person\\\/08f319d2bd1a0904ad9e2bfb7b15e5c3\"},\"headline\":\"Fuggito da Oriente per vivere, assassinato in Occidente per credere\",\"datePublished\":\"2025-10-31T08:00:36+00:00\",\"dateModified\":\"2025-10-31T08:01:35+00:00\",\"mainEntityOfPage\":{\"@id\":\"https:\\\/\\\/www.rassegnastampa-totustuus.it\\\/cattolica\\\/fuggito-da-oriente-per-vivere-assassinato-in-occidente-per-credere\\\/\"},\"wordCount\":1444,\"publisher\":{\"@id\":\"https:\\\/\\\/www.rassegnastampa-totustuus.it\\\/cattolica\\\/#organization\"},\"image\":{\"@id\":\"https:\\\/\\\/www.rassegnastampa-totustuus.it\\\/cattolica\\\/fuggito-da-oriente-per-vivere-assassinato-in-occidente-per-credere\\\/#primaryimage\"},\"thumbnailUrl\":\"https:\\\/\\\/www.rassegnastampa-totustuus.it\\\/cattolica\\\/wp-content\\\/uploads\\\/2025\\\/10\\\/cristiani_persecuzioni.jpg\",\"keywords\":[\"persecuzioni\"],\"articleSection\":[\"Europa e UE\",\"Islam in Europa\"],\"inLanguage\":\"it-IT\"},{\"@type\":\"WebPage\",\"@id\":\"https:\\\/\\\/www.rassegnastampa-totustuus.it\\\/cattolica\\\/fuggito-da-oriente-per-vivere-assassinato-in-occidente-per-credere\\\/\",\"url\":\"https:\\\/\\\/www.rassegnastampa-totustuus.it\\\/cattolica\\\/fuggito-da-oriente-per-vivere-assassinato-in-occidente-per-credere\\\/\",\"name\":\"Fuggito da Oriente per vivere, assassinato in Occidente per credere - Rassegna Stampa Cattolica\",\"isPartOf\":{\"@id\":\"https:\\\/\\\/www.rassegnastampa-totustuus.it\\\/cattolica\\\/#website\"},\"primaryImageOfPage\":{\"@id\":\"https:\\\/\\\/www.rassegnastampa-totustuus.it\\\/cattolica\\\/fuggito-da-oriente-per-vivere-assassinato-in-occidente-per-credere\\\/#primaryimage\"},\"image\":{\"@id\":\"https:\\\/\\\/www.rassegnastampa-totustuus.it\\\/cattolica\\\/fuggito-da-oriente-per-vivere-assassinato-in-occidente-per-credere\\\/#primaryimage\"},\"thumbnailUrl\":\"https:\\\/\\\/www.rassegnastampa-totustuus.it\\\/cattolica\\\/wp-content\\\/uploads\\\/2025\\\/10\\\/cristiani_persecuzioni.jpg\",\"datePublished\":\"2025-10-31T08:00:36+00:00\",\"dateModified\":\"2025-10-31T08:01:35+00:00\",\"description\":\"Fuggito da Oriente per vivere, assassinato in Occidente per credere. Scampato all'Isis, gli hanno tagliato la gola per la sua fede cristiana\",\"breadcrumb\":{\"@id\":\"https:\\\/\\\/www.rassegnastampa-totustuus.it\\\/cattolica\\\/fuggito-da-oriente-per-vivere-assassinato-in-occidente-per-credere\\\/#breadcrumb\"},\"inLanguage\":\"it-IT\",\"potentialAction\":[{\"@type\":\"ReadAction\",\"target\":[\"https:\\\/\\\/www.rassegnastampa-totustuus.it\\\/cattolica\\\/fuggito-da-oriente-per-vivere-assassinato-in-occidente-per-credere\\\/\"]}]},{\"@type\":\"ImageObject\",\"inLanguage\":\"it-IT\",\"@id\":\"https:\\\/\\\/www.rassegnastampa-totustuus.it\\\/cattolica\\\/fuggito-da-oriente-per-vivere-assassinato-in-occidente-per-credere\\\/#primaryimage\",\"url\":\"https:\\\/\\\/www.rassegnastampa-totustuus.it\\\/cattolica\\\/wp-content\\\/uploads\\\/2025\\\/10\\\/cristiani_persecuzioni.jpg\",\"contentUrl\":\"https:\\\/\\\/www.rassegnastampa-totustuus.it\\\/cattolica\\\/wp-content\\\/uploads\\\/2025\\\/10\\\/cristiani_persecuzioni.jpg\",\"width\":836,\"height\":540},{\"@type\":\"BreadcrumbList\",\"@id\":\"https:\\\/\\\/www.rassegnastampa-totustuus.it\\\/cattolica\\\/fuggito-da-oriente-per-vivere-assassinato-in-occidente-per-credere\\\/#breadcrumb\",\"itemListElement\":[{\"@type\":\"ListItem\",\"position\":1,\"name\":\"Home\",\"item\":\"https:\\\/\\\/www.rassegnastampa-totustuus.it\\\/cattolica\\\/\"},{\"@type\":\"ListItem\",\"position\":2,\"name\":\"Fuggito da Oriente per vivere, assassinato in Occidente per credere\"}]},{\"@type\":\"WebSite\",\"@id\":\"https:\\\/\\\/www.rassegnastampa-totustuus.it\\\/cattolica\\\/#website\",\"url\":\"https:\\\/\\\/www.rassegnastampa-totustuus.it\\\/cattolica\\\/\",\"name\":\"Rassegna Stampa Cattolica\",\"description\":\"Per una cultura che nasce dalla Rivelazione cristiana in conformit\u00e0 alla tradizione e al Magistero della Chiesa in opposizione ad ogni relativismo e totalitarismo\",\"publisher\":{\"@id\":\"https:\\\/\\\/www.rassegnastampa-totustuus.it\\\/cattolica\\\/#organization\"},\"alternateName\":\"Rass. Cattolica\",\"potentialAction\":[{\"@type\":\"SearchAction\",\"target\":{\"@type\":\"EntryPoint\",\"urlTemplate\":\"https:\\\/\\\/www.rassegnastampa-totustuus.it\\\/cattolica\\\/?s={search_term_string}\"},\"query-input\":{\"@type\":\"PropertyValueSpecification\",\"valueRequired\":true,\"valueName\":\"search_term_string\"}}],\"inLanguage\":\"it-IT\"},{\"@type\":\"Organization\",\"@id\":\"https:\\\/\\\/www.rassegnastampa-totustuus.it\\\/cattolica\\\/#organization\",\"name\":\"Rassegna Stampa Cattolica\",\"url\":\"https:\\\/\\\/www.rassegnastampa-totustuus.it\\\/cattolica\\\/\",\"logo\":{\"@type\":\"ImageObject\",\"inLanguage\":\"it-IT\",\"@id\":\"https:\\\/\\\/www.rassegnastampa-totustuus.it\\\/cattolica\\\/#\\\/schema\\\/logo\\\/image\\\/\",\"url\":\"https:\\\/\\\/www.rassegnastampa-totustuus.it\\\/cattolica\\\/wp-content\\\/uploads\\\/2014\\\/04\\\/logo-rassegna1.gif\",\"contentUrl\":\"https:\\\/\\\/www.rassegnastampa-totustuus.it\\\/cattolica\\\/wp-content\\\/uploads\\\/2014\\\/04\\\/logo-rassegna1.gif\",\"width\":600,\"height\":163,\"caption\":\"Rassegna Stampa Cattolica\"},\"image\":{\"@id\":\"https:\\\/\\\/www.rassegnastampa-totustuus.it\\\/cattolica\\\/#\\\/schema\\\/logo\\\/image\\\/\"},\"sameAs\":[\"https:\\\/\\\/www.facebook.com\\\/rassegnastampacattolica\",\"https:\\\/\\\/x.com\\\/rassegnastampa9\"]},{\"@type\":\"Person\",\"@id\":\"https:\\\/\\\/www.rassegnastampa-totustuus.it\\\/cattolica\\\/#\\\/schema\\\/person\\\/08f319d2bd1a0904ad9e2bfb7b15e5c3\",\"name\":\"Redazione\",\"image\":{\"@type\":\"ImageObject\",\"inLanguage\":\"it-IT\",\"@id\":\"https:\\\/\\\/secure.gravatar.com\\\/avatar\\\/2fcdf27c78ea025fbdb44e914cc63c72249ffec9dc8aafd5c82b26240ef3f346?s=96&d=mm&r=g\",\"url\":\"https:\\\/\\\/secure.gravatar.com\\\/avatar\\\/2fcdf27c78ea025fbdb44e914cc63c72249ffec9dc8aafd5c82b26240ef3f346?s=96&d=mm&r=g\",\"contentUrl\":\"https:\\\/\\\/secure.gravatar.com\\\/avatar\\\/2fcdf27c78ea025fbdb44e914cc63c72249ffec9dc8aafd5c82b26240ef3f346?s=96&d=mm&r=g\",\"caption\":\"Redazione\"},\"url\":\"https:\\\/\\\/www.rassegnastampa-totustuus.it\\\/cattolica\\\/author\\\/pietroelle\\\/\"}]}<\/script>\n<!-- \/ Yoast SEO plugin. -->","yoast_head_json":{"title":"Fuggito da Oriente per vivere, assassinato in Occidente per credere - Rassegna Stampa Cattolica","description":"Fuggito da Oriente per vivere, assassinato in Occidente per credere. Scampato all'Isis, gli hanno tagliato la gola per la sua fede cristiana","robots":{"index":"index","follow":"follow","max-snippet":"max-snippet:-1","max-image-preview":"max-image-preview:large","max-video-preview":"max-video-preview:-1"},"canonical":"https:\/\/www.rassegnastampa-totustuus.it\/cattolica\/fuggito-da-oriente-per-vivere-assassinato-in-occidente-per-credere\/","og_locale":"it_IT","og_type":"article","og_title":"Fuggito da Oriente per vivere, assassinato in Occidente per credere - Rassegna Stampa Cattolica","og_description":"Fuggito da Oriente per vivere, assassinato in Occidente per credere. Scampato all'Isis, gli hanno tagliato la gola per la sua fede cristiana","og_url":"https:\/\/www.rassegnastampa-totustuus.it\/cattolica\/fuggito-da-oriente-per-vivere-assassinato-in-occidente-per-credere\/","og_site_name":"Rassegna Stampa Cattolica","article_publisher":"https:\/\/www.facebook.com\/rassegnastampacattolica","article_published_time":"2025-10-31T08:00:36+00:00","article_modified_time":"2025-10-31T08:01:35+00:00","og_image":[{"width":836,"height":540,"url":"https:\/\/www.rassegnastampa-totustuus.it\/cattolica\/wp-content\/uploads\/2025\/10\/cristiani_persecuzioni.jpg","type":"image\/jpeg"}],"author":"Redazione","twitter_card":"summary_large_image","twitter_creator":"@rassegnastampa9","twitter_site":"@rassegnastampa9","twitter_misc":{"Scritto da":"Redazione","Tempo di lettura stimato":"9 minuti"},"schema":{"@context":"https:\/\/schema.org","@graph":[{"@type":"Article","@id":"https:\/\/www.rassegnastampa-totustuus.it\/cattolica\/fuggito-da-oriente-per-vivere-assassinato-in-occidente-per-credere\/#article","isPartOf":{"@id":"https:\/\/www.rassegnastampa-totustuus.it\/cattolica\/fuggito-da-oriente-per-vivere-assassinato-in-occidente-per-credere\/"},"author":{"name":"Redazione","@id":"https:\/\/www.rassegnastampa-totustuus.it\/cattolica\/#\/schema\/person\/08f319d2bd1a0904ad9e2bfb7b15e5c3"},"headline":"Fuggito da Oriente per vivere, assassinato in Occidente per credere","datePublished":"2025-10-31T08:00:36+00:00","dateModified":"2025-10-31T08:01:35+00:00","mainEntityOfPage":{"@id":"https:\/\/www.rassegnastampa-totustuus.it\/cattolica\/fuggito-da-oriente-per-vivere-assassinato-in-occidente-per-credere\/"},"wordCount":1444,"publisher":{"@id":"https:\/\/www.rassegnastampa-totustuus.it\/cattolica\/#organization"},"image":{"@id":"https:\/\/www.rassegnastampa-totustuus.it\/cattolica\/fuggito-da-oriente-per-vivere-assassinato-in-occidente-per-credere\/#primaryimage"},"thumbnailUrl":"https:\/\/www.rassegnastampa-totustuus.it\/cattolica\/wp-content\/uploads\/2025\/10\/cristiani_persecuzioni.jpg","keywords":["persecuzioni"],"articleSection":["Europa e UE","Islam in Europa"],"inLanguage":"it-IT"},{"@type":"WebPage","@id":"https:\/\/www.rassegnastampa-totustuus.it\/cattolica\/fuggito-da-oriente-per-vivere-assassinato-in-occidente-per-credere\/","url":"https:\/\/www.rassegnastampa-totustuus.it\/cattolica\/fuggito-da-oriente-per-vivere-assassinato-in-occidente-per-credere\/","name":"Fuggito da Oriente per vivere, assassinato in Occidente per credere - Rassegna Stampa Cattolica","isPartOf":{"@id":"https:\/\/www.rassegnastampa-totustuus.it\/cattolica\/#website"},"primaryImageOfPage":{"@id":"https:\/\/www.rassegnastampa-totustuus.it\/cattolica\/fuggito-da-oriente-per-vivere-assassinato-in-occidente-per-credere\/#primaryimage"},"image":{"@id":"https:\/\/www.rassegnastampa-totustuus.it\/cattolica\/fuggito-da-oriente-per-vivere-assassinato-in-occidente-per-credere\/#primaryimage"},"thumbnailUrl":"https:\/\/www.rassegnastampa-totustuus.it\/cattolica\/wp-content\/uploads\/2025\/10\/cristiani_persecuzioni.jpg","datePublished":"2025-10-31T08:00:36+00:00","dateModified":"2025-10-31T08:01:35+00:00","description":"Fuggito da Oriente per vivere, assassinato in Occidente per credere. Scampato all'Isis, gli hanno tagliato la gola per la sua fede cristiana","breadcrumb":{"@id":"https:\/\/www.rassegnastampa-totustuus.it\/cattolica\/fuggito-da-oriente-per-vivere-assassinato-in-occidente-per-credere\/#breadcrumb"},"inLanguage":"it-IT","potentialAction":[{"@type":"ReadAction","target":["https:\/\/www.rassegnastampa-totustuus.it\/cattolica\/fuggito-da-oriente-per-vivere-assassinato-in-occidente-per-credere\/"]}]},{"@type":"ImageObject","inLanguage":"it-IT","@id":"https:\/\/www.rassegnastampa-totustuus.it\/cattolica\/fuggito-da-oriente-per-vivere-assassinato-in-occidente-per-credere\/#primaryimage","url":"https:\/\/www.rassegnastampa-totustuus.it\/cattolica\/wp-content\/uploads\/2025\/10\/cristiani_persecuzioni.jpg","contentUrl":"https:\/\/www.rassegnastampa-totustuus.it\/cattolica\/wp-content\/uploads\/2025\/10\/cristiani_persecuzioni.jpg","width":836,"height":540},{"@type":"BreadcrumbList","@id":"https:\/\/www.rassegnastampa-totustuus.it\/cattolica\/fuggito-da-oriente-per-vivere-assassinato-in-occidente-per-credere\/#breadcrumb","itemListElement":[{"@type":"ListItem","position":1,"name":"Home","item":"https:\/\/www.rassegnastampa-totustuus.it\/cattolica\/"},{"@type":"ListItem","position":2,"name":"Fuggito da Oriente per vivere, assassinato in Occidente per credere"}]},{"@type":"WebSite","@id":"https:\/\/www.rassegnastampa-totustuus.it\/cattolica\/#website","url":"https:\/\/www.rassegnastampa-totustuus.it\/cattolica\/","name":"Rassegna Stampa Cattolica","description":"Per una cultura che nasce dalla Rivelazione cristiana in conformit\u00e0 alla tradizione e al Magistero della Chiesa in opposizione ad ogni relativismo e totalitarismo","publisher":{"@id":"https:\/\/www.rassegnastampa-totustuus.it\/cattolica\/#organization"},"alternateName":"Rass. Cattolica","potentialAction":[{"@type":"SearchAction","target":{"@type":"EntryPoint","urlTemplate":"https:\/\/www.rassegnastampa-totustuus.it\/cattolica\/?s={search_term_string}"},"query-input":{"@type":"PropertyValueSpecification","valueRequired":true,"valueName":"search_term_string"}}],"inLanguage":"it-IT"},{"@type":"Organization","@id":"https:\/\/www.rassegnastampa-totustuus.it\/cattolica\/#organization","name":"Rassegna Stampa Cattolica","url":"https:\/\/www.rassegnastampa-totustuus.it\/cattolica\/","logo":{"@type":"ImageObject","inLanguage":"it-IT","@id":"https:\/\/www.rassegnastampa-totustuus.it\/cattolica\/#\/schema\/logo\/image\/","url":"https:\/\/www.rassegnastampa-totustuus.it\/cattolica\/wp-content\/uploads\/2014\/04\/logo-rassegna1.gif","contentUrl":"https:\/\/www.rassegnastampa-totustuus.it\/cattolica\/wp-content\/uploads\/2014\/04\/logo-rassegna1.gif","width":600,"height":163,"caption":"Rassegna Stampa Cattolica"},"image":{"@id":"https:\/\/www.rassegnastampa-totustuus.it\/cattolica\/#\/schema\/logo\/image\/"},"sameAs":["https:\/\/www.facebook.com\/rassegnastampacattolica","https:\/\/x.com\/rassegnastampa9"]},{"@type":"Person","@id":"https:\/\/www.rassegnastampa-totustuus.it\/cattolica\/#\/schema\/person\/08f319d2bd1a0904ad9e2bfb7b15e5c3","name":"Redazione","image":{"@type":"ImageObject","inLanguage":"it-IT","@id":"https:\/\/secure.gravatar.com\/avatar\/2fcdf27c78ea025fbdb44e914cc63c72249ffec9dc8aafd5c82b26240ef3f346?s=96&d=mm&r=g","url":"https:\/\/secure.gravatar.com\/avatar\/2fcdf27c78ea025fbdb44e914cc63c72249ffec9dc8aafd5c82b26240ef3f346?s=96&d=mm&r=g","contentUrl":"https:\/\/secure.gravatar.com\/avatar\/2fcdf27c78ea025fbdb44e914cc63c72249ffec9dc8aafd5c82b26240ef3f346?s=96&d=mm&r=g","caption":"Redazione"},"url":"https:\/\/www.rassegnastampa-totustuus.it\/cattolica\/author\/pietroelle\/"}]}},"_links":{"self":[{"href":"https:\/\/www.rassegnastampa-totustuus.it\/cattolica\/wp-json\/wp\/v2\/posts\/64027","targetHints":{"allow":["GET"]}}],"collection":[{"href":"https:\/\/www.rassegnastampa-totustuus.it\/cattolica\/wp-json\/wp\/v2\/posts"}],"about":[{"href":"https:\/\/www.rassegnastampa-totustuus.it\/cattolica\/wp-json\/wp\/v2\/types\/post"}],"author":[{"embeddable":true,"href":"https:\/\/www.rassegnastampa-totustuus.it\/cattolica\/wp-json\/wp\/v2\/users\/6"}],"replies":[{"embeddable":true,"href":"https:\/\/www.rassegnastampa-totustuus.it\/cattolica\/wp-json\/wp\/v2\/comments?post=64027"}],"version-history":[{"count":2,"href":"https:\/\/www.rassegnastampa-totustuus.it\/cattolica\/wp-json\/wp\/v2\/posts\/64027\/revisions"}],"predecessor-version":[{"id":64030,"href":"https:\/\/www.rassegnastampa-totustuus.it\/cattolica\/wp-json\/wp\/v2\/posts\/64027\/revisions\/64030"}],"wp:featuredmedia":[{"embeddable":true,"href":"https:\/\/www.rassegnastampa-totustuus.it\/cattolica\/wp-json\/wp\/v2\/media\/64028"}],"wp:attachment":[{"href":"https:\/\/www.rassegnastampa-totustuus.it\/cattolica\/wp-json\/wp\/v2\/media?parent=64027"}],"wp:term":[{"taxonomy":"category","embeddable":true,"href":"https:\/\/www.rassegnastampa-totustuus.it\/cattolica\/wp-json\/wp\/v2\/categories?post=64027"},{"taxonomy":"post_tag","embeddable":true,"href":"https:\/\/www.rassegnastampa-totustuus.it\/cattolica\/wp-json\/wp\/v2\/tags?post=64027"}],"curies":[{"name":"wp","href":"https:\/\/api.w.org\/{rel}","templated":true}]}}