{"id":64015,"date":"2025-10-28T10:43:16","date_gmt":"2025-10-28T09:43:16","guid":{"rendered":"https:\/\/www.rassegnastampa-totustuus.it\/cattolica\/?p=64015"},"modified":"2025-10-28T11:34:44","modified_gmt":"2025-10-28T10:34:44","slug":"thiebault-paul-linvasione-francese-del-regno-di-napoli-1798-1799-prefazione-di-massimo-viglione","status":"publish","type":"post","link":"https:\/\/www.rassegnastampa-totustuus.it\/cattolica\/thiebault-paul-linvasione-francese-del-regno-di-napoli-1798-1799-prefazione-di-massimo-viglione\/","title":{"rendered":"\u201cThi\u00e9bault Paul, L\u2019invasione francese del Regno di Napoli (1798-1799)\u201d Prefazione di Massimo Viglione"},"content":{"rendered":"\n<p class=\"has-text-align-center\"><a href=\"https:\/\/www.altaterradilavoro.com\/\" target=\"_blank\" rel=\"noreferrer noopener\"><strong>Alta Terra di Lavoro<\/strong> <\/a>26 Ottobre 2025<\/p>\n\n\n\n<p class=\"has-text-align-center\"><strong>Massimo Viglione<\/strong><\/p>\n\n\n\n<p><em>Di seguito la prefazione del prof. Massimo Viglione con una disamina storica sull\u2019invasione giacobina dell\u2019Italia e le conseguenti insorgenze antinapoleoniche<\/em> [nota di Rassegna Stampa]<\/p>\n\n\n<div class=\"wp-block-image\">\n<figure class=\"aligncenter size-full is-resized\"><a href=\"https:\/\/www.rassegnastampa-totustuus.it\/cattolica\/wp-content\/uploads\/2016\/02\/insorgenze.jpg\"><img loading=\"lazy\" decoding=\"async\" width=\"270\" height=\"187\" src=\"https:\/\/www.rassegnastampa-totustuus.it\/cattolica\/wp-content\/uploads\/2016\/02\/insorgenze.jpg\" alt=\"\" class=\"wp-image-30086\" style=\"width:408px;height:auto\"\/><\/a><\/figure><\/div>\n\n\n<!--more-->\n\n\n\n<p>Essendomi stato cortesemente posto dall\u2019editore l\u2019invito a redigere una prefazione di questa importante pubblicazione, e avendo preliminarmente letto la puntuale presentazione dell\u2019opera, dell\u2019autore e del relativo contesto storico fatta dal curatore Raimondo Rotondi, mi \u00e8 parso immediatamente evidente che un mio breve intervento, non avendo molto altro da aggiungere a quanto gi\u00e0 detto da Rotondi, doveva concernere il quadro storico generale nel quale si dipanano gli avvenimenti narrati nelle <em>M\u00e9moires<\/em> del generale Thi\u00e9boult, perch\u00e9 la conoscenza dello scenario della grande storia rimane condizione essenziale e non rinunciabile ai fini di una piena e corretta comprensione generale. Soprattutto quando si parla, come in questo caso, di fatti e protagonisti di quell\u2019immenso evento che fu la Rivoluzione Francese con la sua propaggine intrinseca e assolutamente decisiva da noi conosciuta come et\u00e0 napoleonica.<\/p>\n\n\n\n<p>Ovvero, gli eventi che hanno posto fine al mondo della Cristianit\u00e0 per proiettare gli europei \u2013 e a seguire progressivamente gran parte dell\u2019umanit\u00e0 \u2013 nell\u2019era delle rivoluzioni liberali e democratiche dell\u2019et\u00e0 denominata contemporanea e che contemporanea non \u00e8 pi\u00f9 da molto tempo.<\/p>\n\n\n\n<p>Pertanto, speriamo di essere utili al lettore schematizzando i punti fondamentali del contesto generale di queste <em>Memorie<\/em>.<\/p>\n\n\n<div class=\"wp-block-image\">\n<figure class=\"aligncenter size-full is-resized\"><a href=\"https:\/\/www.rassegnastampa-totustuus.it\/cattolica\/wp-content\/uploads\/2005\/09\/Rivoluzione-francese.jpg\"><img loading=\"lazy\" decoding=\"async\" width=\"210\" height=\"240\" src=\"https:\/\/www.rassegnastampa-totustuus.it\/cattolica\/wp-content\/uploads\/2005\/09\/Rivoluzione-francese.jpg\" alt=\"L'eroismo di crociati perseguitati e martiri\" class=\"wp-image-30787\" style=\"width:306px;height:auto\"\/><\/a><\/figure><\/div>\n\n\n<p>La Rivoluzione Francese, con tutto il suo carico ideologico e anti-cristiano, sia a livello politico-militare che religioso e sociale, viene esportata militarmente a partire dal 1796, ovvero con l\u2019inizio delle guerre napoleoniche di invasione degli antichi Stati europei. Il giovane generale Buonaparte invade anzitutto la Penisola italiana nella primavera, e con continue vittorie militari sconfigge e umilia il Regno di Sardegna e il Ducato di Parma e Piacenza (che sar\u00e0 sotto controllo diretto dei giacobini) e conquista il Ducato di Milano, il Ducato di Modena e Reggio, le Legazioni pontificie (Ferrara e Ravenna), la Repubblica di Genova, quindi il Veneto e il Trentino, cui fa poi seguito agli inizi del 1798 l\u2019occupazione del rimanente dello Stato Pontificio, con la presa di Roma il 10 febbraio.<\/p>\n\n\n\n<p>Tranne che in Piemonte e a Parma, ovunque i napoleonici abbatterono i governi legittimi tradizionali imponendo, grazie al collaborazionismo dei massoni e democratici indigeni, governi repubblicani e giacobini. Nacquero cos\u00ec le \u201crepubbliche sorelle\u201d: Cispadana (poi Cisalpina), Ligure, Romana. Il Veneto fu poi consegnato agli austro-imperiali con il Trattato di Campoformido il 17 ottobre 1797, mentre il Piemonte sar\u00e0 occupato nell\u2019autunno del 1798 (i Savoia si rifugeranno in Sardegna). Cos\u00ec, nell\u2019autunno del 1798 la Repubblica Francese rivoluzionaria aveva assoggettato, direttamente o indirettamente, tutta la Penisola (le due grandi isole non le conquister\u00e0 mai) eccetto quello che noi oggi chiamiamo \u201cTriveneto\u201d, la Toscana, che verr\u00e0 comunque conquistata nella primavera del 1799 e il Regno delle Due Sicilie.<\/p>\n\n\n<div class=\"wp-block-image\">\n<figure class=\"aligncenter size-full is-resized\"><a href=\"https:\/\/www.rassegnastampa-totustuus.it\/cattolica\/wp-content\/uploads\/2015\/08\/insorgenze_Tirolo.jpg\"><img loading=\"lazy\" decoding=\"async\" width=\"259\" height=\"194\" src=\"https:\/\/www.rassegnastampa-totustuus.it\/cattolica\/wp-content\/uploads\/2015\/08\/insorgenze_Tirolo.jpg\" alt=\"\" class=\"wp-image-30736\" style=\"width:397px;height:auto\"\/><\/a><\/figure><\/div>\n\n\n<p>Ovunque gli invasori, coadiuvati egregiamente dai giacobini indigeni, imposero leggi laiciste persecutorie della religione avita e del clero, mutarono le costituzioni in senso giacobino, imposero tasse enormi e svaligiarono i tesori di Stato, i beni della Chiesa e dei palazzi nobiliari portandosi via un numero enorme di opere d\u2019arte, in grandissima parte mai restituite e che costituiscono il nucleo essenziale del futuro Museo del Louvre. E rubarono non solo ai ricchi, ma anzitutto ai poveri, svuotando sempre i monti di piet\u00e0.<\/p>\n\n\n\n<p>Si tratt\u00f2 insomma non di una comune invasione come gli italiani avevano tante volte conosciuto nel passato (e comunque in un passato molto lontano, ormai, almeno di tre secoli), ma di una vera e propria guerra alla loro identit\u00e0 religiosa, civile, sociale. Spesso le chiese furono devastate, le reliquie distrutte, i tabernacoli con il Ss.mo Sacramento orrendamente profanati, non di rado conventi e monasteri femminili subirono violenza sessuale e i maschili uccisioni. Vi furono vescovi che dovettero montare la guardia la domenica mattina<\/p>\n\n\n\n<p>Il clero rimase per la maggior parte fedele al papa e alla societ\u00e0 del Trono e dell\u2019Altare, ma non pochi vescovi e cardinali manifestarono la loro simpatia per le idee rivoluzionarie democratico-repubblicane, provocando divisioni laceranti nel corpo delle popolazioni italiche, allora massicciamente ancora cattoliche e fedeli alla societ\u00e0 tradizionale.<\/p>\n\n\n<div class=\"wp-block-image\">\n<figure class=\"aligncenter size-full is-resized\"><a href=\"https:\/\/www.rassegnastampa-totustuus.it\/cattolica\/wp-content\/uploads\/2017\/07\/insorgenze-1.jpg\"><img loading=\"lazy\" decoding=\"async\" width=\"271\" height=\"186\" src=\"https:\/\/www.rassegnastampa-totustuus.it\/cattolica\/wp-content\/uploads\/2017\/07\/insorgenze-1.jpg\" alt=\"Insorgenze antinapoleoniche in Garfagnana\" class=\"wp-image-38189\" style=\"width:401px;height:auto\"\/><\/a><\/figure><\/div>\n\n\n<p>Immediatamente le popolazioni insorsero in armi contro l\u2019invasore e i suoi alleati indigeni, dando vita a quell\u2019immenso fenomeno chiamato \u201cInsorgenza\u201d anti-giacobima, formato da un numero grandissimo di insorgenze locali che non diedero mai pace ai rivoluzionari. \u00c8 la Controrivoluzione italiana, che vide insorgere, tra il 1796 e il 1814, con particolarissima intensit\u00e0 nel triennio 1796-99, almeno trecentomila uomini in armi, provocando la morte di almeno centomila di loro.<\/p>\n\n\n\n<p>Non vi fu zona invasa che non insorse in armi, costringendo gli invasori a repressioni feroci e inumane, aggravate dall\u2019odio ideologico dei giacobini locali: in tal senso, si pu\u00f2 parlare di prima guerra civile fra italiani, perch\u00e9 questi furono in guerra ideologica e militare ovunque giunse la Rivoluzione, sebbene gli aderenti al giacobinismo siano stati un\u2019infima, ma potente, minoranza.<\/p>\n\n\n\n<p>Solo per citare alcune delle principali insorgenze: Binasco, Pavia, Lugo, Verona (le \u201cPasque Veronesi\u201d), ma anche quelle delle vallate alpine venete e lombarde, quelle delle Liguria e in particolare della Romagna (che i francesi denominarono \u201cVand\u00e9e italienne\u201d in ricordo della controrivoluzione vandeana), e soprattutto quelle dei territori indomiti dell\u2019ex Stato Pontificio, sono il corollario di preparazione a quello che fu l\u2019anno chiave della Controrivoluzione italica, il 1799.<\/p>\n\n\n\n<p>In questo anno, a seguito degli eventi accennati in questo libro che presentiamo, insorge, a seguito dell\u2019invasione francese del Regno di Napoli e della costituzione della Repubblica Napoletana nel gennaio 1799, tutto il Meridione peninsulare in una guerra controrivoluzionaria terribile e irresistibile, fino alla riconquista di Napoli e alla caduta della Repubblica con la restaurazione dei Borbone sul Trono, il 13 giugno 1799.<\/p>\n\n\n<div class=\"wp-block-image\">\n<figure class=\"aligncenter size-full is-resized\"><a href=\"https:\/\/www.rassegnastampa-totustuus.it\/cattolica\/wp-content\/uploads\/2025\/05\/giacobini_francesi_insorgenze.jpg\"><img loading=\"lazy\" decoding=\"async\" width=\"244\" height=\"180\" src=\"https:\/\/www.rassegnastampa-totustuus.it\/cattolica\/wp-content\/uploads\/2025\/05\/giacobini_francesi_insorgenze.jpg\" alt=\"\" class=\"wp-image-62572\" style=\"width:440px;height:auto\"\/><\/a><\/figure><\/div>\n\n\n<p>Nel frattempo, insorgeva anche la Toscana a seguito dei Viva Maria aretini, che guidarono la riconquista del Granducato, mentre nel nord le popolazioni insorgevano grazie alla contro-invasione degli eserciti austro-russi venuti a riportare l\u2019ordine in Italia, sia in Piemonte che nei territori della Cisalpina. Gli aretini da nord e i sanfedisti da Sud del cardinale Fabrizio Ruffo, che aveva riconquistato il Regno borbonico, marciarono poi su Roma e la liberarono restaurando lo Stato Pontificio.<\/p>\n\n\n\n<p>Per questo il 1799 pu\u00f2 considerarsi l\u2019anno della Controrivoluzione in Italia, e fu una controrivoluzione totalmente vincente: agli inizi dell\u2019anno tutta la Penisola (eccetto come detto il Triveneto) era sotto i francesi, alla fine di settembre non v\u2019era pi\u00f9 un francese occupante in Italia.<\/p>\n\n\n\n<p>Questa storia \u00e8 ancora del tutto sconosciuta a moltissimi, perch\u00e9 non viene insegnata nelle scuole n\u00e9 narrata in alcuna maniera, eccetto dai pochi studiosi che l\u2019hanno divulgata, per l\u2019ovvia ragione che la grandissima parte degli italiani si schierarono in armi contro la Rivoluzione Francese e i suoi ideali laicisti e repubblicani in difesa della societ\u00e0 tradizionale del Trono e dell\u2019Altare. Per questo la pubblicazione delle&nbsp;<em>Memorie<\/em>&nbsp;di un protagonista militare dei quei giorni, per di pi\u00f9 di parte francese, costituisce una testimonianza eccellente (sciocchezze ideologizzate a parte).<\/p>\n\n\n\n<p>La sprovvedutissima decisione di Ferdinando IV di Borbone, nell\u2019autunno 1798, di invadere la Repubblica Romana per restaurare il papa fornisce il desideratissimo pretesto ai napoleonici per conquistare anche il Regno di Napoli, cosa che faranno in maniera talmente facile che \u00e8 impossibile non far nascere il sospetto del tradimento nelle gerarchie militari borboniche, a partire da quel meschino personaggio di Mack. Ma i francesi incontreranno anche nel Regno, soprattutto e come non mai prima, quella resistenza militare popolare degli italiani fedeli al Trono e all\u2019Altare, alla propria identit\u00e0 religiosa, politiche e sociale, che li costringer\u00e0 al ritiro e all\u2019abbandono dei repubblicani partenopei al loro tragico destino. Nello specifico degli eventi del Meridione, l\u2019Insorgenza prender\u00e0 il nome di \u201cSanfedismo\u201d, derivato dall\u2019Armata Cattolica e Reale della Santa Fede costituita e guidata dal cardinale Fabrizio Ruffo per riconquistare, come detto, il Regno.<\/p>\n\n\n<div class=\"wp-block-image\">\n<figure class=\"aligncenter size-full is-resized\"><a href=\"https:\/\/www.rassegnastampa-totustuus.it\/cattolica\/wp-content\/uploads\/2017\/07\/insorgenze_Napoli.jpg\"><img loading=\"lazy\" decoding=\"async\" width=\"287\" height=\"162\" src=\"https:\/\/www.rassegnastampa-totustuus.it\/cattolica\/wp-content\/uploads\/2017\/07\/insorgenze_Napoli.jpg\" alt=\"\" class=\"wp-image-53075\" style=\"width:403px;height:auto\"\/><\/a><\/figure><\/div>\n\n\n<p>I rivoluzionari definiranno i resistenti e veri patrioti come \u201cbriganti\u201d, come avevano gi\u00e0 fatto in Vandea, usurpando loro il titolo di patrioti. Ma i veri patrioti erano proprio coloro che difendevano la loro patria invasa e assalita fin nelle fondamenta della propria identit\u00e0 civile e religiosa.<\/p>\n\n\n\n<p>Per concludere, ringraziamo l\u2019editore e il curatore per la ripubblicazione di queste Memorie di un protagonista militare di quei giorni, perch\u00e9 costituiscono importante testimonianza \u2013 sebbene ovviamente pienamente di parte filorivoluzionaria, ma forse proprio per questo ancora pi\u00f9 utile \u2013 necessaria oggi per tenere viva e diffondere sempre pi\u00f9 la conoscenza e il ricordo dell\u2019eroica resistenza controrivoluzionaria degli italiani di quei giorni, i primi, dopo i vandeani, a prendere le armi coraggiosamente per ricacciare l\u2019invasore rivoluzionario, sovversivo, stragista e ladro.<\/p>\n\n\n\n<p>Oggi una Contro-rivoluzione, infinitamente pi\u00f9 necessaria di ieri visti i tempi che viviamo, non pu\u00f2 avvenire con \u201cscoppette\u201d, fucili, zappe e bastoni: ma lo spirito degli insorgenti di allora deve animare tutti gli uomini di buona volont\u00e0 alla reazione, con gli adeguati e possibili strumenti odierni, contro la dissoluzione rivoluzionaria in atto.<\/p>\n\n\n\n<p class=\"has-text-align-right\"><em>Massimo Viglione<\/em> 6 gennaio 2024<\/p>\n","protected":false},"excerpt":{"rendered":"<p>Alta Terra di Lavoro 26 Ottobre 2025 Massimo Viglione Di seguito la prefazione del prof. Massimo Viglione con una disamina storica sull\u2019invasione giacobina dell\u2019Italia e le conseguenti insorgenze antinapoleoniche [nota di Rassegna Stampa]<\/p><p><a class=\"more-link btn\" href=\"https:\/\/www.rassegnastampa-totustuus.it\/cattolica\/thiebault-paul-linvasione-francese-del-regno-di-napoli-1798-1799-prefazione-di-massimo-viglione\/\">Continua a leggere<\/a><\/p>\n","protected":false},"author":6,"featured_media":53076,"comment_status":"closed","ping_status":"closed","sticky":false,"template":"","format":"standard","meta":{"footnotes":""},"categories":[99,24,96],"tags":[1053,1029],"class_list":["post-64015","post","type-post","status-publish","format-standard","has-post-thumbnail","hentry","category-insorgenze","category-storia","category-storia-italiana","tag-giacobini","tag-regno-delle-due-sicilie","item-wrap"],"yoast_head":"<!-- This site is optimized with the Yoast SEO plugin v27.5 - https:\/\/yoast.com\/product\/yoast-seo-wordpress\/ -->\n<title>\u201cThi\u00e9bault Paul, L\u2019invasione francese del Regno di Napoli (1798-1799)\u201d Prefazione di Massimo Viglione - Rassegna Stampa Cattolica<\/title>\n<meta name=\"description\" content=\"\u201cThi\u00e9bault Paul, L\u2019invasione francese del Regno di Napoli (1798-1799)\u201d Massimo Viglione fa una disamina delle rivolte antigiacobine\" \/>\n<meta name=\"robots\" content=\"index, follow, max-snippet:-1, max-image-preview:large, max-video-preview:-1\" \/>\n<link rel=\"canonical\" href=\"https:\/\/www.rassegnastampa-totustuus.it\/cattolica\/thiebault-paul-linvasione-francese-del-regno-di-napoli-1798-1799-prefazione-di-massimo-viglione\/\" \/>\n<meta property=\"og:locale\" content=\"it_IT\" \/>\n<meta property=\"og:type\" content=\"article\" \/>\n<meta property=\"og:title\" content=\"\u201cThi\u00e9bault Paul, L\u2019invasione francese del Regno di Napoli (1798-1799)\u201d Prefazione di Massimo Viglione - Rassegna Stampa Cattolica\" \/>\n<meta property=\"og:description\" content=\"\u201cThi\u00e9bault Paul, L\u2019invasione francese del Regno di Napoli (1798-1799)\u201d Massimo Viglione fa una disamina delle rivolte antigiacobine\" \/>\n<meta property=\"og:url\" content=\"https:\/\/www.rassegnastampa-totustuus.it\/cattolica\/thiebault-paul-linvasione-francese-del-regno-di-napoli-1798-1799-prefazione-di-massimo-viglione\/\" \/>\n<meta property=\"og:site_name\" content=\"Rassegna Stampa Cattolica\" \/>\n<meta property=\"article:publisher\" content=\"https:\/\/www.facebook.com\/rassegnastampacattolica\" \/>\n<meta property=\"article:published_time\" content=\"2025-10-28T09:43:16+00:00\" \/>\n<meta property=\"article:modified_time\" content=\"2025-10-28T10:34:44+00:00\" \/>\n<meta property=\"og:image\" content=\"https:\/\/www.rassegnastampa-totustuus.it\/cattolica\/wp-content\/uploads\/2017\/07\/napoleone_francesi_insorgenze.jpg\" \/>\n\t<meta property=\"og:image:width\" content=\"260\" \/>\n\t<meta property=\"og:image:height\" content=\"186\" \/>\n\t<meta property=\"og:image:type\" content=\"image\/jpeg\" \/>\n<meta name=\"author\" content=\"Redazione\" \/>\n<meta name=\"twitter:card\" content=\"summary_large_image\" \/>\n<meta name=\"twitter:creator\" content=\"@rassegnastampa9\" \/>\n<meta name=\"twitter:site\" content=\"@rassegnastampa9\" \/>\n<meta name=\"twitter:label1\" content=\"Scritto da\" \/>\n\t<meta name=\"twitter:data1\" content=\"Redazione\" \/>\n\t<meta name=\"twitter:label2\" content=\"Tempo di lettura stimato\" \/>\n\t<meta name=\"twitter:data2\" content=\"10 minuti\" \/>\n<script type=\"application\/ld+json\" class=\"yoast-schema-graph\">{\"@context\":\"https:\\\/\\\/schema.org\",\"@graph\":[{\"@type\":\"Article\",\"@id\":\"https:\\\/\\\/www.rassegnastampa-totustuus.it\\\/cattolica\\\/thiebault-paul-linvasione-francese-del-regno-di-napoli-1798-1799-prefazione-di-massimo-viglione\\\/#article\",\"isPartOf\":{\"@id\":\"https:\\\/\\\/www.rassegnastampa-totustuus.it\\\/cattolica\\\/thiebault-paul-linvasione-francese-del-regno-di-napoli-1798-1799-prefazione-di-massimo-viglione\\\/\"},\"author\":{\"name\":\"Redazione\",\"@id\":\"https:\\\/\\\/www.rassegnastampa-totustuus.it\\\/cattolica\\\/#\\\/schema\\\/person\\\/08f319d2bd1a0904ad9e2bfb7b15e5c3\"},\"headline\":\"\u201cThi\u00e9bault Paul, L\u2019invasione francese del Regno di Napoli (1798-1799)\u201d Prefazione di Massimo Viglione\",\"datePublished\":\"2025-10-28T09:43:16+00:00\",\"dateModified\":\"2025-10-28T10:34:44+00:00\",\"mainEntityOfPage\":{\"@id\":\"https:\\\/\\\/www.rassegnastampa-totustuus.it\\\/cattolica\\\/thiebault-paul-linvasione-francese-del-regno-di-napoli-1798-1799-prefazione-di-massimo-viglione\\\/\"},\"wordCount\":1489,\"publisher\":{\"@id\":\"https:\\\/\\\/www.rassegnastampa-totustuus.it\\\/cattolica\\\/#organization\"},\"image\":{\"@id\":\"https:\\\/\\\/www.rassegnastampa-totustuus.it\\\/cattolica\\\/thiebault-paul-linvasione-francese-del-regno-di-napoli-1798-1799-prefazione-di-massimo-viglione\\\/#primaryimage\"},\"thumbnailUrl\":\"https:\\\/\\\/www.rassegnastampa-totustuus.it\\\/cattolica\\\/wp-content\\\/uploads\\\/2017\\\/07\\\/napoleone_francesi_insorgenze.jpg\",\"keywords\":[\"giacobini\",\"Regno delle Due Sicilie\"],\"articleSection\":[\"Insorgenze\",\"Storia\",\"Storia italiana\"],\"inLanguage\":\"it-IT\"},{\"@type\":\"WebPage\",\"@id\":\"https:\\\/\\\/www.rassegnastampa-totustuus.it\\\/cattolica\\\/thiebault-paul-linvasione-francese-del-regno-di-napoli-1798-1799-prefazione-di-massimo-viglione\\\/\",\"url\":\"https:\\\/\\\/www.rassegnastampa-totustuus.it\\\/cattolica\\\/thiebault-paul-linvasione-francese-del-regno-di-napoli-1798-1799-prefazione-di-massimo-viglione\\\/\",\"name\":\"\u201cThi\u00e9bault Paul, L\u2019invasione francese del Regno di Napoli (1798-1799)\u201d Prefazione di Massimo Viglione - Rassegna Stampa Cattolica\",\"isPartOf\":{\"@id\":\"https:\\\/\\\/www.rassegnastampa-totustuus.it\\\/cattolica\\\/#website\"},\"primaryImageOfPage\":{\"@id\":\"https:\\\/\\\/www.rassegnastampa-totustuus.it\\\/cattolica\\\/thiebault-paul-linvasione-francese-del-regno-di-napoli-1798-1799-prefazione-di-massimo-viglione\\\/#primaryimage\"},\"image\":{\"@id\":\"https:\\\/\\\/www.rassegnastampa-totustuus.it\\\/cattolica\\\/thiebault-paul-linvasione-francese-del-regno-di-napoli-1798-1799-prefazione-di-massimo-viglione\\\/#primaryimage\"},\"thumbnailUrl\":\"https:\\\/\\\/www.rassegnastampa-totustuus.it\\\/cattolica\\\/wp-content\\\/uploads\\\/2017\\\/07\\\/napoleone_francesi_insorgenze.jpg\",\"datePublished\":\"2025-10-28T09:43:16+00:00\",\"dateModified\":\"2025-10-28T10:34:44+00:00\",\"description\":\"\u201cThi\u00e9bault Paul, L\u2019invasione francese del Regno di Napoli (1798-1799)\u201d Massimo Viglione fa una disamina delle rivolte antigiacobine\",\"breadcrumb\":{\"@id\":\"https:\\\/\\\/www.rassegnastampa-totustuus.it\\\/cattolica\\\/thiebault-paul-linvasione-francese-del-regno-di-napoli-1798-1799-prefazione-di-massimo-viglione\\\/#breadcrumb\"},\"inLanguage\":\"it-IT\",\"potentialAction\":[{\"@type\":\"ReadAction\",\"target\":[\"https:\\\/\\\/www.rassegnastampa-totustuus.it\\\/cattolica\\\/thiebault-paul-linvasione-francese-del-regno-di-napoli-1798-1799-prefazione-di-massimo-viglione\\\/\"]}]},{\"@type\":\"ImageObject\",\"inLanguage\":\"it-IT\",\"@id\":\"https:\\\/\\\/www.rassegnastampa-totustuus.it\\\/cattolica\\\/thiebault-paul-linvasione-francese-del-regno-di-napoli-1798-1799-prefazione-di-massimo-viglione\\\/#primaryimage\",\"url\":\"https:\\\/\\\/www.rassegnastampa-totustuus.it\\\/cattolica\\\/wp-content\\\/uploads\\\/2017\\\/07\\\/napoleone_francesi_insorgenze.jpg\",\"contentUrl\":\"https:\\\/\\\/www.rassegnastampa-totustuus.it\\\/cattolica\\\/wp-content\\\/uploads\\\/2017\\\/07\\\/napoleone_francesi_insorgenze.jpg\",\"width\":260,\"height\":186},{\"@type\":\"BreadcrumbList\",\"@id\":\"https:\\\/\\\/www.rassegnastampa-totustuus.it\\\/cattolica\\\/thiebault-paul-linvasione-francese-del-regno-di-napoli-1798-1799-prefazione-di-massimo-viglione\\\/#breadcrumb\",\"itemListElement\":[{\"@type\":\"ListItem\",\"position\":1,\"name\":\"Home\",\"item\":\"https:\\\/\\\/www.rassegnastampa-totustuus.it\\\/cattolica\\\/\"},{\"@type\":\"ListItem\",\"position\":2,\"name\":\"\u201cThi\u00e9bault Paul, L\u2019invasione francese del Regno di Napoli (1798-1799)\u201d Prefazione di Massimo Viglione\"}]},{\"@type\":\"WebSite\",\"@id\":\"https:\\\/\\\/www.rassegnastampa-totustuus.it\\\/cattolica\\\/#website\",\"url\":\"https:\\\/\\\/www.rassegnastampa-totustuus.it\\\/cattolica\\\/\",\"name\":\"Rassegna Stampa Cattolica\",\"description\":\"Per una cultura che nasce dalla Rivelazione cristiana in conformit\u00e0 alla tradizione e al Magistero della Chiesa in opposizione ad ogni relativismo e totalitarismo\",\"publisher\":{\"@id\":\"https:\\\/\\\/www.rassegnastampa-totustuus.it\\\/cattolica\\\/#organization\"},\"alternateName\":\"Rass. Cattolica\",\"potentialAction\":[{\"@type\":\"SearchAction\",\"target\":{\"@type\":\"EntryPoint\",\"urlTemplate\":\"https:\\\/\\\/www.rassegnastampa-totustuus.it\\\/cattolica\\\/?s={search_term_string}\"},\"query-input\":{\"@type\":\"PropertyValueSpecification\",\"valueRequired\":true,\"valueName\":\"search_term_string\"}}],\"inLanguage\":\"it-IT\"},{\"@type\":\"Organization\",\"@id\":\"https:\\\/\\\/www.rassegnastampa-totustuus.it\\\/cattolica\\\/#organization\",\"name\":\"Rassegna Stampa Cattolica\",\"url\":\"https:\\\/\\\/www.rassegnastampa-totustuus.it\\\/cattolica\\\/\",\"logo\":{\"@type\":\"ImageObject\",\"inLanguage\":\"it-IT\",\"@id\":\"https:\\\/\\\/www.rassegnastampa-totustuus.it\\\/cattolica\\\/#\\\/schema\\\/logo\\\/image\\\/\",\"url\":\"https:\\\/\\\/www.rassegnastampa-totustuus.it\\\/cattolica\\\/wp-content\\\/uploads\\\/2014\\\/04\\\/logo-rassegna1.gif\",\"contentUrl\":\"https:\\\/\\\/www.rassegnastampa-totustuus.it\\\/cattolica\\\/wp-content\\\/uploads\\\/2014\\\/04\\\/logo-rassegna1.gif\",\"width\":600,\"height\":163,\"caption\":\"Rassegna Stampa Cattolica\"},\"image\":{\"@id\":\"https:\\\/\\\/www.rassegnastampa-totustuus.it\\\/cattolica\\\/#\\\/schema\\\/logo\\\/image\\\/\"},\"sameAs\":[\"https:\\\/\\\/www.facebook.com\\\/rassegnastampacattolica\",\"https:\\\/\\\/x.com\\\/rassegnastampa9\"]},{\"@type\":\"Person\",\"@id\":\"https:\\\/\\\/www.rassegnastampa-totustuus.it\\\/cattolica\\\/#\\\/schema\\\/person\\\/08f319d2bd1a0904ad9e2bfb7b15e5c3\",\"name\":\"Redazione\",\"image\":{\"@type\":\"ImageObject\",\"inLanguage\":\"it-IT\",\"@id\":\"https:\\\/\\\/secure.gravatar.com\\\/avatar\\\/2fcdf27c78ea025fbdb44e914cc63c72249ffec9dc8aafd5c82b26240ef3f346?s=96&d=mm&r=g\",\"url\":\"https:\\\/\\\/secure.gravatar.com\\\/avatar\\\/2fcdf27c78ea025fbdb44e914cc63c72249ffec9dc8aafd5c82b26240ef3f346?s=96&d=mm&r=g\",\"contentUrl\":\"https:\\\/\\\/secure.gravatar.com\\\/avatar\\\/2fcdf27c78ea025fbdb44e914cc63c72249ffec9dc8aafd5c82b26240ef3f346?s=96&d=mm&r=g\",\"caption\":\"Redazione\"},\"url\":\"https:\\\/\\\/www.rassegnastampa-totustuus.it\\\/cattolica\\\/author\\\/pietroelle\\\/\"}]}<\/script>\n<!-- \/ Yoast SEO plugin. -->","yoast_head_json":{"title":"\u201cThi\u00e9bault Paul, L\u2019invasione francese del Regno di Napoli (1798-1799)\u201d Prefazione di Massimo Viglione - Rassegna Stampa Cattolica","description":"\u201cThi\u00e9bault Paul, L\u2019invasione francese del Regno di Napoli (1798-1799)\u201d Massimo Viglione fa una disamina delle rivolte antigiacobine","robots":{"index":"index","follow":"follow","max-snippet":"max-snippet:-1","max-image-preview":"max-image-preview:large","max-video-preview":"max-video-preview:-1"},"canonical":"https:\/\/www.rassegnastampa-totustuus.it\/cattolica\/thiebault-paul-linvasione-francese-del-regno-di-napoli-1798-1799-prefazione-di-massimo-viglione\/","og_locale":"it_IT","og_type":"article","og_title":"\u201cThi\u00e9bault Paul, L\u2019invasione francese del Regno di Napoli (1798-1799)\u201d Prefazione di Massimo Viglione - Rassegna Stampa Cattolica","og_description":"\u201cThi\u00e9bault Paul, L\u2019invasione francese del Regno di Napoli (1798-1799)\u201d Massimo Viglione fa una disamina delle rivolte antigiacobine","og_url":"https:\/\/www.rassegnastampa-totustuus.it\/cattolica\/thiebault-paul-linvasione-francese-del-regno-di-napoli-1798-1799-prefazione-di-massimo-viglione\/","og_site_name":"Rassegna Stampa Cattolica","article_publisher":"https:\/\/www.facebook.com\/rassegnastampacattolica","article_published_time":"2025-10-28T09:43:16+00:00","article_modified_time":"2025-10-28T10:34:44+00:00","og_image":[{"width":260,"height":186,"url":"https:\/\/www.rassegnastampa-totustuus.it\/cattolica\/wp-content\/uploads\/2017\/07\/napoleone_francesi_insorgenze.jpg","type":"image\/jpeg"}],"author":"Redazione","twitter_card":"summary_large_image","twitter_creator":"@rassegnastampa9","twitter_site":"@rassegnastampa9","twitter_misc":{"Scritto da":"Redazione","Tempo di lettura stimato":"10 minuti"},"schema":{"@context":"https:\/\/schema.org","@graph":[{"@type":"Article","@id":"https:\/\/www.rassegnastampa-totustuus.it\/cattolica\/thiebault-paul-linvasione-francese-del-regno-di-napoli-1798-1799-prefazione-di-massimo-viglione\/#article","isPartOf":{"@id":"https:\/\/www.rassegnastampa-totustuus.it\/cattolica\/thiebault-paul-linvasione-francese-del-regno-di-napoli-1798-1799-prefazione-di-massimo-viglione\/"},"author":{"name":"Redazione","@id":"https:\/\/www.rassegnastampa-totustuus.it\/cattolica\/#\/schema\/person\/08f319d2bd1a0904ad9e2bfb7b15e5c3"},"headline":"\u201cThi\u00e9bault Paul, L\u2019invasione francese del Regno di Napoli (1798-1799)\u201d Prefazione di Massimo Viglione","datePublished":"2025-10-28T09:43:16+00:00","dateModified":"2025-10-28T10:34:44+00:00","mainEntityOfPage":{"@id":"https:\/\/www.rassegnastampa-totustuus.it\/cattolica\/thiebault-paul-linvasione-francese-del-regno-di-napoli-1798-1799-prefazione-di-massimo-viglione\/"},"wordCount":1489,"publisher":{"@id":"https:\/\/www.rassegnastampa-totustuus.it\/cattolica\/#organization"},"image":{"@id":"https:\/\/www.rassegnastampa-totustuus.it\/cattolica\/thiebault-paul-linvasione-francese-del-regno-di-napoli-1798-1799-prefazione-di-massimo-viglione\/#primaryimage"},"thumbnailUrl":"https:\/\/www.rassegnastampa-totustuus.it\/cattolica\/wp-content\/uploads\/2017\/07\/napoleone_francesi_insorgenze.jpg","keywords":["giacobini","Regno delle Due Sicilie"],"articleSection":["Insorgenze","Storia","Storia italiana"],"inLanguage":"it-IT"},{"@type":"WebPage","@id":"https:\/\/www.rassegnastampa-totustuus.it\/cattolica\/thiebault-paul-linvasione-francese-del-regno-di-napoli-1798-1799-prefazione-di-massimo-viglione\/","url":"https:\/\/www.rassegnastampa-totustuus.it\/cattolica\/thiebault-paul-linvasione-francese-del-regno-di-napoli-1798-1799-prefazione-di-massimo-viglione\/","name":"\u201cThi\u00e9bault Paul, L\u2019invasione francese del Regno di Napoli (1798-1799)\u201d Prefazione di Massimo Viglione - Rassegna Stampa Cattolica","isPartOf":{"@id":"https:\/\/www.rassegnastampa-totustuus.it\/cattolica\/#website"},"primaryImageOfPage":{"@id":"https:\/\/www.rassegnastampa-totustuus.it\/cattolica\/thiebault-paul-linvasione-francese-del-regno-di-napoli-1798-1799-prefazione-di-massimo-viglione\/#primaryimage"},"image":{"@id":"https:\/\/www.rassegnastampa-totustuus.it\/cattolica\/thiebault-paul-linvasione-francese-del-regno-di-napoli-1798-1799-prefazione-di-massimo-viglione\/#primaryimage"},"thumbnailUrl":"https:\/\/www.rassegnastampa-totustuus.it\/cattolica\/wp-content\/uploads\/2017\/07\/napoleone_francesi_insorgenze.jpg","datePublished":"2025-10-28T09:43:16+00:00","dateModified":"2025-10-28T10:34:44+00:00","description":"\u201cThi\u00e9bault Paul, L\u2019invasione francese del Regno di Napoli (1798-1799)\u201d Massimo Viglione fa una disamina delle rivolte antigiacobine","breadcrumb":{"@id":"https:\/\/www.rassegnastampa-totustuus.it\/cattolica\/thiebault-paul-linvasione-francese-del-regno-di-napoli-1798-1799-prefazione-di-massimo-viglione\/#breadcrumb"},"inLanguage":"it-IT","potentialAction":[{"@type":"ReadAction","target":["https:\/\/www.rassegnastampa-totustuus.it\/cattolica\/thiebault-paul-linvasione-francese-del-regno-di-napoli-1798-1799-prefazione-di-massimo-viglione\/"]}]},{"@type":"ImageObject","inLanguage":"it-IT","@id":"https:\/\/www.rassegnastampa-totustuus.it\/cattolica\/thiebault-paul-linvasione-francese-del-regno-di-napoli-1798-1799-prefazione-di-massimo-viglione\/#primaryimage","url":"https:\/\/www.rassegnastampa-totustuus.it\/cattolica\/wp-content\/uploads\/2017\/07\/napoleone_francesi_insorgenze.jpg","contentUrl":"https:\/\/www.rassegnastampa-totustuus.it\/cattolica\/wp-content\/uploads\/2017\/07\/napoleone_francesi_insorgenze.jpg","width":260,"height":186},{"@type":"BreadcrumbList","@id":"https:\/\/www.rassegnastampa-totustuus.it\/cattolica\/thiebault-paul-linvasione-francese-del-regno-di-napoli-1798-1799-prefazione-di-massimo-viglione\/#breadcrumb","itemListElement":[{"@type":"ListItem","position":1,"name":"Home","item":"https:\/\/www.rassegnastampa-totustuus.it\/cattolica\/"},{"@type":"ListItem","position":2,"name":"\u201cThi\u00e9bault Paul, L\u2019invasione francese del Regno di Napoli (1798-1799)\u201d Prefazione di Massimo Viglione"}]},{"@type":"WebSite","@id":"https:\/\/www.rassegnastampa-totustuus.it\/cattolica\/#website","url":"https:\/\/www.rassegnastampa-totustuus.it\/cattolica\/","name":"Rassegna Stampa Cattolica","description":"Per una cultura che nasce dalla Rivelazione cristiana in conformit\u00e0 alla tradizione e al Magistero della Chiesa in opposizione ad ogni relativismo e totalitarismo","publisher":{"@id":"https:\/\/www.rassegnastampa-totustuus.it\/cattolica\/#organization"},"alternateName":"Rass. Cattolica","potentialAction":[{"@type":"SearchAction","target":{"@type":"EntryPoint","urlTemplate":"https:\/\/www.rassegnastampa-totustuus.it\/cattolica\/?s={search_term_string}"},"query-input":{"@type":"PropertyValueSpecification","valueRequired":true,"valueName":"search_term_string"}}],"inLanguage":"it-IT"},{"@type":"Organization","@id":"https:\/\/www.rassegnastampa-totustuus.it\/cattolica\/#organization","name":"Rassegna Stampa Cattolica","url":"https:\/\/www.rassegnastampa-totustuus.it\/cattolica\/","logo":{"@type":"ImageObject","inLanguage":"it-IT","@id":"https:\/\/www.rassegnastampa-totustuus.it\/cattolica\/#\/schema\/logo\/image\/","url":"https:\/\/www.rassegnastampa-totustuus.it\/cattolica\/wp-content\/uploads\/2014\/04\/logo-rassegna1.gif","contentUrl":"https:\/\/www.rassegnastampa-totustuus.it\/cattolica\/wp-content\/uploads\/2014\/04\/logo-rassegna1.gif","width":600,"height":163,"caption":"Rassegna Stampa Cattolica"},"image":{"@id":"https:\/\/www.rassegnastampa-totustuus.it\/cattolica\/#\/schema\/logo\/image\/"},"sameAs":["https:\/\/www.facebook.com\/rassegnastampacattolica","https:\/\/x.com\/rassegnastampa9"]},{"@type":"Person","@id":"https:\/\/www.rassegnastampa-totustuus.it\/cattolica\/#\/schema\/person\/08f319d2bd1a0904ad9e2bfb7b15e5c3","name":"Redazione","image":{"@type":"ImageObject","inLanguage":"it-IT","@id":"https:\/\/secure.gravatar.com\/avatar\/2fcdf27c78ea025fbdb44e914cc63c72249ffec9dc8aafd5c82b26240ef3f346?s=96&d=mm&r=g","url":"https:\/\/secure.gravatar.com\/avatar\/2fcdf27c78ea025fbdb44e914cc63c72249ffec9dc8aafd5c82b26240ef3f346?s=96&d=mm&r=g","contentUrl":"https:\/\/secure.gravatar.com\/avatar\/2fcdf27c78ea025fbdb44e914cc63c72249ffec9dc8aafd5c82b26240ef3f346?s=96&d=mm&r=g","caption":"Redazione"},"url":"https:\/\/www.rassegnastampa-totustuus.it\/cattolica\/author\/pietroelle\/"}]}},"_links":{"self":[{"href":"https:\/\/www.rassegnastampa-totustuus.it\/cattolica\/wp-json\/wp\/v2\/posts\/64015","targetHints":{"allow":["GET"]}}],"collection":[{"href":"https:\/\/www.rassegnastampa-totustuus.it\/cattolica\/wp-json\/wp\/v2\/posts"}],"about":[{"href":"https:\/\/www.rassegnastampa-totustuus.it\/cattolica\/wp-json\/wp\/v2\/types\/post"}],"author":[{"embeddable":true,"href":"https:\/\/www.rassegnastampa-totustuus.it\/cattolica\/wp-json\/wp\/v2\/users\/6"}],"replies":[{"embeddable":true,"href":"https:\/\/www.rassegnastampa-totustuus.it\/cattolica\/wp-json\/wp\/v2\/comments?post=64015"}],"version-history":[{"count":2,"href":"https:\/\/www.rassegnastampa-totustuus.it\/cattolica\/wp-json\/wp\/v2\/posts\/64015\/revisions"}],"predecessor-version":[{"id":64017,"href":"https:\/\/www.rassegnastampa-totustuus.it\/cattolica\/wp-json\/wp\/v2\/posts\/64015\/revisions\/64017"}],"wp:featuredmedia":[{"embeddable":true,"href":"https:\/\/www.rassegnastampa-totustuus.it\/cattolica\/wp-json\/wp\/v2\/media\/53076"}],"wp:attachment":[{"href":"https:\/\/www.rassegnastampa-totustuus.it\/cattolica\/wp-json\/wp\/v2\/media?parent=64015"}],"wp:term":[{"taxonomy":"category","embeddable":true,"href":"https:\/\/www.rassegnastampa-totustuus.it\/cattolica\/wp-json\/wp\/v2\/categories?post=64015"},{"taxonomy":"post_tag","embeddable":true,"href":"https:\/\/www.rassegnastampa-totustuus.it\/cattolica\/wp-json\/wp\/v2\/tags?post=64015"}],"curies":[{"name":"wp","href":"https:\/\/api.w.org\/{rel}","templated":true}]}}