{"id":64008,"date":"2025-10-28T08:45:44","date_gmt":"2025-10-28T07:45:44","guid":{"rendered":"https:\/\/www.rassegnastampa-totustuus.it\/cattolica\/?p=64008"},"modified":"2025-10-28T08:45:45","modified_gmt":"2025-10-28T07:45:45","slug":"ogni-diritto-in-piu-e-una-liberta-in-meno","status":"publish","type":"post","link":"https:\/\/www.rassegnastampa-totustuus.it\/cattolica\/ogni-diritto-in-piu-e-una-liberta-in-meno\/","title":{"rendered":"Ogni diritto in pi\u00f9 \u00e8 una libert\u00e0 in meno"},"content":{"rendered":"\n<p class=\"has-text-align-center\"><strong><a href=\"https:\/\/www.tempi.it\/\" target=\"_blank\" rel=\"noreferrer noopener\">Tempi<\/a><\/strong> 26 Ottobre 2025<\/p>\n\n\n\n<p><em>Un libro di Sciacca smonta la \u201cformula magica\u201d dirittista dei nostri tempi egualitari. Un\u2019idea che favorisce un pasticcio culturale lontano dal pluralismo<\/em><\/p>\n\n\n\n<p class=\"has-text-align-center\">di <strong>Carlo Marsonet<\/strong><\/p>\n\n\n<div class=\"wp-block-image\">\n<figure class=\"aligncenter size-full is-resized\"><a href=\"https:\/\/www.rassegnastampa-totustuus.it\/cattolica\/wp-content\/uploads\/2025\/10\/diritti_gender_omosessualita_1.jpg\"><img loading=\"lazy\" decoding=\"async\" width=\"354\" height=\"234\" src=\"https:\/\/www.rassegnastampa-totustuus.it\/cattolica\/wp-content\/uploads\/2025\/10\/diritti_gender_omosessualita_1.jpg\" alt=\"\" class=\"wp-image-64009\" style=\"width:442px;height:auto\" srcset=\"https:\/\/www.rassegnastampa-totustuus.it\/cattolica\/wp-content\/uploads\/2025\/10\/diritti_gender_omosessualita_1.jpg 354w, https:\/\/www.rassegnastampa-totustuus.it\/cattolica\/wp-content\/uploads\/2025\/10\/diritti_gender_omosessualita_1-300x198.jpg 300w\" sizes=\"auto, (max-width: 354px) 100vw, 354px\" \/><\/a><\/figure><\/div>\n\n\n<!--more-->\n\n\n\n<p>\u00abVi \u00e8 poi l\u2019idea, ormai pi\u00f9 o meno prevalente, ed espressa con crescente enfasi, che ogni forma di disagio sociale possa essere eliminata e che qualcuno debba assolvere a tale compito\u00bb; \u00aboggi si presume che non debbano esistere sofferenze, e che quelli esistenti siano senza dubbio ascrivibili a una qualche responsabilit\u00e0 della societ\u00e0\u00bb: sono due affermazioni che potrebbero essere fatte benissimo oggi da un osservatore attento, realista e disincantato circa la realt\u00e0 sociale attuale, e invece risalgono alla fine dell\u2019Ottocento.<\/p>\n\n\n\n<p>L\u2019autore, per chi non lo avesse gi\u00e0 riconosciuto, \u00e8 Herbert Spencer, e il testo \u00e8 <strong><em><a href=\"https:\/\/www.liberilibri.it\/catalogo\/luomo-contro\/?srsltid=AfmBOopAK1tL8NxbBktyrNlS9KplPDw7O5tKQAEa1-XJQHhuf2C4QkMo\" target=\"_blank\" rel=\"noreferrer noopener\">L\u2019uomo contro lo Stato<\/a><\/em><\/strong> (1884, curato nell\u2019edizione italiana da Alberto Mingardi per l\u2019editore Liberilibri). Ebbene, il pensatore inglese aveva gi\u00e0 visto in maniera lucida cosa iniziava ad accadere ai suoi tempi, e cio\u00e8 un allargamento del \u201cpotere sociale\u201d a scapito della libert\u00e0 individuale. Pi\u00f9 si presume di avere diritto a tutto, pi\u00f9 la libert\u00e0 \u00e8 a rischio e il diritto, quello vero, \u00e8 in pericolo.<\/p>\n\n\n\n<h4 class=\"wp-block-heading has-text-align-center\">Il mito dei diritti<\/h4>\n\n\n\n<p>Ne parla in un volume dalla inebriante nota controcorrente Fabrizio Sciacca, <strong><em><a href=\"https:\/\/www.liberilibri.it\/catalogo\/il-mito-dei-diritti\/\" target=\"_blank\" rel=\"noreferrer noopener\">Il mito dei diritti<\/a><\/em><\/strong> (Liberilibri). Professore ordinario di Filosofia politica all\u2019Universit\u00e0 di Catania, l\u2019autore mira a smontare la \u201cformula magica\u201d dirittista dei nostri tempi egualitari. Per Sciacca, la libert\u00e0 ha sempre avuto nel corso dei secoli un certo prezzo, e cio\u00e8 delle regole che la tutelassero e la inquadrassero entro certi limiti: questo \u00e8 il diritto, nella sua essenza pi\u00f9 pura. Solo che, a lungo andare, si \u00e8 fatta largo una visione differente, per certi (molti) aspetti antitetica. E cio\u00e8 che il diritto \u00e8 appannaggio dei forti, mentre i pi\u00f9 deboli sono esclusi dal suo ombrello difensivo. Un tempo erano i proletari, ora \u00e8 il turno della galassia dei nuovi gruppi \u2013 in costante aumento \u2013 che si sentono discriminati.<\/p>\n\n\n<div class=\"wp-block-image\">\n<figure class=\"aligncenter size-full\"><a href=\"https:\/\/www.rassegnastampa-totustuus.it\/cattolica\/wp-content\/uploads\/2025\/10\/lavoro_diritti_1.jpg\"><img loading=\"lazy\" decoding=\"async\" width=\"474\" height=\"316\" src=\"https:\/\/www.rassegnastampa-totustuus.it\/cattolica\/wp-content\/uploads\/2025\/10\/lavoro_diritti_1.jpg\" alt=\"\" class=\"wp-image-64010\" srcset=\"https:\/\/www.rassegnastampa-totustuus.it\/cattolica\/wp-content\/uploads\/2025\/10\/lavoro_diritti_1.jpg 474w, https:\/\/www.rassegnastampa-totustuus.it\/cattolica\/wp-content\/uploads\/2025\/10\/lavoro_diritti_1-300x200.jpg 300w\" sizes=\"auto, (max-width: 474px) 100vw, 474px\" \/><\/a><\/figure><\/div>\n\n\n<p>E qui risiede un primo punto cruciale: alla base della proliferazione dei diritti risiede la vaga, elastica e potenzialmente senza confini etichetta dell\u2019oppressione. Pi\u00f9 si ampliano le maglie dell\u2019oppressione \u2013 presunta, qui sta il bello: l\u2019oppressione \u00e8 anche, e forse soprattutto, una questione di percezione! \u2013 maggiore sar\u00e0 la richiesta di nuovi \u201csussidi\u201d giuridico-tutelari volti alla protezione degli oppressi. Ma tutto ci\u00f2 ha un costo, in termini di libert\u00e0 e indipendenza della societ\u00e0, cio\u00e8 degli individui che la compongono.<\/p>\n\n\n\n<h4 class=\"wp-block-heading has-text-align-center\"><strong>Perch\u00e9 la politica concede sempre nuovi diritti<\/strong><\/h4>\n\n\n\n<p>Il potere politico sar\u00e0 cos\u00ec ben disposto a concedere sempre nuovi diritti, proprio perch\u00e9 in cambio di ci\u00f2 aumenta la propria presa sulla societ\u00e0 medesima: tradotto, dal momento che lo Stato \u00e8 un dispositivo nelle mani dei potenti di turno, la societ\u00e0 diventa succube della politica. E da ci\u00f2 deriva pure la diminuzione della libert\u00e0: ogni diritto in pi\u00f9, \u00e8 stato efficacemente rilevato, \u00e8 una libert\u00e0 in meno. Amen.<\/p>\n\n\n\n<p>\u00c8 altrettanto chiaro che questa prassi invalsa esacerbi in maniera crescente la conflittualit\u00e0 sociale: ciascuno desidera sempre pi\u00f9 diritti, cio\u00e8 rendite di posizione, da opporre agli altri. Una sorta di guerra civile condotta con altri mezzi: a differenza di una guerra vera e proprio, per\u00f2, i risultati si vedono sul lungo periodo e, invece di fare morti, sfibrano il tessuto sociale. L\u2019esito pu\u00f2 essere meno sanguinario, ma il prezzo \u00e8 comunque alto: una buona societ\u00e0 vive attraverso la libert\u00e0 e la responsabilit\u00e0 individuale, mediante la cooperazione e un profondo rispetto per l\u2019altro.<\/p>\n\n\n\n<p>L\u2019ideologia dei diritti nuoce a tutto questo. Sciacca lo scrive senza mezzi termini: \u00abLungi dall\u2019essere una soluzione universale, l\u2019idea dei diritti conduce a risultati inattesi, favorendo un pasticcio culturale lontano dal pluralismo: i diritti non appaiono pi\u00f9 come scudi per l\u2019individuo, ma come armi che invocano interventi statali e restrizioni alla libert\u00e0\u00bb. Ogni nuova generazione, diceva Spencer, cresce cos\u00ec pi\u00f9 caratterialmente fiacca, volontariamente remissiva e mentalmente dipendente: si rafforza in loro \u00abl\u2019idea che tutto debba essere fatto <em>per<\/em> loro, e nulla <em>da<\/em> loro\u00bb.<\/p>\n","protected":false},"excerpt":{"rendered":"<p>Tempi 26 Ottobre 2025 Un libro di Sciacca smonta la \u201cformula magica\u201d dirittista dei nostri tempi egualitari. Un\u2019idea che favorisce un pasticcio culturale lontano dal pluralismo di Carlo Marsonet<\/p><p><a class=\"more-link btn\" href=\"https:\/\/www.rassegnastampa-totustuus.it\/cattolica\/ogni-diritto-in-piu-e-una-liberta-in-meno\/\">Continua a leggere<\/a><\/p>\n","protected":false},"author":6,"featured_media":64010,"comment_status":"closed","ping_status":"closed","sticky":false,"template":"","format":"standard","meta":{"footnotes":""},"categories":[53],"tags":[2384,265],"class_list":["post-64008","post","type-post","status-publish","format-standard","has-post-thumbnail","hentry","category-politica","tag-diritti","tag-libri-2","item-wrap"],"yoast_head":"<!-- This site is optimized with the Yoast SEO plugin v27.5 - https:\/\/yoast.com\/product\/yoast-seo-wordpress\/ -->\n<title>Ogni diritto in pi\u00f9 \u00e8 una libert\u00e0 in meno - Rassegna Stampa Cattolica<\/title>\n<meta name=\"description\" content=\"Ogni diritto in pi\u00f9 \u00e8 una libert\u00e0 in meno. smonta la \u201cformula magica\u201d dirittista dei nostri tempi egualitari.\" \/>\n<meta name=\"robots\" content=\"index, follow, max-snippet:-1, max-image-preview:large, max-video-preview:-1\" \/>\n<link rel=\"canonical\" href=\"https:\/\/www.rassegnastampa-totustuus.it\/cattolica\/ogni-diritto-in-piu-e-una-liberta-in-meno\/\" \/>\n<meta property=\"og:locale\" content=\"it_IT\" \/>\n<meta property=\"og:type\" content=\"article\" \/>\n<meta property=\"og:title\" content=\"Ogni diritto in pi\u00f9 \u00e8 una libert\u00e0 in meno - Rassegna Stampa Cattolica\" \/>\n<meta property=\"og:description\" content=\"Ogni diritto in pi\u00f9 \u00e8 una libert\u00e0 in meno. smonta la \u201cformula magica\u201d dirittista dei nostri tempi egualitari.\" \/>\n<meta property=\"og:url\" content=\"https:\/\/www.rassegnastampa-totustuus.it\/cattolica\/ogni-diritto-in-piu-e-una-liberta-in-meno\/\" \/>\n<meta property=\"og:site_name\" content=\"Rassegna Stampa Cattolica\" \/>\n<meta property=\"article:publisher\" content=\"https:\/\/www.facebook.com\/rassegnastampacattolica\" \/>\n<meta property=\"article:published_time\" content=\"2025-10-28T07:45:44+00:00\" \/>\n<meta property=\"article:modified_time\" content=\"2025-10-28T07:45:45+00:00\" \/>\n<meta property=\"og:image\" content=\"https:\/\/www.rassegnastampa-totustuus.it\/cattolica\/wp-content\/uploads\/2025\/10\/lavoro_diritti_1.jpg\" \/>\n\t<meta property=\"og:image:width\" content=\"474\" \/>\n\t<meta property=\"og:image:height\" content=\"316\" \/>\n\t<meta property=\"og:image:type\" content=\"image\/jpeg\" \/>\n<meta name=\"author\" content=\"Redazione\" \/>\n<meta name=\"twitter:card\" content=\"summary_large_image\" \/>\n<meta name=\"twitter:creator\" content=\"@rassegnastampa9\" \/>\n<meta name=\"twitter:site\" content=\"@rassegnastampa9\" \/>\n<meta name=\"twitter:label1\" content=\"Scritto da\" \/>\n\t<meta name=\"twitter:data1\" content=\"Redazione\" \/>\n\t<meta name=\"twitter:label2\" content=\"Tempo di lettura stimato\" \/>\n\t<meta name=\"twitter:data2\" content=\"5 minuti\" \/>\n<script type=\"application\/ld+json\" class=\"yoast-schema-graph\">{\"@context\":\"https:\\\/\\\/schema.org\",\"@graph\":[{\"@type\":\"Article\",\"@id\":\"https:\\\/\\\/www.rassegnastampa-totustuus.it\\\/cattolica\\\/ogni-diritto-in-piu-e-una-liberta-in-meno\\\/#article\",\"isPartOf\":{\"@id\":\"https:\\\/\\\/www.rassegnastampa-totustuus.it\\\/cattolica\\\/ogni-diritto-in-piu-e-una-liberta-in-meno\\\/\"},\"author\":{\"name\":\"Redazione\",\"@id\":\"https:\\\/\\\/www.rassegnastampa-totustuus.it\\\/cattolica\\\/#\\\/schema\\\/person\\\/08f319d2bd1a0904ad9e2bfb7b15e5c3\"},\"headline\":\"Ogni diritto in pi\u00f9 \u00e8 una libert\u00e0 in meno\",\"datePublished\":\"2025-10-28T07:45:44+00:00\",\"dateModified\":\"2025-10-28T07:45:45+00:00\",\"mainEntityOfPage\":{\"@id\":\"https:\\\/\\\/www.rassegnastampa-totustuus.it\\\/cattolica\\\/ogni-diritto-in-piu-e-una-liberta-in-meno\\\/\"},\"wordCount\":659,\"publisher\":{\"@id\":\"https:\\\/\\\/www.rassegnastampa-totustuus.it\\\/cattolica\\\/#organization\"},\"image\":{\"@id\":\"https:\\\/\\\/www.rassegnastampa-totustuus.it\\\/cattolica\\\/ogni-diritto-in-piu-e-una-liberta-in-meno\\\/#primaryimage\"},\"thumbnailUrl\":\"https:\\\/\\\/www.rassegnastampa-totustuus.it\\\/cattolica\\\/wp-content\\\/uploads\\\/2025\\\/10\\\/lavoro_diritti_1.jpg\",\"keywords\":[\"diritti\",\"libri\"],\"articleSection\":[\"Politica\"],\"inLanguage\":\"it-IT\"},{\"@type\":\"WebPage\",\"@id\":\"https:\\\/\\\/www.rassegnastampa-totustuus.it\\\/cattolica\\\/ogni-diritto-in-piu-e-una-liberta-in-meno\\\/\",\"url\":\"https:\\\/\\\/www.rassegnastampa-totustuus.it\\\/cattolica\\\/ogni-diritto-in-piu-e-una-liberta-in-meno\\\/\",\"name\":\"Ogni diritto in pi\u00f9 \u00e8 una libert\u00e0 in meno - Rassegna Stampa Cattolica\",\"isPartOf\":{\"@id\":\"https:\\\/\\\/www.rassegnastampa-totustuus.it\\\/cattolica\\\/#website\"},\"primaryImageOfPage\":{\"@id\":\"https:\\\/\\\/www.rassegnastampa-totustuus.it\\\/cattolica\\\/ogni-diritto-in-piu-e-una-liberta-in-meno\\\/#primaryimage\"},\"image\":{\"@id\":\"https:\\\/\\\/www.rassegnastampa-totustuus.it\\\/cattolica\\\/ogni-diritto-in-piu-e-una-liberta-in-meno\\\/#primaryimage\"},\"thumbnailUrl\":\"https:\\\/\\\/www.rassegnastampa-totustuus.it\\\/cattolica\\\/wp-content\\\/uploads\\\/2025\\\/10\\\/lavoro_diritti_1.jpg\",\"datePublished\":\"2025-10-28T07:45:44+00:00\",\"dateModified\":\"2025-10-28T07:45:45+00:00\",\"description\":\"Ogni diritto in pi\u00f9 \u00e8 una libert\u00e0 in meno. smonta la \u201cformula magica\u201d dirittista dei nostri tempi egualitari.\",\"breadcrumb\":{\"@id\":\"https:\\\/\\\/www.rassegnastampa-totustuus.it\\\/cattolica\\\/ogni-diritto-in-piu-e-una-liberta-in-meno\\\/#breadcrumb\"},\"inLanguage\":\"it-IT\",\"potentialAction\":[{\"@type\":\"ReadAction\",\"target\":[\"https:\\\/\\\/www.rassegnastampa-totustuus.it\\\/cattolica\\\/ogni-diritto-in-piu-e-una-liberta-in-meno\\\/\"]}]},{\"@type\":\"ImageObject\",\"inLanguage\":\"it-IT\",\"@id\":\"https:\\\/\\\/www.rassegnastampa-totustuus.it\\\/cattolica\\\/ogni-diritto-in-piu-e-una-liberta-in-meno\\\/#primaryimage\",\"url\":\"https:\\\/\\\/www.rassegnastampa-totustuus.it\\\/cattolica\\\/wp-content\\\/uploads\\\/2025\\\/10\\\/lavoro_diritti_1.jpg\",\"contentUrl\":\"https:\\\/\\\/www.rassegnastampa-totustuus.it\\\/cattolica\\\/wp-content\\\/uploads\\\/2025\\\/10\\\/lavoro_diritti_1.jpg\",\"width\":474,\"height\":316},{\"@type\":\"BreadcrumbList\",\"@id\":\"https:\\\/\\\/www.rassegnastampa-totustuus.it\\\/cattolica\\\/ogni-diritto-in-piu-e-una-liberta-in-meno\\\/#breadcrumb\",\"itemListElement\":[{\"@type\":\"ListItem\",\"position\":1,\"name\":\"Home\",\"item\":\"https:\\\/\\\/www.rassegnastampa-totustuus.it\\\/cattolica\\\/\"},{\"@type\":\"ListItem\",\"position\":2,\"name\":\"Ogni diritto in pi\u00f9 \u00e8 una libert\u00e0 in meno\"}]},{\"@type\":\"WebSite\",\"@id\":\"https:\\\/\\\/www.rassegnastampa-totustuus.it\\\/cattolica\\\/#website\",\"url\":\"https:\\\/\\\/www.rassegnastampa-totustuus.it\\\/cattolica\\\/\",\"name\":\"Rassegna Stampa Cattolica\",\"description\":\"Per una cultura che nasce dalla Rivelazione cristiana in conformit\u00e0 alla tradizione e al Magistero della Chiesa in opposizione ad ogni relativismo e totalitarismo\",\"publisher\":{\"@id\":\"https:\\\/\\\/www.rassegnastampa-totustuus.it\\\/cattolica\\\/#organization\"},\"alternateName\":\"Rass. Cattolica\",\"potentialAction\":[{\"@type\":\"SearchAction\",\"target\":{\"@type\":\"EntryPoint\",\"urlTemplate\":\"https:\\\/\\\/www.rassegnastampa-totustuus.it\\\/cattolica\\\/?s={search_term_string}\"},\"query-input\":{\"@type\":\"PropertyValueSpecification\",\"valueRequired\":true,\"valueName\":\"search_term_string\"}}],\"inLanguage\":\"it-IT\"},{\"@type\":\"Organization\",\"@id\":\"https:\\\/\\\/www.rassegnastampa-totustuus.it\\\/cattolica\\\/#organization\",\"name\":\"Rassegna Stampa Cattolica\",\"url\":\"https:\\\/\\\/www.rassegnastampa-totustuus.it\\\/cattolica\\\/\",\"logo\":{\"@type\":\"ImageObject\",\"inLanguage\":\"it-IT\",\"@id\":\"https:\\\/\\\/www.rassegnastampa-totustuus.it\\\/cattolica\\\/#\\\/schema\\\/logo\\\/image\\\/\",\"url\":\"https:\\\/\\\/www.rassegnastampa-totustuus.it\\\/cattolica\\\/wp-content\\\/uploads\\\/2014\\\/04\\\/logo-rassegna1.gif\",\"contentUrl\":\"https:\\\/\\\/www.rassegnastampa-totustuus.it\\\/cattolica\\\/wp-content\\\/uploads\\\/2014\\\/04\\\/logo-rassegna1.gif\",\"width\":600,\"height\":163,\"caption\":\"Rassegna Stampa Cattolica\"},\"image\":{\"@id\":\"https:\\\/\\\/www.rassegnastampa-totustuus.it\\\/cattolica\\\/#\\\/schema\\\/logo\\\/image\\\/\"},\"sameAs\":[\"https:\\\/\\\/www.facebook.com\\\/rassegnastampacattolica\",\"https:\\\/\\\/x.com\\\/rassegnastampa9\"]},{\"@type\":\"Person\",\"@id\":\"https:\\\/\\\/www.rassegnastampa-totustuus.it\\\/cattolica\\\/#\\\/schema\\\/person\\\/08f319d2bd1a0904ad9e2bfb7b15e5c3\",\"name\":\"Redazione\",\"image\":{\"@type\":\"ImageObject\",\"inLanguage\":\"it-IT\",\"@id\":\"https:\\\/\\\/secure.gravatar.com\\\/avatar\\\/2fcdf27c78ea025fbdb44e914cc63c72249ffec9dc8aafd5c82b26240ef3f346?s=96&d=mm&r=g\",\"url\":\"https:\\\/\\\/secure.gravatar.com\\\/avatar\\\/2fcdf27c78ea025fbdb44e914cc63c72249ffec9dc8aafd5c82b26240ef3f346?s=96&d=mm&r=g\",\"contentUrl\":\"https:\\\/\\\/secure.gravatar.com\\\/avatar\\\/2fcdf27c78ea025fbdb44e914cc63c72249ffec9dc8aafd5c82b26240ef3f346?s=96&d=mm&r=g\",\"caption\":\"Redazione\"},\"url\":\"https:\\\/\\\/www.rassegnastampa-totustuus.it\\\/cattolica\\\/author\\\/pietroelle\\\/\"}]}<\/script>\n<!-- \/ Yoast SEO plugin. -->","yoast_head_json":{"title":"Ogni diritto in pi\u00f9 \u00e8 una libert\u00e0 in meno - Rassegna Stampa Cattolica","description":"Ogni diritto in pi\u00f9 \u00e8 una libert\u00e0 in meno. smonta la \u201cformula magica\u201d dirittista dei nostri tempi egualitari.","robots":{"index":"index","follow":"follow","max-snippet":"max-snippet:-1","max-image-preview":"max-image-preview:large","max-video-preview":"max-video-preview:-1"},"canonical":"https:\/\/www.rassegnastampa-totustuus.it\/cattolica\/ogni-diritto-in-piu-e-una-liberta-in-meno\/","og_locale":"it_IT","og_type":"article","og_title":"Ogni diritto in pi\u00f9 \u00e8 una libert\u00e0 in meno - Rassegna Stampa Cattolica","og_description":"Ogni diritto in pi\u00f9 \u00e8 una libert\u00e0 in meno. smonta la \u201cformula magica\u201d dirittista dei nostri tempi egualitari.","og_url":"https:\/\/www.rassegnastampa-totustuus.it\/cattolica\/ogni-diritto-in-piu-e-una-liberta-in-meno\/","og_site_name":"Rassegna Stampa Cattolica","article_publisher":"https:\/\/www.facebook.com\/rassegnastampacattolica","article_published_time":"2025-10-28T07:45:44+00:00","article_modified_time":"2025-10-28T07:45:45+00:00","og_image":[{"width":474,"height":316,"url":"https:\/\/www.rassegnastampa-totustuus.it\/cattolica\/wp-content\/uploads\/2025\/10\/lavoro_diritti_1.jpg","type":"image\/jpeg"}],"author":"Redazione","twitter_card":"summary_large_image","twitter_creator":"@rassegnastampa9","twitter_site":"@rassegnastampa9","twitter_misc":{"Scritto da":"Redazione","Tempo di lettura stimato":"5 minuti"},"schema":{"@context":"https:\/\/schema.org","@graph":[{"@type":"Article","@id":"https:\/\/www.rassegnastampa-totustuus.it\/cattolica\/ogni-diritto-in-piu-e-una-liberta-in-meno\/#article","isPartOf":{"@id":"https:\/\/www.rassegnastampa-totustuus.it\/cattolica\/ogni-diritto-in-piu-e-una-liberta-in-meno\/"},"author":{"name":"Redazione","@id":"https:\/\/www.rassegnastampa-totustuus.it\/cattolica\/#\/schema\/person\/08f319d2bd1a0904ad9e2bfb7b15e5c3"},"headline":"Ogni diritto in pi\u00f9 \u00e8 una libert\u00e0 in meno","datePublished":"2025-10-28T07:45:44+00:00","dateModified":"2025-10-28T07:45:45+00:00","mainEntityOfPage":{"@id":"https:\/\/www.rassegnastampa-totustuus.it\/cattolica\/ogni-diritto-in-piu-e-una-liberta-in-meno\/"},"wordCount":659,"publisher":{"@id":"https:\/\/www.rassegnastampa-totustuus.it\/cattolica\/#organization"},"image":{"@id":"https:\/\/www.rassegnastampa-totustuus.it\/cattolica\/ogni-diritto-in-piu-e-una-liberta-in-meno\/#primaryimage"},"thumbnailUrl":"https:\/\/www.rassegnastampa-totustuus.it\/cattolica\/wp-content\/uploads\/2025\/10\/lavoro_diritti_1.jpg","keywords":["diritti","libri"],"articleSection":["Politica"],"inLanguage":"it-IT"},{"@type":"WebPage","@id":"https:\/\/www.rassegnastampa-totustuus.it\/cattolica\/ogni-diritto-in-piu-e-una-liberta-in-meno\/","url":"https:\/\/www.rassegnastampa-totustuus.it\/cattolica\/ogni-diritto-in-piu-e-una-liberta-in-meno\/","name":"Ogni diritto in pi\u00f9 \u00e8 una libert\u00e0 in meno - Rassegna Stampa Cattolica","isPartOf":{"@id":"https:\/\/www.rassegnastampa-totustuus.it\/cattolica\/#website"},"primaryImageOfPage":{"@id":"https:\/\/www.rassegnastampa-totustuus.it\/cattolica\/ogni-diritto-in-piu-e-una-liberta-in-meno\/#primaryimage"},"image":{"@id":"https:\/\/www.rassegnastampa-totustuus.it\/cattolica\/ogni-diritto-in-piu-e-una-liberta-in-meno\/#primaryimage"},"thumbnailUrl":"https:\/\/www.rassegnastampa-totustuus.it\/cattolica\/wp-content\/uploads\/2025\/10\/lavoro_diritti_1.jpg","datePublished":"2025-10-28T07:45:44+00:00","dateModified":"2025-10-28T07:45:45+00:00","description":"Ogni diritto in pi\u00f9 \u00e8 una libert\u00e0 in meno. smonta la \u201cformula magica\u201d dirittista dei nostri tempi egualitari.","breadcrumb":{"@id":"https:\/\/www.rassegnastampa-totustuus.it\/cattolica\/ogni-diritto-in-piu-e-una-liberta-in-meno\/#breadcrumb"},"inLanguage":"it-IT","potentialAction":[{"@type":"ReadAction","target":["https:\/\/www.rassegnastampa-totustuus.it\/cattolica\/ogni-diritto-in-piu-e-una-liberta-in-meno\/"]}]},{"@type":"ImageObject","inLanguage":"it-IT","@id":"https:\/\/www.rassegnastampa-totustuus.it\/cattolica\/ogni-diritto-in-piu-e-una-liberta-in-meno\/#primaryimage","url":"https:\/\/www.rassegnastampa-totustuus.it\/cattolica\/wp-content\/uploads\/2025\/10\/lavoro_diritti_1.jpg","contentUrl":"https:\/\/www.rassegnastampa-totustuus.it\/cattolica\/wp-content\/uploads\/2025\/10\/lavoro_diritti_1.jpg","width":474,"height":316},{"@type":"BreadcrumbList","@id":"https:\/\/www.rassegnastampa-totustuus.it\/cattolica\/ogni-diritto-in-piu-e-una-liberta-in-meno\/#breadcrumb","itemListElement":[{"@type":"ListItem","position":1,"name":"Home","item":"https:\/\/www.rassegnastampa-totustuus.it\/cattolica\/"},{"@type":"ListItem","position":2,"name":"Ogni diritto in pi\u00f9 \u00e8 una libert\u00e0 in meno"}]},{"@type":"WebSite","@id":"https:\/\/www.rassegnastampa-totustuus.it\/cattolica\/#website","url":"https:\/\/www.rassegnastampa-totustuus.it\/cattolica\/","name":"Rassegna Stampa Cattolica","description":"Per una cultura che nasce dalla Rivelazione cristiana in conformit\u00e0 alla tradizione e al Magistero della Chiesa in opposizione ad ogni relativismo e totalitarismo","publisher":{"@id":"https:\/\/www.rassegnastampa-totustuus.it\/cattolica\/#organization"},"alternateName":"Rass. Cattolica","potentialAction":[{"@type":"SearchAction","target":{"@type":"EntryPoint","urlTemplate":"https:\/\/www.rassegnastampa-totustuus.it\/cattolica\/?s={search_term_string}"},"query-input":{"@type":"PropertyValueSpecification","valueRequired":true,"valueName":"search_term_string"}}],"inLanguage":"it-IT"},{"@type":"Organization","@id":"https:\/\/www.rassegnastampa-totustuus.it\/cattolica\/#organization","name":"Rassegna Stampa Cattolica","url":"https:\/\/www.rassegnastampa-totustuus.it\/cattolica\/","logo":{"@type":"ImageObject","inLanguage":"it-IT","@id":"https:\/\/www.rassegnastampa-totustuus.it\/cattolica\/#\/schema\/logo\/image\/","url":"https:\/\/www.rassegnastampa-totustuus.it\/cattolica\/wp-content\/uploads\/2014\/04\/logo-rassegna1.gif","contentUrl":"https:\/\/www.rassegnastampa-totustuus.it\/cattolica\/wp-content\/uploads\/2014\/04\/logo-rassegna1.gif","width":600,"height":163,"caption":"Rassegna Stampa Cattolica"},"image":{"@id":"https:\/\/www.rassegnastampa-totustuus.it\/cattolica\/#\/schema\/logo\/image\/"},"sameAs":["https:\/\/www.facebook.com\/rassegnastampacattolica","https:\/\/x.com\/rassegnastampa9"]},{"@type":"Person","@id":"https:\/\/www.rassegnastampa-totustuus.it\/cattolica\/#\/schema\/person\/08f319d2bd1a0904ad9e2bfb7b15e5c3","name":"Redazione","image":{"@type":"ImageObject","inLanguage":"it-IT","@id":"https:\/\/secure.gravatar.com\/avatar\/2fcdf27c78ea025fbdb44e914cc63c72249ffec9dc8aafd5c82b26240ef3f346?s=96&d=mm&r=g","url":"https:\/\/secure.gravatar.com\/avatar\/2fcdf27c78ea025fbdb44e914cc63c72249ffec9dc8aafd5c82b26240ef3f346?s=96&d=mm&r=g","contentUrl":"https:\/\/secure.gravatar.com\/avatar\/2fcdf27c78ea025fbdb44e914cc63c72249ffec9dc8aafd5c82b26240ef3f346?s=96&d=mm&r=g","caption":"Redazione"},"url":"https:\/\/www.rassegnastampa-totustuus.it\/cattolica\/author\/pietroelle\/"}]}},"_links":{"self":[{"href":"https:\/\/www.rassegnastampa-totustuus.it\/cattolica\/wp-json\/wp\/v2\/posts\/64008","targetHints":{"allow":["GET"]}}],"collection":[{"href":"https:\/\/www.rassegnastampa-totustuus.it\/cattolica\/wp-json\/wp\/v2\/posts"}],"about":[{"href":"https:\/\/www.rassegnastampa-totustuus.it\/cattolica\/wp-json\/wp\/v2\/types\/post"}],"author":[{"embeddable":true,"href":"https:\/\/www.rassegnastampa-totustuus.it\/cattolica\/wp-json\/wp\/v2\/users\/6"}],"replies":[{"embeddable":true,"href":"https:\/\/www.rassegnastampa-totustuus.it\/cattolica\/wp-json\/wp\/v2\/comments?post=64008"}],"version-history":[{"count":1,"href":"https:\/\/www.rassegnastampa-totustuus.it\/cattolica\/wp-json\/wp\/v2\/posts\/64008\/revisions"}],"predecessor-version":[{"id":64011,"href":"https:\/\/www.rassegnastampa-totustuus.it\/cattolica\/wp-json\/wp\/v2\/posts\/64008\/revisions\/64011"}],"wp:featuredmedia":[{"embeddable":true,"href":"https:\/\/www.rassegnastampa-totustuus.it\/cattolica\/wp-json\/wp\/v2\/media\/64010"}],"wp:attachment":[{"href":"https:\/\/www.rassegnastampa-totustuus.it\/cattolica\/wp-json\/wp\/v2\/media?parent=64008"}],"wp:term":[{"taxonomy":"category","embeddable":true,"href":"https:\/\/www.rassegnastampa-totustuus.it\/cattolica\/wp-json\/wp\/v2\/categories?post=64008"},{"taxonomy":"post_tag","embeddable":true,"href":"https:\/\/www.rassegnastampa-totustuus.it\/cattolica\/wp-json\/wp\/v2\/tags?post=64008"}],"curies":[{"name":"wp","href":"https:\/\/api.w.org\/{rel}","templated":true}]}}