{"id":64006,"date":"2025-10-27T18:22:50","date_gmt":"2025-10-27T17:22:50","guid":{"rendered":"https:\/\/www.rassegnastampa-totustuus.it\/cattolica\/?p=64006"},"modified":"2025-10-27T18:22:51","modified_gmt":"2025-10-27T17:22:51","slug":"declino-del-cattolicesimo-liberale","status":"publish","type":"post","link":"https:\/\/www.rassegnastampa-totustuus.it\/cattolica\/declino-del-cattolicesimo-liberale\/","title":{"rendered":"Declino del cattolicesimo liberale?"},"content":{"rendered":"\n<p class=\"has-text-align-center\"><a href=\"https:\/\/www.youtube.com\/@VistodaRoma\" target=\"_blank\" rel=\"noreferrer noopener\"><strong>Visto da Roma<\/strong><\/a> (canale Youtube) Ottobre 2025<\/p>\n\n\n\n<p><em>Mentre gli studi mostrano una sorprendente reazione conservatrice, e perfino tradizionalista, nel clero americano, simili ricerche rivelano un fenomeno equivalente in Europa. Si parla del declino del cattolicesimo liberale.<\/em><\/p>\n\n\n\n<p class=\"has-text-align-center\"><em>(trascrizione non rivista dall\u2019autore del video)<\/em><\/p>\n\n\n\n<p class=\"has-text-align-center\">di <strong>Julio Loredo<\/strong><\/p>\n\n\n<div class=\"wp-block-image\">\n<figure class=\"aligncenter size-full is-resized\"><a href=\"https:\/\/www.rassegnastampa-totustuus.it\/cattolica\/wp-content\/uploads\/2022\/02\/chiesa_abusi_liturgia.jpg\"><img loading=\"lazy\" decoding=\"async\" width=\"259\" height=\"194\" src=\"https:\/\/www.rassegnastampa-totustuus.it\/cattolica\/wp-content\/uploads\/2022\/02\/chiesa_abusi_liturgia.jpg\" alt=\"\" class=\"wp-image-53465\" style=\"width:445px;height:auto\"\/><\/a><\/figure><\/div>\n\n\n<!--more-->\n\n\n\n<p>Lo scorso 6 Ottobre papa Leone \u00e8 andato alla Domus Australia, la casa del clero australiano a Roma per celebrare i vespri. Era accompagnato dai cardinali Burke, Hike e O\u2019Brien. Una cinquantina di sacerdoti e seminaristi tutti rigorosamente in talare hanno partecipato alla cerimonia assieme alle loro famiglie e qualche invitato speciale. Leone \u00e8 stato accolto col canto <em>Tu es Petrus<\/em>, intonato dal coro londinese di Gradualia Consort e la cerimonia \u00e8 stata tutta in latino e secondo i canoni tradizionali. Una frase del Papa riassume la sua omelia: \u00abDio non tarda mai: Siamo noi a dover imparare ad avere fiducia, anche se ci\u00f2 richiede pazienza e perseveranza. Il tempismo di Dio \u00e8 sempre perfetto\u00bb.<\/p>\n\n\n\n<p>L\u2019evento \u00e8 stato interpretato da diversi vaticanisti come un sostegno, indiretto ma chiaro, del pontefice a certe tendenze della Chiesa sempre pi\u00f9 visibili, soprattutto nel mondo anglosassone e soprattutto fra il clero giovane. In un passato video abbiamo gi\u00e0 parlato dello studio che rivela come in Gran Bretagna i cattolici praticanti ormai siano pi\u00f9 dei protestanti; fra i giovani la proporzione \u00e8 di 2 a 1. Lo studio reca il significativo titolo <em>The Quiet Revival<\/em>, La rinascita silenziosa e Johanna Bogel sul Catholic World Report scrive: \u00abSi sente un profondo senso di speranza per l\u2019avvenire e di fedelt\u00e0 alla Chiesa\u00bb. <\/p>\n\n\n\n<p>Recenti notizie, continua Bogel, suggeriscono che in Gran Bretagna si sta verificando una silenziosa rinascita della fede; \u00abLa fede cattolica sta mostrando segni di rinascita, in particolare in Inghilterra\u00bb, scrive Edward Pentin sul <em>National Catholic Register.<\/em> Ed ecco che un recentissimo studio realizzato negli Stati Uniti viene a confermare questa tendenza; la scorsa settimana \u00e8 stato pubblicato il <em>2025 National Studi of Catholic Priest<\/em> \u2013 Studio nazionale 2025 sul clero cattolico \u2013 realizzato dal Catholic Project della Catholic Universiti of America: \u00abIl clero americano sta prosperando\u00bb, scrive Steven White, direttore di Catholic Project; infatti in non poche diocesi americane la crisi vocazionale \u00e8 un ricordo del passato. <\/p>\n\n\n<div class=\"wp-block-image\">\n<figure class=\"aligncenter size-large is-resized\"><a href=\"https:\/\/www.rassegnastampa-totustuus.it\/cattolica\/wp-content\/uploads\/2019\/12\/sacerdoti_chiesa.jpg\"><img loading=\"lazy\" decoding=\"async\" width=\"1024\" height=\"575\" src=\"https:\/\/www.rassegnastampa-totustuus.it\/cattolica\/wp-content\/uploads\/2019\/12\/sacerdoti_chiesa-1024x575.jpg\" alt=\"\" class=\"wp-image-45427\" style=\"width:476px;height:auto\" srcset=\"https:\/\/www.rassegnastampa-totustuus.it\/cattolica\/wp-content\/uploads\/2019\/12\/sacerdoti_chiesa-1024x575.jpg 1024w, https:\/\/www.rassegnastampa-totustuus.it\/cattolica\/wp-content\/uploads\/2019\/12\/sacerdoti_chiesa-300x169.jpg 300w, https:\/\/www.rassegnastampa-totustuus.it\/cattolica\/wp-content\/uploads\/2019\/12\/sacerdoti_chiesa-768x431.jpg 768w, https:\/\/www.rassegnastampa-totustuus.it\/cattolica\/wp-content\/uploads\/2019\/12\/sacerdoti_chiesa.jpg 1280w\" sizes=\"auto, (max-width: 1024px) 100vw, 1024px\" \/><\/a><\/figure><\/div>\n\n\n<p>Le maggiori sorprese per\u00f2 vengono dalle posizioni teologiche e politiche dei giovani preti sempre pi\u00f9 conservatori. Vediamo qualche numero: mentre il 71% del clero anziano si definisce progressista appena l\u20198% dei giovan accetta questa etichetta; anzi, il 74% dei giovani si definisce conservatore o perfino tradizionalista e mentre il 77% del clero pi\u00f9 anziano ritiene la sinodalit\u00e0 una priorit\u00e0 appena il 29% dei giovani la considera positiva. <\/p>\n\n\n\n<p>Una voce in forte crescita \u00e8 la preferenza per la Messa tradizionale, quella detta Tridentina; appena l\u201911% del clero pi\u00f9 anziano non la valuta in modo positivo, mentre il 39% dei giovani la sostiene ed \u00e8 disposto a celebrarla. A <em>contrario sensu <\/em>mentre solo il 57% del clero anziano ritiene l\u2019adorazione eucaristica una pratica importante, l\u201988% dei giovani la considerano essenziale per la loro parrocchia.<\/p>\n\n\n\n<p>Col titolo <em>Il declino del cattolicesimo liberale<\/em> monsignor Robert Bethule della diocesi di New York ci offre una fotografia della situazione; lui dice: \u00abSono stato ordinato nel 1985, quando era ancora di moda chiamarsi sacerdote conciliare e c\u2019erano un sacco d incontri con i laici, chiamati ad essere co-ministri, con frequenti richiami agli emarginati, alle minoranze di vario genere, ecc. ecc. ma non ricordo abbiamo avuto una sola santa in presenza del Santissimo Sacramento\u00bb.<\/p>\n\n\n<div class=\"wp-block-image\">\n<figure class=\"aligncenter size-full is-resized\"><a href=\"https:\/\/www.rassegnastampa-totustuus.it\/cattolica\/wp-content\/uploads\/2009\/04\/messa_latino.jpg\"><img loading=\"lazy\" decoding=\"async\" width=\"259\" height=\"194\" src=\"https:\/\/www.rassegnastampa-totustuus.it\/cattolica\/wp-content\/uploads\/2009\/04\/messa_latino.jpg\" alt=\"\" class=\"wp-image-32895\" style=\"width:367px;height:auto\"\/><\/a><\/figure><\/div>\n\n\n<p>\u00abQuesto clero\u00bb, continua monsignor Bethule, \u00abadesso viene sostituito da uomini che non erano nemmeno nati nel 1985; i giovano sacerdoti di oggi sono molto pi\u00f9 conservatori dei sacerdoti che stanno sostituendo\u00bb. Monsignor Bethule ad esempio racconta dell\u2019aumento esponenziale della devozione eucaristica negli Stati Uniti, con la celebrazione di massicci Congressi eucaristici nazionali come quello di Indianapolis. E conclude: \u00abIl cattolicesimo liberale sarebbe stato incapace di attrarre tutta quella gente\u00bb. Questo secondo il prelato sta ribaltando le tendenze esplose negli anni Sessanta e Settanta del secolo scorso, e conclude citando le parole dell\u2019all\u2019ora cardinale Francis Jeorge, arcivescovo di Chicago: \u00abIl cattolicesimo liberale \u00e8 ormai un processo ormai fallito\u00bb, anche per ragioni anagrafiche, aggiungerei.<\/p>\n\n\n\n<p>Ma si tratta di un fenomeno esclusivamente anglosassone?<\/p>\n\n\n\n<p>Un articolo dello storico della religione, Massimo Fagioli, pubblicato dall\u2019istituto Humanitas del Brasile, ente gesuita ultra neomodernista, ci d\u00e0 lo spaccato di una situazione parallela in Europa, anche se Fagioli cerca di mettere il fallimento progressista in termini pi\u00f9 politici, cio\u00e8: destra, sinistra. Gi\u00e0 dal titolo ne possiamo scorgere il contenuto: Un continente al bivio? <em>L\u2019Europa e l\u2019ascesa del cattolicesimo di destra. <\/em>Fagioli scrive: \u00abL\u2019area del cattolicesimo europeo di lingua tedesca, normalmente associata al progressismo teologico ed ecclesiastico, \u00e8 visibilmente preoccupata per il pericolo che il trumpismo raggiunga il nostro continente\u00bb. Per trumpismo ovviamente egli indica la reazione conservatrice.<\/p>\n\n\n<div class=\"wp-block-image\">\n<figure class=\"aligncenter size-full is-resized\"><a href=\"https:\/\/www.rassegnastampa-totustuus.it\/cattolica\/wp-content\/uploads\/2012\/12\/cattolici-Usa.jpg\"><img loading=\"lazy\" decoding=\"async\" width=\"280\" height=\"180\" src=\"https:\/\/www.rassegnastampa-totustuus.it\/cattolica\/wp-content\/uploads\/2012\/12\/cattolici-Usa.jpg\" alt=\"\" class=\"wp-image-28563\" style=\"width:428px;height:auto\"\/><\/a><\/figure><\/div>\n\n\n<p>Fagioli segnala la forte crescita delle reti cattoliche ispirate al neoconservatorismo americano, decisamente pi\u00f9 a destra delle correnti democristiane che fino ad ora avevano composto quello che possiamo definire il centrodestra o il mainstream cattolico. In Germania, dice lui, si nutrono preoccupazioni simili riguardo l\u2019ascesa del cattolicesimo di destra, ma non solo in Germania; continua lo storico italiano: \u00abCi\u00f2 che sta accadendo in Austria e in Germania non \u00e8 poi cos\u00ec diverso da quello che sta accadendo nel resto dell\u2019Europa\u00bb e non deve sorprendere che anche in Europa, commento io, la divisione non sia solo di linee dottrinali e pastorali ma anche generazionali, con le nuove leve di preti decisamente pi\u00f9 conservatori. <\/p>\n\n\n\n<p>Scrive Fagioli: \u00abSebbene gli episcopali adottino pubblicamente una posizione antipopulista [antidestra n.d.r.] ci\u00f2 non impedisce cambiamenti ideologici all\u2019interno dei preti e dei laici\u00bb, in particolare fra i giovani. Fagioli conclude registrando \u00abun calo nel consenso dominante riguardo al Concilio Vaticano II\u00bb. Qualcuno potr\u00e0 obbiettare: questo clero opera ancora sostanzialmente all\u2019interno di una cornice culturale di modernit\u00e0 liberale; perci\u00f2 non si tratterebbe della grande conversione promessa dalla Madonna a Fatima di cui abbiamo parlato la scorsa settimana.<\/p>\n\n\n\n<p>Cari ascoltatori, voi mi conoscete e sapete che sono uno che crede non sar\u00e0 con misure cosmetiche, superficiali o parziali che si risolver\u00e0 la crisi della Chiesa ma bisogna andare alle radici e ci\u00f2 suppone una conversione profondissima. Anch\u2019io penso di per se che questi fenomeni che sto descrivendo non risolvono la situazione, sia perch\u00e9 sono ancora minoritari, sia perch\u00e9 alcuni settori risentono ancora di qualche influenza di questo mondo ma ci\u00f2 non impedisce di accoglierli con sollievo e gratitudine alla divina Provvidenza e soprattutto con speranza.<\/p>\n\n\n\n<p> Speranza che con l\u2019aiuto della Grazia divina queste reazioni procedano fino al totale rigetto delle cattive tendenze che ci hanno portato alla triste situazione odierna. <em>Omnia possum in eo qui me confortat, <\/em>tutto posso in colui che mi d\u00e0 forza; la grazia divina pu\u00f2 fare miracoli e uno di questi, forse uno dei maggiori nella storia, sar\u00e0 proprio la conversione di questa umanit\u00e0 peccatrice e l\u2019istaurazione del regno del Cuore Immacolato di Maria.<\/p>\n\n\n\n<p class=\"has-text-align-center\"><a href=\"https:\/\/www.youtube.com\/watch?v=Dr3wQNm4Kpk&amp;t=3s\" target=\"_blank\" rel=\"noreferrer noopener\">IL VIDEO INTEGRALE<\/a><\/p>\n","protected":false},"excerpt":{"rendered":"<p>Visto da Roma (canale Youtube) Ottobre 2025 Mentre gli studi mostrano una sorprendente reazione conservatrice, e perfino tradizionalista, nel clero americano, simili ricerche rivelano un fenomeno equivalente in Europa. Si parla del declino del cattolicesimo liberale. (trascrizione non rivista dall\u2019autore del video) di Julio Loredo<\/p><p><a class=\"more-link btn\" href=\"https:\/\/www.rassegnastampa-totustuus.it\/cattolica\/declino-del-cattolicesimo-liberale\/\">Continua a leggere<\/a><\/p>\n","protected":false},"author":6,"featured_media":28563,"comment_status":"closed","ping_status":"closed","sticky":false,"template":"","format":"standard","meta":{"footnotes":""},"categories":[5],"tags":[3259,1117],"class_list":["post-64006","post","type-post","status-publish","format-standard","has-post-thumbnail","hentry","category-chiesa","tag-cattolicesimo-liberale","tag-tradizione","item-wrap"],"yoast_head":"<!-- This site is optimized with the Yoast SEO plugin v27.5 - https:\/\/yoast.com\/product\/yoast-seo-wordpress\/ -->\n<title>Declino del cattolicesimo liberale? - Rassegna Stampa Cattolica<\/title>\n<meta name=\"description\" content=\"Declino del cattolicesimo liberale? Studi mostrano una reazione conservatrice, e perfino tradizionalista, nel clero americano e in Europa,\" \/>\n<meta name=\"robots\" content=\"index, follow, max-snippet:-1, max-image-preview:large, max-video-preview:-1\" \/>\n<link rel=\"canonical\" href=\"https:\/\/www.rassegnastampa-totustuus.it\/cattolica\/declino-del-cattolicesimo-liberale\/\" \/>\n<meta property=\"og:locale\" content=\"it_IT\" \/>\n<meta property=\"og:type\" content=\"article\" \/>\n<meta property=\"og:title\" content=\"Declino del cattolicesimo liberale? - Rassegna Stampa Cattolica\" \/>\n<meta property=\"og:description\" content=\"Declino del cattolicesimo liberale? Studi mostrano una reazione conservatrice, e perfino tradizionalista, nel clero americano e in Europa,\" \/>\n<meta property=\"og:url\" content=\"https:\/\/www.rassegnastampa-totustuus.it\/cattolica\/declino-del-cattolicesimo-liberale\/\" \/>\n<meta property=\"og:site_name\" content=\"Rassegna Stampa Cattolica\" \/>\n<meta property=\"article:publisher\" content=\"https:\/\/www.facebook.com\/rassegnastampacattolica\" \/>\n<meta property=\"article:published_time\" content=\"2025-10-27T17:22:50+00:00\" \/>\n<meta property=\"article:modified_time\" content=\"2025-10-27T17:22:51+00:00\" \/>\n<meta property=\"og:image\" content=\"https:\/\/www.rassegnastampa-totustuus.it\/cattolica\/wp-content\/uploads\/2012\/12\/cattolici-Usa.jpg\" \/>\n\t<meta property=\"og:image:width\" content=\"280\" \/>\n\t<meta property=\"og:image:height\" content=\"180\" \/>\n\t<meta property=\"og:image:type\" content=\"image\/jpeg\" \/>\n<meta name=\"author\" content=\"Redazione\" \/>\n<meta name=\"twitter:card\" content=\"summary_large_image\" \/>\n<meta name=\"twitter:creator\" content=\"@rassegnastampa9\" \/>\n<meta name=\"twitter:site\" content=\"@rassegnastampa9\" \/>\n<meta name=\"twitter:label1\" content=\"Scritto da\" \/>\n\t<meta name=\"twitter:data1\" content=\"Redazione\" \/>\n\t<meta name=\"twitter:label2\" content=\"Tempo di lettura stimato\" \/>\n\t<meta name=\"twitter:data2\" content=\"8 minuti\" \/>\n<script type=\"application\/ld+json\" class=\"yoast-schema-graph\">{\"@context\":\"https:\\\/\\\/schema.org\",\"@graph\":[{\"@type\":\"Article\",\"@id\":\"https:\\\/\\\/www.rassegnastampa-totustuus.it\\\/cattolica\\\/declino-del-cattolicesimo-liberale\\\/#article\",\"isPartOf\":{\"@id\":\"https:\\\/\\\/www.rassegnastampa-totustuus.it\\\/cattolica\\\/declino-del-cattolicesimo-liberale\\\/\"},\"author\":{\"name\":\"Redazione\",\"@id\":\"https:\\\/\\\/www.rassegnastampa-totustuus.it\\\/cattolica\\\/#\\\/schema\\\/person\\\/08f319d2bd1a0904ad9e2bfb7b15e5c3\"},\"headline\":\"Declino del cattolicesimo liberale?\",\"datePublished\":\"2025-10-27T17:22:50+00:00\",\"dateModified\":\"2025-10-27T17:22:51+00:00\",\"mainEntityOfPage\":{\"@id\":\"https:\\\/\\\/www.rassegnastampa-totustuus.it\\\/cattolica\\\/declino-del-cattolicesimo-liberale\\\/\"},\"wordCount\":1140,\"publisher\":{\"@id\":\"https:\\\/\\\/www.rassegnastampa-totustuus.it\\\/cattolica\\\/#organization\"},\"image\":{\"@id\":\"https:\\\/\\\/www.rassegnastampa-totustuus.it\\\/cattolica\\\/declino-del-cattolicesimo-liberale\\\/#primaryimage\"},\"thumbnailUrl\":\"https:\\\/\\\/www.rassegnastampa-totustuus.it\\\/cattolica\\\/wp-content\\\/uploads\\\/2012\\\/12\\\/cattolici-Usa.jpg\",\"keywords\":[\"cattolicesimo liberale\",\"tradizione\"],\"articleSection\":[\"Chiesa\"],\"inLanguage\":\"it-IT\"},{\"@type\":\"WebPage\",\"@id\":\"https:\\\/\\\/www.rassegnastampa-totustuus.it\\\/cattolica\\\/declino-del-cattolicesimo-liberale\\\/\",\"url\":\"https:\\\/\\\/www.rassegnastampa-totustuus.it\\\/cattolica\\\/declino-del-cattolicesimo-liberale\\\/\",\"name\":\"Declino del cattolicesimo liberale? - Rassegna Stampa Cattolica\",\"isPartOf\":{\"@id\":\"https:\\\/\\\/www.rassegnastampa-totustuus.it\\\/cattolica\\\/#website\"},\"primaryImageOfPage\":{\"@id\":\"https:\\\/\\\/www.rassegnastampa-totustuus.it\\\/cattolica\\\/declino-del-cattolicesimo-liberale\\\/#primaryimage\"},\"image\":{\"@id\":\"https:\\\/\\\/www.rassegnastampa-totustuus.it\\\/cattolica\\\/declino-del-cattolicesimo-liberale\\\/#primaryimage\"},\"thumbnailUrl\":\"https:\\\/\\\/www.rassegnastampa-totustuus.it\\\/cattolica\\\/wp-content\\\/uploads\\\/2012\\\/12\\\/cattolici-Usa.jpg\",\"datePublished\":\"2025-10-27T17:22:50+00:00\",\"dateModified\":\"2025-10-27T17:22:51+00:00\",\"description\":\"Declino del cattolicesimo liberale? Studi mostrano una reazione conservatrice, e perfino tradizionalista, nel clero americano e in Europa,\",\"breadcrumb\":{\"@id\":\"https:\\\/\\\/www.rassegnastampa-totustuus.it\\\/cattolica\\\/declino-del-cattolicesimo-liberale\\\/#breadcrumb\"},\"inLanguage\":\"it-IT\",\"potentialAction\":[{\"@type\":\"ReadAction\",\"target\":[\"https:\\\/\\\/www.rassegnastampa-totustuus.it\\\/cattolica\\\/declino-del-cattolicesimo-liberale\\\/\"]}]},{\"@type\":\"ImageObject\",\"inLanguage\":\"it-IT\",\"@id\":\"https:\\\/\\\/www.rassegnastampa-totustuus.it\\\/cattolica\\\/declino-del-cattolicesimo-liberale\\\/#primaryimage\",\"url\":\"https:\\\/\\\/www.rassegnastampa-totustuus.it\\\/cattolica\\\/wp-content\\\/uploads\\\/2012\\\/12\\\/cattolici-Usa.jpg\",\"contentUrl\":\"https:\\\/\\\/www.rassegnastampa-totustuus.it\\\/cattolica\\\/wp-content\\\/uploads\\\/2012\\\/12\\\/cattolici-Usa.jpg\",\"width\":280,\"height\":180},{\"@type\":\"BreadcrumbList\",\"@id\":\"https:\\\/\\\/www.rassegnastampa-totustuus.it\\\/cattolica\\\/declino-del-cattolicesimo-liberale\\\/#breadcrumb\",\"itemListElement\":[{\"@type\":\"ListItem\",\"position\":1,\"name\":\"Home\",\"item\":\"https:\\\/\\\/www.rassegnastampa-totustuus.it\\\/cattolica\\\/\"},{\"@type\":\"ListItem\",\"position\":2,\"name\":\"Declino del cattolicesimo liberale?\"}]},{\"@type\":\"WebSite\",\"@id\":\"https:\\\/\\\/www.rassegnastampa-totustuus.it\\\/cattolica\\\/#website\",\"url\":\"https:\\\/\\\/www.rassegnastampa-totustuus.it\\\/cattolica\\\/\",\"name\":\"Rassegna Stampa Cattolica\",\"description\":\"Per una cultura che nasce dalla Rivelazione cristiana in conformit\u00e0 alla tradizione e al Magistero della Chiesa in opposizione ad ogni relativismo e totalitarismo\",\"publisher\":{\"@id\":\"https:\\\/\\\/www.rassegnastampa-totustuus.it\\\/cattolica\\\/#organization\"},\"alternateName\":\"Rass. Cattolica\",\"potentialAction\":[{\"@type\":\"SearchAction\",\"target\":{\"@type\":\"EntryPoint\",\"urlTemplate\":\"https:\\\/\\\/www.rassegnastampa-totustuus.it\\\/cattolica\\\/?s={search_term_string}\"},\"query-input\":{\"@type\":\"PropertyValueSpecification\",\"valueRequired\":true,\"valueName\":\"search_term_string\"}}],\"inLanguage\":\"it-IT\"},{\"@type\":\"Organization\",\"@id\":\"https:\\\/\\\/www.rassegnastampa-totustuus.it\\\/cattolica\\\/#organization\",\"name\":\"Rassegna Stampa Cattolica\",\"url\":\"https:\\\/\\\/www.rassegnastampa-totustuus.it\\\/cattolica\\\/\",\"logo\":{\"@type\":\"ImageObject\",\"inLanguage\":\"it-IT\",\"@id\":\"https:\\\/\\\/www.rassegnastampa-totustuus.it\\\/cattolica\\\/#\\\/schema\\\/logo\\\/image\\\/\",\"url\":\"https:\\\/\\\/www.rassegnastampa-totustuus.it\\\/cattolica\\\/wp-content\\\/uploads\\\/2014\\\/04\\\/logo-rassegna1.gif\",\"contentUrl\":\"https:\\\/\\\/www.rassegnastampa-totustuus.it\\\/cattolica\\\/wp-content\\\/uploads\\\/2014\\\/04\\\/logo-rassegna1.gif\",\"width\":600,\"height\":163,\"caption\":\"Rassegna Stampa Cattolica\"},\"image\":{\"@id\":\"https:\\\/\\\/www.rassegnastampa-totustuus.it\\\/cattolica\\\/#\\\/schema\\\/logo\\\/image\\\/\"},\"sameAs\":[\"https:\\\/\\\/www.facebook.com\\\/rassegnastampacattolica\",\"https:\\\/\\\/x.com\\\/rassegnastampa9\"]},{\"@type\":\"Person\",\"@id\":\"https:\\\/\\\/www.rassegnastampa-totustuus.it\\\/cattolica\\\/#\\\/schema\\\/person\\\/08f319d2bd1a0904ad9e2bfb7b15e5c3\",\"name\":\"Redazione\",\"image\":{\"@type\":\"ImageObject\",\"inLanguage\":\"it-IT\",\"@id\":\"https:\\\/\\\/secure.gravatar.com\\\/avatar\\\/2fcdf27c78ea025fbdb44e914cc63c72249ffec9dc8aafd5c82b26240ef3f346?s=96&d=mm&r=g\",\"url\":\"https:\\\/\\\/secure.gravatar.com\\\/avatar\\\/2fcdf27c78ea025fbdb44e914cc63c72249ffec9dc8aafd5c82b26240ef3f346?s=96&d=mm&r=g\",\"contentUrl\":\"https:\\\/\\\/secure.gravatar.com\\\/avatar\\\/2fcdf27c78ea025fbdb44e914cc63c72249ffec9dc8aafd5c82b26240ef3f346?s=96&d=mm&r=g\",\"caption\":\"Redazione\"},\"url\":\"https:\\\/\\\/www.rassegnastampa-totustuus.it\\\/cattolica\\\/author\\\/pietroelle\\\/\"}]}<\/script>\n<!-- \/ Yoast SEO plugin. -->","yoast_head_json":{"title":"Declino del cattolicesimo liberale? - Rassegna Stampa Cattolica","description":"Declino del cattolicesimo liberale? Studi mostrano una reazione conservatrice, e perfino tradizionalista, nel clero americano e in Europa,","robots":{"index":"index","follow":"follow","max-snippet":"max-snippet:-1","max-image-preview":"max-image-preview:large","max-video-preview":"max-video-preview:-1"},"canonical":"https:\/\/www.rassegnastampa-totustuus.it\/cattolica\/declino-del-cattolicesimo-liberale\/","og_locale":"it_IT","og_type":"article","og_title":"Declino del cattolicesimo liberale? - Rassegna Stampa Cattolica","og_description":"Declino del cattolicesimo liberale? Studi mostrano una reazione conservatrice, e perfino tradizionalista, nel clero americano e in Europa,","og_url":"https:\/\/www.rassegnastampa-totustuus.it\/cattolica\/declino-del-cattolicesimo-liberale\/","og_site_name":"Rassegna Stampa Cattolica","article_publisher":"https:\/\/www.facebook.com\/rassegnastampacattolica","article_published_time":"2025-10-27T17:22:50+00:00","article_modified_time":"2025-10-27T17:22:51+00:00","og_image":[{"width":280,"height":180,"url":"https:\/\/www.rassegnastampa-totustuus.it\/cattolica\/wp-content\/uploads\/2012\/12\/cattolici-Usa.jpg","type":"image\/jpeg"}],"author":"Redazione","twitter_card":"summary_large_image","twitter_creator":"@rassegnastampa9","twitter_site":"@rassegnastampa9","twitter_misc":{"Scritto da":"Redazione","Tempo di lettura stimato":"8 minuti"},"schema":{"@context":"https:\/\/schema.org","@graph":[{"@type":"Article","@id":"https:\/\/www.rassegnastampa-totustuus.it\/cattolica\/declino-del-cattolicesimo-liberale\/#article","isPartOf":{"@id":"https:\/\/www.rassegnastampa-totustuus.it\/cattolica\/declino-del-cattolicesimo-liberale\/"},"author":{"name":"Redazione","@id":"https:\/\/www.rassegnastampa-totustuus.it\/cattolica\/#\/schema\/person\/08f319d2bd1a0904ad9e2bfb7b15e5c3"},"headline":"Declino del cattolicesimo liberale?","datePublished":"2025-10-27T17:22:50+00:00","dateModified":"2025-10-27T17:22:51+00:00","mainEntityOfPage":{"@id":"https:\/\/www.rassegnastampa-totustuus.it\/cattolica\/declino-del-cattolicesimo-liberale\/"},"wordCount":1140,"publisher":{"@id":"https:\/\/www.rassegnastampa-totustuus.it\/cattolica\/#organization"},"image":{"@id":"https:\/\/www.rassegnastampa-totustuus.it\/cattolica\/declino-del-cattolicesimo-liberale\/#primaryimage"},"thumbnailUrl":"https:\/\/www.rassegnastampa-totustuus.it\/cattolica\/wp-content\/uploads\/2012\/12\/cattolici-Usa.jpg","keywords":["cattolicesimo liberale","tradizione"],"articleSection":["Chiesa"],"inLanguage":"it-IT"},{"@type":"WebPage","@id":"https:\/\/www.rassegnastampa-totustuus.it\/cattolica\/declino-del-cattolicesimo-liberale\/","url":"https:\/\/www.rassegnastampa-totustuus.it\/cattolica\/declino-del-cattolicesimo-liberale\/","name":"Declino del cattolicesimo liberale? - Rassegna Stampa Cattolica","isPartOf":{"@id":"https:\/\/www.rassegnastampa-totustuus.it\/cattolica\/#website"},"primaryImageOfPage":{"@id":"https:\/\/www.rassegnastampa-totustuus.it\/cattolica\/declino-del-cattolicesimo-liberale\/#primaryimage"},"image":{"@id":"https:\/\/www.rassegnastampa-totustuus.it\/cattolica\/declino-del-cattolicesimo-liberale\/#primaryimage"},"thumbnailUrl":"https:\/\/www.rassegnastampa-totustuus.it\/cattolica\/wp-content\/uploads\/2012\/12\/cattolici-Usa.jpg","datePublished":"2025-10-27T17:22:50+00:00","dateModified":"2025-10-27T17:22:51+00:00","description":"Declino del cattolicesimo liberale? Studi mostrano una reazione conservatrice, e perfino tradizionalista, nel clero americano e in Europa,","breadcrumb":{"@id":"https:\/\/www.rassegnastampa-totustuus.it\/cattolica\/declino-del-cattolicesimo-liberale\/#breadcrumb"},"inLanguage":"it-IT","potentialAction":[{"@type":"ReadAction","target":["https:\/\/www.rassegnastampa-totustuus.it\/cattolica\/declino-del-cattolicesimo-liberale\/"]}]},{"@type":"ImageObject","inLanguage":"it-IT","@id":"https:\/\/www.rassegnastampa-totustuus.it\/cattolica\/declino-del-cattolicesimo-liberale\/#primaryimage","url":"https:\/\/www.rassegnastampa-totustuus.it\/cattolica\/wp-content\/uploads\/2012\/12\/cattolici-Usa.jpg","contentUrl":"https:\/\/www.rassegnastampa-totustuus.it\/cattolica\/wp-content\/uploads\/2012\/12\/cattolici-Usa.jpg","width":280,"height":180},{"@type":"BreadcrumbList","@id":"https:\/\/www.rassegnastampa-totustuus.it\/cattolica\/declino-del-cattolicesimo-liberale\/#breadcrumb","itemListElement":[{"@type":"ListItem","position":1,"name":"Home","item":"https:\/\/www.rassegnastampa-totustuus.it\/cattolica\/"},{"@type":"ListItem","position":2,"name":"Declino del cattolicesimo liberale?"}]},{"@type":"WebSite","@id":"https:\/\/www.rassegnastampa-totustuus.it\/cattolica\/#website","url":"https:\/\/www.rassegnastampa-totustuus.it\/cattolica\/","name":"Rassegna Stampa Cattolica","description":"Per una cultura che nasce dalla Rivelazione cristiana in conformit\u00e0 alla tradizione e al Magistero della Chiesa in opposizione ad ogni relativismo e totalitarismo","publisher":{"@id":"https:\/\/www.rassegnastampa-totustuus.it\/cattolica\/#organization"},"alternateName":"Rass. Cattolica","potentialAction":[{"@type":"SearchAction","target":{"@type":"EntryPoint","urlTemplate":"https:\/\/www.rassegnastampa-totustuus.it\/cattolica\/?s={search_term_string}"},"query-input":{"@type":"PropertyValueSpecification","valueRequired":true,"valueName":"search_term_string"}}],"inLanguage":"it-IT"},{"@type":"Organization","@id":"https:\/\/www.rassegnastampa-totustuus.it\/cattolica\/#organization","name":"Rassegna Stampa Cattolica","url":"https:\/\/www.rassegnastampa-totustuus.it\/cattolica\/","logo":{"@type":"ImageObject","inLanguage":"it-IT","@id":"https:\/\/www.rassegnastampa-totustuus.it\/cattolica\/#\/schema\/logo\/image\/","url":"https:\/\/www.rassegnastampa-totustuus.it\/cattolica\/wp-content\/uploads\/2014\/04\/logo-rassegna1.gif","contentUrl":"https:\/\/www.rassegnastampa-totustuus.it\/cattolica\/wp-content\/uploads\/2014\/04\/logo-rassegna1.gif","width":600,"height":163,"caption":"Rassegna Stampa Cattolica"},"image":{"@id":"https:\/\/www.rassegnastampa-totustuus.it\/cattolica\/#\/schema\/logo\/image\/"},"sameAs":["https:\/\/www.facebook.com\/rassegnastampacattolica","https:\/\/x.com\/rassegnastampa9"]},{"@type":"Person","@id":"https:\/\/www.rassegnastampa-totustuus.it\/cattolica\/#\/schema\/person\/08f319d2bd1a0904ad9e2bfb7b15e5c3","name":"Redazione","image":{"@type":"ImageObject","inLanguage":"it-IT","@id":"https:\/\/secure.gravatar.com\/avatar\/2fcdf27c78ea025fbdb44e914cc63c72249ffec9dc8aafd5c82b26240ef3f346?s=96&d=mm&r=g","url":"https:\/\/secure.gravatar.com\/avatar\/2fcdf27c78ea025fbdb44e914cc63c72249ffec9dc8aafd5c82b26240ef3f346?s=96&d=mm&r=g","contentUrl":"https:\/\/secure.gravatar.com\/avatar\/2fcdf27c78ea025fbdb44e914cc63c72249ffec9dc8aafd5c82b26240ef3f346?s=96&d=mm&r=g","caption":"Redazione"},"url":"https:\/\/www.rassegnastampa-totustuus.it\/cattolica\/author\/pietroelle\/"}]}},"_links":{"self":[{"href":"https:\/\/www.rassegnastampa-totustuus.it\/cattolica\/wp-json\/wp\/v2\/posts\/64006","targetHints":{"allow":["GET"]}}],"collection":[{"href":"https:\/\/www.rassegnastampa-totustuus.it\/cattolica\/wp-json\/wp\/v2\/posts"}],"about":[{"href":"https:\/\/www.rassegnastampa-totustuus.it\/cattolica\/wp-json\/wp\/v2\/types\/post"}],"author":[{"embeddable":true,"href":"https:\/\/www.rassegnastampa-totustuus.it\/cattolica\/wp-json\/wp\/v2\/users\/6"}],"replies":[{"embeddable":true,"href":"https:\/\/www.rassegnastampa-totustuus.it\/cattolica\/wp-json\/wp\/v2\/comments?post=64006"}],"version-history":[{"count":1,"href":"https:\/\/www.rassegnastampa-totustuus.it\/cattolica\/wp-json\/wp\/v2\/posts\/64006\/revisions"}],"predecessor-version":[{"id":64007,"href":"https:\/\/www.rassegnastampa-totustuus.it\/cattolica\/wp-json\/wp\/v2\/posts\/64006\/revisions\/64007"}],"wp:featuredmedia":[{"embeddable":true,"href":"https:\/\/www.rassegnastampa-totustuus.it\/cattolica\/wp-json\/wp\/v2\/media\/28563"}],"wp:attachment":[{"href":"https:\/\/www.rassegnastampa-totustuus.it\/cattolica\/wp-json\/wp\/v2\/media?parent=64006"}],"wp:term":[{"taxonomy":"category","embeddable":true,"href":"https:\/\/www.rassegnastampa-totustuus.it\/cattolica\/wp-json\/wp\/v2\/categories?post=64006"},{"taxonomy":"post_tag","embeddable":true,"href":"https:\/\/www.rassegnastampa-totustuus.it\/cattolica\/wp-json\/wp\/v2\/tags?post=64006"}],"curies":[{"name":"wp","href":"https:\/\/api.w.org\/{rel}","templated":true}]}}