{"id":640,"date":"2005-06-01T16:34:40","date_gmt":"2005-06-01T14:34:40","guid":{"rendered":""},"modified":"2016-04-22T12:37:06","modified_gmt":"2016-04-22T10:37:06","slug":"joseph-de-maistre-2","status":"publish","type":"post","link":"https:\/\/www.rassegnastampa-totustuus.it\/cattolica\/joseph-de-maistre-2\/","title":{"rendered":"Joseph de Maistre"},"content":{"rendered":"<div style=\"text-align: center;\">\n<p><strong>Corrispondenza Romana,<\/strong> n.827\/06 del 4 ottobre 2003<\/p>\n<p><img loading=\"lazy\" decoding=\"async\" class=\"aligncenter wp-image-33379\" src=\"https:\/\/www.rassegnastampa-totustuus.it\/cattolica\/wp-content\/uploads\/2005\/06\/De-Maistre-1.jpg\" alt=\"De Maistre\" width=\"250\" height=\"134\" srcset=\"https:\/\/www.rassegnastampa-totustuus.it\/cattolica\/wp-content\/uploads\/2005\/06\/De-Maistre-1.jpg 307w, https:\/\/www.rassegnastampa-totustuus.it\/cattolica\/wp-content\/uploads\/2005\/06\/De-Maistre-1-300x160.jpg 300w\" sizes=\"auto, (max-width: 250px) 100vw, 250px\" \/><\/p>\n<p style=\"text-align: center;\">Il 250\u00b0 anniversario della nascita di Joseph de Maistre<\/p>\n<\/div>\n<p><!--more--><\/p>\n<div>\n<p style=\"text-align: justify;\">(Corrispondenza romana) Quest&#8217;anno \u00e8 ricorso, pressoch\u00e9 dimenticato, il 250\u00b0 anniversario della nascita del conte Joseph de Maistre, l&#8217;anti-Voltaire, uno dei padri del pensiero contro-rivoluzionario moderno, estrema incarnazione dello spirito aristocratico dell&#8217;Ancien R\u00e9gime europeo.Magistrato, diplomatico, statista, filosofo e letterato, Joseph de Maistre nacque il 1\u00b0 aprile 1753, a Chambery (Alta Savoia). Fu uno spirito eletto, acuto pensatore, grande scrittore, brillante polemista la cui parola e penna erano tanto ammirate quanto temute.<\/p>\n<p style=\"text-align: justify;\">Soprattutto, per\u00f2, fu un uomo di fede. Come altri protagonisti della rinascita cattolica del suo tempo (von Diessbach, von Haller, Donoso Cortes), anche de Maistre era un &#8220;convertito&#8221;: dalla giovanile simpatia per l&#8217;Illuminismo esoterico e adesione alla Massoneria, nella maturit\u00e0 pass\u00f2 al Cattolicesimo integrale e all&#8217;adesione alle Amicizie Cristiane del venerabile Lanteri, delle quali divenne un dirigente.<\/p>\n<p style=\"text-align: justify;\">Il passaggio dai falsi &#8220;Lumi&#8221; alla vera Luce fu provocato dalla dura lezione della Rivoluzione Francese, che costrinse il conte all&#8217;esilio per restare fedele al Trono e all&#8217;Altare. I suoi scritti denunciarono il carattere &#8220;epocale&#8221;, &#8220;satanico&#8221; e totalitario della Rivoluzione Francese, la tirannia di Napoleone Buonaparte, le trame delle sette segrete, ma anche gli errori dei nobili che, con le loro debolezze e complicit\u00e0, favorivano l&#8217;avanzata rivoluzionaria.<\/p>\n<p style=\"text-align: justify;\">La Restaurazione del 1814 lo deluse enormemente, per la sua fiacchezza ed ambiguit\u00e0; Metternich, Luigi XVI e lo stesso Re di Sardegna lo isolarono, preferendo la politica degli accomodamenti a quella del rigore. Poco prima di morire, nel 1820, il conte profetizz\u00f2 la crisi della Restaurazione e la &#8220;finis Europae&#8221;. Le sue vivaci critiche della mentalit\u00e0 &#8220;progressista&#8221;, le sue confutazioni del razionalismo, dell&#8217;illuminismo e della Rivoluzione, la sua esaltazione della tradizione, del Papato e della Cristianit\u00e0 sono tuttora attuali e sono state ristampate in Italia, anche se magari da Case editrici di orientamento opposto al suo.<\/p>\n<p style=\"text-align: justify;\">Questo non deve meravigliare: anche in vita, egli fu pi\u00f9 stimato da Napoleone e da Alessandro I che dai sovrani cattolici che difendeva. Nelle sue opere &#8211; come Considerazioni sulla Francia, Saggio sulla sovranit\u00e0, Saggio sul principio generatore delle costituzioni politiche, Il Papa, Le serate di Pietroburgo &#8211; egli deline\u00f2 efficacemente l&#8217;impostazione filosofica e teologica &#8211; soprattutto di teologia della storia &#8211; che devono animare un apostolato religioso e una propaganda culturale che favoriscano la rinascita civile e politica europea.<\/p>\n<p style=\"text-align: justify;\">Molte sue intuizioni, idee e analisi furono riprese dal Romanticismo cattolico dell&#8217;ottocento, ma soprattutto dal Magistero della Chiesa. Gregorio XVI e Pio IX lo veneravano, Leone XIII lo chiamava &#8220;il profeta del XIX secolo&#8221;, mons. Delassus &#8220;il veggente della nostra epoca&#8221;, Giuliotti &#8220;la spada della verit\u00e0&#8221;. Nonostante alcuni limiti e squilibri, dovuti soprattutto alla mancanza di una solida formazione teologica, l&#8217;insegnamento di de Maistre \u00e8 una delle fonti della rinascita religiosa, culturale e politica del XIX secolo, quella che ha condotto al Syllabus e al Concilio Vaticano I, e ha posto le lontane premesse anche della futura riscossa cristiana del XXI secolo<\/p>\n<p style=\"text-align: center;\">&#8212;&#8212;&#8212;&#8212;&#8212;&#8212;&#8212;&#8212;&#8212;&#8212;&#8212;&#8212;&#8212;&#8212;&#8212;&#8211;<\/p>\n<p style=\"text-align: center;\"><strong>Il Timone<\/strong> &#8211; n. 17 Gennaio\/Febbraio 2002<\/p>\n<p style=\"text-align: center;\"><strong>Joseph de Maistre<\/strong><\/p>\n<p style=\"text-align: justify;\"><em><em>&#8220;\u00c8 il maestro dei maestri della controrivoluzione&#8221;, ha scritto Rino Cammilleri. Era convinto che al di fuori del cattolicesimo c&#8217;\u00e8 il caos e che solo nella religione si devono cercare le basi per un sano ordinamento politico.<\/em><\/em><\/p>\n<p style=\"text-align: center;\">di <strong>Maurizio Schoepflin<\/strong><\/p>\n<p style=\"text-align: justify;\">Come \u00e8 noto, negli ultimi anni si \u00e8 sviluppato un interessante filone di studi e ricerche che, da un punto di vista squisitamente storico, hanno indagato senza pregiudizi e in maniera autenticamente critica alcuni importanti eventi della storia moderna e contemporanea: \u00e8 accaduto per il Risorgimento italiano (basti ricordare, a questo proposito, i fondamentali contributi di Angela Pellicciari) ed \u00e8 accaduto, in misura ancora pi\u00f9 cospicua, per quanto concerne la Rivoluzione francese e suoi riflessi sugli assetti politici europei.<\/p>\n<p style=\"text-align: justify;\">In questo contesto sono stati condotti a termine lavori davvero rilevanti, che hanno messo opportunamente in luce l&#8217;esistenza di numerosi e significativi fermenti antirivoluzionari che percorsero l&#8217;Europa e l&#8217;Italia all&#8217;indomani del fatidico 1789. A queste operazioni di chiara impostazione storiografica sarebbe sicuramente utile affiancare un parallelo lavoro di indagine intorno alle componenti pi\u00f9 decisamente ideali e filosofiche di quel vasto movimento che va sotto il nome di &#8220;controrivoluzione&#8221;, e non v&#8217;\u00e8 dubbio che, in questo contesto, meriti un&#8217;attenzione del tutto particolare la figura del savoiardo Joseph de Maistre, nato a Chambery nel 1753 e morto a Torino nel 1821.<\/p>\n<p style=\"text-align: justify;\">Avviatosi verso una promettente carriera di magistrato, intorno ai vent&#8217;anni, de Maistre aderisce alla massoneria e, sulle prime, guarda con favore e fiducia alla rivoluzione, ma quando le armate francesi, nel 1792, invadono la Savoia, egli muta completamente il suo giudizio e abbandona la patria per recarsi prima ad Aosta e poi a Losanna. Dopo una breve parentesi a Venezia e a Cagliari, \u00e8 a Torino, da dove viene mandato a San Pietroburgo, in qualit\u00e0 di ministro plenipotenziario del Regno di Sardegna.<\/p>\n<p style=\"text-align: justify;\">L\u00ec trascorre anni fecondi per i suoi studi, finch\u00e9, nel 1817, non \u00e8 costretto a rientrare in Piemonte: si spegner\u00e0 a Torino quattro anni pi\u00f9 tardi, circondato dalla stima e dalla simpatia di coloro che vedevano in lui uno dei pi\u00f9 significativi ispiratori di quel processo di restaurazione che si andava affermando in Europa.<\/p>\n<p style=\"text-align: justify;\">Scriveva de Maistre in una lettera del dicembre 1793: &#8220;Secondo il mio modo di pensare, il progetto di mettere il lago di Ginevra in bottiglie \u00e8 molto meno folle di quello di ristabilire le cose proprio sulle stesse basi in cui esse si trovavano prima della rivoluzione&#8221;; \u00e8 il giudizio lucido di un uomo che considera gli eventi del 1789 i frutti pi\u00f9 perversi della modernit\u00e0 nata dalla Riforma protestante e proseguita con l&#8217;illuminismo, un vero e proprio castigo divino per tutti coloro, nobili e clero compresi, che si erano lasciati sedurre dalle nuove idee filosofiche e avevano smarrito il senso e il valore della tradizione.<\/p>\n<p style=\"text-align: justify;\">De Maistre ha una concezione fortemente provvidenzialistica della storia, nella quale egli vede affrontarsi il partito di Dio e quello di Satana: a suo giudizio, non v&#8217;\u00e8 dubbio che la rivoluzione \u00e8 stata innanzitutto una rivolta contro Dio, un atto di superbia degli uomini che hanno ritenuto di poter guidare gli eventi, &#8220;uno dei pi\u00f9 grandi crimini che si possano commettere, poich\u00e9 non ve n&#8217;\u00e8 un altro che abbia pi\u00f9 terribili conseguenze&#8221;.<\/p>\n<p style=\"text-align: justify;\">Si tratta allora &#8211; agli occhi del conte savoiardo &#8211; di reagire a questo stato di cose; e ci\u00f2 pu\u00f2 avvenire soltanto recuperando e rivalutando appieno la convinzione che la sovranit\u00e0 proviene direttamente da Dio, e non deriva &#8211; come pretendeva Rousseau &#8211; dal popolo; a partire da qui, non sar\u00e0 poi difficile comprendere che alla base dell&#8217;autentica sovranit\u00e0 stanno la figura e il ruolo del Pontefice: &#8220;Niente Papa &#8211; scrive de Maistre nel 1810 &#8211; niente sovranit\u00e0; niente sovranit\u00e0, niente unit\u00e0; niente unit\u00e0, niente autorit\u00e0; niente autorit\u00e0, niente fede&#8221;.<\/p>\n<p style=\"text-align: justify;\">Al Papa, rappresentante spirituale di Dio, deve rimanere profondamente unito il re, Suo rappresentante temporale: de Maistre caldeggia una rinnovata alleanza tra la nobilt\u00e0 e il sacerdozio, che conduca a un governo che detenga s\u00ec il potere assoluto, ma che sia egualmente lontano dalla tirannia e dall&#8217;anarchia e che guidi le genti con moderazione.<\/p>\n<p style=\"text-align: justify;\">Ha scritto testualmente a questo proposito Franco Cardini: &#8220;Il concetto maistriano di sovranit\u00e0 \u00e8 legato alla dimensione dell&#8217;imperscrutabile disegno divino, della Tradizione che si afferma attraverso le culture tradizionali dei differenti popoli, i riti che le caratterizzano e le leggi che ne costituiscono l&#8217;espressione razionale e quindi la sovranit\u00e0, che equivale necessariamente al diritto al potere (indipendentemente dal suo esercizio) e quindi al diritto a decidere.<\/p>\n<p style=\"text-align: justify;\">Alla Chiesa spetta la decisione ultima e inappellabile, quindi la plenitudo potestatis in termini d&#8217;infallibilit\u00e0: anzi, infallibilit\u00e0 e sovranit\u00e0 sono &#8220;perfaitement synonymes&#8221;, come egli afferma nel Du Pape&#8221;. Alla base del pensiero di Joseph de Maistre troviamo la certezza che senza fondarsi sulla verit\u00e0 cristiana non \u00e8 possibile per l&#8217;uomo costruire alcunch\u00e9 di valido e di positivo; egli \u00e8 sicuro che il mondo moderno, scaturito dal luteranesimo, dall&#8217;illuminismo e dalla rivoluzione francese, \u00e8 destinato alla catastrofe, proprio perch\u00e9 ha voluto cancellare l&#8217;autentica fede cristiana, lasciando l&#8217;umanit\u00e0 &#8220;senza dottrina e senza criteri di giudizio, senza speranza e senza moralit\u00e0&#8221; (G. Goyau).<\/p>\n<p style=\"text-align: justify;\"><strong>Ricorda<\/strong><\/p>\n<p style=\"text-align: justify;\">&#8220;L&#8217;uomo, poich\u00e9 agisce, crede di agire da solo; e poich\u00e9 ha la coscienza della sua libert\u00e0, dimentica la sua dipendenza. Nell&#8217;ordine fisico intende ragione, e sebbene possa, per esempio, piantare una ghianda, innaffiarla, ecc., \u00e8 capace tuttavia di convenire che non \u00e8 lui a fare le querce, poich\u00e9 vede l&#8217;albero crescere e perfezionarsi senza che il potere umano vi abbia parte, e poich\u00e9, d&#8217;altra parte, non \u00e8 stato lui a fare la ghianda; ma nell&#8217;ordine sociale, in cui \u00e8 presente e operante, si mette a credere di essere realmente l&#8217;autore diretto di tuffo ci\u00f2 che si fa per suo mezzo: in un certo senso, \u00e8 la cazzuola che si crede architetto. L&#8217;uomo \u00e8 intelligente, \u00e8 libero, \u00e8 sublime, senza dubbio; ma non per questo cessa di essere un utensile di Dio..&#8221;. (Joseph de Maistre, Saggio sul principio generatore delle costituzioni politiche e delle altre istituzioni umane, il Falco, Milano 1982, p. 41).<\/p>\n<p style=\"text-align: justify;\"><strong>Bibliografia<\/strong><\/p>\n<p style=\"text-align: justify;\"><strong>Joseph de Maistre, <\/strong><em>Scritti politici<\/em>, edizioni Cantagalli, Siena 2000 (Con una presentazione di don Luigi Negri e un&#8217;introduzione di Franco Cardini).<br \/>\n<strong>Joseph de Maistre,<\/strong> <em>Le serate di Pietroburgo,<\/em> a cura di A. Cattabiani, Rusconi, M\u00eclano 1971.<br \/>\n<strong>Joseph de Maistre,<\/strong> <em>Saggio sul principio generatore delle costituzioni politiche e delle altre istituzioni umane,<\/em> il Falco, Milano 1982<br \/>\n<strong>Joseph de Maistre, <\/strong><em>Elogio dell&#8217;Inquisizione di Spagna,<\/em> Il Cerchio Iniziative Editoriali, Rimini 1998 (con prefazione di Rino Cammilleri).<br \/>\n<strong>Domenico Fisichella, Giusnaturalismo e teoria della sovranit\u00e0 in Joseph de Maistre<\/strong>, D&#8217;Anna, Messina-Firenze 1963.<\/p>\n<\/div>\n","protected":false},"excerpt":{"rendered":"<p>Corrispondenza Romana, n.827\/06 del 4 ottobre 2003 Il 250\u00b0 anniversario della nascita di Joseph de Maistre<\/p><p><a class=\"more-link btn\" href=\"https:\/\/www.rassegnastampa-totustuus.it\/cattolica\/joseph-de-maistre-2\/\">Continua a leggere<\/a><\/p>\n","protected":false},"author":6,"featured_media":33379,"comment_status":"closed","ping_status":"open","sticky":false,"template":"","format":"standard","meta":{"footnotes":""},"categories":[18,54],"tags":[462,620],"class_list":["post-640","post","type-post","status-publish","format-standard","has-post-thumbnail","hentry","category-personaggi","category-rivoluzione-e-controrivoluzione","tag-controrivoluzione","tag-j-de-maistre","item-wrap"],"yoast_head":"<!-- This site is optimized with the Yoast SEO plugin v27.5 - https:\/\/yoast.com\/product\/yoast-seo-wordpress\/ -->\n<title>Joseph de Maistre - Rassegna Stampa Cattolica<\/title>\n<meta name=\"description\" content=\"Rassegna Stampa Cattolica - Per una cultura che nasce dalla Rivelazione cristiana in conformit\u00e0 alla tradizione e al Magistero della Chiesa in opposizione ad ogni relativismo e totalitarismo\" \/>\n<meta name=\"robots\" content=\"index, follow, max-snippet:-1, max-image-preview:large, max-video-preview:-1\" \/>\n<link rel=\"canonical\" href=\"https:\/\/www.rassegnastampa-totustuus.it\/cattolica\/joseph-de-maistre-2\/\" \/>\n<meta property=\"og:locale\" content=\"it_IT\" \/>\n<meta property=\"og:type\" content=\"article\" \/>\n<meta property=\"og:title\" content=\"Joseph de Maistre - Rassegna Stampa Cattolica\" \/>\n<meta property=\"og:description\" content=\"Rassegna Stampa Cattolica - Per una cultura che nasce dalla Rivelazione cristiana in conformit\u00e0 alla tradizione e al Magistero della Chiesa in opposizione ad ogni relativismo e totalitarismo\" \/>\n<meta property=\"og:url\" content=\"https:\/\/www.rassegnastampa-totustuus.it\/cattolica\/joseph-de-maistre-2\/\" \/>\n<meta property=\"og:site_name\" content=\"Rassegna Stampa Cattolica\" \/>\n<meta property=\"article:publisher\" content=\"https:\/\/www.facebook.com\/rassegnastampacattolica\" \/>\n<meta property=\"article:published_time\" content=\"2005-06-01T14:34:40+00:00\" \/>\n<meta property=\"article:modified_time\" content=\"2016-04-22T10:37:06+00:00\" \/>\n<meta property=\"og:image\" content=\"https:\/\/www.rassegnastampa-totustuus.it\/cattolica\/wp-content\/uploads\/2005\/06\/De-Maistre-1.jpg\" \/>\n\t<meta property=\"og:image:width\" content=\"307\" \/>\n\t<meta property=\"og:image:height\" content=\"164\" \/>\n\t<meta property=\"og:image:type\" content=\"image\/jpeg\" \/>\n<meta name=\"author\" content=\"Redazione\" \/>\n<meta name=\"twitter:card\" content=\"summary_large_image\" \/>\n<meta name=\"twitter:creator\" content=\"@rassegnastampa9\" \/>\n<meta name=\"twitter:site\" content=\"@rassegnastampa9\" \/>\n<meta name=\"twitter:label1\" content=\"Scritto da\" \/>\n\t<meta name=\"twitter:data1\" content=\"Redazione\" \/>\n\t<meta name=\"twitter:label2\" content=\"Tempo di lettura stimato\" \/>\n\t<meta name=\"twitter:data2\" content=\"8 minuti\" \/>\n<script type=\"application\/ld+json\" class=\"yoast-schema-graph\">{\"@context\":\"https:\\\/\\\/schema.org\",\"@graph\":[{\"@type\":\"Article\",\"@id\":\"https:\\\/\\\/www.rassegnastampa-totustuus.it\\\/cattolica\\\/joseph-de-maistre-2\\\/#article\",\"isPartOf\":{\"@id\":\"https:\\\/\\\/www.rassegnastampa-totustuus.it\\\/cattolica\\\/joseph-de-maistre-2\\\/\"},\"author\":{\"name\":\"Redazione\",\"@id\":\"https:\\\/\\\/www.rassegnastampa-totustuus.it\\\/cattolica\\\/#\\\/schema\\\/person\\\/08f319d2bd1a0904ad9e2bfb7b15e5c3\"},\"headline\":\"Joseph de Maistre\",\"datePublished\":\"2005-06-01T14:34:40+00:00\",\"dateModified\":\"2016-04-22T10:37:06+00:00\",\"mainEntityOfPage\":{\"@id\":\"https:\\\/\\\/www.rassegnastampa-totustuus.it\\\/cattolica\\\/joseph-de-maistre-2\\\/\"},\"wordCount\":1578,\"publisher\":{\"@id\":\"https:\\\/\\\/www.rassegnastampa-totustuus.it\\\/cattolica\\\/#organization\"},\"image\":{\"@id\":\"https:\\\/\\\/www.rassegnastampa-totustuus.it\\\/cattolica\\\/joseph-de-maistre-2\\\/#primaryimage\"},\"thumbnailUrl\":\"https:\\\/\\\/www.rassegnastampa-totustuus.it\\\/cattolica\\\/wp-content\\\/uploads\\\/2005\\\/06\\\/De-Maistre-1.jpg\",\"keywords\":[\"controrivoluzione\",\"J De Maistre\"],\"articleSection\":[\"Personaggi\",\"Rivoluzione e controrivoluzione\"],\"inLanguage\":\"it-IT\"},{\"@type\":\"WebPage\",\"@id\":\"https:\\\/\\\/www.rassegnastampa-totustuus.it\\\/cattolica\\\/joseph-de-maistre-2\\\/\",\"url\":\"https:\\\/\\\/www.rassegnastampa-totustuus.it\\\/cattolica\\\/joseph-de-maistre-2\\\/\",\"name\":\"Joseph de Maistre - Rassegna Stampa Cattolica\",\"isPartOf\":{\"@id\":\"https:\\\/\\\/www.rassegnastampa-totustuus.it\\\/cattolica\\\/#website\"},\"primaryImageOfPage\":{\"@id\":\"https:\\\/\\\/www.rassegnastampa-totustuus.it\\\/cattolica\\\/joseph-de-maistre-2\\\/#primaryimage\"},\"image\":{\"@id\":\"https:\\\/\\\/www.rassegnastampa-totustuus.it\\\/cattolica\\\/joseph-de-maistre-2\\\/#primaryimage\"},\"thumbnailUrl\":\"https:\\\/\\\/www.rassegnastampa-totustuus.it\\\/cattolica\\\/wp-content\\\/uploads\\\/2005\\\/06\\\/De-Maistre-1.jpg\",\"datePublished\":\"2005-06-01T14:34:40+00:00\",\"dateModified\":\"2016-04-22T10:37:06+00:00\",\"description\":\"Rassegna Stampa Cattolica - Per una cultura che nasce dalla Rivelazione cristiana in conformit\u00e0 alla tradizione e al Magistero della Chiesa in opposizione ad ogni relativismo e totalitarismo\",\"breadcrumb\":{\"@id\":\"https:\\\/\\\/www.rassegnastampa-totustuus.it\\\/cattolica\\\/joseph-de-maistre-2\\\/#breadcrumb\"},\"inLanguage\":\"it-IT\",\"potentialAction\":[{\"@type\":\"ReadAction\",\"target\":[\"https:\\\/\\\/www.rassegnastampa-totustuus.it\\\/cattolica\\\/joseph-de-maistre-2\\\/\"]}]},{\"@type\":\"ImageObject\",\"inLanguage\":\"it-IT\",\"@id\":\"https:\\\/\\\/www.rassegnastampa-totustuus.it\\\/cattolica\\\/joseph-de-maistre-2\\\/#primaryimage\",\"url\":\"https:\\\/\\\/www.rassegnastampa-totustuus.it\\\/cattolica\\\/wp-content\\\/uploads\\\/2005\\\/06\\\/De-Maistre-1.jpg\",\"contentUrl\":\"https:\\\/\\\/www.rassegnastampa-totustuus.it\\\/cattolica\\\/wp-content\\\/uploads\\\/2005\\\/06\\\/De-Maistre-1.jpg\",\"width\":307,\"height\":164},{\"@type\":\"BreadcrumbList\",\"@id\":\"https:\\\/\\\/www.rassegnastampa-totustuus.it\\\/cattolica\\\/joseph-de-maistre-2\\\/#breadcrumb\",\"itemListElement\":[{\"@type\":\"ListItem\",\"position\":1,\"name\":\"Home\",\"item\":\"https:\\\/\\\/www.rassegnastampa-totustuus.it\\\/cattolica\\\/\"},{\"@type\":\"ListItem\",\"position\":2,\"name\":\"Joseph de Maistre\"}]},{\"@type\":\"WebSite\",\"@id\":\"https:\\\/\\\/www.rassegnastampa-totustuus.it\\\/cattolica\\\/#website\",\"url\":\"https:\\\/\\\/www.rassegnastampa-totustuus.it\\\/cattolica\\\/\",\"name\":\"Rassegna Stampa Cattolica\",\"description\":\"Per una cultura che nasce dalla Rivelazione cristiana in conformit\u00e0 alla tradizione e al Magistero della Chiesa in opposizione ad ogni relativismo e totalitarismo\",\"publisher\":{\"@id\":\"https:\\\/\\\/www.rassegnastampa-totustuus.it\\\/cattolica\\\/#organization\"},\"alternateName\":\"Rass. Cattolica\",\"potentialAction\":[{\"@type\":\"SearchAction\",\"target\":{\"@type\":\"EntryPoint\",\"urlTemplate\":\"https:\\\/\\\/www.rassegnastampa-totustuus.it\\\/cattolica\\\/?s={search_term_string}\"},\"query-input\":{\"@type\":\"PropertyValueSpecification\",\"valueRequired\":true,\"valueName\":\"search_term_string\"}}],\"inLanguage\":\"it-IT\"},{\"@type\":\"Organization\",\"@id\":\"https:\\\/\\\/www.rassegnastampa-totustuus.it\\\/cattolica\\\/#organization\",\"name\":\"Rassegna Stampa Cattolica\",\"url\":\"https:\\\/\\\/www.rassegnastampa-totustuus.it\\\/cattolica\\\/\",\"logo\":{\"@type\":\"ImageObject\",\"inLanguage\":\"it-IT\",\"@id\":\"https:\\\/\\\/www.rassegnastampa-totustuus.it\\\/cattolica\\\/#\\\/schema\\\/logo\\\/image\\\/\",\"url\":\"https:\\\/\\\/www.rassegnastampa-totustuus.it\\\/cattolica\\\/wp-content\\\/uploads\\\/2014\\\/04\\\/logo-rassegna1.gif\",\"contentUrl\":\"https:\\\/\\\/www.rassegnastampa-totustuus.it\\\/cattolica\\\/wp-content\\\/uploads\\\/2014\\\/04\\\/logo-rassegna1.gif\",\"width\":600,\"height\":163,\"caption\":\"Rassegna Stampa Cattolica\"},\"image\":{\"@id\":\"https:\\\/\\\/www.rassegnastampa-totustuus.it\\\/cattolica\\\/#\\\/schema\\\/logo\\\/image\\\/\"},\"sameAs\":[\"https:\\\/\\\/www.facebook.com\\\/rassegnastampacattolica\",\"https:\\\/\\\/x.com\\\/rassegnastampa9\"]},{\"@type\":\"Person\",\"@id\":\"https:\\\/\\\/www.rassegnastampa-totustuus.it\\\/cattolica\\\/#\\\/schema\\\/person\\\/08f319d2bd1a0904ad9e2bfb7b15e5c3\",\"name\":\"Redazione\",\"image\":{\"@type\":\"ImageObject\",\"inLanguage\":\"it-IT\",\"@id\":\"https:\\\/\\\/secure.gravatar.com\\\/avatar\\\/2fcdf27c78ea025fbdb44e914cc63c72249ffec9dc8aafd5c82b26240ef3f346?s=96&d=mm&r=g\",\"url\":\"https:\\\/\\\/secure.gravatar.com\\\/avatar\\\/2fcdf27c78ea025fbdb44e914cc63c72249ffec9dc8aafd5c82b26240ef3f346?s=96&d=mm&r=g\",\"contentUrl\":\"https:\\\/\\\/secure.gravatar.com\\\/avatar\\\/2fcdf27c78ea025fbdb44e914cc63c72249ffec9dc8aafd5c82b26240ef3f346?s=96&d=mm&r=g\",\"caption\":\"Redazione\"},\"url\":\"https:\\\/\\\/www.rassegnastampa-totustuus.it\\\/cattolica\\\/author\\\/pietroelle\\\/\"}]}<\/script>\n<!-- \/ Yoast SEO plugin. -->","yoast_head_json":{"title":"Joseph de Maistre - Rassegna Stampa Cattolica","description":"Rassegna Stampa Cattolica - Per una cultura che nasce dalla Rivelazione cristiana in conformit\u00e0 alla tradizione e al Magistero della Chiesa in opposizione ad ogni relativismo e totalitarismo","robots":{"index":"index","follow":"follow","max-snippet":"max-snippet:-1","max-image-preview":"max-image-preview:large","max-video-preview":"max-video-preview:-1"},"canonical":"https:\/\/www.rassegnastampa-totustuus.it\/cattolica\/joseph-de-maistre-2\/","og_locale":"it_IT","og_type":"article","og_title":"Joseph de Maistre - Rassegna Stampa Cattolica","og_description":"Rassegna Stampa Cattolica - Per una cultura che nasce dalla Rivelazione cristiana in conformit\u00e0 alla tradizione e al Magistero della Chiesa in opposizione ad ogni relativismo e totalitarismo","og_url":"https:\/\/www.rassegnastampa-totustuus.it\/cattolica\/joseph-de-maistre-2\/","og_site_name":"Rassegna Stampa Cattolica","article_publisher":"https:\/\/www.facebook.com\/rassegnastampacattolica","article_published_time":"2005-06-01T14:34:40+00:00","article_modified_time":"2016-04-22T10:37:06+00:00","og_image":[{"width":307,"height":164,"url":"https:\/\/www.rassegnastampa-totustuus.it\/cattolica\/wp-content\/uploads\/2005\/06\/De-Maistre-1.jpg","type":"image\/jpeg"}],"author":"Redazione","twitter_card":"summary_large_image","twitter_creator":"@rassegnastampa9","twitter_site":"@rassegnastampa9","twitter_misc":{"Scritto da":"Redazione","Tempo di lettura stimato":"8 minuti"},"schema":{"@context":"https:\/\/schema.org","@graph":[{"@type":"Article","@id":"https:\/\/www.rassegnastampa-totustuus.it\/cattolica\/joseph-de-maistre-2\/#article","isPartOf":{"@id":"https:\/\/www.rassegnastampa-totustuus.it\/cattolica\/joseph-de-maistre-2\/"},"author":{"name":"Redazione","@id":"https:\/\/www.rassegnastampa-totustuus.it\/cattolica\/#\/schema\/person\/08f319d2bd1a0904ad9e2bfb7b15e5c3"},"headline":"Joseph de Maistre","datePublished":"2005-06-01T14:34:40+00:00","dateModified":"2016-04-22T10:37:06+00:00","mainEntityOfPage":{"@id":"https:\/\/www.rassegnastampa-totustuus.it\/cattolica\/joseph-de-maistre-2\/"},"wordCount":1578,"publisher":{"@id":"https:\/\/www.rassegnastampa-totustuus.it\/cattolica\/#organization"},"image":{"@id":"https:\/\/www.rassegnastampa-totustuus.it\/cattolica\/joseph-de-maistre-2\/#primaryimage"},"thumbnailUrl":"https:\/\/www.rassegnastampa-totustuus.it\/cattolica\/wp-content\/uploads\/2005\/06\/De-Maistre-1.jpg","keywords":["controrivoluzione","J De Maistre"],"articleSection":["Personaggi","Rivoluzione e controrivoluzione"],"inLanguage":"it-IT"},{"@type":"WebPage","@id":"https:\/\/www.rassegnastampa-totustuus.it\/cattolica\/joseph-de-maistre-2\/","url":"https:\/\/www.rassegnastampa-totustuus.it\/cattolica\/joseph-de-maistre-2\/","name":"Joseph de Maistre - Rassegna Stampa Cattolica","isPartOf":{"@id":"https:\/\/www.rassegnastampa-totustuus.it\/cattolica\/#website"},"primaryImageOfPage":{"@id":"https:\/\/www.rassegnastampa-totustuus.it\/cattolica\/joseph-de-maistre-2\/#primaryimage"},"image":{"@id":"https:\/\/www.rassegnastampa-totustuus.it\/cattolica\/joseph-de-maistre-2\/#primaryimage"},"thumbnailUrl":"https:\/\/www.rassegnastampa-totustuus.it\/cattolica\/wp-content\/uploads\/2005\/06\/De-Maistre-1.jpg","datePublished":"2005-06-01T14:34:40+00:00","dateModified":"2016-04-22T10:37:06+00:00","description":"Rassegna Stampa Cattolica - Per una cultura che nasce dalla Rivelazione cristiana in conformit\u00e0 alla tradizione e al Magistero della Chiesa in opposizione ad ogni relativismo e totalitarismo","breadcrumb":{"@id":"https:\/\/www.rassegnastampa-totustuus.it\/cattolica\/joseph-de-maistre-2\/#breadcrumb"},"inLanguage":"it-IT","potentialAction":[{"@type":"ReadAction","target":["https:\/\/www.rassegnastampa-totustuus.it\/cattolica\/joseph-de-maistre-2\/"]}]},{"@type":"ImageObject","inLanguage":"it-IT","@id":"https:\/\/www.rassegnastampa-totustuus.it\/cattolica\/joseph-de-maistre-2\/#primaryimage","url":"https:\/\/www.rassegnastampa-totustuus.it\/cattolica\/wp-content\/uploads\/2005\/06\/De-Maistre-1.jpg","contentUrl":"https:\/\/www.rassegnastampa-totustuus.it\/cattolica\/wp-content\/uploads\/2005\/06\/De-Maistre-1.jpg","width":307,"height":164},{"@type":"BreadcrumbList","@id":"https:\/\/www.rassegnastampa-totustuus.it\/cattolica\/joseph-de-maistre-2\/#breadcrumb","itemListElement":[{"@type":"ListItem","position":1,"name":"Home","item":"https:\/\/www.rassegnastampa-totustuus.it\/cattolica\/"},{"@type":"ListItem","position":2,"name":"Joseph de Maistre"}]},{"@type":"WebSite","@id":"https:\/\/www.rassegnastampa-totustuus.it\/cattolica\/#website","url":"https:\/\/www.rassegnastampa-totustuus.it\/cattolica\/","name":"Rassegna Stampa Cattolica","description":"Per una cultura che nasce dalla Rivelazione cristiana in conformit\u00e0 alla tradizione e al Magistero della Chiesa in opposizione ad ogni relativismo e totalitarismo","publisher":{"@id":"https:\/\/www.rassegnastampa-totustuus.it\/cattolica\/#organization"},"alternateName":"Rass. Cattolica","potentialAction":[{"@type":"SearchAction","target":{"@type":"EntryPoint","urlTemplate":"https:\/\/www.rassegnastampa-totustuus.it\/cattolica\/?s={search_term_string}"},"query-input":{"@type":"PropertyValueSpecification","valueRequired":true,"valueName":"search_term_string"}}],"inLanguage":"it-IT"},{"@type":"Organization","@id":"https:\/\/www.rassegnastampa-totustuus.it\/cattolica\/#organization","name":"Rassegna Stampa Cattolica","url":"https:\/\/www.rassegnastampa-totustuus.it\/cattolica\/","logo":{"@type":"ImageObject","inLanguage":"it-IT","@id":"https:\/\/www.rassegnastampa-totustuus.it\/cattolica\/#\/schema\/logo\/image\/","url":"https:\/\/www.rassegnastampa-totustuus.it\/cattolica\/wp-content\/uploads\/2014\/04\/logo-rassegna1.gif","contentUrl":"https:\/\/www.rassegnastampa-totustuus.it\/cattolica\/wp-content\/uploads\/2014\/04\/logo-rassegna1.gif","width":600,"height":163,"caption":"Rassegna Stampa Cattolica"},"image":{"@id":"https:\/\/www.rassegnastampa-totustuus.it\/cattolica\/#\/schema\/logo\/image\/"},"sameAs":["https:\/\/www.facebook.com\/rassegnastampacattolica","https:\/\/x.com\/rassegnastampa9"]},{"@type":"Person","@id":"https:\/\/www.rassegnastampa-totustuus.it\/cattolica\/#\/schema\/person\/08f319d2bd1a0904ad9e2bfb7b15e5c3","name":"Redazione","image":{"@type":"ImageObject","inLanguage":"it-IT","@id":"https:\/\/secure.gravatar.com\/avatar\/2fcdf27c78ea025fbdb44e914cc63c72249ffec9dc8aafd5c82b26240ef3f346?s=96&d=mm&r=g","url":"https:\/\/secure.gravatar.com\/avatar\/2fcdf27c78ea025fbdb44e914cc63c72249ffec9dc8aafd5c82b26240ef3f346?s=96&d=mm&r=g","contentUrl":"https:\/\/secure.gravatar.com\/avatar\/2fcdf27c78ea025fbdb44e914cc63c72249ffec9dc8aafd5c82b26240ef3f346?s=96&d=mm&r=g","caption":"Redazione"},"url":"https:\/\/www.rassegnastampa-totustuus.it\/cattolica\/author\/pietroelle\/"}]}},"_links":{"self":[{"href":"https:\/\/www.rassegnastampa-totustuus.it\/cattolica\/wp-json\/wp\/v2\/posts\/640","targetHints":{"allow":["GET"]}}],"collection":[{"href":"https:\/\/www.rassegnastampa-totustuus.it\/cattolica\/wp-json\/wp\/v2\/posts"}],"about":[{"href":"https:\/\/www.rassegnastampa-totustuus.it\/cattolica\/wp-json\/wp\/v2\/types\/post"}],"author":[{"embeddable":true,"href":"https:\/\/www.rassegnastampa-totustuus.it\/cattolica\/wp-json\/wp\/v2\/users\/6"}],"replies":[{"embeddable":true,"href":"https:\/\/www.rassegnastampa-totustuus.it\/cattolica\/wp-json\/wp\/v2\/comments?post=640"}],"version-history":[{"count":3,"href":"https:\/\/www.rassegnastampa-totustuus.it\/cattolica\/wp-json\/wp\/v2\/posts\/640\/revisions"}],"predecessor-version":[{"id":33380,"href":"https:\/\/www.rassegnastampa-totustuus.it\/cattolica\/wp-json\/wp\/v2\/posts\/640\/revisions\/33380"}],"wp:featuredmedia":[{"embeddable":true,"href":"https:\/\/www.rassegnastampa-totustuus.it\/cattolica\/wp-json\/wp\/v2\/media\/33379"}],"wp:attachment":[{"href":"https:\/\/www.rassegnastampa-totustuus.it\/cattolica\/wp-json\/wp\/v2\/media?parent=640"}],"wp:term":[{"taxonomy":"category","embeddable":true,"href":"https:\/\/www.rassegnastampa-totustuus.it\/cattolica\/wp-json\/wp\/v2\/categories?post=640"},{"taxonomy":"post_tag","embeddable":true,"href":"https:\/\/www.rassegnastampa-totustuus.it\/cattolica\/wp-json\/wp\/v2\/tags?post=640"}],"curies":[{"name":"wp","href":"https:\/\/api.w.org\/{rel}","templated":true}]}}