{"id":63997,"date":"2025-10-27T09:21:29","date_gmt":"2025-10-27T08:21:29","guid":{"rendered":"https:\/\/www.rassegnastampa-totustuus.it\/cattolica\/?p=63997"},"modified":"2026-03-31T08:26:11","modified_gmt":"2026-03-31T06:26:11","slug":"per-i-giovani-sacerdoti-la-priorita-e-leucarestia-prima-dei-temi-sociali","status":"publish","type":"post","link":"https:\/\/www.rassegnastampa-totustuus.it\/cattolica\/per-i-giovani-sacerdoti-la-priorita-e-leucarestia-prima-dei-temi-sociali\/","title":{"rendered":"Per i giovani sacerdoti la priorit\u00e0 \u00e8 l\u2019Eucarestia (prima dei temi sociali)"},"content":{"rendered":"\n<p class=\"has-text-align-center\"><a href=\"https:\/\/www.uccronline.it\/\" target=\"_blank\" rel=\"noreferrer noopener\"><strong>Unione Cristiani Cattolici Razionali<\/strong> <\/a>24 Ottobre 2025<\/p>\n\n\n\n<p><em>Uno studio sulla visione teologica dei sacerdoti americani sottolinea un divario generazionale importante. E c\u2019\u00e8 un equivoco sull\u2019interpretazione \u201cpolitica\u201d dell\u2019indagine.<\/em><\/p>\n\n\n<div class=\"wp-block-image\">\n<figure class=\"aligncenter size-large is-resized\"><a href=\"https:\/\/www.rassegnastampa-totustuus.it\/cattolica\/wp-content\/uploads\/2025\/10\/Chiesa_sacerdoti.jpg\"><img loading=\"lazy\" decoding=\"async\" width=\"1024\" height=\"768\" src=\"https:\/\/www.rassegnastampa-totustuus.it\/cattolica\/wp-content\/uploads\/2025\/10\/Chiesa_sacerdoti-1024x768.jpg\" alt=\"\" class=\"wp-image-63999\" style=\"width:480px;height:auto\" srcset=\"https:\/\/www.rassegnastampa-totustuus.it\/cattolica\/wp-content\/uploads\/2025\/10\/Chiesa_sacerdoti-1024x768.jpg 1024w, https:\/\/www.rassegnastampa-totustuus.it\/cattolica\/wp-content\/uploads\/2025\/10\/Chiesa_sacerdoti-300x225.jpg 300w, https:\/\/www.rassegnastampa-totustuus.it\/cattolica\/wp-content\/uploads\/2025\/10\/Chiesa_sacerdoti-768x576.jpg 768w, https:\/\/www.rassegnastampa-totustuus.it\/cattolica\/wp-content\/uploads\/2025\/10\/Chiesa_sacerdoti-595x446.jpg 595w, https:\/\/www.rassegnastampa-totustuus.it\/cattolica\/wp-content\/uploads\/2025\/10\/Chiesa_sacerdoti.jpg 1140w\" sizes=\"auto, (max-width: 1024px) 100vw, 1024px\" \/><\/a><\/figure><\/div>\n\n\n<!--more-->\n\n\n\n<p>Una <strong>nuova generazione di sacerdoti<\/strong>&nbsp; sta emergendo negli Stati Uniti.<\/p>\n\n\n\n<p>Lo comunica un\u2019interessante <strong>studio<\/strong> condotto dalla <strong>Catholic University of America<\/strong> in cui sono state analizzate le <strong>opinioni teologiche<\/strong> dei sacerdoti e quelle <strong>politiche<\/strong>, notando uno schema abbastanza parallelo attraverso le generazioni.<\/p>\n\n\n\n<p>Secondo il <em>\u201c<strong><a href=\"https:\/\/catholicproject.catholic.edu\/wp-content\/uploads\/2025\/10\/NSCPWave2FINAL.pdf\" target=\"_blank\" rel=\"noreferrer noopener\">2025 National Study of Catholic Priests<\/a><\/strong>\u201c<\/em>, infatti, tra i sacerdoti ordinati prima del 1975, oltre il <strong>70%<\/strong> si descrive come teologicamente progressista, mentre lo fa solo l\u2019<strong>8%<\/strong>&nbsp;tra quelli ordinati dal 2010 in avanti.<\/p>\n\n\n\n<p>Al contrario, oltre il <strong>70%<\/strong> dei sacerdoti pi\u00f9 giovani si descrive come \u201cortodosso\u201d o \u201cmolto ortodosso\u201d e solo <strong>uno su cinque<\/strong> si posiziona come \u201cmoderato\u201d. Una netta polarizzazione tra le generazioni.<\/p>\n\n\n\n<h4 class=\"wp-block-heading has-text-align-center\"><strong>Priorit\u00e0 all\u2019Eucarestia, meno giustizia sociale<\/strong><\/h4>\n\n\n\n<p>Questo interessante <strong>grafico<\/strong> ci porta pi\u00f9 nel dettaglio delle <strong>posizioni dei giovani sacerdoti<\/strong>.<\/p>\n\n\n\n<figure class=\"wp-block-image size-full\"><a href=\"https:\/\/www.rassegnastampa-totustuus.it\/cattolica\/wp-content\/uploads\/2025\/10\/image.jpeg\"><img loading=\"lazy\" decoding=\"async\" width=\"763\" height=\"442\" src=\"https:\/\/www.rassegnastampa-totustuus.it\/cattolica\/wp-content\/uploads\/2025\/10\/image.jpeg\" alt=\"\" class=\"wp-image-63998\" srcset=\"https:\/\/www.rassegnastampa-totustuus.it\/cattolica\/wp-content\/uploads\/2025\/10\/image.jpeg 763w, https:\/\/www.rassegnastampa-totustuus.it\/cattolica\/wp-content\/uploads\/2025\/10\/image-300x174.jpeg 300w, https:\/\/www.rassegnastampa-totustuus.it\/cattolica\/wp-content\/uploads\/2025\/10\/image-595x345.jpeg 595w\" sizes=\"auto, (max-width: 763px) 100vw, 763px\" \/><\/a><\/figure>\n\n\n\n<p>L\u2019aspetto pi\u00f9 interessante che emerge \u00e8 che l\u2019<strong>88%<\/strong> dei giovani sacerdoti ritiene maggiormente prioritario occuparsi della <strong>devozione all\u2019Eucarestia<\/strong> rispetto a tutto il resto, mentre solo il <strong>57%<\/strong> dei sacerdoti pi\u00f9 anziani concorda con questo.<\/p>\n\n\n\n<p>Per chi \u00e8 stato ordinato prima del 1980 sono invece nettamente pi\u00f9 prioritari i temi della giustizia sociale (<strong>94%<\/strong>), del razzismo (<strong>92%<\/strong>), della povert\u00e0 (<strong>98%<\/strong>) e dell\u2019immigrazione (<strong>93%<\/strong>).<\/p>\n\n\n\n<p>E\u2019 un\u2019ingenuit\u00e0 progressista pensare che&nbsp;<strong>i giovani abbiano ragione<\/strong>&nbsp;e gli anziani no, Anzi, quasi sempre \u00e8 vero il contrario. Ma in questo caso il dato \u00e8 davvero significativo.<\/p>\n\n\n\n<p>I giovani sacerdoti vogliono concentrarsi su ci\u00f2 che effettivamente <strong>\u00e8 il cuore della vita cattolica<\/strong>: l\u2019Eucarestia, la preghiera e la liturgia come centro della relazione con Dio. D\u2019altra parte \u00e8 questo il compito principale del presbiterio.<\/p>\n\n\n\n<p>Questo orientamento non significa disinteresse per le importanti questioni sociali, ma suggerisce una concezione della pastorale che <strong>parte dalla dimensione spirituale<\/strong>&nbsp;e sacramentale, ritenuta il fondamento per qualsiasi azione nella societ\u00e0.<\/p>\n\n\n\n<h4 class=\"wp-block-heading has-text-align-center\"><strong>Messa in latino, povert\u00e0 e sinodalit\u00e0<\/strong><\/h4>\n\n\n\n<p>Va chiarito invece l\u2019equivoco che i giovani sacerdoti americani siano identificabili come <strong>\u201ctradizionalisti\u201d<\/strong>. No, solo il <strong>39%<\/strong> ritiene prioritario l\u2019accesso alla <strong>Messa in latino<\/strong>, il <strong>60%<\/strong> non la pensa cos\u00ec.<\/p>\n\n\n\n<p>Altrettanto interessante \u00e8 l\u2019alta percentuale (<strong>79%<\/strong>) di chi tra i giovani preti vede prioritario occuparsi della <strong>povert\u00e0<\/strong>, in linea con l\u2019ultima enciclica di Leone XIV.<\/p>\n\n\n\n<p>Il fatto invece che pochissimi (<strong>29%<\/strong>) ritengano importante la&nbsp;<strong>sinodalit\u00e0<\/strong>&nbsp;dovrebbe porre interrogativi importanti sulla corretta trasmissione di questa tematica da parte dei vertici ecclesiastici.<\/p>\n\n\n<div class=\"wp-block-image\">\n<figure class=\"aligncenter size-large is-resized\"><a href=\"https:\/\/www.rassegnastampa-totustuus.it\/cattolica\/wp-content\/uploads\/2020\/05\/chiesa_messa_.jpg\"><img loading=\"lazy\" decoding=\"async\" width=\"1024\" height=\"768\" src=\"https:\/\/www.rassegnastampa-totustuus.it\/cattolica\/wp-content\/uploads\/2020\/05\/chiesa_messa_-1024x768.jpg\" alt=\"\" class=\"wp-image-47373\" style=\"width:548px;height:auto\" srcset=\"https:\/\/www.rassegnastampa-totustuus.it\/cattolica\/wp-content\/uploads\/2020\/05\/chiesa_messa_-1024x768.jpg 1024w, https:\/\/www.rassegnastampa-totustuus.it\/cattolica\/wp-content\/uploads\/2020\/05\/chiesa_messa_-300x225.jpg 300w, https:\/\/www.rassegnastampa-totustuus.it\/cattolica\/wp-content\/uploads\/2020\/05\/chiesa_messa_-768x576.jpg 768w, https:\/\/www.rassegnastampa-totustuus.it\/cattolica\/wp-content\/uploads\/2020\/05\/chiesa_messa_.jpg 1500w\" sizes=\"auto, (max-width: 1024px) 100vw, 1024px\" \/><\/a><\/figure><\/div>\n\n\n<h4 class=\"wp-block-heading has-text-align-center\"><strong>Fuori sincronia con i cattolici laici?<\/strong><\/h4>\n\n\n\n<p>C\u2019\u00e8 <strong><em><a href=\"https:\/\/religionnews.com\/2025\/10\/20\/conservative-young-priests-are-the-future-of-the-american-church\/\" target=\"_blank\" rel=\"noreferrer noopener\">chi fa notare<\/a><\/em><\/strong> che le visioni teologiche dei giovani sacerdoti sarebbero per\u00f2 <strong>fuori sintonia<\/strong> con quelle maggioritarie dei loro coetanei nella popolazione cattolica.<\/p>\n\n\n\n<p>I giovani cattolici, infatti, tenderebbero ad abbracciare <strong>uno spirito riformista<\/strong> riguardo a vari temi come l\u2019abolizione del celibato sacerdotale, il matrimonio omosessuale, la comunione per i cattolici divorziati risposati, l\u2019ordinazione femminile e varie tematiche legate alla sessualit\u00e0.<\/p>\n\n\n\n<p>Occorre per\u00f2 domandarsi <strong>chi siano<\/strong> questi giovani cattolici: lo sono soltanto nominalmente o si impegnano con coerenza nella Chiesa?<\/p>\n\n\n\n<p>Secondo <strong><em><a href=\"https:\/\/www.uccronline.it\/2025\/05\/15\/i-cattolici-praticanti-sono-piu-fedeli-alla-tradizione\/\" target=\"_blank\" rel=\"noreferrer noopener\">un recente studio del Pew Research Center<\/a><\/em><\/strong>, infatti, i cattolici praticanti -giovani o meno giovani-, sono invece <strong>perfettamente in linea<\/strong> con i giovani sacerdoti e si dichiarano meno propensi a sostenere cambiamenti significativi nella dottrina tradizionale della Chiesa.<\/p>\n\n\n\n<h4 class=\"wp-block-heading has-text-align-center\"><strong>Ortodossi non significa conservatori<\/strong><\/h4>\n\n\n\n<p>Gli stessi autori giustamente ricordano che la <strong>visione teologica ortodossa<\/strong> rispetto alla Tradizione della Chiesa <strong>non coincide<\/strong> necessariamente con il conservatorismo politico, n\u00e9 implica automaticamente il sostegno a partiti politici conservatori.<\/p>\n\n\n\n<p>Questo emerge chiaramente quando \u00e8 stato chiesto ai sacerdoti: <em>\u00abIn che misura siete <strong>preoccupati<\/strong> per le politiche dell\u2019attuale amministrazione politica negli Stati Uniti?\u00bb<\/em>.<\/p>\n\n\n\n<p>Le risposte hanno mostrato che il <strong>66%<\/strong> dei giovani sacerdoti con visione teologica \u201cmolto ortodossa\u201d e l\u2019<strong>83%<\/strong> di chi l\u2019ha definita \u201cortodossa\u201d \u00e8 preoccupato, del tutto o in parte, per le politiche dell\u2019amministrazione <strong>Trump<\/strong>.<\/p>\n\n\n\n<p>Guardando il grafico, un\u2019altra conferma deriva dall\u2019alta percentuale (<strong>74%<\/strong>) dei giovani sacerdoti che ritiene prioritario occuparsi dell\u2019assistenza <strong>ai migranti e ai rifugiati<\/strong>.<\/p>\n\n\n\n<p>Di conseguenza, viene a cadere <strong>il binomio \u201cconservatore\u201d \/ \u201cvisione teologica ortodossa\u201d<\/strong>. Si tratta di un tipico difetto americano (esportato in tutto l\u2019Occidente) di ricondurre qualunque cosa alla polarizzazione politica.<\/p>\n\n\n<div class=\"wp-block-image\">\n<figure class=\"aligncenter size-large is-resized\"><a href=\"https:\/\/www.rassegnastampa-totustuus.it\/cattolica\/wp-content\/uploads\/2020\/01\/sacerdoti_preti_chiesa.jpg\"><img loading=\"lazy\" decoding=\"async\" width=\"1024\" height=\"678\" src=\"https:\/\/www.rassegnastampa-totustuus.it\/cattolica\/wp-content\/uploads\/2020\/01\/sacerdoti_preti_chiesa-1024x678.jpg\" alt=\"\" class=\"wp-image-45899\" style=\"width:518px;height:auto\" srcset=\"https:\/\/www.rassegnastampa-totustuus.it\/cattolica\/wp-content\/uploads\/2020\/01\/sacerdoti_preti_chiesa-1024x678.jpg 1024w, https:\/\/www.rassegnastampa-totustuus.it\/cattolica\/wp-content\/uploads\/2020\/01\/sacerdoti_preti_chiesa-300x199.jpg 300w, https:\/\/www.rassegnastampa-totustuus.it\/cattolica\/wp-content\/uploads\/2020\/01\/sacerdoti_preti_chiesa-768x508.jpg 768w, https:\/\/www.rassegnastampa-totustuus.it\/cattolica\/wp-content\/uploads\/2020\/01\/sacerdoti_preti_chiesa.jpg 2000w\" sizes=\"auto, (max-width: 1024px) 100vw, 1024px\" \/><\/a><\/figure><\/div>\n\n\n<h4 class=\"wp-block-heading has-text-align-center\"><strong>I giovani preti pi\u00f9 fedeli alla Tradizione<\/strong><\/h4>\n\n\n\n<p>In sintesi, \u00e8 sbagliato sostenere &#8211; come molti invece stanno facendo &#8211; che la nuova generazione di sacerdoti negli Stati Uniti <strong>\u00e8 pi\u00f9 conservatrice<\/strong> o pi\u00f9 tradizionalista.<\/p>\n\n\n\n<p>Ci\u00f2 che emerge davvero in questo studio \u00e8 che i giovani preti sono pi\u00f9 profondamente radicati in <strong>una visione cattolica tradizionale<\/strong>, che pone al centro di tutto la vita sacramentale, la liturgia e l\u2019Eucarestia come cuore della missione sacerdotale.<\/p>\n","protected":false},"excerpt":{"rendered":"<p>Unione Cristiani Cattolici Razionali 24 Ottobre 2025 Uno studio sulla visione teologica dei sacerdoti americani sottolinea un divario generazionale importante. E c\u2019\u00e8 un equivoco sull\u2019interpretazione \u201cpolitica\u201d dell\u2019indagine.<\/p><p><a class=\"more-link btn\" href=\"https:\/\/www.rassegnastampa-totustuus.it\/cattolica\/per-i-giovani-sacerdoti-la-priorita-e-leucarestia-prima-dei-temi-sociali\/\">Continua a leggere<\/a><\/p>\n","protected":false},"author":6,"featured_media":63999,"comment_status":"closed","ping_status":"closed","sticky":false,"template":"","format":"standard","meta":{"footnotes":""},"categories":[5],"tags":[1392,1117,150],"class_list":["post-63997","post","type-post","status-publish","format-standard","has-post-thumbnail","hentry","category-chiesa","tag-sacerdoti","tag-tradizione","tag-usa","item-wrap"],"yoast_head":"<!-- This site is optimized with the Yoast SEO plugin v27.5 - https:\/\/yoast.com\/product\/yoast-seo-wordpress\/ -->\n<title>Per i giovani sacerdoti la priorit\u00e0 \u00e8 l\u2019Eucarestia (prima dei temi sociali) - Rassegna Stampa Cattolica<\/title>\n<meta name=\"description\" content=\"Per i giovani sacerdoti la priorit\u00e0 \u00e8 l\u2019Eucarestia (prima dei temi sociali). Lo rivela una ricerca condotta negli Stati Uniti\" \/>\n<meta name=\"robots\" content=\"index, follow, max-snippet:-1, max-image-preview:large, max-video-preview:-1\" \/>\n<link rel=\"canonical\" href=\"https:\/\/www.rassegnastampa-totustuus.it\/cattolica\/per-i-giovani-sacerdoti-la-priorita-e-leucarestia-prima-dei-temi-sociali\/\" \/>\n<meta property=\"og:locale\" content=\"it_IT\" \/>\n<meta property=\"og:type\" content=\"article\" \/>\n<meta property=\"og:title\" content=\"Per i giovani sacerdoti la priorit\u00e0 \u00e8 l\u2019Eucarestia (prima dei temi sociali) - Rassegna Stampa Cattolica\" \/>\n<meta property=\"og:description\" content=\"Per i giovani sacerdoti la priorit\u00e0 \u00e8 l\u2019Eucarestia (prima dei temi sociali). Lo rivela una ricerca condotta negli Stati Uniti\" \/>\n<meta property=\"og:url\" content=\"https:\/\/www.rassegnastampa-totustuus.it\/cattolica\/per-i-giovani-sacerdoti-la-priorita-e-leucarestia-prima-dei-temi-sociali\/\" \/>\n<meta property=\"og:site_name\" content=\"Rassegna Stampa Cattolica\" \/>\n<meta property=\"article:publisher\" content=\"https:\/\/www.facebook.com\/rassegnastampacattolica\" \/>\n<meta property=\"article:published_time\" content=\"2025-10-27T08:21:29+00:00\" \/>\n<meta property=\"article:modified_time\" content=\"2026-03-31T06:26:11+00:00\" \/>\n<meta property=\"og:image\" content=\"https:\/\/www.rassegnastampa-totustuus.it\/cattolica\/wp-content\/uploads\/2025\/10\/Chiesa_sacerdoti.jpg\" \/>\n\t<meta property=\"og:image:width\" content=\"1140\" \/>\n\t<meta property=\"og:image:height\" content=\"855\" \/>\n\t<meta property=\"og:image:type\" content=\"image\/jpeg\" \/>\n<meta name=\"author\" content=\"Redazione\" \/>\n<meta name=\"twitter:card\" content=\"summary_large_image\" \/>\n<meta name=\"twitter:creator\" content=\"@rassegnastampa9\" \/>\n<meta name=\"twitter:site\" content=\"@rassegnastampa9\" \/>\n<meta name=\"twitter:label1\" content=\"Scritto da\" \/>\n\t<meta name=\"twitter:data1\" content=\"Redazione\" \/>\n\t<meta name=\"twitter:label2\" content=\"Tempo di lettura stimato\" \/>\n\t<meta name=\"twitter:data2\" content=\"5 minuti\" \/>\n<script type=\"application\/ld+json\" class=\"yoast-schema-graph\">{\"@context\":\"https:\\\/\\\/schema.org\",\"@graph\":[{\"@type\":\"Article\",\"@id\":\"https:\\\/\\\/www.rassegnastampa-totustuus.it\\\/cattolica\\\/per-i-giovani-sacerdoti-la-priorita-e-leucarestia-prima-dei-temi-sociali\\\/#article\",\"isPartOf\":{\"@id\":\"https:\\\/\\\/www.rassegnastampa-totustuus.it\\\/cattolica\\\/per-i-giovani-sacerdoti-la-priorita-e-leucarestia-prima-dei-temi-sociali\\\/\"},\"author\":{\"name\":\"Redazione\",\"@id\":\"https:\\\/\\\/www.rassegnastampa-totustuus.it\\\/cattolica\\\/#\\\/schema\\\/person\\\/08f319d2bd1a0904ad9e2bfb7b15e5c3\"},\"headline\":\"Per i giovani sacerdoti la priorit\u00e0 \u00e8 l\u2019Eucarestia (prima dei temi sociali)\",\"datePublished\":\"2025-10-27T08:21:29+00:00\",\"dateModified\":\"2026-03-31T06:26:11+00:00\",\"mainEntityOfPage\":{\"@id\":\"https:\\\/\\\/www.rassegnastampa-totustuus.it\\\/cattolica\\\/per-i-giovani-sacerdoti-la-priorita-e-leucarestia-prima-dei-temi-sociali\\\/\"},\"wordCount\":750,\"publisher\":{\"@id\":\"https:\\\/\\\/www.rassegnastampa-totustuus.it\\\/cattolica\\\/#organization\"},\"image\":{\"@id\":\"https:\\\/\\\/www.rassegnastampa-totustuus.it\\\/cattolica\\\/per-i-giovani-sacerdoti-la-priorita-e-leucarestia-prima-dei-temi-sociali\\\/#primaryimage\"},\"thumbnailUrl\":\"https:\\\/\\\/www.rassegnastampa-totustuus.it\\\/cattolica\\\/wp-content\\\/uploads\\\/2025\\\/10\\\/Chiesa_sacerdoti.jpg\",\"keywords\":[\"sacerdoti\",\"tradizione\",\"Usa\"],\"articleSection\":[\"Chiesa\"],\"inLanguage\":\"it-IT\"},{\"@type\":\"WebPage\",\"@id\":\"https:\\\/\\\/www.rassegnastampa-totustuus.it\\\/cattolica\\\/per-i-giovani-sacerdoti-la-priorita-e-leucarestia-prima-dei-temi-sociali\\\/\",\"url\":\"https:\\\/\\\/www.rassegnastampa-totustuus.it\\\/cattolica\\\/per-i-giovani-sacerdoti-la-priorita-e-leucarestia-prima-dei-temi-sociali\\\/\",\"name\":\"Per i giovani sacerdoti la priorit\u00e0 \u00e8 l\u2019Eucarestia (prima dei temi sociali) - Rassegna Stampa Cattolica\",\"isPartOf\":{\"@id\":\"https:\\\/\\\/www.rassegnastampa-totustuus.it\\\/cattolica\\\/#website\"},\"primaryImageOfPage\":{\"@id\":\"https:\\\/\\\/www.rassegnastampa-totustuus.it\\\/cattolica\\\/per-i-giovani-sacerdoti-la-priorita-e-leucarestia-prima-dei-temi-sociali\\\/#primaryimage\"},\"image\":{\"@id\":\"https:\\\/\\\/www.rassegnastampa-totustuus.it\\\/cattolica\\\/per-i-giovani-sacerdoti-la-priorita-e-leucarestia-prima-dei-temi-sociali\\\/#primaryimage\"},\"thumbnailUrl\":\"https:\\\/\\\/www.rassegnastampa-totustuus.it\\\/cattolica\\\/wp-content\\\/uploads\\\/2025\\\/10\\\/Chiesa_sacerdoti.jpg\",\"datePublished\":\"2025-10-27T08:21:29+00:00\",\"dateModified\":\"2026-03-31T06:26:11+00:00\",\"description\":\"Per i giovani sacerdoti la priorit\u00e0 \u00e8 l\u2019Eucarestia (prima dei temi sociali). Lo rivela una ricerca condotta negli Stati Uniti\",\"breadcrumb\":{\"@id\":\"https:\\\/\\\/www.rassegnastampa-totustuus.it\\\/cattolica\\\/per-i-giovani-sacerdoti-la-priorita-e-leucarestia-prima-dei-temi-sociali\\\/#breadcrumb\"},\"inLanguage\":\"it-IT\",\"potentialAction\":[{\"@type\":\"ReadAction\",\"target\":[\"https:\\\/\\\/www.rassegnastampa-totustuus.it\\\/cattolica\\\/per-i-giovani-sacerdoti-la-priorita-e-leucarestia-prima-dei-temi-sociali\\\/\"]}]},{\"@type\":\"ImageObject\",\"inLanguage\":\"it-IT\",\"@id\":\"https:\\\/\\\/www.rassegnastampa-totustuus.it\\\/cattolica\\\/per-i-giovani-sacerdoti-la-priorita-e-leucarestia-prima-dei-temi-sociali\\\/#primaryimage\",\"url\":\"https:\\\/\\\/www.rassegnastampa-totustuus.it\\\/cattolica\\\/wp-content\\\/uploads\\\/2025\\\/10\\\/Chiesa_sacerdoti.jpg\",\"contentUrl\":\"https:\\\/\\\/www.rassegnastampa-totustuus.it\\\/cattolica\\\/wp-content\\\/uploads\\\/2025\\\/10\\\/Chiesa_sacerdoti.jpg\",\"width\":1140,\"height\":855,\"caption\":\"OLYMPUS DIGITAL CAMERA\"},{\"@type\":\"BreadcrumbList\",\"@id\":\"https:\\\/\\\/www.rassegnastampa-totustuus.it\\\/cattolica\\\/per-i-giovani-sacerdoti-la-priorita-e-leucarestia-prima-dei-temi-sociali\\\/#breadcrumb\",\"itemListElement\":[{\"@type\":\"ListItem\",\"position\":1,\"name\":\"Home\",\"item\":\"https:\\\/\\\/www.rassegnastampa-totustuus.it\\\/cattolica\\\/\"},{\"@type\":\"ListItem\",\"position\":2,\"name\":\"Per i giovani sacerdoti la priorit\u00e0 \u00e8 l\u2019Eucarestia (prima dei temi sociali)\"}]},{\"@type\":\"WebSite\",\"@id\":\"https:\\\/\\\/www.rassegnastampa-totustuus.it\\\/cattolica\\\/#website\",\"url\":\"https:\\\/\\\/www.rassegnastampa-totustuus.it\\\/cattolica\\\/\",\"name\":\"Rassegna Stampa Cattolica\",\"description\":\"Per una cultura che nasce dalla Rivelazione cristiana in conformit\u00e0 alla tradizione e al Magistero della Chiesa in opposizione ad ogni relativismo e totalitarismo\",\"publisher\":{\"@id\":\"https:\\\/\\\/www.rassegnastampa-totustuus.it\\\/cattolica\\\/#organization\"},\"alternateName\":\"Rass. Cattolica\",\"potentialAction\":[{\"@type\":\"SearchAction\",\"target\":{\"@type\":\"EntryPoint\",\"urlTemplate\":\"https:\\\/\\\/www.rassegnastampa-totustuus.it\\\/cattolica\\\/?s={search_term_string}\"},\"query-input\":{\"@type\":\"PropertyValueSpecification\",\"valueRequired\":true,\"valueName\":\"search_term_string\"}}],\"inLanguage\":\"it-IT\"},{\"@type\":\"Organization\",\"@id\":\"https:\\\/\\\/www.rassegnastampa-totustuus.it\\\/cattolica\\\/#organization\",\"name\":\"Rassegna Stampa Cattolica\",\"url\":\"https:\\\/\\\/www.rassegnastampa-totustuus.it\\\/cattolica\\\/\",\"logo\":{\"@type\":\"ImageObject\",\"inLanguage\":\"it-IT\",\"@id\":\"https:\\\/\\\/www.rassegnastampa-totustuus.it\\\/cattolica\\\/#\\\/schema\\\/logo\\\/image\\\/\",\"url\":\"https:\\\/\\\/www.rassegnastampa-totustuus.it\\\/cattolica\\\/wp-content\\\/uploads\\\/2014\\\/04\\\/logo-rassegna1.gif\",\"contentUrl\":\"https:\\\/\\\/www.rassegnastampa-totustuus.it\\\/cattolica\\\/wp-content\\\/uploads\\\/2014\\\/04\\\/logo-rassegna1.gif\",\"width\":600,\"height\":163,\"caption\":\"Rassegna Stampa Cattolica\"},\"image\":{\"@id\":\"https:\\\/\\\/www.rassegnastampa-totustuus.it\\\/cattolica\\\/#\\\/schema\\\/logo\\\/image\\\/\"},\"sameAs\":[\"https:\\\/\\\/www.facebook.com\\\/rassegnastampacattolica\",\"https:\\\/\\\/x.com\\\/rassegnastampa9\"]},{\"@type\":\"Person\",\"@id\":\"https:\\\/\\\/www.rassegnastampa-totustuus.it\\\/cattolica\\\/#\\\/schema\\\/person\\\/08f319d2bd1a0904ad9e2bfb7b15e5c3\",\"name\":\"Redazione\",\"image\":{\"@type\":\"ImageObject\",\"inLanguage\":\"it-IT\",\"@id\":\"https:\\\/\\\/secure.gravatar.com\\\/avatar\\\/2fcdf27c78ea025fbdb44e914cc63c72249ffec9dc8aafd5c82b26240ef3f346?s=96&d=mm&r=g\",\"url\":\"https:\\\/\\\/secure.gravatar.com\\\/avatar\\\/2fcdf27c78ea025fbdb44e914cc63c72249ffec9dc8aafd5c82b26240ef3f346?s=96&d=mm&r=g\",\"contentUrl\":\"https:\\\/\\\/secure.gravatar.com\\\/avatar\\\/2fcdf27c78ea025fbdb44e914cc63c72249ffec9dc8aafd5c82b26240ef3f346?s=96&d=mm&r=g\",\"caption\":\"Redazione\"},\"url\":\"https:\\\/\\\/www.rassegnastampa-totustuus.it\\\/cattolica\\\/author\\\/pietroelle\\\/\"}]}<\/script>\n<!-- \/ Yoast SEO plugin. -->","yoast_head_json":{"title":"Per i giovani sacerdoti la priorit\u00e0 \u00e8 l\u2019Eucarestia (prima dei temi sociali) - Rassegna Stampa Cattolica","description":"Per i giovani sacerdoti la priorit\u00e0 \u00e8 l\u2019Eucarestia (prima dei temi sociali). Lo rivela una ricerca condotta negli Stati Uniti","robots":{"index":"index","follow":"follow","max-snippet":"max-snippet:-1","max-image-preview":"max-image-preview:large","max-video-preview":"max-video-preview:-1"},"canonical":"https:\/\/www.rassegnastampa-totustuus.it\/cattolica\/per-i-giovani-sacerdoti-la-priorita-e-leucarestia-prima-dei-temi-sociali\/","og_locale":"it_IT","og_type":"article","og_title":"Per i giovani sacerdoti la priorit\u00e0 \u00e8 l\u2019Eucarestia (prima dei temi sociali) - Rassegna Stampa Cattolica","og_description":"Per i giovani sacerdoti la priorit\u00e0 \u00e8 l\u2019Eucarestia (prima dei temi sociali). Lo rivela una ricerca condotta negli Stati Uniti","og_url":"https:\/\/www.rassegnastampa-totustuus.it\/cattolica\/per-i-giovani-sacerdoti-la-priorita-e-leucarestia-prima-dei-temi-sociali\/","og_site_name":"Rassegna Stampa Cattolica","article_publisher":"https:\/\/www.facebook.com\/rassegnastampacattolica","article_published_time":"2025-10-27T08:21:29+00:00","article_modified_time":"2026-03-31T06:26:11+00:00","og_image":[{"width":1140,"height":855,"url":"https:\/\/www.rassegnastampa-totustuus.it\/cattolica\/wp-content\/uploads\/2025\/10\/Chiesa_sacerdoti.jpg","type":"image\/jpeg"}],"author":"Redazione","twitter_card":"summary_large_image","twitter_creator":"@rassegnastampa9","twitter_site":"@rassegnastampa9","twitter_misc":{"Scritto da":"Redazione","Tempo di lettura stimato":"5 minuti"},"schema":{"@context":"https:\/\/schema.org","@graph":[{"@type":"Article","@id":"https:\/\/www.rassegnastampa-totustuus.it\/cattolica\/per-i-giovani-sacerdoti-la-priorita-e-leucarestia-prima-dei-temi-sociali\/#article","isPartOf":{"@id":"https:\/\/www.rassegnastampa-totustuus.it\/cattolica\/per-i-giovani-sacerdoti-la-priorita-e-leucarestia-prima-dei-temi-sociali\/"},"author":{"name":"Redazione","@id":"https:\/\/www.rassegnastampa-totustuus.it\/cattolica\/#\/schema\/person\/08f319d2bd1a0904ad9e2bfb7b15e5c3"},"headline":"Per i giovani sacerdoti la priorit\u00e0 \u00e8 l\u2019Eucarestia (prima dei temi sociali)","datePublished":"2025-10-27T08:21:29+00:00","dateModified":"2026-03-31T06:26:11+00:00","mainEntityOfPage":{"@id":"https:\/\/www.rassegnastampa-totustuus.it\/cattolica\/per-i-giovani-sacerdoti-la-priorita-e-leucarestia-prima-dei-temi-sociali\/"},"wordCount":750,"publisher":{"@id":"https:\/\/www.rassegnastampa-totustuus.it\/cattolica\/#organization"},"image":{"@id":"https:\/\/www.rassegnastampa-totustuus.it\/cattolica\/per-i-giovani-sacerdoti-la-priorita-e-leucarestia-prima-dei-temi-sociali\/#primaryimage"},"thumbnailUrl":"https:\/\/www.rassegnastampa-totustuus.it\/cattolica\/wp-content\/uploads\/2025\/10\/Chiesa_sacerdoti.jpg","keywords":["sacerdoti","tradizione","Usa"],"articleSection":["Chiesa"],"inLanguage":"it-IT"},{"@type":"WebPage","@id":"https:\/\/www.rassegnastampa-totustuus.it\/cattolica\/per-i-giovani-sacerdoti-la-priorita-e-leucarestia-prima-dei-temi-sociali\/","url":"https:\/\/www.rassegnastampa-totustuus.it\/cattolica\/per-i-giovani-sacerdoti-la-priorita-e-leucarestia-prima-dei-temi-sociali\/","name":"Per i giovani sacerdoti la priorit\u00e0 \u00e8 l\u2019Eucarestia (prima dei temi sociali) - Rassegna Stampa Cattolica","isPartOf":{"@id":"https:\/\/www.rassegnastampa-totustuus.it\/cattolica\/#website"},"primaryImageOfPage":{"@id":"https:\/\/www.rassegnastampa-totustuus.it\/cattolica\/per-i-giovani-sacerdoti-la-priorita-e-leucarestia-prima-dei-temi-sociali\/#primaryimage"},"image":{"@id":"https:\/\/www.rassegnastampa-totustuus.it\/cattolica\/per-i-giovani-sacerdoti-la-priorita-e-leucarestia-prima-dei-temi-sociali\/#primaryimage"},"thumbnailUrl":"https:\/\/www.rassegnastampa-totustuus.it\/cattolica\/wp-content\/uploads\/2025\/10\/Chiesa_sacerdoti.jpg","datePublished":"2025-10-27T08:21:29+00:00","dateModified":"2026-03-31T06:26:11+00:00","description":"Per i giovani sacerdoti la priorit\u00e0 \u00e8 l\u2019Eucarestia (prima dei temi sociali). Lo rivela una ricerca condotta negli Stati Uniti","breadcrumb":{"@id":"https:\/\/www.rassegnastampa-totustuus.it\/cattolica\/per-i-giovani-sacerdoti-la-priorita-e-leucarestia-prima-dei-temi-sociali\/#breadcrumb"},"inLanguage":"it-IT","potentialAction":[{"@type":"ReadAction","target":["https:\/\/www.rassegnastampa-totustuus.it\/cattolica\/per-i-giovani-sacerdoti-la-priorita-e-leucarestia-prima-dei-temi-sociali\/"]}]},{"@type":"ImageObject","inLanguage":"it-IT","@id":"https:\/\/www.rassegnastampa-totustuus.it\/cattolica\/per-i-giovani-sacerdoti-la-priorita-e-leucarestia-prima-dei-temi-sociali\/#primaryimage","url":"https:\/\/www.rassegnastampa-totustuus.it\/cattolica\/wp-content\/uploads\/2025\/10\/Chiesa_sacerdoti.jpg","contentUrl":"https:\/\/www.rassegnastampa-totustuus.it\/cattolica\/wp-content\/uploads\/2025\/10\/Chiesa_sacerdoti.jpg","width":1140,"height":855,"caption":"OLYMPUS DIGITAL CAMERA"},{"@type":"BreadcrumbList","@id":"https:\/\/www.rassegnastampa-totustuus.it\/cattolica\/per-i-giovani-sacerdoti-la-priorita-e-leucarestia-prima-dei-temi-sociali\/#breadcrumb","itemListElement":[{"@type":"ListItem","position":1,"name":"Home","item":"https:\/\/www.rassegnastampa-totustuus.it\/cattolica\/"},{"@type":"ListItem","position":2,"name":"Per i giovani sacerdoti la priorit\u00e0 \u00e8 l\u2019Eucarestia (prima dei temi sociali)"}]},{"@type":"WebSite","@id":"https:\/\/www.rassegnastampa-totustuus.it\/cattolica\/#website","url":"https:\/\/www.rassegnastampa-totustuus.it\/cattolica\/","name":"Rassegna Stampa Cattolica","description":"Per una cultura che nasce dalla Rivelazione cristiana in conformit\u00e0 alla tradizione e al Magistero della Chiesa in opposizione ad ogni relativismo e totalitarismo","publisher":{"@id":"https:\/\/www.rassegnastampa-totustuus.it\/cattolica\/#organization"},"alternateName":"Rass. Cattolica","potentialAction":[{"@type":"SearchAction","target":{"@type":"EntryPoint","urlTemplate":"https:\/\/www.rassegnastampa-totustuus.it\/cattolica\/?s={search_term_string}"},"query-input":{"@type":"PropertyValueSpecification","valueRequired":true,"valueName":"search_term_string"}}],"inLanguage":"it-IT"},{"@type":"Organization","@id":"https:\/\/www.rassegnastampa-totustuus.it\/cattolica\/#organization","name":"Rassegna Stampa Cattolica","url":"https:\/\/www.rassegnastampa-totustuus.it\/cattolica\/","logo":{"@type":"ImageObject","inLanguage":"it-IT","@id":"https:\/\/www.rassegnastampa-totustuus.it\/cattolica\/#\/schema\/logo\/image\/","url":"https:\/\/www.rassegnastampa-totustuus.it\/cattolica\/wp-content\/uploads\/2014\/04\/logo-rassegna1.gif","contentUrl":"https:\/\/www.rassegnastampa-totustuus.it\/cattolica\/wp-content\/uploads\/2014\/04\/logo-rassegna1.gif","width":600,"height":163,"caption":"Rassegna Stampa Cattolica"},"image":{"@id":"https:\/\/www.rassegnastampa-totustuus.it\/cattolica\/#\/schema\/logo\/image\/"},"sameAs":["https:\/\/www.facebook.com\/rassegnastampacattolica","https:\/\/x.com\/rassegnastampa9"]},{"@type":"Person","@id":"https:\/\/www.rassegnastampa-totustuus.it\/cattolica\/#\/schema\/person\/08f319d2bd1a0904ad9e2bfb7b15e5c3","name":"Redazione","image":{"@type":"ImageObject","inLanguage":"it-IT","@id":"https:\/\/secure.gravatar.com\/avatar\/2fcdf27c78ea025fbdb44e914cc63c72249ffec9dc8aafd5c82b26240ef3f346?s=96&d=mm&r=g","url":"https:\/\/secure.gravatar.com\/avatar\/2fcdf27c78ea025fbdb44e914cc63c72249ffec9dc8aafd5c82b26240ef3f346?s=96&d=mm&r=g","contentUrl":"https:\/\/secure.gravatar.com\/avatar\/2fcdf27c78ea025fbdb44e914cc63c72249ffec9dc8aafd5c82b26240ef3f346?s=96&d=mm&r=g","caption":"Redazione"},"url":"https:\/\/www.rassegnastampa-totustuus.it\/cattolica\/author\/pietroelle\/"}]}},"_links":{"self":[{"href":"https:\/\/www.rassegnastampa-totustuus.it\/cattolica\/wp-json\/wp\/v2\/posts\/63997","targetHints":{"allow":["GET"]}}],"collection":[{"href":"https:\/\/www.rassegnastampa-totustuus.it\/cattolica\/wp-json\/wp\/v2\/posts"}],"about":[{"href":"https:\/\/www.rassegnastampa-totustuus.it\/cattolica\/wp-json\/wp\/v2\/types\/post"}],"author":[{"embeddable":true,"href":"https:\/\/www.rassegnastampa-totustuus.it\/cattolica\/wp-json\/wp\/v2\/users\/6"}],"replies":[{"embeddable":true,"href":"https:\/\/www.rassegnastampa-totustuus.it\/cattolica\/wp-json\/wp\/v2\/comments?post=63997"}],"version-history":[{"count":2,"href":"https:\/\/www.rassegnastampa-totustuus.it\/cattolica\/wp-json\/wp\/v2\/posts\/63997\/revisions"}],"predecessor-version":[{"id":64428,"href":"https:\/\/www.rassegnastampa-totustuus.it\/cattolica\/wp-json\/wp\/v2\/posts\/63997\/revisions\/64428"}],"wp:featuredmedia":[{"embeddable":true,"href":"https:\/\/www.rassegnastampa-totustuus.it\/cattolica\/wp-json\/wp\/v2\/media\/63999"}],"wp:attachment":[{"href":"https:\/\/www.rassegnastampa-totustuus.it\/cattolica\/wp-json\/wp\/v2\/media?parent=63997"}],"wp:term":[{"taxonomy":"category","embeddable":true,"href":"https:\/\/www.rassegnastampa-totustuus.it\/cattolica\/wp-json\/wp\/v2\/categories?post=63997"},{"taxonomy":"post_tag","embeddable":true,"href":"https:\/\/www.rassegnastampa-totustuus.it\/cattolica\/wp-json\/wp\/v2\/tags?post=63997"}],"curies":[{"name":"wp","href":"https:\/\/api.w.org\/{rel}","templated":true}]}}