{"id":63990,"date":"2025-10-23T10:32:33","date_gmt":"2025-10-23T08:32:33","guid":{"rendered":"https:\/\/www.rassegnastampa-totustuus.it\/cattolica\/?p=63990"},"modified":"2025-10-23T10:32:34","modified_gmt":"2025-10-23T08:32:34","slug":"l-primo-santo-venezuelano-dopo-25-anni-di-dittatura-comunista","status":"publish","type":"post","link":"https:\/\/www.rassegnastampa-totustuus.it\/cattolica\/l-primo-santo-venezuelano-dopo-25-anni-di-dittatura-comunista\/","title":{"rendered":"Il primo santo venezuelano, dopo 25 anni di\u00a0dittatura comunista"},"content":{"rendered":"\n<p class=\"has-text-align-center\"><strong><a href=\"https:\/\/www.corrispondenzaromana.it\/\" target=\"_blank\" rel=\"noreferrer noopener\">Corrispondenza Romana<\/a> <\/strong>22 Ottobre 2025<\/p>\n\n\n\n<p class=\"has-text-align-center\">di <strong><a href=\"https:\/\/www.corrispondenzaromana.it\/author\/giuseppe-brienza\/\" target=\"_blank\" rel=\"noreferrer noopener\">Giuseppe Brienza<\/a><\/strong><\/p>\n\n\n\n<p>Il 13 giugno scorso, nel suo primo Concistoro Ordinario Pubblico, Leone XIV ha stabilito che la canonizzazione dei primi due santi del Venezuela, \u201cil medico dei poveri\u201d Jos\u00e9 Gregorio Hern\u00e1ndez Cisneros (1864-1919) e la fondatrice della congregazione delle <em>Serve di Ges\u00f9 <\/em>suor Mar\u00eda Carmen Rendiles Mart\u00ednez (1903-1977), fosse celebrata a San Pietro il 19 ottobre 2025, assieme a quella di altri cinque beati (tre dei quali laici).<\/p>\n\n\n<div class=\"wp-block-image\">\n<figure class=\"aligncenter size-full is-resized\"><a href=\"https:\/\/www.rassegnastampa-totustuus.it\/cattolica\/wp-content\/uploads\/2025\/10\/santi_Jose_Gregorio_Hernandez.jpg\"><img loading=\"lazy\" decoding=\"async\" width=\"768\" height=\"512\" src=\"https:\/\/www.rassegnastampa-totustuus.it\/cattolica\/wp-content\/uploads\/2025\/10\/santi_Jose_Gregorio_Hernandez.jpg\" alt=\"\" class=\"wp-image-63991\" style=\"width:504px;height:auto\" srcset=\"https:\/\/www.rassegnastampa-totustuus.it\/cattolica\/wp-content\/uploads\/2025\/10\/santi_Jose_Gregorio_Hernandez.jpg 768w, https:\/\/www.rassegnastampa-totustuus.it\/cattolica\/wp-content\/uploads\/2025\/10\/santi_Jose_Gregorio_Hernandez-300x200.jpg 300w, https:\/\/www.rassegnastampa-totustuus.it\/cattolica\/wp-content\/uploads\/2025\/10\/santi_Jose_Gregorio_Hernandez-595x397.jpg 595w\" sizes=\"auto, (max-width: 768px) 100vw, 768px\" \/><\/a><\/figure><\/div>\n\n\n<!--more-->\n\n\n\n<p>Domenica 19 ottobre, dunque, davanti a 70 mila persone giunte da tutto il mondo, il Santo Padre ha celebrato la Messa sul sagrato della Basilica di San Pietro innalzando all\u2019onore degli Altari sette nuovi testimoni della Fede, raffigurati nei drappi appesi alla Basilica vaticana. Sul sagrato della Basilica sono presenti anche preziose reliquie dei nuovi santi, accompagnate dall\u2019immagine della Madre del Buon Consiglio, cui Papa Prevost \u00e8 molto devoto.<\/p>\n\n\n\n<p>Nelle stesse ore della celebrazione il Venezuela schierava migliaia di militari al confine con la Colombia, dopo che gli Stati Uniti di Trump hanno autorizzato la Cia a svolgere operazioni contro il dittatore comunista di Caracas Nicol\u00e1s Maduro, accusato di essere coinvolto in traffici internazionali di stupefacenti. Le manovre del Venezuela di Maduro, in risposta all\u2019invio di navi da guerra statunitensi nei Caraibi, hanno coinvolto circa 17.000 soldati e, naturalmente, nessun rappresentante della dittatura ha preso parte alla celebrazione in piazza San Pietro. Tanto pi\u00f9 che, negli scorsi giorni, per voce del ministro dell\u2019Interno Diosdado Cabello, i Vescovi del Paese latino-americano erano stati definiti \u00ab<em>avvoltoi vestiti da prete<\/em>\u00bb per aver chiesto la liberazione dei detenuti politici in vista delle canonizzazioni.&nbsp;<\/p>\n\n\n<div class=\"wp-block-image\">\n<figure class=\"aligncenter size-full is-resized\"><a href=\"https:\/\/www.rassegnastampa-totustuus.it\/cattolica\/wp-content\/uploads\/2022\/09\/Nicolas_Maduto_Venezuela.jpg\"><img loading=\"lazy\" decoding=\"async\" width=\"299\" height=\"168\" src=\"https:\/\/www.rassegnastampa-totustuus.it\/cattolica\/wp-content\/uploads\/2022\/09\/Nicolas_Maduto_Venezuela.jpg\" alt=\"\" class=\"wp-image-54720\" style=\"width:467px;height:auto\"\/><\/a><\/figure><\/div>\n\n\n<p>Il riconoscimento da parte della Chiesa dei primi due santi del Venezuela, quindi, costituisce nell\u2019attuale contesto storico-politico \u00ab<em>un evento di fede e di identit\u00e0 nazionale<\/em>\u00bb, ha affermato l\u2019arcivescovo Edgar Pe\u00f1a Parra, sostituto della Segreteria di Stato, nel suo intervento al simposio \u201c<em>Testimonianze per un processo di pace: la sfida dei nuovi santi venezuelani<\/em>\u201d, tenutosi il 17 ottobre presso la Pontificia Universit\u00e0 Lateranense.<\/p>\n\n\n\n<p>Durante la pandemia di influenza spagnola il nuovo santo ha curato ogni malato, senza paura n\u00e9 discriminazioni, abbattendo barriere ideologiche o di classe sociale, offrendo quindi un vero servizio a tutto il suo popolo. Alla fine, ha ricordato Pe\u00f1a Parra, \u00e8 morto \u00ab<em>come aveva vissuto: in cammino verso il servizio, come gesto d\u2019incontro con la sofferenza altrui<\/em>\u00bb. Il 29 giugno 1919, infatti, san Jos\u00e9 Gregorio cadde come ogni medico devoto, \u201cin trincea\u201d, travolto da una automobile, mentre stava portando un medicinale a un infermo. Nell\u2019esercizio della sua professione privilegi\u00f2 i tanti poveri che vivevano (e purtroppo vivono ancora) nel suo Paese, dai quali non solo non prendeva alcun compenso, ma spesso dava loro i soldi per le medicine.<\/p>\n\n\n<div class=\"wp-block-image\">\n<figure class=\"aligncenter size-full is-resized\"><a href=\"https:\/\/www.rassegnastampa-totustuus.it\/cattolica\/wp-content\/uploads\/2017\/12\/Venezuela_ospedale.jpg\"><img loading=\"lazy\" decoding=\"async\" width=\"275\" height=\"183\" src=\"https:\/\/www.rassegnastampa-totustuus.it\/cattolica\/wp-content\/uploads\/2017\/12\/Venezuela_ospedale.jpg\" alt=\"\" class=\"wp-image-39450\" style=\"width:391px;height:auto\"\/><\/a><\/figure><\/div>\n\n\n<p>La devozione al medico venezuelano, che dopo la sua morte si trasmise di persona in persona, inizi\u00f2 gi\u00e0 durante il suo funerale, quando i fedeli riunitisi all\u2019uscita della chiesa non permisero che la bara fosse caricata sul carro funebre, ma, al grido \u00ab<em>il dottor Jos\u00e9 Gregorio \u00e8 di tutti<\/em>\u00bb, lo portarono a spalla fino al cimitero. \u00ab<em>Da allora<\/em> \u2013 ha scritto la postulatrice della causa di canonizzazione \u2013 <em>il fervore si \u00e8 trasmesso nelle famiglie venezuelane come parte della loro cultura e della fede cristiana. Fu trasmesso anche tra amici e conoscenti, e persino al di fuori della comunit\u00e0 ecclesiale, a persone non credenti o a fedeli di altre religioni, creando vincoli di fratellanza<\/em>\u00bb (Silvia Correale, <em>La cura dei pi\u00f9 fragili<\/em>, 18 ottobre 2025, in <em>L\u2019Osservatore Romano<\/em>, p. 7).&nbsp;<\/p>\n\n\n\n<p>Jos\u00e9 Gregorio Hern\u00e1ndez Cisneros nacque a Isnot\u00fa, in Venezuela, il 26 ottobre 1864.&nbsp; Secondogenito di 7 figli, specialmente dalla mamma ricevette una solida educazione cristiana. Nel 1878 frequent\u00f2 al Collegio Villegas di Caracas il corso preparatorio e filosofico, distinguendosi per intelligenza, impegno e profitto. Modello di piet\u00e0, preghiera, virt\u00f9 e senso del dovere, Hern\u00e1ndez si laure\u00f2 poi brillantemente in medicina presso l\u2019universit\u00e0 di Caracas.<\/p>\n\n\n<div class=\"wp-block-image\">\n<figure class=\"aligncenter size-full is-resized\"><a href=\"https:\/\/www.rassegnastampa-totustuus.it\/cattolica\/wp-content\/uploads\/2025\/10\/santi_Jose_Gregorio_Hernandez.jpeg\"><img loading=\"lazy\" decoding=\"async\" width=\"256\" height=\"180\" src=\"https:\/\/www.rassegnastampa-totustuus.it\/cattolica\/wp-content\/uploads\/2025\/10\/santi_Jose_Gregorio_Hernandez.jpeg\" alt=\"\" class=\"wp-image-63993\" style=\"width:424px;height:auto\"\/><\/a><\/figure><\/div>\n\n\n<p>Sin da subito, spicc\u00f2 nell\u2019esercizio della sua professione, tanto che nel 1889 venne inviato a Parigi per seguire corsi di perfezionamento. Ritornato in patria, a 27 anni intraprese la carriera universitaria. Testimoni\u00f2 apertamente la propria fede, partecipando quotidianamente alla Santa Messa e iscrivendosi al Terz\u2019Ordine Francescano.<\/p>\n\n\n\n<p>Nel nuovo santo, ha commentato la postulatrice Silvia Correale, \u00ab<em>la fede ricevuta s\u2019incarn\u00f2 nella cultura venezuelana dalle radici cristiane e la sua testimonianza si \u00e8 trasmessa di generazione in generazione, prima tra i venezuelani e poi tra i fedeli dei Paesi bolivariani (Colombia ed Ecuador) e dei Caraibi. I poveri e i semplici percepirono la sua vita come segno di una fede incarnata e vissuta nell\u2019esercizio della sua professione di medico; per questo era conosciuto come \u201cmedico dei poveri\u201d<\/em>\u00bb.<\/p>\n\n\n\n<p>L\u2019evento della sua canonizzazione (e di quella di suor Rendiles Mart\u00ednez), forse provvidenzialmente, viene a coincidere con uno dei momenti pi\u00f9 duri della repressione del regime di Maduro e, come rilevato in un messaggio al Paese dalla Conferenza episcopale venezuelana, potr\u00e0 costituire \u00ab<em>un\u2019occasione propizia, affinch\u00e9 le autorit\u00e0 dello Stato emanino misure di grazia che consentano di restituire la libert\u00e0 a coloro che sono stati incarcerati per motivi politici. Riteniamo che in questo modo si favorirebbe la tranquillit\u00e0 e l\u2019armonia non solo delle famiglie e dei parenti di queste persone, ma dell\u2019intera societ\u00e0<\/em>\u00bb.<\/p>\n\n\n\n<p>Qualche giorno prima, lo stesso auspicio era stato espresso dalla leader dell\u2019opposizione, Mar\u00eda Corina Machado, prima di essere insignita del Nobel per la Pace. Machado aveva fatto appello a Papa Leone XIV affinch\u00e9 potesse adoperarsi in tal senso, favorendo la restituzione ai venezuelani della loro libert\u00e0. \u00ab<em>Una terra senza fede<\/em> \u2013 ha affermato in questo senso il Santo Padre nell\u2019omelia per la Messa di canonizzazione di san Jos\u00e9 Gregorio e gli altri \u2013 <em>sarebbe popolata da figli che vivono senza Padre, cio\u00e8 da creature senza salvezza<\/em>\u00bb. E infatti, finora almeno, da Maduro e dai suoi non \u00e8 arrivato alcun segnale di riconciliazione bens\u00ec di guerra e d\u2019intensificazione della persecuzione dei dissidenti e della Chiesa cattolica, diventata ormai l\u2019ultimo baluardo di resistenza contro un regime che non tollera pi\u00f9 neppure la preghiera.&nbsp;<\/p>\n","protected":false},"excerpt":{"rendered":"<p>Corrispondenza Romana 22 Ottobre 2025 di Giuseppe Brienza Il 13 giugno scorso, nel suo primo Concistoro Ordinario Pubblico, Leone XIV ha stabilito che la canonizzazione dei primi due santi del Venezuela, \u201cil medico dei poveri\u201d Jos\u00e9 Gregorio Hern\u00e1ndez Cisneros (1864-1919) e la fondatrice della congregazione delle Serve di Ges\u00f9 suor Mar\u00eda Carmen Rendiles Mart\u00ednez (1903-1977), &hellip; <\/p>\n<p><a class=\"more-link btn\" href=\"https:\/\/www.rassegnastampa-totustuus.it\/cattolica\/l-primo-santo-venezuelano-dopo-25-anni-di-dittatura-comunista\/\">Continua a leggere<\/a><\/p>\n","protected":false},"author":6,"featured_media":63991,"comment_status":"closed","ping_status":"closed","sticky":false,"template":"","format":"standard","meta":{"footnotes":""},"categories":[5,65],"tags":[3258,841],"class_list":["post-63990","post","type-post","status-publish","format-standard","has-post-thumbnail","hentry","category-chiesa","category-santi","tag-jose-gregorio-hernandez-cisneros","tag-venezuela","item-wrap"],"yoast_head":"<!-- This site is optimized with the Yoast SEO plugin v27.4 - https:\/\/yoast.com\/product\/yoast-seo-wordpress\/ -->\n<title>Il primo santo venezuelano, dopo 25 anni di\u00a0dittatura comunista - Rassegna Stampa Cattolica<\/title>\n<meta name=\"description\" content=\"Il primo santo venezuelano, dopo 25 anni di\u00a0dittatura comunista. Jos\u00e9 Gregorio Hern\u00e1ndez Cisneros e suor Mar\u00eda Carmen Rendiles Mart\u00ednez\" \/>\n<meta name=\"robots\" content=\"index, follow, max-snippet:-1, max-image-preview:large, max-video-preview:-1\" \/>\n<link rel=\"canonical\" href=\"https:\/\/www.rassegnastampa-totustuus.it\/cattolica\/l-primo-santo-venezuelano-dopo-25-anni-di-dittatura-comunista\/\" \/>\n<meta property=\"og:locale\" content=\"it_IT\" \/>\n<meta property=\"og:type\" content=\"article\" \/>\n<meta property=\"og:title\" content=\"Il primo santo venezuelano, dopo 25 anni di\u00a0dittatura comunista - Rassegna Stampa Cattolica\" \/>\n<meta property=\"og:description\" content=\"Il primo santo venezuelano, dopo 25 anni di\u00a0dittatura comunista. Jos\u00e9 Gregorio Hern\u00e1ndez Cisneros e suor Mar\u00eda Carmen Rendiles Mart\u00ednez\" \/>\n<meta property=\"og:url\" content=\"https:\/\/www.rassegnastampa-totustuus.it\/cattolica\/l-primo-santo-venezuelano-dopo-25-anni-di-dittatura-comunista\/\" \/>\n<meta property=\"og:site_name\" content=\"Rassegna Stampa Cattolica\" \/>\n<meta property=\"article:publisher\" content=\"https:\/\/www.facebook.com\/rassegnastampacattolica\" \/>\n<meta property=\"article:published_time\" content=\"2025-10-23T08:32:33+00:00\" \/>\n<meta property=\"article:modified_time\" content=\"2025-10-23T08:32:34+00:00\" \/>\n<meta property=\"og:image\" content=\"https:\/\/www.rassegnastampa-totustuus.it\/cattolica\/wp-content\/uploads\/2025\/10\/santi_Jose_Gregorio_Hernandez.jpg\" \/>\n\t<meta property=\"og:image:width\" content=\"768\" \/>\n\t<meta property=\"og:image:height\" content=\"512\" \/>\n\t<meta property=\"og:image:type\" content=\"image\/jpeg\" \/>\n<meta name=\"author\" content=\"Redazione\" \/>\n<meta name=\"twitter:card\" content=\"summary_large_image\" \/>\n<meta name=\"twitter:creator\" content=\"@rassegnastampa9\" \/>\n<meta name=\"twitter:site\" content=\"@rassegnastampa9\" \/>\n<meta name=\"twitter:label1\" content=\"Scritto da\" \/>\n\t<meta name=\"twitter:data1\" content=\"Redazione\" \/>\n\t<meta name=\"twitter:label2\" content=\"Tempo di lettura stimato\" \/>\n\t<meta name=\"twitter:data2\" content=\"7 minuti\" \/>\n<script type=\"application\/ld+json\" class=\"yoast-schema-graph\">{\"@context\":\"https:\\\/\\\/schema.org\",\"@graph\":[{\"@type\":\"Article\",\"@id\":\"https:\\\/\\\/www.rassegnastampa-totustuus.it\\\/cattolica\\\/l-primo-santo-venezuelano-dopo-25-anni-di-dittatura-comunista\\\/#article\",\"isPartOf\":{\"@id\":\"https:\\\/\\\/www.rassegnastampa-totustuus.it\\\/cattolica\\\/l-primo-santo-venezuelano-dopo-25-anni-di-dittatura-comunista\\\/\"},\"author\":{\"name\":\"Redazione\",\"@id\":\"https:\\\/\\\/www.rassegnastampa-totustuus.it\\\/cattolica\\\/#\\\/schema\\\/person\\\/08f319d2bd1a0904ad9e2bfb7b15e5c3\"},\"headline\":\"Il primo santo venezuelano, dopo 25 anni di\u00a0dittatura comunista\",\"datePublished\":\"2025-10-23T08:32:33+00:00\",\"dateModified\":\"2025-10-23T08:32:34+00:00\",\"mainEntityOfPage\":{\"@id\":\"https:\\\/\\\/www.rassegnastampa-totustuus.it\\\/cattolica\\\/l-primo-santo-venezuelano-dopo-25-anni-di-dittatura-comunista\\\/\"},\"wordCount\":1001,\"publisher\":{\"@id\":\"https:\\\/\\\/www.rassegnastampa-totustuus.it\\\/cattolica\\\/#organization\"},\"image\":{\"@id\":\"https:\\\/\\\/www.rassegnastampa-totustuus.it\\\/cattolica\\\/l-primo-santo-venezuelano-dopo-25-anni-di-dittatura-comunista\\\/#primaryimage\"},\"thumbnailUrl\":\"https:\\\/\\\/www.rassegnastampa-totustuus.it\\\/cattolica\\\/wp-content\\\/uploads\\\/2025\\\/10\\\/santi_Jose_Gregorio_Hernandez.jpg\",\"keywords\":[\"Jos\u00e9 Gregorio Hern\u00e1ndez Cisneros\",\"Venezuela\"],\"articleSection\":[\"Chiesa\",\"Santi\"],\"inLanguage\":\"it-IT\"},{\"@type\":\"WebPage\",\"@id\":\"https:\\\/\\\/www.rassegnastampa-totustuus.it\\\/cattolica\\\/l-primo-santo-venezuelano-dopo-25-anni-di-dittatura-comunista\\\/\",\"url\":\"https:\\\/\\\/www.rassegnastampa-totustuus.it\\\/cattolica\\\/l-primo-santo-venezuelano-dopo-25-anni-di-dittatura-comunista\\\/\",\"name\":\"Il primo santo venezuelano, dopo 25 anni di\u00a0dittatura comunista - Rassegna Stampa Cattolica\",\"isPartOf\":{\"@id\":\"https:\\\/\\\/www.rassegnastampa-totustuus.it\\\/cattolica\\\/#website\"},\"primaryImageOfPage\":{\"@id\":\"https:\\\/\\\/www.rassegnastampa-totustuus.it\\\/cattolica\\\/l-primo-santo-venezuelano-dopo-25-anni-di-dittatura-comunista\\\/#primaryimage\"},\"image\":{\"@id\":\"https:\\\/\\\/www.rassegnastampa-totustuus.it\\\/cattolica\\\/l-primo-santo-venezuelano-dopo-25-anni-di-dittatura-comunista\\\/#primaryimage\"},\"thumbnailUrl\":\"https:\\\/\\\/www.rassegnastampa-totustuus.it\\\/cattolica\\\/wp-content\\\/uploads\\\/2025\\\/10\\\/santi_Jose_Gregorio_Hernandez.jpg\",\"datePublished\":\"2025-10-23T08:32:33+00:00\",\"dateModified\":\"2025-10-23T08:32:34+00:00\",\"description\":\"Il primo santo venezuelano, dopo 25 anni di\u00a0dittatura comunista. Jos\u00e9 Gregorio Hern\u00e1ndez Cisneros e suor Mar\u00eda Carmen Rendiles Mart\u00ednez\",\"breadcrumb\":{\"@id\":\"https:\\\/\\\/www.rassegnastampa-totustuus.it\\\/cattolica\\\/l-primo-santo-venezuelano-dopo-25-anni-di-dittatura-comunista\\\/#breadcrumb\"},\"inLanguage\":\"it-IT\",\"potentialAction\":[{\"@type\":\"ReadAction\",\"target\":[\"https:\\\/\\\/www.rassegnastampa-totustuus.it\\\/cattolica\\\/l-primo-santo-venezuelano-dopo-25-anni-di-dittatura-comunista\\\/\"]}]},{\"@type\":\"ImageObject\",\"inLanguage\":\"it-IT\",\"@id\":\"https:\\\/\\\/www.rassegnastampa-totustuus.it\\\/cattolica\\\/l-primo-santo-venezuelano-dopo-25-anni-di-dittatura-comunista\\\/#primaryimage\",\"url\":\"https:\\\/\\\/www.rassegnastampa-totustuus.it\\\/cattolica\\\/wp-content\\\/uploads\\\/2025\\\/10\\\/santi_Jose_Gregorio_Hernandez.jpg\",\"contentUrl\":\"https:\\\/\\\/www.rassegnastampa-totustuus.it\\\/cattolica\\\/wp-content\\\/uploads\\\/2025\\\/10\\\/santi_Jose_Gregorio_Hernandez.jpg\",\"width\":768,\"height\":512},{\"@type\":\"BreadcrumbList\",\"@id\":\"https:\\\/\\\/www.rassegnastampa-totustuus.it\\\/cattolica\\\/l-primo-santo-venezuelano-dopo-25-anni-di-dittatura-comunista\\\/#breadcrumb\",\"itemListElement\":[{\"@type\":\"ListItem\",\"position\":1,\"name\":\"Home\",\"item\":\"https:\\\/\\\/www.rassegnastampa-totustuus.it\\\/cattolica\\\/\"},{\"@type\":\"ListItem\",\"position\":2,\"name\":\"Il primo santo venezuelano, dopo 25 anni di\u00a0dittatura comunista\"}]},{\"@type\":\"WebSite\",\"@id\":\"https:\\\/\\\/www.rassegnastampa-totustuus.it\\\/cattolica\\\/#website\",\"url\":\"https:\\\/\\\/www.rassegnastampa-totustuus.it\\\/cattolica\\\/\",\"name\":\"Rassegna Stampa Cattolica\",\"description\":\"Per una cultura che nasce dalla Rivelazione cristiana in conformit\u00e0 alla tradizione e al Magistero della Chiesa in opposizione ad ogni relativismo e totalitarismo\",\"publisher\":{\"@id\":\"https:\\\/\\\/www.rassegnastampa-totustuus.it\\\/cattolica\\\/#organization\"},\"alternateName\":\"Rass. Cattolica\",\"potentialAction\":[{\"@type\":\"SearchAction\",\"target\":{\"@type\":\"EntryPoint\",\"urlTemplate\":\"https:\\\/\\\/www.rassegnastampa-totustuus.it\\\/cattolica\\\/?s={search_term_string}\"},\"query-input\":{\"@type\":\"PropertyValueSpecification\",\"valueRequired\":true,\"valueName\":\"search_term_string\"}}],\"inLanguage\":\"it-IT\"},{\"@type\":\"Organization\",\"@id\":\"https:\\\/\\\/www.rassegnastampa-totustuus.it\\\/cattolica\\\/#organization\",\"name\":\"Rassegna Stampa Cattolica\",\"url\":\"https:\\\/\\\/www.rassegnastampa-totustuus.it\\\/cattolica\\\/\",\"logo\":{\"@type\":\"ImageObject\",\"inLanguage\":\"it-IT\",\"@id\":\"https:\\\/\\\/www.rassegnastampa-totustuus.it\\\/cattolica\\\/#\\\/schema\\\/logo\\\/image\\\/\",\"url\":\"https:\\\/\\\/www.rassegnastampa-totustuus.it\\\/cattolica\\\/wp-content\\\/uploads\\\/2014\\\/04\\\/logo-rassegna1.gif\",\"contentUrl\":\"https:\\\/\\\/www.rassegnastampa-totustuus.it\\\/cattolica\\\/wp-content\\\/uploads\\\/2014\\\/04\\\/logo-rassegna1.gif\",\"width\":600,\"height\":163,\"caption\":\"Rassegna Stampa Cattolica\"},\"image\":{\"@id\":\"https:\\\/\\\/www.rassegnastampa-totustuus.it\\\/cattolica\\\/#\\\/schema\\\/logo\\\/image\\\/\"},\"sameAs\":[\"https:\\\/\\\/www.facebook.com\\\/rassegnastampacattolica\",\"https:\\\/\\\/x.com\\\/rassegnastampa9\"]},{\"@type\":\"Person\",\"@id\":\"https:\\\/\\\/www.rassegnastampa-totustuus.it\\\/cattolica\\\/#\\\/schema\\\/person\\\/08f319d2bd1a0904ad9e2bfb7b15e5c3\",\"name\":\"Redazione\",\"image\":{\"@type\":\"ImageObject\",\"inLanguage\":\"it-IT\",\"@id\":\"https:\\\/\\\/secure.gravatar.com\\\/avatar\\\/2fcdf27c78ea025fbdb44e914cc63c72249ffec9dc8aafd5c82b26240ef3f346?s=96&d=mm&r=g\",\"url\":\"https:\\\/\\\/secure.gravatar.com\\\/avatar\\\/2fcdf27c78ea025fbdb44e914cc63c72249ffec9dc8aafd5c82b26240ef3f346?s=96&d=mm&r=g\",\"contentUrl\":\"https:\\\/\\\/secure.gravatar.com\\\/avatar\\\/2fcdf27c78ea025fbdb44e914cc63c72249ffec9dc8aafd5c82b26240ef3f346?s=96&d=mm&r=g\",\"caption\":\"Redazione\"},\"url\":\"https:\\\/\\\/www.rassegnastampa-totustuus.it\\\/cattolica\\\/author\\\/pietroelle\\\/\"}]}<\/script>\n<!-- \/ Yoast SEO plugin. -->","yoast_head_json":{"title":"Il primo santo venezuelano, dopo 25 anni di\u00a0dittatura comunista - Rassegna Stampa Cattolica","description":"Il primo santo venezuelano, dopo 25 anni di\u00a0dittatura comunista. Jos\u00e9 Gregorio Hern\u00e1ndez Cisneros e suor Mar\u00eda Carmen Rendiles Mart\u00ednez","robots":{"index":"index","follow":"follow","max-snippet":"max-snippet:-1","max-image-preview":"max-image-preview:large","max-video-preview":"max-video-preview:-1"},"canonical":"https:\/\/www.rassegnastampa-totustuus.it\/cattolica\/l-primo-santo-venezuelano-dopo-25-anni-di-dittatura-comunista\/","og_locale":"it_IT","og_type":"article","og_title":"Il primo santo venezuelano, dopo 25 anni di\u00a0dittatura comunista - Rassegna Stampa Cattolica","og_description":"Il primo santo venezuelano, dopo 25 anni di\u00a0dittatura comunista. Jos\u00e9 Gregorio Hern\u00e1ndez Cisneros e suor Mar\u00eda Carmen Rendiles Mart\u00ednez","og_url":"https:\/\/www.rassegnastampa-totustuus.it\/cattolica\/l-primo-santo-venezuelano-dopo-25-anni-di-dittatura-comunista\/","og_site_name":"Rassegna Stampa Cattolica","article_publisher":"https:\/\/www.facebook.com\/rassegnastampacattolica","article_published_time":"2025-10-23T08:32:33+00:00","article_modified_time":"2025-10-23T08:32:34+00:00","og_image":[{"width":768,"height":512,"url":"https:\/\/www.rassegnastampa-totustuus.it\/cattolica\/wp-content\/uploads\/2025\/10\/santi_Jose_Gregorio_Hernandez.jpg","type":"image\/jpeg"}],"author":"Redazione","twitter_card":"summary_large_image","twitter_creator":"@rassegnastampa9","twitter_site":"@rassegnastampa9","twitter_misc":{"Scritto da":"Redazione","Tempo di lettura stimato":"7 minuti"},"schema":{"@context":"https:\/\/schema.org","@graph":[{"@type":"Article","@id":"https:\/\/www.rassegnastampa-totustuus.it\/cattolica\/l-primo-santo-venezuelano-dopo-25-anni-di-dittatura-comunista\/#article","isPartOf":{"@id":"https:\/\/www.rassegnastampa-totustuus.it\/cattolica\/l-primo-santo-venezuelano-dopo-25-anni-di-dittatura-comunista\/"},"author":{"name":"Redazione","@id":"https:\/\/www.rassegnastampa-totustuus.it\/cattolica\/#\/schema\/person\/08f319d2bd1a0904ad9e2bfb7b15e5c3"},"headline":"Il primo santo venezuelano, dopo 25 anni di\u00a0dittatura comunista","datePublished":"2025-10-23T08:32:33+00:00","dateModified":"2025-10-23T08:32:34+00:00","mainEntityOfPage":{"@id":"https:\/\/www.rassegnastampa-totustuus.it\/cattolica\/l-primo-santo-venezuelano-dopo-25-anni-di-dittatura-comunista\/"},"wordCount":1001,"publisher":{"@id":"https:\/\/www.rassegnastampa-totustuus.it\/cattolica\/#organization"},"image":{"@id":"https:\/\/www.rassegnastampa-totustuus.it\/cattolica\/l-primo-santo-venezuelano-dopo-25-anni-di-dittatura-comunista\/#primaryimage"},"thumbnailUrl":"https:\/\/www.rassegnastampa-totustuus.it\/cattolica\/wp-content\/uploads\/2025\/10\/santi_Jose_Gregorio_Hernandez.jpg","keywords":["Jos\u00e9 Gregorio Hern\u00e1ndez Cisneros","Venezuela"],"articleSection":["Chiesa","Santi"],"inLanguage":"it-IT"},{"@type":"WebPage","@id":"https:\/\/www.rassegnastampa-totustuus.it\/cattolica\/l-primo-santo-venezuelano-dopo-25-anni-di-dittatura-comunista\/","url":"https:\/\/www.rassegnastampa-totustuus.it\/cattolica\/l-primo-santo-venezuelano-dopo-25-anni-di-dittatura-comunista\/","name":"Il primo santo venezuelano, dopo 25 anni di\u00a0dittatura comunista - Rassegna Stampa Cattolica","isPartOf":{"@id":"https:\/\/www.rassegnastampa-totustuus.it\/cattolica\/#website"},"primaryImageOfPage":{"@id":"https:\/\/www.rassegnastampa-totustuus.it\/cattolica\/l-primo-santo-venezuelano-dopo-25-anni-di-dittatura-comunista\/#primaryimage"},"image":{"@id":"https:\/\/www.rassegnastampa-totustuus.it\/cattolica\/l-primo-santo-venezuelano-dopo-25-anni-di-dittatura-comunista\/#primaryimage"},"thumbnailUrl":"https:\/\/www.rassegnastampa-totustuus.it\/cattolica\/wp-content\/uploads\/2025\/10\/santi_Jose_Gregorio_Hernandez.jpg","datePublished":"2025-10-23T08:32:33+00:00","dateModified":"2025-10-23T08:32:34+00:00","description":"Il primo santo venezuelano, dopo 25 anni di\u00a0dittatura comunista. Jos\u00e9 Gregorio Hern\u00e1ndez Cisneros e suor Mar\u00eda Carmen Rendiles Mart\u00ednez","breadcrumb":{"@id":"https:\/\/www.rassegnastampa-totustuus.it\/cattolica\/l-primo-santo-venezuelano-dopo-25-anni-di-dittatura-comunista\/#breadcrumb"},"inLanguage":"it-IT","potentialAction":[{"@type":"ReadAction","target":["https:\/\/www.rassegnastampa-totustuus.it\/cattolica\/l-primo-santo-venezuelano-dopo-25-anni-di-dittatura-comunista\/"]}]},{"@type":"ImageObject","inLanguage":"it-IT","@id":"https:\/\/www.rassegnastampa-totustuus.it\/cattolica\/l-primo-santo-venezuelano-dopo-25-anni-di-dittatura-comunista\/#primaryimage","url":"https:\/\/www.rassegnastampa-totustuus.it\/cattolica\/wp-content\/uploads\/2025\/10\/santi_Jose_Gregorio_Hernandez.jpg","contentUrl":"https:\/\/www.rassegnastampa-totustuus.it\/cattolica\/wp-content\/uploads\/2025\/10\/santi_Jose_Gregorio_Hernandez.jpg","width":768,"height":512},{"@type":"BreadcrumbList","@id":"https:\/\/www.rassegnastampa-totustuus.it\/cattolica\/l-primo-santo-venezuelano-dopo-25-anni-di-dittatura-comunista\/#breadcrumb","itemListElement":[{"@type":"ListItem","position":1,"name":"Home","item":"https:\/\/www.rassegnastampa-totustuus.it\/cattolica\/"},{"@type":"ListItem","position":2,"name":"Il primo santo venezuelano, dopo 25 anni di\u00a0dittatura comunista"}]},{"@type":"WebSite","@id":"https:\/\/www.rassegnastampa-totustuus.it\/cattolica\/#website","url":"https:\/\/www.rassegnastampa-totustuus.it\/cattolica\/","name":"Rassegna Stampa Cattolica","description":"Per una cultura che nasce dalla Rivelazione cristiana in conformit\u00e0 alla tradizione e al Magistero della Chiesa in opposizione ad ogni relativismo e totalitarismo","publisher":{"@id":"https:\/\/www.rassegnastampa-totustuus.it\/cattolica\/#organization"},"alternateName":"Rass. Cattolica","potentialAction":[{"@type":"SearchAction","target":{"@type":"EntryPoint","urlTemplate":"https:\/\/www.rassegnastampa-totustuus.it\/cattolica\/?s={search_term_string}"},"query-input":{"@type":"PropertyValueSpecification","valueRequired":true,"valueName":"search_term_string"}}],"inLanguage":"it-IT"},{"@type":"Organization","@id":"https:\/\/www.rassegnastampa-totustuus.it\/cattolica\/#organization","name":"Rassegna Stampa Cattolica","url":"https:\/\/www.rassegnastampa-totustuus.it\/cattolica\/","logo":{"@type":"ImageObject","inLanguage":"it-IT","@id":"https:\/\/www.rassegnastampa-totustuus.it\/cattolica\/#\/schema\/logo\/image\/","url":"https:\/\/www.rassegnastampa-totustuus.it\/cattolica\/wp-content\/uploads\/2014\/04\/logo-rassegna1.gif","contentUrl":"https:\/\/www.rassegnastampa-totustuus.it\/cattolica\/wp-content\/uploads\/2014\/04\/logo-rassegna1.gif","width":600,"height":163,"caption":"Rassegna Stampa Cattolica"},"image":{"@id":"https:\/\/www.rassegnastampa-totustuus.it\/cattolica\/#\/schema\/logo\/image\/"},"sameAs":["https:\/\/www.facebook.com\/rassegnastampacattolica","https:\/\/x.com\/rassegnastampa9"]},{"@type":"Person","@id":"https:\/\/www.rassegnastampa-totustuus.it\/cattolica\/#\/schema\/person\/08f319d2bd1a0904ad9e2bfb7b15e5c3","name":"Redazione","image":{"@type":"ImageObject","inLanguage":"it-IT","@id":"https:\/\/secure.gravatar.com\/avatar\/2fcdf27c78ea025fbdb44e914cc63c72249ffec9dc8aafd5c82b26240ef3f346?s=96&d=mm&r=g","url":"https:\/\/secure.gravatar.com\/avatar\/2fcdf27c78ea025fbdb44e914cc63c72249ffec9dc8aafd5c82b26240ef3f346?s=96&d=mm&r=g","contentUrl":"https:\/\/secure.gravatar.com\/avatar\/2fcdf27c78ea025fbdb44e914cc63c72249ffec9dc8aafd5c82b26240ef3f346?s=96&d=mm&r=g","caption":"Redazione"},"url":"https:\/\/www.rassegnastampa-totustuus.it\/cattolica\/author\/pietroelle\/"}]}},"_links":{"self":[{"href":"https:\/\/www.rassegnastampa-totustuus.it\/cattolica\/wp-json\/wp\/v2\/posts\/63990","targetHints":{"allow":["GET"]}}],"collection":[{"href":"https:\/\/www.rassegnastampa-totustuus.it\/cattolica\/wp-json\/wp\/v2\/posts"}],"about":[{"href":"https:\/\/www.rassegnastampa-totustuus.it\/cattolica\/wp-json\/wp\/v2\/types\/post"}],"author":[{"embeddable":true,"href":"https:\/\/www.rassegnastampa-totustuus.it\/cattolica\/wp-json\/wp\/v2\/users\/6"}],"replies":[{"embeddable":true,"href":"https:\/\/www.rassegnastampa-totustuus.it\/cattolica\/wp-json\/wp\/v2\/comments?post=63990"}],"version-history":[{"count":1,"href":"https:\/\/www.rassegnastampa-totustuus.it\/cattolica\/wp-json\/wp\/v2\/posts\/63990\/revisions"}],"predecessor-version":[{"id":63994,"href":"https:\/\/www.rassegnastampa-totustuus.it\/cattolica\/wp-json\/wp\/v2\/posts\/63990\/revisions\/63994"}],"wp:featuredmedia":[{"embeddable":true,"href":"https:\/\/www.rassegnastampa-totustuus.it\/cattolica\/wp-json\/wp\/v2\/media\/63991"}],"wp:attachment":[{"href":"https:\/\/www.rassegnastampa-totustuus.it\/cattolica\/wp-json\/wp\/v2\/media?parent=63990"}],"wp:term":[{"taxonomy":"category","embeddable":true,"href":"https:\/\/www.rassegnastampa-totustuus.it\/cattolica\/wp-json\/wp\/v2\/categories?post=63990"},{"taxonomy":"post_tag","embeddable":true,"href":"https:\/\/www.rassegnastampa-totustuus.it\/cattolica\/wp-json\/wp\/v2\/tags?post=63990"}],"curies":[{"name":"wp","href":"https:\/\/api.w.org\/{rel}","templated":true}]}}