{"id":63986,"date":"2025-10-23T09:33:53","date_gmt":"2025-10-23T07:33:53","guid":{"rendered":"https:\/\/www.rassegnastampa-totustuus.it\/cattolica\/?p=63986"},"modified":"2025-10-23T09:33:54","modified_gmt":"2025-10-23T07:33:54","slug":"il-meraviglioso-il-reale-e-lorrendo-nella-letteratura-infantile","status":"publish","type":"post","link":"https:\/\/www.rassegnastampa-totustuus.it\/cattolica\/il-meraviglioso-il-reale-e-lorrendo-nella-letteratura-infantile\/","title":{"rendered":"Il meraviglioso, il reale e l&#8217;orrendo nella letteratura infantile"},"content":{"rendered":"\n<p class=\"has-text-align-center\"><strong>Tradizione Famiglia Propriet\u00e0 <\/strong>newsletter 22 Ottobre 2025<\/p>\n\n\n\n<p class=\"has-text-align-center\">di<strong> Plinio Corr\u00eaa de Oliveira<\/strong><\/p>\n\n\n\n<p>Le storie, lo sanno tutti, sono i primi contatti dei bambini con la vita. Per mezzo di esse, l\u2019intelligenza infantile travalica i limiti dell\u2019ambiente domestico e coglie le prime nozioni di societ\u00e0 umana, con le innumerevoli diversit\u00e0 che comporta, le attrazioni che offre, i doveri che impone, le delusioni che porta e il complesso gioco delle passioni sull\u2019altalena di questa grande lotta che \u00e8 l\u2019esistenza.<\/p>\n\n\n<div class=\"wp-block-image\">\n<figure class=\"aligncenter size-large is-resized\"><a href=\"https:\/\/www.rassegnastampa-totustuus.it\/cattolica\/wp-content\/uploads\/2025\/10\/favole.jpg\"><img loading=\"lazy\" decoding=\"async\" width=\"1024\" height=\"683\" src=\"https:\/\/www.rassegnastampa-totustuus.it\/cattolica\/wp-content\/uploads\/2025\/10\/favole-1024x683.jpg\" alt=\"\" class=\"wp-image-63987\" style=\"width:522px;height:auto\" srcset=\"https:\/\/www.rassegnastampa-totustuus.it\/cattolica\/wp-content\/uploads\/2025\/10\/favole-1024x683.jpg 1024w, https:\/\/www.rassegnastampa-totustuus.it\/cattolica\/wp-content\/uploads\/2025\/10\/favole-300x200.jpg 300w, https:\/\/www.rassegnastampa-totustuus.it\/cattolica\/wp-content\/uploads\/2025\/10\/favole-768x512.jpg 768w, https:\/\/www.rassegnastampa-totustuus.it\/cattolica\/wp-content\/uploads\/2025\/10\/favole-595x397.jpg 595w, https:\/\/www.rassegnastampa-totustuus.it\/cattolica\/wp-content\/uploads\/2025\/10\/favole.jpg 1536w\" sizes=\"auto, (max-width: 1024px) 100vw, 1024px\" \/><\/a><\/figure><\/div>\n\n\n<!--more-->\n\n\n\n<p><em>Militia est vita hominis super terram<\/em>, la vita dell\u2019uomo sulla terra \u00e8 una lotta, dice la Sacra Scrittura (Giobbe 7, 1). S\u00ec, una <em>militia<\/em> in cui alcuni lottano per i propri interessi personali, legittimi o illegittimi, ed altri lottano contro il mondo, contro il demonio, contro la carne, per la maggior gloria di Dio.<\/p>\n\n\n\n<p>Da qui l\u2019importanza essenziale, per una civilt\u00e0 cattolica, di offrire ai bambini una letteratura profondamente e sanamente religiosa. Non ci riferiamo al Catechismo ed alla Storia Sacra, che devono essere comunque il centro di tutto, ma a racconti che siano come il commento, il prolungamento, l\u2019applicazione di ci\u00f2 che la Religione insegna.<\/p>\n\n\n\n<p>Questo, in termini di buona dottrina, \u00e8 la normalit\u00e0. Quanto ne \u00e8 manifestamente lontana, per\u00f2, la letteratura infantile moderna! Volendo trattare oggi della letteratura infantile in questa sede, che non \u00e8 di critica letteraria, lo facciamo analizzando alcune illustrazioni.<\/p>\n\n\n<div class=\"wp-block-image\">\n<figure class=\"aligncenter size-full is-resized\"><a href=\"https:\/\/www.rassegnastampa-totustuus.it\/cattolica\/wp-content\/uploads\/2021\/06\/Bella_addormentata_Disney.jpg\"><img loading=\"lazy\" decoding=\"async\" width=\"290\" height=\"174\" src=\"https:\/\/www.rassegnastampa-totustuus.it\/cattolica\/wp-content\/uploads\/2021\/06\/Bella_addormentata_Disney.jpg\" alt=\"\" class=\"wp-image-51446\" style=\"width:536px;height:auto\"\/><\/a><\/figure><\/div>\n\n\n<p>In primo luogo, un\u2019immagine di Walt Disney: Cenerentola che si avvia col suo principe verso il castello incantato. \u00c8 il meraviglioso nella letteratura infantile.<\/p>\n\n\n\n<p>Ci sarebbero delle riserve da fare. Di norma, ci\u00f2 che si offre al bambino dovrebbe tendere a maturarlo, altrimenti non sarebbe del tutto appropriato. Qui invece, qualcosa nel cocchiere, nel valletto, nella struttura del monticello e degli edifici, d\u00e0 l\u2019idea d\u2019una cosa fatta non solo per bambini, ma da bambini. Lo stesso commento varrebbe, bench\u00e9 in modo meno chiaro, per gli altri elementi della scena.<\/p>\n\n\n\n<p>Ma, detto questo, come non elogiare il gusto, la delicatezza, la variet\u00e0 di questa immagine?<\/p>\n\n\n\n<p>Il meraviglioso, indispensabile negli orizzonti infantili come un mezzo per perfezionare il senso artistico, elevare lo spirito, ampliare l\u2019orizzonte e stimolare sanamente l\u2019immaginazione, viene qui espresso con notevole tatto e gusto.<\/p>\n\n\n\n<p>Passiamo adesso dal meraviglioso a una rappresentazione della vita quotidiana, con i suoi aspetti paciosi, casalinghi, simpatici. Siamo senz\u2019altro in presenza di un altro elemento essenziale negli orizzonti della letteratura infantile per risvegliare l\u2019attrazione, l\u2019interesse per la realt\u00e0 e per la virt\u00f9.<\/p>\n\n\n<div class=\"wp-block-image\">\n<figure class=\"aligncenter size-full is-resized\"><a href=\"https:\/\/www.rassegnastampa-totustuus.it\/cattolica\/wp-content\/uploads\/2025\/10\/fumetti_supereroi.jpeg\"><img loading=\"lazy\" decoding=\"async\" width=\"247\" height=\"180\" src=\"https:\/\/www.rassegnastampa-totustuus.it\/cattolica\/wp-content\/uploads\/2025\/10\/fumetti_supereroi.jpeg\" alt=\"\" class=\"wp-image-63988\" style=\"width:349px;height:auto\"\/><\/a><\/figure><\/div>\n\n\n<p>Ecco una conosciuta illustrazione delle avventure di Max e Moritz, dell\u2019autore tedesco Wilhelm Busch. Dall\u2019alto del tetto, i due bambini stanno \u201cpescando\u201d le galline della Vedova Bolte. Accanto al camino, abbaia spaventato il cagnolino fedele. I \u201cdue bambini maleducati\u201d, quel \u201cpaio di indiavolati\u201d che \u201cfanno impazzire tutti\u201d, rappresentano con reale efficacia le birichinate tanto frequenti nella vita di casa.<\/p>\n\n\n\n<p>Del resto birichinate trattate nel libro non senza una esemplare severit\u00e0: \u201cLeggete questa storia e vedrete la brutta fine dei due\u201d. Ad eccezione dei birichini \u2014 e magari neanche di loro \u2014 \u00e8 un inno alla popolare vita domestica con la sua tranquilla atmosfera di felice e moderata abbondanza. Candore d\u2019anima, temperanza, larghezza, equilibrato benessere nella propria sobriet\u00e0, ecco tutto ci\u00f2 che vi si riflette.<\/p>\n\n\n\n<p>Viene poi la letteratura che chiameremo malefica. Ne presentiamo un esempio tra mille.<\/p>\n\n\n\n<p>Pugni, spari, assalti, aggressioni, emozioni esagerate, narrativa melodrammatica, inseguimenti, sangue, morte, \u201csuperuomini\u201d che manipolano raggi: tutto un sinistro e ridicolo quadro di effetti inverosimili, di crudelt\u00e0, di violenza, di grossolani artifici del sensazionalismo.<\/p>\n\n\n\n<p>Con questo non si forma un uomo, e molto meno un cristiano. Lo specifico prodotto di questa letteratura \u00e8 il neo-barbaro\u2026<\/p>\n\n\n\n<p><strong>Fonte<\/strong>: <em>Catolicismo<\/em>, n 40, aprile 1954.<em>Traduzione a cura di Tradizione Famiglia Propriet\u00e0 \u2013 Italia<\/em><\/p>\n","protected":false},"excerpt":{"rendered":"<p>Tradizione Famiglia Propriet\u00e0 newsletter 22 Ottobre 2025 di Plinio Corr\u00eaa de Oliveira Le storie, lo sanno tutti, sono i primi contatti dei bambini con la vita. Per mezzo di esse, l\u2019intelligenza infantile travalica i limiti dell\u2019ambiente domestico e coglie le prime nozioni di societ\u00e0 umana, con le innumerevoli diversit\u00e0 che comporta, le attrazioni che offre, &hellip; <\/p>\n<p><a class=\"more-link btn\" href=\"https:\/\/www.rassegnastampa-totustuus.it\/cattolica\/il-meraviglioso-il-reale-e-lorrendo-nella-letteratura-infantile\/\">Continua a leggere<\/a><\/p>\n","protected":false},"author":6,"featured_media":63987,"comment_status":"closed","ping_status":"closed","sticky":false,"template":"","format":"standard","meta":{"footnotes":""},"categories":[23],"tags":[1612,234],"class_list":["post-63986","post","type-post","status-publish","format-standard","has-post-thumbnail","hentry","category-scuola-ed-educazione","tag-bambini","tag-educazione","item-wrap"],"yoast_head":"<!-- This site is optimized with the Yoast SEO plugin v27.4 - https:\/\/yoast.com\/product\/yoast-seo-wordpress\/ -->\n<title>Il meraviglioso, il reale e l&#039;orrendo nella letteratura infantile - Rassegna Stampa Cattolica<\/title>\n<meta name=\"description\" content=\"Il meraviglioso, il reale e l&#039;orrendo nella letteratura infantile. Ai bambini bisogna offrire una letteratura sana e religiosa\" \/>\n<meta name=\"robots\" content=\"index, follow, max-snippet:-1, max-image-preview:large, max-video-preview:-1\" \/>\n<link rel=\"canonical\" href=\"https:\/\/www.rassegnastampa-totustuus.it\/cattolica\/il-meraviglioso-il-reale-e-lorrendo-nella-letteratura-infantile\/\" \/>\n<meta property=\"og:locale\" content=\"it_IT\" \/>\n<meta property=\"og:type\" content=\"article\" \/>\n<meta property=\"og:title\" content=\"Il meraviglioso, il reale e l&#039;orrendo nella letteratura infantile - Rassegna Stampa Cattolica\" \/>\n<meta property=\"og:description\" content=\"Il meraviglioso, il reale e l&#039;orrendo nella letteratura infantile. Ai bambini bisogna offrire una letteratura sana e religiosa\" \/>\n<meta property=\"og:url\" content=\"https:\/\/www.rassegnastampa-totustuus.it\/cattolica\/il-meraviglioso-il-reale-e-lorrendo-nella-letteratura-infantile\/\" \/>\n<meta property=\"og:site_name\" content=\"Rassegna Stampa Cattolica\" \/>\n<meta property=\"article:publisher\" content=\"https:\/\/www.facebook.com\/rassegnastampacattolica\" \/>\n<meta property=\"article:published_time\" content=\"2025-10-23T07:33:53+00:00\" \/>\n<meta property=\"article:modified_time\" content=\"2025-10-23T07:33:54+00:00\" \/>\n<meta property=\"og:image\" content=\"https:\/\/www.rassegnastampa-totustuus.it\/cattolica\/wp-content\/uploads\/2025\/10\/favole.jpg\" \/>\n\t<meta property=\"og:image:width\" content=\"1536\" \/>\n\t<meta property=\"og:image:height\" content=\"1024\" \/>\n\t<meta property=\"og:image:type\" content=\"image\/jpeg\" \/>\n<meta name=\"author\" content=\"Redazione\" \/>\n<meta name=\"twitter:card\" content=\"summary_large_image\" \/>\n<meta name=\"twitter:creator\" content=\"@rassegnastampa9\" \/>\n<meta name=\"twitter:site\" content=\"@rassegnastampa9\" \/>\n<meta name=\"twitter:label1\" content=\"Scritto da\" \/>\n\t<meta name=\"twitter:data1\" content=\"Redazione\" \/>\n\t<meta name=\"twitter:label2\" content=\"Tempo di lettura stimato\" \/>\n\t<meta name=\"twitter:data2\" content=\"5 minuti\" \/>\n<script type=\"application\/ld+json\" class=\"yoast-schema-graph\">{\"@context\":\"https:\\\/\\\/schema.org\",\"@graph\":[{\"@type\":\"Article\",\"@id\":\"https:\\\/\\\/www.rassegnastampa-totustuus.it\\\/cattolica\\\/il-meraviglioso-il-reale-e-lorrendo-nella-letteratura-infantile\\\/#article\",\"isPartOf\":{\"@id\":\"https:\\\/\\\/www.rassegnastampa-totustuus.it\\\/cattolica\\\/il-meraviglioso-il-reale-e-lorrendo-nella-letteratura-infantile\\\/\"},\"author\":{\"name\":\"Redazione\",\"@id\":\"https:\\\/\\\/www.rassegnastampa-totustuus.it\\\/cattolica\\\/#\\\/schema\\\/person\\\/08f319d2bd1a0904ad9e2bfb7b15e5c3\"},\"headline\":\"Il meraviglioso, il reale e l&#8217;orrendo nella letteratura infantile\",\"datePublished\":\"2025-10-23T07:33:53+00:00\",\"dateModified\":\"2025-10-23T07:33:54+00:00\",\"mainEntityOfPage\":{\"@id\":\"https:\\\/\\\/www.rassegnastampa-totustuus.it\\\/cattolica\\\/il-meraviglioso-il-reale-e-lorrendo-nella-letteratura-infantile\\\/\"},\"wordCount\":617,\"publisher\":{\"@id\":\"https:\\\/\\\/www.rassegnastampa-totustuus.it\\\/cattolica\\\/#organization\"},\"image\":{\"@id\":\"https:\\\/\\\/www.rassegnastampa-totustuus.it\\\/cattolica\\\/il-meraviglioso-il-reale-e-lorrendo-nella-letteratura-infantile\\\/#primaryimage\"},\"thumbnailUrl\":\"https:\\\/\\\/www.rassegnastampa-totustuus.it\\\/cattolica\\\/wp-content\\\/uploads\\\/2025\\\/10\\\/favole.jpg\",\"keywords\":[\"bambini\",\"educazione\"],\"articleSection\":[\"Scuola ed educazione\"],\"inLanguage\":\"it-IT\"},{\"@type\":\"WebPage\",\"@id\":\"https:\\\/\\\/www.rassegnastampa-totustuus.it\\\/cattolica\\\/il-meraviglioso-il-reale-e-lorrendo-nella-letteratura-infantile\\\/\",\"url\":\"https:\\\/\\\/www.rassegnastampa-totustuus.it\\\/cattolica\\\/il-meraviglioso-il-reale-e-lorrendo-nella-letteratura-infantile\\\/\",\"name\":\"Il meraviglioso, il reale e l'orrendo nella letteratura infantile - Rassegna Stampa Cattolica\",\"isPartOf\":{\"@id\":\"https:\\\/\\\/www.rassegnastampa-totustuus.it\\\/cattolica\\\/#website\"},\"primaryImageOfPage\":{\"@id\":\"https:\\\/\\\/www.rassegnastampa-totustuus.it\\\/cattolica\\\/il-meraviglioso-il-reale-e-lorrendo-nella-letteratura-infantile\\\/#primaryimage\"},\"image\":{\"@id\":\"https:\\\/\\\/www.rassegnastampa-totustuus.it\\\/cattolica\\\/il-meraviglioso-il-reale-e-lorrendo-nella-letteratura-infantile\\\/#primaryimage\"},\"thumbnailUrl\":\"https:\\\/\\\/www.rassegnastampa-totustuus.it\\\/cattolica\\\/wp-content\\\/uploads\\\/2025\\\/10\\\/favole.jpg\",\"datePublished\":\"2025-10-23T07:33:53+00:00\",\"dateModified\":\"2025-10-23T07:33:54+00:00\",\"description\":\"Il meraviglioso, il reale e l'orrendo nella letteratura infantile. Ai bambini bisogna offrire una letteratura sana e religiosa\",\"breadcrumb\":{\"@id\":\"https:\\\/\\\/www.rassegnastampa-totustuus.it\\\/cattolica\\\/il-meraviglioso-il-reale-e-lorrendo-nella-letteratura-infantile\\\/#breadcrumb\"},\"inLanguage\":\"it-IT\",\"potentialAction\":[{\"@type\":\"ReadAction\",\"target\":[\"https:\\\/\\\/www.rassegnastampa-totustuus.it\\\/cattolica\\\/il-meraviglioso-il-reale-e-lorrendo-nella-letteratura-infantile\\\/\"]}]},{\"@type\":\"ImageObject\",\"inLanguage\":\"it-IT\",\"@id\":\"https:\\\/\\\/www.rassegnastampa-totustuus.it\\\/cattolica\\\/il-meraviglioso-il-reale-e-lorrendo-nella-letteratura-infantile\\\/#primaryimage\",\"url\":\"https:\\\/\\\/www.rassegnastampa-totustuus.it\\\/cattolica\\\/wp-content\\\/uploads\\\/2025\\\/10\\\/favole.jpg\",\"contentUrl\":\"https:\\\/\\\/www.rassegnastampa-totustuus.it\\\/cattolica\\\/wp-content\\\/uploads\\\/2025\\\/10\\\/favole.jpg\",\"width\":1536,\"height\":1024},{\"@type\":\"BreadcrumbList\",\"@id\":\"https:\\\/\\\/www.rassegnastampa-totustuus.it\\\/cattolica\\\/il-meraviglioso-il-reale-e-lorrendo-nella-letteratura-infantile\\\/#breadcrumb\",\"itemListElement\":[{\"@type\":\"ListItem\",\"position\":1,\"name\":\"Home\",\"item\":\"https:\\\/\\\/www.rassegnastampa-totustuus.it\\\/cattolica\\\/\"},{\"@type\":\"ListItem\",\"position\":2,\"name\":\"Il meraviglioso, il reale e l&#8217;orrendo nella letteratura infantile\"}]},{\"@type\":\"WebSite\",\"@id\":\"https:\\\/\\\/www.rassegnastampa-totustuus.it\\\/cattolica\\\/#website\",\"url\":\"https:\\\/\\\/www.rassegnastampa-totustuus.it\\\/cattolica\\\/\",\"name\":\"Rassegna Stampa Cattolica\",\"description\":\"Per una cultura che nasce dalla Rivelazione cristiana in conformit\u00e0 alla tradizione e al Magistero della Chiesa in opposizione ad ogni relativismo e totalitarismo\",\"publisher\":{\"@id\":\"https:\\\/\\\/www.rassegnastampa-totustuus.it\\\/cattolica\\\/#organization\"},\"alternateName\":\"Rass. Cattolica\",\"potentialAction\":[{\"@type\":\"SearchAction\",\"target\":{\"@type\":\"EntryPoint\",\"urlTemplate\":\"https:\\\/\\\/www.rassegnastampa-totustuus.it\\\/cattolica\\\/?s={search_term_string}\"},\"query-input\":{\"@type\":\"PropertyValueSpecification\",\"valueRequired\":true,\"valueName\":\"search_term_string\"}}],\"inLanguage\":\"it-IT\"},{\"@type\":\"Organization\",\"@id\":\"https:\\\/\\\/www.rassegnastampa-totustuus.it\\\/cattolica\\\/#organization\",\"name\":\"Rassegna Stampa Cattolica\",\"url\":\"https:\\\/\\\/www.rassegnastampa-totustuus.it\\\/cattolica\\\/\",\"logo\":{\"@type\":\"ImageObject\",\"inLanguage\":\"it-IT\",\"@id\":\"https:\\\/\\\/www.rassegnastampa-totustuus.it\\\/cattolica\\\/#\\\/schema\\\/logo\\\/image\\\/\",\"url\":\"https:\\\/\\\/www.rassegnastampa-totustuus.it\\\/cattolica\\\/wp-content\\\/uploads\\\/2014\\\/04\\\/logo-rassegna1.gif\",\"contentUrl\":\"https:\\\/\\\/www.rassegnastampa-totustuus.it\\\/cattolica\\\/wp-content\\\/uploads\\\/2014\\\/04\\\/logo-rassegna1.gif\",\"width\":600,\"height\":163,\"caption\":\"Rassegna Stampa Cattolica\"},\"image\":{\"@id\":\"https:\\\/\\\/www.rassegnastampa-totustuus.it\\\/cattolica\\\/#\\\/schema\\\/logo\\\/image\\\/\"},\"sameAs\":[\"https:\\\/\\\/www.facebook.com\\\/rassegnastampacattolica\",\"https:\\\/\\\/x.com\\\/rassegnastampa9\"]},{\"@type\":\"Person\",\"@id\":\"https:\\\/\\\/www.rassegnastampa-totustuus.it\\\/cattolica\\\/#\\\/schema\\\/person\\\/08f319d2bd1a0904ad9e2bfb7b15e5c3\",\"name\":\"Redazione\",\"image\":{\"@type\":\"ImageObject\",\"inLanguage\":\"it-IT\",\"@id\":\"https:\\\/\\\/secure.gravatar.com\\\/avatar\\\/2fcdf27c78ea025fbdb44e914cc63c72249ffec9dc8aafd5c82b26240ef3f346?s=96&d=mm&r=g\",\"url\":\"https:\\\/\\\/secure.gravatar.com\\\/avatar\\\/2fcdf27c78ea025fbdb44e914cc63c72249ffec9dc8aafd5c82b26240ef3f346?s=96&d=mm&r=g\",\"contentUrl\":\"https:\\\/\\\/secure.gravatar.com\\\/avatar\\\/2fcdf27c78ea025fbdb44e914cc63c72249ffec9dc8aafd5c82b26240ef3f346?s=96&d=mm&r=g\",\"caption\":\"Redazione\"},\"url\":\"https:\\\/\\\/www.rassegnastampa-totustuus.it\\\/cattolica\\\/author\\\/pietroelle\\\/\"}]}<\/script>\n<!-- \/ Yoast SEO plugin. -->","yoast_head_json":{"title":"Il meraviglioso, il reale e l'orrendo nella letteratura infantile - Rassegna Stampa Cattolica","description":"Il meraviglioso, il reale e l'orrendo nella letteratura infantile. Ai bambini bisogna offrire una letteratura sana e religiosa","robots":{"index":"index","follow":"follow","max-snippet":"max-snippet:-1","max-image-preview":"max-image-preview:large","max-video-preview":"max-video-preview:-1"},"canonical":"https:\/\/www.rassegnastampa-totustuus.it\/cattolica\/il-meraviglioso-il-reale-e-lorrendo-nella-letteratura-infantile\/","og_locale":"it_IT","og_type":"article","og_title":"Il meraviglioso, il reale e l'orrendo nella letteratura infantile - Rassegna Stampa Cattolica","og_description":"Il meraviglioso, il reale e l'orrendo nella letteratura infantile. Ai bambini bisogna offrire una letteratura sana e religiosa","og_url":"https:\/\/www.rassegnastampa-totustuus.it\/cattolica\/il-meraviglioso-il-reale-e-lorrendo-nella-letteratura-infantile\/","og_site_name":"Rassegna Stampa Cattolica","article_publisher":"https:\/\/www.facebook.com\/rassegnastampacattolica","article_published_time":"2025-10-23T07:33:53+00:00","article_modified_time":"2025-10-23T07:33:54+00:00","og_image":[{"width":1536,"height":1024,"url":"https:\/\/www.rassegnastampa-totustuus.it\/cattolica\/wp-content\/uploads\/2025\/10\/favole.jpg","type":"image\/jpeg"}],"author":"Redazione","twitter_card":"summary_large_image","twitter_creator":"@rassegnastampa9","twitter_site":"@rassegnastampa9","twitter_misc":{"Scritto da":"Redazione","Tempo di lettura stimato":"5 minuti"},"schema":{"@context":"https:\/\/schema.org","@graph":[{"@type":"Article","@id":"https:\/\/www.rassegnastampa-totustuus.it\/cattolica\/il-meraviglioso-il-reale-e-lorrendo-nella-letteratura-infantile\/#article","isPartOf":{"@id":"https:\/\/www.rassegnastampa-totustuus.it\/cattolica\/il-meraviglioso-il-reale-e-lorrendo-nella-letteratura-infantile\/"},"author":{"name":"Redazione","@id":"https:\/\/www.rassegnastampa-totustuus.it\/cattolica\/#\/schema\/person\/08f319d2bd1a0904ad9e2bfb7b15e5c3"},"headline":"Il meraviglioso, il reale e l&#8217;orrendo nella letteratura infantile","datePublished":"2025-10-23T07:33:53+00:00","dateModified":"2025-10-23T07:33:54+00:00","mainEntityOfPage":{"@id":"https:\/\/www.rassegnastampa-totustuus.it\/cattolica\/il-meraviglioso-il-reale-e-lorrendo-nella-letteratura-infantile\/"},"wordCount":617,"publisher":{"@id":"https:\/\/www.rassegnastampa-totustuus.it\/cattolica\/#organization"},"image":{"@id":"https:\/\/www.rassegnastampa-totustuus.it\/cattolica\/il-meraviglioso-il-reale-e-lorrendo-nella-letteratura-infantile\/#primaryimage"},"thumbnailUrl":"https:\/\/www.rassegnastampa-totustuus.it\/cattolica\/wp-content\/uploads\/2025\/10\/favole.jpg","keywords":["bambini","educazione"],"articleSection":["Scuola ed educazione"],"inLanguage":"it-IT"},{"@type":"WebPage","@id":"https:\/\/www.rassegnastampa-totustuus.it\/cattolica\/il-meraviglioso-il-reale-e-lorrendo-nella-letteratura-infantile\/","url":"https:\/\/www.rassegnastampa-totustuus.it\/cattolica\/il-meraviglioso-il-reale-e-lorrendo-nella-letteratura-infantile\/","name":"Il meraviglioso, il reale e l'orrendo nella letteratura infantile - Rassegna Stampa Cattolica","isPartOf":{"@id":"https:\/\/www.rassegnastampa-totustuus.it\/cattolica\/#website"},"primaryImageOfPage":{"@id":"https:\/\/www.rassegnastampa-totustuus.it\/cattolica\/il-meraviglioso-il-reale-e-lorrendo-nella-letteratura-infantile\/#primaryimage"},"image":{"@id":"https:\/\/www.rassegnastampa-totustuus.it\/cattolica\/il-meraviglioso-il-reale-e-lorrendo-nella-letteratura-infantile\/#primaryimage"},"thumbnailUrl":"https:\/\/www.rassegnastampa-totustuus.it\/cattolica\/wp-content\/uploads\/2025\/10\/favole.jpg","datePublished":"2025-10-23T07:33:53+00:00","dateModified":"2025-10-23T07:33:54+00:00","description":"Il meraviglioso, il reale e l'orrendo nella letteratura infantile. Ai bambini bisogna offrire una letteratura sana e religiosa","breadcrumb":{"@id":"https:\/\/www.rassegnastampa-totustuus.it\/cattolica\/il-meraviglioso-il-reale-e-lorrendo-nella-letteratura-infantile\/#breadcrumb"},"inLanguage":"it-IT","potentialAction":[{"@type":"ReadAction","target":["https:\/\/www.rassegnastampa-totustuus.it\/cattolica\/il-meraviglioso-il-reale-e-lorrendo-nella-letteratura-infantile\/"]}]},{"@type":"ImageObject","inLanguage":"it-IT","@id":"https:\/\/www.rassegnastampa-totustuus.it\/cattolica\/il-meraviglioso-il-reale-e-lorrendo-nella-letteratura-infantile\/#primaryimage","url":"https:\/\/www.rassegnastampa-totustuus.it\/cattolica\/wp-content\/uploads\/2025\/10\/favole.jpg","contentUrl":"https:\/\/www.rassegnastampa-totustuus.it\/cattolica\/wp-content\/uploads\/2025\/10\/favole.jpg","width":1536,"height":1024},{"@type":"BreadcrumbList","@id":"https:\/\/www.rassegnastampa-totustuus.it\/cattolica\/il-meraviglioso-il-reale-e-lorrendo-nella-letteratura-infantile\/#breadcrumb","itemListElement":[{"@type":"ListItem","position":1,"name":"Home","item":"https:\/\/www.rassegnastampa-totustuus.it\/cattolica\/"},{"@type":"ListItem","position":2,"name":"Il meraviglioso, il reale e l&#8217;orrendo nella letteratura infantile"}]},{"@type":"WebSite","@id":"https:\/\/www.rassegnastampa-totustuus.it\/cattolica\/#website","url":"https:\/\/www.rassegnastampa-totustuus.it\/cattolica\/","name":"Rassegna Stampa Cattolica","description":"Per una cultura che nasce dalla Rivelazione cristiana in conformit\u00e0 alla tradizione e al Magistero della Chiesa in opposizione ad ogni relativismo e totalitarismo","publisher":{"@id":"https:\/\/www.rassegnastampa-totustuus.it\/cattolica\/#organization"},"alternateName":"Rass. Cattolica","potentialAction":[{"@type":"SearchAction","target":{"@type":"EntryPoint","urlTemplate":"https:\/\/www.rassegnastampa-totustuus.it\/cattolica\/?s={search_term_string}"},"query-input":{"@type":"PropertyValueSpecification","valueRequired":true,"valueName":"search_term_string"}}],"inLanguage":"it-IT"},{"@type":"Organization","@id":"https:\/\/www.rassegnastampa-totustuus.it\/cattolica\/#organization","name":"Rassegna Stampa Cattolica","url":"https:\/\/www.rassegnastampa-totustuus.it\/cattolica\/","logo":{"@type":"ImageObject","inLanguage":"it-IT","@id":"https:\/\/www.rassegnastampa-totustuus.it\/cattolica\/#\/schema\/logo\/image\/","url":"https:\/\/www.rassegnastampa-totustuus.it\/cattolica\/wp-content\/uploads\/2014\/04\/logo-rassegna1.gif","contentUrl":"https:\/\/www.rassegnastampa-totustuus.it\/cattolica\/wp-content\/uploads\/2014\/04\/logo-rassegna1.gif","width":600,"height":163,"caption":"Rassegna Stampa Cattolica"},"image":{"@id":"https:\/\/www.rassegnastampa-totustuus.it\/cattolica\/#\/schema\/logo\/image\/"},"sameAs":["https:\/\/www.facebook.com\/rassegnastampacattolica","https:\/\/x.com\/rassegnastampa9"]},{"@type":"Person","@id":"https:\/\/www.rassegnastampa-totustuus.it\/cattolica\/#\/schema\/person\/08f319d2bd1a0904ad9e2bfb7b15e5c3","name":"Redazione","image":{"@type":"ImageObject","inLanguage":"it-IT","@id":"https:\/\/secure.gravatar.com\/avatar\/2fcdf27c78ea025fbdb44e914cc63c72249ffec9dc8aafd5c82b26240ef3f346?s=96&d=mm&r=g","url":"https:\/\/secure.gravatar.com\/avatar\/2fcdf27c78ea025fbdb44e914cc63c72249ffec9dc8aafd5c82b26240ef3f346?s=96&d=mm&r=g","contentUrl":"https:\/\/secure.gravatar.com\/avatar\/2fcdf27c78ea025fbdb44e914cc63c72249ffec9dc8aafd5c82b26240ef3f346?s=96&d=mm&r=g","caption":"Redazione"},"url":"https:\/\/www.rassegnastampa-totustuus.it\/cattolica\/author\/pietroelle\/"}]}},"_links":{"self":[{"href":"https:\/\/www.rassegnastampa-totustuus.it\/cattolica\/wp-json\/wp\/v2\/posts\/63986","targetHints":{"allow":["GET"]}}],"collection":[{"href":"https:\/\/www.rassegnastampa-totustuus.it\/cattolica\/wp-json\/wp\/v2\/posts"}],"about":[{"href":"https:\/\/www.rassegnastampa-totustuus.it\/cattolica\/wp-json\/wp\/v2\/types\/post"}],"author":[{"embeddable":true,"href":"https:\/\/www.rassegnastampa-totustuus.it\/cattolica\/wp-json\/wp\/v2\/users\/6"}],"replies":[{"embeddable":true,"href":"https:\/\/www.rassegnastampa-totustuus.it\/cattolica\/wp-json\/wp\/v2\/comments?post=63986"}],"version-history":[{"count":1,"href":"https:\/\/www.rassegnastampa-totustuus.it\/cattolica\/wp-json\/wp\/v2\/posts\/63986\/revisions"}],"predecessor-version":[{"id":63989,"href":"https:\/\/www.rassegnastampa-totustuus.it\/cattolica\/wp-json\/wp\/v2\/posts\/63986\/revisions\/63989"}],"wp:featuredmedia":[{"embeddable":true,"href":"https:\/\/www.rassegnastampa-totustuus.it\/cattolica\/wp-json\/wp\/v2\/media\/63987"}],"wp:attachment":[{"href":"https:\/\/www.rassegnastampa-totustuus.it\/cattolica\/wp-json\/wp\/v2\/media?parent=63986"}],"wp:term":[{"taxonomy":"category","embeddable":true,"href":"https:\/\/www.rassegnastampa-totustuus.it\/cattolica\/wp-json\/wp\/v2\/categories?post=63986"},{"taxonomy":"post_tag","embeddable":true,"href":"https:\/\/www.rassegnastampa-totustuus.it\/cattolica\/wp-json\/wp\/v2\/tags?post=63986"}],"curies":[{"name":"wp","href":"https:\/\/api.w.org\/{rel}","templated":true}]}}