{"id":63871,"date":"2025-09-15T09:10:02","date_gmt":"2025-09-15T07:10:02","guid":{"rendered":"https:\/\/www.rassegnastampa-totustuus.it\/cattolica\/?p=63871"},"modified":"2025-09-15T09:10:04","modified_gmt":"2025-09-15T07:10:04","slug":"duecento-anni-fa-la-prima-frattura-che-impedi-la-vittoria-del-cattolicesimo-politico","status":"publish","type":"post","link":"https:\/\/www.rassegnastampa-totustuus.it\/cattolica\/duecento-anni-fa-la-prima-frattura-che-impedi-la-vittoria-del-cattolicesimo-politico\/","title":{"rendered":"Duecento anni fa, la prima frattura che imped\u00ec la vittoria del Cattolicesimo politico"},"content":{"rendered":"\n<p class=\"has-text-align-center\"><strong><a href=\"https:\/\/www.atfp.it\/\" target=\"_blank\" rel=\"noreferrer noopener\">Tradizione famiglia Propriet\u00e0<\/a> <\/strong>newsletter 12 Settembre 2025<\/p>\n\n\n\n<p class=\"has-text-align-center\">di<strong> Guido Vignelli<\/strong><\/p>\n\n\n\n<h4 class=\"wp-block-heading has-text-align-center\"><strong>1815: Un successo provvidenziale<\/strong><\/h4>\n\n\n\n<p>Oggi riesce difficile immaginarlo, anche perch\u00e9 nessuno ce lo ricorda, eppure l\u2019analisi storica ce lo dimostra chiaramente. Circa duecento anni fa, il Cattolicesimo avrebbe potuto sconfiggere la Rivoluzione e tornare a dominare la societ\u00e0 europea, perch\u00e9 quasi tutto il mondo europeo stava diventando contro-rivoluzionario, ossia antiliberale e antisocialista.<\/p>\n\n\n<div class=\"wp-block-image\">\n<figure class=\"aligncenter size-large is-resized\"><a href=\"https:\/\/www.rassegnastampa-totustuus.it\/cattolica\/wp-content\/uploads\/2021\/04\/Vandea_controrivoluzione.jpg\"><img loading=\"lazy\" decoding=\"async\" width=\"1024\" height=\"451\" src=\"https:\/\/www.rassegnastampa-totustuus.it\/cattolica\/wp-content\/uploads\/2021\/04\/Vandea_controrivoluzione-1024x451.jpg\" alt=\"\" class=\"wp-image-50713\" style=\"width:507px;height:auto\" srcset=\"https:\/\/www.rassegnastampa-totustuus.it\/cattolica\/wp-content\/uploads\/2021\/04\/Vandea_controrivoluzione-1024x451.jpg 1024w, https:\/\/www.rassegnastampa-totustuus.it\/cattolica\/wp-content\/uploads\/2021\/04\/Vandea_controrivoluzione-300x132.jpg 300w, https:\/\/www.rassegnastampa-totustuus.it\/cattolica\/wp-content\/uploads\/2021\/04\/Vandea_controrivoluzione-768x338.jpg 768w, https:\/\/www.rassegnastampa-totustuus.it\/cattolica\/wp-content\/uploads\/2021\/04\/Vandea_controrivoluzione.jpg 1600w\" sizes=\"auto, (max-width: 1024px) 100vw, 1024px\" \/><\/a><\/figure><\/div>\n\n\n<!--more-->\n\n\n\n<p>Infatti, all\u2019inizio del XIX secolo, la divina Provvidenza aveva fatto in modo che l\u2019eroica testimonianza delle numerose vittime della Rivoluzione Francese e delle guerre napoleoniche suscitasse nella popolazione europea una viva reazione religiosa. Questa reazione si esprimeva avversando le rivoluzioni e desiderando di ristabilire l\u2019ordine cristiano, auspicato perfino da certi ambienti protestanti conservatori, ad esempio in Inghilterra e in Germania.<\/p>\n\n\n\n<p>Sostenuta dai papi e da molti vescovi, la fiorente ed efficace pubblicistica contro-rivoluzionaria aveva animato un clima intransigente non solo nelle classi intellettuali ma anche in quelle politiche prima sedotte dalla sovversione. Infatti, l\u2019alleanza tra gli ambienti conservatori e quelli moderati aveva isolato quelli rivoluzionari, nella prospettiva di restaurare le verit\u00e0 e i valori cristiani nella societ\u00e0 europea.<\/p>\n\n\n\n<p>Questo successo della cultura contro-rivoluzionaria stava favorendo una riscossa cattolica che non si limitasse al campo devozionale, liturgico e letterario (come pretendevano i \u201cromantici\u201d), ma si estendesse al campo politico, giuridico e sociale. Purtroppo, le vicende andarono in maniera diversa: giustamente, il prof. Plinio Corr\u00eaa de Oliveira ha definito il XIX come \u201cil secolo delle grandi occasioni perdute\u201d.<\/p>\n\n\n\n<h4 class=\"wp-block-heading has-text-align-center\"><strong>1820: La delusione per la fasulla \u201cRestaurazione\u201d<\/strong><\/h4>\n\n\n\n<p>Paradossalmente, fu proprio la cosiddetta \u201cRestaurazione\u201d \u2013 ossia il superficiale ristabilimento politico dell\u2019<em>Ancien R\u00e9gime<\/em>&nbsp;\u2013 a ridurre e a corrodere lentamente questo successo della contro-rivoluzione. Infatti, il regime restauratore aveva risanato solo gli eccessi della rivoluzione; ne aveva combattuto alcuni effetti, ad esempio riponendo sui troni alcuni monarchi (compreso il papa), ma evitava di combatterne le cause, ossia i princ\u00ecpi filosofici e politici, con i quali anzi si comprometteva per timore di essere accusato di fanatismo.<\/p>\n\n\n<div class=\"wp-block-image\">\n<figure class=\"aligncenter size-full is-resized\"><a href=\"https:\/\/www.rassegnastampa-totustuus.it\/cattolica\/wp-content\/uploads\/2020\/10\/controrivoluzione.jpg\"><img loading=\"lazy\" decoding=\"async\" width=\"310\" height=\"163\" src=\"https:\/\/www.rassegnastampa-totustuus.it\/cattolica\/wp-content\/uploads\/2020\/10\/controrivoluzione.jpg\" alt=\"\" class=\"wp-image-48713\" style=\"width:442px;height:auto\" srcset=\"https:\/\/www.rassegnastampa-totustuus.it\/cattolica\/wp-content\/uploads\/2020\/10\/controrivoluzione.jpg 310w, https:\/\/www.rassegnastampa-totustuus.it\/cattolica\/wp-content\/uploads\/2020\/10\/controrivoluzione-300x158.jpg 300w\" sizes=\"auto, (max-width: 310px) 100vw, 310px\" \/><\/a><\/figure><\/div>\n\n\n<p>Accadde di peggio. Per timore delle vendette minacciate dalle sette liberali, quel regime s\u2019impegnava pi\u00f9 nel congelare gli \u201czelanti\u201d che nel combattere i rivoluzionari. Perfino validi statisti come il Metternich fecero in modo che i migliori esponenti del pensiero e dell\u2019azione contro-rivoluzionaria (come il Maistre, il Bonald, lo Haller, poi anche il Canosa e il Solaro della Margarita) venissero isolati e ridotti alla impotenza, preferendo ricorrere al cinico pragmatismo di politicanti (come Talleyrand e Fouch\u00e9) che si erano compromessi con la Rivoluzione.<\/p>\n\n\n\n<p>Inoltre, alcune prestigiose e influenti organizzazioni contro-rivoluzionarie (come le&nbsp;<em>Amicizie Cattoliche<\/em>&nbsp;fondate dal venerabile padre Lanteri) furono soppresse proprio da quei monarchi o principi ch\u2019esse avevano contribuito a riportare al potere.<\/p>\n\n\n\n<p>Di conseguenza, nei circoli contro-rivoluzionari si diffuse una vaga antipatia e sorda ostilit\u00e0 verso quei monarchi e quella classe aristocratica che si mostravano cos\u00ec ingrati; inoltre, si diffuse una certa sfiducia sulla possibilit\u00e0 di suscitare una riscossa politica cattolica appoggiandosi alle autorit\u00e0 vigenti e percorrendo le tradizionali vie della legalit\u00e0 e della legittimit\u00e0.<\/p>\n\n\n\n<h4 class=\"wp-block-heading has-text-align-center\"><strong>1825: Sorgono implicite divergenze<\/strong><\/h4>\n\n\n\n<p>Col tempo, in alcuni di quei circoli sorsero divisioni riguardanti non la dottrina ma la strategia, ossia su&nbsp;<em>come<\/em>&nbsp;opporsi allo spirito rivoluzionario dilagante nella classe aristocratica, al liberalismo emergente in quella borghese e al socialismo nascente in quella lavoratrice.<\/p>\n\n\n<div class=\"wp-block-image\">\n<figure class=\"aligncenter size-large is-resized\"><a href=\"https:\/\/www.rassegnastampa-totustuus.it\/cattolica\/wp-content\/uploads\/2020\/10\/comunismo_sinistra.jpg\"><img loading=\"lazy\" decoding=\"async\" width=\"1024\" height=\"685\" src=\"https:\/\/www.rassegnastampa-totustuus.it\/cattolica\/wp-content\/uploads\/2020\/10\/comunismo_sinistra-1024x685.jpg\" alt=\"\" class=\"wp-image-48770\" style=\"width:470px;height:auto\" srcset=\"https:\/\/www.rassegnastampa-totustuus.it\/cattolica\/wp-content\/uploads\/2020\/10\/comunismo_sinistra-1024x685.jpg 1024w, https:\/\/www.rassegnastampa-totustuus.it\/cattolica\/wp-content\/uploads\/2020\/10\/comunismo_sinistra-300x201.jpg 300w, https:\/\/www.rassegnastampa-totustuus.it\/cattolica\/wp-content\/uploads\/2020\/10\/comunismo_sinistra-768x514.jpg 768w, https:\/\/www.rassegnastampa-totustuus.it\/cattolica\/wp-content\/uploads\/2020\/10\/comunismo_sinistra.jpg 1280w\" sizes=\"auto, (max-width: 1024px) 100vw, 1024px\" \/><\/a><\/figure><\/div>\n\n\n<p>Ad esempio, sorsero divergenze su quale classe sociale sostenere per favorire la riscossa cattolica; alcuni circoli dapprima presero posizione contro la monarchia in favore dell\u2019aristocrazia, poi contro l\u2019aristocrazia in favore della borghesia, infine contro la borghesia in favore del popolo, auspicando una \u201crivolta delle masse\u201d in favore della Chiesa e sotto la guida del Papato.<\/p>\n\n\n\n<p>Data questa prospettiva, in alcuni circoli, l\u2019iniziale critica della Rivoluzione nel suo fondamento filosofico-teologico (Satana visto come \u201cil primo rivoluzionario\u201d) si ridusse di spessore e di profondit\u00e0. Infatti, prima ci si limit\u00f2 a criticare l\u2019effetto politico della Rivoluzione, ossia il liberalismo, poi l\u2019effetto socio-economico, ossia il liberismo. Anzi, alcuni circoli si concentrarono nell\u2019attaccare i declinanti privilegi politici dell\u2019aristocrazia e i crescenti soprusi compiuti dalla borghesia a danno del \u201cpopolo oppresso e sfruttato\u201d dal capitalismo.<\/p>\n\n\n\n<p>Questo processo riduzionista \u00e8 dovuto al fatto che alcuni circoli intransigenti tendevano a identificare l\u2019intera Rivoluzione con il solo liberalismo, tanto che perfino il socialismo era considerato come un suo mero sottoprodotto. Cos\u00ec facendo, s\u2019ignorava la peculiarit\u00e0 del socialismo e la sua specifica pericolosit\u00e0 per la Cristianit\u00e0; anzi, alcuni tendevano a considerarlo come un potenziale alleato per vincere il \u201cmostro liberale\u201d.<\/p>\n\n\n\n<p>Queste divergenze interne all\u2019originario ambiente contro-rivoluzionario erano un preoccupante sintomo che ne manifestava la debolezza, favorita dalla crescente influenza esercitata da potenti agenti estranei come storicismo, idealismo, romanticismo e nazionalismo. Questa influenza stava realizzando una classica manovra di \u201ctrasbordo ideologico inavvertito\u201d che avrebbe prodotto nefaste conseguenze nella mente e nel cuore del movimento contro-rivoluzionario.<\/p>\n\n\n\n<h4 class=\"wp-block-heading has-text-align-center\"><strong>1830: la rivoluzione e la crisi<\/strong><\/h4>\n\n\n\n<p>Dobbiamo ammettere che, fino a quando vissero alcuni prestigiosi e influenti esponenti della prima generazione contro-rivoluzionaria, quei circoli inquieti evitarono che la loro insofferenza verso la penosa situazione politica li spingesse a tentare \u201caperture\u201d pericolose ed esperimenti azzardati per rovesciare il regime vigente.<\/p>\n\n\n<div class=\"wp-block-image\">\n<figure class=\"aligncenter size-full is-resized\"><a href=\"https:\/\/www.rassegnastampa-totustuus.it\/cattolica\/wp-content\/uploads\/2005\/06\/De-Maistre-1.jpg\"><img loading=\"lazy\" decoding=\"async\" width=\"307\" height=\"164\" src=\"https:\/\/www.rassegnastampa-totustuus.it\/cattolica\/wp-content\/uploads\/2005\/06\/De-Maistre-1.jpg\" alt=\"\" class=\"wp-image-33379\" style=\"width:399px;height:auto\" srcset=\"https:\/\/www.rassegnastampa-totustuus.it\/cattolica\/wp-content\/uploads\/2005\/06\/De-Maistre-1.jpg 307w, https:\/\/www.rassegnastampa-totustuus.it\/cattolica\/wp-content\/uploads\/2005\/06\/De-Maistre-1-300x160.jpg 300w\" sizes=\"auto, (max-width: 307px) 100vw, 307px\" \/><\/a><\/figure><\/div>\n\n\n<p>La situazione cominci\u00f2 a cambiare alla fine degli anni 1820, ossia dopo la morte a breve distanza di campioni contro-rivoluzionari come il Maistre, il Lanteri, il Baraldi e Cesare d\u2019Azeglio. In quel frangente, la contro-rivoluzione visse una delicata fase di passaggio, perch\u00e9 la vecchia generazione non era ancora stata sostituita dalla nuova.<\/p>\n\n\n\n<p>La rivoluzione del 1830, che abbatt\u00e9 il regno francese di Carlo X sostituendolo con quello del liberale Luigi Filippo d\u2019Orl\u00e9ans, da una parte frustr\u00f2 la speranza della&nbsp;<em>valentior pars<\/em>&nbsp;di sostituire la falsa Restaurazione con quella vera, dall\u2019altra accentu\u00f2 le divisioni interne al mondo contro-rivoluzionario.<\/p>\n\n\n<div class=\"wp-block-image\">\n<figure class=\"aligncenter size-full\"><a href=\"https:\/\/www.rassegnastampa-totustuus.it\/cattolica\/wp-content\/uploads\/2023\/04\/Pio_Bruno_Lanteri_santi_chiesa.jpg\"><img loading=\"lazy\" decoding=\"async\" width=\"193\" height=\"225\" src=\"https:\/\/www.rassegnastampa-totustuus.it\/cattolica\/wp-content\/uploads\/2023\/04\/Pio_Bruno_Lanteri_santi_chiesa.jpg\" alt=\"\" class=\"wp-image-56140\"\/><\/a><\/figure><\/div>\n\n\n<p>Infatti, alcuni fra i suoi primi e famosi esponenti (come Chateaubriand) dimostrarono simpatia per la \u201crivoluzione borghese\u201d del 1830, vista come una occasione che avrebbe permesso alla Chiesa \u2013 liberandosi dagl\u2019imbarazzanti residui vincoli con le monarchie legittime \u2013 di agire pi\u00f9 facilmente in un regime che concedesse eguale libert\u00e0 a tutti.<\/p>\n\n\n\n<p>Altri poi si scandalizzarono per la condanna del cattolicesimo liberale pronunciata da papa Gregorio XVI nell\u2019enciclica <em>Mirari vos<\/em> (1832), rivolta contro la rivista <em>L\u2019Avenir<\/em> diretta da quel padre Lamennais che stava ormai passando dalla posizione contro-rivoluzionaria a quella liberale.<\/p>\n\n\n\n<h4 class=\"wp-block-heading has-text-align-center\"><strong>1840: la divisione in tre fazioni<\/strong><\/h4>\n\n\n\n<p>Di conseguenza, tra il 1830 e il 1840, sotto l\u2019impulso delle influenze esterne e delle inquietudini interne, il nucleo originario della CR fin\u00ec col dividersi in tre fazioni prima solo divergenti ma poi sempre pi\u00f9 contrastanti tra loro.<\/p>\n\n\n\n<p>La prima fazione rest\u00f2 fedele al <em>cattolicesimo intransigente<\/em> e \u201cpapalino\u201d manifestato dalla prima generazione contro-rivoluzionaria, confermando una posizione antiliberale, antisocialista e interclassista, mantenendo legami con l\u2019aristocrazia legittimista. Vi appartennero, ad esempio, prima gli eredi delle <em>Amicizie Cristiane<\/em> fondate dal Lanteri, poi anche i gesuiti della rivista <em>La Civilt\u00e0 Cattolica<\/em>. Nel corso del secolo, questa fazione dar\u00e0 origine prima al \u201ccattolicesimo sociale\u201d, poi all\u2019Azione Cattolica, quella originaria del 1867, la migliore della storia contemporanea.<\/p>\n\n\n<div class=\"wp-block-image\">\n<figure class=\"aligncenter size-full is-resized\"><a href=\"https:\/\/www.rassegnastampa-totustuus.it\/cattolica\/wp-content\/uploads\/2004\/11\/Civilt\u00e0-Cattolica.jpg\"><img loading=\"lazy\" decoding=\"async\" width=\"144\" height=\"234\" src=\"https:\/\/www.rassegnastampa-totustuus.it\/cattolica\/wp-content\/uploads\/2004\/11\/Civilt\u00e0-Cattolica.jpg\" alt=\"\" class=\"wp-image-30981\" style=\"width:226px;height:auto\"\/><\/a><\/figure><\/div>\n\n\n<p>La seconda fazione invece diede origine al <em>cattolicesimo liberale<\/em>, prendendo una posizione transigente, conciliatorista e classista. Dapprima esso spos\u00f2 la causa della borghesia liberale, dando origine al \u201cprogressismo cattolico\u201d; vi appartennero preti famosi come Lacordaire e Lambruschini e laici prestigiosi come il Montalembert, il Chateaubriand e il Falloux. Poi per\u00f2 una parte dei cattolici liberali spos\u00f2 la causa del \u201cproletariato\u201d socialista, dando origine al <em>cattolicesimo democratico<\/em>; vi appartennero i padri Lamennais, Gioberti e Curci (seconda maniera).<\/p>\n\n\n\n<p>La terza fazione, scandalizzata dalle polemiche tra le prime due, prese una posizione intermedia dando origine al <em>cattolicesimo moderato<\/em>. Esso fu caratterizzato da transigenza, conciliatorismo e \u201cpatriottismo\u201d (ossia simpatia per i \u201crisorgimenti nazionali\u201d), ma evit\u00f2 di aderire al liberalismo o al socialismo. Vi appartennero i padri Rosmini, Gratry e Ventura (seconda maniera), poi anche i vescovi Dupanloup, Bonomelli e Scalabrini.<\/p>\n\n\n\n<h4 class=\"wp-block-heading has-text-align-center\"><strong>Tre tipi di cattolicesimo politico<\/strong><\/h4>\n\n\n\n<p>Secondo Augusto Del Noce, questa divisione del mondo politico cattolico in tre fazioni rivali \u2013 quella <em>intransigente<\/em>, quella <em>liberal-democratica<\/em> e quella <em>moderata<\/em> \u2013 cre\u00f2 i tre tipi contrastanti che, usando un linguaggio partitico, possiamo indicare come <em>destra<\/em> intransigente, <em>sinistra<\/em> progressista e <em>centro<\/em> moderato. Dalla seconda met\u00e0 del secolo XIX fino a tutto il XX, queste fazioni svolsero ruoli diversamente decisivi nella vita politico-religiosa, non solo in quella latina ma anche in quella europea e americana.<\/p>\n\n\n<div class=\"wp-block-image\">\n<figure class=\"aligncenter size-full is-resized\"><a href=\"https:\/\/www.rassegnastampa-totustuus.it\/cattolica\/wp-content\/uploads\/2005\/07\/manifesto-Dc.jpg\"><img loading=\"lazy\" decoding=\"async\" width=\"185\" height=\"272\" src=\"https:\/\/www.rassegnastampa-totustuus.it\/cattolica\/wp-content\/uploads\/2005\/07\/manifesto-Dc.jpg\" alt=\"\" class=\"wp-image-31329\" style=\"width:261px;height:auto\"\/><\/a><\/figure><\/div>\n\n\n<p>La storia dei rapporti tra queste tre fazioni \u00e8 significativa. La <em>destra<\/em> intransigente fu aspramente combattuta dalla <em>sinistra<\/em> progressista, con la irresponsabile complicit\u00e0 di quel <em>centro<\/em> moderato che sperava di diventare erede di entrambi. Invece accadde che, una volta isolata e sconfitta la <em>destra<\/em>, la <em>sinistra<\/em> sedusse e assimil\u00f2 il <em>centro<\/em> in nome della democrazia e in forza del proprio radicalismo, diventando cos\u00ec la fazione dominante nel campo della cultura e della Gerarchia cattoliche, ma non nella popolazione. In Italia, questo suicidio del \u201ccentro che marcia verso sinistra\u201d fu previsto prima da Gramsci (fin dal 1919) riguardo il <em>Partito Popolare<\/em>, poi da Del Noce (fin dal 1963) riguardo la <em>Democrazia Cristiana<\/em>.<\/p>\n\n\n\n<p>Bisogna comunque ricordare che la frattura che divise la prima generazione contro-rivoluzionaria non imped\u00ec alla seconda di avviare \u2013 con l\u2019incoraggiamento e il sostegno dei papi \u2013 una pi\u00f9 solida e pi\u00f9 duratura fioritura dell\u2019impegno politico cattolico intransigente, come accadde tra il 1862 e il 1914 non solo nelle nazioni latine ma anche in Inghilterra e in Germania.<\/p>\n\n\n\n<p>Questa seconda generazione collabor\u00f2 con la Santa Sede, ad esempio svolgendo un ruolo preparatorio nella proclamazione della Immacolata Concezione di Maria e della infallibilit\u00e0 pontificia, nella nascita della seconda Scolastica e nella rinascita della dottrina sociale della Chiesa, nella condanna della \u201cmodernit\u00e0\u201d espressa dall\u2019encicliche papali, nella lotta contro la Massoneria, il liberalismo e il socialismo, infine nella opposizione al modernismo sia teologico che sociale.<\/p>\n\n\n\n<h4 class=\"wp-block-heading has-text-align-center\"><strong>I tentativi pontifici di risanare questa frattura<\/strong><\/h4>\n\n\n\n<p>Una volta consumata la frattura degli anni 1830, alcuni papi fecero tentativi di ricomporre (almeno localmente e settorialmente) l\u2019unit\u00e0 dell\u2019associazionismo politico cattolico; qui ne ricordiamo cinque:<\/p>\n\n\n\n<ul class=\"wp-block-list\">\n<li>quello avviato da Pio IX nel 1867, al fine di unire le associazioni politiche cattoliche italiane nell\u2019<em>Opera dei Congressi<\/em> \u2013 tentativo riuscito;<\/li>\n\n\n\n<li>quello deciso (malvolentieri) da Leone XIII negli anni 1880, al fine di\u00a0<em>rallier<\/em>\u00a0i cattolici francesi alla repubblica massonica francese \u2013 tentativo malriuscito;<\/li>\n\n\n\n<li>quello imposto da Pio XI negli anni 1920, al fine d\u2019inserire le associazioni religiose nella nuova <em>Azione Cattolica<\/em> \u2013 tentativo riuscito;<\/li>\n\n\n\n<li>quello scelto (malvolentieri) da Pio XII negli anni 1950, al fine di riunire i cattolici nel partito della <em>Democrazia Cristiana<\/em> \u2013 tentativo riuscito;<\/li>\n\n\n\n<li>quello tentato da papa Francesco a partire dal 2014, al fine di rilanciare l\u2019impegno politico sotto la guida della \u201cteologia della liberazione\u201d di origine sudamericana \u2013 tentativo fallito.<\/li>\n<\/ul>\n\n\n\n<p>Spesso questi tentativi furono condotti sotto la spinta di urgenze pratiche, con spirito opportunistico e in modo maldestro, ad esempio ricorrendo a espedienti tattici imponendo ai fedeli una uniformit\u00e0 che non poteva creare vera unit\u00e0 d\u2019intenti. Bisogna notare che, a parte il primo tentativo, quelli successivi finirono con l\u2019isolare le forze intransigenti del mondo cattolico e col favorire quelle disposte ai compromessi e ai cedimenti alla Rivoluzione.<\/p>\n\n\n<div class=\"wp-block-image\">\n<figure class=\"aligncenter size-full is-resized\"><a href=\"https:\/\/www.rassegnastampa-totustuus.it\/cattolica\/wp-content\/uploads\/2013\/01\/papi_sociali-1.jpg\"><img loading=\"lazy\" decoding=\"async\" width=\"259\" height=\"194\" src=\"https:\/\/www.rassegnastampa-totustuus.it\/cattolica\/wp-content\/uploads\/2013\/01\/papi_sociali-1.jpg\" alt=\"\" class=\"wp-image-34770\" style=\"width:373px;height:auto\"\/><\/a><\/figure><\/div>\n\n\n<p>Insomma, nel complesso, questi tentativi fecero pi\u00f9 male che bene nella storia della Chiesa contemporanea, perch\u00e9 pretesero di riparare gli effetti della divisione eludendone le cause. Di conseguenza, la frattura del mondo cattolico avviata negli anni 1830 non fu pi\u00f9 risanata del tutto e definitivamente, anzi fu aggravata da equivoci e divisioni che durano tutt\u2019oggi.<\/p>\n\n\n\n<h4 class=\"wp-block-heading has-text-align-center\"><strong>\u201cBisogna che accadano fratture\u201d<\/strong><\/h4>\n\n\n\n<p>Le inevitabili fratture, separazioni e opposizioni che avvengono nel campo cattolico militante sono certamente dolorose e procurano gravi conseguenze. Tuttavia, esse sono considerate come utili dall\u2019Apostolo san Paolo: \u00abbisogna che tra voi accadano fratture, affinch\u00e9 diventino riconoscibili quelli che sono degni di approvazione\u00bb (1Cor 11,19) e, per contrasto, anche quelli degni di rimprovero.<\/p>\n\n\n\n<p>Infatti, finch\u00e9 tutti sembrano concordi nel confermare ci\u00f2 che risulta ovvio e non suscita problemi, rimane l\u2019ottimistica illusione che non esistano incomprensioni o discordanze e quindi che tutto vada bene. Ma quando le divergenze rimaste implicite vengono esplicitate da vicende storiche divisive, allora i problemi prima latenti si manifestano e la finta unanimit\u00e0 si frange in fazioni, partiti e perfino sette.<\/p>\n\n\n\n<p>Com\u2019\u00e8 noto, questo dramma si ripet\u00e9 subito dopo la conclusione del Concilio Ecumenico Vaticano II, come poi fu lamentato dai papi incaricati di applicarne le irenistiche e ambigue posizioni. Infatti, da allora, il popolo cattolico \u00e8 stato sottoposto a una pastorale prima progressista, poi moderata, poi conservatrice e poi rivoluzionaria, subendo una sorta di continua doccia scozzese.<\/p>\n\n\n<div class=\"wp-block-image\">\n<figure class=\"aligncenter size-large is-resized\"><a href=\"https:\/\/www.rassegnastampa-totustuus.it\/cattolica\/wp-content\/uploads\/2020\/07\/chiesa_concilio_vaticano.jpg\"><img loading=\"lazy\" decoding=\"async\" width=\"1024\" height=\"495\" src=\"https:\/\/www.rassegnastampa-totustuus.it\/cattolica\/wp-content\/uploads\/2020\/07\/chiesa_concilio_vaticano-1024x495.jpg\" alt=\"\" class=\"wp-image-47902\" style=\"width:501px;height:auto\" srcset=\"https:\/\/www.rassegnastampa-totustuus.it\/cattolica\/wp-content\/uploads\/2020\/07\/chiesa_concilio_vaticano-1024x495.jpg 1024w, https:\/\/www.rassegnastampa-totustuus.it\/cattolica\/wp-content\/uploads\/2020\/07\/chiesa_concilio_vaticano-300x145.jpg 300w, https:\/\/www.rassegnastampa-totustuus.it\/cattolica\/wp-content\/uploads\/2020\/07\/chiesa_concilio_vaticano-768x371.jpg 768w, https:\/\/www.rassegnastampa-totustuus.it\/cattolica\/wp-content\/uploads\/2020\/07\/chiesa_concilio_vaticano.jpg 1588w\" sizes=\"auto, (max-width: 1024px) 100vw, 1024px\" \/><\/a><\/figure><\/div>\n\n\n<p class=\"has-text-align-left\">Ormai, il problema attuale non consiste nel salvare un\u2019apparente unit\u00e0 ecclesiale da tempo frantumata, ma nel ricuperare la reale unit\u00e0 risanando divisioni e contrasti che non riguardano pi\u00f9 solo l\u2019impegno politico dei cattolici ma anche la stessa identit\u00e0 e universalit\u00e0 visibile della Chiesa. Questo risanamento \u00e8 possibile solo riaffermando le verit\u00e0 dogmatiche e morali dimenticate o negate e ristabilendo la disciplina elusa o violata.<\/p>\n\n\n\n<p>Oggi sembra che il nuovo pontificato sia consapevole di questo problema e senta il dovere d\u2019impegnarsi nell\u2019ardua missione di restaurare l\u2019unit\u00e0 della Chiesa ricomponendo divisioni, superando contrasti e vietando le rovinose \u201csperimentazioni ecclesiali\u201d. Con l\u2019aiuto divino, questo lodevole proposito potrebbe avere successo, ma alla condizione di evitare i soliti espedienti per imporre nuovamente una falsa unit\u00e0 che servirebbe solo ad aggravare le vecchie divisioni.<\/p>\n\n\n\n<p>Alludo all\u2019illusorio tentativo di percorrere una \u201cvia media\u201d tra gli \u201copposti estremismi\u201d, basata su un \u201cminimo comun denominatore\u201d dottrinale e su una \u201cpastorale moderata\u201d che, pur sembrando accontentare tutti, alla lunga eluder\u00e0 i gravi problemi sia di dottrina che di governo. Questa falsa soluzione, da una parte, addormenterebbe le coscienze finora rimaste meritoriamente vigili e ridurrebbe al silenzio le sacrosante rimostranze dei fedeli; dall\u2019altra parte, incoraggerebbe le forze sovversive a continuare la loro opera con maggiore prudenza e gradualit\u00e0.<\/p>\n","protected":false},"excerpt":{"rendered":"<p>Tradizione famiglia Propriet\u00e0 newsletter 12 Settembre 2025 di Guido Vignelli 1815: Un successo provvidenziale Oggi riesce difficile immaginarlo, anche perch\u00e9 nessuno ce lo ricorda, eppure l\u2019analisi storica ce lo dimostra chiaramente. Circa duecento anni fa, il Cattolicesimo avrebbe potuto sconfiggere la Rivoluzione e tornare a dominare la societ\u00e0 europea, perch\u00e9 quasi tutto il mondo europeo &hellip; <\/p>\n<p><a class=\"more-link btn\" href=\"https:\/\/www.rassegnastampa-totustuus.it\/cattolica\/duecento-anni-fa-la-prima-frattura-che-impedi-la-vittoria-del-cattolicesimo-politico\/\">Continua a leggere<\/a><\/p>\n","protected":false},"author":6,"featured_media":29627,"comment_status":"closed","ping_status":"closed","sticky":false,"template":"","format":"standard","meta":{"footnotes":""},"categories":[5,54],"tags":[611,3254,462],"class_list":["post-63871","post","type-post","status-publish","format-standard","has-post-thumbnail","hentry","category-chiesa","category-rivoluzione-e-controrivoluzione","tag-cattolicesimo-democratico-2","tag-cattolicesimo-politico","tag-controrivoluzione","item-wrap"],"yoast_head":"<!-- This site is optimized with the Yoast SEO plugin v27.5 - https:\/\/yoast.com\/product\/yoast-seo-wordpress\/ -->\n<title>Duecento anni fa, la prima frattura che imped\u00ec la vittoria del Cattolicesimo politico - Rassegna Stampa Cattolica<\/title>\n<meta name=\"description\" content=\"Duecento anni fa, la prima frattura che imped\u00ec la vittoria del Cattolicesimo politico\" \/>\n<meta name=\"robots\" content=\"index, follow, max-snippet:-1, max-image-preview:large, max-video-preview:-1\" \/>\n<link rel=\"canonical\" href=\"https:\/\/www.rassegnastampa-totustuus.it\/cattolica\/duecento-anni-fa-la-prima-frattura-che-impedi-la-vittoria-del-cattolicesimo-politico\/\" \/>\n<meta property=\"og:locale\" content=\"it_IT\" \/>\n<meta property=\"og:type\" content=\"article\" \/>\n<meta property=\"og:title\" content=\"Duecento anni fa, la prima frattura che imped\u00ec la vittoria del Cattolicesimo politico - Rassegna Stampa Cattolica\" \/>\n<meta property=\"og:description\" content=\"Duecento anni fa, la prima frattura che imped\u00ec la vittoria del Cattolicesimo politico\" \/>\n<meta property=\"og:url\" content=\"https:\/\/www.rassegnastampa-totustuus.it\/cattolica\/duecento-anni-fa-la-prima-frattura-che-impedi-la-vittoria-del-cattolicesimo-politico\/\" \/>\n<meta property=\"og:site_name\" content=\"Rassegna Stampa Cattolica\" \/>\n<meta property=\"article:publisher\" content=\"https:\/\/www.facebook.com\/rassegnastampacattolica\" \/>\n<meta property=\"article:published_time\" content=\"2025-09-15T07:10:02+00:00\" \/>\n<meta property=\"article:modified_time\" content=\"2025-09-15T07:10:04+00:00\" \/>\n<meta property=\"og:image\" content=\"https:\/\/www.rassegnastampa-totustuus.it\/cattolica\/wp-content\/uploads\/2016\/01\/Concilio.jpg\" \/>\n\t<meta property=\"og:image:width\" content=\"307\" \/>\n\t<meta property=\"og:image:height\" content=\"164\" \/>\n\t<meta property=\"og:image:type\" content=\"image\/jpeg\" \/>\n<meta name=\"author\" content=\"Redazione\" \/>\n<meta name=\"twitter:card\" content=\"summary_large_image\" \/>\n<meta name=\"twitter:creator\" content=\"@rassegnastampa9\" \/>\n<meta name=\"twitter:site\" content=\"@rassegnastampa9\" \/>\n<meta name=\"twitter:label1\" content=\"Scritto da\" \/>\n\t<meta name=\"twitter:data1\" content=\"Redazione\" \/>\n\t<meta name=\"twitter:label2\" content=\"Tempo di lettura stimato\" \/>\n\t<meta name=\"twitter:data2\" content=\"14 minuti\" \/>\n<script type=\"application\/ld+json\" class=\"yoast-schema-graph\">{\"@context\":\"https:\\\/\\\/schema.org\",\"@graph\":[{\"@type\":\"Article\",\"@id\":\"https:\\\/\\\/www.rassegnastampa-totustuus.it\\\/cattolica\\\/duecento-anni-fa-la-prima-frattura-che-impedi-la-vittoria-del-cattolicesimo-politico\\\/#article\",\"isPartOf\":{\"@id\":\"https:\\\/\\\/www.rassegnastampa-totustuus.it\\\/cattolica\\\/duecento-anni-fa-la-prima-frattura-che-impedi-la-vittoria-del-cattolicesimo-politico\\\/\"},\"author\":{\"name\":\"Redazione\",\"@id\":\"https:\\\/\\\/www.rassegnastampa-totustuus.it\\\/cattolica\\\/#\\\/schema\\\/person\\\/08f319d2bd1a0904ad9e2bfb7b15e5c3\"},\"headline\":\"Duecento anni fa, la prima frattura che imped\u00ec la vittoria del Cattolicesimo politico\",\"datePublished\":\"2025-09-15T07:10:02+00:00\",\"dateModified\":\"2025-09-15T07:10:04+00:00\",\"mainEntityOfPage\":{\"@id\":\"https:\\\/\\\/www.rassegnastampa-totustuus.it\\\/cattolica\\\/duecento-anni-fa-la-prima-frattura-che-impedi-la-vittoria-del-cattolicesimo-politico\\\/\"},\"wordCount\":2261,\"publisher\":{\"@id\":\"https:\\\/\\\/www.rassegnastampa-totustuus.it\\\/cattolica\\\/#organization\"},\"image\":{\"@id\":\"https:\\\/\\\/www.rassegnastampa-totustuus.it\\\/cattolica\\\/duecento-anni-fa-la-prima-frattura-che-impedi-la-vittoria-del-cattolicesimo-politico\\\/#primaryimage\"},\"thumbnailUrl\":\"https:\\\/\\\/www.rassegnastampa-totustuus.it\\\/cattolica\\\/wp-content\\\/uploads\\\/2016\\\/01\\\/Concilio.jpg\",\"keywords\":[\"cattolicesimo democratico\",\"cattolicesimo politico\",\"controrivoluzione\"],\"articleSection\":[\"Chiesa\",\"Rivoluzione e controrivoluzione\"],\"inLanguage\":\"it-IT\"},{\"@type\":\"WebPage\",\"@id\":\"https:\\\/\\\/www.rassegnastampa-totustuus.it\\\/cattolica\\\/duecento-anni-fa-la-prima-frattura-che-impedi-la-vittoria-del-cattolicesimo-politico\\\/\",\"url\":\"https:\\\/\\\/www.rassegnastampa-totustuus.it\\\/cattolica\\\/duecento-anni-fa-la-prima-frattura-che-impedi-la-vittoria-del-cattolicesimo-politico\\\/\",\"name\":\"Duecento anni fa, la prima frattura che imped\u00ec la vittoria del Cattolicesimo politico - Rassegna Stampa Cattolica\",\"isPartOf\":{\"@id\":\"https:\\\/\\\/www.rassegnastampa-totustuus.it\\\/cattolica\\\/#website\"},\"primaryImageOfPage\":{\"@id\":\"https:\\\/\\\/www.rassegnastampa-totustuus.it\\\/cattolica\\\/duecento-anni-fa-la-prima-frattura-che-impedi-la-vittoria-del-cattolicesimo-politico\\\/#primaryimage\"},\"image\":{\"@id\":\"https:\\\/\\\/www.rassegnastampa-totustuus.it\\\/cattolica\\\/duecento-anni-fa-la-prima-frattura-che-impedi-la-vittoria-del-cattolicesimo-politico\\\/#primaryimage\"},\"thumbnailUrl\":\"https:\\\/\\\/www.rassegnastampa-totustuus.it\\\/cattolica\\\/wp-content\\\/uploads\\\/2016\\\/01\\\/Concilio.jpg\",\"datePublished\":\"2025-09-15T07:10:02+00:00\",\"dateModified\":\"2025-09-15T07:10:04+00:00\",\"description\":\"Duecento anni fa, la prima frattura che imped\u00ec la vittoria del Cattolicesimo politico\",\"breadcrumb\":{\"@id\":\"https:\\\/\\\/www.rassegnastampa-totustuus.it\\\/cattolica\\\/duecento-anni-fa-la-prima-frattura-che-impedi-la-vittoria-del-cattolicesimo-politico\\\/#breadcrumb\"},\"inLanguage\":\"it-IT\",\"potentialAction\":[{\"@type\":\"ReadAction\",\"target\":[\"https:\\\/\\\/www.rassegnastampa-totustuus.it\\\/cattolica\\\/duecento-anni-fa-la-prima-frattura-che-impedi-la-vittoria-del-cattolicesimo-politico\\\/\"]}]},{\"@type\":\"ImageObject\",\"inLanguage\":\"it-IT\",\"@id\":\"https:\\\/\\\/www.rassegnastampa-totustuus.it\\\/cattolica\\\/duecento-anni-fa-la-prima-frattura-che-impedi-la-vittoria-del-cattolicesimo-politico\\\/#primaryimage\",\"url\":\"https:\\\/\\\/www.rassegnastampa-totustuus.it\\\/cattolica\\\/wp-content\\\/uploads\\\/2016\\\/01\\\/Concilio.jpg\",\"contentUrl\":\"https:\\\/\\\/www.rassegnastampa-totustuus.it\\\/cattolica\\\/wp-content\\\/uploads\\\/2016\\\/01\\\/Concilio.jpg\",\"width\":307,\"height\":164},{\"@type\":\"BreadcrumbList\",\"@id\":\"https:\\\/\\\/www.rassegnastampa-totustuus.it\\\/cattolica\\\/duecento-anni-fa-la-prima-frattura-che-impedi-la-vittoria-del-cattolicesimo-politico\\\/#breadcrumb\",\"itemListElement\":[{\"@type\":\"ListItem\",\"position\":1,\"name\":\"Home\",\"item\":\"https:\\\/\\\/www.rassegnastampa-totustuus.it\\\/cattolica\\\/\"},{\"@type\":\"ListItem\",\"position\":2,\"name\":\"Duecento anni fa, la prima frattura che imped\u00ec la vittoria del Cattolicesimo politico\"}]},{\"@type\":\"WebSite\",\"@id\":\"https:\\\/\\\/www.rassegnastampa-totustuus.it\\\/cattolica\\\/#website\",\"url\":\"https:\\\/\\\/www.rassegnastampa-totustuus.it\\\/cattolica\\\/\",\"name\":\"Rassegna Stampa Cattolica\",\"description\":\"Per una cultura che nasce dalla Rivelazione cristiana in conformit\u00e0 alla tradizione e al Magistero della Chiesa in opposizione ad ogni relativismo e totalitarismo\",\"publisher\":{\"@id\":\"https:\\\/\\\/www.rassegnastampa-totustuus.it\\\/cattolica\\\/#organization\"},\"alternateName\":\"Rass. Cattolica\",\"potentialAction\":[{\"@type\":\"SearchAction\",\"target\":{\"@type\":\"EntryPoint\",\"urlTemplate\":\"https:\\\/\\\/www.rassegnastampa-totustuus.it\\\/cattolica\\\/?s={search_term_string}\"},\"query-input\":{\"@type\":\"PropertyValueSpecification\",\"valueRequired\":true,\"valueName\":\"search_term_string\"}}],\"inLanguage\":\"it-IT\"},{\"@type\":\"Organization\",\"@id\":\"https:\\\/\\\/www.rassegnastampa-totustuus.it\\\/cattolica\\\/#organization\",\"name\":\"Rassegna Stampa Cattolica\",\"url\":\"https:\\\/\\\/www.rassegnastampa-totustuus.it\\\/cattolica\\\/\",\"logo\":{\"@type\":\"ImageObject\",\"inLanguage\":\"it-IT\",\"@id\":\"https:\\\/\\\/www.rassegnastampa-totustuus.it\\\/cattolica\\\/#\\\/schema\\\/logo\\\/image\\\/\",\"url\":\"https:\\\/\\\/www.rassegnastampa-totustuus.it\\\/cattolica\\\/wp-content\\\/uploads\\\/2014\\\/04\\\/logo-rassegna1.gif\",\"contentUrl\":\"https:\\\/\\\/www.rassegnastampa-totustuus.it\\\/cattolica\\\/wp-content\\\/uploads\\\/2014\\\/04\\\/logo-rassegna1.gif\",\"width\":600,\"height\":163,\"caption\":\"Rassegna Stampa Cattolica\"},\"image\":{\"@id\":\"https:\\\/\\\/www.rassegnastampa-totustuus.it\\\/cattolica\\\/#\\\/schema\\\/logo\\\/image\\\/\"},\"sameAs\":[\"https:\\\/\\\/www.facebook.com\\\/rassegnastampacattolica\",\"https:\\\/\\\/x.com\\\/rassegnastampa9\"]},{\"@type\":\"Person\",\"@id\":\"https:\\\/\\\/www.rassegnastampa-totustuus.it\\\/cattolica\\\/#\\\/schema\\\/person\\\/08f319d2bd1a0904ad9e2bfb7b15e5c3\",\"name\":\"Redazione\",\"image\":{\"@type\":\"ImageObject\",\"inLanguage\":\"it-IT\",\"@id\":\"https:\\\/\\\/secure.gravatar.com\\\/avatar\\\/2fcdf27c78ea025fbdb44e914cc63c72249ffec9dc8aafd5c82b26240ef3f346?s=96&d=mm&r=g\",\"url\":\"https:\\\/\\\/secure.gravatar.com\\\/avatar\\\/2fcdf27c78ea025fbdb44e914cc63c72249ffec9dc8aafd5c82b26240ef3f346?s=96&d=mm&r=g\",\"contentUrl\":\"https:\\\/\\\/secure.gravatar.com\\\/avatar\\\/2fcdf27c78ea025fbdb44e914cc63c72249ffec9dc8aafd5c82b26240ef3f346?s=96&d=mm&r=g\",\"caption\":\"Redazione\"},\"url\":\"https:\\\/\\\/www.rassegnastampa-totustuus.it\\\/cattolica\\\/author\\\/pietroelle\\\/\"}]}<\/script>\n<!-- \/ Yoast SEO plugin. -->","yoast_head_json":{"title":"Duecento anni fa, la prima frattura che imped\u00ec la vittoria del Cattolicesimo politico - Rassegna Stampa Cattolica","description":"Duecento anni fa, la prima frattura che imped\u00ec la vittoria del Cattolicesimo politico","robots":{"index":"index","follow":"follow","max-snippet":"max-snippet:-1","max-image-preview":"max-image-preview:large","max-video-preview":"max-video-preview:-1"},"canonical":"https:\/\/www.rassegnastampa-totustuus.it\/cattolica\/duecento-anni-fa-la-prima-frattura-che-impedi-la-vittoria-del-cattolicesimo-politico\/","og_locale":"it_IT","og_type":"article","og_title":"Duecento anni fa, la prima frattura che imped\u00ec la vittoria del Cattolicesimo politico - Rassegna Stampa Cattolica","og_description":"Duecento anni fa, la prima frattura che imped\u00ec la vittoria del Cattolicesimo politico","og_url":"https:\/\/www.rassegnastampa-totustuus.it\/cattolica\/duecento-anni-fa-la-prima-frattura-che-impedi-la-vittoria-del-cattolicesimo-politico\/","og_site_name":"Rassegna Stampa Cattolica","article_publisher":"https:\/\/www.facebook.com\/rassegnastampacattolica","article_published_time":"2025-09-15T07:10:02+00:00","article_modified_time":"2025-09-15T07:10:04+00:00","og_image":[{"width":307,"height":164,"url":"https:\/\/www.rassegnastampa-totustuus.it\/cattolica\/wp-content\/uploads\/2016\/01\/Concilio.jpg","type":"image\/jpeg"}],"author":"Redazione","twitter_card":"summary_large_image","twitter_creator":"@rassegnastampa9","twitter_site":"@rassegnastampa9","twitter_misc":{"Scritto da":"Redazione","Tempo di lettura stimato":"14 minuti"},"schema":{"@context":"https:\/\/schema.org","@graph":[{"@type":"Article","@id":"https:\/\/www.rassegnastampa-totustuus.it\/cattolica\/duecento-anni-fa-la-prima-frattura-che-impedi-la-vittoria-del-cattolicesimo-politico\/#article","isPartOf":{"@id":"https:\/\/www.rassegnastampa-totustuus.it\/cattolica\/duecento-anni-fa-la-prima-frattura-che-impedi-la-vittoria-del-cattolicesimo-politico\/"},"author":{"name":"Redazione","@id":"https:\/\/www.rassegnastampa-totustuus.it\/cattolica\/#\/schema\/person\/08f319d2bd1a0904ad9e2bfb7b15e5c3"},"headline":"Duecento anni fa, la prima frattura che imped\u00ec la vittoria del Cattolicesimo politico","datePublished":"2025-09-15T07:10:02+00:00","dateModified":"2025-09-15T07:10:04+00:00","mainEntityOfPage":{"@id":"https:\/\/www.rassegnastampa-totustuus.it\/cattolica\/duecento-anni-fa-la-prima-frattura-che-impedi-la-vittoria-del-cattolicesimo-politico\/"},"wordCount":2261,"publisher":{"@id":"https:\/\/www.rassegnastampa-totustuus.it\/cattolica\/#organization"},"image":{"@id":"https:\/\/www.rassegnastampa-totustuus.it\/cattolica\/duecento-anni-fa-la-prima-frattura-che-impedi-la-vittoria-del-cattolicesimo-politico\/#primaryimage"},"thumbnailUrl":"https:\/\/www.rassegnastampa-totustuus.it\/cattolica\/wp-content\/uploads\/2016\/01\/Concilio.jpg","keywords":["cattolicesimo democratico","cattolicesimo politico","controrivoluzione"],"articleSection":["Chiesa","Rivoluzione e controrivoluzione"],"inLanguage":"it-IT"},{"@type":"WebPage","@id":"https:\/\/www.rassegnastampa-totustuus.it\/cattolica\/duecento-anni-fa-la-prima-frattura-che-impedi-la-vittoria-del-cattolicesimo-politico\/","url":"https:\/\/www.rassegnastampa-totustuus.it\/cattolica\/duecento-anni-fa-la-prima-frattura-che-impedi-la-vittoria-del-cattolicesimo-politico\/","name":"Duecento anni fa, la prima frattura che imped\u00ec la vittoria del Cattolicesimo politico - Rassegna Stampa Cattolica","isPartOf":{"@id":"https:\/\/www.rassegnastampa-totustuus.it\/cattolica\/#website"},"primaryImageOfPage":{"@id":"https:\/\/www.rassegnastampa-totustuus.it\/cattolica\/duecento-anni-fa-la-prima-frattura-che-impedi-la-vittoria-del-cattolicesimo-politico\/#primaryimage"},"image":{"@id":"https:\/\/www.rassegnastampa-totustuus.it\/cattolica\/duecento-anni-fa-la-prima-frattura-che-impedi-la-vittoria-del-cattolicesimo-politico\/#primaryimage"},"thumbnailUrl":"https:\/\/www.rassegnastampa-totustuus.it\/cattolica\/wp-content\/uploads\/2016\/01\/Concilio.jpg","datePublished":"2025-09-15T07:10:02+00:00","dateModified":"2025-09-15T07:10:04+00:00","description":"Duecento anni fa, la prima frattura che imped\u00ec la vittoria del Cattolicesimo politico","breadcrumb":{"@id":"https:\/\/www.rassegnastampa-totustuus.it\/cattolica\/duecento-anni-fa-la-prima-frattura-che-impedi-la-vittoria-del-cattolicesimo-politico\/#breadcrumb"},"inLanguage":"it-IT","potentialAction":[{"@type":"ReadAction","target":["https:\/\/www.rassegnastampa-totustuus.it\/cattolica\/duecento-anni-fa-la-prima-frattura-che-impedi-la-vittoria-del-cattolicesimo-politico\/"]}]},{"@type":"ImageObject","inLanguage":"it-IT","@id":"https:\/\/www.rassegnastampa-totustuus.it\/cattolica\/duecento-anni-fa-la-prima-frattura-che-impedi-la-vittoria-del-cattolicesimo-politico\/#primaryimage","url":"https:\/\/www.rassegnastampa-totustuus.it\/cattolica\/wp-content\/uploads\/2016\/01\/Concilio.jpg","contentUrl":"https:\/\/www.rassegnastampa-totustuus.it\/cattolica\/wp-content\/uploads\/2016\/01\/Concilio.jpg","width":307,"height":164},{"@type":"BreadcrumbList","@id":"https:\/\/www.rassegnastampa-totustuus.it\/cattolica\/duecento-anni-fa-la-prima-frattura-che-impedi-la-vittoria-del-cattolicesimo-politico\/#breadcrumb","itemListElement":[{"@type":"ListItem","position":1,"name":"Home","item":"https:\/\/www.rassegnastampa-totustuus.it\/cattolica\/"},{"@type":"ListItem","position":2,"name":"Duecento anni fa, la prima frattura che imped\u00ec la vittoria del Cattolicesimo politico"}]},{"@type":"WebSite","@id":"https:\/\/www.rassegnastampa-totustuus.it\/cattolica\/#website","url":"https:\/\/www.rassegnastampa-totustuus.it\/cattolica\/","name":"Rassegna Stampa Cattolica","description":"Per una cultura che nasce dalla Rivelazione cristiana in conformit\u00e0 alla tradizione e al Magistero della Chiesa in opposizione ad ogni relativismo e totalitarismo","publisher":{"@id":"https:\/\/www.rassegnastampa-totustuus.it\/cattolica\/#organization"},"alternateName":"Rass. Cattolica","potentialAction":[{"@type":"SearchAction","target":{"@type":"EntryPoint","urlTemplate":"https:\/\/www.rassegnastampa-totustuus.it\/cattolica\/?s={search_term_string}"},"query-input":{"@type":"PropertyValueSpecification","valueRequired":true,"valueName":"search_term_string"}}],"inLanguage":"it-IT"},{"@type":"Organization","@id":"https:\/\/www.rassegnastampa-totustuus.it\/cattolica\/#organization","name":"Rassegna Stampa Cattolica","url":"https:\/\/www.rassegnastampa-totustuus.it\/cattolica\/","logo":{"@type":"ImageObject","inLanguage":"it-IT","@id":"https:\/\/www.rassegnastampa-totustuus.it\/cattolica\/#\/schema\/logo\/image\/","url":"https:\/\/www.rassegnastampa-totustuus.it\/cattolica\/wp-content\/uploads\/2014\/04\/logo-rassegna1.gif","contentUrl":"https:\/\/www.rassegnastampa-totustuus.it\/cattolica\/wp-content\/uploads\/2014\/04\/logo-rassegna1.gif","width":600,"height":163,"caption":"Rassegna Stampa Cattolica"},"image":{"@id":"https:\/\/www.rassegnastampa-totustuus.it\/cattolica\/#\/schema\/logo\/image\/"},"sameAs":["https:\/\/www.facebook.com\/rassegnastampacattolica","https:\/\/x.com\/rassegnastampa9"]},{"@type":"Person","@id":"https:\/\/www.rassegnastampa-totustuus.it\/cattolica\/#\/schema\/person\/08f319d2bd1a0904ad9e2bfb7b15e5c3","name":"Redazione","image":{"@type":"ImageObject","inLanguage":"it-IT","@id":"https:\/\/secure.gravatar.com\/avatar\/2fcdf27c78ea025fbdb44e914cc63c72249ffec9dc8aafd5c82b26240ef3f346?s=96&d=mm&r=g","url":"https:\/\/secure.gravatar.com\/avatar\/2fcdf27c78ea025fbdb44e914cc63c72249ffec9dc8aafd5c82b26240ef3f346?s=96&d=mm&r=g","contentUrl":"https:\/\/secure.gravatar.com\/avatar\/2fcdf27c78ea025fbdb44e914cc63c72249ffec9dc8aafd5c82b26240ef3f346?s=96&d=mm&r=g","caption":"Redazione"},"url":"https:\/\/www.rassegnastampa-totustuus.it\/cattolica\/author\/pietroelle\/"}]}},"_links":{"self":[{"href":"https:\/\/www.rassegnastampa-totustuus.it\/cattolica\/wp-json\/wp\/v2\/posts\/63871","targetHints":{"allow":["GET"]}}],"collection":[{"href":"https:\/\/www.rassegnastampa-totustuus.it\/cattolica\/wp-json\/wp\/v2\/posts"}],"about":[{"href":"https:\/\/www.rassegnastampa-totustuus.it\/cattolica\/wp-json\/wp\/v2\/types\/post"}],"author":[{"embeddable":true,"href":"https:\/\/www.rassegnastampa-totustuus.it\/cattolica\/wp-json\/wp\/v2\/users\/6"}],"replies":[{"embeddable":true,"href":"https:\/\/www.rassegnastampa-totustuus.it\/cattolica\/wp-json\/wp\/v2\/comments?post=63871"}],"version-history":[{"count":1,"href":"https:\/\/www.rassegnastampa-totustuus.it\/cattolica\/wp-json\/wp\/v2\/posts\/63871\/revisions"}],"predecessor-version":[{"id":63872,"href":"https:\/\/www.rassegnastampa-totustuus.it\/cattolica\/wp-json\/wp\/v2\/posts\/63871\/revisions\/63872"}],"wp:featuredmedia":[{"embeddable":true,"href":"https:\/\/www.rassegnastampa-totustuus.it\/cattolica\/wp-json\/wp\/v2\/media\/29627"}],"wp:attachment":[{"href":"https:\/\/www.rassegnastampa-totustuus.it\/cattolica\/wp-json\/wp\/v2\/media?parent=63871"}],"wp:term":[{"taxonomy":"category","embeddable":true,"href":"https:\/\/www.rassegnastampa-totustuus.it\/cattolica\/wp-json\/wp\/v2\/categories?post=63871"},{"taxonomy":"post_tag","embeddable":true,"href":"https:\/\/www.rassegnastampa-totustuus.it\/cattolica\/wp-json\/wp\/v2\/tags?post=63871"}],"curies":[{"name":"wp","href":"https:\/\/api.w.org\/{rel}","templated":true}]}}