{"id":63706,"date":"2025-07-30T08:42:55","date_gmt":"2025-07-30T06:42:55","guid":{"rendered":"https:\/\/www.rassegnastampa-totustuus.it\/cattolica\/?p=63706"},"modified":"2026-03-31T08:33:05","modified_gmt":"2026-03-31T06:33:05","slug":"la-falsa-neutralita-dello-stato-secolare","status":"publish","type":"post","link":"https:\/\/www.rassegnastampa-totustuus.it\/cattolica\/la-falsa-neutralita-dello-stato-secolare\/","title":{"rendered":"La falsa neutralit\u00e0 dello Stato secolare"},"content":{"rendered":"\n<p class=\"has-text-align-center\"><a href=\"https:\/\/www.uccronline.it\/\" target=\"_blank\" rel=\"noreferrer noopener\"><strong>Unione Cristiani Cattolici Razionali<\/strong> <\/a>(UCCR) 29 Luglio 2025<\/p>\n\n\n\n<p><em>La giurista Marta Cartabia presenta il volume del collega Joseph Weiler, colui che ha messo in crisi il paradigma della presunta neutralit\u00e0 dello Stato secolare, scardinando l\u2019equivalenza laicit\u00e0-neutralit\u00e0.<\/em><\/p>\n\n\n\n<p class=\"has-text-align-center\">di <strong>Mara Cartabia<\/strong> (<em>ex presidente della Corte Costituzionale)<\/em><\/p>\n\n\n\n<p class=\"has-text-align-center\">da <em>\u201cLa Stampa\u201d<\/em>, 25 luglio 2025<\/p>\n\n\n<div class=\"wp-block-image\">\n<figure class=\"aligncenter size-full is-resized\"><a href=\"https:\/\/www.rassegnastampa-totustuus.it\/cattolica\/wp-content\/uploads\/2025\/07\/neutralita_stato_laico-768x403-1.png\"><img loading=\"lazy\" decoding=\"async\" width=\"768\" height=\"403\" src=\"https:\/\/www.rassegnastampa-totustuus.it\/cattolica\/wp-content\/uploads\/2025\/07\/neutralita_stato_laico-768x403-1.png\" alt=\"\" class=\"wp-image-63707\" style=\"width:470px;height:auto\" srcset=\"https:\/\/www.rassegnastampa-totustuus.it\/cattolica\/wp-content\/uploads\/2025\/07\/neutralita_stato_laico-768x403-1.png 768w, https:\/\/www.rassegnastampa-totustuus.it\/cattolica\/wp-content\/uploads\/2025\/07\/neutralita_stato_laico-768x403-1-300x157.png 300w, https:\/\/www.rassegnastampa-totustuus.it\/cattolica\/wp-content\/uploads\/2025\/07\/neutralita_stato_laico-768x403-1-595x312.png 595w\" sizes=\"auto, (max-width: 768px) 100vw, 768px\" \/><\/a><\/figure><\/div>\n\n\n<!--more-->\n\n\n\n<p>La prima edizione del libro <strong><em>\u201c<a href=\"https:\/\/www.mondadoristore.it\/isbn\/p\/9788817196246\" target=\"_blank\" rel=\"noreferrer noopener\">L\u2019Europa \u00e8 ancora cristiana?<\/a>\u201c<\/em><\/strong> di <strong>Joseph Weiler<\/strong> \u00e8 stata scritta e pubblicata nel 2003 all\u2019apice di un cambiamento epocale.<\/p>\n\n\n\n<p>Era l\u2019inizio del nuovo secolo e in Europa stavano emergendo in modo incontrovertibile <strong>gli effetti della secolarizzazione<\/strong> che, gradualmente, era gi\u00e0 penetrata nel tessuto sociale, lungo il corso di tutta l\u2019et\u00e0 moderna. A questi effetti si univano i primi segnali della assai pi\u00f9 recente trasformazione <strong>in senso multiculturale<\/strong> della societ\u00e0 europea.<\/p>\n\n\n\n<p>I <strong>valori della cristianit\u00e0<\/strong> erano messi in discussione e talora contrastati apertamente. La tradizione cristiana era quasi motivo di <strong>imbarazzo<\/strong> nei dibattiti pubblici e politici, come dimostra la discussione sulle <strong>radici cristiane<\/strong> dell\u2019Europa. La cultura cristiana, che aveva dominato per secoli il vecchio continente, appariva una eredit\u00e0 da relegare nel passato.<\/p>\n\n\n\n<p>Nel mezzo di quel dibattito, la voce profonda e coraggiosa di <strong>Joseph Weiler<\/strong> si \u00e8 fatta sentire e ha segnato <strong>un punto di svolta<\/strong> nel corso della cultura giuridica e, oserei dire, della storia europea. \u00c8 a lui che si devono almeno <strong>due contributi<\/strong> di pensiero con cui oggi ci si deve misurare e che, a mio avviso, sono difficilmente confutabili.<\/p>\n\n\n\n<h4 class=\"wp-block-heading has-text-align-center\"><strong>Lo Stato secolare non rappresenta la neutralit\u00e0<\/strong><\/h4>\n\n\n\n<p>Il primo \u00e8 la dimostrazione che in Europa <strong>non esiste un unico modello<\/strong> di rapporto tra Stato e fenomeno religioso a cui occorra uniformarsi: si riscontra, al contrario, <strong>una variet\u00e0 di soluzioni<\/strong> istituzionali, tuttora vigenti, che vanno dalla religione di Stato, allo schema pattizio o concordatario, alla pi\u00f9 rigida separazione.<\/p>\n\n\n\n<p>Il secondo, decisivo, contributo sta nell\u2019aver mostrato che l\u2019asserita <strong>\u201cneutralit\u00e0\u201d dello Stato secolare<\/strong> nei confronti della religione non \u00e8 affatto neutra, n\u00e9 pu\u00f2 esserlo.<\/p>\n\n\n<div class=\"wp-block-image\">\n<figure class=\"aligncenter size-large is-resized\"><a href=\"https:\/\/www.rassegnastampa-totustuus.it\/cattolica\/wp-content\/uploads\/2020\/02\/laicit\u00e0_laicismo_Stato.jpg\"><img loading=\"lazy\" decoding=\"async\" width=\"1024\" height=\"576\" src=\"https:\/\/www.rassegnastampa-totustuus.it\/cattolica\/wp-content\/uploads\/2020\/02\/laicit\u00e0_laicismo_Stato-1024x576.jpg\" alt=\"\" class=\"wp-image-46218\" style=\"width:456px;height:auto\" srcset=\"https:\/\/www.rassegnastampa-totustuus.it\/cattolica\/wp-content\/uploads\/2020\/02\/laicit\u00e0_laicismo_Stato-1024x576.jpg 1024w, https:\/\/www.rassegnastampa-totustuus.it\/cattolica\/wp-content\/uploads\/2020\/02\/laicit\u00e0_laicismo_Stato-300x169.jpg 300w, https:\/\/www.rassegnastampa-totustuus.it\/cattolica\/wp-content\/uploads\/2020\/02\/laicit\u00e0_laicismo_Stato-768x432.jpg 768w, https:\/\/www.rassegnastampa-totustuus.it\/cattolica\/wp-content\/uploads\/2020\/02\/laicit\u00e0_laicismo_Stato.jpg 1280w\" sizes=\"auto, (max-width: 1024px) 100vw, 1024px\" \/><\/a><\/figure><\/div>\n\n\n<p>Mi spiego. All\u2019inizio del nuovo secolo, ripudiati i vecchi paradigmi basati su ci\u00f2 che restava del principio <em>\u201ccuius regio eius religio\u201d<\/em>, si era avviata la ricerca di n<strong>uove modalit\u00e0 di regolazione<\/strong> del fattore religioso, specie in ambito pubblico. Tutto portava a far emergere come paradigma dominante quello della <strong>\u201cla\u00efcit\u00e9 \u00e0 la fran\u00e7aise\u201d<\/strong>, vale a dire un\u2019equivalenza tra <strong>laicit\u00e0 e neutralit\u00e0<\/strong>, che induceva a rimuovere dall\u2019ambito pubblico ogni riferimento religioso.<\/p>\n\n\n\n<p>La legge francese del 2004 sul <strong>divieto dei simboli religiosi<\/strong> \u201costensibili\u201d \u00e8 l\u2019emblema di quella concezione, incentrata sull\u2019idea della <strong>\u201cneutralit\u00e0\u201d<\/strong> dello spazio pubblico, che sospinge ogni manifestazione religiosa fuori dai confini della piazza pubblica. In poche parole, si tendeva a pensare che <strong>l\u2019unica alternativa<\/strong> ai vecchi schemi, ormai inservibili, fosse l\u2019affrancamento da ogni presenza ed espressione religiosa.<\/p>\n\n\n\n<p>Cos\u2019altro poteva fare lo Stato per rispettare a un tempo le posizioni secolarizzate dei pi\u00f9 e la variet\u00e0 di appartenenza religiosa delle residue minoranze di credenti? La <strong>\u201cneutralit\u00e0\u201d<\/strong> sembrava la strada razionalmente obbligata.<\/p>\n\n\n\n<p>A fronte della <strong>secolarizzazione<\/strong> diffusa e del <strong>pluralismo religioso<\/strong> crescente, lo Stato proponeva <strong>uno spazio vuoto<\/strong>, equidistante da ogni posizione. E in questa direzione si stavano muovendo non solo l\u2019esperienza francese e quella di altri paesi limitrofi, ma anche le Corti europee, di Strasburgo e del Lussemburgo.<\/p>\n\n\n<div class=\"wp-block-image\">\n<figure class=\"aligncenter size-full is-resized\"><a href=\"https:\/\/www.rassegnastampa-totustuus.it\/cattolica\/wp-content\/uploads\/2005\/02\/religione.jpg\"><img loading=\"lazy\" decoding=\"async\" width=\"1125\" height=\"750\" src=\"https:\/\/www.rassegnastampa-totustuus.it\/cattolica\/wp-content\/uploads\/2005\/02\/religione.jpg\" alt=\"\" class=\"wp-image-63046\" style=\"width:492px;height:auto\"\/><\/a><\/figure><\/div>\n\n\n<p>Proprio in relazione a due decisioni delle Corti europee riguardanti i simboli religiosi, <strong>Joseph Weiler<\/strong> \u00e8 intervenuto mettendo profondamente in crisi la nascente <strong>idea della laicit\u00e0-neutralit\u00e0<\/strong>.<\/p>\n\n\n\n<p>In questi due interventi <strong>Joseph Weiler<\/strong> ha svelato una <strong>ambiguit\u00e0<\/strong> di cui pochi si erano accorti, o forse nessuno: nonostante l\u2019apparenza, <strong>il secolarismo non \u00e8 affatto neutrale<\/strong> rispetto alla religione. Piuttosto, la laicit\u00e0 \u00e8 una delle componenti, probabilmente quella maggioritaria, del pluralismo religioso che contraddistingue il contesto attuale e la visione secolare del mondo.<\/p>\n\n\n\n<p>Pertanto, <strong>lo Stato che si fa secolare<\/strong> con l\u2019intenzione di non interferire nella libert\u00e0 religiosa di credenti e non credenti, in realt\u00e0 manca lo scopo: lo Stato secolare <strong>non \u00e8 affatto terzo<\/strong> rispetto alle opzioni in campo. Di fatto, abbraccia una delle visioni possibili, quella \u201csenza dio\u201d appunto, e se ne fa portavoce.<\/p>\n\n\n\n<h4 class=\"wp-block-heading has-text-align-center\"><strong>L\u2019ebreo Weiler difese il crocifisso alla Corte europea<\/strong><\/h4>\n\n\n\n<p>Il <strong>muro bianco nelle aule scolastiche<\/strong> o il <em>dress code<\/em> uniforme sui luoghi di lavoro, che impedisce alle donne musulmane di portare il velo sul luogo di lavoro, <strong>non esprimono<\/strong> affatto una opzione \u201cneutra\u201d, ma l\u2019opzione per uno spazio pubblico senza religione.<\/p>\n\n\n\n<p>Pu\u00f2 essere interessante notare che l\u2019autorevolezza di questi interventi era corroborata \u2013 oltre che dalle inarrivabili qualit\u00e0 intellettuali e umane di uno dei pi\u00f9 grandi giuristi della nostra epoca \u2013 altres\u00ec dal fatto che Joseph Weiler non parlava \u201cpro domo sua\u201d. Il <strong><em><a href=\"https:\/\/www.uccronline.it\/2010\/07\/08\/lebreo-weiler-ha-difeso-cosi-il-crocifisso-alla-grande-camera\/\" target=\"_blank\" rel=\"noreferrer noopener\">caso Lautsi<\/a><\/em><\/strong> del 2011 riguardava il <strong>crocefisso<\/strong> nelle scuole italiane e il caso Achbita del 2017 il <strong>velo islamico<\/strong> di una lavoratrice in Belgio.<\/p>\n\n\n\n<p>E, lo sappiamo bene, <strong>Joseph Weiler<\/strong> non \u00e8 n\u00e9 cattolico n\u00e9 musulmano.<\/p>\n\n\n\n<h4 class=\"wp-block-heading has-text-align-center\"><strong>La libert\u00e0 di religione tutela anche i non credenti<\/strong><\/h4>\n\n\n\n<p>Altrettanto forte e chiaro \u00e8 stato il suo richiamo, rivolto alla comunit\u00e0 cristiana, a <strong>non ridurre il cristianesimo<\/strong> a una serie di precetti morali. L\u2019etica non \u00e8 monopolio delle persone di fede \u2013 ha ripetuto all\u2019infinito \u2013 e la religione non pu\u00f2 essere ridotta a etica: in questo libro si incontrano pagine importanti, da rileggere e rimeditare a questo proposito.<\/p>\n\n\n<div class=\"wp-block-image\">\n<figure class=\"aligncenter size-full is-resized\"><a href=\"https:\/\/www.rassegnastampa-totustuus.it\/cattolica\/wp-content\/uploads\/2013\/01\/cattolici_politica.jpg\"><img loading=\"lazy\" decoding=\"async\" width=\"259\" height=\"194\" src=\"https:\/\/www.rassegnastampa-totustuus.it\/cattolica\/wp-content\/uploads\/2013\/01\/cattolici_politica.jpg\" alt=\"\" class=\"wp-image-34371\" style=\"width:361px;height:auto\"\/><\/a><\/figure><\/div>\n\n\n<p>La voce di Joseph Weiler ha sempre incoraggiato la comunit\u00e0 dei credenti a <strong>partecipare a testa alta<\/strong> alla vita pubblica, cos\u00ec come a ogni espressione della umana esperienza, e di farlo partendo sempre dal rispetto della <strong>libert\u00e0 della persona<\/strong>. Per questo, non si \u00e8 mai stancato di sottolineare che la <strong>libert\u00e0 di religione<\/strong> porta con s\u00e9 anche la <strong>libert\u00e0 dalla religione<\/strong>, quella di chi non professa alcun credo.<\/p>\n\n\n\n<p>Mi hanno sempre impressionato la sua conoscenza e la sua profonda comprensione degli insegnamenti del <strong>Concilio Vaticano II<\/strong> sulla libert\u00e0 di religione; ma non meno impressionante \u00e8 la sua infaticabile pazienza a spiegare a tutti in ogni occasione che <strong>la libert\u00e0 di ciascuna persona<\/strong> deve essere presa sul serio e profondamente rispettata anzitutto per una ragione teologica: Dio ci ha creati liberi, liberi anche di non riconoscerlo.<\/p>\n\n\n\n<p>Partire dalla libert\u00e0 di ciascuno <strong>non \u00e8 un cedimento al modernismo<\/strong> e alla cultura liberale, ma \u00e8 fedelt\u00e0 al messaggio del Dio di Abramo. Credo che questa scommessa sulla libert\u00e0 di coscienza di ciascuno, a partire dalla propria, sia un messaggio centrale, da subito ribadito anche da <strong>Papa Leone XIV<\/strong> in uno dei suoi primi interventi.<\/p>\n\n\n\n<p>A proposito della <strong>posizione del cristiano<\/strong> di fronte ai problemi della societ\u00e0 contemporanea, il pontefice <strong><em><a href=\"https:\/\/press.vatican.va\/content\/salastampa\/it\/bollettino\/pubblico\/2025\/05\/17\/0321\/00549.html\" target=\"_blank\" rel=\"noreferrer noopener\">ha parlato<\/a><\/em><\/strong> di sacra libert\u00e0 della coscienza, anche se erronea: <em>\u00ab<strong>L\u2019indottrinamento \u00e8 immorale<\/strong>, impedisce il giudizio critico, attenta alla sacra libert\u00e0 della propria coscienza \u2013 <strong>anche se erronea<\/strong> \u2013 e si chiude a nuove riflessioni perch\u00e9 rifiuta il movimento, il cambiamento o l\u2019evoluzione delle idee di fronte a nuovi problemi\u00bb<\/em>.<\/p>\n","protected":false},"excerpt":{"rendered":"<p>Unione Cristiani Cattolici Razionali (UCCR) 29 Luglio 2025 La giurista Marta Cartabia presenta il volume del collega Joseph Weiler, colui che ha messo in crisi il paradigma della presunta neutralit\u00e0 dello Stato secolare, scardinando l\u2019equivalenza laicit\u00e0-neutralit\u00e0. di Mara Cartabia (ex presidente della Corte Costituzionale) da \u201cLa Stampa\u201d, 25 luglio 2025<\/p><p><a class=\"more-link btn\" href=\"https:\/\/www.rassegnastampa-totustuus.it\/cattolica\/la-falsa-neutralita-dello-stato-secolare\/\">Continua a leggere<\/a><\/p>\n","protected":false},"author":6,"featured_media":63707,"comment_status":"closed","ping_status":"closed","sticky":false,"template":"","format":"standard","meta":{"footnotes":""},"categories":[103],"tags":[167,164,159],"class_list":["post-63706","post","type-post","status-publish","format-standard","has-post-thumbnail","hentry","category-laicismo","tag-laicita","tag-religioni","tag-stato","item-wrap"],"yoast_head":"<!-- This site is optimized with the Yoast SEO plugin v27.4 - https:\/\/yoast.com\/product\/yoast-seo-wordpress\/ -->\n<title>La falsa neutralit\u00e0 dello Stato secolare - Rassegna Stampa Cattolica<\/title>\n<meta name=\"description\" content=\"La falsa neutralit\u00e0 dello Stato secolare. La giurista Marta Cartabia presenta il volume del collega Joseph Weiler\" \/>\n<meta name=\"robots\" content=\"index, follow, max-snippet:-1, max-image-preview:large, max-video-preview:-1\" \/>\n<link rel=\"canonical\" href=\"https:\/\/www.rassegnastampa-totustuus.it\/cattolica\/la-falsa-neutralita-dello-stato-secolare\/\" \/>\n<meta property=\"og:locale\" content=\"it_IT\" \/>\n<meta property=\"og:type\" content=\"article\" \/>\n<meta property=\"og:title\" content=\"La falsa neutralit\u00e0 dello Stato secolare - Rassegna Stampa Cattolica\" \/>\n<meta property=\"og:description\" content=\"La falsa neutralit\u00e0 dello Stato secolare. La giurista Marta Cartabia presenta il volume del collega Joseph Weiler\" \/>\n<meta property=\"og:url\" content=\"https:\/\/www.rassegnastampa-totustuus.it\/cattolica\/la-falsa-neutralita-dello-stato-secolare\/\" \/>\n<meta property=\"og:site_name\" content=\"Rassegna Stampa Cattolica\" \/>\n<meta property=\"article:publisher\" content=\"https:\/\/www.facebook.com\/rassegnastampacattolica\" \/>\n<meta property=\"article:published_time\" content=\"2025-07-30T06:42:55+00:00\" \/>\n<meta property=\"article:modified_time\" content=\"2026-03-31T06:33:05+00:00\" \/>\n<meta property=\"og:image\" content=\"https:\/\/www.rassegnastampa-totustuus.it\/cattolica\/wp-content\/uploads\/2025\/07\/neutralita_stato_laico-768x403-1.png\" \/>\n\t<meta property=\"og:image:width\" content=\"768\" \/>\n\t<meta property=\"og:image:height\" content=\"403\" \/>\n\t<meta property=\"og:image:type\" content=\"image\/png\" \/>\n<meta name=\"author\" content=\"Redazione\" \/>\n<meta name=\"twitter:card\" content=\"summary_large_image\" \/>\n<meta name=\"twitter:creator\" content=\"@rassegnastampa9\" \/>\n<meta name=\"twitter:site\" content=\"@rassegnastampa9\" \/>\n<meta name=\"twitter:label1\" content=\"Scritto da\" \/>\n\t<meta name=\"twitter:data1\" content=\"Redazione\" \/>\n\t<meta name=\"twitter:label2\" content=\"Tempo di lettura stimato\" \/>\n\t<meta name=\"twitter:data2\" content=\"7 minuti\" \/>\n<script type=\"application\/ld+json\" class=\"yoast-schema-graph\">{\"@context\":\"https:\\\/\\\/schema.org\",\"@graph\":[{\"@type\":\"Article\",\"@id\":\"https:\\\/\\\/www.rassegnastampa-totustuus.it\\\/cattolica\\\/la-falsa-neutralita-dello-stato-secolare\\\/#article\",\"isPartOf\":{\"@id\":\"https:\\\/\\\/www.rassegnastampa-totustuus.it\\\/cattolica\\\/la-falsa-neutralita-dello-stato-secolare\\\/\"},\"author\":{\"name\":\"Redazione\",\"@id\":\"https:\\\/\\\/www.rassegnastampa-totustuus.it\\\/cattolica\\\/#\\\/schema\\\/person\\\/08f319d2bd1a0904ad9e2bfb7b15e5c3\"},\"headline\":\"La falsa neutralit\u00e0 dello Stato secolare\",\"datePublished\":\"2025-07-30T06:42:55+00:00\",\"dateModified\":\"2026-03-31T06:33:05+00:00\",\"mainEntityOfPage\":{\"@id\":\"https:\\\/\\\/www.rassegnastampa-totustuus.it\\\/cattolica\\\/la-falsa-neutralita-dello-stato-secolare\\\/\"},\"wordCount\":1112,\"publisher\":{\"@id\":\"https:\\\/\\\/www.rassegnastampa-totustuus.it\\\/cattolica\\\/#organization\"},\"image\":{\"@id\":\"https:\\\/\\\/www.rassegnastampa-totustuus.it\\\/cattolica\\\/la-falsa-neutralita-dello-stato-secolare\\\/#primaryimage\"},\"thumbnailUrl\":\"https:\\\/\\\/www.rassegnastampa-totustuus.it\\\/cattolica\\\/wp-content\\\/uploads\\\/2025\\\/07\\\/neutralita_stato_laico-768x403-1.png\",\"keywords\":[\"laicit\u00e0\",\"religioni\",\"stato\"],\"articleSection\":[\"Laicismo\"],\"inLanguage\":\"it-IT\"},{\"@type\":\"WebPage\",\"@id\":\"https:\\\/\\\/www.rassegnastampa-totustuus.it\\\/cattolica\\\/la-falsa-neutralita-dello-stato-secolare\\\/\",\"url\":\"https:\\\/\\\/www.rassegnastampa-totustuus.it\\\/cattolica\\\/la-falsa-neutralita-dello-stato-secolare\\\/\",\"name\":\"La falsa neutralit\u00e0 dello Stato secolare - Rassegna Stampa Cattolica\",\"isPartOf\":{\"@id\":\"https:\\\/\\\/www.rassegnastampa-totustuus.it\\\/cattolica\\\/#website\"},\"primaryImageOfPage\":{\"@id\":\"https:\\\/\\\/www.rassegnastampa-totustuus.it\\\/cattolica\\\/la-falsa-neutralita-dello-stato-secolare\\\/#primaryimage\"},\"image\":{\"@id\":\"https:\\\/\\\/www.rassegnastampa-totustuus.it\\\/cattolica\\\/la-falsa-neutralita-dello-stato-secolare\\\/#primaryimage\"},\"thumbnailUrl\":\"https:\\\/\\\/www.rassegnastampa-totustuus.it\\\/cattolica\\\/wp-content\\\/uploads\\\/2025\\\/07\\\/neutralita_stato_laico-768x403-1.png\",\"datePublished\":\"2025-07-30T06:42:55+00:00\",\"dateModified\":\"2026-03-31T06:33:05+00:00\",\"description\":\"La falsa neutralit\u00e0 dello Stato secolare. La giurista Marta Cartabia presenta il volume del collega Joseph Weiler\",\"breadcrumb\":{\"@id\":\"https:\\\/\\\/www.rassegnastampa-totustuus.it\\\/cattolica\\\/la-falsa-neutralita-dello-stato-secolare\\\/#breadcrumb\"},\"inLanguage\":\"it-IT\",\"potentialAction\":[{\"@type\":\"ReadAction\",\"target\":[\"https:\\\/\\\/www.rassegnastampa-totustuus.it\\\/cattolica\\\/la-falsa-neutralita-dello-stato-secolare\\\/\"]}]},{\"@type\":\"ImageObject\",\"inLanguage\":\"it-IT\",\"@id\":\"https:\\\/\\\/www.rassegnastampa-totustuus.it\\\/cattolica\\\/la-falsa-neutralita-dello-stato-secolare\\\/#primaryimage\",\"url\":\"https:\\\/\\\/www.rassegnastampa-totustuus.it\\\/cattolica\\\/wp-content\\\/uploads\\\/2025\\\/07\\\/neutralita_stato_laico-768x403-1.png\",\"contentUrl\":\"https:\\\/\\\/www.rassegnastampa-totustuus.it\\\/cattolica\\\/wp-content\\\/uploads\\\/2025\\\/07\\\/neutralita_stato_laico-768x403-1.png\",\"width\":768,\"height\":403},{\"@type\":\"BreadcrumbList\",\"@id\":\"https:\\\/\\\/www.rassegnastampa-totustuus.it\\\/cattolica\\\/la-falsa-neutralita-dello-stato-secolare\\\/#breadcrumb\",\"itemListElement\":[{\"@type\":\"ListItem\",\"position\":1,\"name\":\"Home\",\"item\":\"https:\\\/\\\/www.rassegnastampa-totustuus.it\\\/cattolica\\\/\"},{\"@type\":\"ListItem\",\"position\":2,\"name\":\"La falsa neutralit\u00e0 dello Stato secolare\"}]},{\"@type\":\"WebSite\",\"@id\":\"https:\\\/\\\/www.rassegnastampa-totustuus.it\\\/cattolica\\\/#website\",\"url\":\"https:\\\/\\\/www.rassegnastampa-totustuus.it\\\/cattolica\\\/\",\"name\":\"Rassegna Stampa Cattolica\",\"description\":\"Per una cultura che nasce dalla Rivelazione cristiana in conformit\u00e0 alla tradizione e al Magistero della Chiesa in opposizione ad ogni relativismo e totalitarismo\",\"publisher\":{\"@id\":\"https:\\\/\\\/www.rassegnastampa-totustuus.it\\\/cattolica\\\/#organization\"},\"alternateName\":\"Rass. Cattolica\",\"potentialAction\":[{\"@type\":\"SearchAction\",\"target\":{\"@type\":\"EntryPoint\",\"urlTemplate\":\"https:\\\/\\\/www.rassegnastampa-totustuus.it\\\/cattolica\\\/?s={search_term_string}\"},\"query-input\":{\"@type\":\"PropertyValueSpecification\",\"valueRequired\":true,\"valueName\":\"search_term_string\"}}],\"inLanguage\":\"it-IT\"},{\"@type\":\"Organization\",\"@id\":\"https:\\\/\\\/www.rassegnastampa-totustuus.it\\\/cattolica\\\/#organization\",\"name\":\"Rassegna Stampa Cattolica\",\"url\":\"https:\\\/\\\/www.rassegnastampa-totustuus.it\\\/cattolica\\\/\",\"logo\":{\"@type\":\"ImageObject\",\"inLanguage\":\"it-IT\",\"@id\":\"https:\\\/\\\/www.rassegnastampa-totustuus.it\\\/cattolica\\\/#\\\/schema\\\/logo\\\/image\\\/\",\"url\":\"https:\\\/\\\/www.rassegnastampa-totustuus.it\\\/cattolica\\\/wp-content\\\/uploads\\\/2014\\\/04\\\/logo-rassegna1.gif\",\"contentUrl\":\"https:\\\/\\\/www.rassegnastampa-totustuus.it\\\/cattolica\\\/wp-content\\\/uploads\\\/2014\\\/04\\\/logo-rassegna1.gif\",\"width\":600,\"height\":163,\"caption\":\"Rassegna Stampa Cattolica\"},\"image\":{\"@id\":\"https:\\\/\\\/www.rassegnastampa-totustuus.it\\\/cattolica\\\/#\\\/schema\\\/logo\\\/image\\\/\"},\"sameAs\":[\"https:\\\/\\\/www.facebook.com\\\/rassegnastampacattolica\",\"https:\\\/\\\/x.com\\\/rassegnastampa9\"]},{\"@type\":\"Person\",\"@id\":\"https:\\\/\\\/www.rassegnastampa-totustuus.it\\\/cattolica\\\/#\\\/schema\\\/person\\\/08f319d2bd1a0904ad9e2bfb7b15e5c3\",\"name\":\"Redazione\",\"image\":{\"@type\":\"ImageObject\",\"inLanguage\":\"it-IT\",\"@id\":\"https:\\\/\\\/secure.gravatar.com\\\/avatar\\\/2fcdf27c78ea025fbdb44e914cc63c72249ffec9dc8aafd5c82b26240ef3f346?s=96&d=mm&r=g\",\"url\":\"https:\\\/\\\/secure.gravatar.com\\\/avatar\\\/2fcdf27c78ea025fbdb44e914cc63c72249ffec9dc8aafd5c82b26240ef3f346?s=96&d=mm&r=g\",\"contentUrl\":\"https:\\\/\\\/secure.gravatar.com\\\/avatar\\\/2fcdf27c78ea025fbdb44e914cc63c72249ffec9dc8aafd5c82b26240ef3f346?s=96&d=mm&r=g\",\"caption\":\"Redazione\"},\"url\":\"https:\\\/\\\/www.rassegnastampa-totustuus.it\\\/cattolica\\\/author\\\/pietroelle\\\/\"}]}<\/script>\n<!-- \/ Yoast SEO plugin. -->","yoast_head_json":{"title":"La falsa neutralit\u00e0 dello Stato secolare - Rassegna Stampa Cattolica","description":"La falsa neutralit\u00e0 dello Stato secolare. La giurista Marta Cartabia presenta il volume del collega Joseph Weiler","robots":{"index":"index","follow":"follow","max-snippet":"max-snippet:-1","max-image-preview":"max-image-preview:large","max-video-preview":"max-video-preview:-1"},"canonical":"https:\/\/www.rassegnastampa-totustuus.it\/cattolica\/la-falsa-neutralita-dello-stato-secolare\/","og_locale":"it_IT","og_type":"article","og_title":"La falsa neutralit\u00e0 dello Stato secolare - Rassegna Stampa Cattolica","og_description":"La falsa neutralit\u00e0 dello Stato secolare. La giurista Marta Cartabia presenta il volume del collega Joseph Weiler","og_url":"https:\/\/www.rassegnastampa-totustuus.it\/cattolica\/la-falsa-neutralita-dello-stato-secolare\/","og_site_name":"Rassegna Stampa Cattolica","article_publisher":"https:\/\/www.facebook.com\/rassegnastampacattolica","article_published_time":"2025-07-30T06:42:55+00:00","article_modified_time":"2026-03-31T06:33:05+00:00","og_image":[{"width":768,"height":403,"url":"https:\/\/www.rassegnastampa-totustuus.it\/cattolica\/wp-content\/uploads\/2025\/07\/neutralita_stato_laico-768x403-1.png","type":"image\/png"}],"author":"Redazione","twitter_card":"summary_large_image","twitter_creator":"@rassegnastampa9","twitter_site":"@rassegnastampa9","twitter_misc":{"Scritto da":"Redazione","Tempo di lettura stimato":"7 minuti"},"schema":{"@context":"https:\/\/schema.org","@graph":[{"@type":"Article","@id":"https:\/\/www.rassegnastampa-totustuus.it\/cattolica\/la-falsa-neutralita-dello-stato-secolare\/#article","isPartOf":{"@id":"https:\/\/www.rassegnastampa-totustuus.it\/cattolica\/la-falsa-neutralita-dello-stato-secolare\/"},"author":{"name":"Redazione","@id":"https:\/\/www.rassegnastampa-totustuus.it\/cattolica\/#\/schema\/person\/08f319d2bd1a0904ad9e2bfb7b15e5c3"},"headline":"La falsa neutralit\u00e0 dello Stato secolare","datePublished":"2025-07-30T06:42:55+00:00","dateModified":"2026-03-31T06:33:05+00:00","mainEntityOfPage":{"@id":"https:\/\/www.rassegnastampa-totustuus.it\/cattolica\/la-falsa-neutralita-dello-stato-secolare\/"},"wordCount":1112,"publisher":{"@id":"https:\/\/www.rassegnastampa-totustuus.it\/cattolica\/#organization"},"image":{"@id":"https:\/\/www.rassegnastampa-totustuus.it\/cattolica\/la-falsa-neutralita-dello-stato-secolare\/#primaryimage"},"thumbnailUrl":"https:\/\/www.rassegnastampa-totustuus.it\/cattolica\/wp-content\/uploads\/2025\/07\/neutralita_stato_laico-768x403-1.png","keywords":["laicit\u00e0","religioni","stato"],"articleSection":["Laicismo"],"inLanguage":"it-IT"},{"@type":"WebPage","@id":"https:\/\/www.rassegnastampa-totustuus.it\/cattolica\/la-falsa-neutralita-dello-stato-secolare\/","url":"https:\/\/www.rassegnastampa-totustuus.it\/cattolica\/la-falsa-neutralita-dello-stato-secolare\/","name":"La falsa neutralit\u00e0 dello Stato secolare - Rassegna Stampa Cattolica","isPartOf":{"@id":"https:\/\/www.rassegnastampa-totustuus.it\/cattolica\/#website"},"primaryImageOfPage":{"@id":"https:\/\/www.rassegnastampa-totustuus.it\/cattolica\/la-falsa-neutralita-dello-stato-secolare\/#primaryimage"},"image":{"@id":"https:\/\/www.rassegnastampa-totustuus.it\/cattolica\/la-falsa-neutralita-dello-stato-secolare\/#primaryimage"},"thumbnailUrl":"https:\/\/www.rassegnastampa-totustuus.it\/cattolica\/wp-content\/uploads\/2025\/07\/neutralita_stato_laico-768x403-1.png","datePublished":"2025-07-30T06:42:55+00:00","dateModified":"2026-03-31T06:33:05+00:00","description":"La falsa neutralit\u00e0 dello Stato secolare. La giurista Marta Cartabia presenta il volume del collega Joseph Weiler","breadcrumb":{"@id":"https:\/\/www.rassegnastampa-totustuus.it\/cattolica\/la-falsa-neutralita-dello-stato-secolare\/#breadcrumb"},"inLanguage":"it-IT","potentialAction":[{"@type":"ReadAction","target":["https:\/\/www.rassegnastampa-totustuus.it\/cattolica\/la-falsa-neutralita-dello-stato-secolare\/"]}]},{"@type":"ImageObject","inLanguage":"it-IT","@id":"https:\/\/www.rassegnastampa-totustuus.it\/cattolica\/la-falsa-neutralita-dello-stato-secolare\/#primaryimage","url":"https:\/\/www.rassegnastampa-totustuus.it\/cattolica\/wp-content\/uploads\/2025\/07\/neutralita_stato_laico-768x403-1.png","contentUrl":"https:\/\/www.rassegnastampa-totustuus.it\/cattolica\/wp-content\/uploads\/2025\/07\/neutralita_stato_laico-768x403-1.png","width":768,"height":403},{"@type":"BreadcrumbList","@id":"https:\/\/www.rassegnastampa-totustuus.it\/cattolica\/la-falsa-neutralita-dello-stato-secolare\/#breadcrumb","itemListElement":[{"@type":"ListItem","position":1,"name":"Home","item":"https:\/\/www.rassegnastampa-totustuus.it\/cattolica\/"},{"@type":"ListItem","position":2,"name":"La falsa neutralit\u00e0 dello Stato secolare"}]},{"@type":"WebSite","@id":"https:\/\/www.rassegnastampa-totustuus.it\/cattolica\/#website","url":"https:\/\/www.rassegnastampa-totustuus.it\/cattolica\/","name":"Rassegna Stampa Cattolica","description":"Per una cultura che nasce dalla Rivelazione cristiana in conformit\u00e0 alla tradizione e al Magistero della Chiesa in opposizione ad ogni relativismo e totalitarismo","publisher":{"@id":"https:\/\/www.rassegnastampa-totustuus.it\/cattolica\/#organization"},"alternateName":"Rass. Cattolica","potentialAction":[{"@type":"SearchAction","target":{"@type":"EntryPoint","urlTemplate":"https:\/\/www.rassegnastampa-totustuus.it\/cattolica\/?s={search_term_string}"},"query-input":{"@type":"PropertyValueSpecification","valueRequired":true,"valueName":"search_term_string"}}],"inLanguage":"it-IT"},{"@type":"Organization","@id":"https:\/\/www.rassegnastampa-totustuus.it\/cattolica\/#organization","name":"Rassegna Stampa Cattolica","url":"https:\/\/www.rassegnastampa-totustuus.it\/cattolica\/","logo":{"@type":"ImageObject","inLanguage":"it-IT","@id":"https:\/\/www.rassegnastampa-totustuus.it\/cattolica\/#\/schema\/logo\/image\/","url":"https:\/\/www.rassegnastampa-totustuus.it\/cattolica\/wp-content\/uploads\/2014\/04\/logo-rassegna1.gif","contentUrl":"https:\/\/www.rassegnastampa-totustuus.it\/cattolica\/wp-content\/uploads\/2014\/04\/logo-rassegna1.gif","width":600,"height":163,"caption":"Rassegna Stampa Cattolica"},"image":{"@id":"https:\/\/www.rassegnastampa-totustuus.it\/cattolica\/#\/schema\/logo\/image\/"},"sameAs":["https:\/\/www.facebook.com\/rassegnastampacattolica","https:\/\/x.com\/rassegnastampa9"]},{"@type":"Person","@id":"https:\/\/www.rassegnastampa-totustuus.it\/cattolica\/#\/schema\/person\/08f319d2bd1a0904ad9e2bfb7b15e5c3","name":"Redazione","image":{"@type":"ImageObject","inLanguage":"it-IT","@id":"https:\/\/secure.gravatar.com\/avatar\/2fcdf27c78ea025fbdb44e914cc63c72249ffec9dc8aafd5c82b26240ef3f346?s=96&d=mm&r=g","url":"https:\/\/secure.gravatar.com\/avatar\/2fcdf27c78ea025fbdb44e914cc63c72249ffec9dc8aafd5c82b26240ef3f346?s=96&d=mm&r=g","contentUrl":"https:\/\/secure.gravatar.com\/avatar\/2fcdf27c78ea025fbdb44e914cc63c72249ffec9dc8aafd5c82b26240ef3f346?s=96&d=mm&r=g","caption":"Redazione"},"url":"https:\/\/www.rassegnastampa-totustuus.it\/cattolica\/author\/pietroelle\/"}]}},"_links":{"self":[{"href":"https:\/\/www.rassegnastampa-totustuus.it\/cattolica\/wp-json\/wp\/v2\/posts\/63706","targetHints":{"allow":["GET"]}}],"collection":[{"href":"https:\/\/www.rassegnastampa-totustuus.it\/cattolica\/wp-json\/wp\/v2\/posts"}],"about":[{"href":"https:\/\/www.rassegnastampa-totustuus.it\/cattolica\/wp-json\/wp\/v2\/types\/post"}],"author":[{"embeddable":true,"href":"https:\/\/www.rassegnastampa-totustuus.it\/cattolica\/wp-json\/wp\/v2\/users\/6"}],"replies":[{"embeddable":true,"href":"https:\/\/www.rassegnastampa-totustuus.it\/cattolica\/wp-json\/wp\/v2\/comments?post=63706"}],"version-history":[{"count":2,"href":"https:\/\/www.rassegnastampa-totustuus.it\/cattolica\/wp-json\/wp\/v2\/posts\/63706\/revisions"}],"predecessor-version":[{"id":64436,"href":"https:\/\/www.rassegnastampa-totustuus.it\/cattolica\/wp-json\/wp\/v2\/posts\/63706\/revisions\/64436"}],"wp:featuredmedia":[{"embeddable":true,"href":"https:\/\/www.rassegnastampa-totustuus.it\/cattolica\/wp-json\/wp\/v2\/media\/63707"}],"wp:attachment":[{"href":"https:\/\/www.rassegnastampa-totustuus.it\/cattolica\/wp-json\/wp\/v2\/media?parent=63706"}],"wp:term":[{"taxonomy":"category","embeddable":true,"href":"https:\/\/www.rassegnastampa-totustuus.it\/cattolica\/wp-json\/wp\/v2\/categories?post=63706"},{"taxonomy":"post_tag","embeddable":true,"href":"https:\/\/www.rassegnastampa-totustuus.it\/cattolica\/wp-json\/wp\/v2\/tags?post=63706"}],"curies":[{"name":"wp","href":"https:\/\/api.w.org\/{rel}","templated":true}]}}