{"id":637,"date":"2005-06-01T16:09:58","date_gmt":"2005-06-01T14:09:58","guid":{"rendered":""},"modified":"2016-01-23T12:46:09","modified_gmt":"2016-01-23T11:46:09","slug":"romano-guardini","status":"publish","type":"post","link":"https:\/\/www.rassegnastampa-totustuus.it\/cattolica\/romano-guardini\/","title":{"rendered":"Romano Guardini"},"content":{"rendered":"<div style=\"text-align: center;\"><strong><a href=\"https:\/\/www.rassegnastampa-totustuus.it\/cattolica\/wp-content\/uploads\/2005\/06\/Romano-Guardini.jpg\"><img loading=\"lazy\" decoding=\"async\" class=\"alignright wp-image-29688\" src=\"https:\/\/www.rassegnastampa-totustuus.it\/cattolica\/wp-content\/uploads\/2005\/06\/Romano-Guardini.jpg\" alt=\"Romano Guardini\" width=\"250\" height=\"155\" \/><\/a>Il Timone<\/strong> &#8211; n. 20 Luglio\/Agosto 2002<\/div>\n<p style=\"text-align: justify;\"><em>Filosofo, teologo, letterato, psicologo, fenomenologo, ma soprattutto credente e cattolico. Seppe interpretare la realt\u00e0 dell&#8217;uomo e del mondo alla luce della fede e della ragione.<\/em><\/p>\n<p style=\"text-align: center;\">di <strong>Maurizio Schoepeflin<\/strong><\/p>\n<p><!--more--><\/p>\n<div style=\"text-align: justify;\">Sebbene fosse nato in Italia, e precisamente a Verona nel 1885, Romano Guardini trascorse tutta la sua esistenza in Germania e a buon diritto viene considerato un filosofo e teologo tedesco. Dopo studi discontinui, Guardini divenne prete nel 1910, approfondendo poi in modo decisivo la sua preparazione e coronandola con una tesi sulla dottrina della redenzione in San Bonaventura, autore a lui molto caro e sul quale torn\u00f2 a studiare al momento dell&#8217;abilitazione in teologia dogmatica, ottenuta nel 1922, che gli permise di iniziare una luminosa carriera accademica a Bonn e di continuarla a Berlino, ove gli fu offerta la cattedra di filosofia della religione e visione cattolica del mondo.<\/div>\n<p style=\"text-align: justify;\">Al momento dell&#8217;affermazione del nazismo, Guardini si ritir\u00f2 volontariamente dall&#8217;insegnamento, salvo poi tornarvi nel 1945 come docente dell&#8217;Universit\u00e0 di Tubinga. Invitato dai pi\u00f9 prestigiosi atenei tedeschi, nel 1948 \u00e8 a Monaco, ove rimarr\u00e0 fino al definitivo pensionamento nel 1962 e dove lo coglier\u00e0 la morte il 1\u00b0 ottobre 1968. Insignito di numerosi premi e riconoscimenti, Guardini declin\u00f2 l&#8217;offerta della porpora fattagli da Papa Paolo VI. Egli, nonostante i gravosi impegni legati alla prestigiosa posizione accademica, rimase sempre fedele alla sua missione di pastore e di educatore e consider\u00f2 la cattedra e il pulpito luoghi privilegiati di una medesima testimonianza.<\/p>\n<p style=\"text-align: justify;\">Ha scritto Battista Mondin: &#8220;Guardini \u00e8 filosofo, teologo, letterato, psicologo, fenomenologo ma \u00e8 anzitutto e soprattutto un credente, che vede, legge, interpreta e vive intimamente tutto quanto incontra nella luce penetrante e trasfigurante della fede. Le realt\u00e0 trattate da Guardini &#8211; prosegue Mondin &#8211; sono molteplici: il mondo naturale e il mondo storico, il mondo religioso e il mondo letterario, il mondo liturgico e il mondo, ma l&#8217;occhio con il quale considera questo vasto orizzonte culturale \u00e8 uno solo: \u00e8 l&#8217;occhio della fede, che in lui \u00e8 fede cristiana, pi\u00f9 esattamente fede cattolica<\/p>\n<p style=\"text-align: justify;\">C&#8217;\u00e8 pertanto &#8211; conclude Mondin -, nonostante l&#8217;apparente frammentariet\u00e0, una unit\u00e0 di fondo che unisce tutti gli interessi e tutte le opere di Guardini: la &#8220;cosmovisione cattolica&#8221; (die katholische Weltanschaung)&#8221;.<\/p>\n<p style=\"text-align: justify;\">In che cosa consiste, per Guardini, tale concezione cattolica del mondo? Per rispondere a questa domanda \u00e8 importante chiarire preliminarmente termini della critica serrata che il filosofo tedesco rivolse al pensiero moderno e contemporaneo. Secondo Guardini, l&#8217;errore capitale della modernit\u00e0 \u00e8 consistito nella pretesa di affermare la completa autonomia dell&#8217;uomo e del mondo, collegandola con l&#8217;ateismo, cio\u00e8 con l&#8217;esclusione metodica e sistematica di Dio e, in particolare, della verit\u00e0 della creazione.<\/p>\n<p style=\"text-align: justify;\">A questo proposito, appaiono molto interessanti le seguenti parole che Guardini scrisse nel 1965 a un amico, dopo aver meditato sul dialogo fra Ges\u00f9 e Pilato: &#8220;Mai mi risult\u00f2 altrettanto chiaro come in questo contesto quanto sia radicalmente falsa la moderna concezione dell&#8217;esistere, del mondo come natura&#8221;, dell&#8217;essere umano come essere autonomo che si sviluppa nella natura, ecc. Mi parve quasi di poter toccare con mano la ragione del degrado dell&#8217;esistenza. Essa sar\u00e0 insanabile e la cattiva coscienza ineliminabile, sinch\u00e9 questa condizione fondamentale non verr\u00e0 riconosciuta, e non le si opporr\u00e0 resistenza&#8221;.<\/p>\n<p style=\"text-align: justify;\">E per Guardin\u00ec, tale opera di resistenza consistette nel riproporre con forza una chiara interpretazione cristiana del mondo e dell&#8217;esistenza, opera che egli condusse a compimento spaziando nei pi\u00f9 diversi campi del sapere e dialogando, con serenit\u00e0, ma senza cedimenti, con numerosi protagonisti della cultura moderna e contemporanea.<\/p>\n<p style=\"text-align: justify;\">E per fare questo, egli ripart\u00ec proprio dal problema cruciale del rapporto fra autonomia ed eteronomia. L&#8217;uomo moderno ha pensato che soltanto una totale e incondizionata autonomia gli avrebbe garantito la piena libert\u00e0, e, d\u00ec conseguenza, ha voluto fare a meno di Dio, considerandolo un ostacolo su questa strada. Ma, come ha giustamente notato un ottimo conoscitore di Guardini, Thomas Schreijack, &#8220;l&#8217;alternativa eteronomia-autonomia \u00e8 erronea. L&#8217;eteronomia presuppone un qualcos&#8221;&#8216;altro&#8221;, un Altro che minaccia l&#8217;esistere.<\/p>\n<p style=\"text-align: justify;\">Ma Dio non \u00e8 l&#8217;altro, perch\u00e9 \u00e8 Dio. Egli \u00e8 piuttosto Colui che fa dell&#8217;uomo ci\u00f2 che in fondo solamente pu\u00f2 essere amato: lo fa persona&#8230; L&#8217;uomo pu\u00f2 essere persona solo laddove il suo essere persona abbia il proprio fondamento in un Altro, un Altro che fondamentalmente appunto non sia l&#8221;&#8216;altro&#8221;. Solo l&#8217;interpretazione cristiana dell&#8217;esistenza salvaguarda l&#8217;autonomia di natura, soggetto e cultura&#8221;.<\/p>\n<p style=\"text-align: justify;\">In piena sintonia con questa impostazione speculativa, Guardini impresse una nettissima impronta cristologica e cristocentrica alla sua riflessione: \u00e8 Cristo l&#8217;unica chiave esplicativa della realt\u00e0 e,soprattutto, l&#8217;unica possibilit\u00e0 redentiva. Si legge nella sua celebre opera <em>Il Signore: <\/em>&#8220;Se una redenzione c&#8217;\u00e8, essa esige in modo assoluto che dinanzi al suo messaggero e al suo autore la competenza dei giudizi umani cessi&#8230; Cristo non ammette nessuna misura. E&#8217; Lui che stabilisce la misura&#8221;.<\/p>\n<p style=\"text-align: justify;\">Di fronte al Signore, all&#8217;uomo si impone la fede: soltanto la fede, infatti, permette di determinare la verit\u00e0 delle cose e il loro valore, salvandole dalla catastrofe alla quale andrebbero inevitabilmente incontro allontanandosi da Dio. l\u00ec Figlio &#8211; esclama con fede Guardini &#8211; ci conduce al Padre!<\/p>\n<p style=\"text-align: justify;\"><strong>Ricorda:<\/strong><\/p>\n<p style=\"text-align: justify;\">&#8220;Chi sia o possa essere Ges\u00f9 il Cristo io non sono in grado di poter giudicare n\u00e9 per scienza mia, n\u00e9 per quella del mondo: non me ne danno il mezzo n\u00e9 la psicologia n\u00e9 la filosofia, n\u00e9 l&#8217;umana esperienza, n\u00e9 la storia. Egli pu\u00f2 rivelarsi soltanto nella sua propria, sovrana libert\u00e0. Ed io, se voglio attenermi ad una critica scrupolosamente obiettiva, non posso fare altro che guardare, ascoltare, ubbidire&#8230; Sicch\u00e9 il tuffo si conchiude in questo principio: solamente chi, rinunciando a qualsiasi concetto umano di misura, apprenda dallo stesso Cristo chi Cristo sia, riceve da Cristo stesso la rivelazione di che cosa, in realt\u00e0, sia l&#8217;uomo secondo Dio&#8221;. (<strong>Romano Guardini,<\/strong> <em>La figura di Cristo nel Nuovo Testamento, <\/em>1936).<\/p>\n<p style=\"text-align: justify;\"><strong>Bibliografia:<\/strong><\/p>\n<p style=\"text-align: justify;\"><strong>R. Guardini<\/strong>, <em>Il Signore, <\/em>Vita e Pensiero, Milano 1949.<br \/>\n<strong>R. Guardini,<\/strong> <em>La visione cattolica del mondo, <\/em>Morcelliana, Brescia 1994.<\/p>\n<div><strong>X. Tilliette,<\/strong> <em>Guardini pedagogo verso il Cristo, <\/em>in <em>&#8220;Humanitas&#8221;, <\/em>51(1996), pp. 883-898.<\/div>\n","protected":false},"excerpt":{"rendered":"<p>Il Timone &#8211; n. 20 Luglio\/Agosto 2002 Filosofo, teologo, letterato, psicologo, fenomenologo, ma soprattutto credente e cattolico. Seppe interpretare la realt\u00e0 dell&#8217;uomo e del mondo alla luce della fede e della ragione. di Maurizio Schoepeflin<\/p><p><a class=\"more-link btn\" href=\"https:\/\/www.rassegnastampa-totustuus.it\/cattolica\/romano-guardini\/\">Continua a leggere<\/a><\/p>\n","protected":false},"author":6,"featured_media":29688,"comment_status":"closed","ping_status":"open","sticky":false,"template":"","format":"standard","meta":{"footnotes":""},"categories":[57,18],"tags":[170,623],"class_list":["post-637","post","type-post","status-publish","format-standard","has-post-thumbnail","hentry","category-filosofia","category-personaggi","tag-filosofia-2","tag-romano-guardini","item-wrap"],"yoast_head":"<!-- This site is optimized with the Yoast SEO plugin v27.5 - https:\/\/yoast.com\/product\/yoast-seo-wordpress\/ -->\n<title>Romano Guardini - Rassegna Stampa Cattolica<\/title>\n<meta name=\"description\" content=\"Rassegna Stampa Cattolica - Per una cultura che nasce dalla Rivelazione cristiana in conformit\u00e0 alla tradizione e al Magistero della Chiesa in opposizione ad ogni relativismo e totalitarismo\" \/>\n<meta name=\"robots\" content=\"index, follow, max-snippet:-1, max-image-preview:large, max-video-preview:-1\" \/>\n<link rel=\"canonical\" href=\"https:\/\/www.rassegnastampa-totustuus.it\/cattolica\/romano-guardini\/\" \/>\n<meta property=\"og:locale\" content=\"it_IT\" \/>\n<meta property=\"og:type\" content=\"article\" \/>\n<meta property=\"og:title\" content=\"Romano Guardini - Rassegna Stampa Cattolica\" \/>\n<meta property=\"og:description\" content=\"Rassegna Stampa Cattolica - Per una cultura che nasce dalla Rivelazione cristiana in conformit\u00e0 alla tradizione e al Magistero della Chiesa in opposizione ad ogni relativismo e totalitarismo\" \/>\n<meta property=\"og:url\" content=\"https:\/\/www.rassegnastampa-totustuus.it\/cattolica\/romano-guardini\/\" \/>\n<meta property=\"og:site_name\" content=\"Rassegna Stampa Cattolica\" \/>\n<meta property=\"article:publisher\" content=\"https:\/\/www.facebook.com\/rassegnastampacattolica\" \/>\n<meta property=\"article:published_time\" content=\"2005-06-01T14:09:58+00:00\" \/>\n<meta property=\"article:modified_time\" content=\"2016-01-23T11:46:09+00:00\" \/>\n<meta property=\"og:image\" content=\"https:\/\/www.rassegnastampa-totustuus.it\/cattolica\/wp-content\/uploads\/2005\/06\/Romano-Guardini.jpg\" \/>\n\t<meta property=\"og:image:width\" content=\"285\" \/>\n\t<meta property=\"og:image:height\" content=\"177\" \/>\n\t<meta property=\"og:image:type\" content=\"image\/jpeg\" \/>\n<meta name=\"author\" content=\"Redazione\" \/>\n<meta name=\"twitter:card\" content=\"summary_large_image\" \/>\n<meta name=\"twitter:creator\" content=\"@rassegnastampa9\" \/>\n<meta name=\"twitter:site\" content=\"@rassegnastampa9\" \/>\n<meta name=\"twitter:label1\" content=\"Scritto da\" \/>\n\t<meta name=\"twitter:data1\" content=\"Redazione\" \/>\n\t<meta name=\"twitter:label2\" content=\"Tempo di lettura stimato\" \/>\n\t<meta name=\"twitter:data2\" content=\"5 minuti\" \/>\n<script type=\"application\/ld+json\" class=\"yoast-schema-graph\">{\"@context\":\"https:\\\/\\\/schema.org\",\"@graph\":[{\"@type\":\"Article\",\"@id\":\"https:\\\/\\\/www.rassegnastampa-totustuus.it\\\/cattolica\\\/romano-guardini\\\/#article\",\"isPartOf\":{\"@id\":\"https:\\\/\\\/www.rassegnastampa-totustuus.it\\\/cattolica\\\/romano-guardini\\\/\"},\"author\":{\"name\":\"Redazione\",\"@id\":\"https:\\\/\\\/www.rassegnastampa-totustuus.it\\\/cattolica\\\/#\\\/schema\\\/person\\\/08f319d2bd1a0904ad9e2bfb7b15e5c3\"},\"headline\":\"Romano Guardini\",\"datePublished\":\"2005-06-01T14:09:58+00:00\",\"dateModified\":\"2016-01-23T11:46:09+00:00\",\"mainEntityOfPage\":{\"@id\":\"https:\\\/\\\/www.rassegnastampa-totustuus.it\\\/cattolica\\\/romano-guardini\\\/\"},\"wordCount\":995,\"publisher\":{\"@id\":\"https:\\\/\\\/www.rassegnastampa-totustuus.it\\\/cattolica\\\/#organization\"},\"image\":{\"@id\":\"https:\\\/\\\/www.rassegnastampa-totustuus.it\\\/cattolica\\\/romano-guardini\\\/#primaryimage\"},\"thumbnailUrl\":\"https:\\\/\\\/www.rassegnastampa-totustuus.it\\\/cattolica\\\/wp-content\\\/uploads\\\/2005\\\/06\\\/Romano-Guardini.jpg\",\"keywords\":[\"filosofia\",\"Romano Guardini\"],\"articleSection\":[\"Filosofia\",\"Personaggi\"],\"inLanguage\":\"it-IT\"},{\"@type\":\"WebPage\",\"@id\":\"https:\\\/\\\/www.rassegnastampa-totustuus.it\\\/cattolica\\\/romano-guardini\\\/\",\"url\":\"https:\\\/\\\/www.rassegnastampa-totustuus.it\\\/cattolica\\\/romano-guardini\\\/\",\"name\":\"Romano Guardini - Rassegna Stampa Cattolica\",\"isPartOf\":{\"@id\":\"https:\\\/\\\/www.rassegnastampa-totustuus.it\\\/cattolica\\\/#website\"},\"primaryImageOfPage\":{\"@id\":\"https:\\\/\\\/www.rassegnastampa-totustuus.it\\\/cattolica\\\/romano-guardini\\\/#primaryimage\"},\"image\":{\"@id\":\"https:\\\/\\\/www.rassegnastampa-totustuus.it\\\/cattolica\\\/romano-guardini\\\/#primaryimage\"},\"thumbnailUrl\":\"https:\\\/\\\/www.rassegnastampa-totustuus.it\\\/cattolica\\\/wp-content\\\/uploads\\\/2005\\\/06\\\/Romano-Guardini.jpg\",\"datePublished\":\"2005-06-01T14:09:58+00:00\",\"dateModified\":\"2016-01-23T11:46:09+00:00\",\"description\":\"Rassegna Stampa Cattolica - Per una cultura che nasce dalla Rivelazione cristiana in conformit\u00e0 alla tradizione e al Magistero della Chiesa in opposizione ad ogni relativismo e totalitarismo\",\"breadcrumb\":{\"@id\":\"https:\\\/\\\/www.rassegnastampa-totustuus.it\\\/cattolica\\\/romano-guardini\\\/#breadcrumb\"},\"inLanguage\":\"it-IT\",\"potentialAction\":[{\"@type\":\"ReadAction\",\"target\":[\"https:\\\/\\\/www.rassegnastampa-totustuus.it\\\/cattolica\\\/romano-guardini\\\/\"]}]},{\"@type\":\"ImageObject\",\"inLanguage\":\"it-IT\",\"@id\":\"https:\\\/\\\/www.rassegnastampa-totustuus.it\\\/cattolica\\\/romano-guardini\\\/#primaryimage\",\"url\":\"https:\\\/\\\/www.rassegnastampa-totustuus.it\\\/cattolica\\\/wp-content\\\/uploads\\\/2005\\\/06\\\/Romano-Guardini.jpg\",\"contentUrl\":\"https:\\\/\\\/www.rassegnastampa-totustuus.it\\\/cattolica\\\/wp-content\\\/uploads\\\/2005\\\/06\\\/Romano-Guardini.jpg\",\"width\":285,\"height\":177},{\"@type\":\"BreadcrumbList\",\"@id\":\"https:\\\/\\\/www.rassegnastampa-totustuus.it\\\/cattolica\\\/romano-guardini\\\/#breadcrumb\",\"itemListElement\":[{\"@type\":\"ListItem\",\"position\":1,\"name\":\"Home\",\"item\":\"https:\\\/\\\/www.rassegnastampa-totustuus.it\\\/cattolica\\\/\"},{\"@type\":\"ListItem\",\"position\":2,\"name\":\"Romano Guardini\"}]},{\"@type\":\"WebSite\",\"@id\":\"https:\\\/\\\/www.rassegnastampa-totustuus.it\\\/cattolica\\\/#website\",\"url\":\"https:\\\/\\\/www.rassegnastampa-totustuus.it\\\/cattolica\\\/\",\"name\":\"Rassegna Stampa Cattolica\",\"description\":\"Per una cultura che nasce dalla Rivelazione cristiana in conformit\u00e0 alla tradizione e al Magistero della Chiesa in opposizione ad ogni relativismo e totalitarismo\",\"publisher\":{\"@id\":\"https:\\\/\\\/www.rassegnastampa-totustuus.it\\\/cattolica\\\/#organization\"},\"alternateName\":\"Rass. Cattolica\",\"potentialAction\":[{\"@type\":\"SearchAction\",\"target\":{\"@type\":\"EntryPoint\",\"urlTemplate\":\"https:\\\/\\\/www.rassegnastampa-totustuus.it\\\/cattolica\\\/?s={search_term_string}\"},\"query-input\":{\"@type\":\"PropertyValueSpecification\",\"valueRequired\":true,\"valueName\":\"search_term_string\"}}],\"inLanguage\":\"it-IT\"},{\"@type\":\"Organization\",\"@id\":\"https:\\\/\\\/www.rassegnastampa-totustuus.it\\\/cattolica\\\/#organization\",\"name\":\"Rassegna Stampa Cattolica\",\"url\":\"https:\\\/\\\/www.rassegnastampa-totustuus.it\\\/cattolica\\\/\",\"logo\":{\"@type\":\"ImageObject\",\"inLanguage\":\"it-IT\",\"@id\":\"https:\\\/\\\/www.rassegnastampa-totustuus.it\\\/cattolica\\\/#\\\/schema\\\/logo\\\/image\\\/\",\"url\":\"https:\\\/\\\/www.rassegnastampa-totustuus.it\\\/cattolica\\\/wp-content\\\/uploads\\\/2014\\\/04\\\/logo-rassegna1.gif\",\"contentUrl\":\"https:\\\/\\\/www.rassegnastampa-totustuus.it\\\/cattolica\\\/wp-content\\\/uploads\\\/2014\\\/04\\\/logo-rassegna1.gif\",\"width\":600,\"height\":163,\"caption\":\"Rassegna Stampa Cattolica\"},\"image\":{\"@id\":\"https:\\\/\\\/www.rassegnastampa-totustuus.it\\\/cattolica\\\/#\\\/schema\\\/logo\\\/image\\\/\"},\"sameAs\":[\"https:\\\/\\\/www.facebook.com\\\/rassegnastampacattolica\",\"https:\\\/\\\/x.com\\\/rassegnastampa9\"]},{\"@type\":\"Person\",\"@id\":\"https:\\\/\\\/www.rassegnastampa-totustuus.it\\\/cattolica\\\/#\\\/schema\\\/person\\\/08f319d2bd1a0904ad9e2bfb7b15e5c3\",\"name\":\"Redazione\",\"image\":{\"@type\":\"ImageObject\",\"inLanguage\":\"it-IT\",\"@id\":\"https:\\\/\\\/secure.gravatar.com\\\/avatar\\\/2fcdf27c78ea025fbdb44e914cc63c72249ffec9dc8aafd5c82b26240ef3f346?s=96&d=mm&r=g\",\"url\":\"https:\\\/\\\/secure.gravatar.com\\\/avatar\\\/2fcdf27c78ea025fbdb44e914cc63c72249ffec9dc8aafd5c82b26240ef3f346?s=96&d=mm&r=g\",\"contentUrl\":\"https:\\\/\\\/secure.gravatar.com\\\/avatar\\\/2fcdf27c78ea025fbdb44e914cc63c72249ffec9dc8aafd5c82b26240ef3f346?s=96&d=mm&r=g\",\"caption\":\"Redazione\"},\"url\":\"https:\\\/\\\/www.rassegnastampa-totustuus.it\\\/cattolica\\\/author\\\/pietroelle\\\/\"}]}<\/script>\n<!-- \/ Yoast SEO plugin. -->","yoast_head_json":{"title":"Romano Guardini - Rassegna Stampa Cattolica","description":"Rassegna Stampa Cattolica - Per una cultura che nasce dalla Rivelazione cristiana in conformit\u00e0 alla tradizione e al Magistero della Chiesa in opposizione ad ogni relativismo e totalitarismo","robots":{"index":"index","follow":"follow","max-snippet":"max-snippet:-1","max-image-preview":"max-image-preview:large","max-video-preview":"max-video-preview:-1"},"canonical":"https:\/\/www.rassegnastampa-totustuus.it\/cattolica\/romano-guardini\/","og_locale":"it_IT","og_type":"article","og_title":"Romano Guardini - Rassegna Stampa Cattolica","og_description":"Rassegna Stampa Cattolica - Per una cultura che nasce dalla Rivelazione cristiana in conformit\u00e0 alla tradizione e al Magistero della Chiesa in opposizione ad ogni relativismo e totalitarismo","og_url":"https:\/\/www.rassegnastampa-totustuus.it\/cattolica\/romano-guardini\/","og_site_name":"Rassegna Stampa Cattolica","article_publisher":"https:\/\/www.facebook.com\/rassegnastampacattolica","article_published_time":"2005-06-01T14:09:58+00:00","article_modified_time":"2016-01-23T11:46:09+00:00","og_image":[{"width":285,"height":177,"url":"https:\/\/www.rassegnastampa-totustuus.it\/cattolica\/wp-content\/uploads\/2005\/06\/Romano-Guardini.jpg","type":"image\/jpeg"}],"author":"Redazione","twitter_card":"summary_large_image","twitter_creator":"@rassegnastampa9","twitter_site":"@rassegnastampa9","twitter_misc":{"Scritto da":"Redazione","Tempo di lettura stimato":"5 minuti"},"schema":{"@context":"https:\/\/schema.org","@graph":[{"@type":"Article","@id":"https:\/\/www.rassegnastampa-totustuus.it\/cattolica\/romano-guardini\/#article","isPartOf":{"@id":"https:\/\/www.rassegnastampa-totustuus.it\/cattolica\/romano-guardini\/"},"author":{"name":"Redazione","@id":"https:\/\/www.rassegnastampa-totustuus.it\/cattolica\/#\/schema\/person\/08f319d2bd1a0904ad9e2bfb7b15e5c3"},"headline":"Romano Guardini","datePublished":"2005-06-01T14:09:58+00:00","dateModified":"2016-01-23T11:46:09+00:00","mainEntityOfPage":{"@id":"https:\/\/www.rassegnastampa-totustuus.it\/cattolica\/romano-guardini\/"},"wordCount":995,"publisher":{"@id":"https:\/\/www.rassegnastampa-totustuus.it\/cattolica\/#organization"},"image":{"@id":"https:\/\/www.rassegnastampa-totustuus.it\/cattolica\/romano-guardini\/#primaryimage"},"thumbnailUrl":"https:\/\/www.rassegnastampa-totustuus.it\/cattolica\/wp-content\/uploads\/2005\/06\/Romano-Guardini.jpg","keywords":["filosofia","Romano Guardini"],"articleSection":["Filosofia","Personaggi"],"inLanguage":"it-IT"},{"@type":"WebPage","@id":"https:\/\/www.rassegnastampa-totustuus.it\/cattolica\/romano-guardini\/","url":"https:\/\/www.rassegnastampa-totustuus.it\/cattolica\/romano-guardini\/","name":"Romano Guardini - Rassegna Stampa Cattolica","isPartOf":{"@id":"https:\/\/www.rassegnastampa-totustuus.it\/cattolica\/#website"},"primaryImageOfPage":{"@id":"https:\/\/www.rassegnastampa-totustuus.it\/cattolica\/romano-guardini\/#primaryimage"},"image":{"@id":"https:\/\/www.rassegnastampa-totustuus.it\/cattolica\/romano-guardini\/#primaryimage"},"thumbnailUrl":"https:\/\/www.rassegnastampa-totustuus.it\/cattolica\/wp-content\/uploads\/2005\/06\/Romano-Guardini.jpg","datePublished":"2005-06-01T14:09:58+00:00","dateModified":"2016-01-23T11:46:09+00:00","description":"Rassegna Stampa Cattolica - Per una cultura che nasce dalla Rivelazione cristiana in conformit\u00e0 alla tradizione e al Magistero della Chiesa in opposizione ad ogni relativismo e totalitarismo","breadcrumb":{"@id":"https:\/\/www.rassegnastampa-totustuus.it\/cattolica\/romano-guardini\/#breadcrumb"},"inLanguage":"it-IT","potentialAction":[{"@type":"ReadAction","target":["https:\/\/www.rassegnastampa-totustuus.it\/cattolica\/romano-guardini\/"]}]},{"@type":"ImageObject","inLanguage":"it-IT","@id":"https:\/\/www.rassegnastampa-totustuus.it\/cattolica\/romano-guardini\/#primaryimage","url":"https:\/\/www.rassegnastampa-totustuus.it\/cattolica\/wp-content\/uploads\/2005\/06\/Romano-Guardini.jpg","contentUrl":"https:\/\/www.rassegnastampa-totustuus.it\/cattolica\/wp-content\/uploads\/2005\/06\/Romano-Guardini.jpg","width":285,"height":177},{"@type":"BreadcrumbList","@id":"https:\/\/www.rassegnastampa-totustuus.it\/cattolica\/romano-guardini\/#breadcrumb","itemListElement":[{"@type":"ListItem","position":1,"name":"Home","item":"https:\/\/www.rassegnastampa-totustuus.it\/cattolica\/"},{"@type":"ListItem","position":2,"name":"Romano Guardini"}]},{"@type":"WebSite","@id":"https:\/\/www.rassegnastampa-totustuus.it\/cattolica\/#website","url":"https:\/\/www.rassegnastampa-totustuus.it\/cattolica\/","name":"Rassegna Stampa Cattolica","description":"Per una cultura che nasce dalla Rivelazione cristiana in conformit\u00e0 alla tradizione e al Magistero della Chiesa in opposizione ad ogni relativismo e totalitarismo","publisher":{"@id":"https:\/\/www.rassegnastampa-totustuus.it\/cattolica\/#organization"},"alternateName":"Rass. Cattolica","potentialAction":[{"@type":"SearchAction","target":{"@type":"EntryPoint","urlTemplate":"https:\/\/www.rassegnastampa-totustuus.it\/cattolica\/?s={search_term_string}"},"query-input":{"@type":"PropertyValueSpecification","valueRequired":true,"valueName":"search_term_string"}}],"inLanguage":"it-IT"},{"@type":"Organization","@id":"https:\/\/www.rassegnastampa-totustuus.it\/cattolica\/#organization","name":"Rassegna Stampa Cattolica","url":"https:\/\/www.rassegnastampa-totustuus.it\/cattolica\/","logo":{"@type":"ImageObject","inLanguage":"it-IT","@id":"https:\/\/www.rassegnastampa-totustuus.it\/cattolica\/#\/schema\/logo\/image\/","url":"https:\/\/www.rassegnastampa-totustuus.it\/cattolica\/wp-content\/uploads\/2014\/04\/logo-rassegna1.gif","contentUrl":"https:\/\/www.rassegnastampa-totustuus.it\/cattolica\/wp-content\/uploads\/2014\/04\/logo-rassegna1.gif","width":600,"height":163,"caption":"Rassegna Stampa Cattolica"},"image":{"@id":"https:\/\/www.rassegnastampa-totustuus.it\/cattolica\/#\/schema\/logo\/image\/"},"sameAs":["https:\/\/www.facebook.com\/rassegnastampacattolica","https:\/\/x.com\/rassegnastampa9"]},{"@type":"Person","@id":"https:\/\/www.rassegnastampa-totustuus.it\/cattolica\/#\/schema\/person\/08f319d2bd1a0904ad9e2bfb7b15e5c3","name":"Redazione","image":{"@type":"ImageObject","inLanguage":"it-IT","@id":"https:\/\/secure.gravatar.com\/avatar\/2fcdf27c78ea025fbdb44e914cc63c72249ffec9dc8aafd5c82b26240ef3f346?s=96&d=mm&r=g","url":"https:\/\/secure.gravatar.com\/avatar\/2fcdf27c78ea025fbdb44e914cc63c72249ffec9dc8aafd5c82b26240ef3f346?s=96&d=mm&r=g","contentUrl":"https:\/\/secure.gravatar.com\/avatar\/2fcdf27c78ea025fbdb44e914cc63c72249ffec9dc8aafd5c82b26240ef3f346?s=96&d=mm&r=g","caption":"Redazione"},"url":"https:\/\/www.rassegnastampa-totustuus.it\/cattolica\/author\/pietroelle\/"}]}},"_links":{"self":[{"href":"https:\/\/www.rassegnastampa-totustuus.it\/cattolica\/wp-json\/wp\/v2\/posts\/637","targetHints":{"allow":["GET"]}}],"collection":[{"href":"https:\/\/www.rassegnastampa-totustuus.it\/cattolica\/wp-json\/wp\/v2\/posts"}],"about":[{"href":"https:\/\/www.rassegnastampa-totustuus.it\/cattolica\/wp-json\/wp\/v2\/types\/post"}],"author":[{"embeddable":true,"href":"https:\/\/www.rassegnastampa-totustuus.it\/cattolica\/wp-json\/wp\/v2\/users\/6"}],"replies":[{"embeddable":true,"href":"https:\/\/www.rassegnastampa-totustuus.it\/cattolica\/wp-json\/wp\/v2\/comments?post=637"}],"version-history":[{"count":4,"href":"https:\/\/www.rassegnastampa-totustuus.it\/cattolica\/wp-json\/wp\/v2\/posts\/637\/revisions"}],"predecessor-version":[{"id":29689,"href":"https:\/\/www.rassegnastampa-totustuus.it\/cattolica\/wp-json\/wp\/v2\/posts\/637\/revisions\/29689"}],"wp:featuredmedia":[{"embeddable":true,"href":"https:\/\/www.rassegnastampa-totustuus.it\/cattolica\/wp-json\/wp\/v2\/media\/29688"}],"wp:attachment":[{"href":"https:\/\/www.rassegnastampa-totustuus.it\/cattolica\/wp-json\/wp\/v2\/media?parent=637"}],"wp:term":[{"taxonomy":"category","embeddable":true,"href":"https:\/\/www.rassegnastampa-totustuus.it\/cattolica\/wp-json\/wp\/v2\/categories?post=637"},{"taxonomy":"post_tag","embeddable":true,"href":"https:\/\/www.rassegnastampa-totustuus.it\/cattolica\/wp-json\/wp\/v2\/tags?post=637"}],"curies":[{"name":"wp","href":"https:\/\/api.w.org\/{rel}","templated":true}]}}