{"id":63592,"date":"2025-07-27T10:57:03","date_gmt":"2025-07-27T08:57:03","guid":{"rendered":"https:\/\/www.rassegnastampa-totustuus.it\/cattolica\/?p=63592"},"modified":"2025-07-27T10:57:04","modified_gmt":"2025-07-27T08:57:04","slug":"dal-canada-allolanda-dove-leutanasia-uccide-anche-senza-consenso","status":"publish","type":"post","link":"https:\/\/www.rassegnastampa-totustuus.it\/cattolica\/dal-canada-allolanda-dove-leutanasia-uccide-anche-senza-consenso\/","title":{"rendered":"Dal Canada all\u2019Olanda, dove l\u2019eutanasia uccide anche senza consenso"},"content":{"rendered":"\n<p class=\"has-text-align-center\"><a href=\"https:\/\/lanuovabq.it\/it\" target=\"_blank\" rel=\"noreferrer noopener\"><strong>La Nuova Bussola quotidiana<\/strong> <\/a>22 Luglio 2025<\/p>\n\n\n\n<p><em>Una carrellata dei Paesi occidentali che hanno approvato o stanno discutendo leggi a favore dell\u2019eutanasia e del suicidio assistito. L\u2019illusione della \u201clibert\u00e0\u201d: in un anno, nei Paesi Bassi uccise con l\u2019eutanasia 517 persone che non avevano dato il loro consenso.<\/em><\/p>\n\n\n\n<p class=\"has-text-align-center\">di<strong> Luca Volont\u00e9<\/strong><\/p>\n\n\n<div class=\"wp-block-image\">\n<figure class=\"aligncenter size-full is-resized\"><a href=\"https:\/\/www.rassegnastampa-totustuus.it\/cattolica\/wp-content\/uploads\/2005\/05\/eutanasia.jpg\"><img loading=\"lazy\" decoding=\"async\" width=\"280\" height=\"180\" src=\"https:\/\/www.rassegnastampa-totustuus.it\/cattolica\/wp-content\/uploads\/2005\/05\/eutanasia.jpg\" alt=\"\" class=\"wp-image-28147\" style=\"width:478px;height:auto\"\/><\/a><\/figure><\/div>\n\n\n<p>La diffusione dell\u2019eutanasia nel mondo occidentale \u2013 Italia inclusa (vedi la legge 219\/2017 sulle Dat) \u2013 avanza senza alcun freno. Venerd\u00ec scorso, 18 luglio, la Slovenia ha approvato una legge che consente il suicidio assistito, unendosi a un numero crescente di Paesi che riconoscono il diritto di porre fine alla propria vita. Australia (legale in tutti gli Stati e, da fine 2025, nei Territori del Nord), Nuova Zelanda (2021), Canada (2016), Lussemburgo (2009), Belgio e Paesi Bassi (2002) sono alcune tra le nazioni che hanno autorizzato la morte assistita, cos\u00ec come alcuni Stati degli USA. Ma anche in altri Paesi occidentali il cosiddetto diritto a morire \u00e8 entrato, ahinoi, a far parte dei rispettivi ordinamenti.<\/p>\n\n\n\n<p><strong>In Spagna l\u2019eutanasia \u00e8 legale dal 25 giugno 2021<\/strong>, dopo l\u2019approvazione definitiva da parte del Parlamento (18 marzo 2021), che ha depenalizzato \u201cl\u2019aiuto medico a morire\u201d. In Austria, dal gennaio 2022, \u00e8 entrata in vigore la nuova legge che stabilisce il diritto delle persone gravemente malate di decidere sul fine vita, ovvero di porre fine volontariamente alle proprie sofferenze.<\/p>\n\n\n<div class=\"wp-block-image\">\n<figure class=\"aligncenter size-full is-resized\"><a href=\"https:\/\/www.rassegnastampa-totustuus.it\/cattolica\/wp-content\/uploads\/2022\/12\/eutanasia_canada.jpg\"><img loading=\"lazy\" decoding=\"async\" width=\"263\" height=\"192\" src=\"https:\/\/www.rassegnastampa-totustuus.it\/cattolica\/wp-content\/uploads\/2022\/12\/eutanasia_canada.jpg\" alt=\"\" class=\"wp-image-55359\" style=\"width:391px;height:auto\"\/><\/a><\/figure><\/div>\n\n\n<p><strong>Il Portogallo ad oggi non ha una legge sull\u2019eutanasia<\/strong>, dopo che il presidente della Repubblica si \u00e8 giustamente pi\u00f9 volte rifiutato di firmare il testo approvato dal Parlamento, rimandandolo alla Corte Costituzionale. Solo il mese scorso, il Parlamento britannico, attraverso la Camera dei Comuni, ha votato favorevolmente per legalizzare la morte assistita: il disegno di legge deve ancora essere approvato dalla Camera dei Lord. Il 27 maggio la Camera bassa del Parlamento francese aveva adottato un disegno di legge, fortemente voluto dal presidente Emmanuel Macron, che consentir\u00e0 agli adulti affetti da malattie cosiddette \u201cincurabili\u201d di porre volontariamente fine alla propria vita, assumendo una sostanza letale prescritta da medici. Il provvedimento verr\u00e0 discusso e votato nel prossimo settembre dal Senato.<\/p>\n\n\n\n<p><strong>A Malta, all\u2019inizio del 2025, \u00e8 cominciato il dibattito sull\u2019eutanasia e sul suicidio assistito<\/strong>: ora ci si trova nel pieno della raccolta di contributi pubblici alla discussione, come confermato al Parlamento lo scorso 16 giugno dal segretario parlamentare per le Riforme e l&#8217;Uguaglianza, Rebecca Buttigieg che ha anche riferito dei tre incontri pubblici sull&#8217;eutanasia, tenutisi nelle ultime settimane. A Cipro, dove si discute del suicidio assistito e dell\u2019eutanasia dal 2023, il Parlamento prevede di votare la legalizzazione dell&#8217;eutanasia nel gennaio del 2026, mentre dal prossimo settembre inizier\u00e0 l\u2019esame della relativa proposta di legge in seno alla Commissione per i diritti umani della Camera. In Irlanda, dopo l\u2019approvazione nell\u2019ottobre 2024 del rapporto finale di una commissione, che chiede al governo di legalizzare la morte assistita in alcune circostanze limitate, ci si aspetta che l\u2019esecutivo presenti la proposta entro l\u2019anno in corso. Proposta che poi dovr\u00e0 essere approvata dall&#8217;Oireachtas (il Parlamento irlandese) e poi firmata dal presidente.<\/p>\n\n\n<div class=\"wp-block-image\">\n<figure class=\"aligncenter size-full is-resized\"><a href=\"https:\/\/www.rassegnastampa-totustuus.it\/cattolica\/wp-content\/uploads\/2006\/11\/eutanasia_Olanda.jpg\"><img loading=\"lazy\" decoding=\"async\" width=\"299\" height=\"168\" src=\"https:\/\/www.rassegnastampa-totustuus.it\/cattolica\/wp-content\/uploads\/2006\/11\/eutanasia_Olanda.jpg\" alt=\"\" class=\"wp-image-35063\" style=\"width:431px;height:auto\"\/><\/a><\/figure><\/div>\n\n\n<p><strong>I dati sullo scivolamento omicida<\/strong>, causato dalle varie forme di depenalizzazione del suicidio assistito e dell\u2019eutanasia, sono ben evidenti e in crescita ovunque. Due esempi recenti li troviamo dall\u2019applicazione delle leggi spagnole e olandesi.<\/p>\n\n\n\n<p><strong>In Spagna<\/strong> sono ormai migliaia le persone che hanno ottenuto l&#8217;aiuto a morire dall&#8217;entrata in vigore della legge sull&#8217;eutanasia, quattro anni fa. Se fino all&#8217;anno scorso erano state effettuate in totale 1.034 eutanasie, secondo l&#8217;associazione \u201cDerecho a Morir Dignamente\u201d (Diritto a morire con dignit\u00e0) nel solo 2025 ne sono gi\u00e0 state effettuate pi\u00f9 di 1.300, con l\u2019approvazione di oltre il 40% delle richieste di assistenza a morire. Il pendio scivoloso di graduale allentamento delle norme e ampliamento della platea di persone anche e solo temporaneamente malate o disadattate che vengono invitate, indotte o accompagnate al suicidio o consenzienti a essere uccise supera ogni volta il limite stabilito.<\/p>\n\n\n\n<p><strong>L\u2019Olanda fa scuola, in negativo<\/strong>, come dimostra lo studio quinquennale commissionato dal governo per indagare i decessi derivanti da decisioni mediche di fine vita. Nel solo anno 2021, nei Paesi Bassi, sono state uccise, tramite eutanasia, ben 517 persone che non avevano fatto alcuna esplicita richiesta n\u00e9 dato alcun esplicito consenso. Si tratta di casi classificati con l\u2019acronimo LAWER (Life-ending Acts Without Explicit Request); di fatto \u00e8 una pratica che, tolte le ipocrisie verbali, si pu\u00f2 definire con una sola parola: omicidio. Una tendenza contagiosa gi\u00e0 in atto anche in Canada e che si diffonder\u00e0 inevitabilmente ovunque c\u2019\u00e8 una legislazione favorevole al suicidio assistito, all\u2019eutanasia e all\u2019omicidio del consenziente.<\/p>\n","protected":false},"excerpt":{"rendered":"<p>La Nuova Bussola quotidiana 22 Luglio 2025 Una carrellata dei Paesi occidentali che hanno approvato o stanno discutendo leggi a favore dell\u2019eutanasia e del suicidio assistito. L\u2019illusione della \u201clibert\u00e0\u201d: in un anno, nei Paesi Bassi uccise con l\u2019eutanasia 517 persone che non avevano dato il loro consenso. di Luca Volont\u00e9 La diffusione dell\u2019eutanasia nel mondo &hellip; <\/p>\n<p><a class=\"more-link btn\" href=\"https:\/\/www.rassegnastampa-totustuus.it\/cattolica\/dal-canada-allolanda-dove-leutanasia-uccide-anche-senza-consenso\/\">Continua a leggere<\/a><\/p>\n","protected":false},"author":6,"featured_media":0,"comment_status":"closed","ping_status":"closed","sticky":false,"template":"","format":"standard","meta":{"footnotes":""},"categories":[55],"tags":[1581,3236],"class_list":["post-63592","post","type-post","status-publish","format-standard","hentry","category-eutanasia","tag-fine-vita","tag-suicidio-assistito","item-wrap"],"yoast_head":"<!-- This site is optimized with the Yoast SEO plugin v27.5 - https:\/\/yoast.com\/product\/yoast-seo-wordpress\/ -->\n<title>Dal Canada all\u2019Olanda, dove l\u2019eutanasia uccide anche senza consenso - Rassegna Stampa Cattolica<\/title>\n<meta name=\"description\" content=\"Dal Canada all\u2019Olanda, dove l\u2019eutanasia uccide anche senza consenso. I Paesi occidentali che hanno approvato discutono leggi per l\u2019eutanasia\" \/>\n<meta name=\"robots\" content=\"index, follow, max-snippet:-1, max-image-preview:large, max-video-preview:-1\" \/>\n<link rel=\"canonical\" href=\"https:\/\/www.rassegnastampa-totustuus.it\/cattolica\/dal-canada-allolanda-dove-leutanasia-uccide-anche-senza-consenso\/\" \/>\n<meta property=\"og:locale\" content=\"it_IT\" \/>\n<meta property=\"og:type\" content=\"article\" \/>\n<meta property=\"og:title\" content=\"Dal Canada all\u2019Olanda, dove l\u2019eutanasia uccide anche senza consenso - Rassegna Stampa Cattolica\" \/>\n<meta property=\"og:description\" content=\"Dal Canada all\u2019Olanda, dove l\u2019eutanasia uccide anche senza consenso. I Paesi occidentali che hanno approvato discutono leggi per l\u2019eutanasia\" \/>\n<meta property=\"og:url\" content=\"https:\/\/www.rassegnastampa-totustuus.it\/cattolica\/dal-canada-allolanda-dove-leutanasia-uccide-anche-senza-consenso\/\" \/>\n<meta property=\"og:site_name\" content=\"Rassegna Stampa Cattolica\" \/>\n<meta property=\"article:publisher\" content=\"https:\/\/www.facebook.com\/rassegnastampacattolica\" \/>\n<meta property=\"article:published_time\" content=\"2025-07-27T08:57:03+00:00\" \/>\n<meta property=\"article:modified_time\" content=\"2025-07-27T08:57:04+00:00\" \/>\n<meta property=\"og:image\" content=\"https:\/\/www.rassegnastampa-totustuus.it\/cattolica\/wp-content\/uploads\/2005\/05\/eutanasia.jpg\" \/>\n\t<meta property=\"og:image:width\" content=\"280\" \/>\n\t<meta property=\"og:image:height\" content=\"180\" \/>\n\t<meta property=\"og:image:type\" content=\"image\/jpeg\" \/>\n<meta name=\"author\" content=\"Redazione\" \/>\n<meta name=\"twitter:card\" content=\"summary_large_image\" \/>\n<meta name=\"twitter:creator\" content=\"@rassegnastampa9\" \/>\n<meta name=\"twitter:site\" content=\"@rassegnastampa9\" \/>\n<meta name=\"twitter:label1\" content=\"Scritto da\" \/>\n\t<meta name=\"twitter:data1\" content=\"Redazione\" \/>\n\t<meta name=\"twitter:label2\" content=\"Tempo di lettura stimato\" \/>\n\t<meta name=\"twitter:data2\" content=\"5 minuti\" \/>\n<script type=\"application\/ld+json\" class=\"yoast-schema-graph\">{\"@context\":\"https:\\\/\\\/schema.org\",\"@graph\":[{\"@type\":\"Article\",\"@id\":\"https:\\\/\\\/www.rassegnastampa-totustuus.it\\\/cattolica\\\/dal-canada-allolanda-dove-leutanasia-uccide-anche-senza-consenso\\\/#article\",\"isPartOf\":{\"@id\":\"https:\\\/\\\/www.rassegnastampa-totustuus.it\\\/cattolica\\\/dal-canada-allolanda-dove-leutanasia-uccide-anche-senza-consenso\\\/\"},\"author\":{\"name\":\"Redazione\",\"@id\":\"https:\\\/\\\/www.rassegnastampa-totustuus.it\\\/cattolica\\\/#\\\/schema\\\/person\\\/08f319d2bd1a0904ad9e2bfb7b15e5c3\"},\"headline\":\"Dal Canada all\u2019Olanda, dove l\u2019eutanasia uccide anche senza consenso\",\"datePublished\":\"2025-07-27T08:57:03+00:00\",\"dateModified\":\"2025-07-27T08:57:04+00:00\",\"mainEntityOfPage\":{\"@id\":\"https:\\\/\\\/www.rassegnastampa-totustuus.it\\\/cattolica\\\/dal-canada-allolanda-dove-leutanasia-uccide-anche-senza-consenso\\\/\"},\"wordCount\":756,\"publisher\":{\"@id\":\"https:\\\/\\\/www.rassegnastampa-totustuus.it\\\/cattolica\\\/#organization\"},\"image\":{\"@id\":\"https:\\\/\\\/www.rassegnastampa-totustuus.it\\\/cattolica\\\/dal-canada-allolanda-dove-leutanasia-uccide-anche-senza-consenso\\\/#primaryimage\"},\"thumbnailUrl\":\"https:\\\/\\\/www.rassegnastampa-totustuus.it\\\/cattolica\\\/wp-content\\\/uploads\\\/2005\\\/05\\\/eutanasia.jpg\",\"keywords\":[\"fine vita\",\"suicidio assistito\"],\"articleSection\":[\"Eutanasia\"],\"inLanguage\":\"it-IT\"},{\"@type\":\"WebPage\",\"@id\":\"https:\\\/\\\/www.rassegnastampa-totustuus.it\\\/cattolica\\\/dal-canada-allolanda-dove-leutanasia-uccide-anche-senza-consenso\\\/\",\"url\":\"https:\\\/\\\/www.rassegnastampa-totustuus.it\\\/cattolica\\\/dal-canada-allolanda-dove-leutanasia-uccide-anche-senza-consenso\\\/\",\"name\":\"Dal Canada all\u2019Olanda, dove l\u2019eutanasia uccide anche senza consenso - Rassegna Stampa Cattolica\",\"isPartOf\":{\"@id\":\"https:\\\/\\\/www.rassegnastampa-totustuus.it\\\/cattolica\\\/#website\"},\"primaryImageOfPage\":{\"@id\":\"https:\\\/\\\/www.rassegnastampa-totustuus.it\\\/cattolica\\\/dal-canada-allolanda-dove-leutanasia-uccide-anche-senza-consenso\\\/#primaryimage\"},\"image\":{\"@id\":\"https:\\\/\\\/www.rassegnastampa-totustuus.it\\\/cattolica\\\/dal-canada-allolanda-dove-leutanasia-uccide-anche-senza-consenso\\\/#primaryimage\"},\"thumbnailUrl\":\"https:\\\/\\\/www.rassegnastampa-totustuus.it\\\/cattolica\\\/wp-content\\\/uploads\\\/2005\\\/05\\\/eutanasia.jpg\",\"datePublished\":\"2025-07-27T08:57:03+00:00\",\"dateModified\":\"2025-07-27T08:57:04+00:00\",\"description\":\"Dal Canada all\u2019Olanda, dove l\u2019eutanasia uccide anche senza consenso. I Paesi occidentali che hanno approvato discutono leggi per l\u2019eutanasia\",\"breadcrumb\":{\"@id\":\"https:\\\/\\\/www.rassegnastampa-totustuus.it\\\/cattolica\\\/dal-canada-allolanda-dove-leutanasia-uccide-anche-senza-consenso\\\/#breadcrumb\"},\"inLanguage\":\"it-IT\",\"potentialAction\":[{\"@type\":\"ReadAction\",\"target\":[\"https:\\\/\\\/www.rassegnastampa-totustuus.it\\\/cattolica\\\/dal-canada-allolanda-dove-leutanasia-uccide-anche-senza-consenso\\\/\"]}]},{\"@type\":\"ImageObject\",\"inLanguage\":\"it-IT\",\"@id\":\"https:\\\/\\\/www.rassegnastampa-totustuus.it\\\/cattolica\\\/dal-canada-allolanda-dove-leutanasia-uccide-anche-senza-consenso\\\/#primaryimage\",\"url\":\"https:\\\/\\\/www.rassegnastampa-totustuus.it\\\/cattolica\\\/wp-content\\\/uploads\\\/2005\\\/05\\\/eutanasia.jpg\",\"contentUrl\":\"https:\\\/\\\/www.rassegnastampa-totustuus.it\\\/cattolica\\\/wp-content\\\/uploads\\\/2005\\\/05\\\/eutanasia.jpg\"},{\"@type\":\"BreadcrumbList\",\"@id\":\"https:\\\/\\\/www.rassegnastampa-totustuus.it\\\/cattolica\\\/dal-canada-allolanda-dove-leutanasia-uccide-anche-senza-consenso\\\/#breadcrumb\",\"itemListElement\":[{\"@type\":\"ListItem\",\"position\":1,\"name\":\"Home\",\"item\":\"https:\\\/\\\/www.rassegnastampa-totustuus.it\\\/cattolica\\\/\"},{\"@type\":\"ListItem\",\"position\":2,\"name\":\"Dal Canada all\u2019Olanda, dove l\u2019eutanasia uccide anche senza consenso\"}]},{\"@type\":\"WebSite\",\"@id\":\"https:\\\/\\\/www.rassegnastampa-totustuus.it\\\/cattolica\\\/#website\",\"url\":\"https:\\\/\\\/www.rassegnastampa-totustuus.it\\\/cattolica\\\/\",\"name\":\"Rassegna Stampa Cattolica\",\"description\":\"Per una cultura che nasce dalla Rivelazione cristiana in conformit\u00e0 alla tradizione e al Magistero della Chiesa in opposizione ad ogni relativismo e totalitarismo\",\"publisher\":{\"@id\":\"https:\\\/\\\/www.rassegnastampa-totustuus.it\\\/cattolica\\\/#organization\"},\"alternateName\":\"Rass. Cattolica\",\"potentialAction\":[{\"@type\":\"SearchAction\",\"target\":{\"@type\":\"EntryPoint\",\"urlTemplate\":\"https:\\\/\\\/www.rassegnastampa-totustuus.it\\\/cattolica\\\/?s={search_term_string}\"},\"query-input\":{\"@type\":\"PropertyValueSpecification\",\"valueRequired\":true,\"valueName\":\"search_term_string\"}}],\"inLanguage\":\"it-IT\"},{\"@type\":\"Organization\",\"@id\":\"https:\\\/\\\/www.rassegnastampa-totustuus.it\\\/cattolica\\\/#organization\",\"name\":\"Rassegna Stampa Cattolica\",\"url\":\"https:\\\/\\\/www.rassegnastampa-totustuus.it\\\/cattolica\\\/\",\"logo\":{\"@type\":\"ImageObject\",\"inLanguage\":\"it-IT\",\"@id\":\"https:\\\/\\\/www.rassegnastampa-totustuus.it\\\/cattolica\\\/#\\\/schema\\\/logo\\\/image\\\/\",\"url\":\"https:\\\/\\\/www.rassegnastampa-totustuus.it\\\/cattolica\\\/wp-content\\\/uploads\\\/2014\\\/04\\\/logo-rassegna1.gif\",\"contentUrl\":\"https:\\\/\\\/www.rassegnastampa-totustuus.it\\\/cattolica\\\/wp-content\\\/uploads\\\/2014\\\/04\\\/logo-rassegna1.gif\",\"width\":600,\"height\":163,\"caption\":\"Rassegna Stampa Cattolica\"},\"image\":{\"@id\":\"https:\\\/\\\/www.rassegnastampa-totustuus.it\\\/cattolica\\\/#\\\/schema\\\/logo\\\/image\\\/\"},\"sameAs\":[\"https:\\\/\\\/www.facebook.com\\\/rassegnastampacattolica\",\"https:\\\/\\\/x.com\\\/rassegnastampa9\"]},{\"@type\":\"Person\",\"@id\":\"https:\\\/\\\/www.rassegnastampa-totustuus.it\\\/cattolica\\\/#\\\/schema\\\/person\\\/08f319d2bd1a0904ad9e2bfb7b15e5c3\",\"name\":\"Redazione\",\"image\":{\"@type\":\"ImageObject\",\"inLanguage\":\"it-IT\",\"@id\":\"https:\\\/\\\/secure.gravatar.com\\\/avatar\\\/2fcdf27c78ea025fbdb44e914cc63c72249ffec9dc8aafd5c82b26240ef3f346?s=96&d=mm&r=g\",\"url\":\"https:\\\/\\\/secure.gravatar.com\\\/avatar\\\/2fcdf27c78ea025fbdb44e914cc63c72249ffec9dc8aafd5c82b26240ef3f346?s=96&d=mm&r=g\",\"contentUrl\":\"https:\\\/\\\/secure.gravatar.com\\\/avatar\\\/2fcdf27c78ea025fbdb44e914cc63c72249ffec9dc8aafd5c82b26240ef3f346?s=96&d=mm&r=g\",\"caption\":\"Redazione\"},\"url\":\"https:\\\/\\\/www.rassegnastampa-totustuus.it\\\/cattolica\\\/author\\\/pietroelle\\\/\"}]}<\/script>\n<!-- \/ Yoast SEO plugin. -->","yoast_head_json":{"title":"Dal Canada all\u2019Olanda, dove l\u2019eutanasia uccide anche senza consenso - Rassegna Stampa Cattolica","description":"Dal Canada all\u2019Olanda, dove l\u2019eutanasia uccide anche senza consenso. I Paesi occidentali che hanno approvato discutono leggi per l\u2019eutanasia","robots":{"index":"index","follow":"follow","max-snippet":"max-snippet:-1","max-image-preview":"max-image-preview:large","max-video-preview":"max-video-preview:-1"},"canonical":"https:\/\/www.rassegnastampa-totustuus.it\/cattolica\/dal-canada-allolanda-dove-leutanasia-uccide-anche-senza-consenso\/","og_locale":"it_IT","og_type":"article","og_title":"Dal Canada all\u2019Olanda, dove l\u2019eutanasia uccide anche senza consenso - Rassegna Stampa Cattolica","og_description":"Dal Canada all\u2019Olanda, dove l\u2019eutanasia uccide anche senza consenso. I Paesi occidentali che hanno approvato discutono leggi per l\u2019eutanasia","og_url":"https:\/\/www.rassegnastampa-totustuus.it\/cattolica\/dal-canada-allolanda-dove-leutanasia-uccide-anche-senza-consenso\/","og_site_name":"Rassegna Stampa Cattolica","article_publisher":"https:\/\/www.facebook.com\/rassegnastampacattolica","article_published_time":"2025-07-27T08:57:03+00:00","article_modified_time":"2025-07-27T08:57:04+00:00","og_image":[{"width":280,"height":180,"url":"https:\/\/www.rassegnastampa-totustuus.it\/cattolica\/wp-content\/uploads\/2005\/05\/eutanasia.jpg","type":"image\/jpeg"}],"author":"Redazione","twitter_card":"summary_large_image","twitter_creator":"@rassegnastampa9","twitter_site":"@rassegnastampa9","twitter_misc":{"Scritto da":"Redazione","Tempo di lettura stimato":"5 minuti"},"schema":{"@context":"https:\/\/schema.org","@graph":[{"@type":"Article","@id":"https:\/\/www.rassegnastampa-totustuus.it\/cattolica\/dal-canada-allolanda-dove-leutanasia-uccide-anche-senza-consenso\/#article","isPartOf":{"@id":"https:\/\/www.rassegnastampa-totustuus.it\/cattolica\/dal-canada-allolanda-dove-leutanasia-uccide-anche-senza-consenso\/"},"author":{"name":"Redazione","@id":"https:\/\/www.rassegnastampa-totustuus.it\/cattolica\/#\/schema\/person\/08f319d2bd1a0904ad9e2bfb7b15e5c3"},"headline":"Dal Canada all\u2019Olanda, dove l\u2019eutanasia uccide anche senza consenso","datePublished":"2025-07-27T08:57:03+00:00","dateModified":"2025-07-27T08:57:04+00:00","mainEntityOfPage":{"@id":"https:\/\/www.rassegnastampa-totustuus.it\/cattolica\/dal-canada-allolanda-dove-leutanasia-uccide-anche-senza-consenso\/"},"wordCount":756,"publisher":{"@id":"https:\/\/www.rassegnastampa-totustuus.it\/cattolica\/#organization"},"image":{"@id":"https:\/\/www.rassegnastampa-totustuus.it\/cattolica\/dal-canada-allolanda-dove-leutanasia-uccide-anche-senza-consenso\/#primaryimage"},"thumbnailUrl":"https:\/\/www.rassegnastampa-totustuus.it\/cattolica\/wp-content\/uploads\/2005\/05\/eutanasia.jpg","keywords":["fine vita","suicidio assistito"],"articleSection":["Eutanasia"],"inLanguage":"it-IT"},{"@type":"WebPage","@id":"https:\/\/www.rassegnastampa-totustuus.it\/cattolica\/dal-canada-allolanda-dove-leutanasia-uccide-anche-senza-consenso\/","url":"https:\/\/www.rassegnastampa-totustuus.it\/cattolica\/dal-canada-allolanda-dove-leutanasia-uccide-anche-senza-consenso\/","name":"Dal Canada all\u2019Olanda, dove l\u2019eutanasia uccide anche senza consenso - Rassegna Stampa Cattolica","isPartOf":{"@id":"https:\/\/www.rassegnastampa-totustuus.it\/cattolica\/#website"},"primaryImageOfPage":{"@id":"https:\/\/www.rassegnastampa-totustuus.it\/cattolica\/dal-canada-allolanda-dove-leutanasia-uccide-anche-senza-consenso\/#primaryimage"},"image":{"@id":"https:\/\/www.rassegnastampa-totustuus.it\/cattolica\/dal-canada-allolanda-dove-leutanasia-uccide-anche-senza-consenso\/#primaryimage"},"thumbnailUrl":"https:\/\/www.rassegnastampa-totustuus.it\/cattolica\/wp-content\/uploads\/2005\/05\/eutanasia.jpg","datePublished":"2025-07-27T08:57:03+00:00","dateModified":"2025-07-27T08:57:04+00:00","description":"Dal Canada all\u2019Olanda, dove l\u2019eutanasia uccide anche senza consenso. I Paesi occidentali che hanno approvato discutono leggi per l\u2019eutanasia","breadcrumb":{"@id":"https:\/\/www.rassegnastampa-totustuus.it\/cattolica\/dal-canada-allolanda-dove-leutanasia-uccide-anche-senza-consenso\/#breadcrumb"},"inLanguage":"it-IT","potentialAction":[{"@type":"ReadAction","target":["https:\/\/www.rassegnastampa-totustuus.it\/cattolica\/dal-canada-allolanda-dove-leutanasia-uccide-anche-senza-consenso\/"]}]},{"@type":"ImageObject","inLanguage":"it-IT","@id":"https:\/\/www.rassegnastampa-totustuus.it\/cattolica\/dal-canada-allolanda-dove-leutanasia-uccide-anche-senza-consenso\/#primaryimage","url":"https:\/\/www.rassegnastampa-totustuus.it\/cattolica\/wp-content\/uploads\/2005\/05\/eutanasia.jpg","contentUrl":"https:\/\/www.rassegnastampa-totustuus.it\/cattolica\/wp-content\/uploads\/2005\/05\/eutanasia.jpg"},{"@type":"BreadcrumbList","@id":"https:\/\/www.rassegnastampa-totustuus.it\/cattolica\/dal-canada-allolanda-dove-leutanasia-uccide-anche-senza-consenso\/#breadcrumb","itemListElement":[{"@type":"ListItem","position":1,"name":"Home","item":"https:\/\/www.rassegnastampa-totustuus.it\/cattolica\/"},{"@type":"ListItem","position":2,"name":"Dal Canada all\u2019Olanda, dove l\u2019eutanasia uccide anche senza consenso"}]},{"@type":"WebSite","@id":"https:\/\/www.rassegnastampa-totustuus.it\/cattolica\/#website","url":"https:\/\/www.rassegnastampa-totustuus.it\/cattolica\/","name":"Rassegna Stampa Cattolica","description":"Per una cultura che nasce dalla Rivelazione cristiana in conformit\u00e0 alla tradizione e al Magistero della Chiesa in opposizione ad ogni relativismo e totalitarismo","publisher":{"@id":"https:\/\/www.rassegnastampa-totustuus.it\/cattolica\/#organization"},"alternateName":"Rass. Cattolica","potentialAction":[{"@type":"SearchAction","target":{"@type":"EntryPoint","urlTemplate":"https:\/\/www.rassegnastampa-totustuus.it\/cattolica\/?s={search_term_string}"},"query-input":{"@type":"PropertyValueSpecification","valueRequired":true,"valueName":"search_term_string"}}],"inLanguage":"it-IT"},{"@type":"Organization","@id":"https:\/\/www.rassegnastampa-totustuus.it\/cattolica\/#organization","name":"Rassegna Stampa Cattolica","url":"https:\/\/www.rassegnastampa-totustuus.it\/cattolica\/","logo":{"@type":"ImageObject","inLanguage":"it-IT","@id":"https:\/\/www.rassegnastampa-totustuus.it\/cattolica\/#\/schema\/logo\/image\/","url":"https:\/\/www.rassegnastampa-totustuus.it\/cattolica\/wp-content\/uploads\/2014\/04\/logo-rassegna1.gif","contentUrl":"https:\/\/www.rassegnastampa-totustuus.it\/cattolica\/wp-content\/uploads\/2014\/04\/logo-rassegna1.gif","width":600,"height":163,"caption":"Rassegna Stampa Cattolica"},"image":{"@id":"https:\/\/www.rassegnastampa-totustuus.it\/cattolica\/#\/schema\/logo\/image\/"},"sameAs":["https:\/\/www.facebook.com\/rassegnastampacattolica","https:\/\/x.com\/rassegnastampa9"]},{"@type":"Person","@id":"https:\/\/www.rassegnastampa-totustuus.it\/cattolica\/#\/schema\/person\/08f319d2bd1a0904ad9e2bfb7b15e5c3","name":"Redazione","image":{"@type":"ImageObject","inLanguage":"it-IT","@id":"https:\/\/secure.gravatar.com\/avatar\/2fcdf27c78ea025fbdb44e914cc63c72249ffec9dc8aafd5c82b26240ef3f346?s=96&d=mm&r=g","url":"https:\/\/secure.gravatar.com\/avatar\/2fcdf27c78ea025fbdb44e914cc63c72249ffec9dc8aafd5c82b26240ef3f346?s=96&d=mm&r=g","contentUrl":"https:\/\/secure.gravatar.com\/avatar\/2fcdf27c78ea025fbdb44e914cc63c72249ffec9dc8aafd5c82b26240ef3f346?s=96&d=mm&r=g","caption":"Redazione"},"url":"https:\/\/www.rassegnastampa-totustuus.it\/cattolica\/author\/pietroelle\/"}]}},"_links":{"self":[{"href":"https:\/\/www.rassegnastampa-totustuus.it\/cattolica\/wp-json\/wp\/v2\/posts\/63592","targetHints":{"allow":["GET"]}}],"collection":[{"href":"https:\/\/www.rassegnastampa-totustuus.it\/cattolica\/wp-json\/wp\/v2\/posts"}],"about":[{"href":"https:\/\/www.rassegnastampa-totustuus.it\/cattolica\/wp-json\/wp\/v2\/types\/post"}],"author":[{"embeddable":true,"href":"https:\/\/www.rassegnastampa-totustuus.it\/cattolica\/wp-json\/wp\/v2\/users\/6"}],"replies":[{"embeddable":true,"href":"https:\/\/www.rassegnastampa-totustuus.it\/cattolica\/wp-json\/wp\/v2\/comments?post=63592"}],"version-history":[{"count":1,"href":"https:\/\/www.rassegnastampa-totustuus.it\/cattolica\/wp-json\/wp\/v2\/posts\/63592\/revisions"}],"predecessor-version":[{"id":63593,"href":"https:\/\/www.rassegnastampa-totustuus.it\/cattolica\/wp-json\/wp\/v2\/posts\/63592\/revisions\/63593"}],"wp:attachment":[{"href":"https:\/\/www.rassegnastampa-totustuus.it\/cattolica\/wp-json\/wp\/v2\/media?parent=63592"}],"wp:term":[{"taxonomy":"category","embeddable":true,"href":"https:\/\/www.rassegnastampa-totustuus.it\/cattolica\/wp-json\/wp\/v2\/categories?post=63592"},{"taxonomy":"post_tag","embeddable":true,"href":"https:\/\/www.rassegnastampa-totustuus.it\/cattolica\/wp-json\/wp\/v2\/tags?post=63592"}],"curies":[{"name":"wp","href":"https:\/\/api.w.org\/{rel}","templated":true}]}}