{"id":63558,"date":"2025-07-24T11:54:10","date_gmt":"2025-07-24T09:54:10","guid":{"rendered":"https:\/\/www.rassegnastampa-totustuus.it\/cattolica\/?p=63558"},"modified":"2025-07-24T11:54:11","modified_gmt":"2025-07-24T09:54:11","slug":"il-green-e-solo-una-bolla-pompata-dalla-finanza-che-mina-la-democrazia","status":"publish","type":"post","link":"https:\/\/www.rassegnastampa-totustuus.it\/cattolica\/il-green-e-solo-una-bolla-pompata-dalla-finanza-che-mina-la-democrazia\/","title":{"rendered":"\u00abIl Green e solo una bolla pompata dalla finanza che mina la democrazia\u00bb"},"content":{"rendered":"\n<p class=\"has-text-align-center\"><strong><a href=\"https:\/\/www.laverita.info\/\" target=\"_blank\" rel=\"noreferrer noopener\">La Verit\u00e0<\/a> <\/strong>marted\u00ec 22 Luglio 2025<\/p>\n\n\n\n<p><em>L&#8217;economista: \u00abI fondi ESG sembrano lo strumento per la rivoluzione verde ma senza sussidi non stanno in piedi. Decide un governo parallelo di non eletti\u00bb<\/em><\/p>\n\n\n\n<p class=\"has-text-align-center\">di <strong>Franco Battaglia<\/strong><\/p>\n\n\n<div class=\"wp-block-image\">\n<figure class=\"aligncenter size-full is-resized\"><a href=\"https:\/\/www.rassegnastampa-totustuus.it\/cattolica\/wp-content\/uploads\/2025\/07\/Green_Economy_ambiente.jpg\"><img loading=\"lazy\" decoding=\"async\" width=\"1024\" height=\"596\" src=\"https:\/\/www.rassegnastampa-totustuus.it\/cattolica\/wp-content\/uploads\/2025\/07\/Green_Economy_ambiente.jpg\" alt=\"\" class=\"wp-image-63559\" style=\"width:450px;height:auto\" srcset=\"https:\/\/www.rassegnastampa-totustuus.it\/cattolica\/wp-content\/uploads\/2025\/07\/Green_Economy_ambiente.jpg 1024w, https:\/\/www.rassegnastampa-totustuus.it\/cattolica\/wp-content\/uploads\/2025\/07\/Green_Economy_ambiente-300x175.jpg 300w, https:\/\/www.rassegnastampa-totustuus.it\/cattolica\/wp-content\/uploads\/2025\/07\/Green_Economy_ambiente-768x447.jpg 768w, https:\/\/www.rassegnastampa-totustuus.it\/cattolica\/wp-content\/uploads\/2025\/07\/Green_Economy_ambiente-595x346.jpg 595w\" sizes=\"auto, (max-width: 1024px) 100vw, 1024px\" \/><\/a><\/figure><\/div>\n\n\n<!--more-->\n\n\n\n<p>Gi\u00e0 professore negli atenei di Modena, Bologna Ancona e Milano Bicocca, Mario Giaccio ha concluso gli ultimi anni di onorata carriera all&#8217;universit\u00e0 di Chieti-Pescara, ove per 14 anni \u00e8 stato presidente della facolt\u00e0 di Economia. Molti anni della sua attivit\u00e0 di ricerca li ha dedicati alle origini e implicazioni della green economy.<\/p>\n\n\n\n<h4 class=\"wp-block-heading\"><strong>Professore, come \u00e8 nata la green economy?<\/strong><\/h4>\n\n\n\n<p>\u00abE\u2019 nata da una visione neo malthusiana della realt\u00e0 che, promossa gi\u00e0 nel 1968 dal Club di Roma e recentemente ripresa dall&#8217;Agenda 2030, suggerisce che la terra sia sovrappopolata. Ancora di recente Dennis Meadow (del Club di Roma) e il World Economic Forum hanno esplicitamente espresso l&#8217;idea che la popolazione umana dovesse essere ridotta fino a un miliardo di abitanti. Il fiorire della nostra specie \u00e8 concomitante con &#8211; e in parte conseguente a &#8211; l&#8217;uso delle fonti fossili, cosicch\u00e9 s\u2019\u00e8 detto che per ridurre la popolazione del pianeta bisogna colpire le fonti fossili. Si millanta quindi l&#8217;uso di eolico e solare, il che significa, di fatto, deindustrializzare. Senonch\u00e9, implementare questa trasformazione del sistema energetico globale richiede trilioni di dollari : subodorato gli affari, la grande finanza ci si \u00e8 buttata a capofitto\u00bb.<\/p>\n\n\n<div class=\"wp-block-image\">\n<figure class=\"aligncenter size-full is-resized\"><a href=\"https:\/\/www.rassegnastampa-totustuus.it\/cattolica\/wp-content\/uploads\/2023\/01\/case_energia_ambiente.jpg\"><img loading=\"lazy\" decoding=\"async\" width=\"291\" height=\"173\" src=\"https:\/\/www.rassegnastampa-totustuus.it\/cattolica\/wp-content\/uploads\/2023\/01\/case_energia_ambiente.jpg\" alt=\"\" class=\"wp-image-55505\" style=\"width:393px;height:auto\"\/><\/a><\/figure><\/div>\n\n\n<h4 class=\"wp-block-heading\"><strong>Lo chiamano sviluppo sostenibile\u2026<\/strong><\/h4>\n\n\n\n<p>\u00abIl concetto di \u201csviluppo sostenibile\u201d &#8211; veicolato da organismi internazionali (come nel 1987, la Commissione Brundtland dell&#8217;Onu) &#8211; implica la necessit\u00e0 di frenare La crescita economica e della popolazione. E\u2019, questa, una \u201ccultura della morte\u201d che, gi\u00e0 denunciata da Giovanni Paolo II e da Benedetto XVI, giustifica il controllo delle nascite anche attraverso l&#8217;aborto (incurante del fatto che esso \u00e8 un omicidio).<\/p>\n\n\n\n<h4 class=\"wp-block-heading\"><strong>Ma com\u2019\u00e8 stata possibile l&#8217;affermazione di queste idee?<\/strong><\/h4>\n\n\n\n<p>\u00abCon la finanza climatica: \u00e9 stato individuata nella emergenza climatica il cavallo di Troia per gestire il cambiamento economico globale. Figure chiave sono state le grandi fondazioni filantropiche (per esempio, la Rockefeller Brothers Foundation o la Hewlett \u00a0Foundation) che hanno promosso l&#8217;agenda della deindustrializzazione con la eliminazione dei combustibili fossili le cui emissioni, si sostiene, possono provocare una catastrofe ambientale. <\/p>\n\n\n\n<p>Larry Fink (l&#8217;amministratore di BlackRock) ha dichiarato che il cambiamento climatico \u00e8 un fattore determinante per le prospettive a lungo termine delle aziende e che bisogna attuare una \u201csignificativa riallocazione del capitale\u201d per disinvestire dal settore dei combustibili fossili. L&#8217;influenza di BlackRock \u00e8 tale che molti suoi dirigenti sono passati a ricoprire ruoli chiave dell&#8217;amministrazione Biden e nel governo tedesco, guidando le politiche avverse ai combustibili fossili. <\/p>\n\n\n\n<p>L&#8217;avvio formale della finanza verde si \u00e8 avuto nel 2015 con la Coop 21 di Parigi, dove si \u00e8 concordato di indirizzare i flussi finanziari verso quegli investimenti che comportano \u201cbasse emissioni\u201d di anidride carbonica. Leader finanziari, come Nicholas Stern, hanno visto il cambiamento climatico come una nuova opportunit\u00e0 per estrarre valore e profitti: \u201cRendere i flussi finanziari coerenti con un percorso orientato a basse emissioni di gas serra e verso uno sviluppo ai cambiamenti climatici\u201d. Con questa premessa, il mondo della finanza ha modificato l&#8217;indirizzo dei propri investimenti. Mark Carney, ex governatore della Banca d&#8217;Inghilterra il membro del Wef, ha dichiarato che il sistema finanziario globale deve essere trasformato in modo che non sia pi\u00f9 emessa anidride carbonica, e che all&#8217;uopo bisogna reperire circa 100 trilioni di dollari Per le nuove fonti rinnovabili. Ma solo sussidi pubblici possono trovare quel denaro e solo con essi gli investimenti delle rinnovabili sono \u201csicuri\u201d\u00bb<\/p>\n\n\n<div class=\"wp-block-image\">\n<figure class=\"aligncenter size-full is-resized\"><a href=\"https:\/\/www.rassegnastampa-totustuus.it\/cattolica\/wp-content\/uploads\/2020\/09\/dollari_soldi.jpg\"><img loading=\"lazy\" decoding=\"async\" width=\"275\" height=\"183\" src=\"https:\/\/www.rassegnastampa-totustuus.it\/cattolica\/wp-content\/uploads\/2020\/09\/dollari_soldi.jpg\" alt=\"\" class=\"wp-image-48566\" style=\"width:435px;height:auto\"\/><\/a><\/figure><\/div>\n\n\n<h4 class=\"wp-block-heading\"><strong>Di quali strumenti finanziari si sono serviti?<\/strong><\/h4>\n\n\n\n<p>\u00abLo strumento principale sono i fondi Esg (Enviromental, Social and Governance) nati dalla collaborazione tra le Nazioni Unite e la grande finanza. Si prometteva agli investitori che i rendimenti dei loro investimenti sarebbero aumentati e, allo stesso tempo, che erano orientati verso uno sviluppo virtuoso: appunto, sostenibile. La verit\u00e0 \u00e8 che i fondi Esg si sono rivelati una strategia di marketing: con maggiori commissioni ai venditori, non forniscono rendimenti superiori e non hanno alcun reale impatto sociale o ambientale. Sicuramente hanno poca correlazione con le emissioni di carbonio\u00bb.<\/p>\n\n\n\n<h4 class=\"wp-block-heading\"><strong>Ma i governi stanno impotenti a guardare?<\/strong><\/h4>\n\n\n\n<p>\u00abVi \u00e8 un&#8217;ulteriore questione e cio\u00e8 quella di un \u201cgoverno parallelo\u201d esercitato da pochi oligarchi finanziari (BlackRock, Vanguard, Fidelity) che, attraverso i fondi passivi, controllano gran parte degli investimenti pubblici e prendono decisioni su questioni sociali e ambientali, usurpando le istituzioni democratiche delle loro funzioni\u00bb.<\/p>\n\n\n<div class=\"wp-block-image\">\n<figure class=\"aligncenter size-large is-resized\"><a href=\"https:\/\/www.rassegnastampa-totustuus.it\/cattolica\/wp-content\/uploads\/2020\/02\/ambiente_energia_eolico-2.jpg\"><img loading=\"lazy\" decoding=\"async\" width=\"1024\" height=\"461\" src=\"https:\/\/www.rassegnastampa-totustuus.it\/cattolica\/wp-content\/uploads\/2020\/02\/ambiente_energia_eolico-2-1024x461.jpg\" alt=\"\" class=\"wp-image-46478\" style=\"width:450px;height:auto\" srcset=\"https:\/\/www.rassegnastampa-totustuus.it\/cattolica\/wp-content\/uploads\/2020\/02\/ambiente_energia_eolico-2-1024x461.jpg 1024w, https:\/\/www.rassegnastampa-totustuus.it\/cattolica\/wp-content\/uploads\/2020\/02\/ambiente_energia_eolico-2-300x135.jpg 300w, https:\/\/www.rassegnastampa-totustuus.it\/cattolica\/wp-content\/uploads\/2020\/02\/ambiente_energia_eolico-2-768x346.jpg 768w\" sizes=\"auto, (max-width: 1024px) 100vw, 1024px\" \/><\/a><\/figure><\/div>\n\n\n<h4 class=\"wp-block-heading\"><strong>Per\u00f2 al declino degli investimenti Esg nel 2022, \u00e8 seguita poi una ripresa nel 2024\u2026<\/strong><\/h4>\n\n\n\n<p>\u00abS\u00ec. L&#8217;anno che ha segnato un punto di svolta \u00e8 stato il 2022: gli investimenti Esg che hanno cominciato a subire perdite significative: per esempio, l\u2019Etf \u201cS&amp;P 500 Esg-Screened\u201ddi BlackRock nel 2022 perdeva oltre il 22%; e il fondo legato alla Cleanenergy perdeva quasi il 54% del valore. Invece guadagnavano i fondi energetici tradizionali, fino al 255%. Pu\u00f2 controllare questi dati direttamente dal sito di BlackRock fra gennaio 2021 maggio 2024. <\/p>\n\n\n\n<p>L&#8217;indice delle Cleanenergy ha seguito l&#8217;andamento di una tipica bolla speculativa: \u00e8 salito da una base di 10.000 dollari a quasi 35.000 nel gennaio del 2021 per poi scendere a 15.000 nel maggio del 2024. L&#8217;andamento \u00e8 praticamente uguale a quello dell&#8217;ultima bolla speculativa, quella delle Dot-com (che raggruppa le societ\u00e0 di servizi dei siti web e Internet) sviluppatesi tra il 1997 e il 2000, quando l&#8217;indice Nasdaq a Marzo del 2000, raggiunse il massimo a 5133 punti per scendere a poco meno di 1500 verso la fine del 2002.<\/p>\n\n\n\n<p> Le cause che stanno alla base del declino sono economiche, industriali, giuridiche e politiche. Economiche: perdita di valore degli investimenti Cleanenergy e disinvestimenti dai fondi Esg a causa dei rendimenti mediocri e degli alti tassi di interesse. Industriali: il costo degli impianti delle fonti rinnovabili \u00e8 aumentato a causa dell&#8217;inflazione, dell&#8217;aumento dei costi delle materie prime e degli elevati costi di manutenzione. Giuridiche e politiche: molti Stati degli Usa hanno adottato leggi che limitano l&#8217;uso dei fattori Esg negli investimenti pubblici, accusando le societ\u00e0 finanziarie di voler violare il dovere fiduciario di massimizzare i rendimenti. I procuratori generali di molti Stati hanno anche sollevato una violazione della legge antitrust riguardo la \u201ccondotta coordinata\u201d dei grandi fondi per \u201cdemonizzare\u201d l&#8217;industria petrolifera e del gas. Di conseguenza, diversi giganti finanziari (JpMorgan, BlackRock, Vanguard, State Street) hanno ridotto il loro coinvolgimento nelle politiche climatiche, in certi casi si sono addirittura chiamate fuori\u00bb<\/p>\n\n\n\n<h4 class=\"wp-block-heading\"><strong>E la ripresa de 2024?<\/strong><\/h4>\n\n\n\n<p>\u00abCi\u00f2 fu dovuta esclusivamente ai massicci contributi e agevolazioni concessi dai governi europei, nazionali e locali, che hanno trasformato gli \u201cincentivi\u201d &#8211; che volevano essere esplorativi &#8211; in \u201csussidi\u201d elargiti, di fatto, ad attivit\u00e0 in perdita, come lo \u00e8 quella dei settori eolico e fotovoltaico\u00bb<\/p>\n\n\n<div class=\"wp-block-image\">\n<figure class=\"aligncenter size-full is-resized\"><a href=\"https:\/\/www.rassegnastampa-totustuus.it\/cattolica\/wp-content\/uploads\/2005\/06\/Borsa-1.jpg\"><img loading=\"lazy\" decoding=\"async\" width=\"302\" height=\"167\" src=\"https:\/\/www.rassegnastampa-totustuus.it\/cattolica\/wp-content\/uploads\/2005\/06\/Borsa-1.jpg\" alt=\"\" class=\"wp-image-35427\" style=\"width:482px;height:auto\" srcset=\"https:\/\/www.rassegnastampa-totustuus.it\/cattolica\/wp-content\/uploads\/2005\/06\/Borsa-1.jpg 302w, https:\/\/www.rassegnastampa-totustuus.it\/cattolica\/wp-content\/uploads\/2005\/06\/Borsa-1-300x166.jpg 300w\" sizes=\"auto, (max-width: 302px) 100vw, 302px\" \/><\/a><\/figure><\/div>\n\n\n<h4 class=\"wp-block-heading\"><strong>In conclusione?<\/strong><\/h4>\n\n\n\n<p>\u00abIn conclusione, quel che la finanza globale chiama il \u201dnuovo oro\u201d, \u00e8 una bolla speculativa e gli investimenti Esg non hanno prodotto i rendimenti promessi. La crescente influenza delle oligarchie finanziarie attraverso le Esg pone una seria minaccia alla democrazia, con un potere politico esercitato da pochi miliardari, nessuno dei quali \u00e8 eletto democraticamente. La finalit\u00e0 dell&#8217;ideologia climatica non \u00e8 il benessere del pianeta o dei suoi abitanti, ma il benessere della grande finanza\u00bb.<\/p>\n\n\n\n<h4 class=\"wp-block-heading\"><strong>Vede una speranza?<\/strong><\/h4>\n\n\n\n<p>\u00abSi: ricondurre il dibattito sul clima in ambito scientifico di modo che la grande finanza smetta di interessarsi al clima\u00bb<\/p>\n","protected":false},"excerpt":{"rendered":"<p>La Verit\u00e0 marted\u00ec 22 Luglio 2025 L&#8217;economista: \u00abI fondi ESG sembrano lo strumento per la rivoluzione verde ma senza sussidi non stanno in piedi. Decide un governo parallelo di non eletti\u00bb di Franco Battaglia<\/p><p><a class=\"more-link btn\" href=\"https:\/\/www.rassegnastampa-totustuus.it\/cattolica\/il-green-e-solo-una-bolla-pompata-dalla-finanza-che-mina-la-democrazia\/\">Continua a leggere<\/a><\/p>\n","protected":false},"author":6,"featured_media":63559,"comment_status":"closed","ping_status":"closed","sticky":false,"template":"","format":"standard","meta":{"footnotes":""},"categories":[3],"tags":[2745,1454,3032,3232],"class_list":["post-63558","post","type-post","status-publish","format-standard","has-post-thumbnail","hentry","category-ambientalismo","tag-energia-eolica","tag-energia-solare","tag-green-deal","tag-green-economy","item-wrap"],"yoast_head":"<!-- This site is optimized with the Yoast SEO plugin v27.5 - https:\/\/yoast.com\/product\/yoast-seo-wordpress\/ -->\n<title>\u00abIl Green e solo una bolla pompata dalla finanza che mina la democrazia\u00bb - Rassegna Stampa Cattolica<\/title>\n<meta name=\"description\" content=\"\u00abIl Green e solo una bolla pompata dalla finanza che mina la democrazia\u00bb I fondi Esg senza sussidi non stanno in piedi.\" \/>\n<meta name=\"robots\" content=\"index, follow, max-snippet:-1, max-image-preview:large, max-video-preview:-1\" \/>\n<link rel=\"canonical\" href=\"https:\/\/www.rassegnastampa-totustuus.it\/cattolica\/il-green-e-solo-una-bolla-pompata-dalla-finanza-che-mina-la-democrazia\/\" \/>\n<meta property=\"og:locale\" content=\"it_IT\" \/>\n<meta property=\"og:type\" content=\"article\" \/>\n<meta property=\"og:title\" content=\"\u00abIl Green e solo una bolla pompata dalla finanza che mina la democrazia\u00bb - Rassegna Stampa Cattolica\" \/>\n<meta property=\"og:description\" content=\"\u00abIl Green e solo una bolla pompata dalla finanza che mina la democrazia\u00bb I fondi Esg senza sussidi non stanno in piedi.\" \/>\n<meta property=\"og:url\" content=\"https:\/\/www.rassegnastampa-totustuus.it\/cattolica\/il-green-e-solo-una-bolla-pompata-dalla-finanza-che-mina-la-democrazia\/\" \/>\n<meta property=\"og:site_name\" content=\"Rassegna Stampa Cattolica\" \/>\n<meta property=\"article:publisher\" content=\"https:\/\/www.facebook.com\/rassegnastampacattolica\" \/>\n<meta property=\"article:published_time\" content=\"2025-07-24T09:54:10+00:00\" \/>\n<meta property=\"article:modified_time\" content=\"2025-07-24T09:54:11+00:00\" \/>\n<meta property=\"og:image\" content=\"https:\/\/www.rassegnastampa-totustuus.it\/cattolica\/wp-content\/uploads\/2025\/07\/Green_Economy_ambiente.jpg\" \/>\n\t<meta property=\"og:image:width\" content=\"1024\" \/>\n\t<meta property=\"og:image:height\" content=\"596\" \/>\n\t<meta property=\"og:image:type\" content=\"image\/jpeg\" \/>\n<meta name=\"author\" content=\"Redazione\" \/>\n<meta name=\"twitter:card\" content=\"summary_large_image\" \/>\n<meta name=\"twitter:creator\" content=\"@rassegnastampa9\" \/>\n<meta name=\"twitter:site\" content=\"@rassegnastampa9\" \/>\n<meta name=\"twitter:label1\" content=\"Scritto da\" \/>\n\t<meta name=\"twitter:data1\" content=\"Redazione\" \/>\n\t<meta name=\"twitter:label2\" content=\"Tempo di lettura stimato\" \/>\n\t<meta name=\"twitter:data2\" content=\"8 minuti\" \/>\n<script type=\"application\/ld+json\" class=\"yoast-schema-graph\">{\"@context\":\"https:\\\/\\\/schema.org\",\"@graph\":[{\"@type\":\"Article\",\"@id\":\"https:\\\/\\\/www.rassegnastampa-totustuus.it\\\/cattolica\\\/il-green-e-solo-una-bolla-pompata-dalla-finanza-che-mina-la-democrazia\\\/#article\",\"isPartOf\":{\"@id\":\"https:\\\/\\\/www.rassegnastampa-totustuus.it\\\/cattolica\\\/il-green-e-solo-una-bolla-pompata-dalla-finanza-che-mina-la-democrazia\\\/\"},\"author\":{\"name\":\"Redazione\",\"@id\":\"https:\\\/\\\/www.rassegnastampa-totustuus.it\\\/cattolica\\\/#\\\/schema\\\/person\\\/08f319d2bd1a0904ad9e2bfb7b15e5c3\"},\"headline\":\"\u00abIl Green e solo una bolla pompata dalla finanza che mina la democrazia\u00bb\",\"datePublished\":\"2025-07-24T09:54:10+00:00\",\"dateModified\":\"2025-07-24T09:54:11+00:00\",\"mainEntityOfPage\":{\"@id\":\"https:\\\/\\\/www.rassegnastampa-totustuus.it\\\/cattolica\\\/il-green-e-solo-una-bolla-pompata-dalla-finanza-che-mina-la-democrazia\\\/\"},\"wordCount\":1193,\"publisher\":{\"@id\":\"https:\\\/\\\/www.rassegnastampa-totustuus.it\\\/cattolica\\\/#organization\"},\"image\":{\"@id\":\"https:\\\/\\\/www.rassegnastampa-totustuus.it\\\/cattolica\\\/il-green-e-solo-una-bolla-pompata-dalla-finanza-che-mina-la-democrazia\\\/#primaryimage\"},\"thumbnailUrl\":\"https:\\\/\\\/www.rassegnastampa-totustuus.it\\\/cattolica\\\/wp-content\\\/uploads\\\/2025\\\/07\\\/Green_Economy_ambiente.jpg\",\"keywords\":[\"energia eolica\",\"energia solare\",\"green deal\",\"green economy\"],\"articleSection\":[\"Ambientalismo\"],\"inLanguage\":\"it-IT\"},{\"@type\":\"WebPage\",\"@id\":\"https:\\\/\\\/www.rassegnastampa-totustuus.it\\\/cattolica\\\/il-green-e-solo-una-bolla-pompata-dalla-finanza-che-mina-la-democrazia\\\/\",\"url\":\"https:\\\/\\\/www.rassegnastampa-totustuus.it\\\/cattolica\\\/il-green-e-solo-una-bolla-pompata-dalla-finanza-che-mina-la-democrazia\\\/\",\"name\":\"\u00abIl Green e solo una bolla pompata dalla finanza che mina la democrazia\u00bb - Rassegna Stampa Cattolica\",\"isPartOf\":{\"@id\":\"https:\\\/\\\/www.rassegnastampa-totustuus.it\\\/cattolica\\\/#website\"},\"primaryImageOfPage\":{\"@id\":\"https:\\\/\\\/www.rassegnastampa-totustuus.it\\\/cattolica\\\/il-green-e-solo-una-bolla-pompata-dalla-finanza-che-mina-la-democrazia\\\/#primaryimage\"},\"image\":{\"@id\":\"https:\\\/\\\/www.rassegnastampa-totustuus.it\\\/cattolica\\\/il-green-e-solo-una-bolla-pompata-dalla-finanza-che-mina-la-democrazia\\\/#primaryimage\"},\"thumbnailUrl\":\"https:\\\/\\\/www.rassegnastampa-totustuus.it\\\/cattolica\\\/wp-content\\\/uploads\\\/2025\\\/07\\\/Green_Economy_ambiente.jpg\",\"datePublished\":\"2025-07-24T09:54:10+00:00\",\"dateModified\":\"2025-07-24T09:54:11+00:00\",\"description\":\"\u00abIl Green e solo una bolla pompata dalla finanza che mina la democrazia\u00bb I fondi Esg senza sussidi non stanno in piedi.\",\"breadcrumb\":{\"@id\":\"https:\\\/\\\/www.rassegnastampa-totustuus.it\\\/cattolica\\\/il-green-e-solo-una-bolla-pompata-dalla-finanza-che-mina-la-democrazia\\\/#breadcrumb\"},\"inLanguage\":\"it-IT\",\"potentialAction\":[{\"@type\":\"ReadAction\",\"target\":[\"https:\\\/\\\/www.rassegnastampa-totustuus.it\\\/cattolica\\\/il-green-e-solo-una-bolla-pompata-dalla-finanza-che-mina-la-democrazia\\\/\"]}]},{\"@type\":\"ImageObject\",\"inLanguage\":\"it-IT\",\"@id\":\"https:\\\/\\\/www.rassegnastampa-totustuus.it\\\/cattolica\\\/il-green-e-solo-una-bolla-pompata-dalla-finanza-che-mina-la-democrazia\\\/#primaryimage\",\"url\":\"https:\\\/\\\/www.rassegnastampa-totustuus.it\\\/cattolica\\\/wp-content\\\/uploads\\\/2025\\\/07\\\/Green_Economy_ambiente.jpg\",\"contentUrl\":\"https:\\\/\\\/www.rassegnastampa-totustuus.it\\\/cattolica\\\/wp-content\\\/uploads\\\/2025\\\/07\\\/Green_Economy_ambiente.jpg\",\"width\":1024,\"height\":596},{\"@type\":\"BreadcrumbList\",\"@id\":\"https:\\\/\\\/www.rassegnastampa-totustuus.it\\\/cattolica\\\/il-green-e-solo-una-bolla-pompata-dalla-finanza-che-mina-la-democrazia\\\/#breadcrumb\",\"itemListElement\":[{\"@type\":\"ListItem\",\"position\":1,\"name\":\"Home\",\"item\":\"https:\\\/\\\/www.rassegnastampa-totustuus.it\\\/cattolica\\\/\"},{\"@type\":\"ListItem\",\"position\":2,\"name\":\"\u00abIl Green e solo una bolla pompata dalla finanza che mina la democrazia\u00bb\"}]},{\"@type\":\"WebSite\",\"@id\":\"https:\\\/\\\/www.rassegnastampa-totustuus.it\\\/cattolica\\\/#website\",\"url\":\"https:\\\/\\\/www.rassegnastampa-totustuus.it\\\/cattolica\\\/\",\"name\":\"Rassegna Stampa Cattolica\",\"description\":\"Per una cultura che nasce dalla Rivelazione cristiana in conformit\u00e0 alla tradizione e al Magistero della Chiesa in opposizione ad ogni relativismo e totalitarismo\",\"publisher\":{\"@id\":\"https:\\\/\\\/www.rassegnastampa-totustuus.it\\\/cattolica\\\/#organization\"},\"alternateName\":\"Rass. Cattolica\",\"potentialAction\":[{\"@type\":\"SearchAction\",\"target\":{\"@type\":\"EntryPoint\",\"urlTemplate\":\"https:\\\/\\\/www.rassegnastampa-totustuus.it\\\/cattolica\\\/?s={search_term_string}\"},\"query-input\":{\"@type\":\"PropertyValueSpecification\",\"valueRequired\":true,\"valueName\":\"search_term_string\"}}],\"inLanguage\":\"it-IT\"},{\"@type\":\"Organization\",\"@id\":\"https:\\\/\\\/www.rassegnastampa-totustuus.it\\\/cattolica\\\/#organization\",\"name\":\"Rassegna Stampa Cattolica\",\"url\":\"https:\\\/\\\/www.rassegnastampa-totustuus.it\\\/cattolica\\\/\",\"logo\":{\"@type\":\"ImageObject\",\"inLanguage\":\"it-IT\",\"@id\":\"https:\\\/\\\/www.rassegnastampa-totustuus.it\\\/cattolica\\\/#\\\/schema\\\/logo\\\/image\\\/\",\"url\":\"https:\\\/\\\/www.rassegnastampa-totustuus.it\\\/cattolica\\\/wp-content\\\/uploads\\\/2014\\\/04\\\/logo-rassegna1.gif\",\"contentUrl\":\"https:\\\/\\\/www.rassegnastampa-totustuus.it\\\/cattolica\\\/wp-content\\\/uploads\\\/2014\\\/04\\\/logo-rassegna1.gif\",\"width\":600,\"height\":163,\"caption\":\"Rassegna Stampa Cattolica\"},\"image\":{\"@id\":\"https:\\\/\\\/www.rassegnastampa-totustuus.it\\\/cattolica\\\/#\\\/schema\\\/logo\\\/image\\\/\"},\"sameAs\":[\"https:\\\/\\\/www.facebook.com\\\/rassegnastampacattolica\",\"https:\\\/\\\/x.com\\\/rassegnastampa9\"]},{\"@type\":\"Person\",\"@id\":\"https:\\\/\\\/www.rassegnastampa-totustuus.it\\\/cattolica\\\/#\\\/schema\\\/person\\\/08f319d2bd1a0904ad9e2bfb7b15e5c3\",\"name\":\"Redazione\",\"image\":{\"@type\":\"ImageObject\",\"inLanguage\":\"it-IT\",\"@id\":\"https:\\\/\\\/secure.gravatar.com\\\/avatar\\\/2fcdf27c78ea025fbdb44e914cc63c72249ffec9dc8aafd5c82b26240ef3f346?s=96&d=mm&r=g\",\"url\":\"https:\\\/\\\/secure.gravatar.com\\\/avatar\\\/2fcdf27c78ea025fbdb44e914cc63c72249ffec9dc8aafd5c82b26240ef3f346?s=96&d=mm&r=g\",\"contentUrl\":\"https:\\\/\\\/secure.gravatar.com\\\/avatar\\\/2fcdf27c78ea025fbdb44e914cc63c72249ffec9dc8aafd5c82b26240ef3f346?s=96&d=mm&r=g\",\"caption\":\"Redazione\"},\"url\":\"https:\\\/\\\/www.rassegnastampa-totustuus.it\\\/cattolica\\\/author\\\/pietroelle\\\/\"}]}<\/script>\n<!-- \/ Yoast SEO plugin. -->","yoast_head_json":{"title":"\u00abIl Green e solo una bolla pompata dalla finanza che mina la democrazia\u00bb - Rassegna Stampa Cattolica","description":"\u00abIl Green e solo una bolla pompata dalla finanza che mina la democrazia\u00bb I fondi Esg senza sussidi non stanno in piedi.","robots":{"index":"index","follow":"follow","max-snippet":"max-snippet:-1","max-image-preview":"max-image-preview:large","max-video-preview":"max-video-preview:-1"},"canonical":"https:\/\/www.rassegnastampa-totustuus.it\/cattolica\/il-green-e-solo-una-bolla-pompata-dalla-finanza-che-mina-la-democrazia\/","og_locale":"it_IT","og_type":"article","og_title":"\u00abIl Green e solo una bolla pompata dalla finanza che mina la democrazia\u00bb - Rassegna Stampa Cattolica","og_description":"\u00abIl Green e solo una bolla pompata dalla finanza che mina la democrazia\u00bb I fondi Esg senza sussidi non stanno in piedi.","og_url":"https:\/\/www.rassegnastampa-totustuus.it\/cattolica\/il-green-e-solo-una-bolla-pompata-dalla-finanza-che-mina-la-democrazia\/","og_site_name":"Rassegna Stampa Cattolica","article_publisher":"https:\/\/www.facebook.com\/rassegnastampacattolica","article_published_time":"2025-07-24T09:54:10+00:00","article_modified_time":"2025-07-24T09:54:11+00:00","og_image":[{"width":1024,"height":596,"url":"https:\/\/www.rassegnastampa-totustuus.it\/cattolica\/wp-content\/uploads\/2025\/07\/Green_Economy_ambiente.jpg","type":"image\/jpeg"}],"author":"Redazione","twitter_card":"summary_large_image","twitter_creator":"@rassegnastampa9","twitter_site":"@rassegnastampa9","twitter_misc":{"Scritto da":"Redazione","Tempo di lettura stimato":"8 minuti"},"schema":{"@context":"https:\/\/schema.org","@graph":[{"@type":"Article","@id":"https:\/\/www.rassegnastampa-totustuus.it\/cattolica\/il-green-e-solo-una-bolla-pompata-dalla-finanza-che-mina-la-democrazia\/#article","isPartOf":{"@id":"https:\/\/www.rassegnastampa-totustuus.it\/cattolica\/il-green-e-solo-una-bolla-pompata-dalla-finanza-che-mina-la-democrazia\/"},"author":{"name":"Redazione","@id":"https:\/\/www.rassegnastampa-totustuus.it\/cattolica\/#\/schema\/person\/08f319d2bd1a0904ad9e2bfb7b15e5c3"},"headline":"\u00abIl Green e solo una bolla pompata dalla finanza che mina la democrazia\u00bb","datePublished":"2025-07-24T09:54:10+00:00","dateModified":"2025-07-24T09:54:11+00:00","mainEntityOfPage":{"@id":"https:\/\/www.rassegnastampa-totustuus.it\/cattolica\/il-green-e-solo-una-bolla-pompata-dalla-finanza-che-mina-la-democrazia\/"},"wordCount":1193,"publisher":{"@id":"https:\/\/www.rassegnastampa-totustuus.it\/cattolica\/#organization"},"image":{"@id":"https:\/\/www.rassegnastampa-totustuus.it\/cattolica\/il-green-e-solo-una-bolla-pompata-dalla-finanza-che-mina-la-democrazia\/#primaryimage"},"thumbnailUrl":"https:\/\/www.rassegnastampa-totustuus.it\/cattolica\/wp-content\/uploads\/2025\/07\/Green_Economy_ambiente.jpg","keywords":["energia eolica","energia solare","green deal","green economy"],"articleSection":["Ambientalismo"],"inLanguage":"it-IT"},{"@type":"WebPage","@id":"https:\/\/www.rassegnastampa-totustuus.it\/cattolica\/il-green-e-solo-una-bolla-pompata-dalla-finanza-che-mina-la-democrazia\/","url":"https:\/\/www.rassegnastampa-totustuus.it\/cattolica\/il-green-e-solo-una-bolla-pompata-dalla-finanza-che-mina-la-democrazia\/","name":"\u00abIl Green e solo una bolla pompata dalla finanza che mina la democrazia\u00bb - Rassegna Stampa Cattolica","isPartOf":{"@id":"https:\/\/www.rassegnastampa-totustuus.it\/cattolica\/#website"},"primaryImageOfPage":{"@id":"https:\/\/www.rassegnastampa-totustuus.it\/cattolica\/il-green-e-solo-una-bolla-pompata-dalla-finanza-che-mina-la-democrazia\/#primaryimage"},"image":{"@id":"https:\/\/www.rassegnastampa-totustuus.it\/cattolica\/il-green-e-solo-una-bolla-pompata-dalla-finanza-che-mina-la-democrazia\/#primaryimage"},"thumbnailUrl":"https:\/\/www.rassegnastampa-totustuus.it\/cattolica\/wp-content\/uploads\/2025\/07\/Green_Economy_ambiente.jpg","datePublished":"2025-07-24T09:54:10+00:00","dateModified":"2025-07-24T09:54:11+00:00","description":"\u00abIl Green e solo una bolla pompata dalla finanza che mina la democrazia\u00bb I fondi Esg senza sussidi non stanno in piedi.","breadcrumb":{"@id":"https:\/\/www.rassegnastampa-totustuus.it\/cattolica\/il-green-e-solo-una-bolla-pompata-dalla-finanza-che-mina-la-democrazia\/#breadcrumb"},"inLanguage":"it-IT","potentialAction":[{"@type":"ReadAction","target":["https:\/\/www.rassegnastampa-totustuus.it\/cattolica\/il-green-e-solo-una-bolla-pompata-dalla-finanza-che-mina-la-democrazia\/"]}]},{"@type":"ImageObject","inLanguage":"it-IT","@id":"https:\/\/www.rassegnastampa-totustuus.it\/cattolica\/il-green-e-solo-una-bolla-pompata-dalla-finanza-che-mina-la-democrazia\/#primaryimage","url":"https:\/\/www.rassegnastampa-totustuus.it\/cattolica\/wp-content\/uploads\/2025\/07\/Green_Economy_ambiente.jpg","contentUrl":"https:\/\/www.rassegnastampa-totustuus.it\/cattolica\/wp-content\/uploads\/2025\/07\/Green_Economy_ambiente.jpg","width":1024,"height":596},{"@type":"BreadcrumbList","@id":"https:\/\/www.rassegnastampa-totustuus.it\/cattolica\/il-green-e-solo-una-bolla-pompata-dalla-finanza-che-mina-la-democrazia\/#breadcrumb","itemListElement":[{"@type":"ListItem","position":1,"name":"Home","item":"https:\/\/www.rassegnastampa-totustuus.it\/cattolica\/"},{"@type":"ListItem","position":2,"name":"\u00abIl Green e solo una bolla pompata dalla finanza che mina la democrazia\u00bb"}]},{"@type":"WebSite","@id":"https:\/\/www.rassegnastampa-totustuus.it\/cattolica\/#website","url":"https:\/\/www.rassegnastampa-totustuus.it\/cattolica\/","name":"Rassegna Stampa Cattolica","description":"Per una cultura che nasce dalla Rivelazione cristiana in conformit\u00e0 alla tradizione e al Magistero della Chiesa in opposizione ad ogni relativismo e totalitarismo","publisher":{"@id":"https:\/\/www.rassegnastampa-totustuus.it\/cattolica\/#organization"},"alternateName":"Rass. Cattolica","potentialAction":[{"@type":"SearchAction","target":{"@type":"EntryPoint","urlTemplate":"https:\/\/www.rassegnastampa-totustuus.it\/cattolica\/?s={search_term_string}"},"query-input":{"@type":"PropertyValueSpecification","valueRequired":true,"valueName":"search_term_string"}}],"inLanguage":"it-IT"},{"@type":"Organization","@id":"https:\/\/www.rassegnastampa-totustuus.it\/cattolica\/#organization","name":"Rassegna Stampa Cattolica","url":"https:\/\/www.rassegnastampa-totustuus.it\/cattolica\/","logo":{"@type":"ImageObject","inLanguage":"it-IT","@id":"https:\/\/www.rassegnastampa-totustuus.it\/cattolica\/#\/schema\/logo\/image\/","url":"https:\/\/www.rassegnastampa-totustuus.it\/cattolica\/wp-content\/uploads\/2014\/04\/logo-rassegna1.gif","contentUrl":"https:\/\/www.rassegnastampa-totustuus.it\/cattolica\/wp-content\/uploads\/2014\/04\/logo-rassegna1.gif","width":600,"height":163,"caption":"Rassegna Stampa Cattolica"},"image":{"@id":"https:\/\/www.rassegnastampa-totustuus.it\/cattolica\/#\/schema\/logo\/image\/"},"sameAs":["https:\/\/www.facebook.com\/rassegnastampacattolica","https:\/\/x.com\/rassegnastampa9"]},{"@type":"Person","@id":"https:\/\/www.rassegnastampa-totustuus.it\/cattolica\/#\/schema\/person\/08f319d2bd1a0904ad9e2bfb7b15e5c3","name":"Redazione","image":{"@type":"ImageObject","inLanguage":"it-IT","@id":"https:\/\/secure.gravatar.com\/avatar\/2fcdf27c78ea025fbdb44e914cc63c72249ffec9dc8aafd5c82b26240ef3f346?s=96&d=mm&r=g","url":"https:\/\/secure.gravatar.com\/avatar\/2fcdf27c78ea025fbdb44e914cc63c72249ffec9dc8aafd5c82b26240ef3f346?s=96&d=mm&r=g","contentUrl":"https:\/\/secure.gravatar.com\/avatar\/2fcdf27c78ea025fbdb44e914cc63c72249ffec9dc8aafd5c82b26240ef3f346?s=96&d=mm&r=g","caption":"Redazione"},"url":"https:\/\/www.rassegnastampa-totustuus.it\/cattolica\/author\/pietroelle\/"}]}},"_links":{"self":[{"href":"https:\/\/www.rassegnastampa-totustuus.it\/cattolica\/wp-json\/wp\/v2\/posts\/63558","targetHints":{"allow":["GET"]}}],"collection":[{"href":"https:\/\/www.rassegnastampa-totustuus.it\/cattolica\/wp-json\/wp\/v2\/posts"}],"about":[{"href":"https:\/\/www.rassegnastampa-totustuus.it\/cattolica\/wp-json\/wp\/v2\/types\/post"}],"author":[{"embeddable":true,"href":"https:\/\/www.rassegnastampa-totustuus.it\/cattolica\/wp-json\/wp\/v2\/users\/6"}],"replies":[{"embeddable":true,"href":"https:\/\/www.rassegnastampa-totustuus.it\/cattolica\/wp-json\/wp\/v2\/comments?post=63558"}],"version-history":[{"count":1,"href":"https:\/\/www.rassegnastampa-totustuus.it\/cattolica\/wp-json\/wp\/v2\/posts\/63558\/revisions"}],"predecessor-version":[{"id":63560,"href":"https:\/\/www.rassegnastampa-totustuus.it\/cattolica\/wp-json\/wp\/v2\/posts\/63558\/revisions\/63560"}],"wp:featuredmedia":[{"embeddable":true,"href":"https:\/\/www.rassegnastampa-totustuus.it\/cattolica\/wp-json\/wp\/v2\/media\/63559"}],"wp:attachment":[{"href":"https:\/\/www.rassegnastampa-totustuus.it\/cattolica\/wp-json\/wp\/v2\/media?parent=63558"}],"wp:term":[{"taxonomy":"category","embeddable":true,"href":"https:\/\/www.rassegnastampa-totustuus.it\/cattolica\/wp-json\/wp\/v2\/categories?post=63558"},{"taxonomy":"post_tag","embeddable":true,"href":"https:\/\/www.rassegnastampa-totustuus.it\/cattolica\/wp-json\/wp\/v2\/tags?post=63558"}],"curies":[{"name":"wp","href":"https:\/\/api.w.org\/{rel}","templated":true}]}}