{"id":63433,"date":"2025-07-21T12:26:49","date_gmt":"2025-07-21T10:26:49","guid":{"rendered":"https:\/\/www.rassegnastampa-totustuus.it\/cattolica\/?p=63433"},"modified":"2025-07-21T12:27:04","modified_gmt":"2025-07-21T10:27:04","slug":"quanti-danni-fanno-i-cattolici-della-riduzione-del-danno","status":"publish","type":"post","link":"https:\/\/www.rassegnastampa-totustuus.it\/cattolica\/quanti-danni-fanno-i-cattolici-della-riduzione-del-danno\/","title":{"rendered":"Quanti danni fanno i cattolici della riduzione del danno"},"content":{"rendered":"\n<p class=\"has-text-align-center\"><strong><a href=\"https:\/\/vanthuanobservatory.com\/\" target=\"_blank\" rel=\"noreferrer noopener\">Osservatorio Internazionale cardinale Van Thu\u0203n<\/a> <\/strong>16 Luglio 2025<\/p>\n\n\n\n<p class=\"has-text-align-center\">di<strong> Stefano Fontana<\/strong><\/p>\n\n\n<div class=\"wp-block-image\">\n<figure class=\"aligncenter size-full is-resized\"><a href=\"https:\/\/www.rassegnastampa-totustuus.it\/cattolica\/wp-content\/uploads\/2011\/03\/eutanasia-2.jpg\"><img loading=\"lazy\" decoding=\"async\" width=\"256\" height=\"192\" src=\"https:\/\/www.rassegnastampa-totustuus.it\/cattolica\/wp-content\/uploads\/2011\/03\/eutanasia-2.jpg\" alt=\"\" class=\"wp-image-32130\" style=\"width:324px;height:auto\"\/><\/a><\/figure><\/div>\n\n\n<!--more-->\n\n\n\n<p>L\u2019intervento di Domenico Menorello sul tema del suicidio assistito, in polemica <a href=\"https:\/\/lanuovabq.it\/it\/avvenire-appoggia-il-ddl-sul-suicidio-assistito-travisando-wojtyla\" target=\"_blank\" rel=\"noreferrer noopener\">con la posizione espressa dalla <em>Bussola<\/em><\/a> tramite un articolo di Tommaso Scandroglio, viene ospitato da <em>Il Timone<\/em> \u2013 come si legge nella introduzione del direttore -, data l\u2019importanza del tema e per favorire il dialogo e il confronto. Al dialogo e al confronto nemmeno noi ci sottraiamo, ma non senza osservare che ancora una volta la cosa dimostra la divisione tra i cattolici. Siccome ci\u00f2 \u00e8 avvenuto sistematicamente in passato, a cominciare dalla legge sul divorzio, ne deriva che dialogo e confronto sono serviti a ben poco.<\/p>\n\n\n\n<p><strong>Sconforta prevedere che servir\u00e0 a poco anche questa volta<\/strong>. Anche perch\u00e9 quelle poche volte che ci sembrava di aver trovato un\u2019unit\u00e0, come al Circo Massimo nel caso del Family Day (12 maggio 2007), si \u00e8 poi dovuto constatare che le idee di chi era sul palco non collimavano proprio in tutto, come allora sembrava. E pensare che allora la nostra \u201cunit\u00e0\u201d aveva alle spalle un documento dei vescovi \u2013 quello contro le coppie di fatto \u2013 molto preciso e deciso, cosa non pi\u00f9 ripetutasi in seguito e men che meno oggi, quando da via della Conciliazione arriva solo l\u2019invito al dialogo, appunto.<\/p>\n\n\n<div class=\"wp-block-image\">\n<figure class=\"aligncenter size-full is-resized\"><a href=\"https:\/\/www.rassegnastampa-totustuus.it\/cattolica\/wp-content\/uploads\/2005\/09\/Parlamento.jpg\"><img loading=\"lazy\" decoding=\"async\" width=\"275\" height=\"183\" src=\"https:\/\/www.rassegnastampa-totustuus.it\/cattolica\/wp-content\/uploads\/2005\/09\/Parlamento.jpg\" alt=\"\" class=\"wp-image-34379\" style=\"width:387px;height:auto\"\/><\/a><\/figure><\/div>\n\n\n<p><strong>Ogni volta che si pone un grave problema legislativo e politico<\/strong> su un rilevante tema etico ove sia in ballo qualche principio non negoziabile emerge sempre qualcuno che propone interventi di riduzione del danno. Anche in questo caso \u00e8 cos\u00ec. Lascio agli esperti chiarire perch\u00e9 il disegno di legge governativo introduca la liceit\u00e0 dell\u2019aiuto al suicidio, dopo che la Corte costituzionale ne ha introdotto la depenalizzazione quando ricorrono quattro casi.<\/p>\n\n\n\n<p><strong>Sottolineo solo che i cattolici fanno una gran fatica<\/strong> ad imparare dal passato e ancora oggi si aggrappano ai primi articoli del disegno di legge nei quali si condanna il suicidio assistito. Ma anche la 194 sull\u2019aborto dice nei suoi primi articoli che la vita va tutelata in modo assoluto. Avere insistito su questa illusione ottica ha prodotto due risultati: ha finito per convertire anche la gerarchia ecclesiastica sulla bont\u00e0 della legge e ha contribuito ad accettare di fatto la eliminazione di alcuni paletti che la legge prevedeva, sicch\u00e9 ci si \u00e8 appiattiti sulla necessit\u00e0 di applicarla bene. Con la fine di ogni seria contestazione. Lo stesso capita oggi con il suicidio assistito.<\/p>\n\n\n\n<p><strong>Anche Massimo Gandolfini <a href=\"https:\/\/www.interris.it\/editoriale\/non-bisogno-legalizzare-morte-assistita\/\">ha sostenuto<\/a> \u2013 a ragione <\/strong>\u2013 che se verr\u00e0 approvata questa legge, tutti i paletti da essa posti verranno travolti uno dopo l\u2019altro. Tutte le leggi contro la vita e la famiglia, dalla Loris-Fortuna sul divorzio in Italia, alla \u201cloi Veil\u201d sull\u2019aborto in Francia, erano ricche di paletti \u2026 ma poi si \u00e8 arrivati all\u2019aborto generalizzato e immotivato e alle unioni civili anche tra omosessuali. Tutti sanno che la legge \u00e8 sempre pi\u00f9 di un testo scritto e la sua influenza sulla vita civile e politica \u00e8 pi\u00f9 ampia del solo livello giuridico. Su questo abbiamo alle spalle una lunga storia, da cui non abbiamo imparato niente.<\/p>\n\n\n<div class=\"wp-block-image\">\n<figure class=\"aligncenter size-full is-resized\"><a href=\"https:\/\/www.rassegnastampa-totustuus.it\/cattolica\/wp-content\/uploads\/2020\/09\/legge_Cirinn\u00e0_adozioni_gay.jpg\"><img loading=\"lazy\" decoding=\"async\" width=\"275\" height=\"183\" src=\"https:\/\/www.rassegnastampa-totustuus.it\/cattolica\/wp-content\/uploads\/2020\/09\/legge_Cirinn\u00e0_adozioni_gay.jpg\" alt=\"\" class=\"wp-image-48496\" style=\"width:381px;height:auto\"\/><\/a><\/figure><\/div>\n\n\n<p><strong>Oltre a questo, c\u2019\u00e8 forse anche una spiegazione pi\u00f9 ampia del puntuale arrivo<\/strong>, in casi di questo tipo, dei volonterosi che intendono perseguire il male minore o ridurre i danni di una legge ingiusta, per\u00f2 approvandola. Mi riferisco alla carenza di una visione complessiva della societ\u00e0 che dovrebbe essere loro fornita dalla Dottrina sociale della Chiesa. Senza questo si finisce per concentrarsi sul tema circoscritto per trovare delle soluzioni specifiche, perdendo per\u00f2 di vista il quadro generale dei principi in gioco e le influenze reciproche dei vari criteri di giudizio.<\/p>\n\n\n\n<p><strong>Per esempio, si assume senza critica quanto stabilito dalla Corte costituzionale<\/strong>, ossia la depenalizzazione dell\u2019aiuto al suicidio in certi casi, e da l\u00ec si parte, mentre la Dottrina sociale della Chiesa fornisce principi sulla legge e sulle istituzioni che richiederebbero altri atteggiamenti, molto pi\u00f9 critici e liberi da indebiti ossequi. Non \u00e8 scritto da nessuna parte che, dopo la sentenza della Consulta, il Parlamento sia obbligato a legiferare sul punto.<\/p>\n\n\n\n<p><strong>Le esigenze della Dottrina sociale, infatti, direbbero piuttosto di non farlo<\/strong>, e quando si tratta di principi non negoziabili, l\u2019appello della gerarchia ecclesiastica al dialogo sempre e comunque non giustifica una posizione condiscendente dei polititi cattolici. Per chiarire questi collegamenti \u00e8 per\u00f2 necessario condividere il quadro sistemico \u2013 la Dottrina sociale \u00e8 un \u201c<em>corpus<\/em>&nbsp;dottrinale\u201d e non solo un\u2019applicazione della prudenza in situazione \u2013 della dottrina sociale cattolica. Il cattolico impegnato in politica, infatti, non \u00e8 chiamato a \u201crisolvere il caso\u201d ma a costruire la societ\u00e0 cristiana che, proprio perch\u00e9 tale, \u00e8 anche umana.<\/p>\n\n\n<div class=\"wp-block-image\">\n<figure class=\"aligncenter size-full is-resized\"><a href=\"https:\/\/www.rassegnastampa-totustuus.it\/cattolica\/wp-content\/uploads\/2013\/10\/legge-194.jpg\"><img loading=\"lazy\" decoding=\"async\" width=\"269\" height=\"187\" src=\"https:\/\/www.rassegnastampa-totustuus.it\/cattolica\/wp-content\/uploads\/2013\/10\/legge-194.jpg\" alt=\"Aborto: la legge 194 che la Dc non imped\u00ec\" class=\"wp-image-25936\" style=\"width:391px;height:auto\"\/><\/a><\/figure><\/div>\n\n\n<p><strong>Infine, c\u2019\u00e8 un punto ancora pi\u00f9 delicato. <\/strong>Certamente il tema del suicidio assistito \u00e8 a portata anche della sola ragione e del diritto naturale. I cattolici dovrebbero chiedersi per\u00f2 cosa significhi oggi parlare di diritto naturale ad uno Stato che non ne conosce minimamente la nozione. Essi arrivano al dunque, come in questo caso, senza avere alle spalle un\u2019azione culturale e prepolitica affinch\u00e9 quel concetto, ed altri con esso, penetri nelle menti. Inoltre, con la scusa che l\u2019argomento \u00e8 di ordine razionale e naturale, scendono essi stessi solo su questo campo, dimenticando il piano della fede considerato inutile nella societ\u00e0 laica. Ma senza il sostegno delle verit\u00e0 di fede, anche quelle di ragione vacillano.<\/p>\n\n\n\n<p><strong>Mentre i cattolici continuano cos\u00ec, gli \u201caltri\u201d gongolano<\/strong>, contenti di vederci dialogare tra noi perch\u00e9 divisi. Se questo disegno di legge, in discussione al Senato dal prossimo 17 luglio, dovesse passare, ci\u00f2 avverr\u00e0, ancora una volta, con l\u2019aiuto dei cattolici. Quelli della riduzione del danno, naturalmente.<\/p>\n\n\n\n<p><\/p>\n","protected":false},"excerpt":{"rendered":"<p>Osservatorio Internazionale cardinale Van Thu\u0203n 16 Luglio 2025 di Stefano Fontana<\/p><p><a class=\"more-link btn\" href=\"https:\/\/www.rassegnastampa-totustuus.it\/cattolica\/quanti-danni-fanno-i-cattolici-della-riduzione-del-danno\/\">Continua a leggere<\/a><\/p>\n","protected":false},"author":6,"featured_media":32130,"comment_status":"closed","ping_status":"closed","sticky":false,"template":"","format":"standard","meta":{"footnotes":""},"categories":[55],"tags":[2005,654],"class_list":["post-63433","post","type-post","status-publish","format-standard","has-post-thumbnail","hentry","category-eutanasia","tag-cattolici-e-politica","tag-cattolici-in-politica","item-wrap"],"yoast_head":"<!-- This site is optimized with the Yoast SEO plugin v27.4 - https:\/\/yoast.com\/product\/yoast-seo-wordpress\/ -->\n<title>Quanti danni fanno i cattolici della riduzione del danno - Rassegna Stampa Cattolica<\/title>\n<meta name=\"description\" content=\"Quanti danni fanno i cattolici della riduzione del danno. Il compromesso divide i cattolici e non rende migliori le cattive leggi\" \/>\n<meta name=\"robots\" content=\"index, follow, max-snippet:-1, max-image-preview:large, max-video-preview:-1\" \/>\n<link rel=\"canonical\" href=\"https:\/\/www.rassegnastampa-totustuus.it\/cattolica\/quanti-danni-fanno-i-cattolici-della-riduzione-del-danno\/\" \/>\n<meta property=\"og:locale\" content=\"it_IT\" \/>\n<meta property=\"og:type\" content=\"article\" \/>\n<meta property=\"og:title\" content=\"Quanti danni fanno i cattolici della riduzione del danno - Rassegna Stampa Cattolica\" \/>\n<meta property=\"og:description\" content=\"Quanti danni fanno i cattolici della riduzione del danno. Il compromesso divide i cattolici e non rende migliori le cattive leggi\" \/>\n<meta property=\"og:url\" content=\"https:\/\/www.rassegnastampa-totustuus.it\/cattolica\/quanti-danni-fanno-i-cattolici-della-riduzione-del-danno\/\" \/>\n<meta property=\"og:site_name\" content=\"Rassegna Stampa Cattolica\" \/>\n<meta property=\"article:publisher\" content=\"https:\/\/www.facebook.com\/rassegnastampacattolica\" \/>\n<meta property=\"article:published_time\" content=\"2025-07-21T10:26:49+00:00\" \/>\n<meta property=\"article:modified_time\" content=\"2025-07-21T10:27:04+00:00\" \/>\n<meta property=\"og:image\" content=\"https:\/\/www.rassegnastampa-totustuus.it\/cattolica\/wp-content\/uploads\/2011\/03\/eutanasia-2.jpg\" \/>\n\t<meta property=\"og:image:width\" content=\"256\" \/>\n\t<meta property=\"og:image:height\" content=\"192\" \/>\n\t<meta property=\"og:image:type\" content=\"image\/jpeg\" \/>\n<meta name=\"author\" content=\"Redazione\" \/>\n<meta name=\"twitter:card\" content=\"summary_large_image\" \/>\n<meta name=\"twitter:creator\" content=\"@rassegnastampa9\" \/>\n<meta name=\"twitter:site\" content=\"@rassegnastampa9\" \/>\n<meta name=\"twitter:label1\" content=\"Scritto da\" \/>\n\t<meta name=\"twitter:data1\" content=\"Redazione\" \/>\n\t<meta name=\"twitter:label2\" content=\"Tempo di lettura stimato\" \/>\n\t<meta name=\"twitter:data2\" content=\"6 minuti\" \/>\n<script type=\"application\/ld+json\" class=\"yoast-schema-graph\">{\"@context\":\"https:\\\/\\\/schema.org\",\"@graph\":[{\"@type\":\"Article\",\"@id\":\"https:\\\/\\\/www.rassegnastampa-totustuus.it\\\/cattolica\\\/quanti-danni-fanno-i-cattolici-della-riduzione-del-danno\\\/#article\",\"isPartOf\":{\"@id\":\"https:\\\/\\\/www.rassegnastampa-totustuus.it\\\/cattolica\\\/quanti-danni-fanno-i-cattolici-della-riduzione-del-danno\\\/\"},\"author\":{\"name\":\"Redazione\",\"@id\":\"https:\\\/\\\/www.rassegnastampa-totustuus.it\\\/cattolica\\\/#\\\/schema\\\/person\\\/08f319d2bd1a0904ad9e2bfb7b15e5c3\"},\"headline\":\"Quanti danni fanno i cattolici della riduzione del danno\",\"datePublished\":\"2025-07-21T10:26:49+00:00\",\"dateModified\":\"2025-07-21T10:27:04+00:00\",\"mainEntityOfPage\":{\"@id\":\"https:\\\/\\\/www.rassegnastampa-totustuus.it\\\/cattolica\\\/quanti-danni-fanno-i-cattolici-della-riduzione-del-danno\\\/\"},\"wordCount\":916,\"publisher\":{\"@id\":\"https:\\\/\\\/www.rassegnastampa-totustuus.it\\\/cattolica\\\/#organization\"},\"image\":{\"@id\":\"https:\\\/\\\/www.rassegnastampa-totustuus.it\\\/cattolica\\\/quanti-danni-fanno-i-cattolici-della-riduzione-del-danno\\\/#primaryimage\"},\"thumbnailUrl\":\"https:\\\/\\\/www.rassegnastampa-totustuus.it\\\/cattolica\\\/wp-content\\\/uploads\\\/2011\\\/03\\\/eutanasia-2.jpg\",\"keywords\":[\"cattolici e politica\",\"cattolici in politica\"],\"articleSection\":[\"Eutanasia\"],\"inLanguage\":\"it-IT\"},{\"@type\":\"WebPage\",\"@id\":\"https:\\\/\\\/www.rassegnastampa-totustuus.it\\\/cattolica\\\/quanti-danni-fanno-i-cattolici-della-riduzione-del-danno\\\/\",\"url\":\"https:\\\/\\\/www.rassegnastampa-totustuus.it\\\/cattolica\\\/quanti-danni-fanno-i-cattolici-della-riduzione-del-danno\\\/\",\"name\":\"Quanti danni fanno i cattolici della riduzione del danno - Rassegna Stampa Cattolica\",\"isPartOf\":{\"@id\":\"https:\\\/\\\/www.rassegnastampa-totustuus.it\\\/cattolica\\\/#website\"},\"primaryImageOfPage\":{\"@id\":\"https:\\\/\\\/www.rassegnastampa-totustuus.it\\\/cattolica\\\/quanti-danni-fanno-i-cattolici-della-riduzione-del-danno\\\/#primaryimage\"},\"image\":{\"@id\":\"https:\\\/\\\/www.rassegnastampa-totustuus.it\\\/cattolica\\\/quanti-danni-fanno-i-cattolici-della-riduzione-del-danno\\\/#primaryimage\"},\"thumbnailUrl\":\"https:\\\/\\\/www.rassegnastampa-totustuus.it\\\/cattolica\\\/wp-content\\\/uploads\\\/2011\\\/03\\\/eutanasia-2.jpg\",\"datePublished\":\"2025-07-21T10:26:49+00:00\",\"dateModified\":\"2025-07-21T10:27:04+00:00\",\"description\":\"Quanti danni fanno i cattolici della riduzione del danno. Il compromesso divide i cattolici e non rende migliori le cattive leggi\",\"breadcrumb\":{\"@id\":\"https:\\\/\\\/www.rassegnastampa-totustuus.it\\\/cattolica\\\/quanti-danni-fanno-i-cattolici-della-riduzione-del-danno\\\/#breadcrumb\"},\"inLanguage\":\"it-IT\",\"potentialAction\":[{\"@type\":\"ReadAction\",\"target\":[\"https:\\\/\\\/www.rassegnastampa-totustuus.it\\\/cattolica\\\/quanti-danni-fanno-i-cattolici-della-riduzione-del-danno\\\/\"]}]},{\"@type\":\"ImageObject\",\"inLanguage\":\"it-IT\",\"@id\":\"https:\\\/\\\/www.rassegnastampa-totustuus.it\\\/cattolica\\\/quanti-danni-fanno-i-cattolici-della-riduzione-del-danno\\\/#primaryimage\",\"url\":\"https:\\\/\\\/www.rassegnastampa-totustuus.it\\\/cattolica\\\/wp-content\\\/uploads\\\/2011\\\/03\\\/eutanasia-2.jpg\",\"contentUrl\":\"https:\\\/\\\/www.rassegnastampa-totustuus.it\\\/cattolica\\\/wp-content\\\/uploads\\\/2011\\\/03\\\/eutanasia-2.jpg\",\"width\":256,\"height\":192},{\"@type\":\"BreadcrumbList\",\"@id\":\"https:\\\/\\\/www.rassegnastampa-totustuus.it\\\/cattolica\\\/quanti-danni-fanno-i-cattolici-della-riduzione-del-danno\\\/#breadcrumb\",\"itemListElement\":[{\"@type\":\"ListItem\",\"position\":1,\"name\":\"Home\",\"item\":\"https:\\\/\\\/www.rassegnastampa-totustuus.it\\\/cattolica\\\/\"},{\"@type\":\"ListItem\",\"position\":2,\"name\":\"Quanti danni fanno i cattolici della riduzione del danno\"}]},{\"@type\":\"WebSite\",\"@id\":\"https:\\\/\\\/www.rassegnastampa-totustuus.it\\\/cattolica\\\/#website\",\"url\":\"https:\\\/\\\/www.rassegnastampa-totustuus.it\\\/cattolica\\\/\",\"name\":\"Rassegna Stampa Cattolica\",\"description\":\"Per una cultura che nasce dalla Rivelazione cristiana in conformit\u00e0 alla tradizione e al Magistero della Chiesa in opposizione ad ogni relativismo e totalitarismo\",\"publisher\":{\"@id\":\"https:\\\/\\\/www.rassegnastampa-totustuus.it\\\/cattolica\\\/#organization\"},\"alternateName\":\"Rass. Cattolica\",\"potentialAction\":[{\"@type\":\"SearchAction\",\"target\":{\"@type\":\"EntryPoint\",\"urlTemplate\":\"https:\\\/\\\/www.rassegnastampa-totustuus.it\\\/cattolica\\\/?s={search_term_string}\"},\"query-input\":{\"@type\":\"PropertyValueSpecification\",\"valueRequired\":true,\"valueName\":\"search_term_string\"}}],\"inLanguage\":\"it-IT\"},{\"@type\":\"Organization\",\"@id\":\"https:\\\/\\\/www.rassegnastampa-totustuus.it\\\/cattolica\\\/#organization\",\"name\":\"Rassegna Stampa Cattolica\",\"url\":\"https:\\\/\\\/www.rassegnastampa-totustuus.it\\\/cattolica\\\/\",\"logo\":{\"@type\":\"ImageObject\",\"inLanguage\":\"it-IT\",\"@id\":\"https:\\\/\\\/www.rassegnastampa-totustuus.it\\\/cattolica\\\/#\\\/schema\\\/logo\\\/image\\\/\",\"url\":\"https:\\\/\\\/www.rassegnastampa-totustuus.it\\\/cattolica\\\/wp-content\\\/uploads\\\/2014\\\/04\\\/logo-rassegna1.gif\",\"contentUrl\":\"https:\\\/\\\/www.rassegnastampa-totustuus.it\\\/cattolica\\\/wp-content\\\/uploads\\\/2014\\\/04\\\/logo-rassegna1.gif\",\"width\":600,\"height\":163,\"caption\":\"Rassegna Stampa Cattolica\"},\"image\":{\"@id\":\"https:\\\/\\\/www.rassegnastampa-totustuus.it\\\/cattolica\\\/#\\\/schema\\\/logo\\\/image\\\/\"},\"sameAs\":[\"https:\\\/\\\/www.facebook.com\\\/rassegnastampacattolica\",\"https:\\\/\\\/x.com\\\/rassegnastampa9\"]},{\"@type\":\"Person\",\"@id\":\"https:\\\/\\\/www.rassegnastampa-totustuus.it\\\/cattolica\\\/#\\\/schema\\\/person\\\/08f319d2bd1a0904ad9e2bfb7b15e5c3\",\"name\":\"Redazione\",\"image\":{\"@type\":\"ImageObject\",\"inLanguage\":\"it-IT\",\"@id\":\"https:\\\/\\\/secure.gravatar.com\\\/avatar\\\/2fcdf27c78ea025fbdb44e914cc63c72249ffec9dc8aafd5c82b26240ef3f346?s=96&d=mm&r=g\",\"url\":\"https:\\\/\\\/secure.gravatar.com\\\/avatar\\\/2fcdf27c78ea025fbdb44e914cc63c72249ffec9dc8aafd5c82b26240ef3f346?s=96&d=mm&r=g\",\"contentUrl\":\"https:\\\/\\\/secure.gravatar.com\\\/avatar\\\/2fcdf27c78ea025fbdb44e914cc63c72249ffec9dc8aafd5c82b26240ef3f346?s=96&d=mm&r=g\",\"caption\":\"Redazione\"},\"url\":\"https:\\\/\\\/www.rassegnastampa-totustuus.it\\\/cattolica\\\/author\\\/pietroelle\\\/\"}]}<\/script>\n<!-- \/ Yoast SEO plugin. -->","yoast_head_json":{"title":"Quanti danni fanno i cattolici della riduzione del danno - Rassegna Stampa Cattolica","description":"Quanti danni fanno i cattolici della riduzione del danno. Il compromesso divide i cattolici e non rende migliori le cattive leggi","robots":{"index":"index","follow":"follow","max-snippet":"max-snippet:-1","max-image-preview":"max-image-preview:large","max-video-preview":"max-video-preview:-1"},"canonical":"https:\/\/www.rassegnastampa-totustuus.it\/cattolica\/quanti-danni-fanno-i-cattolici-della-riduzione-del-danno\/","og_locale":"it_IT","og_type":"article","og_title":"Quanti danni fanno i cattolici della riduzione del danno - Rassegna Stampa Cattolica","og_description":"Quanti danni fanno i cattolici della riduzione del danno. Il compromesso divide i cattolici e non rende migliori le cattive leggi","og_url":"https:\/\/www.rassegnastampa-totustuus.it\/cattolica\/quanti-danni-fanno-i-cattolici-della-riduzione-del-danno\/","og_site_name":"Rassegna Stampa Cattolica","article_publisher":"https:\/\/www.facebook.com\/rassegnastampacattolica","article_published_time":"2025-07-21T10:26:49+00:00","article_modified_time":"2025-07-21T10:27:04+00:00","og_image":[{"width":256,"height":192,"url":"https:\/\/www.rassegnastampa-totustuus.it\/cattolica\/wp-content\/uploads\/2011\/03\/eutanasia-2.jpg","type":"image\/jpeg"}],"author":"Redazione","twitter_card":"summary_large_image","twitter_creator":"@rassegnastampa9","twitter_site":"@rassegnastampa9","twitter_misc":{"Scritto da":"Redazione","Tempo di lettura stimato":"6 minuti"},"schema":{"@context":"https:\/\/schema.org","@graph":[{"@type":"Article","@id":"https:\/\/www.rassegnastampa-totustuus.it\/cattolica\/quanti-danni-fanno-i-cattolici-della-riduzione-del-danno\/#article","isPartOf":{"@id":"https:\/\/www.rassegnastampa-totustuus.it\/cattolica\/quanti-danni-fanno-i-cattolici-della-riduzione-del-danno\/"},"author":{"name":"Redazione","@id":"https:\/\/www.rassegnastampa-totustuus.it\/cattolica\/#\/schema\/person\/08f319d2bd1a0904ad9e2bfb7b15e5c3"},"headline":"Quanti danni fanno i cattolici della riduzione del danno","datePublished":"2025-07-21T10:26:49+00:00","dateModified":"2025-07-21T10:27:04+00:00","mainEntityOfPage":{"@id":"https:\/\/www.rassegnastampa-totustuus.it\/cattolica\/quanti-danni-fanno-i-cattolici-della-riduzione-del-danno\/"},"wordCount":916,"publisher":{"@id":"https:\/\/www.rassegnastampa-totustuus.it\/cattolica\/#organization"},"image":{"@id":"https:\/\/www.rassegnastampa-totustuus.it\/cattolica\/quanti-danni-fanno-i-cattolici-della-riduzione-del-danno\/#primaryimage"},"thumbnailUrl":"https:\/\/www.rassegnastampa-totustuus.it\/cattolica\/wp-content\/uploads\/2011\/03\/eutanasia-2.jpg","keywords":["cattolici e politica","cattolici in politica"],"articleSection":["Eutanasia"],"inLanguage":"it-IT"},{"@type":"WebPage","@id":"https:\/\/www.rassegnastampa-totustuus.it\/cattolica\/quanti-danni-fanno-i-cattolici-della-riduzione-del-danno\/","url":"https:\/\/www.rassegnastampa-totustuus.it\/cattolica\/quanti-danni-fanno-i-cattolici-della-riduzione-del-danno\/","name":"Quanti danni fanno i cattolici della riduzione del danno - Rassegna Stampa Cattolica","isPartOf":{"@id":"https:\/\/www.rassegnastampa-totustuus.it\/cattolica\/#website"},"primaryImageOfPage":{"@id":"https:\/\/www.rassegnastampa-totustuus.it\/cattolica\/quanti-danni-fanno-i-cattolici-della-riduzione-del-danno\/#primaryimage"},"image":{"@id":"https:\/\/www.rassegnastampa-totustuus.it\/cattolica\/quanti-danni-fanno-i-cattolici-della-riduzione-del-danno\/#primaryimage"},"thumbnailUrl":"https:\/\/www.rassegnastampa-totustuus.it\/cattolica\/wp-content\/uploads\/2011\/03\/eutanasia-2.jpg","datePublished":"2025-07-21T10:26:49+00:00","dateModified":"2025-07-21T10:27:04+00:00","description":"Quanti danni fanno i cattolici della riduzione del danno. Il compromesso divide i cattolici e non rende migliori le cattive leggi","breadcrumb":{"@id":"https:\/\/www.rassegnastampa-totustuus.it\/cattolica\/quanti-danni-fanno-i-cattolici-della-riduzione-del-danno\/#breadcrumb"},"inLanguage":"it-IT","potentialAction":[{"@type":"ReadAction","target":["https:\/\/www.rassegnastampa-totustuus.it\/cattolica\/quanti-danni-fanno-i-cattolici-della-riduzione-del-danno\/"]}]},{"@type":"ImageObject","inLanguage":"it-IT","@id":"https:\/\/www.rassegnastampa-totustuus.it\/cattolica\/quanti-danni-fanno-i-cattolici-della-riduzione-del-danno\/#primaryimage","url":"https:\/\/www.rassegnastampa-totustuus.it\/cattolica\/wp-content\/uploads\/2011\/03\/eutanasia-2.jpg","contentUrl":"https:\/\/www.rassegnastampa-totustuus.it\/cattolica\/wp-content\/uploads\/2011\/03\/eutanasia-2.jpg","width":256,"height":192},{"@type":"BreadcrumbList","@id":"https:\/\/www.rassegnastampa-totustuus.it\/cattolica\/quanti-danni-fanno-i-cattolici-della-riduzione-del-danno\/#breadcrumb","itemListElement":[{"@type":"ListItem","position":1,"name":"Home","item":"https:\/\/www.rassegnastampa-totustuus.it\/cattolica\/"},{"@type":"ListItem","position":2,"name":"Quanti danni fanno i cattolici della riduzione del danno"}]},{"@type":"WebSite","@id":"https:\/\/www.rassegnastampa-totustuus.it\/cattolica\/#website","url":"https:\/\/www.rassegnastampa-totustuus.it\/cattolica\/","name":"Rassegna Stampa Cattolica","description":"Per una cultura che nasce dalla Rivelazione cristiana in conformit\u00e0 alla tradizione e al Magistero della Chiesa in opposizione ad ogni relativismo e totalitarismo","publisher":{"@id":"https:\/\/www.rassegnastampa-totustuus.it\/cattolica\/#organization"},"alternateName":"Rass. Cattolica","potentialAction":[{"@type":"SearchAction","target":{"@type":"EntryPoint","urlTemplate":"https:\/\/www.rassegnastampa-totustuus.it\/cattolica\/?s={search_term_string}"},"query-input":{"@type":"PropertyValueSpecification","valueRequired":true,"valueName":"search_term_string"}}],"inLanguage":"it-IT"},{"@type":"Organization","@id":"https:\/\/www.rassegnastampa-totustuus.it\/cattolica\/#organization","name":"Rassegna Stampa Cattolica","url":"https:\/\/www.rassegnastampa-totustuus.it\/cattolica\/","logo":{"@type":"ImageObject","inLanguage":"it-IT","@id":"https:\/\/www.rassegnastampa-totustuus.it\/cattolica\/#\/schema\/logo\/image\/","url":"https:\/\/www.rassegnastampa-totustuus.it\/cattolica\/wp-content\/uploads\/2014\/04\/logo-rassegna1.gif","contentUrl":"https:\/\/www.rassegnastampa-totustuus.it\/cattolica\/wp-content\/uploads\/2014\/04\/logo-rassegna1.gif","width":600,"height":163,"caption":"Rassegna Stampa Cattolica"},"image":{"@id":"https:\/\/www.rassegnastampa-totustuus.it\/cattolica\/#\/schema\/logo\/image\/"},"sameAs":["https:\/\/www.facebook.com\/rassegnastampacattolica","https:\/\/x.com\/rassegnastampa9"]},{"@type":"Person","@id":"https:\/\/www.rassegnastampa-totustuus.it\/cattolica\/#\/schema\/person\/08f319d2bd1a0904ad9e2bfb7b15e5c3","name":"Redazione","image":{"@type":"ImageObject","inLanguage":"it-IT","@id":"https:\/\/secure.gravatar.com\/avatar\/2fcdf27c78ea025fbdb44e914cc63c72249ffec9dc8aafd5c82b26240ef3f346?s=96&d=mm&r=g","url":"https:\/\/secure.gravatar.com\/avatar\/2fcdf27c78ea025fbdb44e914cc63c72249ffec9dc8aafd5c82b26240ef3f346?s=96&d=mm&r=g","contentUrl":"https:\/\/secure.gravatar.com\/avatar\/2fcdf27c78ea025fbdb44e914cc63c72249ffec9dc8aafd5c82b26240ef3f346?s=96&d=mm&r=g","caption":"Redazione"},"url":"https:\/\/www.rassegnastampa-totustuus.it\/cattolica\/author\/pietroelle\/"}]}},"_links":{"self":[{"href":"https:\/\/www.rassegnastampa-totustuus.it\/cattolica\/wp-json\/wp\/v2\/posts\/63433","targetHints":{"allow":["GET"]}}],"collection":[{"href":"https:\/\/www.rassegnastampa-totustuus.it\/cattolica\/wp-json\/wp\/v2\/posts"}],"about":[{"href":"https:\/\/www.rassegnastampa-totustuus.it\/cattolica\/wp-json\/wp\/v2\/types\/post"}],"author":[{"embeddable":true,"href":"https:\/\/www.rassegnastampa-totustuus.it\/cattolica\/wp-json\/wp\/v2\/users\/6"}],"replies":[{"embeddable":true,"href":"https:\/\/www.rassegnastampa-totustuus.it\/cattolica\/wp-json\/wp\/v2\/comments?post=63433"}],"version-history":[{"count":2,"href":"https:\/\/www.rassegnastampa-totustuus.it\/cattolica\/wp-json\/wp\/v2\/posts\/63433\/revisions"}],"predecessor-version":[{"id":63435,"href":"https:\/\/www.rassegnastampa-totustuus.it\/cattolica\/wp-json\/wp\/v2\/posts\/63433\/revisions\/63435"}],"wp:featuredmedia":[{"embeddable":true,"href":"https:\/\/www.rassegnastampa-totustuus.it\/cattolica\/wp-json\/wp\/v2\/media\/32130"}],"wp:attachment":[{"href":"https:\/\/www.rassegnastampa-totustuus.it\/cattolica\/wp-json\/wp\/v2\/media?parent=63433"}],"wp:term":[{"taxonomy":"category","embeddable":true,"href":"https:\/\/www.rassegnastampa-totustuus.it\/cattolica\/wp-json\/wp\/v2\/categories?post=63433"},{"taxonomy":"post_tag","embeddable":true,"href":"https:\/\/www.rassegnastampa-totustuus.it\/cattolica\/wp-json\/wp\/v2\/tags?post=63433"}],"curies":[{"name":"wp","href":"https:\/\/api.w.org\/{rel}","templated":true}]}}