{"id":63431,"date":"2025-07-21T11:54:07","date_gmt":"2025-07-21T09:54:07","guid":{"rendered":"https:\/\/www.rassegnastampa-totustuus.it\/cattolica\/?p=63431"},"modified":"2025-07-21T11:54:07","modified_gmt":"2025-07-21T09:54:07","slug":"lagonia-della-siria-non-e-affatto-finita","status":"publish","type":"post","link":"https:\/\/www.rassegnastampa-totustuus.it\/cattolica\/lagonia-della-siria-non-e-affatto-finita\/","title":{"rendered":"L\u2019agonia della Siria non \u00e8 affatto finita"},"content":{"rendered":"\n<p class=\"has-text-align-center\"><strong><a href=\"https:\/\/www.informazionecattolica.it\/\" target=\"_blank\" rel=\"noreferrer noopener\">InFormazione cattolica<\/a> <\/strong>21 Luglio 2025<\/p>\n\n\n\n<p class=\"has-text-align-center\"><em>La testimonianza di una siriano greco ortodosso<\/em><\/p>\n\n\n\n<p class=\"has-text-align-center\"><strong>di <a href=\"https:\/\/www.informazionecattolica.it\/tag\/pietro-licciardi\/\">Pietro Licciard<\/a><\/strong>i<\/p>\n\n\n<div class=\"wp-block-image\">\n<figure class=\"aligncenter size-full is-resized\"><a href=\"https:\/\/www.rassegnastampa-totustuus.it\/cattolica\/wp-content\/uploads\/2018\/07\/Siria.jpg\"><img loading=\"lazy\" decoding=\"async\" width=\"290\" height=\"174\" src=\"https:\/\/www.rassegnastampa-totustuus.it\/cattolica\/wp-content\/uploads\/2018\/07\/Siria.jpg\" alt=\"\" class=\"wp-image-40790\" style=\"width:394px;height:auto\"\/><\/a><\/figure><\/div>\n\n\n<!--more-->\n\n\n\n<p>Chi sperava in un processo di pacificazione democratica in Siria dopo la caduta del regime di Bashar al-Assad probabilmente rester\u00e0 deluso e come al solito in qualche cancelleria c\u2019\u00e8 chi, forse nemmeno in buona fede, ha sbagliato i conti. Dopo l\u2019esperienza irachena e quella fallimentare afgana avrebbe infatti dovuto risultare chiaro che istaurare regimi democratici \u201call\u2019occidentale\u201d nell\u2019area islamica, caratterizzata da fondamentalismi e tribalismo, \u00e8 probabilmente una pia illusione e per quanto antipatico riconoscerlo la forma di governo che \u00e8 riuscita a garantire una certa stabilit\u00e0 e la convivenza delle diverse minoranze \u00e8 stata la dittatura: quella di Saddam in Iraq e di Assad in Siria. Paesi in cui soprattutto i cristiani potevano vivere in pace, con l\u2019unica condizione di non frapporre ostacoli ai rispettivi regimi.<\/p>\n\n\n\n<p>Una testimonianza dell\u2019attuale pericolosa situazione che si \u00e8 creata in Siria con l\u2019avvento al potere dell\u2019ex jihadista Ahmed al-Sharaa ci viene da Edoardo \u2013 un nome fittizio per motivi di sicurezza, poich\u00e9 parte della sua famiglia vive ancora nel Paese mediorientale \u2013 cristiano greco ortodosso che vive ormai da trent\u2019anni in Italia ma che ha ancora forti legami con la sua patria d\u2019origine e che negli anni, della lunga guerra ha sempre seguito le vicende del suo popolo restando in contatto con le comunit\u00e0 cristiane delle maggiori citt\u00e0 del Paese.<\/p>\n\n\n\n<h4 class=\"wp-block-heading\"><strong>Edoardo, la guerra che ha dilaniato la Siria \u00e8 stata \u201cvenduta\u201d a noi occidentali come la sollevazione di una parte del popolo siriano contro la feroce dittatura della famiglia Assad, una specie di \u201cprimavera siriana\u201d. Come \u00e8 stata vissuta in realt\u00e0 dai siriani e in particolare dai cristiani?<\/strong><\/h4>\n\n\n\n<p>\u00abE\u2019 stata vissuta con grande difficolt\u00e0. In Siria fin dal 2011 sono penetrati oltre centomila terroristi appoggiati da Turchia, Arabia Saudita, Qatar e Stati Uniti e il governo ha cercato di proteggere il popolo da questi guerriglieri. I siriani fuggiti dal Paese non sono scappati da Assad ma da Al Qaida e dalle altre sigle terroristiche infiltrate\u00bb.<\/p>\n\n\n\n<h4 class=\"wp-block-heading\"><strong>Quindi le sollevazioni di piazza che abbiamo visto? Erano spontanee?<\/strong><\/h4>\n\n\n\n<p>\u00abIn buona parte erano persone pagate dai paesi arabi. Qualcuno che protestava spontaneamente c\u2019era, ma si trattava di un dieci per cento. Si \u00e8 trattato sicuramente di una sollevazione all\u2019inizio pilotata dall\u2019esterno per dimostrare che Assad uccideva i siriani ma mentre in Siria a quel tempo c\u2019erano venticinque milioni di abitanti adesso ne sono rimasti sette, tutti fuggiti dai terroristi penetrati nel Paese. Chi era allora ad ammazzare i siriani?\u00bb.<\/p>\n\n\n\n<h4 class=\"wp-block-heading\"><strong>Quindi i gruppi armati che si sono costituiti per combattere il regime non erano appoggiati dal popolo.<\/strong><\/h4>\n\n\n\n<p>\u00abAssolutamente no. Se si voleva cambiare qualcosa in Siria non si doveva farlo con le armi ma col dialogo. Certamente con Bashar al-Assad non era facile dialogare ma sotto di lui vivevamo bene. Lui non ha mai ucciso un cristiano o un druso e le minoranze vivevano in pace\u00bb.<\/p>\n\n\n\n<h4 class=\"wp-block-heading\"><strong>Ma Bashar al-Assad non era tanto democratico\u2026<\/strong><\/h4>\n\n\n\n<p>\u00abcertamente no ma noi vivevamo bene e in pace, perch\u00e9 il suo governo era laico e non aveva interesse a perseguitare le minoranze religiose, purch\u00e9 ovviamente non facessero politica. Pu\u00f2 non sembrare giusto ma \u00e8 cos\u00ec. Prima della guerra in Siria la disoccupazione era all\u2019uno per cento\u00bb.<\/p>\n\n\n\n<h4 class=\"wp-block-heading\"><strong>Dopo la fine della guerra chi comanda veramente in Siria? Qual \u00e8 il consenso popolare di cui gode l\u2019attuale leader Ahmed al-Sharaa?<\/strong><\/h4>\n\n\n\n<p>\u00abIn questo momento Stati Uniti, Europa, Turchia ed emirati arabi hanno messo alla guida del Paese un assassino, ex membro di Al Qaida, perch\u00e9 vogliono dare la Siria nelle mani dei sunniti senza cristiani alawiti o sciiti tra i piedi. Hanno messo un assassino di siriani alla guida della Siria. Una cosa che non ci spieghiamo. Tanto pi\u00f9 che attorno a lui ci sono solo stranieri che lo proteggono e nessun siriano\u00bb.<\/p>\n\n\n\n<h4 class=\"wp-block-heading\"><strong>Qual \u00e8 il consenso di cui gode l\u2019attale governo in Siria?<\/strong><\/h4>\n\n\n\n<p>\u00abZero. I siriani non lo vogliono\u00bb.<\/p>\n\n\n\n<h4 class=\"wp-block-heading\"><strong>La rivista di geopolitica <em><a href=\"https:\/\/www.periodicobriefing.info\/\" target=\"_blank\" rel=\"noreferrer noopener\">Briefing<\/a><\/em> ha titolato un articolo di Arianne Ghersi sul cambio di regime in Siria \u201cda Assad alla brace\u201d. Cosa \u00e8 cambiato rispetto al passato regime della famiglia Assad? In Siria ci sar\u00e0 la democrazia?<\/strong><\/h4>\n\n\n\n<p>\u00abLa situazione \u00e8 peggiorata. Quello che Assad ha fatto il cinquant\u2019anni il regime Ahmed al-Sharaa lo fatto in sei mesi. Ci sono vendette e persecuzioni di ogni minoranza come stiamo ascoltando in questi giorni\u00bb.<\/p>\n\n\n\n<h4 class=\"wp-block-heading\"><strong>Dunque di democrazia non se ne parla\u2026<\/strong><\/h4>\n\n\n\n<p>\u00abNo. I pochi siriani rimasti stanno morendo di fame e le sanzioni continuano. Inoltre le donne da sole non possono camminare per strada e se sei cristiano non puoi camminare con una croce al collo. Il sindaco di Latakia ha vietato di andare al mare col bichini. In Siria ormai si vedono circolare solo terroristi barbuti e armati e se un siriano esce di casa rischia di morire\u00bb.<\/p>\n\n\n\n<h4 class=\"wp-block-heading\"><strong>Come vedono i siriani il loro futuro?<\/strong><\/h4>\n\n\n\n<p>\u00abSpero molto presto cambi qualcosa perch\u00e9 non si pu\u00f2 andare avanti cos\u00ec. Prima di tutto che se ne vada questo governo\u00bb.<\/p>\n\n\n\n<h4 class=\"wp-block-heading\"><strong>E i cristiani?<\/strong><\/h4>\n\n\n\n<p>\u00abIn Siria i cristiani non hanno pi\u00f9 un futuro, devono morire o andarsene. A Damasco e Aleppo entrano nelle chiese e tolgono tutte le croci, impediscono ai cristiani di andare a pregare\u00bb.<\/p>\n\n\n\n<h4 class=\"wp-block-heading has-text-align-left\"><strong>Invece qual \u00e8 la sorte sempre dei cristiani in quella parte della Siria adesso in mano curda?<\/strong><\/h4>\n\n\n\n<p>\u00abNeppure l\u00ec sono liberi. Ho parlato con chi abita in quella zona e per ogni cosa devono chiedere il permesso e sono stati rinchiusi nei loro villaggi dai quali non possono allontanarsi, come faceva Daesh\u00bb<\/p>\n\n\n\n<h4 class=\"wp-block-heading has-text-align-left\"><strong>Sul blog <a href=\"https:\/\/www.caputmundi.info\/\" target=\"_blank\" rel=\"noreferrer noopener\">Caput Mundi<\/a> si legge che il rappresentante speciale degli Stati Uniti Tom Barak ha dichiarato che l\u2019azione contro la chiesa di Damasco \u2013 da lui definita \u201corribile\u201d \u2013 \u00abnon deve trovare posto nel nuovo paradigma di tolleranza e accettazione che sta emergendo in Siria\u00bb. Questo secondo lei significa che gli Stati Uniti si faranno garanti di una transizione pacifica e della ricostruzione anche morale della Siria devastata dalla lunga guerra?<\/strong><\/h4>\n\n\n\n<p>\u00abQuesto \u00e8 quello che scrivono i giornali e che si sente nelle interviste ma non c\u2019\u00e8 niente di tutto questo. La Siria \u00e8 adesso abbandonata a s\u00e9 stessa\u00bb.<\/p>\n\n\n\n<h4 class=\"wp-block-heading\"><strong>Al-Shara, appoggiato da Turchia e Stati Uniti, da qualche anno sembrava aver avviato una fase di trasformazione ideologica e politica del suo movimento, riducendo notevolmente le detenzioni per violazioni di norme religiose, come quelle relative all\u2019abbigliamento femminile, e ha consentito la riapertura delle Chiese cristiane, sottolineando un maggiore impegno verso la tolleranza religiosa. Poi il 22 Giugno c\u2019\u00e8 stato il sanguinoso attentato alla chiesa greco-ortodossa di Damasco. Si tratta di un episodio isolato di qualche frangia estremista dell\u2019Isis o si tratta di qualcos\u2019altro?<\/strong><\/h4>\n\n\n\n<p>\u00abQuello che ha fatto la strage nella chiesa di S. Elia era un pachistano al servizio di al-Sharaa, presidente della Siria. Come ho tetto i cristiani devono andarsene o morire e tutto quello che dice o fa questo presidente \u00e8 una bugia. Non ci si pu\u00f2 fidare di un assassino\u00bb.<\/p>\n\n\n\n<h4 class=\"wp-block-heading\"><strong>Qual \u00e8 il sentimento oggi dei siriani riguardo il loro futuro? Ci sar\u00e0 ancora una Siria indipendente?<\/strong><\/h4>\n\n\n\n<p>\u00abCon questo presidente non c\u2019\u00e8 futuro\u00bb.<\/p>\n","protected":false},"excerpt":{"rendered":"<p>InFormazione cattolica 21 Luglio 2025 La testimonianza di una siriano greco ortodosso di Pietro Licciardi<\/p><p><a class=\"more-link btn\" href=\"https:\/\/www.rassegnastampa-totustuus.it\/cattolica\/lagonia-della-siria-non-e-affatto-finita\/\">Continua a leggere<\/a><\/p>\n","protected":false},"author":6,"featured_media":40790,"comment_status":"closed","ping_status":"closed","sticky":false,"template":"","format":"standard","meta":{"footnotes":""},"categories":[108,19],"tags":[346,440],"class_list":["post-63431","post","type-post","status-publish","format-standard","has-post-thumbnail","hentry","category-paesi-e-continenti","category-politica-internazionale","tag-medio-oriente","tag-siria","item-wrap"],"yoast_head":"<!-- This site is optimized with the Yoast SEO plugin v27.4 - https:\/\/yoast.com\/product\/yoast-seo-wordpress\/ -->\n<title>L\u2019agonia della Siria non \u00e8 affatto finita - Rassegna Stampa Cattolica<\/title>\n<meta name=\"description\" content=\"L\u2019agonia della Siria non \u00e8 affatto finita; la testimonianza di una siriano greco ortodosso la cui famiglia vive ancora nel paese\" \/>\n<meta name=\"robots\" content=\"index, follow, max-snippet:-1, max-image-preview:large, max-video-preview:-1\" \/>\n<link rel=\"canonical\" href=\"https:\/\/www.rassegnastampa-totustuus.it\/cattolica\/lagonia-della-siria-non-e-affatto-finita\/\" \/>\n<meta property=\"og:locale\" content=\"it_IT\" \/>\n<meta property=\"og:type\" content=\"article\" \/>\n<meta property=\"og:title\" content=\"L\u2019agonia della Siria non \u00e8 affatto finita - Rassegna Stampa Cattolica\" \/>\n<meta property=\"og:description\" content=\"L\u2019agonia della Siria non \u00e8 affatto finita; la testimonianza di una siriano greco ortodosso la cui famiglia vive ancora nel paese\" \/>\n<meta property=\"og:url\" content=\"https:\/\/www.rassegnastampa-totustuus.it\/cattolica\/lagonia-della-siria-non-e-affatto-finita\/\" \/>\n<meta property=\"og:site_name\" content=\"Rassegna Stampa Cattolica\" \/>\n<meta property=\"article:publisher\" content=\"https:\/\/www.facebook.com\/rassegnastampacattolica\" \/>\n<meta property=\"article:published_time\" content=\"2025-07-21T09:54:07+00:00\" \/>\n<meta property=\"og:image\" content=\"https:\/\/www.rassegnastampa-totustuus.it\/cattolica\/wp-content\/uploads\/2018\/07\/Siria.jpg\" \/>\n\t<meta property=\"og:image:width\" content=\"290\" \/>\n\t<meta property=\"og:image:height\" content=\"174\" \/>\n\t<meta property=\"og:image:type\" content=\"image\/jpeg\" \/>\n<meta name=\"author\" content=\"Redazione\" \/>\n<meta name=\"twitter:card\" content=\"summary_large_image\" \/>\n<meta name=\"twitter:creator\" content=\"@rassegnastampa9\" \/>\n<meta name=\"twitter:site\" content=\"@rassegnastampa9\" \/>\n<meta name=\"twitter:label1\" content=\"Scritto da\" \/>\n\t<meta name=\"twitter:data1\" content=\"Redazione\" \/>\n\t<meta name=\"twitter:label2\" content=\"Tempo di lettura stimato\" \/>\n\t<meta name=\"twitter:data2\" content=\"7 minuti\" \/>\n<script type=\"application\/ld+json\" class=\"yoast-schema-graph\">{\"@context\":\"https:\\\/\\\/schema.org\",\"@graph\":[{\"@type\":\"Article\",\"@id\":\"https:\\\/\\\/www.rassegnastampa-totustuus.it\\\/cattolica\\\/lagonia-della-siria-non-e-affatto-finita\\\/#article\",\"isPartOf\":{\"@id\":\"https:\\\/\\\/www.rassegnastampa-totustuus.it\\\/cattolica\\\/lagonia-della-siria-non-e-affatto-finita\\\/\"},\"author\":{\"name\":\"Redazione\",\"@id\":\"https:\\\/\\\/www.rassegnastampa-totustuus.it\\\/cattolica\\\/#\\\/schema\\\/person\\\/08f319d2bd1a0904ad9e2bfb7b15e5c3\"},\"headline\":\"L\u2019agonia della Siria non \u00e8 affatto finita\",\"datePublished\":\"2025-07-21T09:54:07+00:00\",\"mainEntityOfPage\":{\"@id\":\"https:\\\/\\\/www.rassegnastampa-totustuus.it\\\/cattolica\\\/lagonia-della-siria-non-e-affatto-finita\\\/\"},\"wordCount\":1168,\"publisher\":{\"@id\":\"https:\\\/\\\/www.rassegnastampa-totustuus.it\\\/cattolica\\\/#organization\"},\"image\":{\"@id\":\"https:\\\/\\\/www.rassegnastampa-totustuus.it\\\/cattolica\\\/lagonia-della-siria-non-e-affatto-finita\\\/#primaryimage\"},\"thumbnailUrl\":\"https:\\\/\\\/www.rassegnastampa-totustuus.it\\\/cattolica\\\/wp-content\\\/uploads\\\/2018\\\/07\\\/Siria.jpg\",\"keywords\":[\"medio oriente\",\"Siria\"],\"articleSection\":[\"Paesi e continenti\",\"Politica internazionale\"],\"inLanguage\":\"it-IT\"},{\"@type\":\"WebPage\",\"@id\":\"https:\\\/\\\/www.rassegnastampa-totustuus.it\\\/cattolica\\\/lagonia-della-siria-non-e-affatto-finita\\\/\",\"url\":\"https:\\\/\\\/www.rassegnastampa-totustuus.it\\\/cattolica\\\/lagonia-della-siria-non-e-affatto-finita\\\/\",\"name\":\"L\u2019agonia della Siria non \u00e8 affatto finita - Rassegna Stampa Cattolica\",\"isPartOf\":{\"@id\":\"https:\\\/\\\/www.rassegnastampa-totustuus.it\\\/cattolica\\\/#website\"},\"primaryImageOfPage\":{\"@id\":\"https:\\\/\\\/www.rassegnastampa-totustuus.it\\\/cattolica\\\/lagonia-della-siria-non-e-affatto-finita\\\/#primaryimage\"},\"image\":{\"@id\":\"https:\\\/\\\/www.rassegnastampa-totustuus.it\\\/cattolica\\\/lagonia-della-siria-non-e-affatto-finita\\\/#primaryimage\"},\"thumbnailUrl\":\"https:\\\/\\\/www.rassegnastampa-totustuus.it\\\/cattolica\\\/wp-content\\\/uploads\\\/2018\\\/07\\\/Siria.jpg\",\"datePublished\":\"2025-07-21T09:54:07+00:00\",\"description\":\"L\u2019agonia della Siria non \u00e8 affatto finita; la testimonianza di una siriano greco ortodosso la cui famiglia vive ancora nel paese\",\"breadcrumb\":{\"@id\":\"https:\\\/\\\/www.rassegnastampa-totustuus.it\\\/cattolica\\\/lagonia-della-siria-non-e-affatto-finita\\\/#breadcrumb\"},\"inLanguage\":\"it-IT\",\"potentialAction\":[{\"@type\":\"ReadAction\",\"target\":[\"https:\\\/\\\/www.rassegnastampa-totustuus.it\\\/cattolica\\\/lagonia-della-siria-non-e-affatto-finita\\\/\"]}]},{\"@type\":\"ImageObject\",\"inLanguage\":\"it-IT\",\"@id\":\"https:\\\/\\\/www.rassegnastampa-totustuus.it\\\/cattolica\\\/lagonia-della-siria-non-e-affatto-finita\\\/#primaryimage\",\"url\":\"https:\\\/\\\/www.rassegnastampa-totustuus.it\\\/cattolica\\\/wp-content\\\/uploads\\\/2018\\\/07\\\/Siria.jpg\",\"contentUrl\":\"https:\\\/\\\/www.rassegnastampa-totustuus.it\\\/cattolica\\\/wp-content\\\/uploads\\\/2018\\\/07\\\/Siria.jpg\",\"width\":290,\"height\":174},{\"@type\":\"BreadcrumbList\",\"@id\":\"https:\\\/\\\/www.rassegnastampa-totustuus.it\\\/cattolica\\\/lagonia-della-siria-non-e-affatto-finita\\\/#breadcrumb\",\"itemListElement\":[{\"@type\":\"ListItem\",\"position\":1,\"name\":\"Home\",\"item\":\"https:\\\/\\\/www.rassegnastampa-totustuus.it\\\/cattolica\\\/\"},{\"@type\":\"ListItem\",\"position\":2,\"name\":\"L\u2019agonia della Siria non \u00e8 affatto finita\"}]},{\"@type\":\"WebSite\",\"@id\":\"https:\\\/\\\/www.rassegnastampa-totustuus.it\\\/cattolica\\\/#website\",\"url\":\"https:\\\/\\\/www.rassegnastampa-totustuus.it\\\/cattolica\\\/\",\"name\":\"Rassegna Stampa Cattolica\",\"description\":\"Per una cultura che nasce dalla Rivelazione cristiana in conformit\u00e0 alla tradizione e al Magistero della Chiesa in opposizione ad ogni relativismo e totalitarismo\",\"publisher\":{\"@id\":\"https:\\\/\\\/www.rassegnastampa-totustuus.it\\\/cattolica\\\/#organization\"},\"alternateName\":\"Rass. Cattolica\",\"potentialAction\":[{\"@type\":\"SearchAction\",\"target\":{\"@type\":\"EntryPoint\",\"urlTemplate\":\"https:\\\/\\\/www.rassegnastampa-totustuus.it\\\/cattolica\\\/?s={search_term_string}\"},\"query-input\":{\"@type\":\"PropertyValueSpecification\",\"valueRequired\":true,\"valueName\":\"search_term_string\"}}],\"inLanguage\":\"it-IT\"},{\"@type\":\"Organization\",\"@id\":\"https:\\\/\\\/www.rassegnastampa-totustuus.it\\\/cattolica\\\/#organization\",\"name\":\"Rassegna Stampa Cattolica\",\"url\":\"https:\\\/\\\/www.rassegnastampa-totustuus.it\\\/cattolica\\\/\",\"logo\":{\"@type\":\"ImageObject\",\"inLanguage\":\"it-IT\",\"@id\":\"https:\\\/\\\/www.rassegnastampa-totustuus.it\\\/cattolica\\\/#\\\/schema\\\/logo\\\/image\\\/\",\"url\":\"https:\\\/\\\/www.rassegnastampa-totustuus.it\\\/cattolica\\\/wp-content\\\/uploads\\\/2014\\\/04\\\/logo-rassegna1.gif\",\"contentUrl\":\"https:\\\/\\\/www.rassegnastampa-totustuus.it\\\/cattolica\\\/wp-content\\\/uploads\\\/2014\\\/04\\\/logo-rassegna1.gif\",\"width\":600,\"height\":163,\"caption\":\"Rassegna Stampa Cattolica\"},\"image\":{\"@id\":\"https:\\\/\\\/www.rassegnastampa-totustuus.it\\\/cattolica\\\/#\\\/schema\\\/logo\\\/image\\\/\"},\"sameAs\":[\"https:\\\/\\\/www.facebook.com\\\/rassegnastampacattolica\",\"https:\\\/\\\/x.com\\\/rassegnastampa9\"]},{\"@type\":\"Person\",\"@id\":\"https:\\\/\\\/www.rassegnastampa-totustuus.it\\\/cattolica\\\/#\\\/schema\\\/person\\\/08f319d2bd1a0904ad9e2bfb7b15e5c3\",\"name\":\"Redazione\",\"image\":{\"@type\":\"ImageObject\",\"inLanguage\":\"it-IT\",\"@id\":\"https:\\\/\\\/secure.gravatar.com\\\/avatar\\\/2fcdf27c78ea025fbdb44e914cc63c72249ffec9dc8aafd5c82b26240ef3f346?s=96&d=mm&r=g\",\"url\":\"https:\\\/\\\/secure.gravatar.com\\\/avatar\\\/2fcdf27c78ea025fbdb44e914cc63c72249ffec9dc8aafd5c82b26240ef3f346?s=96&d=mm&r=g\",\"contentUrl\":\"https:\\\/\\\/secure.gravatar.com\\\/avatar\\\/2fcdf27c78ea025fbdb44e914cc63c72249ffec9dc8aafd5c82b26240ef3f346?s=96&d=mm&r=g\",\"caption\":\"Redazione\"},\"url\":\"https:\\\/\\\/www.rassegnastampa-totustuus.it\\\/cattolica\\\/author\\\/pietroelle\\\/\"}]}<\/script>\n<!-- \/ Yoast SEO plugin. -->","yoast_head_json":{"title":"L\u2019agonia della Siria non \u00e8 affatto finita - Rassegna Stampa Cattolica","description":"L\u2019agonia della Siria non \u00e8 affatto finita; la testimonianza di una siriano greco ortodosso la cui famiglia vive ancora nel paese","robots":{"index":"index","follow":"follow","max-snippet":"max-snippet:-1","max-image-preview":"max-image-preview:large","max-video-preview":"max-video-preview:-1"},"canonical":"https:\/\/www.rassegnastampa-totustuus.it\/cattolica\/lagonia-della-siria-non-e-affatto-finita\/","og_locale":"it_IT","og_type":"article","og_title":"L\u2019agonia della Siria non \u00e8 affatto finita - Rassegna Stampa Cattolica","og_description":"L\u2019agonia della Siria non \u00e8 affatto finita; la testimonianza di una siriano greco ortodosso la cui famiglia vive ancora nel paese","og_url":"https:\/\/www.rassegnastampa-totustuus.it\/cattolica\/lagonia-della-siria-non-e-affatto-finita\/","og_site_name":"Rassegna Stampa Cattolica","article_publisher":"https:\/\/www.facebook.com\/rassegnastampacattolica","article_published_time":"2025-07-21T09:54:07+00:00","og_image":[{"width":290,"height":174,"url":"https:\/\/www.rassegnastampa-totustuus.it\/cattolica\/wp-content\/uploads\/2018\/07\/Siria.jpg","type":"image\/jpeg"}],"author":"Redazione","twitter_card":"summary_large_image","twitter_creator":"@rassegnastampa9","twitter_site":"@rassegnastampa9","twitter_misc":{"Scritto da":"Redazione","Tempo di lettura stimato":"7 minuti"},"schema":{"@context":"https:\/\/schema.org","@graph":[{"@type":"Article","@id":"https:\/\/www.rassegnastampa-totustuus.it\/cattolica\/lagonia-della-siria-non-e-affatto-finita\/#article","isPartOf":{"@id":"https:\/\/www.rassegnastampa-totustuus.it\/cattolica\/lagonia-della-siria-non-e-affatto-finita\/"},"author":{"name":"Redazione","@id":"https:\/\/www.rassegnastampa-totustuus.it\/cattolica\/#\/schema\/person\/08f319d2bd1a0904ad9e2bfb7b15e5c3"},"headline":"L\u2019agonia della Siria non \u00e8 affatto finita","datePublished":"2025-07-21T09:54:07+00:00","mainEntityOfPage":{"@id":"https:\/\/www.rassegnastampa-totustuus.it\/cattolica\/lagonia-della-siria-non-e-affatto-finita\/"},"wordCount":1168,"publisher":{"@id":"https:\/\/www.rassegnastampa-totustuus.it\/cattolica\/#organization"},"image":{"@id":"https:\/\/www.rassegnastampa-totustuus.it\/cattolica\/lagonia-della-siria-non-e-affatto-finita\/#primaryimage"},"thumbnailUrl":"https:\/\/www.rassegnastampa-totustuus.it\/cattolica\/wp-content\/uploads\/2018\/07\/Siria.jpg","keywords":["medio oriente","Siria"],"articleSection":["Paesi e continenti","Politica internazionale"],"inLanguage":"it-IT"},{"@type":"WebPage","@id":"https:\/\/www.rassegnastampa-totustuus.it\/cattolica\/lagonia-della-siria-non-e-affatto-finita\/","url":"https:\/\/www.rassegnastampa-totustuus.it\/cattolica\/lagonia-della-siria-non-e-affatto-finita\/","name":"L\u2019agonia della Siria non \u00e8 affatto finita - Rassegna Stampa Cattolica","isPartOf":{"@id":"https:\/\/www.rassegnastampa-totustuus.it\/cattolica\/#website"},"primaryImageOfPage":{"@id":"https:\/\/www.rassegnastampa-totustuus.it\/cattolica\/lagonia-della-siria-non-e-affatto-finita\/#primaryimage"},"image":{"@id":"https:\/\/www.rassegnastampa-totustuus.it\/cattolica\/lagonia-della-siria-non-e-affatto-finita\/#primaryimage"},"thumbnailUrl":"https:\/\/www.rassegnastampa-totustuus.it\/cattolica\/wp-content\/uploads\/2018\/07\/Siria.jpg","datePublished":"2025-07-21T09:54:07+00:00","description":"L\u2019agonia della Siria non \u00e8 affatto finita; la testimonianza di una siriano greco ortodosso la cui famiglia vive ancora nel paese","breadcrumb":{"@id":"https:\/\/www.rassegnastampa-totustuus.it\/cattolica\/lagonia-della-siria-non-e-affatto-finita\/#breadcrumb"},"inLanguage":"it-IT","potentialAction":[{"@type":"ReadAction","target":["https:\/\/www.rassegnastampa-totustuus.it\/cattolica\/lagonia-della-siria-non-e-affatto-finita\/"]}]},{"@type":"ImageObject","inLanguage":"it-IT","@id":"https:\/\/www.rassegnastampa-totustuus.it\/cattolica\/lagonia-della-siria-non-e-affatto-finita\/#primaryimage","url":"https:\/\/www.rassegnastampa-totustuus.it\/cattolica\/wp-content\/uploads\/2018\/07\/Siria.jpg","contentUrl":"https:\/\/www.rassegnastampa-totustuus.it\/cattolica\/wp-content\/uploads\/2018\/07\/Siria.jpg","width":290,"height":174},{"@type":"BreadcrumbList","@id":"https:\/\/www.rassegnastampa-totustuus.it\/cattolica\/lagonia-della-siria-non-e-affatto-finita\/#breadcrumb","itemListElement":[{"@type":"ListItem","position":1,"name":"Home","item":"https:\/\/www.rassegnastampa-totustuus.it\/cattolica\/"},{"@type":"ListItem","position":2,"name":"L\u2019agonia della Siria non \u00e8 affatto finita"}]},{"@type":"WebSite","@id":"https:\/\/www.rassegnastampa-totustuus.it\/cattolica\/#website","url":"https:\/\/www.rassegnastampa-totustuus.it\/cattolica\/","name":"Rassegna Stampa Cattolica","description":"Per una cultura che nasce dalla Rivelazione cristiana in conformit\u00e0 alla tradizione e al Magistero della Chiesa in opposizione ad ogni relativismo e totalitarismo","publisher":{"@id":"https:\/\/www.rassegnastampa-totustuus.it\/cattolica\/#organization"},"alternateName":"Rass. Cattolica","potentialAction":[{"@type":"SearchAction","target":{"@type":"EntryPoint","urlTemplate":"https:\/\/www.rassegnastampa-totustuus.it\/cattolica\/?s={search_term_string}"},"query-input":{"@type":"PropertyValueSpecification","valueRequired":true,"valueName":"search_term_string"}}],"inLanguage":"it-IT"},{"@type":"Organization","@id":"https:\/\/www.rassegnastampa-totustuus.it\/cattolica\/#organization","name":"Rassegna Stampa Cattolica","url":"https:\/\/www.rassegnastampa-totustuus.it\/cattolica\/","logo":{"@type":"ImageObject","inLanguage":"it-IT","@id":"https:\/\/www.rassegnastampa-totustuus.it\/cattolica\/#\/schema\/logo\/image\/","url":"https:\/\/www.rassegnastampa-totustuus.it\/cattolica\/wp-content\/uploads\/2014\/04\/logo-rassegna1.gif","contentUrl":"https:\/\/www.rassegnastampa-totustuus.it\/cattolica\/wp-content\/uploads\/2014\/04\/logo-rassegna1.gif","width":600,"height":163,"caption":"Rassegna Stampa Cattolica"},"image":{"@id":"https:\/\/www.rassegnastampa-totustuus.it\/cattolica\/#\/schema\/logo\/image\/"},"sameAs":["https:\/\/www.facebook.com\/rassegnastampacattolica","https:\/\/x.com\/rassegnastampa9"]},{"@type":"Person","@id":"https:\/\/www.rassegnastampa-totustuus.it\/cattolica\/#\/schema\/person\/08f319d2bd1a0904ad9e2bfb7b15e5c3","name":"Redazione","image":{"@type":"ImageObject","inLanguage":"it-IT","@id":"https:\/\/secure.gravatar.com\/avatar\/2fcdf27c78ea025fbdb44e914cc63c72249ffec9dc8aafd5c82b26240ef3f346?s=96&d=mm&r=g","url":"https:\/\/secure.gravatar.com\/avatar\/2fcdf27c78ea025fbdb44e914cc63c72249ffec9dc8aafd5c82b26240ef3f346?s=96&d=mm&r=g","contentUrl":"https:\/\/secure.gravatar.com\/avatar\/2fcdf27c78ea025fbdb44e914cc63c72249ffec9dc8aafd5c82b26240ef3f346?s=96&d=mm&r=g","caption":"Redazione"},"url":"https:\/\/www.rassegnastampa-totustuus.it\/cattolica\/author\/pietroelle\/"}]}},"_links":{"self":[{"href":"https:\/\/www.rassegnastampa-totustuus.it\/cattolica\/wp-json\/wp\/v2\/posts\/63431","targetHints":{"allow":["GET"]}}],"collection":[{"href":"https:\/\/www.rassegnastampa-totustuus.it\/cattolica\/wp-json\/wp\/v2\/posts"}],"about":[{"href":"https:\/\/www.rassegnastampa-totustuus.it\/cattolica\/wp-json\/wp\/v2\/types\/post"}],"author":[{"embeddable":true,"href":"https:\/\/www.rassegnastampa-totustuus.it\/cattolica\/wp-json\/wp\/v2\/users\/6"}],"replies":[{"embeddable":true,"href":"https:\/\/www.rassegnastampa-totustuus.it\/cattolica\/wp-json\/wp\/v2\/comments?post=63431"}],"version-history":[{"count":1,"href":"https:\/\/www.rassegnastampa-totustuus.it\/cattolica\/wp-json\/wp\/v2\/posts\/63431\/revisions"}],"predecessor-version":[{"id":63432,"href":"https:\/\/www.rassegnastampa-totustuus.it\/cattolica\/wp-json\/wp\/v2\/posts\/63431\/revisions\/63432"}],"wp:featuredmedia":[{"embeddable":true,"href":"https:\/\/www.rassegnastampa-totustuus.it\/cattolica\/wp-json\/wp\/v2\/media\/40790"}],"wp:attachment":[{"href":"https:\/\/www.rassegnastampa-totustuus.it\/cattolica\/wp-json\/wp\/v2\/media?parent=63431"}],"wp:term":[{"taxonomy":"category","embeddable":true,"href":"https:\/\/www.rassegnastampa-totustuus.it\/cattolica\/wp-json\/wp\/v2\/categories?post=63431"},{"taxonomy":"post_tag","embeddable":true,"href":"https:\/\/www.rassegnastampa-totustuus.it\/cattolica\/wp-json\/wp\/v2\/tags?post=63431"}],"curies":[{"name":"wp","href":"https:\/\/api.w.org\/{rel}","templated":true}]}}