{"id":63427,"date":"2025-07-21T11:21:36","date_gmt":"2025-07-21T09:21:36","guid":{"rendered":"https:\/\/www.rassegnastampa-totustuus.it\/cattolica\/?p=63427"},"modified":"2025-07-21T11:28:39","modified_gmt":"2025-07-21T09:28:39","slug":"gaza-un-po-di-storia-e-alcuni-fatti","status":"publish","type":"post","link":"https:\/\/www.rassegnastampa-totustuus.it\/cattolica\/gaza-un-po-di-storia-e-alcuni-fatti\/","title":{"rendered":"Gaza: un po\u2019 di storia e alcuni fatti"},"content":{"rendered":"\n<p class=\"has-text-align-center\"><strong><a href=\"https:\/\/www.centrostudilivatino.it\/\" target=\"_blank\" rel=\"noreferrer noopener\">Centro Studi Livatino<\/a><\/strong> 18 Luglio 2025<\/p>\n\n\n\n<p class=\"has-text-align-center\"><em>Per riflettere su un realistico percorso di pace (giusta)<\/em>.<\/p>\n\n\n\n<p class=\"has-text-align-center\"><strong>Edoardo Fiore<\/strong><\/p>\n\n\n<div class=\"wp-block-image\">\n<figure class=\"aligncenter size-large is-resized\"><a href=\"https:\/\/www.rassegnastampa-totustuus.it\/cattolica\/wp-content\/uploads\/2025\/07\/Gaza_palestina_guerra.jpg\"><img loading=\"lazy\" decoding=\"async\" width=\"1024\" height=\"682\" src=\"https:\/\/www.rassegnastampa-totustuus.it\/cattolica\/wp-content\/uploads\/2025\/07\/Gaza_palestina_guerra-1024x682.jpg\" alt=\"\" class=\"wp-image-63428\" style=\"width:463px;height:auto\" srcset=\"https:\/\/www.rassegnastampa-totustuus.it\/cattolica\/wp-content\/uploads\/2025\/07\/Gaza_palestina_guerra-1024x682.jpg 1024w, https:\/\/www.rassegnastampa-totustuus.it\/cattolica\/wp-content\/uploads\/2025\/07\/Gaza_palestina_guerra-300x200.jpg 300w, https:\/\/www.rassegnastampa-totustuus.it\/cattolica\/wp-content\/uploads\/2025\/07\/Gaza_palestina_guerra-768x512.jpg 768w, https:\/\/www.rassegnastampa-totustuus.it\/cattolica\/wp-content\/uploads\/2025\/07\/Gaza_palestina_guerra-1536x1023.jpg 1536w, https:\/\/www.rassegnastampa-totustuus.it\/cattolica\/wp-content\/uploads\/2025\/07\/Gaza_palestina_guerra-595x396.jpg 595w, https:\/\/www.rassegnastampa-totustuus.it\/cattolica\/wp-content\/uploads\/2025\/07\/Gaza_palestina_guerra.jpg 1600w\" sizes=\"auto, (max-width: 1024px) 100vw, 1024px\" \/><\/a><\/figure><\/div>\n\n\n<!--more-->\n\n\n\n<p>Iniziamo con un po\u2019 di storia, che non guasta.<\/p>\n\n\n\n<p>Con lo smembramento dell\u2019Impero ottomano, conseguente alla prima guerra mondiale, Gaza entr\u00f2 a far parte della <a href=\"https:\/\/it.wikipedia.org\/wiki\/Palestina\">Palestina<\/a>, affidata in <a href=\"https:\/\/it.wikipedia.org\/wiki\/Mandato_britannico_della_Palestina\">mandato di governo<\/a> al <a href=\"https:\/\/it.wikipedia.org\/wiki\/Regno_Unito\">Regno Unito<\/a>. Con il termine del mandato britannico nel 1948, nello stesso anno, a seguito dell\u2019attacco dei paesi arabi al momento della proclamata indipendenza d\u2019Israele, fu occupata dall\u2019esercito egiziano e amministrata da un Governatore militare.<\/p>\n\n\n\n<p>Diciannove anni dopo, a seguito della \u201cGuerra dei sei giorni\u201d, Gaza fu occupata dagli israeliani. Non pi\u00f9 rivendicata dagli egiziani, nemmeno con il Trattato di pace israelo-egiziano del 26 marzo 1979, rimase sotto il controllo israeliano. A seguito degli Accordi di Oslo del 1994 tra Israele e l\u2019OLP, i palestinesi ottennero il compito di autogovernare, in modo limitato, parte della <a href=\"https:\/\/it.wikipedia.org\/wiki\/Cisgiordania\" target=\"_blank\" rel=\"noreferrer noopener\">Cisgiordania<\/a> e la <a href=\"https:\/\/it.wikipedia.org\/wiki\/Striscia_di_Gaza\">striscia di Gaza<\/a>. Fu costituita, quindi, l\u2019A.N.P. (Autorit\u00e0 Nazionale Palestinese). Israele si ritir\u00f2 da Gaza, con decisione unilaterale, nell\u2019agosto 2005.<\/p>\n\n\n\n<p>Il 29 novembre 2012, l\u2019ONU ha riconosciuto l\u2019A.N.P. come Stato non membro con status di \u201cOsservatore Permanente\u201d, assumendo cos\u00ec la denominazione di Stato di Palestina (risoluzione 67\/19). &nbsp;Nel corso degli anni, 147 su 193 membri dell\u2019ONU hanno riconosciuto lo Stato di Palestina. Gli Stati Uniti, Canada e buona parte degli Stati dell\u2019Unione Europea, tra cui l\u2019Italia, non lo riconoscono.<\/p>\n\n\n<div class=\"wp-block-image\">\n<figure class=\"aligncenter size-full is-resized\"><a href=\"https:\/\/www.rassegnastampa-totustuus.it\/cattolica\/wp-content\/uploads\/2006\/02\/hamas.png\"><img loading=\"lazy\" decoding=\"async\" width=\"257\" height=\"196\" src=\"https:\/\/www.rassegnastampa-totustuus.it\/cattolica\/wp-content\/uploads\/2006\/02\/hamas.png\" alt=\"\" class=\"wp-image-34268\" style=\"width:353px;height:auto\"\/><\/a><\/figure><\/div>\n\n\n<p>Le prime elezioni politiche in Palestina si tennero nel 1996. Il partito Fatah, guidato da Yasser Arafat, riconosciuto da Israele come unico rappresentante dei Palestinesi, vinse le prime elezioni e quelle successive sino al 2006. A quelle tenutesi il 25 gennaio del 2006 la maggioranza fu ottenuta per l prima volta da Hamas, con concentrazione di voti a Gaza, ove era pi\u00f9 presente.<\/p>\n\n\n\n<p>Nel 2005 gli israeliani, a seguito del \u201cPiano di disimpegno unilaterale\u201d, si ritirarono completamente da Gaza.<\/p>\n\n\n\n<p>L\u2019anno successivo scoppi\u00f2 un conflitto armato \u2013 la \u201cguerra civile palestinese\u201d \u2013 tra Hamas e Fatah. Conflitto concentrato prevalentemente a Gaza, dove Hamas, pi\u00f9 presente, aveva ottenuto un ampio consenso alle elezioni. Nel giugno del 2007, Hamas conquist\u00f2 militarmente Gaza. I rappresentanti di Fatah furono eliminati.<\/p>\n\n\n\n<p>A seguito della vittoria elettorale e la formazione di un governo ad esclusiva guida di Hamas, Israele, gli Stati Uniti, l\u2019Unione Europea, molte nazioni occidentali e alcuni <a href=\"https:\/\/it.wikipedia.org\/wiki\/Paesi_arabi\">Paesi arabi<\/a>, dichiarando Hamas un\u2019organizzazione terroristica, non riconobbero la legittimit\u00e0 del Governo palestinese ed imposero sanzioni.<\/p>\n\n\n\n<p>Gaza \u00e8 quindi separata dalla Cisgiordania controllata dall\u2019 A.N.P. La Palestina \u00e8 ora scissa in due: Gaza e Cisgiordania; La Cisgiordania governata dall\u2019ANP, Gaza da Hamas.<\/p>\n\n\n\n<p>Nel frattempo, Hamas ha cominciato, e protratto per anni, il periodico lancio di razzi e missili, forniti dall\u2019Iran come buona parte delle armi, contro le citt\u00e0 israeliane di confine e Tel Aviv. Israele ha costantemente risposto, colpendo le postazioni di lancio ed edifici considerati strategici per Hamas.<\/p>\n\n\n\n<p>Nel 2014 Hamas ha compiuto un massiccio attacco, con missili e razzi, senza precedenti. In risposta l\u2019esercito israeliano \u00e8 entrato per la prima volta a Gaza City. Il conflitto, cominciato l\u20198 luglio si \u00e8 concluso il 26 agosto successivo con una tregua, subito rotta da Hamas con nuovi lanci di razzi e missili. Lanci, di non particolare intensit\u00e0, proseguiti sino all\u2019attuale guerra. Israele era solita rispondere con il bombardamento delle postazioni di lancio avversarie.<\/p>\n\n\n<div class=\"wp-block-image\">\n<figure class=\"aligncenter size-large is-resized\"><a href=\"https:\/\/www.rassegnastampa-totustuus.it\/cattolica\/wp-content\/uploads\/2021\/06\/Israele_Palestina.jpeg\"><img loading=\"lazy\" decoding=\"async\" width=\"1024\" height=\"576\" src=\"https:\/\/www.rassegnastampa-totustuus.it\/cattolica\/wp-content\/uploads\/2021\/06\/Israele_Palestina-1024x576.jpeg\" alt=\"\" class=\"wp-image-51699\" style=\"width:466px;height:auto\" srcset=\"https:\/\/www.rassegnastampa-totustuus.it\/cattolica\/wp-content\/uploads\/2021\/06\/Israele_Palestina-1024x576.jpeg 1024w, https:\/\/www.rassegnastampa-totustuus.it\/cattolica\/wp-content\/uploads\/2021\/06\/Israele_Palestina-300x169.jpeg 300w, https:\/\/www.rassegnastampa-totustuus.it\/cattolica\/wp-content\/uploads\/2021\/06\/Israele_Palestina-768x432.jpeg 768w, https:\/\/www.rassegnastampa-totustuus.it\/cattolica\/wp-content\/uploads\/2021\/06\/Israele_Palestina.jpeg 1280w\" sizes=\"auto, (max-width: 1024px) 100vw, 1024px\" \/><\/a><\/figure><\/div>\n\n\n<p>Veniamo al 7 ottobre 2023.<\/p>\n\n\n\n<p>In tale giorno, prendendo di sprovvista gli israeliani, Hamas, unitamente a miliziani della Jihad Islamica e di quelle del FDLP, ha attaccato, con circa 3.000 combattenti, gli insediamenti israeliani al confine. Sono state uccise circa 1.200 persone, di cui 859 civili, tra cui molti vecchi, donne, molte di queste violentate e poi assassinate. Le efferate atrocit\u00e0 commesse furono filmate e diffuse dallo stesso Hamas. I palestinesi hanno catturato 254 ostaggi, quasi tutti civili, tra cui moltissimi vecchi, donne e bambini anche piccolissimi.<\/p>\n\n\n\n<p>L\u2019attacco, esplicitamente rivendicato da Hamas, ha portato all\u2019invasione di Gaza, volto alla liberazione degli ostaggi ed all\u2019annientamento di Hamas e delle milizie islamiste alleate.<\/p>\n\n\n\n<p>Una domanda \u00e8 lecito porsi, e cio\u00e8 perch\u00e9 Hamas ha scatenato una guerra con la consapevolezza di non poterla vincere in alcun modo militarmente. Le forze in campo, infatti, sono le seguenti: Israele 529.000 effettivi, Palestinesi (Hamas, Jihad Islamica, FDLP) circa 40.000, di cui circa 30.000 del solo Hamas.<\/p>\n\n\n\n<p>La guerra si sta ancora protraendo, nonostante la incomparabile forza militare israeliana, uno degli eserciti pi\u00f9 potente, armato, addestrato e determinato del mondo. Quello dei palestinesi non lo si pu\u00f2 nemmeno definire un esercito, essendo una milizia dotata solo di armi leggere.<\/p>\n\n\n\n<p>La ragione della protrazione della guerra \u00e8 riconducibile alle particolari condizioni in cui si svolge il conflitto: si combatte in \u201cambiente urbano\u201d, densamente popolato ed urbanizzato. L\u2019ambiente peggiore per un esercito attaccante. Gli israeliani sono costretti ad avanzare e combattere metro per metro, strada per strada, casa per casa, stanza per stanza. Addirittura, passando attraverso le case contigue. Tale situazione ha portato ad un massiccio uso di attacchi con missili per neutralizzare i combattenti palestinesi annidati ovunque. Ovviamente anche nelle case civili ed edifici pubblici, che divengono cos\u00ec obiettivi militari. Di qui l\u2019alto numero di vittime civili tra cui molti bambini, stimate ad oggi nel numero di 60.000 (secondo dati forniti da Hamas), senza per\u00f2 alcuna specificazione del numero dei combattenti palestinesi caduti.<\/p>\n\n\n\n<p>Un discorso a parte merita pure l\u2019arma pi\u00f9 micidiale dei palestinesi: i tunnel. Un alto dirigente palestinese ebbe infatti a dichiarare: \u00abLa guerra dei tunnel \u00e8 una delle tattiche militari pi\u00f9 importanti e pericolose di fronte all\u2019esercito israeliano perch\u00e9 presenta una dimensione qualitativa e strategica, per i suoi effetti umani e morali, e per la seria minaccia e una sfida senza precedenti per l\u2019esercito israeliano. Macchina militare, pesantemente armata e che segue dottrine di sicurezza che comportano misure di protezione e prevenzione. \u2026 La tattica \u00e8 sorprendere il nemico e sferrargli un colpo mortale che non gli consenta alcuna possibilit\u00e0 di sopravvivenza o fuga o gli consenta la possibilit\u00e0 di confrontarsi e difendersi\u00bb.<\/p>\n\n\n<div class=\"wp-block-image\">\n<figure class=\"aligncenter size-full is-resized\"><a href=\"https:\/\/www.rassegnastampa-totustuus.it\/cattolica\/wp-content\/uploads\/2024\/10\/Israele_palestina_pace_medioriente.jpg\"><img loading=\"lazy\" decoding=\"async\" width=\"415\" height=\"266\" src=\"https:\/\/www.rassegnastampa-totustuus.it\/cattolica\/wp-content\/uploads\/2024\/10\/Israele_palestina_pace_medioriente.jpg\" alt=\"\" class=\"wp-image-61412\" style=\"width:481px;height:auto\"\/><\/a><\/figure><\/div>\n\n\n<p>I tunnel ad uso militare, realizzati negli anni con ingentissimo impegno finanziario, costituiscono un reticolo stimato in 500 chilometri concentrati sotto le zone abitate di Gaza. Essi consentono ai miliziani di sbucare di sorpresa innanzi alle truppe israeliane, colpire e sparire sottoterra, sorprendere il nemico alle spalle. I pi\u00f9 grandi sono vere e proprie gallerie che permettono il transito di grossi automezzi. Sono attrezzati con camere adibite per ogni necessit\u00e0: deposito armi, centri di comando, infermerie e camere operatorie per gli interventi pi\u00f9 semplici. La maggior parte dei tunnel hanno accesso da immobili civili e non.<\/p>\n\n\n\n<p>In conclusione, \u00e8 un fatto che Hamas si \u00e8 preparato, meticolosamente e per anni, a provocare, con l\u2019attacco del 7 ottobre del 2023, una lunga guerra d\u2019assedio, i cui costi sono stati finora in larga parte pagati da quella stessa popolazione che Hamas dice di voler difendere.<\/p>\n\n\n\n<p>Cos\u00ec come \u00e8 un fatto che l\u2019alto numero di vittime civili pone un problema ulteriore, quello relativo al rispetto dello <em>ius in bello <\/em>da parte dell\u2019Esercito israeliano. Quel che emerge, infatti, con evidenza \u00e8 il mancato rispetto da parte delle forze armate israeliane del diritto umanitario che impone, al di l\u00e0 di ogni provocazione o esigenza legata alla tattica bellica, di non colpire la popolazione civile e di non aggredire obiettivi all\u2019evidenza privi di significato militare, quali, ad esempio, le Chiese.<\/p>\n\n\n\n<p>Una pace duratura non pu\u00f2 che essere (il pi\u00f9 possibile) giusta. Giusta significa rispettare i diritti di ciascuno. Ed il primo diritto da rispettare, anche e soprattutto da parte di chiunque affronti la questione, \u00e8 quello dei fatti a non essere mutilati.<\/p>\n","protected":false},"excerpt":{"rendered":"<p>Centro Studi Livatino 18 Luglio 2025 Per riflettere su un realistico percorso di pace (giusta). Edoardo Fiore<\/p><p><a class=\"more-link btn\" href=\"https:\/\/www.rassegnastampa-totustuus.it\/cattolica\/gaza-un-po-di-storia-e-alcuni-fatti\/\">Continua a leggere<\/a><\/p>\n","protected":false},"author":6,"featured_media":63428,"comment_status":"closed","ping_status":"closed","sticky":false,"template":"","format":"standard","meta":{"footnotes":""},"categories":[75,108,19],"tags":[1072,732,1363],"class_list":["post-63427","post","type-post","status-publish","format-standard","has-post-thumbnail","hentry","category-israele","category-paesi-e-continenti","category-politica-internazionale","tag-gaza","tag-hamas","tag-palestina","item-wrap"],"yoast_head":"<!-- This site is optimized with the Yoast SEO plugin v27.4 - https:\/\/yoast.com\/product\/yoast-seo-wordpress\/ -->\n<title>Gaza: un po\u2019 di storia e alcuni fatti - Rassegna Stampa Cattolica<\/title>\n<meta name=\"description\" content=\"Gaza: un po\u2019 di storia e alcuni fatti. Per riflettere su un realistico percorso di pace (giusta).\" \/>\n<meta name=\"robots\" content=\"index, follow, max-snippet:-1, max-image-preview:large, max-video-preview:-1\" \/>\n<link rel=\"canonical\" href=\"https:\/\/www.rassegnastampa-totustuus.it\/cattolica\/gaza-un-po-di-storia-e-alcuni-fatti\/\" \/>\n<meta property=\"og:locale\" content=\"it_IT\" \/>\n<meta property=\"og:type\" content=\"article\" \/>\n<meta property=\"og:title\" content=\"Gaza: un po\u2019 di storia e alcuni fatti - Rassegna Stampa Cattolica\" \/>\n<meta property=\"og:description\" content=\"Gaza: un po\u2019 di storia e alcuni fatti. Per riflettere su un realistico percorso di pace (giusta).\" \/>\n<meta property=\"og:url\" content=\"https:\/\/www.rassegnastampa-totustuus.it\/cattolica\/gaza-un-po-di-storia-e-alcuni-fatti\/\" \/>\n<meta property=\"og:site_name\" content=\"Rassegna Stampa Cattolica\" \/>\n<meta property=\"article:publisher\" content=\"https:\/\/www.facebook.com\/rassegnastampacattolica\" \/>\n<meta property=\"article:published_time\" content=\"2025-07-21T09:21:36+00:00\" \/>\n<meta property=\"article:modified_time\" content=\"2025-07-21T09:28:39+00:00\" \/>\n<meta property=\"og:image\" content=\"https:\/\/www.rassegnastampa-totustuus.it\/cattolica\/wp-content\/uploads\/2025\/07\/Gaza_palestina_guerra.jpg\" \/>\n\t<meta property=\"og:image:width\" content=\"1600\" \/>\n\t<meta property=\"og:image:height\" content=\"1066\" \/>\n\t<meta property=\"og:image:type\" content=\"image\/jpeg\" \/>\n<meta name=\"author\" content=\"Redazione\" \/>\n<meta name=\"twitter:card\" content=\"summary_large_image\" \/>\n<meta name=\"twitter:creator\" content=\"@rassegnastampa9\" \/>\n<meta name=\"twitter:site\" content=\"@rassegnastampa9\" \/>\n<meta name=\"twitter:label1\" content=\"Scritto da\" \/>\n\t<meta name=\"twitter:data1\" content=\"Redazione\" \/>\n\t<meta name=\"twitter:label2\" content=\"Tempo di lettura stimato\" \/>\n\t<meta name=\"twitter:data2\" content=\"8 minuti\" \/>\n<script type=\"application\/ld+json\" class=\"yoast-schema-graph\">{\"@context\":\"https:\\\/\\\/schema.org\",\"@graph\":[{\"@type\":\"Article\",\"@id\":\"https:\\\/\\\/www.rassegnastampa-totustuus.it\\\/cattolica\\\/gaza-un-po-di-storia-e-alcuni-fatti\\\/#article\",\"isPartOf\":{\"@id\":\"https:\\\/\\\/www.rassegnastampa-totustuus.it\\\/cattolica\\\/gaza-un-po-di-storia-e-alcuni-fatti\\\/\"},\"author\":{\"name\":\"Redazione\",\"@id\":\"https:\\\/\\\/www.rassegnastampa-totustuus.it\\\/cattolica\\\/#\\\/schema\\\/person\\\/08f319d2bd1a0904ad9e2bfb7b15e5c3\"},\"headline\":\"Gaza: un po\u2019 di storia e alcuni fatti\",\"datePublished\":\"2025-07-21T09:21:36+00:00\",\"dateModified\":\"2025-07-21T09:28:39+00:00\",\"mainEntityOfPage\":{\"@id\":\"https:\\\/\\\/www.rassegnastampa-totustuus.it\\\/cattolica\\\/gaza-un-po-di-storia-e-alcuni-fatti\\\/\"},\"wordCount\":1243,\"publisher\":{\"@id\":\"https:\\\/\\\/www.rassegnastampa-totustuus.it\\\/cattolica\\\/#organization\"},\"image\":{\"@id\":\"https:\\\/\\\/www.rassegnastampa-totustuus.it\\\/cattolica\\\/gaza-un-po-di-storia-e-alcuni-fatti\\\/#primaryimage\"},\"thumbnailUrl\":\"https:\\\/\\\/www.rassegnastampa-totustuus.it\\\/cattolica\\\/wp-content\\\/uploads\\\/2025\\\/07\\\/Gaza_palestina_guerra.jpg\",\"keywords\":[\"Gaza\",\"hamas\",\"Palestina\"],\"articleSection\":[\"Israele\",\"Paesi e continenti\",\"Politica internazionale\"],\"inLanguage\":\"it-IT\"},{\"@type\":\"WebPage\",\"@id\":\"https:\\\/\\\/www.rassegnastampa-totustuus.it\\\/cattolica\\\/gaza-un-po-di-storia-e-alcuni-fatti\\\/\",\"url\":\"https:\\\/\\\/www.rassegnastampa-totustuus.it\\\/cattolica\\\/gaza-un-po-di-storia-e-alcuni-fatti\\\/\",\"name\":\"Gaza: un po\u2019 di storia e alcuni fatti - Rassegna Stampa Cattolica\",\"isPartOf\":{\"@id\":\"https:\\\/\\\/www.rassegnastampa-totustuus.it\\\/cattolica\\\/#website\"},\"primaryImageOfPage\":{\"@id\":\"https:\\\/\\\/www.rassegnastampa-totustuus.it\\\/cattolica\\\/gaza-un-po-di-storia-e-alcuni-fatti\\\/#primaryimage\"},\"image\":{\"@id\":\"https:\\\/\\\/www.rassegnastampa-totustuus.it\\\/cattolica\\\/gaza-un-po-di-storia-e-alcuni-fatti\\\/#primaryimage\"},\"thumbnailUrl\":\"https:\\\/\\\/www.rassegnastampa-totustuus.it\\\/cattolica\\\/wp-content\\\/uploads\\\/2025\\\/07\\\/Gaza_palestina_guerra.jpg\",\"datePublished\":\"2025-07-21T09:21:36+00:00\",\"dateModified\":\"2025-07-21T09:28:39+00:00\",\"description\":\"Gaza: un po\u2019 di storia e alcuni fatti. Per riflettere su un realistico percorso di pace (giusta).\",\"breadcrumb\":{\"@id\":\"https:\\\/\\\/www.rassegnastampa-totustuus.it\\\/cattolica\\\/gaza-un-po-di-storia-e-alcuni-fatti\\\/#breadcrumb\"},\"inLanguage\":\"it-IT\",\"potentialAction\":[{\"@type\":\"ReadAction\",\"target\":[\"https:\\\/\\\/www.rassegnastampa-totustuus.it\\\/cattolica\\\/gaza-un-po-di-storia-e-alcuni-fatti\\\/\"]}]},{\"@type\":\"ImageObject\",\"inLanguage\":\"it-IT\",\"@id\":\"https:\\\/\\\/www.rassegnastampa-totustuus.it\\\/cattolica\\\/gaza-un-po-di-storia-e-alcuni-fatti\\\/#primaryimage\",\"url\":\"https:\\\/\\\/www.rassegnastampa-totustuus.it\\\/cattolica\\\/wp-content\\\/uploads\\\/2025\\\/07\\\/Gaza_palestina_guerra.jpg\",\"contentUrl\":\"https:\\\/\\\/www.rassegnastampa-totustuus.it\\\/cattolica\\\/wp-content\\\/uploads\\\/2025\\\/07\\\/Gaza_palestina_guerra.jpg\",\"width\":1600,\"height\":1066},{\"@type\":\"BreadcrumbList\",\"@id\":\"https:\\\/\\\/www.rassegnastampa-totustuus.it\\\/cattolica\\\/gaza-un-po-di-storia-e-alcuni-fatti\\\/#breadcrumb\",\"itemListElement\":[{\"@type\":\"ListItem\",\"position\":1,\"name\":\"Home\",\"item\":\"https:\\\/\\\/www.rassegnastampa-totustuus.it\\\/cattolica\\\/\"},{\"@type\":\"ListItem\",\"position\":2,\"name\":\"Gaza: un po\u2019 di storia e alcuni fatti\"}]},{\"@type\":\"WebSite\",\"@id\":\"https:\\\/\\\/www.rassegnastampa-totustuus.it\\\/cattolica\\\/#website\",\"url\":\"https:\\\/\\\/www.rassegnastampa-totustuus.it\\\/cattolica\\\/\",\"name\":\"Rassegna Stampa Cattolica\",\"description\":\"Per una cultura che nasce dalla Rivelazione cristiana in conformit\u00e0 alla tradizione e al Magistero della Chiesa in opposizione ad ogni relativismo e totalitarismo\",\"publisher\":{\"@id\":\"https:\\\/\\\/www.rassegnastampa-totustuus.it\\\/cattolica\\\/#organization\"},\"alternateName\":\"Rass. Cattolica\",\"potentialAction\":[{\"@type\":\"SearchAction\",\"target\":{\"@type\":\"EntryPoint\",\"urlTemplate\":\"https:\\\/\\\/www.rassegnastampa-totustuus.it\\\/cattolica\\\/?s={search_term_string}\"},\"query-input\":{\"@type\":\"PropertyValueSpecification\",\"valueRequired\":true,\"valueName\":\"search_term_string\"}}],\"inLanguage\":\"it-IT\"},{\"@type\":\"Organization\",\"@id\":\"https:\\\/\\\/www.rassegnastampa-totustuus.it\\\/cattolica\\\/#organization\",\"name\":\"Rassegna Stampa Cattolica\",\"url\":\"https:\\\/\\\/www.rassegnastampa-totustuus.it\\\/cattolica\\\/\",\"logo\":{\"@type\":\"ImageObject\",\"inLanguage\":\"it-IT\",\"@id\":\"https:\\\/\\\/www.rassegnastampa-totustuus.it\\\/cattolica\\\/#\\\/schema\\\/logo\\\/image\\\/\",\"url\":\"https:\\\/\\\/www.rassegnastampa-totustuus.it\\\/cattolica\\\/wp-content\\\/uploads\\\/2014\\\/04\\\/logo-rassegna1.gif\",\"contentUrl\":\"https:\\\/\\\/www.rassegnastampa-totustuus.it\\\/cattolica\\\/wp-content\\\/uploads\\\/2014\\\/04\\\/logo-rassegna1.gif\",\"width\":600,\"height\":163,\"caption\":\"Rassegna Stampa Cattolica\"},\"image\":{\"@id\":\"https:\\\/\\\/www.rassegnastampa-totustuus.it\\\/cattolica\\\/#\\\/schema\\\/logo\\\/image\\\/\"},\"sameAs\":[\"https:\\\/\\\/www.facebook.com\\\/rassegnastampacattolica\",\"https:\\\/\\\/x.com\\\/rassegnastampa9\"]},{\"@type\":\"Person\",\"@id\":\"https:\\\/\\\/www.rassegnastampa-totustuus.it\\\/cattolica\\\/#\\\/schema\\\/person\\\/08f319d2bd1a0904ad9e2bfb7b15e5c3\",\"name\":\"Redazione\",\"image\":{\"@type\":\"ImageObject\",\"inLanguage\":\"it-IT\",\"@id\":\"https:\\\/\\\/secure.gravatar.com\\\/avatar\\\/2fcdf27c78ea025fbdb44e914cc63c72249ffec9dc8aafd5c82b26240ef3f346?s=96&d=mm&r=g\",\"url\":\"https:\\\/\\\/secure.gravatar.com\\\/avatar\\\/2fcdf27c78ea025fbdb44e914cc63c72249ffec9dc8aafd5c82b26240ef3f346?s=96&d=mm&r=g\",\"contentUrl\":\"https:\\\/\\\/secure.gravatar.com\\\/avatar\\\/2fcdf27c78ea025fbdb44e914cc63c72249ffec9dc8aafd5c82b26240ef3f346?s=96&d=mm&r=g\",\"caption\":\"Redazione\"},\"url\":\"https:\\\/\\\/www.rassegnastampa-totustuus.it\\\/cattolica\\\/author\\\/pietroelle\\\/\"}]}<\/script>\n<!-- \/ Yoast SEO plugin. -->","yoast_head_json":{"title":"Gaza: un po\u2019 di storia e alcuni fatti - Rassegna Stampa Cattolica","description":"Gaza: un po\u2019 di storia e alcuni fatti. Per riflettere su un realistico percorso di pace (giusta).","robots":{"index":"index","follow":"follow","max-snippet":"max-snippet:-1","max-image-preview":"max-image-preview:large","max-video-preview":"max-video-preview:-1"},"canonical":"https:\/\/www.rassegnastampa-totustuus.it\/cattolica\/gaza-un-po-di-storia-e-alcuni-fatti\/","og_locale":"it_IT","og_type":"article","og_title":"Gaza: un po\u2019 di storia e alcuni fatti - Rassegna Stampa Cattolica","og_description":"Gaza: un po\u2019 di storia e alcuni fatti. Per riflettere su un realistico percorso di pace (giusta).","og_url":"https:\/\/www.rassegnastampa-totustuus.it\/cattolica\/gaza-un-po-di-storia-e-alcuni-fatti\/","og_site_name":"Rassegna Stampa Cattolica","article_publisher":"https:\/\/www.facebook.com\/rassegnastampacattolica","article_published_time":"2025-07-21T09:21:36+00:00","article_modified_time":"2025-07-21T09:28:39+00:00","og_image":[{"width":1600,"height":1066,"url":"https:\/\/www.rassegnastampa-totustuus.it\/cattolica\/wp-content\/uploads\/2025\/07\/Gaza_palestina_guerra.jpg","type":"image\/jpeg"}],"author":"Redazione","twitter_card":"summary_large_image","twitter_creator":"@rassegnastampa9","twitter_site":"@rassegnastampa9","twitter_misc":{"Scritto da":"Redazione","Tempo di lettura stimato":"8 minuti"},"schema":{"@context":"https:\/\/schema.org","@graph":[{"@type":"Article","@id":"https:\/\/www.rassegnastampa-totustuus.it\/cattolica\/gaza-un-po-di-storia-e-alcuni-fatti\/#article","isPartOf":{"@id":"https:\/\/www.rassegnastampa-totustuus.it\/cattolica\/gaza-un-po-di-storia-e-alcuni-fatti\/"},"author":{"name":"Redazione","@id":"https:\/\/www.rassegnastampa-totustuus.it\/cattolica\/#\/schema\/person\/08f319d2bd1a0904ad9e2bfb7b15e5c3"},"headline":"Gaza: un po\u2019 di storia e alcuni fatti","datePublished":"2025-07-21T09:21:36+00:00","dateModified":"2025-07-21T09:28:39+00:00","mainEntityOfPage":{"@id":"https:\/\/www.rassegnastampa-totustuus.it\/cattolica\/gaza-un-po-di-storia-e-alcuni-fatti\/"},"wordCount":1243,"publisher":{"@id":"https:\/\/www.rassegnastampa-totustuus.it\/cattolica\/#organization"},"image":{"@id":"https:\/\/www.rassegnastampa-totustuus.it\/cattolica\/gaza-un-po-di-storia-e-alcuni-fatti\/#primaryimage"},"thumbnailUrl":"https:\/\/www.rassegnastampa-totustuus.it\/cattolica\/wp-content\/uploads\/2025\/07\/Gaza_palestina_guerra.jpg","keywords":["Gaza","hamas","Palestina"],"articleSection":["Israele","Paesi e continenti","Politica internazionale"],"inLanguage":"it-IT"},{"@type":"WebPage","@id":"https:\/\/www.rassegnastampa-totustuus.it\/cattolica\/gaza-un-po-di-storia-e-alcuni-fatti\/","url":"https:\/\/www.rassegnastampa-totustuus.it\/cattolica\/gaza-un-po-di-storia-e-alcuni-fatti\/","name":"Gaza: un po\u2019 di storia e alcuni fatti - Rassegna Stampa Cattolica","isPartOf":{"@id":"https:\/\/www.rassegnastampa-totustuus.it\/cattolica\/#website"},"primaryImageOfPage":{"@id":"https:\/\/www.rassegnastampa-totustuus.it\/cattolica\/gaza-un-po-di-storia-e-alcuni-fatti\/#primaryimage"},"image":{"@id":"https:\/\/www.rassegnastampa-totustuus.it\/cattolica\/gaza-un-po-di-storia-e-alcuni-fatti\/#primaryimage"},"thumbnailUrl":"https:\/\/www.rassegnastampa-totustuus.it\/cattolica\/wp-content\/uploads\/2025\/07\/Gaza_palestina_guerra.jpg","datePublished":"2025-07-21T09:21:36+00:00","dateModified":"2025-07-21T09:28:39+00:00","description":"Gaza: un po\u2019 di storia e alcuni fatti. Per riflettere su un realistico percorso di pace (giusta).","breadcrumb":{"@id":"https:\/\/www.rassegnastampa-totustuus.it\/cattolica\/gaza-un-po-di-storia-e-alcuni-fatti\/#breadcrumb"},"inLanguage":"it-IT","potentialAction":[{"@type":"ReadAction","target":["https:\/\/www.rassegnastampa-totustuus.it\/cattolica\/gaza-un-po-di-storia-e-alcuni-fatti\/"]}]},{"@type":"ImageObject","inLanguage":"it-IT","@id":"https:\/\/www.rassegnastampa-totustuus.it\/cattolica\/gaza-un-po-di-storia-e-alcuni-fatti\/#primaryimage","url":"https:\/\/www.rassegnastampa-totustuus.it\/cattolica\/wp-content\/uploads\/2025\/07\/Gaza_palestina_guerra.jpg","contentUrl":"https:\/\/www.rassegnastampa-totustuus.it\/cattolica\/wp-content\/uploads\/2025\/07\/Gaza_palestina_guerra.jpg","width":1600,"height":1066},{"@type":"BreadcrumbList","@id":"https:\/\/www.rassegnastampa-totustuus.it\/cattolica\/gaza-un-po-di-storia-e-alcuni-fatti\/#breadcrumb","itemListElement":[{"@type":"ListItem","position":1,"name":"Home","item":"https:\/\/www.rassegnastampa-totustuus.it\/cattolica\/"},{"@type":"ListItem","position":2,"name":"Gaza: un po\u2019 di storia e alcuni fatti"}]},{"@type":"WebSite","@id":"https:\/\/www.rassegnastampa-totustuus.it\/cattolica\/#website","url":"https:\/\/www.rassegnastampa-totustuus.it\/cattolica\/","name":"Rassegna Stampa Cattolica","description":"Per una cultura che nasce dalla Rivelazione cristiana in conformit\u00e0 alla tradizione e al Magistero della Chiesa in opposizione ad ogni relativismo e totalitarismo","publisher":{"@id":"https:\/\/www.rassegnastampa-totustuus.it\/cattolica\/#organization"},"alternateName":"Rass. Cattolica","potentialAction":[{"@type":"SearchAction","target":{"@type":"EntryPoint","urlTemplate":"https:\/\/www.rassegnastampa-totustuus.it\/cattolica\/?s={search_term_string}"},"query-input":{"@type":"PropertyValueSpecification","valueRequired":true,"valueName":"search_term_string"}}],"inLanguage":"it-IT"},{"@type":"Organization","@id":"https:\/\/www.rassegnastampa-totustuus.it\/cattolica\/#organization","name":"Rassegna Stampa Cattolica","url":"https:\/\/www.rassegnastampa-totustuus.it\/cattolica\/","logo":{"@type":"ImageObject","inLanguage":"it-IT","@id":"https:\/\/www.rassegnastampa-totustuus.it\/cattolica\/#\/schema\/logo\/image\/","url":"https:\/\/www.rassegnastampa-totustuus.it\/cattolica\/wp-content\/uploads\/2014\/04\/logo-rassegna1.gif","contentUrl":"https:\/\/www.rassegnastampa-totustuus.it\/cattolica\/wp-content\/uploads\/2014\/04\/logo-rassegna1.gif","width":600,"height":163,"caption":"Rassegna Stampa Cattolica"},"image":{"@id":"https:\/\/www.rassegnastampa-totustuus.it\/cattolica\/#\/schema\/logo\/image\/"},"sameAs":["https:\/\/www.facebook.com\/rassegnastampacattolica","https:\/\/x.com\/rassegnastampa9"]},{"@type":"Person","@id":"https:\/\/www.rassegnastampa-totustuus.it\/cattolica\/#\/schema\/person\/08f319d2bd1a0904ad9e2bfb7b15e5c3","name":"Redazione","image":{"@type":"ImageObject","inLanguage":"it-IT","@id":"https:\/\/secure.gravatar.com\/avatar\/2fcdf27c78ea025fbdb44e914cc63c72249ffec9dc8aafd5c82b26240ef3f346?s=96&d=mm&r=g","url":"https:\/\/secure.gravatar.com\/avatar\/2fcdf27c78ea025fbdb44e914cc63c72249ffec9dc8aafd5c82b26240ef3f346?s=96&d=mm&r=g","contentUrl":"https:\/\/secure.gravatar.com\/avatar\/2fcdf27c78ea025fbdb44e914cc63c72249ffec9dc8aafd5c82b26240ef3f346?s=96&d=mm&r=g","caption":"Redazione"},"url":"https:\/\/www.rassegnastampa-totustuus.it\/cattolica\/author\/pietroelle\/"}]}},"_links":{"self":[{"href":"https:\/\/www.rassegnastampa-totustuus.it\/cattolica\/wp-json\/wp\/v2\/posts\/63427","targetHints":{"allow":["GET"]}}],"collection":[{"href":"https:\/\/www.rassegnastampa-totustuus.it\/cattolica\/wp-json\/wp\/v2\/posts"}],"about":[{"href":"https:\/\/www.rassegnastampa-totustuus.it\/cattolica\/wp-json\/wp\/v2\/types\/post"}],"author":[{"embeddable":true,"href":"https:\/\/www.rassegnastampa-totustuus.it\/cattolica\/wp-json\/wp\/v2\/users\/6"}],"replies":[{"embeddable":true,"href":"https:\/\/www.rassegnastampa-totustuus.it\/cattolica\/wp-json\/wp\/v2\/comments?post=63427"}],"version-history":[{"count":2,"href":"https:\/\/www.rassegnastampa-totustuus.it\/cattolica\/wp-json\/wp\/v2\/posts\/63427\/revisions"}],"predecessor-version":[{"id":63430,"href":"https:\/\/www.rassegnastampa-totustuus.it\/cattolica\/wp-json\/wp\/v2\/posts\/63427\/revisions\/63430"}],"wp:featuredmedia":[{"embeddable":true,"href":"https:\/\/www.rassegnastampa-totustuus.it\/cattolica\/wp-json\/wp\/v2\/media\/63428"}],"wp:attachment":[{"href":"https:\/\/www.rassegnastampa-totustuus.it\/cattolica\/wp-json\/wp\/v2\/media?parent=63427"}],"wp:term":[{"taxonomy":"category","embeddable":true,"href":"https:\/\/www.rassegnastampa-totustuus.it\/cattolica\/wp-json\/wp\/v2\/categories?post=63427"},{"taxonomy":"post_tag","embeddable":true,"href":"https:\/\/www.rassegnastampa-totustuus.it\/cattolica\/wp-json\/wp\/v2\/tags?post=63427"}],"curies":[{"name":"wp","href":"https:\/\/api.w.org\/{rel}","templated":true}]}}