{"id":630,"date":"2005-05-31T17:34:32","date_gmt":"2005-05-31T15:34:32","guid":{"rendered":""},"modified":"2016-03-29T17:21:51","modified_gmt":"2016-03-29T15:21:51","slug":"santagostino","status":"publish","type":"post","link":"https:\/\/www.rassegnastampa-totustuus.it\/cattolica\/santagostino\/","title":{"rendered":"Sant&#8217;Agostino"},"content":{"rendered":"<div style=\"text-align: center;\"><img loading=\"lazy\" decoding=\"async\" class=\"alignleft wp-image-32395\" src=\"https:\/\/www.rassegnastampa-totustuus.it\/cattolica\/wp-content\/uploads\/2005\/05\/Agostino.jpg\" alt=\"Agostino\" width=\"148\" height=\"200\" \/>La vita, le opere, il pensiero e un articolo tratto da:\u00a0<strong>Il Timone<\/strong><\/div>\n<div style=\"text-align: center;\">n. 5 Gennaio\/Febbraio 2000<\/div>\n<p style=\"text-align: center;\"><strong>Agostino il santo della Grazia<br \/>\n<\/strong><\/p>\n<p style=\"text-align: center;\">di <strong>Maurizio Schoepflin<\/strong><\/p>\n<p><!--more--><\/p>\n<div style=\"text-align: justify;\"><strong>Vita<\/strong><\/div>\n<p style=\"text-align: justify;\">Nato a Tagaste (oggi Souk-Ahras) nel 354\/430 \u00e8 segnato dalla inquieta, appassionata ricerca della verit\u00e0. Di <strong>madre cristiana<\/strong>, Monica, e di padre pagano, Agostino abbandon\u00f2, gi\u00e0 adolescente, la fede materna e pass\u00f2 attraverso molteplici esperienze prima di riapprodarvi di nuovo, pi\u00f9 consapevole. Centrale nella sua <strong>odissea esistenziale-intellettuale<\/strong> fu il problema del <strong>male<\/strong>, che egli affront\u00f2 legando inscidibilmente riflessione filosofica ed esperienza di vita. A tale problema speriment\u00f2 la risposta inadeguata del <strong>manicheismo<\/strong>, e poi quella, comunque insufficiente, del <strong>neoplatonismo<\/strong>, per giungere alla convinzione che solo il Cristianesimo \u00e8 adeguato a rispondervi; nella sua conversione parte notevole ebbe <strong>S.Ambrogio<\/strong>, che Agostino conobbe a Milano (384\/387). Convertitosi, divenne <strong>vescovo di Ippona<\/strong>, e come tale condusse una fecondissima attivit\u00e0 di scrittore e polemista, in difesa della verit\u00e0 finalmente incontrata.<\/p>\n<p style=\"text-align: justify;\"><strong>Opere<\/strong><\/p>\n<p><em>Confessiones <\/em><\/p>\n<div><em>Contra academicos <\/em><\/div>\n<div><em>Contra Faustum manichaeum <\/em><\/div>\n<div><em>De civitate Dei (413\/26) <\/em><\/div>\n<div><em>De doctrina christiana (397) <\/em><\/div>\n<div><em>De gratia et libero arbitrio (388\/95) <\/em><\/div>\n<div><em>De libero arbitrio <\/em><\/div>\n<div><em>De magistro <\/em><\/div>\n<div><em>De natura et gratia <\/em><\/div>\n<div><em>De spiritu et littera <\/em><\/div>\n<div><em>De vera religione <\/em><\/div>\n<div><em>De vita beata <\/em><\/div>\n<p><strong>pensiero<\/strong><\/p>\n<p>Lo <strong>spirito di Agostino<\/strong> \u00e8 cos\u00ec riassumibile:<\/p>\n<div>\n<div align=\"justify\"><strong>1.<\/strong> un vivo senso della drammaticita&#8217; dell&#8217;esistenza umana, della possibiita&#8217; che l&#8217;uomo non giunga al suo compimento, che d&#8217;altra parte non puo&#8217; non desiderare con tutto il suo cuore (<em>inquietum est cor nostrum<\/em>): il male insidia l&#8217;uomo, corrodenone la vita. Per cui la filosofia non e&#8217; oziosa riflessione accademica, ma vivente impegno con questo dramma: deve servire a rispondere alle domande dell&#8217;uomo concreto, non a astratte curiosit\u00e0. Il dramma dell&#8217;io umano \u00e8 quello di:<\/div>\n<\/div>\n<table border=\"1\" cellspacing=\"0\" cellpadding=\"0\">\n<tbody>\n<tr>\n<td valign=\"top\" width=\"326\">\u00a0desiderare la perfetta felicit\u00e0<\/td>\n<td valign=\"top\" width=\"326\">\u00a0trovando solo limitati e temporanei appagamenti<\/td>\n<\/tr>\n<tr>\n<td valign=\"top\" width=\"326\">\u00a0trovare la piena verit\u00e0, stabilmente e\u00a0definitivamente posseduta<\/td>\n<td valign=\"top\" width=\"326\">\u00a0trovando solo incertezza, opinioni che si \u00e8 costretti a cambiare cos\u00ec spesso<\/td>\n<\/tr>\n<tr>\n<td valign=\"top\" width=\"326\">desiderare di compiere fino in fondo il bene<\/td>\n<td valign=\"top\" width=\"326\">trovandosi cos\u00ec spesso prclivi al male<\/td>\n<\/tr>\n<tr>\n<td valign=\"top\" width=\"326\">desiderare la pace<\/td>\n<td valign=\"top\" width=\"326\">\u00a0trovando solo inquietudine<\/td>\n<\/tr>\n<\/tbody>\n<\/table>\n<div><\/div>\n<p style=\"text-align: justify;\">l&#8217;uomo non supera con le sue forze questo circolo vizioso (di non poter non desiderare quello che poi non pu\u00f2 ottenere): in polemica contro Pelagio, egli sostiene che solo la <strong>grazia<\/strong> di <strong>Cristo<\/strong> ci salva. \u00e8 Cristo che consente alla <strong>conoscenza<\/strong> umana di raggiungere uno stato di certezza e di stabile verit\u00e0 (come Maestro interiore, mediante l&#8217;<em>illuminazione<\/em>)<\/p>\n<p style=\"text-align: justify;\">il <strong><span style=\"text-decoration: underline;\">superamento del dubbio<\/span> scettico<\/strong> che l&#8217;uomo non fluttui nell&#8217;incertezza, nell&#8217;assenza di riferimenti veritativi assoluti lo si pu\u00f2 capire anche &#8220;dal basso&#8221;, con una riflessione filosofica che fa appello ad evidenza naturali (anteriori alla fede); infatti, dice Agostino nel <em>Contra Academicos<\/em>, se anche dovessimo dubitare di tutte le verit\u00e0 che si riferiscono al mondo esterno, se anche dubitassimo di tutto, almeno dell&#8217;atto del dubitare, almeno dell&#8217;esistenza di me, soggetto, che dubito non potrei dubitare. So almeno questo, che io esisto. Ma <em>sapere<\/em> che esisto aggiunge una seconda certezza, quella appunto che, oltre che esistente, io sono conoscente. E infine io, esistente e conoscente posso scegliere che cosa pensare o fare, dunque sono anche volente.<\/p>\n<p style=\"text-align: justify;\"><em>Esse<\/em>, <em>nosse<\/em>, <em>velle <\/em>(esistere, conoscere, volere) sono dunque le prime tre certezze, che segnano il superamento del dubbio. E&#8217; dunque il soggetto, l&#8217;io, nella sua realt\u00e0 ontologica, il dato di certezza primo, e nelle prime tre certezze di cui \u00e8 fatto l&#8217;io si rispecchia lo stesso Mistero trinitario (il Padre, Origine dell&#8217;essere, il Figlio, Verbo del Padre, e lo Spirito, Amore infinito).<\/p>\n<p style=\"text-align: justify;\">l&#8217;<strong><span style=\"text-decoration: underline;\">illuminazione<\/span><\/strong> basandosi sulle sue forze conoscitive naturali, l&#8217;uomo non andrebbe molto lontano: gli manca un &#8220;centro di gravit\u00e0 permanente&#8221; che gli consenta di giudicare in modo stabile e adeguato la realt\u00e0 che \u00e8 oggetto della sua esperienza. Mutevole \u00e8 tale realt\u00e0, e instabile, come mutevole e instabile \u00e8 la stessa anima umana, lo stesso io e la sua mente, che deve continuamente ricredersi sulle cose, cambiando opinione con facilit\u00e0, e restando preda di un turbine di ipotesi piuttosto che camminando con pacificata sicurezza sulla via maestra di una verit\u00e0 assoluta. Tale \u00e8 la condizione dell&#8217;uomo, finch\u00e9 non sia appunto aiutato da qualcosa di superiore: Colui che vede tutto con perfetta e stabile chiarezza, Cristo, partecipa alla mente umana un po\u2019 di tale chiarezza, rendendo possibile giudicare in modo nitido e sicuro.<\/p>\n<p style=\"text-align: justify;\">E&#8217;\u00a0Cristo che consente alla <strong>affettivit\u00e0<\/strong> umana di sottrarsi alla grettezza di un <em>amor sui<\/em> come misura ultima di tutto, e di tuffarsi nella buona avventura dell&#8217;<em>amor Dei<\/em>, che supera l&#8217;amore egoistico a s\u00e8, pur essendo l&#8217;unico a fare il proprio vero bene la sua grazia, ricevuta dal nostro libero arbitrio, lievita la nostra natura, decaduta in seguito al peccato originale, e ci rende capaci di bene, superando appunto il male (come progetto sulla vita), che tanto aveva angosciato Agostino prima della conversione; \u00e8 Cristo che d\u00e0 senso al <strong>tempo<\/strong>, permettendogli di essere non pi\u00f9 dispersa molteplicit\u00e0, sciame informe di vuote apparenza, ma sensata unit\u00e0 raccolta nella attesa della eternit\u00e0 beata.<\/p>\n<p style=\"text-align: justify;\">Quella del <strong>tempo<\/strong> \u00e8 un dimensione molto sentita da S.Agostino: tutto \u00e8 instabile, provvisorio; questa vita non d\u00e0 tregua, non si pu\u00f2 mai in essa riposarsi definitivamente. <em>Da un lato<\/em> il tempo \u00e8 contrassegno della finitudine dello uomo, disperso e disgregato nelle molteplicit\u00e0 degli instanti, che si susseguono inesorabilmente. Per cui esso \u00e8 indizio della drammaticit\u00e0 della vita, di un suo non-autopossesso: per la INCONSITENZA del tempo: il passato NON E&#8217; pi\u00f9, il futuro NON E&#8217; ancora, il presente stesso NON E&#8217; CHE un attimo inafferrabile, senza spessore, sfuggente. <em>D&#8217;altro lato<\/em> la coscienza del tempo indica una elevazione dell&#8217;uomo sopra la molteplicit\u00e0 dispersa degli istanti; sintetizzando il molteplice egli si avvicina all&#8217;eterno presente di Dio: il tempo \u00e8 <em>distensio animi<\/em>, l&#8217;animo si dilata ad abbracciare l&#8217;estensione altrimenti desolatamente disgregata della successione temporale (<em>in te, anime meus, tempora metior<\/em>). per brani relativi al tempo:<\/p>\n<p style=\"text-align: center;\">__________________________<\/p>\n<p style=\"text-align: center;\"><strong>Il Timone<\/strong> &#8211; n. 5 Gennaio\/Febbraio 2000<\/p>\n<p style=\"text-align: center;\"><strong>Agostino il santo della Grazia<\/strong><\/p>\n<p style=\"text-align: center;\">di <strong>Maurizio Schoepflin<\/strong><\/p>\n<p style=\"text-align: justify;\">Sant&#8217;Agostino (354-430) \u00e8 stato uno dei massimi protagonisti della storia della cultura occidentale: la sua testimonianza di uomo e di pensatore ha lasciato una traccia feconda e indelebile non soltanto nella tradizione cristiana, della quale \u00e8 uno dei pi\u00f9 straordinari maestri, ma nell&#8217;intera civilt\u00e0 dell&#8217;Occidente. Numerosi sono i motivi del filosofare agostiniano che hanno rivestito eccezionale importanza nella storia del pensiero: molti di questi conservano una suggestiva attualit\u00e0 e su alcuni di essi soffermeremo la nostra attenzione, ben sapendo che il patrimonio di sapienza lasciatoci dal santo dottore africano \u00e8 pressoch\u00e8 inesauribile.<\/p>\n<p style=\"text-align: justify;\">Con un&#8217;intensit\u00e0 riscontrabile in pochi altri casi, in Agostino la dimensione esistenziale e quella affettiva si intrecciano inestricabilmente con quella religiosa e con quella filosofica: fede e ragione, ricerca della verit\u00e0 e conquista di essa, invocazione e riflessione, lettura e dialogo, scrittura polemica e preghiera appassionata, amore e amicizia, spirito e carne si incontrano e si scontrano nella vita di Agostino, entrano in conflitto, si compenetrano, si attraggono, si respingono, fino a trovare una sintesi suprema nella pace interiore raggiunta da chi, come insegna san Paolo, ha combattuto e portato a termine la buona battaglia del Vangelo.<\/p>\n<p style=\"text-align: justify;\">La fede a cui Agostino approdo, dopo anni di errori e di sofferenze e in seguito ad una straordinaria conversione, fece tutt&#8217;uno con la sua vita, e non casualmente lo scritto suo pi\u00f9 celebre e coinvolgente sono le Confessioni, documento palpitante di un&#8217;esistenza caratterizzata da una profonda ansia di ricerca e coronata dall&#8217;approdo appagante alla Verit\u00e0.<\/p>\n<p style=\"text-align: justify;\">Per Agostino l&#8217;uomo porta nel cuore un&#8217;inquietudine che lo spinge verso Dio: guardandosi dentro (ad Agostino si deve la scoperta della realt\u00e0 e del valore dell&#8217;interiorit\u00e0), ognuno si rende conto che \u00e8 Dio ad averlo creato e che soltanto tornando a Lui potr\u00e0 trovare la propria realizzazione pi\u00f9 autentica. In questo cammino, un aiuto importante pu\u00f2 venire dalla filosofia, perch\u00e8 &#8211; rammenta Agostino &#8211; \u00e8 necessario capire per credere e credere per capire: sar\u00e0 comunque la fede a illuminare definitivamente l&#8217;uomo e a dargli le risposte alle quali il suo cuore anela.<\/p>\n<p style=\"text-align: justify;\">A questo riguardo, e interessante ricordare la grande importanza riconosciuta alla preghiera da parte di Agostino, che non esit\u00f2 ad attribuire alla costante appassionata orazione della madre Monica (venerata dalla Chiesa come Santa) il suo ritorno sulla retta via della fede: pregare significa rendersi conto che la sapienza umana \u00e8 insufficiente per ottenere la salvezza e la beatitudine derivanti dall&#8217;incontro con il Signore. Sulla via di questo incontro, l&#8217;uomo trova un grave ostacolo: \u00e8 il peccato, di cui Agostino sottolineo con chiarezza la drammatica e distruttiva presenza nella vita e nella storia degli uomini; \u00e8 il peccato &#8211; ci dice il Santo Vescovo di Ippona &#8211; non \u00e8 vincibile senza l&#8217;intervento di Dio che ci dona la Grazia.<\/p>\n<p style=\"text-align: justify;\">Con le sue sole forze, l&#8217;uomo non potr\u00e0 mai salvarsi: su ci\u00f2 Agostino rimase sempre assolutamente fermo, convinto che soltanto la Croce di Cristo e il suo sacrificio salvifico hanno riaperto all&#8217;uomo le porte del Cielo. Seguendo questa linea di riflessione, si comprende perch\u00e8 Agostino abbia sostenuto che la Grazia divina non cancella la libert\u00e0 umana, bens\u00ec la valorizza appieno: infatti, soltanto in virt\u00f9 della Grazia di Dio l&#8217;uomo pu\u00f2 perseverare nel bene e non usare male il libero arbitrio, il quale, a causa del peccato originale, \u00e8 costantemente insidiato dall&#8217;errore.<\/p>\n<p style=\"text-align: justify;\">Dunque, la vera libert\u00e0, la libert\u00e0 in senso pieno, \u00e8 quella che, potenziata dall&#8217;intervento salvifico divino, sceglie il bene e lo compie, innalzando l&#8217;uomo verso il suo destino soprannaturale e allontanandolo dal peccato in cui la debolezza della sua volont\u00e0 rischia continuamente di farlo cadere. In sintesi: la Grazia ci rende capaci di amore, dell&#8217;amore autentico, che \u00e8 la carit\u00e0 evangelica.<\/p>\n<p style=\"text-align: justify;\">In ultima analisi, dunque, per Agostino la ricerca di Dio e il cammino verso di Lui diventano una questione di amore. Vera sintesi di libert\u00e0 e grazia, l&#8217;amore si presenta pertanto come il movente del nostro ricongiungimento con Dio: si tratta dell&#8217;amore rettamente inteso e finalizzato all&#8217;obbedienza ai precetti evangelici, non certo dell&#8217;amore falso e sregolato &#8211; sperimentato da Agostino prima della conversione &#8211; che spinge l&#8217;uomo verso l&#8217;eccessivo attaccamento alle creature e alle realt\u00e0 terrene, distogliendolo dall&#8217;autentica carit\u00e0 che riconosce in Dio il suo sommo oggetto.<\/p>\n<p style=\"text-align: justify;\">Tra i valori che pi\u00f9 si avvicinano all&#8217;amore, e che da esso traggono linfa vitale, vi \u00e8 l&#8217;amicizia: Agostino visse in modo particolarmente appassionato il sentimento dell&#8217;amicizia e la sua vita ne fu sempre segnata, anche se soltanto dopo la conversione egli ne comprese appieno il significato, quando la forza redentrice di Dio elev\u00f2 pure quel sentimento, rendendo autenticamente saldi i rapporti amicali.<\/p>\n<p style=\"text-align: justify;\">Per Agostino, dunque, anche le relazioni umane traggono senso e sapore dalla fede in Dio e il ritrovamento del Padre diventa, nel medesimo tempo, ritrovamento dei fratelli. Egli ha, per cos\u00ec dire, chiuso il cerchio: l&#8217;ansia di Dio lo ha ricondotto fra le braccia del suo Signore; ora sa qual \u00e8 il senso della vita e allarga il suo sguardo fino a comprendere gli altri nell&#8217;amore e, attraverso l&#8217;amore, pregusta il premio eterno che lo attende in Paradiso.<\/p>\n<p style=\"text-align: justify;\"><strong>Bibliografia<\/strong><\/p>\n<p><strong>E. Gilson<\/strong>,<em> Introduzione allo studio di Sant&#8217;Agostino<\/em>, Marietti, Casale Monferrato 1983.<\/p>\n<div align=\"justify\"><strong>Trap\u00e8,<\/strong> <em>Introduzione, in Sant&#8217;Agostino, Le Confessioni,<\/em> Citt\u00e0 Nuova, Roma 1975.<\/div>\n<div align=\"justify\"><strong>M. Schoepflin<\/strong> [a cura di], <em>II &#8220;De Magistro&#8221; di Sant&#8217;Agostino e il tema dell&#8217;educazione nel cristianesimo antico<\/em>, Paravia, Torino 1994.<\/div>\n","protected":false},"excerpt":{"rendered":"<p>La vita, le opere, il pensiero e un articolo tratto da:\u00a0Il Timone n. 5 Gennaio\/Febbraio 2000 Agostino il santo della Grazia di Maurizio Schoepflin<\/p><p><a class=\"more-link btn\" href=\"https:\/\/www.rassegnastampa-totustuus.it\/cattolica\/santagostino\/\">Continua a leggere<\/a><\/p>\n","protected":false},"author":6,"featured_media":32395,"comment_status":"closed","ping_status":"open","sticky":false,"template":"","format":"standard","meta":{"footnotes":""},"categories":[5,57,65],"tags":[157,170,607,466],"class_list":["post-630","post","type-post","status-publish","format-standard","has-post-thumbnail","hentry","category-chiesa","category-filosofia","category-santi","tag-chiesa-2","tag-filosofia-2","tag-s-agostino","tag-santi-2","item-wrap"],"yoast_head":"<!-- This site is optimized with the Yoast SEO plugin v27.5 - https:\/\/yoast.com\/product\/yoast-seo-wordpress\/ -->\n<title>Sant&#039;Agostino - Rassegna Stampa Cattolica<\/title>\n<meta name=\"description\" content=\"Rassegna Stampa Cattolica - Per una cultura che nasce dalla Rivelazione cristiana in conformit\u00e0 alla tradizione e al Magistero della Chiesa in opposizione ad ogni relativismo e totalitarismo\" \/>\n<meta name=\"robots\" content=\"index, follow, max-snippet:-1, max-image-preview:large, max-video-preview:-1\" \/>\n<link rel=\"canonical\" href=\"https:\/\/www.rassegnastampa-totustuus.it\/cattolica\/santagostino\/\" \/>\n<meta property=\"og:locale\" content=\"it_IT\" \/>\n<meta property=\"og:type\" content=\"article\" \/>\n<meta property=\"og:title\" content=\"Sant&#039;Agostino - Rassegna Stampa Cattolica\" \/>\n<meta property=\"og:description\" content=\"Rassegna Stampa Cattolica - Per una cultura che nasce dalla Rivelazione cristiana in conformit\u00e0 alla tradizione e al Magistero della Chiesa in opposizione ad ogni relativismo e totalitarismo\" \/>\n<meta property=\"og:url\" content=\"https:\/\/www.rassegnastampa-totustuus.it\/cattolica\/santagostino\/\" \/>\n<meta property=\"og:site_name\" content=\"Rassegna Stampa Cattolica\" \/>\n<meta property=\"article:publisher\" content=\"https:\/\/www.facebook.com\/rassegnastampacattolica\" \/>\n<meta property=\"article:published_time\" content=\"2005-05-31T15:34:32+00:00\" \/>\n<meta property=\"article:modified_time\" content=\"2016-03-29T15:21:51+00:00\" \/>\n<meta property=\"og:image\" content=\"https:\/\/www.rassegnastampa-totustuus.it\/cattolica\/wp-content\/uploads\/2005\/05\/Agostino.jpg\" \/>\n\t<meta property=\"og:image:width\" content=\"193\" \/>\n\t<meta property=\"og:image:height\" content=\"261\" \/>\n\t<meta property=\"og:image:type\" content=\"image\/jpeg\" \/>\n<meta name=\"author\" content=\"Redazione\" \/>\n<meta name=\"twitter:card\" content=\"summary_large_image\" \/>\n<meta name=\"twitter:creator\" content=\"@rassegnastampa9\" \/>\n<meta name=\"twitter:site\" content=\"@rassegnastampa9\" \/>\n<meta name=\"twitter:label1\" content=\"Scritto da\" \/>\n\t<meta name=\"twitter:data1\" content=\"Redazione\" \/>\n\t<meta name=\"twitter:label2\" content=\"Tempo di lettura stimato\" \/>\n\t<meta name=\"twitter:data2\" content=\"9 minuti\" \/>\n<script type=\"application\/ld+json\" class=\"yoast-schema-graph\">{\"@context\":\"https:\\\/\\\/schema.org\",\"@graph\":[{\"@type\":\"Article\",\"@id\":\"https:\\\/\\\/www.rassegnastampa-totustuus.it\\\/cattolica\\\/santagostino\\\/#article\",\"isPartOf\":{\"@id\":\"https:\\\/\\\/www.rassegnastampa-totustuus.it\\\/cattolica\\\/santagostino\\\/\"},\"author\":{\"name\":\"Redazione\",\"@id\":\"https:\\\/\\\/www.rassegnastampa-totustuus.it\\\/cattolica\\\/#\\\/schema\\\/person\\\/08f319d2bd1a0904ad9e2bfb7b15e5c3\"},\"headline\":\"Sant&#8217;Agostino\",\"datePublished\":\"2005-05-31T15:34:32+00:00\",\"dateModified\":\"2016-03-29T15:21:51+00:00\",\"mainEntityOfPage\":{\"@id\":\"https:\\\/\\\/www.rassegnastampa-totustuus.it\\\/cattolica\\\/santagostino\\\/\"},\"wordCount\":1861,\"publisher\":{\"@id\":\"https:\\\/\\\/www.rassegnastampa-totustuus.it\\\/cattolica\\\/#organization\"},\"image\":{\"@id\":\"https:\\\/\\\/www.rassegnastampa-totustuus.it\\\/cattolica\\\/santagostino\\\/#primaryimage\"},\"thumbnailUrl\":\"https:\\\/\\\/www.rassegnastampa-totustuus.it\\\/cattolica\\\/wp-content\\\/uploads\\\/2005\\\/05\\\/Agostino.jpg\",\"keywords\":[\"chiesa\",\"filosofia\",\"S Agostino\",\"santi\"],\"articleSection\":[\"Chiesa\",\"Filosofia\",\"Santi\"],\"inLanguage\":\"it-IT\"},{\"@type\":\"WebPage\",\"@id\":\"https:\\\/\\\/www.rassegnastampa-totustuus.it\\\/cattolica\\\/santagostino\\\/\",\"url\":\"https:\\\/\\\/www.rassegnastampa-totustuus.it\\\/cattolica\\\/santagostino\\\/\",\"name\":\"Sant'Agostino - Rassegna Stampa Cattolica\",\"isPartOf\":{\"@id\":\"https:\\\/\\\/www.rassegnastampa-totustuus.it\\\/cattolica\\\/#website\"},\"primaryImageOfPage\":{\"@id\":\"https:\\\/\\\/www.rassegnastampa-totustuus.it\\\/cattolica\\\/santagostino\\\/#primaryimage\"},\"image\":{\"@id\":\"https:\\\/\\\/www.rassegnastampa-totustuus.it\\\/cattolica\\\/santagostino\\\/#primaryimage\"},\"thumbnailUrl\":\"https:\\\/\\\/www.rassegnastampa-totustuus.it\\\/cattolica\\\/wp-content\\\/uploads\\\/2005\\\/05\\\/Agostino.jpg\",\"datePublished\":\"2005-05-31T15:34:32+00:00\",\"dateModified\":\"2016-03-29T15:21:51+00:00\",\"description\":\"Rassegna Stampa Cattolica - Per una cultura che nasce dalla Rivelazione cristiana in conformit\u00e0 alla tradizione e al Magistero della Chiesa in opposizione ad ogni relativismo e totalitarismo\",\"breadcrumb\":{\"@id\":\"https:\\\/\\\/www.rassegnastampa-totustuus.it\\\/cattolica\\\/santagostino\\\/#breadcrumb\"},\"inLanguage\":\"it-IT\",\"potentialAction\":[{\"@type\":\"ReadAction\",\"target\":[\"https:\\\/\\\/www.rassegnastampa-totustuus.it\\\/cattolica\\\/santagostino\\\/\"]}]},{\"@type\":\"ImageObject\",\"inLanguage\":\"it-IT\",\"@id\":\"https:\\\/\\\/www.rassegnastampa-totustuus.it\\\/cattolica\\\/santagostino\\\/#primaryimage\",\"url\":\"https:\\\/\\\/www.rassegnastampa-totustuus.it\\\/cattolica\\\/wp-content\\\/uploads\\\/2005\\\/05\\\/Agostino.jpg\",\"contentUrl\":\"https:\\\/\\\/www.rassegnastampa-totustuus.it\\\/cattolica\\\/wp-content\\\/uploads\\\/2005\\\/05\\\/Agostino.jpg\",\"width\":193,\"height\":261},{\"@type\":\"BreadcrumbList\",\"@id\":\"https:\\\/\\\/www.rassegnastampa-totustuus.it\\\/cattolica\\\/santagostino\\\/#breadcrumb\",\"itemListElement\":[{\"@type\":\"ListItem\",\"position\":1,\"name\":\"Home\",\"item\":\"https:\\\/\\\/www.rassegnastampa-totustuus.it\\\/cattolica\\\/\"},{\"@type\":\"ListItem\",\"position\":2,\"name\":\"Sant&#8217;Agostino\"}]},{\"@type\":\"WebSite\",\"@id\":\"https:\\\/\\\/www.rassegnastampa-totustuus.it\\\/cattolica\\\/#website\",\"url\":\"https:\\\/\\\/www.rassegnastampa-totustuus.it\\\/cattolica\\\/\",\"name\":\"Rassegna Stampa Cattolica\",\"description\":\"Per una cultura che nasce dalla Rivelazione cristiana in conformit\u00e0 alla tradizione e al Magistero della Chiesa in opposizione ad ogni relativismo e totalitarismo\",\"publisher\":{\"@id\":\"https:\\\/\\\/www.rassegnastampa-totustuus.it\\\/cattolica\\\/#organization\"},\"alternateName\":\"Rass. Cattolica\",\"potentialAction\":[{\"@type\":\"SearchAction\",\"target\":{\"@type\":\"EntryPoint\",\"urlTemplate\":\"https:\\\/\\\/www.rassegnastampa-totustuus.it\\\/cattolica\\\/?s={search_term_string}\"},\"query-input\":{\"@type\":\"PropertyValueSpecification\",\"valueRequired\":true,\"valueName\":\"search_term_string\"}}],\"inLanguage\":\"it-IT\"},{\"@type\":\"Organization\",\"@id\":\"https:\\\/\\\/www.rassegnastampa-totustuus.it\\\/cattolica\\\/#organization\",\"name\":\"Rassegna Stampa Cattolica\",\"url\":\"https:\\\/\\\/www.rassegnastampa-totustuus.it\\\/cattolica\\\/\",\"logo\":{\"@type\":\"ImageObject\",\"inLanguage\":\"it-IT\",\"@id\":\"https:\\\/\\\/www.rassegnastampa-totustuus.it\\\/cattolica\\\/#\\\/schema\\\/logo\\\/image\\\/\",\"url\":\"https:\\\/\\\/www.rassegnastampa-totustuus.it\\\/cattolica\\\/wp-content\\\/uploads\\\/2014\\\/04\\\/logo-rassegna1.gif\",\"contentUrl\":\"https:\\\/\\\/www.rassegnastampa-totustuus.it\\\/cattolica\\\/wp-content\\\/uploads\\\/2014\\\/04\\\/logo-rassegna1.gif\",\"width\":600,\"height\":163,\"caption\":\"Rassegna Stampa Cattolica\"},\"image\":{\"@id\":\"https:\\\/\\\/www.rassegnastampa-totustuus.it\\\/cattolica\\\/#\\\/schema\\\/logo\\\/image\\\/\"},\"sameAs\":[\"https:\\\/\\\/www.facebook.com\\\/rassegnastampacattolica\",\"https:\\\/\\\/x.com\\\/rassegnastampa9\"]},{\"@type\":\"Person\",\"@id\":\"https:\\\/\\\/www.rassegnastampa-totustuus.it\\\/cattolica\\\/#\\\/schema\\\/person\\\/08f319d2bd1a0904ad9e2bfb7b15e5c3\",\"name\":\"Redazione\",\"image\":{\"@type\":\"ImageObject\",\"inLanguage\":\"it-IT\",\"@id\":\"https:\\\/\\\/secure.gravatar.com\\\/avatar\\\/2fcdf27c78ea025fbdb44e914cc63c72249ffec9dc8aafd5c82b26240ef3f346?s=96&d=mm&r=g\",\"url\":\"https:\\\/\\\/secure.gravatar.com\\\/avatar\\\/2fcdf27c78ea025fbdb44e914cc63c72249ffec9dc8aafd5c82b26240ef3f346?s=96&d=mm&r=g\",\"contentUrl\":\"https:\\\/\\\/secure.gravatar.com\\\/avatar\\\/2fcdf27c78ea025fbdb44e914cc63c72249ffec9dc8aafd5c82b26240ef3f346?s=96&d=mm&r=g\",\"caption\":\"Redazione\"},\"url\":\"https:\\\/\\\/www.rassegnastampa-totustuus.it\\\/cattolica\\\/author\\\/pietroelle\\\/\"}]}<\/script>\n<!-- \/ Yoast SEO plugin. -->","yoast_head_json":{"title":"Sant'Agostino - Rassegna Stampa Cattolica","description":"Rassegna Stampa Cattolica - Per una cultura che nasce dalla Rivelazione cristiana in conformit\u00e0 alla tradizione e al Magistero della Chiesa in opposizione ad ogni relativismo e totalitarismo","robots":{"index":"index","follow":"follow","max-snippet":"max-snippet:-1","max-image-preview":"max-image-preview:large","max-video-preview":"max-video-preview:-1"},"canonical":"https:\/\/www.rassegnastampa-totustuus.it\/cattolica\/santagostino\/","og_locale":"it_IT","og_type":"article","og_title":"Sant'Agostino - Rassegna Stampa Cattolica","og_description":"Rassegna Stampa Cattolica - Per una cultura che nasce dalla Rivelazione cristiana in conformit\u00e0 alla tradizione e al Magistero della Chiesa in opposizione ad ogni relativismo e totalitarismo","og_url":"https:\/\/www.rassegnastampa-totustuus.it\/cattolica\/santagostino\/","og_site_name":"Rassegna Stampa Cattolica","article_publisher":"https:\/\/www.facebook.com\/rassegnastampacattolica","article_published_time":"2005-05-31T15:34:32+00:00","article_modified_time":"2016-03-29T15:21:51+00:00","og_image":[{"width":193,"height":261,"url":"https:\/\/www.rassegnastampa-totustuus.it\/cattolica\/wp-content\/uploads\/2005\/05\/Agostino.jpg","type":"image\/jpeg"}],"author":"Redazione","twitter_card":"summary_large_image","twitter_creator":"@rassegnastampa9","twitter_site":"@rassegnastampa9","twitter_misc":{"Scritto da":"Redazione","Tempo di lettura stimato":"9 minuti"},"schema":{"@context":"https:\/\/schema.org","@graph":[{"@type":"Article","@id":"https:\/\/www.rassegnastampa-totustuus.it\/cattolica\/santagostino\/#article","isPartOf":{"@id":"https:\/\/www.rassegnastampa-totustuus.it\/cattolica\/santagostino\/"},"author":{"name":"Redazione","@id":"https:\/\/www.rassegnastampa-totustuus.it\/cattolica\/#\/schema\/person\/08f319d2bd1a0904ad9e2bfb7b15e5c3"},"headline":"Sant&#8217;Agostino","datePublished":"2005-05-31T15:34:32+00:00","dateModified":"2016-03-29T15:21:51+00:00","mainEntityOfPage":{"@id":"https:\/\/www.rassegnastampa-totustuus.it\/cattolica\/santagostino\/"},"wordCount":1861,"publisher":{"@id":"https:\/\/www.rassegnastampa-totustuus.it\/cattolica\/#organization"},"image":{"@id":"https:\/\/www.rassegnastampa-totustuus.it\/cattolica\/santagostino\/#primaryimage"},"thumbnailUrl":"https:\/\/www.rassegnastampa-totustuus.it\/cattolica\/wp-content\/uploads\/2005\/05\/Agostino.jpg","keywords":["chiesa","filosofia","S Agostino","santi"],"articleSection":["Chiesa","Filosofia","Santi"],"inLanguage":"it-IT"},{"@type":"WebPage","@id":"https:\/\/www.rassegnastampa-totustuus.it\/cattolica\/santagostino\/","url":"https:\/\/www.rassegnastampa-totustuus.it\/cattolica\/santagostino\/","name":"Sant'Agostino - Rassegna Stampa Cattolica","isPartOf":{"@id":"https:\/\/www.rassegnastampa-totustuus.it\/cattolica\/#website"},"primaryImageOfPage":{"@id":"https:\/\/www.rassegnastampa-totustuus.it\/cattolica\/santagostino\/#primaryimage"},"image":{"@id":"https:\/\/www.rassegnastampa-totustuus.it\/cattolica\/santagostino\/#primaryimage"},"thumbnailUrl":"https:\/\/www.rassegnastampa-totustuus.it\/cattolica\/wp-content\/uploads\/2005\/05\/Agostino.jpg","datePublished":"2005-05-31T15:34:32+00:00","dateModified":"2016-03-29T15:21:51+00:00","description":"Rassegna Stampa Cattolica - Per una cultura che nasce dalla Rivelazione cristiana in conformit\u00e0 alla tradizione e al Magistero della Chiesa in opposizione ad ogni relativismo e totalitarismo","breadcrumb":{"@id":"https:\/\/www.rassegnastampa-totustuus.it\/cattolica\/santagostino\/#breadcrumb"},"inLanguage":"it-IT","potentialAction":[{"@type":"ReadAction","target":["https:\/\/www.rassegnastampa-totustuus.it\/cattolica\/santagostino\/"]}]},{"@type":"ImageObject","inLanguage":"it-IT","@id":"https:\/\/www.rassegnastampa-totustuus.it\/cattolica\/santagostino\/#primaryimage","url":"https:\/\/www.rassegnastampa-totustuus.it\/cattolica\/wp-content\/uploads\/2005\/05\/Agostino.jpg","contentUrl":"https:\/\/www.rassegnastampa-totustuus.it\/cattolica\/wp-content\/uploads\/2005\/05\/Agostino.jpg","width":193,"height":261},{"@type":"BreadcrumbList","@id":"https:\/\/www.rassegnastampa-totustuus.it\/cattolica\/santagostino\/#breadcrumb","itemListElement":[{"@type":"ListItem","position":1,"name":"Home","item":"https:\/\/www.rassegnastampa-totustuus.it\/cattolica\/"},{"@type":"ListItem","position":2,"name":"Sant&#8217;Agostino"}]},{"@type":"WebSite","@id":"https:\/\/www.rassegnastampa-totustuus.it\/cattolica\/#website","url":"https:\/\/www.rassegnastampa-totustuus.it\/cattolica\/","name":"Rassegna Stampa Cattolica","description":"Per una cultura che nasce dalla Rivelazione cristiana in conformit\u00e0 alla tradizione e al Magistero della Chiesa in opposizione ad ogni relativismo e totalitarismo","publisher":{"@id":"https:\/\/www.rassegnastampa-totustuus.it\/cattolica\/#organization"},"alternateName":"Rass. Cattolica","potentialAction":[{"@type":"SearchAction","target":{"@type":"EntryPoint","urlTemplate":"https:\/\/www.rassegnastampa-totustuus.it\/cattolica\/?s={search_term_string}"},"query-input":{"@type":"PropertyValueSpecification","valueRequired":true,"valueName":"search_term_string"}}],"inLanguage":"it-IT"},{"@type":"Organization","@id":"https:\/\/www.rassegnastampa-totustuus.it\/cattolica\/#organization","name":"Rassegna Stampa Cattolica","url":"https:\/\/www.rassegnastampa-totustuus.it\/cattolica\/","logo":{"@type":"ImageObject","inLanguage":"it-IT","@id":"https:\/\/www.rassegnastampa-totustuus.it\/cattolica\/#\/schema\/logo\/image\/","url":"https:\/\/www.rassegnastampa-totustuus.it\/cattolica\/wp-content\/uploads\/2014\/04\/logo-rassegna1.gif","contentUrl":"https:\/\/www.rassegnastampa-totustuus.it\/cattolica\/wp-content\/uploads\/2014\/04\/logo-rassegna1.gif","width":600,"height":163,"caption":"Rassegna Stampa Cattolica"},"image":{"@id":"https:\/\/www.rassegnastampa-totustuus.it\/cattolica\/#\/schema\/logo\/image\/"},"sameAs":["https:\/\/www.facebook.com\/rassegnastampacattolica","https:\/\/x.com\/rassegnastampa9"]},{"@type":"Person","@id":"https:\/\/www.rassegnastampa-totustuus.it\/cattolica\/#\/schema\/person\/08f319d2bd1a0904ad9e2bfb7b15e5c3","name":"Redazione","image":{"@type":"ImageObject","inLanguage":"it-IT","@id":"https:\/\/secure.gravatar.com\/avatar\/2fcdf27c78ea025fbdb44e914cc63c72249ffec9dc8aafd5c82b26240ef3f346?s=96&d=mm&r=g","url":"https:\/\/secure.gravatar.com\/avatar\/2fcdf27c78ea025fbdb44e914cc63c72249ffec9dc8aafd5c82b26240ef3f346?s=96&d=mm&r=g","contentUrl":"https:\/\/secure.gravatar.com\/avatar\/2fcdf27c78ea025fbdb44e914cc63c72249ffec9dc8aafd5c82b26240ef3f346?s=96&d=mm&r=g","caption":"Redazione"},"url":"https:\/\/www.rassegnastampa-totustuus.it\/cattolica\/author\/pietroelle\/"}]}},"_links":{"self":[{"href":"https:\/\/www.rassegnastampa-totustuus.it\/cattolica\/wp-json\/wp\/v2\/posts\/630","targetHints":{"allow":["GET"]}}],"collection":[{"href":"https:\/\/www.rassegnastampa-totustuus.it\/cattolica\/wp-json\/wp\/v2\/posts"}],"about":[{"href":"https:\/\/www.rassegnastampa-totustuus.it\/cattolica\/wp-json\/wp\/v2\/types\/post"}],"author":[{"embeddable":true,"href":"https:\/\/www.rassegnastampa-totustuus.it\/cattolica\/wp-json\/wp\/v2\/users\/6"}],"replies":[{"embeddable":true,"href":"https:\/\/www.rassegnastampa-totustuus.it\/cattolica\/wp-json\/wp\/v2\/comments?post=630"}],"version-history":[{"count":4,"href":"https:\/\/www.rassegnastampa-totustuus.it\/cattolica\/wp-json\/wp\/v2\/posts\/630\/revisions"}],"predecessor-version":[{"id":32396,"href":"https:\/\/www.rassegnastampa-totustuus.it\/cattolica\/wp-json\/wp\/v2\/posts\/630\/revisions\/32396"}],"wp:featuredmedia":[{"embeddable":true,"href":"https:\/\/www.rassegnastampa-totustuus.it\/cattolica\/wp-json\/wp\/v2\/media\/32395"}],"wp:attachment":[{"href":"https:\/\/www.rassegnastampa-totustuus.it\/cattolica\/wp-json\/wp\/v2\/media?parent=630"}],"wp:term":[{"taxonomy":"category","embeddable":true,"href":"https:\/\/www.rassegnastampa-totustuus.it\/cattolica\/wp-json\/wp\/v2\/categories?post=630"},{"taxonomy":"post_tag","embeddable":true,"href":"https:\/\/www.rassegnastampa-totustuus.it\/cattolica\/wp-json\/wp\/v2\/tags?post=630"}],"curies":[{"name":"wp","href":"https:\/\/api.w.org\/{rel}","templated":true}]}}