{"id":628,"date":"2005-05-31T16:03:45","date_gmt":"2005-05-31T14:03:45","guid":{"rendered":""},"modified":"2016-03-29T17:17:48","modified_gmt":"2016-03-29T15:17:48","slug":"storia-della-filosofia-in-sintesi","status":"publish","type":"post","link":"https:\/\/www.rassegnastampa-totustuus.it\/cattolica\/storia-della-filosofia-in-sintesi\/","title":{"rendered":"Storia della filosofia in sintesi"},"content":{"rendered":"<div style=\"text-align: justify;\"><img loading=\"lazy\" decoding=\"async\" class=\"alignleft wp-image-32393\" src=\"https:\/\/www.rassegnastampa-totustuus.it\/cattolica\/wp-content\/uploads\/2005\/05\/filosofi.jpg\" alt=\"filosofi\" width=\"231\" height=\"200\" \/>Schematizzando si pu\u00f2 riassumere la storia della filosofia in <strong>tre grandi epoche<\/strong>:<\/div>\n<p style=\"text-align: justify;\">1) quella <strong>antica<\/strong> (o classica) dominata dall&#8217;idea che la realt\u00e0, la cui oggettivit\u00e0 \u00e8 percepita con forza, sia ordinata e buona, ma solo nella sua struttura portante, nei suoi aspetti universali: il concreto, il singolare (io che scrivo e tu che leggi, il mio scrivere e il tuo leggere, e ogni fatto e atto della nostra e di chiunque vita) non hanno senso.<\/p>\n<p style=\"text-align: justify;\"><!--more--><\/p>\n<p style=\"text-align: justify;\">2) quella <strong>medioevale<\/strong>, orientata dall&#8217;idea che tutta la realt\u00e0, in ogni suo livello, \u00e8 ontologicamente buona e per: per il soggetto, per la sua concreta esistenza. La realt\u00e0 del cosmo infatti non ha altro senso che nel rapporto tra la Soggettivit\u00e0 divina, creatrice, e la soggettivit\u00e0 umana, creata.<\/p>\n<p style=\"text-align: justify;\">3) quella <strong>moderna<\/strong> e <strong>contemporanea<\/strong>: traendo origine da quella medioevale, ne esalta e talora estrapola l&#8217;idea dell&#8217;importanza della soggettivit\u00e0; nella sua corrente antropocentrica giunge ad affermare una assoluta centralit\u00e0 del soggetto, concepito come slegato dall&#8217;oggettivit\u00e0 (il mondo, i vincoli comuntari, gli altri in genere e l&#8217;Altro in particolare), la quale viene a svolgere un ruolo di mera passivit\u00e0, di docile plastilina che il soggetto pu\u00f2 plasmare a suo arbitrio. Vi \u00e8 per\u00f2 anche una modernit\u00e0 cristiana (vedi in nostro contributo sull&#8217;umanesimo cristiano), per la quale la valorizzazione del soggetto non avviene a prezzo di una rottura del legame con Dio, con la trascendenza.<\/p>\n<p style=\"text-align: justify;\"><strong>la filosofia antica<\/strong><\/p>\n<p style=\"text-align: justify;\">Si pu\u00f2 osservare come la filosofia antica delinea una parabola di cui si pu\u00f2 in qualche modo cogliere la logica:<\/p>\n<p style=\"text-align: justify;\"><strong>1)<\/strong> i <strong>presocratici<\/strong> sono affascinati dal mistero del cosmo naturale: ne colgono l&#8217;ordine e la bellezza, il logos, e ne cercano l&#8217;unitario principio (arch\u00e9), ma restando sul piano puramente fisico si incagliano nella contraddizione tra essere e divenire.<\/p>\n<p style=\"text-align: justify;\"><strong>2)<\/strong> L&#8217;esito \u00e8 la sfiducia nella stessa possibilit\u00e0 di conoscere oggettivamente la realt\u00e0, sfiducia di cui si fanno interpreti i sofisti.<\/p>\n<p style=\"text-align: justify;\"><strong>3)<\/strong> Ma la spinta verso la verit\u00e0 \u00e8 inarrestabile: in particolare non si pu\u00f2 rinunciare a sapere chi \u00e8 l&#8217;uomo; in questa direzione si muove Socrate; egli cerca la verit\u00e0 assoluta sull&#8217;uomo, e paga con la sua vita la fedelt\u00e0 a questa ricerca, ma non trova un fondamento adeguato alla sua sapienza sull&#8217;uomo (anthropine sophia).<\/p>\n<p style=\"text-align: justify;\"><strong>3.a) <\/strong>Toccher\u00e0 a <strong>Platone<\/strong> trovare questo fondamento, che gli consente di impostare una soluzione alle contraddizione in cui si era incagliato il pensiero presocratico: il suo fondamentale guadagno \u00e8 che il principio della realt\u00e0 sensibile \u00e8 oltre il sensibile, \u00e8 in un mondo intelligibile (le idee), che pu\u00f2 essere raggiunto dal pensiero e anzi del pensiero stesso \u00e8 fondamento. Ma la filosofia platonica, pur avendo colto come la verit\u00e0 del mondo materiale sia in un livello immateriale, spirituale, dar\u00e0 troppo poco spazio alla materia, e quindi<\/p>\n<p style=\"text-align: justify;\"><strong>4)<\/strong> toccher\u00e0 ad<strong> Aristotele <\/strong>rivalutare l&#8217;importanza del mondo sensibile. Con lui la filosofia greca raggiunge un livello ineguagliato di sistematicit\u00e0. Per Aristotele la realt\u00e0 \u00e8 ordinata, \u00e8 una armonia di sostanze composte di materia e di forma, e l&#8217;intelligenza umana pu\u00f2 cogliere questo ordine. Tuttavia nemmeno a lui riesce di poter &#8220;salvare&#8221; il concreto, come dicevamo sopra: l&#8217;esistenza del singolo uomo e la realt\u00e0 concreta della sua vita non sono salvate, non hanno senso, sono qualcosa di casuale. Per questo le filosofie successive<\/p>\n<p style=\"text-align: justify;\"><strong>5)<\/strong> le <strong>filosofie ellenistiche<\/strong> cercheranno di rimediare a tali lacune delle grandi sintesi di Platone e Aristotele, occupandosi di pi\u00f9 della vita (concreta) del singolo (di qui il loro disinteresse per il cosmo e l&#8217;essere, come pure per la politica). Ma questa concentrazione etica della filosofia, all&#8217;insegna di una rinuncia al fondamento ontologico, si risolver\u00e0 in proposte essenzialmente consolatorie. La vita fa paura, \u00e8 come una grande malattia, occorre che la filosofia fornisca dei farmaci (per Epicuro un tetrafarmaco). Per questo l&#8217;esito ultimo della filosofia classica sar\u00e0 o l&#8217;accoglimento dell&#8217;annuncio cristiano, che spiega fino in fondo il senso dell&#8217;essere, ovvero un rifugio in una trascendenza naturalisticamente intesa (Plotino e il neoplatonismo).<\/p>\n<p style=\"text-align: justify;\"><strong>La filosofia medievale<\/strong><\/p>\n<p style=\"text-align: justify;\">Di fronte a tale esito del pensiero antico, cui cui era stata verificata la sua ultima incapacit\u00e0 di spiegare il reale, si passa alla seconda grande epoca della storia della filosofia, quella medioevale, che si costituisce essenzialmente come filosofia religiosa e segnatamente cristiana: \u00e8 in Dio che il mistero dell&#8217;esistenza trova la sua soluzione. Questa fase pu\u00f2 essere schematicamente suddivisa in due grandi periodi, quello patristico-altomedioevale e quello scolastico.<\/p>\n<p style=\"text-align: justify;\"><strong>1)<\/strong> La filosofia <strong>patristica<\/strong> si caratterizza per un accoglimento dell&#8217;annuncio cristiano, giustamente ritenuto il centro della cultura, ma in un contesto prevalemente platonico. Se il Cristianesimo \u00e8 al centro, in altri termini, ci\u00f2 avviene grazie a una certa svalutazione del livello materiale. Molte espressioni dei Padri, ad esempio di S.Agostino, ricalcano temi platonici senza averli adeguatamente vagliati in prospettiva cristiana: come se il problema fosse staccarsi dal mutevole per aderire all&#8217;immutabile. Non \u00e8 in gioco l&#8217;essenziale adesione alla fede cristiana, ma la mediazione filosofica con cui essa viene pensata risulta poco equilibrata.<\/p>\n<p style=\"text-align: justify;\"><strong>2)<\/strong> Per questo la filosofia patristica e altomedioevale trapassa nella Scolastica che rimedia a tale squilibrio svalutativo del livello corporeo con una accentuazione, di opposto segno, della consistenza di tale livello. \u00c8 soprattutto S.Tommaso d&#8217;Aquino che, utilizzando la filosofia di Aristotele, compie tale rivalutazione cristiana del corporeo. Ma a sua volta tale nuova impostazione rischia di essere sbilanciata, poich\u00e9 alla valorizzazione del mondo sensibile fa da contrappeso una perdita del senso della centralit\u00e0 della fede e del soprannaturale. Inoltre essa tende a minimizzare ci\u00f2 che, sia pure in una prospettiva platonizzante, la patristica e S.Agostino in particolare, avevano ben presente, ossia l&#8217;importanza centrale del soggetto (&#8220;Deum at <em>animam meam<\/em> scire cupio&#8221;, &#8220;in <em>interiore homine<\/em> habitat veritas&#8221;): dall&#8217;artistotelismo Tommaso trae una sottolineatura oggettivistica, che sarebbe ben presto entrata in rotta di collisione con la parabola vincente del pensiero moderno.<\/p>\n<p style=\"text-align: justify;\"><strong>3)<\/strong> <strong>La Scolastica<\/strong>, o meglio il tomismo perci\u00f2 influisce in due modi sul pensiero successivo: da un lato innesca una deriva di autonomizzazione della sfera naturale, il cui esito \u00e8 il naturalismo, dall&#8217;altro provoca per reazione al suo oggettivismo una marcata esaltazione della soggettivit\u00e0, fenomeni entrambi riscontrabili in molto pensiero umanistico-rinascimentale, con il quale entriamo gi\u00e0 nella terza grande epoca della filosofia, quella moderna, segnata da un progressivo distacco dalle radici medioevali e dal delinearsi sempre pi\u00f9 netto di una cultura antropocentrica.<\/p>\n<p style=\"text-align: justify;\"><strong>La filosofia moderna<\/strong><\/p>\n<p style=\"text-align: justify;\">La terza grande epoca della storia della filosofia in realt\u00e0 ha come denominatore comune non tanto l&#8217;antropocentrismo, quanto il valore della soggettivit\u00e0: il nemico non \u00e8 tanto il Cristianesimo (lo \u00e8 solo per una parte della filosofia moderna), quanto l&#8217;oggettivismo scolastico, maldestramente sposato da buona parte dei vertici della Chiesa cattolica.<\/p>\n<p style=\"text-align: justify;\">Se in comune tutta la modernit\u00e0 ha una stima per il soggetto, tale stima trova due possibili strade: una che si ricongiunge alla tradizione cristiana (e in particolare ad Agostino), la via di un umanesimo teocentrico, la via Pico della Mirandola, di Marsilio Ficino, di Erasmo, del Beato Angelico, di Michelangelo, di Pascal; l&#8217;altra si allontana da tale tradizione, rompe col Medioevo, e si procede verso un antropocentrismo sempre pi\u00f9 spinto: \u00e8 la via di Pomponazzi, di Lorenzo Valla, di Montaigne, di Spinoza, di Hume (e a livello artistico, di Masaccio, di Raffaello).<\/p>\n<p style=\"text-align: justify;\">A met\u00e0 strada, trasversalmente divisi tra l&#8217;una e l&#8217;altra anima della modernit\u00e0, pensatori come Cartesio, Locke, Leinbiz e Kant. Questi pensatori in effetti sono da un lato in larga complici e succubi della deriva razionalista e immanentista della corrente antropocentrica: per loro la ragione del soggetto \u00e8 criterio e filtro, e non apertura all&#8217;oggettivo; e tuttavia tutti so sforzano di lasciare comunque aperto almeno un pertugio verso la trascendenza di Dio.<\/p>\n<p style=\"text-align: justify;\"><strong>La filosofia contemporanea<\/strong><\/p>\n<p style=\"text-align: justify;\">Questa ambiguit\u00e0 per\u00f2 non poteva restare a lungo, e in effetti viene chiarita con la filosofia contemporanea, la quale da un lato affermer\u00e0 decisamente un immenentismo soggettivistico assoluto, giungendo cos\u00ec a progetti totalizzanti radicalmente atei (Hegel, Marx, Comte), ma vedr\u00e0 anche d&#8217;altro lato, specie nel &#8216;900, fiorire un nuovo pensiero cristiano, che avr\u00e0 fatta propria la dimensione &#8220;buona&#8221; del moderno e si presenter\u00e0 pertanto capace di confrontarsi efficacemnete col pensiero &#8220;laico&#8221; contendendogli la capacit\u00e0 di interpretare esaurientemente le istanze dell&#8217;umanit\u00e0 contemporanea.<\/p>\n","protected":false},"excerpt":{"rendered":"<p>Schematizzando si pu\u00f2 riassumere la storia della filosofia in tre grandi epoche: 1) quella antica (o classica) dominata dall&#8217;idea che la realt\u00e0, la cui oggettivit\u00e0 \u00e8 percepita con forza, sia ordinata e buona, ma solo nella sua struttura portante, nei suoi aspetti universali: il concreto, il singolare (io che scrivo e tu che leggi, il &hellip; <\/p>\n<p><a class=\"more-link btn\" href=\"https:\/\/www.rassegnastampa-totustuus.it\/cattolica\/storia-della-filosofia-in-sintesi\/\">Continua a leggere<\/a><\/p>\n","protected":false},"author":6,"featured_media":32393,"comment_status":"closed","ping_status":"open","sticky":false,"template":"","format":"standard","meta":{"footnotes":""},"categories":[57],"tags":[170],"class_list":["post-628","post","type-post","status-publish","format-standard","has-post-thumbnail","hentry","category-filosofia","tag-filosofia-2","item-wrap"],"yoast_head":"<!-- This site is optimized with the Yoast SEO plugin v27.5 - https:\/\/yoast.com\/product\/yoast-seo-wordpress\/ -->\n<title>Storia della filosofia in sintesi - Rassegna Stampa Cattolica<\/title>\n<meta name=\"description\" content=\"Rassegna Stampa Cattolica - Per una cultura che nasce dalla Rivelazione cristiana in conformit\u00e0 alla tradizione e al Magistero della Chiesa in opposizione ad ogni relativismo e totalitarismo\" \/>\n<meta name=\"robots\" content=\"index, follow, max-snippet:-1, max-image-preview:large, max-video-preview:-1\" \/>\n<link rel=\"canonical\" href=\"https:\/\/www.rassegnastampa-totustuus.it\/cattolica\/storia-della-filosofia-in-sintesi\/\" \/>\n<meta property=\"og:locale\" content=\"it_IT\" \/>\n<meta property=\"og:type\" content=\"article\" \/>\n<meta property=\"og:title\" content=\"Storia della filosofia in sintesi - Rassegna Stampa Cattolica\" \/>\n<meta property=\"og:description\" content=\"Rassegna Stampa Cattolica - Per una cultura che nasce dalla Rivelazione cristiana in conformit\u00e0 alla tradizione e al Magistero della Chiesa in opposizione ad ogni relativismo e totalitarismo\" \/>\n<meta property=\"og:url\" content=\"https:\/\/www.rassegnastampa-totustuus.it\/cattolica\/storia-della-filosofia-in-sintesi\/\" \/>\n<meta property=\"og:site_name\" content=\"Rassegna Stampa Cattolica\" \/>\n<meta property=\"article:publisher\" content=\"https:\/\/www.facebook.com\/rassegnastampacattolica\" \/>\n<meta property=\"article:published_time\" content=\"2005-05-31T14:03:45+00:00\" \/>\n<meta property=\"article:modified_time\" content=\"2016-03-29T15:17:48+00:00\" \/>\n<meta property=\"og:image\" content=\"https:\/\/www.rassegnastampa-totustuus.it\/cattolica\/wp-content\/uploads\/2005\/05\/filosofi.jpg\" \/>\n\t<meta property=\"og:image:width\" content=\"241\" \/>\n\t<meta property=\"og:image:height\" content=\"209\" \/>\n\t<meta property=\"og:image:type\" content=\"image\/jpeg\" \/>\n<meta name=\"author\" content=\"Redazione\" \/>\n<meta name=\"twitter:card\" content=\"summary_large_image\" \/>\n<meta name=\"twitter:creator\" content=\"@rassegnastampa9\" \/>\n<meta name=\"twitter:site\" content=\"@rassegnastampa9\" \/>\n<meta name=\"twitter:label1\" content=\"Scritto da\" \/>\n\t<meta name=\"twitter:data1\" content=\"Redazione\" \/>\n\t<meta name=\"twitter:label2\" content=\"Tempo di lettura stimato\" \/>\n\t<meta name=\"twitter:data2\" content=\"6 minuti\" \/>\n<script type=\"application\/ld+json\" class=\"yoast-schema-graph\">{\"@context\":\"https:\\\/\\\/schema.org\",\"@graph\":[{\"@type\":\"Article\",\"@id\":\"https:\\\/\\\/www.rassegnastampa-totustuus.it\\\/cattolica\\\/storia-della-filosofia-in-sintesi\\\/#article\",\"isPartOf\":{\"@id\":\"https:\\\/\\\/www.rassegnastampa-totustuus.it\\\/cattolica\\\/storia-della-filosofia-in-sintesi\\\/\"},\"author\":{\"name\":\"Redazione\",\"@id\":\"https:\\\/\\\/www.rassegnastampa-totustuus.it\\\/cattolica\\\/#\\\/schema\\\/person\\\/08f319d2bd1a0904ad9e2bfb7b15e5c3\"},\"headline\":\"Storia della filosofia in sintesi\",\"datePublished\":\"2005-05-31T14:03:45+00:00\",\"dateModified\":\"2016-03-29T15:17:48+00:00\",\"mainEntityOfPage\":{\"@id\":\"https:\\\/\\\/www.rassegnastampa-totustuus.it\\\/cattolica\\\/storia-della-filosofia-in-sintesi\\\/\"},\"wordCount\":1341,\"publisher\":{\"@id\":\"https:\\\/\\\/www.rassegnastampa-totustuus.it\\\/cattolica\\\/#organization\"},\"image\":{\"@id\":\"https:\\\/\\\/www.rassegnastampa-totustuus.it\\\/cattolica\\\/storia-della-filosofia-in-sintesi\\\/#primaryimage\"},\"thumbnailUrl\":\"https:\\\/\\\/www.rassegnastampa-totustuus.it\\\/cattolica\\\/wp-content\\\/uploads\\\/2005\\\/05\\\/filosofi.jpg\",\"keywords\":[\"filosofia\"],\"articleSection\":[\"Filosofia\"],\"inLanguage\":\"it-IT\"},{\"@type\":\"WebPage\",\"@id\":\"https:\\\/\\\/www.rassegnastampa-totustuus.it\\\/cattolica\\\/storia-della-filosofia-in-sintesi\\\/\",\"url\":\"https:\\\/\\\/www.rassegnastampa-totustuus.it\\\/cattolica\\\/storia-della-filosofia-in-sintesi\\\/\",\"name\":\"Storia della filosofia in sintesi - Rassegna Stampa Cattolica\",\"isPartOf\":{\"@id\":\"https:\\\/\\\/www.rassegnastampa-totustuus.it\\\/cattolica\\\/#website\"},\"primaryImageOfPage\":{\"@id\":\"https:\\\/\\\/www.rassegnastampa-totustuus.it\\\/cattolica\\\/storia-della-filosofia-in-sintesi\\\/#primaryimage\"},\"image\":{\"@id\":\"https:\\\/\\\/www.rassegnastampa-totustuus.it\\\/cattolica\\\/storia-della-filosofia-in-sintesi\\\/#primaryimage\"},\"thumbnailUrl\":\"https:\\\/\\\/www.rassegnastampa-totustuus.it\\\/cattolica\\\/wp-content\\\/uploads\\\/2005\\\/05\\\/filosofi.jpg\",\"datePublished\":\"2005-05-31T14:03:45+00:00\",\"dateModified\":\"2016-03-29T15:17:48+00:00\",\"description\":\"Rassegna Stampa Cattolica - Per una cultura che nasce dalla Rivelazione cristiana in conformit\u00e0 alla tradizione e al Magistero della Chiesa in opposizione ad ogni relativismo e totalitarismo\",\"breadcrumb\":{\"@id\":\"https:\\\/\\\/www.rassegnastampa-totustuus.it\\\/cattolica\\\/storia-della-filosofia-in-sintesi\\\/#breadcrumb\"},\"inLanguage\":\"it-IT\",\"potentialAction\":[{\"@type\":\"ReadAction\",\"target\":[\"https:\\\/\\\/www.rassegnastampa-totustuus.it\\\/cattolica\\\/storia-della-filosofia-in-sintesi\\\/\"]}]},{\"@type\":\"ImageObject\",\"inLanguage\":\"it-IT\",\"@id\":\"https:\\\/\\\/www.rassegnastampa-totustuus.it\\\/cattolica\\\/storia-della-filosofia-in-sintesi\\\/#primaryimage\",\"url\":\"https:\\\/\\\/www.rassegnastampa-totustuus.it\\\/cattolica\\\/wp-content\\\/uploads\\\/2005\\\/05\\\/filosofi.jpg\",\"contentUrl\":\"https:\\\/\\\/www.rassegnastampa-totustuus.it\\\/cattolica\\\/wp-content\\\/uploads\\\/2005\\\/05\\\/filosofi.jpg\",\"width\":241,\"height\":209},{\"@type\":\"BreadcrumbList\",\"@id\":\"https:\\\/\\\/www.rassegnastampa-totustuus.it\\\/cattolica\\\/storia-della-filosofia-in-sintesi\\\/#breadcrumb\",\"itemListElement\":[{\"@type\":\"ListItem\",\"position\":1,\"name\":\"Home\",\"item\":\"https:\\\/\\\/www.rassegnastampa-totustuus.it\\\/cattolica\\\/\"},{\"@type\":\"ListItem\",\"position\":2,\"name\":\"Storia della filosofia in sintesi\"}]},{\"@type\":\"WebSite\",\"@id\":\"https:\\\/\\\/www.rassegnastampa-totustuus.it\\\/cattolica\\\/#website\",\"url\":\"https:\\\/\\\/www.rassegnastampa-totustuus.it\\\/cattolica\\\/\",\"name\":\"Rassegna Stampa Cattolica\",\"description\":\"Per una cultura che nasce dalla Rivelazione cristiana in conformit\u00e0 alla tradizione e al Magistero della Chiesa in opposizione ad ogni relativismo e totalitarismo\",\"publisher\":{\"@id\":\"https:\\\/\\\/www.rassegnastampa-totustuus.it\\\/cattolica\\\/#organization\"},\"alternateName\":\"Rass. Cattolica\",\"potentialAction\":[{\"@type\":\"SearchAction\",\"target\":{\"@type\":\"EntryPoint\",\"urlTemplate\":\"https:\\\/\\\/www.rassegnastampa-totustuus.it\\\/cattolica\\\/?s={search_term_string}\"},\"query-input\":{\"@type\":\"PropertyValueSpecification\",\"valueRequired\":true,\"valueName\":\"search_term_string\"}}],\"inLanguage\":\"it-IT\"},{\"@type\":\"Organization\",\"@id\":\"https:\\\/\\\/www.rassegnastampa-totustuus.it\\\/cattolica\\\/#organization\",\"name\":\"Rassegna Stampa Cattolica\",\"url\":\"https:\\\/\\\/www.rassegnastampa-totustuus.it\\\/cattolica\\\/\",\"logo\":{\"@type\":\"ImageObject\",\"inLanguage\":\"it-IT\",\"@id\":\"https:\\\/\\\/www.rassegnastampa-totustuus.it\\\/cattolica\\\/#\\\/schema\\\/logo\\\/image\\\/\",\"url\":\"https:\\\/\\\/www.rassegnastampa-totustuus.it\\\/cattolica\\\/wp-content\\\/uploads\\\/2014\\\/04\\\/logo-rassegna1.gif\",\"contentUrl\":\"https:\\\/\\\/www.rassegnastampa-totustuus.it\\\/cattolica\\\/wp-content\\\/uploads\\\/2014\\\/04\\\/logo-rassegna1.gif\",\"width\":600,\"height\":163,\"caption\":\"Rassegna Stampa Cattolica\"},\"image\":{\"@id\":\"https:\\\/\\\/www.rassegnastampa-totustuus.it\\\/cattolica\\\/#\\\/schema\\\/logo\\\/image\\\/\"},\"sameAs\":[\"https:\\\/\\\/www.facebook.com\\\/rassegnastampacattolica\",\"https:\\\/\\\/x.com\\\/rassegnastampa9\"]},{\"@type\":\"Person\",\"@id\":\"https:\\\/\\\/www.rassegnastampa-totustuus.it\\\/cattolica\\\/#\\\/schema\\\/person\\\/08f319d2bd1a0904ad9e2bfb7b15e5c3\",\"name\":\"Redazione\",\"image\":{\"@type\":\"ImageObject\",\"inLanguage\":\"it-IT\",\"@id\":\"https:\\\/\\\/secure.gravatar.com\\\/avatar\\\/2fcdf27c78ea025fbdb44e914cc63c72249ffec9dc8aafd5c82b26240ef3f346?s=96&d=mm&r=g\",\"url\":\"https:\\\/\\\/secure.gravatar.com\\\/avatar\\\/2fcdf27c78ea025fbdb44e914cc63c72249ffec9dc8aafd5c82b26240ef3f346?s=96&d=mm&r=g\",\"contentUrl\":\"https:\\\/\\\/secure.gravatar.com\\\/avatar\\\/2fcdf27c78ea025fbdb44e914cc63c72249ffec9dc8aafd5c82b26240ef3f346?s=96&d=mm&r=g\",\"caption\":\"Redazione\"},\"url\":\"https:\\\/\\\/www.rassegnastampa-totustuus.it\\\/cattolica\\\/author\\\/pietroelle\\\/\"}]}<\/script>\n<!-- \/ Yoast SEO plugin. -->","yoast_head_json":{"title":"Storia della filosofia in sintesi - Rassegna Stampa Cattolica","description":"Rassegna Stampa Cattolica - Per una cultura che nasce dalla Rivelazione cristiana in conformit\u00e0 alla tradizione e al Magistero della Chiesa in opposizione ad ogni relativismo e totalitarismo","robots":{"index":"index","follow":"follow","max-snippet":"max-snippet:-1","max-image-preview":"max-image-preview:large","max-video-preview":"max-video-preview:-1"},"canonical":"https:\/\/www.rassegnastampa-totustuus.it\/cattolica\/storia-della-filosofia-in-sintesi\/","og_locale":"it_IT","og_type":"article","og_title":"Storia della filosofia in sintesi - Rassegna Stampa Cattolica","og_description":"Rassegna Stampa Cattolica - Per una cultura che nasce dalla Rivelazione cristiana in conformit\u00e0 alla tradizione e al Magistero della Chiesa in opposizione ad ogni relativismo e totalitarismo","og_url":"https:\/\/www.rassegnastampa-totustuus.it\/cattolica\/storia-della-filosofia-in-sintesi\/","og_site_name":"Rassegna Stampa Cattolica","article_publisher":"https:\/\/www.facebook.com\/rassegnastampacattolica","article_published_time":"2005-05-31T14:03:45+00:00","article_modified_time":"2016-03-29T15:17:48+00:00","og_image":[{"width":241,"height":209,"url":"https:\/\/www.rassegnastampa-totustuus.it\/cattolica\/wp-content\/uploads\/2005\/05\/filosofi.jpg","type":"image\/jpeg"}],"author":"Redazione","twitter_card":"summary_large_image","twitter_creator":"@rassegnastampa9","twitter_site":"@rassegnastampa9","twitter_misc":{"Scritto da":"Redazione","Tempo di lettura stimato":"6 minuti"},"schema":{"@context":"https:\/\/schema.org","@graph":[{"@type":"Article","@id":"https:\/\/www.rassegnastampa-totustuus.it\/cattolica\/storia-della-filosofia-in-sintesi\/#article","isPartOf":{"@id":"https:\/\/www.rassegnastampa-totustuus.it\/cattolica\/storia-della-filosofia-in-sintesi\/"},"author":{"name":"Redazione","@id":"https:\/\/www.rassegnastampa-totustuus.it\/cattolica\/#\/schema\/person\/08f319d2bd1a0904ad9e2bfb7b15e5c3"},"headline":"Storia della filosofia in sintesi","datePublished":"2005-05-31T14:03:45+00:00","dateModified":"2016-03-29T15:17:48+00:00","mainEntityOfPage":{"@id":"https:\/\/www.rassegnastampa-totustuus.it\/cattolica\/storia-della-filosofia-in-sintesi\/"},"wordCount":1341,"publisher":{"@id":"https:\/\/www.rassegnastampa-totustuus.it\/cattolica\/#organization"},"image":{"@id":"https:\/\/www.rassegnastampa-totustuus.it\/cattolica\/storia-della-filosofia-in-sintesi\/#primaryimage"},"thumbnailUrl":"https:\/\/www.rassegnastampa-totustuus.it\/cattolica\/wp-content\/uploads\/2005\/05\/filosofi.jpg","keywords":["filosofia"],"articleSection":["Filosofia"],"inLanguage":"it-IT"},{"@type":"WebPage","@id":"https:\/\/www.rassegnastampa-totustuus.it\/cattolica\/storia-della-filosofia-in-sintesi\/","url":"https:\/\/www.rassegnastampa-totustuus.it\/cattolica\/storia-della-filosofia-in-sintesi\/","name":"Storia della filosofia in sintesi - Rassegna Stampa Cattolica","isPartOf":{"@id":"https:\/\/www.rassegnastampa-totustuus.it\/cattolica\/#website"},"primaryImageOfPage":{"@id":"https:\/\/www.rassegnastampa-totustuus.it\/cattolica\/storia-della-filosofia-in-sintesi\/#primaryimage"},"image":{"@id":"https:\/\/www.rassegnastampa-totustuus.it\/cattolica\/storia-della-filosofia-in-sintesi\/#primaryimage"},"thumbnailUrl":"https:\/\/www.rassegnastampa-totustuus.it\/cattolica\/wp-content\/uploads\/2005\/05\/filosofi.jpg","datePublished":"2005-05-31T14:03:45+00:00","dateModified":"2016-03-29T15:17:48+00:00","description":"Rassegna Stampa Cattolica - Per una cultura che nasce dalla Rivelazione cristiana in conformit\u00e0 alla tradizione e al Magistero della Chiesa in opposizione ad ogni relativismo e totalitarismo","breadcrumb":{"@id":"https:\/\/www.rassegnastampa-totustuus.it\/cattolica\/storia-della-filosofia-in-sintesi\/#breadcrumb"},"inLanguage":"it-IT","potentialAction":[{"@type":"ReadAction","target":["https:\/\/www.rassegnastampa-totustuus.it\/cattolica\/storia-della-filosofia-in-sintesi\/"]}]},{"@type":"ImageObject","inLanguage":"it-IT","@id":"https:\/\/www.rassegnastampa-totustuus.it\/cattolica\/storia-della-filosofia-in-sintesi\/#primaryimage","url":"https:\/\/www.rassegnastampa-totustuus.it\/cattolica\/wp-content\/uploads\/2005\/05\/filosofi.jpg","contentUrl":"https:\/\/www.rassegnastampa-totustuus.it\/cattolica\/wp-content\/uploads\/2005\/05\/filosofi.jpg","width":241,"height":209},{"@type":"BreadcrumbList","@id":"https:\/\/www.rassegnastampa-totustuus.it\/cattolica\/storia-della-filosofia-in-sintesi\/#breadcrumb","itemListElement":[{"@type":"ListItem","position":1,"name":"Home","item":"https:\/\/www.rassegnastampa-totustuus.it\/cattolica\/"},{"@type":"ListItem","position":2,"name":"Storia della filosofia in sintesi"}]},{"@type":"WebSite","@id":"https:\/\/www.rassegnastampa-totustuus.it\/cattolica\/#website","url":"https:\/\/www.rassegnastampa-totustuus.it\/cattolica\/","name":"Rassegna Stampa Cattolica","description":"Per una cultura che nasce dalla Rivelazione cristiana in conformit\u00e0 alla tradizione e al Magistero della Chiesa in opposizione ad ogni relativismo e totalitarismo","publisher":{"@id":"https:\/\/www.rassegnastampa-totustuus.it\/cattolica\/#organization"},"alternateName":"Rass. Cattolica","potentialAction":[{"@type":"SearchAction","target":{"@type":"EntryPoint","urlTemplate":"https:\/\/www.rassegnastampa-totustuus.it\/cattolica\/?s={search_term_string}"},"query-input":{"@type":"PropertyValueSpecification","valueRequired":true,"valueName":"search_term_string"}}],"inLanguage":"it-IT"},{"@type":"Organization","@id":"https:\/\/www.rassegnastampa-totustuus.it\/cattolica\/#organization","name":"Rassegna Stampa Cattolica","url":"https:\/\/www.rassegnastampa-totustuus.it\/cattolica\/","logo":{"@type":"ImageObject","inLanguage":"it-IT","@id":"https:\/\/www.rassegnastampa-totustuus.it\/cattolica\/#\/schema\/logo\/image\/","url":"https:\/\/www.rassegnastampa-totustuus.it\/cattolica\/wp-content\/uploads\/2014\/04\/logo-rassegna1.gif","contentUrl":"https:\/\/www.rassegnastampa-totustuus.it\/cattolica\/wp-content\/uploads\/2014\/04\/logo-rassegna1.gif","width":600,"height":163,"caption":"Rassegna Stampa Cattolica"},"image":{"@id":"https:\/\/www.rassegnastampa-totustuus.it\/cattolica\/#\/schema\/logo\/image\/"},"sameAs":["https:\/\/www.facebook.com\/rassegnastampacattolica","https:\/\/x.com\/rassegnastampa9"]},{"@type":"Person","@id":"https:\/\/www.rassegnastampa-totustuus.it\/cattolica\/#\/schema\/person\/08f319d2bd1a0904ad9e2bfb7b15e5c3","name":"Redazione","image":{"@type":"ImageObject","inLanguage":"it-IT","@id":"https:\/\/secure.gravatar.com\/avatar\/2fcdf27c78ea025fbdb44e914cc63c72249ffec9dc8aafd5c82b26240ef3f346?s=96&d=mm&r=g","url":"https:\/\/secure.gravatar.com\/avatar\/2fcdf27c78ea025fbdb44e914cc63c72249ffec9dc8aafd5c82b26240ef3f346?s=96&d=mm&r=g","contentUrl":"https:\/\/secure.gravatar.com\/avatar\/2fcdf27c78ea025fbdb44e914cc63c72249ffec9dc8aafd5c82b26240ef3f346?s=96&d=mm&r=g","caption":"Redazione"},"url":"https:\/\/www.rassegnastampa-totustuus.it\/cattolica\/author\/pietroelle\/"}]}},"_links":{"self":[{"href":"https:\/\/www.rassegnastampa-totustuus.it\/cattolica\/wp-json\/wp\/v2\/posts\/628","targetHints":{"allow":["GET"]}}],"collection":[{"href":"https:\/\/www.rassegnastampa-totustuus.it\/cattolica\/wp-json\/wp\/v2\/posts"}],"about":[{"href":"https:\/\/www.rassegnastampa-totustuus.it\/cattolica\/wp-json\/wp\/v2\/types\/post"}],"author":[{"embeddable":true,"href":"https:\/\/www.rassegnastampa-totustuus.it\/cattolica\/wp-json\/wp\/v2\/users\/6"}],"replies":[{"embeddable":true,"href":"https:\/\/www.rassegnastampa-totustuus.it\/cattolica\/wp-json\/wp\/v2\/comments?post=628"}],"version-history":[{"count":4,"href":"https:\/\/www.rassegnastampa-totustuus.it\/cattolica\/wp-json\/wp\/v2\/posts\/628\/revisions"}],"predecessor-version":[{"id":32394,"href":"https:\/\/www.rassegnastampa-totustuus.it\/cattolica\/wp-json\/wp\/v2\/posts\/628\/revisions\/32394"}],"wp:featuredmedia":[{"embeddable":true,"href":"https:\/\/www.rassegnastampa-totustuus.it\/cattolica\/wp-json\/wp\/v2\/media\/32393"}],"wp:attachment":[{"href":"https:\/\/www.rassegnastampa-totustuus.it\/cattolica\/wp-json\/wp\/v2\/media?parent=628"}],"wp:term":[{"taxonomy":"category","embeddable":true,"href":"https:\/\/www.rassegnastampa-totustuus.it\/cattolica\/wp-json\/wp\/v2\/categories?post=628"},{"taxonomy":"post_tag","embeddable":true,"href":"https:\/\/www.rassegnastampa-totustuus.it\/cattolica\/wp-json\/wp\/v2\/tags?post=628"}],"curies":[{"name":"wp","href":"https:\/\/api.w.org\/{rel}","templated":true}]}}