{"id":627,"date":"2005-05-31T16:00:15","date_gmt":"2005-05-31T14:00:15","guid":{"rendered":""},"modified":"2015-11-17T17:14:45","modified_gmt":"2015-11-17T16:14:45","slug":"pensiero-forte-e-pensiero-debole-la-radice-dei-valori","status":"publish","type":"post","link":"https:\/\/www.rassegnastampa-totustuus.it\/cattolica\/pensiero-forte-e-pensiero-debole-la-radice-dei-valori\/","title":{"rendered":"Pensiero forte e pensiero debole: la radice dei valori"},"content":{"rendered":"<div style=\"text-align: center;\">Trascrizione della relazione tenuta al Serra Club di Livorno l&#8217;11 febbraio 2002 dalla dottoressa Laura Boccenti Invernizzi sul tema: <span style=\"text-decoration: underline;\">Pensiero forte e pensiero debole: la radice dei valori<\/span><\/div>\n<div style=\"text-align: center;\"><a href=\"https:\/\/www.rassegnastampa-totustuus.it\/cattolica\/wp-content\/uploads\/2005\/05\/pensiero-forte.jpg\"><img loading=\"lazy\" decoding=\"async\" class=\"alignnone size-full wp-image-27817\" src=\"https:\/\/www.rassegnastampa-totustuus.it\/cattolica\/wp-content\/uploads\/2005\/05\/pensiero-forte.jpg\" alt=\"pensiero forte\" width=\"390\" height=\"129\" srcset=\"https:\/\/www.rassegnastampa-totustuus.it\/cattolica\/wp-content\/uploads\/2005\/05\/pensiero-forte.jpg 390w, https:\/\/www.rassegnastampa-totustuus.it\/cattolica\/wp-content\/uploads\/2005\/05\/pensiero-forte-300x99.jpg 300w\" sizes=\"auto, (max-width: 390px) 100vw, 390px\" \/><\/a><\/div>\n<p style=\"text-align: center;\"><strong>Laura Boccenti Invernizzi<\/strong><\/p>\n<p><!--more--><\/p>\n<div style=\"text-align: justify;\">Da tempo si parla di &#8220;pensiero debole&#8221;, cio\u00e8 da un tipo particolare di sapere caratterizzato dal profondo ripensamento di tutte le nozioni che erano servite da fondamento alla civilt\u00e0 occidentale in ogni campo della cultura. Secondo questa prospettiva i valori tradizionali sarebbero diventati tali solo a causa di precise condizioni storiche che oggi non sussistono pi\u00f9; per questo motivo deve essere messa in crisi la loro pretesa di verit\u00e0.<\/div>\n<p style=\"text-align: justify;\">A fondamento del pensiero debole c\u2019\u00e8 l\u2019idea che il pensiero non \u00e8 in grado di conoscere l\u2019essere e quindi non pu\u00f2 neppure individuare valori oggettivi e validi per tutti gli uomini.<\/p>\n<p style=\"text-align: justify;\">Il maggiore interprete di questa problematica in Italia \u00e8 il filosofo torinese Gianni Vattimo. Secondo Vattimo il compito attuale della filosofia non \u00e8 d\u2019interrogarsi sulla verit\u00e0, ma di portare alle estreme conseguenze la crisi epocale che si \u00e8 espressa attraverso il processo di secolarizzazione.<\/p>\n<p style=\"text-align: justify;\"><strong>Secolarizzazione e nichilismo\u00a0<\/strong><\/p>\n<p style=\"text-align: justify;\">Sembra che il tempo presente sia il tempo del nichilismo derivante della crisi della secolarizzazione. Secolarizzazione sta qui ad indicare il passaggio da un\u2019interpretazione della realt\u00e0 in chiave religiosa ad una in chiave atea o agnostica e quindi da una cultura religiosa a una cultura irreligiosa o areligiosa.<\/p>\n<p style=\"text-align: justify;\">Ogni cultura \u00e8 espressione di un processo che parte dall\u2019assunzione delle domande fondamentali che l\u2019uomo si pone (sul senso dell\u2019esistenza, sulla realt\u00e0 e sul suo fondamento) e poi traduce i giudizi formulati su tali questioni in una visione del mondo a cui d\u00e0 corpo incarnando tali giudizi in una civilt\u00e0 per mezzo dei concreti rapporti che gli uomini stabiliscono con la realt\u00e0: le religioni, le istituzioni politiche e giuridiche, le arti, l\u2019economia, le scienze, in una parola tutte le manifestazioni concrete dell\u2019agire umano sono espressioni concrete e storiche, &#8220;incarnazioni&#8221; appunto, dei giudizi espressi sulle questioni fondamentali; tali giudizi infatti non possono rimanere chiusi nell\u2019intelletto, ma diventano comportamento e gesto alimentando la manifestazione esterna della cultura.<\/p>\n<p style=\"text-align: justify;\">I molteplici rapporti che vengono posti in essere dalla comunit\u00e0 di uomini in ogni tempo storico possono essere ridotti a tre relazioni fondamentali:<\/p>\n<p style=\"text-align: justify;\">Il rapporto tra uomo e Dio<\/p>\n<p style=\"text-align: justify;\">Il rapporto che l\u2019uomo istituisce con gli altri uomini<\/p>\n<p style=\"text-align: justify;\">Il rapporto tra uomo e mondo fisico<\/p>\n<p style=\"text-align: justify;\">Nell\u2019antichit\u00e0 e nel medioevo la cultura occidentale \u00e8 sostanzialmente realista, nel senso che non mette in dubbio la capacit\u00e0 del pensiero di conoscere l\u2019essere e su questo fondamento edifica ogni conoscenza successiva.<\/p>\n<p style=\"text-align: justify;\">La scoperta e l\u2019incontro con la verit\u00e0 dell\u2019essere \u00e8 possibile solo a patto che si realizzino alcune condizioni; l\u2019essere infatti non si concede in modo immediato alla presa della ragione, perch\u00e9 il fondamento della verit\u00e0 non \u00e8 concettuale, ma \u00e8 costituito dalla realt\u00e0 stessa che si mostra donandosi.<\/p>\n<p style=\"text-align: justify;\">In questo mostrarsi dell\u2019essere \u00e8 racchiusa una richiesta che viene fatta all\u2019uomo, quella di porre il fondamento della propria conoscenza fuori di s\u00e9, in una realt\u00e0 che \u00e8 stata trovata e che quindi non dipende nella sua struttura ontologica dal pensiero e dalla volont\u00e0 dell\u2019uomo.<\/p>\n<p style=\"text-align: justify;\">Perci\u00f2 nella ricerca della verit\u00e0 \u00e8 fondamentale l\u2019atteggiamento che guida l\u2019attivit\u00e0 conoscitiva, se cio\u00e8 si \u00e8 disposti o non si \u00e8 disposti ad accettare il fatto della trascendenza dell\u2019essere.<\/p>\n<p style=\"text-align: justify;\">La disposizione dell\u2019uomo che accompagna la conoscenza si esprime come <em>&#8220;stupore di fronte all\u2019essere&#8221;<\/em> o <em>&#8220;sospetto di fronte all\u2019essere&#8221;<\/em>.<\/p>\n<p style=\"text-align: justify;\">Lo stupore manifesta l\u2019assenso implicito della volont\u00e0 di accogliere la realt\u00e0 nella sua condizione di evidenza trovata, \u00e8 l\u2019atteggiamento che assume la coscienza quando essa:<\/p>\n<p style=\"text-align: justify;\">&#8211; accetta di essersi trovata come gi\u00e0 posta insieme al resto del mondo<\/p>\n<p style=\"text-align: justify;\">&#8211; con una struttura e delle capacit\u00e0 determinate<\/p>\n<p style=\"text-align: justify;\">&#8211; in una relazione originaria e costitutiva con la realt\u00e0<\/p>\n<p style=\"text-align: justify;\">Lo stupore di fronte all\u2019essere \u00e8 recta ratio. Qui l\u2019uomo trova la sua grandezza che sta nella capacit\u00e0 di riconoscere e accogliere la luce che risplende in lui senza essere da lui.\u00a0In questa situazione la ragione rivela la propria capacit\u00e0 di accogliere il senso delle cose, capacit\u00e0 che, con un termine filosofico, possiamo definire metafisica.<\/p>\n<p style=\"text-align: justify;\">La metafisica non s\u2019identifica con un sistema filosofico, essa si costituisce quando la ragione, partendo da un evento sensibile perviene al suo significato sovrasensibile. Cos\u00ec ad es. Platone nel <em>Fedone<\/em> presenta due diversi piani di risposta alla domanda sul motivo della prigionia di Socrate: i filosofi naturalisti dicono che Socrate \u00e8 in carcere perch\u00e9 ha un corpo capace di camminare che gli ha permesso di recarvisi. Questa per\u00f2 \u00e8 solo la causa fisica della presenza di Socrate in carcere, la causa vera \u00e8 la volont\u00e0 di bene di Socrate che lo induce ad accettare la sentenza dell\u2019autorit\u00e0; tale causa non pu\u00f2 essere percepita con i sensi, i sensi percepiscono solo i suoi effetti, essa tuttavia non solo \u00e8 reale, ma \u00e8 anche il senso profondo dell\u2019avvenimento.<\/p>\n<p style=\"text-align: justify;\">Quando l\u2019uomo riconosce l\u2019esistenza di una natura e quindi di una verit\u00e0 dell\u2019essere che lo trascende \u00e8 di fatto, per questo stesso riconoscimento, aperto a Dio come causa dell\u2019essere dell\u2019uomo e del mondo.<\/p>\n<p style=\"text-align: justify;\">Quando l\u2019uomo invece rifiuta il fatto di essersi trovato come posto e di essere, grazie alla propria &#8220;natura&#8221; (participio futuro del verbo <em>&#8220;nasci&#8221;<\/em> -nascere-; per cui il significato \u00e8 &#8220;ci\u00f2 che le cose sono capaci di essere e di fare per nascita&#8221;) capace di cogliere il senso della realt\u00e0, compie di fatto una scelta contro il fondamento, una scelta intimamente antireligiosa.<\/p>\n<p style=\"text-align: justify;\">La chiusura verso l\u2019essere diventa rifiuto, poi sospetto e, talvolta, risentimento di fronte alla natura.\u00a0Alla radice del rifiuto della propria struttura ontologica c\u2019\u00e8 la rivendicazione di un\u2019autosufficienza assoluta.\u00a0Tale rivendicazione \u00e8 illusoria e illegittima; illusoria perch\u00e9 nessun uomo \u00e8 causa del proprio essere, illegittima perch\u00e9 la scelta di accogliere l\u2019evidenza o di negarla non ha lo stesso peso davanti alla coscienza e quindi non \u00e8 moralmente neutra.<\/p>\n<p style=\"text-align: justify;\">Il processo di secolarizzazione si avvia quando nel rapporto tra l\u2019uomo e la realt\u00e0 inizia ad affermarsi l\u2019opzione antireligiosa, che prende la forma del rifiuto di riconoscere la strutturale apertura del pensiero all\u2019essere e quindi del rifiuto di cogliere attraverso la realt\u00e0 sensibile il significato essenziale e metastorico delle cose.<\/p>\n<p style=\"text-align: justify;\">In altri termini l\u2019ateismo non si manifesta e non si sostanzia nella negazione della religione rivelata, ma nella sua riduzione alla sfera del soggettivo e quindi dell\u2019opinabile conseguente alla rottura operata dalla modernit\u00e0 con la metafisica.<\/p>\n<p style=\"text-align: justify;\">La ragione sganciata dall\u2019essere non riesce e non pu\u00f2 trovare un fondamento riconosciuto da tutti perch\u00e9 essa stessa ha ridotto la verit\u00e0 a opinione soggettiva.<\/p>\n<p style=\"text-align: justify;\">Il primo esito del pensiero secolarizzato e depotenziato \u00e8 costituito dalle ideologie. Il naufragio storico delle ideologie ha condotto al loro abbandono.\u00a0Anche qui tuttavia ci\u00f2 che \u00e8 stato abbandonato \u00e8 il contenuto dell\u2019ideologia (la lotta di classe come motore della storia, il superuomo\u2026), non \u00e8 stata invece abbandonata l\u2019idea della potenza senza regola della ragione, la ragione come possibilit\u00e0 infinita di porre significati e valori: in ci\u00f2 sta l\u2019essenza dell\u2019attuale nichilismo.<\/p>\n<p style=\"text-align: justify;\">Il nichilismo \u00e8 una catastrofe culturale nel senso non solo di esito infausto e rovinoso, ma anche di capovolgimento e negazione del significato stesso di cultura, esso presenta le caratteristiche della non-cultura e dell\u2019 anti-cultura.<\/p>\n<p style=\"text-align: justify;\">La cultura infatti non \u00e8 mai eticamente neutra, il suo valore sta nella capacit\u00e0 di aiutare l\u2019uomo a diventare s\u00e9 stesso, esprimendo le potenzialit\u00e0 presenti nella propria natura; essa \u00e8 quindi necessariamente in relazione con la verit\u00e0 su Dio, sull\u2019uomo e sul mondo.<\/p>\n<p style=\"text-align: justify;\">L\u2019essere dell\u2019uomo infatti \u00e8 teso verso il compimento, aspira al raggiungimento del bene che lo renda felice, quando si nega la possibilit\u00e0 di accesso razionale alla verit\u00e0, si nega anche all\u2019uomo la possibilit\u00e0 del compimento.\u00a0La catastrofe culturale si colloca cos\u00ec all\u2019origine della &#8220;catastrofe antropologica&#8221;.<\/p>\n<p style=\"text-align: justify;\"><strong>Nichilismo senza ragioni<\/strong><\/p>\n<p style=\"text-align: justify;\">La scelta di accogliere l\u2019evidenza o di negarla non \u00e8 moralmente neutra.\u00a0Il pensiero debole giustifica il rifiuto del riconoscimento come rifiuto di una presunta violenza intrinseca alla natura stessa della verit\u00e0. E\u2019 vero: la verit\u00e0 \u00e8 esigente perch\u00e9 chiede adesione e accoglienza, ma la sua intransigenza non pu\u00f2 diventare il contenuto di un\u2019imposizione perch\u00e9 senza il libero assenso della volont\u00e0 non ci pu\u00f2 essere riconoscimento della verit\u00e0. &#8220;<em>Il rapporto vero con la realt\u00e0 \u00e8 come un rapporto sponsale, al cui interno \u00e8 un non senso l\u2019imposizione, perch\u00e9 \u00e8 natura stessa di un tale rapporto l\u2019essere comunicazione integrale nella libert\u00e0\u2026C\u2019\u00e8 da domandarsi se il timore nichilistico per la verit\u00e0 non dipenda\u2026 da quell\u2019atteggiamento dominativo che non riesce a pensare il mondo se non come rapporto di forze e come fruizione senza mistero.&#8221;<\/em> ( Francesco Botturi, <em>Dal nichilismo all\u2019ateismo,<\/em> in <em>Cultura e libri,<\/em> nn.48-49, 1989, pp. 43-53).<\/p>\n<p style=\"text-align: justify;\">La storia ha dimostrato che quando l\u2019uomo abbandona il fondamento della verit\u00e0 il pensiero depotenziato e secolarizzato ha prodotto le ideologie e con le ideologie i gulag e la shoah.<\/p>\n<p style=\"text-align: justify;\">Se questo \u00e8 vero quale sar\u00e0 la carica di distruzione insita nel nichilismo?<\/p>\n","protected":false},"excerpt":{"rendered":"<p>Trascrizione della relazione tenuta al Serra Club di Livorno l&#8217;11 febbraio 2002 dalla dottoressa Laura Boccenti Invernizzi sul tema: Pensiero forte e pensiero debole: la radice dei valori Laura Boccenti Invernizzi<\/p><p><a class=\"more-link btn\" href=\"https:\/\/www.rassegnastampa-totustuus.it\/cattolica\/pensiero-forte-e-pensiero-debole-la-radice-dei-valori\/\">Continua a leggere<\/a><\/p>\n","protected":false},"author":6,"featured_media":27817,"comment_status":"closed","ping_status":"open","sticky":false,"template":"","format":"standard","meta":{"footnotes":""},"categories":[57],"tags":[170],"class_list":["post-627","post","type-post","status-publish","format-standard","has-post-thumbnail","hentry","category-filosofia","tag-filosofia-2","item-wrap"],"yoast_head":"<!-- This site is optimized with the Yoast SEO plugin v27.5 - https:\/\/yoast.com\/product\/yoast-seo-wordpress\/ -->\n<title>Pensiero forte e pensiero debole: la radice dei valori - Rassegna Stampa Cattolica<\/title>\n<meta name=\"description\" content=\"Rassegna Stampa Cattolica - Per una cultura che nasce dalla Rivelazione cristiana in conformit\u00e0 alla tradizione e al Magistero della Chiesa in opposizione ad ogni relativismo e totalitarismo\" \/>\n<meta name=\"robots\" content=\"index, follow, max-snippet:-1, max-image-preview:large, max-video-preview:-1\" \/>\n<link rel=\"canonical\" href=\"https:\/\/www.rassegnastampa-totustuus.it\/cattolica\/pensiero-forte-e-pensiero-debole-la-radice-dei-valori\/\" \/>\n<meta property=\"og:locale\" content=\"it_IT\" \/>\n<meta property=\"og:type\" content=\"article\" \/>\n<meta property=\"og:title\" content=\"Pensiero forte e pensiero debole: la radice dei valori - Rassegna Stampa Cattolica\" \/>\n<meta property=\"og:description\" content=\"Rassegna Stampa Cattolica - Per una cultura che nasce dalla Rivelazione cristiana in conformit\u00e0 alla tradizione e al Magistero della Chiesa in opposizione ad ogni relativismo e totalitarismo\" \/>\n<meta property=\"og:url\" content=\"https:\/\/www.rassegnastampa-totustuus.it\/cattolica\/pensiero-forte-e-pensiero-debole-la-radice-dei-valori\/\" \/>\n<meta property=\"og:site_name\" content=\"Rassegna Stampa Cattolica\" \/>\n<meta property=\"article:publisher\" content=\"https:\/\/www.facebook.com\/rassegnastampacattolica\" \/>\n<meta property=\"article:published_time\" content=\"2005-05-31T14:00:15+00:00\" \/>\n<meta property=\"article:modified_time\" content=\"2015-11-17T16:14:45+00:00\" \/>\n<meta property=\"og:image\" content=\"https:\/\/www.rassegnastampa-totustuus.it\/cattolica\/wp-content\/uploads\/2005\/05\/pensiero-forte.jpg\" \/>\n\t<meta property=\"og:image:width\" content=\"390\" \/>\n\t<meta property=\"og:image:height\" content=\"129\" \/>\n\t<meta property=\"og:image:type\" content=\"image\/jpeg\" \/>\n<meta name=\"author\" content=\"Redazione\" \/>\n<meta name=\"twitter:card\" content=\"summary_large_image\" \/>\n<meta name=\"twitter:creator\" content=\"@rassegnastampa9\" \/>\n<meta name=\"twitter:site\" content=\"@rassegnastampa9\" \/>\n<meta name=\"twitter:label1\" content=\"Scritto da\" \/>\n\t<meta name=\"twitter:data1\" content=\"Redazione\" \/>\n\t<meta name=\"twitter:label2\" content=\"Tempo di lettura stimato\" \/>\n\t<meta name=\"twitter:data2\" content=\"7 minuti\" \/>\n<script type=\"application\/ld+json\" class=\"yoast-schema-graph\">{\"@context\":\"https:\\\/\\\/schema.org\",\"@graph\":[{\"@type\":\"Article\",\"@id\":\"https:\\\/\\\/www.rassegnastampa-totustuus.it\\\/cattolica\\\/pensiero-forte-e-pensiero-debole-la-radice-dei-valori\\\/#article\",\"isPartOf\":{\"@id\":\"https:\\\/\\\/www.rassegnastampa-totustuus.it\\\/cattolica\\\/pensiero-forte-e-pensiero-debole-la-radice-dei-valori\\\/\"},\"author\":{\"name\":\"Redazione\",\"@id\":\"https:\\\/\\\/www.rassegnastampa-totustuus.it\\\/cattolica\\\/#\\\/schema\\\/person\\\/08f319d2bd1a0904ad9e2bfb7b15e5c3\"},\"headline\":\"Pensiero forte e pensiero debole: la radice dei valori\",\"datePublished\":\"2005-05-31T14:00:15+00:00\",\"dateModified\":\"2015-11-17T16:14:45+00:00\",\"mainEntityOfPage\":{\"@id\":\"https:\\\/\\\/www.rassegnastampa-totustuus.it\\\/cattolica\\\/pensiero-forte-e-pensiero-debole-la-radice-dei-valori\\\/\"},\"wordCount\":1489,\"publisher\":{\"@id\":\"https:\\\/\\\/www.rassegnastampa-totustuus.it\\\/cattolica\\\/#organization\"},\"image\":{\"@id\":\"https:\\\/\\\/www.rassegnastampa-totustuus.it\\\/cattolica\\\/pensiero-forte-e-pensiero-debole-la-radice-dei-valori\\\/#primaryimage\"},\"thumbnailUrl\":\"https:\\\/\\\/www.rassegnastampa-totustuus.it\\\/cattolica\\\/wp-content\\\/uploads\\\/2005\\\/05\\\/pensiero-forte.jpg\",\"keywords\":[\"filosofia\"],\"articleSection\":[\"Filosofia\"],\"inLanguage\":\"it-IT\"},{\"@type\":\"WebPage\",\"@id\":\"https:\\\/\\\/www.rassegnastampa-totustuus.it\\\/cattolica\\\/pensiero-forte-e-pensiero-debole-la-radice-dei-valori\\\/\",\"url\":\"https:\\\/\\\/www.rassegnastampa-totustuus.it\\\/cattolica\\\/pensiero-forte-e-pensiero-debole-la-radice-dei-valori\\\/\",\"name\":\"Pensiero forte e pensiero debole: la radice dei valori - Rassegna Stampa Cattolica\",\"isPartOf\":{\"@id\":\"https:\\\/\\\/www.rassegnastampa-totustuus.it\\\/cattolica\\\/#website\"},\"primaryImageOfPage\":{\"@id\":\"https:\\\/\\\/www.rassegnastampa-totustuus.it\\\/cattolica\\\/pensiero-forte-e-pensiero-debole-la-radice-dei-valori\\\/#primaryimage\"},\"image\":{\"@id\":\"https:\\\/\\\/www.rassegnastampa-totustuus.it\\\/cattolica\\\/pensiero-forte-e-pensiero-debole-la-radice-dei-valori\\\/#primaryimage\"},\"thumbnailUrl\":\"https:\\\/\\\/www.rassegnastampa-totustuus.it\\\/cattolica\\\/wp-content\\\/uploads\\\/2005\\\/05\\\/pensiero-forte.jpg\",\"datePublished\":\"2005-05-31T14:00:15+00:00\",\"dateModified\":\"2015-11-17T16:14:45+00:00\",\"description\":\"Rassegna Stampa Cattolica - Per una cultura che nasce dalla Rivelazione cristiana in conformit\u00e0 alla tradizione e al Magistero della Chiesa in opposizione ad ogni relativismo e totalitarismo\",\"breadcrumb\":{\"@id\":\"https:\\\/\\\/www.rassegnastampa-totustuus.it\\\/cattolica\\\/pensiero-forte-e-pensiero-debole-la-radice-dei-valori\\\/#breadcrumb\"},\"inLanguage\":\"it-IT\",\"potentialAction\":[{\"@type\":\"ReadAction\",\"target\":[\"https:\\\/\\\/www.rassegnastampa-totustuus.it\\\/cattolica\\\/pensiero-forte-e-pensiero-debole-la-radice-dei-valori\\\/\"]}]},{\"@type\":\"ImageObject\",\"inLanguage\":\"it-IT\",\"@id\":\"https:\\\/\\\/www.rassegnastampa-totustuus.it\\\/cattolica\\\/pensiero-forte-e-pensiero-debole-la-radice-dei-valori\\\/#primaryimage\",\"url\":\"https:\\\/\\\/www.rassegnastampa-totustuus.it\\\/cattolica\\\/wp-content\\\/uploads\\\/2005\\\/05\\\/pensiero-forte.jpg\",\"contentUrl\":\"https:\\\/\\\/www.rassegnastampa-totustuus.it\\\/cattolica\\\/wp-content\\\/uploads\\\/2005\\\/05\\\/pensiero-forte.jpg\",\"width\":390,\"height\":129},{\"@type\":\"BreadcrumbList\",\"@id\":\"https:\\\/\\\/www.rassegnastampa-totustuus.it\\\/cattolica\\\/pensiero-forte-e-pensiero-debole-la-radice-dei-valori\\\/#breadcrumb\",\"itemListElement\":[{\"@type\":\"ListItem\",\"position\":1,\"name\":\"Home\",\"item\":\"https:\\\/\\\/www.rassegnastampa-totustuus.it\\\/cattolica\\\/\"},{\"@type\":\"ListItem\",\"position\":2,\"name\":\"Pensiero forte e pensiero debole: la radice dei valori\"}]},{\"@type\":\"WebSite\",\"@id\":\"https:\\\/\\\/www.rassegnastampa-totustuus.it\\\/cattolica\\\/#website\",\"url\":\"https:\\\/\\\/www.rassegnastampa-totustuus.it\\\/cattolica\\\/\",\"name\":\"Rassegna Stampa Cattolica\",\"description\":\"Per una cultura che nasce dalla Rivelazione cristiana in conformit\u00e0 alla tradizione e al Magistero della Chiesa in opposizione ad ogni relativismo e totalitarismo\",\"publisher\":{\"@id\":\"https:\\\/\\\/www.rassegnastampa-totustuus.it\\\/cattolica\\\/#organization\"},\"alternateName\":\"Rass. Cattolica\",\"potentialAction\":[{\"@type\":\"SearchAction\",\"target\":{\"@type\":\"EntryPoint\",\"urlTemplate\":\"https:\\\/\\\/www.rassegnastampa-totustuus.it\\\/cattolica\\\/?s={search_term_string}\"},\"query-input\":{\"@type\":\"PropertyValueSpecification\",\"valueRequired\":true,\"valueName\":\"search_term_string\"}}],\"inLanguage\":\"it-IT\"},{\"@type\":\"Organization\",\"@id\":\"https:\\\/\\\/www.rassegnastampa-totustuus.it\\\/cattolica\\\/#organization\",\"name\":\"Rassegna Stampa Cattolica\",\"url\":\"https:\\\/\\\/www.rassegnastampa-totustuus.it\\\/cattolica\\\/\",\"logo\":{\"@type\":\"ImageObject\",\"inLanguage\":\"it-IT\",\"@id\":\"https:\\\/\\\/www.rassegnastampa-totustuus.it\\\/cattolica\\\/#\\\/schema\\\/logo\\\/image\\\/\",\"url\":\"https:\\\/\\\/www.rassegnastampa-totustuus.it\\\/cattolica\\\/wp-content\\\/uploads\\\/2014\\\/04\\\/logo-rassegna1.gif\",\"contentUrl\":\"https:\\\/\\\/www.rassegnastampa-totustuus.it\\\/cattolica\\\/wp-content\\\/uploads\\\/2014\\\/04\\\/logo-rassegna1.gif\",\"width\":600,\"height\":163,\"caption\":\"Rassegna Stampa Cattolica\"},\"image\":{\"@id\":\"https:\\\/\\\/www.rassegnastampa-totustuus.it\\\/cattolica\\\/#\\\/schema\\\/logo\\\/image\\\/\"},\"sameAs\":[\"https:\\\/\\\/www.facebook.com\\\/rassegnastampacattolica\",\"https:\\\/\\\/x.com\\\/rassegnastampa9\"]},{\"@type\":\"Person\",\"@id\":\"https:\\\/\\\/www.rassegnastampa-totustuus.it\\\/cattolica\\\/#\\\/schema\\\/person\\\/08f319d2bd1a0904ad9e2bfb7b15e5c3\",\"name\":\"Redazione\",\"image\":{\"@type\":\"ImageObject\",\"inLanguage\":\"it-IT\",\"@id\":\"https:\\\/\\\/secure.gravatar.com\\\/avatar\\\/2fcdf27c78ea025fbdb44e914cc63c72249ffec9dc8aafd5c82b26240ef3f346?s=96&d=mm&r=g\",\"url\":\"https:\\\/\\\/secure.gravatar.com\\\/avatar\\\/2fcdf27c78ea025fbdb44e914cc63c72249ffec9dc8aafd5c82b26240ef3f346?s=96&d=mm&r=g\",\"contentUrl\":\"https:\\\/\\\/secure.gravatar.com\\\/avatar\\\/2fcdf27c78ea025fbdb44e914cc63c72249ffec9dc8aafd5c82b26240ef3f346?s=96&d=mm&r=g\",\"caption\":\"Redazione\"},\"url\":\"https:\\\/\\\/www.rassegnastampa-totustuus.it\\\/cattolica\\\/author\\\/pietroelle\\\/\"}]}<\/script>\n<!-- \/ Yoast SEO plugin. -->","yoast_head_json":{"title":"Pensiero forte e pensiero debole: la radice dei valori - Rassegna Stampa Cattolica","description":"Rassegna Stampa Cattolica - Per una cultura che nasce dalla Rivelazione cristiana in conformit\u00e0 alla tradizione e al Magistero della Chiesa in opposizione ad ogni relativismo e totalitarismo","robots":{"index":"index","follow":"follow","max-snippet":"max-snippet:-1","max-image-preview":"max-image-preview:large","max-video-preview":"max-video-preview:-1"},"canonical":"https:\/\/www.rassegnastampa-totustuus.it\/cattolica\/pensiero-forte-e-pensiero-debole-la-radice-dei-valori\/","og_locale":"it_IT","og_type":"article","og_title":"Pensiero forte e pensiero debole: la radice dei valori - Rassegna Stampa Cattolica","og_description":"Rassegna Stampa Cattolica - Per una cultura che nasce dalla Rivelazione cristiana in conformit\u00e0 alla tradizione e al Magistero della Chiesa in opposizione ad ogni relativismo e totalitarismo","og_url":"https:\/\/www.rassegnastampa-totustuus.it\/cattolica\/pensiero-forte-e-pensiero-debole-la-radice-dei-valori\/","og_site_name":"Rassegna Stampa Cattolica","article_publisher":"https:\/\/www.facebook.com\/rassegnastampacattolica","article_published_time":"2005-05-31T14:00:15+00:00","article_modified_time":"2015-11-17T16:14:45+00:00","og_image":[{"width":390,"height":129,"url":"https:\/\/www.rassegnastampa-totustuus.it\/cattolica\/wp-content\/uploads\/2005\/05\/pensiero-forte.jpg","type":"image\/jpeg"}],"author":"Redazione","twitter_card":"summary_large_image","twitter_creator":"@rassegnastampa9","twitter_site":"@rassegnastampa9","twitter_misc":{"Scritto da":"Redazione","Tempo di lettura stimato":"7 minuti"},"schema":{"@context":"https:\/\/schema.org","@graph":[{"@type":"Article","@id":"https:\/\/www.rassegnastampa-totustuus.it\/cattolica\/pensiero-forte-e-pensiero-debole-la-radice-dei-valori\/#article","isPartOf":{"@id":"https:\/\/www.rassegnastampa-totustuus.it\/cattolica\/pensiero-forte-e-pensiero-debole-la-radice-dei-valori\/"},"author":{"name":"Redazione","@id":"https:\/\/www.rassegnastampa-totustuus.it\/cattolica\/#\/schema\/person\/08f319d2bd1a0904ad9e2bfb7b15e5c3"},"headline":"Pensiero forte e pensiero debole: la radice dei valori","datePublished":"2005-05-31T14:00:15+00:00","dateModified":"2015-11-17T16:14:45+00:00","mainEntityOfPage":{"@id":"https:\/\/www.rassegnastampa-totustuus.it\/cattolica\/pensiero-forte-e-pensiero-debole-la-radice-dei-valori\/"},"wordCount":1489,"publisher":{"@id":"https:\/\/www.rassegnastampa-totustuus.it\/cattolica\/#organization"},"image":{"@id":"https:\/\/www.rassegnastampa-totustuus.it\/cattolica\/pensiero-forte-e-pensiero-debole-la-radice-dei-valori\/#primaryimage"},"thumbnailUrl":"https:\/\/www.rassegnastampa-totustuus.it\/cattolica\/wp-content\/uploads\/2005\/05\/pensiero-forte.jpg","keywords":["filosofia"],"articleSection":["Filosofia"],"inLanguage":"it-IT"},{"@type":"WebPage","@id":"https:\/\/www.rassegnastampa-totustuus.it\/cattolica\/pensiero-forte-e-pensiero-debole-la-radice-dei-valori\/","url":"https:\/\/www.rassegnastampa-totustuus.it\/cattolica\/pensiero-forte-e-pensiero-debole-la-radice-dei-valori\/","name":"Pensiero forte e pensiero debole: la radice dei valori - Rassegna Stampa Cattolica","isPartOf":{"@id":"https:\/\/www.rassegnastampa-totustuus.it\/cattolica\/#website"},"primaryImageOfPage":{"@id":"https:\/\/www.rassegnastampa-totustuus.it\/cattolica\/pensiero-forte-e-pensiero-debole-la-radice-dei-valori\/#primaryimage"},"image":{"@id":"https:\/\/www.rassegnastampa-totustuus.it\/cattolica\/pensiero-forte-e-pensiero-debole-la-radice-dei-valori\/#primaryimage"},"thumbnailUrl":"https:\/\/www.rassegnastampa-totustuus.it\/cattolica\/wp-content\/uploads\/2005\/05\/pensiero-forte.jpg","datePublished":"2005-05-31T14:00:15+00:00","dateModified":"2015-11-17T16:14:45+00:00","description":"Rassegna Stampa Cattolica - Per una cultura che nasce dalla Rivelazione cristiana in conformit\u00e0 alla tradizione e al Magistero della Chiesa in opposizione ad ogni relativismo e totalitarismo","breadcrumb":{"@id":"https:\/\/www.rassegnastampa-totustuus.it\/cattolica\/pensiero-forte-e-pensiero-debole-la-radice-dei-valori\/#breadcrumb"},"inLanguage":"it-IT","potentialAction":[{"@type":"ReadAction","target":["https:\/\/www.rassegnastampa-totustuus.it\/cattolica\/pensiero-forte-e-pensiero-debole-la-radice-dei-valori\/"]}]},{"@type":"ImageObject","inLanguage":"it-IT","@id":"https:\/\/www.rassegnastampa-totustuus.it\/cattolica\/pensiero-forte-e-pensiero-debole-la-radice-dei-valori\/#primaryimage","url":"https:\/\/www.rassegnastampa-totustuus.it\/cattolica\/wp-content\/uploads\/2005\/05\/pensiero-forte.jpg","contentUrl":"https:\/\/www.rassegnastampa-totustuus.it\/cattolica\/wp-content\/uploads\/2005\/05\/pensiero-forte.jpg","width":390,"height":129},{"@type":"BreadcrumbList","@id":"https:\/\/www.rassegnastampa-totustuus.it\/cattolica\/pensiero-forte-e-pensiero-debole-la-radice-dei-valori\/#breadcrumb","itemListElement":[{"@type":"ListItem","position":1,"name":"Home","item":"https:\/\/www.rassegnastampa-totustuus.it\/cattolica\/"},{"@type":"ListItem","position":2,"name":"Pensiero forte e pensiero debole: la radice dei valori"}]},{"@type":"WebSite","@id":"https:\/\/www.rassegnastampa-totustuus.it\/cattolica\/#website","url":"https:\/\/www.rassegnastampa-totustuus.it\/cattolica\/","name":"Rassegna Stampa Cattolica","description":"Per una cultura che nasce dalla Rivelazione cristiana in conformit\u00e0 alla tradizione e al Magistero della Chiesa in opposizione ad ogni relativismo e totalitarismo","publisher":{"@id":"https:\/\/www.rassegnastampa-totustuus.it\/cattolica\/#organization"},"alternateName":"Rass. Cattolica","potentialAction":[{"@type":"SearchAction","target":{"@type":"EntryPoint","urlTemplate":"https:\/\/www.rassegnastampa-totustuus.it\/cattolica\/?s={search_term_string}"},"query-input":{"@type":"PropertyValueSpecification","valueRequired":true,"valueName":"search_term_string"}}],"inLanguage":"it-IT"},{"@type":"Organization","@id":"https:\/\/www.rassegnastampa-totustuus.it\/cattolica\/#organization","name":"Rassegna Stampa Cattolica","url":"https:\/\/www.rassegnastampa-totustuus.it\/cattolica\/","logo":{"@type":"ImageObject","inLanguage":"it-IT","@id":"https:\/\/www.rassegnastampa-totustuus.it\/cattolica\/#\/schema\/logo\/image\/","url":"https:\/\/www.rassegnastampa-totustuus.it\/cattolica\/wp-content\/uploads\/2014\/04\/logo-rassegna1.gif","contentUrl":"https:\/\/www.rassegnastampa-totustuus.it\/cattolica\/wp-content\/uploads\/2014\/04\/logo-rassegna1.gif","width":600,"height":163,"caption":"Rassegna Stampa Cattolica"},"image":{"@id":"https:\/\/www.rassegnastampa-totustuus.it\/cattolica\/#\/schema\/logo\/image\/"},"sameAs":["https:\/\/www.facebook.com\/rassegnastampacattolica","https:\/\/x.com\/rassegnastampa9"]},{"@type":"Person","@id":"https:\/\/www.rassegnastampa-totustuus.it\/cattolica\/#\/schema\/person\/08f319d2bd1a0904ad9e2bfb7b15e5c3","name":"Redazione","image":{"@type":"ImageObject","inLanguage":"it-IT","@id":"https:\/\/secure.gravatar.com\/avatar\/2fcdf27c78ea025fbdb44e914cc63c72249ffec9dc8aafd5c82b26240ef3f346?s=96&d=mm&r=g","url":"https:\/\/secure.gravatar.com\/avatar\/2fcdf27c78ea025fbdb44e914cc63c72249ffec9dc8aafd5c82b26240ef3f346?s=96&d=mm&r=g","contentUrl":"https:\/\/secure.gravatar.com\/avatar\/2fcdf27c78ea025fbdb44e914cc63c72249ffec9dc8aafd5c82b26240ef3f346?s=96&d=mm&r=g","caption":"Redazione"},"url":"https:\/\/www.rassegnastampa-totustuus.it\/cattolica\/author\/pietroelle\/"}]}},"_links":{"self":[{"href":"https:\/\/www.rassegnastampa-totustuus.it\/cattolica\/wp-json\/wp\/v2\/posts\/627","targetHints":{"allow":["GET"]}}],"collection":[{"href":"https:\/\/www.rassegnastampa-totustuus.it\/cattolica\/wp-json\/wp\/v2\/posts"}],"about":[{"href":"https:\/\/www.rassegnastampa-totustuus.it\/cattolica\/wp-json\/wp\/v2\/types\/post"}],"author":[{"embeddable":true,"href":"https:\/\/www.rassegnastampa-totustuus.it\/cattolica\/wp-json\/wp\/v2\/users\/6"}],"replies":[{"embeddable":true,"href":"https:\/\/www.rassegnastampa-totustuus.it\/cattolica\/wp-json\/wp\/v2\/comments?post=627"}],"version-history":[{"count":4,"href":"https:\/\/www.rassegnastampa-totustuus.it\/cattolica\/wp-json\/wp\/v2\/posts\/627\/revisions"}],"predecessor-version":[{"id":27818,"href":"https:\/\/www.rassegnastampa-totustuus.it\/cattolica\/wp-json\/wp\/v2\/posts\/627\/revisions\/27818"}],"wp:featuredmedia":[{"embeddable":true,"href":"https:\/\/www.rassegnastampa-totustuus.it\/cattolica\/wp-json\/wp\/v2\/media\/27817"}],"wp:attachment":[{"href":"https:\/\/www.rassegnastampa-totustuus.it\/cattolica\/wp-json\/wp\/v2\/media?parent=627"}],"wp:term":[{"taxonomy":"category","embeddable":true,"href":"https:\/\/www.rassegnastampa-totustuus.it\/cattolica\/wp-json\/wp\/v2\/categories?post=627"},{"taxonomy":"post_tag","embeddable":true,"href":"https:\/\/www.rassegnastampa-totustuus.it\/cattolica\/wp-json\/wp\/v2\/tags?post=627"}],"curies":[{"name":"wp","href":"https:\/\/api.w.org\/{rel}","templated":true}]}}