{"id":62677,"date":"2025-06-09T09:39:29","date_gmt":"2025-06-09T07:39:29","guid":{"rendered":"https:\/\/www.rassegnastampa-totustuus.it\/cattolica\/?p=62677"},"modified":"2025-06-09T09:42:09","modified_gmt":"2025-06-09T07:42:09","slug":"limpegno-politico-come-vocazione-civile-e-cristiana","status":"publish","type":"post","link":"https:\/\/www.rassegnastampa-totustuus.it\/cattolica\/limpegno-politico-come-vocazione-civile-e-cristiana\/","title":{"rendered":"L\u2019impegno politico come vocazione civile e cristiana"},"content":{"rendered":"\n<p class=\"has-text-align-center\">per <strong>Rassegna Stampa<\/strong><\/p>\n\n\n\n<h3 class=\"wp-block-heading has-text-align-center\">Giubileo dei Governanti 2025: <\/h3>\n\n\n\n<h3 class=\"wp-block-heading has-text-align-center\">l\u2019impegno politico come vocazione civile e cristiana<\/h3>\n\n\n\n<p class=\"has-text-align-center\"><em>Sintesi dell\u2019intervento andato in onda su <\/em>Radio Libert\u00e0<em> il 7 giugno 2025<\/em><\/p>\n\n\n\n<p class=\"has-text-align-center\">di <strong>Giuseppe Brienza<\/strong><\/p>\n\n\n<div class=\"wp-block-image\">\n<figure class=\"aligncenter size-full\"><a href=\"https:\/\/www.rassegnastampa-totustuus.it\/cattolica\/wp-content\/uploads\/2025\/06\/Chiesa_Giubileo_2025.jpeg\"><img loading=\"lazy\" decoding=\"async\" width=\"474\" height=\"266\" src=\"https:\/\/www.rassegnastampa-totustuus.it\/cattolica\/wp-content\/uploads\/2025\/06\/Chiesa_Giubileo_2025.jpeg\" alt=\"\" class=\"wp-image-62678\"\/><\/a><\/figure><\/div>\n\n\n<!--more-->\n\n\n\n<p>Il 21 e 22 giugno 2025 si terr\u00e0 in Vaticano il <em>Giubileo dei Governanti<\/em>, un appuntamento promosso dal <em>Dicastero per l\u2019Evangelizzazione<\/em> rivolto a tutti i rappresentanti delle Istituzioni dei Paesi del mondo che hanno relazioni diplomatiche con la Santa Sede (attualmente sono 184 quelli con i quali lo Stato della Citt\u00e0 del Vaticano intrattiene relazioni piene) oltre che ai Sindaci ed Amministratori locali.<\/p>\n\n\n\n<p>Questo evento giubilare, oltre che per le motivazioni prettamente liturgiche, potrebbe costituire una preziosa occasione per riproporre ai governanti e amministratori pubblici che parteciperanno lo straordinario esempio e la testimonianza di tanti <em>politici-santi<\/em> dai re Enrico II il Santo (XI secolo) e Luigi IX di Francia (XIII secolo) ai contemporanei Sir Thomas More (1478-1535) e il beato Carlo I d&#8217;Asburgo (1887-1922) solo per fare pochi esempi.<\/p>\n\n\n\n<p>Siccome la Chiesa Cattolica lo ricorda nel calendario liturgico proprio il 22 giugno, vale la pena soffermarsi brevemente sulla figura di san Tommaso Moro che, nel 1532, all\u2019apice della sua \u201ccarriera\u201d politica, si dimise dalla carica di Lord Cancelliere del Regno per sottrarsi al disegno tirannico di re Enrico VIII di manipolare Parlamento e Assemblea del Clero per assumere il controllo assoluto sulla chiesa d\u2019Inghilterra.<\/p>\n\n\n\n<p>Dopo 15 mesi di \u201ccarcere duro\u201d fu decapitato e le sue ultime parole prima dell\u2019esecuzione furono: \u00ab<em>Muoio come buon servo del Re, ma anzitutto come servo di Dio<\/em>\u00bb. La Chiesa, per questo, l\u2019ha proclamato durante il Grande Giubileo del 2000 <em>patrono dei politici e degli uomini di governo<\/em>. Credo che il suo esempio sar\u00e0 esplicitamente rievocato da Leone XIV durante il prossimo <em>Giubileo dei Governanti.<\/em><\/p>\n\n\n\n<p>Dico questo anche perch\u00e9, nell\u2019ultima intervista rilasciata da cardinale ai media vaticani all\u2019indomani della morte di Papa Francesco, Prevost abbia voluto ricordare come nelle udienze settimanali del sabato mattina come prefetto del Dicastero per i Vescovi, Bergoglio gli raccomandava spesso di \u00ab<em>non perdere il senso dell\u2019umorismo<\/em>\u00bb, richiamandogli la nota \u201c<em>Preghiera del buonumore<\/em>\u201d di Tommaso Moro ed esortandolo ad andare sempre avanti nelle \u00ab<em>cose di grande responsabilit\u00e0, con grande fiducia nella grazia del Signore<\/em>\u00bb (1).<\/p>\n\n\n\n<p>Si tratta di una preghiera che, come confidato in passato dal diretto interessato, Papa Francesco recitava ogni giorno durante il suo non facile Pontificato.<\/p>\n\n\n\n<p>Fra i temi che hanno reso contrastato il servizio alla Chiesa di Bergoglio c\u2019\u00e8 stato fin dai primi anni, come sappiamo, la questione dell&#8217;immigrazione. In particolare molti osservatori hanno denunciato o comunque mal sopportato la \u201cdifferenza\u201d fra il Magistero in merito di Giovanni Paolo II-Benedetto XVI e quello di Papa Francesco. Cosa dire al riguardo?<\/p>\n\n\n\n<p>Anzitutto che a livello magisteriale non ci pu\u00f2 essere \u201cdifferenza\u201d fra l\u2019insegnamento di un Papa e quello di un altro, in quanto tutti i Pontefici non possono che custodire la Dottrina, compresa quella sociale, della Chiesa.<\/p>\n\n\n\n<p>Ci pu\u00f2 essere, invece, questa s\u00ec, l\u2019accentuazione da parte di un Papa diversamente che un altro su un tema ed aspetto particolare della Dottrina sociale, come accaduto nel caso di Bergoglio con il principio dell\u2019accoglienza dei migranti, ripreso \u201cselettivamente\u201d e non di rado stirato parecchio dai media e dai politici di sinistra (2).<\/p>\n\n\n\n<p>Per quanto riguarda il <em>diritto a non emigrare<\/em> (e naturalmente anche quello degli Stati a regolare l\u2019immigrazione), questo \u00e8 stato affermato, non molto spesso invero, anche da Papa Francesco, ma rimane valido tanto quanto quello dell\u2019accoglienza. Anzi i due principi sono strettamente collegati, come ribadito di recente dal cardinal Robert Sarah, intervistato dal quotidiano \u201c<em>Il Giornale<\/em>\u201d.<\/p>\n\n\n\n<p>Il prefetto emerito della Congregazione per il culto divino e la disciplina dei sacramenti, infatti, che \u00e8 guineano di nascita ed ha fatto il Vescovo in Africa per non pochi anni, ha spiegato perch\u00e9 non \u00e8 lecito dal punto di vista cattolico bollare di scarsa sensibilit\u00e0 o solidariet\u00e0 (se non come fa taluno addirittura di <em>immoralit\u00e0<\/em>) chi afferma la necessit\u00e0 di costruire le condizioni per l\u2019esercizio del diritto a non emigrare da parte dei poveri.<\/p>\n\n\n\n<p>Secondo il card. Sarah, \u00ab<em>chi ritiene le migrazioni necessarie e indispensabili, di fatto, compie un atto egoistico e condanna intere parti del mondo alla totale irrilevanza e, in extremis, all\u2019estinzione. Se i giovani, che sono il futuro della societ\u00e0, lasciano la loro terra, le loro famiglie, il loro popolo, rincorrendo la promessa di una vita migliore, che ne sar\u00e0 della storia, della cultura, dell\u2019esistenza stessa del Paese che dovrebbe manifestarsi nel sostegno concreto allo sviluppo delle nazioni pi\u00f9 povere, non nel \u201cfavoreggiamento\u201d del loro svuotamento demografico e di futuro<\/em>\u00bb (3).<\/p>\n\n\n\n<p>In secondo luogo va riconosciuto che, pur raccomandando come prioritario e urgente il principio dell\u2019accoglienza, Papa Francesco non ha mai trascurato di associare ad esso quello dell\u2019integrazione. Anche in occasione dell\u2019ultima <em>Giornata Mondiale del Rifugiato<\/em> che ha vissuto Bergoglio ha ritenuto di ribadire il dovere degli Stati di \u00ab<em>rivolgere uno sguardo attento e fraterno a tutti coloro che sono costretti a fuggire dalle loro case in cerca di pace e di sicurezza<\/em>\u00bb, ma ne ha raccomandato allo stesso tempo (e per ben due volte di seguito) il contestuale e necessario impegno \u00ab<em>ad accompagnare e integrare quanti bussano alle nostre porte. Prego affinch\u00e9 gli Stati si adoperino ad assicurare ai rifugiati condizioni umane e a facilitare i processi di integrazione<\/em>\u00bb (4). In pratica se non si pu\u00f2 integrare, meglio non accogliere!<\/p>\n\n\n\n<p>______________________<\/p>\n\n\n\n<p><strong>(1)<\/strong> Cit. in Tiziana Campisi, <a href=\"https:\/\/www.osservatoreromano.va\/it\/news\/2025-05\/quo-107\/ha-insegnato-a-vivere-la-gioia-del-vangelo.html\" target=\"_blank\" rel=\"noreferrer noopener\"><em>\u00abHa insegnato a vivere la gioia del Vangelo\u00bb. L\u2019ultima intervista del cardinale Prevost con i media vaticani rilasciata all\u2019indomani della morte di Francesco<\/em><\/a>, <em>L\u2019Osservatore Romano<\/em>, 9 maggio 2025, p. 6.<\/p>\n\n\n\n<p><strong>(2)<\/strong> Per la raccolta integrale (aggiornata al 20 dicembre 2019) del Magistero di Papa Bergoglio sull\u2019immigrazione cfr. <a href=\"https:\/\/migrants-refugees.va\/it\/risorse\/raccolta\/\" target=\"_blank\" rel=\"noreferrer noopener\"><em>Luci sulle Strade della Speranza. Insegnamenti di Papa Francesco su migranti e tratta<\/em><\/a>, Dicastero per il Servizio dello Sviluppo Umano Integrale, Citt\u00e0 del Vaticano 2020, pp. 515.<\/p>\n\n\n\n<p><strong>(3)<\/strong> Cit. in Francesco Boezi, <a href=\"https:\/\/www.ilgiornale.it\/news\/politica\/tradizione-motore-chiesa-nessuno-pu-legiferare-sul-fine-vita-2488297.html\" target=\"_blank\" rel=\"noreferrer noopener\"><em>&#8220;La tradizione \u00e8 il motore della Chiesa. Eutanasia in Francia? Non hanno diritto&#8221;. Il cardinale: &#8220;Va sostenuto il diritto a non emigrare&#8221;<\/em><\/a>, <em>Il Giornale<\/em>, 2 giugno 2025.<\/p>\n\n\n\n<p><strong>(4)<\/strong> Papa Francesco, <a href=\"https:\/\/www.osservatoreromano.va\/it\/news\/2024-06\/quo-138\/condizioni-umane-e-integrazione-per-i-rifugiati.html\" target=\"_blank\" rel=\"noreferrer noopener\"><em>Condizioni umane e integrazione per i rifugiati<\/em><\/a>, <em>L\u2019Osservatore Romano<\/em>, 19 giugno 2024, p. 3.<\/p>\n","protected":false},"excerpt":{"rendered":"<p>per Rassegna Stampa Giubileo dei Governanti 2025: l\u2019impegno politico come vocazione civile e cristiana Sintesi dell\u2019intervento andato in onda su Radio Libert\u00e0 il 7 giugno 2025 di Giuseppe Brienza<\/p><p><a class=\"more-link btn\" href=\"https:\/\/www.rassegnastampa-totustuus.it\/cattolica\/limpegno-politico-come-vocazione-civile-e-cristiana\/\">Continua a leggere<\/a><\/p>\n","protected":false},"author":6,"featured_media":62678,"comment_status":"closed","ping_status":"closed","sticky":false,"template":"","format":"standard","meta":{"footnotes":""},"categories":[5,53],"tags":[1855,2392],"class_list":["post-62677","post","type-post","status-publish","format-standard","has-post-thumbnail","hentry","category-chiesa","category-politica","tag-giubileo","tag-immigrazione","item-wrap"],"yoast_head":"<!-- This site is optimized with the Yoast SEO plugin v27.5 - https:\/\/yoast.com\/product\/yoast-seo-wordpress\/ -->\n<title>L\u2019impegno politico come vocazione civile e cristiana - Rassegna Stampa Cattolica<\/title>\n<meta name=\"description\" content=\"L\u2019impegno politico come vocazione civile e cristiana; il Giubileo dei governanti occasione per riproporre l&#039;esempio dei tanti politici santi\" \/>\n<meta name=\"robots\" content=\"index, follow, max-snippet:-1, max-image-preview:large, max-video-preview:-1\" \/>\n<link rel=\"canonical\" href=\"https:\/\/www.rassegnastampa-totustuus.it\/cattolica\/limpegno-politico-come-vocazione-civile-e-cristiana\/\" \/>\n<meta property=\"og:locale\" content=\"it_IT\" \/>\n<meta property=\"og:type\" content=\"article\" \/>\n<meta property=\"og:title\" content=\"L\u2019impegno politico come vocazione civile e cristiana - Rassegna Stampa Cattolica\" \/>\n<meta property=\"og:description\" content=\"L\u2019impegno politico come vocazione civile e cristiana; il Giubileo dei governanti occasione per riproporre l&#039;esempio dei tanti politici santi\" \/>\n<meta property=\"og:url\" content=\"https:\/\/www.rassegnastampa-totustuus.it\/cattolica\/limpegno-politico-come-vocazione-civile-e-cristiana\/\" \/>\n<meta property=\"og:site_name\" content=\"Rassegna Stampa Cattolica\" \/>\n<meta property=\"article:publisher\" content=\"https:\/\/www.facebook.com\/rassegnastampacattolica\" \/>\n<meta property=\"article:published_time\" content=\"2025-06-09T07:39:29+00:00\" \/>\n<meta property=\"article:modified_time\" content=\"2025-06-09T07:42:09+00:00\" \/>\n<meta property=\"og:image\" content=\"https:\/\/www.rassegnastampa-totustuus.it\/cattolica\/wp-content\/uploads\/2025\/06\/Chiesa_Giubileo_2025.jpeg\" \/>\n\t<meta property=\"og:image:width\" content=\"474\" \/>\n\t<meta property=\"og:image:height\" content=\"266\" \/>\n\t<meta property=\"og:image:type\" content=\"image\/jpeg\" \/>\n<meta name=\"author\" content=\"Redazione\" \/>\n<meta name=\"twitter:card\" content=\"summary_large_image\" \/>\n<meta name=\"twitter:creator\" content=\"@rassegnastampa9\" \/>\n<meta name=\"twitter:site\" content=\"@rassegnastampa9\" \/>\n<meta name=\"twitter:label1\" content=\"Scritto da\" \/>\n\t<meta name=\"twitter:data1\" content=\"Redazione\" \/>\n\t<meta name=\"twitter:label2\" content=\"Tempo di lettura stimato\" \/>\n\t<meta name=\"twitter:data2\" content=\"6 minuti\" \/>\n<script type=\"application\/ld+json\" class=\"yoast-schema-graph\">{\"@context\":\"https:\\\/\\\/schema.org\",\"@graph\":[{\"@type\":\"Article\",\"@id\":\"https:\\\/\\\/www.rassegnastampa-totustuus.it\\\/cattolica\\\/limpegno-politico-come-vocazione-civile-e-cristiana\\\/#article\",\"isPartOf\":{\"@id\":\"https:\\\/\\\/www.rassegnastampa-totustuus.it\\\/cattolica\\\/limpegno-politico-come-vocazione-civile-e-cristiana\\\/\"},\"author\":{\"name\":\"Redazione\",\"@id\":\"https:\\\/\\\/www.rassegnastampa-totustuus.it\\\/cattolica\\\/#\\\/schema\\\/person\\\/08f319d2bd1a0904ad9e2bfb7b15e5c3\"},\"headline\":\"L\u2019impegno politico come vocazione civile e cristiana\",\"datePublished\":\"2025-06-09T07:39:29+00:00\",\"dateModified\":\"2025-06-09T07:42:09+00:00\",\"mainEntityOfPage\":{\"@id\":\"https:\\\/\\\/www.rassegnastampa-totustuus.it\\\/cattolica\\\/limpegno-politico-come-vocazione-civile-e-cristiana\\\/\"},\"wordCount\":1010,\"publisher\":{\"@id\":\"https:\\\/\\\/www.rassegnastampa-totustuus.it\\\/cattolica\\\/#organization\"},\"image\":{\"@id\":\"https:\\\/\\\/www.rassegnastampa-totustuus.it\\\/cattolica\\\/limpegno-politico-come-vocazione-civile-e-cristiana\\\/#primaryimage\"},\"thumbnailUrl\":\"https:\\\/\\\/www.rassegnastampa-totustuus.it\\\/cattolica\\\/wp-content\\\/uploads\\\/2025\\\/06\\\/Chiesa_Giubileo_2025.jpeg\",\"keywords\":[\"giubileo\",\"immigrazione\"],\"articleSection\":[\"Chiesa\",\"Politica\"],\"inLanguage\":\"it-IT\"},{\"@type\":\"WebPage\",\"@id\":\"https:\\\/\\\/www.rassegnastampa-totustuus.it\\\/cattolica\\\/limpegno-politico-come-vocazione-civile-e-cristiana\\\/\",\"url\":\"https:\\\/\\\/www.rassegnastampa-totustuus.it\\\/cattolica\\\/limpegno-politico-come-vocazione-civile-e-cristiana\\\/\",\"name\":\"L\u2019impegno politico come vocazione civile e cristiana - Rassegna Stampa Cattolica\",\"isPartOf\":{\"@id\":\"https:\\\/\\\/www.rassegnastampa-totustuus.it\\\/cattolica\\\/#website\"},\"primaryImageOfPage\":{\"@id\":\"https:\\\/\\\/www.rassegnastampa-totustuus.it\\\/cattolica\\\/limpegno-politico-come-vocazione-civile-e-cristiana\\\/#primaryimage\"},\"image\":{\"@id\":\"https:\\\/\\\/www.rassegnastampa-totustuus.it\\\/cattolica\\\/limpegno-politico-come-vocazione-civile-e-cristiana\\\/#primaryimage\"},\"thumbnailUrl\":\"https:\\\/\\\/www.rassegnastampa-totustuus.it\\\/cattolica\\\/wp-content\\\/uploads\\\/2025\\\/06\\\/Chiesa_Giubileo_2025.jpeg\",\"datePublished\":\"2025-06-09T07:39:29+00:00\",\"dateModified\":\"2025-06-09T07:42:09+00:00\",\"description\":\"L\u2019impegno politico come vocazione civile e cristiana; il Giubileo dei governanti occasione per riproporre l'esempio dei tanti politici santi\",\"breadcrumb\":{\"@id\":\"https:\\\/\\\/www.rassegnastampa-totustuus.it\\\/cattolica\\\/limpegno-politico-come-vocazione-civile-e-cristiana\\\/#breadcrumb\"},\"inLanguage\":\"it-IT\",\"potentialAction\":[{\"@type\":\"ReadAction\",\"target\":[\"https:\\\/\\\/www.rassegnastampa-totustuus.it\\\/cattolica\\\/limpegno-politico-come-vocazione-civile-e-cristiana\\\/\"]}]},{\"@type\":\"ImageObject\",\"inLanguage\":\"it-IT\",\"@id\":\"https:\\\/\\\/www.rassegnastampa-totustuus.it\\\/cattolica\\\/limpegno-politico-come-vocazione-civile-e-cristiana\\\/#primaryimage\",\"url\":\"https:\\\/\\\/www.rassegnastampa-totustuus.it\\\/cattolica\\\/wp-content\\\/uploads\\\/2025\\\/06\\\/Chiesa_Giubileo_2025.jpeg\",\"contentUrl\":\"https:\\\/\\\/www.rassegnastampa-totustuus.it\\\/cattolica\\\/wp-content\\\/uploads\\\/2025\\\/06\\\/Chiesa_Giubileo_2025.jpeg\",\"width\":474,\"height\":266},{\"@type\":\"BreadcrumbList\",\"@id\":\"https:\\\/\\\/www.rassegnastampa-totustuus.it\\\/cattolica\\\/limpegno-politico-come-vocazione-civile-e-cristiana\\\/#breadcrumb\",\"itemListElement\":[{\"@type\":\"ListItem\",\"position\":1,\"name\":\"Home\",\"item\":\"https:\\\/\\\/www.rassegnastampa-totustuus.it\\\/cattolica\\\/\"},{\"@type\":\"ListItem\",\"position\":2,\"name\":\"L\u2019impegno politico come vocazione civile e cristiana\"}]},{\"@type\":\"WebSite\",\"@id\":\"https:\\\/\\\/www.rassegnastampa-totustuus.it\\\/cattolica\\\/#website\",\"url\":\"https:\\\/\\\/www.rassegnastampa-totustuus.it\\\/cattolica\\\/\",\"name\":\"Rassegna Stampa Cattolica\",\"description\":\"Per una cultura che nasce dalla Rivelazione cristiana in conformit\u00e0 alla tradizione e al Magistero della Chiesa in opposizione ad ogni relativismo e totalitarismo\",\"publisher\":{\"@id\":\"https:\\\/\\\/www.rassegnastampa-totustuus.it\\\/cattolica\\\/#organization\"},\"alternateName\":\"Rass. Cattolica\",\"potentialAction\":[{\"@type\":\"SearchAction\",\"target\":{\"@type\":\"EntryPoint\",\"urlTemplate\":\"https:\\\/\\\/www.rassegnastampa-totustuus.it\\\/cattolica\\\/?s={search_term_string}\"},\"query-input\":{\"@type\":\"PropertyValueSpecification\",\"valueRequired\":true,\"valueName\":\"search_term_string\"}}],\"inLanguage\":\"it-IT\"},{\"@type\":\"Organization\",\"@id\":\"https:\\\/\\\/www.rassegnastampa-totustuus.it\\\/cattolica\\\/#organization\",\"name\":\"Rassegna Stampa Cattolica\",\"url\":\"https:\\\/\\\/www.rassegnastampa-totustuus.it\\\/cattolica\\\/\",\"logo\":{\"@type\":\"ImageObject\",\"inLanguage\":\"it-IT\",\"@id\":\"https:\\\/\\\/www.rassegnastampa-totustuus.it\\\/cattolica\\\/#\\\/schema\\\/logo\\\/image\\\/\",\"url\":\"https:\\\/\\\/www.rassegnastampa-totustuus.it\\\/cattolica\\\/wp-content\\\/uploads\\\/2014\\\/04\\\/logo-rassegna1.gif\",\"contentUrl\":\"https:\\\/\\\/www.rassegnastampa-totustuus.it\\\/cattolica\\\/wp-content\\\/uploads\\\/2014\\\/04\\\/logo-rassegna1.gif\",\"width\":600,\"height\":163,\"caption\":\"Rassegna Stampa Cattolica\"},\"image\":{\"@id\":\"https:\\\/\\\/www.rassegnastampa-totustuus.it\\\/cattolica\\\/#\\\/schema\\\/logo\\\/image\\\/\"},\"sameAs\":[\"https:\\\/\\\/www.facebook.com\\\/rassegnastampacattolica\",\"https:\\\/\\\/x.com\\\/rassegnastampa9\"]},{\"@type\":\"Person\",\"@id\":\"https:\\\/\\\/www.rassegnastampa-totustuus.it\\\/cattolica\\\/#\\\/schema\\\/person\\\/08f319d2bd1a0904ad9e2bfb7b15e5c3\",\"name\":\"Redazione\",\"image\":{\"@type\":\"ImageObject\",\"inLanguage\":\"it-IT\",\"@id\":\"https:\\\/\\\/secure.gravatar.com\\\/avatar\\\/2fcdf27c78ea025fbdb44e914cc63c72249ffec9dc8aafd5c82b26240ef3f346?s=96&d=mm&r=g\",\"url\":\"https:\\\/\\\/secure.gravatar.com\\\/avatar\\\/2fcdf27c78ea025fbdb44e914cc63c72249ffec9dc8aafd5c82b26240ef3f346?s=96&d=mm&r=g\",\"contentUrl\":\"https:\\\/\\\/secure.gravatar.com\\\/avatar\\\/2fcdf27c78ea025fbdb44e914cc63c72249ffec9dc8aafd5c82b26240ef3f346?s=96&d=mm&r=g\",\"caption\":\"Redazione\"},\"url\":\"https:\\\/\\\/www.rassegnastampa-totustuus.it\\\/cattolica\\\/author\\\/pietroelle\\\/\"}]}<\/script>\n<!-- \/ Yoast SEO plugin. -->","yoast_head_json":{"title":"L\u2019impegno politico come vocazione civile e cristiana - Rassegna Stampa Cattolica","description":"L\u2019impegno politico come vocazione civile e cristiana; il Giubileo dei governanti occasione per riproporre l'esempio dei tanti politici santi","robots":{"index":"index","follow":"follow","max-snippet":"max-snippet:-1","max-image-preview":"max-image-preview:large","max-video-preview":"max-video-preview:-1"},"canonical":"https:\/\/www.rassegnastampa-totustuus.it\/cattolica\/limpegno-politico-come-vocazione-civile-e-cristiana\/","og_locale":"it_IT","og_type":"article","og_title":"L\u2019impegno politico come vocazione civile e cristiana - Rassegna Stampa Cattolica","og_description":"L\u2019impegno politico come vocazione civile e cristiana; il Giubileo dei governanti occasione per riproporre l'esempio dei tanti politici santi","og_url":"https:\/\/www.rassegnastampa-totustuus.it\/cattolica\/limpegno-politico-come-vocazione-civile-e-cristiana\/","og_site_name":"Rassegna Stampa Cattolica","article_publisher":"https:\/\/www.facebook.com\/rassegnastampacattolica","article_published_time":"2025-06-09T07:39:29+00:00","article_modified_time":"2025-06-09T07:42:09+00:00","og_image":[{"width":474,"height":266,"url":"https:\/\/www.rassegnastampa-totustuus.it\/cattolica\/wp-content\/uploads\/2025\/06\/Chiesa_Giubileo_2025.jpeg","type":"image\/jpeg"}],"author":"Redazione","twitter_card":"summary_large_image","twitter_creator":"@rassegnastampa9","twitter_site":"@rassegnastampa9","twitter_misc":{"Scritto da":"Redazione","Tempo di lettura stimato":"6 minuti"},"schema":{"@context":"https:\/\/schema.org","@graph":[{"@type":"Article","@id":"https:\/\/www.rassegnastampa-totustuus.it\/cattolica\/limpegno-politico-come-vocazione-civile-e-cristiana\/#article","isPartOf":{"@id":"https:\/\/www.rassegnastampa-totustuus.it\/cattolica\/limpegno-politico-come-vocazione-civile-e-cristiana\/"},"author":{"name":"Redazione","@id":"https:\/\/www.rassegnastampa-totustuus.it\/cattolica\/#\/schema\/person\/08f319d2bd1a0904ad9e2bfb7b15e5c3"},"headline":"L\u2019impegno politico come vocazione civile e cristiana","datePublished":"2025-06-09T07:39:29+00:00","dateModified":"2025-06-09T07:42:09+00:00","mainEntityOfPage":{"@id":"https:\/\/www.rassegnastampa-totustuus.it\/cattolica\/limpegno-politico-come-vocazione-civile-e-cristiana\/"},"wordCount":1010,"publisher":{"@id":"https:\/\/www.rassegnastampa-totustuus.it\/cattolica\/#organization"},"image":{"@id":"https:\/\/www.rassegnastampa-totustuus.it\/cattolica\/limpegno-politico-come-vocazione-civile-e-cristiana\/#primaryimage"},"thumbnailUrl":"https:\/\/www.rassegnastampa-totustuus.it\/cattolica\/wp-content\/uploads\/2025\/06\/Chiesa_Giubileo_2025.jpeg","keywords":["giubileo","immigrazione"],"articleSection":["Chiesa","Politica"],"inLanguage":"it-IT"},{"@type":"WebPage","@id":"https:\/\/www.rassegnastampa-totustuus.it\/cattolica\/limpegno-politico-come-vocazione-civile-e-cristiana\/","url":"https:\/\/www.rassegnastampa-totustuus.it\/cattolica\/limpegno-politico-come-vocazione-civile-e-cristiana\/","name":"L\u2019impegno politico come vocazione civile e cristiana - Rassegna Stampa Cattolica","isPartOf":{"@id":"https:\/\/www.rassegnastampa-totustuus.it\/cattolica\/#website"},"primaryImageOfPage":{"@id":"https:\/\/www.rassegnastampa-totustuus.it\/cattolica\/limpegno-politico-come-vocazione-civile-e-cristiana\/#primaryimage"},"image":{"@id":"https:\/\/www.rassegnastampa-totustuus.it\/cattolica\/limpegno-politico-come-vocazione-civile-e-cristiana\/#primaryimage"},"thumbnailUrl":"https:\/\/www.rassegnastampa-totustuus.it\/cattolica\/wp-content\/uploads\/2025\/06\/Chiesa_Giubileo_2025.jpeg","datePublished":"2025-06-09T07:39:29+00:00","dateModified":"2025-06-09T07:42:09+00:00","description":"L\u2019impegno politico come vocazione civile e cristiana; il Giubileo dei governanti occasione per riproporre l'esempio dei tanti politici santi","breadcrumb":{"@id":"https:\/\/www.rassegnastampa-totustuus.it\/cattolica\/limpegno-politico-come-vocazione-civile-e-cristiana\/#breadcrumb"},"inLanguage":"it-IT","potentialAction":[{"@type":"ReadAction","target":["https:\/\/www.rassegnastampa-totustuus.it\/cattolica\/limpegno-politico-come-vocazione-civile-e-cristiana\/"]}]},{"@type":"ImageObject","inLanguage":"it-IT","@id":"https:\/\/www.rassegnastampa-totustuus.it\/cattolica\/limpegno-politico-come-vocazione-civile-e-cristiana\/#primaryimage","url":"https:\/\/www.rassegnastampa-totustuus.it\/cattolica\/wp-content\/uploads\/2025\/06\/Chiesa_Giubileo_2025.jpeg","contentUrl":"https:\/\/www.rassegnastampa-totustuus.it\/cattolica\/wp-content\/uploads\/2025\/06\/Chiesa_Giubileo_2025.jpeg","width":474,"height":266},{"@type":"BreadcrumbList","@id":"https:\/\/www.rassegnastampa-totustuus.it\/cattolica\/limpegno-politico-come-vocazione-civile-e-cristiana\/#breadcrumb","itemListElement":[{"@type":"ListItem","position":1,"name":"Home","item":"https:\/\/www.rassegnastampa-totustuus.it\/cattolica\/"},{"@type":"ListItem","position":2,"name":"L\u2019impegno politico come vocazione civile e cristiana"}]},{"@type":"WebSite","@id":"https:\/\/www.rassegnastampa-totustuus.it\/cattolica\/#website","url":"https:\/\/www.rassegnastampa-totustuus.it\/cattolica\/","name":"Rassegna Stampa Cattolica","description":"Per una cultura che nasce dalla Rivelazione cristiana in conformit\u00e0 alla tradizione e al Magistero della Chiesa in opposizione ad ogni relativismo e totalitarismo","publisher":{"@id":"https:\/\/www.rassegnastampa-totustuus.it\/cattolica\/#organization"},"alternateName":"Rass. Cattolica","potentialAction":[{"@type":"SearchAction","target":{"@type":"EntryPoint","urlTemplate":"https:\/\/www.rassegnastampa-totustuus.it\/cattolica\/?s={search_term_string}"},"query-input":{"@type":"PropertyValueSpecification","valueRequired":true,"valueName":"search_term_string"}}],"inLanguage":"it-IT"},{"@type":"Organization","@id":"https:\/\/www.rassegnastampa-totustuus.it\/cattolica\/#organization","name":"Rassegna Stampa Cattolica","url":"https:\/\/www.rassegnastampa-totustuus.it\/cattolica\/","logo":{"@type":"ImageObject","inLanguage":"it-IT","@id":"https:\/\/www.rassegnastampa-totustuus.it\/cattolica\/#\/schema\/logo\/image\/","url":"https:\/\/www.rassegnastampa-totustuus.it\/cattolica\/wp-content\/uploads\/2014\/04\/logo-rassegna1.gif","contentUrl":"https:\/\/www.rassegnastampa-totustuus.it\/cattolica\/wp-content\/uploads\/2014\/04\/logo-rassegna1.gif","width":600,"height":163,"caption":"Rassegna Stampa Cattolica"},"image":{"@id":"https:\/\/www.rassegnastampa-totustuus.it\/cattolica\/#\/schema\/logo\/image\/"},"sameAs":["https:\/\/www.facebook.com\/rassegnastampacattolica","https:\/\/x.com\/rassegnastampa9"]},{"@type":"Person","@id":"https:\/\/www.rassegnastampa-totustuus.it\/cattolica\/#\/schema\/person\/08f319d2bd1a0904ad9e2bfb7b15e5c3","name":"Redazione","image":{"@type":"ImageObject","inLanguage":"it-IT","@id":"https:\/\/secure.gravatar.com\/avatar\/2fcdf27c78ea025fbdb44e914cc63c72249ffec9dc8aafd5c82b26240ef3f346?s=96&d=mm&r=g","url":"https:\/\/secure.gravatar.com\/avatar\/2fcdf27c78ea025fbdb44e914cc63c72249ffec9dc8aafd5c82b26240ef3f346?s=96&d=mm&r=g","contentUrl":"https:\/\/secure.gravatar.com\/avatar\/2fcdf27c78ea025fbdb44e914cc63c72249ffec9dc8aafd5c82b26240ef3f346?s=96&d=mm&r=g","caption":"Redazione"},"url":"https:\/\/www.rassegnastampa-totustuus.it\/cattolica\/author\/pietroelle\/"}]}},"_links":{"self":[{"href":"https:\/\/www.rassegnastampa-totustuus.it\/cattolica\/wp-json\/wp\/v2\/posts\/62677","targetHints":{"allow":["GET"]}}],"collection":[{"href":"https:\/\/www.rassegnastampa-totustuus.it\/cattolica\/wp-json\/wp\/v2\/posts"}],"about":[{"href":"https:\/\/www.rassegnastampa-totustuus.it\/cattolica\/wp-json\/wp\/v2\/types\/post"}],"author":[{"embeddable":true,"href":"https:\/\/www.rassegnastampa-totustuus.it\/cattolica\/wp-json\/wp\/v2\/users\/6"}],"replies":[{"embeddable":true,"href":"https:\/\/www.rassegnastampa-totustuus.it\/cattolica\/wp-json\/wp\/v2\/comments?post=62677"}],"version-history":[{"count":2,"href":"https:\/\/www.rassegnastampa-totustuus.it\/cattolica\/wp-json\/wp\/v2\/posts\/62677\/revisions"}],"predecessor-version":[{"id":62680,"href":"https:\/\/www.rassegnastampa-totustuus.it\/cattolica\/wp-json\/wp\/v2\/posts\/62677\/revisions\/62680"}],"wp:featuredmedia":[{"embeddable":true,"href":"https:\/\/www.rassegnastampa-totustuus.it\/cattolica\/wp-json\/wp\/v2\/media\/62678"}],"wp:attachment":[{"href":"https:\/\/www.rassegnastampa-totustuus.it\/cattolica\/wp-json\/wp\/v2\/media?parent=62677"}],"wp:term":[{"taxonomy":"category","embeddable":true,"href":"https:\/\/www.rassegnastampa-totustuus.it\/cattolica\/wp-json\/wp\/v2\/categories?post=62677"},{"taxonomy":"post_tag","embeddable":true,"href":"https:\/\/www.rassegnastampa-totustuus.it\/cattolica\/wp-json\/wp\/v2\/tags?post=62677"}],"curies":[{"name":"wp","href":"https:\/\/api.w.org\/{rel}","templated":true}]}}