{"id":62668,"date":"2025-06-03T15:54:16","date_gmt":"2025-06-03T13:54:16","guid":{"rendered":"https:\/\/www.rassegnastampa-totustuus.it\/cattolica\/?p=62668"},"modified":"2025-06-03T15:54:17","modified_gmt":"2025-06-03T13:54:17","slug":"un-manifesto-per-ricostruire-cattedrali","status":"publish","type":"post","link":"https:\/\/www.rassegnastampa-totustuus.it\/cattolica\/un-manifesto-per-ricostruire-cattedrali\/","title":{"rendered":"Un manifesto per ricostruire cattedrali"},"content":{"rendered":"\n<p class=\"has-text-align-center\"><strong><a href=\"https:\/\/alleanzacattolica.org\/\" target=\"_blank\" rel=\"noreferrer noopener\">Alleanza Cattolica<\/a><\/strong> Marted\u00ec, 3 giugno 202<\/p>\n\n\n\n<p><em>Contenuti e significato del manifesto&nbsp;<\/em>Conservatori del futuro<em>&nbsp;presentato il 27 maggio ad un convegno, a Roma, che ha visto tra i suoi organizzatori anche Alleanza Cattolica<\/em><\/p>\n\n\n\n<p class=\"has-text-align-center\">di <strong>Achille Paliotta<\/strong><\/p>\n\n\n<div class=\"wp-block-image\">\n<figure class=\"aligncenter size-full is-resized\"><a href=\"https:\/\/www.rassegnastampa-totustuus.it\/cattolica\/wp-content\/uploads\/2023\/09\/Galgano_cattedrale_chiesa.jpg\"><img loading=\"lazy\" decoding=\"async\" width=\"364\" height=\"241\" src=\"https:\/\/www.rassegnastampa-totustuus.it\/cattolica\/wp-content\/uploads\/2023\/09\/Galgano_cattedrale_chiesa.jpg\" alt=\"\" class=\"wp-image-56893\" style=\"width:470px;height:auto\"\/><\/a><\/figure><\/div>\n\n\n<!--more-->\n\n\n\n<p>Cosa vogliono oggigiorno i conservatori? Cos\u2019\u00e8 il conservatorismo e a quali principi fa riferimento?<\/p>\n\n\n\n<p>Per rispondere a queste domande, tutt\u2019altro che semplici, le quali si possono far risalire almeno alla met\u00e0 del secolo scorso, diverse associazioni, quali Alleanza Cattolica, la fondazione Fare Futuro, il Centro Studi Livatino, l\u2019associazione LabOra Conserviamo il futuro e la fondazione Nazione Futura, dopo aver svolto un adeguato approfondimento, si sono date appuntamento a Roma il 27 maggio alla Lumsa, in un primo incontro pubblico, per rendere noto il manifesto dei&nbsp;<em>Conservatori del Futuro<\/em>.<\/p>\n\n\n\n<p>Se non \u00e8 stato mai semplice rispondere a tali domande \u00e8 perch\u00e9 il movimento conservatore ha sempre avuto al proprio interno moltissime sfumature, che non \u00e8 semplice ricondurre a un quadro unitario. Oggi, come nel recente passato. Per non parlare, infine, dell\u2019attuale ri-emersione del nazional-populismo che, in molte pieghe del suo multiforme pensiero, in pi\u00f9 parti, sembra sovrapporsi ai principi conservatori.<\/p>\n\n\n\n<p>In questo senso, la risposta alle domande iniziali deve essere, allo stesso tempo, sia intellettuale sia politica poich\u00e9 essa non pu\u00f2 essere confinata solo al mondo accademico e intellettuale. Da qui l\u2019attivo operato di queste associazioni, in un percorso peraltro non precluso ad altre entit\u00e0 organizzative, al fine di edificare un inedito movimento conservatore \u201cfusionista\u201d. Con quest\u2019ultimo termine si intende il tentativo riuscito, promosso dal filosofo e attivista politico statunitense Frank Straus Meyer [1909-1972], con <em>In Defense of Freedom. A Conservative Credo<\/em>&nbsp;del 1962, di cercare di definire i confini filosofici di questa complessa, e allora inedita, operazione culturale e politica. La stessa non poteva non essere edificata su alcuni pilastri storici e filosofici radicati in tre secoli di pensiero cristiano e occidentale. La premessa al manifesto dei&nbsp;<em>Conservatori del futuro<\/em>&nbsp;si sintetizza nei termini seguenti: \u00abIl riconoscimento delle tradizioni, il senso del sacro, l\u2019appartenenza ad una comunit\u00e0 nazionale, il concetto di libert\u00e0 connesso a quello di bene, la centralit\u00e0 della famiglia, la sacralit\u00e0 della vita e il rispetto per l\u2019autorit\u00e0 sono ancora pilastri su cui costruire il futuro. Questo risveglio testimonia la forza di un\u2019idea\u00bb o, per dirla con il filosofo e critico sociale inglese&nbsp;<em>Sir<\/em>&nbsp;Roger Vernon Scruton [1944-2020], \u00abdi un \u201cistinto\u201d che, lungi dall\u2019essere superato, continua a plasmare il dibattito pubblico contemporaneo\u00bb.<\/p>\n\n\n\n<p>L\u2019ora presente sembra essere quanto mai appropriata per quest\u2019operazione culturale e politica in quanto partiti e movimenti conservatori sono in ascesa ovunque. Anche perch\u00e9 le persone mostrano di voler fortemente difendere e custodire i valori permanenti che hanno garantito la stabilit\u00e0 e la prosperit\u00e0 della societ\u00e0 occidentale, nel corso del tempo. Nel manifesto, vengono individuati dieci principi: 1) Persona; 2) Libert\u00e0; 3) Famiglia; 4) Patria; 5) Sussidiariet\u00e0; 6) Identit\u00e0; 7) Occidente; 8) Propriet\u00e0; 9) Natura; 10) Futuro.<\/p>\n\n\n\n<p>Da una breve analisi di questi principi, si pu\u00f2 vedere che la persona emerge come concetto cardine, contrapposto all\u2019individualismo radicale. Il manifesto sottolinea come l\u2019identit\u00e0 umana si formi attraverso legami comunitari preesistenti allo Stato, laddove la libert\u00e0 individuale si esercita nel quadro di responsabilit\u00e0 sociali condivise. La famiglia naturale viene identificata come cellula primaria della societ\u00e0, con un\u2019esplicita correlazione tra crisi demografica e disgregazione valoriale. I principi di sussidiariet\u00e0 e di solidariet\u00e0 sono in grado di plasmare il rapporto Stato-societ\u00e0, privilegiando i corpi intermedi rispetto all\u2019interventismo statale. Parallelamente, la difesa della propriet\u00e0 privata viene concettualizzata non come diritto assoluto ma come strumento di trasmissione intergenerazionale del bene comune. La visione dell\u2019Occidente come sintesi di classicit\u00e0, cristianesimo e modernit\u00e0 delinea un orizzonte geopolitico basato sull\u2019equilibrio tra identit\u00e0 nazionale e cooperazione sovranazionale. In ultimo, di fronte alla rivoluzione della tecnica (<em>in primis<\/em>, intelligenza artificiale), il conservatorismo propone un umanesimo che subordini il progresso tecnologico all\u2019antropologia filosofica nonch\u00e9 avverte contro i rischi di una futuribile deriva postumanista, ribadendo la centralit\u00e0 della persona umana nella sua integrit\u00e0 ontologica.<\/p>\n\n\n\n<p>In definitiva, le anime principali del conservatorismo italiano possono essere esemplificate e sintetizzate, dunque, in quelle del cattolicesimo basato sulla dottrina sociale della Chiesa, da cui \u00e8 lecito attendersi una sua forte riproposizione nel magistero di Leone XIV e nella difesa dell\u2019Occidente da tutti i suoi innumerevoli e variegati nemici attuali, progressismo woke in testa, che nelle sue ultime propaggini estremistiche si propone come una sorta di continua Quarta Rivoluzione&nbsp;<em>in interiore homine<\/em>, ben illustrata dal pensatore e attivista brasiliano Plinio Corr\u00eaa de Oliveira [1908-1995].<\/p>\n\n\n\n<p>Vale qui solo chiedersi se tale operazione intellettuale e politica possa avere successo e possa cos\u00ec diffondersi, ancor pi\u00f9, nel corpo sociale della Nazione, che \u00e8 poi il vero obiettivo delle associazioni promotrici. A parere dello scrivente, ci\u00f2 avverr\u00e0 nella misura in cui si riuscir\u00e0 a trovare un equilibrio dinamico tra questi principi, in quanto la sfida principale rimane quella di conciliare permanenza e cambiamento nella societ\u00e0 attuale soprattutto in presenza di una tecnica egemone, oramai onnipervasiva, nelle sue declinazioni tecnocratiche, ma innanzitutto, nella capacit\u00e0, da parte del mondo conservatore, di riuscire a trasformare imperituri principi in agenda politica coerente. L\u2019attuale Governo Meloni fa ben sperare al riguardo in quanto lo stesso premier ha pi\u00f9 volte citato i principi costitutivi di questo manifesto, nei suoi interventi programmatici, a partire dal discorso di insediamento al Parlamento dell\u2019ottobre 2022. \u00abCostruiremo ancora cattedrali\u00bb, avrebbe chiosato il fondatore di Alleanza Cattolica, Giovanni Cantoni [1938-2020].<\/p>\n","protected":false},"excerpt":{"rendered":"<p>Alleanza Cattolica Marted\u00ec, 3 giugno 202 Contenuti e significato del manifesto&nbsp;Conservatori del futuro&nbsp;presentato il 27 maggio ad un convegno, a Roma, che ha visto tra i suoi organizzatori anche Alleanza Cattolica di Achille Paliotta<\/p><p><a class=\"more-link btn\" href=\"https:\/\/www.rassegnastampa-totustuus.it\/cattolica\/un-manifesto-per-ricostruire-cattedrali\/\">Continua a leggere<\/a><\/p>\n","protected":false},"author":6,"featured_media":56893,"comment_status":"closed","ping_status":"closed","sticky":false,"template":"","format":"standard","meta":{"footnotes":""},"categories":[54],"tags":[798,462],"class_list":["post-62668","post","type-post","status-publish","format-standard","has-post-thumbnail","hentry","category-rivoluzione-e-controrivoluzione","tag-conservatori","tag-controrivoluzione","item-wrap"],"yoast_head":"<!-- This site is optimized with the Yoast SEO plugin v27.4 - https:\/\/yoast.com\/product\/yoast-seo-wordpress\/ -->\n<title>Un manifesto per ricostruire cattedrali - Rassegna Stampa Cattolica<\/title>\n<meta name=\"description\" content=\"Un manifesto per ricostruire cattedrali, presentato in un convegno a Roma che ha visto tra gli organizzatori Alleanza Cattolica\" \/>\n<meta name=\"robots\" content=\"index, follow, max-snippet:-1, max-image-preview:large, max-video-preview:-1\" \/>\n<link rel=\"canonical\" href=\"https:\/\/www.rassegnastampa-totustuus.it\/cattolica\/un-manifesto-per-ricostruire-cattedrali\/\" \/>\n<meta property=\"og:locale\" content=\"it_IT\" \/>\n<meta property=\"og:type\" content=\"article\" \/>\n<meta property=\"og:title\" content=\"Un manifesto per ricostruire cattedrali - Rassegna Stampa Cattolica\" \/>\n<meta property=\"og:description\" content=\"Un manifesto per ricostruire cattedrali, presentato in un convegno a Roma che ha visto tra gli organizzatori Alleanza Cattolica\" \/>\n<meta property=\"og:url\" content=\"https:\/\/www.rassegnastampa-totustuus.it\/cattolica\/un-manifesto-per-ricostruire-cattedrali\/\" \/>\n<meta property=\"og:site_name\" content=\"Rassegna Stampa Cattolica\" \/>\n<meta property=\"article:publisher\" content=\"https:\/\/www.facebook.com\/rassegnastampacattolica\" \/>\n<meta property=\"article:published_time\" content=\"2025-06-03T13:54:16+00:00\" \/>\n<meta property=\"article:modified_time\" content=\"2025-06-03T13:54:17+00:00\" \/>\n<meta property=\"og:image\" content=\"https:\/\/www.rassegnastampa-totustuus.it\/cattolica\/wp-content\/uploads\/2023\/09\/Galgano_cattedrale_chiesa.jpg\" \/>\n\t<meta property=\"og:image:width\" content=\"364\" \/>\n\t<meta property=\"og:image:height\" content=\"241\" \/>\n\t<meta property=\"og:image:type\" content=\"image\/jpeg\" \/>\n<meta name=\"author\" content=\"Redazione\" \/>\n<meta name=\"twitter:card\" content=\"summary_large_image\" \/>\n<meta name=\"twitter:creator\" content=\"@rassegnastampa9\" \/>\n<meta name=\"twitter:site\" content=\"@rassegnastampa9\" \/>\n<meta name=\"twitter:label1\" content=\"Scritto da\" \/>\n\t<meta name=\"twitter:data1\" content=\"Redazione\" \/>\n\t<meta name=\"twitter:label2\" content=\"Tempo di lettura stimato\" \/>\n\t<meta name=\"twitter:data2\" content=\"6 minuti\" \/>\n<script type=\"application\/ld+json\" class=\"yoast-schema-graph\">{\"@context\":\"https:\\\/\\\/schema.org\",\"@graph\":[{\"@type\":\"Article\",\"@id\":\"https:\\\/\\\/www.rassegnastampa-totustuus.it\\\/cattolica\\\/un-manifesto-per-ricostruire-cattedrali\\\/#article\",\"isPartOf\":{\"@id\":\"https:\\\/\\\/www.rassegnastampa-totustuus.it\\\/cattolica\\\/un-manifesto-per-ricostruire-cattedrali\\\/\"},\"author\":{\"name\":\"Redazione\",\"@id\":\"https:\\\/\\\/www.rassegnastampa-totustuus.it\\\/cattolica\\\/#\\\/schema\\\/person\\\/08f319d2bd1a0904ad9e2bfb7b15e5c3\"},\"headline\":\"Un manifesto per ricostruire cattedrali\",\"datePublished\":\"2025-06-03T13:54:16+00:00\",\"dateModified\":\"2025-06-03T13:54:17+00:00\",\"mainEntityOfPage\":{\"@id\":\"https:\\\/\\\/www.rassegnastampa-totustuus.it\\\/cattolica\\\/un-manifesto-per-ricostruire-cattedrali\\\/\"},\"wordCount\":901,\"publisher\":{\"@id\":\"https:\\\/\\\/www.rassegnastampa-totustuus.it\\\/cattolica\\\/#organization\"},\"image\":{\"@id\":\"https:\\\/\\\/www.rassegnastampa-totustuus.it\\\/cattolica\\\/un-manifesto-per-ricostruire-cattedrali\\\/#primaryimage\"},\"thumbnailUrl\":\"https:\\\/\\\/www.rassegnastampa-totustuus.it\\\/cattolica\\\/wp-content\\\/uploads\\\/2023\\\/09\\\/Galgano_cattedrale_chiesa.jpg\",\"keywords\":[\"conservatori\",\"controrivoluzione\"],\"articleSection\":[\"Rivoluzione e controrivoluzione\"],\"inLanguage\":\"it-IT\"},{\"@type\":\"WebPage\",\"@id\":\"https:\\\/\\\/www.rassegnastampa-totustuus.it\\\/cattolica\\\/un-manifesto-per-ricostruire-cattedrali\\\/\",\"url\":\"https:\\\/\\\/www.rassegnastampa-totustuus.it\\\/cattolica\\\/un-manifesto-per-ricostruire-cattedrali\\\/\",\"name\":\"Un manifesto per ricostruire cattedrali - Rassegna Stampa Cattolica\",\"isPartOf\":{\"@id\":\"https:\\\/\\\/www.rassegnastampa-totustuus.it\\\/cattolica\\\/#website\"},\"primaryImageOfPage\":{\"@id\":\"https:\\\/\\\/www.rassegnastampa-totustuus.it\\\/cattolica\\\/un-manifesto-per-ricostruire-cattedrali\\\/#primaryimage\"},\"image\":{\"@id\":\"https:\\\/\\\/www.rassegnastampa-totustuus.it\\\/cattolica\\\/un-manifesto-per-ricostruire-cattedrali\\\/#primaryimage\"},\"thumbnailUrl\":\"https:\\\/\\\/www.rassegnastampa-totustuus.it\\\/cattolica\\\/wp-content\\\/uploads\\\/2023\\\/09\\\/Galgano_cattedrale_chiesa.jpg\",\"datePublished\":\"2025-06-03T13:54:16+00:00\",\"dateModified\":\"2025-06-03T13:54:17+00:00\",\"description\":\"Un manifesto per ricostruire cattedrali, presentato in un convegno a Roma che ha visto tra gli organizzatori Alleanza Cattolica\",\"breadcrumb\":{\"@id\":\"https:\\\/\\\/www.rassegnastampa-totustuus.it\\\/cattolica\\\/un-manifesto-per-ricostruire-cattedrali\\\/#breadcrumb\"},\"inLanguage\":\"it-IT\",\"potentialAction\":[{\"@type\":\"ReadAction\",\"target\":[\"https:\\\/\\\/www.rassegnastampa-totustuus.it\\\/cattolica\\\/un-manifesto-per-ricostruire-cattedrali\\\/\"]}]},{\"@type\":\"ImageObject\",\"inLanguage\":\"it-IT\",\"@id\":\"https:\\\/\\\/www.rassegnastampa-totustuus.it\\\/cattolica\\\/un-manifesto-per-ricostruire-cattedrali\\\/#primaryimage\",\"url\":\"https:\\\/\\\/www.rassegnastampa-totustuus.it\\\/cattolica\\\/wp-content\\\/uploads\\\/2023\\\/09\\\/Galgano_cattedrale_chiesa.jpg\",\"contentUrl\":\"https:\\\/\\\/www.rassegnastampa-totustuus.it\\\/cattolica\\\/wp-content\\\/uploads\\\/2023\\\/09\\\/Galgano_cattedrale_chiesa.jpg\",\"width\":364,\"height\":241},{\"@type\":\"BreadcrumbList\",\"@id\":\"https:\\\/\\\/www.rassegnastampa-totustuus.it\\\/cattolica\\\/un-manifesto-per-ricostruire-cattedrali\\\/#breadcrumb\",\"itemListElement\":[{\"@type\":\"ListItem\",\"position\":1,\"name\":\"Home\",\"item\":\"https:\\\/\\\/www.rassegnastampa-totustuus.it\\\/cattolica\\\/\"},{\"@type\":\"ListItem\",\"position\":2,\"name\":\"Un manifesto per ricostruire cattedrali\"}]},{\"@type\":\"WebSite\",\"@id\":\"https:\\\/\\\/www.rassegnastampa-totustuus.it\\\/cattolica\\\/#website\",\"url\":\"https:\\\/\\\/www.rassegnastampa-totustuus.it\\\/cattolica\\\/\",\"name\":\"Rassegna Stampa Cattolica\",\"description\":\"Per una cultura che nasce dalla Rivelazione cristiana in conformit\u00e0 alla tradizione e al Magistero della Chiesa in opposizione ad ogni relativismo e totalitarismo\",\"publisher\":{\"@id\":\"https:\\\/\\\/www.rassegnastampa-totustuus.it\\\/cattolica\\\/#organization\"},\"alternateName\":\"Rass. Cattolica\",\"potentialAction\":[{\"@type\":\"SearchAction\",\"target\":{\"@type\":\"EntryPoint\",\"urlTemplate\":\"https:\\\/\\\/www.rassegnastampa-totustuus.it\\\/cattolica\\\/?s={search_term_string}\"},\"query-input\":{\"@type\":\"PropertyValueSpecification\",\"valueRequired\":true,\"valueName\":\"search_term_string\"}}],\"inLanguage\":\"it-IT\"},{\"@type\":\"Organization\",\"@id\":\"https:\\\/\\\/www.rassegnastampa-totustuus.it\\\/cattolica\\\/#organization\",\"name\":\"Rassegna Stampa Cattolica\",\"url\":\"https:\\\/\\\/www.rassegnastampa-totustuus.it\\\/cattolica\\\/\",\"logo\":{\"@type\":\"ImageObject\",\"inLanguage\":\"it-IT\",\"@id\":\"https:\\\/\\\/www.rassegnastampa-totustuus.it\\\/cattolica\\\/#\\\/schema\\\/logo\\\/image\\\/\",\"url\":\"https:\\\/\\\/www.rassegnastampa-totustuus.it\\\/cattolica\\\/wp-content\\\/uploads\\\/2014\\\/04\\\/logo-rassegna1.gif\",\"contentUrl\":\"https:\\\/\\\/www.rassegnastampa-totustuus.it\\\/cattolica\\\/wp-content\\\/uploads\\\/2014\\\/04\\\/logo-rassegna1.gif\",\"width\":600,\"height\":163,\"caption\":\"Rassegna Stampa Cattolica\"},\"image\":{\"@id\":\"https:\\\/\\\/www.rassegnastampa-totustuus.it\\\/cattolica\\\/#\\\/schema\\\/logo\\\/image\\\/\"},\"sameAs\":[\"https:\\\/\\\/www.facebook.com\\\/rassegnastampacattolica\",\"https:\\\/\\\/x.com\\\/rassegnastampa9\"]},{\"@type\":\"Person\",\"@id\":\"https:\\\/\\\/www.rassegnastampa-totustuus.it\\\/cattolica\\\/#\\\/schema\\\/person\\\/08f319d2bd1a0904ad9e2bfb7b15e5c3\",\"name\":\"Redazione\",\"image\":{\"@type\":\"ImageObject\",\"inLanguage\":\"it-IT\",\"@id\":\"https:\\\/\\\/secure.gravatar.com\\\/avatar\\\/2fcdf27c78ea025fbdb44e914cc63c72249ffec9dc8aafd5c82b26240ef3f346?s=96&d=mm&r=g\",\"url\":\"https:\\\/\\\/secure.gravatar.com\\\/avatar\\\/2fcdf27c78ea025fbdb44e914cc63c72249ffec9dc8aafd5c82b26240ef3f346?s=96&d=mm&r=g\",\"contentUrl\":\"https:\\\/\\\/secure.gravatar.com\\\/avatar\\\/2fcdf27c78ea025fbdb44e914cc63c72249ffec9dc8aafd5c82b26240ef3f346?s=96&d=mm&r=g\",\"caption\":\"Redazione\"},\"url\":\"https:\\\/\\\/www.rassegnastampa-totustuus.it\\\/cattolica\\\/author\\\/pietroelle\\\/\"}]}<\/script>\n<!-- \/ Yoast SEO plugin. -->","yoast_head_json":{"title":"Un manifesto per ricostruire cattedrali - Rassegna Stampa Cattolica","description":"Un manifesto per ricostruire cattedrali, presentato in un convegno a Roma che ha visto tra gli organizzatori Alleanza Cattolica","robots":{"index":"index","follow":"follow","max-snippet":"max-snippet:-1","max-image-preview":"max-image-preview:large","max-video-preview":"max-video-preview:-1"},"canonical":"https:\/\/www.rassegnastampa-totustuus.it\/cattolica\/un-manifesto-per-ricostruire-cattedrali\/","og_locale":"it_IT","og_type":"article","og_title":"Un manifesto per ricostruire cattedrali - Rassegna Stampa Cattolica","og_description":"Un manifesto per ricostruire cattedrali, presentato in un convegno a Roma che ha visto tra gli organizzatori Alleanza Cattolica","og_url":"https:\/\/www.rassegnastampa-totustuus.it\/cattolica\/un-manifesto-per-ricostruire-cattedrali\/","og_site_name":"Rassegna Stampa Cattolica","article_publisher":"https:\/\/www.facebook.com\/rassegnastampacattolica","article_published_time":"2025-06-03T13:54:16+00:00","article_modified_time":"2025-06-03T13:54:17+00:00","og_image":[{"width":364,"height":241,"url":"https:\/\/www.rassegnastampa-totustuus.it\/cattolica\/wp-content\/uploads\/2023\/09\/Galgano_cattedrale_chiesa.jpg","type":"image\/jpeg"}],"author":"Redazione","twitter_card":"summary_large_image","twitter_creator":"@rassegnastampa9","twitter_site":"@rassegnastampa9","twitter_misc":{"Scritto da":"Redazione","Tempo di lettura stimato":"6 minuti"},"schema":{"@context":"https:\/\/schema.org","@graph":[{"@type":"Article","@id":"https:\/\/www.rassegnastampa-totustuus.it\/cattolica\/un-manifesto-per-ricostruire-cattedrali\/#article","isPartOf":{"@id":"https:\/\/www.rassegnastampa-totustuus.it\/cattolica\/un-manifesto-per-ricostruire-cattedrali\/"},"author":{"name":"Redazione","@id":"https:\/\/www.rassegnastampa-totustuus.it\/cattolica\/#\/schema\/person\/08f319d2bd1a0904ad9e2bfb7b15e5c3"},"headline":"Un manifesto per ricostruire cattedrali","datePublished":"2025-06-03T13:54:16+00:00","dateModified":"2025-06-03T13:54:17+00:00","mainEntityOfPage":{"@id":"https:\/\/www.rassegnastampa-totustuus.it\/cattolica\/un-manifesto-per-ricostruire-cattedrali\/"},"wordCount":901,"publisher":{"@id":"https:\/\/www.rassegnastampa-totustuus.it\/cattolica\/#organization"},"image":{"@id":"https:\/\/www.rassegnastampa-totustuus.it\/cattolica\/un-manifesto-per-ricostruire-cattedrali\/#primaryimage"},"thumbnailUrl":"https:\/\/www.rassegnastampa-totustuus.it\/cattolica\/wp-content\/uploads\/2023\/09\/Galgano_cattedrale_chiesa.jpg","keywords":["conservatori","controrivoluzione"],"articleSection":["Rivoluzione e controrivoluzione"],"inLanguage":"it-IT"},{"@type":"WebPage","@id":"https:\/\/www.rassegnastampa-totustuus.it\/cattolica\/un-manifesto-per-ricostruire-cattedrali\/","url":"https:\/\/www.rassegnastampa-totustuus.it\/cattolica\/un-manifesto-per-ricostruire-cattedrali\/","name":"Un manifesto per ricostruire cattedrali - Rassegna Stampa Cattolica","isPartOf":{"@id":"https:\/\/www.rassegnastampa-totustuus.it\/cattolica\/#website"},"primaryImageOfPage":{"@id":"https:\/\/www.rassegnastampa-totustuus.it\/cattolica\/un-manifesto-per-ricostruire-cattedrali\/#primaryimage"},"image":{"@id":"https:\/\/www.rassegnastampa-totustuus.it\/cattolica\/un-manifesto-per-ricostruire-cattedrali\/#primaryimage"},"thumbnailUrl":"https:\/\/www.rassegnastampa-totustuus.it\/cattolica\/wp-content\/uploads\/2023\/09\/Galgano_cattedrale_chiesa.jpg","datePublished":"2025-06-03T13:54:16+00:00","dateModified":"2025-06-03T13:54:17+00:00","description":"Un manifesto per ricostruire cattedrali, presentato in un convegno a Roma che ha visto tra gli organizzatori Alleanza Cattolica","breadcrumb":{"@id":"https:\/\/www.rassegnastampa-totustuus.it\/cattolica\/un-manifesto-per-ricostruire-cattedrali\/#breadcrumb"},"inLanguage":"it-IT","potentialAction":[{"@type":"ReadAction","target":["https:\/\/www.rassegnastampa-totustuus.it\/cattolica\/un-manifesto-per-ricostruire-cattedrali\/"]}]},{"@type":"ImageObject","inLanguage":"it-IT","@id":"https:\/\/www.rassegnastampa-totustuus.it\/cattolica\/un-manifesto-per-ricostruire-cattedrali\/#primaryimage","url":"https:\/\/www.rassegnastampa-totustuus.it\/cattolica\/wp-content\/uploads\/2023\/09\/Galgano_cattedrale_chiesa.jpg","contentUrl":"https:\/\/www.rassegnastampa-totustuus.it\/cattolica\/wp-content\/uploads\/2023\/09\/Galgano_cattedrale_chiesa.jpg","width":364,"height":241},{"@type":"BreadcrumbList","@id":"https:\/\/www.rassegnastampa-totustuus.it\/cattolica\/un-manifesto-per-ricostruire-cattedrali\/#breadcrumb","itemListElement":[{"@type":"ListItem","position":1,"name":"Home","item":"https:\/\/www.rassegnastampa-totustuus.it\/cattolica\/"},{"@type":"ListItem","position":2,"name":"Un manifesto per ricostruire cattedrali"}]},{"@type":"WebSite","@id":"https:\/\/www.rassegnastampa-totustuus.it\/cattolica\/#website","url":"https:\/\/www.rassegnastampa-totustuus.it\/cattolica\/","name":"Rassegna Stampa Cattolica","description":"Per una cultura che nasce dalla Rivelazione cristiana in conformit\u00e0 alla tradizione e al Magistero della Chiesa in opposizione ad ogni relativismo e totalitarismo","publisher":{"@id":"https:\/\/www.rassegnastampa-totustuus.it\/cattolica\/#organization"},"alternateName":"Rass. Cattolica","potentialAction":[{"@type":"SearchAction","target":{"@type":"EntryPoint","urlTemplate":"https:\/\/www.rassegnastampa-totustuus.it\/cattolica\/?s={search_term_string}"},"query-input":{"@type":"PropertyValueSpecification","valueRequired":true,"valueName":"search_term_string"}}],"inLanguage":"it-IT"},{"@type":"Organization","@id":"https:\/\/www.rassegnastampa-totustuus.it\/cattolica\/#organization","name":"Rassegna Stampa Cattolica","url":"https:\/\/www.rassegnastampa-totustuus.it\/cattolica\/","logo":{"@type":"ImageObject","inLanguage":"it-IT","@id":"https:\/\/www.rassegnastampa-totustuus.it\/cattolica\/#\/schema\/logo\/image\/","url":"https:\/\/www.rassegnastampa-totustuus.it\/cattolica\/wp-content\/uploads\/2014\/04\/logo-rassegna1.gif","contentUrl":"https:\/\/www.rassegnastampa-totustuus.it\/cattolica\/wp-content\/uploads\/2014\/04\/logo-rassegna1.gif","width":600,"height":163,"caption":"Rassegna Stampa Cattolica"},"image":{"@id":"https:\/\/www.rassegnastampa-totustuus.it\/cattolica\/#\/schema\/logo\/image\/"},"sameAs":["https:\/\/www.facebook.com\/rassegnastampacattolica","https:\/\/x.com\/rassegnastampa9"]},{"@type":"Person","@id":"https:\/\/www.rassegnastampa-totustuus.it\/cattolica\/#\/schema\/person\/08f319d2bd1a0904ad9e2bfb7b15e5c3","name":"Redazione","image":{"@type":"ImageObject","inLanguage":"it-IT","@id":"https:\/\/secure.gravatar.com\/avatar\/2fcdf27c78ea025fbdb44e914cc63c72249ffec9dc8aafd5c82b26240ef3f346?s=96&d=mm&r=g","url":"https:\/\/secure.gravatar.com\/avatar\/2fcdf27c78ea025fbdb44e914cc63c72249ffec9dc8aafd5c82b26240ef3f346?s=96&d=mm&r=g","contentUrl":"https:\/\/secure.gravatar.com\/avatar\/2fcdf27c78ea025fbdb44e914cc63c72249ffec9dc8aafd5c82b26240ef3f346?s=96&d=mm&r=g","caption":"Redazione"},"url":"https:\/\/www.rassegnastampa-totustuus.it\/cattolica\/author\/pietroelle\/"}]}},"_links":{"self":[{"href":"https:\/\/www.rassegnastampa-totustuus.it\/cattolica\/wp-json\/wp\/v2\/posts\/62668","targetHints":{"allow":["GET"]}}],"collection":[{"href":"https:\/\/www.rassegnastampa-totustuus.it\/cattolica\/wp-json\/wp\/v2\/posts"}],"about":[{"href":"https:\/\/www.rassegnastampa-totustuus.it\/cattolica\/wp-json\/wp\/v2\/types\/post"}],"author":[{"embeddable":true,"href":"https:\/\/www.rassegnastampa-totustuus.it\/cattolica\/wp-json\/wp\/v2\/users\/6"}],"replies":[{"embeddable":true,"href":"https:\/\/www.rassegnastampa-totustuus.it\/cattolica\/wp-json\/wp\/v2\/comments?post=62668"}],"version-history":[{"count":1,"href":"https:\/\/www.rassegnastampa-totustuus.it\/cattolica\/wp-json\/wp\/v2\/posts\/62668\/revisions"}],"predecessor-version":[{"id":62669,"href":"https:\/\/www.rassegnastampa-totustuus.it\/cattolica\/wp-json\/wp\/v2\/posts\/62668\/revisions\/62669"}],"wp:featuredmedia":[{"embeddable":true,"href":"https:\/\/www.rassegnastampa-totustuus.it\/cattolica\/wp-json\/wp\/v2\/media\/56893"}],"wp:attachment":[{"href":"https:\/\/www.rassegnastampa-totustuus.it\/cattolica\/wp-json\/wp\/v2\/media?parent=62668"}],"wp:term":[{"taxonomy":"category","embeddable":true,"href":"https:\/\/www.rassegnastampa-totustuus.it\/cattolica\/wp-json\/wp\/v2\/categories?post=62668"},{"taxonomy":"post_tag","embeddable":true,"href":"https:\/\/www.rassegnastampa-totustuus.it\/cattolica\/wp-json\/wp\/v2\/tags?post=62668"}],"curies":[{"name":"wp","href":"https:\/\/api.w.org\/{rel}","templated":true}]}}