{"id":62663,"date":"2025-06-03T09:44:08","date_gmt":"2025-06-03T07:44:08","guid":{"rendered":"https:\/\/www.rassegnastampa-totustuus.it\/cattolica\/?p=62663"},"modified":"2025-06-03T09:54:15","modified_gmt":"2025-06-03T07:54:15","slug":"33-anni-fa-il-golpe-angloamericano-del-britannia","status":"publish","type":"post","link":"https:\/\/www.rassegnastampa-totustuus.it\/cattolica\/33-anni-fa-il-golpe-angloamericano-del-britannia\/","title":{"rendered":"33 anni fa il golpe angloamericano del Britannia"},"content":{"rendered":"\n<p class=\"has-text-align-center\"><strong><a href=\"https:\/\/www.lacrunadellago.net\/\" target=\"_blank\" rel=\"noreferrer noopener\">La Cruna dell\u2019Ago<\/a><\/strong> 2 Giugno 2025<\/p>\n\n\n\n<h3 class=\"wp-block-heading has-text-align-center\"><strong>33 anni dopo il Britannia: <\/strong><\/h3>\n\n\n\n<h3 class=\"wp-block-heading has-text-align-center\"><strong>chi autorizz\u00f2 il colpo di Stato angloamericano in Italia?<\/strong><\/h3>\n\n\n\n<p class=\"has-text-align-center\">di <strong>Cesare Sacchetti<\/strong><\/p>\n\n\n\n<p>Sono passati 33 anni da quel 2 giugno del 1992.<\/p>\n\n\n\n<p>33 anni da uno dei pi\u00f9 infami tradimenti della Repubblica creata dagli angloamericani sotto la tenda di Cassibile l\u20198 settembre del\u201943, <a href=\"https:\/\/www.lacrunadellago.net\/l8-settembre-il-tradimento-e-la-caduta-dellitalia-in-mano-allanglosfera\/\" target=\"_blank\" rel=\"noreferrer noopener\">quando il generale Castellano cedeva la sovranit\u00e0 italiana<\/a> agli alleati, non avendone, tra l\u2019altro, nemmeno il diritto.<\/p>\n\n\n\n<p>Se si volesse aprire una discussione giuridica sulla origine di tale repubblica a sovranit\u00e0 limitata, allora sarebbe impossibile non ripartire da l\u00ec, da quel 25 luglio del 1943 quando il re Vittorio Emanuele III ordin\u00f2 l\u2019arresto del presidente del Consiglio, Benito Mussolini, in quello che fu il primo colpo di Stato di una lunga serie.<\/p>\n\n\n<div class=\"wp-block-image\">\n<figure class=\"aligncenter size-full is-resized\"><a href=\"https:\/\/www.rassegnastampa-totustuus.it\/cattolica\/wp-content\/uploads\/2025\/06\/Britannia_navi_Inghilterra.jpg\"><img loading=\"lazy\" decoding=\"async\" width=\"310\" height=\"234\" src=\"https:\/\/www.rassegnastampa-totustuus.it\/cattolica\/wp-content\/uploads\/2025\/06\/Britannia_navi_Inghilterra.jpg\" alt=\"\" class=\"wp-image-62657\" style=\"width:454px;height:auto\"\/><\/a><\/figure><\/div>\n\n\n<!--more-->\n\n\n\n<p>Sotto il punto di vista della concatenazione storica degli eventi, il Britannia pu\u00f2 definirsi a pieno titolo come il figlio di Cassibile.<\/p>\n\n\n\n<p>Britannia vuol dire tradimento non solo contro il simulacro giuridico nato nel 1946 dopo la frode elettorale del referendum del 2 giugno, il giorno della festa della Repubblica, ma tradimento contro gli italiani tutti, perch\u00e9, quel giorno, su quella nave, salivano dei rappresentanti della classe politica ed industriale italiana che di fatto consegnavano i gioielli di famiglia della industria pubblica del Paese alle banche angloamericane, che altro non sono che espressione del potere della finanza ebraica.<\/p>\n\n\n\n<p>Il 2 giugno a bordo del panfilo della regina Elisabetta, c\u2019erano praticamente tutti.<\/p>\n\n\n\n<p>C\u2019era in particolare il gran cerimoniere della svendita, Mario Draghi, che ebbe il compito principale di svalutare le varie partecipazioni statali italiane per la gioia di banche come JP Morgan e Goldman Sachs, che, casualmente, assumer\u00e0 poi proprio il dirigente del ministero del Tesoro italiano, in quello che \u00e8 stato un vero e proprio trampolino di lancio della sua carriera, come per quella di molti altri che quella notte si trovavano a bordo di quella nave.<\/p>\n\n\n\n<p>Draghi disse in tale occasione che si \u201cstava per passare dalle parole ai fatti\u201d, e i fatti erano il saccheggio dell\u2019Italia a favore della finanza angloamericana che aveva ben congegnato un simile attacco gi\u00e0 molto tempo prima perch\u00e9 la fine della Prima Repubblica e dello Stato imprenditore, gioiello di crescita economica e industriale ancora oggi impareggiabile, non sono state decise in un giorno.<\/p>\n\n\n\n<figure class=\"wp-block-gallery has-nested-images columns-default is-cropped wp-block-gallery-1 is-layout-flex wp-block-gallery-is-layout-flex\">\n<figure class=\"wp-block-image\"><img decoding=\"async\" src=\"blob:https:\/\/www.rassegnastampa-totustuus.it\/538ad219-9642-4617-8667-84b483422b3f\" alt=\"\"\/><\/figure>\n<\/figure>\n\n\n\n<h4 class=\"wp-block-heading has-text-align-center\"><strong>Il piano concepito negli anni\u201970 dal club di Roma<\/strong><\/h4>\n\n\n\n<p>Erano state decise diversi anni prima, <a href=\"https:\/\/archive.org\/details\/john-coleman-club-of-rome\" target=\"_blank\" rel=\"noreferrer noopener\">gi\u00e0 ai tempi della fondazione del club di Roma<\/a> di Aurelio Peccei, dirigente FIAT e uomo di fiducia di un altro incallito mondialista come Gianni Agnelli, che aveva in mente un piano di attacco molto preciso e ben delineato nei riguardi di questo Paese.<\/p>\n\n\n\n<p>Non si doveva soltanto destrutturare l\u2019Italia attraverso un assalto economico, ma bisognava portarla verso una vera e propria inedia spirituale e demografica<a href=\"https:\/\/archive.org\/details\/john-coleman-club-of-rome\" target=\"_blank\" rel=\"noreferrer noopener\"> attraverso la promozione delle leggi a favore del divorzio e dell\u2019aborto<\/a>, che segnarono il passaggio dall\u2019Italia cattolica a quella post-cattolica, secolarizzata, e senza i pi\u00f9 precedenti riferimenti della tradizionale civilt\u00e0 cristiana sulla quale si sono rette la cultura e le radici di questo Paese per quasi due millenni.<\/p>\n\n\n\n<p>Il passaggio era stato deciso gi\u00e0 allora in una paziente strategia concepita per iniettare nelle vene di questo Paese tale veleno, e il Britannia, evidentemente, non \u00e8 altro che il risultato di tale intossicazione.<\/p>\n\n\n\n<p>La classe politica della Prima Repubblica era cos\u00ec diventata d\u2019un tratto d\u2019intralcio per l\u2019anglosfera<\/p>\n\n\n\n<p>.<\/p>\n\n\n\n<p>Washington in quel periodo aveva senza dubbio alcuno il ruolo di garante del (dis) ordine mondialista e nei centri di potere che contano, o meglio che contavano, della politica americana, quali il CFR della famiglia Rockefeller, il Bohemian Grove e l\u2019immancabile Bilderberg si arriv\u00f2 alla conclusione che era giunto il tempo di liberarsi di una classe politica troppo ingombrante, troppo al di sopra della media delle altre classi politiche europee e soprattutto troppo autonoma e recalcitrante nell\u2019eseguire gli ordini tassativi che arrivavano dagli Stati Uniti.<\/p>\n\n\n\n<p>Il rapimento di Aldo Moro \u2013 una operazione concepita ai vertici del potere politico americana <a href=\"https:\/\/www.lacrunadellago.net\/aldo-moro-a-45-anni-dalla-morte-il-ricordo-del-padre-del-mondo-multipolare\/\" target=\"_blank\" rel=\"noreferrer noopener\">rappresentato da Henry Kissinger<\/a>, ed eseguita attraverso la struttura deviata che controllava il Paese, formata da massoneria, servizi e Gladio, l\u2019esercito clandestino della NATO \u2013 e il caso Sigonella sono l\u00ec a dimostrare che l\u2019Italia non era un zerbino pronto ad eseguire qualsivoglia ordine piovesse dal patto Atlantico.<\/p>\n\n\n\n<p>Se c\u2019era da dire no, lo si diceva, e allora serviva qualcos\u2019altro agli americani.<\/p>\n\n\n\n<h4 class=\"wp-block-heading has-text-align-center\"><strong>Mani Pulite: il piano per eliminare una classe dirigente<\/strong><\/h4>\n\n\n\n<p>Serviva appunto Mani Pulite, che sin dai primi istanti della sua creazione, \u00e8 stata a stretta contatto con gli ambienti diplomatici e di intelligence americani, fatto questo che non ha mai suscitato la curiosit\u00e0 o le attenzioni del dormiente CSM, che quando si tratta di sanzionare la condotta di un magistrato integerrimo, si attiva subito, quando invece c\u2019\u00e8 da sanzionare la condotta di magistrati corrotti o infedeli, allora nulla si muove a piazza Indipendenza.<\/p>\n\n\n\n<p>Tale passaggio \u00e8 semplicemente fondamentale. Il Britannia non ci sarebbe mai stato se non ci fosse stata Mani Pulite.<\/p>\n\n\n\n<p>Soltanto quell\u2019evento destabilizzante della politica italiana ha consentito di aprire una sorta di vuoto di potere che \u00e8 stato riempito da personaggi che ancora oggi non si sa bene a che titolo hanno eseguito tale svendita.<\/p>\n\n\n\n<p>Se si torna indietro con la memoria a quei tormentati mesi, si ricorder\u00e0 che il governo Andreotti nemmeno c\u2019era pi\u00f9.<\/p>\n\n\n\n<p>Giulio Andreotti era uno di quei politici che non doveva sopravvivere a tale falsa rivoluzione come la definiva Craxi, e difatti per lui, che non venne messo sotto inchiesta per tangenti o reati di corruzione, venne confezionato un\u2019altra macchina del fango, <a href=\"https:\/\/www.lacrunadellago.net\/perche-langlosfera-dichiaro-guerra-a-giulio-andreotti\/\" target=\"_blank\" rel=\"noreferrer noopener\">quale quella del processo per mafia<\/a>.<\/p>\n\n\n\n<p>A Washington sapevano che il leader della DC era troppo restio ad eseguire gli ordini e restare nel perimetro assegnato dell\u2019anglosfera.<\/p>\n\n\n\n<p>Non molto tempo il crollo del muro di Berlino nel 1989, il suo governo era stato infatti tra i primi <a href=\"https:\/\/www.ilpost.it\/2020\/10\/24\/gladio-stay-behind\/\" target=\"_blank\" rel=\"noreferrer noopener\">ad annunciare il 24 ottobre del 1990<\/a> l\u2019esistenza di un esercito clandestino come quello di Gladio che era stato utilizzato per diverse operazioni di carattere chiaramente eversivo in Italia, come certamente quelle della strategia della tensione, che ricorreva ad attentati terroristici contro la popolazione, si vedano piazza Fontana, la strage dell\u2019Italicus, la strage di piazza Bologna, la banda della Uno Bianca a altre tecniche di guerra psicologica come quelle del mostro di Firenze, <a href=\"https:\/\/www.lacrunadellago.net\/i-misteri-del-mostro-di-firenze-lombra-di-gladio-dei-servizi-e-della-massoneria\/\" target=\"_blank\" rel=\"noreferrer noopener\">del quale si \u00e8 parlato in un recente contributo<\/a>.<\/p>\n\n\n\n<p>Andreotti attraverso il suo annuncio, caso unico nell\u2019Europa Occidentale, aveva evidentemente sparigliato le carte a Bruxelles, la sede del patto Atlantico.<\/p>\n\n\n\n<p>D\u2019un tratto, gli atlantisti si trovano scoperti perch\u00e9 uno dei politici pi\u00f9 importanti d\u2019Europa aveva annunciato che la NATO metteva in atto operazioni clandestine senza aver avuto alcuna autorizzazione dai vari parlamenti nazionali, e la dichiarazione del presidente del Consiglio in Italia deve aver suscitato non poche ire perch\u00e9 l\u2019atlantismo doveva aver gi\u00e0 capito allora, nel 1990, che Andreotti voleva traghettare l\u2019Italia fuori dalla NATO.<\/p>\n\n\n\n<p>Il presidente del Consiglio aveva gi\u00e0 iniziato a rilasciare alcune interviste nel biennio dal 1990 al 1992 nelle quali attraverso la sua arguta ironia esprimeva perplessit\u00e0 sia sul progetto della moneta unica europea, sia sulla riunificazione della Germania, pagata poi dagli altri Paesi europei, e sia sulla necessit\u00e0 di continuare ad avere l\u2019ombrello atlantico una volta che il grande nemico del comunismo, l\u2019URSS, si era ormai disciolta dopo l\u2019esecuzione di una operazione di demolizione interna <a href=\"https:\/\/www.lacrunadellago.net\/le-elezioni-in-russia-lera-di-vladimir-putin-ha-cambiato-la-storia-della-russia-e-del-mondo\/\" target=\"_blank\" rel=\"noreferrer noopener\">eseguita dal segretario del PCUS, Mikhail Gorbachev,<\/a> membro della massoneria da diversi anni e uomo di Soros nell\u2019ex Unione Sovietica.<\/p>\n\n\n\n<p>Andreotti era uno di quelli che non poteva evidentemente sopravvivere a quella tempesta e la fine del suo esecutivo giunse il 24 aprile del 1992, soltanto due mesi dopo l\u2019inizio del golpe di Mani Pulite che gi\u00e0, secondo le stesse parole di Di Pietro <a href=\"https:\/\/www.liberoquotidiano.it\/news\/general\/21333603\/il-console-americano-imbarazza-di-pietro---nel--91-mi-preannuncio-craxi-indagato-\/\" target=\"_blank\" rel=\"noreferrer noopener\">pronunciate al console americano Semler<\/a>, una volta terminata la decima legislatura.<\/p>\n\n\n\n<p>La falsa rivoluzione era appena iniziata e sin dai primi istanti era ovvio che essa si proponeva di spazzare via il duo DC-PSI, in quanto lo scopo dei giudici del pool era quello di aprire un vuoto, un\u2019autostrada per i vincitori gi\u00e0 designati, ovvero gli uomini del post-PCI, il PDS nato dopo la svolta della Bolognina, che era stato gi\u00e0 scelto accuratamente dagli ambienti angloamericani e sionisti tra la fine degli anni\u201970 e gli anni\u201980.<\/p>\n\n\n\n<p>Mani Pulite difatti mai sfior\u00f2 il PDS, e l\u2019unico uomo che \u201cos\u00f2\u201d aprire una inchiesta sull\u2019enorme afflusso e riciclaggio di fondi neri che partivano da Mosca e arrivavano a Botteghe Oscure, per poi finire in societ\u00e0 fantasma della mafia, fu Giovanni Falcone, che pag\u00f2 questa sua scelta a caro prezzo quando il 23 maggio del 1992 <a href=\"https:\/\/www.lacrunadellago.net\/la-strage-di-capaci-trentanni-dopo-lattacco-del-nuovo-ordine-mondiale-allitalia\/\" target=\"_blank\" rel=\"noreferrer noopener\">fu fatto saltare in aria con la sua scorta<\/a> sull\u2019autostrada di Capaci, nei pressi di Palermo.<\/p>\n\n\n\n<h4 class=\"wp-block-heading has-text-align-center\"><strong>Il vuoto di potere dell\u2019aprile-giugno 1992<\/strong><\/h4>\n\n\n\n<p>Le elezioni politiche c<a href=\"https:\/\/it.wikipedia.org\/wiki\/Elezioni_politiche_in_Italia_del_1992\" target=\"_blank\" rel=\"noreferrer noopener\">he si tennero il 5 e il 6 aprile del 1992<\/a> ancora non avevano portato al terremoto dei mesi successivi che provoc\u00f2 lo scioglimento della DC e del PSI, i principali obiettivi della falsa rivoluzione giudiziaria, soprattutto se si pensa che la Democrazia Cristiana aveva perso qualcosa per strada, il 4%, ma aveva ancora una percentuale di tutto rispetto come il 29%, mentre il PSI aveva invece perduto soltanto lo 0,65%, fermandosi a quota 13,62%.<\/p>\n\n\n\n<p>Il nuovo attore, il PDS di Achille Occhetto, raccolse un non entusiasmante 16%, ed era ben lontano dall\u2019avere i numeri necessari per salire al potere, ma a questo lavoreranno in seguito alacremente i vari amici di Washington e Londra, certi anche di avere una solida sponda al Quirinale come Oscar Luigi Scalfaro, che si adoper\u00f2 <a href=\"https:\/\/www.liberoquotidiano.it\/news\/politica\/39628540\/il-cardinale-camillo-ruini-scalfaro-mi-chiese-aiuto-cadere-berlusconi.html\" target=\"_blank\" rel=\"noreferrer noopener\">gi\u00e0 nel 1994 per provare a far cadere il governo<\/a> di un attore giunto inaspettatamente sulla scena politica come Silvio Berlusconi.<\/p>\n\n\n\n<p>La situazione della politica italiana era evidentemente ancora di guado, eppure quando ancora non c\u2019era in carica un governo effettivo, il 2 giugno del 1992, s<a href=\"https:\/\/www.wallstreetitalia.com\/il-britannia-draghi-grillo-e-le-privatizzazioni-dell-italia\/?utm_source=pocket_saves\" target=\"_blank\" rel=\"noreferrer noopener\">algono a bordo del panfilo Britannia<\/a> uomini come il citato Draghi, Emma Bonino, Giulio Tremonti, presidente dell\u2019istituto Aspen Italia della fondazione Rockefeller, Romano Prodi, Carlo Azeglio Ciampi, governatore di Bankitalia che aveva svuotato le riserve in valuta estera di palazzo Koch per la scellerata difesa dello SME, una pletora di dirigenti bancari e industriali, tra i quali diversi dell\u2019ENI, e persino un guitto, un personaggio come Beppe Grillo, che, <a href=\"https:\/\/www.destra.it\/home\/cosa-ci-faceva-beppe-grillo-sul-britannia\/\" target=\"_blank\" rel=\"noreferrer noopener\">a detta della stessa Emma Bonino<\/a>, era l\u00ec quella notte, poich\u00e9 il comico genovese era stato scelto da quegli ambienti gi\u00e0 in quell\u2019epoca come l\u2019uomo della futura opposizione controllata che prender\u00e0 le sembianze del Movimento 5Stelle negli anni 2000.<\/p>\n\n\n\n<p>Ogni cosa era stata evidentemente preparata, ma nessuno \u00e8 sembrato chiedersi, allora come oggi, chi mai autorizz\u00f2 tutti questi personaggi a salire sul panfilo di una nave di una potenza estera, la Gran Bretagna, e a contrattare il prezzo di (s) vendita dell\u2019industria pubblica italiana.<\/p>\n\n\n\n<p>Quel giorno ancora non c\u2019era effettivamente nessun governo. C\u2019era soltanto il decaduto governo Andreotti che in quel momento poteva soltanto occuparsi del disbrigo degli affari correnti, e che non risulta che diede alcuna autorizzazione a tutti questi personaggi a salire a bordo del Britannia e svendere il Paese.<\/p>\n\n\n\n<h4 class=\"wp-block-heading has-text-align-center\"><strong>L\u2019Executive Intelligence Review rivela a gennaio il golpe<\/strong><\/h4>\n\n\n\n<p>Soltanto a distanza di 8 mesi, nel gennaio del 1993, quando venne <a href=\"http:\/\/archive.movisol.org\/09news177.htm?utm_source=pocket_shared\" target=\"_blank\" rel=\"noreferrer noopener\">pubblicato il rapporto dell\u2019Executive Intelligence Review<\/a> dal titolo \u201cLa strategia anglo-americana dietro le privatizzazioni italiane: il saccheggio di un\u2019economia nazionale\u201d si ebbe una idea pi\u00f9 precisa del tipo di danni che erano stati fatti all\u2019Italia.<\/p>\n\n\n\n<p>Claudio Celani, uno degli analisti italiani dell\u2019EIR, fece un intervento in Germania, a Wiesbaden, nel quale spieg\u00f2 che l\u2019episodio del Britannia nemmeno venne fuori sulla stampa italiana all\u2019epoca.<\/p>\n\n\n\n<p>Gli organi di (dis) informazione che incendiavano le prime pagine dei loro giornali con titoli contro i vari politici colpiti dalla pioggia di avvisi di garanzia, esclusi ovviamente quelli del PDS, non dava notizia di questo fondamentale capitolo della storia d\u2019Italia e di quello che a tutti gli effetti era un golpe nel golpe, assieme a quello di Mani Pulite.<\/p>\n\n\n\n<p>La magistratura in pratica su mandato di Washington falcidiava la politica italiana, e questa non perseguiva i veri golpisti salita a bordo del panfilo Britannia.<\/p>\n\n\n\n<p>Sembra che quando l\u2019EIR tir\u00f2 fuori la notizia, molti rimasero sorpresi e Draghi, che probabilmente non se lo aspettava, risultava investito da un \u201cforte imbarazzo\u201d.<\/p>\n\n\n\n<p>Celani <a href=\"http:\/\/archive.movisol.org\/09news177.htm?utm_source=pocket_shared\" target=\"_blank\" rel=\"noreferrer noopener\">disse queste parole al riguardo<\/a>. <em>\u201cII 2 giugno 1992, a pochi giorni dalla morte del giudice Falcone,&nbsp;<strong>si svolgeva una riunione semisegreta<\/strong>&nbsp;tra i principali esponenti della City, il mondo finanziario londinese, ed i manager pubblici italiani, rappresentanti del governo di allora e personaggi che poi sarebbero diventati ministri nel governo Amato.&nbsp;<strong>Oggetto di discussione: le privatizzazioni. La cosa pi\u00f9 grave \u00e8 che questa riunione si svolse sul panfilo Britannia, di propriet\u00e0 della regina Elisabetta II, la quale fu presente ai colloqui. Il Britannia, dopo aver imbarcato gli ospiti italiani a Civitavecchia, prese il largo ed usc\u00ec dalle acque territoriali. Avvenne dunque che i potenziali venditori delle aziende da privatizzare (governo e manager pubblici) discussero di ci\u00f2 con i potenziali acquirenti, i banchieri londinesi, a casa di questi ultimi.<\/strong>&nbsp;Non sappiamo che cosa si siano detti questi signori, sappiamo solo che il direttore del Tesoro Mario Draghi prov\u00f2 tale imbarazzo che chiese di poter leggere il suo discorso quando il panfilo era ancora in porto, per poter scendere subito ed evitare di rimanerci quando questo prese il largo\u201d.<\/em><\/p>\n\n\n\n<p><strong><em>\u201cSappiamo dell\u2019imbarazzo di Draghi perch\u00e9 un settimanale, L\u2019Italia,<\/em><\/strong><em> <strong>riprese l\u2019articolo dell\u2019EIR,<\/strong> citando la fonte, ed un parlamentare missino, Antonio Parlato, che lo lesse, present\u00f2 un\u2019interrogazione parlamentare, anzi, pot\u00e9 rivolgere una domanda allo stesso Draghi, che quel giorno riferiva su altre questioni in Commissione Bilancio. In seguito, la notizia fu ripresa da numerosi organi di stampa, anche grazie al fatto che l\u2019ex segretario del PSI Bettino Craxi aveva diffuso il documento dell\u2019EIR alla Camera. Ci furono quindi numerose interrogazioni parlamentari (a Parlato, che ne fece mi sembra tre, si aggiunsero l\u2019on. Tiscar, qui presente, e gli on. Pillitteri e Bottini) e altre sollecitazioni ufficiali (la senatrice Edda Fagni cit\u00f2 questo fatto nel discorso al Senato il giorno del voto di fiducia al governo Ciampi), ma n\u00e9 il governo di allora, guidato da Giuliano Amato, n\u00e9 quello attuale si sono sentiti in obbligo di fornire un chiarimento all\u2019opinione pubblica ed al Parlamento.\u201d<\/em><\/p>\n\n\n\n<p>In altre parole, non era previsto che quanto accaduto a bordo del panfilo Britannia venisse fuori.<\/p>\n\n\n\n<p>Draghi fu completamente spiazzato dalla notizia resa pubblica, forse perch\u00e9 temeva che questo potesse ingenerare una qualche inchiesta giudiziaria nei suoi confronti cos\u00ec come nei confronti degli altri personaggi della politica e dell\u2019economia saliti a bordo di una nave straniera, dal momento che era chiaro che nessuno di quei signori aveva alcuna legittimit\u00e0 a trattare la vendita delle industrie italiane, e tantomeno avevano alcuna legittimit\u00e0 a farlo in territorio straniero.<\/p>\n\n\n\n<p>In parole ancora pi\u00f9 semplici, gli uomini a bordo del Britannia erano andati a casa di uno Stato straniero, la Gran Bretagna, e avevano commesso tutta una serie di gravi crimini a danno dell\u2019Italia, a partire dall\u2019attentato contro la sua sovranit\u00e0, senza dimenticare l\u2019enorme danno erariale provocato alle casse pubbliche, perch\u00e9 le industrie pubbliche italiane furono svendute a prezzo di saldo per la gioia delle varie banche angloamericane.<\/p>\n\n\n\n<p>A cercare di sollevare la questione fu, come visto, Bettino Craxi che gi\u00e0 aveva intuito nel 1992 il tipo di manovra golpista che si stava attuando in Italia, ma le sue denunce in Parlamento non ebbero alcun seguito.<\/p>\n\n\n\n<p>I traditori erano presenti nel PSI stesso a partire da quel Giuliano Amato che si limit\u00f2, una volta salito al potere il 28 giugno del 1992, ad eseguire quanto fatto da Draghi e gli altri a bordo del Britannia senza alcun mandato parlamentare o governativo.<\/p>\n\n\n\n<p>Non c\u2019era pi\u00f9 molto da fare in quel momento per l\u2019ex segretario del PSI, il cui partito ormai era stato ucciso da Tangentopoli che ne provoc\u00f2 il suo scioglimento nel 1994.<\/p>\n\n\n\n<p>Sono passati ormai 33 anni da quell\u2019infame giorno, e i vari responsabili non sono mai stati toccati perch\u00e9 il corrotto sistema di potere che gli ha consentito di fare carriera li ha protetti per tutti questi anni, anche se adesso la repubblica di Cassibile sembra in una fase di estremo affanno, per via della dismissione del crollo dell\u2019impero americano.<\/p>\n\n\n\n<p>Iniziano ad aprirsi cassetti chiusi, a farsi rivelazioni <a href=\"https:\/\/www.lacrunadellago.net\/il-caso-garlasco-e-quella-guerra-dentro-la-massoneria-e-la-magistratura\/\" target=\"_blank\" rel=\"noreferrer noopener\">che un tempo erano proibite<\/a>, e forse dopo tutto questo tempo forse ci sar\u00e0 veramente la possibilit\u00e0 di onorare la memoria di chi \u00e8 stato rovesciato da giudici infedeli e di scrivere una buona volta sui libri di storia che quell\u2019anno non ci fu una \u201cliberazione\u201d ma un colpo di Stato eseguito da una quinta colonna al servizio della finanza internazionale, del gruppo Bilderberg, e della solita massoneria.<\/p>\n\n\n\n<p>Nell\u2019agonia di questo corrotto sistema politico, adesso tutto \u00e8 possibile<\/p>\n\n\n\n<p>______________________________________<\/p>\n\n\n\n<p><strong>Leggi anche:<\/strong><\/p>\n\n\n\n<p><a href=\"https:\/\/www.rassegnastampa-totustuus.it\/cattolica\/la-crociera-del-britannia-di-michele-rallo\/\" target=\"_blank\" rel=\"noreferrer noopener\">La crociera del Britannia<\/a> (Libro)<\/p>\n\n\n\n<p><a href=\"https:\/\/www.rassegnastampa-totustuus.it\/cattolica\/una-repubblica-svenduta-sul-britannia\/\" target=\"_blank\" rel=\"noreferrer noopener\">Una repubblica svenduta sul Britannia<\/a><\/p>\n","protected":false},"excerpt":{"rendered":"<p>La Cruna dell\u2019Ago 2 Giugno 2025 33 anni dopo il Britannia: chi autorizz\u00f2 il colpo di Stato angloamericano in Italia? di Cesare Sacchetti Sono passati 33 anni da quel 2 giugno del 1992. 33 anni da uno dei pi\u00f9 infami tradimenti della Repubblica creata dagli angloamericani sotto la tenda di Cassibile l\u20198 settembre del\u201943, quando &hellip; <\/p>\n<p><a class=\"more-link btn\" href=\"https:\/\/www.rassegnastampa-totustuus.it\/cattolica\/33-anni-fa-il-golpe-angloamericano-del-britannia\/\">Continua a leggere<\/a><\/p>\n","protected":false},"author":6,"featured_media":0,"comment_status":"closed","ping_status":"closed","sticky":false,"template":"","format":"standard","meta":{"footnotes":""},"categories":[19,96],"tags":[1251,876],"class_list":["post-62663","post","type-post","status-publish","format-standard","hentry","category-politica-internazionale","category-storia-italiana","tag-italia","tag-mani-pulite","item-wrap"],"yoast_head":"<!-- This site is optimized with the Yoast SEO plugin v27.4 - https:\/\/yoast.com\/product\/yoast-seo-wordpress\/ -->\n<title>33 anni fa il golpe angloamericano del Britannia - Rassegna Stampa Cattolica<\/title>\n<meta name=\"description\" content=\"33 anni fa il golpe angloamericano del Britannia sul quale fu svenduta la sovranit\u00e0 economica e politica dell&#039;Italia\" \/>\n<meta name=\"robots\" content=\"index, follow, max-snippet:-1, max-image-preview:large, max-video-preview:-1\" \/>\n<link rel=\"canonical\" href=\"https:\/\/www.rassegnastampa-totustuus.it\/cattolica\/33-anni-fa-il-golpe-angloamericano-del-britannia\/\" \/>\n<meta property=\"og:locale\" content=\"it_IT\" \/>\n<meta property=\"og:type\" content=\"article\" \/>\n<meta property=\"og:title\" content=\"33 anni fa il golpe angloamericano del Britannia - Rassegna Stampa Cattolica\" \/>\n<meta property=\"og:description\" content=\"33 anni fa il golpe angloamericano del Britannia sul quale fu svenduta la sovranit\u00e0 economica e politica dell&#039;Italia\" \/>\n<meta property=\"og:url\" content=\"https:\/\/www.rassegnastampa-totustuus.it\/cattolica\/33-anni-fa-il-golpe-angloamericano-del-britannia\/\" \/>\n<meta property=\"og:site_name\" content=\"Rassegna Stampa Cattolica\" \/>\n<meta property=\"article:publisher\" content=\"https:\/\/www.facebook.com\/rassegnastampacattolica\" \/>\n<meta property=\"article:published_time\" content=\"2025-06-03T07:44:08+00:00\" \/>\n<meta property=\"article:modified_time\" content=\"2025-06-03T07:54:15+00:00\" \/>\n<meta property=\"og:image\" content=\"https:\/\/www.rassegnastampa-totustuus.it\/cattolica\/wp-content\/uploads\/2025\/06\/Britannia_navi_Inghilterra.jpg\" \/>\n\t<meta property=\"og:image:width\" content=\"310\" \/>\n\t<meta property=\"og:image:height\" content=\"234\" \/>\n\t<meta property=\"og:image:type\" content=\"image\/jpeg\" \/>\n<meta name=\"author\" content=\"Redazione\" \/>\n<meta name=\"twitter:card\" content=\"summary_large_image\" \/>\n<meta name=\"twitter:creator\" content=\"@rassegnastampa9\" \/>\n<meta name=\"twitter:site\" content=\"@rassegnastampa9\" \/>\n<meta name=\"twitter:label1\" content=\"Scritto da\" \/>\n\t<meta name=\"twitter:data1\" content=\"Redazione\" \/>\n\t<meta name=\"twitter:label2\" content=\"Tempo di lettura stimato\" \/>\n\t<meta name=\"twitter:data2\" content=\"16 minuti\" \/>\n<script type=\"application\/ld+json\" class=\"yoast-schema-graph\">{\"@context\":\"https:\\\/\\\/schema.org\",\"@graph\":[{\"@type\":\"Article\",\"@id\":\"https:\\\/\\\/www.rassegnastampa-totustuus.it\\\/cattolica\\\/33-anni-fa-il-golpe-angloamericano-del-britannia\\\/#article\",\"isPartOf\":{\"@id\":\"https:\\\/\\\/www.rassegnastampa-totustuus.it\\\/cattolica\\\/33-anni-fa-il-golpe-angloamericano-del-britannia\\\/\"},\"author\":{\"name\":\"Redazione\",\"@id\":\"https:\\\/\\\/www.rassegnastampa-totustuus.it\\\/cattolica\\\/#\\\/schema\\\/person\\\/08f319d2bd1a0904ad9e2bfb7b15e5c3\"},\"headline\":\"33 anni fa il golpe angloamericano del Britannia\",\"datePublished\":\"2025-06-03T07:44:08+00:00\",\"dateModified\":\"2025-06-03T07:54:15+00:00\",\"mainEntityOfPage\":{\"@id\":\"https:\\\/\\\/www.rassegnastampa-totustuus.it\\\/cattolica\\\/33-anni-fa-il-golpe-angloamericano-del-britannia\\\/\"},\"wordCount\":2790,\"publisher\":{\"@id\":\"https:\\\/\\\/www.rassegnastampa-totustuus.it\\\/cattolica\\\/#organization\"},\"image\":{\"@id\":\"https:\\\/\\\/www.rassegnastampa-totustuus.it\\\/cattolica\\\/33-anni-fa-il-golpe-angloamericano-del-britannia\\\/#primaryimage\"},\"thumbnailUrl\":\"https:\\\/\\\/www.rassegnastampa-totustuus.it\\\/cattolica\\\/wp-content\\\/uploads\\\/2025\\\/06\\\/Britannia_navi_Inghilterra.jpg\",\"keywords\":[\"Italia\",\"Mani Pulite\"],\"articleSection\":[\"Politica internazionale\",\"Storia italiana\"],\"inLanguage\":\"it-IT\"},{\"@type\":\"WebPage\",\"@id\":\"https:\\\/\\\/www.rassegnastampa-totustuus.it\\\/cattolica\\\/33-anni-fa-il-golpe-angloamericano-del-britannia\\\/\",\"url\":\"https:\\\/\\\/www.rassegnastampa-totustuus.it\\\/cattolica\\\/33-anni-fa-il-golpe-angloamericano-del-britannia\\\/\",\"name\":\"33 anni fa il golpe angloamericano del Britannia - Rassegna Stampa Cattolica\",\"isPartOf\":{\"@id\":\"https:\\\/\\\/www.rassegnastampa-totustuus.it\\\/cattolica\\\/#website\"},\"primaryImageOfPage\":{\"@id\":\"https:\\\/\\\/www.rassegnastampa-totustuus.it\\\/cattolica\\\/33-anni-fa-il-golpe-angloamericano-del-britannia\\\/#primaryimage\"},\"image\":{\"@id\":\"https:\\\/\\\/www.rassegnastampa-totustuus.it\\\/cattolica\\\/33-anni-fa-il-golpe-angloamericano-del-britannia\\\/#primaryimage\"},\"thumbnailUrl\":\"https:\\\/\\\/www.rassegnastampa-totustuus.it\\\/cattolica\\\/wp-content\\\/uploads\\\/2025\\\/06\\\/Britannia_navi_Inghilterra.jpg\",\"datePublished\":\"2025-06-03T07:44:08+00:00\",\"dateModified\":\"2025-06-03T07:54:15+00:00\",\"description\":\"33 anni fa il golpe angloamericano del Britannia sul quale fu svenduta la sovranit\u00e0 economica e politica dell'Italia\",\"breadcrumb\":{\"@id\":\"https:\\\/\\\/www.rassegnastampa-totustuus.it\\\/cattolica\\\/33-anni-fa-il-golpe-angloamericano-del-britannia\\\/#breadcrumb\"},\"inLanguage\":\"it-IT\",\"potentialAction\":[{\"@type\":\"ReadAction\",\"target\":[\"https:\\\/\\\/www.rassegnastampa-totustuus.it\\\/cattolica\\\/33-anni-fa-il-golpe-angloamericano-del-britannia\\\/\"]}]},{\"@type\":\"ImageObject\",\"inLanguage\":\"it-IT\",\"@id\":\"https:\\\/\\\/www.rassegnastampa-totustuus.it\\\/cattolica\\\/33-anni-fa-il-golpe-angloamericano-del-britannia\\\/#primaryimage\",\"url\":\"https:\\\/\\\/www.rassegnastampa-totustuus.it\\\/cattolica\\\/wp-content\\\/uploads\\\/2025\\\/06\\\/Britannia_navi_Inghilterra.jpg\",\"contentUrl\":\"https:\\\/\\\/www.rassegnastampa-totustuus.it\\\/cattolica\\\/wp-content\\\/uploads\\\/2025\\\/06\\\/Britannia_navi_Inghilterra.jpg\"},{\"@type\":\"BreadcrumbList\",\"@id\":\"https:\\\/\\\/www.rassegnastampa-totustuus.it\\\/cattolica\\\/33-anni-fa-il-golpe-angloamericano-del-britannia\\\/#breadcrumb\",\"itemListElement\":[{\"@type\":\"ListItem\",\"position\":1,\"name\":\"Home\",\"item\":\"https:\\\/\\\/www.rassegnastampa-totustuus.it\\\/cattolica\\\/\"},{\"@type\":\"ListItem\",\"position\":2,\"name\":\"33 anni fa il golpe angloamericano del Britannia\"}]},{\"@type\":\"WebSite\",\"@id\":\"https:\\\/\\\/www.rassegnastampa-totustuus.it\\\/cattolica\\\/#website\",\"url\":\"https:\\\/\\\/www.rassegnastampa-totustuus.it\\\/cattolica\\\/\",\"name\":\"Rassegna Stampa Cattolica\",\"description\":\"Per una cultura che nasce dalla Rivelazione cristiana in conformit\u00e0 alla tradizione e al Magistero della Chiesa in opposizione ad ogni relativismo e totalitarismo\",\"publisher\":{\"@id\":\"https:\\\/\\\/www.rassegnastampa-totustuus.it\\\/cattolica\\\/#organization\"},\"alternateName\":\"Rass. Cattolica\",\"potentialAction\":[{\"@type\":\"SearchAction\",\"target\":{\"@type\":\"EntryPoint\",\"urlTemplate\":\"https:\\\/\\\/www.rassegnastampa-totustuus.it\\\/cattolica\\\/?s={search_term_string}\"},\"query-input\":{\"@type\":\"PropertyValueSpecification\",\"valueRequired\":true,\"valueName\":\"search_term_string\"}}],\"inLanguage\":\"it-IT\"},{\"@type\":\"Organization\",\"@id\":\"https:\\\/\\\/www.rassegnastampa-totustuus.it\\\/cattolica\\\/#organization\",\"name\":\"Rassegna Stampa Cattolica\",\"url\":\"https:\\\/\\\/www.rassegnastampa-totustuus.it\\\/cattolica\\\/\",\"logo\":{\"@type\":\"ImageObject\",\"inLanguage\":\"it-IT\",\"@id\":\"https:\\\/\\\/www.rassegnastampa-totustuus.it\\\/cattolica\\\/#\\\/schema\\\/logo\\\/image\\\/\",\"url\":\"https:\\\/\\\/www.rassegnastampa-totustuus.it\\\/cattolica\\\/wp-content\\\/uploads\\\/2014\\\/04\\\/logo-rassegna1.gif\",\"contentUrl\":\"https:\\\/\\\/www.rassegnastampa-totustuus.it\\\/cattolica\\\/wp-content\\\/uploads\\\/2014\\\/04\\\/logo-rassegna1.gif\",\"width\":600,\"height\":163,\"caption\":\"Rassegna Stampa Cattolica\"},\"image\":{\"@id\":\"https:\\\/\\\/www.rassegnastampa-totustuus.it\\\/cattolica\\\/#\\\/schema\\\/logo\\\/image\\\/\"},\"sameAs\":[\"https:\\\/\\\/www.facebook.com\\\/rassegnastampacattolica\",\"https:\\\/\\\/x.com\\\/rassegnastampa9\"]},{\"@type\":\"Person\",\"@id\":\"https:\\\/\\\/www.rassegnastampa-totustuus.it\\\/cattolica\\\/#\\\/schema\\\/person\\\/08f319d2bd1a0904ad9e2bfb7b15e5c3\",\"name\":\"Redazione\",\"image\":{\"@type\":\"ImageObject\",\"inLanguage\":\"it-IT\",\"@id\":\"https:\\\/\\\/secure.gravatar.com\\\/avatar\\\/2fcdf27c78ea025fbdb44e914cc63c72249ffec9dc8aafd5c82b26240ef3f346?s=96&d=mm&r=g\",\"url\":\"https:\\\/\\\/secure.gravatar.com\\\/avatar\\\/2fcdf27c78ea025fbdb44e914cc63c72249ffec9dc8aafd5c82b26240ef3f346?s=96&d=mm&r=g\",\"contentUrl\":\"https:\\\/\\\/secure.gravatar.com\\\/avatar\\\/2fcdf27c78ea025fbdb44e914cc63c72249ffec9dc8aafd5c82b26240ef3f346?s=96&d=mm&r=g\",\"caption\":\"Redazione\"},\"url\":\"https:\\\/\\\/www.rassegnastampa-totustuus.it\\\/cattolica\\\/author\\\/pietroelle\\\/\"}]}<\/script>\n<!-- \/ Yoast SEO plugin. -->","yoast_head_json":{"title":"33 anni fa il golpe angloamericano del Britannia - Rassegna Stampa Cattolica","description":"33 anni fa il golpe angloamericano del Britannia sul quale fu svenduta la sovranit\u00e0 economica e politica dell'Italia","robots":{"index":"index","follow":"follow","max-snippet":"max-snippet:-1","max-image-preview":"max-image-preview:large","max-video-preview":"max-video-preview:-1"},"canonical":"https:\/\/www.rassegnastampa-totustuus.it\/cattolica\/33-anni-fa-il-golpe-angloamericano-del-britannia\/","og_locale":"it_IT","og_type":"article","og_title":"33 anni fa il golpe angloamericano del Britannia - Rassegna Stampa Cattolica","og_description":"33 anni fa il golpe angloamericano del Britannia sul quale fu svenduta la sovranit\u00e0 economica e politica dell'Italia","og_url":"https:\/\/www.rassegnastampa-totustuus.it\/cattolica\/33-anni-fa-il-golpe-angloamericano-del-britannia\/","og_site_name":"Rassegna Stampa Cattolica","article_publisher":"https:\/\/www.facebook.com\/rassegnastampacattolica","article_published_time":"2025-06-03T07:44:08+00:00","article_modified_time":"2025-06-03T07:54:15+00:00","og_image":[{"width":310,"height":234,"url":"https:\/\/www.rassegnastampa-totustuus.it\/cattolica\/wp-content\/uploads\/2025\/06\/Britannia_navi_Inghilterra.jpg","type":"image\/jpeg"}],"author":"Redazione","twitter_card":"summary_large_image","twitter_creator":"@rassegnastampa9","twitter_site":"@rassegnastampa9","twitter_misc":{"Scritto da":"Redazione","Tempo di lettura stimato":"16 minuti"},"schema":{"@context":"https:\/\/schema.org","@graph":[{"@type":"Article","@id":"https:\/\/www.rassegnastampa-totustuus.it\/cattolica\/33-anni-fa-il-golpe-angloamericano-del-britannia\/#article","isPartOf":{"@id":"https:\/\/www.rassegnastampa-totustuus.it\/cattolica\/33-anni-fa-il-golpe-angloamericano-del-britannia\/"},"author":{"name":"Redazione","@id":"https:\/\/www.rassegnastampa-totustuus.it\/cattolica\/#\/schema\/person\/08f319d2bd1a0904ad9e2bfb7b15e5c3"},"headline":"33 anni fa il golpe angloamericano del Britannia","datePublished":"2025-06-03T07:44:08+00:00","dateModified":"2025-06-03T07:54:15+00:00","mainEntityOfPage":{"@id":"https:\/\/www.rassegnastampa-totustuus.it\/cattolica\/33-anni-fa-il-golpe-angloamericano-del-britannia\/"},"wordCount":2790,"publisher":{"@id":"https:\/\/www.rassegnastampa-totustuus.it\/cattolica\/#organization"},"image":{"@id":"https:\/\/www.rassegnastampa-totustuus.it\/cattolica\/33-anni-fa-il-golpe-angloamericano-del-britannia\/#primaryimage"},"thumbnailUrl":"https:\/\/www.rassegnastampa-totustuus.it\/cattolica\/wp-content\/uploads\/2025\/06\/Britannia_navi_Inghilterra.jpg","keywords":["Italia","Mani Pulite"],"articleSection":["Politica internazionale","Storia italiana"],"inLanguage":"it-IT"},{"@type":"WebPage","@id":"https:\/\/www.rassegnastampa-totustuus.it\/cattolica\/33-anni-fa-il-golpe-angloamericano-del-britannia\/","url":"https:\/\/www.rassegnastampa-totustuus.it\/cattolica\/33-anni-fa-il-golpe-angloamericano-del-britannia\/","name":"33 anni fa il golpe angloamericano del Britannia - Rassegna Stampa Cattolica","isPartOf":{"@id":"https:\/\/www.rassegnastampa-totustuus.it\/cattolica\/#website"},"primaryImageOfPage":{"@id":"https:\/\/www.rassegnastampa-totustuus.it\/cattolica\/33-anni-fa-il-golpe-angloamericano-del-britannia\/#primaryimage"},"image":{"@id":"https:\/\/www.rassegnastampa-totustuus.it\/cattolica\/33-anni-fa-il-golpe-angloamericano-del-britannia\/#primaryimage"},"thumbnailUrl":"https:\/\/www.rassegnastampa-totustuus.it\/cattolica\/wp-content\/uploads\/2025\/06\/Britannia_navi_Inghilterra.jpg","datePublished":"2025-06-03T07:44:08+00:00","dateModified":"2025-06-03T07:54:15+00:00","description":"33 anni fa il golpe angloamericano del Britannia sul quale fu svenduta la sovranit\u00e0 economica e politica dell'Italia","breadcrumb":{"@id":"https:\/\/www.rassegnastampa-totustuus.it\/cattolica\/33-anni-fa-il-golpe-angloamericano-del-britannia\/#breadcrumb"},"inLanguage":"it-IT","potentialAction":[{"@type":"ReadAction","target":["https:\/\/www.rassegnastampa-totustuus.it\/cattolica\/33-anni-fa-il-golpe-angloamericano-del-britannia\/"]}]},{"@type":"ImageObject","inLanguage":"it-IT","@id":"https:\/\/www.rassegnastampa-totustuus.it\/cattolica\/33-anni-fa-il-golpe-angloamericano-del-britannia\/#primaryimage","url":"https:\/\/www.rassegnastampa-totustuus.it\/cattolica\/wp-content\/uploads\/2025\/06\/Britannia_navi_Inghilterra.jpg","contentUrl":"https:\/\/www.rassegnastampa-totustuus.it\/cattolica\/wp-content\/uploads\/2025\/06\/Britannia_navi_Inghilterra.jpg"},{"@type":"BreadcrumbList","@id":"https:\/\/www.rassegnastampa-totustuus.it\/cattolica\/33-anni-fa-il-golpe-angloamericano-del-britannia\/#breadcrumb","itemListElement":[{"@type":"ListItem","position":1,"name":"Home","item":"https:\/\/www.rassegnastampa-totustuus.it\/cattolica\/"},{"@type":"ListItem","position":2,"name":"33 anni fa il golpe angloamericano del Britannia"}]},{"@type":"WebSite","@id":"https:\/\/www.rassegnastampa-totustuus.it\/cattolica\/#website","url":"https:\/\/www.rassegnastampa-totustuus.it\/cattolica\/","name":"Rassegna Stampa Cattolica","description":"Per una cultura che nasce dalla Rivelazione cristiana in conformit\u00e0 alla tradizione e al Magistero della Chiesa in opposizione ad ogni relativismo e totalitarismo","publisher":{"@id":"https:\/\/www.rassegnastampa-totustuus.it\/cattolica\/#organization"},"alternateName":"Rass. Cattolica","potentialAction":[{"@type":"SearchAction","target":{"@type":"EntryPoint","urlTemplate":"https:\/\/www.rassegnastampa-totustuus.it\/cattolica\/?s={search_term_string}"},"query-input":{"@type":"PropertyValueSpecification","valueRequired":true,"valueName":"search_term_string"}}],"inLanguage":"it-IT"},{"@type":"Organization","@id":"https:\/\/www.rassegnastampa-totustuus.it\/cattolica\/#organization","name":"Rassegna Stampa Cattolica","url":"https:\/\/www.rassegnastampa-totustuus.it\/cattolica\/","logo":{"@type":"ImageObject","inLanguage":"it-IT","@id":"https:\/\/www.rassegnastampa-totustuus.it\/cattolica\/#\/schema\/logo\/image\/","url":"https:\/\/www.rassegnastampa-totustuus.it\/cattolica\/wp-content\/uploads\/2014\/04\/logo-rassegna1.gif","contentUrl":"https:\/\/www.rassegnastampa-totustuus.it\/cattolica\/wp-content\/uploads\/2014\/04\/logo-rassegna1.gif","width":600,"height":163,"caption":"Rassegna Stampa Cattolica"},"image":{"@id":"https:\/\/www.rassegnastampa-totustuus.it\/cattolica\/#\/schema\/logo\/image\/"},"sameAs":["https:\/\/www.facebook.com\/rassegnastampacattolica","https:\/\/x.com\/rassegnastampa9"]},{"@type":"Person","@id":"https:\/\/www.rassegnastampa-totustuus.it\/cattolica\/#\/schema\/person\/08f319d2bd1a0904ad9e2bfb7b15e5c3","name":"Redazione","image":{"@type":"ImageObject","inLanguage":"it-IT","@id":"https:\/\/secure.gravatar.com\/avatar\/2fcdf27c78ea025fbdb44e914cc63c72249ffec9dc8aafd5c82b26240ef3f346?s=96&d=mm&r=g","url":"https:\/\/secure.gravatar.com\/avatar\/2fcdf27c78ea025fbdb44e914cc63c72249ffec9dc8aafd5c82b26240ef3f346?s=96&d=mm&r=g","contentUrl":"https:\/\/secure.gravatar.com\/avatar\/2fcdf27c78ea025fbdb44e914cc63c72249ffec9dc8aafd5c82b26240ef3f346?s=96&d=mm&r=g","caption":"Redazione"},"url":"https:\/\/www.rassegnastampa-totustuus.it\/cattolica\/author\/pietroelle\/"}]}},"_links":{"self":[{"href":"https:\/\/www.rassegnastampa-totustuus.it\/cattolica\/wp-json\/wp\/v2\/posts\/62663","targetHints":{"allow":["GET"]}}],"collection":[{"href":"https:\/\/www.rassegnastampa-totustuus.it\/cattolica\/wp-json\/wp\/v2\/posts"}],"about":[{"href":"https:\/\/www.rassegnastampa-totustuus.it\/cattolica\/wp-json\/wp\/v2\/types\/post"}],"author":[{"embeddable":true,"href":"https:\/\/www.rassegnastampa-totustuus.it\/cattolica\/wp-json\/wp\/v2\/users\/6"}],"replies":[{"embeddable":true,"href":"https:\/\/www.rassegnastampa-totustuus.it\/cattolica\/wp-json\/wp\/v2\/comments?post=62663"}],"version-history":[{"count":2,"href":"https:\/\/www.rassegnastampa-totustuus.it\/cattolica\/wp-json\/wp\/v2\/posts\/62663\/revisions"}],"predecessor-version":[{"id":62667,"href":"https:\/\/www.rassegnastampa-totustuus.it\/cattolica\/wp-json\/wp\/v2\/posts\/62663\/revisions\/62667"}],"wp:attachment":[{"href":"https:\/\/www.rassegnastampa-totustuus.it\/cattolica\/wp-json\/wp\/v2\/media?parent=62663"}],"wp:term":[{"taxonomy":"category","embeddable":true,"href":"https:\/\/www.rassegnastampa-totustuus.it\/cattolica\/wp-json\/wp\/v2\/categories?post=62663"},{"taxonomy":"post_tag","embeddable":true,"href":"https:\/\/www.rassegnastampa-totustuus.it\/cattolica\/wp-json\/wp\/v2\/tags?post=62663"}],"curies":[{"name":"wp","href":"https:\/\/api.w.org\/{rel}","templated":true}]}}