{"id":62641,"date":"2025-06-02T10:34:42","date_gmt":"2025-06-02T08:34:42","guid":{"rendered":"https:\/\/www.rassegnastampa-totustuus.it\/cattolica\/?p=62641"},"modified":"2025-06-02T10:36:40","modified_gmt":"2025-06-02T08:36:40","slug":"50-anni-fa-la-caduta-di-saigon-sfatiamo-4-falsi-miti-sulla-guerra-del-vietnam","status":"publish","type":"post","link":"https:\/\/www.rassegnastampa-totustuus.it\/cattolica\/50-anni-fa-la-caduta-di-saigon-sfatiamo-4-falsi-miti-sulla-guerra-del-vietnam\/","title":{"rendered":"Sfatiamo 4 falsi miti sulla Guerra del Vietnam"},"content":{"rendered":"\n<p class=\"has-text-align-center\"><strong><a href=\"https:\/\/www.nicolaporro.it\/\" target=\"_blank\" rel=\"noreferrer noopener\">Atlantico quotidiano<\/a><\/strong> 30 Aprile 2025<\/p>\n\n\n\n<h3 class=\"wp-block-heading has-text-align-center\">50 anni fa la caduta di Saigon: sfatiamo 4 falsi miti sulla Guerra del Vietnam<\/h3>\n\n\n\n<p><em>Nei decenni una riscrittura della storia ha avuto pienamente successo. Gli americani non hanno \u201cinvaso\u201d il Vietnam e quella dei Vietcong non fu una guerra \u201cdi popolo\u201d ma \u201ccontro il popolo\u201d<\/em><\/p>\n\n\n\n<p class=\"has-text-align-center\"><strong>di Stefano Magni<\/strong><\/p>\n\n\n<div class=\"wp-block-image\">\n<figure class=\"aligncenter size-full is-resized\"><a href=\"https:\/\/www.rassegnastampa-totustuus.it\/cattolica\/wp-content\/uploads\/2025\/06\/guerra_Vietnam.jpeg\"><img loading=\"lazy\" decoding=\"async\" width=\"247\" height=\"180\" src=\"https:\/\/www.rassegnastampa-totustuus.it\/cattolica\/wp-content\/uploads\/2025\/06\/guerra_Vietnam.jpeg\" alt=\"\" class=\"wp-image-62642\" style=\"width:439px;height:auto\"\/><\/a><\/figure><\/div>\n\n\n<!--more-->\n\n\n\n<p>Chi controlla il passato controlla il presente, chi controlla il presente controlla il futuro. Cos\u00ec scriveva George Orwell nel suo famigerato romanzo di fanta-politica <em>\u201c1984\u201d<\/em>. E a giudicare da come viene raccontata la guerra del Vietnam, i marxisti controllano il passato.<\/p>\n\n\n\n<p>Un\u2019opera di <strong>riscrittura della storia<\/strong> ha avuto pienamente successo ed oggi, 30 aprile, giorno del 50esimo anniversario della caduta di Saigon, noi \u201csappiamo\u201d, o almeno <em>crediamo di sapere<\/em>, nozioni come: <em>\u201cgli americani hanno invaso il Vietnam\u201d<\/em>, <em>\u201ci vietnamiti si sono liberati con una guerra di popolo\u201d<\/em>, <em>\u201cgli americani hanno combattuto una sporca guerra\u201d<\/em> e <em>\u201cl\u2019esercito americano ha perso contro gli insorti vietnamiti\u201d<\/em>.<\/p>\n\n\n\n<p>Prima di tutto, gli americani <strong>non hanno mai invaso il Vietnam<\/strong>. Dopo la cacciata dei francesi, nel 1954, il Vietnam, esattamente come la Corea, venne diviso in due. Una zona Nord, comunista, una zona Sud nazionalista. Il 17mo parallelo divenne un \u201cconfine\u201d, o meglio una linea di demarcazione temporanea, protetta da una fascia demilitarizzata (Dmz).<\/p>\n\n\n<div class=\"wp-block-image\">\n<figure class=\"aligncenter size-full is-resized\"><a href=\"https:\/\/www.rassegnastampa-totustuus.it\/cattolica\/wp-content\/uploads\/2025\/06\/guerra_Vietnam_civili.jpeg\"><img loading=\"lazy\" decoding=\"async\" width=\"270\" height=\"188\" src=\"https:\/\/www.rassegnastampa-totustuus.it\/cattolica\/wp-content\/uploads\/2025\/06\/guerra_Vietnam_civili.jpeg\" alt=\"\" class=\"wp-image-62643\" style=\"width:420px;height:auto\"\/><\/a><\/figure><\/div>\n\n\n<h4 class=\"wp-block-heading has-text-align-center\"><strong>L\u2019epurazione<\/strong><\/h4>\n\n\n\n<p>Il Nord era dominato dai comunisti di <strong>Ho Chi Minh<\/strong>, il Sud dai nazionalisti di <strong>Cao Bai<\/strong>, a cui ben presto subentr\u00f2 il dittatore <strong>Ngo Dinh Diem<\/strong>. In teoria si sarebbero dovute tenere elezioni comuni per riunificare il Paese sotto un unico governo democraticamente eletto, ma il Sud rifiut\u00f2. Al Nord, infatti, i comunisti avevano fatto <strong>subito piazza pulita<\/strong>, non solo dei partiti non comunisti, ma anche dei comunisti non sufficientemente allineati, dei contadini \u201cricchi\u201d, dei contadini \u201cmedi\u201d, dei collaboratori o di chiunque fosse stato accusato di collaborazione dei francesi e dei loro parenti.<\/p>\n\n\n\n<p>Una mattanza, in perfetto stile staliniano che, dal 1954 al 1959, cost\u00f2 al popolo nordvietnamita centinaia di migliaia di morti, soprattutto durante la <strong>campagna di collettivizzazione forzata<\/strong> delle terre. Un milione di nordvietnamiti approfitt\u00f2 del breve periodo concordato di apertura della Dmz per scappare al Sud. Al Nord invece non ci volle andare nessuno, se non circa diecimila guerriglieri comunisti (<em>Viet Cong<\/em>) che rischiavano l\u2019arresto. In quelle condizioni era chiaro che non si potessero tenere libere elezioni comuni nel Nord e nel Sud.<\/p>\n\n\n<div class=\"wp-block-image\">\n<figure class=\"aligncenter size-full is-resized\"><a href=\"https:\/\/www.rassegnastampa-totustuus.it\/cattolica\/wp-content\/uploads\/2025\/06\/Vietnam.gif\"><img loading=\"lazy\" decoding=\"async\" width=\"298\" height=\"640\" src=\"https:\/\/www.rassegnastampa-totustuus.it\/cattolica\/wp-content\/uploads\/2025\/06\/Vietnam.gif\" alt=\"\" class=\"wp-image-62644\" style=\"width:190px;height:auto\"\/><\/a><\/figure><\/div>\n\n\n<p class=\"has-text-align-center\"><strong>Riunificazione con la forza<\/strong><\/p>\n\n\n\n<p>Finch\u00e9 il Vietnam del Nord non decise di <strong>riunificare il Paese con la forza<\/strong>. La guerra americana inizi\u00f2 nel 1964 con la Risoluzione del Tonkino, ma la guerra in Vietnam incominci\u00f2 pi\u00f9 di cinque anni prima, precisamente nel gennaio 1959, quando il XV Congresso del Comitato Centrale del partito comunista nordvietnamita decise di \u201cporre fine\u201d al regime del Sud.<\/p>\n\n\n\n<p>Non con un\u2019invasione convenzionale, come aveva fatto la Corea del Nord, ma con una <strong>lenta e costante infiltrazione<\/strong> di soldati regolari e di guerriglieri nel Sud. La guerra incominci\u00f2 con una serie di attentati terroristici, soprattutto ai danni di giudici, ufficiali di polizia, capi villaggio, leader partitici e sindacali anticomunisti.<\/p>\n\n\n\n<p>Poi si pass\u00f2 alla <strong>guerriglia vera e propria<\/strong>, con la conquista dei villaggi e delle zone rurali. Per trasferire in sicurezza uomini, armi ed equipaggiamenti, il Vietnam del Nord viol\u00f2 la neutralit\u00e0 di Laos e Cambogia, costituendo nei loro territori basi (\u201csantuari\u201d dove non potevano essere attaccati dai sudvietnamiti) e pezzi della <em>\u201cpista di Ho Chi Minh\u201d<\/em>, una serie di strade mimetizzate nella giungla.<\/p>\n\n\n\n<p>Il generale <strong>Vo Nguyen Giap<\/strong>, che aveva battuto i francesi nella guerra di indipendenza, pian pianino <strong>erose anche tutto il Vietnam del Sud<\/strong>. Giunti al 1964, 41 province su 44 erano nelle mani dei comunisti, al regime del Sud rimaneva soltanto la capitale Saigon e poco altro.<\/p>\n\n\n\n<p>Gli americani, in tutto questo periodo, avevano limitato il loro intervento all\u2019invio di armi e consiglieri militari. L\u2019azione politica pi\u00f9 eclatante l\u2019aveva condotta il presidente Kennedy, ma a Saigon: appoggiando il golpe contro Diem, un <em>regime change<\/em> per <strong>instaurare la democrazia nel Sud<\/strong>.<\/p>\n\n\n<div class=\"wp-block-image\">\n<figure class=\"aligncenter size-full\"><a href=\"https:\/\/www.rassegnastampa-totustuus.it\/cattolica\/wp-content\/uploads\/2025\/06\/guerra_Vietnam_Usa.jpeg\"><img loading=\"lazy\" decoding=\"async\" width=\"474\" height=\"266\" src=\"https:\/\/www.rassegnastampa-totustuus.it\/cattolica\/wp-content\/uploads\/2025\/06\/guerra_Vietnam_Usa.jpeg\" alt=\"\" class=\"wp-image-62645\"\/><\/a><\/figure><\/div>\n\n\n<h4 class=\"wp-block-heading has-text-align-center\"><strong>L\u2019intervento Usa<\/strong><\/h4>\n\n\n\n<p>L\u2019amministrazione Johnson, in un anno elettorale, intervenne direttamente dopo che il Sud era <strong>quasi del tutto nelle mani dei comunisti<\/strong>. Intervenne all\u2019ultimo minuto per salvare un alleato dal precipizio. Le navi americane, che assistevano il Sud, erano sottoposte a uno stillicidio di agguati da parte dei nordvietnamiti.<\/p>\n\n\n\n<p>Uno di questi attacchi, il lancio di un siluro contro un caccia nel Golfo del Tonkino (un evento su cui sussistono tuttora dubbi), diede a Johnson la possibilit\u00e0 di portare la questione vietnamita in Congresso e ottenere l\u2019autorizzazione per un intervento diretto. Ma non chiamatala \u201cinvasione\u201d: quando gli americani arrivarono a Saigon con le loro prime truppe, <strong>il Sud era gi\u00e0 invaso dal Nord da cinque anni<\/strong>.<\/p>\n\n\n<div class=\"wp-block-image\">\n<figure class=\"aligncenter size-full is-resized\"><a href=\"https:\/\/www.rassegnastampa-totustuus.it\/cattolica\/wp-content\/uploads\/2025\/06\/guerra_vietnam.jpeg\"><img loading=\"lazy\" decoding=\"async\" width=\"250\" height=\"180\" src=\"https:\/\/www.rassegnastampa-totustuus.it\/cattolica\/wp-content\/uploads\/2025\/06\/guerra_vietnam.jpeg\" alt=\"\" class=\"wp-image-62646\" style=\"width:416px;height:auto\"\/><\/a><\/figure><\/div>\n\n\n<h4 class=\"wp-block-heading has-text-align-center\"><strong>Guerra contro il popolo<\/strong><\/h4>\n\n\n\n<p>Il mito della guerra di popolo contro gli americani \u00e8 un altro prodotto della costante riscrittura della storia. I comunisti, ovunque prendessero il controllo, imponevano il loro regno del terrore. Gli attentati proseguirono e iniziarono i massacri. I metodi erano quelli staliniani dello <strong>sterminio per quota<\/strong>: in ogni regione occupata, in ogni citt\u00e0, in ogni villaggio, i nordvietnamiti stabilivano una percentuale di popolazione da uccidere e la uccidevano.<\/p>\n\n\n\n<p>I Servizi di Sicurezza dei <em>Vietcong<\/em> stilavano liste nere che poi venivano regolarmente trovate nelle tasche dei soldati e degli ufficiali nordvietnamiti. Quando, nel 1968, i comunisti occuparono Hue, scatenarono <strong>uno dei pi\u00f9 grandi massacri della guerra<\/strong>. Gli americani, quando riconquistarono la citt\u00e0, trovarono 19 fosse comuni piene di corpi: uccisi con un colpo di pistola, decapitati, torturati fino alla morte, o sepolti vivi.<\/p>\n\n\n\n<p>Nelle <strong>liste nere<\/strong> dei <em>Viet Cong<\/em> e dei nordvietnamiti entrava un po\u2019 di tutto: chi era nella polizia e nell\u2019esercito del Sud, i loro parenti (un ottantenne fu sepolto vivo a Hue perch\u00e9 il nipote era nell\u2019esercito), chiunque venisse accusato di aver collaborato con gli americani, gli attivisti non comunisti, i cattolici, i buddisti, i comunisti trotzkisti, i comunisti \u201crecalcitranti\u201d.<\/p>\n\n\n\n<p>Oppure chiunque dovesse essere ucciso per fare numero, per rispettare le quote stabilite dal partito, sulla base di <strong>calcoli basati sulla lotta di classe<\/strong> (<em>tot<\/em> percentuale di borghesi, <em>tot<\/em> di contadini ricchi, ecc\u2026). I nordvietnamiti non rispettarono neppure i campi profughi, n\u00e9 le colonne di profughi in fuga: anzi, li attaccavano deliberatamente per infondere terrore, per non fare sentire nessuno al sicuro. Minavano le strade e i campi, per impedire il movimento dei civili e dei militari.<\/p>\n\n\n\n<p>Non si facevano problemi a <strong>farsi scudo dei civili<\/strong>, quando dovevano presidiare un villaggio. Quella dei comunisti nordvietnamiti non fu una guerra \u201cdi popolo\u201d, ma <em>contro il popolo<\/em>. Lo dimostra la grande fuga dei sudvietnamiti, anche <em>dopo<\/em> la guerra: il popolo che fugg\u00ec via mare, con mezzi disperati, quello dei <em>\u201cboat people\u201d<\/em> in cerca di salvezza dall\u2019inferno rosso che si era instaurato anche a Saigon.<\/p>\n\n\n\n<h4 class=\"wp-block-heading has-text-align-center\"><strong>Una sporca guerra<\/strong><\/h4>\n\n\n\n<p>Eppure quella del Vietnam passa per essere la \u201csporca guerra\u201d degli americani. S\u00ec, gli americani <strong>commisero crimini di guerra<\/strong>: bombardarono a tappeto, uccisero prigionieri e compirono anche massacri deliberati di civili come nel celebre caso del villaggio di <strong>My Lai<\/strong>. C\u2019\u00e8 per\u00f2 una differenza fondamentale fra i crimini americani e nordvietnamiti, <em>quantitativa<\/em> e <em>qualitativa<\/em>.<\/p>\n\n\n\n<p>Quantitativa, prima di tutto: il grosso dei crimini commessi dagli Alleati fu <strong>ad opera dei sudvietnamiti<\/strong> (che combattevano con una logica da guerra civile) e da altri contingenti, soprattutto i sudcoreani. I <strong>crimini americani<\/strong>, in s\u00e9, provocarono un numero relativamente ridotto di vittime, stimato fra le 6 e le 10 mila (nella letteratura anti-Usa si legge spesso di un <em>\u201cgenocidio\u201d<\/em> americano in Vietnam, con oltre un milione di vittime civili, ma \u00e8 solo propaganda, perch\u00e9 un milione \u00e8 il numero complessivo di vittime di tutta la guerra, da tutte le parti).<\/p>\n\n\n\n<p>I crimini nordvietnamiti provocarono un <strong>numero di vittime incommensurabilmente superiore<\/strong>: 216 mila vittime di cui 50 mila nelle purghe interne al Vietnam del Nord e 166 mila civili assassinati nel Sud (venne ucciso un sudvietnamita su cento, in rapporto alla popolazione totale), secondo i calcoli di Rummel.<\/p>\n\n\n\n<p>Fu anche una differenza <em>qualitativa<\/em> notevole. Gli americani colpirono civili durante le operazioni militari, soprattutto nei bombardamenti aerei\u2026 ma anche perch\u00e9 i nordvietnamiti <strong>combattevano deliberatamente in mezzo ai civili<\/strong>.<\/p>\n\n\n\n<p>I massacri di civili nei villaggi occupati o le uccisioni dei prigionieri, bench\u00e9 si tentasse di insabbiarle, erano comunque <strong>punite dalla legge americana<\/strong>. Chi commetteva quei crimini era consapevole di essere fuori legge. Al contrario, i crimini nordvietnamiti erano <strong>pianificati e ordinati dai vertici<\/strong> ed eseguiti dalle truppe. Le liste nere dei civili da assassinare erano parte degli ordini militari assegnati alle singole unit\u00e0 in guerra.<\/p>\n\n\n<div class=\"wp-block-image\">\n<figure class=\"aligncenter size-full is-resized\"><a href=\"https:\/\/www.rassegnastampa-totustuus.it\/cattolica\/wp-content\/uploads\/2025\/06\/guerra_Vietnam_Usa_fuga.jpeg\"><img loading=\"lazy\" decoding=\"async\" width=\"1536\" height=\"962\" src=\"https:\/\/www.rassegnastampa-totustuus.it\/cattolica\/wp-content\/uploads\/2025\/06\/guerra_Vietnam_Usa_fuga.jpeg\" alt=\"\" class=\"wp-image-62648\" style=\"width:392px;height:auto\"\/><\/a><\/figure><\/div>\n\n\n<h4 class=\"wp-block-heading has-text-align-center\"><strong>Sconfitta Usa?<\/strong><\/h4>\n\n\n\n<p>Infine, c\u2019\u00e8 da chiedersi: davvero gli americani persero la guerra? Ogni singola battaglia venne vinta dalle forze americane e alleate. L\u2019<strong>Offensiva del Tet<\/strong>, di inizio 1968, fu <strong>la pi\u00f9 grande vittoria americana<\/strong>: in una sola campagna vennero inferti ai nordvietnamiti colpi senza precedenti: circa 45 mila morti, al prezzo di 1.500 caduti americani e quasi 3 mila sudvietnamiti.<\/p>\n\n\n\n<p>Eppure, passa alla storia come \u201cpunto di svolta\u201d dopo il quale il presidente Johnson si arrese e decise di iniziare il disimpegno, poi proseguito e portato a termine dal successore repubblicano <strong>Richard Nixon<\/strong>. Il Vietnam fu la prima guerra <strong>vinta dai militari, ma persa dai politici<\/strong>.<\/p>\n\n\n\n<p>Politici che non ci avevano mai creduto. Come dimostrano chiaramente i <em>Pentagon Papers<\/em>, scoperti dal <em>Washington Post<\/em> nel 1971, l\u2019amministrazione Johnson (a partire dal segretario alla Difesa <strong>Robert McNamara<\/strong>) <strong>non credeva nella vittoria<\/strong> ed era divisa sugli stessi scopi della guerra.<\/p>\n\n\n\n<p>Dopo il 1968 non ci fu pi\u00f9 il consenso necessario a proseguirla. Il mondo dei media e dell\u2019accademia <strong>riusc\u00ec a far prevalere la tesi<\/strong> che l\u2019intervento militare fosse una guerra di aggressione americana, o una guerra di liberazione del popolo vietnamita a colonialismo gi\u00e0 finito. Non c\u2019\u00e8 modo, ancora oggi, di cambiare quella percezione. Il 30 aprile 1975 \u00e8 sempre una data di <em>\u201cliberazione\u201d<\/em>, <em>\u201cnato un figlio!\u201d<\/em> <a href=\"https:\/\/www.youtube.com\/watch?v=pP4zD9dghZs\" target=\"_blank\" rel=\"noreferrer noopener\">esclamava<\/a> il giornalista <strong>Tiziano Terzani<\/strong>, anche ad anni di distanza, riferendosi alla vittoria nordvietnamita che, a suo dire, aveva dato origine a un Paese \u201cfinalmente libero\u201d.<\/p>\n","protected":false},"excerpt":{"rendered":"<p>Atlantico quotidiano 30 Aprile 2025 50 anni fa la caduta di Saigon: sfatiamo 4 falsi miti sulla Guerra del Vietnam Nei decenni una riscrittura della storia ha avuto pienamente successo. Gli americani non hanno \u201cinvaso\u201d il Vietnam e quella dei Vietcong non fu una guerra \u201cdi popolo\u201d ma \u201ccontro il popolo\u201d di Stefano Magni<\/p><p><a class=\"more-link btn\" href=\"https:\/\/www.rassegnastampa-totustuus.it\/cattolica\/50-anni-fa-la-caduta-di-saigon-sfatiamo-4-falsi-miti-sulla-guerra-del-vietnam\/\">Continua a leggere<\/a><\/p>\n","protected":false},"author":6,"featured_media":62642,"comment_status":"closed","ping_status":"closed","sticky":false,"template":"","format":"standard","meta":{"footnotes":""},"categories":[32,108,77],"tags":[3160,162],"class_list":["post-62641","post","type-post","status-publish","format-standard","has-post-thumbnail","hentry","category-filosofia-del-comunismo","category-paesi-e-continenti","category-vietnam","tag-guerra-vietnam","tag-storia-2","item-wrap"],"yoast_head":"<!-- This site is optimized with the Yoast SEO plugin v27.4 - https:\/\/yoast.com\/product\/yoast-seo-wordpress\/ -->\n<title>Sfatiamo 4 falsi miti sulla Guerra del Vietnam - Rassegna Stampa Cattolica<\/title>\n<meta name=\"description\" content=\"50 anni fa la caduta di Saigon: sfatiamo 4 falsi miti sulla Guerra del Vietnam propagandati dalla sinistra che riscrive la storia\" \/>\n<meta name=\"robots\" content=\"index, follow, max-snippet:-1, max-image-preview:large, max-video-preview:-1\" \/>\n<link rel=\"canonical\" href=\"https:\/\/www.rassegnastampa-totustuus.it\/cattolica\/50-anni-fa-la-caduta-di-saigon-sfatiamo-4-falsi-miti-sulla-guerra-del-vietnam\/\" \/>\n<meta property=\"og:locale\" content=\"it_IT\" \/>\n<meta property=\"og:type\" content=\"article\" \/>\n<meta property=\"og:title\" content=\"Sfatiamo 4 falsi miti sulla Guerra del Vietnam - Rassegna Stampa Cattolica\" \/>\n<meta property=\"og:description\" content=\"50 anni fa la caduta di Saigon: sfatiamo 4 falsi miti sulla Guerra del Vietnam propagandati dalla sinistra che riscrive la storia\" \/>\n<meta property=\"og:url\" content=\"https:\/\/www.rassegnastampa-totustuus.it\/cattolica\/50-anni-fa-la-caduta-di-saigon-sfatiamo-4-falsi-miti-sulla-guerra-del-vietnam\/\" \/>\n<meta property=\"og:site_name\" content=\"Rassegna Stampa Cattolica\" \/>\n<meta property=\"article:publisher\" content=\"https:\/\/www.facebook.com\/rassegnastampacattolica\" \/>\n<meta property=\"article:published_time\" content=\"2025-06-02T08:34:42+00:00\" \/>\n<meta property=\"article:modified_time\" content=\"2025-06-02T08:36:40+00:00\" \/>\n<meta property=\"og:image\" content=\"https:\/\/www.rassegnastampa-totustuus.it\/cattolica\/wp-content\/uploads\/2025\/06\/guerra_Vietnam.jpeg\" \/>\n\t<meta property=\"og:image:width\" content=\"247\" \/>\n\t<meta property=\"og:image:height\" content=\"180\" \/>\n\t<meta property=\"og:image:type\" content=\"image\/jpeg\" \/>\n<meta name=\"author\" content=\"Redazione\" \/>\n<meta name=\"twitter:card\" content=\"summary_large_image\" \/>\n<meta name=\"twitter:creator\" content=\"@rassegnastampa9\" \/>\n<meta name=\"twitter:site\" content=\"@rassegnastampa9\" \/>\n<meta name=\"twitter:label1\" content=\"Scritto da\" \/>\n\t<meta name=\"twitter:data1\" content=\"Redazione\" \/>\n\t<meta name=\"twitter:label2\" content=\"Tempo di lettura stimato\" \/>\n\t<meta name=\"twitter:data2\" content=\"11 minuti\" \/>\n<script type=\"application\/ld+json\" class=\"yoast-schema-graph\">{\"@context\":\"https:\\\/\\\/schema.org\",\"@graph\":[{\"@type\":\"Article\",\"@id\":\"https:\\\/\\\/www.rassegnastampa-totustuus.it\\\/cattolica\\\/50-anni-fa-la-caduta-di-saigon-sfatiamo-4-falsi-miti-sulla-guerra-del-vietnam\\\/#article\",\"isPartOf\":{\"@id\":\"https:\\\/\\\/www.rassegnastampa-totustuus.it\\\/cattolica\\\/50-anni-fa-la-caduta-di-saigon-sfatiamo-4-falsi-miti-sulla-guerra-del-vietnam\\\/\"},\"author\":{\"name\":\"Redazione\",\"@id\":\"https:\\\/\\\/www.rassegnastampa-totustuus.it\\\/cattolica\\\/#\\\/schema\\\/person\\\/08f319d2bd1a0904ad9e2bfb7b15e5c3\"},\"headline\":\"Sfatiamo 4 falsi miti sulla Guerra del Vietnam\",\"datePublished\":\"2025-06-02T08:34:42+00:00\",\"dateModified\":\"2025-06-02T08:36:40+00:00\",\"mainEntityOfPage\":{\"@id\":\"https:\\\/\\\/www.rassegnastampa-totustuus.it\\\/cattolica\\\/50-anni-fa-la-caduta-di-saigon-sfatiamo-4-falsi-miti-sulla-guerra-del-vietnam\\\/\"},\"wordCount\":1634,\"publisher\":{\"@id\":\"https:\\\/\\\/www.rassegnastampa-totustuus.it\\\/cattolica\\\/#organization\"},\"image\":{\"@id\":\"https:\\\/\\\/www.rassegnastampa-totustuus.it\\\/cattolica\\\/50-anni-fa-la-caduta-di-saigon-sfatiamo-4-falsi-miti-sulla-guerra-del-vietnam\\\/#primaryimage\"},\"thumbnailUrl\":\"https:\\\/\\\/www.rassegnastampa-totustuus.it\\\/cattolica\\\/wp-content\\\/uploads\\\/2025\\\/06\\\/guerra_Vietnam.jpeg\",\"keywords\":[\"guerra Vietnam\",\"storia\"],\"articleSection\":[\"Comunismo\",\"Paesi e continenti\",\"Vietnam\"],\"inLanguage\":\"it-IT\"},{\"@type\":\"WebPage\",\"@id\":\"https:\\\/\\\/www.rassegnastampa-totustuus.it\\\/cattolica\\\/50-anni-fa-la-caduta-di-saigon-sfatiamo-4-falsi-miti-sulla-guerra-del-vietnam\\\/\",\"url\":\"https:\\\/\\\/www.rassegnastampa-totustuus.it\\\/cattolica\\\/50-anni-fa-la-caduta-di-saigon-sfatiamo-4-falsi-miti-sulla-guerra-del-vietnam\\\/\",\"name\":\"Sfatiamo 4 falsi miti sulla Guerra del Vietnam - Rassegna Stampa Cattolica\",\"isPartOf\":{\"@id\":\"https:\\\/\\\/www.rassegnastampa-totustuus.it\\\/cattolica\\\/#website\"},\"primaryImageOfPage\":{\"@id\":\"https:\\\/\\\/www.rassegnastampa-totustuus.it\\\/cattolica\\\/50-anni-fa-la-caduta-di-saigon-sfatiamo-4-falsi-miti-sulla-guerra-del-vietnam\\\/#primaryimage\"},\"image\":{\"@id\":\"https:\\\/\\\/www.rassegnastampa-totustuus.it\\\/cattolica\\\/50-anni-fa-la-caduta-di-saigon-sfatiamo-4-falsi-miti-sulla-guerra-del-vietnam\\\/#primaryimage\"},\"thumbnailUrl\":\"https:\\\/\\\/www.rassegnastampa-totustuus.it\\\/cattolica\\\/wp-content\\\/uploads\\\/2025\\\/06\\\/guerra_Vietnam.jpeg\",\"datePublished\":\"2025-06-02T08:34:42+00:00\",\"dateModified\":\"2025-06-02T08:36:40+00:00\",\"description\":\"50 anni fa la caduta di Saigon: sfatiamo 4 falsi miti sulla Guerra del Vietnam propagandati dalla sinistra che riscrive la storia\",\"breadcrumb\":{\"@id\":\"https:\\\/\\\/www.rassegnastampa-totustuus.it\\\/cattolica\\\/50-anni-fa-la-caduta-di-saigon-sfatiamo-4-falsi-miti-sulla-guerra-del-vietnam\\\/#breadcrumb\"},\"inLanguage\":\"it-IT\",\"potentialAction\":[{\"@type\":\"ReadAction\",\"target\":[\"https:\\\/\\\/www.rassegnastampa-totustuus.it\\\/cattolica\\\/50-anni-fa-la-caduta-di-saigon-sfatiamo-4-falsi-miti-sulla-guerra-del-vietnam\\\/\"]}]},{\"@type\":\"ImageObject\",\"inLanguage\":\"it-IT\",\"@id\":\"https:\\\/\\\/www.rassegnastampa-totustuus.it\\\/cattolica\\\/50-anni-fa-la-caduta-di-saigon-sfatiamo-4-falsi-miti-sulla-guerra-del-vietnam\\\/#primaryimage\",\"url\":\"https:\\\/\\\/www.rassegnastampa-totustuus.it\\\/cattolica\\\/wp-content\\\/uploads\\\/2025\\\/06\\\/guerra_Vietnam.jpeg\",\"contentUrl\":\"https:\\\/\\\/www.rassegnastampa-totustuus.it\\\/cattolica\\\/wp-content\\\/uploads\\\/2025\\\/06\\\/guerra_Vietnam.jpeg\",\"width\":247,\"height\":180},{\"@type\":\"BreadcrumbList\",\"@id\":\"https:\\\/\\\/www.rassegnastampa-totustuus.it\\\/cattolica\\\/50-anni-fa-la-caduta-di-saigon-sfatiamo-4-falsi-miti-sulla-guerra-del-vietnam\\\/#breadcrumb\",\"itemListElement\":[{\"@type\":\"ListItem\",\"position\":1,\"name\":\"Home\",\"item\":\"https:\\\/\\\/www.rassegnastampa-totustuus.it\\\/cattolica\\\/\"},{\"@type\":\"ListItem\",\"position\":2,\"name\":\"Sfatiamo 4 falsi miti sulla Guerra del Vietnam\"}]},{\"@type\":\"WebSite\",\"@id\":\"https:\\\/\\\/www.rassegnastampa-totustuus.it\\\/cattolica\\\/#website\",\"url\":\"https:\\\/\\\/www.rassegnastampa-totustuus.it\\\/cattolica\\\/\",\"name\":\"Rassegna Stampa Cattolica\",\"description\":\"Per una cultura che nasce dalla Rivelazione cristiana in conformit\u00e0 alla tradizione e al Magistero della Chiesa in opposizione ad ogni relativismo e totalitarismo\",\"publisher\":{\"@id\":\"https:\\\/\\\/www.rassegnastampa-totustuus.it\\\/cattolica\\\/#organization\"},\"alternateName\":\"Rass. Cattolica\",\"potentialAction\":[{\"@type\":\"SearchAction\",\"target\":{\"@type\":\"EntryPoint\",\"urlTemplate\":\"https:\\\/\\\/www.rassegnastampa-totustuus.it\\\/cattolica\\\/?s={search_term_string}\"},\"query-input\":{\"@type\":\"PropertyValueSpecification\",\"valueRequired\":true,\"valueName\":\"search_term_string\"}}],\"inLanguage\":\"it-IT\"},{\"@type\":\"Organization\",\"@id\":\"https:\\\/\\\/www.rassegnastampa-totustuus.it\\\/cattolica\\\/#organization\",\"name\":\"Rassegna Stampa Cattolica\",\"url\":\"https:\\\/\\\/www.rassegnastampa-totustuus.it\\\/cattolica\\\/\",\"logo\":{\"@type\":\"ImageObject\",\"inLanguage\":\"it-IT\",\"@id\":\"https:\\\/\\\/www.rassegnastampa-totustuus.it\\\/cattolica\\\/#\\\/schema\\\/logo\\\/image\\\/\",\"url\":\"https:\\\/\\\/www.rassegnastampa-totustuus.it\\\/cattolica\\\/wp-content\\\/uploads\\\/2014\\\/04\\\/logo-rassegna1.gif\",\"contentUrl\":\"https:\\\/\\\/www.rassegnastampa-totustuus.it\\\/cattolica\\\/wp-content\\\/uploads\\\/2014\\\/04\\\/logo-rassegna1.gif\",\"width\":600,\"height\":163,\"caption\":\"Rassegna Stampa Cattolica\"},\"image\":{\"@id\":\"https:\\\/\\\/www.rassegnastampa-totustuus.it\\\/cattolica\\\/#\\\/schema\\\/logo\\\/image\\\/\"},\"sameAs\":[\"https:\\\/\\\/www.facebook.com\\\/rassegnastampacattolica\",\"https:\\\/\\\/x.com\\\/rassegnastampa9\"]},{\"@type\":\"Person\",\"@id\":\"https:\\\/\\\/www.rassegnastampa-totustuus.it\\\/cattolica\\\/#\\\/schema\\\/person\\\/08f319d2bd1a0904ad9e2bfb7b15e5c3\",\"name\":\"Redazione\",\"image\":{\"@type\":\"ImageObject\",\"inLanguage\":\"it-IT\",\"@id\":\"https:\\\/\\\/secure.gravatar.com\\\/avatar\\\/2fcdf27c78ea025fbdb44e914cc63c72249ffec9dc8aafd5c82b26240ef3f346?s=96&d=mm&r=g\",\"url\":\"https:\\\/\\\/secure.gravatar.com\\\/avatar\\\/2fcdf27c78ea025fbdb44e914cc63c72249ffec9dc8aafd5c82b26240ef3f346?s=96&d=mm&r=g\",\"contentUrl\":\"https:\\\/\\\/secure.gravatar.com\\\/avatar\\\/2fcdf27c78ea025fbdb44e914cc63c72249ffec9dc8aafd5c82b26240ef3f346?s=96&d=mm&r=g\",\"caption\":\"Redazione\"},\"url\":\"https:\\\/\\\/www.rassegnastampa-totustuus.it\\\/cattolica\\\/author\\\/pietroelle\\\/\"}]}<\/script>\n<!-- \/ Yoast SEO plugin. -->","yoast_head_json":{"title":"Sfatiamo 4 falsi miti sulla Guerra del Vietnam - Rassegna Stampa Cattolica","description":"50 anni fa la caduta di Saigon: sfatiamo 4 falsi miti sulla Guerra del Vietnam propagandati dalla sinistra che riscrive la storia","robots":{"index":"index","follow":"follow","max-snippet":"max-snippet:-1","max-image-preview":"max-image-preview:large","max-video-preview":"max-video-preview:-1"},"canonical":"https:\/\/www.rassegnastampa-totustuus.it\/cattolica\/50-anni-fa-la-caduta-di-saigon-sfatiamo-4-falsi-miti-sulla-guerra-del-vietnam\/","og_locale":"it_IT","og_type":"article","og_title":"Sfatiamo 4 falsi miti sulla Guerra del Vietnam - Rassegna Stampa Cattolica","og_description":"50 anni fa la caduta di Saigon: sfatiamo 4 falsi miti sulla Guerra del Vietnam propagandati dalla sinistra che riscrive la storia","og_url":"https:\/\/www.rassegnastampa-totustuus.it\/cattolica\/50-anni-fa-la-caduta-di-saigon-sfatiamo-4-falsi-miti-sulla-guerra-del-vietnam\/","og_site_name":"Rassegna Stampa Cattolica","article_publisher":"https:\/\/www.facebook.com\/rassegnastampacattolica","article_published_time":"2025-06-02T08:34:42+00:00","article_modified_time":"2025-06-02T08:36:40+00:00","og_image":[{"width":247,"height":180,"url":"https:\/\/www.rassegnastampa-totustuus.it\/cattolica\/wp-content\/uploads\/2025\/06\/guerra_Vietnam.jpeg","type":"image\/jpeg"}],"author":"Redazione","twitter_card":"summary_large_image","twitter_creator":"@rassegnastampa9","twitter_site":"@rassegnastampa9","twitter_misc":{"Scritto da":"Redazione","Tempo di lettura stimato":"11 minuti"},"schema":{"@context":"https:\/\/schema.org","@graph":[{"@type":"Article","@id":"https:\/\/www.rassegnastampa-totustuus.it\/cattolica\/50-anni-fa-la-caduta-di-saigon-sfatiamo-4-falsi-miti-sulla-guerra-del-vietnam\/#article","isPartOf":{"@id":"https:\/\/www.rassegnastampa-totustuus.it\/cattolica\/50-anni-fa-la-caduta-di-saigon-sfatiamo-4-falsi-miti-sulla-guerra-del-vietnam\/"},"author":{"name":"Redazione","@id":"https:\/\/www.rassegnastampa-totustuus.it\/cattolica\/#\/schema\/person\/08f319d2bd1a0904ad9e2bfb7b15e5c3"},"headline":"Sfatiamo 4 falsi miti sulla Guerra del Vietnam","datePublished":"2025-06-02T08:34:42+00:00","dateModified":"2025-06-02T08:36:40+00:00","mainEntityOfPage":{"@id":"https:\/\/www.rassegnastampa-totustuus.it\/cattolica\/50-anni-fa-la-caduta-di-saigon-sfatiamo-4-falsi-miti-sulla-guerra-del-vietnam\/"},"wordCount":1634,"publisher":{"@id":"https:\/\/www.rassegnastampa-totustuus.it\/cattolica\/#organization"},"image":{"@id":"https:\/\/www.rassegnastampa-totustuus.it\/cattolica\/50-anni-fa-la-caduta-di-saigon-sfatiamo-4-falsi-miti-sulla-guerra-del-vietnam\/#primaryimage"},"thumbnailUrl":"https:\/\/www.rassegnastampa-totustuus.it\/cattolica\/wp-content\/uploads\/2025\/06\/guerra_Vietnam.jpeg","keywords":["guerra Vietnam","storia"],"articleSection":["Comunismo","Paesi e continenti","Vietnam"],"inLanguage":"it-IT"},{"@type":"WebPage","@id":"https:\/\/www.rassegnastampa-totustuus.it\/cattolica\/50-anni-fa-la-caduta-di-saigon-sfatiamo-4-falsi-miti-sulla-guerra-del-vietnam\/","url":"https:\/\/www.rassegnastampa-totustuus.it\/cattolica\/50-anni-fa-la-caduta-di-saigon-sfatiamo-4-falsi-miti-sulla-guerra-del-vietnam\/","name":"Sfatiamo 4 falsi miti sulla Guerra del Vietnam - Rassegna Stampa Cattolica","isPartOf":{"@id":"https:\/\/www.rassegnastampa-totustuus.it\/cattolica\/#website"},"primaryImageOfPage":{"@id":"https:\/\/www.rassegnastampa-totustuus.it\/cattolica\/50-anni-fa-la-caduta-di-saigon-sfatiamo-4-falsi-miti-sulla-guerra-del-vietnam\/#primaryimage"},"image":{"@id":"https:\/\/www.rassegnastampa-totustuus.it\/cattolica\/50-anni-fa-la-caduta-di-saigon-sfatiamo-4-falsi-miti-sulla-guerra-del-vietnam\/#primaryimage"},"thumbnailUrl":"https:\/\/www.rassegnastampa-totustuus.it\/cattolica\/wp-content\/uploads\/2025\/06\/guerra_Vietnam.jpeg","datePublished":"2025-06-02T08:34:42+00:00","dateModified":"2025-06-02T08:36:40+00:00","description":"50 anni fa la caduta di Saigon: sfatiamo 4 falsi miti sulla Guerra del Vietnam propagandati dalla sinistra che riscrive la storia","breadcrumb":{"@id":"https:\/\/www.rassegnastampa-totustuus.it\/cattolica\/50-anni-fa-la-caduta-di-saigon-sfatiamo-4-falsi-miti-sulla-guerra-del-vietnam\/#breadcrumb"},"inLanguage":"it-IT","potentialAction":[{"@type":"ReadAction","target":["https:\/\/www.rassegnastampa-totustuus.it\/cattolica\/50-anni-fa-la-caduta-di-saigon-sfatiamo-4-falsi-miti-sulla-guerra-del-vietnam\/"]}]},{"@type":"ImageObject","inLanguage":"it-IT","@id":"https:\/\/www.rassegnastampa-totustuus.it\/cattolica\/50-anni-fa-la-caduta-di-saigon-sfatiamo-4-falsi-miti-sulla-guerra-del-vietnam\/#primaryimage","url":"https:\/\/www.rassegnastampa-totustuus.it\/cattolica\/wp-content\/uploads\/2025\/06\/guerra_Vietnam.jpeg","contentUrl":"https:\/\/www.rassegnastampa-totustuus.it\/cattolica\/wp-content\/uploads\/2025\/06\/guerra_Vietnam.jpeg","width":247,"height":180},{"@type":"BreadcrumbList","@id":"https:\/\/www.rassegnastampa-totustuus.it\/cattolica\/50-anni-fa-la-caduta-di-saigon-sfatiamo-4-falsi-miti-sulla-guerra-del-vietnam\/#breadcrumb","itemListElement":[{"@type":"ListItem","position":1,"name":"Home","item":"https:\/\/www.rassegnastampa-totustuus.it\/cattolica\/"},{"@type":"ListItem","position":2,"name":"Sfatiamo 4 falsi miti sulla Guerra del Vietnam"}]},{"@type":"WebSite","@id":"https:\/\/www.rassegnastampa-totustuus.it\/cattolica\/#website","url":"https:\/\/www.rassegnastampa-totustuus.it\/cattolica\/","name":"Rassegna Stampa Cattolica","description":"Per una cultura che nasce dalla Rivelazione cristiana in conformit\u00e0 alla tradizione e al Magistero della Chiesa in opposizione ad ogni relativismo e totalitarismo","publisher":{"@id":"https:\/\/www.rassegnastampa-totustuus.it\/cattolica\/#organization"},"alternateName":"Rass. Cattolica","potentialAction":[{"@type":"SearchAction","target":{"@type":"EntryPoint","urlTemplate":"https:\/\/www.rassegnastampa-totustuus.it\/cattolica\/?s={search_term_string}"},"query-input":{"@type":"PropertyValueSpecification","valueRequired":true,"valueName":"search_term_string"}}],"inLanguage":"it-IT"},{"@type":"Organization","@id":"https:\/\/www.rassegnastampa-totustuus.it\/cattolica\/#organization","name":"Rassegna Stampa Cattolica","url":"https:\/\/www.rassegnastampa-totustuus.it\/cattolica\/","logo":{"@type":"ImageObject","inLanguage":"it-IT","@id":"https:\/\/www.rassegnastampa-totustuus.it\/cattolica\/#\/schema\/logo\/image\/","url":"https:\/\/www.rassegnastampa-totustuus.it\/cattolica\/wp-content\/uploads\/2014\/04\/logo-rassegna1.gif","contentUrl":"https:\/\/www.rassegnastampa-totustuus.it\/cattolica\/wp-content\/uploads\/2014\/04\/logo-rassegna1.gif","width":600,"height":163,"caption":"Rassegna Stampa Cattolica"},"image":{"@id":"https:\/\/www.rassegnastampa-totustuus.it\/cattolica\/#\/schema\/logo\/image\/"},"sameAs":["https:\/\/www.facebook.com\/rassegnastampacattolica","https:\/\/x.com\/rassegnastampa9"]},{"@type":"Person","@id":"https:\/\/www.rassegnastampa-totustuus.it\/cattolica\/#\/schema\/person\/08f319d2bd1a0904ad9e2bfb7b15e5c3","name":"Redazione","image":{"@type":"ImageObject","inLanguage":"it-IT","@id":"https:\/\/secure.gravatar.com\/avatar\/2fcdf27c78ea025fbdb44e914cc63c72249ffec9dc8aafd5c82b26240ef3f346?s=96&d=mm&r=g","url":"https:\/\/secure.gravatar.com\/avatar\/2fcdf27c78ea025fbdb44e914cc63c72249ffec9dc8aafd5c82b26240ef3f346?s=96&d=mm&r=g","contentUrl":"https:\/\/secure.gravatar.com\/avatar\/2fcdf27c78ea025fbdb44e914cc63c72249ffec9dc8aafd5c82b26240ef3f346?s=96&d=mm&r=g","caption":"Redazione"},"url":"https:\/\/www.rassegnastampa-totustuus.it\/cattolica\/author\/pietroelle\/"}]}},"_links":{"self":[{"href":"https:\/\/www.rassegnastampa-totustuus.it\/cattolica\/wp-json\/wp\/v2\/posts\/62641","targetHints":{"allow":["GET"]}}],"collection":[{"href":"https:\/\/www.rassegnastampa-totustuus.it\/cattolica\/wp-json\/wp\/v2\/posts"}],"about":[{"href":"https:\/\/www.rassegnastampa-totustuus.it\/cattolica\/wp-json\/wp\/v2\/types\/post"}],"author":[{"embeddable":true,"href":"https:\/\/www.rassegnastampa-totustuus.it\/cattolica\/wp-json\/wp\/v2\/users\/6"}],"replies":[{"embeddable":true,"href":"https:\/\/www.rassegnastampa-totustuus.it\/cattolica\/wp-json\/wp\/v2\/comments?post=62641"}],"version-history":[{"count":2,"href":"https:\/\/www.rassegnastampa-totustuus.it\/cattolica\/wp-json\/wp\/v2\/posts\/62641\/revisions"}],"predecessor-version":[{"id":62651,"href":"https:\/\/www.rassegnastampa-totustuus.it\/cattolica\/wp-json\/wp\/v2\/posts\/62641\/revisions\/62651"}],"wp:featuredmedia":[{"embeddable":true,"href":"https:\/\/www.rassegnastampa-totustuus.it\/cattolica\/wp-json\/wp\/v2\/media\/62642"}],"wp:attachment":[{"href":"https:\/\/www.rassegnastampa-totustuus.it\/cattolica\/wp-json\/wp\/v2\/media?parent=62641"}],"wp:term":[{"taxonomy":"category","embeddable":true,"href":"https:\/\/www.rassegnastampa-totustuus.it\/cattolica\/wp-json\/wp\/v2\/categories?post=62641"},{"taxonomy":"post_tag","embeddable":true,"href":"https:\/\/www.rassegnastampa-totustuus.it\/cattolica\/wp-json\/wp\/v2\/tags?post=62641"}],"curies":[{"name":"wp","href":"https:\/\/api.w.org\/{rel}","templated":true}]}}