{"id":62636,"date":"2025-06-02T09:40:14","date_gmt":"2025-06-02T07:40:14","guid":{"rendered":"https:\/\/www.rassegnastampa-totustuus.it\/cattolica\/?p=62636"},"modified":"2025-06-02T09:40:15","modified_gmt":"2025-06-02T07:40:15","slug":"oltre-il-cielo-un-libro-per-riflettere-sul-genocidio-in-cambogia","status":"publish","type":"post","link":"https:\/\/www.rassegnastampa-totustuus.it\/cattolica\/oltre-il-cielo-un-libro-per-riflettere-sul-genocidio-in-cambogia\/","title":{"rendered":"&#8220;Oltre il cielo&#8221;: un libro per riflettere sul genocidio in Cambogia"},"content":{"rendered":"\n<p class=\"has-text-align-center\"><strong><a href=\"https:\/\/www.corrieredelsud.it\/\" target=\"_blank\" rel=\"noreferrer noopener\">Corriere del Sud <\/a><\/strong>28 Maggio 2025<\/p>\n\n\n\n<p class=\"has-text-align-center\">di<strong> Andrea Bartelloni<\/strong><\/p>\n\n\n\n<p>Tra il 1976 e il 1977 escono due libri dedicati alla Cambogia, che, praticamente in diretta, descrivono il dramma che sta attraversando il popolo khmer. Padre Gheddo (1929-2017), missionario del Pontificio Istituto Missioni Estere (PIME), quarantanove anni fa \u00e8 tra i primi a dare notizia del genocidio che i Khmer rossi stanno attuando in Cambogia (<em>Cambogia: rivoluzione senza amore<\/em>, Sei, 1976) assieme ad un altro missionario, padre Francois Ponchaud (1939-2025) entrambi accusati di essere al servizio della Cia. Il Pci impone una lettura dei fatti che, se non coincidono con la lettura ideologica dominante, tanto peggio per loro, in compagnia di tutti gli intellettuali di sinistra.<\/p>\n\n\n<div class=\"wp-block-image\">\n<figure class=\"aligncenter size-full is-resized\"><a href=\"https:\/\/www.rassegnastampa-totustuus.it\/cattolica\/wp-content\/uploads\/2025\/06\/comunismo_Cambogia_Kmer_rossi.jpeg\"><img loading=\"lazy\" decoding=\"async\" width=\"340\" height=\"180\" src=\"https:\/\/www.rassegnastampa-totustuus.it\/cattolica\/wp-content\/uploads\/2025\/06\/comunismo_Cambogia_Kmer_rossi.jpeg\" alt=\"\" class=\"wp-image-62638\" style=\"width:496px;height:auto\"\/><\/a><\/figure><\/div>\n\n\n<!--more-->\n\n\n\n<p>Padre Ponchaud missionario in Asia dal 1965 e che vive in prima persona l\u2019arrivo dei Khmer rossi cinquant\u2019anni fa nel 1975 descrive la storia di quei giorni nel volume: <em>Cambogia anno zero<\/em>, Sonzogno (1977).<\/p>\n\n\n\n<p>Entrambi, Gheddo e Ponchaud, hanno informazioni di prima mano: tant\u2019\u00e8 che i negazionisti del genocidio, come Noam Chomsky, se la prendono con padre Ponchaud. Ad arricchire il numero delle testimonianze \u00e8 appena stato pubblicato, nell\u2019elegante traduzione di Nicoletta Prandoni, il racconto scritto da Laurence Picq, un\u2019insegnante francese che, sposata ad un Khmer rosso, rientra dalla Cina nella Cambogia appena \u201cliberata\u201d.<\/p>\n\n\n\n<p>Unica straniera ammessa nel gruppo dirigente, tollerata in quanto straniera, ma sfruttata come traduttrice, vive dall\u2019interno e da un punto di vista privilegiato, gli orrori della Kampuchea Democratica, il nuovo nome della Cambogia comunista, fino a vedere il dramma del comunismo realizzato.<\/p>\n\n\n<div class=\"wp-block-image\">\n<figure class=\"aligncenter size-full\"><a href=\"https:\/\/www.rassegnastampa-totustuus.it\/cattolica\/wp-content\/uploads\/2025\/06\/Cambogia_cover.avif\"><img loading=\"lazy\" decoding=\"async\" width=\"500\" height=\"500\" src=\"https:\/\/www.rassegnastampa-totustuus.it\/cattolica\/wp-content\/uploads\/2025\/06\/Cambogia_cover.avif\" alt=\"\" class=\"wp-image-62639\"\/><\/a><\/figure><\/div>\n\n\n<p>Nel dicembre 1979 il Vietnam invade la Cambogia e costringe alla fuga i capi Khmer e finisce la storia di questo genocidio. Laurence Picq con i suoi due figli fugge con loro, partorisce il terzo figlio, ma riesce a salvarsi e ad arrivare a Parigi. Parigi, dove tutto \u00e8 nato. Si, i sanguinari Khmer si sono formati nelle universit\u00e0 parigine dove la giovane Laurence conosce quello che sar\u00e0 il padre dei suoi figli, Suong Sikouen.<\/p>\n\n\n\n<p>Sikouen studia geografia alla Sorbona come molti cambogiani che avevano beneficiato di borse di studio e si sposano nel 1967. Il percorso di formazione ideologica \u00e8 ben dettagliato nell\u2019introduzione del libro scritta da Marco Respinti che ha curato e ampliato l\u2019edizione italiana pubblicata da Tralerighe Libri e che ospita un prezioso invito alla lettura di Antonia Arslan.<\/p>\n\n\n\n<p>Ma che libro \u00e8 questo scritto dalla Picq? Non \u00e8 un libro di storia, n\u00e9 la ricostruzione di eventi luttuosi, n\u00e9 un\u2019autobiografia, ci ricorda Respinti, \u00e8 un diario. Una testimonianza senza esagerazioni, quasi in sordina e \u201cper questo il suo libro \u00e8 completamente convincente. \u00c8 infatti vero, mai affettato. \u00c8 sincero, e non studiato\u201d si legge ancora nell\u2019introduzione.<\/p>\n\n\n\n<p>Il libro \u00e8 uscito in Francia nel 1984, dopo quarant\u2019anni una coraggiosa casa editrice indipendente di Lucca (<a href=\"https:\/\/www.tralerighelibri.com\/\" target=\"_blank\" rel=\"noreferrer noopener\">https:\/\/www.tralerighelibri.com\/<\/a>) lo presenta al pubblico italiano. Una occasione per riprendere in mano la riflessione su un genocidio che sembrava essere stato descritto in maniera approfondita, ma mai dall\u2019interno come fa Laurence Picq.<\/p>\n","protected":false},"excerpt":{"rendered":"<p>Corriere del Sud 28 Maggio 2025 di Andrea Bartelloni Tra il 1976 e il 1977 escono due libri dedicati alla Cambogia, che, praticamente in diretta, descrivono il dramma che sta attraversando il popolo khmer. Padre Gheddo (1929-2017), missionario del Pontificio Istituto Missioni Estere (PIME), quarantanove anni fa \u00e8 tra i primi a dare notizia del &hellip; <\/p>\n<p><a class=\"more-link btn\" href=\"https:\/\/www.rassegnastampa-totustuus.it\/cattolica\/oltre-il-cielo-un-libro-per-riflettere-sul-genocidio-in-cambogia\/\">Continua a leggere<\/a><\/p>\n","protected":false},"author":6,"featured_media":62638,"comment_status":"closed","ping_status":"closed","sticky":false,"template":"","format":"standard","meta":{"footnotes":""},"categories":[32,17],"tags":[2403,379,861],"class_list":["post-62636","post","type-post","status-publish","format-standard","has-post-thumbnail","hentry","category-filosofia-del-comunismo","category-libri","tag-cambogia","tag-genocidio","tag-kmer-rossi","item-wrap"],"yoast_head":"<!-- This site is optimized with the Yoast SEO plugin v27.5 - https:\/\/yoast.com\/product\/yoast-seo-wordpress\/ -->\n<title>&quot;Oltre il cielo&quot;: un libro per riflettere sul genocidio in Cambogia - Rassegna Stampa Cattolica<\/title>\n<meta name=\"description\" content=\"&quot;Oltre il cielo&quot;: un libro per riflettere sul genocidio in Cambogia\" \/>\n<meta name=\"robots\" content=\"index, follow, max-snippet:-1, max-image-preview:large, max-video-preview:-1\" \/>\n<link rel=\"canonical\" href=\"https:\/\/www.rassegnastampa-totustuus.it\/cattolica\/oltre-il-cielo-un-libro-per-riflettere-sul-genocidio-in-cambogia\/\" \/>\n<meta property=\"og:locale\" content=\"it_IT\" \/>\n<meta property=\"og:type\" content=\"article\" \/>\n<meta property=\"og:title\" content=\"&quot;Oltre il cielo&quot;: un libro per riflettere sul genocidio in Cambogia - Rassegna Stampa Cattolica\" \/>\n<meta property=\"og:description\" content=\"&quot;Oltre il cielo&quot;: un libro per riflettere sul genocidio in Cambogia\" \/>\n<meta property=\"og:url\" content=\"https:\/\/www.rassegnastampa-totustuus.it\/cattolica\/oltre-il-cielo-un-libro-per-riflettere-sul-genocidio-in-cambogia\/\" \/>\n<meta property=\"og:site_name\" content=\"Rassegna Stampa Cattolica\" \/>\n<meta property=\"article:publisher\" content=\"https:\/\/www.facebook.com\/rassegnastampacattolica\" \/>\n<meta property=\"article:published_time\" content=\"2025-06-02T07:40:14+00:00\" \/>\n<meta property=\"article:modified_time\" content=\"2025-06-02T07:40:15+00:00\" \/>\n<meta property=\"og:image\" content=\"https:\/\/www.rassegnastampa-totustuus.it\/cattolica\/wp-content\/uploads\/2025\/06\/comunismo_Cambogia_Kmer_rossi.jpeg\" \/>\n\t<meta property=\"og:image:width\" content=\"340\" \/>\n\t<meta property=\"og:image:height\" content=\"180\" \/>\n\t<meta property=\"og:image:type\" content=\"image\/jpeg\" \/>\n<meta name=\"author\" content=\"Redazione\" \/>\n<meta name=\"twitter:card\" content=\"summary_large_image\" \/>\n<meta name=\"twitter:creator\" content=\"@rassegnastampa9\" \/>\n<meta name=\"twitter:site\" content=\"@rassegnastampa9\" \/>\n<meta name=\"twitter:label1\" content=\"Scritto da\" \/>\n\t<meta name=\"twitter:data1\" content=\"Redazione\" \/>\n\t<meta name=\"twitter:label2\" content=\"Tempo di lettura stimato\" \/>\n\t<meta name=\"twitter:data2\" content=\"4 minuti\" \/>\n<script type=\"application\/ld+json\" class=\"yoast-schema-graph\">{\"@context\":\"https:\\\/\\\/schema.org\",\"@graph\":[{\"@type\":\"Article\",\"@id\":\"https:\\\/\\\/www.rassegnastampa-totustuus.it\\\/cattolica\\\/oltre-il-cielo-un-libro-per-riflettere-sul-genocidio-in-cambogia\\\/#article\",\"isPartOf\":{\"@id\":\"https:\\\/\\\/www.rassegnastampa-totustuus.it\\\/cattolica\\\/oltre-il-cielo-un-libro-per-riflettere-sul-genocidio-in-cambogia\\\/\"},\"author\":{\"name\":\"Redazione\",\"@id\":\"https:\\\/\\\/www.rassegnastampa-totustuus.it\\\/cattolica\\\/#\\\/schema\\\/person\\\/08f319d2bd1a0904ad9e2bfb7b15e5c3\"},\"headline\":\"&#8220;Oltre il cielo&#8221;: un libro per riflettere sul genocidio in Cambogia\",\"datePublished\":\"2025-06-02T07:40:14+00:00\",\"dateModified\":\"2025-06-02T07:40:15+00:00\",\"mainEntityOfPage\":{\"@id\":\"https:\\\/\\\/www.rassegnastampa-totustuus.it\\\/cattolica\\\/oltre-il-cielo-un-libro-per-riflettere-sul-genocidio-in-cambogia\\\/\"},\"wordCount\":493,\"publisher\":{\"@id\":\"https:\\\/\\\/www.rassegnastampa-totustuus.it\\\/cattolica\\\/#organization\"},\"image\":{\"@id\":\"https:\\\/\\\/www.rassegnastampa-totustuus.it\\\/cattolica\\\/oltre-il-cielo-un-libro-per-riflettere-sul-genocidio-in-cambogia\\\/#primaryimage\"},\"thumbnailUrl\":\"https:\\\/\\\/www.rassegnastampa-totustuus.it\\\/cattolica\\\/wp-content\\\/uploads\\\/2025\\\/06\\\/comunismo_Cambogia_Kmer_rossi.jpeg\",\"keywords\":[\"Cambogia\",\"genocidio\",\"kmer rossi\"],\"articleSection\":[\"Comunismo\",\"Libri\"],\"inLanguage\":\"it-IT\"},{\"@type\":\"WebPage\",\"@id\":\"https:\\\/\\\/www.rassegnastampa-totustuus.it\\\/cattolica\\\/oltre-il-cielo-un-libro-per-riflettere-sul-genocidio-in-cambogia\\\/\",\"url\":\"https:\\\/\\\/www.rassegnastampa-totustuus.it\\\/cattolica\\\/oltre-il-cielo-un-libro-per-riflettere-sul-genocidio-in-cambogia\\\/\",\"name\":\"\\\"Oltre il cielo\\\": un libro per riflettere sul genocidio in Cambogia - Rassegna Stampa Cattolica\",\"isPartOf\":{\"@id\":\"https:\\\/\\\/www.rassegnastampa-totustuus.it\\\/cattolica\\\/#website\"},\"primaryImageOfPage\":{\"@id\":\"https:\\\/\\\/www.rassegnastampa-totustuus.it\\\/cattolica\\\/oltre-il-cielo-un-libro-per-riflettere-sul-genocidio-in-cambogia\\\/#primaryimage\"},\"image\":{\"@id\":\"https:\\\/\\\/www.rassegnastampa-totustuus.it\\\/cattolica\\\/oltre-il-cielo-un-libro-per-riflettere-sul-genocidio-in-cambogia\\\/#primaryimage\"},\"thumbnailUrl\":\"https:\\\/\\\/www.rassegnastampa-totustuus.it\\\/cattolica\\\/wp-content\\\/uploads\\\/2025\\\/06\\\/comunismo_Cambogia_Kmer_rossi.jpeg\",\"datePublished\":\"2025-06-02T07:40:14+00:00\",\"dateModified\":\"2025-06-02T07:40:15+00:00\",\"description\":\"\\\"Oltre il cielo\\\": un libro per riflettere sul genocidio in Cambogia\",\"breadcrumb\":{\"@id\":\"https:\\\/\\\/www.rassegnastampa-totustuus.it\\\/cattolica\\\/oltre-il-cielo-un-libro-per-riflettere-sul-genocidio-in-cambogia\\\/#breadcrumb\"},\"inLanguage\":\"it-IT\",\"potentialAction\":[{\"@type\":\"ReadAction\",\"target\":[\"https:\\\/\\\/www.rassegnastampa-totustuus.it\\\/cattolica\\\/oltre-il-cielo-un-libro-per-riflettere-sul-genocidio-in-cambogia\\\/\"]}]},{\"@type\":\"ImageObject\",\"inLanguage\":\"it-IT\",\"@id\":\"https:\\\/\\\/www.rassegnastampa-totustuus.it\\\/cattolica\\\/oltre-il-cielo-un-libro-per-riflettere-sul-genocidio-in-cambogia\\\/#primaryimage\",\"url\":\"https:\\\/\\\/www.rassegnastampa-totustuus.it\\\/cattolica\\\/wp-content\\\/uploads\\\/2025\\\/06\\\/comunismo_Cambogia_Kmer_rossi.jpeg\",\"contentUrl\":\"https:\\\/\\\/www.rassegnastampa-totustuus.it\\\/cattolica\\\/wp-content\\\/uploads\\\/2025\\\/06\\\/comunismo_Cambogia_Kmer_rossi.jpeg\",\"width\":340,\"height\":180},{\"@type\":\"BreadcrumbList\",\"@id\":\"https:\\\/\\\/www.rassegnastampa-totustuus.it\\\/cattolica\\\/oltre-il-cielo-un-libro-per-riflettere-sul-genocidio-in-cambogia\\\/#breadcrumb\",\"itemListElement\":[{\"@type\":\"ListItem\",\"position\":1,\"name\":\"Home\",\"item\":\"https:\\\/\\\/www.rassegnastampa-totustuus.it\\\/cattolica\\\/\"},{\"@type\":\"ListItem\",\"position\":2,\"name\":\"&#8220;Oltre il cielo&#8221;: un libro per riflettere sul genocidio in Cambogia\"}]},{\"@type\":\"WebSite\",\"@id\":\"https:\\\/\\\/www.rassegnastampa-totustuus.it\\\/cattolica\\\/#website\",\"url\":\"https:\\\/\\\/www.rassegnastampa-totustuus.it\\\/cattolica\\\/\",\"name\":\"Rassegna Stampa Cattolica\",\"description\":\"Per una cultura che nasce dalla Rivelazione cristiana in conformit\u00e0 alla tradizione e al Magistero della Chiesa in opposizione ad ogni relativismo e totalitarismo\",\"publisher\":{\"@id\":\"https:\\\/\\\/www.rassegnastampa-totustuus.it\\\/cattolica\\\/#organization\"},\"alternateName\":\"Rass. Cattolica\",\"potentialAction\":[{\"@type\":\"SearchAction\",\"target\":{\"@type\":\"EntryPoint\",\"urlTemplate\":\"https:\\\/\\\/www.rassegnastampa-totustuus.it\\\/cattolica\\\/?s={search_term_string}\"},\"query-input\":{\"@type\":\"PropertyValueSpecification\",\"valueRequired\":true,\"valueName\":\"search_term_string\"}}],\"inLanguage\":\"it-IT\"},{\"@type\":\"Organization\",\"@id\":\"https:\\\/\\\/www.rassegnastampa-totustuus.it\\\/cattolica\\\/#organization\",\"name\":\"Rassegna Stampa Cattolica\",\"url\":\"https:\\\/\\\/www.rassegnastampa-totustuus.it\\\/cattolica\\\/\",\"logo\":{\"@type\":\"ImageObject\",\"inLanguage\":\"it-IT\",\"@id\":\"https:\\\/\\\/www.rassegnastampa-totustuus.it\\\/cattolica\\\/#\\\/schema\\\/logo\\\/image\\\/\",\"url\":\"https:\\\/\\\/www.rassegnastampa-totustuus.it\\\/cattolica\\\/wp-content\\\/uploads\\\/2014\\\/04\\\/logo-rassegna1.gif\",\"contentUrl\":\"https:\\\/\\\/www.rassegnastampa-totustuus.it\\\/cattolica\\\/wp-content\\\/uploads\\\/2014\\\/04\\\/logo-rassegna1.gif\",\"width\":600,\"height\":163,\"caption\":\"Rassegna Stampa Cattolica\"},\"image\":{\"@id\":\"https:\\\/\\\/www.rassegnastampa-totustuus.it\\\/cattolica\\\/#\\\/schema\\\/logo\\\/image\\\/\"},\"sameAs\":[\"https:\\\/\\\/www.facebook.com\\\/rassegnastampacattolica\",\"https:\\\/\\\/x.com\\\/rassegnastampa9\"]},{\"@type\":\"Person\",\"@id\":\"https:\\\/\\\/www.rassegnastampa-totustuus.it\\\/cattolica\\\/#\\\/schema\\\/person\\\/08f319d2bd1a0904ad9e2bfb7b15e5c3\",\"name\":\"Redazione\",\"image\":{\"@type\":\"ImageObject\",\"inLanguage\":\"it-IT\",\"@id\":\"https:\\\/\\\/secure.gravatar.com\\\/avatar\\\/2fcdf27c78ea025fbdb44e914cc63c72249ffec9dc8aafd5c82b26240ef3f346?s=96&d=mm&r=g\",\"url\":\"https:\\\/\\\/secure.gravatar.com\\\/avatar\\\/2fcdf27c78ea025fbdb44e914cc63c72249ffec9dc8aafd5c82b26240ef3f346?s=96&d=mm&r=g\",\"contentUrl\":\"https:\\\/\\\/secure.gravatar.com\\\/avatar\\\/2fcdf27c78ea025fbdb44e914cc63c72249ffec9dc8aafd5c82b26240ef3f346?s=96&d=mm&r=g\",\"caption\":\"Redazione\"},\"url\":\"https:\\\/\\\/www.rassegnastampa-totustuus.it\\\/cattolica\\\/author\\\/pietroelle\\\/\"}]}<\/script>\n<!-- \/ Yoast SEO plugin. -->","yoast_head_json":{"title":"\"Oltre il cielo\": un libro per riflettere sul genocidio in Cambogia - Rassegna Stampa Cattolica","description":"\"Oltre il cielo\": un libro per riflettere sul genocidio in Cambogia","robots":{"index":"index","follow":"follow","max-snippet":"max-snippet:-1","max-image-preview":"max-image-preview:large","max-video-preview":"max-video-preview:-1"},"canonical":"https:\/\/www.rassegnastampa-totustuus.it\/cattolica\/oltre-il-cielo-un-libro-per-riflettere-sul-genocidio-in-cambogia\/","og_locale":"it_IT","og_type":"article","og_title":"\"Oltre il cielo\": un libro per riflettere sul genocidio in Cambogia - Rassegna Stampa Cattolica","og_description":"\"Oltre il cielo\": un libro per riflettere sul genocidio in Cambogia","og_url":"https:\/\/www.rassegnastampa-totustuus.it\/cattolica\/oltre-il-cielo-un-libro-per-riflettere-sul-genocidio-in-cambogia\/","og_site_name":"Rassegna Stampa Cattolica","article_publisher":"https:\/\/www.facebook.com\/rassegnastampacattolica","article_published_time":"2025-06-02T07:40:14+00:00","article_modified_time":"2025-06-02T07:40:15+00:00","og_image":[{"width":340,"height":180,"url":"https:\/\/www.rassegnastampa-totustuus.it\/cattolica\/wp-content\/uploads\/2025\/06\/comunismo_Cambogia_Kmer_rossi.jpeg","type":"image\/jpeg"}],"author":"Redazione","twitter_card":"summary_large_image","twitter_creator":"@rassegnastampa9","twitter_site":"@rassegnastampa9","twitter_misc":{"Scritto da":"Redazione","Tempo di lettura stimato":"4 minuti"},"schema":{"@context":"https:\/\/schema.org","@graph":[{"@type":"Article","@id":"https:\/\/www.rassegnastampa-totustuus.it\/cattolica\/oltre-il-cielo-un-libro-per-riflettere-sul-genocidio-in-cambogia\/#article","isPartOf":{"@id":"https:\/\/www.rassegnastampa-totustuus.it\/cattolica\/oltre-il-cielo-un-libro-per-riflettere-sul-genocidio-in-cambogia\/"},"author":{"name":"Redazione","@id":"https:\/\/www.rassegnastampa-totustuus.it\/cattolica\/#\/schema\/person\/08f319d2bd1a0904ad9e2bfb7b15e5c3"},"headline":"&#8220;Oltre il cielo&#8221;: un libro per riflettere sul genocidio in Cambogia","datePublished":"2025-06-02T07:40:14+00:00","dateModified":"2025-06-02T07:40:15+00:00","mainEntityOfPage":{"@id":"https:\/\/www.rassegnastampa-totustuus.it\/cattolica\/oltre-il-cielo-un-libro-per-riflettere-sul-genocidio-in-cambogia\/"},"wordCount":493,"publisher":{"@id":"https:\/\/www.rassegnastampa-totustuus.it\/cattolica\/#organization"},"image":{"@id":"https:\/\/www.rassegnastampa-totustuus.it\/cattolica\/oltre-il-cielo-un-libro-per-riflettere-sul-genocidio-in-cambogia\/#primaryimage"},"thumbnailUrl":"https:\/\/www.rassegnastampa-totustuus.it\/cattolica\/wp-content\/uploads\/2025\/06\/comunismo_Cambogia_Kmer_rossi.jpeg","keywords":["Cambogia","genocidio","kmer rossi"],"articleSection":["Comunismo","Libri"],"inLanguage":"it-IT"},{"@type":"WebPage","@id":"https:\/\/www.rassegnastampa-totustuus.it\/cattolica\/oltre-il-cielo-un-libro-per-riflettere-sul-genocidio-in-cambogia\/","url":"https:\/\/www.rassegnastampa-totustuus.it\/cattolica\/oltre-il-cielo-un-libro-per-riflettere-sul-genocidio-in-cambogia\/","name":"\"Oltre il cielo\": un libro per riflettere sul genocidio in Cambogia - Rassegna Stampa Cattolica","isPartOf":{"@id":"https:\/\/www.rassegnastampa-totustuus.it\/cattolica\/#website"},"primaryImageOfPage":{"@id":"https:\/\/www.rassegnastampa-totustuus.it\/cattolica\/oltre-il-cielo-un-libro-per-riflettere-sul-genocidio-in-cambogia\/#primaryimage"},"image":{"@id":"https:\/\/www.rassegnastampa-totustuus.it\/cattolica\/oltre-il-cielo-un-libro-per-riflettere-sul-genocidio-in-cambogia\/#primaryimage"},"thumbnailUrl":"https:\/\/www.rassegnastampa-totustuus.it\/cattolica\/wp-content\/uploads\/2025\/06\/comunismo_Cambogia_Kmer_rossi.jpeg","datePublished":"2025-06-02T07:40:14+00:00","dateModified":"2025-06-02T07:40:15+00:00","description":"\"Oltre il cielo\": un libro per riflettere sul genocidio in Cambogia","breadcrumb":{"@id":"https:\/\/www.rassegnastampa-totustuus.it\/cattolica\/oltre-il-cielo-un-libro-per-riflettere-sul-genocidio-in-cambogia\/#breadcrumb"},"inLanguage":"it-IT","potentialAction":[{"@type":"ReadAction","target":["https:\/\/www.rassegnastampa-totustuus.it\/cattolica\/oltre-il-cielo-un-libro-per-riflettere-sul-genocidio-in-cambogia\/"]}]},{"@type":"ImageObject","inLanguage":"it-IT","@id":"https:\/\/www.rassegnastampa-totustuus.it\/cattolica\/oltre-il-cielo-un-libro-per-riflettere-sul-genocidio-in-cambogia\/#primaryimage","url":"https:\/\/www.rassegnastampa-totustuus.it\/cattolica\/wp-content\/uploads\/2025\/06\/comunismo_Cambogia_Kmer_rossi.jpeg","contentUrl":"https:\/\/www.rassegnastampa-totustuus.it\/cattolica\/wp-content\/uploads\/2025\/06\/comunismo_Cambogia_Kmer_rossi.jpeg","width":340,"height":180},{"@type":"BreadcrumbList","@id":"https:\/\/www.rassegnastampa-totustuus.it\/cattolica\/oltre-il-cielo-un-libro-per-riflettere-sul-genocidio-in-cambogia\/#breadcrumb","itemListElement":[{"@type":"ListItem","position":1,"name":"Home","item":"https:\/\/www.rassegnastampa-totustuus.it\/cattolica\/"},{"@type":"ListItem","position":2,"name":"&#8220;Oltre il cielo&#8221;: un libro per riflettere sul genocidio in Cambogia"}]},{"@type":"WebSite","@id":"https:\/\/www.rassegnastampa-totustuus.it\/cattolica\/#website","url":"https:\/\/www.rassegnastampa-totustuus.it\/cattolica\/","name":"Rassegna Stampa Cattolica","description":"Per una cultura che nasce dalla Rivelazione cristiana in conformit\u00e0 alla tradizione e al Magistero della Chiesa in opposizione ad ogni relativismo e totalitarismo","publisher":{"@id":"https:\/\/www.rassegnastampa-totustuus.it\/cattolica\/#organization"},"alternateName":"Rass. Cattolica","potentialAction":[{"@type":"SearchAction","target":{"@type":"EntryPoint","urlTemplate":"https:\/\/www.rassegnastampa-totustuus.it\/cattolica\/?s={search_term_string}"},"query-input":{"@type":"PropertyValueSpecification","valueRequired":true,"valueName":"search_term_string"}}],"inLanguage":"it-IT"},{"@type":"Organization","@id":"https:\/\/www.rassegnastampa-totustuus.it\/cattolica\/#organization","name":"Rassegna Stampa Cattolica","url":"https:\/\/www.rassegnastampa-totustuus.it\/cattolica\/","logo":{"@type":"ImageObject","inLanguage":"it-IT","@id":"https:\/\/www.rassegnastampa-totustuus.it\/cattolica\/#\/schema\/logo\/image\/","url":"https:\/\/www.rassegnastampa-totustuus.it\/cattolica\/wp-content\/uploads\/2014\/04\/logo-rassegna1.gif","contentUrl":"https:\/\/www.rassegnastampa-totustuus.it\/cattolica\/wp-content\/uploads\/2014\/04\/logo-rassegna1.gif","width":600,"height":163,"caption":"Rassegna Stampa Cattolica"},"image":{"@id":"https:\/\/www.rassegnastampa-totustuus.it\/cattolica\/#\/schema\/logo\/image\/"},"sameAs":["https:\/\/www.facebook.com\/rassegnastampacattolica","https:\/\/x.com\/rassegnastampa9"]},{"@type":"Person","@id":"https:\/\/www.rassegnastampa-totustuus.it\/cattolica\/#\/schema\/person\/08f319d2bd1a0904ad9e2bfb7b15e5c3","name":"Redazione","image":{"@type":"ImageObject","inLanguage":"it-IT","@id":"https:\/\/secure.gravatar.com\/avatar\/2fcdf27c78ea025fbdb44e914cc63c72249ffec9dc8aafd5c82b26240ef3f346?s=96&d=mm&r=g","url":"https:\/\/secure.gravatar.com\/avatar\/2fcdf27c78ea025fbdb44e914cc63c72249ffec9dc8aafd5c82b26240ef3f346?s=96&d=mm&r=g","contentUrl":"https:\/\/secure.gravatar.com\/avatar\/2fcdf27c78ea025fbdb44e914cc63c72249ffec9dc8aafd5c82b26240ef3f346?s=96&d=mm&r=g","caption":"Redazione"},"url":"https:\/\/www.rassegnastampa-totustuus.it\/cattolica\/author\/pietroelle\/"}]}},"_links":{"self":[{"href":"https:\/\/www.rassegnastampa-totustuus.it\/cattolica\/wp-json\/wp\/v2\/posts\/62636","targetHints":{"allow":["GET"]}}],"collection":[{"href":"https:\/\/www.rassegnastampa-totustuus.it\/cattolica\/wp-json\/wp\/v2\/posts"}],"about":[{"href":"https:\/\/www.rassegnastampa-totustuus.it\/cattolica\/wp-json\/wp\/v2\/types\/post"}],"author":[{"embeddable":true,"href":"https:\/\/www.rassegnastampa-totustuus.it\/cattolica\/wp-json\/wp\/v2\/users\/6"}],"replies":[{"embeddable":true,"href":"https:\/\/www.rassegnastampa-totustuus.it\/cattolica\/wp-json\/wp\/v2\/comments?post=62636"}],"version-history":[{"count":1,"href":"https:\/\/www.rassegnastampa-totustuus.it\/cattolica\/wp-json\/wp\/v2\/posts\/62636\/revisions"}],"predecessor-version":[{"id":62640,"href":"https:\/\/www.rassegnastampa-totustuus.it\/cattolica\/wp-json\/wp\/v2\/posts\/62636\/revisions\/62640"}],"wp:featuredmedia":[{"embeddable":true,"href":"https:\/\/www.rassegnastampa-totustuus.it\/cattolica\/wp-json\/wp\/v2\/media\/62638"}],"wp:attachment":[{"href":"https:\/\/www.rassegnastampa-totustuus.it\/cattolica\/wp-json\/wp\/v2\/media?parent=62636"}],"wp:term":[{"taxonomy":"category","embeddable":true,"href":"https:\/\/www.rassegnastampa-totustuus.it\/cattolica\/wp-json\/wp\/v2\/categories?post=62636"},{"taxonomy":"post_tag","embeddable":true,"href":"https:\/\/www.rassegnastampa-totustuus.it\/cattolica\/wp-json\/wp\/v2\/tags?post=62636"}],"curies":[{"name":"wp","href":"https:\/\/api.w.org\/{rel}","templated":true}]}}