{"id":62633,"date":"2025-05-30T12:24:18","date_gmt":"2025-05-30T10:24:18","guid":{"rendered":"https:\/\/www.rassegnastampa-totustuus.it\/cattolica\/?p=62633"},"modified":"2025-05-30T12:24:19","modified_gmt":"2025-05-30T10:24:19","slug":"riarmare-leuropa-per-distruggerla","status":"publish","type":"post","link":"https:\/\/www.rassegnastampa-totustuus.it\/cattolica\/riarmare-leuropa-per-distruggerla\/","title":{"rendered":"Riarmare l\u2019Europa per distruggerla"},"content":{"rendered":"\n<p class=\"has-text-align-center\"><strong>Imola Oggi<\/strong> 22 Marzo 2025<\/p>\n\n\n\n<p><em>\u201cPer quanto non si possa dire pubblicamente, il fatto \u00e8 che l\u2019Europa per consolidarsi avr\u00e0 bisogno di una guerra contro l\u2019Unione Sovietica da saper fare al momento buono\u201d. (Diario europeo \u2013 Altiero Spinelli, pag. 175, Il Mulino 1948\/69)<\/em><\/p>\n\n\n\n<p class=\"has-text-align-center\">di<strong> Rosaria Impenna<\/strong><\/p>\n\n\n<div class=\"wp-block-image\">\n<figure class=\"aligncenter size-full\"><a href=\"https:\/\/www.rassegnastampa-totustuus.it\/cattolica\/wp-content\/uploads\/2025\/05\/Europa_esercito_armi_guerra.jpeg\"><img loading=\"lazy\" decoding=\"async\" width=\"474\" height=\"266\" src=\"https:\/\/www.rassegnastampa-totustuus.it\/cattolica\/wp-content\/uploads\/2025\/05\/Europa_esercito_armi_guerra.jpeg\" alt=\"\" class=\"wp-image-62634\"\/><\/a><\/figure><\/div>\n\n\n<!--more-->\n\n\n\n<p>Come ammetteva il suo padre fondatore, l\u2019Unione Europea per sopravvivere ha bisogno della guerra con la Russia, non della pace. Per questo dalla UE non basta uscire. Essa va distrutta, per poi cospargere di sale le sue rovine, nelle varie sedi istituzionali, di modo che non rinasca mai pi\u00f9. Perch\u00e9 questo amalgama impossibile \u00e8 nato sul falso, subdolo e solo in apparenza seducente principio del \u201ctrionfo della democrazia\u201d, che tradotto nella neo-lingua significa: un governo di pochissimi e perlopi\u00f9 banchieri.<\/p>\n\n\n\n<p>Salvare la storia dalla violenza della politica \u00e8 un compito cui nessuno pu\u00f2 sottrarsi, ci ricordava Ida Magli in uno dei suoi tanti scritti rivolti agli Italiani, per scuoterli dalla <strong>ferocia del progetto europeo<\/strong>, che la studiosa era riuscita a \u201cvedere\u201d cogliendone sin da subito gli aspetti pi\u00f9 insidiosi. Dato che per lei, \u201cnulla era nascosto meglio di ci\u00f2 che sta sotto gli occhi\u201d, le era chiarissimo, dopo aver letto il Trattato di Maastricht nel lontano 1992, scorgere le nefaste realt\u00e0 politiche, economiche e sociali che si sarebbero dipanate.<\/p>\n\n\n\n<p>Fenomeni come l\u2019<strong>omologazione dei popoli,<\/strong> l\u2019uguaglianza \u201cconcreta\u201d fra tutti gli individui, la mondializzazione dei costumi, la <strong>riduzione delle religioni ad un\u2019unica,<\/strong> generica fede in un Dio creatore, e soprattutto la<strong> libert\u00e0 assoluta del mercato,<\/strong> a suo avviso avrebbero portato ad un Potere ramificato in innumerevoli tentacoli sotto la forma di associazioni e organismi per sopraffare i popoli. E aveva compreso che un\u2019organizzazione fortissima, con un disegno ben definito, alla quale avrebbero aderito gli uomini pi\u00f9 potenti e i banchieri pi\u00f9 ricchi del mondo, sarebbe riuscita a realizzare un \u201c<strong>progetto quasi non possibile: l\u2019eliminazione degli Stati\u201d<\/strong>. A favore di un mondo plasmato in un unico ordine e diretto da un unico governo.<\/p>\n\n\n<div class=\"wp-block-image\">\n<figure class=\"aligncenter size-full\"><a href=\"https:\/\/www.rassegnastampa-totustuus.it\/cattolica\/wp-content\/uploads\/2025\/04\/altiero_Spinelli_Europa_ventotene.jpg\"><img loading=\"lazy\" decoding=\"async\" width=\"394\" height=\"247\" src=\"https:\/\/www.rassegnastampa-totustuus.it\/cattolica\/wp-content\/uploads\/2025\/04\/altiero_Spinelli_Europa_ventotene.jpg\" alt=\"\" class=\"wp-image-62471\"\/><\/a><figcaption class=\"wp-element-caption\">Altiero Spinelli<\/figcaption><\/figure><\/div>\n\n\n<p>L\u2019antropologa dal \u201992, con gli efficaci strumenti della sua disciplina studi\u00f2 l\u2019itinerario che si avviava ad intraprendere l\u2019Europa notando subito una singolarit\u00e0, i suoi libri, come quelli di altri autori che si occupavano di mondialismo e dei disastri a cui avrebbe portato la moneta unica, non venivano commentati. La prova di tale silenzio diceva, \u00e8 chiarissima: <strong>i mezzi d\u2019informazione appartengono ai grandi finanzieri e ai grandi banchieri mondialisti. Per questo tacciono.<\/strong>&nbsp;E\u2019 un nuovo tipo di totalitarismo, impercettibile ma efficace, perch\u00e9 costringe in modo assoluto, tutti i politici e i giornalisti al silenzio.<\/p>\n\n\n\n<p>I vecchi uffici di censura sono stati gradualmente scalzati via dall\u2019avvento dalle varie Leghe Antidiffamazione concepite per sorvegliare e punire i semplici cittadini per qualsiasi espressione non rispondente ai principi del politicamente corretto e oggi dell\u2019ideologia Woke. D\u2019altronde, se la meta da raggiungere \u00e8 la realizzazione di un\u2019unica e indefinita civilt\u00e0 planetaria, il cammino da percorrere si avvale di precise tappe. Come prima cosa a <strong>distruzione delle identit\u00e0 nazionali,<\/strong> da perseguire attraverso la sovversione dei valori; poi il controllo centralizzato di tutti i sistemi educativi e l\u2019eliminazione della conoscenza della storia. Il sapere che avrebbe ostacolato l\u2019accettazione del Nuovo Ordine Mondiale.<\/p>\n\n\n\n<p>Ai suoi occhi attenti non sfugg\u00ec che da un giorno all\u2019altro le due guerre mondiali del Novecento furono trasformate concettualmente, per essere poi definite: \u201cUn\u2019unica guerra civile\u201d. Una falsificazione della storia clamorosa, inaudita, ma in linea con il mirabile partito del Socing: \u201cChi controlla il passato controlla il futuro\u201d.<\/p>\n\n\n\n<p>L\u2019invenzione della \u201cguerra civile\u201d aveva invece una sua logica nel distopico progetto di Unificazione: se i popoli d\u2019Europa sono \u201cfratelli\u201d, un\u2019unica Nazione, un unico Stato, la guerra fra di loro \u00e8 una \u201cguerra civile\u201d, ovviamente. La studiosa aveva compreso che <strong>attraverso il linguaggio si plasmano in profondit\u00e0 pensieri, concetti e sentiment<\/strong>i non soltanto di singoli individui, ma di moltitudini, di popoli interi, affinch\u00e9 possano somigliarsi. E notava: \u201cTanto pi\u00f9 l\u2019uomo \u00e8 privo di volont\u00e0 personale, tanto pi\u00f9 obbedisce a chi comanda\u201d.<\/p>\n\n\n\n<p>Paradossalmente, proprio nell\u2019Unione Europea i popoli non hanno diritto ad esprimere la propria opinione sulla politica estera, ossia sulla pace e sulla guerra. Essi sono inermi di fronte a chi detiene il potere. Oggi ci \u00e8 particolarmente chiaro che tutta la costruzione del Progetto Europa \u00e8 servita ad un cruciale ribaltamento: i banchieri governano, i politici eseguono. Infatti, il sigillo dei banchieri \u00e8 chiarissimo e riconoscibile, ridurre al minimo la quantit\u00e0 di contante disponibile, fino a farla magari sparire del tutto. E\u2019 questo che costituisce il massimo del controllo, e dunque il massimo del dispotismo.<\/p>\n\n\n\n<p><strong>Ma i popoli d\u2019Europa sono ormai un\u2019accozzaglia indistinta; sudditi di Stati che non sono pi\u00f9 tali e di un finto Sovrastato<\/strong>. Cos\u00ec l\u2019Italia, da tempo non \u00e8 pi\u00f9 una Nazione libera e sovrana in quanto non batte moneta e non ha pi\u00f9 i propri confini. E l\u2019Europea non \u00e8 n\u00e9 una Stato, n\u00e9 un Sovrastato, tutto quello che ha fatto e fa \u00e8 pertanto illegittimo, falso e ingannevole, ricorda Magli.<\/p>\n\n\n\n<p>Il problema \u00e8 allora il seguente, <strong>dove ci porteranno dei mentitori cos\u00ec spudorati e traditori dei popoli<\/strong> che tanto si spesero nel farci credere che l\u2019Unione Europea nasceva come patto per la pace, per evitare che proprio quegli Stati che si erano fatti la guerra in continuazione, continuassero a farsela?<\/p>\n\n\n\n<p>Basta enumerare le guerre che viceversa si sono succedute dal \u201992 a partire da quella Balcanica, passando per l\u2019Irak, Afganisthan, Libia, inclusi i conflitti prodotti dalle primavere arabe, per inquadrare meglio l\u2019attuale ruolo di Ursula Von der Leyen. Presidente di una Commissione non eletta, ma paradossalmente l\u2019unico organismo istituzionale ad esercitare sia il potere legislativo che esecutivo. La baronessa ha tuonato: \u201cLa UE deve riarmarsi, finite le illusioni. Momento della pace attraverso la forza\u201d.<\/p>\n\n\n\n<p>E quale eccitazione accompagna queste parole, quale seguito elettrizzante genera nella maggior parte dei capi di governo europei, ma quanto sgomento, rabbia, sdegno, sentimento di oltraggio suscita nei popoli. Il conto del riarmo stabilito in tutta fretta, di 800 miliardi circa, dovrebbe renderci davvero pi\u00f9 sicuri, togliendo la medesima cifra a ospedali, strade, varie infrastrutture, scuole, arte e cultura? A quali tradimenti inauditi stiamo assistendo.<\/p>\n\n\n\n<p>Eppure, Ida Magli ci aveva avvisati e fatto capire nei modi pi\u00f9 rigorosi e dettagliati che <strong>la costruzione dell\u2019Unione Europea \u00e8 stata pensata e compiuta da persone pericolosissime<\/strong> perch\u00e9 adoperano il sapere e il Potere contro di noi, contro tutti i popoli, in funzione degli scopi che si sono prefissi. Come non vedere infatti, nelle vicende del momento, una sgangherata farsa da far accettare alla popolazione resa mansueta, plagiata e sempre pi\u00f9 truffata.<\/p>\n\n\n\n<p>Dovremmo armarci per fare dispetto a Trump e andare contro Putin, anche se finora l\u2019Europa non ha ricevuto alcuna minaccia dalla Russia. Ma l\u2019UE, manovrata dal \u201cLaboratorio per la Distruzione\u201d, concepito per prendere il comando dei governi e dei politici \u00e8 nata e si \u00e8 sviluppata accelerando alcune sue fasi proprio grazie alle crisi.<\/p>\n\n\n\n<p><strong>L\u2019avevano gi\u00e0 scritto Helmut Schmidt e Jean Monnet, \u201cl\u2019Europa vive di crisi\u201d<\/strong>; dato che ogni suo sviluppo \u00e8 Stato determinato da una crisi, che a sua volta ha provvidenzialmente \u201csuggerito\u201d i rimedi per superarla. Un esempio eloquente \u00e8 quello della espansione del debito, e di una serie di sistemi restrittivi per la popolazione, in occasione della recente pandemia.<\/p>\n\n\n\n<p><strong>L\u2019attuale riarmo per un nemico inesistente impoverirebbe pesantemente gli Europei<\/strong>, i quali sembrano ingombranti in questo Continente, quasi degli usurpatori, illegittimi occupanti di un suolo destinato ad altri. La popolazione delle Nazioni d\u2019Europa pare contaminare il territorio su cui risiede da millenni. La salvezza sembra consistere nella eliminazione, distruzione, o definitiva sottomissione di questi popoli.<\/p>\n\n\n\n<p>\u201cVittime ignare e indifese nelle mani di governanti traditori etero diretti, che sanno e che non sanno, ma che in ogni caso sono talmente accecati dalla passione esclusiva del proprio potere da non riservare neanche un pensiero al popolo di cui sono responsabili\u201d. Senza rinunciare mai a denunciare e smascherare la realt\u00e0 implacabile delle cose, Ida Magli \u00e8 anche la studiosa che sapeva bene, conoscendo la storia degli Italiani, quanto solo la ribellione dell\u2019intelletto, pi\u00f9 che della spada, pu\u00f2 combattere e mettere in crisi il Potere.<\/p>\n","protected":false},"excerpt":{"rendered":"<p>Imola Oggi 22 Marzo 2025 \u201cPer quanto non si possa dire pubblicamente, il fatto \u00e8 che l\u2019Europa per consolidarsi avr\u00e0 bisogno di una guerra contro l\u2019Unione Sovietica da saper fare al momento buono\u201d. (Diario europeo \u2013 Altiero Spinelli, pag. 175, Il Mulino 1948\/69) di Rosaria Impenna<\/p><p><a class=\"more-link btn\" href=\"https:\/\/www.rassegnastampa-totustuus.it\/cattolica\/riarmare-leuropa-per-distruggerla\/\">Continua a leggere<\/a><\/p>\n","protected":false},"author":6,"featured_media":62634,"comment_status":"closed","ping_status":"closed","sticky":false,"template":"","format":"standard","meta":{"footnotes":""},"categories":[14],"tags":[3146],"class_list":["post-62633","post","type-post","status-publish","format-standard","has-post-thumbnail","hentry","category-europa-e-ue","tag-altiero-spinelli","item-wrap"],"yoast_head":"<!-- This site is optimized with the Yoast SEO plugin v27.4 - https:\/\/yoast.com\/product\/yoast-seo-wordpress\/ -->\n<title>Riarmare l\u2019Europa per distruggerla - Rassegna Stampa Cattolica<\/title>\n<meta name=\"description\" content=\"Riarmare l\u2019Europa per distruggerla. &quot;l\u2019Europa per consolidarsi avr\u00e0 bisogno di una guerra contro l\u2019Unione Sovietica&quot; (A.Spinelli)\" \/>\n<meta name=\"robots\" content=\"index, follow, max-snippet:-1, max-image-preview:large, max-video-preview:-1\" \/>\n<link rel=\"canonical\" href=\"https:\/\/www.rassegnastampa-totustuus.it\/cattolica\/riarmare-leuropa-per-distruggerla\/\" \/>\n<meta property=\"og:locale\" content=\"it_IT\" \/>\n<meta property=\"og:type\" content=\"article\" \/>\n<meta property=\"og:title\" content=\"Riarmare l\u2019Europa per distruggerla - Rassegna Stampa Cattolica\" \/>\n<meta property=\"og:description\" content=\"Riarmare l\u2019Europa per distruggerla. &quot;l\u2019Europa per consolidarsi avr\u00e0 bisogno di una guerra contro l\u2019Unione Sovietica&quot; (A.Spinelli)\" \/>\n<meta property=\"og:url\" content=\"https:\/\/www.rassegnastampa-totustuus.it\/cattolica\/riarmare-leuropa-per-distruggerla\/\" \/>\n<meta property=\"og:site_name\" content=\"Rassegna Stampa Cattolica\" \/>\n<meta property=\"article:publisher\" content=\"https:\/\/www.facebook.com\/rassegnastampacattolica\" \/>\n<meta property=\"article:published_time\" content=\"2025-05-30T10:24:18+00:00\" \/>\n<meta property=\"article:modified_time\" content=\"2025-05-30T10:24:19+00:00\" \/>\n<meta property=\"og:image\" content=\"https:\/\/www.rassegnastampa-totustuus.it\/cattolica\/wp-content\/uploads\/2025\/05\/Europa_esercito_armi_guerra.jpeg\" \/>\n\t<meta property=\"og:image:width\" content=\"474\" \/>\n\t<meta property=\"og:image:height\" content=\"266\" \/>\n\t<meta property=\"og:image:type\" content=\"image\/jpeg\" \/>\n<meta name=\"author\" content=\"Redazione\" \/>\n<meta name=\"twitter:card\" content=\"summary_large_image\" \/>\n<meta name=\"twitter:creator\" content=\"@rassegnastampa9\" \/>\n<meta name=\"twitter:site\" content=\"@rassegnastampa9\" \/>\n<meta name=\"twitter:label1\" content=\"Scritto da\" \/>\n\t<meta name=\"twitter:data1\" content=\"Redazione\" \/>\n\t<meta name=\"twitter:label2\" content=\"Tempo di lettura stimato\" \/>\n\t<meta name=\"twitter:data2\" content=\"8 minuti\" \/>\n<script type=\"application\/ld+json\" class=\"yoast-schema-graph\">{\"@context\":\"https:\\\/\\\/schema.org\",\"@graph\":[{\"@type\":\"Article\",\"@id\":\"https:\\\/\\\/www.rassegnastampa-totustuus.it\\\/cattolica\\\/riarmare-leuropa-per-distruggerla\\\/#article\",\"isPartOf\":{\"@id\":\"https:\\\/\\\/www.rassegnastampa-totustuus.it\\\/cattolica\\\/riarmare-leuropa-per-distruggerla\\\/\"},\"author\":{\"name\":\"Redazione\",\"@id\":\"https:\\\/\\\/www.rassegnastampa-totustuus.it\\\/cattolica\\\/#\\\/schema\\\/person\\\/08f319d2bd1a0904ad9e2bfb7b15e5c3\"},\"headline\":\"Riarmare l\u2019Europa per distruggerla\",\"datePublished\":\"2025-05-30T10:24:18+00:00\",\"dateModified\":\"2025-05-30T10:24:19+00:00\",\"mainEntityOfPage\":{\"@id\":\"https:\\\/\\\/www.rassegnastampa-totustuus.it\\\/cattolica\\\/riarmare-leuropa-per-distruggerla\\\/\"},\"wordCount\":1350,\"publisher\":{\"@id\":\"https:\\\/\\\/www.rassegnastampa-totustuus.it\\\/cattolica\\\/#organization\"},\"image\":{\"@id\":\"https:\\\/\\\/www.rassegnastampa-totustuus.it\\\/cattolica\\\/riarmare-leuropa-per-distruggerla\\\/#primaryimage\"},\"thumbnailUrl\":\"https:\\\/\\\/www.rassegnastampa-totustuus.it\\\/cattolica\\\/wp-content\\\/uploads\\\/2025\\\/05\\\/Europa_esercito_armi_guerra.jpeg\",\"keywords\":[\"Altiero Spinelli\"],\"articleSection\":[\"Europa e UE\"],\"inLanguage\":\"it-IT\"},{\"@type\":\"WebPage\",\"@id\":\"https:\\\/\\\/www.rassegnastampa-totustuus.it\\\/cattolica\\\/riarmare-leuropa-per-distruggerla\\\/\",\"url\":\"https:\\\/\\\/www.rassegnastampa-totustuus.it\\\/cattolica\\\/riarmare-leuropa-per-distruggerla\\\/\",\"name\":\"Riarmare l\u2019Europa per distruggerla - Rassegna Stampa Cattolica\",\"isPartOf\":{\"@id\":\"https:\\\/\\\/www.rassegnastampa-totustuus.it\\\/cattolica\\\/#website\"},\"primaryImageOfPage\":{\"@id\":\"https:\\\/\\\/www.rassegnastampa-totustuus.it\\\/cattolica\\\/riarmare-leuropa-per-distruggerla\\\/#primaryimage\"},\"image\":{\"@id\":\"https:\\\/\\\/www.rassegnastampa-totustuus.it\\\/cattolica\\\/riarmare-leuropa-per-distruggerla\\\/#primaryimage\"},\"thumbnailUrl\":\"https:\\\/\\\/www.rassegnastampa-totustuus.it\\\/cattolica\\\/wp-content\\\/uploads\\\/2025\\\/05\\\/Europa_esercito_armi_guerra.jpeg\",\"datePublished\":\"2025-05-30T10:24:18+00:00\",\"dateModified\":\"2025-05-30T10:24:19+00:00\",\"description\":\"Riarmare l\u2019Europa per distruggerla. \\\"l\u2019Europa per consolidarsi avr\u00e0 bisogno di una guerra contro l\u2019Unione Sovietica\\\" (A.Spinelli)\",\"breadcrumb\":{\"@id\":\"https:\\\/\\\/www.rassegnastampa-totustuus.it\\\/cattolica\\\/riarmare-leuropa-per-distruggerla\\\/#breadcrumb\"},\"inLanguage\":\"it-IT\",\"potentialAction\":[{\"@type\":\"ReadAction\",\"target\":[\"https:\\\/\\\/www.rassegnastampa-totustuus.it\\\/cattolica\\\/riarmare-leuropa-per-distruggerla\\\/\"]}]},{\"@type\":\"ImageObject\",\"inLanguage\":\"it-IT\",\"@id\":\"https:\\\/\\\/www.rassegnastampa-totustuus.it\\\/cattolica\\\/riarmare-leuropa-per-distruggerla\\\/#primaryimage\",\"url\":\"https:\\\/\\\/www.rassegnastampa-totustuus.it\\\/cattolica\\\/wp-content\\\/uploads\\\/2025\\\/05\\\/Europa_esercito_armi_guerra.jpeg\",\"contentUrl\":\"https:\\\/\\\/www.rassegnastampa-totustuus.it\\\/cattolica\\\/wp-content\\\/uploads\\\/2025\\\/05\\\/Europa_esercito_armi_guerra.jpeg\",\"width\":474,\"height\":266},{\"@type\":\"BreadcrumbList\",\"@id\":\"https:\\\/\\\/www.rassegnastampa-totustuus.it\\\/cattolica\\\/riarmare-leuropa-per-distruggerla\\\/#breadcrumb\",\"itemListElement\":[{\"@type\":\"ListItem\",\"position\":1,\"name\":\"Home\",\"item\":\"https:\\\/\\\/www.rassegnastampa-totustuus.it\\\/cattolica\\\/\"},{\"@type\":\"ListItem\",\"position\":2,\"name\":\"Riarmare l\u2019Europa per distruggerla\"}]},{\"@type\":\"WebSite\",\"@id\":\"https:\\\/\\\/www.rassegnastampa-totustuus.it\\\/cattolica\\\/#website\",\"url\":\"https:\\\/\\\/www.rassegnastampa-totustuus.it\\\/cattolica\\\/\",\"name\":\"Rassegna Stampa Cattolica\",\"description\":\"Per una cultura che nasce dalla Rivelazione cristiana in conformit\u00e0 alla tradizione e al Magistero della Chiesa in opposizione ad ogni relativismo e totalitarismo\",\"publisher\":{\"@id\":\"https:\\\/\\\/www.rassegnastampa-totustuus.it\\\/cattolica\\\/#organization\"},\"alternateName\":\"Rass. Cattolica\",\"potentialAction\":[{\"@type\":\"SearchAction\",\"target\":{\"@type\":\"EntryPoint\",\"urlTemplate\":\"https:\\\/\\\/www.rassegnastampa-totustuus.it\\\/cattolica\\\/?s={search_term_string}\"},\"query-input\":{\"@type\":\"PropertyValueSpecification\",\"valueRequired\":true,\"valueName\":\"search_term_string\"}}],\"inLanguage\":\"it-IT\"},{\"@type\":\"Organization\",\"@id\":\"https:\\\/\\\/www.rassegnastampa-totustuus.it\\\/cattolica\\\/#organization\",\"name\":\"Rassegna Stampa Cattolica\",\"url\":\"https:\\\/\\\/www.rassegnastampa-totustuus.it\\\/cattolica\\\/\",\"logo\":{\"@type\":\"ImageObject\",\"inLanguage\":\"it-IT\",\"@id\":\"https:\\\/\\\/www.rassegnastampa-totustuus.it\\\/cattolica\\\/#\\\/schema\\\/logo\\\/image\\\/\",\"url\":\"https:\\\/\\\/www.rassegnastampa-totustuus.it\\\/cattolica\\\/wp-content\\\/uploads\\\/2014\\\/04\\\/logo-rassegna1.gif\",\"contentUrl\":\"https:\\\/\\\/www.rassegnastampa-totustuus.it\\\/cattolica\\\/wp-content\\\/uploads\\\/2014\\\/04\\\/logo-rassegna1.gif\",\"width\":600,\"height\":163,\"caption\":\"Rassegna Stampa Cattolica\"},\"image\":{\"@id\":\"https:\\\/\\\/www.rassegnastampa-totustuus.it\\\/cattolica\\\/#\\\/schema\\\/logo\\\/image\\\/\"},\"sameAs\":[\"https:\\\/\\\/www.facebook.com\\\/rassegnastampacattolica\",\"https:\\\/\\\/x.com\\\/rassegnastampa9\"]},{\"@type\":\"Person\",\"@id\":\"https:\\\/\\\/www.rassegnastampa-totustuus.it\\\/cattolica\\\/#\\\/schema\\\/person\\\/08f319d2bd1a0904ad9e2bfb7b15e5c3\",\"name\":\"Redazione\",\"image\":{\"@type\":\"ImageObject\",\"inLanguage\":\"it-IT\",\"@id\":\"https:\\\/\\\/secure.gravatar.com\\\/avatar\\\/2fcdf27c78ea025fbdb44e914cc63c72249ffec9dc8aafd5c82b26240ef3f346?s=96&d=mm&r=g\",\"url\":\"https:\\\/\\\/secure.gravatar.com\\\/avatar\\\/2fcdf27c78ea025fbdb44e914cc63c72249ffec9dc8aafd5c82b26240ef3f346?s=96&d=mm&r=g\",\"contentUrl\":\"https:\\\/\\\/secure.gravatar.com\\\/avatar\\\/2fcdf27c78ea025fbdb44e914cc63c72249ffec9dc8aafd5c82b26240ef3f346?s=96&d=mm&r=g\",\"caption\":\"Redazione\"},\"url\":\"https:\\\/\\\/www.rassegnastampa-totustuus.it\\\/cattolica\\\/author\\\/pietroelle\\\/\"}]}<\/script>\n<!-- \/ Yoast SEO plugin. -->","yoast_head_json":{"title":"Riarmare l\u2019Europa per distruggerla - Rassegna Stampa Cattolica","description":"Riarmare l\u2019Europa per distruggerla. \"l\u2019Europa per consolidarsi avr\u00e0 bisogno di una guerra contro l\u2019Unione Sovietica\" (A.Spinelli)","robots":{"index":"index","follow":"follow","max-snippet":"max-snippet:-1","max-image-preview":"max-image-preview:large","max-video-preview":"max-video-preview:-1"},"canonical":"https:\/\/www.rassegnastampa-totustuus.it\/cattolica\/riarmare-leuropa-per-distruggerla\/","og_locale":"it_IT","og_type":"article","og_title":"Riarmare l\u2019Europa per distruggerla - Rassegna Stampa Cattolica","og_description":"Riarmare l\u2019Europa per distruggerla. \"l\u2019Europa per consolidarsi avr\u00e0 bisogno di una guerra contro l\u2019Unione Sovietica\" (A.Spinelli)","og_url":"https:\/\/www.rassegnastampa-totustuus.it\/cattolica\/riarmare-leuropa-per-distruggerla\/","og_site_name":"Rassegna Stampa Cattolica","article_publisher":"https:\/\/www.facebook.com\/rassegnastampacattolica","article_published_time":"2025-05-30T10:24:18+00:00","article_modified_time":"2025-05-30T10:24:19+00:00","og_image":[{"width":474,"height":266,"url":"https:\/\/www.rassegnastampa-totustuus.it\/cattolica\/wp-content\/uploads\/2025\/05\/Europa_esercito_armi_guerra.jpeg","type":"image\/jpeg"}],"author":"Redazione","twitter_card":"summary_large_image","twitter_creator":"@rassegnastampa9","twitter_site":"@rassegnastampa9","twitter_misc":{"Scritto da":"Redazione","Tempo di lettura stimato":"8 minuti"},"schema":{"@context":"https:\/\/schema.org","@graph":[{"@type":"Article","@id":"https:\/\/www.rassegnastampa-totustuus.it\/cattolica\/riarmare-leuropa-per-distruggerla\/#article","isPartOf":{"@id":"https:\/\/www.rassegnastampa-totustuus.it\/cattolica\/riarmare-leuropa-per-distruggerla\/"},"author":{"name":"Redazione","@id":"https:\/\/www.rassegnastampa-totustuus.it\/cattolica\/#\/schema\/person\/08f319d2bd1a0904ad9e2bfb7b15e5c3"},"headline":"Riarmare l\u2019Europa per distruggerla","datePublished":"2025-05-30T10:24:18+00:00","dateModified":"2025-05-30T10:24:19+00:00","mainEntityOfPage":{"@id":"https:\/\/www.rassegnastampa-totustuus.it\/cattolica\/riarmare-leuropa-per-distruggerla\/"},"wordCount":1350,"publisher":{"@id":"https:\/\/www.rassegnastampa-totustuus.it\/cattolica\/#organization"},"image":{"@id":"https:\/\/www.rassegnastampa-totustuus.it\/cattolica\/riarmare-leuropa-per-distruggerla\/#primaryimage"},"thumbnailUrl":"https:\/\/www.rassegnastampa-totustuus.it\/cattolica\/wp-content\/uploads\/2025\/05\/Europa_esercito_armi_guerra.jpeg","keywords":["Altiero Spinelli"],"articleSection":["Europa e UE"],"inLanguage":"it-IT"},{"@type":"WebPage","@id":"https:\/\/www.rassegnastampa-totustuus.it\/cattolica\/riarmare-leuropa-per-distruggerla\/","url":"https:\/\/www.rassegnastampa-totustuus.it\/cattolica\/riarmare-leuropa-per-distruggerla\/","name":"Riarmare l\u2019Europa per distruggerla - Rassegna Stampa Cattolica","isPartOf":{"@id":"https:\/\/www.rassegnastampa-totustuus.it\/cattolica\/#website"},"primaryImageOfPage":{"@id":"https:\/\/www.rassegnastampa-totustuus.it\/cattolica\/riarmare-leuropa-per-distruggerla\/#primaryimage"},"image":{"@id":"https:\/\/www.rassegnastampa-totustuus.it\/cattolica\/riarmare-leuropa-per-distruggerla\/#primaryimage"},"thumbnailUrl":"https:\/\/www.rassegnastampa-totustuus.it\/cattolica\/wp-content\/uploads\/2025\/05\/Europa_esercito_armi_guerra.jpeg","datePublished":"2025-05-30T10:24:18+00:00","dateModified":"2025-05-30T10:24:19+00:00","description":"Riarmare l\u2019Europa per distruggerla. \"l\u2019Europa per consolidarsi avr\u00e0 bisogno di una guerra contro l\u2019Unione Sovietica\" (A.Spinelli)","breadcrumb":{"@id":"https:\/\/www.rassegnastampa-totustuus.it\/cattolica\/riarmare-leuropa-per-distruggerla\/#breadcrumb"},"inLanguage":"it-IT","potentialAction":[{"@type":"ReadAction","target":["https:\/\/www.rassegnastampa-totustuus.it\/cattolica\/riarmare-leuropa-per-distruggerla\/"]}]},{"@type":"ImageObject","inLanguage":"it-IT","@id":"https:\/\/www.rassegnastampa-totustuus.it\/cattolica\/riarmare-leuropa-per-distruggerla\/#primaryimage","url":"https:\/\/www.rassegnastampa-totustuus.it\/cattolica\/wp-content\/uploads\/2025\/05\/Europa_esercito_armi_guerra.jpeg","contentUrl":"https:\/\/www.rassegnastampa-totustuus.it\/cattolica\/wp-content\/uploads\/2025\/05\/Europa_esercito_armi_guerra.jpeg","width":474,"height":266},{"@type":"BreadcrumbList","@id":"https:\/\/www.rassegnastampa-totustuus.it\/cattolica\/riarmare-leuropa-per-distruggerla\/#breadcrumb","itemListElement":[{"@type":"ListItem","position":1,"name":"Home","item":"https:\/\/www.rassegnastampa-totustuus.it\/cattolica\/"},{"@type":"ListItem","position":2,"name":"Riarmare l\u2019Europa per distruggerla"}]},{"@type":"WebSite","@id":"https:\/\/www.rassegnastampa-totustuus.it\/cattolica\/#website","url":"https:\/\/www.rassegnastampa-totustuus.it\/cattolica\/","name":"Rassegna Stampa Cattolica","description":"Per una cultura che nasce dalla Rivelazione cristiana in conformit\u00e0 alla tradizione e al Magistero della Chiesa in opposizione ad ogni relativismo e totalitarismo","publisher":{"@id":"https:\/\/www.rassegnastampa-totustuus.it\/cattolica\/#organization"},"alternateName":"Rass. Cattolica","potentialAction":[{"@type":"SearchAction","target":{"@type":"EntryPoint","urlTemplate":"https:\/\/www.rassegnastampa-totustuus.it\/cattolica\/?s={search_term_string}"},"query-input":{"@type":"PropertyValueSpecification","valueRequired":true,"valueName":"search_term_string"}}],"inLanguage":"it-IT"},{"@type":"Organization","@id":"https:\/\/www.rassegnastampa-totustuus.it\/cattolica\/#organization","name":"Rassegna Stampa Cattolica","url":"https:\/\/www.rassegnastampa-totustuus.it\/cattolica\/","logo":{"@type":"ImageObject","inLanguage":"it-IT","@id":"https:\/\/www.rassegnastampa-totustuus.it\/cattolica\/#\/schema\/logo\/image\/","url":"https:\/\/www.rassegnastampa-totustuus.it\/cattolica\/wp-content\/uploads\/2014\/04\/logo-rassegna1.gif","contentUrl":"https:\/\/www.rassegnastampa-totustuus.it\/cattolica\/wp-content\/uploads\/2014\/04\/logo-rassegna1.gif","width":600,"height":163,"caption":"Rassegna Stampa Cattolica"},"image":{"@id":"https:\/\/www.rassegnastampa-totustuus.it\/cattolica\/#\/schema\/logo\/image\/"},"sameAs":["https:\/\/www.facebook.com\/rassegnastampacattolica","https:\/\/x.com\/rassegnastampa9"]},{"@type":"Person","@id":"https:\/\/www.rassegnastampa-totustuus.it\/cattolica\/#\/schema\/person\/08f319d2bd1a0904ad9e2bfb7b15e5c3","name":"Redazione","image":{"@type":"ImageObject","inLanguage":"it-IT","@id":"https:\/\/secure.gravatar.com\/avatar\/2fcdf27c78ea025fbdb44e914cc63c72249ffec9dc8aafd5c82b26240ef3f346?s=96&d=mm&r=g","url":"https:\/\/secure.gravatar.com\/avatar\/2fcdf27c78ea025fbdb44e914cc63c72249ffec9dc8aafd5c82b26240ef3f346?s=96&d=mm&r=g","contentUrl":"https:\/\/secure.gravatar.com\/avatar\/2fcdf27c78ea025fbdb44e914cc63c72249ffec9dc8aafd5c82b26240ef3f346?s=96&d=mm&r=g","caption":"Redazione"},"url":"https:\/\/www.rassegnastampa-totustuus.it\/cattolica\/author\/pietroelle\/"}]}},"_links":{"self":[{"href":"https:\/\/www.rassegnastampa-totustuus.it\/cattolica\/wp-json\/wp\/v2\/posts\/62633","targetHints":{"allow":["GET"]}}],"collection":[{"href":"https:\/\/www.rassegnastampa-totustuus.it\/cattolica\/wp-json\/wp\/v2\/posts"}],"about":[{"href":"https:\/\/www.rassegnastampa-totustuus.it\/cattolica\/wp-json\/wp\/v2\/types\/post"}],"author":[{"embeddable":true,"href":"https:\/\/www.rassegnastampa-totustuus.it\/cattolica\/wp-json\/wp\/v2\/users\/6"}],"replies":[{"embeddable":true,"href":"https:\/\/www.rassegnastampa-totustuus.it\/cattolica\/wp-json\/wp\/v2\/comments?post=62633"}],"version-history":[{"count":1,"href":"https:\/\/www.rassegnastampa-totustuus.it\/cattolica\/wp-json\/wp\/v2\/posts\/62633\/revisions"}],"predecessor-version":[{"id":62635,"href":"https:\/\/www.rassegnastampa-totustuus.it\/cattolica\/wp-json\/wp\/v2\/posts\/62633\/revisions\/62635"}],"wp:featuredmedia":[{"embeddable":true,"href":"https:\/\/www.rassegnastampa-totustuus.it\/cattolica\/wp-json\/wp\/v2\/media\/62634"}],"wp:attachment":[{"href":"https:\/\/www.rassegnastampa-totustuus.it\/cattolica\/wp-json\/wp\/v2\/media?parent=62633"}],"wp:term":[{"taxonomy":"category","embeddable":true,"href":"https:\/\/www.rassegnastampa-totustuus.it\/cattolica\/wp-json\/wp\/v2\/categories?post=62633"},{"taxonomy":"post_tag","embeddable":true,"href":"https:\/\/www.rassegnastampa-totustuus.it\/cattolica\/wp-json\/wp\/v2\/tags?post=62633"}],"curies":[{"name":"wp","href":"https:\/\/api.w.org\/{rel}","templated":true}]}}