{"id":62630,"date":"2025-05-30T10:32:43","date_gmt":"2025-05-30T08:32:43","guid":{"rendered":"https:\/\/www.rassegnastampa-totustuus.it\/cattolica\/?p=62630"},"modified":"2025-05-30T10:32:45","modified_gmt":"2025-05-30T08:32:45","slug":"pepe-mujica-e-il-fallimento-della-sinistra","status":"publish","type":"post","link":"https:\/\/www.rassegnastampa-totustuus.it\/cattolica\/pepe-mujica-e-il-fallimento-della-sinistra\/","title":{"rendered":"Pepe Mujica e il fallimento della sinistra"},"content":{"rendered":"\n<p class=\"has-text-align-center\"><strong><a href=\"https:\/\/www.atfp.it\/\" target=\"_blank\" rel=\"noreferrer noopener\">Tradizione Famiglia Propriet\u00e0<\/a> <\/strong>newsletter 29 Maggio 2025<\/p>\n\n\n\n<h3 class=\"wp-block-heading has-text-align-center\"><strong>Pepe Mujica: La sinistra non \u00e8 riuscita ad attuare il socialismo autogestionario<\/strong><\/h3>\n\n\n\n<p class=\"has-text-align-center\">di<strong> John Horvat<\/strong><\/p>\n\n\n\n<p>Niente rallegra di pi\u00f9 un controrivoluzionario quanto le confessioni dei militanti di sinistra che lamentano gli errori della loro rivoluzione. L&#8217;ammissione sincera del fallimento da parte di un militante di sinistra serve a incoraggiare coloro che si oppongono al programma della sinistra perch\u00e9 dimostra che il successo \u00e8 possibile.<\/p>\n\n\n<div class=\"wp-block-image\">\n<figure class=\"aligncenter size-full is-resized\"><a href=\"https:\/\/www.rassegnastampa-totustuus.it\/cattolica\/wp-content\/uploads\/2025\/05\/Pepe_Mujica_2024_uruguay_socialismo.jpg\"><img loading=\"lazy\" decoding=\"async\" width=\"640\" height=\"427\" src=\"https:\/\/www.rassegnastampa-totustuus.it\/cattolica\/wp-content\/uploads\/2025\/05\/Pepe_Mujica_2024_uruguay_socialismo.jpg\" alt=\"\" class=\"wp-image-62631\" style=\"width:466px;height:auto\"\/><\/a><\/figure><\/div>\n\n\n<!--more-->\n\n\n\n<p>Il defunto ex presidente uruguaiano e guerrigliero marxista Jos\u00e9 \u201cPepe\u201d Mujica \u00e8 uno di questi casi. Le sue recriminazioni sul fallimento della sinistra nell&#8217;attuare l&#8217;autogestione sono particolarmente penetranti. Egli mostra che il socialismo si \u00e8 arenato negli anni Ottanta senza riuscire a compiere il passo successivo. Prima della sua morte, avvenuta il 13 maggio, l&#8217;ex terrorista tupamaro, condannato per l&#8217;omicidio di un poliziotto, ha ammesso che la sinistra si trovava in una fase di stagnazione.<\/p>\n\n\n\n<p>Le sue dichiarazioni danno ragione agli sforzi delle Societ\u00e0 per la Difesa della Tradizione, Famiglia e Propriet\u00e0 (TFP), che si opposero al progetto del socialismo autogestionario quando fu introdotto in Francia nel 1981. All&#8217;epoca, furono pochi a capire l&#8217;importanza di questo movimento per la causa della sinistra.<\/p>\n\n\n\n<h4 class=\"wp-block-heading has-text-align-center\"><strong>L&#8217;importanza della cultura<\/strong><\/h4>\n\n\n\n<p>Tuttavia, era molto rilevante poich\u00e9 questo tipo di socialismo attaccava radicalmente la cultura occidentale nei minimi dettagli.<\/p>\n\n\n\n<p>In un libro di prossima pubblicazione (1)&nbsp;scritto insieme all&#8217;autore di sinistra americano Noam Chomsky, Pepe Mujica lamenta che la sua generazione abbia commesso un \u00aberrore ingenuo\u00bb, scambiando il controllo delle istituzioni e la nazionalizzazione dei mezzi di produzione e distribuzione con la sostituzione necessaria della cultura. La sinistra non ha capito che la cultura ha a che fare con quei \u00abvalori non detti\u00bb che determinano il modo in cui \u00abmilioni di persone anonime\u00bb interagiscono tra loro nella vita quotidiana.<\/p>\n\n\n\n<p>Egli sostiene che questi valori sono pi\u00f9 forti di qualsiasi esercito o persino di una bomba atomica. Anzi, ritiene che siano proprio questi \u201cvalori non detti\u201d a mantenere al potere l&#8217;odierna societ\u00e0 capitalista e consumistica. Tutti gli sforzi della sinistra non sono riusciti a sconfiggere la \u201ccultura dell&#8217;egoismo\u201d del capitalismo.<\/p>\n\n\n<div class=\"wp-block-image\">\n<figure class=\"aligncenter size-full is-resized\"><a href=\"https:\/\/www.rassegnastampa-totustuus.it\/cattolica\/wp-content\/uploads\/2017\/02\/PD.jpg\"><img loading=\"lazy\" decoding=\"async\" width=\"301\" height=\"167\" src=\"https:\/\/www.rassegnastampa-totustuus.it\/cattolica\/wp-content\/uploads\/2017\/02\/PD.jpg\" alt=\"\" class=\"wp-image-37246\" style=\"width:463px;height:auto\" srcset=\"https:\/\/www.rassegnastampa-totustuus.it\/cattolica\/wp-content\/uploads\/2017\/02\/PD.jpg 301w, https:\/\/www.rassegnastampa-totustuus.it\/cattolica\/wp-content\/uploads\/2017\/02\/PD-300x166.jpg 300w\" sizes=\"auto, (max-width: 301px) 100vw, 301px\" \/><\/a><\/figure><\/div>\n\n\n<h4 class=\"wp-block-heading has-text-align-center\"><strong>Il fallimento nella formazione di una cultura<\/strong><\/h4>\n\n\n\n<p>L&#8217;ammissione di fallimento \u00e8 curiosa, dato l&#8217;impatto che l&#8217;ex presidente uruguaiano ha avuto sulla vita della sua nazione. Durante il suo mandato presidenziale, dal 2010 al 2015, ha legalizzato la marijuana, approvato l&#8217;aborto e il matrimonio omosessuale e imposto altri cambiamenti radicali al Paese.<\/p>\n\n\n\n<p>Tuttavia, ha commesso l&#8217;\u201cingenuo errore\u201d di non conquistare il cuore e la mente dei cittadini della nazione. Egli sostiene che la sua generazione non ha compreso la necessit\u00e0 di costruire una \u201ccultura della solidariet\u00e0\u201d alternativa per avere influenza su questi \u201cvalori non detti\u201d. La sinistra ha presentato programmi e leggi freddi e pragmatici, invece di considerare quanto sia il cuore a motivare spesso i valori umani pi\u00f9 potenti.<\/p>\n\n\n\n<p>Peggio ancora, la sinistra \u00e8 sprofondata nella cultura consumistica odierna e non \u00e8 riuscita a essere coerente con la causa socialista. I progressisti hanno ceduto e adottato modi capitalisti, infedeli ai loro dettami socialisti. Egli sostiene che la sinistra ha finito per fare \u201clo stesso del capitalismo, ma con pi\u00f9 uguaglianza\u201d.<\/p>\n\n\n\n<h4 class=\"wp-block-heading has-text-align-center\"><strong>Bloccati nel passato<\/strong><\/h4>\n\n\n\n<p>Pertanto, la sinistra odierna manca di creativit\u00e0 e ha \u201cesaurito le idee\u201d. Non \u00e8 riuscita a realizzare quel tipo di socialismo che sarebbe entrato nei minimi dettagli della vita quotidiana e della cultura. Questa proposta di integrare il pensiero socialista nei minimi dettagli della societ\u00e0 era l&#8217;essenza del socialismo autogestionario francese proposto dall&#8217;allora presidente Fran\u00e7ois Mitterrand nel 1981.<\/p>\n\n\n\n<p>L&#8217;ex presidente uruguaiano sostiene che questo tipo di socialismo manca alla sinistra poco creativa.<\/p>\n\n\n\n<p>\u201cSignifica vivere come si pensa. Altrimenti finiamo per pensare come viviamo. La lotta \u00e8 per <em>una societ\u00e0 autogestita<\/em>, per imparare a essere padroni di noi stessi e a guidare i nostri progetti comuni\u201d.<\/p>\n\n\n\n<p>Egli sostiene che una \u201cnuova sinistra\u201d dovr\u00e0 discutere queste idee. Dopo tutti questi anni, deve ricominciare da capo per adattarsi ai tempi che cambiano. Ritiene che la vecchia sinistra \u201cviva troppo di nostalgia\u201d, \u201cfaccia fatica a capire perch\u00e9 ha fallito\u201d e \u201cabbia grandi difficolt\u00e0 a immaginare nuove vie da seguire\u201d.<\/p>\n\n\n\n<p>In effetti, la sinistra decadente ha fallito in tutto il mondo perch\u00e9 non \u00e8 riuscita a portare avanti il suo programma al di l\u00e0 di versioni marxiste ormai superate e scollegate dalla realt\u00e0. Avrebbe dovuto seguire il processo attuando l&#8217;autogestione e andando oltre.<\/p>\n\n\n<div class=\"wp-block-image\">\n<figure class=\"aligncenter size-full is-resized\"><a href=\"https:\/\/www.rassegnastampa-totustuus.it\/cattolica\/wp-content\/uploads\/2021\/08\/radicalchic_sinistra.jpg\"><img loading=\"lazy\" decoding=\"async\" width=\"263\" height=\"191\" src=\"https:\/\/www.rassegnastampa-totustuus.it\/cattolica\/wp-content\/uploads\/2021\/08\/radicalchic_sinistra.jpg\" alt=\"\" class=\"wp-image-52170\" style=\"width:451px;height:auto\"\/><\/a><\/figure><\/div>\n\n\n<h4 class=\"wp-block-heading has-text-align-center\"><strong>La campagna della TFP contro l&#8217;autogestione<\/strong><\/h4>\n\n\n\n<p>Nel 1981, le TFP di tredici paesi pubblicarono un messaggio contro il socialismo autogestionario sotto forma di un annuncio pubblicitario di sei pagine su decine di importanti quotidiani di tutto il mondo. Il messaggio era stato scritto dal Prof. Plinio Corr\u00eaa de Oliveira e intitolato \u201cIl socialismo autogestionario: rispetto al comunismo una barriera o una testa di ponte?\u201d.<\/p>\n\n\n\n<p>Il messaggio delle TFP denunciava questo aspetto \u201cculturale\u201d del socialismo autogestionario che avrebbe finito per controllare la vita delle persone, estendendosi persino alla decorazione delle case e al tempo libero. Avrebbe invaso la famiglia, le scuole e l&#8217;industria. La proposta, come la descrive Pepe Mujica, era davvero una rivoluzione culturale di proporzioni colossali.<\/p>\n\n\n\n<h4 class=\"wp-block-heading has-text-align-center\"><strong>Quello che funzion\u00f2 non era socialista<\/strong><\/h4>\n\n\n\n<p>L&#8217;enorme sforzo delle TFP contribu\u00ec notevolmente al clamoroso fallimento del socialismo autogestionario. Dopo poco tempo al potere, il presidente Mitterrand abbandon\u00f2 la strada del progetto di autogestione per la Francia.<\/p>\n\n\n\n<p>Secondo John Vinocur, che scriveva per <em>The New York Times<\/em>, la caduta del socialismo autogestionario rappresentava ci\u00f2 che egli definiva \u00abil fallimento di un metodo, l&#8217;abbandono di una teoria economica e la crisi del mito e dell&#8217;ideologia che avevano dominato la vita intellettuale francese per quasi 100 anni\u00bb (2).<\/p>\n\n\n\n<p>Il presidente Mitterrand fece marcia indietro a tal punto che l&#8217;economista socialista francese Laurent Joffrin ammise: \u201cCi\u00f2 che era socialista non funzionava e ci\u00f2 che funzionava non era socialista\u201d (3).<\/p>\n\n\n\n<h4 class=\"wp-block-heading has-text-align-center\"><strong>Una sinistra fallita<\/strong><\/h4>\n\n\n\n<p>Pepe Mujica \u00e8 morto senza vedere la vittoria della sua rivoluzione. La causa per cui ha lottato cos\u00ec duramente in giovent\u00f9 come terrorista languisce. Infatti, \u00e8 stato costretto ad ammettere che cambiare \u00abun sistema senza affrontare il problema di un cambiamento culturale \u00e8 inutile\u00bb. \u00c8 morto lasciando dietro di s\u00e9 una sinistra fallita e senza un piano per il futuro.<\/p>\n\n\n\n<h4 class=\"wp-block-heading\"><strong>Note<\/strong><\/h4>\n\n\n\n<p><strong>1)<\/strong> Noam Chomsky e Jos\u00e9 Mujica, <em>Surviving the 21st Century<\/em>, a cura di Sa\u00fal Alv\u00eddrez, in uscita verso settembre 2025.<\/p>\n\n\n\n<p><strong>2)<\/strong> John Vinocur, \u00abFrance&#8217;s Leftist Leaders Veer From Chartered Path\u00bb, <em>The New York Times<\/em>, 24 dicembre 1983, p. 1.<\/p>\n\n\n\n<p><strong>3)<\/strong> Ibid.<\/p>\n\n\n\n<p class=\"has-text-align-center\"><strong>Fonte<\/strong>: <a href=\"https:\/\/www.tfp.org\/pepe-mujica-the-left-failed-to-implement-self-managing-socialism\/\" target=\"_blank\" rel=\"noreferrer noopener\">Tfp.org<\/a>, 22 maggio 2025. <em>Traduzione a cura di Tradizione Famiglia Propriet\u00e0 \u2013 Italia.<\/em><\/p>\n\n\n\n<p><\/p>\n","protected":false},"excerpt":{"rendered":"<p>Tradizione Famiglia Propriet\u00e0 newsletter 29 Maggio 2025 Pepe Mujica: La sinistra non \u00e8 riuscita ad attuare il socialismo autogestionario di John Horvat Niente rallegra di pi\u00f9 un controrivoluzionario quanto le confessioni dei militanti di sinistra che lamentano gli errori della loro rivoluzione. L&#8217;ammissione sincera del fallimento da parte di un militante di sinistra serve a &hellip; <\/p>\n<p><a class=\"more-link btn\" href=\"https:\/\/www.rassegnastampa-totustuus.it\/cattolica\/pepe-mujica-e-il-fallimento-della-sinistra\/\">Continua a leggere<\/a><\/p>\n","protected":false},"author":6,"featured_media":0,"comment_status":"closed","ping_status":"closed","sticky":false,"template":"","format":"standard","meta":{"footnotes":""},"categories":[2943],"tags":[174,652],"class_list":["post-62630","post","type-post","status-publish","format-standard","hentry","category-sinistre","tag-ideologia","tag-socialismo","item-wrap"],"yoast_head":"<!-- This site is optimized with the Yoast SEO plugin v27.4 - https:\/\/yoast.com\/product\/yoast-seo-wordpress\/ -->\n<title>Pepe Mujica e il fallimento della sinistra - Rassegna Stampa Cattolica<\/title>\n<meta name=\"description\" content=\"Pepe Mujica e il fallimento della sinistra, senza un piano per il e senza riuscire ad attuare il socialismo autogestionario.\" \/>\n<meta name=\"robots\" content=\"index, follow, max-snippet:-1, max-image-preview:large, max-video-preview:-1\" \/>\n<link rel=\"canonical\" href=\"https:\/\/www.rassegnastampa-totustuus.it\/cattolica\/pepe-mujica-e-il-fallimento-della-sinistra\/\" \/>\n<meta property=\"og:locale\" content=\"it_IT\" \/>\n<meta property=\"og:type\" content=\"article\" \/>\n<meta property=\"og:title\" content=\"Pepe Mujica e il fallimento della sinistra - Rassegna Stampa Cattolica\" \/>\n<meta property=\"og:description\" content=\"Pepe Mujica e il fallimento della sinistra, senza un piano per il e senza riuscire ad attuare il socialismo autogestionario.\" \/>\n<meta property=\"og:url\" content=\"https:\/\/www.rassegnastampa-totustuus.it\/cattolica\/pepe-mujica-e-il-fallimento-della-sinistra\/\" \/>\n<meta property=\"og:site_name\" content=\"Rassegna Stampa Cattolica\" \/>\n<meta property=\"article:publisher\" content=\"https:\/\/www.facebook.com\/rassegnastampacattolica\" \/>\n<meta property=\"article:published_time\" content=\"2025-05-30T08:32:43+00:00\" \/>\n<meta property=\"article:modified_time\" content=\"2025-05-30T08:32:45+00:00\" \/>\n<meta property=\"og:image\" content=\"https:\/\/www.rassegnastampa-totustuus.it\/cattolica\/wp-content\/uploads\/2025\/05\/Pepe_Mujica_2024_uruguay_socialismo.jpg\" \/>\n\t<meta property=\"og:image:width\" content=\"640\" \/>\n\t<meta property=\"og:image:height\" content=\"427\" \/>\n\t<meta property=\"og:image:type\" content=\"image\/jpeg\" \/>\n<meta name=\"author\" content=\"Redazione\" \/>\n<meta name=\"twitter:card\" content=\"summary_large_image\" \/>\n<meta name=\"twitter:creator\" content=\"@rassegnastampa9\" \/>\n<meta name=\"twitter:site\" content=\"@rassegnastampa9\" \/>\n<meta name=\"twitter:label1\" content=\"Scritto da\" \/>\n\t<meta name=\"twitter:data1\" content=\"Redazione\" \/>\n\t<meta name=\"twitter:label2\" content=\"Tempo di lettura stimato\" \/>\n\t<meta name=\"twitter:data2\" content=\"7 minuti\" \/>\n<script type=\"application\/ld+json\" class=\"yoast-schema-graph\">{\"@context\":\"https:\\\/\\\/schema.org\",\"@graph\":[{\"@type\":\"Article\",\"@id\":\"https:\\\/\\\/www.rassegnastampa-totustuus.it\\\/cattolica\\\/pepe-mujica-e-il-fallimento-della-sinistra\\\/#article\",\"isPartOf\":{\"@id\":\"https:\\\/\\\/www.rassegnastampa-totustuus.it\\\/cattolica\\\/pepe-mujica-e-il-fallimento-della-sinistra\\\/\"},\"author\":{\"name\":\"Redazione\",\"@id\":\"https:\\\/\\\/www.rassegnastampa-totustuus.it\\\/cattolica\\\/#\\\/schema\\\/person\\\/08f319d2bd1a0904ad9e2bfb7b15e5c3\"},\"headline\":\"Pepe Mujica e il fallimento della sinistra\",\"datePublished\":\"2025-05-30T08:32:43+00:00\",\"dateModified\":\"2025-05-30T08:32:45+00:00\",\"mainEntityOfPage\":{\"@id\":\"https:\\\/\\\/www.rassegnastampa-totustuus.it\\\/cattolica\\\/pepe-mujica-e-il-fallimento-della-sinistra\\\/\"},\"wordCount\":1069,\"publisher\":{\"@id\":\"https:\\\/\\\/www.rassegnastampa-totustuus.it\\\/cattolica\\\/#organization\"},\"image\":{\"@id\":\"https:\\\/\\\/www.rassegnastampa-totustuus.it\\\/cattolica\\\/pepe-mujica-e-il-fallimento-della-sinistra\\\/#primaryimage\"},\"thumbnailUrl\":\"https:\\\/\\\/www.rassegnastampa-totustuus.it\\\/cattolica\\\/wp-content\\\/uploads\\\/2025\\\/05\\\/Pepe_Mujica_2024_uruguay_socialismo.jpg\",\"keywords\":[\"ideologia\",\"socialismo\"],\"articleSection\":[\"sinistre\"],\"inLanguage\":\"it-IT\"},{\"@type\":\"WebPage\",\"@id\":\"https:\\\/\\\/www.rassegnastampa-totustuus.it\\\/cattolica\\\/pepe-mujica-e-il-fallimento-della-sinistra\\\/\",\"url\":\"https:\\\/\\\/www.rassegnastampa-totustuus.it\\\/cattolica\\\/pepe-mujica-e-il-fallimento-della-sinistra\\\/\",\"name\":\"Pepe Mujica e il fallimento della sinistra - Rassegna Stampa Cattolica\",\"isPartOf\":{\"@id\":\"https:\\\/\\\/www.rassegnastampa-totustuus.it\\\/cattolica\\\/#website\"},\"primaryImageOfPage\":{\"@id\":\"https:\\\/\\\/www.rassegnastampa-totustuus.it\\\/cattolica\\\/pepe-mujica-e-il-fallimento-della-sinistra\\\/#primaryimage\"},\"image\":{\"@id\":\"https:\\\/\\\/www.rassegnastampa-totustuus.it\\\/cattolica\\\/pepe-mujica-e-il-fallimento-della-sinistra\\\/#primaryimage\"},\"thumbnailUrl\":\"https:\\\/\\\/www.rassegnastampa-totustuus.it\\\/cattolica\\\/wp-content\\\/uploads\\\/2025\\\/05\\\/Pepe_Mujica_2024_uruguay_socialismo.jpg\",\"datePublished\":\"2025-05-30T08:32:43+00:00\",\"dateModified\":\"2025-05-30T08:32:45+00:00\",\"description\":\"Pepe Mujica e il fallimento della sinistra, senza un piano per il e senza riuscire ad attuare il socialismo autogestionario.\",\"breadcrumb\":{\"@id\":\"https:\\\/\\\/www.rassegnastampa-totustuus.it\\\/cattolica\\\/pepe-mujica-e-il-fallimento-della-sinistra\\\/#breadcrumb\"},\"inLanguage\":\"it-IT\",\"potentialAction\":[{\"@type\":\"ReadAction\",\"target\":[\"https:\\\/\\\/www.rassegnastampa-totustuus.it\\\/cattolica\\\/pepe-mujica-e-il-fallimento-della-sinistra\\\/\"]}]},{\"@type\":\"ImageObject\",\"inLanguage\":\"it-IT\",\"@id\":\"https:\\\/\\\/www.rassegnastampa-totustuus.it\\\/cattolica\\\/pepe-mujica-e-il-fallimento-della-sinistra\\\/#primaryimage\",\"url\":\"https:\\\/\\\/www.rassegnastampa-totustuus.it\\\/cattolica\\\/wp-content\\\/uploads\\\/2025\\\/05\\\/Pepe_Mujica_2024_uruguay_socialismo.jpg\",\"contentUrl\":\"https:\\\/\\\/www.rassegnastampa-totustuus.it\\\/cattolica\\\/wp-content\\\/uploads\\\/2025\\\/05\\\/Pepe_Mujica_2024_uruguay_socialismo.jpg\"},{\"@type\":\"BreadcrumbList\",\"@id\":\"https:\\\/\\\/www.rassegnastampa-totustuus.it\\\/cattolica\\\/pepe-mujica-e-il-fallimento-della-sinistra\\\/#breadcrumb\",\"itemListElement\":[{\"@type\":\"ListItem\",\"position\":1,\"name\":\"Home\",\"item\":\"https:\\\/\\\/www.rassegnastampa-totustuus.it\\\/cattolica\\\/\"},{\"@type\":\"ListItem\",\"position\":2,\"name\":\"Pepe Mujica e il fallimento della sinistra\"}]},{\"@type\":\"WebSite\",\"@id\":\"https:\\\/\\\/www.rassegnastampa-totustuus.it\\\/cattolica\\\/#website\",\"url\":\"https:\\\/\\\/www.rassegnastampa-totustuus.it\\\/cattolica\\\/\",\"name\":\"Rassegna Stampa Cattolica\",\"description\":\"Per una cultura che nasce dalla Rivelazione cristiana in conformit\u00e0 alla tradizione e al Magistero della Chiesa in opposizione ad ogni relativismo e totalitarismo\",\"publisher\":{\"@id\":\"https:\\\/\\\/www.rassegnastampa-totustuus.it\\\/cattolica\\\/#organization\"},\"alternateName\":\"Rass. Cattolica\",\"potentialAction\":[{\"@type\":\"SearchAction\",\"target\":{\"@type\":\"EntryPoint\",\"urlTemplate\":\"https:\\\/\\\/www.rassegnastampa-totustuus.it\\\/cattolica\\\/?s={search_term_string}\"},\"query-input\":{\"@type\":\"PropertyValueSpecification\",\"valueRequired\":true,\"valueName\":\"search_term_string\"}}],\"inLanguage\":\"it-IT\"},{\"@type\":\"Organization\",\"@id\":\"https:\\\/\\\/www.rassegnastampa-totustuus.it\\\/cattolica\\\/#organization\",\"name\":\"Rassegna Stampa Cattolica\",\"url\":\"https:\\\/\\\/www.rassegnastampa-totustuus.it\\\/cattolica\\\/\",\"logo\":{\"@type\":\"ImageObject\",\"inLanguage\":\"it-IT\",\"@id\":\"https:\\\/\\\/www.rassegnastampa-totustuus.it\\\/cattolica\\\/#\\\/schema\\\/logo\\\/image\\\/\",\"url\":\"https:\\\/\\\/www.rassegnastampa-totustuus.it\\\/cattolica\\\/wp-content\\\/uploads\\\/2014\\\/04\\\/logo-rassegna1.gif\",\"contentUrl\":\"https:\\\/\\\/www.rassegnastampa-totustuus.it\\\/cattolica\\\/wp-content\\\/uploads\\\/2014\\\/04\\\/logo-rassegna1.gif\",\"width\":600,\"height\":163,\"caption\":\"Rassegna Stampa Cattolica\"},\"image\":{\"@id\":\"https:\\\/\\\/www.rassegnastampa-totustuus.it\\\/cattolica\\\/#\\\/schema\\\/logo\\\/image\\\/\"},\"sameAs\":[\"https:\\\/\\\/www.facebook.com\\\/rassegnastampacattolica\",\"https:\\\/\\\/x.com\\\/rassegnastampa9\"]},{\"@type\":\"Person\",\"@id\":\"https:\\\/\\\/www.rassegnastampa-totustuus.it\\\/cattolica\\\/#\\\/schema\\\/person\\\/08f319d2bd1a0904ad9e2bfb7b15e5c3\",\"name\":\"Redazione\",\"image\":{\"@type\":\"ImageObject\",\"inLanguage\":\"it-IT\",\"@id\":\"https:\\\/\\\/secure.gravatar.com\\\/avatar\\\/2fcdf27c78ea025fbdb44e914cc63c72249ffec9dc8aafd5c82b26240ef3f346?s=96&d=mm&r=g\",\"url\":\"https:\\\/\\\/secure.gravatar.com\\\/avatar\\\/2fcdf27c78ea025fbdb44e914cc63c72249ffec9dc8aafd5c82b26240ef3f346?s=96&d=mm&r=g\",\"contentUrl\":\"https:\\\/\\\/secure.gravatar.com\\\/avatar\\\/2fcdf27c78ea025fbdb44e914cc63c72249ffec9dc8aafd5c82b26240ef3f346?s=96&d=mm&r=g\",\"caption\":\"Redazione\"},\"url\":\"https:\\\/\\\/www.rassegnastampa-totustuus.it\\\/cattolica\\\/author\\\/pietroelle\\\/\"}]}<\/script>\n<!-- \/ Yoast SEO plugin. -->","yoast_head_json":{"title":"Pepe Mujica e il fallimento della sinistra - Rassegna Stampa Cattolica","description":"Pepe Mujica e il fallimento della sinistra, senza un piano per il e senza riuscire ad attuare il socialismo autogestionario.","robots":{"index":"index","follow":"follow","max-snippet":"max-snippet:-1","max-image-preview":"max-image-preview:large","max-video-preview":"max-video-preview:-1"},"canonical":"https:\/\/www.rassegnastampa-totustuus.it\/cattolica\/pepe-mujica-e-il-fallimento-della-sinistra\/","og_locale":"it_IT","og_type":"article","og_title":"Pepe Mujica e il fallimento della sinistra - Rassegna Stampa Cattolica","og_description":"Pepe Mujica e il fallimento della sinistra, senza un piano per il e senza riuscire ad attuare il socialismo autogestionario.","og_url":"https:\/\/www.rassegnastampa-totustuus.it\/cattolica\/pepe-mujica-e-il-fallimento-della-sinistra\/","og_site_name":"Rassegna Stampa Cattolica","article_publisher":"https:\/\/www.facebook.com\/rassegnastampacattolica","article_published_time":"2025-05-30T08:32:43+00:00","article_modified_time":"2025-05-30T08:32:45+00:00","og_image":[{"width":640,"height":427,"url":"https:\/\/www.rassegnastampa-totustuus.it\/cattolica\/wp-content\/uploads\/2025\/05\/Pepe_Mujica_2024_uruguay_socialismo.jpg","type":"image\/jpeg"}],"author":"Redazione","twitter_card":"summary_large_image","twitter_creator":"@rassegnastampa9","twitter_site":"@rassegnastampa9","twitter_misc":{"Scritto da":"Redazione","Tempo di lettura stimato":"7 minuti"},"schema":{"@context":"https:\/\/schema.org","@graph":[{"@type":"Article","@id":"https:\/\/www.rassegnastampa-totustuus.it\/cattolica\/pepe-mujica-e-il-fallimento-della-sinistra\/#article","isPartOf":{"@id":"https:\/\/www.rassegnastampa-totustuus.it\/cattolica\/pepe-mujica-e-il-fallimento-della-sinistra\/"},"author":{"name":"Redazione","@id":"https:\/\/www.rassegnastampa-totustuus.it\/cattolica\/#\/schema\/person\/08f319d2bd1a0904ad9e2bfb7b15e5c3"},"headline":"Pepe Mujica e il fallimento della sinistra","datePublished":"2025-05-30T08:32:43+00:00","dateModified":"2025-05-30T08:32:45+00:00","mainEntityOfPage":{"@id":"https:\/\/www.rassegnastampa-totustuus.it\/cattolica\/pepe-mujica-e-il-fallimento-della-sinistra\/"},"wordCount":1069,"publisher":{"@id":"https:\/\/www.rassegnastampa-totustuus.it\/cattolica\/#organization"},"image":{"@id":"https:\/\/www.rassegnastampa-totustuus.it\/cattolica\/pepe-mujica-e-il-fallimento-della-sinistra\/#primaryimage"},"thumbnailUrl":"https:\/\/www.rassegnastampa-totustuus.it\/cattolica\/wp-content\/uploads\/2025\/05\/Pepe_Mujica_2024_uruguay_socialismo.jpg","keywords":["ideologia","socialismo"],"articleSection":["sinistre"],"inLanguage":"it-IT"},{"@type":"WebPage","@id":"https:\/\/www.rassegnastampa-totustuus.it\/cattolica\/pepe-mujica-e-il-fallimento-della-sinistra\/","url":"https:\/\/www.rassegnastampa-totustuus.it\/cattolica\/pepe-mujica-e-il-fallimento-della-sinistra\/","name":"Pepe Mujica e il fallimento della sinistra - Rassegna Stampa Cattolica","isPartOf":{"@id":"https:\/\/www.rassegnastampa-totustuus.it\/cattolica\/#website"},"primaryImageOfPage":{"@id":"https:\/\/www.rassegnastampa-totustuus.it\/cattolica\/pepe-mujica-e-il-fallimento-della-sinistra\/#primaryimage"},"image":{"@id":"https:\/\/www.rassegnastampa-totustuus.it\/cattolica\/pepe-mujica-e-il-fallimento-della-sinistra\/#primaryimage"},"thumbnailUrl":"https:\/\/www.rassegnastampa-totustuus.it\/cattolica\/wp-content\/uploads\/2025\/05\/Pepe_Mujica_2024_uruguay_socialismo.jpg","datePublished":"2025-05-30T08:32:43+00:00","dateModified":"2025-05-30T08:32:45+00:00","description":"Pepe Mujica e il fallimento della sinistra, senza un piano per il e senza riuscire ad attuare il socialismo autogestionario.","breadcrumb":{"@id":"https:\/\/www.rassegnastampa-totustuus.it\/cattolica\/pepe-mujica-e-il-fallimento-della-sinistra\/#breadcrumb"},"inLanguage":"it-IT","potentialAction":[{"@type":"ReadAction","target":["https:\/\/www.rassegnastampa-totustuus.it\/cattolica\/pepe-mujica-e-il-fallimento-della-sinistra\/"]}]},{"@type":"ImageObject","inLanguage":"it-IT","@id":"https:\/\/www.rassegnastampa-totustuus.it\/cattolica\/pepe-mujica-e-il-fallimento-della-sinistra\/#primaryimage","url":"https:\/\/www.rassegnastampa-totustuus.it\/cattolica\/wp-content\/uploads\/2025\/05\/Pepe_Mujica_2024_uruguay_socialismo.jpg","contentUrl":"https:\/\/www.rassegnastampa-totustuus.it\/cattolica\/wp-content\/uploads\/2025\/05\/Pepe_Mujica_2024_uruguay_socialismo.jpg"},{"@type":"BreadcrumbList","@id":"https:\/\/www.rassegnastampa-totustuus.it\/cattolica\/pepe-mujica-e-il-fallimento-della-sinistra\/#breadcrumb","itemListElement":[{"@type":"ListItem","position":1,"name":"Home","item":"https:\/\/www.rassegnastampa-totustuus.it\/cattolica\/"},{"@type":"ListItem","position":2,"name":"Pepe Mujica e il fallimento della sinistra"}]},{"@type":"WebSite","@id":"https:\/\/www.rassegnastampa-totustuus.it\/cattolica\/#website","url":"https:\/\/www.rassegnastampa-totustuus.it\/cattolica\/","name":"Rassegna Stampa Cattolica","description":"Per una cultura che nasce dalla Rivelazione cristiana in conformit\u00e0 alla tradizione e al Magistero della Chiesa in opposizione ad ogni relativismo e totalitarismo","publisher":{"@id":"https:\/\/www.rassegnastampa-totustuus.it\/cattolica\/#organization"},"alternateName":"Rass. Cattolica","potentialAction":[{"@type":"SearchAction","target":{"@type":"EntryPoint","urlTemplate":"https:\/\/www.rassegnastampa-totustuus.it\/cattolica\/?s={search_term_string}"},"query-input":{"@type":"PropertyValueSpecification","valueRequired":true,"valueName":"search_term_string"}}],"inLanguage":"it-IT"},{"@type":"Organization","@id":"https:\/\/www.rassegnastampa-totustuus.it\/cattolica\/#organization","name":"Rassegna Stampa Cattolica","url":"https:\/\/www.rassegnastampa-totustuus.it\/cattolica\/","logo":{"@type":"ImageObject","inLanguage":"it-IT","@id":"https:\/\/www.rassegnastampa-totustuus.it\/cattolica\/#\/schema\/logo\/image\/","url":"https:\/\/www.rassegnastampa-totustuus.it\/cattolica\/wp-content\/uploads\/2014\/04\/logo-rassegna1.gif","contentUrl":"https:\/\/www.rassegnastampa-totustuus.it\/cattolica\/wp-content\/uploads\/2014\/04\/logo-rassegna1.gif","width":600,"height":163,"caption":"Rassegna Stampa Cattolica"},"image":{"@id":"https:\/\/www.rassegnastampa-totustuus.it\/cattolica\/#\/schema\/logo\/image\/"},"sameAs":["https:\/\/www.facebook.com\/rassegnastampacattolica","https:\/\/x.com\/rassegnastampa9"]},{"@type":"Person","@id":"https:\/\/www.rassegnastampa-totustuus.it\/cattolica\/#\/schema\/person\/08f319d2bd1a0904ad9e2bfb7b15e5c3","name":"Redazione","image":{"@type":"ImageObject","inLanguage":"it-IT","@id":"https:\/\/secure.gravatar.com\/avatar\/2fcdf27c78ea025fbdb44e914cc63c72249ffec9dc8aafd5c82b26240ef3f346?s=96&d=mm&r=g","url":"https:\/\/secure.gravatar.com\/avatar\/2fcdf27c78ea025fbdb44e914cc63c72249ffec9dc8aafd5c82b26240ef3f346?s=96&d=mm&r=g","contentUrl":"https:\/\/secure.gravatar.com\/avatar\/2fcdf27c78ea025fbdb44e914cc63c72249ffec9dc8aafd5c82b26240ef3f346?s=96&d=mm&r=g","caption":"Redazione"},"url":"https:\/\/www.rassegnastampa-totustuus.it\/cattolica\/author\/pietroelle\/"}]}},"_links":{"self":[{"href":"https:\/\/www.rassegnastampa-totustuus.it\/cattolica\/wp-json\/wp\/v2\/posts\/62630","targetHints":{"allow":["GET"]}}],"collection":[{"href":"https:\/\/www.rassegnastampa-totustuus.it\/cattolica\/wp-json\/wp\/v2\/posts"}],"about":[{"href":"https:\/\/www.rassegnastampa-totustuus.it\/cattolica\/wp-json\/wp\/v2\/types\/post"}],"author":[{"embeddable":true,"href":"https:\/\/www.rassegnastampa-totustuus.it\/cattolica\/wp-json\/wp\/v2\/users\/6"}],"replies":[{"embeddable":true,"href":"https:\/\/www.rassegnastampa-totustuus.it\/cattolica\/wp-json\/wp\/v2\/comments?post=62630"}],"version-history":[{"count":1,"href":"https:\/\/www.rassegnastampa-totustuus.it\/cattolica\/wp-json\/wp\/v2\/posts\/62630\/revisions"}],"predecessor-version":[{"id":62632,"href":"https:\/\/www.rassegnastampa-totustuus.it\/cattolica\/wp-json\/wp\/v2\/posts\/62630\/revisions\/62632"}],"wp:attachment":[{"href":"https:\/\/www.rassegnastampa-totustuus.it\/cattolica\/wp-json\/wp\/v2\/media?parent=62630"}],"wp:term":[{"taxonomy":"category","embeddable":true,"href":"https:\/\/www.rassegnastampa-totustuus.it\/cattolica\/wp-json\/wp\/v2\/categories?post=62630"},{"taxonomy":"post_tag","embeddable":true,"href":"https:\/\/www.rassegnastampa-totustuus.it\/cattolica\/wp-json\/wp\/v2\/tags?post=62630"}],"curies":[{"name":"wp","href":"https:\/\/api.w.org\/{rel}","templated":true}]}}