{"id":6261,"date":"2014-03-09T12:13:52","date_gmt":"2014-03-09T11:13:52","guid":{"rendered":"http:\/\/www.rassegnastampa-totustuus.it\/cattolica\/?p=6261"},"modified":"2015-06-12T10:46:28","modified_gmt":"2015-06-12T08:46:28","slug":"imitatio-christi-e-non-documentite-per-rilanciare-la-vita-religiosa","status":"publish","type":"post","link":"https:\/\/www.rassegnastampa-totustuus.it\/cattolica\/imitatio-christi-e-non-documentite-per-rilanciare-la-vita-religiosa\/","title":{"rendered":"Imitatio Christi e non &#8220;documentite&#8221; per rilanciare la vita religiosa"},"content":{"rendered":"<p style=\"text-align: center;\"><strong>Corriere della Sera<\/strong> 4 gennaio 2014<a href=\"https:\/\/www.rassegnastampa-totustuus.it\/cattolica\/wp-content\/uploads\/2014\/03\/frati.jpg\"><img loading=\"lazy\" decoding=\"async\" class=\" wp-image-6763 alignright\" src=\"https:\/\/www.rassegnastampa-totustuus.it\/cattolica\/wp-content\/uploads\/2014\/03\/frati.jpg\" alt=\"frati\" width=\"200\" height=\"190\" \/><\/a><\/p>\n<p style=\"text-align: center;\">di <strong>Vittorio Messori<\/strong><\/p>\n<p style=\"text-align: justify;\">Il ciclone Bergoglio si \u00e8 abbattuto stavolta sui frati, monaci e consacrati in genere che partecipavano alla periodica assemblea della Unione dei Superiori Generali egli Istituti religiosi maschili .<\/p>\n<p style=\"text-align: justify;\">Il programma del Convegno prevedeva solo una breve esortazione del papa a, in realt\u00e0, l\u2019incontro \u00e8 durato tre ore, in un susseguirsi di domande e di lunghe risposte. Offerte, queste, con una tale foga da concedere diritto di cittadinanza \u2013 di certo per la prima volta sotto le volte di una sala vaticana &#8211; a un termine che qualche dizionario registra ancora facendolo precedere da un cauto volg.,\u201cvolgare\u201c. In effetti, Francesco ha insistito sul ruolo profetico dei religiosi, avvertendo per\u00f2, testualmente, che \u00abla profezia fa rumore, chiasso, qualcuno dice casino\u00bb<\/p>\n<p style=\"text-align: justify;\"><!--more--><\/p>\n<p style=\"text-align: justify;\">Papa Francesco era particolarmente a suo agio : \u00e8 infatti il primo pontefice, dopo 183 anni, a provenire non dal clero secolare ma da quello religioso. Parlava dunque per esperienza personale di conventi, comunit\u00e0, regole, statuti . Grandezze e miserie, speranze e difficolt\u00e0 degli \u201cistituti di perfezione\u201c, come vengono chiamati, sono stati per lui vita quotidiana, non astrazioni da biblioteca teologica.<\/p>\n<p style=\"text-align: justify;\"><em>La Civilt\u00e0 Cattolica<\/em>, sul cui sito \u00e8 apparsa ieri la trascrizione dei punti salienti del dialogo, lo ha riassunto con l\u2019esortazione papale: \u00abSvegliate il mondo!\u00bb . A chi conosce la situazione di molti istituti verrebbe da pensare \u2013con un pizzico di amara ironia\u2013 che l\u2019esortazione adeguata potrebbe essere uno \u00abSvegliate il frate!\u00bb. In effetti, la vita religiosa \u00e8 stata tra le pi\u00f9 colpite dal travaglio postconciliare, anche come fervore di vita. A livello di numeri, a cominciare proprio dalla Compagnia ignaziana, \u00e8 stata severamente falcidiata da uscite di professi e da mancate nuove entrate di novizi. Provinciale dei Gesuiti per l\u2019Argentina, padre Bergoglio stesso ha vissuto il dramma \u2013 cui ha accennato nell\u2019incontro con i Superiori \u2013 dell\u2019abbandono di case e di funzioni per mancanza di personale.<\/p>\n<p style=\"text-align: justify;\">Giusto a proposito di vocazioni mancanti \u2013 alludendo agli istituti femminili &#8211; Francesco ha denunciato quella che i vescovi del Terzo Mondo definiscono \u201cla tratta delle novizie\u201c. Religiose europee, cio\u00e8, che si sono dedicate \u2013 in Africa, in Asia, nella stessa America Latina &#8211; alla \u201ccaccia\u201c a presunte vocazioni, al reclutamento di ragazze da trasformare in suore che riempiano almeno in parte i vuoti tra le loro fila. Un comportamento condannabile che riguarda peraltro anche certi ordini e congregazioni maschili.<\/p>\n<p style=\"text-align: justify;\">Il problema numerico esiste ed \u00e8 grave -sia per gli uomini che per le donne &#8211; tanto che molti istituti registrano oggi meno della met\u00e0 dei membri che contavano alla fine del Vaticano II e i superstiti sono quasi tutti in et\u00e0 avanzata. I grandi collegi costruiti negli anni Cinquanta per accogliere e formare i novizi, se non sono stati venduti sono stati trasformati in ricoveri per religiosi e religiose anziani e malati.<\/p>\n<p style=\"text-align: justify;\">Le varie famiglie religiose stringono patti per unire i loro invalidi e le loro invalide, non avendo pi\u00f9 n\u00e9 personale n\u00e9 mezzi per fare da sole. Molte istituzioni hanno pi\u00f9 case e opere che consacrati in grado di occuparle e gestirle. Sul mercato delle vendite immobiliari di Roma stanno riversandosi le sedi, spesso imponenti e circondate di grandi parchi, di Case generalizie ormai sovradimensionate. Certo, la creativit\u00e0 evangelica continua ad operare e dal vecchio albero nascono rami nuovi ma ci\u00f2 non toglie che inesorabili proiezioni statistiche mostrino come (almeno a viste umane) sia inesorabile il declino, sino forse all\u2019estinzione, di Istituti che furono per secoli abbondanti di frutti.<\/p>\n<p style=\"text-align: justify;\">Tuttavia, fedele al suo stile di ottimismo, pur realistico, papa Francesco non si \u00e8 soffermato sulla quantit\u00e0 ma sulla qualit\u00e0 dei consacrati . Non ha parlato di crisi numerica, bens\u00ec della formazione spirituale e della vita concreta dei religiosi , tanti o pochi che siano. Ha ricordato che la fede non si propaga per proselitismo ma per testimonianza personale; non tanto per predicazione quanto per attrazione.<\/p>\n<p style=\"text-align: justify;\">Ha ribadito che la vita religiosa ha un aspetto profetico : testimoniare cio\u00e8 , sin da ora , il Regno futuro che attende ciascun uomo e il mondo intero. Senza giri di parole ha ricordato -qui pure per esperienza personale\u2013 le difficolt\u00e0, talvolta la durezza della vita comunitaria, tanto che, stando persino alla parola dei santi, proprio quel tipo di vita costituisce il primo motivo di penitenza. Ma ha ammonito che \u00abla vita senza conflitti, anche con i fratelli, non \u00e8 vita\u00bb.<\/p>\n<p style=\"text-align: justify;\">I noviziati, lo dicevamo, sono spesso semivuoti, almeno in Occidente. Ma a chi ancora presiede a quegli ambienti ha rivolto parole severe: \u00abLa formazione \u00e8 opera artigianale, non poliziesca. Dobbiamo formare il cuore. Altrimenti formiamo piccoli mostri. E poi questi piccoli mostri formano il popolo di Dio. Questo mi fa venire davvero la pelle d\u2019oca\u00bb. Per aggiungere : \u00abNon dobbiamo formare amministratori o gestori ma padri, fratelli, compagni di cammino per l\u2019uomo concreto\u00bb. Parole durissime, poi, alludendo ai casi di abusi sessuali : \u00abTutti siamo peccatori ma non tutti siamo corrotti . Nella Chiesa si accettano i peccatori, non i corruttori\u00bb.<\/p>\n<p style=\"text-align: justify;\">Che dire, in complesso? Per chi conosce questi temi, la reazione alle esternazioni di papa Bergoglio pu\u00f2 essere di sollievo. La grande d\u00e9bacle della vita religiosa fu determinata anche, se non soprattutto , dall\u2019alluvione di sociologismi e psicologismi e dal manifestarsi di una malattia preoccupante: la \u201cdocumentite\u201c. Un susseguirsi continuo, cio\u00e8, di incontri, dibattiti, convegni , confronti che partorivano inesorabilmente un \u201cdocumento\u201c, tanto dotto e complesso quanto sterile. Mentre gli esperti discettavano sulla sua essenza, la vita religiosa svaniva.<\/p>\n<p style=\"text-align: justify;\">Ora, Francesco sembra indicare la via di una possibile ripresa. Una via di semplice buon senso e come tale spregiata da una certa intellighenzia clericale: essere frati e monaci \u00e8 pensabile solo in una dimensione di fede vera e profonda, solo nell\u2019accettazione di una esistenza talmente permeata dal Vangelo da divenire essa stessa segno e motivo di stupore , dunque di attrazione. Nella sua terribile semplicit\u00e0, \u00e8 la imitatio Christi -pur mettendo in conto la condizione umana, dunque l\u2019inevitabile peccato &#8211; non \u00e8 la relazione dello \u201cspecialista\u201c che pu\u00f2 ancora indicare a chi ne sia chiamato la via di conventi e monasteri.<\/p>\n","protected":false},"excerpt":{"rendered":"<p>Corriere della Sera 4 gennaio 2014 di Vittorio Messori Il ciclone Bergoglio si \u00e8 abbattuto stavolta sui frati, monaci e consacrati in genere che partecipavano alla periodica assemblea della Unione dei Superiori Generali egli Istituti religiosi maschili . Il programma del Convegno prevedeva solo una breve esortazione del papa a, in realt\u00e0, l\u2019incontro \u00e8 durato &hellip; <\/p>\n<p><a class=\"more-link btn\" href=\"https:\/\/www.rassegnastampa-totustuus.it\/cattolica\/imitatio-christi-e-non-documentite-per-rilanciare-la-vita-religiosa\/\">Continua a leggere<\/a><\/p>\n","protected":false},"author":6,"featured_media":6763,"comment_status":"closed","ping_status":"open","sticky":false,"template":"","format":"standard","meta":{"footnotes":""},"categories":[5],"tags":[154,277,276,153],"class_list":["post-6261","post","type-post","status-publish","format-standard","has-post-thumbnail","hentry","category-chiesa","tag-francesco","tag-monache","tag-monaci","tag-papa","item-wrap"],"yoast_head":"<!-- This site is optimized with the Yoast SEO plugin v27.5 - https:\/\/yoast.com\/product\/yoast-seo-wordpress\/ -->\n<title>Imitatio Christi e non &quot;documentite&quot; per rilanciare la vita religiosa - Rassegna Stampa Cattolica<\/title>\n<meta name=\"description\" content=\"Rassegna Stampa Cattolica - Per una cultura che nasce dalla Rivelazione cristiana in conformit\u00e0 alla tradizione e al Magistero della Chiesa in opposizione ad ogni relativismo e totalitarismo\" \/>\n<meta name=\"robots\" content=\"index, follow, max-snippet:-1, max-image-preview:large, max-video-preview:-1\" \/>\n<link rel=\"canonical\" href=\"https:\/\/www.rassegnastampa-totustuus.it\/cattolica\/imitatio-christi-e-non-documentite-per-rilanciare-la-vita-religiosa\/\" \/>\n<meta property=\"og:locale\" content=\"it_IT\" \/>\n<meta property=\"og:type\" content=\"article\" \/>\n<meta property=\"og:title\" content=\"Imitatio Christi e non &quot;documentite&quot; per rilanciare la vita religiosa - Rassegna Stampa Cattolica\" \/>\n<meta property=\"og:description\" content=\"Rassegna Stampa Cattolica - Per una cultura che nasce dalla Rivelazione cristiana in conformit\u00e0 alla tradizione e al Magistero della Chiesa in opposizione ad ogni relativismo e totalitarismo\" \/>\n<meta property=\"og:url\" content=\"https:\/\/www.rassegnastampa-totustuus.it\/cattolica\/imitatio-christi-e-non-documentite-per-rilanciare-la-vita-religiosa\/\" \/>\n<meta property=\"og:site_name\" content=\"Rassegna Stampa Cattolica\" \/>\n<meta property=\"article:publisher\" content=\"https:\/\/www.facebook.com\/rassegnastampacattolica\" \/>\n<meta property=\"article:published_time\" content=\"2014-03-09T11:13:52+00:00\" \/>\n<meta property=\"article:modified_time\" content=\"2015-06-12T08:46:28+00:00\" \/>\n<meta property=\"og:image\" content=\"https:\/\/www.rassegnastampa-totustuus.it\/cattolica\/wp-content\/uploads\/2014\/03\/frati.jpg\" \/>\n\t<meta property=\"og:image:width\" content=\"155\" \/>\n\t<meta property=\"og:image:height\" content=\"147\" \/>\n\t<meta property=\"og:image:type\" content=\"image\/jpeg\" \/>\n<meta name=\"author\" content=\"Redazione\" \/>\n<meta name=\"twitter:card\" content=\"summary_large_image\" \/>\n<meta name=\"twitter:creator\" content=\"@rassegnastampa9\" \/>\n<meta name=\"twitter:site\" content=\"@rassegnastampa9\" \/>\n<meta name=\"twitter:label1\" content=\"Scritto da\" \/>\n\t<meta name=\"twitter:data1\" content=\"Redazione\" \/>\n\t<meta name=\"twitter:label2\" content=\"Tempo di lettura stimato\" \/>\n\t<meta name=\"twitter:data2\" content=\"5 minuti\" \/>\n<script type=\"application\/ld+json\" class=\"yoast-schema-graph\">{\"@context\":\"https:\\\/\\\/schema.org\",\"@graph\":[{\"@type\":\"Article\",\"@id\":\"https:\\\/\\\/www.rassegnastampa-totustuus.it\\\/cattolica\\\/imitatio-christi-e-non-documentite-per-rilanciare-la-vita-religiosa\\\/#article\",\"isPartOf\":{\"@id\":\"https:\\\/\\\/www.rassegnastampa-totustuus.it\\\/cattolica\\\/imitatio-christi-e-non-documentite-per-rilanciare-la-vita-religiosa\\\/\"},\"author\":{\"name\":\"Redazione\",\"@id\":\"https:\\\/\\\/www.rassegnastampa-totustuus.it\\\/cattolica\\\/#\\\/schema\\\/person\\\/08f319d2bd1a0904ad9e2bfb7b15e5c3\"},\"headline\":\"Imitatio Christi e non &#8220;documentite&#8221; per rilanciare la vita religiosa\",\"datePublished\":\"2014-03-09T11:13:52+00:00\",\"dateModified\":\"2015-06-12T08:46:28+00:00\",\"mainEntityOfPage\":{\"@id\":\"https:\\\/\\\/www.rassegnastampa-totustuus.it\\\/cattolica\\\/imitatio-christi-e-non-documentite-per-rilanciare-la-vita-religiosa\\\/\"},\"wordCount\":995,\"publisher\":{\"@id\":\"https:\\\/\\\/www.rassegnastampa-totustuus.it\\\/cattolica\\\/#organization\"},\"image\":{\"@id\":\"https:\\\/\\\/www.rassegnastampa-totustuus.it\\\/cattolica\\\/imitatio-christi-e-non-documentite-per-rilanciare-la-vita-religiosa\\\/#primaryimage\"},\"thumbnailUrl\":\"https:\\\/\\\/www.rassegnastampa-totustuus.it\\\/cattolica\\\/wp-content\\\/uploads\\\/2014\\\/03\\\/frati.jpg\",\"keywords\":[\"Francesco\",\"monache\",\"monaci\",\"Papa\"],\"articleSection\":[\"Chiesa\"],\"inLanguage\":\"it-IT\"},{\"@type\":\"WebPage\",\"@id\":\"https:\\\/\\\/www.rassegnastampa-totustuus.it\\\/cattolica\\\/imitatio-christi-e-non-documentite-per-rilanciare-la-vita-religiosa\\\/\",\"url\":\"https:\\\/\\\/www.rassegnastampa-totustuus.it\\\/cattolica\\\/imitatio-christi-e-non-documentite-per-rilanciare-la-vita-religiosa\\\/\",\"name\":\"Imitatio Christi e non \\\"documentite\\\" per rilanciare la vita religiosa - Rassegna Stampa Cattolica\",\"isPartOf\":{\"@id\":\"https:\\\/\\\/www.rassegnastampa-totustuus.it\\\/cattolica\\\/#website\"},\"primaryImageOfPage\":{\"@id\":\"https:\\\/\\\/www.rassegnastampa-totustuus.it\\\/cattolica\\\/imitatio-christi-e-non-documentite-per-rilanciare-la-vita-religiosa\\\/#primaryimage\"},\"image\":{\"@id\":\"https:\\\/\\\/www.rassegnastampa-totustuus.it\\\/cattolica\\\/imitatio-christi-e-non-documentite-per-rilanciare-la-vita-religiosa\\\/#primaryimage\"},\"thumbnailUrl\":\"https:\\\/\\\/www.rassegnastampa-totustuus.it\\\/cattolica\\\/wp-content\\\/uploads\\\/2014\\\/03\\\/frati.jpg\",\"datePublished\":\"2014-03-09T11:13:52+00:00\",\"dateModified\":\"2015-06-12T08:46:28+00:00\",\"description\":\"Rassegna Stampa Cattolica - Per una cultura che nasce dalla Rivelazione cristiana in conformit\u00e0 alla tradizione e al Magistero della Chiesa in opposizione ad ogni relativismo e totalitarismo\",\"breadcrumb\":{\"@id\":\"https:\\\/\\\/www.rassegnastampa-totustuus.it\\\/cattolica\\\/imitatio-christi-e-non-documentite-per-rilanciare-la-vita-religiosa\\\/#breadcrumb\"},\"inLanguage\":\"it-IT\",\"potentialAction\":[{\"@type\":\"ReadAction\",\"target\":[\"https:\\\/\\\/www.rassegnastampa-totustuus.it\\\/cattolica\\\/imitatio-christi-e-non-documentite-per-rilanciare-la-vita-religiosa\\\/\"]}]},{\"@type\":\"ImageObject\",\"inLanguage\":\"it-IT\",\"@id\":\"https:\\\/\\\/www.rassegnastampa-totustuus.it\\\/cattolica\\\/imitatio-christi-e-non-documentite-per-rilanciare-la-vita-religiosa\\\/#primaryimage\",\"url\":\"https:\\\/\\\/www.rassegnastampa-totustuus.it\\\/cattolica\\\/wp-content\\\/uploads\\\/2014\\\/03\\\/frati.jpg\",\"contentUrl\":\"https:\\\/\\\/www.rassegnastampa-totustuus.it\\\/cattolica\\\/wp-content\\\/uploads\\\/2014\\\/03\\\/frati.jpg\",\"width\":155,\"height\":147},{\"@type\":\"BreadcrumbList\",\"@id\":\"https:\\\/\\\/www.rassegnastampa-totustuus.it\\\/cattolica\\\/imitatio-christi-e-non-documentite-per-rilanciare-la-vita-religiosa\\\/#breadcrumb\",\"itemListElement\":[{\"@type\":\"ListItem\",\"position\":1,\"name\":\"Home\",\"item\":\"https:\\\/\\\/www.rassegnastampa-totustuus.it\\\/cattolica\\\/\"},{\"@type\":\"ListItem\",\"position\":2,\"name\":\"Imitatio Christi e non &#8220;documentite&#8221; per rilanciare la vita religiosa\"}]},{\"@type\":\"WebSite\",\"@id\":\"https:\\\/\\\/www.rassegnastampa-totustuus.it\\\/cattolica\\\/#website\",\"url\":\"https:\\\/\\\/www.rassegnastampa-totustuus.it\\\/cattolica\\\/\",\"name\":\"Rassegna Stampa Cattolica\",\"description\":\"Per una cultura che nasce dalla Rivelazione cristiana in conformit\u00e0 alla tradizione e al Magistero della Chiesa in opposizione ad ogni relativismo e totalitarismo\",\"publisher\":{\"@id\":\"https:\\\/\\\/www.rassegnastampa-totustuus.it\\\/cattolica\\\/#organization\"},\"alternateName\":\"Rass. Cattolica\",\"potentialAction\":[{\"@type\":\"SearchAction\",\"target\":{\"@type\":\"EntryPoint\",\"urlTemplate\":\"https:\\\/\\\/www.rassegnastampa-totustuus.it\\\/cattolica\\\/?s={search_term_string}\"},\"query-input\":{\"@type\":\"PropertyValueSpecification\",\"valueRequired\":true,\"valueName\":\"search_term_string\"}}],\"inLanguage\":\"it-IT\"},{\"@type\":\"Organization\",\"@id\":\"https:\\\/\\\/www.rassegnastampa-totustuus.it\\\/cattolica\\\/#organization\",\"name\":\"Rassegna Stampa Cattolica\",\"url\":\"https:\\\/\\\/www.rassegnastampa-totustuus.it\\\/cattolica\\\/\",\"logo\":{\"@type\":\"ImageObject\",\"inLanguage\":\"it-IT\",\"@id\":\"https:\\\/\\\/www.rassegnastampa-totustuus.it\\\/cattolica\\\/#\\\/schema\\\/logo\\\/image\\\/\",\"url\":\"https:\\\/\\\/www.rassegnastampa-totustuus.it\\\/cattolica\\\/wp-content\\\/uploads\\\/2014\\\/04\\\/logo-rassegna1.gif\",\"contentUrl\":\"https:\\\/\\\/www.rassegnastampa-totustuus.it\\\/cattolica\\\/wp-content\\\/uploads\\\/2014\\\/04\\\/logo-rassegna1.gif\",\"width\":600,\"height\":163,\"caption\":\"Rassegna Stampa Cattolica\"},\"image\":{\"@id\":\"https:\\\/\\\/www.rassegnastampa-totustuus.it\\\/cattolica\\\/#\\\/schema\\\/logo\\\/image\\\/\"},\"sameAs\":[\"https:\\\/\\\/www.facebook.com\\\/rassegnastampacattolica\",\"https:\\\/\\\/x.com\\\/rassegnastampa9\"]},{\"@type\":\"Person\",\"@id\":\"https:\\\/\\\/www.rassegnastampa-totustuus.it\\\/cattolica\\\/#\\\/schema\\\/person\\\/08f319d2bd1a0904ad9e2bfb7b15e5c3\",\"name\":\"Redazione\",\"image\":{\"@type\":\"ImageObject\",\"inLanguage\":\"it-IT\",\"@id\":\"https:\\\/\\\/secure.gravatar.com\\\/avatar\\\/2fcdf27c78ea025fbdb44e914cc63c72249ffec9dc8aafd5c82b26240ef3f346?s=96&d=mm&r=g\",\"url\":\"https:\\\/\\\/secure.gravatar.com\\\/avatar\\\/2fcdf27c78ea025fbdb44e914cc63c72249ffec9dc8aafd5c82b26240ef3f346?s=96&d=mm&r=g\",\"contentUrl\":\"https:\\\/\\\/secure.gravatar.com\\\/avatar\\\/2fcdf27c78ea025fbdb44e914cc63c72249ffec9dc8aafd5c82b26240ef3f346?s=96&d=mm&r=g\",\"caption\":\"Redazione\"},\"url\":\"https:\\\/\\\/www.rassegnastampa-totustuus.it\\\/cattolica\\\/author\\\/pietroelle\\\/\"}]}<\/script>\n<!-- \/ Yoast SEO plugin. -->","yoast_head_json":{"title":"Imitatio Christi e non \"documentite\" per rilanciare la vita religiosa - Rassegna Stampa Cattolica","description":"Rassegna Stampa Cattolica - Per una cultura che nasce dalla Rivelazione cristiana in conformit\u00e0 alla tradizione e al Magistero della Chiesa in opposizione ad ogni relativismo e totalitarismo","robots":{"index":"index","follow":"follow","max-snippet":"max-snippet:-1","max-image-preview":"max-image-preview:large","max-video-preview":"max-video-preview:-1"},"canonical":"https:\/\/www.rassegnastampa-totustuus.it\/cattolica\/imitatio-christi-e-non-documentite-per-rilanciare-la-vita-religiosa\/","og_locale":"it_IT","og_type":"article","og_title":"Imitatio Christi e non \"documentite\" per rilanciare la vita religiosa - Rassegna Stampa Cattolica","og_description":"Rassegna Stampa Cattolica - Per una cultura che nasce dalla Rivelazione cristiana in conformit\u00e0 alla tradizione e al Magistero della Chiesa in opposizione ad ogni relativismo e totalitarismo","og_url":"https:\/\/www.rassegnastampa-totustuus.it\/cattolica\/imitatio-christi-e-non-documentite-per-rilanciare-la-vita-religiosa\/","og_site_name":"Rassegna Stampa Cattolica","article_publisher":"https:\/\/www.facebook.com\/rassegnastampacattolica","article_published_time":"2014-03-09T11:13:52+00:00","article_modified_time":"2015-06-12T08:46:28+00:00","og_image":[{"width":155,"height":147,"url":"https:\/\/www.rassegnastampa-totustuus.it\/cattolica\/wp-content\/uploads\/2014\/03\/frati.jpg","type":"image\/jpeg"}],"author":"Redazione","twitter_card":"summary_large_image","twitter_creator":"@rassegnastampa9","twitter_site":"@rassegnastampa9","twitter_misc":{"Scritto da":"Redazione","Tempo di lettura stimato":"5 minuti"},"schema":{"@context":"https:\/\/schema.org","@graph":[{"@type":"Article","@id":"https:\/\/www.rassegnastampa-totustuus.it\/cattolica\/imitatio-christi-e-non-documentite-per-rilanciare-la-vita-religiosa\/#article","isPartOf":{"@id":"https:\/\/www.rassegnastampa-totustuus.it\/cattolica\/imitatio-christi-e-non-documentite-per-rilanciare-la-vita-religiosa\/"},"author":{"name":"Redazione","@id":"https:\/\/www.rassegnastampa-totustuus.it\/cattolica\/#\/schema\/person\/08f319d2bd1a0904ad9e2bfb7b15e5c3"},"headline":"Imitatio Christi e non &#8220;documentite&#8221; per rilanciare la vita religiosa","datePublished":"2014-03-09T11:13:52+00:00","dateModified":"2015-06-12T08:46:28+00:00","mainEntityOfPage":{"@id":"https:\/\/www.rassegnastampa-totustuus.it\/cattolica\/imitatio-christi-e-non-documentite-per-rilanciare-la-vita-religiosa\/"},"wordCount":995,"publisher":{"@id":"https:\/\/www.rassegnastampa-totustuus.it\/cattolica\/#organization"},"image":{"@id":"https:\/\/www.rassegnastampa-totustuus.it\/cattolica\/imitatio-christi-e-non-documentite-per-rilanciare-la-vita-religiosa\/#primaryimage"},"thumbnailUrl":"https:\/\/www.rassegnastampa-totustuus.it\/cattolica\/wp-content\/uploads\/2014\/03\/frati.jpg","keywords":["Francesco","monache","monaci","Papa"],"articleSection":["Chiesa"],"inLanguage":"it-IT"},{"@type":"WebPage","@id":"https:\/\/www.rassegnastampa-totustuus.it\/cattolica\/imitatio-christi-e-non-documentite-per-rilanciare-la-vita-religiosa\/","url":"https:\/\/www.rassegnastampa-totustuus.it\/cattolica\/imitatio-christi-e-non-documentite-per-rilanciare-la-vita-religiosa\/","name":"Imitatio Christi e non \"documentite\" per rilanciare la vita religiosa - Rassegna Stampa Cattolica","isPartOf":{"@id":"https:\/\/www.rassegnastampa-totustuus.it\/cattolica\/#website"},"primaryImageOfPage":{"@id":"https:\/\/www.rassegnastampa-totustuus.it\/cattolica\/imitatio-christi-e-non-documentite-per-rilanciare-la-vita-religiosa\/#primaryimage"},"image":{"@id":"https:\/\/www.rassegnastampa-totustuus.it\/cattolica\/imitatio-christi-e-non-documentite-per-rilanciare-la-vita-religiosa\/#primaryimage"},"thumbnailUrl":"https:\/\/www.rassegnastampa-totustuus.it\/cattolica\/wp-content\/uploads\/2014\/03\/frati.jpg","datePublished":"2014-03-09T11:13:52+00:00","dateModified":"2015-06-12T08:46:28+00:00","description":"Rassegna Stampa Cattolica - Per una cultura che nasce dalla Rivelazione cristiana in conformit\u00e0 alla tradizione e al Magistero della Chiesa in opposizione ad ogni relativismo e totalitarismo","breadcrumb":{"@id":"https:\/\/www.rassegnastampa-totustuus.it\/cattolica\/imitatio-christi-e-non-documentite-per-rilanciare-la-vita-religiosa\/#breadcrumb"},"inLanguage":"it-IT","potentialAction":[{"@type":"ReadAction","target":["https:\/\/www.rassegnastampa-totustuus.it\/cattolica\/imitatio-christi-e-non-documentite-per-rilanciare-la-vita-religiosa\/"]}]},{"@type":"ImageObject","inLanguage":"it-IT","@id":"https:\/\/www.rassegnastampa-totustuus.it\/cattolica\/imitatio-christi-e-non-documentite-per-rilanciare-la-vita-religiosa\/#primaryimage","url":"https:\/\/www.rassegnastampa-totustuus.it\/cattolica\/wp-content\/uploads\/2014\/03\/frati.jpg","contentUrl":"https:\/\/www.rassegnastampa-totustuus.it\/cattolica\/wp-content\/uploads\/2014\/03\/frati.jpg","width":155,"height":147},{"@type":"BreadcrumbList","@id":"https:\/\/www.rassegnastampa-totustuus.it\/cattolica\/imitatio-christi-e-non-documentite-per-rilanciare-la-vita-religiosa\/#breadcrumb","itemListElement":[{"@type":"ListItem","position":1,"name":"Home","item":"https:\/\/www.rassegnastampa-totustuus.it\/cattolica\/"},{"@type":"ListItem","position":2,"name":"Imitatio Christi e non &#8220;documentite&#8221; per rilanciare la vita religiosa"}]},{"@type":"WebSite","@id":"https:\/\/www.rassegnastampa-totustuus.it\/cattolica\/#website","url":"https:\/\/www.rassegnastampa-totustuus.it\/cattolica\/","name":"Rassegna Stampa Cattolica","description":"Per una cultura che nasce dalla Rivelazione cristiana in conformit\u00e0 alla tradizione e al Magistero della Chiesa in opposizione ad ogni relativismo e totalitarismo","publisher":{"@id":"https:\/\/www.rassegnastampa-totustuus.it\/cattolica\/#organization"},"alternateName":"Rass. Cattolica","potentialAction":[{"@type":"SearchAction","target":{"@type":"EntryPoint","urlTemplate":"https:\/\/www.rassegnastampa-totustuus.it\/cattolica\/?s={search_term_string}"},"query-input":{"@type":"PropertyValueSpecification","valueRequired":true,"valueName":"search_term_string"}}],"inLanguage":"it-IT"},{"@type":"Organization","@id":"https:\/\/www.rassegnastampa-totustuus.it\/cattolica\/#organization","name":"Rassegna Stampa Cattolica","url":"https:\/\/www.rassegnastampa-totustuus.it\/cattolica\/","logo":{"@type":"ImageObject","inLanguage":"it-IT","@id":"https:\/\/www.rassegnastampa-totustuus.it\/cattolica\/#\/schema\/logo\/image\/","url":"https:\/\/www.rassegnastampa-totustuus.it\/cattolica\/wp-content\/uploads\/2014\/04\/logo-rassegna1.gif","contentUrl":"https:\/\/www.rassegnastampa-totustuus.it\/cattolica\/wp-content\/uploads\/2014\/04\/logo-rassegna1.gif","width":600,"height":163,"caption":"Rassegna Stampa Cattolica"},"image":{"@id":"https:\/\/www.rassegnastampa-totustuus.it\/cattolica\/#\/schema\/logo\/image\/"},"sameAs":["https:\/\/www.facebook.com\/rassegnastampacattolica","https:\/\/x.com\/rassegnastampa9"]},{"@type":"Person","@id":"https:\/\/www.rassegnastampa-totustuus.it\/cattolica\/#\/schema\/person\/08f319d2bd1a0904ad9e2bfb7b15e5c3","name":"Redazione","image":{"@type":"ImageObject","inLanguage":"it-IT","@id":"https:\/\/secure.gravatar.com\/avatar\/2fcdf27c78ea025fbdb44e914cc63c72249ffec9dc8aafd5c82b26240ef3f346?s=96&d=mm&r=g","url":"https:\/\/secure.gravatar.com\/avatar\/2fcdf27c78ea025fbdb44e914cc63c72249ffec9dc8aafd5c82b26240ef3f346?s=96&d=mm&r=g","contentUrl":"https:\/\/secure.gravatar.com\/avatar\/2fcdf27c78ea025fbdb44e914cc63c72249ffec9dc8aafd5c82b26240ef3f346?s=96&d=mm&r=g","caption":"Redazione"},"url":"https:\/\/www.rassegnastampa-totustuus.it\/cattolica\/author\/pietroelle\/"}]}},"_links":{"self":[{"href":"https:\/\/www.rassegnastampa-totustuus.it\/cattolica\/wp-json\/wp\/v2\/posts\/6261","targetHints":{"allow":["GET"]}}],"collection":[{"href":"https:\/\/www.rassegnastampa-totustuus.it\/cattolica\/wp-json\/wp\/v2\/posts"}],"about":[{"href":"https:\/\/www.rassegnastampa-totustuus.it\/cattolica\/wp-json\/wp\/v2\/types\/post"}],"author":[{"embeddable":true,"href":"https:\/\/www.rassegnastampa-totustuus.it\/cattolica\/wp-json\/wp\/v2\/users\/6"}],"replies":[{"embeddable":true,"href":"https:\/\/www.rassegnastampa-totustuus.it\/cattolica\/wp-json\/wp\/v2\/comments?post=6261"}],"version-history":[{"count":5,"href":"https:\/\/www.rassegnastampa-totustuus.it\/cattolica\/wp-json\/wp\/v2\/posts\/6261\/revisions"}],"predecessor-version":[{"id":26193,"href":"https:\/\/www.rassegnastampa-totustuus.it\/cattolica\/wp-json\/wp\/v2\/posts\/6261\/revisions\/26193"}],"wp:featuredmedia":[{"embeddable":true,"href":"https:\/\/www.rassegnastampa-totustuus.it\/cattolica\/wp-json\/wp\/v2\/media\/6763"}],"wp:attachment":[{"href":"https:\/\/www.rassegnastampa-totustuus.it\/cattolica\/wp-json\/wp\/v2\/media?parent=6261"}],"wp:term":[{"taxonomy":"category","embeddable":true,"href":"https:\/\/www.rassegnastampa-totustuus.it\/cattolica\/wp-json\/wp\/v2\/categories?post=6261"},{"taxonomy":"post_tag","embeddable":true,"href":"https:\/\/www.rassegnastampa-totustuus.it\/cattolica\/wp-json\/wp\/v2\/tags?post=6261"}],"curies":[{"name":"wp","href":"https:\/\/api.w.org\/{rel}","templated":true}]}}