{"id":62604,"date":"2025-05-17T09:34:23","date_gmt":"2025-05-17T07:34:23","guid":{"rendered":"https:\/\/www.rassegnastampa-totustuus.it\/cattolica\/?p=62604"},"modified":"2025-05-17T09:34:25","modified_gmt":"2025-05-17T07:34:25","slug":"una-tempesta-si-abbatte-sulla-credibilita-degli-studi-sul-clima","status":"publish","type":"post","link":"https:\/\/www.rassegnastampa-totustuus.it\/cattolica\/una-tempesta-si-abbatte-sulla-credibilita-degli-studi-sul-clima\/","title":{"rendered":"Una tempesta si abbatte sulla credibilit\u00e0 degli studi sul clima"},"content":{"rendered":"\n<p class=\"has-text-align-center\"><strong><a href=\"https:\/\/www.atfp.it\/\" target=\"_blank\" rel=\"noreferrer noopener\">Tradizione Famiglia Propriet\u00e0<\/a> <\/strong>newsletter 15 Maggio 2025<\/p>\n\n\n\n<p class=\"has-text-align-center\">di <strong>Gary Isbell<\/strong><\/p>\n\n\n\n<p>L\u2019obiettivit\u00e0 \u00e8 ci\u00f2 che conferisce credibilit\u00e0 alla ricerca scientifica. Quando la scienza viene condizionata da agende politiche, entrambe \u2013 scienza e politica \u2013 risultano compromesse. Questo conflitto d\u2019interessi \u00e8 particolarmente evidente nel campo della scienza climatica.<\/p>\n\n\n<div class=\"wp-block-image\">\n<figure class=\"aligncenter size-full is-resized\"><a href=\"https:\/\/www.rassegnastampa-totustuus.it\/cattolica\/wp-content\/uploads\/2025\/05\/clima_ambiente.jpg\"><img loading=\"lazy\" decoding=\"async\" width=\"640\" height=\"427\" src=\"https:\/\/www.rassegnastampa-totustuus.it\/cattolica\/wp-content\/uploads\/2025\/05\/clima_ambiente.jpg\" alt=\"\" class=\"wp-image-62605\" style=\"width:430px;height:auto\"\/><\/a><\/figure><\/div>\n\n\n<!--more-->\n\n\n\n<p>Per decenni, gli attivisti climatici hanno oscillato tra scenari allarmanti di raffreddamento globale e riscaldamento globale. Quando il clima ha smesso di collaborare con queste narrazioni, hanno adottato l\u2019espressione pi\u00f9 vaga di cambiamento climatico, capace di inglobare ogni possibilit\u00e0.<\/p>\n\n\n\n<p>Questo campo in costante evoluzione ha influenzato politiche globali, percezioni pubbliche e investimenti finanziari. Tuttavia, pochi parlano dei conflitti d\u2019interesse non dichiarati (COI) che minano seriamente la credibilit\u00e0 della scienza del clima.<\/p>\n\n\n\n<p>Numerosi rapporti e studi pubblicati rivelano infatti legami o finanziamenti da parte di ONG o gruppi di pressione, ma coloro che sono coinvolti in queste ricerche spesso omettano di dichiarare legami finanziari o extra-finanziari rilevanti.<\/p>\n\n\n\n<p>Uno studio pionieristico di <em>Jessica Weinkle et al<\/em>. mostra la gravit\u00e0 del problema. L\u2019analisi di un elevato numero di articoli peer-reviewed sul legame tra cambiamento climatico e comportamento degli uragani ha evidenziato gravi carenze nella trasparenza. Nessuno dei 331 autori analizzati ha riportato alcun conflitto d\u2019interesse, n\u00e9 finanziario n\u00e9 non finanziario. Una mancanza in netto contrasto con altri settori, come le bioscienze, dove le dichiarazioni di conflitto d\u2019interesse variano dal 17% al 33%.<\/p>\n\n\n<div class=\"wp-block-image\">\n<figure class=\"aligncenter size-full is-resized\"><a href=\"https:\/\/www.rassegnastampa-totustuus.it\/cattolica\/wp-content\/uploads\/2017\/03\/global_warming.jpg\"><img loading=\"lazy\" decoding=\"async\" width=\"259\" height=\"194\" src=\"https:\/\/www.rassegnastampa-totustuus.it\/cattolica\/wp-content\/uploads\/2017\/03\/global_warming.jpg\" alt=\"\" class=\"wp-image-37370\" style=\"width:355px;height:auto\"\/><\/a><\/figure><\/div>\n\n\n<p>Lo studio ha identificato affiliazioni problematiche tra gli autori, inclusi collegamenti non dichiarati con aziende di analisi del rischio climatico, istituzioni finanziarie e gruppi coinvolti in azioni legali legate al clima.<\/p>\n\n\n\n<p>Un esempio: un autore che fungeva da consulente sia per una societ\u00e0 di analisi del rischio che per una compagnia finanziaria ha omesso di dichiarare questi legami. Tali affiliazioni influenzano la scelta degli argomenti di ricerca, i metodi utilizzati e l\u2019interpretazione dei risultati. Il rischio \u00e8 quello di ottenere risultati distorti, pi\u00f9 in linea con gli obiettivi dei finanziatori che con quelli della scienza.<\/p>\n\n\n\n<p>Lo studio esprime anche profonda preoccupazione per il ruolo dei finanziamenti delle ONG. I dati dimostrano che gli studi finanziati da queste organizzazioni hanno significativamente pi\u00f9 probabilit\u00e0 di indicare una correlazione positiva tra \u201ccambiamento climatico\u201d e fenomeni meteorologici estremi, come gli uragani. Conclusioni che coincidono con gli interessi strategici di tali ONG, che spesso usano questi risultati per rafforzare campagne di pressione, influenzare la politica e avviare azioni legali sul clima a spese dei contribuenti.<\/p>\n\n\n\n<p>Altri settori, come la medicina, hanno adottato misure preventive contro questi problemi. La ricerca medica, ad esempio, ha implementato obblighi di trasparenza tramite meccanismi come il <em>Physician Payments Sunshine Act<\/em>.<\/p>\n\n\n\n<p>La scienza del clima, invece, non ha ancora adottato strumenti simili, nonostante la sua enorme influenza sulle decisioni politiche, finanziarie ed energetiche globali.<\/p>\n\n\n\n<p>Va detto che la presenza di conflitti d\u2019interesse non invalida automaticamente l\u2019attendibilit\u00e0 di una ricerca, poich\u00e9 molti scienziati producono lavori affidabili nonostante le affiliazioni. Tuttavia, la trasparenza \u00e8 essenziale per mantenere fiducia, oggettivit\u00e0 e integrit\u00e0. Senza una dichiarazione completa, \u00e8 difficile valutare l\u2019affidabilit\u00e0 dei risultati o la neutralit\u00e0 delle conclusioni.<\/p>\n\n\n<div class=\"wp-block-image\">\n<figure class=\"aligncenter size-large is-resized\"><a href=\"https:\/\/www.rassegnastampa-totustuus.it\/cattolica\/wp-content\/uploads\/2019\/07\/clima_ghiacci.jpg\"><img loading=\"lazy\" decoding=\"async\" width=\"1024\" height=\"683\" src=\"https:\/\/www.rassegnastampa-totustuus.it\/cattolica\/wp-content\/uploads\/2019\/07\/clima_ghiacci-1024x683.jpg\" alt=\"\" class=\"wp-image-43493\" style=\"width:454px;height:auto\" srcset=\"https:\/\/www.rassegnastampa-totustuus.it\/cattolica\/wp-content\/uploads\/2019\/07\/clima_ghiacci-1024x683.jpg 1024w, https:\/\/www.rassegnastampa-totustuus.it\/cattolica\/wp-content\/uploads\/2019\/07\/clima_ghiacci-300x200.jpg 300w, https:\/\/www.rassegnastampa-totustuus.it\/cattolica\/wp-content\/uploads\/2019\/07\/clima_ghiacci-768x512.jpg 768w, https:\/\/www.rassegnastampa-totustuus.it\/cattolica\/wp-content\/uploads\/2019\/07\/clima_ghiacci.jpg 1600w\" sizes=\"auto, (max-width: 1024px) 100vw, 1024px\" \/><\/a><\/figure><\/div>\n\n\n<p>Interessi finanziari, obiettivi politici e legami istituzionali tendono a plasmare i risultati della ricerca. I criteri per valutare i rischi di COI dovrebbero includere domande come:<\/p>\n\n\n\n<ul class=\"wp-block-list\">\n<li>I finanziatori o i ricercatori hanno interessi economici o politici significativi legati all\u2019esito dello studio?<\/li>\n\n\n\n<li>Questi interessi compromettono l\u2019imparzialit\u00e0 della ricerca?<\/li>\n\n\n\n<li>Lo studio pu\u00f2 essere facilmente manipolato per ottenere risultati desiderati?<\/li>\n<\/ul>\n\n\n\n<p>Senza strumenti adeguati di trasparenza, la scienza del clima \u00e8 altamente vulnerabile a distorsioni. Gli eco-attivisti radicali sono pronti a sfruttare ricerche orientate per promuovere le proprie agende.<\/p>\n\n\n\n<p>L\u2019assenza di rigide politiche sui COI non danneggia solo l\u2019integrit\u00e0 accademica. Pu\u00f2 falsare la realt\u00e0 e modificare politiche e prassi in molti altri ambiti.<\/p>\n\n\n\n<p>La scienza viziata conduce a valutazioni del rischio esagerate, premi assicurativi gonfiati, tasse sul carbonio ingiustificate e restrizioni energetiche inutili. Le cause legali basate su ricerche climatiche selettive \u2013 spesso chiamate attribuzioni di eventi estremi \u2013 comportano rischi economici e reputazionali per industrie e governi.<\/p>\n\n\n\n<p>Per migliorare la credibilit\u00e0 della scienza climatica, riviste scientifiche, organizzazioni professionali e agenzie di finanziamento dovrebbero adottare obblighi di dichiarazione dei conflitti d\u2019interesse, ispirandosi a modelli gi\u00e0 esistenti come quello dell\u2019<em>International Committee of Medical Journal Editors <\/em>(ICMJE).<\/p>\n\n\n<div class=\"wp-block-image\">\n<figure class=\"aligncenter size-full is-resized\"><a href=\"https:\/\/www.rassegnastampa-totustuus.it\/cattolica\/wp-content\/uploads\/2014\/08\/global-warming.jpg\"><img loading=\"lazy\" decoding=\"async\" width=\"300\" height=\"300\" src=\"https:\/\/www.rassegnastampa-totustuus.it\/cattolica\/wp-content\/uploads\/2014\/08\/global-warming.jpg\" alt=\"\" class=\"wp-image-9443\" style=\"width:334px;height:auto\" srcset=\"https:\/\/www.rassegnastampa-totustuus.it\/cattolica\/wp-content\/uploads\/2014\/08\/global-warming.jpg 300w, https:\/\/www.rassegnastampa-totustuus.it\/cattolica\/wp-content\/uploads\/2014\/08\/global-warming-150x150.jpg 150w\" sizes=\"auto, (max-width: 300px) 100vw, 300px\" \/><\/a><\/figure><\/div>\n\n\n<p>Tali politiche dovrebbero includere:<\/p>\n\n\n\n<ul class=\"wp-block-list\">\n<li>Trasparenza finanziaria: gli autori devono dichiarare tutti i legami economici, inclusi compensi da consulenza, partecipazioni azionarie e finanziamenti da parte di gruppi di pressione.<\/li>\n\n\n\n<li>Trasparenza non finanziaria: devono essere rivelati anche rapporti con ONG, attivit\u00e0 legate a contenziosi o affiliazioni politiche.<\/li>\n\n\n\n<li>Banche dati centralizzate: una piattaforma unica per conservare le dichiarazioni COI fra le riviste, riducendo oneri amministrativi e migliorando l\u2019accessibilit\u00e0.<\/li>\n<\/ul>\n\n\n\n<p>Lo studio del clima terrestre \u00e8 un ambito fondamentale. Ma deve restare nei confini delle proprie competenze e non essere strumentalizzato per agende politiche occulte.<\/p>\n\n\n\n<p>Abbracciare la trasparenza rafforzer\u00e0 la credibilit\u00e0 della ricerca climatica e favorir\u00e0 l\u2019adozione di politiche realistiche al servizio del bene comune.<\/p>\n\n\n\n<p class=\"has-text-align-center\"><strong>Fonte<\/strong>: <a href=\"https:\/\/www.tfp.org\/a-storm-brews-over-the-credibility-of-climate-studies\/?PKG=TFPE3580\" target=\"_blank\" rel=\"noreferrer noopener\">Tfp.org<\/a>, 14 aprile 2025. <em>Traduzione a cura di Tradizione Famiglia Propriet\u00e0 \u2013 Italia.<\/em><\/p>\n","protected":false},"excerpt":{"rendered":"<p>Tradizione Famiglia Propriet\u00e0 newsletter 15 Maggio 2025 di Gary Isbell L\u2019obiettivit\u00e0 \u00e8 ci\u00f2 che conferisce credibilit\u00e0 alla ricerca scientifica. Quando la scienza viene condizionata da agende politiche, entrambe \u2013 scienza e politica \u2013 risultano compromesse. Questo conflitto d\u2019interessi \u00e8 particolarmente evidente nel campo della scienza climatica.<\/p><p><a class=\"more-link btn\" href=\"https:\/\/www.rassegnastampa-totustuus.it\/cattolica\/una-tempesta-si-abbatte-sulla-credibilita-degli-studi-sul-clima\/\">Continua a leggere<\/a><\/p>\n","protected":false},"author":6,"featured_media":62605,"comment_status":"closed","ping_status":"closed","sticky":false,"template":"","format":"standard","meta":{"footnotes":""},"categories":[3,22],"tags":[2305,498],"class_list":["post-62604","post","type-post","status-publish","format-standard","has-post-thumbnail","hentry","category-ambientalismo","category-scienza","tag-clima","tag-global-warming","item-wrap"],"yoast_head":"<!-- This site is optimized with the Yoast SEO plugin v27.5 - https:\/\/yoast.com\/product\/yoast-seo-wordpress\/ -->\n<title>Una tempesta si abbatte sulla credibilit\u00e0 degli studi sul clima - Rassegna Stampa Cattolica<\/title>\n<meta name=\"description\" content=\"Una tempesta si abbatte sulla credibilit\u00e0 degli studi sul clima. I ricercatori non dichiarano i loro conflitti di interesse\" \/>\n<meta name=\"robots\" content=\"index, follow, max-snippet:-1, max-image-preview:large, max-video-preview:-1\" \/>\n<link rel=\"canonical\" href=\"https:\/\/www.rassegnastampa-totustuus.it\/cattolica\/una-tempesta-si-abbatte-sulla-credibilita-degli-studi-sul-clima\/\" \/>\n<meta property=\"og:locale\" content=\"it_IT\" \/>\n<meta property=\"og:type\" content=\"article\" \/>\n<meta property=\"og:title\" content=\"Una tempesta si abbatte sulla credibilit\u00e0 degli studi sul clima - Rassegna Stampa Cattolica\" \/>\n<meta property=\"og:description\" content=\"Una tempesta si abbatte sulla credibilit\u00e0 degli studi sul clima. I ricercatori non dichiarano i loro conflitti di interesse\" \/>\n<meta property=\"og:url\" content=\"https:\/\/www.rassegnastampa-totustuus.it\/cattolica\/una-tempesta-si-abbatte-sulla-credibilita-degli-studi-sul-clima\/\" \/>\n<meta property=\"og:site_name\" content=\"Rassegna Stampa Cattolica\" \/>\n<meta property=\"article:publisher\" content=\"https:\/\/www.facebook.com\/rassegnastampacattolica\" \/>\n<meta property=\"article:published_time\" content=\"2025-05-17T07:34:23+00:00\" \/>\n<meta property=\"article:modified_time\" content=\"2025-05-17T07:34:25+00:00\" \/>\n<meta property=\"og:image\" content=\"https:\/\/www.rassegnastampa-totustuus.it\/cattolica\/wp-content\/uploads\/2025\/05\/clima_ambiente.jpg\" \/>\n\t<meta property=\"og:image:width\" content=\"640\" \/>\n\t<meta property=\"og:image:height\" content=\"427\" \/>\n\t<meta property=\"og:image:type\" content=\"image\/jpeg\" \/>\n<meta name=\"author\" content=\"Redazione\" \/>\n<meta name=\"twitter:card\" content=\"summary_large_image\" \/>\n<meta name=\"twitter:creator\" content=\"@rassegnastampa9\" \/>\n<meta name=\"twitter:site\" content=\"@rassegnastampa9\" \/>\n<meta name=\"twitter:label1\" content=\"Scritto da\" \/>\n\t<meta name=\"twitter:data1\" content=\"Redazione\" \/>\n\t<meta name=\"twitter:label2\" content=\"Tempo di lettura stimato\" \/>\n\t<meta name=\"twitter:data2\" content=\"6 minuti\" \/>\n<script type=\"application\/ld+json\" class=\"yoast-schema-graph\">{\"@context\":\"https:\\\/\\\/schema.org\",\"@graph\":[{\"@type\":\"Article\",\"@id\":\"https:\\\/\\\/www.rassegnastampa-totustuus.it\\\/cattolica\\\/una-tempesta-si-abbatte-sulla-credibilita-degli-studi-sul-clima\\\/#article\",\"isPartOf\":{\"@id\":\"https:\\\/\\\/www.rassegnastampa-totustuus.it\\\/cattolica\\\/una-tempesta-si-abbatte-sulla-credibilita-degli-studi-sul-clima\\\/\"},\"author\":{\"name\":\"Redazione\",\"@id\":\"https:\\\/\\\/www.rassegnastampa-totustuus.it\\\/cattolica\\\/#\\\/schema\\\/person\\\/08f319d2bd1a0904ad9e2bfb7b15e5c3\"},\"headline\":\"Una tempesta si abbatte sulla credibilit\u00e0 degli studi sul clima\",\"datePublished\":\"2025-05-17T07:34:23+00:00\",\"dateModified\":\"2025-05-17T07:34:25+00:00\",\"mainEntityOfPage\":{\"@id\":\"https:\\\/\\\/www.rassegnastampa-totustuus.it\\\/cattolica\\\/una-tempesta-si-abbatte-sulla-credibilita-degli-studi-sul-clima\\\/\"},\"wordCount\":824,\"publisher\":{\"@id\":\"https:\\\/\\\/www.rassegnastampa-totustuus.it\\\/cattolica\\\/#organization\"},\"image\":{\"@id\":\"https:\\\/\\\/www.rassegnastampa-totustuus.it\\\/cattolica\\\/una-tempesta-si-abbatte-sulla-credibilita-degli-studi-sul-clima\\\/#primaryimage\"},\"thumbnailUrl\":\"https:\\\/\\\/www.rassegnastampa-totustuus.it\\\/cattolica\\\/wp-content\\\/uploads\\\/2025\\\/05\\\/clima_ambiente.jpg\",\"keywords\":[\"clima\",\"global warming\"],\"articleSection\":[\"Ambientalismo\",\"Scienza\"],\"inLanguage\":\"it-IT\"},{\"@type\":\"WebPage\",\"@id\":\"https:\\\/\\\/www.rassegnastampa-totustuus.it\\\/cattolica\\\/una-tempesta-si-abbatte-sulla-credibilita-degli-studi-sul-clima\\\/\",\"url\":\"https:\\\/\\\/www.rassegnastampa-totustuus.it\\\/cattolica\\\/una-tempesta-si-abbatte-sulla-credibilita-degli-studi-sul-clima\\\/\",\"name\":\"Una tempesta si abbatte sulla credibilit\u00e0 degli studi sul clima - Rassegna Stampa Cattolica\",\"isPartOf\":{\"@id\":\"https:\\\/\\\/www.rassegnastampa-totustuus.it\\\/cattolica\\\/#website\"},\"primaryImageOfPage\":{\"@id\":\"https:\\\/\\\/www.rassegnastampa-totustuus.it\\\/cattolica\\\/una-tempesta-si-abbatte-sulla-credibilita-degli-studi-sul-clima\\\/#primaryimage\"},\"image\":{\"@id\":\"https:\\\/\\\/www.rassegnastampa-totustuus.it\\\/cattolica\\\/una-tempesta-si-abbatte-sulla-credibilita-degli-studi-sul-clima\\\/#primaryimage\"},\"thumbnailUrl\":\"https:\\\/\\\/www.rassegnastampa-totustuus.it\\\/cattolica\\\/wp-content\\\/uploads\\\/2025\\\/05\\\/clima_ambiente.jpg\",\"datePublished\":\"2025-05-17T07:34:23+00:00\",\"dateModified\":\"2025-05-17T07:34:25+00:00\",\"description\":\"Una tempesta si abbatte sulla credibilit\u00e0 degli studi sul clima. I ricercatori non dichiarano i loro conflitti di interesse\",\"breadcrumb\":{\"@id\":\"https:\\\/\\\/www.rassegnastampa-totustuus.it\\\/cattolica\\\/una-tempesta-si-abbatte-sulla-credibilita-degli-studi-sul-clima\\\/#breadcrumb\"},\"inLanguage\":\"it-IT\",\"potentialAction\":[{\"@type\":\"ReadAction\",\"target\":[\"https:\\\/\\\/www.rassegnastampa-totustuus.it\\\/cattolica\\\/una-tempesta-si-abbatte-sulla-credibilita-degli-studi-sul-clima\\\/\"]}]},{\"@type\":\"ImageObject\",\"inLanguage\":\"it-IT\",\"@id\":\"https:\\\/\\\/www.rassegnastampa-totustuus.it\\\/cattolica\\\/una-tempesta-si-abbatte-sulla-credibilita-degli-studi-sul-clima\\\/#primaryimage\",\"url\":\"https:\\\/\\\/www.rassegnastampa-totustuus.it\\\/cattolica\\\/wp-content\\\/uploads\\\/2025\\\/05\\\/clima_ambiente.jpg\",\"contentUrl\":\"https:\\\/\\\/www.rassegnastampa-totustuus.it\\\/cattolica\\\/wp-content\\\/uploads\\\/2025\\\/05\\\/clima_ambiente.jpg\",\"width\":640,\"height\":427,\"caption\":\"Photos taken at the World Climate March in London.\"},{\"@type\":\"BreadcrumbList\",\"@id\":\"https:\\\/\\\/www.rassegnastampa-totustuus.it\\\/cattolica\\\/una-tempesta-si-abbatte-sulla-credibilita-degli-studi-sul-clima\\\/#breadcrumb\",\"itemListElement\":[{\"@type\":\"ListItem\",\"position\":1,\"name\":\"Home\",\"item\":\"https:\\\/\\\/www.rassegnastampa-totustuus.it\\\/cattolica\\\/\"},{\"@type\":\"ListItem\",\"position\":2,\"name\":\"Una tempesta si abbatte sulla credibilit\u00e0 degli studi sul clima\"}]},{\"@type\":\"WebSite\",\"@id\":\"https:\\\/\\\/www.rassegnastampa-totustuus.it\\\/cattolica\\\/#website\",\"url\":\"https:\\\/\\\/www.rassegnastampa-totustuus.it\\\/cattolica\\\/\",\"name\":\"Rassegna Stampa Cattolica\",\"description\":\"Per una cultura che nasce dalla Rivelazione cristiana in conformit\u00e0 alla tradizione e al Magistero della Chiesa in opposizione ad ogni relativismo e totalitarismo\",\"publisher\":{\"@id\":\"https:\\\/\\\/www.rassegnastampa-totustuus.it\\\/cattolica\\\/#organization\"},\"alternateName\":\"Rass. Cattolica\",\"potentialAction\":[{\"@type\":\"SearchAction\",\"target\":{\"@type\":\"EntryPoint\",\"urlTemplate\":\"https:\\\/\\\/www.rassegnastampa-totustuus.it\\\/cattolica\\\/?s={search_term_string}\"},\"query-input\":{\"@type\":\"PropertyValueSpecification\",\"valueRequired\":true,\"valueName\":\"search_term_string\"}}],\"inLanguage\":\"it-IT\"},{\"@type\":\"Organization\",\"@id\":\"https:\\\/\\\/www.rassegnastampa-totustuus.it\\\/cattolica\\\/#organization\",\"name\":\"Rassegna Stampa Cattolica\",\"url\":\"https:\\\/\\\/www.rassegnastampa-totustuus.it\\\/cattolica\\\/\",\"logo\":{\"@type\":\"ImageObject\",\"inLanguage\":\"it-IT\",\"@id\":\"https:\\\/\\\/www.rassegnastampa-totustuus.it\\\/cattolica\\\/#\\\/schema\\\/logo\\\/image\\\/\",\"url\":\"https:\\\/\\\/www.rassegnastampa-totustuus.it\\\/cattolica\\\/wp-content\\\/uploads\\\/2014\\\/04\\\/logo-rassegna1.gif\",\"contentUrl\":\"https:\\\/\\\/www.rassegnastampa-totustuus.it\\\/cattolica\\\/wp-content\\\/uploads\\\/2014\\\/04\\\/logo-rassegna1.gif\",\"width\":600,\"height\":163,\"caption\":\"Rassegna Stampa Cattolica\"},\"image\":{\"@id\":\"https:\\\/\\\/www.rassegnastampa-totustuus.it\\\/cattolica\\\/#\\\/schema\\\/logo\\\/image\\\/\"},\"sameAs\":[\"https:\\\/\\\/www.facebook.com\\\/rassegnastampacattolica\",\"https:\\\/\\\/x.com\\\/rassegnastampa9\"]},{\"@type\":\"Person\",\"@id\":\"https:\\\/\\\/www.rassegnastampa-totustuus.it\\\/cattolica\\\/#\\\/schema\\\/person\\\/08f319d2bd1a0904ad9e2bfb7b15e5c3\",\"name\":\"Redazione\",\"image\":{\"@type\":\"ImageObject\",\"inLanguage\":\"it-IT\",\"@id\":\"https:\\\/\\\/secure.gravatar.com\\\/avatar\\\/2fcdf27c78ea025fbdb44e914cc63c72249ffec9dc8aafd5c82b26240ef3f346?s=96&d=mm&r=g\",\"url\":\"https:\\\/\\\/secure.gravatar.com\\\/avatar\\\/2fcdf27c78ea025fbdb44e914cc63c72249ffec9dc8aafd5c82b26240ef3f346?s=96&d=mm&r=g\",\"contentUrl\":\"https:\\\/\\\/secure.gravatar.com\\\/avatar\\\/2fcdf27c78ea025fbdb44e914cc63c72249ffec9dc8aafd5c82b26240ef3f346?s=96&d=mm&r=g\",\"caption\":\"Redazione\"},\"url\":\"https:\\\/\\\/www.rassegnastampa-totustuus.it\\\/cattolica\\\/author\\\/pietroelle\\\/\"}]}<\/script>\n<!-- \/ Yoast SEO plugin. -->","yoast_head_json":{"title":"Una tempesta si abbatte sulla credibilit\u00e0 degli studi sul clima - Rassegna Stampa Cattolica","description":"Una tempesta si abbatte sulla credibilit\u00e0 degli studi sul clima. I ricercatori non dichiarano i loro conflitti di interesse","robots":{"index":"index","follow":"follow","max-snippet":"max-snippet:-1","max-image-preview":"max-image-preview:large","max-video-preview":"max-video-preview:-1"},"canonical":"https:\/\/www.rassegnastampa-totustuus.it\/cattolica\/una-tempesta-si-abbatte-sulla-credibilita-degli-studi-sul-clima\/","og_locale":"it_IT","og_type":"article","og_title":"Una tempesta si abbatte sulla credibilit\u00e0 degli studi sul clima - Rassegna Stampa Cattolica","og_description":"Una tempesta si abbatte sulla credibilit\u00e0 degli studi sul clima. I ricercatori non dichiarano i loro conflitti di interesse","og_url":"https:\/\/www.rassegnastampa-totustuus.it\/cattolica\/una-tempesta-si-abbatte-sulla-credibilita-degli-studi-sul-clima\/","og_site_name":"Rassegna Stampa Cattolica","article_publisher":"https:\/\/www.facebook.com\/rassegnastampacattolica","article_published_time":"2025-05-17T07:34:23+00:00","article_modified_time":"2025-05-17T07:34:25+00:00","og_image":[{"width":640,"height":427,"url":"https:\/\/www.rassegnastampa-totustuus.it\/cattolica\/wp-content\/uploads\/2025\/05\/clima_ambiente.jpg","type":"image\/jpeg"}],"author":"Redazione","twitter_card":"summary_large_image","twitter_creator":"@rassegnastampa9","twitter_site":"@rassegnastampa9","twitter_misc":{"Scritto da":"Redazione","Tempo di lettura stimato":"6 minuti"},"schema":{"@context":"https:\/\/schema.org","@graph":[{"@type":"Article","@id":"https:\/\/www.rassegnastampa-totustuus.it\/cattolica\/una-tempesta-si-abbatte-sulla-credibilita-degli-studi-sul-clima\/#article","isPartOf":{"@id":"https:\/\/www.rassegnastampa-totustuus.it\/cattolica\/una-tempesta-si-abbatte-sulla-credibilita-degli-studi-sul-clima\/"},"author":{"name":"Redazione","@id":"https:\/\/www.rassegnastampa-totustuus.it\/cattolica\/#\/schema\/person\/08f319d2bd1a0904ad9e2bfb7b15e5c3"},"headline":"Una tempesta si abbatte sulla credibilit\u00e0 degli studi sul clima","datePublished":"2025-05-17T07:34:23+00:00","dateModified":"2025-05-17T07:34:25+00:00","mainEntityOfPage":{"@id":"https:\/\/www.rassegnastampa-totustuus.it\/cattolica\/una-tempesta-si-abbatte-sulla-credibilita-degli-studi-sul-clima\/"},"wordCount":824,"publisher":{"@id":"https:\/\/www.rassegnastampa-totustuus.it\/cattolica\/#organization"},"image":{"@id":"https:\/\/www.rassegnastampa-totustuus.it\/cattolica\/una-tempesta-si-abbatte-sulla-credibilita-degli-studi-sul-clima\/#primaryimage"},"thumbnailUrl":"https:\/\/www.rassegnastampa-totustuus.it\/cattolica\/wp-content\/uploads\/2025\/05\/clima_ambiente.jpg","keywords":["clima","global warming"],"articleSection":["Ambientalismo","Scienza"],"inLanguage":"it-IT"},{"@type":"WebPage","@id":"https:\/\/www.rassegnastampa-totustuus.it\/cattolica\/una-tempesta-si-abbatte-sulla-credibilita-degli-studi-sul-clima\/","url":"https:\/\/www.rassegnastampa-totustuus.it\/cattolica\/una-tempesta-si-abbatte-sulla-credibilita-degli-studi-sul-clima\/","name":"Una tempesta si abbatte sulla credibilit\u00e0 degli studi sul clima - Rassegna Stampa Cattolica","isPartOf":{"@id":"https:\/\/www.rassegnastampa-totustuus.it\/cattolica\/#website"},"primaryImageOfPage":{"@id":"https:\/\/www.rassegnastampa-totustuus.it\/cattolica\/una-tempesta-si-abbatte-sulla-credibilita-degli-studi-sul-clima\/#primaryimage"},"image":{"@id":"https:\/\/www.rassegnastampa-totustuus.it\/cattolica\/una-tempesta-si-abbatte-sulla-credibilita-degli-studi-sul-clima\/#primaryimage"},"thumbnailUrl":"https:\/\/www.rassegnastampa-totustuus.it\/cattolica\/wp-content\/uploads\/2025\/05\/clima_ambiente.jpg","datePublished":"2025-05-17T07:34:23+00:00","dateModified":"2025-05-17T07:34:25+00:00","description":"Una tempesta si abbatte sulla credibilit\u00e0 degli studi sul clima. I ricercatori non dichiarano i loro conflitti di interesse","breadcrumb":{"@id":"https:\/\/www.rassegnastampa-totustuus.it\/cattolica\/una-tempesta-si-abbatte-sulla-credibilita-degli-studi-sul-clima\/#breadcrumb"},"inLanguage":"it-IT","potentialAction":[{"@type":"ReadAction","target":["https:\/\/www.rassegnastampa-totustuus.it\/cattolica\/una-tempesta-si-abbatte-sulla-credibilita-degli-studi-sul-clima\/"]}]},{"@type":"ImageObject","inLanguage":"it-IT","@id":"https:\/\/www.rassegnastampa-totustuus.it\/cattolica\/una-tempesta-si-abbatte-sulla-credibilita-degli-studi-sul-clima\/#primaryimage","url":"https:\/\/www.rassegnastampa-totustuus.it\/cattolica\/wp-content\/uploads\/2025\/05\/clima_ambiente.jpg","contentUrl":"https:\/\/www.rassegnastampa-totustuus.it\/cattolica\/wp-content\/uploads\/2025\/05\/clima_ambiente.jpg","width":640,"height":427,"caption":"Photos taken at the World Climate March in London."},{"@type":"BreadcrumbList","@id":"https:\/\/www.rassegnastampa-totustuus.it\/cattolica\/una-tempesta-si-abbatte-sulla-credibilita-degli-studi-sul-clima\/#breadcrumb","itemListElement":[{"@type":"ListItem","position":1,"name":"Home","item":"https:\/\/www.rassegnastampa-totustuus.it\/cattolica\/"},{"@type":"ListItem","position":2,"name":"Una tempesta si abbatte sulla credibilit\u00e0 degli studi sul clima"}]},{"@type":"WebSite","@id":"https:\/\/www.rassegnastampa-totustuus.it\/cattolica\/#website","url":"https:\/\/www.rassegnastampa-totustuus.it\/cattolica\/","name":"Rassegna Stampa Cattolica","description":"Per una cultura che nasce dalla Rivelazione cristiana in conformit\u00e0 alla tradizione e al Magistero della Chiesa in opposizione ad ogni relativismo e totalitarismo","publisher":{"@id":"https:\/\/www.rassegnastampa-totustuus.it\/cattolica\/#organization"},"alternateName":"Rass. Cattolica","potentialAction":[{"@type":"SearchAction","target":{"@type":"EntryPoint","urlTemplate":"https:\/\/www.rassegnastampa-totustuus.it\/cattolica\/?s={search_term_string}"},"query-input":{"@type":"PropertyValueSpecification","valueRequired":true,"valueName":"search_term_string"}}],"inLanguage":"it-IT"},{"@type":"Organization","@id":"https:\/\/www.rassegnastampa-totustuus.it\/cattolica\/#organization","name":"Rassegna Stampa Cattolica","url":"https:\/\/www.rassegnastampa-totustuus.it\/cattolica\/","logo":{"@type":"ImageObject","inLanguage":"it-IT","@id":"https:\/\/www.rassegnastampa-totustuus.it\/cattolica\/#\/schema\/logo\/image\/","url":"https:\/\/www.rassegnastampa-totustuus.it\/cattolica\/wp-content\/uploads\/2014\/04\/logo-rassegna1.gif","contentUrl":"https:\/\/www.rassegnastampa-totustuus.it\/cattolica\/wp-content\/uploads\/2014\/04\/logo-rassegna1.gif","width":600,"height":163,"caption":"Rassegna Stampa Cattolica"},"image":{"@id":"https:\/\/www.rassegnastampa-totustuus.it\/cattolica\/#\/schema\/logo\/image\/"},"sameAs":["https:\/\/www.facebook.com\/rassegnastampacattolica","https:\/\/x.com\/rassegnastampa9"]},{"@type":"Person","@id":"https:\/\/www.rassegnastampa-totustuus.it\/cattolica\/#\/schema\/person\/08f319d2bd1a0904ad9e2bfb7b15e5c3","name":"Redazione","image":{"@type":"ImageObject","inLanguage":"it-IT","@id":"https:\/\/secure.gravatar.com\/avatar\/2fcdf27c78ea025fbdb44e914cc63c72249ffec9dc8aafd5c82b26240ef3f346?s=96&d=mm&r=g","url":"https:\/\/secure.gravatar.com\/avatar\/2fcdf27c78ea025fbdb44e914cc63c72249ffec9dc8aafd5c82b26240ef3f346?s=96&d=mm&r=g","contentUrl":"https:\/\/secure.gravatar.com\/avatar\/2fcdf27c78ea025fbdb44e914cc63c72249ffec9dc8aafd5c82b26240ef3f346?s=96&d=mm&r=g","caption":"Redazione"},"url":"https:\/\/www.rassegnastampa-totustuus.it\/cattolica\/author\/pietroelle\/"}]}},"_links":{"self":[{"href":"https:\/\/www.rassegnastampa-totustuus.it\/cattolica\/wp-json\/wp\/v2\/posts\/62604","targetHints":{"allow":["GET"]}}],"collection":[{"href":"https:\/\/www.rassegnastampa-totustuus.it\/cattolica\/wp-json\/wp\/v2\/posts"}],"about":[{"href":"https:\/\/www.rassegnastampa-totustuus.it\/cattolica\/wp-json\/wp\/v2\/types\/post"}],"author":[{"embeddable":true,"href":"https:\/\/www.rassegnastampa-totustuus.it\/cattolica\/wp-json\/wp\/v2\/users\/6"}],"replies":[{"embeddable":true,"href":"https:\/\/www.rassegnastampa-totustuus.it\/cattolica\/wp-json\/wp\/v2\/comments?post=62604"}],"version-history":[{"count":1,"href":"https:\/\/www.rassegnastampa-totustuus.it\/cattolica\/wp-json\/wp\/v2\/posts\/62604\/revisions"}],"predecessor-version":[{"id":62606,"href":"https:\/\/www.rassegnastampa-totustuus.it\/cattolica\/wp-json\/wp\/v2\/posts\/62604\/revisions\/62606"}],"wp:featuredmedia":[{"embeddable":true,"href":"https:\/\/www.rassegnastampa-totustuus.it\/cattolica\/wp-json\/wp\/v2\/media\/62605"}],"wp:attachment":[{"href":"https:\/\/www.rassegnastampa-totustuus.it\/cattolica\/wp-json\/wp\/v2\/media?parent=62604"}],"wp:term":[{"taxonomy":"category","embeddable":true,"href":"https:\/\/www.rassegnastampa-totustuus.it\/cattolica\/wp-json\/wp\/v2\/categories?post=62604"},{"taxonomy":"post_tag","embeddable":true,"href":"https:\/\/www.rassegnastampa-totustuus.it\/cattolica\/wp-json\/wp\/v2\/tags?post=62604"}],"curies":[{"name":"wp","href":"https:\/\/api.w.org\/{rel}","templated":true}]}}