{"id":626,"date":"2005-05-31T15:57:18","date_gmt":"2005-05-31T13:57:18","guid":{"rendered":""},"modified":"2016-03-31T10:15:42","modified_gmt":"2016-03-31T08:15:42","slug":"origini-della-filosofia","status":"publish","type":"post","link":"https:\/\/www.rassegnastampa-totustuus.it\/cattolica\/origini-della-filosofia\/","title":{"rendered":"Origini della filosofia"},"content":{"rendered":"<div align=\"justify\"><strong><img loading=\"lazy\" decoding=\"async\" class=\"alignright wp-image-32402\" src=\"https:\/\/www.rassegnastampa-totustuus.it\/cattolica\/wp-content\/uploads\/2005\/05\/filosofia.jpg\" alt=\"filosofia\" width=\"250\" height=\"187\" \/>Perch\u00e9 in Grecia<\/strong><\/div>\n<div align=\"justify\">\n<p>la filosofia nasce <strong>in Grecia<\/strong>, e non in altre civilt\u00e0 (Egitto, Mesopotamia, Persia).\u00a0E&#8217; tesi condivisa che tale origine si spieghi con le particolari condizioni che il mondo greco offriva:<\/p>\n<p>&#8211; in ambito politico: la <strong>libert\u00e0<\/strong><br \/>\n&#8211; in ambito culturale: un senso critico pi\u00f9 sviluppato che presso altre culture, e la volont\u00e0 di capire, spiegare la realt\u00e0 in termini razionali.<\/p>\n<p>Lo stesso mito greco, e la religione greca, non contengono quegli elementi mostruosi e irrazionali che si trovano presso altri popoli; in particolare i greci avevano, ancor prima della nascita della filosofia, un vivo senso che la realt\u00e0 obbedisce a delle leggi razionali, ossia \u00e8 retta dalla giustizia. Vediamo qualche brano che illustra tale convinzione.<\/p>\n<\/div>\n<p><!--more--><\/p>\n<div align=\"justify\">\n<p><strong>Il senso della giustizia<\/strong><\/p>\n<p>Il dio appunto che, come dice il discorso antico, tiene il principio e la fine e il mezzo di tutte le cose che sono, raggiunge diritto il suo scopo attraversando secondo natura ogni cosa, e a lui sempre viene dietro Dike, punitrice di coloro che si allontanano dalla legge divina&#8230; (PLATONE, Leggi 715e-716a)<\/p>\n<p>&#8230;stimando massimamente Eunomia, amante delle cose giuste, la quale preserva tutte le citt\u00e0 e i paesi. E a favore dell&#8217;inesorabile e veneranda Dike &#8211; che al dire di Orfeo, il fondatore per noi delle pi\u00f9 sacre iniziazioni, sta seduta accanto al trono di Zeus e contempla tutte le cose degli uomini &#8211; chiunque sia abituato alla fiducia in se stesso deve decretare cos\u00ec, astenendosi e guardandosi dal disonorarla. (<strong>PSEUDO<\/strong> <strong>DEMOSTENE,<\/strong> Contro Aristogitone I, II)<\/p>\n<p>E c&#8217;\u00e8 Giustizia, Vergine, nata da Zeus,<br \/>\n<em><br \/>\ne nobile e veneranda per gli d\u00e8i <\/em><\/p>\n<div align=\"justify\"><em>che hanno l&#8217;Olimpo;<\/em><\/div>\n<div align=\"justify\"><em>e quando qualcuno l&#8217;offende e, iniquamente, la disprezza,<\/em><\/div>\n<div align=\"justify\"><em>allora sedendo presso Zeus padre, figlio di Crono,<\/em><\/div>\n<div align=\"justify\"><em>a lui racconta gli ingiusti pensieri degli uomini:<\/em><\/div>\n<div align=\"justify\"><em>che paghi il popolo le scelleratezze dei re<\/em><\/div>\n<div align=\"justify\"><em>i quali, nutrendo propositi tristi,<\/em><\/div>\n<div align=\"justify\"><em>le loro sentenze stravolgono iniquamente parlando.<\/em><\/div>\n<div align=\"justify\"><em>A questo pensate, o re, raddrizzate le vostre parole,<\/em><\/div>\n<div align=\"justify\"><em>voi mangiatori di doni, e le vostre inique sentenze scordate;<\/em><\/div>\n<div align=\"justify\"><em>a se stesso prepara mali l&#8217;uomo che mali per altri prepara<\/em><\/div>\n<div align=\"justify\"><em>e un cattivo pensiero pessimo \u00e8 per chi l&#8217;ha pensato; <\/em><\/div>\n<div align=\"justify\"><em>lo sguardo di Zeus tutto vede e tutto notando<\/em><\/div>\n<div align=\"justify\"><em>anche questo, se vuole, scorge, n\u00e9 gli fallisce<\/em><\/div>\n<div align=\"justify\"><em>qual \u00e8 questa giustizia che la citt\u00e0 racchiude dentro di s\u00e9<\/em><\/div>\n<div align=\"justify\">\n<p><em>[..]<\/em><\/p>\n<p>Tale \u00e8 la legge che agli uomini impose il figlio di Crono:<\/p>\n<\/div>\n<div align=\"justify\"><em>ai pesci e alle fiere e agli uccelli alati<\/em><\/div>\n<div align=\"justify\"><em>di mangiarsi fra loro, perch\u00e9 fra loro giustizia non c&#8217;\u00e8,.<\/em><\/div>\n<div align=\"justify\"><em>ma agli uomini diede giustizia che \u00e8 molto migliore;<\/em><\/div>\n<div align=\"justify\"><em>se infatti qualcuno \u00e8 disposto a dare giuste sentenze<\/em><\/div>\n<div align=\"justify\"><em>cosciente, a lui d\u00e0 benessere Zeus onniveggente;<\/em><\/div>\n<div align=\"justify\"><em>ma chi sia testimone, e deliberatamente, commette spergiuro<\/em><\/div>\n<div align=\"justify\"><em>e mente e Giustizia offendendo pecca senza rimedio,<\/em><\/div>\n<div align=\"justify\"><em>oscura dopo di lui la sua stirpe sar\u00e0;<\/em><\/div>\n<div align=\"justify\">\n<p><em>migliore invece sar\u00e0 la stirpe dell&#8217;uomo che il giuramento rispetta.<\/em><\/p>\n<p>(<strong>ESIODO<\/strong>, Opere e giorni, 256-269, 276-28)<\/p>\n<p><em>si fanno ricchi dietro all&#8217;ingiustizia<\/em><\/p>\n<div align=\"justify\"><em>senza riguardo ai beni sacri o pubblici,<\/em><\/div>\n<div align=\"justify\"><em>chi di qua chi di l\u00e0 saccheggiano, rapinano,<\/em><\/div>\n<div align=\"justify\"><em>spregiando i fondamenti di Giustizia.<\/em><\/div>\n<div align=\"justify\"><em>Ella non parla: conscia del presente e del passato,<\/em><\/div>\n<div align=\"justify\">\n<p><em>arriva sempre, vindice, col tempo.<\/em><\/p>\n<p><strong>(SOLONE, D3)<\/strong><\/p>\n<p>Ogni virt\u00f9 nella giustizia si compendia.<\/p>\n<p><strong>(FOCILIDE, D10)<\/strong><\/p>\n<p>Scegli piuttosto un&#8217;esistenza pia con pochi mezzi<\/p>\n<div align=\"justify\"><em>che la ricchezza frutto d&#8217;ingiustizia.<\/em><\/div>\n<div align=\"justify\"><em>ella giustizia tutti i privilegi assommano,<\/em><\/div>\n<div align=\"justify\">\n<p><em>e il giusto \u00e8 sempre un ottimate, Cirno.<\/em><\/p>\n<p>[&#8230;]<\/p>\n<p>C&#8217;\u00e8 una cosa, che inganna gli uomini:<\/p>\n<\/div>\n<div align=\"justify\"><em>i beati puniscono la colpa variamente.<\/em><\/div>\n<div align=\"justify\"><em>Se c&#8217;\u00e8 chi paga di persona il debito,<\/em><\/div>\n<div align=\"justify\"><em>e non lascia in sospeso sui figli la rovina,<\/em><\/div>\n<div align=\"justify\"><em>c&#8217;\u00e8 chi sfugge alle grinfie di giustizia:<\/em><\/div>\n<div align=\"justify\">\n<p><em>acerba morte gli cala sulle palpebre, lo stronca.<\/em><\/p>\n<p>(<strong>TEOGNIDE<\/strong> 1, 145-148, 203-208)<\/p>\n<p><strong>La Giustizia come legge dell&#8217;universo<\/strong><\/p>\n<p>Principio degli esseri \u00e8 l&#8217;infinito&#8230; da dove infatti gli esseri hanno l&#8217;origine, ivi hanno anche la distruzione secondo necessit\u00e0: poich\u00e9 essi pagano l&#8217;uno all&#8217;altro la pena e l&#8217;espiazione dell&#8217;ingiustizia secondo l&#8217;ordine del tempo. <strong>(ANASSIMANDRO) <\/strong><\/p>\n<p>La Giustizia come armonia della vita<\/p>\n<p>Ora ecco il pavimento \u00e8 terso e le mani di tutti e i calici. C&#8217;\u00e8 chi ci circonda il capo di ritorte ghirlande, e c&#8217;\u00e8 chi porge in una tazza l&#8217;essenza profumata. Il cratere \u00e8 l\u00ec, ripieno di allegria, e c&#8217;\u00e8 pronto altro vino nei vasi, che dice che mai verr\u00e0 meno, dolce come il miele, odorante di fiori; nel mezzo l&#8217;incenso emana il suo sacro effluvio; c&#8217;\u00e8 acqua fresca e dolce e limpida; qui accanto sono i biondi pani e la tavola sontuosa oppressa dal peso del cacio e del biondo miele; nel mezzo l&#8217;altare \u00e8 tutto quanto coperto di fiori e tutta la casa risuona del canto e del tripudio. Bisogna anzi tutto, da uomini dabbene, levare canti di lode a dio con racconti pii e con parole pure.<\/p>\n<p>Ma una volta che si \u00e8 libato e implorato di poter operare secondo giustizia (perch\u00e9 questa \u00e8 invero la prima cosa), non \u00e8 eccesso peccaminoso bere fino a tanto che chi non \u00e8 troppo vecchio possa giungere a casa senza la guida del servo. \u00c8 da lodare quell&#8217;uomo che, dopo aver bevuto, rivela cose belle, cos\u00ec come la memoria e l&#8217;aspirazione alla virt\u00f9 glielo suggeriscono. Non narrare le lotte dei Titani o dei Giganti o, ancora, dei Centauri, parti della fantasia dei primitivi, oppure le violente lotte di partito, che son cose che non hanno pregio di sorta, ma bens\u00ec rispettare e onorare gli d\u00e8i, questo \u00e8 bene. (&#8230; ) Perch\u00e9 vale pi\u00f9 la nostra saggezza che non ha la forza fisica degli uomini e dei cavalli. Ben irragionevole \u00e8 questa valutazione, e non \u00e8 giusto apprezzare pi\u00f9 la forza che non la benefica saggezza. Difatti, che ci sia tra il popolo un abile pugilatore o uno valente nel pentatlon o nella lotta o nella velocit\u00e0 delle gambe &#8211; che \u00e8 la pi\u00f9 celebrata manifestazione di forza tra quante prove gli uomini compiono negli agoni -, non per questo ne \u00e8 avvantaggiato il buon ordine della citt\u00e0. Una gioia ben piccola le verrebbe dal fatto che uno vince una gara sulle rive del Pisa. non \u00e8 questo infatti che impingua le casse della citt\u00e0. (<strong>SENOFANE<\/strong>, D21 Bl, B2)<\/p>\n<\/div>\n<\/div>\n<\/div>\n<\/div>\n","protected":false},"excerpt":{"rendered":"<p>Perch\u00e9 in Grecia la filosofia nasce in Grecia, e non in altre civilt\u00e0 (Egitto, Mesopotamia, Persia).\u00a0E&#8217; tesi condivisa che tale origine si spieghi con le particolari condizioni che il mondo greco offriva: &#8211; in ambito politico: la libert\u00e0 &#8211; in ambito culturale: un senso critico pi\u00f9 sviluppato che presso altre culture, e la volont\u00e0 di &hellip; <\/p>\n<p><a class=\"more-link btn\" href=\"https:\/\/www.rassegnastampa-totustuus.it\/cattolica\/origini-della-filosofia\/\">Continua a leggere<\/a><\/p>\n","protected":false},"author":6,"featured_media":32402,"comment_status":"closed","ping_status":"open","sticky":false,"template":"","format":"standard","meta":{"footnotes":""},"categories":[57],"tags":[170],"class_list":["post-626","post","type-post","status-publish","format-standard","has-post-thumbnail","hentry","category-filosofia","tag-filosofia-2","item-wrap"],"yoast_head":"<!-- This site is optimized with the Yoast SEO plugin v27.5 - https:\/\/yoast.com\/product\/yoast-seo-wordpress\/ -->\n<title>Origini della filosofia - Rassegna Stampa Cattolica<\/title>\n<meta name=\"description\" content=\"Rassegna Stampa Cattolica - Per una cultura che nasce dalla Rivelazione cristiana in conformit\u00e0 alla tradizione e al Magistero della Chiesa in opposizione ad ogni relativismo e totalitarismo\" \/>\n<meta name=\"robots\" content=\"index, follow, max-snippet:-1, max-image-preview:large, max-video-preview:-1\" \/>\n<link rel=\"canonical\" href=\"https:\/\/www.rassegnastampa-totustuus.it\/cattolica\/origini-della-filosofia\/\" \/>\n<meta property=\"og:locale\" content=\"it_IT\" \/>\n<meta property=\"og:type\" content=\"article\" \/>\n<meta property=\"og:title\" content=\"Origini della filosofia - Rassegna Stampa Cattolica\" \/>\n<meta property=\"og:description\" content=\"Rassegna Stampa Cattolica - Per una cultura che nasce dalla Rivelazione cristiana in conformit\u00e0 alla tradizione e al Magistero della Chiesa in opposizione ad ogni relativismo e totalitarismo\" \/>\n<meta property=\"og:url\" content=\"https:\/\/www.rassegnastampa-totustuus.it\/cattolica\/origini-della-filosofia\/\" \/>\n<meta property=\"og:site_name\" content=\"Rassegna Stampa Cattolica\" \/>\n<meta property=\"article:publisher\" content=\"https:\/\/www.facebook.com\/rassegnastampacattolica\" \/>\n<meta property=\"article:published_time\" content=\"2005-05-31T13:57:18+00:00\" \/>\n<meta property=\"article:modified_time\" content=\"2016-03-31T08:15:42+00:00\" \/>\n<meta property=\"og:image\" content=\"https:\/\/www.rassegnastampa-totustuus.it\/cattolica\/wp-content\/uploads\/2005\/05\/filosofia.jpg\" \/>\n\t<meta property=\"og:image:width\" content=\"259\" \/>\n\t<meta property=\"og:image:height\" content=\"194\" \/>\n\t<meta property=\"og:image:type\" content=\"image\/jpeg\" \/>\n<meta name=\"author\" content=\"Redazione\" \/>\n<meta name=\"twitter:card\" content=\"summary_large_image\" \/>\n<meta name=\"twitter:creator\" content=\"@rassegnastampa9\" \/>\n<meta name=\"twitter:site\" content=\"@rassegnastampa9\" \/>\n<meta name=\"twitter:label1\" content=\"Scritto da\" \/>\n\t<meta name=\"twitter:data1\" content=\"Redazione\" \/>\n\t<meta name=\"twitter:label2\" content=\"Tempo di lettura stimato\" \/>\n\t<meta name=\"twitter:data2\" content=\"5 minuti\" \/>\n<script type=\"application\/ld+json\" class=\"yoast-schema-graph\">{\"@context\":\"https:\\\/\\\/schema.org\",\"@graph\":[{\"@type\":\"Article\",\"@id\":\"https:\\\/\\\/www.rassegnastampa-totustuus.it\\\/cattolica\\\/origini-della-filosofia\\\/#article\",\"isPartOf\":{\"@id\":\"https:\\\/\\\/www.rassegnastampa-totustuus.it\\\/cattolica\\\/origini-della-filosofia\\\/\"},\"author\":{\"name\":\"Redazione\",\"@id\":\"https:\\\/\\\/www.rassegnastampa-totustuus.it\\\/cattolica\\\/#\\\/schema\\\/person\\\/08f319d2bd1a0904ad9e2bfb7b15e5c3\"},\"headline\":\"Origini della filosofia\",\"datePublished\":\"2005-05-31T13:57:18+00:00\",\"dateModified\":\"2016-03-31T08:15:42+00:00\",\"mainEntityOfPage\":{\"@id\":\"https:\\\/\\\/www.rassegnastampa-totustuus.it\\\/cattolica\\\/origini-della-filosofia\\\/\"},\"wordCount\":1004,\"publisher\":{\"@id\":\"https:\\\/\\\/www.rassegnastampa-totustuus.it\\\/cattolica\\\/#organization\"},\"image\":{\"@id\":\"https:\\\/\\\/www.rassegnastampa-totustuus.it\\\/cattolica\\\/origini-della-filosofia\\\/#primaryimage\"},\"thumbnailUrl\":\"https:\\\/\\\/www.rassegnastampa-totustuus.it\\\/cattolica\\\/wp-content\\\/uploads\\\/2005\\\/05\\\/filosofia.jpg\",\"keywords\":[\"filosofia\"],\"articleSection\":[\"Filosofia\"],\"inLanguage\":\"it-IT\"},{\"@type\":\"WebPage\",\"@id\":\"https:\\\/\\\/www.rassegnastampa-totustuus.it\\\/cattolica\\\/origini-della-filosofia\\\/\",\"url\":\"https:\\\/\\\/www.rassegnastampa-totustuus.it\\\/cattolica\\\/origini-della-filosofia\\\/\",\"name\":\"Origini della filosofia - Rassegna Stampa Cattolica\",\"isPartOf\":{\"@id\":\"https:\\\/\\\/www.rassegnastampa-totustuus.it\\\/cattolica\\\/#website\"},\"primaryImageOfPage\":{\"@id\":\"https:\\\/\\\/www.rassegnastampa-totustuus.it\\\/cattolica\\\/origini-della-filosofia\\\/#primaryimage\"},\"image\":{\"@id\":\"https:\\\/\\\/www.rassegnastampa-totustuus.it\\\/cattolica\\\/origini-della-filosofia\\\/#primaryimage\"},\"thumbnailUrl\":\"https:\\\/\\\/www.rassegnastampa-totustuus.it\\\/cattolica\\\/wp-content\\\/uploads\\\/2005\\\/05\\\/filosofia.jpg\",\"datePublished\":\"2005-05-31T13:57:18+00:00\",\"dateModified\":\"2016-03-31T08:15:42+00:00\",\"description\":\"Rassegna Stampa Cattolica - Per una cultura che nasce dalla Rivelazione cristiana in conformit\u00e0 alla tradizione e al Magistero della Chiesa in opposizione ad ogni relativismo e totalitarismo\",\"breadcrumb\":{\"@id\":\"https:\\\/\\\/www.rassegnastampa-totustuus.it\\\/cattolica\\\/origini-della-filosofia\\\/#breadcrumb\"},\"inLanguage\":\"it-IT\",\"potentialAction\":[{\"@type\":\"ReadAction\",\"target\":[\"https:\\\/\\\/www.rassegnastampa-totustuus.it\\\/cattolica\\\/origini-della-filosofia\\\/\"]}]},{\"@type\":\"ImageObject\",\"inLanguage\":\"it-IT\",\"@id\":\"https:\\\/\\\/www.rassegnastampa-totustuus.it\\\/cattolica\\\/origini-della-filosofia\\\/#primaryimage\",\"url\":\"https:\\\/\\\/www.rassegnastampa-totustuus.it\\\/cattolica\\\/wp-content\\\/uploads\\\/2005\\\/05\\\/filosofia.jpg\",\"contentUrl\":\"https:\\\/\\\/www.rassegnastampa-totustuus.it\\\/cattolica\\\/wp-content\\\/uploads\\\/2005\\\/05\\\/filosofia.jpg\",\"width\":259,\"height\":194},{\"@type\":\"BreadcrumbList\",\"@id\":\"https:\\\/\\\/www.rassegnastampa-totustuus.it\\\/cattolica\\\/origini-della-filosofia\\\/#breadcrumb\",\"itemListElement\":[{\"@type\":\"ListItem\",\"position\":1,\"name\":\"Home\",\"item\":\"https:\\\/\\\/www.rassegnastampa-totustuus.it\\\/cattolica\\\/\"},{\"@type\":\"ListItem\",\"position\":2,\"name\":\"Origini della filosofia\"}]},{\"@type\":\"WebSite\",\"@id\":\"https:\\\/\\\/www.rassegnastampa-totustuus.it\\\/cattolica\\\/#website\",\"url\":\"https:\\\/\\\/www.rassegnastampa-totustuus.it\\\/cattolica\\\/\",\"name\":\"Rassegna Stampa Cattolica\",\"description\":\"Per una cultura che nasce dalla Rivelazione cristiana in conformit\u00e0 alla tradizione e al Magistero della Chiesa in opposizione ad ogni relativismo e totalitarismo\",\"publisher\":{\"@id\":\"https:\\\/\\\/www.rassegnastampa-totustuus.it\\\/cattolica\\\/#organization\"},\"alternateName\":\"Rass. Cattolica\",\"potentialAction\":[{\"@type\":\"SearchAction\",\"target\":{\"@type\":\"EntryPoint\",\"urlTemplate\":\"https:\\\/\\\/www.rassegnastampa-totustuus.it\\\/cattolica\\\/?s={search_term_string}\"},\"query-input\":{\"@type\":\"PropertyValueSpecification\",\"valueRequired\":true,\"valueName\":\"search_term_string\"}}],\"inLanguage\":\"it-IT\"},{\"@type\":\"Organization\",\"@id\":\"https:\\\/\\\/www.rassegnastampa-totustuus.it\\\/cattolica\\\/#organization\",\"name\":\"Rassegna Stampa Cattolica\",\"url\":\"https:\\\/\\\/www.rassegnastampa-totustuus.it\\\/cattolica\\\/\",\"logo\":{\"@type\":\"ImageObject\",\"inLanguage\":\"it-IT\",\"@id\":\"https:\\\/\\\/www.rassegnastampa-totustuus.it\\\/cattolica\\\/#\\\/schema\\\/logo\\\/image\\\/\",\"url\":\"https:\\\/\\\/www.rassegnastampa-totustuus.it\\\/cattolica\\\/wp-content\\\/uploads\\\/2014\\\/04\\\/logo-rassegna1.gif\",\"contentUrl\":\"https:\\\/\\\/www.rassegnastampa-totustuus.it\\\/cattolica\\\/wp-content\\\/uploads\\\/2014\\\/04\\\/logo-rassegna1.gif\",\"width\":600,\"height\":163,\"caption\":\"Rassegna Stampa Cattolica\"},\"image\":{\"@id\":\"https:\\\/\\\/www.rassegnastampa-totustuus.it\\\/cattolica\\\/#\\\/schema\\\/logo\\\/image\\\/\"},\"sameAs\":[\"https:\\\/\\\/www.facebook.com\\\/rassegnastampacattolica\",\"https:\\\/\\\/x.com\\\/rassegnastampa9\"]},{\"@type\":\"Person\",\"@id\":\"https:\\\/\\\/www.rassegnastampa-totustuus.it\\\/cattolica\\\/#\\\/schema\\\/person\\\/08f319d2bd1a0904ad9e2bfb7b15e5c3\",\"name\":\"Redazione\",\"image\":{\"@type\":\"ImageObject\",\"inLanguage\":\"it-IT\",\"@id\":\"https:\\\/\\\/secure.gravatar.com\\\/avatar\\\/2fcdf27c78ea025fbdb44e914cc63c72249ffec9dc8aafd5c82b26240ef3f346?s=96&d=mm&r=g\",\"url\":\"https:\\\/\\\/secure.gravatar.com\\\/avatar\\\/2fcdf27c78ea025fbdb44e914cc63c72249ffec9dc8aafd5c82b26240ef3f346?s=96&d=mm&r=g\",\"contentUrl\":\"https:\\\/\\\/secure.gravatar.com\\\/avatar\\\/2fcdf27c78ea025fbdb44e914cc63c72249ffec9dc8aafd5c82b26240ef3f346?s=96&d=mm&r=g\",\"caption\":\"Redazione\"},\"url\":\"https:\\\/\\\/www.rassegnastampa-totustuus.it\\\/cattolica\\\/author\\\/pietroelle\\\/\"}]}<\/script>\n<!-- \/ Yoast SEO plugin. -->","yoast_head_json":{"title":"Origini della filosofia - Rassegna Stampa Cattolica","description":"Rassegna Stampa Cattolica - Per una cultura che nasce dalla Rivelazione cristiana in conformit\u00e0 alla tradizione e al Magistero della Chiesa in opposizione ad ogni relativismo e totalitarismo","robots":{"index":"index","follow":"follow","max-snippet":"max-snippet:-1","max-image-preview":"max-image-preview:large","max-video-preview":"max-video-preview:-1"},"canonical":"https:\/\/www.rassegnastampa-totustuus.it\/cattolica\/origini-della-filosofia\/","og_locale":"it_IT","og_type":"article","og_title":"Origini della filosofia - Rassegna Stampa Cattolica","og_description":"Rassegna Stampa Cattolica - Per una cultura che nasce dalla Rivelazione cristiana in conformit\u00e0 alla tradizione e al Magistero della Chiesa in opposizione ad ogni relativismo e totalitarismo","og_url":"https:\/\/www.rassegnastampa-totustuus.it\/cattolica\/origini-della-filosofia\/","og_site_name":"Rassegna Stampa Cattolica","article_publisher":"https:\/\/www.facebook.com\/rassegnastampacattolica","article_published_time":"2005-05-31T13:57:18+00:00","article_modified_time":"2016-03-31T08:15:42+00:00","og_image":[{"width":259,"height":194,"url":"https:\/\/www.rassegnastampa-totustuus.it\/cattolica\/wp-content\/uploads\/2005\/05\/filosofia.jpg","type":"image\/jpeg"}],"author":"Redazione","twitter_card":"summary_large_image","twitter_creator":"@rassegnastampa9","twitter_site":"@rassegnastampa9","twitter_misc":{"Scritto da":"Redazione","Tempo di lettura stimato":"5 minuti"},"schema":{"@context":"https:\/\/schema.org","@graph":[{"@type":"Article","@id":"https:\/\/www.rassegnastampa-totustuus.it\/cattolica\/origini-della-filosofia\/#article","isPartOf":{"@id":"https:\/\/www.rassegnastampa-totustuus.it\/cattolica\/origini-della-filosofia\/"},"author":{"name":"Redazione","@id":"https:\/\/www.rassegnastampa-totustuus.it\/cattolica\/#\/schema\/person\/08f319d2bd1a0904ad9e2bfb7b15e5c3"},"headline":"Origini della filosofia","datePublished":"2005-05-31T13:57:18+00:00","dateModified":"2016-03-31T08:15:42+00:00","mainEntityOfPage":{"@id":"https:\/\/www.rassegnastampa-totustuus.it\/cattolica\/origini-della-filosofia\/"},"wordCount":1004,"publisher":{"@id":"https:\/\/www.rassegnastampa-totustuus.it\/cattolica\/#organization"},"image":{"@id":"https:\/\/www.rassegnastampa-totustuus.it\/cattolica\/origini-della-filosofia\/#primaryimage"},"thumbnailUrl":"https:\/\/www.rassegnastampa-totustuus.it\/cattolica\/wp-content\/uploads\/2005\/05\/filosofia.jpg","keywords":["filosofia"],"articleSection":["Filosofia"],"inLanguage":"it-IT"},{"@type":"WebPage","@id":"https:\/\/www.rassegnastampa-totustuus.it\/cattolica\/origini-della-filosofia\/","url":"https:\/\/www.rassegnastampa-totustuus.it\/cattolica\/origini-della-filosofia\/","name":"Origini della filosofia - Rassegna Stampa Cattolica","isPartOf":{"@id":"https:\/\/www.rassegnastampa-totustuus.it\/cattolica\/#website"},"primaryImageOfPage":{"@id":"https:\/\/www.rassegnastampa-totustuus.it\/cattolica\/origini-della-filosofia\/#primaryimage"},"image":{"@id":"https:\/\/www.rassegnastampa-totustuus.it\/cattolica\/origini-della-filosofia\/#primaryimage"},"thumbnailUrl":"https:\/\/www.rassegnastampa-totustuus.it\/cattolica\/wp-content\/uploads\/2005\/05\/filosofia.jpg","datePublished":"2005-05-31T13:57:18+00:00","dateModified":"2016-03-31T08:15:42+00:00","description":"Rassegna Stampa Cattolica - Per una cultura che nasce dalla Rivelazione cristiana in conformit\u00e0 alla tradizione e al Magistero della Chiesa in opposizione ad ogni relativismo e totalitarismo","breadcrumb":{"@id":"https:\/\/www.rassegnastampa-totustuus.it\/cattolica\/origini-della-filosofia\/#breadcrumb"},"inLanguage":"it-IT","potentialAction":[{"@type":"ReadAction","target":["https:\/\/www.rassegnastampa-totustuus.it\/cattolica\/origini-della-filosofia\/"]}]},{"@type":"ImageObject","inLanguage":"it-IT","@id":"https:\/\/www.rassegnastampa-totustuus.it\/cattolica\/origini-della-filosofia\/#primaryimage","url":"https:\/\/www.rassegnastampa-totustuus.it\/cattolica\/wp-content\/uploads\/2005\/05\/filosofia.jpg","contentUrl":"https:\/\/www.rassegnastampa-totustuus.it\/cattolica\/wp-content\/uploads\/2005\/05\/filosofia.jpg","width":259,"height":194},{"@type":"BreadcrumbList","@id":"https:\/\/www.rassegnastampa-totustuus.it\/cattolica\/origini-della-filosofia\/#breadcrumb","itemListElement":[{"@type":"ListItem","position":1,"name":"Home","item":"https:\/\/www.rassegnastampa-totustuus.it\/cattolica\/"},{"@type":"ListItem","position":2,"name":"Origini della filosofia"}]},{"@type":"WebSite","@id":"https:\/\/www.rassegnastampa-totustuus.it\/cattolica\/#website","url":"https:\/\/www.rassegnastampa-totustuus.it\/cattolica\/","name":"Rassegna Stampa Cattolica","description":"Per una cultura che nasce dalla Rivelazione cristiana in conformit\u00e0 alla tradizione e al Magistero della Chiesa in opposizione ad ogni relativismo e totalitarismo","publisher":{"@id":"https:\/\/www.rassegnastampa-totustuus.it\/cattolica\/#organization"},"alternateName":"Rass. Cattolica","potentialAction":[{"@type":"SearchAction","target":{"@type":"EntryPoint","urlTemplate":"https:\/\/www.rassegnastampa-totustuus.it\/cattolica\/?s={search_term_string}"},"query-input":{"@type":"PropertyValueSpecification","valueRequired":true,"valueName":"search_term_string"}}],"inLanguage":"it-IT"},{"@type":"Organization","@id":"https:\/\/www.rassegnastampa-totustuus.it\/cattolica\/#organization","name":"Rassegna Stampa Cattolica","url":"https:\/\/www.rassegnastampa-totustuus.it\/cattolica\/","logo":{"@type":"ImageObject","inLanguage":"it-IT","@id":"https:\/\/www.rassegnastampa-totustuus.it\/cattolica\/#\/schema\/logo\/image\/","url":"https:\/\/www.rassegnastampa-totustuus.it\/cattolica\/wp-content\/uploads\/2014\/04\/logo-rassegna1.gif","contentUrl":"https:\/\/www.rassegnastampa-totustuus.it\/cattolica\/wp-content\/uploads\/2014\/04\/logo-rassegna1.gif","width":600,"height":163,"caption":"Rassegna Stampa Cattolica"},"image":{"@id":"https:\/\/www.rassegnastampa-totustuus.it\/cattolica\/#\/schema\/logo\/image\/"},"sameAs":["https:\/\/www.facebook.com\/rassegnastampacattolica","https:\/\/x.com\/rassegnastampa9"]},{"@type":"Person","@id":"https:\/\/www.rassegnastampa-totustuus.it\/cattolica\/#\/schema\/person\/08f319d2bd1a0904ad9e2bfb7b15e5c3","name":"Redazione","image":{"@type":"ImageObject","inLanguage":"it-IT","@id":"https:\/\/secure.gravatar.com\/avatar\/2fcdf27c78ea025fbdb44e914cc63c72249ffec9dc8aafd5c82b26240ef3f346?s=96&d=mm&r=g","url":"https:\/\/secure.gravatar.com\/avatar\/2fcdf27c78ea025fbdb44e914cc63c72249ffec9dc8aafd5c82b26240ef3f346?s=96&d=mm&r=g","contentUrl":"https:\/\/secure.gravatar.com\/avatar\/2fcdf27c78ea025fbdb44e914cc63c72249ffec9dc8aafd5c82b26240ef3f346?s=96&d=mm&r=g","caption":"Redazione"},"url":"https:\/\/www.rassegnastampa-totustuus.it\/cattolica\/author\/pietroelle\/"}]}},"_links":{"self":[{"href":"https:\/\/www.rassegnastampa-totustuus.it\/cattolica\/wp-json\/wp\/v2\/posts\/626","targetHints":{"allow":["GET"]}}],"collection":[{"href":"https:\/\/www.rassegnastampa-totustuus.it\/cattolica\/wp-json\/wp\/v2\/posts"}],"about":[{"href":"https:\/\/www.rassegnastampa-totustuus.it\/cattolica\/wp-json\/wp\/v2\/types\/post"}],"author":[{"embeddable":true,"href":"https:\/\/www.rassegnastampa-totustuus.it\/cattolica\/wp-json\/wp\/v2\/users\/6"}],"replies":[{"embeddable":true,"href":"https:\/\/www.rassegnastampa-totustuus.it\/cattolica\/wp-json\/wp\/v2\/comments?post=626"}],"version-history":[{"count":2,"href":"https:\/\/www.rassegnastampa-totustuus.it\/cattolica\/wp-json\/wp\/v2\/posts\/626\/revisions"}],"predecessor-version":[{"id":32403,"href":"https:\/\/www.rassegnastampa-totustuus.it\/cattolica\/wp-json\/wp\/v2\/posts\/626\/revisions\/32403"}],"wp:featuredmedia":[{"embeddable":true,"href":"https:\/\/www.rassegnastampa-totustuus.it\/cattolica\/wp-json\/wp\/v2\/media\/32402"}],"wp:attachment":[{"href":"https:\/\/www.rassegnastampa-totustuus.it\/cattolica\/wp-json\/wp\/v2\/media?parent=626"}],"wp:term":[{"taxonomy":"category","embeddable":true,"href":"https:\/\/www.rassegnastampa-totustuus.it\/cattolica\/wp-json\/wp\/v2\/categories?post=626"},{"taxonomy":"post_tag","embeddable":true,"href":"https:\/\/www.rassegnastampa-totustuus.it\/cattolica\/wp-json\/wp\/v2\/tags?post=626"}],"curies":[{"name":"wp","href":"https:\/\/api.w.org\/{rel}","templated":true}]}}