{"id":62596,"date":"2025-05-15T06:00:00","date_gmt":"2025-05-15T04:00:00","guid":{"rendered":"https:\/\/www.rassegnastampa-totustuus.it\/cattolica\/?p=62596"},"modified":"2025-05-12T15:12:19","modified_gmt":"2025-05-12T13:12:19","slug":"cum-petro","status":"publish","type":"post","link":"https:\/\/www.rassegnastampa-totustuus.it\/cattolica\/cum-petro\/","title":{"rendered":"Cum Petro"},"content":{"rendered":"\n<p class=\"has-text-align-center\"><strong><a href=\"https:\/\/alleanzacattolica.org\/\" target=\"_blank\" rel=\"noreferrer noopener\">Alleanza Cattolica<\/a><\/strong> 12 Maggio 2025<\/p>\n\n\n\n<p class=\"has-text-align-center\"><em>Inizia con Leone XIV una nuova tappa della stessa corsa verso la felicit\u00e0 eterna<\/em><\/p>\n\n\n\n<p class=\"has-text-align-center\"><a href=\"https:\/\/alleanzacattolica.org\/author\/marco-invernizzi\/\" target=\"_blank\" rel=\"noreferrer noopener\">Marco Invernizzi<\/a><\/p>\n\n\n<div class=\"wp-block-image\">\n<figure class=\"aligncenter size-full is-resized\"><a href=\"https:\/\/www.rassegnastampa-totustuus.it\/cattolica\/wp-content\/uploads\/2025\/05\/Papa_Leone-XIV_chiesa.jpg\"><img loading=\"lazy\" decoding=\"async\" width=\"275\" height=\"183\" src=\"https:\/\/www.rassegnastampa-totustuus.it\/cattolica\/wp-content\/uploads\/2025\/05\/Papa_Leone-XIV_chiesa.jpg\" alt=\"\" class=\"wp-image-62598\" style=\"width:443px;height:auto\"\/><\/a><\/figure><\/div>\n\n\n<!--more-->\n\n\n\n<p>Il rischio maggiore che la Chiesa intesa come corpo di Cristo pu\u00f2 correre in questo momento \u00e8 legato alla sovraeccitazione mediatica seguita alla morte di Papa Francesco e all\u2019elezione di Papa Leone XIV. Ha scritto bene Giovanni Orsina, sovraeccitazione e bulimia dopo di che la gente non pu\u00f2 aspettarsi da nuovo Pontefice niente di meno di qualcosa di sensazionale. Ma Leone XIV non far\u00e0 i miracoli, semplicemente far\u00e0 il Papa come i suoi predecessori, fra i quali ci sono stati santi e meno santi, ma tutti hanno guidato i fedeli verso la salvezza eterna, ciascuno con il proprio stile, sotto la guida dello Spirito Santo.<\/p>\n\n\n\n<p>Un fedele cattolico dovrebbe preoccuparsi di sottolineare questa straordinaria continuit\u00e0 per cui la Chiesa da oltre due millenni predica lo stesso Cristo, le stesse beatitudini, gli stessi 10 Comandamenti cercando di incarnarli nelle societ\u00e0 che cambiano adattando il proprio linguaggio e il proprio stile pastorale in modo da rendere umanamente pi\u00f9 efficace il messaggio di conversione. Questo \u00e8 avvenuto anche con il 267\u00b0 Pontefice, Leone XIV, che ha voluto segnare questa sua intenzione missionaria fin dal suo primo discorso letto davanti ai fedeli raccolti in piazza San Pietro.<\/p>\n\n\n\n<p>Come \u00e8 nostro stile, cercheremo di capire chi \u00e8 e che cosa ha fatto e studiato, quali sono le sue caratteristiche spirituali e culturali, ma soprattutto accoglieremo il suo Magistero, cos\u00ec come vorr\u00e0 esporlo. <em>Cum Petro e sub Petro<\/em>, lasciando ad altri la ricerca rancorosa e polemica di motivi di scandalo, di critiche perch\u00e9 non \u00e8 come si vorrebbe che fosse, di contrapposizioni dialettiche con i suoi predecessori.<\/p>\n\n\n\n<p>Questo atteggiamento \u00e8 gi\u00e0 cominciato da diversi fronti. Mi limito a segnalare che nella storia del 900 sono stati canonizzati san Pio X, san Giovanni XXIII, san Paolo VI e san Giovanni Paolo II, tutti Pontefici con metodi e stili pastorali molto diversi, a tutti pastori della stessa Chiesa.<\/p>\n\n\n<div class=\"wp-block-image\">\n<figure class=\"aligncenter size-full is-resized\"><a href=\"https:\/\/www.rassegnastampa-totustuus.it\/cattolica\/wp-content\/uploads\/2025\/05\/stemma_vaticano_chiesa.png\"><img loading=\"lazy\" decoding=\"async\" width=\"204\" height=\"192\" src=\"https:\/\/www.rassegnastampa-totustuus.it\/cattolica\/wp-content\/uploads\/2025\/05\/stemma_vaticano_chiesa.png\" alt=\"\" class=\"wp-image-62599\" style=\"width:326px;height:auto\"\/><\/a><\/figure><\/div>\n\n\n<p>Piuttosto analizziamo il primo discorso di Leone XIV, scritto, pronunciato appena ricevuta l\u2019elezione davanti ai fedeli di San Pietro.<\/p>\n\n\n\n<p>La <strong>pace<\/strong> certamente \u00e8 stata presentata come una priorit\u00e0 e tale lo \u00e8 veramente, anche alla luce della guerra che sta scoppiando fra le due potenze nucleari di India e Pakistan. Certamente Papa Leone ha voluto proseguire gli accorati e ripetuti appelli di Papa Francesco perch\u00e9 finisca <em>quam primum<\/em> questa \u201cterza guerra mondiale a pezzi\u201d.<\/p>\n\n\n\n<p>Dobbiamo prepararci a considerare come il tema guerra\/pace sia diventato ormai centrale nella vita del mondo dopo il conflitto ideologico della Guerra fredda e la stagione della difesa dei principi non negoziabili accanto al risveglio del terrorismo fondamentalista nell\u2019epoca della seconda parte del pontificato di san Giovanni Paolo II e durante quello di Benedetto XVI.<\/p>\n\n\n\n<p><strong>Cristo.<\/strong> Non darei come ovvio il ripetuto richiamo al Signore Ges\u00f9 da parte del Papa, perch\u00e9 spesso i cattolici rischiano di dimenticarsene sopraffatti dal desiderio, comprensibile, di affrontare e risolvere i problemi umani. Papa Leone ha voluto dire che la pace di Cristo non \u00e8 la stessa di quella degli uomini.<\/p>\n\n\n\n<p><strong>Il male non prevarr\u00e0<\/strong>. Anche questo mi pare un richiamo importante. Il male esiste e opera, anche se spesso \u00e8 pi\u00f9 comodo far finta di non vederlo sperando che ci lasci in pace. Ma non \u00e8 invincibile, anzi \u00e8 stato sconfitto dal sacrificio di Cristo. Dobbiamo soltanto portare il nostro piccolo contributo a ostacolare l\u2019azione di Satana, il principe di questo mondo sciolto dalle catene.<\/p>\n\n\n\n<p><strong>Leone<\/strong>. Il nome \u00e8 significativo perch\u00e9 ha voluto smarcarsi da possibili illazioni su di chi avrebbe voluto essere l\u2019erede. Ha invece voluto smarcarsi e iniziare un nuovo percorso, riprendendo un nome importante della storia della Chiesa. San Leone Magno certamente, vissuto nel V secolo nell\u2019epoca delle eresie che ha dovuto combattere (pelagiani e manichei), ma forse soprattutto Leone XIII che non \u00e8, come \u00e8 stato detto, il Papa sociale ma il Pontefice artefice di un programma straordinario di restaurazione culturale dopo la Rivoluzione del 1789 e le sue conseguenze. Certamente il Papa della dottrina sociale con la <em>Rerum novarum<\/em> del 1891, ma anche con la <em>Libertas<\/em>, l\u2019<em>Immortale Dei<\/em>, l\u2019<em>Inimica vis<\/em> e l\u2019<em>Humanum genus<\/em> sulla Massoneria, la <em>Sapientiae christianae<\/em>, l\u2019<em>Aeterni patris<\/em> sulla filosofia tomista, e decine di altre per un Magistero complessivo strepitoso.<\/p>\n\n\n\n<p><strong>Maria<\/strong>. Infine, la Madonna, con l\u2019Ave Maria finale, recitata da un Papa agostiniano che per questo solo fatto ci ricorda la teologia della storia racchiusa nella <em>Citt\u00e0 di Dio<\/em>, la grande opera del dottore della Chiesa, padre dell\u2019Occidente.<\/p>\n\n\n\n<p>E\u2019 cos\u00ec difficile professare la fede semplice ma autentica della \u201cvecchietta\u201d che ama il Papa, la stessa di san Giovanni Bosco che invitava i suoi \u201cragazzi\u201d a dire Viva il Papa non Viva Pio IX, cio\u00e8 a stare non con un Papa ma con tutti i Papi.<\/p>\n\n\n\n<p>Alleanza Cattolica cercher\u00e0 anche questa volta di fare cos\u00ec, di esprimere come \u00e8 capace la fiducia in quello che Dio propone ai fedeli attraverso la costante guida di Pietro, il \u201cdolce Cristo in terra\u201d.<\/p>\n","protected":false},"excerpt":{"rendered":"<p>Alleanza Cattolica 12 Maggio 2025 Inizia con Leone XIV una nuova tappa della stessa corsa verso la felicit\u00e0 eterna Marco Invernizzi<\/p><p><a class=\"more-link btn\" href=\"https:\/\/www.rassegnastampa-totustuus.it\/cattolica\/cum-petro\/\">Continua a leggere<\/a><\/p>\n","protected":false},"author":6,"featured_media":62598,"comment_status":"closed","ping_status":"closed","sticky":false,"template":"","format":"standard","meta":{"footnotes":""},"categories":[5,3155],"tags":[153],"class_list":["post-62596","post","type-post","status-publish","format-standard","has-post-thumbnail","hentry","category-chiesa","category-s-s-leone-xiv","tag-papa","item-wrap"],"yoast_head":"<!-- This site is optimized with the Yoast SEO plugin v27.4 - https:\/\/yoast.com\/product\/yoast-seo-wordpress\/ -->\n<title>Cum Petro - Rassegna Stampa Cattolica<\/title>\n<meta name=\"description\" content=\"Cum Petro. Inizia con Leone XIV una nuova tappa della stessa corsa verso la felicit\u00e0 eterna. In continuit\u00e0 con Pietro\" \/>\n<meta name=\"robots\" content=\"index, follow, max-snippet:-1, max-image-preview:large, max-video-preview:-1\" \/>\n<link rel=\"canonical\" href=\"https:\/\/www.rassegnastampa-totustuus.it\/cattolica\/cum-petro\/\" \/>\n<meta property=\"og:locale\" content=\"it_IT\" \/>\n<meta property=\"og:type\" content=\"article\" \/>\n<meta property=\"og:title\" content=\"Cum Petro - Rassegna Stampa Cattolica\" \/>\n<meta property=\"og:description\" content=\"Cum Petro. Inizia con Leone XIV una nuova tappa della stessa corsa verso la felicit\u00e0 eterna. In continuit\u00e0 con Pietro\" \/>\n<meta property=\"og:url\" content=\"https:\/\/www.rassegnastampa-totustuus.it\/cattolica\/cum-petro\/\" \/>\n<meta property=\"og:site_name\" content=\"Rassegna Stampa Cattolica\" \/>\n<meta property=\"article:publisher\" content=\"https:\/\/www.facebook.com\/rassegnastampacattolica\" \/>\n<meta property=\"article:published_time\" content=\"2025-05-15T04:00:00+00:00\" \/>\n<meta property=\"og:image\" content=\"https:\/\/www.rassegnastampa-totustuus.it\/cattolica\/wp-content\/uploads\/2025\/05\/Papa_Leone-XIV_chiesa.jpg\" \/>\n\t<meta property=\"og:image:width\" content=\"275\" \/>\n\t<meta property=\"og:image:height\" content=\"183\" \/>\n\t<meta property=\"og:image:type\" content=\"image\/jpeg\" \/>\n<meta name=\"author\" content=\"Redazione\" \/>\n<meta name=\"twitter:card\" content=\"summary_large_image\" \/>\n<meta name=\"twitter:creator\" content=\"@rassegnastampa9\" \/>\n<meta name=\"twitter:site\" content=\"@rassegnastampa9\" \/>\n<meta name=\"twitter:label1\" content=\"Scritto da\" \/>\n\t<meta name=\"twitter:data1\" content=\"Redazione\" \/>\n\t<meta name=\"twitter:label2\" content=\"Tempo di lettura stimato\" \/>\n\t<meta name=\"twitter:data2\" content=\"6 minuti\" \/>\n<script type=\"application\/ld+json\" class=\"yoast-schema-graph\">{\"@context\":\"https:\\\/\\\/schema.org\",\"@graph\":[{\"@type\":\"Article\",\"@id\":\"https:\\\/\\\/www.rassegnastampa-totustuus.it\\\/cattolica\\\/cum-petro\\\/#article\",\"isPartOf\":{\"@id\":\"https:\\\/\\\/www.rassegnastampa-totustuus.it\\\/cattolica\\\/cum-petro\\\/\"},\"author\":{\"name\":\"Redazione\",\"@id\":\"https:\\\/\\\/www.rassegnastampa-totustuus.it\\\/cattolica\\\/#\\\/schema\\\/person\\\/08f319d2bd1a0904ad9e2bfb7b15e5c3\"},\"headline\":\"Cum Petro\",\"datePublished\":\"2025-05-15T04:00:00+00:00\",\"mainEntityOfPage\":{\"@id\":\"https:\\\/\\\/www.rassegnastampa-totustuus.it\\\/cattolica\\\/cum-petro\\\/\"},\"wordCount\":819,\"publisher\":{\"@id\":\"https:\\\/\\\/www.rassegnastampa-totustuus.it\\\/cattolica\\\/#organization\"},\"image\":{\"@id\":\"https:\\\/\\\/www.rassegnastampa-totustuus.it\\\/cattolica\\\/cum-petro\\\/#primaryimage\"},\"thumbnailUrl\":\"https:\\\/\\\/www.rassegnastampa-totustuus.it\\\/cattolica\\\/wp-content\\\/uploads\\\/2025\\\/05\\\/Papa_Leone-XIV_chiesa.jpg\",\"keywords\":[\"Papa\"],\"articleSection\":[\"Chiesa\",\"S.S. Leone XIV\"],\"inLanguage\":\"it-IT\"},{\"@type\":\"WebPage\",\"@id\":\"https:\\\/\\\/www.rassegnastampa-totustuus.it\\\/cattolica\\\/cum-petro\\\/\",\"url\":\"https:\\\/\\\/www.rassegnastampa-totustuus.it\\\/cattolica\\\/cum-petro\\\/\",\"name\":\"Cum Petro - Rassegna Stampa Cattolica\",\"isPartOf\":{\"@id\":\"https:\\\/\\\/www.rassegnastampa-totustuus.it\\\/cattolica\\\/#website\"},\"primaryImageOfPage\":{\"@id\":\"https:\\\/\\\/www.rassegnastampa-totustuus.it\\\/cattolica\\\/cum-petro\\\/#primaryimage\"},\"image\":{\"@id\":\"https:\\\/\\\/www.rassegnastampa-totustuus.it\\\/cattolica\\\/cum-petro\\\/#primaryimage\"},\"thumbnailUrl\":\"https:\\\/\\\/www.rassegnastampa-totustuus.it\\\/cattolica\\\/wp-content\\\/uploads\\\/2025\\\/05\\\/Papa_Leone-XIV_chiesa.jpg\",\"datePublished\":\"2025-05-15T04:00:00+00:00\",\"description\":\"Cum Petro. Inizia con Leone XIV una nuova tappa della stessa corsa verso la felicit\u00e0 eterna. In continuit\u00e0 con Pietro\",\"breadcrumb\":{\"@id\":\"https:\\\/\\\/www.rassegnastampa-totustuus.it\\\/cattolica\\\/cum-petro\\\/#breadcrumb\"},\"inLanguage\":\"it-IT\",\"potentialAction\":[{\"@type\":\"ReadAction\",\"target\":[\"https:\\\/\\\/www.rassegnastampa-totustuus.it\\\/cattolica\\\/cum-petro\\\/\"]}]},{\"@type\":\"ImageObject\",\"inLanguage\":\"it-IT\",\"@id\":\"https:\\\/\\\/www.rassegnastampa-totustuus.it\\\/cattolica\\\/cum-petro\\\/#primaryimage\",\"url\":\"https:\\\/\\\/www.rassegnastampa-totustuus.it\\\/cattolica\\\/wp-content\\\/uploads\\\/2025\\\/05\\\/Papa_Leone-XIV_chiesa.jpg\",\"contentUrl\":\"https:\\\/\\\/www.rassegnastampa-totustuus.it\\\/cattolica\\\/wp-content\\\/uploads\\\/2025\\\/05\\\/Papa_Leone-XIV_chiesa.jpg\",\"width\":275,\"height\":183},{\"@type\":\"BreadcrumbList\",\"@id\":\"https:\\\/\\\/www.rassegnastampa-totustuus.it\\\/cattolica\\\/cum-petro\\\/#breadcrumb\",\"itemListElement\":[{\"@type\":\"ListItem\",\"position\":1,\"name\":\"Home\",\"item\":\"https:\\\/\\\/www.rassegnastampa-totustuus.it\\\/cattolica\\\/\"},{\"@type\":\"ListItem\",\"position\":2,\"name\":\"Cum Petro\"}]},{\"@type\":\"WebSite\",\"@id\":\"https:\\\/\\\/www.rassegnastampa-totustuus.it\\\/cattolica\\\/#website\",\"url\":\"https:\\\/\\\/www.rassegnastampa-totustuus.it\\\/cattolica\\\/\",\"name\":\"Rassegna Stampa Cattolica\",\"description\":\"Per una cultura che nasce dalla Rivelazione cristiana in conformit\u00e0 alla tradizione e al Magistero della Chiesa in opposizione ad ogni relativismo e totalitarismo\",\"publisher\":{\"@id\":\"https:\\\/\\\/www.rassegnastampa-totustuus.it\\\/cattolica\\\/#organization\"},\"alternateName\":\"Rass. Cattolica\",\"potentialAction\":[{\"@type\":\"SearchAction\",\"target\":{\"@type\":\"EntryPoint\",\"urlTemplate\":\"https:\\\/\\\/www.rassegnastampa-totustuus.it\\\/cattolica\\\/?s={search_term_string}\"},\"query-input\":{\"@type\":\"PropertyValueSpecification\",\"valueRequired\":true,\"valueName\":\"search_term_string\"}}],\"inLanguage\":\"it-IT\"},{\"@type\":\"Organization\",\"@id\":\"https:\\\/\\\/www.rassegnastampa-totustuus.it\\\/cattolica\\\/#organization\",\"name\":\"Rassegna Stampa Cattolica\",\"url\":\"https:\\\/\\\/www.rassegnastampa-totustuus.it\\\/cattolica\\\/\",\"logo\":{\"@type\":\"ImageObject\",\"inLanguage\":\"it-IT\",\"@id\":\"https:\\\/\\\/www.rassegnastampa-totustuus.it\\\/cattolica\\\/#\\\/schema\\\/logo\\\/image\\\/\",\"url\":\"https:\\\/\\\/www.rassegnastampa-totustuus.it\\\/cattolica\\\/wp-content\\\/uploads\\\/2014\\\/04\\\/logo-rassegna1.gif\",\"contentUrl\":\"https:\\\/\\\/www.rassegnastampa-totustuus.it\\\/cattolica\\\/wp-content\\\/uploads\\\/2014\\\/04\\\/logo-rassegna1.gif\",\"width\":600,\"height\":163,\"caption\":\"Rassegna Stampa Cattolica\"},\"image\":{\"@id\":\"https:\\\/\\\/www.rassegnastampa-totustuus.it\\\/cattolica\\\/#\\\/schema\\\/logo\\\/image\\\/\"},\"sameAs\":[\"https:\\\/\\\/www.facebook.com\\\/rassegnastampacattolica\",\"https:\\\/\\\/x.com\\\/rassegnastampa9\"]},{\"@type\":\"Person\",\"@id\":\"https:\\\/\\\/www.rassegnastampa-totustuus.it\\\/cattolica\\\/#\\\/schema\\\/person\\\/08f319d2bd1a0904ad9e2bfb7b15e5c3\",\"name\":\"Redazione\",\"image\":{\"@type\":\"ImageObject\",\"inLanguage\":\"it-IT\",\"@id\":\"https:\\\/\\\/secure.gravatar.com\\\/avatar\\\/2fcdf27c78ea025fbdb44e914cc63c72249ffec9dc8aafd5c82b26240ef3f346?s=96&d=mm&r=g\",\"url\":\"https:\\\/\\\/secure.gravatar.com\\\/avatar\\\/2fcdf27c78ea025fbdb44e914cc63c72249ffec9dc8aafd5c82b26240ef3f346?s=96&d=mm&r=g\",\"contentUrl\":\"https:\\\/\\\/secure.gravatar.com\\\/avatar\\\/2fcdf27c78ea025fbdb44e914cc63c72249ffec9dc8aafd5c82b26240ef3f346?s=96&d=mm&r=g\",\"caption\":\"Redazione\"},\"url\":\"https:\\\/\\\/www.rassegnastampa-totustuus.it\\\/cattolica\\\/author\\\/pietroelle\\\/\"}]}<\/script>\n<!-- \/ Yoast SEO plugin. -->","yoast_head_json":{"title":"Cum Petro - Rassegna Stampa Cattolica","description":"Cum Petro. Inizia con Leone XIV una nuova tappa della stessa corsa verso la felicit\u00e0 eterna. In continuit\u00e0 con Pietro","robots":{"index":"index","follow":"follow","max-snippet":"max-snippet:-1","max-image-preview":"max-image-preview:large","max-video-preview":"max-video-preview:-1"},"canonical":"https:\/\/www.rassegnastampa-totustuus.it\/cattolica\/cum-petro\/","og_locale":"it_IT","og_type":"article","og_title":"Cum Petro - Rassegna Stampa Cattolica","og_description":"Cum Petro. Inizia con Leone XIV una nuova tappa della stessa corsa verso la felicit\u00e0 eterna. In continuit\u00e0 con Pietro","og_url":"https:\/\/www.rassegnastampa-totustuus.it\/cattolica\/cum-petro\/","og_site_name":"Rassegna Stampa Cattolica","article_publisher":"https:\/\/www.facebook.com\/rassegnastampacattolica","article_published_time":"2025-05-15T04:00:00+00:00","og_image":[{"width":275,"height":183,"url":"https:\/\/www.rassegnastampa-totustuus.it\/cattolica\/wp-content\/uploads\/2025\/05\/Papa_Leone-XIV_chiesa.jpg","type":"image\/jpeg"}],"author":"Redazione","twitter_card":"summary_large_image","twitter_creator":"@rassegnastampa9","twitter_site":"@rassegnastampa9","twitter_misc":{"Scritto da":"Redazione","Tempo di lettura stimato":"6 minuti"},"schema":{"@context":"https:\/\/schema.org","@graph":[{"@type":"Article","@id":"https:\/\/www.rassegnastampa-totustuus.it\/cattolica\/cum-petro\/#article","isPartOf":{"@id":"https:\/\/www.rassegnastampa-totustuus.it\/cattolica\/cum-petro\/"},"author":{"name":"Redazione","@id":"https:\/\/www.rassegnastampa-totustuus.it\/cattolica\/#\/schema\/person\/08f319d2bd1a0904ad9e2bfb7b15e5c3"},"headline":"Cum Petro","datePublished":"2025-05-15T04:00:00+00:00","mainEntityOfPage":{"@id":"https:\/\/www.rassegnastampa-totustuus.it\/cattolica\/cum-petro\/"},"wordCount":819,"publisher":{"@id":"https:\/\/www.rassegnastampa-totustuus.it\/cattolica\/#organization"},"image":{"@id":"https:\/\/www.rassegnastampa-totustuus.it\/cattolica\/cum-petro\/#primaryimage"},"thumbnailUrl":"https:\/\/www.rassegnastampa-totustuus.it\/cattolica\/wp-content\/uploads\/2025\/05\/Papa_Leone-XIV_chiesa.jpg","keywords":["Papa"],"articleSection":["Chiesa","S.S. Leone XIV"],"inLanguage":"it-IT"},{"@type":"WebPage","@id":"https:\/\/www.rassegnastampa-totustuus.it\/cattolica\/cum-petro\/","url":"https:\/\/www.rassegnastampa-totustuus.it\/cattolica\/cum-petro\/","name":"Cum Petro - Rassegna Stampa Cattolica","isPartOf":{"@id":"https:\/\/www.rassegnastampa-totustuus.it\/cattolica\/#website"},"primaryImageOfPage":{"@id":"https:\/\/www.rassegnastampa-totustuus.it\/cattolica\/cum-petro\/#primaryimage"},"image":{"@id":"https:\/\/www.rassegnastampa-totustuus.it\/cattolica\/cum-petro\/#primaryimage"},"thumbnailUrl":"https:\/\/www.rassegnastampa-totustuus.it\/cattolica\/wp-content\/uploads\/2025\/05\/Papa_Leone-XIV_chiesa.jpg","datePublished":"2025-05-15T04:00:00+00:00","description":"Cum Petro. Inizia con Leone XIV una nuova tappa della stessa corsa verso la felicit\u00e0 eterna. In continuit\u00e0 con Pietro","breadcrumb":{"@id":"https:\/\/www.rassegnastampa-totustuus.it\/cattolica\/cum-petro\/#breadcrumb"},"inLanguage":"it-IT","potentialAction":[{"@type":"ReadAction","target":["https:\/\/www.rassegnastampa-totustuus.it\/cattolica\/cum-petro\/"]}]},{"@type":"ImageObject","inLanguage":"it-IT","@id":"https:\/\/www.rassegnastampa-totustuus.it\/cattolica\/cum-petro\/#primaryimage","url":"https:\/\/www.rassegnastampa-totustuus.it\/cattolica\/wp-content\/uploads\/2025\/05\/Papa_Leone-XIV_chiesa.jpg","contentUrl":"https:\/\/www.rassegnastampa-totustuus.it\/cattolica\/wp-content\/uploads\/2025\/05\/Papa_Leone-XIV_chiesa.jpg","width":275,"height":183},{"@type":"BreadcrumbList","@id":"https:\/\/www.rassegnastampa-totustuus.it\/cattolica\/cum-petro\/#breadcrumb","itemListElement":[{"@type":"ListItem","position":1,"name":"Home","item":"https:\/\/www.rassegnastampa-totustuus.it\/cattolica\/"},{"@type":"ListItem","position":2,"name":"Cum Petro"}]},{"@type":"WebSite","@id":"https:\/\/www.rassegnastampa-totustuus.it\/cattolica\/#website","url":"https:\/\/www.rassegnastampa-totustuus.it\/cattolica\/","name":"Rassegna Stampa Cattolica","description":"Per una cultura che nasce dalla Rivelazione cristiana in conformit\u00e0 alla tradizione e al Magistero della Chiesa in opposizione ad ogni relativismo e totalitarismo","publisher":{"@id":"https:\/\/www.rassegnastampa-totustuus.it\/cattolica\/#organization"},"alternateName":"Rass. Cattolica","potentialAction":[{"@type":"SearchAction","target":{"@type":"EntryPoint","urlTemplate":"https:\/\/www.rassegnastampa-totustuus.it\/cattolica\/?s={search_term_string}"},"query-input":{"@type":"PropertyValueSpecification","valueRequired":true,"valueName":"search_term_string"}}],"inLanguage":"it-IT"},{"@type":"Organization","@id":"https:\/\/www.rassegnastampa-totustuus.it\/cattolica\/#organization","name":"Rassegna Stampa Cattolica","url":"https:\/\/www.rassegnastampa-totustuus.it\/cattolica\/","logo":{"@type":"ImageObject","inLanguage":"it-IT","@id":"https:\/\/www.rassegnastampa-totustuus.it\/cattolica\/#\/schema\/logo\/image\/","url":"https:\/\/www.rassegnastampa-totustuus.it\/cattolica\/wp-content\/uploads\/2014\/04\/logo-rassegna1.gif","contentUrl":"https:\/\/www.rassegnastampa-totustuus.it\/cattolica\/wp-content\/uploads\/2014\/04\/logo-rassegna1.gif","width":600,"height":163,"caption":"Rassegna Stampa Cattolica"},"image":{"@id":"https:\/\/www.rassegnastampa-totustuus.it\/cattolica\/#\/schema\/logo\/image\/"},"sameAs":["https:\/\/www.facebook.com\/rassegnastampacattolica","https:\/\/x.com\/rassegnastampa9"]},{"@type":"Person","@id":"https:\/\/www.rassegnastampa-totustuus.it\/cattolica\/#\/schema\/person\/08f319d2bd1a0904ad9e2bfb7b15e5c3","name":"Redazione","image":{"@type":"ImageObject","inLanguage":"it-IT","@id":"https:\/\/secure.gravatar.com\/avatar\/2fcdf27c78ea025fbdb44e914cc63c72249ffec9dc8aafd5c82b26240ef3f346?s=96&d=mm&r=g","url":"https:\/\/secure.gravatar.com\/avatar\/2fcdf27c78ea025fbdb44e914cc63c72249ffec9dc8aafd5c82b26240ef3f346?s=96&d=mm&r=g","contentUrl":"https:\/\/secure.gravatar.com\/avatar\/2fcdf27c78ea025fbdb44e914cc63c72249ffec9dc8aafd5c82b26240ef3f346?s=96&d=mm&r=g","caption":"Redazione"},"url":"https:\/\/www.rassegnastampa-totustuus.it\/cattolica\/author\/pietroelle\/"}]}},"_links":{"self":[{"href":"https:\/\/www.rassegnastampa-totustuus.it\/cattolica\/wp-json\/wp\/v2\/posts\/62596","targetHints":{"allow":["GET"]}}],"collection":[{"href":"https:\/\/www.rassegnastampa-totustuus.it\/cattolica\/wp-json\/wp\/v2\/posts"}],"about":[{"href":"https:\/\/www.rassegnastampa-totustuus.it\/cattolica\/wp-json\/wp\/v2\/types\/post"}],"author":[{"embeddable":true,"href":"https:\/\/www.rassegnastampa-totustuus.it\/cattolica\/wp-json\/wp\/v2\/users\/6"}],"replies":[{"embeddable":true,"href":"https:\/\/www.rassegnastampa-totustuus.it\/cattolica\/wp-json\/wp\/v2\/comments?post=62596"}],"version-history":[{"count":1,"href":"https:\/\/www.rassegnastampa-totustuus.it\/cattolica\/wp-json\/wp\/v2\/posts\/62596\/revisions"}],"predecessor-version":[{"id":62600,"href":"https:\/\/www.rassegnastampa-totustuus.it\/cattolica\/wp-json\/wp\/v2\/posts\/62596\/revisions\/62600"}],"wp:featuredmedia":[{"embeddable":true,"href":"https:\/\/www.rassegnastampa-totustuus.it\/cattolica\/wp-json\/wp\/v2\/media\/62598"}],"wp:attachment":[{"href":"https:\/\/www.rassegnastampa-totustuus.it\/cattolica\/wp-json\/wp\/v2\/media?parent=62596"}],"wp:term":[{"taxonomy":"category","embeddable":true,"href":"https:\/\/www.rassegnastampa-totustuus.it\/cattolica\/wp-json\/wp\/v2\/categories?post=62596"},{"taxonomy":"post_tag","embeddable":true,"href":"https:\/\/www.rassegnastampa-totustuus.it\/cattolica\/wp-json\/wp\/v2\/tags?post=62596"}],"curies":[{"name":"wp","href":"https:\/\/api.w.org\/{rel}","templated":true}]}}