{"id":62593,"date":"2025-05-15T06:00:00","date_gmt":"2025-05-15T04:00:00","guid":{"rendered":"https:\/\/www.rassegnastampa-totustuus.it\/cattolica\/?p=62593"},"modified":"2025-05-15T00:27:51","modified_gmt":"2025-05-14T22:27:51","slug":"ne-conservatore-ne-riformista-adesso-tutti-se-lo-contendono","status":"publish","type":"post","link":"https:\/\/www.rassegnastampa-totustuus.it\/cattolica\/ne-conservatore-ne-riformista-adesso-tutti-se-lo-contendono\/","title":{"rendered":"N\u00e9 conservatore, n\u00e9 riformista adesso tutti se lo contendono"},"content":{"rendered":"\n<p class=\"has-text-align-center\"><strong><a href=\"https:\/\/www.lastampa.it\/\" target=\"_blank\" rel=\"noreferrer noopener\">La Stampa<\/a> <\/strong>11 Maggio 2025<\/p>\n\n\n\n<p><em>Ai dem piace che sia critico verso le politiche Usa sull\u2019immigrazione. Su aborto e matrimoni gay \u00e8 tradizionalista, non sull\u2019ecologia<\/em><\/p>\n\n\n\n<p class=\"has-text-align-center\">di <strong>Massimo Introvigne<\/strong><\/p>\n\n\n<div class=\"wp-block-image\">\n<figure class=\"aligncenter size-full is-resized\"><a href=\"https:\/\/www.rassegnastampa-totustuus.it\/cattolica\/wp-content\/uploads\/2013\/02\/Pd_simbolo.jpg\"><img loading=\"lazy\" decoding=\"async\" width=\"259\" height=\"194\" src=\"https:\/\/www.rassegnastampa-totustuus.it\/cattolica\/wp-content\/uploads\/2013\/02\/Pd_simbolo.jpg\" alt=\"\" class=\"wp-image-33156\" style=\"width:375px;height:auto\"\/><\/a><\/figure><\/div>\n\n\n<!--more-->\n\n\n\n<p>Quando Papa Leone IVX ha tenuto il suo primo discorso in piazza San Pietro, mi \u00e8 venuto in mente padre Dowling, il prete americano che risolve omicidi e altri misteri nei romanzi del compianto filosofo cattolico del Midwest Ralph McInerny trasposti (non molto fedelmente) nella serie televisiva  trasmessa anche in Italia vent&#8217;anni fa.<\/p>\n\n\n\n<p>Si tratta di storie in cui il prete &#8211; di Chicago, come il neoeletto Papa &#8211; scopre il colpevole di un crimine. Tuttavia, i colpevoli sono interessanti per padre Dowling perch\u00e9 sono esseri umani problematici e peccatori. La maggior parte dei criminali sono persone che hanno perso, o non hanno mai incontrato, Dio e disprezzano il cristianesimo.<\/p>\n\n\n\n<p>Bench\u00e9 McInerny, che ho ben conosciuto, sperasse (invano) di essere ricordato pi\u00f9 come filosofo che come giallista, anche i gialli trasmettono la sua idea centrale, ossia che senza Dio gli uomini sono perduti, la speranza scompare e il crimine non \u00e8 lontano.<\/p>\n\n\n\n<p>Nella sua prima omelia il 9 maggio, Papa Leone ha detto che \u00aboggi non sono pochi i contesti in cui la fede cristiana \u00e8 ritenuta una cosa assurda, per persone deboli e poco intelligenti; Contesti in cui ad essa si preferiscano altre sicurezze, come la tecnologia, il denaro, il successo, il potere, il piacere\u2026 La mancanza di fede porta spesso con s\u00e9 trami quali la perdita del senso della vita, l&#8217;oblio della misericordia, la violazione della dignit\u00e0 della persona nelle sue forme pi\u00f9 drammatiche, la crisi della famiglia e tante altre ferite\u00bb. Le espressioni che corrispondono alle diagnosi di padre Dowling sulle cause della criminalit\u00e0 e al solido cristianesimo dei dei vecchi preti di Chicago, l&#8217;ambiente dei romanzi di McInerny \u00e8 quello dove il nuovo Papa si \u00e8 formato.<\/p>\n\n\n\n<p>Non sappiamo molto (ancora) delle opinioni di Papa Leone sulla politica. Da sinistra ci si rallegra del fatto che abbia pubblicato sui social media commenti critici nei confronti delle politiche di Trump sull&#8217;immigrazione. Da destra si \u00e8 notato che ha votato tre volte alle primarie repubblicane in Illinois nel 2012, 2014 e 2016 (curiosamente non dopo il 2016, un atteggiamento adottato da molti repubblicani vecchio stile da Trump).<\/p>\n\n\n<div class=\"wp-block-image\">\n<figure class=\"aligncenter size-full is-resized\"><a href=\"https:\/\/www.rassegnastampa-totustuus.it\/cattolica\/wp-content\/uploads\/2025\/05\/Ralph_McInerny.jpg\"><img loading=\"lazy\" decoding=\"async\" width=\"299\" height=\"168\" src=\"https:\/\/www.rassegnastampa-totustuus.it\/cattolica\/wp-content\/uploads\/2025\/05\/Ralph_McInerny.jpg\" alt=\"\" class=\"wp-image-62594\" style=\"width:401px;height:auto\"\/><\/a><figcaption class=\"wp-element-caption\">Ralph McInerny <\/figcaption><\/figure><\/div>\n\n\n<p>Sono atteggiamenti tipici di molti cattolici americani, che &#8211; insieme a dichiarazioni emesse con parsimonia ma piuttosto conservatrici in materia di aborto in matrimoni omosessuali e invece pi\u00f9 vicini alle ragioni del fronte anti Trump su lotta alla povert\u00e0 ed ecologia &#8211; mettono in guardia dall\u2019ascrivere il Papa a uno dei due partiti degli Stati Uniti. Non ci aiutano a prevedere le posizioni di Papa Leone su Russia, Israele o Cina. Per quanto ne so, non ci sono dichiarazioni significative del cardinale Prevost sulla politica internazionale. C&#8217;\u00e8 per\u00f2 una dichiarazione dell&#8217;ambasciatore di Taiwan presso la Santa Sede, Metthew Lee, che lascer\u00e0 il suo incarico questa settimana. Lee ha detto di avere incontrato il cardinale Prevost e di aver concluso che egli comprende la differenza tra la Taiwan democratica e la Cina comunista.<\/p>\n\n\n\n<p>Al contrario, qualcuno ha voluto vedere nella conferma &#8211; temporanea, ma che potrebbe prolungarsi &#8211; del cardinale Parolin come segretario di Stato un segno che la politica conciliante con la Cina continuer\u00e0. Tuttavia, voci vaticane davano il cardinale Parolin meno entusiasta di Papa Francesco e di alcuni suoi consiglieri laici di come la Cina interpreta &#8211; e spesso viola, per esempio facendo consacrare vescovi in periodo di sede vacante, quando non potevano essere approvati dal Papa &#8211; l&#8217;accordo recentemente rinnovato.<\/p>\n\n\n\n<p>Papa Leone ha espresso fin dai suoi primi discorsi e atteggiamenti la volont\u00e0 di voler rimettere al centro un richiamo al ruolo indispensabile di Dio nella societ\u00e0. Quanto alla politica, chi vivr\u00e0 vedr\u00e0. Ma sarebbe sbagliato pensare a un Papa digiuno di politica internazionale e in balia dei collaboratori. Chi lo conosce assicura che la mitezza di Papa Leone non deve essere scambiata per debolezza. Come nel caso di padre Dowling.<\/p>\n","protected":false},"excerpt":{"rendered":"<p>La Stampa 11 Maggio 2025 Ai dem piace che sia critico verso le politiche Usa sull\u2019immigrazione. Su aborto e matrimoni gay \u00e8 tradizionalista, non sull\u2019ecologia di Massimo Introvigne<\/p><p><a class=\"more-link btn\" href=\"https:\/\/www.rassegnastampa-totustuus.it\/cattolica\/ne-conservatore-ne-riformista-adesso-tutti-se-lo-contendono\/\">Continua a leggere<\/a><\/p>\n","protected":false},"author":6,"featured_media":33156,"comment_status":"closed","ping_status":"closed","sticky":false,"template":"","format":"standard","meta":{"footnotes":""},"categories":[5,3155],"tags":[1701,2852,153,1183,2980],"class_list":["post-62593","post","type-post","status-publish","format-standard","has-post-thumbnail","hentry","category-chiesa","category-s-s-leone-xiv","tag-cattocomunisti","tag-democratici","tag-papa","tag-pd","tag-progressisti","item-wrap"],"yoast_head":"<!-- This site is optimized with the Yoast SEO plugin v27.4 - https:\/\/yoast.com\/product\/yoast-seo-wordpress\/ -->\n<title>N\u00e9 conservatore, n\u00e9 riformista adesso tutti se lo contendono - Rassegna Stampa Cattolica<\/title>\n<meta name=\"description\" content=\"N\u00e9 conservatore, n\u00e9 riformista adesso tutti se lo contendono. Ai dem piace che sia critico verso le politiche Usa sull\u2019immigrazione.\" \/>\n<meta name=\"robots\" content=\"index, follow, max-snippet:-1, max-image-preview:large, max-video-preview:-1\" \/>\n<link rel=\"canonical\" href=\"https:\/\/www.rassegnastampa-totustuus.it\/cattolica\/ne-conservatore-ne-riformista-adesso-tutti-se-lo-contendono\/\" \/>\n<meta property=\"og:locale\" content=\"it_IT\" \/>\n<meta property=\"og:type\" content=\"article\" \/>\n<meta property=\"og:title\" content=\"N\u00e9 conservatore, n\u00e9 riformista adesso tutti se lo contendono - Rassegna Stampa Cattolica\" \/>\n<meta property=\"og:description\" content=\"N\u00e9 conservatore, n\u00e9 riformista adesso tutti se lo contendono. Ai dem piace che sia critico verso le politiche Usa sull\u2019immigrazione.\" \/>\n<meta property=\"og:url\" content=\"https:\/\/www.rassegnastampa-totustuus.it\/cattolica\/ne-conservatore-ne-riformista-adesso-tutti-se-lo-contendono\/\" \/>\n<meta property=\"og:site_name\" content=\"Rassegna Stampa Cattolica\" \/>\n<meta property=\"article:publisher\" content=\"https:\/\/www.facebook.com\/rassegnastampacattolica\" \/>\n<meta property=\"article:published_time\" content=\"2025-05-15T04:00:00+00:00\" \/>\n<meta property=\"og:image\" content=\"https:\/\/www.rassegnastampa-totustuus.it\/cattolica\/wp-content\/uploads\/2013\/02\/Pd_simbolo.jpg\" \/>\n\t<meta property=\"og:image:width\" content=\"259\" \/>\n\t<meta property=\"og:image:height\" content=\"194\" \/>\n\t<meta property=\"og:image:type\" content=\"image\/jpeg\" \/>\n<meta name=\"author\" content=\"Redazione\" \/>\n<meta name=\"twitter:card\" content=\"summary_large_image\" \/>\n<meta name=\"twitter:creator\" content=\"@rassegnastampa9\" \/>\n<meta name=\"twitter:site\" content=\"@rassegnastampa9\" \/>\n<meta name=\"twitter:label1\" content=\"Scritto da\" \/>\n\t<meta name=\"twitter:data1\" content=\"Redazione\" \/>\n\t<meta name=\"twitter:label2\" content=\"Tempo di lettura stimato\" \/>\n\t<meta name=\"twitter:data2\" content=\"5 minuti\" \/>\n<script type=\"application\/ld+json\" class=\"yoast-schema-graph\">{\"@context\":\"https:\\\/\\\/schema.org\",\"@graph\":[{\"@type\":\"Article\",\"@id\":\"https:\\\/\\\/www.rassegnastampa-totustuus.it\\\/cattolica\\\/ne-conservatore-ne-riformista-adesso-tutti-se-lo-contendono\\\/#article\",\"isPartOf\":{\"@id\":\"https:\\\/\\\/www.rassegnastampa-totustuus.it\\\/cattolica\\\/ne-conservatore-ne-riformista-adesso-tutti-se-lo-contendono\\\/\"},\"author\":{\"name\":\"Redazione\",\"@id\":\"https:\\\/\\\/www.rassegnastampa-totustuus.it\\\/cattolica\\\/#\\\/schema\\\/person\\\/08f319d2bd1a0904ad9e2bfb7b15e5c3\"},\"headline\":\"N\u00e9 conservatore, n\u00e9 riformista adesso tutti se lo contendono\",\"datePublished\":\"2025-05-15T04:00:00+00:00\",\"mainEntityOfPage\":{\"@id\":\"https:\\\/\\\/www.rassegnastampa-totustuus.it\\\/cattolica\\\/ne-conservatore-ne-riformista-adesso-tutti-se-lo-contendono\\\/\"},\"wordCount\":666,\"publisher\":{\"@id\":\"https:\\\/\\\/www.rassegnastampa-totustuus.it\\\/cattolica\\\/#organization\"},\"image\":{\"@id\":\"https:\\\/\\\/www.rassegnastampa-totustuus.it\\\/cattolica\\\/ne-conservatore-ne-riformista-adesso-tutti-se-lo-contendono\\\/#primaryimage\"},\"thumbnailUrl\":\"https:\\\/\\\/www.rassegnastampa-totustuus.it\\\/cattolica\\\/wp-content\\\/uploads\\\/2013\\\/02\\\/Pd_simbolo.jpg\",\"keywords\":[\"cattocomunisti\",\"democratici\",\"Papa\",\"PD\",\"progressisti\"],\"articleSection\":[\"Chiesa\",\"S.S. Leone XIV\"],\"inLanguage\":\"it-IT\"},{\"@type\":\"WebPage\",\"@id\":\"https:\\\/\\\/www.rassegnastampa-totustuus.it\\\/cattolica\\\/ne-conservatore-ne-riformista-adesso-tutti-se-lo-contendono\\\/\",\"url\":\"https:\\\/\\\/www.rassegnastampa-totustuus.it\\\/cattolica\\\/ne-conservatore-ne-riformista-adesso-tutti-se-lo-contendono\\\/\",\"name\":\"N\u00e9 conservatore, n\u00e9 riformista adesso tutti se lo contendono - Rassegna Stampa Cattolica\",\"isPartOf\":{\"@id\":\"https:\\\/\\\/www.rassegnastampa-totustuus.it\\\/cattolica\\\/#website\"},\"primaryImageOfPage\":{\"@id\":\"https:\\\/\\\/www.rassegnastampa-totustuus.it\\\/cattolica\\\/ne-conservatore-ne-riformista-adesso-tutti-se-lo-contendono\\\/#primaryimage\"},\"image\":{\"@id\":\"https:\\\/\\\/www.rassegnastampa-totustuus.it\\\/cattolica\\\/ne-conservatore-ne-riformista-adesso-tutti-se-lo-contendono\\\/#primaryimage\"},\"thumbnailUrl\":\"https:\\\/\\\/www.rassegnastampa-totustuus.it\\\/cattolica\\\/wp-content\\\/uploads\\\/2013\\\/02\\\/Pd_simbolo.jpg\",\"datePublished\":\"2025-05-15T04:00:00+00:00\",\"description\":\"N\u00e9 conservatore, n\u00e9 riformista adesso tutti se lo contendono. Ai dem piace che sia critico verso le politiche Usa sull\u2019immigrazione.\",\"breadcrumb\":{\"@id\":\"https:\\\/\\\/www.rassegnastampa-totustuus.it\\\/cattolica\\\/ne-conservatore-ne-riformista-adesso-tutti-se-lo-contendono\\\/#breadcrumb\"},\"inLanguage\":\"it-IT\",\"potentialAction\":[{\"@type\":\"ReadAction\",\"target\":[\"https:\\\/\\\/www.rassegnastampa-totustuus.it\\\/cattolica\\\/ne-conservatore-ne-riformista-adesso-tutti-se-lo-contendono\\\/\"]}]},{\"@type\":\"ImageObject\",\"inLanguage\":\"it-IT\",\"@id\":\"https:\\\/\\\/www.rassegnastampa-totustuus.it\\\/cattolica\\\/ne-conservatore-ne-riformista-adesso-tutti-se-lo-contendono\\\/#primaryimage\",\"url\":\"https:\\\/\\\/www.rassegnastampa-totustuus.it\\\/cattolica\\\/wp-content\\\/uploads\\\/2013\\\/02\\\/Pd_simbolo.jpg\",\"contentUrl\":\"https:\\\/\\\/www.rassegnastampa-totustuus.it\\\/cattolica\\\/wp-content\\\/uploads\\\/2013\\\/02\\\/Pd_simbolo.jpg\",\"width\":259,\"height\":194},{\"@type\":\"BreadcrumbList\",\"@id\":\"https:\\\/\\\/www.rassegnastampa-totustuus.it\\\/cattolica\\\/ne-conservatore-ne-riformista-adesso-tutti-se-lo-contendono\\\/#breadcrumb\",\"itemListElement\":[{\"@type\":\"ListItem\",\"position\":1,\"name\":\"Home\",\"item\":\"https:\\\/\\\/www.rassegnastampa-totustuus.it\\\/cattolica\\\/\"},{\"@type\":\"ListItem\",\"position\":2,\"name\":\"N\u00e9 conservatore, n\u00e9 riformista adesso tutti se lo contendono\"}]},{\"@type\":\"WebSite\",\"@id\":\"https:\\\/\\\/www.rassegnastampa-totustuus.it\\\/cattolica\\\/#website\",\"url\":\"https:\\\/\\\/www.rassegnastampa-totustuus.it\\\/cattolica\\\/\",\"name\":\"Rassegna Stampa Cattolica\",\"description\":\"Per una cultura che nasce dalla Rivelazione cristiana in conformit\u00e0 alla tradizione e al Magistero della Chiesa in opposizione ad ogni relativismo e totalitarismo\",\"publisher\":{\"@id\":\"https:\\\/\\\/www.rassegnastampa-totustuus.it\\\/cattolica\\\/#organization\"},\"alternateName\":\"Rass. Cattolica\",\"potentialAction\":[{\"@type\":\"SearchAction\",\"target\":{\"@type\":\"EntryPoint\",\"urlTemplate\":\"https:\\\/\\\/www.rassegnastampa-totustuus.it\\\/cattolica\\\/?s={search_term_string}\"},\"query-input\":{\"@type\":\"PropertyValueSpecification\",\"valueRequired\":true,\"valueName\":\"search_term_string\"}}],\"inLanguage\":\"it-IT\"},{\"@type\":\"Organization\",\"@id\":\"https:\\\/\\\/www.rassegnastampa-totustuus.it\\\/cattolica\\\/#organization\",\"name\":\"Rassegna Stampa Cattolica\",\"url\":\"https:\\\/\\\/www.rassegnastampa-totustuus.it\\\/cattolica\\\/\",\"logo\":{\"@type\":\"ImageObject\",\"inLanguage\":\"it-IT\",\"@id\":\"https:\\\/\\\/www.rassegnastampa-totustuus.it\\\/cattolica\\\/#\\\/schema\\\/logo\\\/image\\\/\",\"url\":\"https:\\\/\\\/www.rassegnastampa-totustuus.it\\\/cattolica\\\/wp-content\\\/uploads\\\/2014\\\/04\\\/logo-rassegna1.gif\",\"contentUrl\":\"https:\\\/\\\/www.rassegnastampa-totustuus.it\\\/cattolica\\\/wp-content\\\/uploads\\\/2014\\\/04\\\/logo-rassegna1.gif\",\"width\":600,\"height\":163,\"caption\":\"Rassegna Stampa Cattolica\"},\"image\":{\"@id\":\"https:\\\/\\\/www.rassegnastampa-totustuus.it\\\/cattolica\\\/#\\\/schema\\\/logo\\\/image\\\/\"},\"sameAs\":[\"https:\\\/\\\/www.facebook.com\\\/rassegnastampacattolica\",\"https:\\\/\\\/x.com\\\/rassegnastampa9\"]},{\"@type\":\"Person\",\"@id\":\"https:\\\/\\\/www.rassegnastampa-totustuus.it\\\/cattolica\\\/#\\\/schema\\\/person\\\/08f319d2bd1a0904ad9e2bfb7b15e5c3\",\"name\":\"Redazione\",\"image\":{\"@type\":\"ImageObject\",\"inLanguage\":\"it-IT\",\"@id\":\"https:\\\/\\\/secure.gravatar.com\\\/avatar\\\/2fcdf27c78ea025fbdb44e914cc63c72249ffec9dc8aafd5c82b26240ef3f346?s=96&d=mm&r=g\",\"url\":\"https:\\\/\\\/secure.gravatar.com\\\/avatar\\\/2fcdf27c78ea025fbdb44e914cc63c72249ffec9dc8aafd5c82b26240ef3f346?s=96&d=mm&r=g\",\"contentUrl\":\"https:\\\/\\\/secure.gravatar.com\\\/avatar\\\/2fcdf27c78ea025fbdb44e914cc63c72249ffec9dc8aafd5c82b26240ef3f346?s=96&d=mm&r=g\",\"caption\":\"Redazione\"},\"url\":\"https:\\\/\\\/www.rassegnastampa-totustuus.it\\\/cattolica\\\/author\\\/pietroelle\\\/\"}]}<\/script>\n<!-- \/ Yoast SEO plugin. -->","yoast_head_json":{"title":"N\u00e9 conservatore, n\u00e9 riformista adesso tutti se lo contendono - Rassegna Stampa Cattolica","description":"N\u00e9 conservatore, n\u00e9 riformista adesso tutti se lo contendono. Ai dem piace che sia critico verso le politiche Usa sull\u2019immigrazione.","robots":{"index":"index","follow":"follow","max-snippet":"max-snippet:-1","max-image-preview":"max-image-preview:large","max-video-preview":"max-video-preview:-1"},"canonical":"https:\/\/www.rassegnastampa-totustuus.it\/cattolica\/ne-conservatore-ne-riformista-adesso-tutti-se-lo-contendono\/","og_locale":"it_IT","og_type":"article","og_title":"N\u00e9 conservatore, n\u00e9 riformista adesso tutti se lo contendono - Rassegna Stampa Cattolica","og_description":"N\u00e9 conservatore, n\u00e9 riformista adesso tutti se lo contendono. Ai dem piace che sia critico verso le politiche Usa sull\u2019immigrazione.","og_url":"https:\/\/www.rassegnastampa-totustuus.it\/cattolica\/ne-conservatore-ne-riformista-adesso-tutti-se-lo-contendono\/","og_site_name":"Rassegna Stampa Cattolica","article_publisher":"https:\/\/www.facebook.com\/rassegnastampacattolica","article_published_time":"2025-05-15T04:00:00+00:00","og_image":[{"width":259,"height":194,"url":"https:\/\/www.rassegnastampa-totustuus.it\/cattolica\/wp-content\/uploads\/2013\/02\/Pd_simbolo.jpg","type":"image\/jpeg"}],"author":"Redazione","twitter_card":"summary_large_image","twitter_creator":"@rassegnastampa9","twitter_site":"@rassegnastampa9","twitter_misc":{"Scritto da":"Redazione","Tempo di lettura stimato":"5 minuti"},"schema":{"@context":"https:\/\/schema.org","@graph":[{"@type":"Article","@id":"https:\/\/www.rassegnastampa-totustuus.it\/cattolica\/ne-conservatore-ne-riformista-adesso-tutti-se-lo-contendono\/#article","isPartOf":{"@id":"https:\/\/www.rassegnastampa-totustuus.it\/cattolica\/ne-conservatore-ne-riformista-adesso-tutti-se-lo-contendono\/"},"author":{"name":"Redazione","@id":"https:\/\/www.rassegnastampa-totustuus.it\/cattolica\/#\/schema\/person\/08f319d2bd1a0904ad9e2bfb7b15e5c3"},"headline":"N\u00e9 conservatore, n\u00e9 riformista adesso tutti se lo contendono","datePublished":"2025-05-15T04:00:00+00:00","mainEntityOfPage":{"@id":"https:\/\/www.rassegnastampa-totustuus.it\/cattolica\/ne-conservatore-ne-riformista-adesso-tutti-se-lo-contendono\/"},"wordCount":666,"publisher":{"@id":"https:\/\/www.rassegnastampa-totustuus.it\/cattolica\/#organization"},"image":{"@id":"https:\/\/www.rassegnastampa-totustuus.it\/cattolica\/ne-conservatore-ne-riformista-adesso-tutti-se-lo-contendono\/#primaryimage"},"thumbnailUrl":"https:\/\/www.rassegnastampa-totustuus.it\/cattolica\/wp-content\/uploads\/2013\/02\/Pd_simbolo.jpg","keywords":["cattocomunisti","democratici","Papa","PD","progressisti"],"articleSection":["Chiesa","S.S. Leone XIV"],"inLanguage":"it-IT"},{"@type":"WebPage","@id":"https:\/\/www.rassegnastampa-totustuus.it\/cattolica\/ne-conservatore-ne-riformista-adesso-tutti-se-lo-contendono\/","url":"https:\/\/www.rassegnastampa-totustuus.it\/cattolica\/ne-conservatore-ne-riformista-adesso-tutti-se-lo-contendono\/","name":"N\u00e9 conservatore, n\u00e9 riformista adesso tutti se lo contendono - Rassegna Stampa Cattolica","isPartOf":{"@id":"https:\/\/www.rassegnastampa-totustuus.it\/cattolica\/#website"},"primaryImageOfPage":{"@id":"https:\/\/www.rassegnastampa-totustuus.it\/cattolica\/ne-conservatore-ne-riformista-adesso-tutti-se-lo-contendono\/#primaryimage"},"image":{"@id":"https:\/\/www.rassegnastampa-totustuus.it\/cattolica\/ne-conservatore-ne-riformista-adesso-tutti-se-lo-contendono\/#primaryimage"},"thumbnailUrl":"https:\/\/www.rassegnastampa-totustuus.it\/cattolica\/wp-content\/uploads\/2013\/02\/Pd_simbolo.jpg","datePublished":"2025-05-15T04:00:00+00:00","description":"N\u00e9 conservatore, n\u00e9 riformista adesso tutti se lo contendono. Ai dem piace che sia critico verso le politiche Usa sull\u2019immigrazione.","breadcrumb":{"@id":"https:\/\/www.rassegnastampa-totustuus.it\/cattolica\/ne-conservatore-ne-riformista-adesso-tutti-se-lo-contendono\/#breadcrumb"},"inLanguage":"it-IT","potentialAction":[{"@type":"ReadAction","target":["https:\/\/www.rassegnastampa-totustuus.it\/cattolica\/ne-conservatore-ne-riformista-adesso-tutti-se-lo-contendono\/"]}]},{"@type":"ImageObject","inLanguage":"it-IT","@id":"https:\/\/www.rassegnastampa-totustuus.it\/cattolica\/ne-conservatore-ne-riformista-adesso-tutti-se-lo-contendono\/#primaryimage","url":"https:\/\/www.rassegnastampa-totustuus.it\/cattolica\/wp-content\/uploads\/2013\/02\/Pd_simbolo.jpg","contentUrl":"https:\/\/www.rassegnastampa-totustuus.it\/cattolica\/wp-content\/uploads\/2013\/02\/Pd_simbolo.jpg","width":259,"height":194},{"@type":"BreadcrumbList","@id":"https:\/\/www.rassegnastampa-totustuus.it\/cattolica\/ne-conservatore-ne-riformista-adesso-tutti-se-lo-contendono\/#breadcrumb","itemListElement":[{"@type":"ListItem","position":1,"name":"Home","item":"https:\/\/www.rassegnastampa-totustuus.it\/cattolica\/"},{"@type":"ListItem","position":2,"name":"N\u00e9 conservatore, n\u00e9 riformista adesso tutti se lo contendono"}]},{"@type":"WebSite","@id":"https:\/\/www.rassegnastampa-totustuus.it\/cattolica\/#website","url":"https:\/\/www.rassegnastampa-totustuus.it\/cattolica\/","name":"Rassegna Stampa Cattolica","description":"Per una cultura che nasce dalla Rivelazione cristiana in conformit\u00e0 alla tradizione e al Magistero della Chiesa in opposizione ad ogni relativismo e totalitarismo","publisher":{"@id":"https:\/\/www.rassegnastampa-totustuus.it\/cattolica\/#organization"},"alternateName":"Rass. Cattolica","potentialAction":[{"@type":"SearchAction","target":{"@type":"EntryPoint","urlTemplate":"https:\/\/www.rassegnastampa-totustuus.it\/cattolica\/?s={search_term_string}"},"query-input":{"@type":"PropertyValueSpecification","valueRequired":true,"valueName":"search_term_string"}}],"inLanguage":"it-IT"},{"@type":"Organization","@id":"https:\/\/www.rassegnastampa-totustuus.it\/cattolica\/#organization","name":"Rassegna Stampa Cattolica","url":"https:\/\/www.rassegnastampa-totustuus.it\/cattolica\/","logo":{"@type":"ImageObject","inLanguage":"it-IT","@id":"https:\/\/www.rassegnastampa-totustuus.it\/cattolica\/#\/schema\/logo\/image\/","url":"https:\/\/www.rassegnastampa-totustuus.it\/cattolica\/wp-content\/uploads\/2014\/04\/logo-rassegna1.gif","contentUrl":"https:\/\/www.rassegnastampa-totustuus.it\/cattolica\/wp-content\/uploads\/2014\/04\/logo-rassegna1.gif","width":600,"height":163,"caption":"Rassegna Stampa Cattolica"},"image":{"@id":"https:\/\/www.rassegnastampa-totustuus.it\/cattolica\/#\/schema\/logo\/image\/"},"sameAs":["https:\/\/www.facebook.com\/rassegnastampacattolica","https:\/\/x.com\/rassegnastampa9"]},{"@type":"Person","@id":"https:\/\/www.rassegnastampa-totustuus.it\/cattolica\/#\/schema\/person\/08f319d2bd1a0904ad9e2bfb7b15e5c3","name":"Redazione","image":{"@type":"ImageObject","inLanguage":"it-IT","@id":"https:\/\/secure.gravatar.com\/avatar\/2fcdf27c78ea025fbdb44e914cc63c72249ffec9dc8aafd5c82b26240ef3f346?s=96&d=mm&r=g","url":"https:\/\/secure.gravatar.com\/avatar\/2fcdf27c78ea025fbdb44e914cc63c72249ffec9dc8aafd5c82b26240ef3f346?s=96&d=mm&r=g","contentUrl":"https:\/\/secure.gravatar.com\/avatar\/2fcdf27c78ea025fbdb44e914cc63c72249ffec9dc8aafd5c82b26240ef3f346?s=96&d=mm&r=g","caption":"Redazione"},"url":"https:\/\/www.rassegnastampa-totustuus.it\/cattolica\/author\/pietroelle\/"}]}},"_links":{"self":[{"href":"https:\/\/www.rassegnastampa-totustuus.it\/cattolica\/wp-json\/wp\/v2\/posts\/62593","targetHints":{"allow":["GET"]}}],"collection":[{"href":"https:\/\/www.rassegnastampa-totustuus.it\/cattolica\/wp-json\/wp\/v2\/posts"}],"about":[{"href":"https:\/\/www.rassegnastampa-totustuus.it\/cattolica\/wp-json\/wp\/v2\/types\/post"}],"author":[{"embeddable":true,"href":"https:\/\/www.rassegnastampa-totustuus.it\/cattolica\/wp-json\/wp\/v2\/users\/6"}],"replies":[{"embeddable":true,"href":"https:\/\/www.rassegnastampa-totustuus.it\/cattolica\/wp-json\/wp\/v2\/comments?post=62593"}],"version-history":[{"count":1,"href":"https:\/\/www.rassegnastampa-totustuus.it\/cattolica\/wp-json\/wp\/v2\/posts\/62593\/revisions"}],"predecessor-version":[{"id":62595,"href":"https:\/\/www.rassegnastampa-totustuus.it\/cattolica\/wp-json\/wp\/v2\/posts\/62593\/revisions\/62595"}],"wp:featuredmedia":[{"embeddable":true,"href":"https:\/\/www.rassegnastampa-totustuus.it\/cattolica\/wp-json\/wp\/v2\/media\/33156"}],"wp:attachment":[{"href":"https:\/\/www.rassegnastampa-totustuus.it\/cattolica\/wp-json\/wp\/v2\/media?parent=62593"}],"wp:term":[{"taxonomy":"category","embeddable":true,"href":"https:\/\/www.rassegnastampa-totustuus.it\/cattolica\/wp-json\/wp\/v2\/categories?post=62593"},{"taxonomy":"post_tag","embeddable":true,"href":"https:\/\/www.rassegnastampa-totustuus.it\/cattolica\/wp-json\/wp\/v2\/tags?post=62593"}],"curies":[{"name":"wp","href":"https:\/\/api.w.org\/{rel}","templated":true}]}}