{"id":62585,"date":"2025-05-15T06:00:00","date_gmt":"2025-05-15T04:00:00","guid":{"rendered":"https:\/\/www.rassegnastampa-totustuus.it\/cattolica\/?p=62585"},"modified":"2025-05-12T13:43:26","modified_gmt":"2025-05-12T11:43:26","slug":"la-prima-omelia-di-papa-leone-xiv","status":"publish","type":"post","link":"https:\/\/www.rassegnastampa-totustuus.it\/cattolica\/la-prima-omelia-di-papa-leone-xiv\/","title":{"rendered":"La prima omelia di Papa Leone XIV"},"content":{"rendered":"\n<p class=\"has-text-align-center\"><strong><a href=\"https:\/\/press.vatican.va\/\">Bollettino Sala stampa vaticana<\/a><\/strong> 9 Maggio 2025<\/p>\n\n\n\n<p><em>Alle ore 11.00 di questa mattina, nella Cappella Sistina, il Santo Padre Leone XIV ha presieduto da Pontefice la sua prima Celebrazione Eucaristica con il Collegio Cardinalizio.<\/em><\/p>\n\n\n<div class=\"wp-block-image\">\n<figure class=\"aligncenter size-full is-resized\"><a href=\"https:\/\/www.rassegnastampa-totustuus.it\/cattolica\/wp-content\/uploads\/2020\/05\/chiesa_conclave.jpg\"><img loading=\"lazy\" decoding=\"async\" width=\"198\" height=\"255\" src=\"https:\/\/www.rassegnastampa-totustuus.it\/cattolica\/wp-content\/uploads\/2020\/05\/chiesa_conclave.jpg\" alt=\"\" class=\"wp-image-47224\" style=\"width:256px;height:auto\"\/><\/a><\/figure><\/div>\n\n\n<!--more-->\n\n\n\n<p><em>Pubblichiamo di seguito l\u2019omelia che il Papa ha pronunciato dopo la proclamazione del Vangelo:<\/em><\/p>\n\n\n\n<h3 class=\"wp-block-heading has-text-align-center\"><strong><u>Omelia del Santo Padre<\/u><\/strong><\/h3>\n\n\n\n<p>I will begin with a word in English, and the rest is in Italian.<\/p>\n\n\n\n<p>But I want to repeat the words from the Responsorial Psalm: \u201cI will sing a new song to the Lord, because he has done marvels.\u201d<\/p>\n\n\n\n<p>And indeed, not just with me but with all of us. My brother Cardinals, as we celebrate this morning, I invite you to recognize the marvels that the Lord has done, the blessings that the Lord continues to pour out on all of us through the Ministry of Peter.<\/p>\n\n\n\n<p>You have called me to carry that cross, and to be blessed with that mission, and I know I can rely on each and every one of you to walk with me, as we continue as a Church, as a community of friends of Jesus, as believers to announce the Good News, to announce the Gospel.<\/p>\n\n\n\n<p class=\"has-text-align-center\"><em><strong>Da qui, in italiano.<\/strong><\/em><\/p>\n\n\n\n<p>\u00abTu sei il Cristo, il Figlio del Dio vivente\u00bb (<em>Mt<\/em> 16,16). Con queste parole Pietro, interrogato dal Maestro, assieme agli altri discepoli, circa la sua fede in Lui, esprime in sintesi il patrimonio che da duemila anni la Chiesa, attraverso la successione apostolica, custodisce, approfondisce e trasmette.<\/p>\n\n\n\n<p>Ges\u00f9 \u00e8 il Cristo, il Figlio del Dio vivente, cio\u00e8 l\u2019unico Salvatore e il rivelatore del volto del Padre.<\/p>\n\n\n\n<p>In Lui Dio, per rendersi vicino e accessibile agli uomini, si \u00e8 rivelato a noi negli occhi fiduciosi di un bambino, nella mente vivace di un giovane, nei lineamenti maturi di un uomo (cfr Conc. Vat. II, Cost. Past. <em>Gaudium et spes<\/em>, 22), fino ad apparire ai suoi, dopo la risurrezione, con il suo corpo glorioso. Ci ha mostrato cos\u00ec un modello di umanit\u00e0 santa che tutti possiamo imitare, insieme alla promessa di un destino eterno che invece supera ogni nostro limite e capacit\u00e0.<\/p>\n\n\n\n<p>Pietro, nella sua risposta, coglie tutte e due queste cose: il dono di Dio e il cammino da percorrere per lasciarsene trasformare, dimensioni inscindibili della salvezza, affidate alla Chiesa perch\u00e9 le annunci per il bene del genere umano. Affidate a noi, da Lui scelti prima che ci formassimo nel grembo materno (cfr <em>Ger<\/em> 1,5), rigenerati nell\u2019acqua del Battesimo e, al di l\u00e0 dei nostri limiti e senza nostro merito, condotti qui e di qui inviati, perch\u00e9 il Vangelo sia annunciato ad ogni creatura (cfr <em>Mc<\/em> 16,15).<\/p>\n\n\n\n<p>In particolare poi Dio, chiamandomi attraverso il vostro voto a succedere al Primo degli Apostoli, questo tesoro lo affida a me perch\u00e9, col suo aiuto, ne sia fedele amministratore (cfr <em>1Cor<\/em> 4,2) a favore di tutto il Corpo mistico della Chiesa; cos\u00ec che Essa sia sempre pi\u00f9 citt\u00e0 posta sul monte (cfr <em>Ap<\/em> 21,10), arca di salvezza che naviga attraverso i flutti della storia, faro che illumina le notti del mondo. E ci\u00f2 non tanto grazie alla magnificenza delle sue strutture o <strong>e <\/strong>per la grandiosit\u00e0 delle sue costruzioni \u2013 come i monumenti in cui ci troviamo \u2013, quanto attraverso la santit\u00e0 dei suoi membri, di quel \u00abpopolo che Dio si \u00e8 acquistato perch\u00e9 proclami le opere ammirevoli di lui, che vi ha chiamato dalle tenebre alla sua luce meravigliosa\u00bb (<em>1Pt<\/em>&nbsp;2,9).<\/p>\n\n\n\n<p>Tuttavia, a monte della conversazione in cui Pietro fa la sua professione di fede, c\u2019\u00e8 anche un\u2019altra domanda: \u00abLa gente \u2013 chiede Ges\u00f9 \u2013, chi dice che sia il Figlio dell\u2019uomo?\u00bb (<em>Mt<\/em> 16,13). Non \u00e8 una questione banale, anzi riguarda un aspetto importante del nostro ministero: la realt\u00e0 in cui viviamo, con i suoi limiti e le sue potenzialit\u00e0, le sue domande e le sue convinzioni.<\/p>\n\n\n\n<p>\u00abLa gente chi dice che sia il Figlio dell\u2019uomo?\u00bb (<em>Mt<\/em> 16,13). Pensando alla scena su cui stiamo riflettendo, potremmo trovare a questa domanda due possibili risposte, che delineano altrettanti atteggiamenti.<\/p>\n\n\n\n<p>C\u2019\u00e8 prima di tutto la risposta del mondo. Matteo sottolinea che la conversazione fra Ges\u00f9 e i suoi circa la sua identit\u00e0 avviene nella bellissima cittadina di Cesarea di Filippo, ricca di palazzi lussuosi, incastonata in uno scenario naturale incantevole, alle falde dell\u2019Hermon, ma anche sede di circoli di potere crudeli e teatro di tradimenti e di infedelt\u00e0. Questa immagine ci parla di un mondo che considera Ges\u00f9 una persona totalmente priva d\u2019importanza, al massimo un personaggio curioso, che pu\u00f2 suscitare meraviglia con il suo modo insolito di parlare e di agire. E cos\u00ec, quando la sua presenza diventer\u00e0 fastidiosa per le istanze di onest\u00e0 e le esigenze morali che richiama, questo \u201cmondo\u201d non esiter\u00e0 a respingerlo e a eliminarlo.<\/p>\n\n\n\n<p>C\u2019\u00e8 poi l\u2019altra possibile risposta alla domanda di Ges\u00f9: quella della gente comune. Per loro il Nazareno non \u00e8 un \u201cciarlatano\u201d: \u00e8 un uomo retto, uno che ha coraggio, che parla bene e che dice cose giuste, come altri grandi profeti della storia di Israele. Per questo lo seguono, almeno finch\u00e9 possono farlo senza troppi rischi e inconvenienti. Per\u00f2 lo considerano solo un uomo, e perci\u00f2, nel momento del pericolo, durante la Passione, anch\u2019essi lo abbandonano e se ne vanno, delusi.<\/p>\n\n\n\n<p>Colpisce, di questi due atteggiamenti, la loro attualit\u00e0. Essi incarnano infatti idee che potremmo ritrovare facilmente \u2013 magari espresse con un linguaggio diverso, ma identiche nella sostanza \u2013 sulla bocca di molti uomini e donne del nostro tempo.<\/p>\n\n\n\n<p>Anche oggi non sono pochi i contesti in cui la fede cristiana \u00e8 ritenuta una cosa assurda, per persone deboli e poco intelligenti; contesti in cui ad essa si preferiscono altre sicurezze, come la tecnologia, il denaro, il successo, il potere, il piacere.<\/p>\n\n\n\n<p>Si tratta di ambienti in cui non \u00e8 facile testimoniare e annunciare il Vangelo e dove chi crede \u00e8 deriso, osteggiato, disprezzato, o al massimo sopportato e compatito. Eppure, proprio per questo, sono luoghi in cui urge la missione, perch\u00e9 la mancanza di fede porta spesso con s\u00e9 drammi quali la perdita del senso della vita, l\u2019oblio della misericordia, la violazione della dignit\u00e0 della persona nelle sue forme pi\u00f9 drammatiche, la crisi della famiglia e tante altre ferite di cui la nostra societ\u00e0 soffre e non poco.<\/p>\n\n\n\n<p>Anche oggi non mancano poi i contesti in cui Ges\u00f9, pur apprezzato come uomo, \u00e8 ridotto solamente a una specie di <em>leader <\/em>carismatico o di <em>superuomo<\/em>, e ci\u00f2 non solo tra i non credenti, ma anche tra molti battezzati, che finiscono cos\u00ec col vivere, a questo livello, in un ateismo di fatto.<\/p>\n\n\n\n<p>Questo \u00e8 il mondo che ci \u00e8 affidato, nel quale, come tante volte ci ha insegnato Papa Francesco, siamo chiamati a testimoniare la fede gioiosa in Cristo Salvatore. Perci\u00f2, anche per noi, \u00e8 essenziale ripetere: \u00abTu sei il Cristo, il Figlio del Dio vivente\u00bb (<em>Mt<\/em> 16,16).<\/p>\n\n\n\n<p>\u00c8 essenziale farlo prima di tutto nel nostro rapporto personale con Lui, nell\u2019impegno di un quotidiano cammino di conversione. Ma poi anche, come Chiesa, vivendo insieme la nostra appartenenza al Signore e portandone a tutti la Buona Notizia (cfr Conc. Vat. II, Cost. Dogm. <em>Lumen gentium<\/em>, 1).<\/p>\n\n\n\n<p>Dico questo prima di tutto per me, come Successore di Pietro, mentre inizioquesta mia missione di Vescovo della Chiesa che \u00e8 in Roma, chiamata a presiedere nella carit\u00e0 la Chiesa universale, secondo la celebre espressione di Sant\u2019Ignazio di Antiochia (cfr <em>Lettera ai Romani<\/em>, Saluto). Egli, condotto in catene verso questa citt\u00e0, luogo del suo imminente sacrificio, scriveva ai cristiani che vi si trovavano: \u00abAllora sar\u00f2 veramente discepolo di Ges\u00f9 Cristo, quando il mondo non vedr\u00e0 il mio corpo\u00bb (<em>Lettera ai Romani<\/em>, IV, 1). Si riferiva all\u2019essere divorato dalle belve nel circo \u2013 e cos\u00ec avvenne \u2013, ma le sue parole richiamano in senso pi\u00f9 generale un impegno irrinunciabile per chiunque nella Chiesa eserciti un ministero di autorit\u00e0: sparire perch\u00e9 rimanga Cristo, farsi piccolo perch\u00e9 Lui sia conosciuto e glorificato (cfr <em>Gv<\/em> 3,30), spendersi fino in fondo perch\u00e9 a nessuno manchi l\u2019opportunit\u00e0 di conoscerlo e amarlo.<\/p>\n\n\n\n<p>Dio mi dia questa grazia, oggi e sempre, con l\u2019aiuto della tenerissima intercessione di Maria Madre della Chiesa.<\/p>\n","protected":false},"excerpt":{"rendered":"<p>Bollettino Sala stampa vaticana 9 Maggio 2025 Alle ore 11.00 di questa mattina, nella Cappella Sistina, il Santo Padre Leone XIV ha presieduto da Pontefice la sua prima Celebrazione Eucaristica con il Collegio Cardinalizio.<\/p><p><a class=\"more-link btn\" href=\"https:\/\/www.rassegnastampa-totustuus.it\/cattolica\/la-prima-omelia-di-papa-leone-xiv\/\">Continua a leggere<\/a><\/p>\n","protected":false},"author":6,"featured_media":47224,"comment_status":"closed","ping_status":"closed","sticky":false,"template":"","format":"standard","meta":{"footnotes":""},"categories":[5,3155],"tags":[153],"class_list":["post-62585","post","type-post","status-publish","format-standard","has-post-thumbnail","hentry","category-chiesa","category-s-s-leone-xiv","tag-papa","item-wrap"],"yoast_head":"<!-- This site is optimized with the Yoast SEO plugin v27.4 - https:\/\/yoast.com\/product\/yoast-seo-wordpress\/ -->\n<title>La prima omelia di Papa Leone XIV - Rassegna Stampa Cattolica<\/title>\n<meta name=\"description\" content=\"La prima omelia di Papa Leone XIV celebrata dopo l&#039;elezione nella Cappella Sistina con il Collegio cardinalizio\" \/>\n<meta name=\"robots\" content=\"index, follow, max-snippet:-1, max-image-preview:large, max-video-preview:-1\" \/>\n<link rel=\"canonical\" href=\"https:\/\/www.rassegnastampa-totustuus.it\/cattolica\/la-prima-omelia-di-papa-leone-xiv\/\" \/>\n<meta property=\"og:locale\" content=\"it_IT\" \/>\n<meta property=\"og:type\" content=\"article\" \/>\n<meta property=\"og:title\" content=\"La prima omelia di Papa Leone XIV - Rassegna Stampa Cattolica\" \/>\n<meta property=\"og:description\" content=\"La prima omelia di Papa Leone XIV celebrata dopo l&#039;elezione nella Cappella Sistina con il Collegio cardinalizio\" \/>\n<meta property=\"og:url\" content=\"https:\/\/www.rassegnastampa-totustuus.it\/cattolica\/la-prima-omelia-di-papa-leone-xiv\/\" \/>\n<meta property=\"og:site_name\" content=\"Rassegna Stampa Cattolica\" \/>\n<meta property=\"article:publisher\" content=\"https:\/\/www.facebook.com\/rassegnastampacattolica\" \/>\n<meta property=\"article:published_time\" content=\"2025-05-15T04:00:00+00:00\" \/>\n<meta property=\"og:image\" content=\"https:\/\/www.rassegnastampa-totustuus.it\/cattolica\/wp-content\/uploads\/2020\/05\/chiesa_conclave.jpg\" \/>\n\t<meta property=\"og:image:width\" content=\"198\" \/>\n\t<meta property=\"og:image:height\" content=\"255\" \/>\n\t<meta property=\"og:image:type\" content=\"image\/jpeg\" \/>\n<meta name=\"author\" content=\"Redazione\" \/>\n<meta name=\"twitter:card\" content=\"summary_large_image\" \/>\n<meta name=\"twitter:creator\" content=\"@rassegnastampa9\" \/>\n<meta name=\"twitter:site\" content=\"@rassegnastampa9\" \/>\n<meta name=\"twitter:label1\" content=\"Scritto da\" \/>\n\t<meta name=\"twitter:data1\" content=\"Redazione\" \/>\n\t<meta name=\"twitter:label2\" content=\"Tempo di lettura stimato\" \/>\n\t<meta name=\"twitter:data2\" content=\"8 minuti\" \/>\n<script type=\"application\/ld+json\" class=\"yoast-schema-graph\">{\"@context\":\"https:\\\/\\\/schema.org\",\"@graph\":[{\"@type\":\"Article\",\"@id\":\"https:\\\/\\\/www.rassegnastampa-totustuus.it\\\/cattolica\\\/la-prima-omelia-di-papa-leone-xiv\\\/#article\",\"isPartOf\":{\"@id\":\"https:\\\/\\\/www.rassegnastampa-totustuus.it\\\/cattolica\\\/la-prima-omelia-di-papa-leone-xiv\\\/\"},\"author\":{\"name\":\"Redazione\",\"@id\":\"https:\\\/\\\/www.rassegnastampa-totustuus.it\\\/cattolica\\\/#\\\/schema\\\/person\\\/08f319d2bd1a0904ad9e2bfb7b15e5c3\"},\"headline\":\"La prima omelia di Papa Leone XIV\",\"datePublished\":\"2025-05-15T04:00:00+00:00\",\"mainEntityOfPage\":{\"@id\":\"https:\\\/\\\/www.rassegnastampa-totustuus.it\\\/cattolica\\\/la-prima-omelia-di-papa-leone-xiv\\\/\"},\"wordCount\":1326,\"publisher\":{\"@id\":\"https:\\\/\\\/www.rassegnastampa-totustuus.it\\\/cattolica\\\/#organization\"},\"image\":{\"@id\":\"https:\\\/\\\/www.rassegnastampa-totustuus.it\\\/cattolica\\\/la-prima-omelia-di-papa-leone-xiv\\\/#primaryimage\"},\"thumbnailUrl\":\"https:\\\/\\\/www.rassegnastampa-totustuus.it\\\/cattolica\\\/wp-content\\\/uploads\\\/2020\\\/05\\\/chiesa_conclave.jpg\",\"keywords\":[\"Papa\"],\"articleSection\":[\"Chiesa\",\"S.S. Leone XIV\"],\"inLanguage\":\"it-IT\"},{\"@type\":\"WebPage\",\"@id\":\"https:\\\/\\\/www.rassegnastampa-totustuus.it\\\/cattolica\\\/la-prima-omelia-di-papa-leone-xiv\\\/\",\"url\":\"https:\\\/\\\/www.rassegnastampa-totustuus.it\\\/cattolica\\\/la-prima-omelia-di-papa-leone-xiv\\\/\",\"name\":\"La prima omelia di Papa Leone XIV - Rassegna Stampa Cattolica\",\"isPartOf\":{\"@id\":\"https:\\\/\\\/www.rassegnastampa-totustuus.it\\\/cattolica\\\/#website\"},\"primaryImageOfPage\":{\"@id\":\"https:\\\/\\\/www.rassegnastampa-totustuus.it\\\/cattolica\\\/la-prima-omelia-di-papa-leone-xiv\\\/#primaryimage\"},\"image\":{\"@id\":\"https:\\\/\\\/www.rassegnastampa-totustuus.it\\\/cattolica\\\/la-prima-omelia-di-papa-leone-xiv\\\/#primaryimage\"},\"thumbnailUrl\":\"https:\\\/\\\/www.rassegnastampa-totustuus.it\\\/cattolica\\\/wp-content\\\/uploads\\\/2020\\\/05\\\/chiesa_conclave.jpg\",\"datePublished\":\"2025-05-15T04:00:00+00:00\",\"description\":\"La prima omelia di Papa Leone XIV celebrata dopo l'elezione nella Cappella Sistina con il Collegio cardinalizio\",\"breadcrumb\":{\"@id\":\"https:\\\/\\\/www.rassegnastampa-totustuus.it\\\/cattolica\\\/la-prima-omelia-di-papa-leone-xiv\\\/#breadcrumb\"},\"inLanguage\":\"it-IT\",\"potentialAction\":[{\"@type\":\"ReadAction\",\"target\":[\"https:\\\/\\\/www.rassegnastampa-totustuus.it\\\/cattolica\\\/la-prima-omelia-di-papa-leone-xiv\\\/\"]}]},{\"@type\":\"ImageObject\",\"inLanguage\":\"it-IT\",\"@id\":\"https:\\\/\\\/www.rassegnastampa-totustuus.it\\\/cattolica\\\/la-prima-omelia-di-papa-leone-xiv\\\/#primaryimage\",\"url\":\"https:\\\/\\\/www.rassegnastampa-totustuus.it\\\/cattolica\\\/wp-content\\\/uploads\\\/2020\\\/05\\\/chiesa_conclave.jpg\",\"contentUrl\":\"https:\\\/\\\/www.rassegnastampa-totustuus.it\\\/cattolica\\\/wp-content\\\/uploads\\\/2020\\\/05\\\/chiesa_conclave.jpg\",\"width\":198,\"height\":255},{\"@type\":\"BreadcrumbList\",\"@id\":\"https:\\\/\\\/www.rassegnastampa-totustuus.it\\\/cattolica\\\/la-prima-omelia-di-papa-leone-xiv\\\/#breadcrumb\",\"itemListElement\":[{\"@type\":\"ListItem\",\"position\":1,\"name\":\"Home\",\"item\":\"https:\\\/\\\/www.rassegnastampa-totustuus.it\\\/cattolica\\\/\"},{\"@type\":\"ListItem\",\"position\":2,\"name\":\"La prima omelia di Papa Leone XIV\"}]},{\"@type\":\"WebSite\",\"@id\":\"https:\\\/\\\/www.rassegnastampa-totustuus.it\\\/cattolica\\\/#website\",\"url\":\"https:\\\/\\\/www.rassegnastampa-totustuus.it\\\/cattolica\\\/\",\"name\":\"Rassegna Stampa Cattolica\",\"description\":\"Per una cultura che nasce dalla Rivelazione cristiana in conformit\u00e0 alla tradizione e al Magistero della Chiesa in opposizione ad ogni relativismo e totalitarismo\",\"publisher\":{\"@id\":\"https:\\\/\\\/www.rassegnastampa-totustuus.it\\\/cattolica\\\/#organization\"},\"alternateName\":\"Rass. Cattolica\",\"potentialAction\":[{\"@type\":\"SearchAction\",\"target\":{\"@type\":\"EntryPoint\",\"urlTemplate\":\"https:\\\/\\\/www.rassegnastampa-totustuus.it\\\/cattolica\\\/?s={search_term_string}\"},\"query-input\":{\"@type\":\"PropertyValueSpecification\",\"valueRequired\":true,\"valueName\":\"search_term_string\"}}],\"inLanguage\":\"it-IT\"},{\"@type\":\"Organization\",\"@id\":\"https:\\\/\\\/www.rassegnastampa-totustuus.it\\\/cattolica\\\/#organization\",\"name\":\"Rassegna Stampa Cattolica\",\"url\":\"https:\\\/\\\/www.rassegnastampa-totustuus.it\\\/cattolica\\\/\",\"logo\":{\"@type\":\"ImageObject\",\"inLanguage\":\"it-IT\",\"@id\":\"https:\\\/\\\/www.rassegnastampa-totustuus.it\\\/cattolica\\\/#\\\/schema\\\/logo\\\/image\\\/\",\"url\":\"https:\\\/\\\/www.rassegnastampa-totustuus.it\\\/cattolica\\\/wp-content\\\/uploads\\\/2014\\\/04\\\/logo-rassegna1.gif\",\"contentUrl\":\"https:\\\/\\\/www.rassegnastampa-totustuus.it\\\/cattolica\\\/wp-content\\\/uploads\\\/2014\\\/04\\\/logo-rassegna1.gif\",\"width\":600,\"height\":163,\"caption\":\"Rassegna Stampa Cattolica\"},\"image\":{\"@id\":\"https:\\\/\\\/www.rassegnastampa-totustuus.it\\\/cattolica\\\/#\\\/schema\\\/logo\\\/image\\\/\"},\"sameAs\":[\"https:\\\/\\\/www.facebook.com\\\/rassegnastampacattolica\",\"https:\\\/\\\/x.com\\\/rassegnastampa9\"]},{\"@type\":\"Person\",\"@id\":\"https:\\\/\\\/www.rassegnastampa-totustuus.it\\\/cattolica\\\/#\\\/schema\\\/person\\\/08f319d2bd1a0904ad9e2bfb7b15e5c3\",\"name\":\"Redazione\",\"image\":{\"@type\":\"ImageObject\",\"inLanguage\":\"it-IT\",\"@id\":\"https:\\\/\\\/secure.gravatar.com\\\/avatar\\\/2fcdf27c78ea025fbdb44e914cc63c72249ffec9dc8aafd5c82b26240ef3f346?s=96&d=mm&r=g\",\"url\":\"https:\\\/\\\/secure.gravatar.com\\\/avatar\\\/2fcdf27c78ea025fbdb44e914cc63c72249ffec9dc8aafd5c82b26240ef3f346?s=96&d=mm&r=g\",\"contentUrl\":\"https:\\\/\\\/secure.gravatar.com\\\/avatar\\\/2fcdf27c78ea025fbdb44e914cc63c72249ffec9dc8aafd5c82b26240ef3f346?s=96&d=mm&r=g\",\"caption\":\"Redazione\"},\"url\":\"https:\\\/\\\/www.rassegnastampa-totustuus.it\\\/cattolica\\\/author\\\/pietroelle\\\/\"}]}<\/script>\n<!-- \/ Yoast SEO plugin. -->","yoast_head_json":{"title":"La prima omelia di Papa Leone XIV - Rassegna Stampa Cattolica","description":"La prima omelia di Papa Leone XIV celebrata dopo l'elezione nella Cappella Sistina con il Collegio cardinalizio","robots":{"index":"index","follow":"follow","max-snippet":"max-snippet:-1","max-image-preview":"max-image-preview:large","max-video-preview":"max-video-preview:-1"},"canonical":"https:\/\/www.rassegnastampa-totustuus.it\/cattolica\/la-prima-omelia-di-papa-leone-xiv\/","og_locale":"it_IT","og_type":"article","og_title":"La prima omelia di Papa Leone XIV - Rassegna Stampa Cattolica","og_description":"La prima omelia di Papa Leone XIV celebrata dopo l'elezione nella Cappella Sistina con il Collegio cardinalizio","og_url":"https:\/\/www.rassegnastampa-totustuus.it\/cattolica\/la-prima-omelia-di-papa-leone-xiv\/","og_site_name":"Rassegna Stampa Cattolica","article_publisher":"https:\/\/www.facebook.com\/rassegnastampacattolica","article_published_time":"2025-05-15T04:00:00+00:00","og_image":[{"width":198,"height":255,"url":"https:\/\/www.rassegnastampa-totustuus.it\/cattolica\/wp-content\/uploads\/2020\/05\/chiesa_conclave.jpg","type":"image\/jpeg"}],"author":"Redazione","twitter_card":"summary_large_image","twitter_creator":"@rassegnastampa9","twitter_site":"@rassegnastampa9","twitter_misc":{"Scritto da":"Redazione","Tempo di lettura stimato":"8 minuti"},"schema":{"@context":"https:\/\/schema.org","@graph":[{"@type":"Article","@id":"https:\/\/www.rassegnastampa-totustuus.it\/cattolica\/la-prima-omelia-di-papa-leone-xiv\/#article","isPartOf":{"@id":"https:\/\/www.rassegnastampa-totustuus.it\/cattolica\/la-prima-omelia-di-papa-leone-xiv\/"},"author":{"name":"Redazione","@id":"https:\/\/www.rassegnastampa-totustuus.it\/cattolica\/#\/schema\/person\/08f319d2bd1a0904ad9e2bfb7b15e5c3"},"headline":"La prima omelia di Papa Leone XIV","datePublished":"2025-05-15T04:00:00+00:00","mainEntityOfPage":{"@id":"https:\/\/www.rassegnastampa-totustuus.it\/cattolica\/la-prima-omelia-di-papa-leone-xiv\/"},"wordCount":1326,"publisher":{"@id":"https:\/\/www.rassegnastampa-totustuus.it\/cattolica\/#organization"},"image":{"@id":"https:\/\/www.rassegnastampa-totustuus.it\/cattolica\/la-prima-omelia-di-papa-leone-xiv\/#primaryimage"},"thumbnailUrl":"https:\/\/www.rassegnastampa-totustuus.it\/cattolica\/wp-content\/uploads\/2020\/05\/chiesa_conclave.jpg","keywords":["Papa"],"articleSection":["Chiesa","S.S. Leone XIV"],"inLanguage":"it-IT"},{"@type":"WebPage","@id":"https:\/\/www.rassegnastampa-totustuus.it\/cattolica\/la-prima-omelia-di-papa-leone-xiv\/","url":"https:\/\/www.rassegnastampa-totustuus.it\/cattolica\/la-prima-omelia-di-papa-leone-xiv\/","name":"La prima omelia di Papa Leone XIV - Rassegna Stampa Cattolica","isPartOf":{"@id":"https:\/\/www.rassegnastampa-totustuus.it\/cattolica\/#website"},"primaryImageOfPage":{"@id":"https:\/\/www.rassegnastampa-totustuus.it\/cattolica\/la-prima-omelia-di-papa-leone-xiv\/#primaryimage"},"image":{"@id":"https:\/\/www.rassegnastampa-totustuus.it\/cattolica\/la-prima-omelia-di-papa-leone-xiv\/#primaryimage"},"thumbnailUrl":"https:\/\/www.rassegnastampa-totustuus.it\/cattolica\/wp-content\/uploads\/2020\/05\/chiesa_conclave.jpg","datePublished":"2025-05-15T04:00:00+00:00","description":"La prima omelia di Papa Leone XIV celebrata dopo l'elezione nella Cappella Sistina con il Collegio cardinalizio","breadcrumb":{"@id":"https:\/\/www.rassegnastampa-totustuus.it\/cattolica\/la-prima-omelia-di-papa-leone-xiv\/#breadcrumb"},"inLanguage":"it-IT","potentialAction":[{"@type":"ReadAction","target":["https:\/\/www.rassegnastampa-totustuus.it\/cattolica\/la-prima-omelia-di-papa-leone-xiv\/"]}]},{"@type":"ImageObject","inLanguage":"it-IT","@id":"https:\/\/www.rassegnastampa-totustuus.it\/cattolica\/la-prima-omelia-di-papa-leone-xiv\/#primaryimage","url":"https:\/\/www.rassegnastampa-totustuus.it\/cattolica\/wp-content\/uploads\/2020\/05\/chiesa_conclave.jpg","contentUrl":"https:\/\/www.rassegnastampa-totustuus.it\/cattolica\/wp-content\/uploads\/2020\/05\/chiesa_conclave.jpg","width":198,"height":255},{"@type":"BreadcrumbList","@id":"https:\/\/www.rassegnastampa-totustuus.it\/cattolica\/la-prima-omelia-di-papa-leone-xiv\/#breadcrumb","itemListElement":[{"@type":"ListItem","position":1,"name":"Home","item":"https:\/\/www.rassegnastampa-totustuus.it\/cattolica\/"},{"@type":"ListItem","position":2,"name":"La prima omelia di Papa Leone XIV"}]},{"@type":"WebSite","@id":"https:\/\/www.rassegnastampa-totustuus.it\/cattolica\/#website","url":"https:\/\/www.rassegnastampa-totustuus.it\/cattolica\/","name":"Rassegna Stampa Cattolica","description":"Per una cultura che nasce dalla Rivelazione cristiana in conformit\u00e0 alla tradizione e al Magistero della Chiesa in opposizione ad ogni relativismo e totalitarismo","publisher":{"@id":"https:\/\/www.rassegnastampa-totustuus.it\/cattolica\/#organization"},"alternateName":"Rass. Cattolica","potentialAction":[{"@type":"SearchAction","target":{"@type":"EntryPoint","urlTemplate":"https:\/\/www.rassegnastampa-totustuus.it\/cattolica\/?s={search_term_string}"},"query-input":{"@type":"PropertyValueSpecification","valueRequired":true,"valueName":"search_term_string"}}],"inLanguage":"it-IT"},{"@type":"Organization","@id":"https:\/\/www.rassegnastampa-totustuus.it\/cattolica\/#organization","name":"Rassegna Stampa Cattolica","url":"https:\/\/www.rassegnastampa-totustuus.it\/cattolica\/","logo":{"@type":"ImageObject","inLanguage":"it-IT","@id":"https:\/\/www.rassegnastampa-totustuus.it\/cattolica\/#\/schema\/logo\/image\/","url":"https:\/\/www.rassegnastampa-totustuus.it\/cattolica\/wp-content\/uploads\/2014\/04\/logo-rassegna1.gif","contentUrl":"https:\/\/www.rassegnastampa-totustuus.it\/cattolica\/wp-content\/uploads\/2014\/04\/logo-rassegna1.gif","width":600,"height":163,"caption":"Rassegna Stampa Cattolica"},"image":{"@id":"https:\/\/www.rassegnastampa-totustuus.it\/cattolica\/#\/schema\/logo\/image\/"},"sameAs":["https:\/\/www.facebook.com\/rassegnastampacattolica","https:\/\/x.com\/rassegnastampa9"]},{"@type":"Person","@id":"https:\/\/www.rassegnastampa-totustuus.it\/cattolica\/#\/schema\/person\/08f319d2bd1a0904ad9e2bfb7b15e5c3","name":"Redazione","image":{"@type":"ImageObject","inLanguage":"it-IT","@id":"https:\/\/secure.gravatar.com\/avatar\/2fcdf27c78ea025fbdb44e914cc63c72249ffec9dc8aafd5c82b26240ef3f346?s=96&d=mm&r=g","url":"https:\/\/secure.gravatar.com\/avatar\/2fcdf27c78ea025fbdb44e914cc63c72249ffec9dc8aafd5c82b26240ef3f346?s=96&d=mm&r=g","contentUrl":"https:\/\/secure.gravatar.com\/avatar\/2fcdf27c78ea025fbdb44e914cc63c72249ffec9dc8aafd5c82b26240ef3f346?s=96&d=mm&r=g","caption":"Redazione"},"url":"https:\/\/www.rassegnastampa-totustuus.it\/cattolica\/author\/pietroelle\/"}]}},"_links":{"self":[{"href":"https:\/\/www.rassegnastampa-totustuus.it\/cattolica\/wp-json\/wp\/v2\/posts\/62585","targetHints":{"allow":["GET"]}}],"collection":[{"href":"https:\/\/www.rassegnastampa-totustuus.it\/cattolica\/wp-json\/wp\/v2\/posts"}],"about":[{"href":"https:\/\/www.rassegnastampa-totustuus.it\/cattolica\/wp-json\/wp\/v2\/types\/post"}],"author":[{"embeddable":true,"href":"https:\/\/www.rassegnastampa-totustuus.it\/cattolica\/wp-json\/wp\/v2\/users\/6"}],"replies":[{"embeddable":true,"href":"https:\/\/www.rassegnastampa-totustuus.it\/cattolica\/wp-json\/wp\/v2\/comments?post=62585"}],"version-history":[{"count":2,"href":"https:\/\/www.rassegnastampa-totustuus.it\/cattolica\/wp-json\/wp\/v2\/posts\/62585\/revisions"}],"predecessor-version":[{"id":62590,"href":"https:\/\/www.rassegnastampa-totustuus.it\/cattolica\/wp-json\/wp\/v2\/posts\/62585\/revisions\/62590"}],"wp:featuredmedia":[{"embeddable":true,"href":"https:\/\/www.rassegnastampa-totustuus.it\/cattolica\/wp-json\/wp\/v2\/media\/47224"}],"wp:attachment":[{"href":"https:\/\/www.rassegnastampa-totustuus.it\/cattolica\/wp-json\/wp\/v2\/media?parent=62585"}],"wp:term":[{"taxonomy":"category","embeddable":true,"href":"https:\/\/www.rassegnastampa-totustuus.it\/cattolica\/wp-json\/wp\/v2\/categories?post=62585"},{"taxonomy":"post_tag","embeddable":true,"href":"https:\/\/www.rassegnastampa-totustuus.it\/cattolica\/wp-json\/wp\/v2\/tags?post=62585"}],"curies":[{"name":"wp","href":"https:\/\/api.w.org\/{rel}","templated":true}]}}