{"id":62579,"date":"2025-05-15T06:00:00","date_gmt":"2025-05-15T04:00:00","guid":{"rendered":"https:\/\/www.rassegnastampa-totustuus.it\/cattolica\/?p=62579"},"modified":"2025-05-12T13:24:00","modified_gmt":"2025-05-12T11:24:00","slug":"allarme-rosso-il-nuovo-papa-e-cattolico","status":"publish","type":"post","link":"https:\/\/www.rassegnastampa-totustuus.it\/cattolica\/allarme-rosso-il-nuovo-papa-e-cattolico\/","title":{"rendered":"Allarme rosso: il nuovo papa \u00e8 cattolico!"},"content":{"rendered":"\n<p class=\"has-text-align-center\"><a href=\"https:\/\/www.laverita.info\/\" target=\"_blank\" rel=\"noreferrer noopener\"><strong>La Verit\u00e0<\/strong> <\/a>Domenica 11 Maggio 2025<\/p>\n\n\n\n<h3 class=\"wp-block-heading has-text-align-center\"><strong>Allarme rosso: il nuovo papa \u00e8 cattolico! <\/strong><\/h3>\n\n\n\n<h3 class=\"wp-block-heading has-text-align-center\"><strong>Stampa e sinistra di fronte ad un imprevisto: \u00abquesto ci crede!\u00bb<\/strong><\/h3>\n\n\n\n<p><em>\u00c8 partita la gara a imbrigliare il pastore yankee che parla di fede e non dei temi cari al Pd: lo camuffano da leader progressista<\/em><\/p>\n\n\n\n<p class=\"has-text-align-center\">di <strong>Maurizio Belpietro<\/strong><\/p>\n\n\n<div class=\"wp-block-image\">\n<figure class=\"aligncenter size-full is-resized\"><a href=\"https:\/\/www.rassegnastampa-totustuus.it\/cattolica\/wp-content\/uploads\/2025\/05\/Famiglia-Cristiana-cover.jpg\"><img loading=\"lazy\" decoding=\"async\" width=\"600\" height=\"775\" src=\"https:\/\/www.rassegnastampa-totustuus.it\/cattolica\/wp-content\/uploads\/2025\/05\/Famiglia-Cristiana-cover.jpg\" alt=\"\" class=\"wp-image-62580\" style=\"width:270px;height:auto\"\/><\/a><\/figure><\/div>\n\n\n<!--more-->\n\n\n\n<p>Oddio, c&#8217;\u00e8 un cattolico in Vaticano. Leggendo gli editoriali apparsi ieri sui giornali, dopo la prima omelia di papa Leone XIV, si percepiva lo sconcerto dei commentatori, che di fronte a un pontefice che parla di Ges\u00f9 Cristo e non di ambiente, di migranti o di coppie gay, scoprono all&#8217;improvviso che il Santo Padre \u00e8 il capo della Chiesa e non della Cgil o del Pd.<\/p>\n\n\n\n<p>Le prime reazioni di fronte alla figura di Sua Santit\u00e0 si possono classificare in due modi: c&#8217;\u00e8 chi prova ad accaparrarsi il missionario in Per\u00f9, utilizzando i suoi messaggi sui social per trasformarlo in un acceso avversario di Donald Trump, iscrivendolo d&#8217;ufficio al partito progressista. E chi invece manifesta stupore e orrore di fronte a un Papa che invece di Luca Casarini sembra intenzionato ad abbracciare la teologia, per riflettere sui grandi temi della fede.<\/p>\n\n\n\n<p>I fronti sono entrambi ben rappresentati sulla stampa nazionale. Tra i pi\u00f9 frastornati e critici, ieri c&#8217;era Vito Mancuso, teologo che in ricordo del periodo in cui vestiva la tonaca da prete \u00e8 sempre pronto a fare la predica dal pulpito dei giornali del gruppo Gedi. Gi\u00e0 il titolo del suo intervento sulla Stampa dice tutto, perch\u00e9 parla dei passaggi stonati del Papa. A suonare male alle orecchie di Mancuso \u00e8 stato il fatto che il pontefice abbia parlato della natura divina di Ges\u00f9, dicendo che chi lo considera una specie di superuomo rischia di essere un \u00abateo di fatto\u00bb.<\/p>\n\n\n\n<p>Per lo scrittore si pu\u00f2 benissimo essere cattolici senza credere che Cristo sia il figlio di Dio fatto uomo. Lo si pu\u00f2 pensare \u00abun grande uomo, un santo, un profeta, magari il pi\u00f9 grande dei profeti, senza per nulla abbracciare n\u00e9 praticamente n\u00e9 teoricamente la visione atea della vita\u00bb. Ma certo. Ci si pu\u00f2 definire cattolici senza credere in Dio, nella vita eterna, e negando pure la discesa sulla terra di Ges\u00f9, la sua resurrezione, i suoi miracoli, i suoi insegnamenti. Ci si pu\u00f2 iscrivere al cattolicesimo cosi come ci si iscrive a un&#8217;associazione di volontari. Anzi, come ci si arruola in una Ong.<\/p>\n\n\n\n<p>\u00abNegare la natura divina di Ges\u00f9 non \u00e8 ateismo\u00bb, scrive Mancuso, \u00abmeno che mai \u00e8 diminuirla rispetto alla pienezza della natura divina del Padre. Semmai \u00e8 una forma di fede diversa dal cristianesimo ortodosso\u00bb. Ma \u00e8 ovvio. Quello che piace al teologo di pronto intervento della stampa di sinistra \u00e8 un cristianesimo \u00e0 la carte, dove ognuno ordina ci\u00f2 che vuole e si fa un menu su misura, senza principi, senza fede. Per questo il discorso di papa Leone XIV suona stonato.<\/p>\n\n\n\n<p>Il pontefice vuole tornare agli elementi cardine del cattolicesimo. Infatti, Mancuso si dice negativamente impressionato da un&#8217;altra affermazione, quella in cui Prevost collega \u00abla mancanza di fede a effetti negativi, quali l&#8217;assenza del senso della vita, l&#8217;oblio della misericordia, la violazione della dignit\u00e0 della persona, la crisi della famiglia\u00bb. Parole poco felici, le definisce Mancuso. Con l&#8217;intenzione, anche qui, di trasformare l&#8217;impegno politico di Casarini e compagni in qualche cosa che ha a che fare con la fede. \u00abLo dico pensando a tante persone che non hanno, o non han-no pi\u00f9, la fede in Dio [&#8230;] ma non dimenticano la misericordia, anzi al contrario talora contribuiscono non meno dei credenti ad aiutare i bisognosi. Tanto per fare un nome, penso a Gino Strada, il quale non ha avuto bisogno della fede in Dio per fare del bene\u00bb.<\/p>\n\n\n\n<p>Eh, gi\u00e0: che cos&#8217;\u00e8 quest&#8217;orpello della fede in Cristo? Leviamolo. Siamo tutti fratelli, tutti compagni. E per essere nominati santi \u00e8 sufficiente dichiarare di voler aiutare il prossimo. Anche se non si crede in Dio, nei sacramenti, nella santa messa, nella confessione e pure nella resurrezione, basta aiutare i migranti e si conquista direttamente il regno di Dio pure se non ci si crede. In pratica, tra Chiesa e Pd non c&#8217;\u00e8 differenza. Pure Elly Schlein pu\u00f2 essere eletta pontefice se riesce a raggiungere la maggioranza in conclave.<\/p>\n\n\n\n<p>Non meno sorprendente \u00e8 la posizione di chi, di fronte a un Papa che parla di fede e di Cristo, cerca di usare le parole del pontefice per trasformarlo in un leader progressista. Sono gli stessi che prima applaudivano Bergoglio e che per giorni hanno auspicato la nomina di un clone del pontefice scomparso, tipo Matteo Zuppi.<\/p>\n\n\n\n<p>Antonio Spadaro, gesuita ed ex direttore di Civilt\u00e0 Cattolica, su Repubblica si \u00e8 esibito non in una critica nei confronti di Leone XIV, ma in un tentativo di appropriazione indebita. Secondo lui, la prima omelia \u00e8 stata una dichiarazione di guerra al potere. \u00abLeone \u00e8 ruggente nel criticare la citt\u00e0 dell&#8217;uomo moderno -le grandi capitali mondane?- che non conosce la dignit\u00e0\u00bb. Per Spadaro, che \u00e8 stato trombettiere di Bergoglio, c&#8217;\u00e8 una singolare sintonia fra il Santo Padre scomparso e quello appena nominato. \u00abNon dobbiamo nasconderci dietro un&#8217;idea di autorit\u00e0 che al giorno d&#8217;oggi non ha pi\u00f9 senso\u00bb. E allo stesso tempo, Spadaro dice che ci siamo preoccupati pi\u00f9 di insegnare la dottrina, dimenticando la testimonianza. Quasi che le parole di Leone XIV con un richiamo alla fede e un annuncio che anche il pastore di Dio debba fare un passo indietro e sparire per lasciare spazio al messaggio di Cristo, siano un ritorno al passato, quando il Papa non parlava in diretta tv da Fabio Fazio o dal palco del Festival di Sanremo, ma interveniva nelle sedi opportune, senza confondere la semplicit\u00e0 con il semplicismo.<\/p>\n\n\n\n<p>Si, la dottrina \u00e8 una brutta bestia. Cos\u00ec come l&#8217;invito a parlare con le parole di Cristo e non con quelle degli Spadaro o dei Mancuso. Se si restituisce spazio al messaggio di Ges\u00f9, come sembra volere papa Leone, \u00e8 evidente che lo si toglie ai tanti che negli ultimi anni si sono fatti interpreti interessati del pensiero di Dio, distorcendolo o interpretandolo. Gli stessi che, con i loro interventi, ci fanno capire che c&#8217;\u00e8 un cattolico in Vaticano e loro non hanno niente da mettersi. E soprattutto, niente di decisivo da dire.<\/p>\n","protected":false},"excerpt":{"rendered":"<p>La Verit\u00e0 Domenica 11 Maggio 2025 Allarme rosso: il nuovo papa \u00e8 cattolico! Stampa e sinistra di fronte ad un imprevisto: \u00abquesto ci crede!\u00bb \u00c8 partita la gara a imbrigliare il pastore yankee che parla di fede e non dei temi cari al Pd: lo camuffano da leader progressista di Maurizio Belpietro<\/p><p><a class=\"more-link btn\" href=\"https:\/\/www.rassegnastampa-totustuus.it\/cattolica\/allarme-rosso-il-nuovo-papa-e-cattolico\/\">Continua a leggere<\/a><\/p>\n","protected":false},"author":6,"featured_media":62580,"comment_status":"closed","ping_status":"closed","sticky":false,"template":"","format":"standard","meta":{"footnotes":""},"categories":[5,3155],"tags":[157,427,789,1223],"class_list":["post-62579","post","type-post","status-publish","format-standard","has-post-thumbnail","hentry","category-chiesa","category-s-s-leone-xiv","tag-chiesa-2","tag-modernismo","tag-progressismo-cattolico-2","tag-sinistra","item-wrap"],"yoast_head":"<!-- This site is optimized with the Yoast SEO plugin v27.4 - https:\/\/yoast.com\/product\/yoast-seo-wordpress\/ -->\n<title>Allarme rosso: il nuovo papa \u00e8 cattolico! - Rassegna Stampa Cattolica<\/title>\n<meta name=\"description\" content=\"Allarme rosso: il nuovo papa \u00e8 cattolico! \u00c8 partita la gara a imbrigliare il pastore yankee che parla di fede e non dei temi cari al Pd\" \/>\n<meta name=\"robots\" content=\"index, follow, max-snippet:-1, max-image-preview:large, max-video-preview:-1\" \/>\n<link rel=\"canonical\" href=\"https:\/\/www.rassegnastampa-totustuus.it\/cattolica\/allarme-rosso-il-nuovo-papa-e-cattolico\/\" \/>\n<meta property=\"og:locale\" content=\"it_IT\" \/>\n<meta property=\"og:type\" content=\"article\" \/>\n<meta property=\"og:title\" content=\"Allarme rosso: il nuovo papa \u00e8 cattolico! - Rassegna Stampa Cattolica\" \/>\n<meta property=\"og:description\" content=\"Allarme rosso: il nuovo papa \u00e8 cattolico! \u00c8 partita la gara a imbrigliare il pastore yankee che parla di fede e non dei temi cari al Pd\" \/>\n<meta property=\"og:url\" content=\"https:\/\/www.rassegnastampa-totustuus.it\/cattolica\/allarme-rosso-il-nuovo-papa-e-cattolico\/\" \/>\n<meta property=\"og:site_name\" content=\"Rassegna Stampa Cattolica\" \/>\n<meta property=\"article:publisher\" content=\"https:\/\/www.facebook.com\/rassegnastampacattolica\" \/>\n<meta property=\"article:published_time\" content=\"2025-05-15T04:00:00+00:00\" \/>\n<meta property=\"og:image\" content=\"https:\/\/www.rassegnastampa-totustuus.it\/cattolica\/wp-content\/uploads\/2025\/05\/Famiglia-Cristiana-cover.jpg\" \/>\n\t<meta property=\"og:image:width\" content=\"600\" \/>\n\t<meta property=\"og:image:height\" content=\"775\" \/>\n\t<meta property=\"og:image:type\" content=\"image\/jpeg\" \/>\n<meta name=\"author\" content=\"Redazione\" \/>\n<meta name=\"twitter:card\" content=\"summary_large_image\" \/>\n<meta name=\"twitter:creator\" content=\"@rassegnastampa9\" \/>\n<meta name=\"twitter:site\" content=\"@rassegnastampa9\" \/>\n<meta name=\"twitter:label1\" content=\"Scritto da\" \/>\n\t<meta name=\"twitter:data1\" content=\"Redazione\" \/>\n\t<meta name=\"twitter:label2\" content=\"Tempo di lettura stimato\" \/>\n\t<meta name=\"twitter:data2\" content=\"6 minuti\" \/>\n<script type=\"application\/ld+json\" class=\"yoast-schema-graph\">{\"@context\":\"https:\\\/\\\/schema.org\",\"@graph\":[{\"@type\":\"Article\",\"@id\":\"https:\\\/\\\/www.rassegnastampa-totustuus.it\\\/cattolica\\\/allarme-rosso-il-nuovo-papa-e-cattolico\\\/#article\",\"isPartOf\":{\"@id\":\"https:\\\/\\\/www.rassegnastampa-totustuus.it\\\/cattolica\\\/allarme-rosso-il-nuovo-papa-e-cattolico\\\/\"},\"author\":{\"name\":\"Redazione\",\"@id\":\"https:\\\/\\\/www.rassegnastampa-totustuus.it\\\/cattolica\\\/#\\\/schema\\\/person\\\/08f319d2bd1a0904ad9e2bfb7b15e5c3\"},\"headline\":\"Allarme rosso: il nuovo papa \u00e8 cattolico!\",\"datePublished\":\"2025-05-15T04:00:00+00:00\",\"mainEntityOfPage\":{\"@id\":\"https:\\\/\\\/www.rassegnastampa-totustuus.it\\\/cattolica\\\/allarme-rosso-il-nuovo-papa-e-cattolico\\\/\"},\"wordCount\":1038,\"publisher\":{\"@id\":\"https:\\\/\\\/www.rassegnastampa-totustuus.it\\\/cattolica\\\/#organization\"},\"image\":{\"@id\":\"https:\\\/\\\/www.rassegnastampa-totustuus.it\\\/cattolica\\\/allarme-rosso-il-nuovo-papa-e-cattolico\\\/#primaryimage\"},\"thumbnailUrl\":\"https:\\\/\\\/www.rassegnastampa-totustuus.it\\\/cattolica\\\/wp-content\\\/uploads\\\/2025\\\/05\\\/Famiglia-Cristiana-cover.jpg\",\"keywords\":[\"chiesa\",\"modernismo\",\"progressismo cattolico\",\"sinistra\"],\"articleSection\":[\"Chiesa\",\"S.S. Leone XIV\"],\"inLanguage\":\"it-IT\"},{\"@type\":\"WebPage\",\"@id\":\"https:\\\/\\\/www.rassegnastampa-totustuus.it\\\/cattolica\\\/allarme-rosso-il-nuovo-papa-e-cattolico\\\/\",\"url\":\"https:\\\/\\\/www.rassegnastampa-totustuus.it\\\/cattolica\\\/allarme-rosso-il-nuovo-papa-e-cattolico\\\/\",\"name\":\"Allarme rosso: il nuovo papa \u00e8 cattolico! - Rassegna Stampa Cattolica\",\"isPartOf\":{\"@id\":\"https:\\\/\\\/www.rassegnastampa-totustuus.it\\\/cattolica\\\/#website\"},\"primaryImageOfPage\":{\"@id\":\"https:\\\/\\\/www.rassegnastampa-totustuus.it\\\/cattolica\\\/allarme-rosso-il-nuovo-papa-e-cattolico\\\/#primaryimage\"},\"image\":{\"@id\":\"https:\\\/\\\/www.rassegnastampa-totustuus.it\\\/cattolica\\\/allarme-rosso-il-nuovo-papa-e-cattolico\\\/#primaryimage\"},\"thumbnailUrl\":\"https:\\\/\\\/www.rassegnastampa-totustuus.it\\\/cattolica\\\/wp-content\\\/uploads\\\/2025\\\/05\\\/Famiglia-Cristiana-cover.jpg\",\"datePublished\":\"2025-05-15T04:00:00+00:00\",\"description\":\"Allarme rosso: il nuovo papa \u00e8 cattolico! \u00c8 partita la gara a imbrigliare il pastore yankee che parla di fede e non dei temi cari al Pd\",\"breadcrumb\":{\"@id\":\"https:\\\/\\\/www.rassegnastampa-totustuus.it\\\/cattolica\\\/allarme-rosso-il-nuovo-papa-e-cattolico\\\/#breadcrumb\"},\"inLanguage\":\"it-IT\",\"potentialAction\":[{\"@type\":\"ReadAction\",\"target\":[\"https:\\\/\\\/www.rassegnastampa-totustuus.it\\\/cattolica\\\/allarme-rosso-il-nuovo-papa-e-cattolico\\\/\"]}]},{\"@type\":\"ImageObject\",\"inLanguage\":\"it-IT\",\"@id\":\"https:\\\/\\\/www.rassegnastampa-totustuus.it\\\/cattolica\\\/allarme-rosso-il-nuovo-papa-e-cattolico\\\/#primaryimage\",\"url\":\"https:\\\/\\\/www.rassegnastampa-totustuus.it\\\/cattolica\\\/wp-content\\\/uploads\\\/2025\\\/05\\\/Famiglia-Cristiana-cover.jpg\",\"contentUrl\":\"https:\\\/\\\/www.rassegnastampa-totustuus.it\\\/cattolica\\\/wp-content\\\/uploads\\\/2025\\\/05\\\/Famiglia-Cristiana-cover.jpg\",\"width\":600,\"height\":775},{\"@type\":\"BreadcrumbList\",\"@id\":\"https:\\\/\\\/www.rassegnastampa-totustuus.it\\\/cattolica\\\/allarme-rosso-il-nuovo-papa-e-cattolico\\\/#breadcrumb\",\"itemListElement\":[{\"@type\":\"ListItem\",\"position\":1,\"name\":\"Home\",\"item\":\"https:\\\/\\\/www.rassegnastampa-totustuus.it\\\/cattolica\\\/\"},{\"@type\":\"ListItem\",\"position\":2,\"name\":\"Allarme rosso: il nuovo papa \u00e8 cattolico!\"}]},{\"@type\":\"WebSite\",\"@id\":\"https:\\\/\\\/www.rassegnastampa-totustuus.it\\\/cattolica\\\/#website\",\"url\":\"https:\\\/\\\/www.rassegnastampa-totustuus.it\\\/cattolica\\\/\",\"name\":\"Rassegna Stampa Cattolica\",\"description\":\"Per una cultura che nasce dalla Rivelazione cristiana in conformit\u00e0 alla tradizione e al Magistero della Chiesa in opposizione ad ogni relativismo e totalitarismo\",\"publisher\":{\"@id\":\"https:\\\/\\\/www.rassegnastampa-totustuus.it\\\/cattolica\\\/#organization\"},\"alternateName\":\"Rass. Cattolica\",\"potentialAction\":[{\"@type\":\"SearchAction\",\"target\":{\"@type\":\"EntryPoint\",\"urlTemplate\":\"https:\\\/\\\/www.rassegnastampa-totustuus.it\\\/cattolica\\\/?s={search_term_string}\"},\"query-input\":{\"@type\":\"PropertyValueSpecification\",\"valueRequired\":true,\"valueName\":\"search_term_string\"}}],\"inLanguage\":\"it-IT\"},{\"@type\":\"Organization\",\"@id\":\"https:\\\/\\\/www.rassegnastampa-totustuus.it\\\/cattolica\\\/#organization\",\"name\":\"Rassegna Stampa Cattolica\",\"url\":\"https:\\\/\\\/www.rassegnastampa-totustuus.it\\\/cattolica\\\/\",\"logo\":{\"@type\":\"ImageObject\",\"inLanguage\":\"it-IT\",\"@id\":\"https:\\\/\\\/www.rassegnastampa-totustuus.it\\\/cattolica\\\/#\\\/schema\\\/logo\\\/image\\\/\",\"url\":\"https:\\\/\\\/www.rassegnastampa-totustuus.it\\\/cattolica\\\/wp-content\\\/uploads\\\/2014\\\/04\\\/logo-rassegna1.gif\",\"contentUrl\":\"https:\\\/\\\/www.rassegnastampa-totustuus.it\\\/cattolica\\\/wp-content\\\/uploads\\\/2014\\\/04\\\/logo-rassegna1.gif\",\"width\":600,\"height\":163,\"caption\":\"Rassegna Stampa Cattolica\"},\"image\":{\"@id\":\"https:\\\/\\\/www.rassegnastampa-totustuus.it\\\/cattolica\\\/#\\\/schema\\\/logo\\\/image\\\/\"},\"sameAs\":[\"https:\\\/\\\/www.facebook.com\\\/rassegnastampacattolica\",\"https:\\\/\\\/x.com\\\/rassegnastampa9\"]},{\"@type\":\"Person\",\"@id\":\"https:\\\/\\\/www.rassegnastampa-totustuus.it\\\/cattolica\\\/#\\\/schema\\\/person\\\/08f319d2bd1a0904ad9e2bfb7b15e5c3\",\"name\":\"Redazione\",\"image\":{\"@type\":\"ImageObject\",\"inLanguage\":\"it-IT\",\"@id\":\"https:\\\/\\\/secure.gravatar.com\\\/avatar\\\/2fcdf27c78ea025fbdb44e914cc63c72249ffec9dc8aafd5c82b26240ef3f346?s=96&d=mm&r=g\",\"url\":\"https:\\\/\\\/secure.gravatar.com\\\/avatar\\\/2fcdf27c78ea025fbdb44e914cc63c72249ffec9dc8aafd5c82b26240ef3f346?s=96&d=mm&r=g\",\"contentUrl\":\"https:\\\/\\\/secure.gravatar.com\\\/avatar\\\/2fcdf27c78ea025fbdb44e914cc63c72249ffec9dc8aafd5c82b26240ef3f346?s=96&d=mm&r=g\",\"caption\":\"Redazione\"},\"url\":\"https:\\\/\\\/www.rassegnastampa-totustuus.it\\\/cattolica\\\/author\\\/pietroelle\\\/\"}]}<\/script>\n<!-- \/ Yoast SEO plugin. -->","yoast_head_json":{"title":"Allarme rosso: il nuovo papa \u00e8 cattolico! - Rassegna Stampa Cattolica","description":"Allarme rosso: il nuovo papa \u00e8 cattolico! \u00c8 partita la gara a imbrigliare il pastore yankee che parla di fede e non dei temi cari al Pd","robots":{"index":"index","follow":"follow","max-snippet":"max-snippet:-1","max-image-preview":"max-image-preview:large","max-video-preview":"max-video-preview:-1"},"canonical":"https:\/\/www.rassegnastampa-totustuus.it\/cattolica\/allarme-rosso-il-nuovo-papa-e-cattolico\/","og_locale":"it_IT","og_type":"article","og_title":"Allarme rosso: il nuovo papa \u00e8 cattolico! - Rassegna Stampa Cattolica","og_description":"Allarme rosso: il nuovo papa \u00e8 cattolico! \u00c8 partita la gara a imbrigliare il pastore yankee che parla di fede e non dei temi cari al Pd","og_url":"https:\/\/www.rassegnastampa-totustuus.it\/cattolica\/allarme-rosso-il-nuovo-papa-e-cattolico\/","og_site_name":"Rassegna Stampa Cattolica","article_publisher":"https:\/\/www.facebook.com\/rassegnastampacattolica","article_published_time":"2025-05-15T04:00:00+00:00","og_image":[{"width":600,"height":775,"url":"https:\/\/www.rassegnastampa-totustuus.it\/cattolica\/wp-content\/uploads\/2025\/05\/Famiglia-Cristiana-cover.jpg","type":"image\/jpeg"}],"author":"Redazione","twitter_card":"summary_large_image","twitter_creator":"@rassegnastampa9","twitter_site":"@rassegnastampa9","twitter_misc":{"Scritto da":"Redazione","Tempo di lettura stimato":"6 minuti"},"schema":{"@context":"https:\/\/schema.org","@graph":[{"@type":"Article","@id":"https:\/\/www.rassegnastampa-totustuus.it\/cattolica\/allarme-rosso-il-nuovo-papa-e-cattolico\/#article","isPartOf":{"@id":"https:\/\/www.rassegnastampa-totustuus.it\/cattolica\/allarme-rosso-il-nuovo-papa-e-cattolico\/"},"author":{"name":"Redazione","@id":"https:\/\/www.rassegnastampa-totustuus.it\/cattolica\/#\/schema\/person\/08f319d2bd1a0904ad9e2bfb7b15e5c3"},"headline":"Allarme rosso: il nuovo papa \u00e8 cattolico!","datePublished":"2025-05-15T04:00:00+00:00","mainEntityOfPage":{"@id":"https:\/\/www.rassegnastampa-totustuus.it\/cattolica\/allarme-rosso-il-nuovo-papa-e-cattolico\/"},"wordCount":1038,"publisher":{"@id":"https:\/\/www.rassegnastampa-totustuus.it\/cattolica\/#organization"},"image":{"@id":"https:\/\/www.rassegnastampa-totustuus.it\/cattolica\/allarme-rosso-il-nuovo-papa-e-cattolico\/#primaryimage"},"thumbnailUrl":"https:\/\/www.rassegnastampa-totustuus.it\/cattolica\/wp-content\/uploads\/2025\/05\/Famiglia-Cristiana-cover.jpg","keywords":["chiesa","modernismo","progressismo cattolico","sinistra"],"articleSection":["Chiesa","S.S. Leone XIV"],"inLanguage":"it-IT"},{"@type":"WebPage","@id":"https:\/\/www.rassegnastampa-totustuus.it\/cattolica\/allarme-rosso-il-nuovo-papa-e-cattolico\/","url":"https:\/\/www.rassegnastampa-totustuus.it\/cattolica\/allarme-rosso-il-nuovo-papa-e-cattolico\/","name":"Allarme rosso: il nuovo papa \u00e8 cattolico! - Rassegna Stampa Cattolica","isPartOf":{"@id":"https:\/\/www.rassegnastampa-totustuus.it\/cattolica\/#website"},"primaryImageOfPage":{"@id":"https:\/\/www.rassegnastampa-totustuus.it\/cattolica\/allarme-rosso-il-nuovo-papa-e-cattolico\/#primaryimage"},"image":{"@id":"https:\/\/www.rassegnastampa-totustuus.it\/cattolica\/allarme-rosso-il-nuovo-papa-e-cattolico\/#primaryimage"},"thumbnailUrl":"https:\/\/www.rassegnastampa-totustuus.it\/cattolica\/wp-content\/uploads\/2025\/05\/Famiglia-Cristiana-cover.jpg","datePublished":"2025-05-15T04:00:00+00:00","description":"Allarme rosso: il nuovo papa \u00e8 cattolico! \u00c8 partita la gara a imbrigliare il pastore yankee che parla di fede e non dei temi cari al Pd","breadcrumb":{"@id":"https:\/\/www.rassegnastampa-totustuus.it\/cattolica\/allarme-rosso-il-nuovo-papa-e-cattolico\/#breadcrumb"},"inLanguage":"it-IT","potentialAction":[{"@type":"ReadAction","target":["https:\/\/www.rassegnastampa-totustuus.it\/cattolica\/allarme-rosso-il-nuovo-papa-e-cattolico\/"]}]},{"@type":"ImageObject","inLanguage":"it-IT","@id":"https:\/\/www.rassegnastampa-totustuus.it\/cattolica\/allarme-rosso-il-nuovo-papa-e-cattolico\/#primaryimage","url":"https:\/\/www.rassegnastampa-totustuus.it\/cattolica\/wp-content\/uploads\/2025\/05\/Famiglia-Cristiana-cover.jpg","contentUrl":"https:\/\/www.rassegnastampa-totustuus.it\/cattolica\/wp-content\/uploads\/2025\/05\/Famiglia-Cristiana-cover.jpg","width":600,"height":775},{"@type":"BreadcrumbList","@id":"https:\/\/www.rassegnastampa-totustuus.it\/cattolica\/allarme-rosso-il-nuovo-papa-e-cattolico\/#breadcrumb","itemListElement":[{"@type":"ListItem","position":1,"name":"Home","item":"https:\/\/www.rassegnastampa-totustuus.it\/cattolica\/"},{"@type":"ListItem","position":2,"name":"Allarme rosso: il nuovo papa \u00e8 cattolico!"}]},{"@type":"WebSite","@id":"https:\/\/www.rassegnastampa-totustuus.it\/cattolica\/#website","url":"https:\/\/www.rassegnastampa-totustuus.it\/cattolica\/","name":"Rassegna Stampa Cattolica","description":"Per una cultura che nasce dalla Rivelazione cristiana in conformit\u00e0 alla tradizione e al Magistero della Chiesa in opposizione ad ogni relativismo e totalitarismo","publisher":{"@id":"https:\/\/www.rassegnastampa-totustuus.it\/cattolica\/#organization"},"alternateName":"Rass. Cattolica","potentialAction":[{"@type":"SearchAction","target":{"@type":"EntryPoint","urlTemplate":"https:\/\/www.rassegnastampa-totustuus.it\/cattolica\/?s={search_term_string}"},"query-input":{"@type":"PropertyValueSpecification","valueRequired":true,"valueName":"search_term_string"}}],"inLanguage":"it-IT"},{"@type":"Organization","@id":"https:\/\/www.rassegnastampa-totustuus.it\/cattolica\/#organization","name":"Rassegna Stampa Cattolica","url":"https:\/\/www.rassegnastampa-totustuus.it\/cattolica\/","logo":{"@type":"ImageObject","inLanguage":"it-IT","@id":"https:\/\/www.rassegnastampa-totustuus.it\/cattolica\/#\/schema\/logo\/image\/","url":"https:\/\/www.rassegnastampa-totustuus.it\/cattolica\/wp-content\/uploads\/2014\/04\/logo-rassegna1.gif","contentUrl":"https:\/\/www.rassegnastampa-totustuus.it\/cattolica\/wp-content\/uploads\/2014\/04\/logo-rassegna1.gif","width":600,"height":163,"caption":"Rassegna Stampa Cattolica"},"image":{"@id":"https:\/\/www.rassegnastampa-totustuus.it\/cattolica\/#\/schema\/logo\/image\/"},"sameAs":["https:\/\/www.facebook.com\/rassegnastampacattolica","https:\/\/x.com\/rassegnastampa9"]},{"@type":"Person","@id":"https:\/\/www.rassegnastampa-totustuus.it\/cattolica\/#\/schema\/person\/08f319d2bd1a0904ad9e2bfb7b15e5c3","name":"Redazione","image":{"@type":"ImageObject","inLanguage":"it-IT","@id":"https:\/\/secure.gravatar.com\/avatar\/2fcdf27c78ea025fbdb44e914cc63c72249ffec9dc8aafd5c82b26240ef3f346?s=96&d=mm&r=g","url":"https:\/\/secure.gravatar.com\/avatar\/2fcdf27c78ea025fbdb44e914cc63c72249ffec9dc8aafd5c82b26240ef3f346?s=96&d=mm&r=g","contentUrl":"https:\/\/secure.gravatar.com\/avatar\/2fcdf27c78ea025fbdb44e914cc63c72249ffec9dc8aafd5c82b26240ef3f346?s=96&d=mm&r=g","caption":"Redazione"},"url":"https:\/\/www.rassegnastampa-totustuus.it\/cattolica\/author\/pietroelle\/"}]}},"_links":{"self":[{"href":"https:\/\/www.rassegnastampa-totustuus.it\/cattolica\/wp-json\/wp\/v2\/posts\/62579","targetHints":{"allow":["GET"]}}],"collection":[{"href":"https:\/\/www.rassegnastampa-totustuus.it\/cattolica\/wp-json\/wp\/v2\/posts"}],"about":[{"href":"https:\/\/www.rassegnastampa-totustuus.it\/cattolica\/wp-json\/wp\/v2\/types\/post"}],"author":[{"embeddable":true,"href":"https:\/\/www.rassegnastampa-totustuus.it\/cattolica\/wp-json\/wp\/v2\/users\/6"}],"replies":[{"embeddable":true,"href":"https:\/\/www.rassegnastampa-totustuus.it\/cattolica\/wp-json\/wp\/v2\/comments?post=62579"}],"version-history":[{"count":1,"href":"https:\/\/www.rassegnastampa-totustuus.it\/cattolica\/wp-json\/wp\/v2\/posts\/62579\/revisions"}],"predecessor-version":[{"id":62581,"href":"https:\/\/www.rassegnastampa-totustuus.it\/cattolica\/wp-json\/wp\/v2\/posts\/62579\/revisions\/62581"}],"wp:featuredmedia":[{"embeddable":true,"href":"https:\/\/www.rassegnastampa-totustuus.it\/cattolica\/wp-json\/wp\/v2\/media\/62580"}],"wp:attachment":[{"href":"https:\/\/www.rassegnastampa-totustuus.it\/cattolica\/wp-json\/wp\/v2\/media?parent=62579"}],"wp:term":[{"taxonomy":"category","embeddable":true,"href":"https:\/\/www.rassegnastampa-totustuus.it\/cattolica\/wp-json\/wp\/v2\/categories?post=62579"},{"taxonomy":"post_tag","embeddable":true,"href":"https:\/\/www.rassegnastampa-totustuus.it\/cattolica\/wp-json\/wp\/v2\/tags?post=62579"}],"curies":[{"name":"wp","href":"https:\/\/api.w.org\/{rel}","templated":true}]}}