{"id":62558,"date":"2025-05-06T10:56:49","date_gmt":"2025-05-06T08:56:49","guid":{"rendered":"https:\/\/www.rassegnastampa-totustuus.it\/cattolica\/?p=62558"},"modified":"2025-05-06T10:56:51","modified_gmt":"2025-05-06T08:56:51","slug":"i-numeri-della-crisi-di-fede-con-cui-il-prossimo-papa-dovra-fare-i-conti","status":"publish","type":"post","link":"https:\/\/www.rassegnastampa-totustuus.it\/cattolica\/i-numeri-della-crisi-di-fede-con-cui-il-prossimo-papa-dovra-fare-i-conti\/","title":{"rendered":"I numeri della crisi di fede con cui il prossimo papa dovr\u00e0 fare i conti"},"content":{"rendered":"\n<p class=\"has-text-align-center\"><strong><a href=\"https:\/\/www.tempi.it\/\">Tempi<\/a> <\/strong>5 maggio 2025<\/p>\n\n\n\n<p><em>Il calo dei fedeli, la perdita di influenza, il disinteresse verso l\u2019ortodossia. Di cosa parliamo quando parliamo di secolarizzazione e declino della Chiesa<\/em><\/p>\n\n\n\n<p class=\"has-text-align-center\">di <strong>Rodolfo Casadei<\/strong><\/p>\n\n\n<div class=\"wp-block-image\">\n<figure class=\"aligncenter size-large is-resized\"><a href=\"https:\/\/www.rassegnastampa-totustuus.it\/cattolica\/wp-content\/uploads\/2020\/09\/chiesa_messa_virus.jpg\"><img loading=\"lazy\" decoding=\"async\" width=\"1024\" height=\"682\" src=\"https:\/\/www.rassegnastampa-totustuus.it\/cattolica\/wp-content\/uploads\/2020\/09\/chiesa_messa_virus-1024x682.jpg\" alt=\"\" class=\"wp-image-48481\" style=\"width:410px;height:auto\" srcset=\"https:\/\/www.rassegnastampa-totustuus.it\/cattolica\/wp-content\/uploads\/2020\/09\/chiesa_messa_virus-1024x682.jpg 1024w, https:\/\/www.rassegnastampa-totustuus.it\/cattolica\/wp-content\/uploads\/2020\/09\/chiesa_messa_virus-300x200.jpg 300w, https:\/\/www.rassegnastampa-totustuus.it\/cattolica\/wp-content\/uploads\/2020\/09\/chiesa_messa_virus-768x511.jpg 768w, https:\/\/www.rassegnastampa-totustuus.it\/cattolica\/wp-content\/uploads\/2020\/09\/chiesa_messa_virus.jpg 1356w\" sizes=\"auto, (max-width: 1024px) 100vw, 1024px\" \/><\/a><\/figure><\/div>\n\n\n<!--more-->\n\n\n\n<p>In Italia e nel resto dell\u2019Occidente la fede cristiana interessa sempre meno, la Chiesa ha perso la sua presa sui popoli, la religione sembra avviata all\u2019estinzione o a metamorfosi che la stanno rendendo irriconoscibile. Come causa di tutto ci\u00f2 viene invocata la secolarizzazione. La parola \u201csecolarizzazione\u201d ha una lunga storia e non ha un significato univoco; alcuni cercano di usarla in modo neutro, descrittivo, altri ne danno un\u2019interpretazione assiologica, in positivo o in negativo.<\/p>\n\n\n\n<p>Fino a qualche tempo fa era facile distinguere cantori e detrattori della secolarizzazione: i primi erano atei o agnostici, i secondi erano credenti. Negli ultimi decenni il panorama si \u00e8 fatto pi\u00f9 sfumato: ci sono non credenti che lamentano le conseguenze spiacevoli della secolarizzazione come \u201cdisincanto del mondo\u201d, che ha trasformato ogni realt\u00e0 in materia manipolabile, e ci sono teologi e sacerdoti che vedono in essa \u00abuna grande occasione\u00bb per i credenti, non pi\u00f9 oberati dalla necessit\u00e0 di difendere la (o le) cristianit\u00e0. Sicuramente non condivideva quest\u2019ultima idea papa Francesco, che nella sua lettera enciclica <em>Dilexit nos<\/em>&nbsp;scriveva che \u00abla secolarizzazione [\u2026] aspira ad un mondo libero da Dio\u00bb (n. 87).<\/p>\n\n\n\n<p>Per quanto riguarda la Chiesa cattolica si possono utilizzare almeno tre indicatori per farsi un\u2019idea dei fenomeni di fronte a cui ci troviamo: la diminuzione del numero di coloro che frequentano la Messa almeno una volta alla settimana (che \u00abassolvono il precetto domenicale\u00bb, si sarebbe detto una volta); la progressiva estinzione del prestigio sociale e dell\u2019influenza politica che la religione organizzata esercitava in passato; l\u2019abbassamento dei livelli di ortodossia dei fedeli cattolici.<\/p>\n\n\n<div class=\"wp-block-image\">\n<figure class=\"aligncenter size-large is-resized\"><a href=\"https:\/\/www.rassegnastampa-totustuus.it\/cattolica\/wp-content\/uploads\/2020\/04\/chiesa_vuota.jpg\"><img loading=\"lazy\" decoding=\"async\" width=\"1024\" height=\"614\" src=\"https:\/\/www.rassegnastampa-totustuus.it\/cattolica\/wp-content\/uploads\/2020\/04\/chiesa_vuota-1024x614.jpg\" alt=\"\" class=\"wp-image-46908\" style=\"width:478px;height:auto\" srcset=\"https:\/\/www.rassegnastampa-totustuus.it\/cattolica\/wp-content\/uploads\/2020\/04\/chiesa_vuota-1024x614.jpg 1024w, https:\/\/www.rassegnastampa-totustuus.it\/cattolica\/wp-content\/uploads\/2020\/04\/chiesa_vuota-300x180.jpg 300w, https:\/\/www.rassegnastampa-totustuus.it\/cattolica\/wp-content\/uploads\/2020\/04\/chiesa_vuota-768x460.jpg 768w, https:\/\/www.rassegnastampa-totustuus.it\/cattolica\/wp-content\/uploads\/2020\/04\/chiesa_vuota.jpg 1185w\" sizes=\"auto, (max-width: 1024px) 100vw, 1024px\" \/><\/a><\/figure><\/div>\n\n\n<h4 class=\"wp-block-heading has-text-align-center\"><strong>1. Il calo di frequenza alla Messa<\/strong><\/h4>\n\n\n\n<p>Secondo <strong><a href=\"https:\/\/esploradati.istat.it\/databrowser\/#\/it\/dw\/categories\/IT1,Z0850DAI,1.0\/SOC_ACT_RELIG\/IT1,83_63_DF_DCCV_AVQ_PERSONE_133,1.0\" target=\"_blank\" rel=\"noreferrer noopener\">i dati pi\u00f9 recenti dell\u2019Istat<\/a><\/strong>, riferiti all\u2019anno 2023, gli italiani dai 6 anni di et\u00e0 in su che frequentano settimanalmente una chiesa, normalmente la domenica, sono il 17,9 per cento della popolazione. Nel 2001, cio\u00e8 ventidue anni prima, erano il 36,4 per cento: in poco pi\u00f9 di vent\u2019anni la percentuale di italiani che vanno in chiesa almeno una volta alla settimana si \u00e8 pi\u00f9 che dimezzata.<\/p>\n\n\n\n<p>S\u2019\u00e8 molto parlato delle <strong><a href=\"https:\/\/www.tempi.it\/riaprire-le-messe-la-liberta-religiosa-non-e-un-bonus-per-chi-fa-il-bravo\/\">politiche di contenimento della pandemia da Covid<\/a><\/strong> come di una causa per l\u2019accertata flessione della partecipazione alle liturgie: la sospensione per un certo periodo delle Messe \u201cin presenza\u201d e la loro sostituzione col surrogato online avrebbero favorito un disamoramento nei confronti della partecipazione al sacrificio eucaristico, rivelando che in realt\u00e0 si trattava solo di una abitudine di cui molti hanno imparato a fare a meno. La serie storica dei dati conferma solo parzialmente questa lettura. \u00c8 vero che c\u2019\u00e8 stata un\u2019accelerazione della diminuzione della partecipazione alla Messa dal 2020 ad oggi: nel 2019 la partecipazione era ancora del 25,1 per cento, cio\u00e8 7,2 punti in pi\u00f9 del 17,9 per cento stimato nel 2023. Tuttavia la flessione dal 2001 ad oggi <strong><a href=\"https:\/\/www.settimananews.it\/wp-content\/uploads\/2023\/08\/Garelli-2.pdf\" target=\"_blank\" rel=\"noreferrer noopener\">\u00e8 stata costante<\/a><\/strong>, conoscendo lievissimi rimbalzi rispetto all\u2019anno precedente soltanto nel 2013, nel 2015 e nel 2019.<\/p>\n\n\n\n<p>La differenza sta solo nel fatto che in passato c\u2019erano voluti dodici anni per totalizzare una flessione di 7,2 punti (dal 36,1 per cento del 2002 al 28,9 per cento del 2014), mentre dopo il Covid sono bastati quattro anni per registrare un\u2019identica diminuzione percentuale. Le vicende relative alla gestione del Covid in ambito ecclesiale sembrano aver agito pi\u00f9 come una tempesta di vento autunnale, che ha accelerato la caduta di foglie gi\u00e0 secche di proprio e destinate a cadere, che non come la causa esclusiva o decisiva di una tendenza che altrimenti non si sarebbe imposta.<\/p>\n\n\n\n<h4 class=\"wp-block-heading has-text-align-center\"><strong>Le differenze tra le fasce d\u2019et\u00e0 e i sessi<\/strong><\/h4>\n\n\n\n<p>Se andiamo a vedere le classi d\u2019et\u00e0 rappresentate, scopriamo che in chiesa ci vanno soprattutto i bambini (32,4 per cento della popolazione fra i 6 e i 13 anni) e gli anziani (28,1 per cento di coloro che hanno pi\u00f9 di 75 anni e 25,1 per cento di coloro che hanno fra i 65 e i 74 anni). A disertare le panche sono invece i giovani: solo il 5,8 per cento di coloro che hanno fra i 18 e i 19 anni e solo il 7,7 per cento di coloro che hanno fra i 20 e i 34 anni di et\u00e0 vanno a Messa settimanalmente. <\/p>\n\n\n\n<p>Meno di vent\u2019anni fa, cio\u00e8 nel 2005, ci andava il 24,3 per cento dei 18-19enni (il quadruplo di oggi) e il 19,5 per cento dei 20-34enni (pi\u00f9 del doppio di oggi). Ma anche nelle classi di et\u00e0 maggiormente rappresentate alla Messa settimanale la diminuzione \u00e8 stata importante: nel 2005 andava in chiesa il 62,1 per cento di chi aveva fra i 6 e i 13 anni e il 47,3 per cento di chi aveva fra i 65 e i 74 anni (in entrambi i casi quasi il doppio di oggi). Non \u00e8 pi\u00f9 vero che quando le persone diventano anziane si riavvicinano al culto.<\/p>\n\n\n\n<p>Se consideriamo il sesso, vediamo che le donne continuano ancora a frequentare le chiese pi\u00f9 degli uomini, ma la differenza si \u00e8 assottigliata: nel 2023 i maschi praticanti erano il 14,9 per cento del totale della popolazione maschile, le femmine il 20,7 per cento del totale della popolazione femminile. La forbice storicamente ampia \u2013 ancora nel 1993 quasi la met\u00e0 delle donne frequentava la chiesa settimanalmente contro poco pi\u00f9 di un quarto degli uomini \u2013 si sta evidentemente chiudendo, e anche piuttosto rapidamente.<\/p>\n\n\n<div class=\"wp-block-image\">\n<figure class=\"aligncenter size-large is-resized\"><a href=\"https:\/\/www.rassegnastampa-totustuus.it\/cattolica\/wp-content\/uploads\/2019\/03\/messa_latino.jpg\"><img loading=\"lazy\" decoding=\"async\" width=\"1024\" height=\"682\" src=\"https:\/\/www.rassegnastampa-totustuus.it\/cattolica\/wp-content\/uploads\/2019\/03\/messa_latino-1024x682.jpg\" alt=\"\" class=\"wp-image-42340\" style=\"width:508px;height:auto\" srcset=\"https:\/\/www.rassegnastampa-totustuus.it\/cattolica\/wp-content\/uploads\/2019\/03\/messa_latino-1024x682.jpg 1024w, https:\/\/www.rassegnastampa-totustuus.it\/cattolica\/wp-content\/uploads\/2019\/03\/messa_latino-300x200.jpg 300w, https:\/\/www.rassegnastampa-totustuus.it\/cattolica\/wp-content\/uploads\/2019\/03\/messa_latino-768x512.jpg 768w, https:\/\/www.rassegnastampa-totustuus.it\/cattolica\/wp-content\/uploads\/2019\/03\/messa_latino.jpg 1600w\" sizes=\"auto, (max-width: 1024px) 100vw, 1024px\" \/><\/a><\/figure><\/div>\n\n\n<h4 class=\"wp-block-heading has-text-align-center\"><strong>2. La perdita di prestigio sociale<\/strong><\/h4>\n\n\n\n<p>Normalmente quando si parla di perdita di prestigio sociale da parte della Chiesa o della religione in generale si pensa al fatto che le leggi dei paesi occidentali riflettono sempre meno la legge morale naturale che il cristianesimo, e la Chiesa cattolica in particolare, ha costantemente richiamato come la sola base per leggi positive giuste; si pensa pure al fatto che i costumi dei paesi storicamente cristiani hanno ormai normalizzato e addirittura spesso celebrano quelli che la morale cristiana considera peccati e vizi, e snobbano le virt\u00f9. <\/p>\n\n\n\n<p>L\u2019irrisione e la dissacrazione di figure, gesti e parole della Chiesa cattolica da parte della pubblicit\u00e0, del mondo dello spettacolo e dell\u2019arte non solleva pi\u00f9 una diffusa indignazione popolare e forti reazioni ufficiali della gerarchia ecclesiastica, come accadeva in un passato non lontano. Sempre pi\u00f9 spesso a protestare sono piccoli gruppi, prontamente qualificati come \u201cintegralisti\u201d o \u201cfondamentalisti\u201d dalla pubblicistica.<\/p>\n\n\n\n<p>La perdita di prestigio \u00e8 misurabile anche in termini di crescente irrilevanza politica della Chiesa: i suoi pronunciamenti sulle questioni sociali, bioetiche e di politica internazionale non influenzano significativamente n\u00e9 l\u2019opinione pubblica, n\u00e9 i governi, i parlamenti e le Corti di giustizia che legiferano e deliberano su materie che stanno a cuore al papa e ai vescovi. I partiti di ispirazione cristiana che hanno svolto ruoli di primissimo piano nell\u2019Europa del Dopoguerra (si pensi alla Democrazia cristiana in Italia, alla Cdu e alla Csu in Germania, al Partito sociale cristiano in Belgio, al Partito cristiano-sociale in Austria, eccetera) sono scomparsi oppure hanno profondamente modificato la loro ispirazione e quindi le loro posizioni e i loro programmi, che su temi etici cruciali come l\u2019aborto, l\u2019eutanasia, la procreazione assistita, le unioni civili o il matrimonio fra persone dello stesso sesso non si distinguono pi\u00f9 (o si distinguono solo parzialmente) da quelli dei partiti laicisti.<\/p>\n\n\n<div class=\"wp-block-image\">\n<figure class=\"aligncenter size-large is-resized\"><a href=\"https:\/\/www.rassegnastampa-totustuus.it\/cattolica\/wp-content\/uploads\/2019\/12\/sacerdoti_chiesa.jpg\"><img loading=\"lazy\" decoding=\"async\" width=\"1024\" height=\"575\" src=\"https:\/\/www.rassegnastampa-totustuus.it\/cattolica\/wp-content\/uploads\/2019\/12\/sacerdoti_chiesa-1024x575.jpg\" alt=\"\" class=\"wp-image-45427\" style=\"width:456px;height:auto\" srcset=\"https:\/\/www.rassegnastampa-totustuus.it\/cattolica\/wp-content\/uploads\/2019\/12\/sacerdoti_chiesa-1024x575.jpg 1024w, https:\/\/www.rassegnastampa-totustuus.it\/cattolica\/wp-content\/uploads\/2019\/12\/sacerdoti_chiesa-300x169.jpg 300w, https:\/\/www.rassegnastampa-totustuus.it\/cattolica\/wp-content\/uploads\/2019\/12\/sacerdoti_chiesa-768x431.jpg 768w, https:\/\/www.rassegnastampa-totustuus.it\/cattolica\/wp-content\/uploads\/2019\/12\/sacerdoti_chiesa.jpg 1280w\" sizes=\"auto, (max-width: 1024px) 100vw, 1024px\" \/><\/a><\/figure><\/div>\n\n\n<h4 class=\"wp-block-heading has-text-align-center\"><strong>Il crollo delle vocazioni<\/strong><\/h4>\n\n\n\n<p>Tuttavia il prestigio sociale della religione si pu\u00f2 leggere e interpretare anche con altri criteri, di tipo sociologico. Quando la realt\u00e0 ecclesiale ricopre un ruolo importante nella vita di una societ\u00e0 e nella percezione della propria identit\u00e0 da parte di una nazione, coloro che fanno parte del clero e pi\u00f9 in generale delle realt\u00e0 di vita consacrata sono rispettati e valorizzati; ci\u00f2 pu\u00f2 contribuire a rendere desiderabili il loro ruolo e le loro funzioni da parte di giovani in cerca di una strada nella vita.<\/p>\n\n\n\n<p>La dimensione propriamente personale della vocazione sacerdotale o religiosa, che \u00e8 normalmente oggetto del discernimento vocazionale che la Chiesa accompagna con molta sollecitudine, nei paesi di tradizione cristiana era anche intrecciata al suo valore sociale e politico in senso lato, a motivo del ruolo ricoperto dalla Chiesa nella societ\u00e0 e del clima culturale. <strong><a href=\"https:\/\/www.30giorni.it\/articoli_id_21164_l1.htm\" target=\"_blank\" rel=\"noreferrer noopener\">La diminuzione numerica delle vocazioni sacerdotali e religiose<\/a><\/strong> della Chiesa cattolica in Occidente e la concomitante crescita nell\u2019Africa subsahariana possono anche essere lette in questo modo.<\/p>\n\n\n\n<p>In Italia il clero secolare era costituito da 42.063 unit\u00e0 nel 1971. Nel 1993 erano scese a 35.047, nel 2003 a 31.758 e nel 2019 a 28.955. Negli stessi anni le religiose diminuivano da 118.953 a 102.026 a 72.091. Come nel caso della frequenza alla Messa, anche nel caso della consacrazione della vita a Dio il ridimensionamento dei numeri femminili \u00e8 pi\u00f9 accentuato di quello dei numeri maschili: nel 2019 i sacerdoti secolari erano l\u201982,6 per cento di quelli del 1993, mentre le religiose erano il 60,6 per cento di quelle del 1993. E questo senza considerare il fatto che negli anni \u00e8 cresciuto il numero dei preti e soprattutto delle suore di nazionalit\u00e0 straniera al servizio della Chiesa che \u00e8 in Italia.<\/p>\n\n\n\n<p>Pi\u00f9 accentuata della diminuzione dei sacerdoti \u00e8 <strong><a href=\"https:\/\/www.avvenire.it\/chiesa\/pagine\/seminaristi-in-italia-quanti-e-chi-sono\" target=\"_blank\" rel=\"noreferrer noopener\">quella dei seminaristi<\/a><\/strong>: nel 2021 i seminaristi diocesani erano 1.804, contro i 2.103 di due anni prima, i 2.753 del 2014, i 3.145 del 2004 e i 6.337 del 1970. Se confrontiamo i due dati non perfettamente congruenti del numero dei preti diocesani del 1971 in rapporto a quelli del 2019, e del numero dei seminaristi diocesani del 1970 in rapporto a quelli del 2021, vediamo che i preti del 2019 sono il 68,8 per cento di quelli del 1971, mentre i seminaristi del 2021 sono pari al 28,4 per cento di quelli del 1970.<\/p>\n\n\n\n<h4 class=\"wp-block-heading has-text-align-center\"><strong>Sempre meno battesimi<\/strong><\/h4>\n\n\n\n<p>Un altro ambito che segnala la perdita di significato del cristianesimo per la societ\u00e0 contemporanea \u00e8 quello dei \u201criti di passaggio\u201d, per usare il linguaggio degli antropologi, che riguardano momenti della vita che il cristianesimo sacralizza attraverso sacramenti e sacramentali: la nascita, l\u2019unione fra uomo e donna e la morte. Battesimo, matrimonio e riti delle esequie realizzano la partecipazione del divino all\u2019umano nei momenti cruciali del cammino terreno della singola persona. <\/p>\n\n\n\n<p>La sociologia segnala che di questi sacramenti e sacramentali usufruiscono anche moltissimi non praticanti e addirittura non credenti che riconoscono la necessit\u00e0 dei riti come momenti indispensabili della strutturazione dell\u2019esistenza umana e della sua integrazione sociale. Privato dei riti nei momenti decisivi della sua vita, l\u2019individuo si sente solo e smarrito, abbandonato a se stesso, consegnato a una dimensione innaturale.<\/p>\n\n\n\n<p>La diminuzione del numero dei battesimi e dei matrimoni in chiesa come pure il fenomeno in espansione della cremazione senza conservazione delle ceneri (la Chiesa per lungo tempo ha proibito ai fedeli l\u2019incinerazione, dal 1983 col nuovo Codice di diritto canonico la permette, ma a condizione che le ceneri siano conservate in terra sacra) indicano non solo apostasia o incoerenza da parte dei credenti, ma anche un diminuito apprezzamento da parte dei non credenti nella funzione sociale e psicologica dei riti della tradizione cristiana.<\/p>\n\n\n\n<p>D\u2019altra parte la diminuzione del numero assoluto dei battesimi di bambini e dei matrimoni religiosi non \u00e8 di per s\u00e9 un dato significativo sullo stato della fede quando questa diminuzione avviene in una societ\u00e0, come quella dei paesi altamente industrializzati, dove il tasso di fecondit\u00e0 \u00e8 da tempo sprofondato e anche l\u2019istituto del matrimonio civile \u00e8 in crisi. Per valutare lo stato delle cose bisogna piuttosto analizzare l\u2019andamento dei battesimi di bambini in rapporto alle nascite nello stesso anno, e quello dei matrimoni religiosi in rapporto al numero totale dei matrimoni nello stesso periodo.<\/p>\n\n\n\n<p>Vediamo cos\u00ec che effettivamente l\u2019erosione c\u2019\u00e8. La media per gli anni 1980-84 dei bambini battezzati sul totale dei nati da residenti in Italia in tale periodo \u00e8 del 97,67 per cento. Nel 1990 la percentuale era gi\u00e0 scesa all\u201988,27 per cento, dopodich\u00e9 resta abbastanza stabile: dieci anni dopo, nel 2000, la percentuale \u00e8 dell\u201986,72 per cento. A questo punto inizia una discesa piuttosto veloce fino al 2009, quando la percentuale risulta essere scesa al 74,58 per cento. Nel 2020 il rapporto si sarebbe attestato di <strong><a href=\"https:\/\/criticaliberale.it\/2023\/05\/05\/la-famiglia-e-unaltra-cosa\/\" target=\"_blank\" rel=\"noreferrer noopener\">poco sotto il 70 per cento<\/a><\/strong>.<\/p>\n\n\n<div class=\"wp-block-image\">\n<figure class=\"aligncenter size-full is-resized\"><a href=\"https:\/\/www.rassegnastampa-totustuus.it\/cattolica\/wp-content\/uploads\/2025\/05\/battesimo_chiesa.jpg\"><img loading=\"lazy\" decoding=\"async\" width=\"309\" height=\"163\" src=\"https:\/\/www.rassegnastampa-totustuus.it\/cattolica\/wp-content\/uploads\/2025\/05\/battesimo_chiesa.jpg\" alt=\"\" class=\"wp-image-62556\" style=\"width:485px;height:auto\"\/><\/a><\/figure><\/div>\n\n\n<h4 class=\"wp-block-heading has-text-align-center\"><strong>Sempre meno matrimoni<\/strong><\/h4>\n\n\n\n<p>Lo stesso discorso vale per i matrimoni. Il numero dei matrimoni in Italia, religiosi e civili sommati insieme, \u00e8 sceso dai 395 mila del 1970 ai 284 mila del 2000 ai 189.140 del 2022. Dunque si \u00e8 pi\u00f9 che dimezzato nel giro di cinquant\u2019anni. All\u2019interno di questa crisi evidente dell\u2019istituto matrimoniale si pu\u00f2 notare l\u2019evento storico del 2018, quando per la prima volta il numero dei matrimoni civili (98.182) ha superato quello dei matrimoni in chiesa (97.596).<\/p>\n\n\n\n<p>Agli inizi degli anni Settanta i matrimoni civili erano di poco superiori al 7 per cento del totale. Nel 2000 erano gi\u00e0 un quarto del totale (24,67 per cento) e nel 2009 erano il 37 per cento. I matrimoni religiosi hanno rappresentato o rappresentano tuttora una realt\u00e0 meno suscettibile di scioglimento del vincolo coniugale rispetto al matrimonio civile? S\u00ec, ma di non di tanto. Nel 1997-\u201998 si stimavano 266 separazioni e 147 divorzi per mille matrimoni civili contro 195 separazioni e 100 divorzi per mille matrimoni religiosi. A distanza di quasi dieci anni, nel 2006-\u201907, le stime salgono a 422 separazioni e 190 divorzi per i matrimoni civili, contro 238 separazioni e 152 divorzi per i matrimoni religiosi.<\/p>\n\n\n\n<h4 class=\"wp-block-heading has-text-align-center\"><strong>L\u2019abbandono dell\u20198 per mille<\/strong><\/h4>\n\n\n\n<p>Un altro argomento che certifica il diminuito prestigio della Chiesa e delle sue opere agli occhi della societ\u00e0 italiana \u00e8 <strong><a href=\"https:\/\/www1.finanze.gov.it\/finanze\/stat_8xMilleSerie\/public\/index.php?req_block_column=1&amp;req_classe=01\" target=\"_blank\" rel=\"noreferrer noopener\">l\u2019andamento dell\u20198 per mille<\/a><\/strong>, la quota di imposta sui redditi soggetti all\u2019Irpef che lo Stato italiano distribuisce alle confessioni religiose che hanno stipulato un\u2019intesa, in base alle scelte effettuate dai contribuenti nelle dichiarazioni dei redditi. Negli ultimi vent\u2019anni la Chiesa cattolica ha visto costantemente diminuire la percentuale dei contribuenti italiani che effettuano la scelta dell\u20198 per mille a suo favore sia sul totale di coloro che effettuano la dichiarazione dei redditi (cio\u00e8 compresi coloro che non esercitano la facolt\u00e0 di destinare l\u20198 per mille), sia fra quanti effettuano l\u2019opzione a favore di uno dei tredici soggetti abilitati.<\/p>\n\n\n\n<p>Quando il 2 aprile 2005 muore Giovanni Paolo II, i contribuenti italiani che hanno deciso (nella dichiarazione dell\u2019anno prima) di destinare l\u20198 per mille alla Chiesa cattolica sono 14.894.293, pari al 37,15 di tutti i contribuenti e all\u201989,82 per cento di coloro che hanno effettuato un\u2019opzione. La dichiarazione dei redditi del 2023, relativa ai redditi del 2022 (ultimo anno per il quale abbiamo dati disponibili), vede scegliere la Chiesa cattolica da 11.347.809 italiani che rappresentano il 27 per cento di tutti i contribuenti e il 67,28 per cento di coloro che hanno effettuato un\u2019opzione. Nello stesso periodo gli italiani che scelgono lo Stato per la destinazione dell\u20198 per mille sono passati da 1.259.425 a 4.518.909, ovvero dal 3,4 al 10,75 per cento di tutti i contribuenti. Per quanto riguarda gli importi ricevuti dalla Chiesa cattolica, per tutto il ventennio in questione hanno oscillato fra poco pi\u00f9 di 900 milioni di euro e poco pi\u00f9 di un miliardo di euro all\u2019anno, con una tendenza alla diminuzione nell\u2019ultimo triennio.<\/p>\n\n\n<div class=\"wp-block-image\">\n<figure class=\"aligncenter size-full is-resized\"><a href=\"https:\/\/www.rassegnastampa-totustuus.it\/cattolica\/wp-content\/uploads\/2005\/10\/8x1000.jpg\"><img loading=\"lazy\" decoding=\"async\" width=\"269\" height=\"187\" src=\"https:\/\/www.rassegnastampa-totustuus.it\/cattolica\/wp-content\/uploads\/2005\/10\/8x1000.jpg\" alt=\"\" class=\"wp-image-28383\" style=\"width:457px;height:auto\"\/><\/a><\/figure><\/div>\n\n\n<h4 class=\"wp-block-heading has-text-align-center\"><strong>3. La crisi dell\u2019ortodossia<\/strong><\/h4>\n\n\n\n<p>Un terzo indicatore sociale del processo di secolarizzazione pu\u00f2 essere la diffusione di comportamenti contrari ai doveri morali del credente e di convinzioni difformi dalla dottrina della Chiesa. Controversie teologiche sfociate in accuse di eresia e incoerenze sul piano etico anche molto diffuse nella Chiesa, sia fra il clero che fra il popolo cristiano, ci sono sempre state. Quel che segnala un salto di qualit\u00e0 rispetto alla storia di due millenni \u00e8 piuttosto la tiepidezza delle reazioni della gerarchia di fronte alla realt\u00e0 dell\u2019eterodossia diffusa e dei comportamenti personali lontani dalla dottrina morale cristiana.<\/p>\n\n\n\n<p>Alcuni sondaggi d\u2019opinione e inchieste demoscopiche in Italia e all\u2019estero rendono l\u2019idea dello stato dell\u2019ortodossia nei ranghi della Chiesa cattolica. Nel <strong><a href=\"https:\/\/www.agensir.it\/chiesa\/2024\/11\/11\/unitalia-che-si-sente-ancora-cattolica-ma-vorrebbe-la-chiesa-al-passo-coi-tempi\/\" target=\"_blank\" rel=\"noreferrer noopener\">rapporto sullo stato di salute della fede in Italia<\/a><\/strong> commissionato dalla Conferenza episcopale italiana al Censis in vista dell\u2019Assemblea sinodale del novembre 2024 si scopre un dato curioso. Di una vita dopo la morte si dichiarano convinti il 58 per cento degli italiani, percentuale che \u201csale\u201d all\u201987,7 per cento fra i cattolici praticanti.<\/p>\n\n\n\n<p>Questo significa che esiste un 12,3 per cento di sedicenti cattolici praticanti disposti ad affermare che la vita eterna non esiste. Risulta poi che tra coloro che ci credono il 61,7 per cento ritiene che sar\u00e0 diversa tra chi si \u00e8 comportato male nella vita terrena e chi invece si \u00e8 comportato bene, pensa quindi che ci sar\u00e0 un giudizio. Questo significa che il 38,3 per cento dei cattolici praticanti certi di una vita oltre la morte non crede nel giudizio particolare dopo la morte (canoni 1.021 e 1.022 del Catechismo della Chiesa cattolica) n\u00e9 nel giudizio finale (canone 1.040).<\/p>\n\n\n\n<h4 class=\"wp-block-heading has-text-align-center\"><strong>Americhe alla deriva<\/strong><\/h4>\n\n\n\n<p>Nelle Americhe l\u2019ortodossia cattolica sembra essere un ricordo nella maggioranza dei battezzati, secondo&nbsp;<strong><a href=\"https:\/\/www.pewresearch.org\/religion\/2024\/09\/26\/many-catholics-in-the-us-and-latin-america-want-the-church-to-allow-birth-control-and-to-let-women-become-priests\/\" target=\"_blank\" rel=\"noreferrer noopener\">i sondaggi dell\u2019attendibile Pew Reserch Center<\/a><\/strong>. Da uno studio pubblicato nel settembre dell\u2019anno scorso relativo agli Stati Uniti e a sei paesi dell\u2019America Latina (Argentina, Brasile, Cile, Colombia, Messico e Per\u00f9) si evince che in tutti e sette i paesi maggioranze fra il 63 (Brasile) e l\u201986 per cento (Argentina) dei cattolici vorrebbero che la Chiesa rendesse lecito l\u2019uso degli anticoncezionali; che in tutti tranne il Messico maggioranze fra il 56 (Colombia) e l\u201983 per cento (Brasile) dei cattolici vorrebbero che la Chiesa cattolica permettesse l\u2019ordinazione sacerdotale delle donne; che in tutti tranne il Messico maggioranze fra il 52 (Colombia) e il 77 per cento (Argentina) dei cattolici vorrebbero che anche chi non \u00e8 sposato ma convive con un\/una partner possa accostarsi all\u2019Eucarestia; infine in tre dei sette paesi, e cio\u00e8 Argentina, Cile e Stati Uniti, maggioranze assolute di cattolici sono favorevoli al riconoscimento del matrimonio fra persone dello stesso sesso. I cattolici pi\u00f9 secolarizzati delle Americhe sembrano essere gli argentini, che oltre a essere quelli pi\u00f9 favorevoli alla contraccezione, alle donne prete e alla comunione per i conviventi non sposati capeggiano anche la classifica dei pro-matrimoni gay col 70 per cento (seguiti dal 64 per cento dei cattolici cileni e dal 54 per cento di quelli statunitensi).<\/p>\n\n\n\n<p>Un <strong><a href=\"https:\/\/www.pewresearch.org\/short-reads\/2025\/03\/04\/10-facts-about-us-catholics\/\" target=\"_blank\" rel=\"noreferrer noopener\">sondaggio pi\u00f9 recente<\/a><\/strong> del Pew Research Center fra tutti i cattolici statunitensi adulti sulla questione dell\u2019aborto (marzo 2025) ha rilevato che il 59 per cento di essi ritiene che l\u2019interruzione di gravidanza debba essere legale nella maggior parte dei casi o in tutti i casi, e solo il 39 per cento ritiene che debba essere illegale nella maggior parte dei casi o in tutti i casi. Anche fra i cattolici che vanno a Messa almeno una volta alla settimana i favorevoli all\u2019aborto toccano il 36 per cento.<\/p>\n\n\n<div class=\"wp-block-image\">\n<figure class=\"aligncenter size-full is-resized\"><a href=\"https:\/\/www.rassegnastampa-totustuus.it\/cattolica\/wp-content\/uploads\/2013\/10\/abusi-liturgici.jpg\"><img loading=\"lazy\" decoding=\"async\" width=\"240\" height=\"179\" src=\"https:\/\/www.rassegnastampa-totustuus.it\/cattolica\/wp-content\/uploads\/2013\/10\/abusi-liturgici.jpg\" alt=\"\" class=\"wp-image-26026\" style=\"width:440px;height:auto\"\/><\/a><\/figure><\/div>\n\n\n<h4 class=\"wp-block-heading has-text-align-center\"><strong>Conformarsi al mondo? Non \u00e8 una buona idea<\/strong><\/h4>\n\n\n\n<p>Di fronte a questi dati di fatto, molti consigliano alla Chiesa cattolica di adattarsi ai costumi contemporanei se vuole mantenere un certo ascendente sulla societ\u00e0. \u00c8 anche quello che sembra pensare la maggioranza di coloro (71,1 per cento) che in Italia si dichiarano cattolici, secondo quanto riferisce il Rapporto del Censis sopra citato: \u00abPer il 60,8 per cento [di costoro, ndr] la Chiesa dovrebbe adattarsi alle mutate condizioni del mondo contemporaneo\u00bb. L\u00e0 dove questo consiglio \u00e8 stato messo in pratica, per\u00f2, le cose non sono andate molto bene.<\/p>\n\n\n\n<p>Nei paesi nordici le richieste dei cattolici nord e sudamericani interpellati dal Pew Research Center sono state esaudite gi\u00e0 da tempo dalle locali Chiese luterane, alle quali sono affiliate ufficialmente maggioranze assolute di abitanti (53 per cento in Svezia, 64 per cento in Finlandia, 68 per cento in Norvegia, 71 per cento in Danimarca). Si tratta allo stesso tempo dei paesi con la pi\u00f9 bassa pratica religiosa di tutto il continente europeo: solo il 3,8 per cento degli affiliati alla Chiesa di Danimarca frequentano una chiesa settimanalmente, solo il 4 per cento degli affiliati alla Chiesa evangelica di Svezia, solo il 5 per cento dei luterani norvegesi.<\/p>\n\n\n\n<p>Sulla \u201cbuona strada\u201d <strong><a href=\"https:\/\/www.tempi.it\/mi-sono-dimessa-dal-sinodo-tedesco-per-non-avallare-lo-scisma-della-chiesa\/\">si \u00e8 gi\u00e0 messa la Chiesa cattolica tedesca<\/a><\/strong>: mentre il suo cammino sinodale chiede riforme analoghe a quelle sopra indicate, la percentuale dei cattolici registrati che partecipa alla Messa domenicale <strong><a href=\"https:\/\/www.tempi.it\/eijk-ai-vescovi-tedeschi-dico-adattare-la-fede-al-mondo-non-impedira-apostasia\/\">\u00e8 gi\u00e0 scesa<\/a><\/strong> al 6,6 per cento. Torna alla mente quello che 13 cardinali scrissero a papa Francesco alla vigilia del Sinodo sulla famiglia dell\u2019ottobre 2015:<\/p>\n\n\n\n<p><em>\u00abIl collasso delle Chiese protestanti liberali nell\u2019epoca moderna, accelerato dal loro abbandono di elementi chiave della fede e della pratica cristiana in nome dell\u2019adattamento pastorale, giustifica una grande cautela nelle nostre discussioni sinodali\u00bb.<\/em><\/p>\n","protected":false},"excerpt":{"rendered":"<p>Tempi 5 maggio 2025 Il calo dei fedeli, la perdita di influenza, il disinteresse verso l\u2019ortodossia. Di cosa parliamo quando parliamo di secolarizzazione e declino della Chiesa di Rodolfo Casadei<\/p><p><a class=\"more-link btn\" href=\"https:\/\/www.rassegnastampa-totustuus.it\/cattolica\/i-numeri-della-crisi-di-fede-con-cui-il-prossimo-papa-dovra-fare-i-conti\/\">Continua a leggere<\/a><\/p>\n","protected":false},"author":6,"featured_media":46894,"comment_status":"closed","ping_status":"closed","sticky":false,"template":"","format":"standard","meta":{"footnotes":""},"categories":[5],"tags":[3152,2118,568,1568,1179],"class_list":["post-62558","post","type-post","status-publish","format-standard","has-post-thumbnail","hentry","category-chiesa","tag-battesimi","tag-crisi-della-fede","tag-secolarizzazione","tag-sondaggi","tag-vocazioni","item-wrap"],"yoast_head":"<!-- This site is optimized with the Yoast SEO plugin v27.4 - https:\/\/yoast.com\/product\/yoast-seo-wordpress\/ -->\n<title>I numeri della crisi di fede con cui il prossimo papa dovr\u00e0 fare i conti - Rassegna Stampa Cattolica<\/title>\n<meta name=\"description\" content=\"I numeri della crisi di fede con cui il prossimo papa dovr\u00e0 fare i conti. Di cosa parliamo quando parliamo di secolarizzazione e declino\" \/>\n<meta name=\"robots\" content=\"index, follow, max-snippet:-1, max-image-preview:large, max-video-preview:-1\" \/>\n<link rel=\"canonical\" href=\"https:\/\/www.rassegnastampa-totustuus.it\/cattolica\/i-numeri-della-crisi-di-fede-con-cui-il-prossimo-papa-dovra-fare-i-conti\/\" \/>\n<meta property=\"og:locale\" content=\"it_IT\" \/>\n<meta property=\"og:type\" content=\"article\" \/>\n<meta property=\"og:title\" content=\"I numeri della crisi di fede con cui il prossimo papa dovr\u00e0 fare i conti - Rassegna Stampa Cattolica\" \/>\n<meta property=\"og:description\" content=\"I numeri della crisi di fede con cui il prossimo papa dovr\u00e0 fare i conti. Di cosa parliamo quando parliamo di secolarizzazione e declino\" \/>\n<meta property=\"og:url\" content=\"https:\/\/www.rassegnastampa-totustuus.it\/cattolica\/i-numeri-della-crisi-di-fede-con-cui-il-prossimo-papa-dovra-fare-i-conti\/\" \/>\n<meta property=\"og:site_name\" content=\"Rassegna Stampa Cattolica\" \/>\n<meta property=\"article:publisher\" content=\"https:\/\/www.facebook.com\/rassegnastampacattolica\" \/>\n<meta property=\"article:published_time\" content=\"2025-05-06T08:56:49+00:00\" \/>\n<meta property=\"article:modified_time\" content=\"2025-05-06T08:56:51+00:00\" \/>\n<meta property=\"og:image\" content=\"https:\/\/www.rassegnastampa-totustuus.it\/cattolica\/wp-content\/uploads\/2020\/04\/chiesa_Messa_vuota.jpg\" \/>\n\t<meta property=\"og:image:width\" content=\"836\" \/>\n\t<meta property=\"og:image:height\" content=\"482\" \/>\n\t<meta property=\"og:image:type\" content=\"image\/jpeg\" \/>\n<meta name=\"author\" content=\"Redazione\" \/>\n<meta name=\"twitter:card\" content=\"summary_large_image\" \/>\n<meta name=\"twitter:creator\" content=\"@rassegnastampa9\" \/>\n<meta name=\"twitter:site\" content=\"@rassegnastampa9\" \/>\n<meta name=\"twitter:label1\" content=\"Scritto da\" \/>\n\t<meta name=\"twitter:data1\" content=\"Redazione\" \/>\n\t<meta name=\"twitter:label2\" content=\"Tempo di lettura stimato\" \/>\n\t<meta name=\"twitter:data2\" content=\"20 minuti\" \/>\n<script type=\"application\/ld+json\" class=\"yoast-schema-graph\">{\"@context\":\"https:\\\/\\\/schema.org\",\"@graph\":[{\"@type\":\"Article\",\"@id\":\"https:\\\/\\\/www.rassegnastampa-totustuus.it\\\/cattolica\\\/i-numeri-della-crisi-di-fede-con-cui-il-prossimo-papa-dovra-fare-i-conti\\\/#article\",\"isPartOf\":{\"@id\":\"https:\\\/\\\/www.rassegnastampa-totustuus.it\\\/cattolica\\\/i-numeri-della-crisi-di-fede-con-cui-il-prossimo-papa-dovra-fare-i-conti\\\/\"},\"author\":{\"name\":\"Redazione\",\"@id\":\"https:\\\/\\\/www.rassegnastampa-totustuus.it\\\/cattolica\\\/#\\\/schema\\\/person\\\/08f319d2bd1a0904ad9e2bfb7b15e5c3\"},\"headline\":\"I numeri della crisi di fede con cui il prossimo papa dovr\u00e0 fare i conti\",\"datePublished\":\"2025-05-06T08:56:49+00:00\",\"dateModified\":\"2025-05-06T08:56:51+00:00\",\"mainEntityOfPage\":{\"@id\":\"https:\\\/\\\/www.rassegnastampa-totustuus.it\\\/cattolica\\\/i-numeri-della-crisi-di-fede-con-cui-il-prossimo-papa-dovra-fare-i-conti\\\/\"},\"wordCount\":3258,\"publisher\":{\"@id\":\"https:\\\/\\\/www.rassegnastampa-totustuus.it\\\/cattolica\\\/#organization\"},\"image\":{\"@id\":\"https:\\\/\\\/www.rassegnastampa-totustuus.it\\\/cattolica\\\/i-numeri-della-crisi-di-fede-con-cui-il-prossimo-papa-dovra-fare-i-conti\\\/#primaryimage\"},\"thumbnailUrl\":\"https:\\\/\\\/www.rassegnastampa-totustuus.it\\\/cattolica\\\/wp-content\\\/uploads\\\/2020\\\/04\\\/chiesa_Messa_vuota.jpg\",\"keywords\":[\"battesimi\",\"crisi della fede\",\"secolarizzazione\",\"sondaggi\",\"vocazioni\"],\"articleSection\":[\"Chiesa\"],\"inLanguage\":\"it-IT\"},{\"@type\":\"WebPage\",\"@id\":\"https:\\\/\\\/www.rassegnastampa-totustuus.it\\\/cattolica\\\/i-numeri-della-crisi-di-fede-con-cui-il-prossimo-papa-dovra-fare-i-conti\\\/\",\"url\":\"https:\\\/\\\/www.rassegnastampa-totustuus.it\\\/cattolica\\\/i-numeri-della-crisi-di-fede-con-cui-il-prossimo-papa-dovra-fare-i-conti\\\/\",\"name\":\"I numeri della crisi di fede con cui il prossimo papa dovr\u00e0 fare i conti - Rassegna Stampa Cattolica\",\"isPartOf\":{\"@id\":\"https:\\\/\\\/www.rassegnastampa-totustuus.it\\\/cattolica\\\/#website\"},\"primaryImageOfPage\":{\"@id\":\"https:\\\/\\\/www.rassegnastampa-totustuus.it\\\/cattolica\\\/i-numeri-della-crisi-di-fede-con-cui-il-prossimo-papa-dovra-fare-i-conti\\\/#primaryimage\"},\"image\":{\"@id\":\"https:\\\/\\\/www.rassegnastampa-totustuus.it\\\/cattolica\\\/i-numeri-della-crisi-di-fede-con-cui-il-prossimo-papa-dovra-fare-i-conti\\\/#primaryimage\"},\"thumbnailUrl\":\"https:\\\/\\\/www.rassegnastampa-totustuus.it\\\/cattolica\\\/wp-content\\\/uploads\\\/2020\\\/04\\\/chiesa_Messa_vuota.jpg\",\"datePublished\":\"2025-05-06T08:56:49+00:00\",\"dateModified\":\"2025-05-06T08:56:51+00:00\",\"description\":\"I numeri della crisi di fede con cui il prossimo papa dovr\u00e0 fare i conti. Di cosa parliamo quando parliamo di secolarizzazione e declino\",\"breadcrumb\":{\"@id\":\"https:\\\/\\\/www.rassegnastampa-totustuus.it\\\/cattolica\\\/i-numeri-della-crisi-di-fede-con-cui-il-prossimo-papa-dovra-fare-i-conti\\\/#breadcrumb\"},\"inLanguage\":\"it-IT\",\"potentialAction\":[{\"@type\":\"ReadAction\",\"target\":[\"https:\\\/\\\/www.rassegnastampa-totustuus.it\\\/cattolica\\\/i-numeri-della-crisi-di-fede-con-cui-il-prossimo-papa-dovra-fare-i-conti\\\/\"]}]},{\"@type\":\"ImageObject\",\"inLanguage\":\"it-IT\",\"@id\":\"https:\\\/\\\/www.rassegnastampa-totustuus.it\\\/cattolica\\\/i-numeri-della-crisi-di-fede-con-cui-il-prossimo-papa-dovra-fare-i-conti\\\/#primaryimage\",\"url\":\"https:\\\/\\\/www.rassegnastampa-totustuus.it\\\/cattolica\\\/wp-content\\\/uploads\\\/2020\\\/04\\\/chiesa_Messa_vuota.jpg\",\"contentUrl\":\"https:\\\/\\\/www.rassegnastampa-totustuus.it\\\/cattolica\\\/wp-content\\\/uploads\\\/2020\\\/04\\\/chiesa_Messa_vuota.jpg\",\"width\":836,\"height\":482},{\"@type\":\"BreadcrumbList\",\"@id\":\"https:\\\/\\\/www.rassegnastampa-totustuus.it\\\/cattolica\\\/i-numeri-della-crisi-di-fede-con-cui-il-prossimo-papa-dovra-fare-i-conti\\\/#breadcrumb\",\"itemListElement\":[{\"@type\":\"ListItem\",\"position\":1,\"name\":\"Home\",\"item\":\"https:\\\/\\\/www.rassegnastampa-totustuus.it\\\/cattolica\\\/\"},{\"@type\":\"ListItem\",\"position\":2,\"name\":\"I numeri della crisi di fede con cui il prossimo papa dovr\u00e0 fare i conti\"}]},{\"@type\":\"WebSite\",\"@id\":\"https:\\\/\\\/www.rassegnastampa-totustuus.it\\\/cattolica\\\/#website\",\"url\":\"https:\\\/\\\/www.rassegnastampa-totustuus.it\\\/cattolica\\\/\",\"name\":\"Rassegna Stampa Cattolica\",\"description\":\"Per una cultura che nasce dalla Rivelazione cristiana in conformit\u00e0 alla tradizione e al Magistero della Chiesa in opposizione ad ogni relativismo e totalitarismo\",\"publisher\":{\"@id\":\"https:\\\/\\\/www.rassegnastampa-totustuus.it\\\/cattolica\\\/#organization\"},\"alternateName\":\"Rass. Cattolica\",\"potentialAction\":[{\"@type\":\"SearchAction\",\"target\":{\"@type\":\"EntryPoint\",\"urlTemplate\":\"https:\\\/\\\/www.rassegnastampa-totustuus.it\\\/cattolica\\\/?s={search_term_string}\"},\"query-input\":{\"@type\":\"PropertyValueSpecification\",\"valueRequired\":true,\"valueName\":\"search_term_string\"}}],\"inLanguage\":\"it-IT\"},{\"@type\":\"Organization\",\"@id\":\"https:\\\/\\\/www.rassegnastampa-totustuus.it\\\/cattolica\\\/#organization\",\"name\":\"Rassegna Stampa Cattolica\",\"url\":\"https:\\\/\\\/www.rassegnastampa-totustuus.it\\\/cattolica\\\/\",\"logo\":{\"@type\":\"ImageObject\",\"inLanguage\":\"it-IT\",\"@id\":\"https:\\\/\\\/www.rassegnastampa-totustuus.it\\\/cattolica\\\/#\\\/schema\\\/logo\\\/image\\\/\",\"url\":\"https:\\\/\\\/www.rassegnastampa-totustuus.it\\\/cattolica\\\/wp-content\\\/uploads\\\/2014\\\/04\\\/logo-rassegna1.gif\",\"contentUrl\":\"https:\\\/\\\/www.rassegnastampa-totustuus.it\\\/cattolica\\\/wp-content\\\/uploads\\\/2014\\\/04\\\/logo-rassegna1.gif\",\"width\":600,\"height\":163,\"caption\":\"Rassegna Stampa Cattolica\"},\"image\":{\"@id\":\"https:\\\/\\\/www.rassegnastampa-totustuus.it\\\/cattolica\\\/#\\\/schema\\\/logo\\\/image\\\/\"},\"sameAs\":[\"https:\\\/\\\/www.facebook.com\\\/rassegnastampacattolica\",\"https:\\\/\\\/x.com\\\/rassegnastampa9\"]},{\"@type\":\"Person\",\"@id\":\"https:\\\/\\\/www.rassegnastampa-totustuus.it\\\/cattolica\\\/#\\\/schema\\\/person\\\/08f319d2bd1a0904ad9e2bfb7b15e5c3\",\"name\":\"Redazione\",\"image\":{\"@type\":\"ImageObject\",\"inLanguage\":\"it-IT\",\"@id\":\"https:\\\/\\\/secure.gravatar.com\\\/avatar\\\/2fcdf27c78ea025fbdb44e914cc63c72249ffec9dc8aafd5c82b26240ef3f346?s=96&d=mm&r=g\",\"url\":\"https:\\\/\\\/secure.gravatar.com\\\/avatar\\\/2fcdf27c78ea025fbdb44e914cc63c72249ffec9dc8aafd5c82b26240ef3f346?s=96&d=mm&r=g\",\"contentUrl\":\"https:\\\/\\\/secure.gravatar.com\\\/avatar\\\/2fcdf27c78ea025fbdb44e914cc63c72249ffec9dc8aafd5c82b26240ef3f346?s=96&d=mm&r=g\",\"caption\":\"Redazione\"},\"url\":\"https:\\\/\\\/www.rassegnastampa-totustuus.it\\\/cattolica\\\/author\\\/pietroelle\\\/\"}]}<\/script>\n<!-- \/ Yoast SEO plugin. -->","yoast_head_json":{"title":"I numeri della crisi di fede con cui il prossimo papa dovr\u00e0 fare i conti - Rassegna Stampa Cattolica","description":"I numeri della crisi di fede con cui il prossimo papa dovr\u00e0 fare i conti. Di cosa parliamo quando parliamo di secolarizzazione e declino","robots":{"index":"index","follow":"follow","max-snippet":"max-snippet:-1","max-image-preview":"max-image-preview:large","max-video-preview":"max-video-preview:-1"},"canonical":"https:\/\/www.rassegnastampa-totustuus.it\/cattolica\/i-numeri-della-crisi-di-fede-con-cui-il-prossimo-papa-dovra-fare-i-conti\/","og_locale":"it_IT","og_type":"article","og_title":"I numeri della crisi di fede con cui il prossimo papa dovr\u00e0 fare i conti - Rassegna Stampa Cattolica","og_description":"I numeri della crisi di fede con cui il prossimo papa dovr\u00e0 fare i conti. Di cosa parliamo quando parliamo di secolarizzazione e declino","og_url":"https:\/\/www.rassegnastampa-totustuus.it\/cattolica\/i-numeri-della-crisi-di-fede-con-cui-il-prossimo-papa-dovra-fare-i-conti\/","og_site_name":"Rassegna Stampa Cattolica","article_publisher":"https:\/\/www.facebook.com\/rassegnastampacattolica","article_published_time":"2025-05-06T08:56:49+00:00","article_modified_time":"2025-05-06T08:56:51+00:00","og_image":[{"width":836,"height":482,"url":"https:\/\/www.rassegnastampa-totustuus.it\/cattolica\/wp-content\/uploads\/2020\/04\/chiesa_Messa_vuota.jpg","type":"image\/jpeg"}],"author":"Redazione","twitter_card":"summary_large_image","twitter_creator":"@rassegnastampa9","twitter_site":"@rassegnastampa9","twitter_misc":{"Scritto da":"Redazione","Tempo di lettura stimato":"20 minuti"},"schema":{"@context":"https:\/\/schema.org","@graph":[{"@type":"Article","@id":"https:\/\/www.rassegnastampa-totustuus.it\/cattolica\/i-numeri-della-crisi-di-fede-con-cui-il-prossimo-papa-dovra-fare-i-conti\/#article","isPartOf":{"@id":"https:\/\/www.rassegnastampa-totustuus.it\/cattolica\/i-numeri-della-crisi-di-fede-con-cui-il-prossimo-papa-dovra-fare-i-conti\/"},"author":{"name":"Redazione","@id":"https:\/\/www.rassegnastampa-totustuus.it\/cattolica\/#\/schema\/person\/08f319d2bd1a0904ad9e2bfb7b15e5c3"},"headline":"I numeri della crisi di fede con cui il prossimo papa dovr\u00e0 fare i conti","datePublished":"2025-05-06T08:56:49+00:00","dateModified":"2025-05-06T08:56:51+00:00","mainEntityOfPage":{"@id":"https:\/\/www.rassegnastampa-totustuus.it\/cattolica\/i-numeri-della-crisi-di-fede-con-cui-il-prossimo-papa-dovra-fare-i-conti\/"},"wordCount":3258,"publisher":{"@id":"https:\/\/www.rassegnastampa-totustuus.it\/cattolica\/#organization"},"image":{"@id":"https:\/\/www.rassegnastampa-totustuus.it\/cattolica\/i-numeri-della-crisi-di-fede-con-cui-il-prossimo-papa-dovra-fare-i-conti\/#primaryimage"},"thumbnailUrl":"https:\/\/www.rassegnastampa-totustuus.it\/cattolica\/wp-content\/uploads\/2020\/04\/chiesa_Messa_vuota.jpg","keywords":["battesimi","crisi della fede","secolarizzazione","sondaggi","vocazioni"],"articleSection":["Chiesa"],"inLanguage":"it-IT"},{"@type":"WebPage","@id":"https:\/\/www.rassegnastampa-totustuus.it\/cattolica\/i-numeri-della-crisi-di-fede-con-cui-il-prossimo-papa-dovra-fare-i-conti\/","url":"https:\/\/www.rassegnastampa-totustuus.it\/cattolica\/i-numeri-della-crisi-di-fede-con-cui-il-prossimo-papa-dovra-fare-i-conti\/","name":"I numeri della crisi di fede con cui il prossimo papa dovr\u00e0 fare i conti - Rassegna Stampa Cattolica","isPartOf":{"@id":"https:\/\/www.rassegnastampa-totustuus.it\/cattolica\/#website"},"primaryImageOfPage":{"@id":"https:\/\/www.rassegnastampa-totustuus.it\/cattolica\/i-numeri-della-crisi-di-fede-con-cui-il-prossimo-papa-dovra-fare-i-conti\/#primaryimage"},"image":{"@id":"https:\/\/www.rassegnastampa-totustuus.it\/cattolica\/i-numeri-della-crisi-di-fede-con-cui-il-prossimo-papa-dovra-fare-i-conti\/#primaryimage"},"thumbnailUrl":"https:\/\/www.rassegnastampa-totustuus.it\/cattolica\/wp-content\/uploads\/2020\/04\/chiesa_Messa_vuota.jpg","datePublished":"2025-05-06T08:56:49+00:00","dateModified":"2025-05-06T08:56:51+00:00","description":"I numeri della crisi di fede con cui il prossimo papa dovr\u00e0 fare i conti. Di cosa parliamo quando parliamo di secolarizzazione e declino","breadcrumb":{"@id":"https:\/\/www.rassegnastampa-totustuus.it\/cattolica\/i-numeri-della-crisi-di-fede-con-cui-il-prossimo-papa-dovra-fare-i-conti\/#breadcrumb"},"inLanguage":"it-IT","potentialAction":[{"@type":"ReadAction","target":["https:\/\/www.rassegnastampa-totustuus.it\/cattolica\/i-numeri-della-crisi-di-fede-con-cui-il-prossimo-papa-dovra-fare-i-conti\/"]}]},{"@type":"ImageObject","inLanguage":"it-IT","@id":"https:\/\/www.rassegnastampa-totustuus.it\/cattolica\/i-numeri-della-crisi-di-fede-con-cui-il-prossimo-papa-dovra-fare-i-conti\/#primaryimage","url":"https:\/\/www.rassegnastampa-totustuus.it\/cattolica\/wp-content\/uploads\/2020\/04\/chiesa_Messa_vuota.jpg","contentUrl":"https:\/\/www.rassegnastampa-totustuus.it\/cattolica\/wp-content\/uploads\/2020\/04\/chiesa_Messa_vuota.jpg","width":836,"height":482},{"@type":"BreadcrumbList","@id":"https:\/\/www.rassegnastampa-totustuus.it\/cattolica\/i-numeri-della-crisi-di-fede-con-cui-il-prossimo-papa-dovra-fare-i-conti\/#breadcrumb","itemListElement":[{"@type":"ListItem","position":1,"name":"Home","item":"https:\/\/www.rassegnastampa-totustuus.it\/cattolica\/"},{"@type":"ListItem","position":2,"name":"I numeri della crisi di fede con cui il prossimo papa dovr\u00e0 fare i conti"}]},{"@type":"WebSite","@id":"https:\/\/www.rassegnastampa-totustuus.it\/cattolica\/#website","url":"https:\/\/www.rassegnastampa-totustuus.it\/cattolica\/","name":"Rassegna Stampa Cattolica","description":"Per una cultura che nasce dalla Rivelazione cristiana in conformit\u00e0 alla tradizione e al Magistero della Chiesa in opposizione ad ogni relativismo e totalitarismo","publisher":{"@id":"https:\/\/www.rassegnastampa-totustuus.it\/cattolica\/#organization"},"alternateName":"Rass. Cattolica","potentialAction":[{"@type":"SearchAction","target":{"@type":"EntryPoint","urlTemplate":"https:\/\/www.rassegnastampa-totustuus.it\/cattolica\/?s={search_term_string}"},"query-input":{"@type":"PropertyValueSpecification","valueRequired":true,"valueName":"search_term_string"}}],"inLanguage":"it-IT"},{"@type":"Organization","@id":"https:\/\/www.rassegnastampa-totustuus.it\/cattolica\/#organization","name":"Rassegna Stampa Cattolica","url":"https:\/\/www.rassegnastampa-totustuus.it\/cattolica\/","logo":{"@type":"ImageObject","inLanguage":"it-IT","@id":"https:\/\/www.rassegnastampa-totustuus.it\/cattolica\/#\/schema\/logo\/image\/","url":"https:\/\/www.rassegnastampa-totustuus.it\/cattolica\/wp-content\/uploads\/2014\/04\/logo-rassegna1.gif","contentUrl":"https:\/\/www.rassegnastampa-totustuus.it\/cattolica\/wp-content\/uploads\/2014\/04\/logo-rassegna1.gif","width":600,"height":163,"caption":"Rassegna Stampa Cattolica"},"image":{"@id":"https:\/\/www.rassegnastampa-totustuus.it\/cattolica\/#\/schema\/logo\/image\/"},"sameAs":["https:\/\/www.facebook.com\/rassegnastampacattolica","https:\/\/x.com\/rassegnastampa9"]},{"@type":"Person","@id":"https:\/\/www.rassegnastampa-totustuus.it\/cattolica\/#\/schema\/person\/08f319d2bd1a0904ad9e2bfb7b15e5c3","name":"Redazione","image":{"@type":"ImageObject","inLanguage":"it-IT","@id":"https:\/\/secure.gravatar.com\/avatar\/2fcdf27c78ea025fbdb44e914cc63c72249ffec9dc8aafd5c82b26240ef3f346?s=96&d=mm&r=g","url":"https:\/\/secure.gravatar.com\/avatar\/2fcdf27c78ea025fbdb44e914cc63c72249ffec9dc8aafd5c82b26240ef3f346?s=96&d=mm&r=g","contentUrl":"https:\/\/secure.gravatar.com\/avatar\/2fcdf27c78ea025fbdb44e914cc63c72249ffec9dc8aafd5c82b26240ef3f346?s=96&d=mm&r=g","caption":"Redazione"},"url":"https:\/\/www.rassegnastampa-totustuus.it\/cattolica\/author\/pietroelle\/"}]}},"_links":{"self":[{"href":"https:\/\/www.rassegnastampa-totustuus.it\/cattolica\/wp-json\/wp\/v2\/posts\/62558","targetHints":{"allow":["GET"]}}],"collection":[{"href":"https:\/\/www.rassegnastampa-totustuus.it\/cattolica\/wp-json\/wp\/v2\/posts"}],"about":[{"href":"https:\/\/www.rassegnastampa-totustuus.it\/cattolica\/wp-json\/wp\/v2\/types\/post"}],"author":[{"embeddable":true,"href":"https:\/\/www.rassegnastampa-totustuus.it\/cattolica\/wp-json\/wp\/v2\/users\/6"}],"replies":[{"embeddable":true,"href":"https:\/\/www.rassegnastampa-totustuus.it\/cattolica\/wp-json\/wp\/v2\/comments?post=62558"}],"version-history":[{"count":1,"href":"https:\/\/www.rassegnastampa-totustuus.it\/cattolica\/wp-json\/wp\/v2\/posts\/62558\/revisions"}],"predecessor-version":[{"id":62559,"href":"https:\/\/www.rassegnastampa-totustuus.it\/cattolica\/wp-json\/wp\/v2\/posts\/62558\/revisions\/62559"}],"wp:featuredmedia":[{"embeddable":true,"href":"https:\/\/www.rassegnastampa-totustuus.it\/cattolica\/wp-json\/wp\/v2\/media\/46894"}],"wp:attachment":[{"href":"https:\/\/www.rassegnastampa-totustuus.it\/cattolica\/wp-json\/wp\/v2\/media?parent=62558"}],"wp:term":[{"taxonomy":"category","embeddable":true,"href":"https:\/\/www.rassegnastampa-totustuus.it\/cattolica\/wp-json\/wp\/v2\/categories?post=62558"},{"taxonomy":"post_tag","embeddable":true,"href":"https:\/\/www.rassegnastampa-totustuus.it\/cattolica\/wp-json\/wp\/v2\/tags?post=62558"}],"curies":[{"name":"wp","href":"https:\/\/api.w.org\/{rel}","templated":true}]}}