{"id":62555,"date":"2025-05-06T09:50:23","date_gmt":"2025-05-06T07:50:23","guid":{"rendered":"https:\/\/www.rassegnastampa-totustuus.it\/cattolica\/?p=62555"},"modified":"2025-05-06T09:50:25","modified_gmt":"2025-05-06T07:50:25","slug":"boom-di-fede-tra-i-giovani","status":"publish","type":"post","link":"https:\/\/www.rassegnastampa-totustuus.it\/cattolica\/boom-di-fede-tra-i-giovani\/","title":{"rendered":"Boom di fede tra i giovani!"},"content":{"rendered":"\n<p><\/p>\n\n\n\n<p class=\"has-text-align-center\"><strong><a href=\"https:\/\/www.libertaepersona.org\/\" target=\"_blank\" rel=\"noreferrer noopener\">Libert\u00e0 e Persona<\/a><\/strong> 30 Aprile 2025<\/p>\n\n\n\n<h3 class=\"wp-block-heading has-text-align-center\">Boom di fede tra i giovani! Strano, <\/h3>\n\n\n\n<h3 class=\"wp-block-heading has-text-align-center\">il cristianesimo non stava morendo secondo il mondo?<\/h3>\n\n\n\n<p class=\"has-text-align-center\"><a href=\"https:\/\/www.libertaepersona.org\/wordpress\/author\/fra-andrea-palmentura-ocd\/\" target=\"_blank\" rel=\"noreferrer noopener\"><strong>Fra Andrea Palmentura <\/strong>OCD<\/a><\/p>\n\n\n<div class=\"wp-block-image\">\n<figure class=\"aligncenter size-full is-resized\"><a href=\"https:\/\/www.rassegnastampa-totustuus.it\/cattolica\/wp-content\/uploads\/2025\/05\/battesimo_chiesa.jpg\"><img loading=\"lazy\" decoding=\"async\" width=\"309\" height=\"163\" src=\"https:\/\/www.rassegnastampa-totustuus.it\/cattolica\/wp-content\/uploads\/2025\/05\/battesimo_chiesa.jpg\" alt=\"\" class=\"wp-image-62556\" style=\"width:499px;height:auto\"\/><\/a><\/figure><\/div>\n\n\n<!--more-->\n\n\n\n<p>Che cosa sta succedendo? In Francia c\u2019\u00e8 un boom di neo-battezzati, giovani e adulti. In diverse chiese europee i ragazzi stanno chiedendo ai sacerdoti di rimettere al centro l\u2019adorazione e la catechesi.<\/p>\n\n\n\n<p>A Roma il sottoscritto ho conosciuto, solo nell\u2019ultimo anno, tanti ragazzi convertiti da poco al cattolicesimo e alcuni di essi lo devono a chi evangelizza anche per mezzo dei social.<\/p>\n\n\n\n<p>Cosa ci sta dicendo Dio? Come mai nel bel mezzo della crisi di fede, dove viene sempre annunciato il tramonto del cristianesimo, ritenuto \u201canacronistico\u201d (da duemila anni) i giovani rispondono \u201cal contrario\u201d?<\/p>\n\n\n\n<p>Primo, perch\u00e9 la grazia divina \u00e8 sempre al lavoro per entrare nei nostri cuori e trasformarli: \u201cIl Padre mio opera sempre e anch\u2019io opero\u201d dice Ges\u00f9.<\/p>\n\n\n\n<p>Secondo, perch\u00e8 i giovani, sempre sottostimati e \u201csfruttati\u201d dal mondo, non si bevono facilmente le propagande ideologiche anti-cristiane, woke, gender ..etc\u2026 Sono intelligenti. Sono profondi e hanno un potenziale inespresso. Sono Ferrari parcheggiate e lo Spirito le vuole riaccendere tra i circuiti della Chiesa.<\/p>\n\n\n<div class=\"wp-block-image\">\n<figure class=\"aligncenter size-full is-resized\"><a href=\"https:\/\/www.rassegnastampa-totustuus.it\/cattolica\/wp-content\/uploads\/2025\/01\/giovani_suore_chiesa.jpg\"><img loading=\"lazy\" decoding=\"async\" width=\"367\" height=\"284\" src=\"https:\/\/www.rassegnastampa-totustuus.it\/cattolica\/wp-content\/uploads\/2025\/01\/giovani_suore_chiesa.jpg\" alt=\"\" class=\"wp-image-61913\" style=\"width:443px;height:auto\"\/><\/a><\/figure><\/div>\n\n\n<p>I giovani hanno sete. Hanno sete di Dio e forse non lo sanno nemmeno.<\/p>\n\n\n\n<p>Ed i colpevoli a volte siamo noi, che rispondiamo offrendo loro una fede annacquata, mischiata con le cose del mondo, perch\u00e9 abbiamo paura che, non facendo cos\u00ec, \u201cnon si avvicinano\u201d, illudendoci che vestendoci anche noi di mondanit\u00e0, li recupereremo perch\u00e9 cos\u00ec ci saremo \u201cincarnati\u201d.<\/p>\n\n\n\n<p>Errore madornale.<\/p>\n\n\n\n<p>La traduzione vitale dell\u2019incarnazione suppone l\u2019essere s\u00e9 stessi secondo Dio.<br>\u00c8 questo che attrae.<\/p>\n\n\n\n<p>I giovani alla ricerca di Dio pi\u00f9 di quello che pensiamo e non saranno tre canzonette strimpellate a mo\u2019 di discoteca a farli ricredere sulla Chiesa. Che poi Dio nella Sua onnipotenza e Misericordia possa trarre anche dai contesti pi\u00f9 assurdi l\u2019occasione per parlare loro, \u00e8 vero, ma di fondo c\u2019\u00e8 questo: c\u2019\u00e8 che i giovani vogliono guardarsi dentro, vogliono Dio e lo gridano dai microfoni della storia e non sanno come fare.<\/p>\n\n\n\n<p>Ben vengano quei sacerdoti, radicali e zelanti, come anche tutti gli altri evangelizzatori, che rimettono al centro Ges\u00f9 Cristo e affidano a Lui la pesca miracolosa. Solo quando viene adorato Cristo noi ritroviamo noi stessi. \u00c8 solo quando viene rimesso Lui al centro che ritroviamo l\u2019abbondanza, e cio\u00e8 solo quando \u00e8 Lui a dire: \u201cgettare le reti\u201d e non siamo noi come Pietro a dire: \u201cio vado a pescare\u201d, come se i nostri \u201cprogetti pastorali\u201d siano vincenti.<\/p>\n\n\n<div class=\"wp-block-image\">\n<figure class=\"aligncenter size-large is-resized\"><a href=\"https:\/\/www.rassegnastampa-totustuus.it\/cattolica\/wp-content\/uploads\/2021\/09\/Messa_Tridentina_Chiesa.jpg\"><img loading=\"lazy\" decoding=\"async\" width=\"1024\" height=\"630\" src=\"https:\/\/www.rassegnastampa-totustuus.it\/cattolica\/wp-content\/uploads\/2021\/09\/Messa_Tridentina_Chiesa-1024x630.jpg\" alt=\"\" class=\"wp-image-52409\" style=\"width:540px;height:auto\" srcset=\"https:\/\/www.rassegnastampa-totustuus.it\/cattolica\/wp-content\/uploads\/2021\/09\/Messa_Tridentina_Chiesa-1024x630.jpg 1024w, https:\/\/www.rassegnastampa-totustuus.it\/cattolica\/wp-content\/uploads\/2021\/09\/Messa_Tridentina_Chiesa-300x185.jpg 300w, https:\/\/www.rassegnastampa-totustuus.it\/cattolica\/wp-content\/uploads\/2021\/09\/Messa_Tridentina_Chiesa-768x472.jpg 768w, https:\/\/www.rassegnastampa-totustuus.it\/cattolica\/wp-content\/uploads\/2021\/09\/Messa_Tridentina_Chiesa.jpg 1234w\" sizes=\"auto, (max-width: 1024px) 100vw, 1024px\" \/><\/a><\/figure><\/div>\n\n\n<p>In periodi di vera crisi, il popolo si accorge che il pi\u00f9 grande vuoto e la pi\u00f9 grande povert\u00e1 vengono dalla mancanza di Dio nella loro vita, dall\u2019assenza di una fede credente e praticante, e si rende conto che gli inganni, le illusioni e i piaceri del mondo accecano e non riempiono la nostra anima.<\/p>\n\n\n\n<p>Come in tanti periodi della storia, Dio ha risposto alla crisi mandando tanti santi, cos\u00ec a questa generazione Dio sta inviando il suo esercito per fronteggiare le potenze del male, in favore del trionfo del Cuore Immacolato di Maria, e lo sta popolando di nuove leve, lontane parenti di tanti esempi ibridi che abbiamo visto in questi decenni e dai quali abbiamo solo trattenuto ci\u00f2 che vale e lasciato da parte tutto il resto.<\/p>\n\n\n\n<p>La Chiesa non morir\u00e1 mai. Perch\u00e9? Perch\u00e9 Cristo ha promesso e garantito.<\/p>\n\n\n\n<p>E perch\u00e9 ogni volta che si annuncia la morte del cristianesimo, esso d\u00e0 sempre nuovi frutti perch\u00e9, come diceva Chesterton, \u201cha origine da Colui che conosce bene la via di uscita dal sepolcro\u201d.<\/p>\n\n\n\n<p>In mezzo a tanta crisi e tante difficolt\u00e0, godiamoci qualche sprazzo di resurrezione ecclesiale.<\/p>\n\n\n\n<p>Buona fioritura. E che sia duratura.<\/p>\n","protected":false},"excerpt":{"rendered":"<p>Libert\u00e0 e Persona 30 Aprile 2025 Boom di fede tra i giovani! Strano, il cristianesimo non stava morendo secondo il mondo? Fra Andrea Palmentura OCD<\/p><p><a class=\"more-link btn\" href=\"https:\/\/www.rassegnastampa-totustuus.it\/cattolica\/boom-di-fede-tra-i-giovani\/\">Continua a leggere<\/a><\/p>\n","protected":false},"author":6,"featured_media":62556,"comment_status":"closed","ping_status":"closed","sticky":false,"template":"","format":"standard","meta":{"footnotes":""},"categories":[5],"tags":[289,259,2118,225],"class_list":["post-62555","post","type-post","status-publish","format-standard","has-post-thumbnail","hentry","category-chiesa","tag-battesimo","tag-conversioni","tag-crisi-della-fede","tag-missione","item-wrap"],"yoast_head":"<!-- This site is optimized with the Yoast SEO plugin v27.4 - https:\/\/yoast.com\/product\/yoast-seo-wordpress\/ -->\n<title>Boom di fede tra i giovani! - Rassegna Stampa Cattolica<\/title>\n<meta name=\"description\" content=\"Boom di fede tra i giovani! Secondo il mondo il cristianesimo stava morendo ma in tanti lo stanno riscoprendo\" \/>\n<meta name=\"robots\" content=\"index, follow, max-snippet:-1, max-image-preview:large, max-video-preview:-1\" \/>\n<link rel=\"canonical\" href=\"https:\/\/www.rassegnastampa-totustuus.it\/cattolica\/boom-di-fede-tra-i-giovani\/\" \/>\n<meta property=\"og:locale\" content=\"it_IT\" \/>\n<meta property=\"og:type\" content=\"article\" \/>\n<meta property=\"og:title\" content=\"Boom di fede tra i giovani! - Rassegna Stampa Cattolica\" \/>\n<meta property=\"og:description\" content=\"Boom di fede tra i giovani! Secondo il mondo il cristianesimo stava morendo ma in tanti lo stanno riscoprendo\" \/>\n<meta property=\"og:url\" content=\"https:\/\/www.rassegnastampa-totustuus.it\/cattolica\/boom-di-fede-tra-i-giovani\/\" \/>\n<meta property=\"og:site_name\" content=\"Rassegna Stampa Cattolica\" \/>\n<meta property=\"article:publisher\" content=\"https:\/\/www.facebook.com\/rassegnastampacattolica\" \/>\n<meta property=\"article:published_time\" content=\"2025-05-06T07:50:23+00:00\" \/>\n<meta property=\"article:modified_time\" content=\"2025-05-06T07:50:25+00:00\" \/>\n<meta property=\"og:image\" content=\"https:\/\/www.rassegnastampa-totustuus.it\/cattolica\/wp-content\/uploads\/2025\/05\/battesimo_chiesa.jpg\" \/>\n\t<meta property=\"og:image:width\" content=\"309\" \/>\n\t<meta property=\"og:image:height\" content=\"163\" \/>\n\t<meta property=\"og:image:type\" content=\"image\/jpeg\" \/>\n<meta name=\"author\" content=\"Redazione\" \/>\n<meta name=\"twitter:card\" content=\"summary_large_image\" \/>\n<meta name=\"twitter:creator\" content=\"@rassegnastampa9\" \/>\n<meta name=\"twitter:site\" content=\"@rassegnastampa9\" \/>\n<meta name=\"twitter:label1\" content=\"Scritto da\" \/>\n\t<meta name=\"twitter:data1\" content=\"Redazione\" \/>\n\t<meta name=\"twitter:label2\" content=\"Tempo di lettura stimato\" \/>\n\t<meta name=\"twitter:data2\" content=\"5 minuti\" \/>\n<script type=\"application\/ld+json\" class=\"yoast-schema-graph\">{\"@context\":\"https:\\\/\\\/schema.org\",\"@graph\":[{\"@type\":\"Article\",\"@id\":\"https:\\\/\\\/www.rassegnastampa-totustuus.it\\\/cattolica\\\/boom-di-fede-tra-i-giovani\\\/#article\",\"isPartOf\":{\"@id\":\"https:\\\/\\\/www.rassegnastampa-totustuus.it\\\/cattolica\\\/boom-di-fede-tra-i-giovani\\\/\"},\"author\":{\"name\":\"Redazione\",\"@id\":\"https:\\\/\\\/www.rassegnastampa-totustuus.it\\\/cattolica\\\/#\\\/schema\\\/person\\\/08f319d2bd1a0904ad9e2bfb7b15e5c3\"},\"headline\":\"Boom di fede tra i giovani!\",\"datePublished\":\"2025-05-06T07:50:23+00:00\",\"dateModified\":\"2025-05-06T07:50:25+00:00\",\"mainEntityOfPage\":{\"@id\":\"https:\\\/\\\/www.rassegnastampa-totustuus.it\\\/cattolica\\\/boom-di-fede-tra-i-giovani\\\/\"},\"wordCount\":614,\"publisher\":{\"@id\":\"https:\\\/\\\/www.rassegnastampa-totustuus.it\\\/cattolica\\\/#organization\"},\"image\":{\"@id\":\"https:\\\/\\\/www.rassegnastampa-totustuus.it\\\/cattolica\\\/boom-di-fede-tra-i-giovani\\\/#primaryimage\"},\"thumbnailUrl\":\"https:\\\/\\\/www.rassegnastampa-totustuus.it\\\/cattolica\\\/wp-content\\\/uploads\\\/2025\\\/05\\\/battesimo_chiesa.jpg\",\"keywords\":[\"battesimo\",\"conversioni\",\"crisi della fede\",\"missione\"],\"articleSection\":[\"Chiesa\"],\"inLanguage\":\"it-IT\"},{\"@type\":\"WebPage\",\"@id\":\"https:\\\/\\\/www.rassegnastampa-totustuus.it\\\/cattolica\\\/boom-di-fede-tra-i-giovani\\\/\",\"url\":\"https:\\\/\\\/www.rassegnastampa-totustuus.it\\\/cattolica\\\/boom-di-fede-tra-i-giovani\\\/\",\"name\":\"Boom di fede tra i giovani! - Rassegna Stampa Cattolica\",\"isPartOf\":{\"@id\":\"https:\\\/\\\/www.rassegnastampa-totustuus.it\\\/cattolica\\\/#website\"},\"primaryImageOfPage\":{\"@id\":\"https:\\\/\\\/www.rassegnastampa-totustuus.it\\\/cattolica\\\/boom-di-fede-tra-i-giovani\\\/#primaryimage\"},\"image\":{\"@id\":\"https:\\\/\\\/www.rassegnastampa-totustuus.it\\\/cattolica\\\/boom-di-fede-tra-i-giovani\\\/#primaryimage\"},\"thumbnailUrl\":\"https:\\\/\\\/www.rassegnastampa-totustuus.it\\\/cattolica\\\/wp-content\\\/uploads\\\/2025\\\/05\\\/battesimo_chiesa.jpg\",\"datePublished\":\"2025-05-06T07:50:23+00:00\",\"dateModified\":\"2025-05-06T07:50:25+00:00\",\"description\":\"Boom di fede tra i giovani! Secondo il mondo il cristianesimo stava morendo ma in tanti lo stanno riscoprendo\",\"breadcrumb\":{\"@id\":\"https:\\\/\\\/www.rassegnastampa-totustuus.it\\\/cattolica\\\/boom-di-fede-tra-i-giovani\\\/#breadcrumb\"},\"inLanguage\":\"it-IT\",\"potentialAction\":[{\"@type\":\"ReadAction\",\"target\":[\"https:\\\/\\\/www.rassegnastampa-totustuus.it\\\/cattolica\\\/boom-di-fede-tra-i-giovani\\\/\"]}]},{\"@type\":\"ImageObject\",\"inLanguage\":\"it-IT\",\"@id\":\"https:\\\/\\\/www.rassegnastampa-totustuus.it\\\/cattolica\\\/boom-di-fede-tra-i-giovani\\\/#primaryimage\",\"url\":\"https:\\\/\\\/www.rassegnastampa-totustuus.it\\\/cattolica\\\/wp-content\\\/uploads\\\/2025\\\/05\\\/battesimo_chiesa.jpg\",\"contentUrl\":\"https:\\\/\\\/www.rassegnastampa-totustuus.it\\\/cattolica\\\/wp-content\\\/uploads\\\/2025\\\/05\\\/battesimo_chiesa.jpg\",\"width\":309,\"height\":163},{\"@type\":\"BreadcrumbList\",\"@id\":\"https:\\\/\\\/www.rassegnastampa-totustuus.it\\\/cattolica\\\/boom-di-fede-tra-i-giovani\\\/#breadcrumb\",\"itemListElement\":[{\"@type\":\"ListItem\",\"position\":1,\"name\":\"Home\",\"item\":\"https:\\\/\\\/www.rassegnastampa-totustuus.it\\\/cattolica\\\/\"},{\"@type\":\"ListItem\",\"position\":2,\"name\":\"Boom di fede tra i giovani!\"}]},{\"@type\":\"WebSite\",\"@id\":\"https:\\\/\\\/www.rassegnastampa-totustuus.it\\\/cattolica\\\/#website\",\"url\":\"https:\\\/\\\/www.rassegnastampa-totustuus.it\\\/cattolica\\\/\",\"name\":\"Rassegna Stampa Cattolica\",\"description\":\"Per una cultura che nasce dalla Rivelazione cristiana in conformit\u00e0 alla tradizione e al Magistero della Chiesa in opposizione ad ogni relativismo e totalitarismo\",\"publisher\":{\"@id\":\"https:\\\/\\\/www.rassegnastampa-totustuus.it\\\/cattolica\\\/#organization\"},\"alternateName\":\"Rass. Cattolica\",\"potentialAction\":[{\"@type\":\"SearchAction\",\"target\":{\"@type\":\"EntryPoint\",\"urlTemplate\":\"https:\\\/\\\/www.rassegnastampa-totustuus.it\\\/cattolica\\\/?s={search_term_string}\"},\"query-input\":{\"@type\":\"PropertyValueSpecification\",\"valueRequired\":true,\"valueName\":\"search_term_string\"}}],\"inLanguage\":\"it-IT\"},{\"@type\":\"Organization\",\"@id\":\"https:\\\/\\\/www.rassegnastampa-totustuus.it\\\/cattolica\\\/#organization\",\"name\":\"Rassegna Stampa Cattolica\",\"url\":\"https:\\\/\\\/www.rassegnastampa-totustuus.it\\\/cattolica\\\/\",\"logo\":{\"@type\":\"ImageObject\",\"inLanguage\":\"it-IT\",\"@id\":\"https:\\\/\\\/www.rassegnastampa-totustuus.it\\\/cattolica\\\/#\\\/schema\\\/logo\\\/image\\\/\",\"url\":\"https:\\\/\\\/www.rassegnastampa-totustuus.it\\\/cattolica\\\/wp-content\\\/uploads\\\/2014\\\/04\\\/logo-rassegna1.gif\",\"contentUrl\":\"https:\\\/\\\/www.rassegnastampa-totustuus.it\\\/cattolica\\\/wp-content\\\/uploads\\\/2014\\\/04\\\/logo-rassegna1.gif\",\"width\":600,\"height\":163,\"caption\":\"Rassegna Stampa Cattolica\"},\"image\":{\"@id\":\"https:\\\/\\\/www.rassegnastampa-totustuus.it\\\/cattolica\\\/#\\\/schema\\\/logo\\\/image\\\/\"},\"sameAs\":[\"https:\\\/\\\/www.facebook.com\\\/rassegnastampacattolica\",\"https:\\\/\\\/x.com\\\/rassegnastampa9\"]},{\"@type\":\"Person\",\"@id\":\"https:\\\/\\\/www.rassegnastampa-totustuus.it\\\/cattolica\\\/#\\\/schema\\\/person\\\/08f319d2bd1a0904ad9e2bfb7b15e5c3\",\"name\":\"Redazione\",\"image\":{\"@type\":\"ImageObject\",\"inLanguage\":\"it-IT\",\"@id\":\"https:\\\/\\\/secure.gravatar.com\\\/avatar\\\/2fcdf27c78ea025fbdb44e914cc63c72249ffec9dc8aafd5c82b26240ef3f346?s=96&d=mm&r=g\",\"url\":\"https:\\\/\\\/secure.gravatar.com\\\/avatar\\\/2fcdf27c78ea025fbdb44e914cc63c72249ffec9dc8aafd5c82b26240ef3f346?s=96&d=mm&r=g\",\"contentUrl\":\"https:\\\/\\\/secure.gravatar.com\\\/avatar\\\/2fcdf27c78ea025fbdb44e914cc63c72249ffec9dc8aafd5c82b26240ef3f346?s=96&d=mm&r=g\",\"caption\":\"Redazione\"},\"url\":\"https:\\\/\\\/www.rassegnastampa-totustuus.it\\\/cattolica\\\/author\\\/pietroelle\\\/\"}]}<\/script>\n<!-- \/ Yoast SEO plugin. -->","yoast_head_json":{"title":"Boom di fede tra i giovani! - Rassegna Stampa Cattolica","description":"Boom di fede tra i giovani! Secondo il mondo il cristianesimo stava morendo ma in tanti lo stanno riscoprendo","robots":{"index":"index","follow":"follow","max-snippet":"max-snippet:-1","max-image-preview":"max-image-preview:large","max-video-preview":"max-video-preview:-1"},"canonical":"https:\/\/www.rassegnastampa-totustuus.it\/cattolica\/boom-di-fede-tra-i-giovani\/","og_locale":"it_IT","og_type":"article","og_title":"Boom di fede tra i giovani! - Rassegna Stampa Cattolica","og_description":"Boom di fede tra i giovani! Secondo il mondo il cristianesimo stava morendo ma in tanti lo stanno riscoprendo","og_url":"https:\/\/www.rassegnastampa-totustuus.it\/cattolica\/boom-di-fede-tra-i-giovani\/","og_site_name":"Rassegna Stampa Cattolica","article_publisher":"https:\/\/www.facebook.com\/rassegnastampacattolica","article_published_time":"2025-05-06T07:50:23+00:00","article_modified_time":"2025-05-06T07:50:25+00:00","og_image":[{"width":309,"height":163,"url":"https:\/\/www.rassegnastampa-totustuus.it\/cattolica\/wp-content\/uploads\/2025\/05\/battesimo_chiesa.jpg","type":"image\/jpeg"}],"author":"Redazione","twitter_card":"summary_large_image","twitter_creator":"@rassegnastampa9","twitter_site":"@rassegnastampa9","twitter_misc":{"Scritto da":"Redazione","Tempo di lettura stimato":"5 minuti"},"schema":{"@context":"https:\/\/schema.org","@graph":[{"@type":"Article","@id":"https:\/\/www.rassegnastampa-totustuus.it\/cattolica\/boom-di-fede-tra-i-giovani\/#article","isPartOf":{"@id":"https:\/\/www.rassegnastampa-totustuus.it\/cattolica\/boom-di-fede-tra-i-giovani\/"},"author":{"name":"Redazione","@id":"https:\/\/www.rassegnastampa-totustuus.it\/cattolica\/#\/schema\/person\/08f319d2bd1a0904ad9e2bfb7b15e5c3"},"headline":"Boom di fede tra i giovani!","datePublished":"2025-05-06T07:50:23+00:00","dateModified":"2025-05-06T07:50:25+00:00","mainEntityOfPage":{"@id":"https:\/\/www.rassegnastampa-totustuus.it\/cattolica\/boom-di-fede-tra-i-giovani\/"},"wordCount":614,"publisher":{"@id":"https:\/\/www.rassegnastampa-totustuus.it\/cattolica\/#organization"},"image":{"@id":"https:\/\/www.rassegnastampa-totustuus.it\/cattolica\/boom-di-fede-tra-i-giovani\/#primaryimage"},"thumbnailUrl":"https:\/\/www.rassegnastampa-totustuus.it\/cattolica\/wp-content\/uploads\/2025\/05\/battesimo_chiesa.jpg","keywords":["battesimo","conversioni","crisi della fede","missione"],"articleSection":["Chiesa"],"inLanguage":"it-IT"},{"@type":"WebPage","@id":"https:\/\/www.rassegnastampa-totustuus.it\/cattolica\/boom-di-fede-tra-i-giovani\/","url":"https:\/\/www.rassegnastampa-totustuus.it\/cattolica\/boom-di-fede-tra-i-giovani\/","name":"Boom di fede tra i giovani! - Rassegna Stampa Cattolica","isPartOf":{"@id":"https:\/\/www.rassegnastampa-totustuus.it\/cattolica\/#website"},"primaryImageOfPage":{"@id":"https:\/\/www.rassegnastampa-totustuus.it\/cattolica\/boom-di-fede-tra-i-giovani\/#primaryimage"},"image":{"@id":"https:\/\/www.rassegnastampa-totustuus.it\/cattolica\/boom-di-fede-tra-i-giovani\/#primaryimage"},"thumbnailUrl":"https:\/\/www.rassegnastampa-totustuus.it\/cattolica\/wp-content\/uploads\/2025\/05\/battesimo_chiesa.jpg","datePublished":"2025-05-06T07:50:23+00:00","dateModified":"2025-05-06T07:50:25+00:00","description":"Boom di fede tra i giovani! Secondo il mondo il cristianesimo stava morendo ma in tanti lo stanno riscoprendo","breadcrumb":{"@id":"https:\/\/www.rassegnastampa-totustuus.it\/cattolica\/boom-di-fede-tra-i-giovani\/#breadcrumb"},"inLanguage":"it-IT","potentialAction":[{"@type":"ReadAction","target":["https:\/\/www.rassegnastampa-totustuus.it\/cattolica\/boom-di-fede-tra-i-giovani\/"]}]},{"@type":"ImageObject","inLanguage":"it-IT","@id":"https:\/\/www.rassegnastampa-totustuus.it\/cattolica\/boom-di-fede-tra-i-giovani\/#primaryimage","url":"https:\/\/www.rassegnastampa-totustuus.it\/cattolica\/wp-content\/uploads\/2025\/05\/battesimo_chiesa.jpg","contentUrl":"https:\/\/www.rassegnastampa-totustuus.it\/cattolica\/wp-content\/uploads\/2025\/05\/battesimo_chiesa.jpg","width":309,"height":163},{"@type":"BreadcrumbList","@id":"https:\/\/www.rassegnastampa-totustuus.it\/cattolica\/boom-di-fede-tra-i-giovani\/#breadcrumb","itemListElement":[{"@type":"ListItem","position":1,"name":"Home","item":"https:\/\/www.rassegnastampa-totustuus.it\/cattolica\/"},{"@type":"ListItem","position":2,"name":"Boom di fede tra i giovani!"}]},{"@type":"WebSite","@id":"https:\/\/www.rassegnastampa-totustuus.it\/cattolica\/#website","url":"https:\/\/www.rassegnastampa-totustuus.it\/cattolica\/","name":"Rassegna Stampa Cattolica","description":"Per una cultura che nasce dalla Rivelazione cristiana in conformit\u00e0 alla tradizione e al Magistero della Chiesa in opposizione ad ogni relativismo e totalitarismo","publisher":{"@id":"https:\/\/www.rassegnastampa-totustuus.it\/cattolica\/#organization"},"alternateName":"Rass. Cattolica","potentialAction":[{"@type":"SearchAction","target":{"@type":"EntryPoint","urlTemplate":"https:\/\/www.rassegnastampa-totustuus.it\/cattolica\/?s={search_term_string}"},"query-input":{"@type":"PropertyValueSpecification","valueRequired":true,"valueName":"search_term_string"}}],"inLanguage":"it-IT"},{"@type":"Organization","@id":"https:\/\/www.rassegnastampa-totustuus.it\/cattolica\/#organization","name":"Rassegna Stampa Cattolica","url":"https:\/\/www.rassegnastampa-totustuus.it\/cattolica\/","logo":{"@type":"ImageObject","inLanguage":"it-IT","@id":"https:\/\/www.rassegnastampa-totustuus.it\/cattolica\/#\/schema\/logo\/image\/","url":"https:\/\/www.rassegnastampa-totustuus.it\/cattolica\/wp-content\/uploads\/2014\/04\/logo-rassegna1.gif","contentUrl":"https:\/\/www.rassegnastampa-totustuus.it\/cattolica\/wp-content\/uploads\/2014\/04\/logo-rassegna1.gif","width":600,"height":163,"caption":"Rassegna Stampa Cattolica"},"image":{"@id":"https:\/\/www.rassegnastampa-totustuus.it\/cattolica\/#\/schema\/logo\/image\/"},"sameAs":["https:\/\/www.facebook.com\/rassegnastampacattolica","https:\/\/x.com\/rassegnastampa9"]},{"@type":"Person","@id":"https:\/\/www.rassegnastampa-totustuus.it\/cattolica\/#\/schema\/person\/08f319d2bd1a0904ad9e2bfb7b15e5c3","name":"Redazione","image":{"@type":"ImageObject","inLanguage":"it-IT","@id":"https:\/\/secure.gravatar.com\/avatar\/2fcdf27c78ea025fbdb44e914cc63c72249ffec9dc8aafd5c82b26240ef3f346?s=96&d=mm&r=g","url":"https:\/\/secure.gravatar.com\/avatar\/2fcdf27c78ea025fbdb44e914cc63c72249ffec9dc8aafd5c82b26240ef3f346?s=96&d=mm&r=g","contentUrl":"https:\/\/secure.gravatar.com\/avatar\/2fcdf27c78ea025fbdb44e914cc63c72249ffec9dc8aafd5c82b26240ef3f346?s=96&d=mm&r=g","caption":"Redazione"},"url":"https:\/\/www.rassegnastampa-totustuus.it\/cattolica\/author\/pietroelle\/"}]}},"_links":{"self":[{"href":"https:\/\/www.rassegnastampa-totustuus.it\/cattolica\/wp-json\/wp\/v2\/posts\/62555","targetHints":{"allow":["GET"]}}],"collection":[{"href":"https:\/\/www.rassegnastampa-totustuus.it\/cattolica\/wp-json\/wp\/v2\/posts"}],"about":[{"href":"https:\/\/www.rassegnastampa-totustuus.it\/cattolica\/wp-json\/wp\/v2\/types\/post"}],"author":[{"embeddable":true,"href":"https:\/\/www.rassegnastampa-totustuus.it\/cattolica\/wp-json\/wp\/v2\/users\/6"}],"replies":[{"embeddable":true,"href":"https:\/\/www.rassegnastampa-totustuus.it\/cattolica\/wp-json\/wp\/v2\/comments?post=62555"}],"version-history":[{"count":1,"href":"https:\/\/www.rassegnastampa-totustuus.it\/cattolica\/wp-json\/wp\/v2\/posts\/62555\/revisions"}],"predecessor-version":[{"id":62557,"href":"https:\/\/www.rassegnastampa-totustuus.it\/cattolica\/wp-json\/wp\/v2\/posts\/62555\/revisions\/62557"}],"wp:featuredmedia":[{"embeddable":true,"href":"https:\/\/www.rassegnastampa-totustuus.it\/cattolica\/wp-json\/wp\/v2\/media\/62556"}],"wp:attachment":[{"href":"https:\/\/www.rassegnastampa-totustuus.it\/cattolica\/wp-json\/wp\/v2\/media?parent=62555"}],"wp:term":[{"taxonomy":"category","embeddable":true,"href":"https:\/\/www.rassegnastampa-totustuus.it\/cattolica\/wp-json\/wp\/v2\/categories?post=62555"},{"taxonomy":"post_tag","embeddable":true,"href":"https:\/\/www.rassegnastampa-totustuus.it\/cattolica\/wp-json\/wp\/v2\/tags?post=62555"}],"curies":[{"name":"wp","href":"https:\/\/api.w.org\/{rel}","templated":true}]}}