{"id":62528,"date":"2025-04-26T18:56:27","date_gmt":"2025-04-26T16:56:27","guid":{"rendered":"https:\/\/www.rassegnastampa-totustuus.it\/cattolica\/?p=62528"},"modified":"2025-04-26T23:57:59","modified_gmt":"2025-04-26T21:57:59","slug":"resistenza-italiana-la-vera-storia-delleccidio-di-porzus","status":"publish","type":"post","link":"https:\/\/www.rassegnastampa-totustuus.it\/cattolica\/resistenza-italiana-la-vera-storia-delleccidio-di-porzus\/","title":{"rendered":"Resistenza italiana: la vera storia dell\u2019eccidio di Porz\u00fbs"},"content":{"rendered":"\n<p class=\"has-text-align-center\"><strong><a href=\"https:\/\/lineatempo.ilsussidiario.net\/\" target=\"_blank\" rel=\"noreferrer noopener\">LineaTempo<\/a><\/strong><em> <\/em>n. 39 dell\u2019aprile 2025.<\/p>\n\n\n\n<h3 class=\"wp-block-heading has-text-align-center\">Sangue sulla Resistenza italiana: la vera storia dell\u2019eccidio di Porz\u00fbs<\/h3>\n\n\n\n<p><em>La \u201cLiberazione\u201d che si festeggia ogni 25 aprile in Italia non \u00e8 un monopolio di autoproclamati \u201cgendarmi della memoria\u201d, bens\u00ec un prisma che riflette luci e ombre del periodo 1943-45<\/em><\/p>\n\n\n\n<p class=\"has-text-align-center\">di <strong><a href=\"https:\/\/dium.uniud.it\/it\/dium\/persone\/docenti-e-ricercatori\/tommaso-piffer\/\" target=\"_blank\" rel=\"noreferrer noopener\">Tommaso Piffer<\/a><\/strong><\/p>\n\n\n<div class=\"wp-block-image\">\n<figure class=\"aligncenter size-full is-resized\"><a href=\"https:\/\/www.rassegnastampa-totustuus.it\/cattolica\/wp-content\/uploads\/2005\/07\/Porzus.jpg\"><img loading=\"lazy\" decoding=\"async\" width=\"271\" height=\"186\" src=\"https:\/\/www.rassegnastampa-totustuus.it\/cattolica\/wp-content\/uploads\/2005\/07\/Porzus.jpg\" alt=\"\" class=\"wp-image-32523\" style=\"width:415px;height:auto\"\/><\/a><\/figure><\/div>\n\n\n<!--more-->\n\n\n\n<p>Il 7 febbraio del 1945, un commando di partigiani comunisti dei GAP [<em>Gruppi di Azione Patriottica<\/em>] attacc\u00f2 a tradimento un gruppo di partigiani della [Brigata partigiana cattolica] Osoppo stanziata alle malghe di Porz\u00fbs [Udine, Italia], a pochi chilometri in linea d&#8217;aria da quello che oggi \u00e8 il confine italo-sloveno.<\/p>\n\n\n\n<p>Gli uomini del commando, guidati da Mario Toffanin, ammazzarono immediatamente il comandante della Osoppo, il capitano Francesco De Gregori, il delegato politico della formazione Gastone Valente e una ragazza che collaborava con i partigiani, Elda Turchetti.<\/p>\n\n\n\n<p>Quattro partigiani riuscirono a scappare, altri 16 furono presi prigionieri e trasportati alla sede della brigata GAP di Toffanin a Novacuzzo, una localit\u00e0 isolata del comune di Prepotto, circa 13 chilometri a sud di Cividale del Friuli [Udine]. Due dei prigionieri si rifecero vivi nei giorni immediatamente successivi alla liberazione, gli altri furono tutti uccisi.<\/p>\n\n\n\n<p>Ottant&#8217;anni dopo, attraverso un imponente e accurato lavoro di archivio, che incrocia per la prima volta documenti inediti italiani e sloveni, Tommaso Piffer, professore associato di <em>Storia contemporanea<\/em> presso l&#8217;<a href=\"https:\/\/www.uniud.it\/it\">Universit\u00e0 degli Studi di Udine<\/a>, direttore scientifico e presidente della giuria scientifica del premio <a href=\"https:\/\/www.friulistoria.it\/\"><em>Friuli Storia<\/em><\/a>, \u00e8 riuscito a ricostruire, nel recentissimo volume<a href=\"https:\/\/www.mondadoristore.it\/Sangue-sulla-Resistenza-Storia-dell-eccidio-di-Porzs-Tommaso-Piffer\/eai978880475920\/\"><em>Sangue sulla Resistenza. Storia dell&#8217;eccidio di Porz\u00fbs<\/em><\/a> (Mondadori, Milano, 2025, pp. 264),non solo uno degli episodi pi\u00f9 controversi della storia della Resistenza italiana (partigiani che uccidono altri partigiani), ma anche il contesto ideologico internazionale che ha condizionato l\u2019intera vicenda, che getta una nuova luce sul significato storico di questo episodio, mostrando che all\u2019origine dell\u2019eccidio sta la rottura dell\u2019unit\u00e0 dell\u2019antifascismo italiano in nome della solidariet\u00e0 ideologica con i comunisti sloveni da parte dei garibaldini della [Divisione Garibaldi] \u201cNatisone\u201d.<\/p>\n\n\n<div class=\"wp-block-image\">\n<figure class=\"aligncenter size-large is-resized\"><a href=\"https:\/\/www.rassegnastampa-totustuus.it\/cattolica\/wp-content\/uploads\/2020\/01\/partigiani_Anpi.jpg\"><img loading=\"lazy\" decoding=\"async\" width=\"1024\" height=\"734\" src=\"https:\/\/www.rassegnastampa-totustuus.it\/cattolica\/wp-content\/uploads\/2020\/01\/partigiani_Anpi-1024x734.jpg\" alt=\"\" class=\"wp-image-45953\" style=\"width:438px;height:auto\" srcset=\"https:\/\/www.rassegnastampa-totustuus.it\/cattolica\/wp-content\/uploads\/2020\/01\/partigiani_Anpi-1024x734.jpg 1024w, https:\/\/www.rassegnastampa-totustuus.it\/cattolica\/wp-content\/uploads\/2020\/01\/partigiani_Anpi-300x215.jpg 300w, https:\/\/www.rassegnastampa-totustuus.it\/cattolica\/wp-content\/uploads\/2020\/01\/partigiani_Anpi-768x550.jpg 768w, https:\/\/www.rassegnastampa-totustuus.it\/cattolica\/wp-content\/uploads\/2020\/01\/partigiani_Anpi.jpg 1280w\" sizes=\"auto, (max-width: 1024px) 100vw, 1024px\" \/><\/a><\/figure><\/div>\n\n\n<p>Per gentile concessione dell\u2019autore, riproduciamo qui il testo del suo breve intervento alla cerimonia di commemorazione dell\u2019eccidio del febbraio di quest\u2019anno, in cui si mostra che la ricerca della verit\u00e0 non esclude, anzi aiuta a far germogliare il perdono per quel che \u00e8 accaduto.<\/p>\n\n\n\n<p>Giustamente, infatti, Piffer conclude il suo discorso affermando: \u00ab<em>Ricerca della verit\u00e0 e perdono. Non c\u2019\u00e8 altra strada, per quanto dolorosa possa essere, per superare le fratture scavate dalla strage nella coscienza del paese e, a ottant\u2019anni di distanza, consegnare definitivamente alla storia l\u2019eccidio di Porz\u00fbs<\/em>\u00bb.<\/p>\n\n\n\n<p class=\"has-text-align-center\"><strong>*&nbsp; *&nbsp; *<\/strong><\/p>\n\n\n\n<h4 class=\"wp-block-heading has-text-align-center\"><strong>Commemorazione dell\u2019eccidio di Porz\u00fbs, <\/strong><\/h4>\n\n\n\n<p class=\"has-text-align-center\"><strong>Canebola (Faedis, Udine), 23 febbraio 2025<\/strong><\/p>\n\n\n\n<p>Autorit\u00e0 civili e religiose, membri dell\u2019Osoppo e delle Associazioni combattentistiche, signore e signori presenti.<\/p>\n\n\n\n<p>Prendo la parola con piena consapevolezza che ricordare l\u2019eccidio di Porz\u00fbs significa riportare alla memoria non solo il pi\u00f9 grave scontro interno alla resistenza italiana per numero di vittime e per l\u2019efferatezza con cui fu compiuto.<\/p>\n\n\n\n<p>Ricordare Porz\u00fbs significa soprattutto andare con la mente a una ferita che ha sanguinato ormai per ottant\u2019anni. Una ferit\u00e0 che non solo ha stentato a ricomporsi nonostante il passare del tempo e delle generazioni, ma che in alcuni frangenti storici si \u00e8 andata addirittura approfondendo, avvelenando il clima politico, sociale e storiografico della regione e di tutto il paese.<\/p>\n\n\n<div class=\"wp-block-image\">\n<figure class=\"aligncenter size-full is-resized\"><a href=\"https:\/\/www.rassegnastampa-totustuus.it\/cattolica\/wp-content\/uploads\/2005\/07\/partigiani_Tito.jpg\"><img loading=\"lazy\" decoding=\"async\" width=\"244\" height=\"207\" src=\"https:\/\/www.rassegnastampa-totustuus.it\/cattolica\/wp-content\/uploads\/2005\/07\/partigiani_Tito.jpg\" alt=\"\" class=\"wp-image-30840\" style=\"width:388px;height:auto\"\/><\/a><\/figure><\/div>\n\n\n<p>La storia dei popoli e dei singoli dimostra per\u00f2 che non c\u2019\u00e8 ferita, per quanto profonda, che non possa ricomporsi. Il compito di chi ha a cuore che anche la ferita inflitta a Porz\u00fbs si rimargini \u00e8 allora innanzitutto quello di cercare verit\u00e0, senza timori e senza pregiudizi, perch\u00e9 senza verit\u00e0 non \u00e8 possibile n\u00e9 la giustizia n\u00e9 la riconciliazione.<\/p>\n\n\n\n<p>Oggi sappiamo che all\u2019origine dell\u2019eccidio ci fu la determinazione del IX Corpo di occupare prima dell\u2019arrivo dagli alleati occidentali tutta l\u2019area che il movimento di liberazione sloveno rivendicava alla Jugoslavia socialista. Si trattava di un obiettivo esplicito con una duplice componente: quella nazionale, per la creazione di una Slovenia unita all\u2019interno dei cosiddetti confini etnici, e quella ideologica, per l\u2019espansione del campo socialista.<\/p>\n\n\n\n<p>Allo scopo di rimuovere tutti i potenziali ostacoli sulla strada di questo obiettivo, a partire dal settembre del 1944 il comando sloveno inizi\u00f2 una massiccia campagna di propaganda verso la popolazione che viveva nelle aree che rivendicava a s\u00e9 e impose alle formazioni italiane presenti nell\u2019area contesa, la prima brigata Osoppo e la divisione Garibaldi Natisone, di passare sotto il proprio controllo.<\/p>\n\n\n\n<p>Il comandante della prima brigata Osoppo, Francesco de Gregori, avrebbero potuto facilmente lasciare la zona contesa, lasciando che fossero gli eserciti degli alleati occidentali a costringere quello jugoslavo a desistere dai suoi propositi. Invece non solo si rifiut\u00f2 di passare alle dipendenze slovene, ma decise di rimanere al suo posto anche quando tutto faceva presagire un\u2019azione violenta da parte di chi non tollerava pi\u00f9 la sua presenza in zona. De Gregori e i suoi uomini pagarono questa scelta con la vita e oggi ne ricordiamo il sacrifico in difesa del paese.<\/p>\n\n\n<div class=\"wp-block-image\">\n<figure class=\"aligncenter size-full is-resized\"><a href=\"https:\/\/www.rassegnastampa-totustuus.it\/cattolica\/wp-content\/uploads\/2011\/02\/Tito_partigiano.jpg\"><img loading=\"lazy\" decoding=\"async\" width=\"250\" height=\"202\" src=\"https:\/\/www.rassegnastampa-totustuus.it\/cattolica\/wp-content\/uploads\/2011\/02\/Tito_partigiano.jpg\" alt=\"\" class=\"wp-image-22082\" style=\"width:404px;height:auto\"\/><\/a><\/figure><\/div>\n\n\n<p>Il comando della Divisione Garibaldi Natisone, al contrario, fece prevalere la solidariet\u00e0 ideologica con l\u2019alleato jugoslavo sull\u2019unit\u00e0 dell\u2019antifascismo italiano. Nel tentativo, avallato dalla direzione del Partito comunista italiano, di favorire l\u2019occupazione delle zone contese da parte della Jugoslavia socialista, il comando della Natisone prima pass\u00f2 alle dipendenze del IX Corpo, poi scaten\u00f2 una violentissima campagna diffamatoria accusando gli osovani si connivenza con il nemico.<\/p>\n\n\n\n<p>Infine, nel dicembre del 1944, non solo accett\u00f2 la richiesta slovena di cacciare con la forza gli osovani, ma pianific\u00f2 un\u2019operazione militare che prevedeva esplicitamente l\u2019eliminazione fisica di tutti i partigiani osovani che non avessero accettato di passare nelle fila garibaldine.<\/p>\n\n\n\n<p>Furono poi i GAP guidati da Mario Toffanin a realizzare l\u2019operazione, che oggi ci appare in tutta la sua brutalit\u00e0 come una strage figlia della feroce determinazione di eliminare un ostacolo per il raggiungimento di un preciso obiettivo politico.<\/p>\n\n\n\n<p>Senza ricerca della verit\u00e0 non c\u2019\u00e8 giustizia. \u00c8 infatti solo sul terreno della verit\u00e0 che pu\u00f2 radicarsi il reverente omaggio ai caduti, del cui sacrificio oggi possiamo riconoscere ancor pi\u00f9 pienamente la portata.<\/p>\n\n\n\n<p>Ed \u00e8 solo sul terreno della ricerca della verit\u00e0 che, quasi come un miracolo, possono germogliare anche la piet\u00e0 e il perdono per i carnefici, che attaccando le malghe di Porz\u00fbs non hanno stroncato solo le giovani vite delle loro vittime, ma anche la propria stessa vita.<\/p>\n\n\n\n<p>Come ha scritto il grande romanziere russo Vasilij Grossman, \u00ab<em>uno \u00e8 il castigo del carnefice: lui, che non considera la sua vittima un uomo, cessa di essere uomo lui stesso; egli uccide l\u2019uomo che \u00e8 in lui, \u00e8 il suo proprio carnefice<\/em>\u00bb.<\/p>\n\n\n\n<p>Ricerca della verit\u00e0 e perdono. Non c\u2019\u00e8 altra strada, per quanto dolorosa possa essere, per superare le fratture scavate dalla strage nella coscienza del paese e, a ottant\u2019anni di distanza, consegnare definitivamente alla storia l\u2019eccidio di Porz\u00fbs.<\/p>\n\n\n\n<p>_____________________________________________________<\/p>\n\n\n\n<p><strong>Leggi anche:<\/strong><\/p>\n\n\n\n<p><a href=\"https:\/\/www.rassegnastampa-totustuus.it\/cattolica\/la-strage-di-porzus\/\" target=\"_blank\" rel=\"noreferrer noopener\">La strage di Porzus<\/a><\/p>\n\n\n\n<p><a href=\"https:\/\/www.rassegnastampa-totustuus.it\/cattolica\/ii-sangue-di-porzs\/\" target=\"_blank\" rel=\"noreferrer noopener\">Il sangue di Porzus<\/a><\/p>\n\n\n\n<p><\/p>\n","protected":false},"excerpt":{"rendered":"<p>LineaTempo n. 39 dell\u2019aprile 2025. Sangue sulla Resistenza italiana: la vera storia dell\u2019eccidio di Porz\u00fbs La \u201cLiberazione\u201d che si festeggia ogni 25 aprile in Italia non \u00e8 un monopolio di autoproclamati \u201cgendarmi della memoria\u201d, bens\u00ec un prisma che riflette luci e ombre del periodo 1943-45 di Tommaso Piffer<\/p><p><a class=\"more-link btn\" href=\"https:\/\/www.rassegnastampa-totustuus.it\/cattolica\/resistenza-italiana-la-vera-storia-delleccidio-di-porzus\/\">Continua a leggere<\/a><\/p>\n","protected":false},"author":6,"featured_media":32523,"comment_status":"closed","ping_status":"closed","sticky":false,"template":"","format":"standard","meta":{"footnotes":""},"categories":[100,24,96],"tags":[1233,184,866,2022],"class_list":["post-62528","post","type-post","status-publish","format-standard","has-post-thumbnail","hentry","category-resistenza","category-storia","category-storia-italiana","tag-25-aprile","tag-guerra-mondiale","tag-partigiani","tag-porzus","item-wrap"],"yoast_head":"<!-- This site is optimized with the Yoast SEO plugin v27.5 - https:\/\/yoast.com\/product\/yoast-seo-wordpress\/ -->\n<title>Resistenza italiana: la vera storia dell\u2019eccidio di Porz\u00fbs - Rassegna Stampa Cattolica<\/title>\n<meta name=\"description\" content=\"Resistenza italiana: la vera storia dell\u2019eccidio di Porz\u00fbs. Il 25 aprile non \u00e8 un monopolio di autoproclamati \u201cgendarmi della memoria\u201d,\" \/>\n<meta name=\"robots\" content=\"index, follow, max-snippet:-1, max-image-preview:large, max-video-preview:-1\" \/>\n<link rel=\"canonical\" href=\"https:\/\/www.rassegnastampa-totustuus.it\/cattolica\/resistenza-italiana-la-vera-storia-delleccidio-di-porzus\/\" \/>\n<meta property=\"og:locale\" content=\"it_IT\" \/>\n<meta property=\"og:type\" content=\"article\" \/>\n<meta property=\"og:title\" content=\"Resistenza italiana: la vera storia dell\u2019eccidio di Porz\u00fbs - Rassegna Stampa Cattolica\" \/>\n<meta property=\"og:description\" content=\"Resistenza italiana: la vera storia dell\u2019eccidio di Porz\u00fbs. Il 25 aprile non \u00e8 un monopolio di autoproclamati \u201cgendarmi della memoria\u201d,\" \/>\n<meta property=\"og:url\" content=\"https:\/\/www.rassegnastampa-totustuus.it\/cattolica\/resistenza-italiana-la-vera-storia-delleccidio-di-porzus\/\" \/>\n<meta property=\"og:site_name\" content=\"Rassegna Stampa Cattolica\" \/>\n<meta property=\"article:publisher\" content=\"https:\/\/www.facebook.com\/rassegnastampacattolica\" \/>\n<meta property=\"article:published_time\" content=\"2025-04-26T16:56:27+00:00\" \/>\n<meta property=\"article:modified_time\" content=\"2025-04-26T21:57:59+00:00\" \/>\n<meta property=\"og:image\" content=\"https:\/\/www.rassegnastampa-totustuus.it\/cattolica\/wp-content\/uploads\/2005\/07\/Porzus.jpg\" \/>\n\t<meta property=\"og:image:width\" content=\"271\" \/>\n\t<meta property=\"og:image:height\" content=\"186\" \/>\n\t<meta property=\"og:image:type\" content=\"image\/jpeg\" \/>\n<meta name=\"author\" content=\"Redazione\" \/>\n<meta name=\"twitter:card\" content=\"summary_large_image\" \/>\n<meta name=\"twitter:creator\" content=\"@rassegnastampa9\" \/>\n<meta name=\"twitter:site\" content=\"@rassegnastampa9\" \/>\n<meta name=\"twitter:label1\" content=\"Scritto da\" \/>\n\t<meta name=\"twitter:data1\" content=\"Redazione\" \/>\n\t<meta name=\"twitter:label2\" content=\"Tempo di lettura stimato\" \/>\n\t<meta name=\"twitter:data2\" content=\"7 minuti\" \/>\n<script type=\"application\/ld+json\" class=\"yoast-schema-graph\">{\"@context\":\"https:\\\/\\\/schema.org\",\"@graph\":[{\"@type\":\"Article\",\"@id\":\"https:\\\/\\\/www.rassegnastampa-totustuus.it\\\/cattolica\\\/resistenza-italiana-la-vera-storia-delleccidio-di-porzus\\\/#article\",\"isPartOf\":{\"@id\":\"https:\\\/\\\/www.rassegnastampa-totustuus.it\\\/cattolica\\\/resistenza-italiana-la-vera-storia-delleccidio-di-porzus\\\/\"},\"author\":{\"name\":\"Redazione\",\"@id\":\"https:\\\/\\\/www.rassegnastampa-totustuus.it\\\/cattolica\\\/#\\\/schema\\\/person\\\/08f319d2bd1a0904ad9e2bfb7b15e5c3\"},\"headline\":\"Resistenza italiana: la vera storia dell\u2019eccidio di Porz\u00fbs\",\"datePublished\":\"2025-04-26T16:56:27+00:00\",\"dateModified\":\"2025-04-26T21:57:59+00:00\",\"mainEntityOfPage\":{\"@id\":\"https:\\\/\\\/www.rassegnastampa-totustuus.it\\\/cattolica\\\/resistenza-italiana-la-vera-storia-delleccidio-di-porzus\\\/\"},\"wordCount\":1151,\"publisher\":{\"@id\":\"https:\\\/\\\/www.rassegnastampa-totustuus.it\\\/cattolica\\\/#organization\"},\"image\":{\"@id\":\"https:\\\/\\\/www.rassegnastampa-totustuus.it\\\/cattolica\\\/resistenza-italiana-la-vera-storia-delleccidio-di-porzus\\\/#primaryimage\"},\"thumbnailUrl\":\"https:\\\/\\\/www.rassegnastampa-totustuus.it\\\/cattolica\\\/wp-content\\\/uploads\\\/2005\\\/07\\\/Porzus.jpg\",\"keywords\":[\"25 aprile\",\"guerra mondiale\",\"partigiani\",\"Porzus\"],\"articleSection\":[\"Resistenza\",\"Storia\",\"Storia italiana\"],\"inLanguage\":\"it-IT\"},{\"@type\":\"WebPage\",\"@id\":\"https:\\\/\\\/www.rassegnastampa-totustuus.it\\\/cattolica\\\/resistenza-italiana-la-vera-storia-delleccidio-di-porzus\\\/\",\"url\":\"https:\\\/\\\/www.rassegnastampa-totustuus.it\\\/cattolica\\\/resistenza-italiana-la-vera-storia-delleccidio-di-porzus\\\/\",\"name\":\"Resistenza italiana: la vera storia dell\u2019eccidio di Porz\u00fbs - Rassegna Stampa Cattolica\",\"isPartOf\":{\"@id\":\"https:\\\/\\\/www.rassegnastampa-totustuus.it\\\/cattolica\\\/#website\"},\"primaryImageOfPage\":{\"@id\":\"https:\\\/\\\/www.rassegnastampa-totustuus.it\\\/cattolica\\\/resistenza-italiana-la-vera-storia-delleccidio-di-porzus\\\/#primaryimage\"},\"image\":{\"@id\":\"https:\\\/\\\/www.rassegnastampa-totustuus.it\\\/cattolica\\\/resistenza-italiana-la-vera-storia-delleccidio-di-porzus\\\/#primaryimage\"},\"thumbnailUrl\":\"https:\\\/\\\/www.rassegnastampa-totustuus.it\\\/cattolica\\\/wp-content\\\/uploads\\\/2005\\\/07\\\/Porzus.jpg\",\"datePublished\":\"2025-04-26T16:56:27+00:00\",\"dateModified\":\"2025-04-26T21:57:59+00:00\",\"description\":\"Resistenza italiana: la vera storia dell\u2019eccidio di Porz\u00fbs. Il 25 aprile non \u00e8 un monopolio di autoproclamati \u201cgendarmi della memoria\u201d,\",\"breadcrumb\":{\"@id\":\"https:\\\/\\\/www.rassegnastampa-totustuus.it\\\/cattolica\\\/resistenza-italiana-la-vera-storia-delleccidio-di-porzus\\\/#breadcrumb\"},\"inLanguage\":\"it-IT\",\"potentialAction\":[{\"@type\":\"ReadAction\",\"target\":[\"https:\\\/\\\/www.rassegnastampa-totustuus.it\\\/cattolica\\\/resistenza-italiana-la-vera-storia-delleccidio-di-porzus\\\/\"]}]},{\"@type\":\"ImageObject\",\"inLanguage\":\"it-IT\",\"@id\":\"https:\\\/\\\/www.rassegnastampa-totustuus.it\\\/cattolica\\\/resistenza-italiana-la-vera-storia-delleccidio-di-porzus\\\/#primaryimage\",\"url\":\"https:\\\/\\\/www.rassegnastampa-totustuus.it\\\/cattolica\\\/wp-content\\\/uploads\\\/2005\\\/07\\\/Porzus.jpg\",\"contentUrl\":\"https:\\\/\\\/www.rassegnastampa-totustuus.it\\\/cattolica\\\/wp-content\\\/uploads\\\/2005\\\/07\\\/Porzus.jpg\",\"width\":271,\"height\":186},{\"@type\":\"BreadcrumbList\",\"@id\":\"https:\\\/\\\/www.rassegnastampa-totustuus.it\\\/cattolica\\\/resistenza-italiana-la-vera-storia-delleccidio-di-porzus\\\/#breadcrumb\",\"itemListElement\":[{\"@type\":\"ListItem\",\"position\":1,\"name\":\"Home\",\"item\":\"https:\\\/\\\/www.rassegnastampa-totustuus.it\\\/cattolica\\\/\"},{\"@type\":\"ListItem\",\"position\":2,\"name\":\"Resistenza italiana: la vera storia dell\u2019eccidio di Porz\u00fbs\"}]},{\"@type\":\"WebSite\",\"@id\":\"https:\\\/\\\/www.rassegnastampa-totustuus.it\\\/cattolica\\\/#website\",\"url\":\"https:\\\/\\\/www.rassegnastampa-totustuus.it\\\/cattolica\\\/\",\"name\":\"Rassegna Stampa Cattolica\",\"description\":\"Per una cultura che nasce dalla Rivelazione cristiana in conformit\u00e0 alla tradizione e al Magistero della Chiesa in opposizione ad ogni relativismo e totalitarismo\",\"publisher\":{\"@id\":\"https:\\\/\\\/www.rassegnastampa-totustuus.it\\\/cattolica\\\/#organization\"},\"alternateName\":\"Rass. Cattolica\",\"potentialAction\":[{\"@type\":\"SearchAction\",\"target\":{\"@type\":\"EntryPoint\",\"urlTemplate\":\"https:\\\/\\\/www.rassegnastampa-totustuus.it\\\/cattolica\\\/?s={search_term_string}\"},\"query-input\":{\"@type\":\"PropertyValueSpecification\",\"valueRequired\":true,\"valueName\":\"search_term_string\"}}],\"inLanguage\":\"it-IT\"},{\"@type\":\"Organization\",\"@id\":\"https:\\\/\\\/www.rassegnastampa-totustuus.it\\\/cattolica\\\/#organization\",\"name\":\"Rassegna Stampa Cattolica\",\"url\":\"https:\\\/\\\/www.rassegnastampa-totustuus.it\\\/cattolica\\\/\",\"logo\":{\"@type\":\"ImageObject\",\"inLanguage\":\"it-IT\",\"@id\":\"https:\\\/\\\/www.rassegnastampa-totustuus.it\\\/cattolica\\\/#\\\/schema\\\/logo\\\/image\\\/\",\"url\":\"https:\\\/\\\/www.rassegnastampa-totustuus.it\\\/cattolica\\\/wp-content\\\/uploads\\\/2014\\\/04\\\/logo-rassegna1.gif\",\"contentUrl\":\"https:\\\/\\\/www.rassegnastampa-totustuus.it\\\/cattolica\\\/wp-content\\\/uploads\\\/2014\\\/04\\\/logo-rassegna1.gif\",\"width\":600,\"height\":163,\"caption\":\"Rassegna Stampa Cattolica\"},\"image\":{\"@id\":\"https:\\\/\\\/www.rassegnastampa-totustuus.it\\\/cattolica\\\/#\\\/schema\\\/logo\\\/image\\\/\"},\"sameAs\":[\"https:\\\/\\\/www.facebook.com\\\/rassegnastampacattolica\",\"https:\\\/\\\/x.com\\\/rassegnastampa9\"]},{\"@type\":\"Person\",\"@id\":\"https:\\\/\\\/www.rassegnastampa-totustuus.it\\\/cattolica\\\/#\\\/schema\\\/person\\\/08f319d2bd1a0904ad9e2bfb7b15e5c3\",\"name\":\"Redazione\",\"image\":{\"@type\":\"ImageObject\",\"inLanguage\":\"it-IT\",\"@id\":\"https:\\\/\\\/secure.gravatar.com\\\/avatar\\\/2fcdf27c78ea025fbdb44e914cc63c72249ffec9dc8aafd5c82b26240ef3f346?s=96&d=mm&r=g\",\"url\":\"https:\\\/\\\/secure.gravatar.com\\\/avatar\\\/2fcdf27c78ea025fbdb44e914cc63c72249ffec9dc8aafd5c82b26240ef3f346?s=96&d=mm&r=g\",\"contentUrl\":\"https:\\\/\\\/secure.gravatar.com\\\/avatar\\\/2fcdf27c78ea025fbdb44e914cc63c72249ffec9dc8aafd5c82b26240ef3f346?s=96&d=mm&r=g\",\"caption\":\"Redazione\"},\"url\":\"https:\\\/\\\/www.rassegnastampa-totustuus.it\\\/cattolica\\\/author\\\/pietroelle\\\/\"}]}<\/script>\n<!-- \/ Yoast SEO plugin. -->","yoast_head_json":{"title":"Resistenza italiana: la vera storia dell\u2019eccidio di Porz\u00fbs - Rassegna Stampa Cattolica","description":"Resistenza italiana: la vera storia dell\u2019eccidio di Porz\u00fbs. Il 25 aprile non \u00e8 un monopolio di autoproclamati \u201cgendarmi della memoria\u201d,","robots":{"index":"index","follow":"follow","max-snippet":"max-snippet:-1","max-image-preview":"max-image-preview:large","max-video-preview":"max-video-preview:-1"},"canonical":"https:\/\/www.rassegnastampa-totustuus.it\/cattolica\/resistenza-italiana-la-vera-storia-delleccidio-di-porzus\/","og_locale":"it_IT","og_type":"article","og_title":"Resistenza italiana: la vera storia dell\u2019eccidio di Porz\u00fbs - Rassegna Stampa Cattolica","og_description":"Resistenza italiana: la vera storia dell\u2019eccidio di Porz\u00fbs. Il 25 aprile non \u00e8 un monopolio di autoproclamati \u201cgendarmi della memoria\u201d,","og_url":"https:\/\/www.rassegnastampa-totustuus.it\/cattolica\/resistenza-italiana-la-vera-storia-delleccidio-di-porzus\/","og_site_name":"Rassegna Stampa Cattolica","article_publisher":"https:\/\/www.facebook.com\/rassegnastampacattolica","article_published_time":"2025-04-26T16:56:27+00:00","article_modified_time":"2025-04-26T21:57:59+00:00","og_image":[{"width":271,"height":186,"url":"https:\/\/www.rassegnastampa-totustuus.it\/cattolica\/wp-content\/uploads\/2005\/07\/Porzus.jpg","type":"image\/jpeg"}],"author":"Redazione","twitter_card":"summary_large_image","twitter_creator":"@rassegnastampa9","twitter_site":"@rassegnastampa9","twitter_misc":{"Scritto da":"Redazione","Tempo di lettura stimato":"7 minuti"},"schema":{"@context":"https:\/\/schema.org","@graph":[{"@type":"Article","@id":"https:\/\/www.rassegnastampa-totustuus.it\/cattolica\/resistenza-italiana-la-vera-storia-delleccidio-di-porzus\/#article","isPartOf":{"@id":"https:\/\/www.rassegnastampa-totustuus.it\/cattolica\/resistenza-italiana-la-vera-storia-delleccidio-di-porzus\/"},"author":{"name":"Redazione","@id":"https:\/\/www.rassegnastampa-totustuus.it\/cattolica\/#\/schema\/person\/08f319d2bd1a0904ad9e2bfb7b15e5c3"},"headline":"Resistenza italiana: la vera storia dell\u2019eccidio di Porz\u00fbs","datePublished":"2025-04-26T16:56:27+00:00","dateModified":"2025-04-26T21:57:59+00:00","mainEntityOfPage":{"@id":"https:\/\/www.rassegnastampa-totustuus.it\/cattolica\/resistenza-italiana-la-vera-storia-delleccidio-di-porzus\/"},"wordCount":1151,"publisher":{"@id":"https:\/\/www.rassegnastampa-totustuus.it\/cattolica\/#organization"},"image":{"@id":"https:\/\/www.rassegnastampa-totustuus.it\/cattolica\/resistenza-italiana-la-vera-storia-delleccidio-di-porzus\/#primaryimage"},"thumbnailUrl":"https:\/\/www.rassegnastampa-totustuus.it\/cattolica\/wp-content\/uploads\/2005\/07\/Porzus.jpg","keywords":["25 aprile","guerra mondiale","partigiani","Porzus"],"articleSection":["Resistenza","Storia","Storia italiana"],"inLanguage":"it-IT"},{"@type":"WebPage","@id":"https:\/\/www.rassegnastampa-totustuus.it\/cattolica\/resistenza-italiana-la-vera-storia-delleccidio-di-porzus\/","url":"https:\/\/www.rassegnastampa-totustuus.it\/cattolica\/resistenza-italiana-la-vera-storia-delleccidio-di-porzus\/","name":"Resistenza italiana: la vera storia dell\u2019eccidio di Porz\u00fbs - Rassegna Stampa Cattolica","isPartOf":{"@id":"https:\/\/www.rassegnastampa-totustuus.it\/cattolica\/#website"},"primaryImageOfPage":{"@id":"https:\/\/www.rassegnastampa-totustuus.it\/cattolica\/resistenza-italiana-la-vera-storia-delleccidio-di-porzus\/#primaryimage"},"image":{"@id":"https:\/\/www.rassegnastampa-totustuus.it\/cattolica\/resistenza-italiana-la-vera-storia-delleccidio-di-porzus\/#primaryimage"},"thumbnailUrl":"https:\/\/www.rassegnastampa-totustuus.it\/cattolica\/wp-content\/uploads\/2005\/07\/Porzus.jpg","datePublished":"2025-04-26T16:56:27+00:00","dateModified":"2025-04-26T21:57:59+00:00","description":"Resistenza italiana: la vera storia dell\u2019eccidio di Porz\u00fbs. Il 25 aprile non \u00e8 un monopolio di autoproclamati \u201cgendarmi della memoria\u201d,","breadcrumb":{"@id":"https:\/\/www.rassegnastampa-totustuus.it\/cattolica\/resistenza-italiana-la-vera-storia-delleccidio-di-porzus\/#breadcrumb"},"inLanguage":"it-IT","potentialAction":[{"@type":"ReadAction","target":["https:\/\/www.rassegnastampa-totustuus.it\/cattolica\/resistenza-italiana-la-vera-storia-delleccidio-di-porzus\/"]}]},{"@type":"ImageObject","inLanguage":"it-IT","@id":"https:\/\/www.rassegnastampa-totustuus.it\/cattolica\/resistenza-italiana-la-vera-storia-delleccidio-di-porzus\/#primaryimage","url":"https:\/\/www.rassegnastampa-totustuus.it\/cattolica\/wp-content\/uploads\/2005\/07\/Porzus.jpg","contentUrl":"https:\/\/www.rassegnastampa-totustuus.it\/cattolica\/wp-content\/uploads\/2005\/07\/Porzus.jpg","width":271,"height":186},{"@type":"BreadcrumbList","@id":"https:\/\/www.rassegnastampa-totustuus.it\/cattolica\/resistenza-italiana-la-vera-storia-delleccidio-di-porzus\/#breadcrumb","itemListElement":[{"@type":"ListItem","position":1,"name":"Home","item":"https:\/\/www.rassegnastampa-totustuus.it\/cattolica\/"},{"@type":"ListItem","position":2,"name":"Resistenza italiana: la vera storia dell\u2019eccidio di Porz\u00fbs"}]},{"@type":"WebSite","@id":"https:\/\/www.rassegnastampa-totustuus.it\/cattolica\/#website","url":"https:\/\/www.rassegnastampa-totustuus.it\/cattolica\/","name":"Rassegna Stampa Cattolica","description":"Per una cultura che nasce dalla Rivelazione cristiana in conformit\u00e0 alla tradizione e al Magistero della Chiesa in opposizione ad ogni relativismo e totalitarismo","publisher":{"@id":"https:\/\/www.rassegnastampa-totustuus.it\/cattolica\/#organization"},"alternateName":"Rass. Cattolica","potentialAction":[{"@type":"SearchAction","target":{"@type":"EntryPoint","urlTemplate":"https:\/\/www.rassegnastampa-totustuus.it\/cattolica\/?s={search_term_string}"},"query-input":{"@type":"PropertyValueSpecification","valueRequired":true,"valueName":"search_term_string"}}],"inLanguage":"it-IT"},{"@type":"Organization","@id":"https:\/\/www.rassegnastampa-totustuus.it\/cattolica\/#organization","name":"Rassegna Stampa Cattolica","url":"https:\/\/www.rassegnastampa-totustuus.it\/cattolica\/","logo":{"@type":"ImageObject","inLanguage":"it-IT","@id":"https:\/\/www.rassegnastampa-totustuus.it\/cattolica\/#\/schema\/logo\/image\/","url":"https:\/\/www.rassegnastampa-totustuus.it\/cattolica\/wp-content\/uploads\/2014\/04\/logo-rassegna1.gif","contentUrl":"https:\/\/www.rassegnastampa-totustuus.it\/cattolica\/wp-content\/uploads\/2014\/04\/logo-rassegna1.gif","width":600,"height":163,"caption":"Rassegna Stampa Cattolica"},"image":{"@id":"https:\/\/www.rassegnastampa-totustuus.it\/cattolica\/#\/schema\/logo\/image\/"},"sameAs":["https:\/\/www.facebook.com\/rassegnastampacattolica","https:\/\/x.com\/rassegnastampa9"]},{"@type":"Person","@id":"https:\/\/www.rassegnastampa-totustuus.it\/cattolica\/#\/schema\/person\/08f319d2bd1a0904ad9e2bfb7b15e5c3","name":"Redazione","image":{"@type":"ImageObject","inLanguage":"it-IT","@id":"https:\/\/secure.gravatar.com\/avatar\/2fcdf27c78ea025fbdb44e914cc63c72249ffec9dc8aafd5c82b26240ef3f346?s=96&d=mm&r=g","url":"https:\/\/secure.gravatar.com\/avatar\/2fcdf27c78ea025fbdb44e914cc63c72249ffec9dc8aafd5c82b26240ef3f346?s=96&d=mm&r=g","contentUrl":"https:\/\/secure.gravatar.com\/avatar\/2fcdf27c78ea025fbdb44e914cc63c72249ffec9dc8aafd5c82b26240ef3f346?s=96&d=mm&r=g","caption":"Redazione"},"url":"https:\/\/www.rassegnastampa-totustuus.it\/cattolica\/author\/pietroelle\/"}]}},"_links":{"self":[{"href":"https:\/\/www.rassegnastampa-totustuus.it\/cattolica\/wp-json\/wp\/v2\/posts\/62528","targetHints":{"allow":["GET"]}}],"collection":[{"href":"https:\/\/www.rassegnastampa-totustuus.it\/cattolica\/wp-json\/wp\/v2\/posts"}],"about":[{"href":"https:\/\/www.rassegnastampa-totustuus.it\/cattolica\/wp-json\/wp\/v2\/types\/post"}],"author":[{"embeddable":true,"href":"https:\/\/www.rassegnastampa-totustuus.it\/cattolica\/wp-json\/wp\/v2\/users\/6"}],"replies":[{"embeddable":true,"href":"https:\/\/www.rassegnastampa-totustuus.it\/cattolica\/wp-json\/wp\/v2\/comments?post=62528"}],"version-history":[{"count":3,"href":"https:\/\/www.rassegnastampa-totustuus.it\/cattolica\/wp-json\/wp\/v2\/posts\/62528\/revisions"}],"predecessor-version":[{"id":62532,"href":"https:\/\/www.rassegnastampa-totustuus.it\/cattolica\/wp-json\/wp\/v2\/posts\/62528\/revisions\/62532"}],"wp:featuredmedia":[{"embeddable":true,"href":"https:\/\/www.rassegnastampa-totustuus.it\/cattolica\/wp-json\/wp\/v2\/media\/32523"}],"wp:attachment":[{"href":"https:\/\/www.rassegnastampa-totustuus.it\/cattolica\/wp-json\/wp\/v2\/media?parent=62528"}],"wp:term":[{"taxonomy":"category","embeddable":true,"href":"https:\/\/www.rassegnastampa-totustuus.it\/cattolica\/wp-json\/wp\/v2\/categories?post=62528"},{"taxonomy":"post_tag","embeddable":true,"href":"https:\/\/www.rassegnastampa-totustuus.it\/cattolica\/wp-json\/wp\/v2\/tags?post=62528"}],"curies":[{"name":"wp","href":"https:\/\/api.w.org\/{rel}","templated":true}]}}